{"id":4207,"date":"2020-08-26T08:56:06","date_gmt":"2020-08-26T08:56:06","guid":{"rendered":"https:\/\/allasorias.hu\/hirek\/?p=4207"},"modified":"2020-08-26T08:56:21","modified_gmt":"2020-08-26T08:56:21","slug":"most-eloszor-csokkent-a-munkat-keresok-szama","status":"publish","type":"post","link":"https:\/\/allasorias.hu\/hirek\/most-eloszor-csokkent-a-munkat-keresok-szama\/","title":{"rendered":"Most el\u0151sz\u00f6r cs\u00f6kkent a munk\u00e1t keres\u0151k sz\u00e1ma"},"content":{"rendered":"<p><strong>Az idei \u00e9v j\u00falius\u00e1ban a j\u00e1rv\u00e1ny \u00f3ta el\u0151sz\u00f6r cs\u00f6kkent mintegy\u00a0 2,8 sz\u00e1zal\u00e9kkal az \u00e1ll\u00e1stkeres\u0151k sz\u00e1ma.A Nemzeti Foglalkoztat\u00e1si Szolg\u00e1lat (NFSZ) nyilv\u00e1ntart\u00e1s\u00e1ban j\u00falius v\u00e9g\u00e9n 365 800 \u00e1ll\u00e1skeres\u0151 szerepelt,\u00a0 10 500-zal kevesebb a j\u00faniusin\u00e1l. <\/strong><\/p>\n<p>J\u00faliusban a nyilv\u00e1ntartott \u00e1ll\u00e1skeres\u0151k ar\u00e1nya a gazdas\u00e1gilag akt\u00edv n\u00e9pess\u00e9ghez viszony\u00edtva 7,8 sz\u00e1zal\u00e9k volt, a munkav\u00e1llal\u00e1si kor\u00fa n\u00e9pess\u00e9ghez m\u00e9rt relat\u00edv r\u00e1ta pedig 5,5 sz\u00e1zal\u00e9k. A legalacsonyabb ar\u00e1nyt Budapesten m\u00e9rt\u00e9k. A m\u00falt h\u00f3napban 45 400 \u00e1ll\u00e1skeres\u0151 k\u00e9rte nyilv\u00e1ntart\u00e1sba v\u00e9tel\u00e9t a j\u00e1r\u00e1si, ker\u00fcleti hivataln\u00e1l, 16,2 sz\u00e1zal\u00e9kuk els\u0151 alkalommal regisztr\u00e1lt. Az \u00faj bel\u00e9p\u0151k sz\u00e1ma az el\u0151z\u0151 \u00e9v azonos id\u0151szak\u00e1hoz k\u00e9pest 31,0 sz\u00e1zal\u00e9kkal n\u0151tt. Az \u00e1ll\u00e1skeres\u0151k 7,7 sz\u00e1zal\u00e9ka, 28 300 volt p\u00e1lyakezd\u0151. A legt\u00f6bb \u00e1ll\u00e1skeres\u0151 p\u00e1lyakezd\u0151 fiatalt Borsod-Aba\u00faj-Zempl\u00e9n \u00e9s Szabolcs-Szatm\u00e1r-Bereg megy\u00e9ben tartott\u00e1k nyilv\u00e1n, de Hajd\u00fa-Bihar \u00e9s J\u00e1sz-Nagykun-Szolnok megy\u00e9ben is jelent\u0151s volt a sz\u00e1muk. Az \u00e1ll\u00e1skeres\u0151k 21,7 sz\u00e1zal\u00e9ka, 79 400 ember, t\u00f6bb mint egy \u00e9ve keresett munk\u00e1t, ez 13,1 sz\u00e1zal\u00e9kpontos n\u00f6veked\u00e9s az egy \u00e9vvel kor\u00e1bbihoz viszony\u00edtva. J\u00faliusban 53 500 volt a 25 \u00e9v alatti \u00e9s 81 000 az 55 \u00e9v feletti \u00e1ll\u00e1skeres\u0151k sz\u00e1ma, ar\u00e1nyuk 14,6, illetve 22,2 sz\u00e1zal\u00e9kot tett ki.A regisztr\u00e1lt \u00e1ll\u00e1skeres\u0151k 30,7 sz\u00e1zal\u00e9ka iskolai, \u00e9s OKJ-s szakk\u00e9pzetts\u00e9ggel sem rendelkezik, a szakk\u00e9pzetlen \u00e1ll\u00e1skeres\u0151k ar\u00e1nya Szabolcs-Szatm\u00e1r-Bereg, Borsod-Aba\u00faj-Zempl\u00e9n, \u00e9s J\u00e1sz-Nagykun-Szolnok megy\u00e9ben a legmagasabb. Az NFSZ adatai szerint j\u00faliusban t\u00f6bb mint 174 ezer \u00e1ll\u00e1skeres\u0151 volt jogosult p\u00e9nzbeli ell\u00e1t\u00e1sra, 57,4 sz\u00e1zal\u00e9kuk \u00e1ll\u00e1skeres\u00e9si ell\u00e1t\u00e1sban, a t\u00f6bbiek szoci\u00e1lis jelleg\u0171 t\u00e1mogat\u00e1sban r\u00e9szes\u00fcltek. Az \u00e1ll\u00e1skeres\u0151k 52,2 sz\u00e1zal\u00e9ka semmilyen p\u00e9nzbeli t\u00e1mogat\u00e1st nem kapott. Az \u00e9v hetedik h\u00f3napj\u00e1ban a foglalkoztat\u00f3k 63 100 \u00fcres \u00e1ll\u00e1shelyet jelentettek be, ezek 81,7 sz\u00e1zal\u00e9k\u00e1hoz ig\u00e9nyeltek t\u00e1mogat\u00e1st. Az \u00fajonnan bejelentett t\u00e1mogatott \u00e1ll\u00e1shelyek sz\u00e1ma 51 600 volt, amelynek 23,9 sz\u00e1zal\u00e9ka a k\u00f6zfoglalkoztat\u00e1shoz tartozott. J\u00faliusban 122 500 \u00e1ll\u00e1slehet\u0151s\u00e9g \u00e1llt rendelkez\u00e9sre, amelyb\u0151l 78 700 bet\u00f6ltetlen maradt. A foglalkoztat\u00f3k egy h\u00f3nap alatt 1575 munkav\u00e1llal\u00f3 csoportos l\u00e9tsz\u00e1mle\u00e9p\u00edt\u00e9s\u00e9t jelentett\u00e9k be. Az elbocs\u00e1t\u00e1sok a szektorok k\u00f6z\u00fcl els\u0151sorban az \u00e9lelmiszer jelleg\u0171 bolti vegyes kiskereskedelmet, a h\u00e1ztart\u00e1si villamos k\u00e9sz\u00fcl\u00e9k gy\u00e1rt\u00e1s\u00e1t, a k\u00f6z\u00fati \u00e1rusz\u00e1ll\u00edt\u00e1st, az egy\u00e9b sz\u00e1ll\u00edt\u00e1st kieg\u00e9sz\u00edt\u0151 szolg\u00e1ltat\u00e1st, az egy\u00e9b speci\u00e1lis g\u00e9p gy\u00e1rt\u00e1s\u00e1t, a rep\u00fcl\u0151g\u00e9p, \u0171rhaj\u00f3 jav\u00edt\u00e1s\u00e1t, a sz\u00e1mviteli, k\u00f6nyvvizsg\u00e1l\u00f3i, ad\u00f3szak\u00e9rt\u0151i tev\u00e9kenys\u00e9get, az egy\u00e9b hitelny\u00fajt\u00e1st \u00e9s a k\u0151olaj-, f\u00f6ldg\u00e1z-kitermel\u00e9si szolg\u00e1ltat\u00e1st \u00e9rintett\u00e9k, f\u0151k\u00e9nt Pest, B\u00e1cs-Kiskun, J\u00e1sz-Nagykun-Szolnok, Zala megy\u00e9ben, valamint a f\u0151v\u00e1rosban.<\/p>\n<p>Forr\u00e1s: penzcentrum.hu<\/p>\n","protected":false},"excerpt":{"rendered":"<p>Az idei \u00e9v j\u00falius\u00e1ban a j\u00e1rv\u00e1ny \u00f3ta el\u0151sz\u00f6r cs\u00f6kkent mintegy\u00a0 2,8 sz\u00e1zal\u00e9kkal az \u00e1ll\u00e1stkeres\u0151k sz\u00e1ma.A Nemzeti Foglalkoztat\u00e1si Szolg\u00e1lat (NFSZ) nyilv\u00e1ntart\u00e1s\u00e1ban j\u00falius v\u00e9g\u00e9n 365 800 \u00e1ll\u00e1skeres\u0151 szerepelt,\u00a0 10 500-zal kevesebb a j\u00faniusin\u00e1l. J\u00faliusban a nyilv\u00e1ntartott \u00e1ll\u00e1skeres\u0151k ar\u00e1nya a gazdas\u00e1gilag akt\u00edv n\u00e9pess\u00e9ghez viszony\u00edtva 7,8 sz\u00e1zal\u00e9k volt, a munkav\u00e1llal\u00e1si kor\u00fa n\u00e9pess\u00e9ghez m\u00e9rt relat\u00edv r\u00e1ta pedig 5,5 sz\u00e1zal\u00e9k. A [&hellip;]<\/p>\n","protected":false},"author":1,"featured_media":4208,"comment_status":"open","ping_status":"open","sticky":false,"template":"","format":"standard","meta":{"_monsterinsights_skip_tracking":false,"footnotes":""},"categories":[200],"tags":[],"class_list":["post-4207","post","type-post","status-publish","format-standard","has-post-thumbnail","hentry","category-munkaeropiac"],"aioseo_notices":[],"aioseo_head":"\n\t\t<!-- All in One SEO 5.0.0.1 - aioseo.com -->\n\t<meta name=\"description\" content=\"Az idei \u00e9v j\u00falius\u00e1ban a j\u00e1rv\u00e1ny \u00f3ta el\u0151sz\u00f6r cs\u00f6kkent mintegy 2,8 sz\u00e1zal\u00e9kkal az \u00e1ll\u00e1stkeres\u0151k sz\u00e1ma.A Nemzeti Foglalkoztat\u00e1si Szolg\u00e1lat (NFSZ) nyilv\u00e1ntart\u00e1s\u00e1ban j\u00falius v\u00e9g\u00e9n 365 800 \u00e1ll\u00e1skeres\u0151 szerepelt, 10 500-zal kevesebb a j\u00faniusin\u00e1l. J\u00faliusban a nyilv\u00e1ntartott \u00e1ll\u00e1skeres\u0151k ar\u00e1nya a gazdas\u00e1gilag akt\u00edv n\u00e9pess\u00e9ghez viszony\u00edtva 7,8 sz\u00e1zal\u00e9k volt, a munkav\u00e1llal\u00e1si kor\u00fa n\u00e9pess\u00e9ghez m\u00e9rt relat\u00edv r\u00e1ta pedig 5,5 sz\u00e1zal\u00e9k. A\" \/>\n\t<meta name=\"robots\" content=\"max-image-preview:large\" \/>\n\t<meta name=\"author\" content=\"Juh\u00e1sz P\u00e9ter\"\/>\n\t<link rel=\"canonical\" href=\"https:\/\/allasorias.hu\/hirek\/most-eloszor-csokkent-a-munkat-keresok-szama\/\" \/>\n\t<meta name=\"generator\" content=\"All in One SEO (AIOSEO) 5.0.0.1\" \/>\n\t\t<meta property=\"og:locale\" content=\"hu_HU\" \/>\n\t\t<meta property=\"og:site_name\" content=\"AllasOrias.hu | H\u00edrek-lapszemle | \u00dczleti h\u00edrek az \u00e1ll\u00e1s \u00e9s a munka vil\u00e1g\u00e1b\u00f3l\" \/>\n\t\t<meta property=\"og:type\" content=\"article\" \/>\n\t\t<meta property=\"og:title\" content=\"Most el\u0151sz\u00f6r cs\u00f6kkent a munk\u00e1t keres\u0151k sz\u00e1ma | AllasOrias.hu | H\u00edrek-lapszemle\" \/>\n\t\t<meta property=\"og:description\" content=\"Az idei \u00e9v j\u00falius\u00e1ban a j\u00e1rv\u00e1ny \u00f3ta el\u0151sz\u00f6r cs\u00f6kkent mintegy 2,8 sz\u00e1zal\u00e9kkal az \u00e1ll\u00e1stkeres\u0151k sz\u00e1ma.A Nemzeti Foglalkoztat\u00e1si Szolg\u00e1lat (NFSZ) nyilv\u00e1ntart\u00e1s\u00e1ban j\u00falius v\u00e9g\u00e9n 365 800 \u00e1ll\u00e1skeres\u0151 szerepelt, 10 500-zal kevesebb a j\u00faniusin\u00e1l. J\u00faliusban a nyilv\u00e1ntartott \u00e1ll\u00e1skeres\u0151k ar\u00e1nya a gazdas\u00e1gilag akt\u00edv n\u00e9pess\u00e9ghez viszony\u00edtva 7,8 sz\u00e1zal\u00e9k volt, a munkav\u00e1llal\u00e1si kor\u00fa n\u00e9pess\u00e9ghez m\u00e9rt relat\u00edv r\u00e1ta pedig 5,5 sz\u00e1zal\u00e9k. A\" \/>\n\t\t<meta property=\"og:url\" content=\"https:\/\/allasorias.hu\/hirek\/most-eloszor-csokkent-a-munkat-keresok-szama\/\" \/>\n\t\t<meta property=\"og:image\" content=\"https:\/\/allasorias.hu\/hirek\/wp-content\/uploads\/2020\/08\/698161723470c67d30da2d05a62d-1584859.jpg\" \/>\n\t\t<meta property=\"og:image:secure_url\" content=\"https:\/\/allasorias.hu\/hirek\/wp-content\/uploads\/2020\/08\/698161723470c67d30da2d05a62d-1584859.jpg\" \/>\n\t\t<meta property=\"og:image:width\" content=\"1200\" \/>\n\t\t<meta property=\"og:image:height\" content=\"773\" \/>\n\t\t<meta property=\"article:published_time\" content=\"2020-08-26T08:56:06+00:00\" \/>\n\t\t<meta property=\"article:modified_time\" content=\"2020-08-26T08:56:21+00:00\" \/>\n\t\t<meta property=\"article:publisher\" content=\"https:\/\/www.facebook.com\/allasorias\" \/>\n\t\t<meta name=\"twitter:card\" content=\"summary_large_image\" \/>\n\t\t<meta name=\"twitter:title\" content=\"Most el\u0151sz\u00f6r cs\u00f6kkent a munk\u00e1t keres\u0151k sz\u00e1ma | AllasOrias.hu | H\u00edrek-lapszemle\" \/>\n\t\t<meta name=\"twitter:description\" content=\"Az idei \u00e9v j\u00falius\u00e1ban a j\u00e1rv\u00e1ny \u00f3ta el\u0151sz\u00f6r cs\u00f6kkent mintegy 2,8 sz\u00e1zal\u00e9kkal az \u00e1ll\u00e1stkeres\u0151k sz\u00e1ma.A Nemzeti Foglalkoztat\u00e1si Szolg\u00e1lat (NFSZ) nyilv\u00e1ntart\u00e1s\u00e1ban j\u00falius v\u00e9g\u00e9n 365 800 \u00e1ll\u00e1skeres\u0151 szerepelt, 10 500-zal kevesebb a j\u00faniusin\u00e1l. J\u00faliusban a nyilv\u00e1ntartott \u00e1ll\u00e1skeres\u0151k ar\u00e1nya a gazdas\u00e1gilag akt\u00edv n\u00e9pess\u00e9ghez viszony\u00edtva 7,8 sz\u00e1zal\u00e9k volt, a munkav\u00e1llal\u00e1si kor\u00fa n\u00e9pess\u00e9ghez m\u00e9rt relat\u00edv r\u00e1ta pedig 5,5 sz\u00e1zal\u00e9k. A\" \/>\n\t\t<meta name=\"twitter:image\" content=\"https:\/\/allasorias.hu\/hirek\/wp-content\/uploads\/2020\/08\/698161723470c67d30da2d05a62d-1584859.jpg\" \/>\n\t\t<meta name=\"twitter:label1\" content=\"Written by\" \/>\n\t\t<meta name=\"twitter:data1\" content=\"Juh\u00e1sz P\u00e9ter\" \/>\n\t\t<meta name=\"twitter:label2\" content=\"Est. reading time\" \/>\n\t\t<meta name=\"twitter:data2\" content=\"3 minutes\" \/>\n\t\t<script type=\"application\/ld+json\" class=\"aioseo-schema\">\n\t\t\t{\"@context\":\"https:\\\/\\\/schema.org\",\"@graph\":[{\"@type\":\"Article\",\"@id\":\"https:\\\/\\\/allasorias.hu\\\/hirek\\\/most-eloszor-csokkent-a-munkat-keresok-szama\\\/#article\",\"name\":\"Most el\\u0151sz\\u00f6r cs\\u00f6kkent a munk\\u00e1t keres\\u0151k sz\\u00e1ma | AllasOrias.hu | H\\u00edrek-lapszemle\",\"headline\":\"Most el\\u0151sz\\u00f6r cs\\u00f6kkent a munk\\u00e1t keres\\u0151k sz\\u00e1ma\",\"author\":{\"@id\":\"https:\\\/\\\/allasorias.hu\\\/hirek\\\/author\\\/admin-allasorias\\\/#author\"},\"publisher\":{\"@id\":\"https:\\\/\\\/allasorias.hu\\\/hirek\\\/#organization\"},\"image\":{\"@type\":\"ImageObject\",\"url\":\"https:\\\/\\\/allasorias.hu\\\/hirek\\\/wp-content\\\/uploads\\\/2020\\\/08\\\/698161723470c67d30da2d05a62d-1584859.jpg\",\"width\":1200,\"height\":773},\"datePublished\":\"2020-08-26T08:56:06+02:00\",\"dateModified\":\"2020-08-26T08:56:21+02:00\",\"inLanguage\":\"hu-HU\",\"mainEntityOfPage\":{\"@id\":\"https:\\\/\\\/allasorias.hu\\\/hirek\\\/most-eloszor-csokkent-a-munkat-keresok-szama\\\/#webpage\"},\"isPartOf\":{\"@id\":\"https:\\\/\\\/allasorias.hu\\\/hirek\\\/most-eloszor-csokkent-a-munkat-keresok-szama\\\/#webpage\"},\"articleSection\":\"Munkaer\\u0151piac\"},{\"@type\":\"BreadcrumbList\",\"@id\":\"https:\\\/\\\/allasorias.hu\\\/hirek\\\/most-eloszor-csokkent-a-munkat-keresok-szama\\\/#breadcrumblist\",\"itemListElement\":[{\"@type\":\"ListItem\",\"@id\":\"https:\\\/\\\/allasorias.hu\\\/hirek#listItem\",\"position\":1,\"name\":\"Home\",\"item\":\"https:\\\/\\\/allasorias.hu\\\/hirek\",\"nextItem\":{\"@type\":\"ListItem\",\"@id\":\"https:\\\/\\\/allasorias.hu\\\/hirek\\\/temak\\\/munkaeropiac\\\/#listItem\",\"name\":\"Munkaer\\u0151piac\"}},{\"@type\":\"ListItem\",\"@id\":\"https:\\\/\\\/allasorias.hu\\\/hirek\\\/temak\\\/munkaeropiac\\\/#listItem\",\"position\":2,\"name\":\"Munkaer\\u0151piac\",\"item\":\"https:\\\/\\\/allasorias.hu\\\/hirek\\\/temak\\\/munkaeropiac\\\/\",\"nextItem\":{\"@type\":\"ListItem\",\"@id\":\"https:\\\/\\\/allasorias.hu\\\/hirek\\\/most-eloszor-csokkent-a-munkat-keresok-szama\\\/#listItem\",\"name\":\"Most el\\u0151sz\\u00f6r cs\\u00f6kkent a munk\\u00e1t keres\\u0151k sz\\u00e1ma\"},\"previousItem\":{\"@type\":\"ListItem\",\"@id\":\"https:\\\/\\\/allasorias.hu\\\/hirek#listItem\",\"name\":\"Home\"}},{\"@type\":\"ListItem\",\"@id\":\"https:\\\/\\\/allasorias.hu\\\/hirek\\\/most-eloszor-csokkent-a-munkat-keresok-szama\\\/#listItem\",\"position\":3,\"name\":\"Most el\\u0151sz\\u00f6r cs\\u00f6kkent a munk\\u00e1t keres\\u0151k sz\\u00e1ma\",\"previousItem\":{\"@type\":\"ListItem\",\"@id\":\"https:\\\/\\\/allasorias.hu\\\/hirek\\\/temak\\\/munkaeropiac\\\/#listItem\",\"name\":\"Munkaer\\u0151piac\"}}]},{\"@type\":\"Organization\",\"@id\":\"https:\\\/\\\/allasorias.hu\\\/hirek\\\/#organization\",\"name\":\"AllasOrias.hu | H\\u00edrek-lapszemle\",\"description\":\"\\u00dczleti h\\u00edrek az \\u00e1ll\\u00e1s \\u00e9s a munka vil\\u00e1g\\u00e1b\\u00f3l\",\"url\":\"https:\\\/\\\/allasorias.hu\\\/hirek\\\/\",\"logo\":{\"@type\":\"ImageObject\",\"url\":\"https:\\\/\\\/allasorias.hu\\\/hirek\\\/wp-content\\\/uploads\\\/2022\\\/10\\\/allasorias_site_facebok_logo.png\",\"@id\":\"https:\\\/\\\/allasorias.hu\\\/hirek\\\/most-eloszor-csokkent-a-munkat-keresok-szama\\\/#organizationLogo\"},\"image\":{\"@id\":\"https:\\\/\\\/allasorias.hu\\\/hirek\\\/most-eloszor-csokkent-a-munkat-keresok-szama\\\/#organizationLogo\"},\"sameAs\":[\"https:\\\/\\\/www.facebook.com\\\/allasorias\",\"https:\\\/\\\/www.linkedin.com\\\/company\\\/allasorias\"]},{\"@type\":\"Person\",\"@id\":\"https:\\\/\\\/allasorias.hu\\\/hirek\\\/author\\\/admin-allasorias\\\/#author\",\"url\":\"https:\\\/\\\/allasorias.hu\\\/hirek\\\/author\\\/admin-allasorias\\\/\",\"name\":\"Juh\\u00e1sz P\\u00e9ter\",\"image\":{\"@type\":\"ImageObject\",\"@id\":\"https:\\\/\\\/allasorias.hu\\\/hirek\\\/most-eloszor-csokkent-a-munkat-keresok-szama\\\/#authorImage\",\"url\":\"https:\\\/\\\/secure.gravatar.com\\\/avatar\\\/36e6bcb83148978b992977cb0f54d22feb0cce8a0a849a9410532bb2623ba4c6?s=96&d=mm&r=g\",\"width\":96,\"height\":96,\"caption\":\"Juh\\u00e1sz P\\u00e9ter\"}},{\"@type\":\"WebPage\",\"@id\":\"https:\\\/\\\/allasorias.hu\\\/hirek\\\/most-eloszor-csokkent-a-munkat-keresok-szama\\\/#webpage\",\"url\":\"https:\\\/\\\/allasorias.hu\\\/hirek\\\/most-eloszor-csokkent-a-munkat-keresok-szama\\\/\",\"name\":\"Most el\\u0151sz\\u00f6r cs\\u00f6kkent a munk\\u00e1t keres\\u0151k sz\\u00e1ma | AllasOrias.hu | H\\u00edrek-lapszemle\",\"description\":\"Az idei \\u00e9v j\\u00falius\\u00e1ban a j\\u00e1rv\\u00e1ny \\u00f3ta el\\u0151sz\\u00f6r cs\\u00f6kkent mintegy 2,8 sz\\u00e1zal\\u00e9kkal az \\u00e1ll\\u00e1stkeres\\u0151k sz\\u00e1ma.A Nemzeti Foglalkoztat\\u00e1si Szolg\\u00e1lat (NFSZ) nyilv\\u00e1ntart\\u00e1s\\u00e1ban j\\u00falius v\\u00e9g\\u00e9n 365 800 \\u00e1ll\\u00e1skeres\\u0151 szerepelt, 10 500-zal kevesebb a j\\u00faniusin\\u00e1l. J\\u00faliusban a nyilv\\u00e1ntartott \\u00e1ll\\u00e1skeres\\u0151k ar\\u00e1nya a gazdas\\u00e1gilag akt\\u00edv n\\u00e9pess\\u00e9ghez viszony\\u00edtva 7,8 sz\\u00e1zal\\u00e9k volt, a munkav\\u00e1llal\\u00e1si kor\\u00fa n\\u00e9pess\\u00e9ghez m\\u00e9rt relat\\u00edv r\\u00e1ta pedig 5,5 sz\\u00e1zal\\u00e9k. A\",\"inLanguage\":\"hu-HU\",\"isPartOf\":{\"@id\":\"https:\\\/\\\/allasorias.hu\\\/hirek\\\/#website\"},\"breadcrumb\":{\"@id\":\"https:\\\/\\\/allasorias.hu\\\/hirek\\\/most-eloszor-csokkent-a-munkat-keresok-szama\\\/#breadcrumblist\"},\"author\":{\"@id\":\"https:\\\/\\\/allasorias.hu\\\/hirek\\\/author\\\/admin-allasorias\\\/#author\"},\"creator\":{\"@id\":\"https:\\\/\\\/allasorias.hu\\\/hirek\\\/author\\\/admin-allasorias\\\/#author\"},\"image\":{\"@type\":\"ImageObject\",\"url\":\"https:\\\/\\\/allasorias.hu\\\/hirek\\\/wp-content\\\/uploads\\\/2020\\\/08\\\/698161723470c67d30da2d05a62d-1584859.jpg\",\"@id\":\"https:\\\/\\\/allasorias.hu\\\/hirek\\\/most-eloszor-csokkent-a-munkat-keresok-szama\\\/#mainImage\",\"width\":1200,\"height\":773},\"primaryImageOfPage\":{\"@id\":\"https:\\\/\\\/allasorias.hu\\\/hirek\\\/most-eloszor-csokkent-a-munkat-keresok-szama\\\/#mainImage\"},\"datePublished\":\"2020-08-26T08:56:06+02:00\",\"dateModified\":\"2020-08-26T08:56:21+02:00\"},{\"@type\":\"WebSite\",\"@id\":\"https:\\\/\\\/allasorias.hu\\\/hirek\\\/#website\",\"url\":\"https:\\\/\\\/allasorias.hu\\\/hirek\\\/\",\"name\":\"AllasOrias.hu | H\\u00edrek-lapszemle\",\"description\":\"\\u00dczleti h\\u00edrek az \\u00e1ll\\u00e1s \\u00e9s a munka vil\\u00e1g\\u00e1b\\u00f3l\",\"inLanguage\":\"hu-HU\",\"publisher\":{\"@id\":\"https:\\\/\\\/allasorias.hu\\\/hirek\\\/#organization\"}}]}\n\t\t<\/script>\n\t\t<!-- All in One SEO -->\n\n","aioseo_head_json":{"title":"Most el\u0151sz\u00f6r cs\u00f6kkent a munk\u00e1t keres\u0151k sz\u00e1ma | AllasOrias.hu | H\u00edrek-lapszemle","description":"Az idei \u00e9v j\u00falius\u00e1ban a j\u00e1rv\u00e1ny \u00f3ta el\u0151sz\u00f6r cs\u00f6kkent mintegy 2,8 sz\u00e1zal\u00e9kkal az \u00e1ll\u00e1stkeres\u0151k sz\u00e1ma.A Nemzeti Foglalkoztat\u00e1si Szolg\u00e1lat (NFSZ) nyilv\u00e1ntart\u00e1s\u00e1ban j\u00falius v\u00e9g\u00e9n 365 800 \u00e1ll\u00e1skeres\u0151 szerepelt, 10 500-zal kevesebb a j\u00faniusin\u00e1l. J\u00faliusban a nyilv\u00e1ntartott \u00e1ll\u00e1skeres\u0151k ar\u00e1nya a gazdas\u00e1gilag akt\u00edv n\u00e9pess\u00e9ghez viszony\u00edtva 7,8 sz\u00e1zal\u00e9k volt, a munkav\u00e1llal\u00e1si kor\u00fa n\u00e9pess\u00e9ghez m\u00e9rt relat\u00edv r\u00e1ta pedig 5,5 sz\u00e1zal\u00e9k. A","canonical_url":"https:\/\/allasorias.hu\/hirek\/most-eloszor-csokkent-a-munkat-keresok-szama\/","robots":"max-image-preview:large","keywords":"","webmasterTools":{"miscellaneous":""},"schema":{"@context":"https:\/\/schema.org","@graph":[{"@type":"Article","@id":"https:\/\/allasorias.hu\/hirek\/most-eloszor-csokkent-a-munkat-keresok-szama\/#article","name":"Most el\u0151sz\u00f6r cs\u00f6kkent a munk\u00e1t keres\u0151k sz\u00e1ma | AllasOrias.hu | H\u00edrek-lapszemle","headline":"Most el\u0151sz\u00f6r cs\u00f6kkent a munk\u00e1t keres\u0151k sz\u00e1ma","author":{"@id":"https:\/\/allasorias.hu\/hirek\/author\/admin-allasorias\/#author"},"publisher":{"@id":"https:\/\/allasorias.hu\/hirek\/#organization"},"image":{"@type":"ImageObject","url":"https:\/\/allasorias.hu\/hirek\/wp-content\/uploads\/2020\/08\/698161723470c67d30da2d05a62d-1584859.jpg","width":1200,"height":773},"datePublished":"2020-08-26T08:56:06+02:00","dateModified":"2020-08-26T08:56:21+02:00","inLanguage":"hu-HU","mainEntityOfPage":{"@id":"https:\/\/allasorias.hu\/hirek\/most-eloszor-csokkent-a-munkat-keresok-szama\/#webpage"},"isPartOf":{"@id":"https:\/\/allasorias.hu\/hirek\/most-eloszor-csokkent-a-munkat-keresok-szama\/#webpage"},"articleSection":"Munkaer\u0151piac"},{"@type":"BreadcrumbList","@id":"https:\/\/allasorias.hu\/hirek\/most-eloszor-csokkent-a-munkat-keresok-szama\/#breadcrumblist","itemListElement":[{"@type":"ListItem","@id":"https:\/\/allasorias.hu\/hirek#listItem","position":1,"name":"Home","item":"https:\/\/allasorias.hu\/hirek","nextItem":{"@type":"ListItem","@id":"https:\/\/allasorias.hu\/hirek\/temak\/munkaeropiac\/#listItem","name":"Munkaer\u0151piac"}},{"@type":"ListItem","@id":"https:\/\/allasorias.hu\/hirek\/temak\/munkaeropiac\/#listItem","position":2,"name":"Munkaer\u0151piac","item":"https:\/\/allasorias.hu\/hirek\/temak\/munkaeropiac\/","nextItem":{"@type":"ListItem","@id":"https:\/\/allasorias.hu\/hirek\/most-eloszor-csokkent-a-munkat-keresok-szama\/#listItem","name":"Most el\u0151sz\u00f6r cs\u00f6kkent a munk\u00e1t keres\u0151k sz\u00e1ma"},"previousItem":{"@type":"ListItem","@id":"https:\/\/allasorias.hu\/hirek#listItem","name":"Home"}},{"@type":"ListItem","@id":"https:\/\/allasorias.hu\/hirek\/most-eloszor-csokkent-a-munkat-keresok-szama\/#listItem","position":3,"name":"Most el\u0151sz\u00f6r cs\u00f6kkent a munk\u00e1t keres\u0151k sz\u00e1ma","previousItem":{"@type":"ListItem","@id":"https:\/\/allasorias.hu\/hirek\/temak\/munkaeropiac\/#listItem","name":"Munkaer\u0151piac"}}]},{"@type":"Organization","@id":"https:\/\/allasorias.hu\/hirek\/#organization","name":"AllasOrias.hu | H\u00edrek-lapszemle","description":"\u00dczleti h\u00edrek az \u00e1ll\u00e1s \u00e9s a munka vil\u00e1g\u00e1b\u00f3l","url":"https:\/\/allasorias.hu\/hirek\/","logo":{"@type":"ImageObject","url":"https:\/\/allasorias.hu\/hirek\/wp-content\/uploads\/2022\/10\/allasorias_site_facebok_logo.png","@id":"https:\/\/allasorias.hu\/hirek\/most-eloszor-csokkent-a-munkat-keresok-szama\/#organizationLogo"},"image":{"@id":"https:\/\/allasorias.hu\/hirek\/most-eloszor-csokkent-a-munkat-keresok-szama\/#organizationLogo"},"sameAs":["https:\/\/www.facebook.com\/allasorias","https:\/\/www.linkedin.com\/company\/allasorias"]},{"@type":"Person","@id":"https:\/\/allasorias.hu\/hirek\/author\/admin-allasorias\/#author","url":"https:\/\/allasorias.hu\/hirek\/author\/admin-allasorias\/","name":"Juh\u00e1sz P\u00e9ter","image":{"@type":"ImageObject","@id":"https:\/\/allasorias.hu\/hirek\/most-eloszor-csokkent-a-munkat-keresok-szama\/#authorImage","url":"https:\/\/secure.gravatar.com\/avatar\/36e6bcb83148978b992977cb0f54d22feb0cce8a0a849a9410532bb2623ba4c6?s=96&d=mm&r=g","width":96,"height":96,"caption":"Juh\u00e1sz P\u00e9ter"}},{"@type":"WebPage","@id":"https:\/\/allasorias.hu\/hirek\/most-eloszor-csokkent-a-munkat-keresok-szama\/#webpage","url":"https:\/\/allasorias.hu\/hirek\/most-eloszor-csokkent-a-munkat-keresok-szama\/","name":"Most el\u0151sz\u00f6r cs\u00f6kkent a munk\u00e1t keres\u0151k sz\u00e1ma | AllasOrias.hu | H\u00edrek-lapszemle","description":"Az idei \u00e9v j\u00falius\u00e1ban a j\u00e1rv\u00e1ny \u00f3ta el\u0151sz\u00f6r cs\u00f6kkent mintegy 2,8 sz\u00e1zal\u00e9kkal az \u00e1ll\u00e1stkeres\u0151k sz\u00e1ma.A Nemzeti Foglalkoztat\u00e1si Szolg\u00e1lat (NFSZ) nyilv\u00e1ntart\u00e1s\u00e1ban j\u00falius v\u00e9g\u00e9n 365 800 \u00e1ll\u00e1skeres\u0151 szerepelt, 10 500-zal kevesebb a j\u00faniusin\u00e1l. J\u00faliusban a nyilv\u00e1ntartott \u00e1ll\u00e1skeres\u0151k ar\u00e1nya a gazdas\u00e1gilag akt\u00edv n\u00e9pess\u00e9ghez viszony\u00edtva 7,8 sz\u00e1zal\u00e9k volt, a munkav\u00e1llal\u00e1si kor\u00fa n\u00e9pess\u00e9ghez m\u00e9rt relat\u00edv r\u00e1ta pedig 5,5 sz\u00e1zal\u00e9k. A","inLanguage":"hu-HU","isPartOf":{"@id":"https:\/\/allasorias.hu\/hirek\/#website"},"breadcrumb":{"@id":"https:\/\/allasorias.hu\/hirek\/most-eloszor-csokkent-a-munkat-keresok-szama\/#breadcrumblist"},"author":{"@id":"https:\/\/allasorias.hu\/hirek\/author\/admin-allasorias\/#author"},"creator":{"@id":"https:\/\/allasorias.hu\/hirek\/author\/admin-allasorias\/#author"},"image":{"@type":"ImageObject","url":"https:\/\/allasorias.hu\/hirek\/wp-content\/uploads\/2020\/08\/698161723470c67d30da2d05a62d-1584859.jpg","@id":"https:\/\/allasorias.hu\/hirek\/most-eloszor-csokkent-a-munkat-keresok-szama\/#mainImage","width":1200,"height":773},"primaryImageOfPage":{"@id":"https:\/\/allasorias.hu\/hirek\/most-eloszor-csokkent-a-munkat-keresok-szama\/#mainImage"},"datePublished":"2020-08-26T08:56:06+02:00","dateModified":"2020-08-26T08:56:21+02:00"},{"@type":"WebSite","@id":"https:\/\/allasorias.hu\/hirek\/#website","url":"https:\/\/allasorias.hu\/hirek\/","name":"AllasOrias.hu | H\u00edrek-lapszemle","description":"\u00dczleti h\u00edrek az \u00e1ll\u00e1s \u00e9s a munka vil\u00e1g\u00e1b\u00f3l","inLanguage":"hu-HU","publisher":{"@id":"https:\/\/allasorias.hu\/hirek\/#organization"}}]},"og:locale":"hu_HU","og:site_name":"AllasOrias.hu | H\u00edrek-lapszemle | \u00dczleti h\u00edrek az \u00e1ll\u00e1s \u00e9s a munka vil\u00e1g\u00e1b\u00f3l","og:type":"article","og:title":"Most el\u0151sz\u00f6r cs\u00f6kkent a munk\u00e1t keres\u0151k sz\u00e1ma | AllasOrias.hu | H\u00edrek-lapszemle","og:description":"Az idei \u00e9v j\u00falius\u00e1ban a j\u00e1rv\u00e1ny \u00f3ta el\u0151sz\u00f6r cs\u00f6kkent mintegy 2,8 sz\u00e1zal\u00e9kkal az \u00e1ll\u00e1stkeres\u0151k sz\u00e1ma.A Nemzeti Foglalkoztat\u00e1si Szolg\u00e1lat (NFSZ) nyilv\u00e1ntart\u00e1s\u00e1ban j\u00falius v\u00e9g\u00e9n 365 800 \u00e1ll\u00e1skeres\u0151 szerepelt, 10 500-zal kevesebb a j\u00faniusin\u00e1l. J\u00faliusban a nyilv\u00e1ntartott \u00e1ll\u00e1skeres\u0151k ar\u00e1nya a gazdas\u00e1gilag akt\u00edv n\u00e9pess\u00e9ghez viszony\u00edtva 7,8 sz\u00e1zal\u00e9k volt, a munkav\u00e1llal\u00e1si kor\u00fa n\u00e9pess\u00e9ghez m\u00e9rt relat\u00edv r\u00e1ta pedig 5,5 sz\u00e1zal\u00e9k. A","og:url":"https:\/\/allasorias.hu\/hirek\/most-eloszor-csokkent-a-munkat-keresok-szama\/","og:image":"https:\/\/allasorias.hu\/hirek\/wp-content\/uploads\/2020\/08\/698161723470c67d30da2d05a62d-1584859.jpg","og:image:secure_url":"https:\/\/allasorias.hu\/hirek\/wp-content\/uploads\/2020\/08\/698161723470c67d30da2d05a62d-1584859.jpg","og:image:width":1200,"og:image:height":773,"article:published_time":"2020-08-26T08:56:06+00:00","article:modified_time":"2020-08-26T08:56:21+00:00","article:publisher":"https:\/\/www.facebook.com\/allasorias","twitter:card":"summary_large_image","twitter:title":"Most el\u0151sz\u00f6r cs\u00f6kkent a munk\u00e1t keres\u0151k sz\u00e1ma | AllasOrias.hu | H\u00edrek-lapszemle","twitter:description":"Az idei \u00e9v j\u00falius\u00e1ban a j\u00e1rv\u00e1ny \u00f3ta el\u0151sz\u00f6r cs\u00f6kkent mintegy 2,8 sz\u00e1zal\u00e9kkal az \u00e1ll\u00e1stkeres\u0151k sz\u00e1ma.A Nemzeti Foglalkoztat\u00e1si Szolg\u00e1lat (NFSZ) nyilv\u00e1ntart\u00e1s\u00e1ban j\u00falius v\u00e9g\u00e9n 365 800 \u00e1ll\u00e1skeres\u0151 szerepelt, 10 500-zal kevesebb a j\u00faniusin\u00e1l. J\u00faliusban a nyilv\u00e1ntartott \u00e1ll\u00e1skeres\u0151k ar\u00e1nya a gazdas\u00e1gilag akt\u00edv n\u00e9pess\u00e9ghez viszony\u00edtva 7,8 sz\u00e1zal\u00e9k volt, a munkav\u00e1llal\u00e1si kor\u00fa n\u00e9pess\u00e9ghez m\u00e9rt relat\u00edv r\u00e1ta pedig 5,5 sz\u00e1zal\u00e9k. A","twitter:image":"https:\/\/allasorias.hu\/hirek\/wp-content\/uploads\/2020\/08\/698161723470c67d30da2d05a62d-1584859.jpg","twitter:label1":"Written by","twitter:data1":"Juh\u00e1sz P\u00e9ter","twitter:label2":"Est. reading time","twitter:data2":"3 minutes"},"aioseo_meta_data":{"post_id":"4207","title":null,"description":"","keywords":"","keyphrases":null,"primary_term":null,"canonical_url":"","og_title":null,"og_description":null,"og_object_type":"default","og_image_type":"default","og_image_url":null,"og_image_width":null,"og_image_height":null,"og_image_custom_url":null,"og_image_custom_fields":null,"og_video":null,"og_custom_url":null,"og_article_section":null,"og_article_tags":null,"twitter_use_og":false,"twitter_card":"default","twitter_image_type":"default","twitter_image_url":null,"twitter_image_custom_url":null,"twitter_image_custom_fields":null,"twitter_title":null,"twitter_description":null,"schema":{"blockGraphs":[],"customGraphs":[],"default":{"data":{"Article":[],"Course":[],"Dataset":[],"FAQPage":[],"Movie":[],"Person":[],"Product":[],"ProductReview":[],"Car":[],"Recipe":[],"Service":[],"SoftwareApplication":[],"WebPage":[]},"graphName":"","isEnabled":true},"graphs":[]},"schema_type":null,"schema_type_options":null,"pillar_content":false,"robots_default":true,"robots_noindex":false,"robots_noarchive":false,"robots_nosnippet":false,"robots_nofollow":false,"robots_noimageindex":false,"robots_noodp":false,"robots_notranslate":false,"robots_max_snippet":null,"robots_max_videopreview":null,"robots_max_imagepreview":"large","priority":null,"frequency":null,"location":null,"local_seo":null,"breadcrumb_settings":null,"limit_modified_date":false,"ai":null,"created":"2021-02-01 20:46:57","updated":"2025-10-02 14:38:54","seo_analyzer_scan_date":null,"focus_keyword":null,"additional_keywords":null,"truseo_locale":null},"aioseo_breadcrumb":"<div class=\"aioseo-breadcrumbs\"><span class=\"aioseo-breadcrumb\">\n\t\t\t<a href=\"https:\/\/allasorias.hu\/hirek\" title=\"Home\">Home<\/a>\n\t\t<\/span><span class=\"aioseo-breadcrumb-separator\">&raquo;<\/span><span class=\"aioseo-breadcrumb\">\n\t\t\t<a href=\"https:\/\/allasorias.hu\/hirek\/temak\/munkaeropiac\/\" title=\"Munkaer\u0151piac\">Munkaer\u0151piac<\/a>\n\t\t<\/span><span class=\"aioseo-breadcrumb-separator\">&raquo;<\/span><span class=\"aioseo-breadcrumb\">\n\t\t\tMost el\u0151sz\u00f6r cs\u00f6kkent a munk\u00e1t keres\u0151k sz\u00e1ma\n\t\t<\/span><\/div>","aioseo_breadcrumb_json":[{"label":"Home","link":"https:\/\/allasorias.hu\/hirek"},{"label":"Munkaer\u0151piac","link":"https:\/\/allasorias.hu\/hirek\/temak\/munkaeropiac\/"},{"label":"Most el\u0151sz\u00f6r cs\u00f6kkent a munk\u00e1t keres\u0151k sz\u00e1ma","link":"https:\/\/allasorias.hu\/hirek\/most-eloszor-csokkent-a-munkat-keresok-szama\/"}],"_links":{"self":[{"href":"https:\/\/allasorias.hu\/hirek\/wp-json\/wp\/v2\/posts\/4207","targetHints":{"allow":["GET"]}}],"collection":[{"href":"https:\/\/allasorias.hu\/hirek\/wp-json\/wp\/v2\/posts"}],"about":[{"href":"https:\/\/allasorias.hu\/hirek\/wp-json\/wp\/v2\/types\/post"}],"author":[{"embeddable":true,"href":"https:\/\/allasorias.hu\/hirek\/wp-json\/wp\/v2\/users\/1"}],"replies":[{"embeddable":true,"href":"https:\/\/allasorias.hu\/hirek\/wp-json\/wp\/v2\/comments?post=4207"}],"version-history":[{"count":1,"href":"https:\/\/allasorias.hu\/hirek\/wp-json\/wp\/v2\/posts\/4207\/revisions"}],"predecessor-version":[{"id":4209,"href":"https:\/\/allasorias.hu\/hirek\/wp-json\/wp\/v2\/posts\/4207\/revisions\/4209"}],"wp:featuredmedia":[{"embeddable":true,"href":"https:\/\/allasorias.hu\/hirek\/wp-json\/wp\/v2\/media\/4208"}],"wp:attachment":[{"href":"https:\/\/allasorias.hu\/hirek\/wp-json\/wp\/v2\/media?parent=4207"}],"wp:term":[{"taxonomy":"category","embeddable":true,"href":"https:\/\/allasorias.hu\/hirek\/wp-json\/wp\/v2\/categories?post=4207"},{"taxonomy":"post_tag","embeddable":true,"href":"https:\/\/allasorias.hu\/hirek\/wp-json\/wp\/v2\/tags?post=4207"}],"curies":[{"name":"wp","href":"https:\/\/api.w.org\/{rel}","templated":true}]}}