{"id":4196,"date":"2020-08-19T07:22:28","date_gmt":"2020-08-19T07:22:28","guid":{"rendered":"https:\/\/allasorias.hu\/hirek\/?p=4196"},"modified":"2020-08-19T07:22:28","modified_gmt":"2020-08-19T07:22:28","slug":"sokan-veszik-igenybe-az-adomentesseget","status":"publish","type":"post","link":"https:\/\/allasorias.hu\/hirek\/sokan-veszik-igenybe-az-adomentesseget\/","title":{"rendered":"Sokan veszik ig\u00e9nybe az ad\u00f3mentess\u00e9get"},"content":{"rendered":"<p><strong>A nagycsal\u00e1dosok egyre ink\u00e1bb \u00e9lnek a nekik sz\u00f3l\u00f3 kedvezm\u00e9nyekkel. M\u00e1r t\u00f6bb mint 44 ezer n\u0151 vette ig\u00e9nybe\u00a0 a nagycsal\u00e1dosok szja-mentess\u00e9g\u00e9t. Err\u0151l T\u00e1llai Andr\u00e1s, a\u00a0 P\u00e9nz\u00fcgyminiszt\u00e9rium \u00e1llamtitk\u00e1ra besz\u00e9lt. <\/strong><\/p>\n<p>Elmondta: h\u00f3napr\u00f3l-h\u00f3napra egyre t\u00f6bb nagycsal\u00e1dos anya \u00e9l a csal\u00e1dv\u00e9delmi akci\u00f3 id\u00e9n \u00e9letbe l\u00e9pett \u00faj\u00edt\u00e1s\u00e1val: janu\u00e1rban 38 ezren, j\u00faniusban pedig m\u00e1r t\u00f6bb mint 44 ezren \u00e9ltek a mentess\u00e9ggel. T\u00e1llai elmondta: az els\u0151 f\u00e9l \u00e9vben az \u00fajfajta ad\u00f3kedvezm\u00e9ny r\u00e9v\u00e9n t\u00f6bb mint 9,1 milli\u00e1rd forintot hagyott a csal\u00e1dokn\u00e1l a korm\u00e1ny. A mentess\u00e9g nemcsak a v\u00e9r szerinti gyerek ut\u00e1n j\u00e1r, a m\u00e1r feln\u0151tt gyerekeket is figyelembe veszik, \u00e9s az szja-mentess\u00e9g nem z\u00e1rja ki a csal\u00e1di ad\u00f3kedvezm\u00e9ny ig\u00e9nybev\u00e9tel\u00e9t. \u00cdgy az anya vagy a saj\u00e1t munkav\u00e1llal\u00f3i j\u00e1rul\u00e9k\u00e1b\u00f3l vagy az ap\u00e1val k\u00f6z\u00f6sen \u00e9rv\u00e9nyes\u00edtheti a kisebbek ut\u00e1ni gyermekkedvezm\u00e9nyt &#8211; mondta T\u00e1llai Andr\u00e1s. A j\u00e1rv\u00e1ny \u00e1ltal legjobban s\u00fajtotta m\u00e1sodik negyed\u00e9v id\u0151szaka nyolcsz\u00e1zzal n\u0151tt a j\u00f6vedelmet szerz\u0151, \u00edgy ad\u00f3kedvezm\u00e9nyre jogosul\u00f3 n\u00e9gygyermekes any\u00e1k sz\u00e1ma &#8211; hangs\u00falyozta az \u00e1llamtitk\u00e1r.<\/p>\n<p>Forr\u00e1s: portfolio.hu<\/p>\n","protected":false},"excerpt":{"rendered":"<p>A nagycsal\u00e1dosok egyre ink\u00e1bb \u00e9lnek a nekik sz\u00f3l\u00f3 kedvezm\u00e9nyekkel. M\u00e1r t\u00f6bb mint 44 ezer n\u0151 vette ig\u00e9nybe\u00a0 a nagycsal\u00e1dosok szja-mentess\u00e9g\u00e9t. Err\u0151l T\u00e1llai Andr\u00e1s, a\u00a0 P\u00e9nz\u00fcgyminiszt\u00e9rium \u00e1llamtitk\u00e1ra besz\u00e9lt. Elmondta: h\u00f3napr\u00f3l-h\u00f3napra egyre t\u00f6bb nagycsal\u00e1dos anya \u00e9l a csal\u00e1dv\u00e9delmi akci\u00f3 id\u00e9n \u00e9letbe l\u00e9pett \u00faj\u00edt\u00e1s\u00e1val: janu\u00e1rban 38 ezren, j\u00faniusban pedig m\u00e1r t\u00f6bb mint 44 ezren \u00e9ltek a mentess\u00e9ggel. T\u00e1llai [&hellip;]<\/p>\n","protected":false},"author":1,"featured_media":4197,"comment_status":"open","ping_status":"open","sticky":false,"template":"","format":"standard","meta":{"_monsterinsights_skip_tracking":false,"footnotes":""},"categories":[198],"tags":[],"class_list":["post-4196","post","type-post","status-publish","format-standard","has-post-thumbnail","hentry","category-gazdasag"],"aioseo_notices":[],"aioseo_head":"\n\t\t<!-- All in One SEO 5.0.0.1 - aioseo.com -->\n\t<meta name=\"description\" content=\"A nagycsal\u00e1dosok egyre ink\u00e1bb \u00e9lnek a nekik sz\u00f3l\u00f3 kedvezm\u00e9nyekkel. M\u00e1r t\u00f6bb mint 44 ezer n\u0151 vette ig\u00e9nybe a nagycsal\u00e1dosok szja-mentess\u00e9g\u00e9t. Err\u0151l T\u00e1llai Andr\u00e1s, a P\u00e9nz\u00fcgyminiszt\u00e9rium \u00e1llamtitk\u00e1ra besz\u00e9lt. Elmondta: h\u00f3napr\u00f3l-h\u00f3napra egyre t\u00f6bb nagycsal\u00e1dos anya \u00e9l a csal\u00e1dv\u00e9delmi akci\u00f3 id\u00e9n \u00e9letbe l\u00e9pett \u00faj\u00edt\u00e1s\u00e1val: janu\u00e1rban 38 ezren, j\u00faniusban pedig m\u00e1r t\u00f6bb mint 44 ezren \u00e9ltek a mentess\u00e9ggel. T\u00e1llai\" \/>\n\t<meta name=\"robots\" content=\"max-image-preview:large\" \/>\n\t<meta name=\"author\" content=\"Juh\u00e1sz P\u00e9ter\"\/>\n\t<link rel=\"canonical\" href=\"https:\/\/allasorias.hu\/hirek\/sokan-veszik-igenybe-az-adomentesseget\/\" \/>\n\t<meta name=\"generator\" content=\"All in One SEO (AIOSEO) 5.0.0.1\" \/>\n\t\t<meta property=\"og:locale\" content=\"hu_HU\" \/>\n\t\t<meta property=\"og:site_name\" content=\"AllasOrias.hu | H\u00edrek-lapszemle | \u00dczleti h\u00edrek az \u00e1ll\u00e1s \u00e9s a munka vil\u00e1g\u00e1b\u00f3l\" \/>\n\t\t<meta property=\"og:type\" content=\"article\" \/>\n\t\t<meta property=\"og:title\" content=\"Sokan veszik ig\u00e9nybe az ad\u00f3mentess\u00e9get | AllasOrias.hu | H\u00edrek-lapszemle\" \/>\n\t\t<meta property=\"og:description\" content=\"A nagycsal\u00e1dosok egyre ink\u00e1bb \u00e9lnek a nekik sz\u00f3l\u00f3 kedvezm\u00e9nyekkel. M\u00e1r t\u00f6bb mint 44 ezer n\u0151 vette ig\u00e9nybe a nagycsal\u00e1dosok szja-mentess\u00e9g\u00e9t. Err\u0151l T\u00e1llai Andr\u00e1s, a P\u00e9nz\u00fcgyminiszt\u00e9rium \u00e1llamtitk\u00e1ra besz\u00e9lt. Elmondta: h\u00f3napr\u00f3l-h\u00f3napra egyre t\u00f6bb nagycsal\u00e1dos anya \u00e9l a csal\u00e1dv\u00e9delmi akci\u00f3 id\u00e9n \u00e9letbe l\u00e9pett \u00faj\u00edt\u00e1s\u00e1val: janu\u00e1rban 38 ezren, j\u00faniusban pedig m\u00e1r t\u00f6bb mint 44 ezren \u00e9ltek a mentess\u00e9ggel. T\u00e1llai\" \/>\n\t\t<meta property=\"og:url\" content=\"https:\/\/allasorias.hu\/hirek\/sokan-veszik-igenybe-az-adomentesseget\/\" \/>\n\t\t<meta property=\"og:image\" content=\"https:\/\/allasorias.hu\/hirek\/wp-content\/uploads\/2020\/08\/814.jpg\" \/>\n\t\t<meta property=\"og:image:secure_url\" content=\"https:\/\/allasorias.hu\/hirek\/wp-content\/uploads\/2020\/08\/814.jpg\" \/>\n\t\t<meta property=\"og:image:width\" content=\"1000\" \/>\n\t\t<meta property=\"og:image:height\" content=\"667\" \/>\n\t\t<meta property=\"article:published_time\" content=\"2020-08-19T07:22:28+00:00\" \/>\n\t\t<meta property=\"article:modified_time\" content=\"2020-08-19T07:22:28+00:00\" \/>\n\t\t<meta property=\"article:publisher\" content=\"https:\/\/www.facebook.com\/allasorias\" \/>\n\t\t<meta name=\"twitter:card\" content=\"summary_large_image\" \/>\n\t\t<meta name=\"twitter:title\" content=\"Sokan veszik ig\u00e9nybe az ad\u00f3mentess\u00e9get | AllasOrias.hu | H\u00edrek-lapszemle\" \/>\n\t\t<meta name=\"twitter:description\" content=\"A nagycsal\u00e1dosok egyre ink\u00e1bb \u00e9lnek a nekik sz\u00f3l\u00f3 kedvezm\u00e9nyekkel. M\u00e1r t\u00f6bb mint 44 ezer n\u0151 vette ig\u00e9nybe a nagycsal\u00e1dosok szja-mentess\u00e9g\u00e9t. Err\u0151l T\u00e1llai Andr\u00e1s, a P\u00e9nz\u00fcgyminiszt\u00e9rium \u00e1llamtitk\u00e1ra besz\u00e9lt. Elmondta: h\u00f3napr\u00f3l-h\u00f3napra egyre t\u00f6bb nagycsal\u00e1dos anya \u00e9l a csal\u00e1dv\u00e9delmi akci\u00f3 id\u00e9n \u00e9letbe l\u00e9pett \u00faj\u00edt\u00e1s\u00e1val: janu\u00e1rban 38 ezren, j\u00faniusban pedig m\u00e1r t\u00f6bb mint 44 ezren \u00e9ltek a mentess\u00e9ggel. T\u00e1llai\" \/>\n\t\t<meta name=\"twitter:image\" content=\"https:\/\/allasorias.hu\/hirek\/wp-content\/uploads\/2020\/08\/814.jpg\" \/>\n\t\t<meta name=\"twitter:label1\" content=\"Written by\" \/>\n\t\t<meta name=\"twitter:data1\" content=\"Juh\u00e1sz P\u00e9ter\" \/>\n\t\t<meta name=\"twitter:label2\" content=\"Est. reading time\" \/>\n\t\t<meta name=\"twitter:data2\" content=\"1 minute\" \/>\n\t\t<script type=\"application\/ld+json\" class=\"aioseo-schema\">\n\t\t\t{\"@context\":\"https:\\\/\\\/schema.org\",\"@graph\":[{\"@type\":\"Article\",\"@id\":\"https:\\\/\\\/allasorias.hu\\\/hirek\\\/sokan-veszik-igenybe-az-adomentesseget\\\/#article\",\"name\":\"Sokan veszik ig\\u00e9nybe az ad\\u00f3mentess\\u00e9get | AllasOrias.hu | H\\u00edrek-lapszemle\",\"headline\":\"Sokan veszik ig\\u00e9nybe az ad\\u00f3mentess\\u00e9get\",\"author\":{\"@id\":\"https:\\\/\\\/allasorias.hu\\\/hirek\\\/author\\\/admin-allasorias\\\/#author\"},\"publisher\":{\"@id\":\"https:\\\/\\\/allasorias.hu\\\/hirek\\\/#organization\"},\"image\":{\"@type\":\"ImageObject\",\"url\":\"https:\\\/\\\/allasorias.hu\\\/hirek\\\/wp-content\\\/uploads\\\/2020\\\/08\\\/814.jpg\",\"width\":1000,\"height\":667,\"caption\":\"Adult and children hands holding paper family cutout, family home, foster care, homeless support concept\"},\"datePublished\":\"2020-08-19T07:22:28+02:00\",\"dateModified\":\"2020-08-19T07:22:28+02:00\",\"inLanguage\":\"hu-HU\",\"mainEntityOfPage\":{\"@id\":\"https:\\\/\\\/allasorias.hu\\\/hirek\\\/sokan-veszik-igenybe-az-adomentesseget\\\/#webpage\"},\"isPartOf\":{\"@id\":\"https:\\\/\\\/allasorias.hu\\\/hirek\\\/sokan-veszik-igenybe-az-adomentesseget\\\/#webpage\"},\"articleSection\":\"Gazdas\\u00e1g\"},{\"@type\":\"BreadcrumbList\",\"@id\":\"https:\\\/\\\/allasorias.hu\\\/hirek\\\/sokan-veszik-igenybe-az-adomentesseget\\\/#breadcrumblist\",\"itemListElement\":[{\"@type\":\"ListItem\",\"@id\":\"https:\\\/\\\/allasorias.hu\\\/hirek#listItem\",\"position\":1,\"name\":\"Home\",\"item\":\"https:\\\/\\\/allasorias.hu\\\/hirek\",\"nextItem\":{\"@type\":\"ListItem\",\"@id\":\"https:\\\/\\\/allasorias.hu\\\/hirek\\\/temak\\\/gazdasag\\\/#listItem\",\"name\":\"Gazdas\\u00e1g\"}},{\"@type\":\"ListItem\",\"@id\":\"https:\\\/\\\/allasorias.hu\\\/hirek\\\/temak\\\/gazdasag\\\/#listItem\",\"position\":2,\"name\":\"Gazdas\\u00e1g\",\"item\":\"https:\\\/\\\/allasorias.hu\\\/hirek\\\/temak\\\/gazdasag\\\/\",\"nextItem\":{\"@type\":\"ListItem\",\"@id\":\"https:\\\/\\\/allasorias.hu\\\/hirek\\\/sokan-veszik-igenybe-az-adomentesseget\\\/#listItem\",\"name\":\"Sokan veszik ig\\u00e9nybe az ad\\u00f3mentess\\u00e9get\"},\"previousItem\":{\"@type\":\"ListItem\",\"@id\":\"https:\\\/\\\/allasorias.hu\\\/hirek#listItem\",\"name\":\"Home\"}},{\"@type\":\"ListItem\",\"@id\":\"https:\\\/\\\/allasorias.hu\\\/hirek\\\/sokan-veszik-igenybe-az-adomentesseget\\\/#listItem\",\"position\":3,\"name\":\"Sokan veszik ig\\u00e9nybe az ad\\u00f3mentess\\u00e9get\",\"previousItem\":{\"@type\":\"ListItem\",\"@id\":\"https:\\\/\\\/allasorias.hu\\\/hirek\\\/temak\\\/gazdasag\\\/#listItem\",\"name\":\"Gazdas\\u00e1g\"}}]},{\"@type\":\"Organization\",\"@id\":\"https:\\\/\\\/allasorias.hu\\\/hirek\\\/#organization\",\"name\":\"AllasOrias.hu | H\\u00edrek-lapszemle\",\"description\":\"\\u00dczleti h\\u00edrek az \\u00e1ll\\u00e1s \\u00e9s a munka vil\\u00e1g\\u00e1b\\u00f3l\",\"url\":\"https:\\\/\\\/allasorias.hu\\\/hirek\\\/\",\"logo\":{\"@type\":\"ImageObject\",\"url\":\"https:\\\/\\\/allasorias.hu\\\/hirek\\\/wp-content\\\/uploads\\\/2022\\\/10\\\/allasorias_site_facebok_logo.png\",\"@id\":\"https:\\\/\\\/allasorias.hu\\\/hirek\\\/sokan-veszik-igenybe-az-adomentesseget\\\/#organizationLogo\"},\"image\":{\"@id\":\"https:\\\/\\\/allasorias.hu\\\/hirek\\\/sokan-veszik-igenybe-az-adomentesseget\\\/#organizationLogo\"},\"sameAs\":[\"https:\\\/\\\/www.facebook.com\\\/allasorias\",\"https:\\\/\\\/www.linkedin.com\\\/company\\\/allasorias\"]},{\"@type\":\"Person\",\"@id\":\"https:\\\/\\\/allasorias.hu\\\/hirek\\\/author\\\/admin-allasorias\\\/#author\",\"url\":\"https:\\\/\\\/allasorias.hu\\\/hirek\\\/author\\\/admin-allasorias\\\/\",\"name\":\"Juh\\u00e1sz P\\u00e9ter\",\"image\":{\"@type\":\"ImageObject\",\"@id\":\"https:\\\/\\\/allasorias.hu\\\/hirek\\\/sokan-veszik-igenybe-az-adomentesseget\\\/#authorImage\",\"url\":\"https:\\\/\\\/secure.gravatar.com\\\/avatar\\\/36e6bcb83148978b992977cb0f54d22feb0cce8a0a849a9410532bb2623ba4c6?s=96&d=mm&r=g\",\"width\":96,\"height\":96,\"caption\":\"Juh\\u00e1sz P\\u00e9ter\"}},{\"@type\":\"WebPage\",\"@id\":\"https:\\\/\\\/allasorias.hu\\\/hirek\\\/sokan-veszik-igenybe-az-adomentesseget\\\/#webpage\",\"url\":\"https:\\\/\\\/allasorias.hu\\\/hirek\\\/sokan-veszik-igenybe-az-adomentesseget\\\/\",\"name\":\"Sokan veszik ig\\u00e9nybe az ad\\u00f3mentess\\u00e9get | AllasOrias.hu | H\\u00edrek-lapszemle\",\"description\":\"A nagycsal\\u00e1dosok egyre ink\\u00e1bb \\u00e9lnek a nekik sz\\u00f3l\\u00f3 kedvezm\\u00e9nyekkel. M\\u00e1r t\\u00f6bb mint 44 ezer n\\u0151 vette ig\\u00e9nybe a nagycsal\\u00e1dosok szja-mentess\\u00e9g\\u00e9t. Err\\u0151l T\\u00e1llai Andr\\u00e1s, a P\\u00e9nz\\u00fcgyminiszt\\u00e9rium \\u00e1llamtitk\\u00e1ra besz\\u00e9lt. Elmondta: h\\u00f3napr\\u00f3l-h\\u00f3napra egyre t\\u00f6bb nagycsal\\u00e1dos anya \\u00e9l a csal\\u00e1dv\\u00e9delmi akci\\u00f3 id\\u00e9n \\u00e9letbe l\\u00e9pett \\u00faj\\u00edt\\u00e1s\\u00e1val: janu\\u00e1rban 38 ezren, j\\u00faniusban pedig m\\u00e1r t\\u00f6bb mint 44 ezren \\u00e9ltek a mentess\\u00e9ggel. T\\u00e1llai\",\"inLanguage\":\"hu-HU\",\"isPartOf\":{\"@id\":\"https:\\\/\\\/allasorias.hu\\\/hirek\\\/#website\"},\"breadcrumb\":{\"@id\":\"https:\\\/\\\/allasorias.hu\\\/hirek\\\/sokan-veszik-igenybe-az-adomentesseget\\\/#breadcrumblist\"},\"author\":{\"@id\":\"https:\\\/\\\/allasorias.hu\\\/hirek\\\/author\\\/admin-allasorias\\\/#author\"},\"creator\":{\"@id\":\"https:\\\/\\\/allasorias.hu\\\/hirek\\\/author\\\/admin-allasorias\\\/#author\"},\"image\":{\"@type\":\"ImageObject\",\"url\":\"https:\\\/\\\/allasorias.hu\\\/hirek\\\/wp-content\\\/uploads\\\/2020\\\/08\\\/814.jpg\",\"@id\":\"https:\\\/\\\/allasorias.hu\\\/hirek\\\/sokan-veszik-igenybe-az-adomentesseget\\\/#mainImage\",\"width\":1000,\"height\":667,\"caption\":\"Adult and children hands holding paper family cutout, family home, foster care, homeless support concept\"},\"primaryImageOfPage\":{\"@id\":\"https:\\\/\\\/allasorias.hu\\\/hirek\\\/sokan-veszik-igenybe-az-adomentesseget\\\/#mainImage\"},\"datePublished\":\"2020-08-19T07:22:28+02:00\",\"dateModified\":\"2020-08-19T07:22:28+02:00\"},{\"@type\":\"WebSite\",\"@id\":\"https:\\\/\\\/allasorias.hu\\\/hirek\\\/#website\",\"url\":\"https:\\\/\\\/allasorias.hu\\\/hirek\\\/\",\"name\":\"AllasOrias.hu | H\\u00edrek-lapszemle\",\"description\":\"\\u00dczleti h\\u00edrek az \\u00e1ll\\u00e1s \\u00e9s a munka vil\\u00e1g\\u00e1b\\u00f3l\",\"inLanguage\":\"hu-HU\",\"publisher\":{\"@id\":\"https:\\\/\\\/allasorias.hu\\\/hirek\\\/#organization\"}}]}\n\t\t<\/script>\n\t\t<!-- All in One SEO -->\n\n","aioseo_head_json":{"title":"Sokan veszik ig\u00e9nybe az ad\u00f3mentess\u00e9get | AllasOrias.hu | H\u00edrek-lapszemle","description":"A nagycsal\u00e1dosok egyre ink\u00e1bb \u00e9lnek a nekik sz\u00f3l\u00f3 kedvezm\u00e9nyekkel. M\u00e1r t\u00f6bb mint 44 ezer n\u0151 vette ig\u00e9nybe a nagycsal\u00e1dosok szja-mentess\u00e9g\u00e9t. Err\u0151l T\u00e1llai Andr\u00e1s, a P\u00e9nz\u00fcgyminiszt\u00e9rium \u00e1llamtitk\u00e1ra besz\u00e9lt. Elmondta: h\u00f3napr\u00f3l-h\u00f3napra egyre t\u00f6bb nagycsal\u00e1dos anya \u00e9l a csal\u00e1dv\u00e9delmi akci\u00f3 id\u00e9n \u00e9letbe l\u00e9pett \u00faj\u00edt\u00e1s\u00e1val: janu\u00e1rban 38 ezren, j\u00faniusban pedig m\u00e1r t\u00f6bb mint 44 ezren \u00e9ltek a mentess\u00e9ggel. T\u00e1llai","canonical_url":"https:\/\/allasorias.hu\/hirek\/sokan-veszik-igenybe-az-adomentesseget\/","robots":"max-image-preview:large","keywords":"","webmasterTools":{"miscellaneous":""},"schema":{"@context":"https:\/\/schema.org","@graph":[{"@type":"Article","@id":"https:\/\/allasorias.hu\/hirek\/sokan-veszik-igenybe-az-adomentesseget\/#article","name":"Sokan veszik ig\u00e9nybe az ad\u00f3mentess\u00e9get | AllasOrias.hu | H\u00edrek-lapszemle","headline":"Sokan veszik ig\u00e9nybe az ad\u00f3mentess\u00e9get","author":{"@id":"https:\/\/allasorias.hu\/hirek\/author\/admin-allasorias\/#author"},"publisher":{"@id":"https:\/\/allasorias.hu\/hirek\/#organization"},"image":{"@type":"ImageObject","url":"https:\/\/allasorias.hu\/hirek\/wp-content\/uploads\/2020\/08\/814.jpg","width":1000,"height":667,"caption":"Adult and children hands holding paper family cutout, family home, foster care, homeless support concept"},"datePublished":"2020-08-19T07:22:28+02:00","dateModified":"2020-08-19T07:22:28+02:00","inLanguage":"hu-HU","mainEntityOfPage":{"@id":"https:\/\/allasorias.hu\/hirek\/sokan-veszik-igenybe-az-adomentesseget\/#webpage"},"isPartOf":{"@id":"https:\/\/allasorias.hu\/hirek\/sokan-veszik-igenybe-az-adomentesseget\/#webpage"},"articleSection":"Gazdas\u00e1g"},{"@type":"BreadcrumbList","@id":"https:\/\/allasorias.hu\/hirek\/sokan-veszik-igenybe-az-adomentesseget\/#breadcrumblist","itemListElement":[{"@type":"ListItem","@id":"https:\/\/allasorias.hu\/hirek#listItem","position":1,"name":"Home","item":"https:\/\/allasorias.hu\/hirek","nextItem":{"@type":"ListItem","@id":"https:\/\/allasorias.hu\/hirek\/temak\/gazdasag\/#listItem","name":"Gazdas\u00e1g"}},{"@type":"ListItem","@id":"https:\/\/allasorias.hu\/hirek\/temak\/gazdasag\/#listItem","position":2,"name":"Gazdas\u00e1g","item":"https:\/\/allasorias.hu\/hirek\/temak\/gazdasag\/","nextItem":{"@type":"ListItem","@id":"https:\/\/allasorias.hu\/hirek\/sokan-veszik-igenybe-az-adomentesseget\/#listItem","name":"Sokan veszik ig\u00e9nybe az ad\u00f3mentess\u00e9get"},"previousItem":{"@type":"ListItem","@id":"https:\/\/allasorias.hu\/hirek#listItem","name":"Home"}},{"@type":"ListItem","@id":"https:\/\/allasorias.hu\/hirek\/sokan-veszik-igenybe-az-adomentesseget\/#listItem","position":3,"name":"Sokan veszik ig\u00e9nybe az ad\u00f3mentess\u00e9get","previousItem":{"@type":"ListItem","@id":"https:\/\/allasorias.hu\/hirek\/temak\/gazdasag\/#listItem","name":"Gazdas\u00e1g"}}]},{"@type":"Organization","@id":"https:\/\/allasorias.hu\/hirek\/#organization","name":"AllasOrias.hu | H\u00edrek-lapszemle","description":"\u00dczleti h\u00edrek az \u00e1ll\u00e1s \u00e9s a munka vil\u00e1g\u00e1b\u00f3l","url":"https:\/\/allasorias.hu\/hirek\/","logo":{"@type":"ImageObject","url":"https:\/\/allasorias.hu\/hirek\/wp-content\/uploads\/2022\/10\/allasorias_site_facebok_logo.png","@id":"https:\/\/allasorias.hu\/hirek\/sokan-veszik-igenybe-az-adomentesseget\/#organizationLogo"},"image":{"@id":"https:\/\/allasorias.hu\/hirek\/sokan-veszik-igenybe-az-adomentesseget\/#organizationLogo"},"sameAs":["https:\/\/www.facebook.com\/allasorias","https:\/\/www.linkedin.com\/company\/allasorias"]},{"@type":"Person","@id":"https:\/\/allasorias.hu\/hirek\/author\/admin-allasorias\/#author","url":"https:\/\/allasorias.hu\/hirek\/author\/admin-allasorias\/","name":"Juh\u00e1sz P\u00e9ter","image":{"@type":"ImageObject","@id":"https:\/\/allasorias.hu\/hirek\/sokan-veszik-igenybe-az-adomentesseget\/#authorImage","url":"https:\/\/secure.gravatar.com\/avatar\/36e6bcb83148978b992977cb0f54d22feb0cce8a0a849a9410532bb2623ba4c6?s=96&d=mm&r=g","width":96,"height":96,"caption":"Juh\u00e1sz P\u00e9ter"}},{"@type":"WebPage","@id":"https:\/\/allasorias.hu\/hirek\/sokan-veszik-igenybe-az-adomentesseget\/#webpage","url":"https:\/\/allasorias.hu\/hirek\/sokan-veszik-igenybe-az-adomentesseget\/","name":"Sokan veszik ig\u00e9nybe az ad\u00f3mentess\u00e9get | AllasOrias.hu | H\u00edrek-lapszemle","description":"A nagycsal\u00e1dosok egyre ink\u00e1bb \u00e9lnek a nekik sz\u00f3l\u00f3 kedvezm\u00e9nyekkel. M\u00e1r t\u00f6bb mint 44 ezer n\u0151 vette ig\u00e9nybe a nagycsal\u00e1dosok szja-mentess\u00e9g\u00e9t. Err\u0151l T\u00e1llai Andr\u00e1s, a P\u00e9nz\u00fcgyminiszt\u00e9rium \u00e1llamtitk\u00e1ra besz\u00e9lt. Elmondta: h\u00f3napr\u00f3l-h\u00f3napra egyre t\u00f6bb nagycsal\u00e1dos anya \u00e9l a csal\u00e1dv\u00e9delmi akci\u00f3 id\u00e9n \u00e9letbe l\u00e9pett \u00faj\u00edt\u00e1s\u00e1val: janu\u00e1rban 38 ezren, j\u00faniusban pedig m\u00e1r t\u00f6bb mint 44 ezren \u00e9ltek a mentess\u00e9ggel. T\u00e1llai","inLanguage":"hu-HU","isPartOf":{"@id":"https:\/\/allasorias.hu\/hirek\/#website"},"breadcrumb":{"@id":"https:\/\/allasorias.hu\/hirek\/sokan-veszik-igenybe-az-adomentesseget\/#breadcrumblist"},"author":{"@id":"https:\/\/allasorias.hu\/hirek\/author\/admin-allasorias\/#author"},"creator":{"@id":"https:\/\/allasorias.hu\/hirek\/author\/admin-allasorias\/#author"},"image":{"@type":"ImageObject","url":"https:\/\/allasorias.hu\/hirek\/wp-content\/uploads\/2020\/08\/814.jpg","@id":"https:\/\/allasorias.hu\/hirek\/sokan-veszik-igenybe-az-adomentesseget\/#mainImage","width":1000,"height":667,"caption":"Adult and children hands holding paper family cutout, family home, foster care, homeless support concept"},"primaryImageOfPage":{"@id":"https:\/\/allasorias.hu\/hirek\/sokan-veszik-igenybe-az-adomentesseget\/#mainImage"},"datePublished":"2020-08-19T07:22:28+02:00","dateModified":"2020-08-19T07:22:28+02:00"},{"@type":"WebSite","@id":"https:\/\/allasorias.hu\/hirek\/#website","url":"https:\/\/allasorias.hu\/hirek\/","name":"AllasOrias.hu | H\u00edrek-lapszemle","description":"\u00dczleti h\u00edrek az \u00e1ll\u00e1s \u00e9s a munka vil\u00e1g\u00e1b\u00f3l","inLanguage":"hu-HU","publisher":{"@id":"https:\/\/allasorias.hu\/hirek\/#organization"}}]},"og:locale":"hu_HU","og:site_name":"AllasOrias.hu | H\u00edrek-lapszemle | \u00dczleti h\u00edrek az \u00e1ll\u00e1s \u00e9s a munka vil\u00e1g\u00e1b\u00f3l","og:type":"article","og:title":"Sokan veszik ig\u00e9nybe az ad\u00f3mentess\u00e9get | AllasOrias.hu | H\u00edrek-lapszemle","og:description":"A nagycsal\u00e1dosok egyre ink\u00e1bb \u00e9lnek a nekik sz\u00f3l\u00f3 kedvezm\u00e9nyekkel. M\u00e1r t\u00f6bb mint 44 ezer n\u0151 vette ig\u00e9nybe a nagycsal\u00e1dosok szja-mentess\u00e9g\u00e9t. Err\u0151l T\u00e1llai Andr\u00e1s, a P\u00e9nz\u00fcgyminiszt\u00e9rium \u00e1llamtitk\u00e1ra besz\u00e9lt. Elmondta: h\u00f3napr\u00f3l-h\u00f3napra egyre t\u00f6bb nagycsal\u00e1dos anya \u00e9l a csal\u00e1dv\u00e9delmi akci\u00f3 id\u00e9n \u00e9letbe l\u00e9pett \u00faj\u00edt\u00e1s\u00e1val: janu\u00e1rban 38 ezren, j\u00faniusban pedig m\u00e1r t\u00f6bb mint 44 ezren \u00e9ltek a mentess\u00e9ggel. T\u00e1llai","og:url":"https:\/\/allasorias.hu\/hirek\/sokan-veszik-igenybe-az-adomentesseget\/","og:image":"https:\/\/allasorias.hu\/hirek\/wp-content\/uploads\/2020\/08\/814.jpg","og:image:secure_url":"https:\/\/allasorias.hu\/hirek\/wp-content\/uploads\/2020\/08\/814.jpg","og:image:width":1000,"og:image:height":667,"article:published_time":"2020-08-19T07:22:28+00:00","article:modified_time":"2020-08-19T07:22:28+00:00","article:publisher":"https:\/\/www.facebook.com\/allasorias","twitter:card":"summary_large_image","twitter:title":"Sokan veszik ig\u00e9nybe az ad\u00f3mentess\u00e9get | AllasOrias.hu | H\u00edrek-lapszemle","twitter:description":"A nagycsal\u00e1dosok egyre ink\u00e1bb \u00e9lnek a nekik sz\u00f3l\u00f3 kedvezm\u00e9nyekkel. M\u00e1r t\u00f6bb mint 44 ezer n\u0151 vette ig\u00e9nybe a nagycsal\u00e1dosok szja-mentess\u00e9g\u00e9t. Err\u0151l T\u00e1llai Andr\u00e1s, a P\u00e9nz\u00fcgyminiszt\u00e9rium \u00e1llamtitk\u00e1ra besz\u00e9lt. Elmondta: h\u00f3napr\u00f3l-h\u00f3napra egyre t\u00f6bb nagycsal\u00e1dos anya \u00e9l a csal\u00e1dv\u00e9delmi akci\u00f3 id\u00e9n \u00e9letbe l\u00e9pett \u00faj\u00edt\u00e1s\u00e1val: janu\u00e1rban 38 ezren, j\u00faniusban pedig m\u00e1r t\u00f6bb mint 44 ezren \u00e9ltek a mentess\u00e9ggel. T\u00e1llai","twitter:image":"https:\/\/allasorias.hu\/hirek\/wp-content\/uploads\/2020\/08\/814.jpg","twitter:label1":"Written by","twitter:data1":"Juh\u00e1sz P\u00e9ter","twitter:label2":"Est. reading time","twitter:data2":"1 minute"},"aioseo_meta_data":{"post_id":"4196","title":null,"description":"","keywords":"","keyphrases":null,"primary_term":null,"canonical_url":"","og_title":null,"og_description":null,"og_object_type":"default","og_image_type":"default","og_image_url":null,"og_image_width":null,"og_image_height":null,"og_image_custom_url":null,"og_image_custom_fields":null,"og_video":null,"og_custom_url":null,"og_article_section":null,"og_article_tags":null,"twitter_use_og":false,"twitter_card":"default","twitter_image_type":"default","twitter_image_url":null,"twitter_image_custom_url":null,"twitter_image_custom_fields":null,"twitter_title":null,"twitter_description":null,"schema":{"blockGraphs":[],"customGraphs":[],"default":{"data":{"Article":[],"Course":[],"Dataset":[],"FAQPage":[],"Movie":[],"Person":[],"Product":[],"ProductReview":[],"Car":[],"Recipe":[],"Service":[],"SoftwareApplication":[],"WebPage":[]},"graphName":"","isEnabled":true},"graphs":[]},"schema_type":null,"schema_type_options":null,"pillar_content":false,"robots_default":true,"robots_noindex":false,"robots_noarchive":false,"robots_nosnippet":false,"robots_nofollow":false,"robots_noimageindex":false,"robots_noodp":false,"robots_notranslate":false,"robots_max_snippet":null,"robots_max_videopreview":null,"robots_max_imagepreview":"large","priority":null,"frequency":null,"location":null,"local_seo":null,"breadcrumb_settings":null,"limit_modified_date":false,"ai":null,"created":"2021-02-01 20:46:57","updated":"2025-10-02 14:18:14","seo_analyzer_scan_date":null,"focus_keyword":null,"additional_keywords":null,"truseo_locale":null},"aioseo_breadcrumb":"<div class=\"aioseo-breadcrumbs\"><span class=\"aioseo-breadcrumb\">\n\t\t\t<a href=\"https:\/\/allasorias.hu\/hirek\" title=\"Home\">Home<\/a>\n\t\t<\/span><span class=\"aioseo-breadcrumb-separator\">&raquo;<\/span><span class=\"aioseo-breadcrumb\">\n\t\t\t<a href=\"https:\/\/allasorias.hu\/hirek\/temak\/gazdasag\/\" title=\"Gazdas\u00e1g\">Gazdas\u00e1g<\/a>\n\t\t<\/span><span class=\"aioseo-breadcrumb-separator\">&raquo;<\/span><span class=\"aioseo-breadcrumb\">\n\t\t\tSokan veszik ig\u00e9nybe az ad\u00f3mentess\u00e9get\n\t\t<\/span><\/div>","aioseo_breadcrumb_json":[{"label":"Home","link":"https:\/\/allasorias.hu\/hirek"},{"label":"Gazdas\u00e1g","link":"https:\/\/allasorias.hu\/hirek\/temak\/gazdasag\/"},{"label":"Sokan veszik ig\u00e9nybe az ad\u00f3mentess\u00e9get","link":"https:\/\/allasorias.hu\/hirek\/sokan-veszik-igenybe-az-adomentesseget\/"}],"_links":{"self":[{"href":"https:\/\/allasorias.hu\/hirek\/wp-json\/wp\/v2\/posts\/4196","targetHints":{"allow":["GET"]}}],"collection":[{"href":"https:\/\/allasorias.hu\/hirek\/wp-json\/wp\/v2\/posts"}],"about":[{"href":"https:\/\/allasorias.hu\/hirek\/wp-json\/wp\/v2\/types\/post"}],"author":[{"embeddable":true,"href":"https:\/\/allasorias.hu\/hirek\/wp-json\/wp\/v2\/users\/1"}],"replies":[{"embeddable":true,"href":"https:\/\/allasorias.hu\/hirek\/wp-json\/wp\/v2\/comments?post=4196"}],"version-history":[{"count":1,"href":"https:\/\/allasorias.hu\/hirek\/wp-json\/wp\/v2\/posts\/4196\/revisions"}],"predecessor-version":[{"id":4198,"href":"https:\/\/allasorias.hu\/hirek\/wp-json\/wp\/v2\/posts\/4196\/revisions\/4198"}],"wp:featuredmedia":[{"embeddable":true,"href":"https:\/\/allasorias.hu\/hirek\/wp-json\/wp\/v2\/media\/4197"}],"wp:attachment":[{"href":"https:\/\/allasorias.hu\/hirek\/wp-json\/wp\/v2\/media?parent=4196"}],"wp:term":[{"taxonomy":"category","embeddable":true,"href":"https:\/\/allasorias.hu\/hirek\/wp-json\/wp\/v2\/categories?post=4196"},{"taxonomy":"post_tag","embeddable":true,"href":"https:\/\/allasorias.hu\/hirek\/wp-json\/wp\/v2\/tags?post=4196"}],"curies":[{"name":"wp","href":"https:\/\/api.w.org\/{rel}","templated":true}]}}