{"id":4194,"date":"2020-08-19T07:06:40","date_gmt":"2020-08-19T07:06:40","guid":{"rendered":"https:\/\/allasorias.hu\/hirek\/?p=4194"},"modified":"2020-08-19T07:06:40","modified_gmt":"2020-08-19T07:06:40","slug":"segitik-a-beruhazasokat","status":"publish","type":"post","link":"https:\/\/allasorias.hu\/hirek\/segitik-a-beruhazasokat\/","title":{"rendered":"Seg\u00edtik a beruh\u00e1z\u00e1sokat"},"content":{"rendered":"<p><strong>Nagyon sok beruh\u00e1z\u00e1st seg\u00edtett eddig a beruh\u00e1z\u00e1s \u00f6szt\u00f6nz\u00e9si program, t\u00f6bb mint \u00a0300 milli\u00e1rd forintot osztottak ki a k\u00fcl\u00f6nf\u00e9le beruh\u00e1z\u00e1sok t\u00e1mogat\u00e1s\u00e1ra. 646 v\u00e1llalatnak utaltak \u00e1t \u00f6sszesen 146 milli\u00e1rd forintnyi t\u00e1mogat\u00e1st, amivel 120 ezer munkahelyet siker\u00fclt megv\u00e9deni \u2013 nyilatkozta Sz\u00edjj\u00e1rt\u00f3 P\u00e9ter k\u00fcl\u00fcgyminiszter. <\/strong><\/p>\n<p>A koronav\u00edrus nyom\u00e1n kialakult vil\u00e1gj\u00e1rv\u00e1ny nem &#8222;csak&#8221; eg\u00e9szs\u00e9g\u00fcgyi, hanem komoly gazdas\u00e1gi kih\u00edv\u00e1sokat is eredm\u00e9nyezett \u2013 \u00edrta internetes bejegyz\u00e9s\u00e9ben Szijj\u00e1rt\u00f3 P\u00e9ter. A miniszter szerint azonban ez a helyzet a magyar gazdas\u00e1g sz\u00e1m\u00e1ra es\u00e9lyt is k\u00edn\u00e1l a versenyk\u00e9pess\u00e9g n\u00f6vel\u00e9s\u00e9re. Mint \u00edrta, egy\u00e9rtelm\u0171, hogy gazdas\u00e1gunk a magyar emberek munk\u00e1j\u00e1t\u00f3l lesz sikeres, ahhoz pedig, hogy a magyar emberek dolgozhassanak, beruh\u00e1z\u00e1sokra van sz\u00fcks\u00e9g. Ez\u00e9rt is ind\u00edtottuk el gazdas\u00e1gt\u00f6rt\u00e9net\u00fcnk egyik legjelent\u0151sebb beruh\u00e1z\u00e1s-\u00f6szt\u00f6nz\u00e9si programj\u00e1t, melyre 806 magyarorsz\u00e1gi v\u00e1llalat jelentkezett \u2013 tette hozz\u00e1 Szijj\u00e1rt\u00f3. A k\u00e9relmek elb\u00edr\u00e1l\u00e1sa folyamatos, tegnap pedig \u00e1tl\u00e9pte a 300 milli\u00e1rd forintot a m\u00e1r t\u00e1mogat\u00e1sban r\u00e9szes\u00fclt beruh\u00e1z\u00e1sok \u00f6ssz\u00e9rt\u00e9ke. Ma reggelig 646 v\u00e1llalatnak utaltunk \u00e1t \u00f6sszesen 146 milli\u00e1rd forintnyi t\u00e1mogat\u00e1st, amivel 120 ezer munkahelyet tudtunk megv\u00e9deni &#8211; der\u00fcl ki a szerda reggeli bejegyz\u00e9sb\u0151l. Szijj\u00e1rt\u00f3 szerint a most v\u00e9grehajtott beruh\u00e1z\u00e1sok biztos\u00edtj\u00e1k, hogy ezek a v\u00e1llalatok hossz\u00fat\u00e1v\u00fa el\u0151nyre tegyenek szert k\u00fclf\u00f6ldi vet\u00e9lyt\u00e1rsaikkal szemben, \u00edgy hozz\u00e1j\u00e1rulnak ahhoz, hogy a magyar gazdas\u00e1g min\u00e9l el\u0151bb vissza\u00e1lljon a vil\u00e1gj\u00e1rv\u00e1ny el\u0151tti n\u00f6veked\u00e9si p\u00e1ly\u00e1ra.<\/p>\n<p>A miniszter azt is hozz\u00e1tette, hogy hamarosan Ny\u00edradonyban \u00e9s Miskolcon \u00fajabb beruh\u00e1z\u00e1sokat jelent\u00fcnk be.<\/p>\n<p>Forr\u00e1s: origo.hu<\/p>\n<p>&nbsp;<\/p>\n","protected":false},"excerpt":{"rendered":"<p>Nagyon sok beruh\u00e1z\u00e1st seg\u00edtett eddig a beruh\u00e1z\u00e1s \u00f6szt\u00f6nz\u00e9si program, t\u00f6bb mint \u00a0300 milli\u00e1rd forintot osztottak ki a k\u00fcl\u00f6nf\u00e9le beruh\u00e1z\u00e1sok t\u00e1mogat\u00e1s\u00e1ra. 646 v\u00e1llalatnak utaltak \u00e1t \u00f6sszesen 146 milli\u00e1rd forintnyi t\u00e1mogat\u00e1st, amivel 120 ezer munkahelyet siker\u00fclt megv\u00e9deni \u2013 nyilatkozta Sz\u00edjj\u00e1rt\u00f3 P\u00e9ter k\u00fcl\u00fcgyminiszter. A koronav\u00edrus nyom\u00e1n kialakult vil\u00e1gj\u00e1rv\u00e1ny nem &#8222;csak&#8221; eg\u00e9szs\u00e9g\u00fcgyi, hanem komoly gazdas\u00e1gi kih\u00edv\u00e1sokat is eredm\u00e9nyezett \u2013 [&hellip;]<\/p>\n","protected":false},"author":1,"featured_media":4052,"comment_status":"open","ping_status":"open","sticky":false,"template":"","format":"standard","meta":{"_monsterinsights_skip_tracking":false,"footnotes":""},"categories":[198],"tags":[],"class_list":["post-4194","post","type-post","status-publish","format-standard","has-post-thumbnail","hentry","category-gazdasag"],"aioseo_notices":[],"aioseo_head":"\n\t\t<!-- All in One SEO 5.0.0.1 - aioseo.com -->\n\t<meta name=\"description\" content=\"Nagyon sok beruh\u00e1z\u00e1st seg\u00edtett eddig a beruh\u00e1z\u00e1s \u00f6szt\u00f6nz\u00e9si program, t\u00f6bb mint 300 milli\u00e1rd forintot osztottak ki a k\u00fcl\u00f6nf\u00e9le beruh\u00e1z\u00e1sok t\u00e1mogat\u00e1s\u00e1ra. 646 v\u00e1llalatnak utaltak \u00e1t \u00f6sszesen 146 milli\u00e1rd forintnyi t\u00e1mogat\u00e1st, amivel 120 ezer munkahelyet siker\u00fclt megv\u00e9deni \u2013 nyilatkozta Sz\u00edjj\u00e1rt\u00f3 P\u00e9ter k\u00fcl\u00fcgyminiszter. A koronav\u00edrus nyom\u00e1n kialakult vil\u00e1gj\u00e1rv\u00e1ny nem &quot;csak&quot; eg\u00e9szs\u00e9g\u00fcgyi, hanem komoly gazdas\u00e1gi kih\u00edv\u00e1sokat is eredm\u00e9nyezett \u2013\" \/>\n\t<meta name=\"robots\" content=\"max-image-preview:large\" \/>\n\t<meta name=\"author\" content=\"Juh\u00e1sz P\u00e9ter\"\/>\n\t<link rel=\"canonical\" href=\"https:\/\/allasorias.hu\/hirek\/segitik-a-beruhazasokat\/\" \/>\n\t<meta name=\"generator\" content=\"All in One SEO (AIOSEO) 5.0.0.1\" \/>\n\t\t<meta property=\"og:locale\" content=\"hu_HU\" \/>\n\t\t<meta property=\"og:site_name\" content=\"AllasOrias.hu | H\u00edrek-lapszemle | \u00dczleti h\u00edrek az \u00e1ll\u00e1s \u00e9s a munka vil\u00e1g\u00e1b\u00f3l\" \/>\n\t\t<meta property=\"og:type\" content=\"article\" \/>\n\t\t<meta property=\"og:title\" content=\"Seg\u00edtik a beruh\u00e1z\u00e1sokat | AllasOrias.hu | H\u00edrek-lapszemle\" \/>\n\t\t<meta property=\"og:description\" content=\"Nagyon sok beruh\u00e1z\u00e1st seg\u00edtett eddig a beruh\u00e1z\u00e1s \u00f6szt\u00f6nz\u00e9si program, t\u00f6bb mint 300 milli\u00e1rd forintot osztottak ki a k\u00fcl\u00f6nf\u00e9le beruh\u00e1z\u00e1sok t\u00e1mogat\u00e1s\u00e1ra. 646 v\u00e1llalatnak utaltak \u00e1t \u00f6sszesen 146 milli\u00e1rd forintnyi t\u00e1mogat\u00e1st, amivel 120 ezer munkahelyet siker\u00fclt megv\u00e9deni \u2013 nyilatkozta Sz\u00edjj\u00e1rt\u00f3 P\u00e9ter k\u00fcl\u00fcgyminiszter. A koronav\u00edrus nyom\u00e1n kialakult vil\u00e1gj\u00e1rv\u00e1ny nem &quot;csak&quot; eg\u00e9szs\u00e9g\u00fcgyi, hanem komoly gazdas\u00e1gi kih\u00edv\u00e1sokat is eredm\u00e9nyezett \u2013\" \/>\n\t\t<meta property=\"og:url\" content=\"https:\/\/allasorias.hu\/hirek\/segitik-a-beruhazasokat\/\" \/>\n\t\t<meta property=\"og:image\" content=\"https:\/\/allasorias.hu\/hirek\/wp-content\/uploads\/2020\/06\/gazdas\u00e1g.jpg\" \/>\n\t\t<meta property=\"og:image:secure_url\" content=\"https:\/\/allasorias.hu\/hirek\/wp-content\/uploads\/2020\/06\/gazdas\u00e1g.jpg\" \/>\n\t\t<meta property=\"og:image:width\" content=\"600\" \/>\n\t\t<meta property=\"og:image:height\" content=\"400\" \/>\n\t\t<meta property=\"article:published_time\" content=\"2020-08-19T07:06:40+00:00\" \/>\n\t\t<meta property=\"article:modified_time\" content=\"2020-08-19T07:06:40+00:00\" \/>\n\t\t<meta property=\"article:publisher\" content=\"https:\/\/www.facebook.com\/allasorias\" \/>\n\t\t<meta name=\"twitter:card\" content=\"summary_large_image\" \/>\n\t\t<meta name=\"twitter:title\" content=\"Seg\u00edtik a beruh\u00e1z\u00e1sokat | AllasOrias.hu | H\u00edrek-lapszemle\" \/>\n\t\t<meta name=\"twitter:description\" content=\"Nagyon sok beruh\u00e1z\u00e1st seg\u00edtett eddig a beruh\u00e1z\u00e1s \u00f6szt\u00f6nz\u00e9si program, t\u00f6bb mint 300 milli\u00e1rd forintot osztottak ki a k\u00fcl\u00f6nf\u00e9le beruh\u00e1z\u00e1sok t\u00e1mogat\u00e1s\u00e1ra. 646 v\u00e1llalatnak utaltak \u00e1t \u00f6sszesen 146 milli\u00e1rd forintnyi t\u00e1mogat\u00e1st, amivel 120 ezer munkahelyet siker\u00fclt megv\u00e9deni \u2013 nyilatkozta Sz\u00edjj\u00e1rt\u00f3 P\u00e9ter k\u00fcl\u00fcgyminiszter. A koronav\u00edrus nyom\u00e1n kialakult vil\u00e1gj\u00e1rv\u00e1ny nem &quot;csak&quot; eg\u00e9szs\u00e9g\u00fcgyi, hanem komoly gazdas\u00e1gi kih\u00edv\u00e1sokat is eredm\u00e9nyezett \u2013\" \/>\n\t\t<meta name=\"twitter:image\" content=\"https:\/\/allasorias.hu\/hirek\/wp-content\/uploads\/2020\/06\/gazdas\u00e1g.jpg\" \/>\n\t\t<meta name=\"twitter:label1\" content=\"Written by\" \/>\n\t\t<meta name=\"twitter:data1\" content=\"Juh\u00e1sz P\u00e9ter\" \/>\n\t\t<meta name=\"twitter:label2\" content=\"Est. reading time\" \/>\n\t\t<meta name=\"twitter:data2\" content=\"2 minutes\" \/>\n\t\t<script type=\"application\/ld+json\" class=\"aioseo-schema\">\n\t\t\t{\"@context\":\"https:\\\/\\\/schema.org\",\"@graph\":[{\"@type\":\"Article\",\"@id\":\"https:\\\/\\\/allasorias.hu\\\/hirek\\\/segitik-a-beruhazasokat\\\/#article\",\"name\":\"Seg\\u00edtik a beruh\\u00e1z\\u00e1sokat | AllasOrias.hu | H\\u00edrek-lapszemle\",\"headline\":\"Seg\\u00edtik a beruh\\u00e1z\\u00e1sokat\",\"author\":{\"@id\":\"https:\\\/\\\/allasorias.hu\\\/hirek\\\/author\\\/admin-allasorias\\\/#author\"},\"publisher\":{\"@id\":\"https:\\\/\\\/allasorias.hu\\\/hirek\\\/#organization\"},\"image\":{\"@type\":\"ImageObject\",\"url\":\"https:\\\/\\\/allasorias.hu\\\/hirek\\\/wp-content\\\/uploads\\\/2020\\\/06\\\/gazdas\\u00e1g.jpg\",\"width\":600,\"height\":400},\"datePublished\":\"2020-08-19T07:06:40+02:00\",\"dateModified\":\"2020-08-19T07:06:40+02:00\",\"inLanguage\":\"hu-HU\",\"mainEntityOfPage\":{\"@id\":\"https:\\\/\\\/allasorias.hu\\\/hirek\\\/segitik-a-beruhazasokat\\\/#webpage\"},\"isPartOf\":{\"@id\":\"https:\\\/\\\/allasorias.hu\\\/hirek\\\/segitik-a-beruhazasokat\\\/#webpage\"},\"articleSection\":\"Gazdas\\u00e1g\"},{\"@type\":\"BreadcrumbList\",\"@id\":\"https:\\\/\\\/allasorias.hu\\\/hirek\\\/segitik-a-beruhazasokat\\\/#breadcrumblist\",\"itemListElement\":[{\"@type\":\"ListItem\",\"@id\":\"https:\\\/\\\/allasorias.hu\\\/hirek#listItem\",\"position\":1,\"name\":\"Home\",\"item\":\"https:\\\/\\\/allasorias.hu\\\/hirek\",\"nextItem\":{\"@type\":\"ListItem\",\"@id\":\"https:\\\/\\\/allasorias.hu\\\/hirek\\\/temak\\\/gazdasag\\\/#listItem\",\"name\":\"Gazdas\\u00e1g\"}},{\"@type\":\"ListItem\",\"@id\":\"https:\\\/\\\/allasorias.hu\\\/hirek\\\/temak\\\/gazdasag\\\/#listItem\",\"position\":2,\"name\":\"Gazdas\\u00e1g\",\"item\":\"https:\\\/\\\/allasorias.hu\\\/hirek\\\/temak\\\/gazdasag\\\/\",\"nextItem\":{\"@type\":\"ListItem\",\"@id\":\"https:\\\/\\\/allasorias.hu\\\/hirek\\\/segitik-a-beruhazasokat\\\/#listItem\",\"name\":\"Seg\\u00edtik a beruh\\u00e1z\\u00e1sokat\"},\"previousItem\":{\"@type\":\"ListItem\",\"@id\":\"https:\\\/\\\/allasorias.hu\\\/hirek#listItem\",\"name\":\"Home\"}},{\"@type\":\"ListItem\",\"@id\":\"https:\\\/\\\/allasorias.hu\\\/hirek\\\/segitik-a-beruhazasokat\\\/#listItem\",\"position\":3,\"name\":\"Seg\\u00edtik a beruh\\u00e1z\\u00e1sokat\",\"previousItem\":{\"@type\":\"ListItem\",\"@id\":\"https:\\\/\\\/allasorias.hu\\\/hirek\\\/temak\\\/gazdasag\\\/#listItem\",\"name\":\"Gazdas\\u00e1g\"}}]},{\"@type\":\"Organization\",\"@id\":\"https:\\\/\\\/allasorias.hu\\\/hirek\\\/#organization\",\"name\":\"AllasOrias.hu | H\\u00edrek-lapszemle\",\"description\":\"\\u00dczleti h\\u00edrek az \\u00e1ll\\u00e1s \\u00e9s a munka vil\\u00e1g\\u00e1b\\u00f3l\",\"url\":\"https:\\\/\\\/allasorias.hu\\\/hirek\\\/\",\"logo\":{\"@type\":\"ImageObject\",\"url\":\"https:\\\/\\\/allasorias.hu\\\/hirek\\\/wp-content\\\/uploads\\\/2022\\\/10\\\/allasorias_site_facebok_logo.png\",\"@id\":\"https:\\\/\\\/allasorias.hu\\\/hirek\\\/segitik-a-beruhazasokat\\\/#organizationLogo\"},\"image\":{\"@id\":\"https:\\\/\\\/allasorias.hu\\\/hirek\\\/segitik-a-beruhazasokat\\\/#organizationLogo\"},\"sameAs\":[\"https:\\\/\\\/www.facebook.com\\\/allasorias\",\"https:\\\/\\\/www.linkedin.com\\\/company\\\/allasorias\"]},{\"@type\":\"Person\",\"@id\":\"https:\\\/\\\/allasorias.hu\\\/hirek\\\/author\\\/admin-allasorias\\\/#author\",\"url\":\"https:\\\/\\\/allasorias.hu\\\/hirek\\\/author\\\/admin-allasorias\\\/\",\"name\":\"Juh\\u00e1sz P\\u00e9ter\",\"image\":{\"@type\":\"ImageObject\",\"@id\":\"https:\\\/\\\/allasorias.hu\\\/hirek\\\/segitik-a-beruhazasokat\\\/#authorImage\",\"url\":\"https:\\\/\\\/secure.gravatar.com\\\/avatar\\\/36e6bcb83148978b992977cb0f54d22feb0cce8a0a849a9410532bb2623ba4c6?s=96&d=mm&r=g\",\"width\":96,\"height\":96,\"caption\":\"Juh\\u00e1sz P\\u00e9ter\"}},{\"@type\":\"WebPage\",\"@id\":\"https:\\\/\\\/allasorias.hu\\\/hirek\\\/segitik-a-beruhazasokat\\\/#webpage\",\"url\":\"https:\\\/\\\/allasorias.hu\\\/hirek\\\/segitik-a-beruhazasokat\\\/\",\"name\":\"Seg\\u00edtik a beruh\\u00e1z\\u00e1sokat | AllasOrias.hu | H\\u00edrek-lapszemle\",\"description\":\"Nagyon sok beruh\\u00e1z\\u00e1st seg\\u00edtett eddig a beruh\\u00e1z\\u00e1s \\u00f6szt\\u00f6nz\\u00e9si program, t\\u00f6bb mint 300 milli\\u00e1rd forintot osztottak ki a k\\u00fcl\\u00f6nf\\u00e9le beruh\\u00e1z\\u00e1sok t\\u00e1mogat\\u00e1s\\u00e1ra. 646 v\\u00e1llalatnak utaltak \\u00e1t \\u00f6sszesen 146 milli\\u00e1rd forintnyi t\\u00e1mogat\\u00e1st, amivel 120 ezer munkahelyet siker\\u00fclt megv\\u00e9deni \\u2013 nyilatkozta Sz\\u00edjj\\u00e1rt\\u00f3 P\\u00e9ter k\\u00fcl\\u00fcgyminiszter. A koronav\\u00edrus nyom\\u00e1n kialakult vil\\u00e1gj\\u00e1rv\\u00e1ny nem \\\"csak\\\" eg\\u00e9szs\\u00e9g\\u00fcgyi, hanem komoly gazdas\\u00e1gi kih\\u00edv\\u00e1sokat is eredm\\u00e9nyezett \\u2013\",\"inLanguage\":\"hu-HU\",\"isPartOf\":{\"@id\":\"https:\\\/\\\/allasorias.hu\\\/hirek\\\/#website\"},\"breadcrumb\":{\"@id\":\"https:\\\/\\\/allasorias.hu\\\/hirek\\\/segitik-a-beruhazasokat\\\/#breadcrumblist\"},\"author\":{\"@id\":\"https:\\\/\\\/allasorias.hu\\\/hirek\\\/author\\\/admin-allasorias\\\/#author\"},\"creator\":{\"@id\":\"https:\\\/\\\/allasorias.hu\\\/hirek\\\/author\\\/admin-allasorias\\\/#author\"},\"image\":{\"@type\":\"ImageObject\",\"url\":\"https:\\\/\\\/allasorias.hu\\\/hirek\\\/wp-content\\\/uploads\\\/2020\\\/06\\\/gazdas\\u00e1g.jpg\",\"@id\":\"https:\\\/\\\/allasorias.hu\\\/hirek\\\/segitik-a-beruhazasokat\\\/#mainImage\",\"width\":600,\"height\":400},\"primaryImageOfPage\":{\"@id\":\"https:\\\/\\\/allasorias.hu\\\/hirek\\\/segitik-a-beruhazasokat\\\/#mainImage\"},\"datePublished\":\"2020-08-19T07:06:40+02:00\",\"dateModified\":\"2020-08-19T07:06:40+02:00\"},{\"@type\":\"WebSite\",\"@id\":\"https:\\\/\\\/allasorias.hu\\\/hirek\\\/#website\",\"url\":\"https:\\\/\\\/allasorias.hu\\\/hirek\\\/\",\"name\":\"AllasOrias.hu | H\\u00edrek-lapszemle\",\"description\":\"\\u00dczleti h\\u00edrek az \\u00e1ll\\u00e1s \\u00e9s a munka vil\\u00e1g\\u00e1b\\u00f3l\",\"inLanguage\":\"hu-HU\",\"publisher\":{\"@id\":\"https:\\\/\\\/allasorias.hu\\\/hirek\\\/#organization\"}}]}\n\t\t<\/script>\n\t\t<!-- All in One SEO -->\n\n","aioseo_head_json":{"title":"Seg\u00edtik a beruh\u00e1z\u00e1sokat | AllasOrias.hu | H\u00edrek-lapszemle","description":"Nagyon sok beruh\u00e1z\u00e1st seg\u00edtett eddig a beruh\u00e1z\u00e1s \u00f6szt\u00f6nz\u00e9si program, t\u00f6bb mint 300 milli\u00e1rd forintot osztottak ki a k\u00fcl\u00f6nf\u00e9le beruh\u00e1z\u00e1sok t\u00e1mogat\u00e1s\u00e1ra. 646 v\u00e1llalatnak utaltak \u00e1t \u00f6sszesen 146 milli\u00e1rd forintnyi t\u00e1mogat\u00e1st, amivel 120 ezer munkahelyet siker\u00fclt megv\u00e9deni \u2013 nyilatkozta Sz\u00edjj\u00e1rt\u00f3 P\u00e9ter k\u00fcl\u00fcgyminiszter. A koronav\u00edrus nyom\u00e1n kialakult vil\u00e1gj\u00e1rv\u00e1ny nem \"csak\" eg\u00e9szs\u00e9g\u00fcgyi, hanem komoly gazdas\u00e1gi kih\u00edv\u00e1sokat is eredm\u00e9nyezett \u2013","canonical_url":"https:\/\/allasorias.hu\/hirek\/segitik-a-beruhazasokat\/","robots":"max-image-preview:large","keywords":"","webmasterTools":{"miscellaneous":""},"schema":{"@context":"https:\/\/schema.org","@graph":[{"@type":"Article","@id":"https:\/\/allasorias.hu\/hirek\/segitik-a-beruhazasokat\/#article","name":"Seg\u00edtik a beruh\u00e1z\u00e1sokat | AllasOrias.hu | H\u00edrek-lapszemle","headline":"Seg\u00edtik a beruh\u00e1z\u00e1sokat","author":{"@id":"https:\/\/allasorias.hu\/hirek\/author\/admin-allasorias\/#author"},"publisher":{"@id":"https:\/\/allasorias.hu\/hirek\/#organization"},"image":{"@type":"ImageObject","url":"https:\/\/allasorias.hu\/hirek\/wp-content\/uploads\/2020\/06\/gazdas\u00e1g.jpg","width":600,"height":400},"datePublished":"2020-08-19T07:06:40+02:00","dateModified":"2020-08-19T07:06:40+02:00","inLanguage":"hu-HU","mainEntityOfPage":{"@id":"https:\/\/allasorias.hu\/hirek\/segitik-a-beruhazasokat\/#webpage"},"isPartOf":{"@id":"https:\/\/allasorias.hu\/hirek\/segitik-a-beruhazasokat\/#webpage"},"articleSection":"Gazdas\u00e1g"},{"@type":"BreadcrumbList","@id":"https:\/\/allasorias.hu\/hirek\/segitik-a-beruhazasokat\/#breadcrumblist","itemListElement":[{"@type":"ListItem","@id":"https:\/\/allasorias.hu\/hirek#listItem","position":1,"name":"Home","item":"https:\/\/allasorias.hu\/hirek","nextItem":{"@type":"ListItem","@id":"https:\/\/allasorias.hu\/hirek\/temak\/gazdasag\/#listItem","name":"Gazdas\u00e1g"}},{"@type":"ListItem","@id":"https:\/\/allasorias.hu\/hirek\/temak\/gazdasag\/#listItem","position":2,"name":"Gazdas\u00e1g","item":"https:\/\/allasorias.hu\/hirek\/temak\/gazdasag\/","nextItem":{"@type":"ListItem","@id":"https:\/\/allasorias.hu\/hirek\/segitik-a-beruhazasokat\/#listItem","name":"Seg\u00edtik a beruh\u00e1z\u00e1sokat"},"previousItem":{"@type":"ListItem","@id":"https:\/\/allasorias.hu\/hirek#listItem","name":"Home"}},{"@type":"ListItem","@id":"https:\/\/allasorias.hu\/hirek\/segitik-a-beruhazasokat\/#listItem","position":3,"name":"Seg\u00edtik a beruh\u00e1z\u00e1sokat","previousItem":{"@type":"ListItem","@id":"https:\/\/allasorias.hu\/hirek\/temak\/gazdasag\/#listItem","name":"Gazdas\u00e1g"}}]},{"@type":"Organization","@id":"https:\/\/allasorias.hu\/hirek\/#organization","name":"AllasOrias.hu | H\u00edrek-lapszemle","description":"\u00dczleti h\u00edrek az \u00e1ll\u00e1s \u00e9s a munka vil\u00e1g\u00e1b\u00f3l","url":"https:\/\/allasorias.hu\/hirek\/","logo":{"@type":"ImageObject","url":"https:\/\/allasorias.hu\/hirek\/wp-content\/uploads\/2022\/10\/allasorias_site_facebok_logo.png","@id":"https:\/\/allasorias.hu\/hirek\/segitik-a-beruhazasokat\/#organizationLogo"},"image":{"@id":"https:\/\/allasorias.hu\/hirek\/segitik-a-beruhazasokat\/#organizationLogo"},"sameAs":["https:\/\/www.facebook.com\/allasorias","https:\/\/www.linkedin.com\/company\/allasorias"]},{"@type":"Person","@id":"https:\/\/allasorias.hu\/hirek\/author\/admin-allasorias\/#author","url":"https:\/\/allasorias.hu\/hirek\/author\/admin-allasorias\/","name":"Juh\u00e1sz P\u00e9ter","image":{"@type":"ImageObject","@id":"https:\/\/allasorias.hu\/hirek\/segitik-a-beruhazasokat\/#authorImage","url":"https:\/\/secure.gravatar.com\/avatar\/36e6bcb83148978b992977cb0f54d22feb0cce8a0a849a9410532bb2623ba4c6?s=96&d=mm&r=g","width":96,"height":96,"caption":"Juh\u00e1sz P\u00e9ter"}},{"@type":"WebPage","@id":"https:\/\/allasorias.hu\/hirek\/segitik-a-beruhazasokat\/#webpage","url":"https:\/\/allasorias.hu\/hirek\/segitik-a-beruhazasokat\/","name":"Seg\u00edtik a beruh\u00e1z\u00e1sokat | AllasOrias.hu | H\u00edrek-lapszemle","description":"Nagyon sok beruh\u00e1z\u00e1st seg\u00edtett eddig a beruh\u00e1z\u00e1s \u00f6szt\u00f6nz\u00e9si program, t\u00f6bb mint 300 milli\u00e1rd forintot osztottak ki a k\u00fcl\u00f6nf\u00e9le beruh\u00e1z\u00e1sok t\u00e1mogat\u00e1s\u00e1ra. 646 v\u00e1llalatnak utaltak \u00e1t \u00f6sszesen 146 milli\u00e1rd forintnyi t\u00e1mogat\u00e1st, amivel 120 ezer munkahelyet siker\u00fclt megv\u00e9deni \u2013 nyilatkozta Sz\u00edjj\u00e1rt\u00f3 P\u00e9ter k\u00fcl\u00fcgyminiszter. A koronav\u00edrus nyom\u00e1n kialakult vil\u00e1gj\u00e1rv\u00e1ny nem \"csak\" eg\u00e9szs\u00e9g\u00fcgyi, hanem komoly gazdas\u00e1gi kih\u00edv\u00e1sokat is eredm\u00e9nyezett \u2013","inLanguage":"hu-HU","isPartOf":{"@id":"https:\/\/allasorias.hu\/hirek\/#website"},"breadcrumb":{"@id":"https:\/\/allasorias.hu\/hirek\/segitik-a-beruhazasokat\/#breadcrumblist"},"author":{"@id":"https:\/\/allasorias.hu\/hirek\/author\/admin-allasorias\/#author"},"creator":{"@id":"https:\/\/allasorias.hu\/hirek\/author\/admin-allasorias\/#author"},"image":{"@type":"ImageObject","url":"https:\/\/allasorias.hu\/hirek\/wp-content\/uploads\/2020\/06\/gazdas\u00e1g.jpg","@id":"https:\/\/allasorias.hu\/hirek\/segitik-a-beruhazasokat\/#mainImage","width":600,"height":400},"primaryImageOfPage":{"@id":"https:\/\/allasorias.hu\/hirek\/segitik-a-beruhazasokat\/#mainImage"},"datePublished":"2020-08-19T07:06:40+02:00","dateModified":"2020-08-19T07:06:40+02:00"},{"@type":"WebSite","@id":"https:\/\/allasorias.hu\/hirek\/#website","url":"https:\/\/allasorias.hu\/hirek\/","name":"AllasOrias.hu | H\u00edrek-lapszemle","description":"\u00dczleti h\u00edrek az \u00e1ll\u00e1s \u00e9s a munka vil\u00e1g\u00e1b\u00f3l","inLanguage":"hu-HU","publisher":{"@id":"https:\/\/allasorias.hu\/hirek\/#organization"}}]},"og:locale":"hu_HU","og:site_name":"AllasOrias.hu | H\u00edrek-lapszemle | \u00dczleti h\u00edrek az \u00e1ll\u00e1s \u00e9s a munka vil\u00e1g\u00e1b\u00f3l","og:type":"article","og:title":"Seg\u00edtik a beruh\u00e1z\u00e1sokat | AllasOrias.hu | H\u00edrek-lapszemle","og:description":"Nagyon sok beruh\u00e1z\u00e1st seg\u00edtett eddig a beruh\u00e1z\u00e1s \u00f6szt\u00f6nz\u00e9si program, t\u00f6bb mint 300 milli\u00e1rd forintot osztottak ki a k\u00fcl\u00f6nf\u00e9le beruh\u00e1z\u00e1sok t\u00e1mogat\u00e1s\u00e1ra. 646 v\u00e1llalatnak utaltak \u00e1t \u00f6sszesen 146 milli\u00e1rd forintnyi t\u00e1mogat\u00e1st, amivel 120 ezer munkahelyet siker\u00fclt megv\u00e9deni \u2013 nyilatkozta Sz\u00edjj\u00e1rt\u00f3 P\u00e9ter k\u00fcl\u00fcgyminiszter. A koronav\u00edrus nyom\u00e1n kialakult vil\u00e1gj\u00e1rv\u00e1ny nem &quot;csak&quot; eg\u00e9szs\u00e9g\u00fcgyi, hanem komoly gazdas\u00e1gi kih\u00edv\u00e1sokat is eredm\u00e9nyezett \u2013","og:url":"https:\/\/allasorias.hu\/hirek\/segitik-a-beruhazasokat\/","og:image":"https:\/\/allasorias.hu\/hirek\/wp-content\/uploads\/2020\/06\/gazdas\u00e1g.jpg","og:image:secure_url":"https:\/\/allasorias.hu\/hirek\/wp-content\/uploads\/2020\/06\/gazdas\u00e1g.jpg","og:image:width":600,"og:image:height":400,"article:published_time":"2020-08-19T07:06:40+00:00","article:modified_time":"2020-08-19T07:06:40+00:00","article:publisher":"https:\/\/www.facebook.com\/allasorias","twitter:card":"summary_large_image","twitter:title":"Seg\u00edtik a beruh\u00e1z\u00e1sokat | AllasOrias.hu | H\u00edrek-lapszemle","twitter:description":"Nagyon sok beruh\u00e1z\u00e1st seg\u00edtett eddig a beruh\u00e1z\u00e1s \u00f6szt\u00f6nz\u00e9si program, t\u00f6bb mint 300 milli\u00e1rd forintot osztottak ki a k\u00fcl\u00f6nf\u00e9le beruh\u00e1z\u00e1sok t\u00e1mogat\u00e1s\u00e1ra. 646 v\u00e1llalatnak utaltak \u00e1t \u00f6sszesen 146 milli\u00e1rd forintnyi t\u00e1mogat\u00e1st, amivel 120 ezer munkahelyet siker\u00fclt megv\u00e9deni \u2013 nyilatkozta Sz\u00edjj\u00e1rt\u00f3 P\u00e9ter k\u00fcl\u00fcgyminiszter. A koronav\u00edrus nyom\u00e1n kialakult vil\u00e1gj\u00e1rv\u00e1ny nem &quot;csak&quot; eg\u00e9szs\u00e9g\u00fcgyi, hanem komoly gazdas\u00e1gi kih\u00edv\u00e1sokat is eredm\u00e9nyezett \u2013","twitter:image":"https:\/\/allasorias.hu\/hirek\/wp-content\/uploads\/2020\/06\/gazdas\u00e1g.jpg","twitter:label1":"Written by","twitter:data1":"Juh\u00e1sz P\u00e9ter","twitter:label2":"Est. reading time","twitter:data2":"2 minutes"},"aioseo_meta_data":{"post_id":"4194","title":null,"description":"","keywords":"","keyphrases":null,"primary_term":null,"canonical_url":"","og_title":null,"og_description":null,"og_object_type":"default","og_image_type":"default","og_image_url":null,"og_image_width":null,"og_image_height":null,"og_image_custom_url":null,"og_image_custom_fields":null,"og_video":null,"og_custom_url":null,"og_article_section":null,"og_article_tags":null,"twitter_use_og":false,"twitter_card":"default","twitter_image_type":"default","twitter_image_url":null,"twitter_image_custom_url":null,"twitter_image_custom_fields":null,"twitter_title":null,"twitter_description":null,"schema":{"blockGraphs":[],"customGraphs":[],"default":{"data":{"Article":[],"Course":[],"Dataset":[],"FAQPage":[],"Movie":[],"Person":[],"Product":[],"ProductReview":[],"Car":[],"Recipe":[],"Service":[],"SoftwareApplication":[],"WebPage":[]},"graphName":"","isEnabled":true},"graphs":[]},"schema_type":null,"schema_type_options":null,"pillar_content":false,"robots_default":true,"robots_noindex":false,"robots_noarchive":false,"robots_nosnippet":false,"robots_nofollow":false,"robots_noimageindex":false,"robots_noodp":false,"robots_notranslate":false,"robots_max_snippet":null,"robots_max_videopreview":null,"robots_max_imagepreview":"large","priority":null,"frequency":null,"location":null,"local_seo":null,"breadcrumb_settings":null,"limit_modified_date":false,"ai":null,"created":"2021-02-01 20:46:57","updated":"2025-10-02 14:18:14","seo_analyzer_scan_date":null,"focus_keyword":null,"additional_keywords":null,"truseo_locale":null},"aioseo_breadcrumb":"<div class=\"aioseo-breadcrumbs\"><span class=\"aioseo-breadcrumb\">\n\t\t\t<a href=\"https:\/\/allasorias.hu\/hirek\" title=\"Home\">Home<\/a>\n\t\t<\/span><span class=\"aioseo-breadcrumb-separator\">&raquo;<\/span><span class=\"aioseo-breadcrumb\">\n\t\t\t<a href=\"https:\/\/allasorias.hu\/hirek\/temak\/gazdasag\/\" title=\"Gazdas\u00e1g\">Gazdas\u00e1g<\/a>\n\t\t<\/span><span class=\"aioseo-breadcrumb-separator\">&raquo;<\/span><span class=\"aioseo-breadcrumb\">\n\t\t\tSeg\u00edtik a beruh\u00e1z\u00e1sokat\n\t\t<\/span><\/div>","aioseo_breadcrumb_json":[{"label":"Home","link":"https:\/\/allasorias.hu\/hirek"},{"label":"Gazdas\u00e1g","link":"https:\/\/allasorias.hu\/hirek\/temak\/gazdasag\/"},{"label":"Seg\u00edtik a beruh\u00e1z\u00e1sokat","link":"https:\/\/allasorias.hu\/hirek\/segitik-a-beruhazasokat\/"}],"_links":{"self":[{"href":"https:\/\/allasorias.hu\/hirek\/wp-json\/wp\/v2\/posts\/4194","targetHints":{"allow":["GET"]}}],"collection":[{"href":"https:\/\/allasorias.hu\/hirek\/wp-json\/wp\/v2\/posts"}],"about":[{"href":"https:\/\/allasorias.hu\/hirek\/wp-json\/wp\/v2\/types\/post"}],"author":[{"embeddable":true,"href":"https:\/\/allasorias.hu\/hirek\/wp-json\/wp\/v2\/users\/1"}],"replies":[{"embeddable":true,"href":"https:\/\/allasorias.hu\/hirek\/wp-json\/wp\/v2\/comments?post=4194"}],"version-history":[{"count":1,"href":"https:\/\/allasorias.hu\/hirek\/wp-json\/wp\/v2\/posts\/4194\/revisions"}],"predecessor-version":[{"id":4195,"href":"https:\/\/allasorias.hu\/hirek\/wp-json\/wp\/v2\/posts\/4194\/revisions\/4195"}],"wp:featuredmedia":[{"embeddable":true,"href":"https:\/\/allasorias.hu\/hirek\/wp-json\/wp\/v2\/media\/4052"}],"wp:attachment":[{"href":"https:\/\/allasorias.hu\/hirek\/wp-json\/wp\/v2\/media?parent=4194"}],"wp:term":[{"taxonomy":"category","embeddable":true,"href":"https:\/\/allasorias.hu\/hirek\/wp-json\/wp\/v2\/categories?post=4194"},{"taxonomy":"post_tag","embeddable":true,"href":"https:\/\/allasorias.hu\/hirek\/wp-json\/wp\/v2\/tags?post=4194"}],"curies":[{"name":"wp","href":"https:\/\/api.w.org\/{rel}","templated":true}]}}