{"id":4190,"date":"2020-08-18T14:09:45","date_gmt":"2020-08-18T14:09:45","guid":{"rendered":"https:\/\/allasorias.hu\/hirek\/?p=4190"},"modified":"2020-08-18T14:09:45","modified_gmt":"2020-08-18T14:09:45","slug":"elony-ha-pesti-vagy-es-diplomas","status":"publish","type":"post","link":"https:\/\/allasorias.hu\/hirek\/elony-ha-pesti-vagy-es-diplomas\/","title":{"rendered":"El\u0151ny, ha pesti vagy \u00e9s diplom\u00e1s"},"content":{"rendered":"<p><strong>T\u00f6bb mint sz\u00e1zezren vesz\u00edtett\u00e9k el eddig az \u00e1ll\u00e1sukat haz\u00e1nkban ebben az \u00e9vben. Fontos azonban, hogy ki hol dolgozik, melyik v\u00e1rosban \u00e9s milyen v\u00e9gzetts\u00e9ggel rendelkezik. <\/strong><\/p>\n<p>A koronav\u00edrus-j\u00e1rv\u00e1ny miatti gazdas\u00e1gi v\u00e1ls\u00e1g a k\u00e9pzetlenebbeket s\u00fajtotta ar\u00e1nyaiban a legdrasztikusabban, k\u00f6z\u00fcl\u00fck is azokat, akik olyan szeg\u00e9nyebb megy\u00e9kben \u00e9lnek, ahol egy\u00e9bk\u00e9nt is nagyobb probl\u00e9ma a munkan\u00e9lk\u00fclis\u00e9g. Az abszol\u00fat sz\u00e1mokat n\u00e9zve viszont a diplom\u00e1sokat kev\u00e9sb\u00e9, rajtuk k\u00edv\u00fcl viszont minden csoportot kem\u00e9nyen meg\u00fct\u00f6tt a v\u00e1ls\u00e1g, t\u00edzezr\u00e9vel v\u00e1ltak munkan\u00e9lk\u00fcliv\u00e9 az emberek szakm\u00e1val vagy \u00e9retts\u00e9givel a zseb\u00fckben is. A 24.hu azt n\u00e9zte meg, hogy a munkaer\u0151piac v\u00e1ls\u00e1g miatti zsugorod\u00e1sa kiket \u00e9rintett legink\u00e1bb. Csak m\u00e1rciusr\u00f3l \u00e1prilisra k\u00f6zel 50 ezren jelentkeztek be a munka\u00fcgyi k\u00f6zpontokban, az \u00e9v eleje \u00f3ta pedig 129 700-an jelezt\u00e9k, hogy elvesz\u00edtett\u00e9k a munk\u00e1jukat a Nemzeti Foglalkoztat\u00e1si Szolg\u00e1lat adatai alapj\u00e1n. Az alacsonyabb munkan\u00e9lk\u00fclis\u00e9ggel b\u00fcszk\u00e9lked\u0151 megy\u00e9k sem mutatkoztak v\u00e1ls\u00e1g\u00e1ll\u00f3bbnak, mint a rosszabb gazdas\u00e1gi helyzet\u0171 r\u00e9gi\u00f3k, b\u00e1r a szeg\u00e9nyebb megy\u00e9kben nagyobb es\u00e9llyel vesz\u00edtette el valaki az \u00e1ll\u00e1s\u00e1t, mint a gazdagabbakban. A legink\u00e1bb \u00fct\u00e9s\u00e1ll\u00f3 a f\u0151v\u00e1ros volt, csak minden 54. budapesti foglalkoztatott regisztr\u00e1lt az \u00e9v eleje \u00f3ta munkan\u00e9lk\u00fclik\u00e9nt, mik\u00f6zben Hajd\u00fa-Biharban minden 23., Zal\u00e1ban pedig minden 24. dolgoz\u00f3 elvesz\u00edtette a munk\u00e1j\u00e1t 2020 els\u0151 fel\u00e9ben. K\u00f6zel 2,5 milli\u00f3 f\u00e9rfi foglalkoztatott van az orsz\u00e1gban, 400 ezerrel kevesebb a n\u0151, m\u00e9gis h\u00e9tezerrel t\u00f6bb n\u0151 vesz\u00edtette el az id\u00e9n az \u00e1ll\u00e1s\u00e1t, mint ah\u00e1ny f\u00e9rfi. Orsz\u00e1gosan minden 41. f\u00e9rfi foglalkoztatott, \u00e9s minden 31. dolgoz\u00f3 n\u0151 v\u00e1lt munkan\u00e9lk\u00fcliv\u00e9 janu\u00e1r \u00f3ta. A k\u00e9pzetlen, komolyabb szakk\u00e9pz\u00e9st nem ig\u00e9nyl\u0151 munkak\u00f6r\u00f6kben dolgoz\u00f3k v\u00e1ltak a legval\u00f3sz\u00edn\u0171bben munkan\u00e9lk\u00fcliv\u00e9. A 8 \u00e1ltal\u00e1nost befejez\u0151k k\u00f6z\u00fcl orsz\u00e1gosan minden tizedik foglalkoztatott lett munkan\u00e9lk\u00fcli, de Hevesben p\u00e9ld\u00e1ul minden hatodik. A fels\u0151fok\u00fa v\u00e9gzetts\u00e9g\u0171 foglalkoztatottak k\u00f6z\u00fcl orsz\u00e1gosan mind\u00f6ssze minden 121. lett munkan\u00e9lk\u00fcli. A v\u00e1ls\u00e1g idej\u00e9n teh\u00e1t budapesti diplom\u00e1s foglalkoztatottnak volt a legjobb lenni: k\u00f6z\u00fcl\u00fck csak minden 159. lett munkan\u00e9lk\u00fcli.<\/p>\n<p>Forr\u00e1s: infostart.hu<\/p>\n","protected":false},"excerpt":{"rendered":"<p>T\u00f6bb mint sz\u00e1zezren vesz\u00edtett\u00e9k el eddig az \u00e1ll\u00e1sukat haz\u00e1nkban ebben az \u00e9vben. Fontos azonban, hogy ki hol dolgozik, melyik v\u00e1rosban \u00e9s milyen v\u00e9gzetts\u00e9ggel rendelkezik. A koronav\u00edrus-j\u00e1rv\u00e1ny miatti gazdas\u00e1gi v\u00e1ls\u00e1g a k\u00e9pzetlenebbeket s\u00fajtotta ar\u00e1nyaiban a legdrasztikusabban, k\u00f6z\u00fcl\u00fck is azokat, akik olyan szeg\u00e9nyebb megy\u00e9kben \u00e9lnek, ahol egy\u00e9bk\u00e9nt is nagyobb probl\u00e9ma a munkan\u00e9lk\u00fclis\u00e9g. Az abszol\u00fat sz\u00e1mokat n\u00e9zve viszont [&hellip;]<\/p>\n","protected":false},"author":1,"featured_media":3485,"comment_status":"open","ping_status":"open","sticky":false,"template":"","format":"standard","meta":{"_monsterinsights_skip_tracking":false,"footnotes":""},"categories":[200],"tags":[],"class_list":["post-4190","post","type-post","status-publish","format-standard","has-post-thumbnail","hentry","category-munkaeropiac"],"aioseo_notices":[],"aioseo_head":"\n\t\t<!-- All in One SEO 5.0.0.1 - aioseo.com -->\n\t<meta name=\"description\" content=\"T\u00f6bb mint sz\u00e1zezren vesz\u00edtett\u00e9k el eddig az \u00e1ll\u00e1sukat haz\u00e1nkban ebben az \u00e9vben. Fontos azonban, hogy ki hol dolgozik, melyik v\u00e1rosban \u00e9s milyen v\u00e9gzetts\u00e9ggel rendelkezik. A koronav\u00edrus-j\u00e1rv\u00e1ny miatti gazdas\u00e1gi v\u00e1ls\u00e1g a k\u00e9pzetlenebbeket s\u00fajtotta ar\u00e1nyaiban a legdrasztikusabban, k\u00f6z\u00fcl\u00fck is azokat, akik olyan szeg\u00e9nyebb megy\u00e9kben \u00e9lnek, ahol egy\u00e9bk\u00e9nt is nagyobb probl\u00e9ma a munkan\u00e9lk\u00fclis\u00e9g. Az abszol\u00fat sz\u00e1mokat n\u00e9zve viszont\" \/>\n\t<meta name=\"robots\" content=\"max-image-preview:large\" \/>\n\t<meta name=\"author\" content=\"Juh\u00e1sz P\u00e9ter\"\/>\n\t<link rel=\"canonical\" href=\"https:\/\/allasorias.hu\/hirek\/elony-ha-pesti-vagy-es-diplomas\/\" \/>\n\t<meta name=\"generator\" content=\"All in One SEO (AIOSEO) 5.0.0.1\" \/>\n\t\t<meta property=\"og:locale\" content=\"hu_HU\" \/>\n\t\t<meta property=\"og:site_name\" content=\"AllasOrias.hu | H\u00edrek-lapszemle | \u00dczleti h\u00edrek az \u00e1ll\u00e1s \u00e9s a munka vil\u00e1g\u00e1b\u00f3l\" \/>\n\t\t<meta property=\"og:type\" content=\"article\" \/>\n\t\t<meta property=\"og:title\" content=\"El\u0151ny, ha pesti vagy \u00e9s diplom\u00e1s | AllasOrias.hu | H\u00edrek-lapszemle\" \/>\n\t\t<meta property=\"og:description\" content=\"T\u00f6bb mint sz\u00e1zezren vesz\u00edtett\u00e9k el eddig az \u00e1ll\u00e1sukat haz\u00e1nkban ebben az \u00e9vben. Fontos azonban, hogy ki hol dolgozik, melyik v\u00e1rosban \u00e9s milyen v\u00e9gzetts\u00e9ggel rendelkezik. A koronav\u00edrus-j\u00e1rv\u00e1ny miatti gazdas\u00e1gi v\u00e1ls\u00e1g a k\u00e9pzetlenebbeket s\u00fajtotta ar\u00e1nyaiban a legdrasztikusabban, k\u00f6z\u00fcl\u00fck is azokat, akik olyan szeg\u00e9nyebb megy\u00e9kben \u00e9lnek, ahol egy\u00e9bk\u00e9nt is nagyobb probl\u00e9ma a munkan\u00e9lk\u00fclis\u00e9g. Az abszol\u00fat sz\u00e1mokat n\u00e9zve viszont\" \/>\n\t\t<meta property=\"og:url\" content=\"https:\/\/allasorias.hu\/hirek\/elony-ha-pesti-vagy-es-diplomas\/\" \/>\n\t\t<meta property=\"og:image\" content=\"https:\/\/allasorias.hu\/hirek\/wp-content\/uploads\/2019\/11\/graduation-2038864_640.jpg\" \/>\n\t\t<meta property=\"og:image:secure_url\" content=\"https:\/\/allasorias.hu\/hirek\/wp-content\/uploads\/2019\/11\/graduation-2038864_640.jpg\" \/>\n\t\t<meta property=\"og:image:width\" content=\"640\" \/>\n\t\t<meta property=\"og:image:height\" content=\"426\" \/>\n\t\t<meta property=\"article:published_time\" content=\"2020-08-18T14:09:45+00:00\" \/>\n\t\t<meta property=\"article:modified_time\" content=\"2020-08-18T14:09:45+00:00\" \/>\n\t\t<meta property=\"article:publisher\" content=\"https:\/\/www.facebook.com\/allasorias\" \/>\n\t\t<meta name=\"twitter:card\" content=\"summary_large_image\" \/>\n\t\t<meta name=\"twitter:title\" content=\"El\u0151ny, ha pesti vagy \u00e9s diplom\u00e1s | AllasOrias.hu | H\u00edrek-lapszemle\" \/>\n\t\t<meta name=\"twitter:description\" content=\"T\u00f6bb mint sz\u00e1zezren vesz\u00edtett\u00e9k el eddig az \u00e1ll\u00e1sukat haz\u00e1nkban ebben az \u00e9vben. Fontos azonban, hogy ki hol dolgozik, melyik v\u00e1rosban \u00e9s milyen v\u00e9gzetts\u00e9ggel rendelkezik. A koronav\u00edrus-j\u00e1rv\u00e1ny miatti gazdas\u00e1gi v\u00e1ls\u00e1g a k\u00e9pzetlenebbeket s\u00fajtotta ar\u00e1nyaiban a legdrasztikusabban, k\u00f6z\u00fcl\u00fck is azokat, akik olyan szeg\u00e9nyebb megy\u00e9kben \u00e9lnek, ahol egy\u00e9bk\u00e9nt is nagyobb probl\u00e9ma a munkan\u00e9lk\u00fclis\u00e9g. Az abszol\u00fat sz\u00e1mokat n\u00e9zve viszont\" \/>\n\t\t<meta name=\"twitter:image\" content=\"https:\/\/allasorias.hu\/hirek\/wp-content\/uploads\/2019\/11\/graduation-2038864_640.jpg\" \/>\n\t\t<meta name=\"twitter:label1\" content=\"Written by\" \/>\n\t\t<meta name=\"twitter:data1\" content=\"Juh\u00e1sz P\u00e9ter\" \/>\n\t\t<meta name=\"twitter:label2\" content=\"Est. reading time\" \/>\n\t\t<meta name=\"twitter:data2\" content=\"2 minutes\" \/>\n\t\t<script type=\"application\/ld+json\" class=\"aioseo-schema\">\n\t\t\t{\"@context\":\"https:\\\/\\\/schema.org\",\"@graph\":[{\"@type\":\"Article\",\"@id\":\"https:\\\/\\\/allasorias.hu\\\/hirek\\\/elony-ha-pesti-vagy-es-diplomas\\\/#article\",\"name\":\"El\\u0151ny, ha pesti vagy \\u00e9s diplom\\u00e1s | AllasOrias.hu | H\\u00edrek-lapszemle\",\"headline\":\"El\\u0151ny, ha pesti vagy \\u00e9s diplom\\u00e1s\",\"author\":{\"@id\":\"https:\\\/\\\/allasorias.hu\\\/hirek\\\/author\\\/admin-allasorias\\\/#author\"},\"publisher\":{\"@id\":\"https:\\\/\\\/allasorias.hu\\\/hirek\\\/#organization\"},\"image\":{\"@type\":\"ImageObject\",\"url\":\"https:\\\/\\\/allasorias.hu\\\/hirek\\\/wp-content\\\/uploads\\\/2019\\\/11\\\/graduation-2038864_640.jpg\",\"width\":640,\"height\":426},\"datePublished\":\"2020-08-18T14:09:45+02:00\",\"dateModified\":\"2020-08-18T14:09:45+02:00\",\"inLanguage\":\"hu-HU\",\"mainEntityOfPage\":{\"@id\":\"https:\\\/\\\/allasorias.hu\\\/hirek\\\/elony-ha-pesti-vagy-es-diplomas\\\/#webpage\"},\"isPartOf\":{\"@id\":\"https:\\\/\\\/allasorias.hu\\\/hirek\\\/elony-ha-pesti-vagy-es-diplomas\\\/#webpage\"},\"articleSection\":\"Munkaer\\u0151piac\"},{\"@type\":\"BreadcrumbList\",\"@id\":\"https:\\\/\\\/allasorias.hu\\\/hirek\\\/elony-ha-pesti-vagy-es-diplomas\\\/#breadcrumblist\",\"itemListElement\":[{\"@type\":\"ListItem\",\"@id\":\"https:\\\/\\\/allasorias.hu\\\/hirek#listItem\",\"position\":1,\"name\":\"Home\",\"item\":\"https:\\\/\\\/allasorias.hu\\\/hirek\",\"nextItem\":{\"@type\":\"ListItem\",\"@id\":\"https:\\\/\\\/allasorias.hu\\\/hirek\\\/temak\\\/munkaeropiac\\\/#listItem\",\"name\":\"Munkaer\\u0151piac\"}},{\"@type\":\"ListItem\",\"@id\":\"https:\\\/\\\/allasorias.hu\\\/hirek\\\/temak\\\/munkaeropiac\\\/#listItem\",\"position\":2,\"name\":\"Munkaer\\u0151piac\",\"item\":\"https:\\\/\\\/allasorias.hu\\\/hirek\\\/temak\\\/munkaeropiac\\\/\",\"nextItem\":{\"@type\":\"ListItem\",\"@id\":\"https:\\\/\\\/allasorias.hu\\\/hirek\\\/elony-ha-pesti-vagy-es-diplomas\\\/#listItem\",\"name\":\"El\\u0151ny, ha pesti vagy \\u00e9s diplom\\u00e1s\"},\"previousItem\":{\"@type\":\"ListItem\",\"@id\":\"https:\\\/\\\/allasorias.hu\\\/hirek#listItem\",\"name\":\"Home\"}},{\"@type\":\"ListItem\",\"@id\":\"https:\\\/\\\/allasorias.hu\\\/hirek\\\/elony-ha-pesti-vagy-es-diplomas\\\/#listItem\",\"position\":3,\"name\":\"El\\u0151ny, ha pesti vagy \\u00e9s diplom\\u00e1s\",\"previousItem\":{\"@type\":\"ListItem\",\"@id\":\"https:\\\/\\\/allasorias.hu\\\/hirek\\\/temak\\\/munkaeropiac\\\/#listItem\",\"name\":\"Munkaer\\u0151piac\"}}]},{\"@type\":\"Organization\",\"@id\":\"https:\\\/\\\/allasorias.hu\\\/hirek\\\/#organization\",\"name\":\"AllasOrias.hu | H\\u00edrek-lapszemle\",\"description\":\"\\u00dczleti h\\u00edrek az \\u00e1ll\\u00e1s \\u00e9s a munka vil\\u00e1g\\u00e1b\\u00f3l\",\"url\":\"https:\\\/\\\/allasorias.hu\\\/hirek\\\/\",\"logo\":{\"@type\":\"ImageObject\",\"url\":\"https:\\\/\\\/allasorias.hu\\\/hirek\\\/wp-content\\\/uploads\\\/2022\\\/10\\\/allasorias_site_facebok_logo.png\",\"@id\":\"https:\\\/\\\/allasorias.hu\\\/hirek\\\/elony-ha-pesti-vagy-es-diplomas\\\/#organizationLogo\"},\"image\":{\"@id\":\"https:\\\/\\\/allasorias.hu\\\/hirek\\\/elony-ha-pesti-vagy-es-diplomas\\\/#organizationLogo\"},\"sameAs\":[\"https:\\\/\\\/www.facebook.com\\\/allasorias\",\"https:\\\/\\\/www.linkedin.com\\\/company\\\/allasorias\"]},{\"@type\":\"Person\",\"@id\":\"https:\\\/\\\/allasorias.hu\\\/hirek\\\/author\\\/admin-allasorias\\\/#author\",\"url\":\"https:\\\/\\\/allasorias.hu\\\/hirek\\\/author\\\/admin-allasorias\\\/\",\"name\":\"Juh\\u00e1sz P\\u00e9ter\",\"image\":{\"@type\":\"ImageObject\",\"@id\":\"https:\\\/\\\/allasorias.hu\\\/hirek\\\/elony-ha-pesti-vagy-es-diplomas\\\/#authorImage\",\"url\":\"https:\\\/\\\/secure.gravatar.com\\\/avatar\\\/36e6bcb83148978b992977cb0f54d22feb0cce8a0a849a9410532bb2623ba4c6?s=96&d=mm&r=g\",\"width\":96,\"height\":96,\"caption\":\"Juh\\u00e1sz P\\u00e9ter\"}},{\"@type\":\"WebPage\",\"@id\":\"https:\\\/\\\/allasorias.hu\\\/hirek\\\/elony-ha-pesti-vagy-es-diplomas\\\/#webpage\",\"url\":\"https:\\\/\\\/allasorias.hu\\\/hirek\\\/elony-ha-pesti-vagy-es-diplomas\\\/\",\"name\":\"El\\u0151ny, ha pesti vagy \\u00e9s diplom\\u00e1s | AllasOrias.hu | H\\u00edrek-lapszemle\",\"description\":\"T\\u00f6bb mint sz\\u00e1zezren vesz\\u00edtett\\u00e9k el eddig az \\u00e1ll\\u00e1sukat haz\\u00e1nkban ebben az \\u00e9vben. Fontos azonban, hogy ki hol dolgozik, melyik v\\u00e1rosban \\u00e9s milyen v\\u00e9gzetts\\u00e9ggel rendelkezik. A koronav\\u00edrus-j\\u00e1rv\\u00e1ny miatti gazdas\\u00e1gi v\\u00e1ls\\u00e1g a k\\u00e9pzetlenebbeket s\\u00fajtotta ar\\u00e1nyaiban a legdrasztikusabban, k\\u00f6z\\u00fcl\\u00fck is azokat, akik olyan szeg\\u00e9nyebb megy\\u00e9kben \\u00e9lnek, ahol egy\\u00e9bk\\u00e9nt is nagyobb probl\\u00e9ma a munkan\\u00e9lk\\u00fclis\\u00e9g. Az abszol\\u00fat sz\\u00e1mokat n\\u00e9zve viszont\",\"inLanguage\":\"hu-HU\",\"isPartOf\":{\"@id\":\"https:\\\/\\\/allasorias.hu\\\/hirek\\\/#website\"},\"breadcrumb\":{\"@id\":\"https:\\\/\\\/allasorias.hu\\\/hirek\\\/elony-ha-pesti-vagy-es-diplomas\\\/#breadcrumblist\"},\"author\":{\"@id\":\"https:\\\/\\\/allasorias.hu\\\/hirek\\\/author\\\/admin-allasorias\\\/#author\"},\"creator\":{\"@id\":\"https:\\\/\\\/allasorias.hu\\\/hirek\\\/author\\\/admin-allasorias\\\/#author\"},\"image\":{\"@type\":\"ImageObject\",\"url\":\"https:\\\/\\\/allasorias.hu\\\/hirek\\\/wp-content\\\/uploads\\\/2019\\\/11\\\/graduation-2038864_640.jpg\",\"@id\":\"https:\\\/\\\/allasorias.hu\\\/hirek\\\/elony-ha-pesti-vagy-es-diplomas\\\/#mainImage\",\"width\":640,\"height\":426},\"primaryImageOfPage\":{\"@id\":\"https:\\\/\\\/allasorias.hu\\\/hirek\\\/elony-ha-pesti-vagy-es-diplomas\\\/#mainImage\"},\"datePublished\":\"2020-08-18T14:09:45+02:00\",\"dateModified\":\"2020-08-18T14:09:45+02:00\"},{\"@type\":\"WebSite\",\"@id\":\"https:\\\/\\\/allasorias.hu\\\/hirek\\\/#website\",\"url\":\"https:\\\/\\\/allasorias.hu\\\/hirek\\\/\",\"name\":\"AllasOrias.hu | H\\u00edrek-lapszemle\",\"description\":\"\\u00dczleti h\\u00edrek az \\u00e1ll\\u00e1s \\u00e9s a munka vil\\u00e1g\\u00e1b\\u00f3l\",\"inLanguage\":\"hu-HU\",\"publisher\":{\"@id\":\"https:\\\/\\\/allasorias.hu\\\/hirek\\\/#organization\"}}]}\n\t\t<\/script>\n\t\t<!-- All in One SEO -->\n\n","aioseo_head_json":{"title":"El\u0151ny, ha pesti vagy \u00e9s diplom\u00e1s | AllasOrias.hu | H\u00edrek-lapszemle","description":"T\u00f6bb mint sz\u00e1zezren vesz\u00edtett\u00e9k el eddig az \u00e1ll\u00e1sukat haz\u00e1nkban ebben az \u00e9vben. Fontos azonban, hogy ki hol dolgozik, melyik v\u00e1rosban \u00e9s milyen v\u00e9gzetts\u00e9ggel rendelkezik. A koronav\u00edrus-j\u00e1rv\u00e1ny miatti gazdas\u00e1gi v\u00e1ls\u00e1g a k\u00e9pzetlenebbeket s\u00fajtotta ar\u00e1nyaiban a legdrasztikusabban, k\u00f6z\u00fcl\u00fck is azokat, akik olyan szeg\u00e9nyebb megy\u00e9kben \u00e9lnek, ahol egy\u00e9bk\u00e9nt is nagyobb probl\u00e9ma a munkan\u00e9lk\u00fclis\u00e9g. Az abszol\u00fat sz\u00e1mokat n\u00e9zve viszont","canonical_url":"https:\/\/allasorias.hu\/hirek\/elony-ha-pesti-vagy-es-diplomas\/","robots":"max-image-preview:large","keywords":"","webmasterTools":{"miscellaneous":""},"schema":{"@context":"https:\/\/schema.org","@graph":[{"@type":"Article","@id":"https:\/\/allasorias.hu\/hirek\/elony-ha-pesti-vagy-es-diplomas\/#article","name":"El\u0151ny, ha pesti vagy \u00e9s diplom\u00e1s | AllasOrias.hu | H\u00edrek-lapszemle","headline":"El\u0151ny, ha pesti vagy \u00e9s diplom\u00e1s","author":{"@id":"https:\/\/allasorias.hu\/hirek\/author\/admin-allasorias\/#author"},"publisher":{"@id":"https:\/\/allasorias.hu\/hirek\/#organization"},"image":{"@type":"ImageObject","url":"https:\/\/allasorias.hu\/hirek\/wp-content\/uploads\/2019\/11\/graduation-2038864_640.jpg","width":640,"height":426},"datePublished":"2020-08-18T14:09:45+02:00","dateModified":"2020-08-18T14:09:45+02:00","inLanguage":"hu-HU","mainEntityOfPage":{"@id":"https:\/\/allasorias.hu\/hirek\/elony-ha-pesti-vagy-es-diplomas\/#webpage"},"isPartOf":{"@id":"https:\/\/allasorias.hu\/hirek\/elony-ha-pesti-vagy-es-diplomas\/#webpage"},"articleSection":"Munkaer\u0151piac"},{"@type":"BreadcrumbList","@id":"https:\/\/allasorias.hu\/hirek\/elony-ha-pesti-vagy-es-diplomas\/#breadcrumblist","itemListElement":[{"@type":"ListItem","@id":"https:\/\/allasorias.hu\/hirek#listItem","position":1,"name":"Home","item":"https:\/\/allasorias.hu\/hirek","nextItem":{"@type":"ListItem","@id":"https:\/\/allasorias.hu\/hirek\/temak\/munkaeropiac\/#listItem","name":"Munkaer\u0151piac"}},{"@type":"ListItem","@id":"https:\/\/allasorias.hu\/hirek\/temak\/munkaeropiac\/#listItem","position":2,"name":"Munkaer\u0151piac","item":"https:\/\/allasorias.hu\/hirek\/temak\/munkaeropiac\/","nextItem":{"@type":"ListItem","@id":"https:\/\/allasorias.hu\/hirek\/elony-ha-pesti-vagy-es-diplomas\/#listItem","name":"El\u0151ny, ha pesti vagy \u00e9s diplom\u00e1s"},"previousItem":{"@type":"ListItem","@id":"https:\/\/allasorias.hu\/hirek#listItem","name":"Home"}},{"@type":"ListItem","@id":"https:\/\/allasorias.hu\/hirek\/elony-ha-pesti-vagy-es-diplomas\/#listItem","position":3,"name":"El\u0151ny, ha pesti vagy \u00e9s diplom\u00e1s","previousItem":{"@type":"ListItem","@id":"https:\/\/allasorias.hu\/hirek\/temak\/munkaeropiac\/#listItem","name":"Munkaer\u0151piac"}}]},{"@type":"Organization","@id":"https:\/\/allasorias.hu\/hirek\/#organization","name":"AllasOrias.hu | H\u00edrek-lapszemle","description":"\u00dczleti h\u00edrek az \u00e1ll\u00e1s \u00e9s a munka vil\u00e1g\u00e1b\u00f3l","url":"https:\/\/allasorias.hu\/hirek\/","logo":{"@type":"ImageObject","url":"https:\/\/allasorias.hu\/hirek\/wp-content\/uploads\/2022\/10\/allasorias_site_facebok_logo.png","@id":"https:\/\/allasorias.hu\/hirek\/elony-ha-pesti-vagy-es-diplomas\/#organizationLogo"},"image":{"@id":"https:\/\/allasorias.hu\/hirek\/elony-ha-pesti-vagy-es-diplomas\/#organizationLogo"},"sameAs":["https:\/\/www.facebook.com\/allasorias","https:\/\/www.linkedin.com\/company\/allasorias"]},{"@type":"Person","@id":"https:\/\/allasorias.hu\/hirek\/author\/admin-allasorias\/#author","url":"https:\/\/allasorias.hu\/hirek\/author\/admin-allasorias\/","name":"Juh\u00e1sz P\u00e9ter","image":{"@type":"ImageObject","@id":"https:\/\/allasorias.hu\/hirek\/elony-ha-pesti-vagy-es-diplomas\/#authorImage","url":"https:\/\/secure.gravatar.com\/avatar\/36e6bcb83148978b992977cb0f54d22feb0cce8a0a849a9410532bb2623ba4c6?s=96&d=mm&r=g","width":96,"height":96,"caption":"Juh\u00e1sz P\u00e9ter"}},{"@type":"WebPage","@id":"https:\/\/allasorias.hu\/hirek\/elony-ha-pesti-vagy-es-diplomas\/#webpage","url":"https:\/\/allasorias.hu\/hirek\/elony-ha-pesti-vagy-es-diplomas\/","name":"El\u0151ny, ha pesti vagy \u00e9s diplom\u00e1s | AllasOrias.hu | H\u00edrek-lapszemle","description":"T\u00f6bb mint sz\u00e1zezren vesz\u00edtett\u00e9k el eddig az \u00e1ll\u00e1sukat haz\u00e1nkban ebben az \u00e9vben. Fontos azonban, hogy ki hol dolgozik, melyik v\u00e1rosban \u00e9s milyen v\u00e9gzetts\u00e9ggel rendelkezik. A koronav\u00edrus-j\u00e1rv\u00e1ny miatti gazdas\u00e1gi v\u00e1ls\u00e1g a k\u00e9pzetlenebbeket s\u00fajtotta ar\u00e1nyaiban a legdrasztikusabban, k\u00f6z\u00fcl\u00fck is azokat, akik olyan szeg\u00e9nyebb megy\u00e9kben \u00e9lnek, ahol egy\u00e9bk\u00e9nt is nagyobb probl\u00e9ma a munkan\u00e9lk\u00fclis\u00e9g. Az abszol\u00fat sz\u00e1mokat n\u00e9zve viszont","inLanguage":"hu-HU","isPartOf":{"@id":"https:\/\/allasorias.hu\/hirek\/#website"},"breadcrumb":{"@id":"https:\/\/allasorias.hu\/hirek\/elony-ha-pesti-vagy-es-diplomas\/#breadcrumblist"},"author":{"@id":"https:\/\/allasorias.hu\/hirek\/author\/admin-allasorias\/#author"},"creator":{"@id":"https:\/\/allasorias.hu\/hirek\/author\/admin-allasorias\/#author"},"image":{"@type":"ImageObject","url":"https:\/\/allasorias.hu\/hirek\/wp-content\/uploads\/2019\/11\/graduation-2038864_640.jpg","@id":"https:\/\/allasorias.hu\/hirek\/elony-ha-pesti-vagy-es-diplomas\/#mainImage","width":640,"height":426},"primaryImageOfPage":{"@id":"https:\/\/allasorias.hu\/hirek\/elony-ha-pesti-vagy-es-diplomas\/#mainImage"},"datePublished":"2020-08-18T14:09:45+02:00","dateModified":"2020-08-18T14:09:45+02:00"},{"@type":"WebSite","@id":"https:\/\/allasorias.hu\/hirek\/#website","url":"https:\/\/allasorias.hu\/hirek\/","name":"AllasOrias.hu | H\u00edrek-lapszemle","description":"\u00dczleti h\u00edrek az \u00e1ll\u00e1s \u00e9s a munka vil\u00e1g\u00e1b\u00f3l","inLanguage":"hu-HU","publisher":{"@id":"https:\/\/allasorias.hu\/hirek\/#organization"}}]},"og:locale":"hu_HU","og:site_name":"AllasOrias.hu | H\u00edrek-lapszemle | \u00dczleti h\u00edrek az \u00e1ll\u00e1s \u00e9s a munka vil\u00e1g\u00e1b\u00f3l","og:type":"article","og:title":"El\u0151ny, ha pesti vagy \u00e9s diplom\u00e1s | AllasOrias.hu | H\u00edrek-lapszemle","og:description":"T\u00f6bb mint sz\u00e1zezren vesz\u00edtett\u00e9k el eddig az \u00e1ll\u00e1sukat haz\u00e1nkban ebben az \u00e9vben. Fontos azonban, hogy ki hol dolgozik, melyik v\u00e1rosban \u00e9s milyen v\u00e9gzetts\u00e9ggel rendelkezik. A koronav\u00edrus-j\u00e1rv\u00e1ny miatti gazdas\u00e1gi v\u00e1ls\u00e1g a k\u00e9pzetlenebbeket s\u00fajtotta ar\u00e1nyaiban a legdrasztikusabban, k\u00f6z\u00fcl\u00fck is azokat, akik olyan szeg\u00e9nyebb megy\u00e9kben \u00e9lnek, ahol egy\u00e9bk\u00e9nt is nagyobb probl\u00e9ma a munkan\u00e9lk\u00fclis\u00e9g. Az abszol\u00fat sz\u00e1mokat n\u00e9zve viszont","og:url":"https:\/\/allasorias.hu\/hirek\/elony-ha-pesti-vagy-es-diplomas\/","og:image":"https:\/\/allasorias.hu\/hirek\/wp-content\/uploads\/2019\/11\/graduation-2038864_640.jpg","og:image:secure_url":"https:\/\/allasorias.hu\/hirek\/wp-content\/uploads\/2019\/11\/graduation-2038864_640.jpg","og:image:width":640,"og:image:height":426,"article:published_time":"2020-08-18T14:09:45+00:00","article:modified_time":"2020-08-18T14:09:45+00:00","article:publisher":"https:\/\/www.facebook.com\/allasorias","twitter:card":"summary_large_image","twitter:title":"El\u0151ny, ha pesti vagy \u00e9s diplom\u00e1s | AllasOrias.hu | H\u00edrek-lapszemle","twitter:description":"T\u00f6bb mint sz\u00e1zezren vesz\u00edtett\u00e9k el eddig az \u00e1ll\u00e1sukat haz\u00e1nkban ebben az \u00e9vben. Fontos azonban, hogy ki hol dolgozik, melyik v\u00e1rosban \u00e9s milyen v\u00e9gzetts\u00e9ggel rendelkezik. A koronav\u00edrus-j\u00e1rv\u00e1ny miatti gazdas\u00e1gi v\u00e1ls\u00e1g a k\u00e9pzetlenebbeket s\u00fajtotta ar\u00e1nyaiban a legdrasztikusabban, k\u00f6z\u00fcl\u00fck is azokat, akik olyan szeg\u00e9nyebb megy\u00e9kben \u00e9lnek, ahol egy\u00e9bk\u00e9nt is nagyobb probl\u00e9ma a munkan\u00e9lk\u00fclis\u00e9g. Az abszol\u00fat sz\u00e1mokat n\u00e9zve viszont","twitter:image":"https:\/\/allasorias.hu\/hirek\/wp-content\/uploads\/2019\/11\/graduation-2038864_640.jpg","twitter:label1":"Written by","twitter:data1":"Juh\u00e1sz P\u00e9ter","twitter:label2":"Est. reading time","twitter:data2":"2 minutes"},"aioseo_meta_data":{"post_id":"4190","title":null,"description":"","keywords":"","keyphrases":null,"primary_term":null,"canonical_url":"","og_title":null,"og_description":null,"og_object_type":"default","og_image_type":"default","og_image_url":null,"og_image_width":null,"og_image_height":null,"og_image_custom_url":null,"og_image_custom_fields":null,"og_video":null,"og_custom_url":null,"og_article_section":null,"og_article_tags":null,"twitter_use_og":false,"twitter_card":"default","twitter_image_type":"default","twitter_image_url":null,"twitter_image_custom_url":null,"twitter_image_custom_fields":null,"twitter_title":null,"twitter_description":null,"schema":{"blockGraphs":[],"customGraphs":[],"default":{"data":{"Article":[],"Course":[],"Dataset":[],"FAQPage":[],"Movie":[],"Person":[],"Product":[],"ProductReview":[],"Car":[],"Recipe":[],"Service":[],"SoftwareApplication":[],"WebPage":[]},"graphName":"","isEnabled":true},"graphs":[],"defaultGraph":"","defaultPostTypeGraph":""},"schema_type":null,"schema_type_options":null,"pillar_content":false,"robots_default":true,"robots_noindex":false,"robots_noarchive":false,"robots_nosnippet":false,"robots_nofollow":false,"robots_noimageindex":false,"robots_noodp":false,"robots_notranslate":false,"robots_max_snippet":null,"robots_max_videopreview":null,"robots_max_imagepreview":"large","priority":null,"frequency":null,"location":null,"local_seo":null,"breadcrumb_settings":null,"limit_modified_date":false,"ai":null,"created":"2021-02-01 20:46:57","updated":"2025-10-02 14:18:14","seo_analyzer_scan_date":null,"focus_keyword":null,"additional_keywords":null,"truseo_locale":null},"aioseo_breadcrumb":"<div class=\"aioseo-breadcrumbs\"><span class=\"aioseo-breadcrumb\">\n\t\t\t<a href=\"https:\/\/allasorias.hu\/hirek\" title=\"Home\">Home<\/a>\n\t\t<\/span><span class=\"aioseo-breadcrumb-separator\">&raquo;<\/span><span class=\"aioseo-breadcrumb\">\n\t\t\t<a href=\"https:\/\/allasorias.hu\/hirek\/temak\/munkaeropiac\/\" title=\"Munkaer\u0151piac\">Munkaer\u0151piac<\/a>\n\t\t<\/span><span class=\"aioseo-breadcrumb-separator\">&raquo;<\/span><span class=\"aioseo-breadcrumb\">\n\t\t\tEl\u0151ny, ha pesti vagy \u00e9s diplom\u00e1s\n\t\t<\/span><\/div>","aioseo_breadcrumb_json":[{"label":"Home","link":"https:\/\/allasorias.hu\/hirek"},{"label":"Munkaer\u0151piac","link":"https:\/\/allasorias.hu\/hirek\/temak\/munkaeropiac\/"},{"label":"El\u0151ny, ha pesti vagy \u00e9s diplom\u00e1s","link":"https:\/\/allasorias.hu\/hirek\/elony-ha-pesti-vagy-es-diplomas\/"}],"_links":{"self":[{"href":"https:\/\/allasorias.hu\/hirek\/wp-json\/wp\/v2\/posts\/4190","targetHints":{"allow":["GET"]}}],"collection":[{"href":"https:\/\/allasorias.hu\/hirek\/wp-json\/wp\/v2\/posts"}],"about":[{"href":"https:\/\/allasorias.hu\/hirek\/wp-json\/wp\/v2\/types\/post"}],"author":[{"embeddable":true,"href":"https:\/\/allasorias.hu\/hirek\/wp-json\/wp\/v2\/users\/1"}],"replies":[{"embeddable":true,"href":"https:\/\/allasorias.hu\/hirek\/wp-json\/wp\/v2\/comments?post=4190"}],"version-history":[{"count":1,"href":"https:\/\/allasorias.hu\/hirek\/wp-json\/wp\/v2\/posts\/4190\/revisions"}],"predecessor-version":[{"id":4191,"href":"https:\/\/allasorias.hu\/hirek\/wp-json\/wp\/v2\/posts\/4190\/revisions\/4191"}],"wp:featuredmedia":[{"embeddable":true,"href":"https:\/\/allasorias.hu\/hirek\/wp-json\/wp\/v2\/media\/3485"}],"wp:attachment":[{"href":"https:\/\/allasorias.hu\/hirek\/wp-json\/wp\/v2\/media?parent=4190"}],"wp:term":[{"taxonomy":"category","embeddable":true,"href":"https:\/\/allasorias.hu\/hirek\/wp-json\/wp\/v2\/categories?post=4190"},{"taxonomy":"post_tag","embeddable":true,"href":"https:\/\/allasorias.hu\/hirek\/wp-json\/wp\/v2\/tags?post=4190"}],"curies":[{"name":"wp","href":"https:\/\/api.w.org\/{rel}","templated":true}]}}