{"id":4188,"date":"2020-08-17T06:48:48","date_gmt":"2020-08-17T06:48:48","guid":{"rendered":"https:\/\/allasorias.hu\/hirek\/?p=4188"},"modified":"2020-08-17T06:48:48","modified_gmt":"2020-08-17T06:48:48","slug":"segitik-a-megvaltozott-munkakepessegueket","status":"publish","type":"post","link":"https:\/\/allasorias.hu\/hirek\/segitik-a-megvaltozott-munkakepessegueket\/","title":{"rendered":"Seg\u00edtik a megv\u00e1ltozott munkak\u00e9pess\u00e9g\u0171eket"},"content":{"rendered":"<p><strong>\u00dajabb seg\u00edts\u00e9get kapnak a megv\u00e1ltozott munkak\u00e9pess\u00e9g\u0171eket foglalkoztat\u00f3k. Szeptember 10-ig lehet p\u00e1ly\u00e1zatokat beadni a Foglalkoztat\u00e1s 2020 programban, amelyben 182 milli\u00f3 forint \u00e9rhet\u0151 el megv\u00e1ltozott munkak\u00e9pess\u00e9g\u0171 emberek foglalkoztat\u00e1s\u00e1nak t\u00e1mogat\u00e1s\u00e1ra \u2013 mondta az Emberi Er\u0151forr\u00e1sok Miniszt\u00e9rium\u00e1nak (Emmi) szoci\u00e1lis \u00fcgyek\u00e9rt \u00e9s t\u00e1rsadalmi felz\u00e1rk\u00f3z\u00e1s\u00e9rt felel\u0151s \u00e1llamtitk\u00e1ra.<\/strong><\/p>\n<p>F\u00fcl\u00f6p Attila elmondta, hogy \u00f6t\u00f6dik alkalommal \u00edrt\u00e1k ki a p\u00e1ly\u00e1zatot, amelynek c\u00e9lja a megv\u00e1ltozott munkak\u00e9pess\u00e9g\u0171 emberek foglalkoztat\u00e1s\u00e1t \u00e9s munkaer\u0151piaci integr\u00e1ci\u00f3j\u00e1t seg\u00edt\u0151 programok t\u00e1mogat\u00e1sa. A p\u00e1ly\u00e1zaton elnyerhet\u0151 legkisebb t\u00e1mogat\u00e1s egymilli\u00f3, a legnagyobb nyolcmilli\u00f3 forint. Fontos \u00faj\u00edt\u00e1s, hogy csak olyan p\u00e1ly\u00e1zat adhat\u00f3 be, amelynek beny\u00fajt\u00f3ja egy\u00fcttm\u0171k\u00f6dik ny\u00edlt piaci c\u00e9gekkel, hogy a megv\u00e1ltozott munkak\u00e9pess\u00e9g\u0171ek \u00e1ltal el\u0151\u00e1ll\u00edtott term\u00e9kek, szolg\u00e1ltat\u00e1sok megjelenjenek a piacon \u2013 f\u0171zte hozz\u00e1 az \u00e1llamtitk\u00e1r.<\/p>\n<p>Forr\u00e1s: pestisracok.hu<\/p>\n","protected":false},"excerpt":{"rendered":"<p>\u00dajabb seg\u00edts\u00e9get kapnak a megv\u00e1ltozott munkak\u00e9pess\u00e9g\u0171eket foglalkoztat\u00f3k. Szeptember 10-ig lehet p\u00e1ly\u00e1zatokat beadni a Foglalkoztat\u00e1s 2020 programban, amelyben 182 milli\u00f3 forint \u00e9rhet\u0151 el megv\u00e1ltozott munkak\u00e9pess\u00e9g\u0171 emberek foglalkoztat\u00e1s\u00e1nak t\u00e1mogat\u00e1s\u00e1ra \u2013 mondta az Emberi Er\u0151forr\u00e1sok Miniszt\u00e9rium\u00e1nak (Emmi) szoci\u00e1lis \u00fcgyek\u00e9rt \u00e9s t\u00e1rsadalmi felz\u00e1rk\u00f3z\u00e1s\u00e9rt felel\u0151s \u00e1llamtitk\u00e1ra. F\u00fcl\u00f6p Attila elmondta, hogy \u00f6t\u00f6dik alkalommal \u00edrt\u00e1k ki a p\u00e1ly\u00e1zatot, amelynek c\u00e9lja a megv\u00e1ltozott [&hellip;]<\/p>\n","protected":false},"author":1,"featured_media":2263,"comment_status":"open","ping_status":"open","sticky":false,"template":"","format":"standard","meta":{"_monsterinsights_skip_tracking":false,"footnotes":""},"categories":[1,200],"tags":[],"class_list":["post-4188","post","type-post","status-publish","format-standard","has-post-thumbnail","hentry","category-allaskereses","category-munkaeropiac"],"aioseo_notices":[],"aioseo_head":"\n\t\t<!-- All in One SEO 5.0.0.1 - aioseo.com -->\n\t<meta name=\"description\" content=\"\u00dajabb seg\u00edts\u00e9get kapnak a megv\u00e1ltozott munkak\u00e9pess\u00e9g\u0171eket foglalkoztat\u00f3k. Szeptember 10-ig lehet p\u00e1ly\u00e1zatokat beadni a Foglalkoztat\u00e1s 2020 programban, amelyben 182 milli\u00f3 forint \u00e9rhet\u0151 el megv\u00e1ltozott munkak\u00e9pess\u00e9g\u0171 emberek foglalkoztat\u00e1s\u00e1nak t\u00e1mogat\u00e1s\u00e1ra \u2013 mondta az Emberi Er\u0151forr\u00e1sok Miniszt\u00e9rium\u00e1nak (Emmi) szoci\u00e1lis \u00fcgyek\u00e9rt \u00e9s t\u00e1rsadalmi felz\u00e1rk\u00f3z\u00e1s\u00e9rt felel\u0151s \u00e1llamtitk\u00e1ra. F\u00fcl\u00f6p Attila elmondta, hogy \u00f6t\u00f6dik alkalommal \u00edrt\u00e1k ki a p\u00e1ly\u00e1zatot, amelynek c\u00e9lja a megv\u00e1ltozott\" \/>\n\t<meta name=\"robots\" content=\"max-image-preview:large\" \/>\n\t<meta name=\"author\" content=\"Juh\u00e1sz P\u00e9ter\"\/>\n\t<link rel=\"canonical\" href=\"https:\/\/allasorias.hu\/hirek\/segitik-a-megvaltozott-munkakepessegueket\/\" \/>\n\t<meta name=\"generator\" content=\"All in One SEO (AIOSEO) 5.0.0.1\" \/>\n\t\t<meta property=\"og:locale\" content=\"hu_HU\" \/>\n\t\t<meta property=\"og:site_name\" content=\"AllasOrias.hu | H\u00edrek-lapszemle | \u00dczleti h\u00edrek az \u00e1ll\u00e1s \u00e9s a munka vil\u00e1g\u00e1b\u00f3l\" \/>\n\t\t<meta property=\"og:type\" content=\"article\" \/>\n\t\t<meta property=\"og:title\" content=\"Seg\u00edtik a megv\u00e1ltozott munkak\u00e9pess\u00e9g\u0171eket | AllasOrias.hu | H\u00edrek-lapszemle\" \/>\n\t\t<meta property=\"og:description\" content=\"\u00dajabb seg\u00edts\u00e9get kapnak a megv\u00e1ltozott munkak\u00e9pess\u00e9g\u0171eket foglalkoztat\u00f3k. Szeptember 10-ig lehet p\u00e1ly\u00e1zatokat beadni a Foglalkoztat\u00e1s 2020 programban, amelyben 182 milli\u00f3 forint \u00e9rhet\u0151 el megv\u00e1ltozott munkak\u00e9pess\u00e9g\u0171 emberek foglalkoztat\u00e1s\u00e1nak t\u00e1mogat\u00e1s\u00e1ra \u2013 mondta az Emberi Er\u0151forr\u00e1sok Miniszt\u00e9rium\u00e1nak (Emmi) szoci\u00e1lis \u00fcgyek\u00e9rt \u00e9s t\u00e1rsadalmi felz\u00e1rk\u00f3z\u00e1s\u00e9rt felel\u0151s \u00e1llamtitk\u00e1ra. F\u00fcl\u00f6p Attila elmondta, hogy \u00f6t\u00f6dik alkalommal \u00edrt\u00e1k ki a p\u00e1ly\u00e1zatot, amelynek c\u00e9lja a megv\u00e1ltozott\" \/>\n\t\t<meta property=\"og:url\" content=\"https:\/\/allasorias.hu\/hirek\/segitik-a-megvaltozott-munkakepessegueket\/\" \/>\n\t\t<meta property=\"og:image\" content=\"https:\/\/allasorias.hu\/hirek\/wp-content\/uploads\/2018\/12\/disabled-2199122_640.jpg\" \/>\n\t\t<meta property=\"og:image:secure_url\" content=\"https:\/\/allasorias.hu\/hirek\/wp-content\/uploads\/2018\/12\/disabled-2199122_640.jpg\" \/>\n\t\t<meta property=\"og:image:width\" content=\"640\" \/>\n\t\t<meta property=\"og:image:height\" content=\"425\" \/>\n\t\t<meta property=\"article:published_time\" content=\"2020-08-17T06:48:48+00:00\" \/>\n\t\t<meta property=\"article:modified_time\" content=\"2020-08-17T06:48:48+00:00\" \/>\n\t\t<meta property=\"article:publisher\" content=\"https:\/\/www.facebook.com\/allasorias\" \/>\n\t\t<meta name=\"twitter:card\" content=\"summary_large_image\" \/>\n\t\t<meta name=\"twitter:title\" content=\"Seg\u00edtik a megv\u00e1ltozott munkak\u00e9pess\u00e9g\u0171eket | AllasOrias.hu | H\u00edrek-lapszemle\" \/>\n\t\t<meta name=\"twitter:description\" content=\"\u00dajabb seg\u00edts\u00e9get kapnak a megv\u00e1ltozott munkak\u00e9pess\u00e9g\u0171eket foglalkoztat\u00f3k. Szeptember 10-ig lehet p\u00e1ly\u00e1zatokat beadni a Foglalkoztat\u00e1s 2020 programban, amelyben 182 milli\u00f3 forint \u00e9rhet\u0151 el megv\u00e1ltozott munkak\u00e9pess\u00e9g\u0171 emberek foglalkoztat\u00e1s\u00e1nak t\u00e1mogat\u00e1s\u00e1ra \u2013 mondta az Emberi Er\u0151forr\u00e1sok Miniszt\u00e9rium\u00e1nak (Emmi) szoci\u00e1lis \u00fcgyek\u00e9rt \u00e9s t\u00e1rsadalmi felz\u00e1rk\u00f3z\u00e1s\u00e9rt felel\u0151s \u00e1llamtitk\u00e1ra. F\u00fcl\u00f6p Attila elmondta, hogy \u00f6t\u00f6dik alkalommal \u00edrt\u00e1k ki a p\u00e1ly\u00e1zatot, amelynek c\u00e9lja a megv\u00e1ltozott\" \/>\n\t\t<meta name=\"twitter:image\" content=\"https:\/\/allasorias.hu\/hirek\/wp-content\/uploads\/2018\/12\/disabled-2199122_640.jpg\" \/>\n\t\t<meta name=\"twitter:label1\" content=\"Written by\" \/>\n\t\t<meta name=\"twitter:data1\" content=\"Juh\u00e1sz P\u00e9ter\" \/>\n\t\t<meta name=\"twitter:label2\" content=\"Est. reading time\" \/>\n\t\t<meta name=\"twitter:data2\" content=\"1 minute\" \/>\n\t\t<script type=\"application\/ld+json\" class=\"aioseo-schema\">\n\t\t\t{\"@context\":\"https:\\\/\\\/schema.org\",\"@graph\":[{\"@type\":\"Article\",\"@id\":\"https:\\\/\\\/allasorias.hu\\\/hirek\\\/segitik-a-megvaltozott-munkakepessegueket\\\/#article\",\"name\":\"Seg\\u00edtik a megv\\u00e1ltozott munkak\\u00e9pess\\u00e9g\\u0171eket | AllasOrias.hu | H\\u00edrek-lapszemle\",\"headline\":\"Seg\\u00edtik a megv\\u00e1ltozott munkak\\u00e9pess\\u00e9g\\u0171eket\",\"author\":{\"@id\":\"https:\\\/\\\/allasorias.hu\\\/hirek\\\/author\\\/admin-allasorias\\\/#author\"},\"publisher\":{\"@id\":\"https:\\\/\\\/allasorias.hu\\\/hirek\\\/#organization\"},\"image\":{\"@type\":\"ImageObject\",\"url\":\"https:\\\/\\\/allasorias.hu\\\/hirek\\\/wp-content\\\/uploads\\\/2018\\\/12\\\/disabled-2199122_640.jpg\",\"width\":640,\"height\":425},\"datePublished\":\"2020-08-17T06:48:48+02:00\",\"dateModified\":\"2020-08-17T06:48:48+02:00\",\"inLanguage\":\"hu-HU\",\"mainEntityOfPage\":{\"@id\":\"https:\\\/\\\/allasorias.hu\\\/hirek\\\/segitik-a-megvaltozott-munkakepessegueket\\\/#webpage\"},\"isPartOf\":{\"@id\":\"https:\\\/\\\/allasorias.hu\\\/hirek\\\/segitik-a-megvaltozott-munkakepessegueket\\\/#webpage\"},\"articleSection\":\"\\u00c1ll\\u00e1skeres\\u00e9s, Munkaer\\u0151piac\"},{\"@type\":\"BreadcrumbList\",\"@id\":\"https:\\\/\\\/allasorias.hu\\\/hirek\\\/segitik-a-megvaltozott-munkakepessegueket\\\/#breadcrumblist\",\"itemListElement\":[{\"@type\":\"ListItem\",\"@id\":\"https:\\\/\\\/allasorias.hu\\\/hirek#listItem\",\"position\":1,\"name\":\"Home\",\"item\":\"https:\\\/\\\/allasorias.hu\\\/hirek\",\"nextItem\":{\"@type\":\"ListItem\",\"@id\":\"https:\\\/\\\/allasorias.hu\\\/hirek\\\/temak\\\/allaskereses\\\/#listItem\",\"name\":\"\\u00c1ll\\u00e1skeres\\u00e9s\"}},{\"@type\":\"ListItem\",\"@id\":\"https:\\\/\\\/allasorias.hu\\\/hirek\\\/temak\\\/allaskereses\\\/#listItem\",\"position\":2,\"name\":\"\\u00c1ll\\u00e1skeres\\u00e9s\",\"item\":\"https:\\\/\\\/allasorias.hu\\\/hirek\\\/temak\\\/allaskereses\\\/\",\"nextItem\":{\"@type\":\"ListItem\",\"@id\":\"https:\\\/\\\/allasorias.hu\\\/hirek\\\/segitik-a-megvaltozott-munkakepessegueket\\\/#listItem\",\"name\":\"Seg\\u00edtik a megv\\u00e1ltozott munkak\\u00e9pess\\u00e9g\\u0171eket\"},\"previousItem\":{\"@type\":\"ListItem\",\"@id\":\"https:\\\/\\\/allasorias.hu\\\/hirek#listItem\",\"name\":\"Home\"}},{\"@type\":\"ListItem\",\"@id\":\"https:\\\/\\\/allasorias.hu\\\/hirek\\\/segitik-a-megvaltozott-munkakepessegueket\\\/#listItem\",\"position\":3,\"name\":\"Seg\\u00edtik a megv\\u00e1ltozott munkak\\u00e9pess\\u00e9g\\u0171eket\",\"previousItem\":{\"@type\":\"ListItem\",\"@id\":\"https:\\\/\\\/allasorias.hu\\\/hirek\\\/temak\\\/allaskereses\\\/#listItem\",\"name\":\"\\u00c1ll\\u00e1skeres\\u00e9s\"}}]},{\"@type\":\"Organization\",\"@id\":\"https:\\\/\\\/allasorias.hu\\\/hirek\\\/#organization\",\"name\":\"AllasOrias.hu | H\\u00edrek-lapszemle\",\"description\":\"\\u00dczleti h\\u00edrek az \\u00e1ll\\u00e1s \\u00e9s a munka vil\\u00e1g\\u00e1b\\u00f3l\",\"url\":\"https:\\\/\\\/allasorias.hu\\\/hirek\\\/\",\"logo\":{\"@type\":\"ImageObject\",\"url\":\"https:\\\/\\\/allasorias.hu\\\/hirek\\\/wp-content\\\/uploads\\\/2022\\\/10\\\/allasorias_site_facebok_logo.png\",\"@id\":\"https:\\\/\\\/allasorias.hu\\\/hirek\\\/segitik-a-megvaltozott-munkakepessegueket\\\/#organizationLogo\"},\"image\":{\"@id\":\"https:\\\/\\\/allasorias.hu\\\/hirek\\\/segitik-a-megvaltozott-munkakepessegueket\\\/#organizationLogo\"},\"sameAs\":[\"https:\\\/\\\/www.facebook.com\\\/allasorias\",\"https:\\\/\\\/www.linkedin.com\\\/company\\\/allasorias\"]},{\"@type\":\"Person\",\"@id\":\"https:\\\/\\\/allasorias.hu\\\/hirek\\\/author\\\/admin-allasorias\\\/#author\",\"url\":\"https:\\\/\\\/allasorias.hu\\\/hirek\\\/author\\\/admin-allasorias\\\/\",\"name\":\"Juh\\u00e1sz P\\u00e9ter\",\"image\":{\"@type\":\"ImageObject\",\"@id\":\"https:\\\/\\\/allasorias.hu\\\/hirek\\\/segitik-a-megvaltozott-munkakepessegueket\\\/#authorImage\",\"url\":\"https:\\\/\\\/secure.gravatar.com\\\/avatar\\\/36e6bcb83148978b992977cb0f54d22feb0cce8a0a849a9410532bb2623ba4c6?s=96&d=mm&r=g\",\"width\":96,\"height\":96,\"caption\":\"Juh\\u00e1sz P\\u00e9ter\"}},{\"@type\":\"WebPage\",\"@id\":\"https:\\\/\\\/allasorias.hu\\\/hirek\\\/segitik-a-megvaltozott-munkakepessegueket\\\/#webpage\",\"url\":\"https:\\\/\\\/allasorias.hu\\\/hirek\\\/segitik-a-megvaltozott-munkakepessegueket\\\/\",\"name\":\"Seg\\u00edtik a megv\\u00e1ltozott munkak\\u00e9pess\\u00e9g\\u0171eket | AllasOrias.hu | H\\u00edrek-lapszemle\",\"description\":\"\\u00dajabb seg\\u00edts\\u00e9get kapnak a megv\\u00e1ltozott munkak\\u00e9pess\\u00e9g\\u0171eket foglalkoztat\\u00f3k. Szeptember 10-ig lehet p\\u00e1ly\\u00e1zatokat beadni a Foglalkoztat\\u00e1s 2020 programban, amelyben 182 milli\\u00f3 forint \\u00e9rhet\\u0151 el megv\\u00e1ltozott munkak\\u00e9pess\\u00e9g\\u0171 emberek foglalkoztat\\u00e1s\\u00e1nak t\\u00e1mogat\\u00e1s\\u00e1ra \\u2013 mondta az Emberi Er\\u0151forr\\u00e1sok Miniszt\\u00e9rium\\u00e1nak (Emmi) szoci\\u00e1lis \\u00fcgyek\\u00e9rt \\u00e9s t\\u00e1rsadalmi felz\\u00e1rk\\u00f3z\\u00e1s\\u00e9rt felel\\u0151s \\u00e1llamtitk\\u00e1ra. F\\u00fcl\\u00f6p Attila elmondta, hogy \\u00f6t\\u00f6dik alkalommal \\u00edrt\\u00e1k ki a p\\u00e1ly\\u00e1zatot, amelynek c\\u00e9lja a megv\\u00e1ltozott\",\"inLanguage\":\"hu-HU\",\"isPartOf\":{\"@id\":\"https:\\\/\\\/allasorias.hu\\\/hirek\\\/#website\"},\"breadcrumb\":{\"@id\":\"https:\\\/\\\/allasorias.hu\\\/hirek\\\/segitik-a-megvaltozott-munkakepessegueket\\\/#breadcrumblist\"},\"author\":{\"@id\":\"https:\\\/\\\/allasorias.hu\\\/hirek\\\/author\\\/admin-allasorias\\\/#author\"},\"creator\":{\"@id\":\"https:\\\/\\\/allasorias.hu\\\/hirek\\\/author\\\/admin-allasorias\\\/#author\"},\"image\":{\"@type\":\"ImageObject\",\"url\":\"https:\\\/\\\/allasorias.hu\\\/hirek\\\/wp-content\\\/uploads\\\/2018\\\/12\\\/disabled-2199122_640.jpg\",\"@id\":\"https:\\\/\\\/allasorias.hu\\\/hirek\\\/segitik-a-megvaltozott-munkakepessegueket\\\/#mainImage\",\"width\":640,\"height\":425},\"primaryImageOfPage\":{\"@id\":\"https:\\\/\\\/allasorias.hu\\\/hirek\\\/segitik-a-megvaltozott-munkakepessegueket\\\/#mainImage\"},\"datePublished\":\"2020-08-17T06:48:48+02:00\",\"dateModified\":\"2020-08-17T06:48:48+02:00\"},{\"@type\":\"WebSite\",\"@id\":\"https:\\\/\\\/allasorias.hu\\\/hirek\\\/#website\",\"url\":\"https:\\\/\\\/allasorias.hu\\\/hirek\\\/\",\"name\":\"AllasOrias.hu | H\\u00edrek-lapszemle\",\"description\":\"\\u00dczleti h\\u00edrek az \\u00e1ll\\u00e1s \\u00e9s a munka vil\\u00e1g\\u00e1b\\u00f3l\",\"inLanguage\":\"hu-HU\",\"publisher\":{\"@id\":\"https:\\\/\\\/allasorias.hu\\\/hirek\\\/#organization\"}}]}\n\t\t<\/script>\n\t\t<!-- All in One SEO -->\n\n","aioseo_head_json":{"title":"Seg\u00edtik a megv\u00e1ltozott munkak\u00e9pess\u00e9g\u0171eket | AllasOrias.hu | H\u00edrek-lapszemle","description":"\u00dajabb seg\u00edts\u00e9get kapnak a megv\u00e1ltozott munkak\u00e9pess\u00e9g\u0171eket foglalkoztat\u00f3k. Szeptember 10-ig lehet p\u00e1ly\u00e1zatokat beadni a Foglalkoztat\u00e1s 2020 programban, amelyben 182 milli\u00f3 forint \u00e9rhet\u0151 el megv\u00e1ltozott munkak\u00e9pess\u00e9g\u0171 emberek foglalkoztat\u00e1s\u00e1nak t\u00e1mogat\u00e1s\u00e1ra \u2013 mondta az Emberi Er\u0151forr\u00e1sok Miniszt\u00e9rium\u00e1nak (Emmi) szoci\u00e1lis \u00fcgyek\u00e9rt \u00e9s t\u00e1rsadalmi felz\u00e1rk\u00f3z\u00e1s\u00e9rt felel\u0151s \u00e1llamtitk\u00e1ra. F\u00fcl\u00f6p Attila elmondta, hogy \u00f6t\u00f6dik alkalommal \u00edrt\u00e1k ki a p\u00e1ly\u00e1zatot, amelynek c\u00e9lja a megv\u00e1ltozott","canonical_url":"https:\/\/allasorias.hu\/hirek\/segitik-a-megvaltozott-munkakepessegueket\/","robots":"max-image-preview:large","keywords":"","webmasterTools":{"miscellaneous":""},"schema":{"@context":"https:\/\/schema.org","@graph":[{"@type":"Article","@id":"https:\/\/allasorias.hu\/hirek\/segitik-a-megvaltozott-munkakepessegueket\/#article","name":"Seg\u00edtik a megv\u00e1ltozott munkak\u00e9pess\u00e9g\u0171eket | AllasOrias.hu | H\u00edrek-lapszemle","headline":"Seg\u00edtik a megv\u00e1ltozott munkak\u00e9pess\u00e9g\u0171eket","author":{"@id":"https:\/\/allasorias.hu\/hirek\/author\/admin-allasorias\/#author"},"publisher":{"@id":"https:\/\/allasorias.hu\/hirek\/#organization"},"image":{"@type":"ImageObject","url":"https:\/\/allasorias.hu\/hirek\/wp-content\/uploads\/2018\/12\/disabled-2199122_640.jpg","width":640,"height":425},"datePublished":"2020-08-17T06:48:48+02:00","dateModified":"2020-08-17T06:48:48+02:00","inLanguage":"hu-HU","mainEntityOfPage":{"@id":"https:\/\/allasorias.hu\/hirek\/segitik-a-megvaltozott-munkakepessegueket\/#webpage"},"isPartOf":{"@id":"https:\/\/allasorias.hu\/hirek\/segitik-a-megvaltozott-munkakepessegueket\/#webpage"},"articleSection":"\u00c1ll\u00e1skeres\u00e9s, Munkaer\u0151piac"},{"@type":"BreadcrumbList","@id":"https:\/\/allasorias.hu\/hirek\/segitik-a-megvaltozott-munkakepessegueket\/#breadcrumblist","itemListElement":[{"@type":"ListItem","@id":"https:\/\/allasorias.hu\/hirek#listItem","position":1,"name":"Home","item":"https:\/\/allasorias.hu\/hirek","nextItem":{"@type":"ListItem","@id":"https:\/\/allasorias.hu\/hirek\/temak\/allaskereses\/#listItem","name":"\u00c1ll\u00e1skeres\u00e9s"}},{"@type":"ListItem","@id":"https:\/\/allasorias.hu\/hirek\/temak\/allaskereses\/#listItem","position":2,"name":"\u00c1ll\u00e1skeres\u00e9s","item":"https:\/\/allasorias.hu\/hirek\/temak\/allaskereses\/","nextItem":{"@type":"ListItem","@id":"https:\/\/allasorias.hu\/hirek\/segitik-a-megvaltozott-munkakepessegueket\/#listItem","name":"Seg\u00edtik a megv\u00e1ltozott munkak\u00e9pess\u00e9g\u0171eket"},"previousItem":{"@type":"ListItem","@id":"https:\/\/allasorias.hu\/hirek#listItem","name":"Home"}},{"@type":"ListItem","@id":"https:\/\/allasorias.hu\/hirek\/segitik-a-megvaltozott-munkakepessegueket\/#listItem","position":3,"name":"Seg\u00edtik a megv\u00e1ltozott munkak\u00e9pess\u00e9g\u0171eket","previousItem":{"@type":"ListItem","@id":"https:\/\/allasorias.hu\/hirek\/temak\/allaskereses\/#listItem","name":"\u00c1ll\u00e1skeres\u00e9s"}}]},{"@type":"Organization","@id":"https:\/\/allasorias.hu\/hirek\/#organization","name":"AllasOrias.hu | H\u00edrek-lapszemle","description":"\u00dczleti h\u00edrek az \u00e1ll\u00e1s \u00e9s a munka vil\u00e1g\u00e1b\u00f3l","url":"https:\/\/allasorias.hu\/hirek\/","logo":{"@type":"ImageObject","url":"https:\/\/allasorias.hu\/hirek\/wp-content\/uploads\/2022\/10\/allasorias_site_facebok_logo.png","@id":"https:\/\/allasorias.hu\/hirek\/segitik-a-megvaltozott-munkakepessegueket\/#organizationLogo"},"image":{"@id":"https:\/\/allasorias.hu\/hirek\/segitik-a-megvaltozott-munkakepessegueket\/#organizationLogo"},"sameAs":["https:\/\/www.facebook.com\/allasorias","https:\/\/www.linkedin.com\/company\/allasorias"]},{"@type":"Person","@id":"https:\/\/allasorias.hu\/hirek\/author\/admin-allasorias\/#author","url":"https:\/\/allasorias.hu\/hirek\/author\/admin-allasorias\/","name":"Juh\u00e1sz P\u00e9ter","image":{"@type":"ImageObject","@id":"https:\/\/allasorias.hu\/hirek\/segitik-a-megvaltozott-munkakepessegueket\/#authorImage","url":"https:\/\/secure.gravatar.com\/avatar\/36e6bcb83148978b992977cb0f54d22feb0cce8a0a849a9410532bb2623ba4c6?s=96&d=mm&r=g","width":96,"height":96,"caption":"Juh\u00e1sz P\u00e9ter"}},{"@type":"WebPage","@id":"https:\/\/allasorias.hu\/hirek\/segitik-a-megvaltozott-munkakepessegueket\/#webpage","url":"https:\/\/allasorias.hu\/hirek\/segitik-a-megvaltozott-munkakepessegueket\/","name":"Seg\u00edtik a megv\u00e1ltozott munkak\u00e9pess\u00e9g\u0171eket | AllasOrias.hu | H\u00edrek-lapszemle","description":"\u00dajabb seg\u00edts\u00e9get kapnak a megv\u00e1ltozott munkak\u00e9pess\u00e9g\u0171eket foglalkoztat\u00f3k. Szeptember 10-ig lehet p\u00e1ly\u00e1zatokat beadni a Foglalkoztat\u00e1s 2020 programban, amelyben 182 milli\u00f3 forint \u00e9rhet\u0151 el megv\u00e1ltozott munkak\u00e9pess\u00e9g\u0171 emberek foglalkoztat\u00e1s\u00e1nak t\u00e1mogat\u00e1s\u00e1ra \u2013 mondta az Emberi Er\u0151forr\u00e1sok Miniszt\u00e9rium\u00e1nak (Emmi) szoci\u00e1lis \u00fcgyek\u00e9rt \u00e9s t\u00e1rsadalmi felz\u00e1rk\u00f3z\u00e1s\u00e9rt felel\u0151s \u00e1llamtitk\u00e1ra. F\u00fcl\u00f6p Attila elmondta, hogy \u00f6t\u00f6dik alkalommal \u00edrt\u00e1k ki a p\u00e1ly\u00e1zatot, amelynek c\u00e9lja a megv\u00e1ltozott","inLanguage":"hu-HU","isPartOf":{"@id":"https:\/\/allasorias.hu\/hirek\/#website"},"breadcrumb":{"@id":"https:\/\/allasorias.hu\/hirek\/segitik-a-megvaltozott-munkakepessegueket\/#breadcrumblist"},"author":{"@id":"https:\/\/allasorias.hu\/hirek\/author\/admin-allasorias\/#author"},"creator":{"@id":"https:\/\/allasorias.hu\/hirek\/author\/admin-allasorias\/#author"},"image":{"@type":"ImageObject","url":"https:\/\/allasorias.hu\/hirek\/wp-content\/uploads\/2018\/12\/disabled-2199122_640.jpg","@id":"https:\/\/allasorias.hu\/hirek\/segitik-a-megvaltozott-munkakepessegueket\/#mainImage","width":640,"height":425},"primaryImageOfPage":{"@id":"https:\/\/allasorias.hu\/hirek\/segitik-a-megvaltozott-munkakepessegueket\/#mainImage"},"datePublished":"2020-08-17T06:48:48+02:00","dateModified":"2020-08-17T06:48:48+02:00"},{"@type":"WebSite","@id":"https:\/\/allasorias.hu\/hirek\/#website","url":"https:\/\/allasorias.hu\/hirek\/","name":"AllasOrias.hu | H\u00edrek-lapszemle","description":"\u00dczleti h\u00edrek az \u00e1ll\u00e1s \u00e9s a munka vil\u00e1g\u00e1b\u00f3l","inLanguage":"hu-HU","publisher":{"@id":"https:\/\/allasorias.hu\/hirek\/#organization"}}]},"og:locale":"hu_HU","og:site_name":"AllasOrias.hu | H\u00edrek-lapszemle | \u00dczleti h\u00edrek az \u00e1ll\u00e1s \u00e9s a munka vil\u00e1g\u00e1b\u00f3l","og:type":"article","og:title":"Seg\u00edtik a megv\u00e1ltozott munkak\u00e9pess\u00e9g\u0171eket | AllasOrias.hu | H\u00edrek-lapszemle","og:description":"\u00dajabb seg\u00edts\u00e9get kapnak a megv\u00e1ltozott munkak\u00e9pess\u00e9g\u0171eket foglalkoztat\u00f3k. Szeptember 10-ig lehet p\u00e1ly\u00e1zatokat beadni a Foglalkoztat\u00e1s 2020 programban, amelyben 182 milli\u00f3 forint \u00e9rhet\u0151 el megv\u00e1ltozott munkak\u00e9pess\u00e9g\u0171 emberek foglalkoztat\u00e1s\u00e1nak t\u00e1mogat\u00e1s\u00e1ra \u2013 mondta az Emberi Er\u0151forr\u00e1sok Miniszt\u00e9rium\u00e1nak (Emmi) szoci\u00e1lis \u00fcgyek\u00e9rt \u00e9s t\u00e1rsadalmi felz\u00e1rk\u00f3z\u00e1s\u00e9rt felel\u0151s \u00e1llamtitk\u00e1ra. F\u00fcl\u00f6p Attila elmondta, hogy \u00f6t\u00f6dik alkalommal \u00edrt\u00e1k ki a p\u00e1ly\u00e1zatot, amelynek c\u00e9lja a megv\u00e1ltozott","og:url":"https:\/\/allasorias.hu\/hirek\/segitik-a-megvaltozott-munkakepessegueket\/","og:image":"https:\/\/allasorias.hu\/hirek\/wp-content\/uploads\/2018\/12\/disabled-2199122_640.jpg","og:image:secure_url":"https:\/\/allasorias.hu\/hirek\/wp-content\/uploads\/2018\/12\/disabled-2199122_640.jpg","og:image:width":640,"og:image:height":425,"article:published_time":"2020-08-17T06:48:48+00:00","article:modified_time":"2020-08-17T06:48:48+00:00","article:publisher":"https:\/\/www.facebook.com\/allasorias","twitter:card":"summary_large_image","twitter:title":"Seg\u00edtik a megv\u00e1ltozott munkak\u00e9pess\u00e9g\u0171eket | AllasOrias.hu | H\u00edrek-lapszemle","twitter:description":"\u00dajabb seg\u00edts\u00e9get kapnak a megv\u00e1ltozott munkak\u00e9pess\u00e9g\u0171eket foglalkoztat\u00f3k. Szeptember 10-ig lehet p\u00e1ly\u00e1zatokat beadni a Foglalkoztat\u00e1s 2020 programban, amelyben 182 milli\u00f3 forint \u00e9rhet\u0151 el megv\u00e1ltozott munkak\u00e9pess\u00e9g\u0171 emberek foglalkoztat\u00e1s\u00e1nak t\u00e1mogat\u00e1s\u00e1ra \u2013 mondta az Emberi Er\u0151forr\u00e1sok Miniszt\u00e9rium\u00e1nak (Emmi) szoci\u00e1lis \u00fcgyek\u00e9rt \u00e9s t\u00e1rsadalmi felz\u00e1rk\u00f3z\u00e1s\u00e9rt felel\u0151s \u00e1llamtitk\u00e1ra. F\u00fcl\u00f6p Attila elmondta, hogy \u00f6t\u00f6dik alkalommal \u00edrt\u00e1k ki a p\u00e1ly\u00e1zatot, amelynek c\u00e9lja a megv\u00e1ltozott","twitter:image":"https:\/\/allasorias.hu\/hirek\/wp-content\/uploads\/2018\/12\/disabled-2199122_640.jpg","twitter:label1":"Written by","twitter:data1":"Juh\u00e1sz P\u00e9ter","twitter:label2":"Est. reading time","twitter:data2":"1 minute"},"aioseo_meta_data":{"post_id":"4188","title":null,"description":"","keywords":"","keyphrases":null,"primary_term":null,"canonical_url":"","og_title":null,"og_description":null,"og_object_type":"default","og_image_type":"default","og_image_url":null,"og_image_width":null,"og_image_height":null,"og_image_custom_url":null,"og_image_custom_fields":null,"og_video":null,"og_custom_url":null,"og_article_section":null,"og_article_tags":null,"twitter_use_og":false,"twitter_card":"default","twitter_image_type":"default","twitter_image_url":null,"twitter_image_custom_url":null,"twitter_image_custom_fields":null,"twitter_title":null,"twitter_description":null,"schema":{"blockGraphs":[],"customGraphs":[],"default":{"data":{"Article":[],"Course":[],"Dataset":[],"FAQPage":[],"Movie":[],"Person":[],"Product":[],"ProductReview":[],"Car":[],"Recipe":[],"Service":[],"SoftwareApplication":[],"WebPage":[]},"graphName":"","isEnabled":true},"graphs":[],"defaultGraph":"","defaultPostTypeGraph":""},"schema_type":null,"schema_type_options":null,"pillar_content":false,"robots_default":true,"robots_noindex":false,"robots_noarchive":false,"robots_nosnippet":false,"robots_nofollow":false,"robots_noimageindex":false,"robots_noodp":false,"robots_notranslate":false,"robots_max_snippet":null,"robots_max_videopreview":null,"robots_max_imagepreview":"large","priority":null,"frequency":null,"location":null,"local_seo":null,"breadcrumb_settings":null,"limit_modified_date":false,"ai":null,"created":"2021-02-01 20:46:57","updated":"2025-10-02 14:18:14","seo_analyzer_scan_date":null,"focus_keyword":null,"additional_keywords":null,"truseo_locale":null},"aioseo_breadcrumb":"<div class=\"aioseo-breadcrumbs\"><span class=\"aioseo-breadcrumb\">\n\t\t\t<a href=\"https:\/\/allasorias.hu\/hirek\" title=\"Home\">Home<\/a>\n\t\t<\/span><span class=\"aioseo-breadcrumb-separator\">&raquo;<\/span><span class=\"aioseo-breadcrumb\">\n\t\t\t<a href=\"https:\/\/allasorias.hu\/hirek\/temak\/allaskereses\/\" title=\"\u00c1ll\u00e1skeres\u00e9s\">\u00c1ll\u00e1skeres\u00e9s<\/a>\n\t\t<\/span><span class=\"aioseo-breadcrumb-separator\">&raquo;<\/span><span class=\"aioseo-breadcrumb\">\n\t\t\tSeg\u00edtik a megv\u00e1ltozott munkak\u00e9pess\u00e9g\u0171eket\n\t\t<\/span><\/div>","aioseo_breadcrumb_json":[{"label":"Home","link":"https:\/\/allasorias.hu\/hirek"},{"label":"\u00c1ll\u00e1skeres\u00e9s","link":"https:\/\/allasorias.hu\/hirek\/temak\/allaskereses\/"},{"label":"Seg\u00edtik a megv\u00e1ltozott munkak\u00e9pess\u00e9g\u0171eket","link":"https:\/\/allasorias.hu\/hirek\/segitik-a-megvaltozott-munkakepessegueket\/"}],"_links":{"self":[{"href":"https:\/\/allasorias.hu\/hirek\/wp-json\/wp\/v2\/posts\/4188","targetHints":{"allow":["GET"]}}],"collection":[{"href":"https:\/\/allasorias.hu\/hirek\/wp-json\/wp\/v2\/posts"}],"about":[{"href":"https:\/\/allasorias.hu\/hirek\/wp-json\/wp\/v2\/types\/post"}],"author":[{"embeddable":true,"href":"https:\/\/allasorias.hu\/hirek\/wp-json\/wp\/v2\/users\/1"}],"replies":[{"embeddable":true,"href":"https:\/\/allasorias.hu\/hirek\/wp-json\/wp\/v2\/comments?post=4188"}],"version-history":[{"count":1,"href":"https:\/\/allasorias.hu\/hirek\/wp-json\/wp\/v2\/posts\/4188\/revisions"}],"predecessor-version":[{"id":4189,"href":"https:\/\/allasorias.hu\/hirek\/wp-json\/wp\/v2\/posts\/4188\/revisions\/4189"}],"wp:featuredmedia":[{"embeddable":true,"href":"https:\/\/allasorias.hu\/hirek\/wp-json\/wp\/v2\/media\/2263"}],"wp:attachment":[{"href":"https:\/\/allasorias.hu\/hirek\/wp-json\/wp\/v2\/media?parent=4188"}],"wp:term":[{"taxonomy":"category","embeddable":true,"href":"https:\/\/allasorias.hu\/hirek\/wp-json\/wp\/v2\/categories?post=4188"},{"taxonomy":"post_tag","embeddable":true,"href":"https:\/\/allasorias.hu\/hirek\/wp-json\/wp\/v2\/tags?post=4188"}],"curies":[{"name":"wp","href":"https:\/\/api.w.org\/{rel}","templated":true}]}}