{"id":4186,"date":"2020-08-14T07:05:58","date_gmt":"2020-08-14T07:05:58","guid":{"rendered":"https:\/\/allasorias.hu\/hirek\/?p=4186"},"modified":"2020-08-14T07:05:58","modified_gmt":"2020-08-14T07:05:58","slug":"hianyos-tudassal-jelentkeztek-a-muszaki-kepzesekre","status":"publish","type":"post","link":"https:\/\/allasorias.hu\/hirek\/hianyos-tudassal-jelentkeztek-a-muszaki-kepzesekre\/","title":{"rendered":"Hi\u00e1nyos tud\u00e1ssal jelentkeztek a m\u0171szaki k\u00e9pz\u00e9sekre"},"content":{"rendered":"<p><strong>Alacsonyabb ponthat\u00e1rokkal lehetett beker\u00fclni id\u00e9n a m\u0171szaki k\u00e9pz\u00e9sekre, ami nem j\u00f3 jel a j\u00f6v\u0151 gazdas\u00e1g\u00e1t tekintve. Az eg\u00e9sz magyar gazdas\u00e1g sz\u00e1m\u00e1ra negat\u00edv tendenci\u00e1t jeleznek az idei m\u0171szaki fels\u0151oktat\u00e1si felv\u00e9telik eredm\u00e9nyei. Egy\u00e9rtelm\u0171en l\u00e1tszik, hogy 2020-ban drasztikusan kevesen \u00e9s nagyon hi\u00e1nyos tud\u00e1ssal jelentkeztek tov\u00e1bbtanul\u00e1si sz\u00e1nd\u00e9kkal a m\u0171szaki k\u00e9pz\u00e9sekre. <\/strong><\/p>\n<p>Az int\u00e9zm\u00e9nyek pedig erre v\u00e1laszul \u2013 kev\u00e9s kiv\u00e9telt\u0151l eltekintve \u2013 alacsonyabb ponthat\u00e1rokat megh\u00fazva engedt\u00e9k be a jelentkez\u0151ket a szakjaikra. Akadt olyan hely, ahol m\u00e1r 300 pont alatt be lehetett jutni m\u00e9rn\u00f6kk\u00e9pz\u00e9sre. Ez a helyzet nem vet j\u00f3 f\u00e9nyt a m\u0171szaki ter\u00fcletek j\u00f6v\u0151j\u00e9re. A most bejutottak k\u00f6zt v\u00e1rhat\u00f3 lemorzsol\u00f3d\u00e1sok ut\u00e1n \u00e9vr\u0151l \u2013 \u00e9vre kevesebb m\u0171szaki, m\u00e9rn\u00f6k szakember l\u00e9p a hazai munkaer\u0151piacra, ami hossz\u00fa t\u00e1von a gazdas\u00e1g teljes\u00edtm\u00e9ny\u00e9t is visszavetheti. A magas szint\u0171 tud\u00e1s\u00e1tad\u00e1s k\u00f6z\u00f6s \u00e9rdek, mert a jelenlegi \u00e9s a j\u00f6v\u0151beni beruh\u00e1z\u00e1sok szempontj\u00e1b\u00f3l az orsz\u00e1g egyik legnagyobb vonzerej\u00e9t a befektet\u0151knek a kvalifik\u00e1lt, elm\u00e9leti \u00e9s gyakorlati tud\u00e1ssal rendelkez\u0151 m\u00e9rn\u00f6k \u00e9rtelmis\u00e9g garant\u00e1lja.\u00a0 Az EJMSZ szerint a fiatalok m\u00e9rn\u00f6ki szakokra val\u00f3 \u201evisszaterel\u00e9s\u00e9nek\u201d \u00e9rdek\u00e9ben orsz\u00e1gszerte akt\u00edv kapcsolatokra, k\u00f6z\u00f6s programokra van sz\u00fcks\u00e9g a nagyv\u00e1llalatok \u00e9s a k\u00f6z\u00e9piskol\u00e1k k\u00f6zt \u2013 \u00e1ll az Egy\u00fctt a J\u00f6v\u0151 M\u00e9rn\u00f6kei\u00e9rt Sz\u00f6vets\u00e9g (EJMSZ) friss helyzet\u00e9rt\u00e9kel\u00e9s\u00e9ben.<\/p>\n<p>A m\u0171szaki felv\u00e9telik negat\u00edv eredm\u00e9nyei m\u00f6g\u00f6tt t\u00f6bb ok is felsorakoztathat\u00f3. A demogr\u00e1fiai hat\u00e1sok, a bemeneti nyelvvizsga k\u00f6vetelm\u00e9nyek mellett az l\u00e1tszik, hogy jelenleg a k\u00f6zoktat\u00e1s nem k\u00e9sz\u00edti fel a di\u00e1kokat az egyetemi k\u00f6vetelm\u00e9nyekre, f\u0151leg nem az emeltszint\u0171 \u00e9retts\u00e9gire. Nincsenek j\u00f3l felszerelt hallgat\u00f3i laborok, rohamosan \u00f6regszenek az oktat\u00f3k \u00e9s ma m\u00e1r szinte gener\u00e1ci\u00f3k hi\u00e1nyoznak a tan\u00e1ri g\u00e1rd\u00e1b\u00f3l \u2013 emelte ki a felv\u00e9telei ponthat\u00e1rokat \u00e9rint\u0151 elemz\u00e9s\u00e9ben Dr. \u00c1brah\u00e1m L\u00e1szl\u00f3, az Egy\u00fctt a J\u00f6v\u0151 M\u00e9rn\u00f6kei\u00e9rt Sz\u00f6vets\u00e9g eln\u00f6ke. A szakember hozz\u00e1tette, hogy a tan\u00e1rhi\u00e1ny m\u00e1r most komoly vesz\u00e9lyeket tartogat, amelyeket csak hathat\u00f3s \u00e1llami k\u00f6zbel\u00e9p\u00e9ssel lehetne csillap\u00edtani. Jelenleg az oktat\u00f3k ut\u00e1np\u00f3tl\u00e1s\u00e1t az alacsony b\u00e9rek, illetve a pedag\u00f3gus p\u00e1lya alacsony preszt\u00edzse g\u00e1tolja. Ezeket orvosoland\u00f3 mihamarabb radik\u00e1lis, a versenyszf\u00e9ra javadalmaz\u00e1sait megk\u00f6zel\u00edt\u0151 b\u00e9rrendez\u00e9sre lenne sz\u00fcks\u00e9g az \u00e1ltal\u00e1nos-\u00e9s k\u00f6z\u00e9piskol\u00e1kban tan\u00edt\u00f3k k\u00f6r\u00e9ben. Ez els\u0151 l\u00e9p\u00e9sben cs\u00f6kkenthetn\u00e9 a p\u00e1lyaelhagy\u00f3k sz\u00e1m\u00e1t, n\u00f6velhetn\u00e9 a tan\u00e1ri szakokra jelentkez\u0151k sz\u00e1m\u00e1t \u00e9s a v\u00e9gz\u0151s\u00f6k sz\u00e1m\u00e1ra re\u00e1lis karrierlehet\u0151s\u00e9get k\u00edn\u00e1lna a megszerzett tan\u00e1ri diploma. Erre pedig, az\u00e9rt is lenne nagy sz\u00fcks\u00e9g, mert sok helyen az orsz\u00e1gban m\u00e1r most is k\u00e9pes\u00edt\u00e9s n\u00e9lk\u00fcli pedag\u00f3gusok oktatj\u00e1k a matematik\u00e1t, vagy \u00e9ppen a fizik\u00e1t. Mondani sem kell, hogy ilyen k\u00f6rnyezetben a term\u00e9szettudom\u00e1nyos k\u00e9pz\u00e9s sz\u00ednvonala rendk\u00edv\u00fcli m\u00f3don visszazuhanhat, \u00e9s a tehets\u00e9ges di\u00e1kok felkarol\u00e1sa, a m\u0171szaki tov\u00e1bbtanul\u00e1s el\u0151seg\u00edt\u00e9se ak\u00e1r \u00e1thidalhatatlan akad\u00e1lyokba is \u00fctk\u00f6zhet. Az EJMSZ eln\u00f6ke kiemelte, ha a m\u0171szaki \u00e9rtelmis\u00e9g k\u00e9pz\u00e9se a j\u00f6v\u0151ben sem kap el\u00e9g figyelmet \u00e9s anyagi juttat\u00e1st, akkor a magyar gazdas\u00e1gi fejl\u0151d\u00e9s k\u00f6nnyen lelassulhat, s\u0151t dekonjunkt\u00far\u00e1ba fordulhat, illetve olyan ipar\u00e1gak t\u00fals\u00falyba ker\u00fcl\u00e9s\u00e9vel sz\u00e1molhatunk, amelyek alapvet\u0151en szakk\u00e9pzetlen munkaer\u0151t foglalkoztatnak. Ez pedig k\u00f6z\u00e9p-hossz\u00fat\u00e1von ak\u00e1r azzal is j\u00e1rhat, hogy a technol\u00f3giai alap\u00fa, tud\u00e1sig\u00e9nyes beruh\u00e1z\u00e1sok nem n\u00e1lunk val\u00f3sulnak meg.<\/p>\n<p>&nbsp;<\/p>\n<p>Forr\u00e1s: Profitline.hu,szakszervezetek.hu<\/p>\n","protected":false},"excerpt":{"rendered":"<p>Alacsonyabb ponthat\u00e1rokkal lehetett beker\u00fclni id\u00e9n a m\u0171szaki k\u00e9pz\u00e9sekre, ami nem j\u00f3 jel a j\u00f6v\u0151 gazdas\u00e1g\u00e1t tekintve. Az eg\u00e9sz magyar gazdas\u00e1g sz\u00e1m\u00e1ra negat\u00edv tendenci\u00e1t jeleznek az idei m\u0171szaki fels\u0151oktat\u00e1si felv\u00e9telik eredm\u00e9nyei. Egy\u00e9rtelm\u0171en l\u00e1tszik, hogy 2020-ban drasztikusan kevesen \u00e9s nagyon hi\u00e1nyos tud\u00e1ssal jelentkeztek tov\u00e1bbtanul\u00e1si sz\u00e1nd\u00e9kkal a m\u0171szaki k\u00e9pz\u00e9sekre. Az int\u00e9zm\u00e9nyek pedig erre v\u00e1laszul \u2013 kev\u00e9s kiv\u00e9telt\u0151l eltekintve [&hellip;]<\/p>\n","protected":false},"author":1,"featured_media":3994,"comment_status":"open","ping_status":"open","sticky":false,"template":"","format":"standard","meta":{"_monsterinsights_skip_tracking":false,"footnotes":""},"categories":[198],"tags":[],"class_list":["post-4186","post","type-post","status-publish","format-standard","has-post-thumbnail","hentry","category-gazdasag"],"aioseo_notices":[],"aioseo_head":"\n\t\t<!-- All in One SEO 5.0.0.1 - aioseo.com -->\n\t<meta name=\"description\" content=\"Alacsonyabb ponthat\u00e1rokkal lehetett beker\u00fclni id\u00e9n a m\u0171szaki k\u00e9pz\u00e9sekre, ami nem j\u00f3 jel a j\u00f6v\u0151 gazdas\u00e1g\u00e1t tekintve. Az eg\u00e9sz magyar gazdas\u00e1g sz\u00e1m\u00e1ra negat\u00edv tendenci\u00e1t jeleznek az idei m\u0171szaki fels\u0151oktat\u00e1si felv\u00e9telik eredm\u00e9nyei. Egy\u00e9rtelm\u0171en l\u00e1tszik, hogy 2020-ban drasztikusan kevesen \u00e9s nagyon hi\u00e1nyos tud\u00e1ssal jelentkeztek tov\u00e1bbtanul\u00e1si sz\u00e1nd\u00e9kkal a m\u0171szaki k\u00e9pz\u00e9sekre. Az int\u00e9zm\u00e9nyek pedig erre v\u00e1laszul \u2013 kev\u00e9s kiv\u00e9telt\u0151l eltekintve\" \/>\n\t<meta name=\"robots\" content=\"max-image-preview:large\" \/>\n\t<meta name=\"author\" content=\"Juh\u00e1sz P\u00e9ter\"\/>\n\t<link rel=\"canonical\" href=\"https:\/\/allasorias.hu\/hirek\/hianyos-tudassal-jelentkeztek-a-muszaki-kepzesekre\/\" \/>\n\t<meta name=\"generator\" content=\"All in One SEO (AIOSEO) 5.0.0.1\" \/>\n\t\t<meta property=\"og:locale\" content=\"hu_HU\" \/>\n\t\t<meta property=\"og:site_name\" content=\"AllasOrias.hu | H\u00edrek-lapszemle | \u00dczleti h\u00edrek az \u00e1ll\u00e1s \u00e9s a munka vil\u00e1g\u00e1b\u00f3l\" \/>\n\t\t<meta property=\"og:type\" content=\"article\" \/>\n\t\t<meta property=\"og:title\" content=\"Hi\u00e1nyos tud\u00e1ssal jelentkeztek a m\u0171szaki k\u00e9pz\u00e9sekre | AllasOrias.hu | H\u00edrek-lapszemle\" \/>\n\t\t<meta property=\"og:description\" content=\"Alacsonyabb ponthat\u00e1rokkal lehetett beker\u00fclni id\u00e9n a m\u0171szaki k\u00e9pz\u00e9sekre, ami nem j\u00f3 jel a j\u00f6v\u0151 gazdas\u00e1g\u00e1t tekintve. Az eg\u00e9sz magyar gazdas\u00e1g sz\u00e1m\u00e1ra negat\u00edv tendenci\u00e1t jeleznek az idei m\u0171szaki fels\u0151oktat\u00e1si felv\u00e9telik eredm\u00e9nyei. Egy\u00e9rtelm\u0171en l\u00e1tszik, hogy 2020-ban drasztikusan kevesen \u00e9s nagyon hi\u00e1nyos tud\u00e1ssal jelentkeztek tov\u00e1bbtanul\u00e1si sz\u00e1nd\u00e9kkal a m\u0171szaki k\u00e9pz\u00e9sekre. Az int\u00e9zm\u00e9nyek pedig erre v\u00e1laszul \u2013 kev\u00e9s kiv\u00e9telt\u0151l eltekintve\" \/>\n\t\t<meta property=\"og:url\" content=\"https:\/\/allasorias.hu\/hirek\/hianyos-tudassal-jelentkeztek-a-muszaki-kepzesekre\/\" \/>\n\t\t<meta property=\"og:image\" content=\"https:\/\/allasorias.hu\/hirek\/wp-content\/uploads\/2020\/05\/room-2775436_640.jpg\" \/>\n\t\t<meta property=\"og:image:secure_url\" content=\"https:\/\/allasorias.hu\/hirek\/wp-content\/uploads\/2020\/05\/room-2775436_640.jpg\" \/>\n\t\t<meta property=\"og:image:width\" content=\"640\" \/>\n\t\t<meta property=\"og:image:height\" content=\"426\" \/>\n\t\t<meta property=\"article:published_time\" content=\"2020-08-14T07:05:58+00:00\" \/>\n\t\t<meta property=\"article:modified_time\" content=\"2020-08-14T07:05:58+00:00\" \/>\n\t\t<meta property=\"article:publisher\" content=\"https:\/\/www.facebook.com\/allasorias\" \/>\n\t\t<meta name=\"twitter:card\" content=\"summary_large_image\" \/>\n\t\t<meta name=\"twitter:title\" content=\"Hi\u00e1nyos tud\u00e1ssal jelentkeztek a m\u0171szaki k\u00e9pz\u00e9sekre | AllasOrias.hu | H\u00edrek-lapszemle\" \/>\n\t\t<meta name=\"twitter:description\" content=\"Alacsonyabb ponthat\u00e1rokkal lehetett beker\u00fclni id\u00e9n a m\u0171szaki k\u00e9pz\u00e9sekre, ami nem j\u00f3 jel a j\u00f6v\u0151 gazdas\u00e1g\u00e1t tekintve. Az eg\u00e9sz magyar gazdas\u00e1g sz\u00e1m\u00e1ra negat\u00edv tendenci\u00e1t jeleznek az idei m\u0171szaki fels\u0151oktat\u00e1si felv\u00e9telik eredm\u00e9nyei. Egy\u00e9rtelm\u0171en l\u00e1tszik, hogy 2020-ban drasztikusan kevesen \u00e9s nagyon hi\u00e1nyos tud\u00e1ssal jelentkeztek tov\u00e1bbtanul\u00e1si sz\u00e1nd\u00e9kkal a m\u0171szaki k\u00e9pz\u00e9sekre. Az int\u00e9zm\u00e9nyek pedig erre v\u00e1laszul \u2013 kev\u00e9s kiv\u00e9telt\u0151l eltekintve\" \/>\n\t\t<meta name=\"twitter:image\" content=\"https:\/\/allasorias.hu\/hirek\/wp-content\/uploads\/2020\/05\/room-2775436_640.jpg\" \/>\n\t\t<meta name=\"twitter:label1\" content=\"Written by\" \/>\n\t\t<meta name=\"twitter:data1\" content=\"Juh\u00e1sz P\u00e9ter\" \/>\n\t\t<meta name=\"twitter:label2\" content=\"Est. reading time\" \/>\n\t\t<meta name=\"twitter:data2\" content=\"4 minutes\" \/>\n\t\t<script type=\"application\/ld+json\" class=\"aioseo-schema\">\n\t\t\t{\"@context\":\"https:\\\/\\\/schema.org\",\"@graph\":[{\"@type\":\"Article\",\"@id\":\"https:\\\/\\\/allasorias.hu\\\/hirek\\\/hianyos-tudassal-jelentkeztek-a-muszaki-kepzesekre\\\/#article\",\"name\":\"Hi\\u00e1nyos tud\\u00e1ssal jelentkeztek a m\\u0171szaki k\\u00e9pz\\u00e9sekre | AllasOrias.hu | H\\u00edrek-lapszemle\",\"headline\":\"Hi\\u00e1nyos tud\\u00e1ssal jelentkeztek a m\\u0171szaki k\\u00e9pz\\u00e9sekre\",\"author\":{\"@id\":\"https:\\\/\\\/allasorias.hu\\\/hirek\\\/author\\\/admin-allasorias\\\/#author\"},\"publisher\":{\"@id\":\"https:\\\/\\\/allasorias.hu\\\/hirek\\\/#organization\"},\"image\":{\"@type\":\"ImageObject\",\"url\":\"https:\\\/\\\/allasorias.hu\\\/hirek\\\/wp-content\\\/uploads\\\/2020\\\/05\\\/room-2775436_640.jpg\",\"width\":640,\"height\":426},\"datePublished\":\"2020-08-14T07:05:58+02:00\",\"dateModified\":\"2020-08-14T07:05:58+02:00\",\"inLanguage\":\"hu-HU\",\"mainEntityOfPage\":{\"@id\":\"https:\\\/\\\/allasorias.hu\\\/hirek\\\/hianyos-tudassal-jelentkeztek-a-muszaki-kepzesekre\\\/#webpage\"},\"isPartOf\":{\"@id\":\"https:\\\/\\\/allasorias.hu\\\/hirek\\\/hianyos-tudassal-jelentkeztek-a-muszaki-kepzesekre\\\/#webpage\"},\"articleSection\":\"Gazdas\\u00e1g\"},{\"@type\":\"BreadcrumbList\",\"@id\":\"https:\\\/\\\/allasorias.hu\\\/hirek\\\/hianyos-tudassal-jelentkeztek-a-muszaki-kepzesekre\\\/#breadcrumblist\",\"itemListElement\":[{\"@type\":\"ListItem\",\"@id\":\"https:\\\/\\\/allasorias.hu\\\/hirek#listItem\",\"position\":1,\"name\":\"Home\",\"item\":\"https:\\\/\\\/allasorias.hu\\\/hirek\",\"nextItem\":{\"@type\":\"ListItem\",\"@id\":\"https:\\\/\\\/allasorias.hu\\\/hirek\\\/temak\\\/gazdasag\\\/#listItem\",\"name\":\"Gazdas\\u00e1g\"}},{\"@type\":\"ListItem\",\"@id\":\"https:\\\/\\\/allasorias.hu\\\/hirek\\\/temak\\\/gazdasag\\\/#listItem\",\"position\":2,\"name\":\"Gazdas\\u00e1g\",\"item\":\"https:\\\/\\\/allasorias.hu\\\/hirek\\\/temak\\\/gazdasag\\\/\",\"nextItem\":{\"@type\":\"ListItem\",\"@id\":\"https:\\\/\\\/allasorias.hu\\\/hirek\\\/hianyos-tudassal-jelentkeztek-a-muszaki-kepzesekre\\\/#listItem\",\"name\":\"Hi\\u00e1nyos tud\\u00e1ssal jelentkeztek a m\\u0171szaki k\\u00e9pz\\u00e9sekre\"},\"previousItem\":{\"@type\":\"ListItem\",\"@id\":\"https:\\\/\\\/allasorias.hu\\\/hirek#listItem\",\"name\":\"Home\"}},{\"@type\":\"ListItem\",\"@id\":\"https:\\\/\\\/allasorias.hu\\\/hirek\\\/hianyos-tudassal-jelentkeztek-a-muszaki-kepzesekre\\\/#listItem\",\"position\":3,\"name\":\"Hi\\u00e1nyos tud\\u00e1ssal jelentkeztek a m\\u0171szaki k\\u00e9pz\\u00e9sekre\",\"previousItem\":{\"@type\":\"ListItem\",\"@id\":\"https:\\\/\\\/allasorias.hu\\\/hirek\\\/temak\\\/gazdasag\\\/#listItem\",\"name\":\"Gazdas\\u00e1g\"}}]},{\"@type\":\"Organization\",\"@id\":\"https:\\\/\\\/allasorias.hu\\\/hirek\\\/#organization\",\"name\":\"AllasOrias.hu | H\\u00edrek-lapszemle\",\"description\":\"\\u00dczleti h\\u00edrek az \\u00e1ll\\u00e1s \\u00e9s a munka vil\\u00e1g\\u00e1b\\u00f3l\",\"url\":\"https:\\\/\\\/allasorias.hu\\\/hirek\\\/\",\"logo\":{\"@type\":\"ImageObject\",\"url\":\"https:\\\/\\\/allasorias.hu\\\/hirek\\\/wp-content\\\/uploads\\\/2022\\\/10\\\/allasorias_site_facebok_logo.png\",\"@id\":\"https:\\\/\\\/allasorias.hu\\\/hirek\\\/hianyos-tudassal-jelentkeztek-a-muszaki-kepzesekre\\\/#organizationLogo\"},\"image\":{\"@id\":\"https:\\\/\\\/allasorias.hu\\\/hirek\\\/hianyos-tudassal-jelentkeztek-a-muszaki-kepzesekre\\\/#organizationLogo\"},\"sameAs\":[\"https:\\\/\\\/www.facebook.com\\\/allasorias\",\"https:\\\/\\\/www.linkedin.com\\\/company\\\/allasorias\"]},{\"@type\":\"Person\",\"@id\":\"https:\\\/\\\/allasorias.hu\\\/hirek\\\/author\\\/admin-allasorias\\\/#author\",\"url\":\"https:\\\/\\\/allasorias.hu\\\/hirek\\\/author\\\/admin-allasorias\\\/\",\"name\":\"Juh\\u00e1sz P\\u00e9ter\",\"image\":{\"@type\":\"ImageObject\",\"@id\":\"https:\\\/\\\/allasorias.hu\\\/hirek\\\/hianyos-tudassal-jelentkeztek-a-muszaki-kepzesekre\\\/#authorImage\",\"url\":\"https:\\\/\\\/secure.gravatar.com\\\/avatar\\\/36e6bcb83148978b992977cb0f54d22feb0cce8a0a849a9410532bb2623ba4c6?s=96&d=mm&r=g\",\"width\":96,\"height\":96,\"caption\":\"Juh\\u00e1sz P\\u00e9ter\"}},{\"@type\":\"WebPage\",\"@id\":\"https:\\\/\\\/allasorias.hu\\\/hirek\\\/hianyos-tudassal-jelentkeztek-a-muszaki-kepzesekre\\\/#webpage\",\"url\":\"https:\\\/\\\/allasorias.hu\\\/hirek\\\/hianyos-tudassal-jelentkeztek-a-muszaki-kepzesekre\\\/\",\"name\":\"Hi\\u00e1nyos tud\\u00e1ssal jelentkeztek a m\\u0171szaki k\\u00e9pz\\u00e9sekre | AllasOrias.hu | H\\u00edrek-lapszemle\",\"description\":\"Alacsonyabb ponthat\\u00e1rokkal lehetett beker\\u00fclni id\\u00e9n a m\\u0171szaki k\\u00e9pz\\u00e9sekre, ami nem j\\u00f3 jel a j\\u00f6v\\u0151 gazdas\\u00e1g\\u00e1t tekintve. Az eg\\u00e9sz magyar gazdas\\u00e1g sz\\u00e1m\\u00e1ra negat\\u00edv tendenci\\u00e1t jeleznek az idei m\\u0171szaki fels\\u0151oktat\\u00e1si felv\\u00e9telik eredm\\u00e9nyei. Egy\\u00e9rtelm\\u0171en l\\u00e1tszik, hogy 2020-ban drasztikusan kevesen \\u00e9s nagyon hi\\u00e1nyos tud\\u00e1ssal jelentkeztek tov\\u00e1bbtanul\\u00e1si sz\\u00e1nd\\u00e9kkal a m\\u0171szaki k\\u00e9pz\\u00e9sekre. Az int\\u00e9zm\\u00e9nyek pedig erre v\\u00e1laszul \\u2013 kev\\u00e9s kiv\\u00e9telt\\u0151l eltekintve\",\"inLanguage\":\"hu-HU\",\"isPartOf\":{\"@id\":\"https:\\\/\\\/allasorias.hu\\\/hirek\\\/#website\"},\"breadcrumb\":{\"@id\":\"https:\\\/\\\/allasorias.hu\\\/hirek\\\/hianyos-tudassal-jelentkeztek-a-muszaki-kepzesekre\\\/#breadcrumblist\"},\"author\":{\"@id\":\"https:\\\/\\\/allasorias.hu\\\/hirek\\\/author\\\/admin-allasorias\\\/#author\"},\"creator\":{\"@id\":\"https:\\\/\\\/allasorias.hu\\\/hirek\\\/author\\\/admin-allasorias\\\/#author\"},\"image\":{\"@type\":\"ImageObject\",\"url\":\"https:\\\/\\\/allasorias.hu\\\/hirek\\\/wp-content\\\/uploads\\\/2020\\\/05\\\/room-2775436_640.jpg\",\"@id\":\"https:\\\/\\\/allasorias.hu\\\/hirek\\\/hianyos-tudassal-jelentkeztek-a-muszaki-kepzesekre\\\/#mainImage\",\"width\":640,\"height\":426},\"primaryImageOfPage\":{\"@id\":\"https:\\\/\\\/allasorias.hu\\\/hirek\\\/hianyos-tudassal-jelentkeztek-a-muszaki-kepzesekre\\\/#mainImage\"},\"datePublished\":\"2020-08-14T07:05:58+02:00\",\"dateModified\":\"2020-08-14T07:05:58+02:00\"},{\"@type\":\"WebSite\",\"@id\":\"https:\\\/\\\/allasorias.hu\\\/hirek\\\/#website\",\"url\":\"https:\\\/\\\/allasorias.hu\\\/hirek\\\/\",\"name\":\"AllasOrias.hu | H\\u00edrek-lapszemle\",\"description\":\"\\u00dczleti h\\u00edrek az \\u00e1ll\\u00e1s \\u00e9s a munka vil\\u00e1g\\u00e1b\\u00f3l\",\"inLanguage\":\"hu-HU\",\"publisher\":{\"@id\":\"https:\\\/\\\/allasorias.hu\\\/hirek\\\/#organization\"}}]}\n\t\t<\/script>\n\t\t<!-- All in One SEO -->\n\n","aioseo_head_json":{"title":"Hi\u00e1nyos tud\u00e1ssal jelentkeztek a m\u0171szaki k\u00e9pz\u00e9sekre | AllasOrias.hu | H\u00edrek-lapszemle","description":"Alacsonyabb ponthat\u00e1rokkal lehetett beker\u00fclni id\u00e9n a m\u0171szaki k\u00e9pz\u00e9sekre, ami nem j\u00f3 jel a j\u00f6v\u0151 gazdas\u00e1g\u00e1t tekintve. Az eg\u00e9sz magyar gazdas\u00e1g sz\u00e1m\u00e1ra negat\u00edv tendenci\u00e1t jeleznek az idei m\u0171szaki fels\u0151oktat\u00e1si felv\u00e9telik eredm\u00e9nyei. Egy\u00e9rtelm\u0171en l\u00e1tszik, hogy 2020-ban drasztikusan kevesen \u00e9s nagyon hi\u00e1nyos tud\u00e1ssal jelentkeztek tov\u00e1bbtanul\u00e1si sz\u00e1nd\u00e9kkal a m\u0171szaki k\u00e9pz\u00e9sekre. Az int\u00e9zm\u00e9nyek pedig erre v\u00e1laszul \u2013 kev\u00e9s kiv\u00e9telt\u0151l eltekintve","canonical_url":"https:\/\/allasorias.hu\/hirek\/hianyos-tudassal-jelentkeztek-a-muszaki-kepzesekre\/","robots":"max-image-preview:large","keywords":"","webmasterTools":{"miscellaneous":""},"schema":{"@context":"https:\/\/schema.org","@graph":[{"@type":"Article","@id":"https:\/\/allasorias.hu\/hirek\/hianyos-tudassal-jelentkeztek-a-muszaki-kepzesekre\/#article","name":"Hi\u00e1nyos tud\u00e1ssal jelentkeztek a m\u0171szaki k\u00e9pz\u00e9sekre | AllasOrias.hu | H\u00edrek-lapszemle","headline":"Hi\u00e1nyos tud\u00e1ssal jelentkeztek a m\u0171szaki k\u00e9pz\u00e9sekre","author":{"@id":"https:\/\/allasorias.hu\/hirek\/author\/admin-allasorias\/#author"},"publisher":{"@id":"https:\/\/allasorias.hu\/hirek\/#organization"},"image":{"@type":"ImageObject","url":"https:\/\/allasorias.hu\/hirek\/wp-content\/uploads\/2020\/05\/room-2775436_640.jpg","width":640,"height":426},"datePublished":"2020-08-14T07:05:58+02:00","dateModified":"2020-08-14T07:05:58+02:00","inLanguage":"hu-HU","mainEntityOfPage":{"@id":"https:\/\/allasorias.hu\/hirek\/hianyos-tudassal-jelentkeztek-a-muszaki-kepzesekre\/#webpage"},"isPartOf":{"@id":"https:\/\/allasorias.hu\/hirek\/hianyos-tudassal-jelentkeztek-a-muszaki-kepzesekre\/#webpage"},"articleSection":"Gazdas\u00e1g"},{"@type":"BreadcrumbList","@id":"https:\/\/allasorias.hu\/hirek\/hianyos-tudassal-jelentkeztek-a-muszaki-kepzesekre\/#breadcrumblist","itemListElement":[{"@type":"ListItem","@id":"https:\/\/allasorias.hu\/hirek#listItem","position":1,"name":"Home","item":"https:\/\/allasorias.hu\/hirek","nextItem":{"@type":"ListItem","@id":"https:\/\/allasorias.hu\/hirek\/temak\/gazdasag\/#listItem","name":"Gazdas\u00e1g"}},{"@type":"ListItem","@id":"https:\/\/allasorias.hu\/hirek\/temak\/gazdasag\/#listItem","position":2,"name":"Gazdas\u00e1g","item":"https:\/\/allasorias.hu\/hirek\/temak\/gazdasag\/","nextItem":{"@type":"ListItem","@id":"https:\/\/allasorias.hu\/hirek\/hianyos-tudassal-jelentkeztek-a-muszaki-kepzesekre\/#listItem","name":"Hi\u00e1nyos tud\u00e1ssal jelentkeztek a m\u0171szaki k\u00e9pz\u00e9sekre"},"previousItem":{"@type":"ListItem","@id":"https:\/\/allasorias.hu\/hirek#listItem","name":"Home"}},{"@type":"ListItem","@id":"https:\/\/allasorias.hu\/hirek\/hianyos-tudassal-jelentkeztek-a-muszaki-kepzesekre\/#listItem","position":3,"name":"Hi\u00e1nyos tud\u00e1ssal jelentkeztek a m\u0171szaki k\u00e9pz\u00e9sekre","previousItem":{"@type":"ListItem","@id":"https:\/\/allasorias.hu\/hirek\/temak\/gazdasag\/#listItem","name":"Gazdas\u00e1g"}}]},{"@type":"Organization","@id":"https:\/\/allasorias.hu\/hirek\/#organization","name":"AllasOrias.hu | H\u00edrek-lapszemle","description":"\u00dczleti h\u00edrek az \u00e1ll\u00e1s \u00e9s a munka vil\u00e1g\u00e1b\u00f3l","url":"https:\/\/allasorias.hu\/hirek\/","logo":{"@type":"ImageObject","url":"https:\/\/allasorias.hu\/hirek\/wp-content\/uploads\/2022\/10\/allasorias_site_facebok_logo.png","@id":"https:\/\/allasorias.hu\/hirek\/hianyos-tudassal-jelentkeztek-a-muszaki-kepzesekre\/#organizationLogo"},"image":{"@id":"https:\/\/allasorias.hu\/hirek\/hianyos-tudassal-jelentkeztek-a-muszaki-kepzesekre\/#organizationLogo"},"sameAs":["https:\/\/www.facebook.com\/allasorias","https:\/\/www.linkedin.com\/company\/allasorias"]},{"@type":"Person","@id":"https:\/\/allasorias.hu\/hirek\/author\/admin-allasorias\/#author","url":"https:\/\/allasorias.hu\/hirek\/author\/admin-allasorias\/","name":"Juh\u00e1sz P\u00e9ter","image":{"@type":"ImageObject","@id":"https:\/\/allasorias.hu\/hirek\/hianyos-tudassal-jelentkeztek-a-muszaki-kepzesekre\/#authorImage","url":"https:\/\/secure.gravatar.com\/avatar\/36e6bcb83148978b992977cb0f54d22feb0cce8a0a849a9410532bb2623ba4c6?s=96&d=mm&r=g","width":96,"height":96,"caption":"Juh\u00e1sz P\u00e9ter"}},{"@type":"WebPage","@id":"https:\/\/allasorias.hu\/hirek\/hianyos-tudassal-jelentkeztek-a-muszaki-kepzesekre\/#webpage","url":"https:\/\/allasorias.hu\/hirek\/hianyos-tudassal-jelentkeztek-a-muszaki-kepzesekre\/","name":"Hi\u00e1nyos tud\u00e1ssal jelentkeztek a m\u0171szaki k\u00e9pz\u00e9sekre | AllasOrias.hu | H\u00edrek-lapszemle","description":"Alacsonyabb ponthat\u00e1rokkal lehetett beker\u00fclni id\u00e9n a m\u0171szaki k\u00e9pz\u00e9sekre, ami nem j\u00f3 jel a j\u00f6v\u0151 gazdas\u00e1g\u00e1t tekintve. Az eg\u00e9sz magyar gazdas\u00e1g sz\u00e1m\u00e1ra negat\u00edv tendenci\u00e1t jeleznek az idei m\u0171szaki fels\u0151oktat\u00e1si felv\u00e9telik eredm\u00e9nyei. Egy\u00e9rtelm\u0171en l\u00e1tszik, hogy 2020-ban drasztikusan kevesen \u00e9s nagyon hi\u00e1nyos tud\u00e1ssal jelentkeztek tov\u00e1bbtanul\u00e1si sz\u00e1nd\u00e9kkal a m\u0171szaki k\u00e9pz\u00e9sekre. Az int\u00e9zm\u00e9nyek pedig erre v\u00e1laszul \u2013 kev\u00e9s kiv\u00e9telt\u0151l eltekintve","inLanguage":"hu-HU","isPartOf":{"@id":"https:\/\/allasorias.hu\/hirek\/#website"},"breadcrumb":{"@id":"https:\/\/allasorias.hu\/hirek\/hianyos-tudassal-jelentkeztek-a-muszaki-kepzesekre\/#breadcrumblist"},"author":{"@id":"https:\/\/allasorias.hu\/hirek\/author\/admin-allasorias\/#author"},"creator":{"@id":"https:\/\/allasorias.hu\/hirek\/author\/admin-allasorias\/#author"},"image":{"@type":"ImageObject","url":"https:\/\/allasorias.hu\/hirek\/wp-content\/uploads\/2020\/05\/room-2775436_640.jpg","@id":"https:\/\/allasorias.hu\/hirek\/hianyos-tudassal-jelentkeztek-a-muszaki-kepzesekre\/#mainImage","width":640,"height":426},"primaryImageOfPage":{"@id":"https:\/\/allasorias.hu\/hirek\/hianyos-tudassal-jelentkeztek-a-muszaki-kepzesekre\/#mainImage"},"datePublished":"2020-08-14T07:05:58+02:00","dateModified":"2020-08-14T07:05:58+02:00"},{"@type":"WebSite","@id":"https:\/\/allasorias.hu\/hirek\/#website","url":"https:\/\/allasorias.hu\/hirek\/","name":"AllasOrias.hu | H\u00edrek-lapszemle","description":"\u00dczleti h\u00edrek az \u00e1ll\u00e1s \u00e9s a munka vil\u00e1g\u00e1b\u00f3l","inLanguage":"hu-HU","publisher":{"@id":"https:\/\/allasorias.hu\/hirek\/#organization"}}]},"og:locale":"hu_HU","og:site_name":"AllasOrias.hu | H\u00edrek-lapszemle | \u00dczleti h\u00edrek az \u00e1ll\u00e1s \u00e9s a munka vil\u00e1g\u00e1b\u00f3l","og:type":"article","og:title":"Hi\u00e1nyos tud\u00e1ssal jelentkeztek a m\u0171szaki k\u00e9pz\u00e9sekre | AllasOrias.hu | H\u00edrek-lapszemle","og:description":"Alacsonyabb ponthat\u00e1rokkal lehetett beker\u00fclni id\u00e9n a m\u0171szaki k\u00e9pz\u00e9sekre, ami nem j\u00f3 jel a j\u00f6v\u0151 gazdas\u00e1g\u00e1t tekintve. Az eg\u00e9sz magyar gazdas\u00e1g sz\u00e1m\u00e1ra negat\u00edv tendenci\u00e1t jeleznek az idei m\u0171szaki fels\u0151oktat\u00e1si felv\u00e9telik eredm\u00e9nyei. Egy\u00e9rtelm\u0171en l\u00e1tszik, hogy 2020-ban drasztikusan kevesen \u00e9s nagyon hi\u00e1nyos tud\u00e1ssal jelentkeztek tov\u00e1bbtanul\u00e1si sz\u00e1nd\u00e9kkal a m\u0171szaki k\u00e9pz\u00e9sekre. Az int\u00e9zm\u00e9nyek pedig erre v\u00e1laszul \u2013 kev\u00e9s kiv\u00e9telt\u0151l eltekintve","og:url":"https:\/\/allasorias.hu\/hirek\/hianyos-tudassal-jelentkeztek-a-muszaki-kepzesekre\/","og:image":"https:\/\/allasorias.hu\/hirek\/wp-content\/uploads\/2020\/05\/room-2775436_640.jpg","og:image:secure_url":"https:\/\/allasorias.hu\/hirek\/wp-content\/uploads\/2020\/05\/room-2775436_640.jpg","og:image:width":640,"og:image:height":426,"article:published_time":"2020-08-14T07:05:58+00:00","article:modified_time":"2020-08-14T07:05:58+00:00","article:publisher":"https:\/\/www.facebook.com\/allasorias","twitter:card":"summary_large_image","twitter:title":"Hi\u00e1nyos tud\u00e1ssal jelentkeztek a m\u0171szaki k\u00e9pz\u00e9sekre | AllasOrias.hu | H\u00edrek-lapszemle","twitter:description":"Alacsonyabb ponthat\u00e1rokkal lehetett beker\u00fclni id\u00e9n a m\u0171szaki k\u00e9pz\u00e9sekre, ami nem j\u00f3 jel a j\u00f6v\u0151 gazdas\u00e1g\u00e1t tekintve. Az eg\u00e9sz magyar gazdas\u00e1g sz\u00e1m\u00e1ra negat\u00edv tendenci\u00e1t jeleznek az idei m\u0171szaki fels\u0151oktat\u00e1si felv\u00e9telik eredm\u00e9nyei. Egy\u00e9rtelm\u0171en l\u00e1tszik, hogy 2020-ban drasztikusan kevesen \u00e9s nagyon hi\u00e1nyos tud\u00e1ssal jelentkeztek tov\u00e1bbtanul\u00e1si sz\u00e1nd\u00e9kkal a m\u0171szaki k\u00e9pz\u00e9sekre. Az int\u00e9zm\u00e9nyek pedig erre v\u00e1laszul \u2013 kev\u00e9s kiv\u00e9telt\u0151l eltekintve","twitter:image":"https:\/\/allasorias.hu\/hirek\/wp-content\/uploads\/2020\/05\/room-2775436_640.jpg","twitter:label1":"Written by","twitter:data1":"Juh\u00e1sz P\u00e9ter","twitter:label2":"Est. reading time","twitter:data2":"4 minutes"},"aioseo_meta_data":{"post_id":"4186","title":null,"description":"","keywords":"","keyphrases":null,"primary_term":null,"canonical_url":"","og_title":null,"og_description":null,"og_object_type":"default","og_image_type":"default","og_image_url":null,"og_image_width":null,"og_image_height":null,"og_image_custom_url":null,"og_image_custom_fields":null,"og_video":null,"og_custom_url":null,"og_article_section":null,"og_article_tags":null,"twitter_use_og":false,"twitter_card":"default","twitter_image_type":"default","twitter_image_url":null,"twitter_image_custom_url":null,"twitter_image_custom_fields":null,"twitter_title":null,"twitter_description":null,"schema":{"blockGraphs":[],"customGraphs":[],"default":{"data":{"Article":[],"Course":[],"Dataset":[],"FAQPage":[],"Movie":[],"Person":[],"Product":[],"ProductReview":[],"Car":[],"Recipe":[],"Service":[],"SoftwareApplication":[],"WebPage":[]},"graphName":"","isEnabled":true},"graphs":[],"defaultGraph":"","defaultPostTypeGraph":""},"schema_type":null,"schema_type_options":null,"pillar_content":false,"robots_default":true,"robots_noindex":false,"robots_noarchive":false,"robots_nosnippet":false,"robots_nofollow":false,"robots_noimageindex":false,"robots_noodp":false,"robots_notranslate":false,"robots_max_snippet":null,"robots_max_videopreview":null,"robots_max_imagepreview":"large","priority":null,"frequency":null,"location":null,"local_seo":null,"breadcrumb_settings":null,"limit_modified_date":false,"ai":null,"created":"2021-02-01 20:46:57","updated":"2025-10-02 14:18:14","seo_analyzer_scan_date":null,"focus_keyword":null,"additional_keywords":null,"truseo_locale":null},"aioseo_breadcrumb":"<div class=\"aioseo-breadcrumbs\"><span class=\"aioseo-breadcrumb\">\n\t\t\t<a href=\"https:\/\/allasorias.hu\/hirek\" title=\"Home\">Home<\/a>\n\t\t<\/span><span class=\"aioseo-breadcrumb-separator\">&raquo;<\/span><span class=\"aioseo-breadcrumb\">\n\t\t\t<a href=\"https:\/\/allasorias.hu\/hirek\/temak\/gazdasag\/\" title=\"Gazdas\u00e1g\">Gazdas\u00e1g<\/a>\n\t\t<\/span><span class=\"aioseo-breadcrumb-separator\">&raquo;<\/span><span class=\"aioseo-breadcrumb\">\n\t\t\tHi\u00e1nyos tud\u00e1ssal jelentkeztek a m\u0171szaki k\u00e9pz\u00e9sekre\n\t\t<\/span><\/div>","aioseo_breadcrumb_json":[{"label":"Home","link":"https:\/\/allasorias.hu\/hirek"},{"label":"Gazdas\u00e1g","link":"https:\/\/allasorias.hu\/hirek\/temak\/gazdasag\/"},{"label":"Hi\u00e1nyos tud\u00e1ssal jelentkeztek a m\u0171szaki k\u00e9pz\u00e9sekre","link":"https:\/\/allasorias.hu\/hirek\/hianyos-tudassal-jelentkeztek-a-muszaki-kepzesekre\/"}],"_links":{"self":[{"href":"https:\/\/allasorias.hu\/hirek\/wp-json\/wp\/v2\/posts\/4186","targetHints":{"allow":["GET"]}}],"collection":[{"href":"https:\/\/allasorias.hu\/hirek\/wp-json\/wp\/v2\/posts"}],"about":[{"href":"https:\/\/allasorias.hu\/hirek\/wp-json\/wp\/v2\/types\/post"}],"author":[{"embeddable":true,"href":"https:\/\/allasorias.hu\/hirek\/wp-json\/wp\/v2\/users\/1"}],"replies":[{"embeddable":true,"href":"https:\/\/allasorias.hu\/hirek\/wp-json\/wp\/v2\/comments?post=4186"}],"version-history":[{"count":1,"href":"https:\/\/allasorias.hu\/hirek\/wp-json\/wp\/v2\/posts\/4186\/revisions"}],"predecessor-version":[{"id":4187,"href":"https:\/\/allasorias.hu\/hirek\/wp-json\/wp\/v2\/posts\/4186\/revisions\/4187"}],"wp:featuredmedia":[{"embeddable":true,"href":"https:\/\/allasorias.hu\/hirek\/wp-json\/wp\/v2\/media\/3994"}],"wp:attachment":[{"href":"https:\/\/allasorias.hu\/hirek\/wp-json\/wp\/v2\/media?parent=4186"}],"wp:term":[{"taxonomy":"category","embeddable":true,"href":"https:\/\/allasorias.hu\/hirek\/wp-json\/wp\/v2\/categories?post=4186"},{"taxonomy":"post_tag","embeddable":true,"href":"https:\/\/allasorias.hu\/hirek\/wp-json\/wp\/v2\/tags?post=4186"}],"curies":[{"name":"wp","href":"https:\/\/api.w.org\/{rel}","templated":true}]}}