{"id":4182,"date":"2020-08-13T08:12:36","date_gmt":"2020-08-13T08:12:36","guid":{"rendered":"https:\/\/allasorias.hu\/hirek\/?p=4182"},"modified":"2020-08-13T08:12:36","modified_gmt":"2020-08-13T08:12:36","slug":"kinek-nehez-a-diakhitel-visszafizetese","status":"publish","type":"post","link":"https:\/\/allasorias.hu\/hirek\/kinek-nehez-a-diakhitel-visszafizetese\/","title":{"rendered":"Kinek neh\u00e9z a di\u00e1khitel visszafizet\u00e9se ?"},"content":{"rendered":"<p><strong>A magyar di\u00e1khitelez\u00e9s egy j\u00f3l ki\u00e9p\u00edtett, piaci forr\u00e1sbevon\u00e1sra \u00e9p\u00fcl\u0151, \u00f6nfenntart\u00f3 rendszer, ami nem terheli meg a k\u00f6lts\u00e9gvet\u00e9st, \u00e9s ek\u00f6zben biztos\u00edtja, hogy ne legyen olyan magyar fiatal a K\u00e1rp\u00e1t-medenc\u00e9ben, aki anyagi okok miatt nem tudja a tehets\u00e9g\u00e9nek megfelel\u0151 k\u00e9pz\u00e9st elv\u00e9gezni \u2013 mondta a Magyar H\u00edrlapnak adott cs\u00fct\u00f6rt\u00f6ki interj\u00faban Magyar P\u00e9ter. A Di\u00e1khitel K\u00f6zpont Zrt. vez\u00e9rigazgat\u00f3ja szerint akinek versenyk\u00e9pes v\u00e9gzetts\u00e9ge \u00e9s tud\u00e1sa van, az k\u00f6nnyed\u00e9n fizeti ki n\u00e9h\u00e1ny \u00e9v alatt a di\u00e1khitel-tartoz\u00e1s\u00e1t. <\/strong><\/p>\n<p>J\u00f6v\u0151 \u00e1prilist\u00f3l a szakk\u00e9pz\u00e9sben \u00e9s a feln\u0151ttk\u00e9pz\u00e9sben is ig\u00e9nyelhet\u0151 lesz a di\u00e1khitel. Magyar P\u00e9ter err\u0151l azt mondta: a korm\u00e1ny alapvet\u0151 politikai c\u00e9lja volt, hogy a szak- \u00e9s feln\u0151ttk\u00e9pz\u00e9sben tanul\u00f3k a fels\u0151oktat\u00e1si hallgat\u00f3kkal azonos felt\u00e9telekkel juthassanak hitelekhez. Az egyre gyorsabban v\u00e1ltoz\u00f3 munkaer\u0151piaci ig\u00e9nyek miatt ugyanis egyre fontosabb\u00e1 v\u00e1lik uni\u00f3s \u00e9s hazai szinten is az \u00e9lethosszig tart\u00f3 tanul\u00e1s \u00e9s a munkav\u00e1llal\u00f3k mobilit\u00e1s\u00e1nak er\u0151s\u00edt\u00e9se. Az oktat\u00e1si rendszerben v\u00e9gzett szakk\u00e9pz\u00e9sben \u2013 amelyben 18 \u00e9s 25 \u00e9v k\u00f6z\u00f6ttiek tanulhatnak \u2013 \u00f6tvenezer ember, a feln\u0151ttk\u00e9pz\u00e9sben pedig mintegy sz\u00e1zezer ember \u00e9lhet majd az \u00faj lehet\u0151s\u00e9ggel. A k\u00e9pz\u00e9si hitelnek k\u00e9t l\u00e1ba van: szabad \u00e9s k\u00f6t\u00f6tt felhaszn\u00e1l\u00e1s\u00fa, mindk\u00e9t term\u00e9ket 18 \u00e9s 55 \u00e9v k\u00f6z\u00f6tt lehet ig\u00e9nyelni. A k\u00f6lts\u00e9gvet\u00e9si kamatt\u00e1mogat\u00e1snak k\u00f6sz\u00f6nhet\u0151en a szabad felhaszn\u00e1l\u00e1s\u00fa k\u00e9pz\u00e9si hitel a fels\u0151oktat\u00e1si Di\u00e1khitel1-gyel azonos, 1,99 sz\u00e1zal\u00e9kos kamatoz\u00e1s\u00fa, m\u00edg a kiz\u00e1r\u00f3lag k\u00e9pz\u00e9si d\u00edjakra ford\u00edthat\u00f3, k\u00f6t\u00f6tt felhaszn\u00e1l\u00e1s\u00fa hitel kamatmentes lesz. Magyar P\u00e9ter azt mondta: a k\u00e9pz\u00e9si hitelekn\u00e9l a hitelfelvev\u0151 fogja eld\u00f6nteni, hogy egy \u00e9s t\u00edz \u00e9v k\u00f6z\u00f6tt milyen t\u00f6rleszt\u00e9si id\u0151szakot v\u00e1laszt. A t\u00f6rleszt\u00e9st a k\u00e9pz\u00e9s befejez\u00e9s\u00e9t k\u00f6vet\u0151 negyedik h\u00f3napban kell elkezdeni, mint a fels\u0151oktat\u00e1sban. A vez\u00e9rigazgat\u00f3 arr\u00f3l is besz\u00e9lt, hogy a bed\u0151lt di\u00e1khitelek ar\u00e1nya extr\u00e9m alacsony, jelenleg egy sz\u00e1zal\u00e9k alatt van. A Di\u00e1khitel K\u00f6zpontn\u00e1l jelenleg mintegy 145 ezren vannak t\u00f6rleszt\u00e9si szakban, ebb\u0151l negyvenezren \u00e9ltek a m\u00e1rcius 19-t\u0151l bevezetett t\u00f6rleszt\u00e9si morat\u00f3riummal, azaz 65 sz\u00e1zal\u00e9k tov\u00e1bbra is t\u00f6rleszt. Mint elmondta, a koronav\u00edrus-j\u00e1rv\u00e1ny k\u00f6vetkezt\u00e9ben a tanul\u00f3k 30-40 sz\u00e1zal\u00e9ka elvesztette a di\u00e1kmunk\u00e1j\u00e1t vagy gyakornoki poz\u00edci\u00f3j\u00e1t. &#8222;A korm\u00e1ny erre nagyon gyorsan reag\u00e1lt a Di\u00e1khitel Plusz m\u00e1jus 1-jei bevezet\u00e9s\u00e9vel, ami egy \u00e1tmeneti rendk\u00edv\u00fcli seg\u00edts\u00e9g, f\u00e9lmilli\u00f3 forint szabad felhaszn\u00e1l\u00e1s\u00fa, kamatmentes hitel. Ezt a mai napig k\u00f6r\u00fclbel\u00fcl 17 ezren ig\u00e9nyelt\u00e9k \u00e9s \u00fagy sz\u00e1molunk, hogy ez el\u00e9ri id\u00e9n a harmincezer ig\u00e9nyl\u00e9st&#8221; \u2013 fogalmazott Magyar P\u00e9ter.<\/p>\n<p>&nbsp;<\/p>\n<p>Besz\u00e1molt arr\u00f3l is, hogy folyamatosan n\u00f6vekszik a hitelig\u00e9nyl\u00e9sek sz\u00e1ma. A Di\u00e1khitel1-et \u00f6tven sz\u00e1zal\u00e9kkal t\u00f6bben ig\u00e9nyelt\u00e9k az els\u0151 f\u00e9l\u00e9vben, mint tavaly.<\/p>\n<p>Forr\u00e1s: hvg.hu<\/p>\n","protected":false},"excerpt":{"rendered":"<p>A magyar di\u00e1khitelez\u00e9s egy j\u00f3l ki\u00e9p\u00edtett, piaci forr\u00e1sbevon\u00e1sra \u00e9p\u00fcl\u0151, \u00f6nfenntart\u00f3 rendszer, ami nem terheli meg a k\u00f6lts\u00e9gvet\u00e9st, \u00e9s ek\u00f6zben biztos\u00edtja, hogy ne legyen olyan magyar fiatal a K\u00e1rp\u00e1t-medenc\u00e9ben, aki anyagi okok miatt nem tudja a tehets\u00e9g\u00e9nek megfelel\u0151 k\u00e9pz\u00e9st elv\u00e9gezni \u2013 mondta a Magyar H\u00edrlapnak adott cs\u00fct\u00f6rt\u00f6ki interj\u00faban Magyar P\u00e9ter. A Di\u00e1khitel K\u00f6zpont Zrt. vez\u00e9rigazgat\u00f3ja szerint [&hellip;]<\/p>\n","protected":false},"author":1,"featured_media":3485,"comment_status":"open","ping_status":"open","sticky":false,"template":"","format":"standard","meta":{"_monsterinsights_skip_tracking":false,"footnotes":""},"categories":[198],"tags":[],"class_list":["post-4182","post","type-post","status-publish","format-standard","has-post-thumbnail","hentry","category-gazdasag"],"aioseo_notices":[],"aioseo_head":"\n\t\t<!-- All in One SEO 5.0.0.1 - aioseo.com -->\n\t<meta name=\"description\" content=\"A magyar di\u00e1khitelez\u00e9s egy j\u00f3l ki\u00e9p\u00edtett, piaci forr\u00e1sbevon\u00e1sra \u00e9p\u00fcl\u0151, \u00f6nfenntart\u00f3 rendszer, ami nem terheli meg a k\u00f6lts\u00e9gvet\u00e9st, \u00e9s ek\u00f6zben biztos\u00edtja, hogy ne legyen olyan magyar fiatal a K\u00e1rp\u00e1t-medenc\u00e9ben, aki anyagi okok miatt nem tudja a tehets\u00e9g\u00e9nek megfelel\u0151 k\u00e9pz\u00e9st elv\u00e9gezni \u2013 mondta a Magyar H\u00edrlapnak adott cs\u00fct\u00f6rt\u00f6ki interj\u00faban Magyar P\u00e9ter. A Di\u00e1khitel K\u00f6zpont Zrt. vez\u00e9rigazgat\u00f3ja szerint\" \/>\n\t<meta name=\"robots\" content=\"max-image-preview:large\" \/>\n\t<meta name=\"author\" content=\"Juh\u00e1sz P\u00e9ter\"\/>\n\t<link rel=\"canonical\" href=\"https:\/\/allasorias.hu\/hirek\/kinek-nehez-a-diakhitel-visszafizetese\/\" \/>\n\t<meta name=\"generator\" content=\"All in One SEO (AIOSEO) 5.0.0.1\" \/>\n\t\t<meta property=\"og:locale\" content=\"hu_HU\" \/>\n\t\t<meta property=\"og:site_name\" content=\"AllasOrias.hu | H\u00edrek-lapszemle | \u00dczleti h\u00edrek az \u00e1ll\u00e1s \u00e9s a munka vil\u00e1g\u00e1b\u00f3l\" \/>\n\t\t<meta property=\"og:type\" content=\"article\" \/>\n\t\t<meta property=\"og:title\" content=\"Kinek neh\u00e9z a di\u00e1khitel visszafizet\u00e9se ? | AllasOrias.hu | H\u00edrek-lapszemle\" \/>\n\t\t<meta property=\"og:description\" content=\"A magyar di\u00e1khitelez\u00e9s egy j\u00f3l ki\u00e9p\u00edtett, piaci forr\u00e1sbevon\u00e1sra \u00e9p\u00fcl\u0151, \u00f6nfenntart\u00f3 rendszer, ami nem terheli meg a k\u00f6lts\u00e9gvet\u00e9st, \u00e9s ek\u00f6zben biztos\u00edtja, hogy ne legyen olyan magyar fiatal a K\u00e1rp\u00e1t-medenc\u00e9ben, aki anyagi okok miatt nem tudja a tehets\u00e9g\u00e9nek megfelel\u0151 k\u00e9pz\u00e9st elv\u00e9gezni \u2013 mondta a Magyar H\u00edrlapnak adott cs\u00fct\u00f6rt\u00f6ki interj\u00faban Magyar P\u00e9ter. A Di\u00e1khitel K\u00f6zpont Zrt. vez\u00e9rigazgat\u00f3ja szerint\" \/>\n\t\t<meta property=\"og:url\" content=\"https:\/\/allasorias.hu\/hirek\/kinek-nehez-a-diakhitel-visszafizetese\/\" \/>\n\t\t<meta property=\"og:image\" content=\"https:\/\/allasorias.hu\/hirek\/wp-content\/uploads\/2019\/11\/graduation-2038864_640.jpg\" \/>\n\t\t<meta property=\"og:image:secure_url\" content=\"https:\/\/allasorias.hu\/hirek\/wp-content\/uploads\/2019\/11\/graduation-2038864_640.jpg\" \/>\n\t\t<meta property=\"og:image:width\" content=\"640\" \/>\n\t\t<meta property=\"og:image:height\" content=\"426\" \/>\n\t\t<meta property=\"article:published_time\" content=\"2020-08-13T08:12:36+00:00\" \/>\n\t\t<meta property=\"article:modified_time\" content=\"2020-08-13T08:12:36+00:00\" \/>\n\t\t<meta property=\"article:publisher\" content=\"https:\/\/www.facebook.com\/allasorias\" \/>\n\t\t<meta name=\"twitter:card\" content=\"summary_large_image\" \/>\n\t\t<meta name=\"twitter:title\" content=\"Kinek neh\u00e9z a di\u00e1khitel visszafizet\u00e9se ? | AllasOrias.hu | H\u00edrek-lapszemle\" \/>\n\t\t<meta name=\"twitter:description\" content=\"A magyar di\u00e1khitelez\u00e9s egy j\u00f3l ki\u00e9p\u00edtett, piaci forr\u00e1sbevon\u00e1sra \u00e9p\u00fcl\u0151, \u00f6nfenntart\u00f3 rendszer, ami nem terheli meg a k\u00f6lts\u00e9gvet\u00e9st, \u00e9s ek\u00f6zben biztos\u00edtja, hogy ne legyen olyan magyar fiatal a K\u00e1rp\u00e1t-medenc\u00e9ben, aki anyagi okok miatt nem tudja a tehets\u00e9g\u00e9nek megfelel\u0151 k\u00e9pz\u00e9st elv\u00e9gezni \u2013 mondta a Magyar H\u00edrlapnak adott cs\u00fct\u00f6rt\u00f6ki interj\u00faban Magyar P\u00e9ter. A Di\u00e1khitel K\u00f6zpont Zrt. vez\u00e9rigazgat\u00f3ja szerint\" \/>\n\t\t<meta name=\"twitter:image\" content=\"https:\/\/allasorias.hu\/hirek\/wp-content\/uploads\/2019\/11\/graduation-2038864_640.jpg\" \/>\n\t\t<meta name=\"twitter:label1\" content=\"Written by\" \/>\n\t\t<meta name=\"twitter:data1\" content=\"Juh\u00e1sz P\u00e9ter\" \/>\n\t\t<meta name=\"twitter:label2\" content=\"Est. reading time\" \/>\n\t\t<meta name=\"twitter:data2\" content=\"3 minutes\" \/>\n\t\t<script type=\"application\/ld+json\" class=\"aioseo-schema\">\n\t\t\t{\"@context\":\"https:\\\/\\\/schema.org\",\"@graph\":[{\"@type\":\"Article\",\"@id\":\"https:\\\/\\\/allasorias.hu\\\/hirek\\\/kinek-nehez-a-diakhitel-visszafizetese\\\/#article\",\"name\":\"Kinek neh\\u00e9z a di\\u00e1khitel visszafizet\\u00e9se ? | AllasOrias.hu | H\\u00edrek-lapszemle\",\"headline\":\"Kinek neh\\u00e9z a di\\u00e1khitel visszafizet\\u00e9se ?\",\"author\":{\"@id\":\"https:\\\/\\\/allasorias.hu\\\/hirek\\\/author\\\/admin-allasorias\\\/#author\"},\"publisher\":{\"@id\":\"https:\\\/\\\/allasorias.hu\\\/hirek\\\/#organization\"},\"image\":{\"@type\":\"ImageObject\",\"url\":\"https:\\\/\\\/allasorias.hu\\\/hirek\\\/wp-content\\\/uploads\\\/2019\\\/11\\\/graduation-2038864_640.jpg\",\"width\":640,\"height\":426},\"datePublished\":\"2020-08-13T08:12:36+02:00\",\"dateModified\":\"2020-08-13T08:12:36+02:00\",\"inLanguage\":\"hu-HU\",\"mainEntityOfPage\":{\"@id\":\"https:\\\/\\\/allasorias.hu\\\/hirek\\\/kinek-nehez-a-diakhitel-visszafizetese\\\/#webpage\"},\"isPartOf\":{\"@id\":\"https:\\\/\\\/allasorias.hu\\\/hirek\\\/kinek-nehez-a-diakhitel-visszafizetese\\\/#webpage\"},\"articleSection\":\"Gazdas\\u00e1g\"},{\"@type\":\"BreadcrumbList\",\"@id\":\"https:\\\/\\\/allasorias.hu\\\/hirek\\\/kinek-nehez-a-diakhitel-visszafizetese\\\/#breadcrumblist\",\"itemListElement\":[{\"@type\":\"ListItem\",\"@id\":\"https:\\\/\\\/allasorias.hu\\\/hirek#listItem\",\"position\":1,\"name\":\"Home\",\"item\":\"https:\\\/\\\/allasorias.hu\\\/hirek\",\"nextItem\":{\"@type\":\"ListItem\",\"@id\":\"https:\\\/\\\/allasorias.hu\\\/hirek\\\/temak\\\/gazdasag\\\/#listItem\",\"name\":\"Gazdas\\u00e1g\"}},{\"@type\":\"ListItem\",\"@id\":\"https:\\\/\\\/allasorias.hu\\\/hirek\\\/temak\\\/gazdasag\\\/#listItem\",\"position\":2,\"name\":\"Gazdas\\u00e1g\",\"item\":\"https:\\\/\\\/allasorias.hu\\\/hirek\\\/temak\\\/gazdasag\\\/\",\"nextItem\":{\"@type\":\"ListItem\",\"@id\":\"https:\\\/\\\/allasorias.hu\\\/hirek\\\/kinek-nehez-a-diakhitel-visszafizetese\\\/#listItem\",\"name\":\"Kinek neh\\u00e9z a di\\u00e1khitel visszafizet\\u00e9se ?\"},\"previousItem\":{\"@type\":\"ListItem\",\"@id\":\"https:\\\/\\\/allasorias.hu\\\/hirek#listItem\",\"name\":\"Home\"}},{\"@type\":\"ListItem\",\"@id\":\"https:\\\/\\\/allasorias.hu\\\/hirek\\\/kinek-nehez-a-diakhitel-visszafizetese\\\/#listItem\",\"position\":3,\"name\":\"Kinek neh\\u00e9z a di\\u00e1khitel visszafizet\\u00e9se ?\",\"previousItem\":{\"@type\":\"ListItem\",\"@id\":\"https:\\\/\\\/allasorias.hu\\\/hirek\\\/temak\\\/gazdasag\\\/#listItem\",\"name\":\"Gazdas\\u00e1g\"}}]},{\"@type\":\"Organization\",\"@id\":\"https:\\\/\\\/allasorias.hu\\\/hirek\\\/#organization\",\"name\":\"AllasOrias.hu | H\\u00edrek-lapszemle\",\"description\":\"\\u00dczleti h\\u00edrek az \\u00e1ll\\u00e1s \\u00e9s a munka vil\\u00e1g\\u00e1b\\u00f3l\",\"url\":\"https:\\\/\\\/allasorias.hu\\\/hirek\\\/\",\"logo\":{\"@type\":\"ImageObject\",\"url\":\"https:\\\/\\\/allasorias.hu\\\/hirek\\\/wp-content\\\/uploads\\\/2022\\\/10\\\/allasorias_site_facebok_logo.png\",\"@id\":\"https:\\\/\\\/allasorias.hu\\\/hirek\\\/kinek-nehez-a-diakhitel-visszafizetese\\\/#organizationLogo\"},\"image\":{\"@id\":\"https:\\\/\\\/allasorias.hu\\\/hirek\\\/kinek-nehez-a-diakhitel-visszafizetese\\\/#organizationLogo\"},\"sameAs\":[\"https:\\\/\\\/www.facebook.com\\\/allasorias\",\"https:\\\/\\\/www.linkedin.com\\\/company\\\/allasorias\"]},{\"@type\":\"Person\",\"@id\":\"https:\\\/\\\/allasorias.hu\\\/hirek\\\/author\\\/admin-allasorias\\\/#author\",\"url\":\"https:\\\/\\\/allasorias.hu\\\/hirek\\\/author\\\/admin-allasorias\\\/\",\"name\":\"Juh\\u00e1sz P\\u00e9ter\",\"image\":{\"@type\":\"ImageObject\",\"@id\":\"https:\\\/\\\/allasorias.hu\\\/hirek\\\/kinek-nehez-a-diakhitel-visszafizetese\\\/#authorImage\",\"url\":\"https:\\\/\\\/secure.gravatar.com\\\/avatar\\\/36e6bcb83148978b992977cb0f54d22feb0cce8a0a849a9410532bb2623ba4c6?s=96&d=mm&r=g\",\"width\":96,\"height\":96,\"caption\":\"Juh\\u00e1sz P\\u00e9ter\"}},{\"@type\":\"WebPage\",\"@id\":\"https:\\\/\\\/allasorias.hu\\\/hirek\\\/kinek-nehez-a-diakhitel-visszafizetese\\\/#webpage\",\"url\":\"https:\\\/\\\/allasorias.hu\\\/hirek\\\/kinek-nehez-a-diakhitel-visszafizetese\\\/\",\"name\":\"Kinek neh\\u00e9z a di\\u00e1khitel visszafizet\\u00e9se ? | AllasOrias.hu | H\\u00edrek-lapszemle\",\"description\":\"A magyar di\\u00e1khitelez\\u00e9s egy j\\u00f3l ki\\u00e9p\\u00edtett, piaci forr\\u00e1sbevon\\u00e1sra \\u00e9p\\u00fcl\\u0151, \\u00f6nfenntart\\u00f3 rendszer, ami nem terheli meg a k\\u00f6lts\\u00e9gvet\\u00e9st, \\u00e9s ek\\u00f6zben biztos\\u00edtja, hogy ne legyen olyan magyar fiatal a K\\u00e1rp\\u00e1t-medenc\\u00e9ben, aki anyagi okok miatt nem tudja a tehets\\u00e9g\\u00e9nek megfelel\\u0151 k\\u00e9pz\\u00e9st elv\\u00e9gezni \\u2013 mondta a Magyar H\\u00edrlapnak adott cs\\u00fct\\u00f6rt\\u00f6ki interj\\u00faban Magyar P\\u00e9ter. A Di\\u00e1khitel K\\u00f6zpont Zrt. vez\\u00e9rigazgat\\u00f3ja szerint\",\"inLanguage\":\"hu-HU\",\"isPartOf\":{\"@id\":\"https:\\\/\\\/allasorias.hu\\\/hirek\\\/#website\"},\"breadcrumb\":{\"@id\":\"https:\\\/\\\/allasorias.hu\\\/hirek\\\/kinek-nehez-a-diakhitel-visszafizetese\\\/#breadcrumblist\"},\"author\":{\"@id\":\"https:\\\/\\\/allasorias.hu\\\/hirek\\\/author\\\/admin-allasorias\\\/#author\"},\"creator\":{\"@id\":\"https:\\\/\\\/allasorias.hu\\\/hirek\\\/author\\\/admin-allasorias\\\/#author\"},\"image\":{\"@type\":\"ImageObject\",\"url\":\"https:\\\/\\\/allasorias.hu\\\/hirek\\\/wp-content\\\/uploads\\\/2019\\\/11\\\/graduation-2038864_640.jpg\",\"@id\":\"https:\\\/\\\/allasorias.hu\\\/hirek\\\/kinek-nehez-a-diakhitel-visszafizetese\\\/#mainImage\",\"width\":640,\"height\":426},\"primaryImageOfPage\":{\"@id\":\"https:\\\/\\\/allasorias.hu\\\/hirek\\\/kinek-nehez-a-diakhitel-visszafizetese\\\/#mainImage\"},\"datePublished\":\"2020-08-13T08:12:36+02:00\",\"dateModified\":\"2020-08-13T08:12:36+02:00\"},{\"@type\":\"WebSite\",\"@id\":\"https:\\\/\\\/allasorias.hu\\\/hirek\\\/#website\",\"url\":\"https:\\\/\\\/allasorias.hu\\\/hirek\\\/\",\"name\":\"AllasOrias.hu | H\\u00edrek-lapszemle\",\"description\":\"\\u00dczleti h\\u00edrek az \\u00e1ll\\u00e1s \\u00e9s a munka vil\\u00e1g\\u00e1b\\u00f3l\",\"inLanguage\":\"hu-HU\",\"publisher\":{\"@id\":\"https:\\\/\\\/allasorias.hu\\\/hirek\\\/#organization\"}}]}\n\t\t<\/script>\n\t\t<!-- All in One SEO -->\n\n","aioseo_head_json":{"title":"Kinek neh\u00e9z a di\u00e1khitel visszafizet\u00e9se ? | AllasOrias.hu | H\u00edrek-lapszemle","description":"A magyar di\u00e1khitelez\u00e9s egy j\u00f3l ki\u00e9p\u00edtett, piaci forr\u00e1sbevon\u00e1sra \u00e9p\u00fcl\u0151, \u00f6nfenntart\u00f3 rendszer, ami nem terheli meg a k\u00f6lts\u00e9gvet\u00e9st, \u00e9s ek\u00f6zben biztos\u00edtja, hogy ne legyen olyan magyar fiatal a K\u00e1rp\u00e1t-medenc\u00e9ben, aki anyagi okok miatt nem tudja a tehets\u00e9g\u00e9nek megfelel\u0151 k\u00e9pz\u00e9st elv\u00e9gezni \u2013 mondta a Magyar H\u00edrlapnak adott cs\u00fct\u00f6rt\u00f6ki interj\u00faban Magyar P\u00e9ter. A Di\u00e1khitel K\u00f6zpont Zrt. vez\u00e9rigazgat\u00f3ja szerint","canonical_url":"https:\/\/allasorias.hu\/hirek\/kinek-nehez-a-diakhitel-visszafizetese\/","robots":"max-image-preview:large","keywords":"","webmasterTools":{"miscellaneous":""},"schema":{"@context":"https:\/\/schema.org","@graph":[{"@type":"Article","@id":"https:\/\/allasorias.hu\/hirek\/kinek-nehez-a-diakhitel-visszafizetese\/#article","name":"Kinek neh\u00e9z a di\u00e1khitel visszafizet\u00e9se ? | AllasOrias.hu | H\u00edrek-lapszemle","headline":"Kinek neh\u00e9z a di\u00e1khitel visszafizet\u00e9se ?","author":{"@id":"https:\/\/allasorias.hu\/hirek\/author\/admin-allasorias\/#author"},"publisher":{"@id":"https:\/\/allasorias.hu\/hirek\/#organization"},"image":{"@type":"ImageObject","url":"https:\/\/allasorias.hu\/hirek\/wp-content\/uploads\/2019\/11\/graduation-2038864_640.jpg","width":640,"height":426},"datePublished":"2020-08-13T08:12:36+02:00","dateModified":"2020-08-13T08:12:36+02:00","inLanguage":"hu-HU","mainEntityOfPage":{"@id":"https:\/\/allasorias.hu\/hirek\/kinek-nehez-a-diakhitel-visszafizetese\/#webpage"},"isPartOf":{"@id":"https:\/\/allasorias.hu\/hirek\/kinek-nehez-a-diakhitel-visszafizetese\/#webpage"},"articleSection":"Gazdas\u00e1g"},{"@type":"BreadcrumbList","@id":"https:\/\/allasorias.hu\/hirek\/kinek-nehez-a-diakhitel-visszafizetese\/#breadcrumblist","itemListElement":[{"@type":"ListItem","@id":"https:\/\/allasorias.hu\/hirek#listItem","position":1,"name":"Home","item":"https:\/\/allasorias.hu\/hirek","nextItem":{"@type":"ListItem","@id":"https:\/\/allasorias.hu\/hirek\/temak\/gazdasag\/#listItem","name":"Gazdas\u00e1g"}},{"@type":"ListItem","@id":"https:\/\/allasorias.hu\/hirek\/temak\/gazdasag\/#listItem","position":2,"name":"Gazdas\u00e1g","item":"https:\/\/allasorias.hu\/hirek\/temak\/gazdasag\/","nextItem":{"@type":"ListItem","@id":"https:\/\/allasorias.hu\/hirek\/kinek-nehez-a-diakhitel-visszafizetese\/#listItem","name":"Kinek neh\u00e9z a di\u00e1khitel visszafizet\u00e9se ?"},"previousItem":{"@type":"ListItem","@id":"https:\/\/allasorias.hu\/hirek#listItem","name":"Home"}},{"@type":"ListItem","@id":"https:\/\/allasorias.hu\/hirek\/kinek-nehez-a-diakhitel-visszafizetese\/#listItem","position":3,"name":"Kinek neh\u00e9z a di\u00e1khitel visszafizet\u00e9se ?","previousItem":{"@type":"ListItem","@id":"https:\/\/allasorias.hu\/hirek\/temak\/gazdasag\/#listItem","name":"Gazdas\u00e1g"}}]},{"@type":"Organization","@id":"https:\/\/allasorias.hu\/hirek\/#organization","name":"AllasOrias.hu | H\u00edrek-lapszemle","description":"\u00dczleti h\u00edrek az \u00e1ll\u00e1s \u00e9s a munka vil\u00e1g\u00e1b\u00f3l","url":"https:\/\/allasorias.hu\/hirek\/","logo":{"@type":"ImageObject","url":"https:\/\/allasorias.hu\/hirek\/wp-content\/uploads\/2022\/10\/allasorias_site_facebok_logo.png","@id":"https:\/\/allasorias.hu\/hirek\/kinek-nehez-a-diakhitel-visszafizetese\/#organizationLogo"},"image":{"@id":"https:\/\/allasorias.hu\/hirek\/kinek-nehez-a-diakhitel-visszafizetese\/#organizationLogo"},"sameAs":["https:\/\/www.facebook.com\/allasorias","https:\/\/www.linkedin.com\/company\/allasorias"]},{"@type":"Person","@id":"https:\/\/allasorias.hu\/hirek\/author\/admin-allasorias\/#author","url":"https:\/\/allasorias.hu\/hirek\/author\/admin-allasorias\/","name":"Juh\u00e1sz P\u00e9ter","image":{"@type":"ImageObject","@id":"https:\/\/allasorias.hu\/hirek\/kinek-nehez-a-diakhitel-visszafizetese\/#authorImage","url":"https:\/\/secure.gravatar.com\/avatar\/36e6bcb83148978b992977cb0f54d22feb0cce8a0a849a9410532bb2623ba4c6?s=96&d=mm&r=g","width":96,"height":96,"caption":"Juh\u00e1sz P\u00e9ter"}},{"@type":"WebPage","@id":"https:\/\/allasorias.hu\/hirek\/kinek-nehez-a-diakhitel-visszafizetese\/#webpage","url":"https:\/\/allasorias.hu\/hirek\/kinek-nehez-a-diakhitel-visszafizetese\/","name":"Kinek neh\u00e9z a di\u00e1khitel visszafizet\u00e9se ? | AllasOrias.hu | H\u00edrek-lapszemle","description":"A magyar di\u00e1khitelez\u00e9s egy j\u00f3l ki\u00e9p\u00edtett, piaci forr\u00e1sbevon\u00e1sra \u00e9p\u00fcl\u0151, \u00f6nfenntart\u00f3 rendszer, ami nem terheli meg a k\u00f6lts\u00e9gvet\u00e9st, \u00e9s ek\u00f6zben biztos\u00edtja, hogy ne legyen olyan magyar fiatal a K\u00e1rp\u00e1t-medenc\u00e9ben, aki anyagi okok miatt nem tudja a tehets\u00e9g\u00e9nek megfelel\u0151 k\u00e9pz\u00e9st elv\u00e9gezni \u2013 mondta a Magyar H\u00edrlapnak adott cs\u00fct\u00f6rt\u00f6ki interj\u00faban Magyar P\u00e9ter. A Di\u00e1khitel K\u00f6zpont Zrt. vez\u00e9rigazgat\u00f3ja szerint","inLanguage":"hu-HU","isPartOf":{"@id":"https:\/\/allasorias.hu\/hirek\/#website"},"breadcrumb":{"@id":"https:\/\/allasorias.hu\/hirek\/kinek-nehez-a-diakhitel-visszafizetese\/#breadcrumblist"},"author":{"@id":"https:\/\/allasorias.hu\/hirek\/author\/admin-allasorias\/#author"},"creator":{"@id":"https:\/\/allasorias.hu\/hirek\/author\/admin-allasorias\/#author"},"image":{"@type":"ImageObject","url":"https:\/\/allasorias.hu\/hirek\/wp-content\/uploads\/2019\/11\/graduation-2038864_640.jpg","@id":"https:\/\/allasorias.hu\/hirek\/kinek-nehez-a-diakhitel-visszafizetese\/#mainImage","width":640,"height":426},"primaryImageOfPage":{"@id":"https:\/\/allasorias.hu\/hirek\/kinek-nehez-a-diakhitel-visszafizetese\/#mainImage"},"datePublished":"2020-08-13T08:12:36+02:00","dateModified":"2020-08-13T08:12:36+02:00"},{"@type":"WebSite","@id":"https:\/\/allasorias.hu\/hirek\/#website","url":"https:\/\/allasorias.hu\/hirek\/","name":"AllasOrias.hu | H\u00edrek-lapszemle","description":"\u00dczleti h\u00edrek az \u00e1ll\u00e1s \u00e9s a munka vil\u00e1g\u00e1b\u00f3l","inLanguage":"hu-HU","publisher":{"@id":"https:\/\/allasorias.hu\/hirek\/#organization"}}]},"og:locale":"hu_HU","og:site_name":"AllasOrias.hu | H\u00edrek-lapszemle | \u00dczleti h\u00edrek az \u00e1ll\u00e1s \u00e9s a munka vil\u00e1g\u00e1b\u00f3l","og:type":"article","og:title":"Kinek neh\u00e9z a di\u00e1khitel visszafizet\u00e9se ? | AllasOrias.hu | H\u00edrek-lapszemle","og:description":"A magyar di\u00e1khitelez\u00e9s egy j\u00f3l ki\u00e9p\u00edtett, piaci forr\u00e1sbevon\u00e1sra \u00e9p\u00fcl\u0151, \u00f6nfenntart\u00f3 rendszer, ami nem terheli meg a k\u00f6lts\u00e9gvet\u00e9st, \u00e9s ek\u00f6zben biztos\u00edtja, hogy ne legyen olyan magyar fiatal a K\u00e1rp\u00e1t-medenc\u00e9ben, aki anyagi okok miatt nem tudja a tehets\u00e9g\u00e9nek megfelel\u0151 k\u00e9pz\u00e9st elv\u00e9gezni \u2013 mondta a Magyar H\u00edrlapnak adott cs\u00fct\u00f6rt\u00f6ki interj\u00faban Magyar P\u00e9ter. A Di\u00e1khitel K\u00f6zpont Zrt. vez\u00e9rigazgat\u00f3ja szerint","og:url":"https:\/\/allasorias.hu\/hirek\/kinek-nehez-a-diakhitel-visszafizetese\/","og:image":"https:\/\/allasorias.hu\/hirek\/wp-content\/uploads\/2019\/11\/graduation-2038864_640.jpg","og:image:secure_url":"https:\/\/allasorias.hu\/hirek\/wp-content\/uploads\/2019\/11\/graduation-2038864_640.jpg","og:image:width":640,"og:image:height":426,"article:published_time":"2020-08-13T08:12:36+00:00","article:modified_time":"2020-08-13T08:12:36+00:00","article:publisher":"https:\/\/www.facebook.com\/allasorias","twitter:card":"summary_large_image","twitter:title":"Kinek neh\u00e9z a di\u00e1khitel visszafizet\u00e9se ? | AllasOrias.hu | H\u00edrek-lapszemle","twitter:description":"A magyar di\u00e1khitelez\u00e9s egy j\u00f3l ki\u00e9p\u00edtett, piaci forr\u00e1sbevon\u00e1sra \u00e9p\u00fcl\u0151, \u00f6nfenntart\u00f3 rendszer, ami nem terheli meg a k\u00f6lts\u00e9gvet\u00e9st, \u00e9s ek\u00f6zben biztos\u00edtja, hogy ne legyen olyan magyar fiatal a K\u00e1rp\u00e1t-medenc\u00e9ben, aki anyagi okok miatt nem tudja a tehets\u00e9g\u00e9nek megfelel\u0151 k\u00e9pz\u00e9st elv\u00e9gezni \u2013 mondta a Magyar H\u00edrlapnak adott cs\u00fct\u00f6rt\u00f6ki interj\u00faban Magyar P\u00e9ter. A Di\u00e1khitel K\u00f6zpont Zrt. vez\u00e9rigazgat\u00f3ja szerint","twitter:image":"https:\/\/allasorias.hu\/hirek\/wp-content\/uploads\/2019\/11\/graduation-2038864_640.jpg","twitter:label1":"Written by","twitter:data1":"Juh\u00e1sz P\u00e9ter","twitter:label2":"Est. reading time","twitter:data2":"3 minutes"},"aioseo_meta_data":{"post_id":"4182","title":null,"description":"","keywords":"","keyphrases":null,"primary_term":null,"canonical_url":"","og_title":null,"og_description":null,"og_object_type":"default","og_image_type":"default","og_image_url":null,"og_image_width":null,"og_image_height":null,"og_image_custom_url":null,"og_image_custom_fields":null,"og_video":null,"og_custom_url":null,"og_article_section":null,"og_article_tags":null,"twitter_use_og":false,"twitter_card":"default","twitter_image_type":"default","twitter_image_url":null,"twitter_image_custom_url":null,"twitter_image_custom_fields":null,"twitter_title":null,"twitter_description":null,"schema":{"blockGraphs":[],"customGraphs":[],"default":{"data":{"Article":[],"Course":[],"Dataset":[],"FAQPage":[],"Movie":[],"Person":[],"Product":[],"ProductReview":[],"Car":[],"Recipe":[],"Service":[],"SoftwareApplication":[],"WebPage":[]},"graphName":"","isEnabled":true},"graphs":[],"defaultGraph":"","defaultPostTypeGraph":""},"schema_type":null,"schema_type_options":null,"pillar_content":false,"robots_default":true,"robots_noindex":false,"robots_noarchive":false,"robots_nosnippet":false,"robots_nofollow":false,"robots_noimageindex":false,"robots_noodp":false,"robots_notranslate":false,"robots_max_snippet":null,"robots_max_videopreview":null,"robots_max_imagepreview":"large","priority":null,"frequency":null,"location":null,"local_seo":null,"breadcrumb_settings":null,"limit_modified_date":false,"ai":null,"created":"2021-02-01 21:13:45","updated":"2025-10-02 14:16:21","seo_analyzer_scan_date":null,"focus_keyword":null,"additional_keywords":null,"truseo_locale":null},"aioseo_breadcrumb":"<div class=\"aioseo-breadcrumbs\"><span class=\"aioseo-breadcrumb\">\n\t\t\t<a href=\"https:\/\/allasorias.hu\/hirek\" title=\"Home\">Home<\/a>\n\t\t<\/span><span class=\"aioseo-breadcrumb-separator\">&raquo;<\/span><span class=\"aioseo-breadcrumb\">\n\t\t\t<a href=\"https:\/\/allasorias.hu\/hirek\/temak\/gazdasag\/\" title=\"Gazdas\u00e1g\">Gazdas\u00e1g<\/a>\n\t\t<\/span><span class=\"aioseo-breadcrumb-separator\">&raquo;<\/span><span class=\"aioseo-breadcrumb\">\n\t\t\tKinek neh\u00e9z a di\u00e1khitel visszafizet\u00e9se ?\n\t\t<\/span><\/div>","aioseo_breadcrumb_json":[{"label":"Home","link":"https:\/\/allasorias.hu\/hirek"},{"label":"Gazdas\u00e1g","link":"https:\/\/allasorias.hu\/hirek\/temak\/gazdasag\/"},{"label":"Kinek neh\u00e9z a di\u00e1khitel visszafizet\u00e9se ?","link":"https:\/\/allasorias.hu\/hirek\/kinek-nehez-a-diakhitel-visszafizetese\/"}],"_links":{"self":[{"href":"https:\/\/allasorias.hu\/hirek\/wp-json\/wp\/v2\/posts\/4182","targetHints":{"allow":["GET"]}}],"collection":[{"href":"https:\/\/allasorias.hu\/hirek\/wp-json\/wp\/v2\/posts"}],"about":[{"href":"https:\/\/allasorias.hu\/hirek\/wp-json\/wp\/v2\/types\/post"}],"author":[{"embeddable":true,"href":"https:\/\/allasorias.hu\/hirek\/wp-json\/wp\/v2\/users\/1"}],"replies":[{"embeddable":true,"href":"https:\/\/allasorias.hu\/hirek\/wp-json\/wp\/v2\/comments?post=4182"}],"version-history":[{"count":1,"href":"https:\/\/allasorias.hu\/hirek\/wp-json\/wp\/v2\/posts\/4182\/revisions"}],"predecessor-version":[{"id":4183,"href":"https:\/\/allasorias.hu\/hirek\/wp-json\/wp\/v2\/posts\/4182\/revisions\/4183"}],"wp:featuredmedia":[{"embeddable":true,"href":"https:\/\/allasorias.hu\/hirek\/wp-json\/wp\/v2\/media\/3485"}],"wp:attachment":[{"href":"https:\/\/allasorias.hu\/hirek\/wp-json\/wp\/v2\/media?parent=4182"}],"wp:term":[{"taxonomy":"category","embeddable":true,"href":"https:\/\/allasorias.hu\/hirek\/wp-json\/wp\/v2\/categories?post=4182"},{"taxonomy":"post_tag","embeddable":true,"href":"https:\/\/allasorias.hu\/hirek\/wp-json\/wp\/v2\/tags?post=4182"}],"curies":[{"name":"wp","href":"https:\/\/api.w.org\/{rel}","templated":true}]}}