{"id":4180,"date":"2020-08-13T08:11:19","date_gmt":"2020-08-13T08:11:19","guid":{"rendered":"https:\/\/allasorias.hu\/hirek\/?p=4180"},"modified":"2020-08-13T08:11:19","modified_gmt":"2020-08-13T08:11:19","slug":"nincs-tappenz-a-karanten-idejen","status":"publish","type":"post","link":"https:\/\/allasorias.hu\/hirek\/nincs-tappenz-a-karanten-idejen\/","title":{"rendered":"Nincs t\u00e1pp\u00e9nz a karant\u00e9n idej\u00e9n"},"content":{"rendered":"<p><strong>A korm\u00e1ny d\u00f6nt\u00e9se \u00e9rtelm\u00e9ben szigor\u00edt\u00e1sok l\u00e9pnek \u00e9rv\u00e9nybe a t\u00e1pp\u00e9nz megfizet\u00e9s\u00e9n\u00e9l. A legfrissebb Magyar K\u00f6zl\u00f6ny err\u0151l is tartalmaz d\u00f6nt\u00e9st.<\/strong><\/p>\n<p>A s\u00e1rga- \u00e9s piros list\u00e1s orsz\u00e1gok kapcs\u00e1n jelent meg egy kifejezetten fontos korm\u00e1nyrendelet. Ennek alapj\u00e1n azok a tb-biztos\u00edtottak, akik nem hivatalos \u00faton j\u00e1rtak egy list\u00e1ra felker\u00fclt orsz\u00e1gban, \u00e9s akikn\u00e9l hazat\u00e9r\u00e9skor hat\u00f3s\u00e1gi h\u00e1zi karant\u00e9nt rendeltek el, nem min\u0151s\u00fclnek keres\u0151k\u00e9ptelennek. A keres\u0151k\u00e9ptelens\u00e9g a t\u00e1pp\u00e9nz ind\u00edt\u00e1s\u00e1nak egyik felt\u00e9tele, \u00edgy felt\u00e9telezhet\u0151, hogy az \u00e9rintettek eset\u00e9ben marad a fizet\u00e9s n\u00e9lk\u00fcli szabads\u00e1g, amennyiben nem tudj\u00e1k t\u00e1volr\u00f3l ell\u00e1tni feladataikat. A rendelet augusztus 14-\u00e9n l\u00e9p hat\u00e1lyba.<\/p>\n<p>Forr\u00e1s: privatbankar.hu<\/p>\n","protected":false},"excerpt":{"rendered":"<p>A korm\u00e1ny d\u00f6nt\u00e9se \u00e9rtelm\u00e9ben szigor\u00edt\u00e1sok l\u00e9pnek \u00e9rv\u00e9nybe a t\u00e1pp\u00e9nz megfizet\u00e9s\u00e9n\u00e9l. A legfrissebb Magyar K\u00f6zl\u00f6ny err\u0151l is tartalmaz d\u00f6nt\u00e9st. A s\u00e1rga- \u00e9s piros list\u00e1s orsz\u00e1gok kapcs\u00e1n jelent meg egy kifejezetten fontos korm\u00e1nyrendelet. Ennek alapj\u00e1n azok a tb-biztos\u00edtottak, akik nem hivatalos \u00faton j\u00e1rtak egy list\u00e1ra felker\u00fclt orsz\u00e1gban, \u00e9s akikn\u00e9l hazat\u00e9r\u00e9skor hat\u00f3s\u00e1gi h\u00e1zi karant\u00e9nt rendeltek el, nem min\u0151s\u00fclnek [&hellip;]<\/p>\n","protected":false},"author":1,"featured_media":3791,"comment_status":"open","ping_status":"open","sticky":false,"template":"","format":"standard","meta":{"_monsterinsights_skip_tracking":false,"footnotes":""},"categories":[198,201],"tags":[],"class_list":["post-4180","post","type-post","status-publish","format-standard","has-post-thumbnail","hentry","category-gazdasag","category-kulfold"],"aioseo_notices":[],"aioseo_head":"\n\t\t<!-- All in One SEO 5.0.0.1 - aioseo.com -->\n\t<meta name=\"description\" content=\"A korm\u00e1ny d\u00f6nt\u00e9se \u00e9rtelm\u00e9ben szigor\u00edt\u00e1sok l\u00e9pnek \u00e9rv\u00e9nybe a t\u00e1pp\u00e9nz megfizet\u00e9s\u00e9n\u00e9l. A legfrissebb Magyar K\u00f6zl\u00f6ny err\u0151l is tartalmaz d\u00f6nt\u00e9st. A s\u00e1rga- \u00e9s piros list\u00e1s orsz\u00e1gok kapcs\u00e1n jelent meg egy kifejezetten fontos korm\u00e1nyrendelet. Ennek alapj\u00e1n azok a tb-biztos\u00edtottak, akik nem hivatalos \u00faton j\u00e1rtak egy list\u00e1ra felker\u00fclt orsz\u00e1gban, \u00e9s akikn\u00e9l hazat\u00e9r\u00e9skor hat\u00f3s\u00e1gi h\u00e1zi karant\u00e9nt rendeltek el, nem min\u0151s\u00fclnek\" \/>\n\t<meta name=\"robots\" content=\"max-image-preview:large\" \/>\n\t<meta name=\"author\" content=\"Juh\u00e1sz P\u00e9ter\"\/>\n\t<link rel=\"canonical\" href=\"https:\/\/allasorias.hu\/hirek\/nincs-tappenz-a-karanten-idejen\/\" \/>\n\t<meta name=\"generator\" content=\"All in One SEO (AIOSEO) 5.0.0.1\" \/>\n\t\t<meta property=\"og:locale\" content=\"hu_HU\" \/>\n\t\t<meta property=\"og:site_name\" content=\"AllasOrias.hu | H\u00edrek-lapszemle | \u00dczleti h\u00edrek az \u00e1ll\u00e1s \u00e9s a munka vil\u00e1g\u00e1b\u00f3l\" \/>\n\t\t<meta property=\"og:type\" content=\"article\" \/>\n\t\t<meta property=\"og:title\" content=\"Nincs t\u00e1pp\u00e9nz a karant\u00e9n idej\u00e9n | AllasOrias.hu | H\u00edrek-lapszemle\" \/>\n\t\t<meta property=\"og:description\" content=\"A korm\u00e1ny d\u00f6nt\u00e9se \u00e9rtelm\u00e9ben szigor\u00edt\u00e1sok l\u00e9pnek \u00e9rv\u00e9nybe a t\u00e1pp\u00e9nz megfizet\u00e9s\u00e9n\u00e9l. A legfrissebb Magyar K\u00f6zl\u00f6ny err\u0151l is tartalmaz d\u00f6nt\u00e9st. A s\u00e1rga- \u00e9s piros list\u00e1s orsz\u00e1gok kapcs\u00e1n jelent meg egy kifejezetten fontos korm\u00e1nyrendelet. Ennek alapj\u00e1n azok a tb-biztos\u00edtottak, akik nem hivatalos \u00faton j\u00e1rtak egy list\u00e1ra felker\u00fclt orsz\u00e1gban, \u00e9s akikn\u00e9l hazat\u00e9r\u00e9skor hat\u00f3s\u00e1gi h\u00e1zi karant\u00e9nt rendeltek el, nem min\u0151s\u00fclnek\" \/>\n\t\t<meta property=\"og:url\" content=\"https:\/\/allasorias.hu\/hirek\/nincs-tappenz-a-karanten-idejen\/\" \/>\n\t\t<meta property=\"og:image\" content=\"https:\/\/allasorias.hu\/hirek\/wp-content\/uploads\/2020\/03\/corona-4912807_640.jpg\" \/>\n\t\t<meta property=\"og:image:secure_url\" content=\"https:\/\/allasorias.hu\/hirek\/wp-content\/uploads\/2020\/03\/corona-4912807_640.jpg\" \/>\n\t\t<meta property=\"og:image:width\" content=\"640\" \/>\n\t\t<meta property=\"og:image:height\" content=\"452\" \/>\n\t\t<meta property=\"article:published_time\" content=\"2020-08-13T08:11:19+00:00\" \/>\n\t\t<meta property=\"article:modified_time\" content=\"2020-08-13T08:11:19+00:00\" \/>\n\t\t<meta property=\"article:publisher\" content=\"https:\/\/www.facebook.com\/allasorias\" \/>\n\t\t<meta name=\"twitter:card\" content=\"summary_large_image\" \/>\n\t\t<meta name=\"twitter:title\" content=\"Nincs t\u00e1pp\u00e9nz a karant\u00e9n idej\u00e9n | AllasOrias.hu | H\u00edrek-lapszemle\" \/>\n\t\t<meta name=\"twitter:description\" content=\"A korm\u00e1ny d\u00f6nt\u00e9se \u00e9rtelm\u00e9ben szigor\u00edt\u00e1sok l\u00e9pnek \u00e9rv\u00e9nybe a t\u00e1pp\u00e9nz megfizet\u00e9s\u00e9n\u00e9l. A legfrissebb Magyar K\u00f6zl\u00f6ny err\u0151l is tartalmaz d\u00f6nt\u00e9st. A s\u00e1rga- \u00e9s piros list\u00e1s orsz\u00e1gok kapcs\u00e1n jelent meg egy kifejezetten fontos korm\u00e1nyrendelet. Ennek alapj\u00e1n azok a tb-biztos\u00edtottak, akik nem hivatalos \u00faton j\u00e1rtak egy list\u00e1ra felker\u00fclt orsz\u00e1gban, \u00e9s akikn\u00e9l hazat\u00e9r\u00e9skor hat\u00f3s\u00e1gi h\u00e1zi karant\u00e9nt rendeltek el, nem min\u0151s\u00fclnek\" \/>\n\t\t<meta name=\"twitter:image\" content=\"https:\/\/allasorias.hu\/hirek\/wp-content\/uploads\/2020\/03\/corona-4912807_640.jpg\" \/>\n\t\t<meta name=\"twitter:label1\" content=\"Written by\" \/>\n\t\t<meta name=\"twitter:data1\" content=\"Juh\u00e1sz P\u00e9ter\" \/>\n\t\t<meta name=\"twitter:label2\" content=\"Est. reading time\" \/>\n\t\t<meta name=\"twitter:data2\" content=\"1 minute\" \/>\n\t\t<script type=\"application\/ld+json\" class=\"aioseo-schema\">\n\t\t\t{\"@context\":\"https:\\\/\\\/schema.org\",\"@graph\":[{\"@type\":\"Article\",\"@id\":\"https:\\\/\\\/allasorias.hu\\\/hirek\\\/nincs-tappenz-a-karanten-idejen\\\/#article\",\"name\":\"Nincs t\\u00e1pp\\u00e9nz a karant\\u00e9n idej\\u00e9n | AllasOrias.hu | H\\u00edrek-lapszemle\",\"headline\":\"Nincs t\\u00e1pp\\u00e9nz a karant\\u00e9n idej\\u00e9n\",\"author\":{\"@id\":\"https:\\\/\\\/allasorias.hu\\\/hirek\\\/author\\\/admin-allasorias\\\/#author\"},\"publisher\":{\"@id\":\"https:\\\/\\\/allasorias.hu\\\/hirek\\\/#organization\"},\"image\":{\"@type\":\"ImageObject\",\"url\":\"https:\\\/\\\/allasorias.hu\\\/hirek\\\/wp-content\\\/uploads\\\/2020\\\/03\\\/corona-4912807_640.jpg\",\"width\":640,\"height\":452},\"datePublished\":\"2020-08-13T08:11:19+02:00\",\"dateModified\":\"2020-08-13T08:11:19+02:00\",\"inLanguage\":\"hu-HU\",\"mainEntityOfPage\":{\"@id\":\"https:\\\/\\\/allasorias.hu\\\/hirek\\\/nincs-tappenz-a-karanten-idejen\\\/#webpage\"},\"isPartOf\":{\"@id\":\"https:\\\/\\\/allasorias.hu\\\/hirek\\\/nincs-tappenz-a-karanten-idejen\\\/#webpage\"},\"articleSection\":\"Gazdas\\u00e1g, K\\u00fclf\\u00f6ld\"},{\"@type\":\"BreadcrumbList\",\"@id\":\"https:\\\/\\\/allasorias.hu\\\/hirek\\\/nincs-tappenz-a-karanten-idejen\\\/#breadcrumblist\",\"itemListElement\":[{\"@type\":\"ListItem\",\"@id\":\"https:\\\/\\\/allasorias.hu\\\/hirek#listItem\",\"position\":1,\"name\":\"Home\",\"item\":\"https:\\\/\\\/allasorias.hu\\\/hirek\",\"nextItem\":{\"@type\":\"ListItem\",\"@id\":\"https:\\\/\\\/allasorias.hu\\\/hirek\\\/temak\\\/gazdasag\\\/#listItem\",\"name\":\"Gazdas\\u00e1g\"}},{\"@type\":\"ListItem\",\"@id\":\"https:\\\/\\\/allasorias.hu\\\/hirek\\\/temak\\\/gazdasag\\\/#listItem\",\"position\":2,\"name\":\"Gazdas\\u00e1g\",\"item\":\"https:\\\/\\\/allasorias.hu\\\/hirek\\\/temak\\\/gazdasag\\\/\",\"nextItem\":{\"@type\":\"ListItem\",\"@id\":\"https:\\\/\\\/allasorias.hu\\\/hirek\\\/nincs-tappenz-a-karanten-idejen\\\/#listItem\",\"name\":\"Nincs t\\u00e1pp\\u00e9nz a karant\\u00e9n idej\\u00e9n\"},\"previousItem\":{\"@type\":\"ListItem\",\"@id\":\"https:\\\/\\\/allasorias.hu\\\/hirek#listItem\",\"name\":\"Home\"}},{\"@type\":\"ListItem\",\"@id\":\"https:\\\/\\\/allasorias.hu\\\/hirek\\\/nincs-tappenz-a-karanten-idejen\\\/#listItem\",\"position\":3,\"name\":\"Nincs t\\u00e1pp\\u00e9nz a karant\\u00e9n idej\\u00e9n\",\"previousItem\":{\"@type\":\"ListItem\",\"@id\":\"https:\\\/\\\/allasorias.hu\\\/hirek\\\/temak\\\/gazdasag\\\/#listItem\",\"name\":\"Gazdas\\u00e1g\"}}]},{\"@type\":\"Organization\",\"@id\":\"https:\\\/\\\/allasorias.hu\\\/hirek\\\/#organization\",\"name\":\"AllasOrias.hu | H\\u00edrek-lapszemle\",\"description\":\"\\u00dczleti h\\u00edrek az \\u00e1ll\\u00e1s \\u00e9s a munka vil\\u00e1g\\u00e1b\\u00f3l\",\"url\":\"https:\\\/\\\/allasorias.hu\\\/hirek\\\/\",\"logo\":{\"@type\":\"ImageObject\",\"url\":\"https:\\\/\\\/allasorias.hu\\\/hirek\\\/wp-content\\\/uploads\\\/2022\\\/10\\\/allasorias_site_facebok_logo.png\",\"@id\":\"https:\\\/\\\/allasorias.hu\\\/hirek\\\/nincs-tappenz-a-karanten-idejen\\\/#organizationLogo\"},\"image\":{\"@id\":\"https:\\\/\\\/allasorias.hu\\\/hirek\\\/nincs-tappenz-a-karanten-idejen\\\/#organizationLogo\"},\"sameAs\":[\"https:\\\/\\\/www.facebook.com\\\/allasorias\",\"https:\\\/\\\/www.linkedin.com\\\/company\\\/allasorias\"]},{\"@type\":\"Person\",\"@id\":\"https:\\\/\\\/allasorias.hu\\\/hirek\\\/author\\\/admin-allasorias\\\/#author\",\"url\":\"https:\\\/\\\/allasorias.hu\\\/hirek\\\/author\\\/admin-allasorias\\\/\",\"name\":\"Juh\\u00e1sz P\\u00e9ter\",\"image\":{\"@type\":\"ImageObject\",\"@id\":\"https:\\\/\\\/allasorias.hu\\\/hirek\\\/nincs-tappenz-a-karanten-idejen\\\/#authorImage\",\"url\":\"https:\\\/\\\/secure.gravatar.com\\\/avatar\\\/36e6bcb83148978b992977cb0f54d22feb0cce8a0a849a9410532bb2623ba4c6?s=96&d=mm&r=g\",\"width\":96,\"height\":96,\"caption\":\"Juh\\u00e1sz P\\u00e9ter\"}},{\"@type\":\"WebPage\",\"@id\":\"https:\\\/\\\/allasorias.hu\\\/hirek\\\/nincs-tappenz-a-karanten-idejen\\\/#webpage\",\"url\":\"https:\\\/\\\/allasorias.hu\\\/hirek\\\/nincs-tappenz-a-karanten-idejen\\\/\",\"name\":\"Nincs t\\u00e1pp\\u00e9nz a karant\\u00e9n idej\\u00e9n | AllasOrias.hu | H\\u00edrek-lapszemle\",\"description\":\"A korm\\u00e1ny d\\u00f6nt\\u00e9se \\u00e9rtelm\\u00e9ben szigor\\u00edt\\u00e1sok l\\u00e9pnek \\u00e9rv\\u00e9nybe a t\\u00e1pp\\u00e9nz megfizet\\u00e9s\\u00e9n\\u00e9l. A legfrissebb Magyar K\\u00f6zl\\u00f6ny err\\u0151l is tartalmaz d\\u00f6nt\\u00e9st. A s\\u00e1rga- \\u00e9s piros list\\u00e1s orsz\\u00e1gok kapcs\\u00e1n jelent meg egy kifejezetten fontos korm\\u00e1nyrendelet. Ennek alapj\\u00e1n azok a tb-biztos\\u00edtottak, akik nem hivatalos \\u00faton j\\u00e1rtak egy list\\u00e1ra felker\\u00fclt orsz\\u00e1gban, \\u00e9s akikn\\u00e9l hazat\\u00e9r\\u00e9skor hat\\u00f3s\\u00e1gi h\\u00e1zi karant\\u00e9nt rendeltek el, nem min\\u0151s\\u00fclnek\",\"inLanguage\":\"hu-HU\",\"isPartOf\":{\"@id\":\"https:\\\/\\\/allasorias.hu\\\/hirek\\\/#website\"},\"breadcrumb\":{\"@id\":\"https:\\\/\\\/allasorias.hu\\\/hirek\\\/nincs-tappenz-a-karanten-idejen\\\/#breadcrumblist\"},\"author\":{\"@id\":\"https:\\\/\\\/allasorias.hu\\\/hirek\\\/author\\\/admin-allasorias\\\/#author\"},\"creator\":{\"@id\":\"https:\\\/\\\/allasorias.hu\\\/hirek\\\/author\\\/admin-allasorias\\\/#author\"},\"image\":{\"@type\":\"ImageObject\",\"url\":\"https:\\\/\\\/allasorias.hu\\\/hirek\\\/wp-content\\\/uploads\\\/2020\\\/03\\\/corona-4912807_640.jpg\",\"@id\":\"https:\\\/\\\/allasorias.hu\\\/hirek\\\/nincs-tappenz-a-karanten-idejen\\\/#mainImage\",\"width\":640,\"height\":452},\"primaryImageOfPage\":{\"@id\":\"https:\\\/\\\/allasorias.hu\\\/hirek\\\/nincs-tappenz-a-karanten-idejen\\\/#mainImage\"},\"datePublished\":\"2020-08-13T08:11:19+02:00\",\"dateModified\":\"2020-08-13T08:11:19+02:00\"},{\"@type\":\"WebSite\",\"@id\":\"https:\\\/\\\/allasorias.hu\\\/hirek\\\/#website\",\"url\":\"https:\\\/\\\/allasorias.hu\\\/hirek\\\/\",\"name\":\"AllasOrias.hu | H\\u00edrek-lapszemle\",\"description\":\"\\u00dczleti h\\u00edrek az \\u00e1ll\\u00e1s \\u00e9s a munka vil\\u00e1g\\u00e1b\\u00f3l\",\"inLanguage\":\"hu-HU\",\"publisher\":{\"@id\":\"https:\\\/\\\/allasorias.hu\\\/hirek\\\/#organization\"}}]}\n\t\t<\/script>\n\t\t<!-- All in One SEO -->\n\n","aioseo_head_json":{"title":"Nincs t\u00e1pp\u00e9nz a karant\u00e9n idej\u00e9n | AllasOrias.hu | H\u00edrek-lapszemle","description":"A korm\u00e1ny d\u00f6nt\u00e9se \u00e9rtelm\u00e9ben szigor\u00edt\u00e1sok l\u00e9pnek \u00e9rv\u00e9nybe a t\u00e1pp\u00e9nz megfizet\u00e9s\u00e9n\u00e9l. A legfrissebb Magyar K\u00f6zl\u00f6ny err\u0151l is tartalmaz d\u00f6nt\u00e9st. A s\u00e1rga- \u00e9s piros list\u00e1s orsz\u00e1gok kapcs\u00e1n jelent meg egy kifejezetten fontos korm\u00e1nyrendelet. Ennek alapj\u00e1n azok a tb-biztos\u00edtottak, akik nem hivatalos \u00faton j\u00e1rtak egy list\u00e1ra felker\u00fclt orsz\u00e1gban, \u00e9s akikn\u00e9l hazat\u00e9r\u00e9skor hat\u00f3s\u00e1gi h\u00e1zi karant\u00e9nt rendeltek el, nem min\u0151s\u00fclnek","canonical_url":"https:\/\/allasorias.hu\/hirek\/nincs-tappenz-a-karanten-idejen\/","robots":"max-image-preview:large","keywords":"","webmasterTools":{"miscellaneous":""},"schema":{"@context":"https:\/\/schema.org","@graph":[{"@type":"Article","@id":"https:\/\/allasorias.hu\/hirek\/nincs-tappenz-a-karanten-idejen\/#article","name":"Nincs t\u00e1pp\u00e9nz a karant\u00e9n idej\u00e9n | AllasOrias.hu | H\u00edrek-lapszemle","headline":"Nincs t\u00e1pp\u00e9nz a karant\u00e9n idej\u00e9n","author":{"@id":"https:\/\/allasorias.hu\/hirek\/author\/admin-allasorias\/#author"},"publisher":{"@id":"https:\/\/allasorias.hu\/hirek\/#organization"},"image":{"@type":"ImageObject","url":"https:\/\/allasorias.hu\/hirek\/wp-content\/uploads\/2020\/03\/corona-4912807_640.jpg","width":640,"height":452},"datePublished":"2020-08-13T08:11:19+02:00","dateModified":"2020-08-13T08:11:19+02:00","inLanguage":"hu-HU","mainEntityOfPage":{"@id":"https:\/\/allasorias.hu\/hirek\/nincs-tappenz-a-karanten-idejen\/#webpage"},"isPartOf":{"@id":"https:\/\/allasorias.hu\/hirek\/nincs-tappenz-a-karanten-idejen\/#webpage"},"articleSection":"Gazdas\u00e1g, K\u00fclf\u00f6ld"},{"@type":"BreadcrumbList","@id":"https:\/\/allasorias.hu\/hirek\/nincs-tappenz-a-karanten-idejen\/#breadcrumblist","itemListElement":[{"@type":"ListItem","@id":"https:\/\/allasorias.hu\/hirek#listItem","position":1,"name":"Home","item":"https:\/\/allasorias.hu\/hirek","nextItem":{"@type":"ListItem","@id":"https:\/\/allasorias.hu\/hirek\/temak\/gazdasag\/#listItem","name":"Gazdas\u00e1g"}},{"@type":"ListItem","@id":"https:\/\/allasorias.hu\/hirek\/temak\/gazdasag\/#listItem","position":2,"name":"Gazdas\u00e1g","item":"https:\/\/allasorias.hu\/hirek\/temak\/gazdasag\/","nextItem":{"@type":"ListItem","@id":"https:\/\/allasorias.hu\/hirek\/nincs-tappenz-a-karanten-idejen\/#listItem","name":"Nincs t\u00e1pp\u00e9nz a karant\u00e9n idej\u00e9n"},"previousItem":{"@type":"ListItem","@id":"https:\/\/allasorias.hu\/hirek#listItem","name":"Home"}},{"@type":"ListItem","@id":"https:\/\/allasorias.hu\/hirek\/nincs-tappenz-a-karanten-idejen\/#listItem","position":3,"name":"Nincs t\u00e1pp\u00e9nz a karant\u00e9n idej\u00e9n","previousItem":{"@type":"ListItem","@id":"https:\/\/allasorias.hu\/hirek\/temak\/gazdasag\/#listItem","name":"Gazdas\u00e1g"}}]},{"@type":"Organization","@id":"https:\/\/allasorias.hu\/hirek\/#organization","name":"AllasOrias.hu | H\u00edrek-lapszemle","description":"\u00dczleti h\u00edrek az \u00e1ll\u00e1s \u00e9s a munka vil\u00e1g\u00e1b\u00f3l","url":"https:\/\/allasorias.hu\/hirek\/","logo":{"@type":"ImageObject","url":"https:\/\/allasorias.hu\/hirek\/wp-content\/uploads\/2022\/10\/allasorias_site_facebok_logo.png","@id":"https:\/\/allasorias.hu\/hirek\/nincs-tappenz-a-karanten-idejen\/#organizationLogo"},"image":{"@id":"https:\/\/allasorias.hu\/hirek\/nincs-tappenz-a-karanten-idejen\/#organizationLogo"},"sameAs":["https:\/\/www.facebook.com\/allasorias","https:\/\/www.linkedin.com\/company\/allasorias"]},{"@type":"Person","@id":"https:\/\/allasorias.hu\/hirek\/author\/admin-allasorias\/#author","url":"https:\/\/allasorias.hu\/hirek\/author\/admin-allasorias\/","name":"Juh\u00e1sz P\u00e9ter","image":{"@type":"ImageObject","@id":"https:\/\/allasorias.hu\/hirek\/nincs-tappenz-a-karanten-idejen\/#authorImage","url":"https:\/\/secure.gravatar.com\/avatar\/36e6bcb83148978b992977cb0f54d22feb0cce8a0a849a9410532bb2623ba4c6?s=96&d=mm&r=g","width":96,"height":96,"caption":"Juh\u00e1sz P\u00e9ter"}},{"@type":"WebPage","@id":"https:\/\/allasorias.hu\/hirek\/nincs-tappenz-a-karanten-idejen\/#webpage","url":"https:\/\/allasorias.hu\/hirek\/nincs-tappenz-a-karanten-idejen\/","name":"Nincs t\u00e1pp\u00e9nz a karant\u00e9n idej\u00e9n | AllasOrias.hu | H\u00edrek-lapszemle","description":"A korm\u00e1ny d\u00f6nt\u00e9se \u00e9rtelm\u00e9ben szigor\u00edt\u00e1sok l\u00e9pnek \u00e9rv\u00e9nybe a t\u00e1pp\u00e9nz megfizet\u00e9s\u00e9n\u00e9l. A legfrissebb Magyar K\u00f6zl\u00f6ny err\u0151l is tartalmaz d\u00f6nt\u00e9st. A s\u00e1rga- \u00e9s piros list\u00e1s orsz\u00e1gok kapcs\u00e1n jelent meg egy kifejezetten fontos korm\u00e1nyrendelet. Ennek alapj\u00e1n azok a tb-biztos\u00edtottak, akik nem hivatalos \u00faton j\u00e1rtak egy list\u00e1ra felker\u00fclt orsz\u00e1gban, \u00e9s akikn\u00e9l hazat\u00e9r\u00e9skor hat\u00f3s\u00e1gi h\u00e1zi karant\u00e9nt rendeltek el, nem min\u0151s\u00fclnek","inLanguage":"hu-HU","isPartOf":{"@id":"https:\/\/allasorias.hu\/hirek\/#website"},"breadcrumb":{"@id":"https:\/\/allasorias.hu\/hirek\/nincs-tappenz-a-karanten-idejen\/#breadcrumblist"},"author":{"@id":"https:\/\/allasorias.hu\/hirek\/author\/admin-allasorias\/#author"},"creator":{"@id":"https:\/\/allasorias.hu\/hirek\/author\/admin-allasorias\/#author"},"image":{"@type":"ImageObject","url":"https:\/\/allasorias.hu\/hirek\/wp-content\/uploads\/2020\/03\/corona-4912807_640.jpg","@id":"https:\/\/allasorias.hu\/hirek\/nincs-tappenz-a-karanten-idejen\/#mainImage","width":640,"height":452},"primaryImageOfPage":{"@id":"https:\/\/allasorias.hu\/hirek\/nincs-tappenz-a-karanten-idejen\/#mainImage"},"datePublished":"2020-08-13T08:11:19+02:00","dateModified":"2020-08-13T08:11:19+02:00"},{"@type":"WebSite","@id":"https:\/\/allasorias.hu\/hirek\/#website","url":"https:\/\/allasorias.hu\/hirek\/","name":"AllasOrias.hu | H\u00edrek-lapszemle","description":"\u00dczleti h\u00edrek az \u00e1ll\u00e1s \u00e9s a munka vil\u00e1g\u00e1b\u00f3l","inLanguage":"hu-HU","publisher":{"@id":"https:\/\/allasorias.hu\/hirek\/#organization"}}]},"og:locale":"hu_HU","og:site_name":"AllasOrias.hu | H\u00edrek-lapszemle | \u00dczleti h\u00edrek az \u00e1ll\u00e1s \u00e9s a munka vil\u00e1g\u00e1b\u00f3l","og:type":"article","og:title":"Nincs t\u00e1pp\u00e9nz a karant\u00e9n idej\u00e9n | AllasOrias.hu | H\u00edrek-lapszemle","og:description":"A korm\u00e1ny d\u00f6nt\u00e9se \u00e9rtelm\u00e9ben szigor\u00edt\u00e1sok l\u00e9pnek \u00e9rv\u00e9nybe a t\u00e1pp\u00e9nz megfizet\u00e9s\u00e9n\u00e9l. A legfrissebb Magyar K\u00f6zl\u00f6ny err\u0151l is tartalmaz d\u00f6nt\u00e9st. A s\u00e1rga- \u00e9s piros list\u00e1s orsz\u00e1gok kapcs\u00e1n jelent meg egy kifejezetten fontos korm\u00e1nyrendelet. Ennek alapj\u00e1n azok a tb-biztos\u00edtottak, akik nem hivatalos \u00faton j\u00e1rtak egy list\u00e1ra felker\u00fclt orsz\u00e1gban, \u00e9s akikn\u00e9l hazat\u00e9r\u00e9skor hat\u00f3s\u00e1gi h\u00e1zi karant\u00e9nt rendeltek el, nem min\u0151s\u00fclnek","og:url":"https:\/\/allasorias.hu\/hirek\/nincs-tappenz-a-karanten-idejen\/","og:image":"https:\/\/allasorias.hu\/hirek\/wp-content\/uploads\/2020\/03\/corona-4912807_640.jpg","og:image:secure_url":"https:\/\/allasorias.hu\/hirek\/wp-content\/uploads\/2020\/03\/corona-4912807_640.jpg","og:image:width":640,"og:image:height":452,"article:published_time":"2020-08-13T08:11:19+00:00","article:modified_time":"2020-08-13T08:11:19+00:00","article:publisher":"https:\/\/www.facebook.com\/allasorias","twitter:card":"summary_large_image","twitter:title":"Nincs t\u00e1pp\u00e9nz a karant\u00e9n idej\u00e9n | AllasOrias.hu | H\u00edrek-lapszemle","twitter:description":"A korm\u00e1ny d\u00f6nt\u00e9se \u00e9rtelm\u00e9ben szigor\u00edt\u00e1sok l\u00e9pnek \u00e9rv\u00e9nybe a t\u00e1pp\u00e9nz megfizet\u00e9s\u00e9n\u00e9l. A legfrissebb Magyar K\u00f6zl\u00f6ny err\u0151l is tartalmaz d\u00f6nt\u00e9st. A s\u00e1rga- \u00e9s piros list\u00e1s orsz\u00e1gok kapcs\u00e1n jelent meg egy kifejezetten fontos korm\u00e1nyrendelet. Ennek alapj\u00e1n azok a tb-biztos\u00edtottak, akik nem hivatalos \u00faton j\u00e1rtak egy list\u00e1ra felker\u00fclt orsz\u00e1gban, \u00e9s akikn\u00e9l hazat\u00e9r\u00e9skor hat\u00f3s\u00e1gi h\u00e1zi karant\u00e9nt rendeltek el, nem min\u0151s\u00fclnek","twitter:image":"https:\/\/allasorias.hu\/hirek\/wp-content\/uploads\/2020\/03\/corona-4912807_640.jpg","twitter:label1":"Written by","twitter:data1":"Juh\u00e1sz P\u00e9ter","twitter:label2":"Est. reading time","twitter:data2":"1 minute"},"aioseo_meta_data":{"post_id":"4180","title":null,"description":"","keywords":"","keyphrases":null,"primary_term":null,"canonical_url":"","og_title":null,"og_description":null,"og_object_type":"default","og_image_type":"default","og_image_url":null,"og_image_width":null,"og_image_height":null,"og_image_custom_url":null,"og_image_custom_fields":null,"og_video":null,"og_custom_url":null,"og_article_section":null,"og_article_tags":null,"twitter_use_og":false,"twitter_card":"default","twitter_image_type":"default","twitter_image_url":null,"twitter_image_custom_url":null,"twitter_image_custom_fields":null,"twitter_title":null,"twitter_description":null,"schema":{"blockGraphs":[],"customGraphs":[],"default":{"data":{"Article":[],"Course":[],"Dataset":[],"FAQPage":[],"Movie":[],"Person":[],"Product":[],"ProductReview":[],"Car":[],"Recipe":[],"Service":[],"SoftwareApplication":[],"WebPage":[]},"graphName":"","isEnabled":true},"graphs":[],"defaultGraph":"","defaultPostTypeGraph":""},"schema_type":null,"schema_type_options":null,"pillar_content":false,"robots_default":true,"robots_noindex":false,"robots_noarchive":false,"robots_nosnippet":false,"robots_nofollow":false,"robots_noimageindex":false,"robots_noodp":false,"robots_notranslate":false,"robots_max_snippet":null,"robots_max_videopreview":null,"robots_max_imagepreview":"large","priority":null,"frequency":null,"location":null,"local_seo":null,"breadcrumb_settings":null,"limit_modified_date":false,"ai":null,"created":"2021-02-01 21:13:45","updated":"2025-10-02 14:16:21","seo_analyzer_scan_date":null,"focus_keyword":null,"additional_keywords":null,"truseo_locale":null},"aioseo_breadcrumb":"<div class=\"aioseo-breadcrumbs\"><span class=\"aioseo-breadcrumb\">\n\t\t\t<a href=\"https:\/\/allasorias.hu\/hirek\" title=\"Home\">Home<\/a>\n\t\t<\/span><span class=\"aioseo-breadcrumb-separator\">&raquo;<\/span><span class=\"aioseo-breadcrumb\">\n\t\t\t<a href=\"https:\/\/allasorias.hu\/hirek\/temak\/gazdasag\/\" title=\"Gazdas\u00e1g\">Gazdas\u00e1g<\/a>\n\t\t<\/span><span class=\"aioseo-breadcrumb-separator\">&raquo;<\/span><span class=\"aioseo-breadcrumb\">\n\t\t\tNincs t\u00e1pp\u00e9nz a karant\u00e9n idej\u00e9n\n\t\t<\/span><\/div>","aioseo_breadcrumb_json":[{"label":"Home","link":"https:\/\/allasorias.hu\/hirek"},{"label":"Gazdas\u00e1g","link":"https:\/\/allasorias.hu\/hirek\/temak\/gazdasag\/"},{"label":"Nincs t\u00e1pp\u00e9nz a karant\u00e9n idej\u00e9n","link":"https:\/\/allasorias.hu\/hirek\/nincs-tappenz-a-karanten-idejen\/"}],"_links":{"self":[{"href":"https:\/\/allasorias.hu\/hirek\/wp-json\/wp\/v2\/posts\/4180","targetHints":{"allow":["GET"]}}],"collection":[{"href":"https:\/\/allasorias.hu\/hirek\/wp-json\/wp\/v2\/posts"}],"about":[{"href":"https:\/\/allasorias.hu\/hirek\/wp-json\/wp\/v2\/types\/post"}],"author":[{"embeddable":true,"href":"https:\/\/allasorias.hu\/hirek\/wp-json\/wp\/v2\/users\/1"}],"replies":[{"embeddable":true,"href":"https:\/\/allasorias.hu\/hirek\/wp-json\/wp\/v2\/comments?post=4180"}],"version-history":[{"count":1,"href":"https:\/\/allasorias.hu\/hirek\/wp-json\/wp\/v2\/posts\/4180\/revisions"}],"predecessor-version":[{"id":4181,"href":"https:\/\/allasorias.hu\/hirek\/wp-json\/wp\/v2\/posts\/4180\/revisions\/4181"}],"wp:featuredmedia":[{"embeddable":true,"href":"https:\/\/allasorias.hu\/hirek\/wp-json\/wp\/v2\/media\/3791"}],"wp:attachment":[{"href":"https:\/\/allasorias.hu\/hirek\/wp-json\/wp\/v2\/media?parent=4180"}],"wp:term":[{"taxonomy":"category","embeddable":true,"href":"https:\/\/allasorias.hu\/hirek\/wp-json\/wp\/v2\/categories?post=4180"},{"taxonomy":"post_tag","embeddable":true,"href":"https:\/\/allasorias.hu\/hirek\/wp-json\/wp\/v2\/tags?post=4180"}],"curies":[{"name":"wp","href":"https:\/\/api.w.org\/{rel}","templated":true}]}}