{"id":4173,"date":"2020-08-11T06:59:15","date_gmt":"2020-08-11T06:59:15","guid":{"rendered":"https:\/\/allasorias.hu\/hirek\/?p=4173"},"modified":"2020-08-11T06:59:15","modified_gmt":"2020-08-11T06:59:15","slug":"hiany-lesz-egeszsegugyi-dolgozokbol","status":"publish","type":"post","link":"https:\/\/allasorias.hu\/hirek\/hiany-lesz-egeszsegugyi-dolgozokbol\/","title":{"rendered":"Hi\u00e1ny lesz eg\u00e9szs\u00e9g\u00fcgyi dolgoz\u00f3kb\u00f3l"},"content":{"rendered":"<p><strong>Harminc \u00e9v m\u00falva komoly hi\u00e1ny lesz mindenhol a vil\u00e1gban eg\u00e9szs\u00e9g\u00fcgyi dolgoz\u00f3kb\u00f3l. Az Eg\u00e9szs\u00e9g\u00fcgyi Vil\u00e1gszervezet (WHO) szerint az emberek \u00e9lettartam\u00e1nak n\u00f6veked\u00e9se miatt 2030-ra ak\u00e1r 40 milli\u00f3 \u00faj eg\u00e9szs\u00e9g\u00fcgyi munkahelyre is sz\u00fcks\u00e9g lehet.<\/strong><\/p>\n<p>Addigra azonban mintegy 10 milli\u00f3 orvos, \u00e1pol\u00f3 \u00e9s sz\u00fcl\u00e9szn\u0151 fog hi\u00e1nyozni a szakm\u00e1b\u00f3l. Az Eur\u00f3pai Bizotts\u00e1g j\u00faliusban bemutatott Eur\u00f3pai k\u00e9szs\u00e9gfejleszt\u00e9si programja szerint napjainkban a munkahelyek legal\u00e1bb 85 sz\u00e1zal\u00e9k\u00e1hoz sz\u00fcks\u00e9ges digit\u00e1lis tud\u00e1s. 2005 \u00e9s 2016 k\u00f6z\u00f6tt az \u00faj munkahelyek 40 sz\u00e1zal\u00e9ka a digit\u00e1lisan intenz\u00edv \u00e1gazatokban j\u00f6tt l\u00e9tre, azonban 2019-ben a feln\u0151ttek csup\u00e1n 56 sz\u00e1zal\u00e9ka rendelkezett az alapvet\u0151 k\u00e9szs\u00e9gekkel &#8211; \u00edrja azenpenzem.hu. A v\u00e1rhat\u00f3 \u00e1trendez\u0151d\u00e9s fokozottan \u00e9rinti az eg\u00e9szs\u00e9g\u00fcgyet. Az Eg\u00e9szs\u00e9g\u00fcgyi Vil\u00e1gszervezet adatai szerint ugyanis az emberek \u00e9lettartam\u00e1nak n\u00f6veked\u00e9se miatt 2030-ra ak\u00e1r 40 milli\u00f3 \u00faj eg\u00e9szs\u00e9g\u00fcgyi munkahelyre is sz\u00fcks\u00e9g lehet. Addigra azonban 9,9 milli\u00f3 orvos, \u00e1pol\u00f3 \u00e9s sz\u00fcl\u00e9szn\u0151 fog hi\u00e1nyozni a szakm\u00e1b\u00f3l.<\/p>\n<p>Forr\u00e1s: hrportal.hu<\/p>\n","protected":false},"excerpt":{"rendered":"<p>Harminc \u00e9v m\u00falva komoly hi\u00e1ny lesz mindenhol a vil\u00e1gban eg\u00e9szs\u00e9g\u00fcgyi dolgoz\u00f3kb\u00f3l. Az Eg\u00e9szs\u00e9g\u00fcgyi Vil\u00e1gszervezet (WHO) szerint az emberek \u00e9lettartam\u00e1nak n\u00f6veked\u00e9se miatt 2030-ra ak\u00e1r 40 milli\u00f3 \u00faj eg\u00e9szs\u00e9g\u00fcgyi munkahelyre is sz\u00fcks\u00e9g lehet. Addigra azonban mintegy 10 milli\u00f3 orvos, \u00e1pol\u00f3 \u00e9s sz\u00fcl\u00e9szn\u0151 fog hi\u00e1nyozni a szakm\u00e1b\u00f3l. Az Eur\u00f3pai Bizotts\u00e1g j\u00faliusban bemutatott Eur\u00f3pai k\u00e9szs\u00e9gfejleszt\u00e9si programja szerint napjainkban a [&hellip;]<\/p>\n","protected":false},"author":1,"featured_media":2623,"comment_status":"open","ping_status":"open","sticky":false,"template":"","format":"standard","meta":{"_monsterinsights_skip_tracking":false,"footnotes":""},"categories":[203,200],"tags":[],"class_list":["post-4173","post","type-post","status-publish","format-standard","has-post-thumbnail","hentry","category-hianyszakmak","category-munkaeropiac"],"aioseo_notices":[],"aioseo_head":"\n\t\t<!-- All in One SEO 5.0.0.1 - aioseo.com -->\n\t<meta name=\"description\" content=\"Harminc \u00e9v m\u00falva komoly hi\u00e1ny lesz mindenhol a vil\u00e1gban eg\u00e9szs\u00e9g\u00fcgyi dolgoz\u00f3kb\u00f3l. Az Eg\u00e9szs\u00e9g\u00fcgyi Vil\u00e1gszervezet (WHO) szerint az emberek \u00e9lettartam\u00e1nak n\u00f6veked\u00e9se miatt 2030-ra ak\u00e1r 40 milli\u00f3 \u00faj eg\u00e9szs\u00e9g\u00fcgyi munkahelyre is sz\u00fcks\u00e9g lehet. Addigra azonban mintegy 10 milli\u00f3 orvos, \u00e1pol\u00f3 \u00e9s sz\u00fcl\u00e9szn\u0151 fog hi\u00e1nyozni a szakm\u00e1b\u00f3l. Az Eur\u00f3pai Bizotts\u00e1g j\u00faliusban bemutatott Eur\u00f3pai k\u00e9szs\u00e9gfejleszt\u00e9si programja szerint napjainkban a\" \/>\n\t<meta name=\"robots\" content=\"max-image-preview:large\" \/>\n\t<meta name=\"author\" content=\"Juh\u00e1sz P\u00e9ter\"\/>\n\t<link rel=\"canonical\" href=\"https:\/\/allasorias.hu\/hirek\/hiany-lesz-egeszsegugyi-dolgozokbol\/\" \/>\n\t<meta name=\"generator\" content=\"All in One SEO (AIOSEO) 5.0.0.1\" \/>\n\t\t<meta property=\"og:locale\" content=\"hu_HU\" \/>\n\t\t<meta property=\"og:site_name\" content=\"AllasOrias.hu | H\u00edrek-lapszemle | \u00dczleti h\u00edrek az \u00e1ll\u00e1s \u00e9s a munka vil\u00e1g\u00e1b\u00f3l\" \/>\n\t\t<meta property=\"og:type\" content=\"article\" \/>\n\t\t<meta property=\"og:title\" content=\"Hi\u00e1ny lesz eg\u00e9szs\u00e9g\u00fcgyi dolgoz\u00f3kb\u00f3l | AllasOrias.hu | H\u00edrek-lapszemle\" \/>\n\t\t<meta property=\"og:description\" content=\"Harminc \u00e9v m\u00falva komoly hi\u00e1ny lesz mindenhol a vil\u00e1gban eg\u00e9szs\u00e9g\u00fcgyi dolgoz\u00f3kb\u00f3l. Az Eg\u00e9szs\u00e9g\u00fcgyi Vil\u00e1gszervezet (WHO) szerint az emberek \u00e9lettartam\u00e1nak n\u00f6veked\u00e9se miatt 2030-ra ak\u00e1r 40 milli\u00f3 \u00faj eg\u00e9szs\u00e9g\u00fcgyi munkahelyre is sz\u00fcks\u00e9g lehet. Addigra azonban mintegy 10 milli\u00f3 orvos, \u00e1pol\u00f3 \u00e9s sz\u00fcl\u00e9szn\u0151 fog hi\u00e1nyozni a szakm\u00e1b\u00f3l. Az Eur\u00f3pai Bizotts\u00e1g j\u00faliusban bemutatott Eur\u00f3pai k\u00e9szs\u00e9gfejleszt\u00e9si programja szerint napjainkban a\" \/>\n\t\t<meta property=\"og:url\" content=\"https:\/\/allasorias.hu\/hirek\/hiany-lesz-egeszsegugyi-dolgozokbol\/\" \/>\n\t\t<meta property=\"og:image\" content=\"https:\/\/allasorias.hu\/hirek\/wp-content\/uploads\/2019\/03\/clinic-1807543_640.jpg\" \/>\n\t\t<meta property=\"og:image:secure_url\" content=\"https:\/\/allasorias.hu\/hirek\/wp-content\/uploads\/2019\/03\/clinic-1807543_640.jpg\" \/>\n\t\t<meta property=\"og:image:width\" content=\"640\" \/>\n\t\t<meta property=\"og:image:height\" content=\"461\" \/>\n\t\t<meta property=\"article:published_time\" content=\"2020-08-11T06:59:15+00:00\" \/>\n\t\t<meta property=\"article:modified_time\" content=\"2020-08-11T06:59:15+00:00\" \/>\n\t\t<meta property=\"article:publisher\" content=\"https:\/\/www.facebook.com\/allasorias\" \/>\n\t\t<meta name=\"twitter:card\" content=\"summary_large_image\" \/>\n\t\t<meta name=\"twitter:title\" content=\"Hi\u00e1ny lesz eg\u00e9szs\u00e9g\u00fcgyi dolgoz\u00f3kb\u00f3l | AllasOrias.hu | H\u00edrek-lapszemle\" \/>\n\t\t<meta name=\"twitter:description\" content=\"Harminc \u00e9v m\u00falva komoly hi\u00e1ny lesz mindenhol a vil\u00e1gban eg\u00e9szs\u00e9g\u00fcgyi dolgoz\u00f3kb\u00f3l. Az Eg\u00e9szs\u00e9g\u00fcgyi Vil\u00e1gszervezet (WHO) szerint az emberek \u00e9lettartam\u00e1nak n\u00f6veked\u00e9se miatt 2030-ra ak\u00e1r 40 milli\u00f3 \u00faj eg\u00e9szs\u00e9g\u00fcgyi munkahelyre is sz\u00fcks\u00e9g lehet. Addigra azonban mintegy 10 milli\u00f3 orvos, \u00e1pol\u00f3 \u00e9s sz\u00fcl\u00e9szn\u0151 fog hi\u00e1nyozni a szakm\u00e1b\u00f3l. Az Eur\u00f3pai Bizotts\u00e1g j\u00faliusban bemutatott Eur\u00f3pai k\u00e9szs\u00e9gfejleszt\u00e9si programja szerint napjainkban a\" \/>\n\t\t<meta name=\"twitter:image\" content=\"https:\/\/allasorias.hu\/hirek\/wp-content\/uploads\/2019\/03\/clinic-1807543_640.jpg\" \/>\n\t\t<meta name=\"twitter:label1\" content=\"Written by\" \/>\n\t\t<meta name=\"twitter:data1\" content=\"Juh\u00e1sz P\u00e9ter\" \/>\n\t\t<meta name=\"twitter:label2\" content=\"Est. reading time\" \/>\n\t\t<meta name=\"twitter:data2\" content=\"1 minute\" \/>\n\t\t<script type=\"application\/ld+json\" class=\"aioseo-schema\">\n\t\t\t{\"@context\":\"https:\\\/\\\/schema.org\",\"@graph\":[{\"@type\":\"Article\",\"@id\":\"https:\\\/\\\/allasorias.hu\\\/hirek\\\/hiany-lesz-egeszsegugyi-dolgozokbol\\\/#article\",\"name\":\"Hi\\u00e1ny lesz eg\\u00e9szs\\u00e9g\\u00fcgyi dolgoz\\u00f3kb\\u00f3l | AllasOrias.hu | H\\u00edrek-lapszemle\",\"headline\":\"Hi\\u00e1ny lesz eg\\u00e9szs\\u00e9g\\u00fcgyi dolgoz\\u00f3kb\\u00f3l\",\"author\":{\"@id\":\"https:\\\/\\\/allasorias.hu\\\/hirek\\\/author\\\/admin-allasorias\\\/#author\"},\"publisher\":{\"@id\":\"https:\\\/\\\/allasorias.hu\\\/hirek\\\/#organization\"},\"image\":{\"@type\":\"ImageObject\",\"url\":\"https:\\\/\\\/allasorias.hu\\\/hirek\\\/wp-content\\\/uploads\\\/2019\\\/03\\\/clinic-1807543_640.jpg\",\"width\":640,\"height\":461},\"datePublished\":\"2020-08-11T06:59:15+02:00\",\"dateModified\":\"2020-08-11T06:59:15+02:00\",\"inLanguage\":\"hu-HU\",\"mainEntityOfPage\":{\"@id\":\"https:\\\/\\\/allasorias.hu\\\/hirek\\\/hiany-lesz-egeszsegugyi-dolgozokbol\\\/#webpage\"},\"isPartOf\":{\"@id\":\"https:\\\/\\\/allasorias.hu\\\/hirek\\\/hiany-lesz-egeszsegugyi-dolgozokbol\\\/#webpage\"},\"articleSection\":\"Hi\\u00e1nyszakm\\u00e1k, Munkaer\\u0151piac\"},{\"@type\":\"BreadcrumbList\",\"@id\":\"https:\\\/\\\/allasorias.hu\\\/hirek\\\/hiany-lesz-egeszsegugyi-dolgozokbol\\\/#breadcrumblist\",\"itemListElement\":[{\"@type\":\"ListItem\",\"@id\":\"https:\\\/\\\/allasorias.hu\\\/hirek#listItem\",\"position\":1,\"name\":\"Home\",\"item\":\"https:\\\/\\\/allasorias.hu\\\/hirek\",\"nextItem\":{\"@type\":\"ListItem\",\"@id\":\"https:\\\/\\\/allasorias.hu\\\/hirek\\\/temak\\\/munkaeropiac\\\/#listItem\",\"name\":\"Munkaer\\u0151piac\"}},{\"@type\":\"ListItem\",\"@id\":\"https:\\\/\\\/allasorias.hu\\\/hirek\\\/temak\\\/munkaeropiac\\\/#listItem\",\"position\":2,\"name\":\"Munkaer\\u0151piac\",\"item\":\"https:\\\/\\\/allasorias.hu\\\/hirek\\\/temak\\\/munkaeropiac\\\/\",\"nextItem\":{\"@type\":\"ListItem\",\"@id\":\"https:\\\/\\\/allasorias.hu\\\/hirek\\\/hiany-lesz-egeszsegugyi-dolgozokbol\\\/#listItem\",\"name\":\"Hi\\u00e1ny lesz eg\\u00e9szs\\u00e9g\\u00fcgyi dolgoz\\u00f3kb\\u00f3l\"},\"previousItem\":{\"@type\":\"ListItem\",\"@id\":\"https:\\\/\\\/allasorias.hu\\\/hirek#listItem\",\"name\":\"Home\"}},{\"@type\":\"ListItem\",\"@id\":\"https:\\\/\\\/allasorias.hu\\\/hirek\\\/hiany-lesz-egeszsegugyi-dolgozokbol\\\/#listItem\",\"position\":3,\"name\":\"Hi\\u00e1ny lesz eg\\u00e9szs\\u00e9g\\u00fcgyi dolgoz\\u00f3kb\\u00f3l\",\"previousItem\":{\"@type\":\"ListItem\",\"@id\":\"https:\\\/\\\/allasorias.hu\\\/hirek\\\/temak\\\/munkaeropiac\\\/#listItem\",\"name\":\"Munkaer\\u0151piac\"}}]},{\"@type\":\"Organization\",\"@id\":\"https:\\\/\\\/allasorias.hu\\\/hirek\\\/#organization\",\"name\":\"AllasOrias.hu | H\\u00edrek-lapszemle\",\"description\":\"\\u00dczleti h\\u00edrek az \\u00e1ll\\u00e1s \\u00e9s a munka vil\\u00e1g\\u00e1b\\u00f3l\",\"url\":\"https:\\\/\\\/allasorias.hu\\\/hirek\\\/\",\"logo\":{\"@type\":\"ImageObject\",\"url\":\"https:\\\/\\\/allasorias.hu\\\/hirek\\\/wp-content\\\/uploads\\\/2022\\\/10\\\/allasorias_site_facebok_logo.png\",\"@id\":\"https:\\\/\\\/allasorias.hu\\\/hirek\\\/hiany-lesz-egeszsegugyi-dolgozokbol\\\/#organizationLogo\"},\"image\":{\"@id\":\"https:\\\/\\\/allasorias.hu\\\/hirek\\\/hiany-lesz-egeszsegugyi-dolgozokbol\\\/#organizationLogo\"},\"sameAs\":[\"https:\\\/\\\/www.facebook.com\\\/allasorias\",\"https:\\\/\\\/www.linkedin.com\\\/company\\\/allasorias\"]},{\"@type\":\"Person\",\"@id\":\"https:\\\/\\\/allasorias.hu\\\/hirek\\\/author\\\/admin-allasorias\\\/#author\",\"url\":\"https:\\\/\\\/allasorias.hu\\\/hirek\\\/author\\\/admin-allasorias\\\/\",\"name\":\"Juh\\u00e1sz P\\u00e9ter\",\"image\":{\"@type\":\"ImageObject\",\"@id\":\"https:\\\/\\\/allasorias.hu\\\/hirek\\\/hiany-lesz-egeszsegugyi-dolgozokbol\\\/#authorImage\",\"url\":\"https:\\\/\\\/secure.gravatar.com\\\/avatar\\\/36e6bcb83148978b992977cb0f54d22feb0cce8a0a849a9410532bb2623ba4c6?s=96&d=mm&r=g\",\"width\":96,\"height\":96,\"caption\":\"Juh\\u00e1sz P\\u00e9ter\"}},{\"@type\":\"WebPage\",\"@id\":\"https:\\\/\\\/allasorias.hu\\\/hirek\\\/hiany-lesz-egeszsegugyi-dolgozokbol\\\/#webpage\",\"url\":\"https:\\\/\\\/allasorias.hu\\\/hirek\\\/hiany-lesz-egeszsegugyi-dolgozokbol\\\/\",\"name\":\"Hi\\u00e1ny lesz eg\\u00e9szs\\u00e9g\\u00fcgyi dolgoz\\u00f3kb\\u00f3l | AllasOrias.hu | H\\u00edrek-lapszemle\",\"description\":\"Harminc \\u00e9v m\\u00falva komoly hi\\u00e1ny lesz mindenhol a vil\\u00e1gban eg\\u00e9szs\\u00e9g\\u00fcgyi dolgoz\\u00f3kb\\u00f3l. Az Eg\\u00e9szs\\u00e9g\\u00fcgyi Vil\\u00e1gszervezet (WHO) szerint az emberek \\u00e9lettartam\\u00e1nak n\\u00f6veked\\u00e9se miatt 2030-ra ak\\u00e1r 40 milli\\u00f3 \\u00faj eg\\u00e9szs\\u00e9g\\u00fcgyi munkahelyre is sz\\u00fcks\\u00e9g lehet. Addigra azonban mintegy 10 milli\\u00f3 orvos, \\u00e1pol\\u00f3 \\u00e9s sz\\u00fcl\\u00e9szn\\u0151 fog hi\\u00e1nyozni a szakm\\u00e1b\\u00f3l. Az Eur\\u00f3pai Bizotts\\u00e1g j\\u00faliusban bemutatott Eur\\u00f3pai k\\u00e9szs\\u00e9gfejleszt\\u00e9si programja szerint napjainkban a\",\"inLanguage\":\"hu-HU\",\"isPartOf\":{\"@id\":\"https:\\\/\\\/allasorias.hu\\\/hirek\\\/#website\"},\"breadcrumb\":{\"@id\":\"https:\\\/\\\/allasorias.hu\\\/hirek\\\/hiany-lesz-egeszsegugyi-dolgozokbol\\\/#breadcrumblist\"},\"author\":{\"@id\":\"https:\\\/\\\/allasorias.hu\\\/hirek\\\/author\\\/admin-allasorias\\\/#author\"},\"creator\":{\"@id\":\"https:\\\/\\\/allasorias.hu\\\/hirek\\\/author\\\/admin-allasorias\\\/#author\"},\"image\":{\"@type\":\"ImageObject\",\"url\":\"https:\\\/\\\/allasorias.hu\\\/hirek\\\/wp-content\\\/uploads\\\/2019\\\/03\\\/clinic-1807543_640.jpg\",\"@id\":\"https:\\\/\\\/allasorias.hu\\\/hirek\\\/hiany-lesz-egeszsegugyi-dolgozokbol\\\/#mainImage\",\"width\":640,\"height\":461},\"primaryImageOfPage\":{\"@id\":\"https:\\\/\\\/allasorias.hu\\\/hirek\\\/hiany-lesz-egeszsegugyi-dolgozokbol\\\/#mainImage\"},\"datePublished\":\"2020-08-11T06:59:15+02:00\",\"dateModified\":\"2020-08-11T06:59:15+02:00\"},{\"@type\":\"WebSite\",\"@id\":\"https:\\\/\\\/allasorias.hu\\\/hirek\\\/#website\",\"url\":\"https:\\\/\\\/allasorias.hu\\\/hirek\\\/\",\"name\":\"AllasOrias.hu | H\\u00edrek-lapszemle\",\"description\":\"\\u00dczleti h\\u00edrek az \\u00e1ll\\u00e1s \\u00e9s a munka vil\\u00e1g\\u00e1b\\u00f3l\",\"inLanguage\":\"hu-HU\",\"publisher\":{\"@id\":\"https:\\\/\\\/allasorias.hu\\\/hirek\\\/#organization\"}}]}\n\t\t<\/script>\n\t\t<!-- All in One SEO -->\n\n","aioseo_head_json":{"title":"Hi\u00e1ny lesz eg\u00e9szs\u00e9g\u00fcgyi dolgoz\u00f3kb\u00f3l | AllasOrias.hu | H\u00edrek-lapszemle","description":"Harminc \u00e9v m\u00falva komoly hi\u00e1ny lesz mindenhol a vil\u00e1gban eg\u00e9szs\u00e9g\u00fcgyi dolgoz\u00f3kb\u00f3l. Az Eg\u00e9szs\u00e9g\u00fcgyi Vil\u00e1gszervezet (WHO) szerint az emberek \u00e9lettartam\u00e1nak n\u00f6veked\u00e9se miatt 2030-ra ak\u00e1r 40 milli\u00f3 \u00faj eg\u00e9szs\u00e9g\u00fcgyi munkahelyre is sz\u00fcks\u00e9g lehet. Addigra azonban mintegy 10 milli\u00f3 orvos, \u00e1pol\u00f3 \u00e9s sz\u00fcl\u00e9szn\u0151 fog hi\u00e1nyozni a szakm\u00e1b\u00f3l. Az Eur\u00f3pai Bizotts\u00e1g j\u00faliusban bemutatott Eur\u00f3pai k\u00e9szs\u00e9gfejleszt\u00e9si programja szerint napjainkban a","canonical_url":"https:\/\/allasorias.hu\/hirek\/hiany-lesz-egeszsegugyi-dolgozokbol\/","robots":"max-image-preview:large","keywords":"","webmasterTools":{"miscellaneous":""},"schema":{"@context":"https:\/\/schema.org","@graph":[{"@type":"Article","@id":"https:\/\/allasorias.hu\/hirek\/hiany-lesz-egeszsegugyi-dolgozokbol\/#article","name":"Hi\u00e1ny lesz eg\u00e9szs\u00e9g\u00fcgyi dolgoz\u00f3kb\u00f3l | AllasOrias.hu | H\u00edrek-lapszemle","headline":"Hi\u00e1ny lesz eg\u00e9szs\u00e9g\u00fcgyi dolgoz\u00f3kb\u00f3l","author":{"@id":"https:\/\/allasorias.hu\/hirek\/author\/admin-allasorias\/#author"},"publisher":{"@id":"https:\/\/allasorias.hu\/hirek\/#organization"},"image":{"@type":"ImageObject","url":"https:\/\/allasorias.hu\/hirek\/wp-content\/uploads\/2019\/03\/clinic-1807543_640.jpg","width":640,"height":461},"datePublished":"2020-08-11T06:59:15+02:00","dateModified":"2020-08-11T06:59:15+02:00","inLanguage":"hu-HU","mainEntityOfPage":{"@id":"https:\/\/allasorias.hu\/hirek\/hiany-lesz-egeszsegugyi-dolgozokbol\/#webpage"},"isPartOf":{"@id":"https:\/\/allasorias.hu\/hirek\/hiany-lesz-egeszsegugyi-dolgozokbol\/#webpage"},"articleSection":"Hi\u00e1nyszakm\u00e1k, Munkaer\u0151piac"},{"@type":"BreadcrumbList","@id":"https:\/\/allasorias.hu\/hirek\/hiany-lesz-egeszsegugyi-dolgozokbol\/#breadcrumblist","itemListElement":[{"@type":"ListItem","@id":"https:\/\/allasorias.hu\/hirek#listItem","position":1,"name":"Home","item":"https:\/\/allasorias.hu\/hirek","nextItem":{"@type":"ListItem","@id":"https:\/\/allasorias.hu\/hirek\/temak\/munkaeropiac\/#listItem","name":"Munkaer\u0151piac"}},{"@type":"ListItem","@id":"https:\/\/allasorias.hu\/hirek\/temak\/munkaeropiac\/#listItem","position":2,"name":"Munkaer\u0151piac","item":"https:\/\/allasorias.hu\/hirek\/temak\/munkaeropiac\/","nextItem":{"@type":"ListItem","@id":"https:\/\/allasorias.hu\/hirek\/hiany-lesz-egeszsegugyi-dolgozokbol\/#listItem","name":"Hi\u00e1ny lesz eg\u00e9szs\u00e9g\u00fcgyi dolgoz\u00f3kb\u00f3l"},"previousItem":{"@type":"ListItem","@id":"https:\/\/allasorias.hu\/hirek#listItem","name":"Home"}},{"@type":"ListItem","@id":"https:\/\/allasorias.hu\/hirek\/hiany-lesz-egeszsegugyi-dolgozokbol\/#listItem","position":3,"name":"Hi\u00e1ny lesz eg\u00e9szs\u00e9g\u00fcgyi dolgoz\u00f3kb\u00f3l","previousItem":{"@type":"ListItem","@id":"https:\/\/allasorias.hu\/hirek\/temak\/munkaeropiac\/#listItem","name":"Munkaer\u0151piac"}}]},{"@type":"Organization","@id":"https:\/\/allasorias.hu\/hirek\/#organization","name":"AllasOrias.hu | H\u00edrek-lapszemle","description":"\u00dczleti h\u00edrek az \u00e1ll\u00e1s \u00e9s a munka vil\u00e1g\u00e1b\u00f3l","url":"https:\/\/allasorias.hu\/hirek\/","logo":{"@type":"ImageObject","url":"https:\/\/allasorias.hu\/hirek\/wp-content\/uploads\/2022\/10\/allasorias_site_facebok_logo.png","@id":"https:\/\/allasorias.hu\/hirek\/hiany-lesz-egeszsegugyi-dolgozokbol\/#organizationLogo"},"image":{"@id":"https:\/\/allasorias.hu\/hirek\/hiany-lesz-egeszsegugyi-dolgozokbol\/#organizationLogo"},"sameAs":["https:\/\/www.facebook.com\/allasorias","https:\/\/www.linkedin.com\/company\/allasorias"]},{"@type":"Person","@id":"https:\/\/allasorias.hu\/hirek\/author\/admin-allasorias\/#author","url":"https:\/\/allasorias.hu\/hirek\/author\/admin-allasorias\/","name":"Juh\u00e1sz P\u00e9ter","image":{"@type":"ImageObject","@id":"https:\/\/allasorias.hu\/hirek\/hiany-lesz-egeszsegugyi-dolgozokbol\/#authorImage","url":"https:\/\/secure.gravatar.com\/avatar\/36e6bcb83148978b992977cb0f54d22feb0cce8a0a849a9410532bb2623ba4c6?s=96&d=mm&r=g","width":96,"height":96,"caption":"Juh\u00e1sz P\u00e9ter"}},{"@type":"WebPage","@id":"https:\/\/allasorias.hu\/hirek\/hiany-lesz-egeszsegugyi-dolgozokbol\/#webpage","url":"https:\/\/allasorias.hu\/hirek\/hiany-lesz-egeszsegugyi-dolgozokbol\/","name":"Hi\u00e1ny lesz eg\u00e9szs\u00e9g\u00fcgyi dolgoz\u00f3kb\u00f3l | AllasOrias.hu | H\u00edrek-lapszemle","description":"Harminc \u00e9v m\u00falva komoly hi\u00e1ny lesz mindenhol a vil\u00e1gban eg\u00e9szs\u00e9g\u00fcgyi dolgoz\u00f3kb\u00f3l. Az Eg\u00e9szs\u00e9g\u00fcgyi Vil\u00e1gszervezet (WHO) szerint az emberek \u00e9lettartam\u00e1nak n\u00f6veked\u00e9se miatt 2030-ra ak\u00e1r 40 milli\u00f3 \u00faj eg\u00e9szs\u00e9g\u00fcgyi munkahelyre is sz\u00fcks\u00e9g lehet. Addigra azonban mintegy 10 milli\u00f3 orvos, \u00e1pol\u00f3 \u00e9s sz\u00fcl\u00e9szn\u0151 fog hi\u00e1nyozni a szakm\u00e1b\u00f3l. Az Eur\u00f3pai Bizotts\u00e1g j\u00faliusban bemutatott Eur\u00f3pai k\u00e9szs\u00e9gfejleszt\u00e9si programja szerint napjainkban a","inLanguage":"hu-HU","isPartOf":{"@id":"https:\/\/allasorias.hu\/hirek\/#website"},"breadcrumb":{"@id":"https:\/\/allasorias.hu\/hirek\/hiany-lesz-egeszsegugyi-dolgozokbol\/#breadcrumblist"},"author":{"@id":"https:\/\/allasorias.hu\/hirek\/author\/admin-allasorias\/#author"},"creator":{"@id":"https:\/\/allasorias.hu\/hirek\/author\/admin-allasorias\/#author"},"image":{"@type":"ImageObject","url":"https:\/\/allasorias.hu\/hirek\/wp-content\/uploads\/2019\/03\/clinic-1807543_640.jpg","@id":"https:\/\/allasorias.hu\/hirek\/hiany-lesz-egeszsegugyi-dolgozokbol\/#mainImage","width":640,"height":461},"primaryImageOfPage":{"@id":"https:\/\/allasorias.hu\/hirek\/hiany-lesz-egeszsegugyi-dolgozokbol\/#mainImage"},"datePublished":"2020-08-11T06:59:15+02:00","dateModified":"2020-08-11T06:59:15+02:00"},{"@type":"WebSite","@id":"https:\/\/allasorias.hu\/hirek\/#website","url":"https:\/\/allasorias.hu\/hirek\/","name":"AllasOrias.hu | H\u00edrek-lapszemle","description":"\u00dczleti h\u00edrek az \u00e1ll\u00e1s \u00e9s a munka vil\u00e1g\u00e1b\u00f3l","inLanguage":"hu-HU","publisher":{"@id":"https:\/\/allasorias.hu\/hirek\/#organization"}}]},"og:locale":"hu_HU","og:site_name":"AllasOrias.hu | H\u00edrek-lapszemle | \u00dczleti h\u00edrek az \u00e1ll\u00e1s \u00e9s a munka vil\u00e1g\u00e1b\u00f3l","og:type":"article","og:title":"Hi\u00e1ny lesz eg\u00e9szs\u00e9g\u00fcgyi dolgoz\u00f3kb\u00f3l | AllasOrias.hu | H\u00edrek-lapszemle","og:description":"Harminc \u00e9v m\u00falva komoly hi\u00e1ny lesz mindenhol a vil\u00e1gban eg\u00e9szs\u00e9g\u00fcgyi dolgoz\u00f3kb\u00f3l. Az Eg\u00e9szs\u00e9g\u00fcgyi Vil\u00e1gszervezet (WHO) szerint az emberek \u00e9lettartam\u00e1nak n\u00f6veked\u00e9se miatt 2030-ra ak\u00e1r 40 milli\u00f3 \u00faj eg\u00e9szs\u00e9g\u00fcgyi munkahelyre is sz\u00fcks\u00e9g lehet. Addigra azonban mintegy 10 milli\u00f3 orvos, \u00e1pol\u00f3 \u00e9s sz\u00fcl\u00e9szn\u0151 fog hi\u00e1nyozni a szakm\u00e1b\u00f3l. Az Eur\u00f3pai Bizotts\u00e1g j\u00faliusban bemutatott Eur\u00f3pai k\u00e9szs\u00e9gfejleszt\u00e9si programja szerint napjainkban a","og:url":"https:\/\/allasorias.hu\/hirek\/hiany-lesz-egeszsegugyi-dolgozokbol\/","og:image":"https:\/\/allasorias.hu\/hirek\/wp-content\/uploads\/2019\/03\/clinic-1807543_640.jpg","og:image:secure_url":"https:\/\/allasorias.hu\/hirek\/wp-content\/uploads\/2019\/03\/clinic-1807543_640.jpg","og:image:width":640,"og:image:height":461,"article:published_time":"2020-08-11T06:59:15+00:00","article:modified_time":"2020-08-11T06:59:15+00:00","article:publisher":"https:\/\/www.facebook.com\/allasorias","twitter:card":"summary_large_image","twitter:title":"Hi\u00e1ny lesz eg\u00e9szs\u00e9g\u00fcgyi dolgoz\u00f3kb\u00f3l | AllasOrias.hu | H\u00edrek-lapszemle","twitter:description":"Harminc \u00e9v m\u00falva komoly hi\u00e1ny lesz mindenhol a vil\u00e1gban eg\u00e9szs\u00e9g\u00fcgyi dolgoz\u00f3kb\u00f3l. Az Eg\u00e9szs\u00e9g\u00fcgyi Vil\u00e1gszervezet (WHO) szerint az emberek \u00e9lettartam\u00e1nak n\u00f6veked\u00e9se miatt 2030-ra ak\u00e1r 40 milli\u00f3 \u00faj eg\u00e9szs\u00e9g\u00fcgyi munkahelyre is sz\u00fcks\u00e9g lehet. Addigra azonban mintegy 10 milli\u00f3 orvos, \u00e1pol\u00f3 \u00e9s sz\u00fcl\u00e9szn\u0151 fog hi\u00e1nyozni a szakm\u00e1b\u00f3l. Az Eur\u00f3pai Bizotts\u00e1g j\u00faliusban bemutatott Eur\u00f3pai k\u00e9szs\u00e9gfejleszt\u00e9si programja szerint napjainkban a","twitter:image":"https:\/\/allasorias.hu\/hirek\/wp-content\/uploads\/2019\/03\/clinic-1807543_640.jpg","twitter:label1":"Written by","twitter:data1":"Juh\u00e1sz P\u00e9ter","twitter:label2":"Est. reading time","twitter:data2":"1 minute"},"aioseo_meta_data":{"post_id":"4173","title":null,"description":"","keywords":"","keyphrases":null,"primary_term":null,"canonical_url":"","og_title":null,"og_description":null,"og_object_type":"default","og_image_type":"default","og_image_url":null,"og_image_width":null,"og_image_height":null,"og_image_custom_url":null,"og_image_custom_fields":null,"og_video":null,"og_custom_url":null,"og_article_section":null,"og_article_tags":null,"twitter_use_og":false,"twitter_card":"default","twitter_image_type":"default","twitter_image_url":null,"twitter_image_custom_url":null,"twitter_image_custom_fields":null,"twitter_title":null,"twitter_description":null,"schema":{"blockGraphs":[],"customGraphs":[],"default":{"data":{"Article":[],"Course":[],"Dataset":[],"FAQPage":[],"Movie":[],"Person":[],"Product":[],"ProductReview":[],"Car":[],"Recipe":[],"Service":[],"SoftwareApplication":[],"WebPage":[]},"graphName":"","isEnabled":true},"graphs":[],"defaultGraph":"","defaultPostTypeGraph":""},"schema_type":null,"schema_type_options":null,"pillar_content":false,"robots_default":true,"robots_noindex":false,"robots_noarchive":false,"robots_nosnippet":false,"robots_nofollow":false,"robots_noimageindex":false,"robots_noodp":false,"robots_notranslate":false,"robots_max_snippet":null,"robots_max_videopreview":null,"robots_max_imagepreview":"large","priority":null,"frequency":null,"location":null,"local_seo":null,"breadcrumb_settings":null,"limit_modified_date":false,"ai":null,"created":"2021-02-01 21:13:45","updated":"2025-10-02 14:16:21","seo_analyzer_scan_date":null,"focus_keyword":null,"additional_keywords":null,"truseo_locale":null},"aioseo_breadcrumb":"<div class=\"aioseo-breadcrumbs\"><span class=\"aioseo-breadcrumb\">\n\t\t\t<a href=\"https:\/\/allasorias.hu\/hirek\" title=\"Home\">Home<\/a>\n\t\t<\/span><span class=\"aioseo-breadcrumb-separator\">&raquo;<\/span><span class=\"aioseo-breadcrumb\">\n\t\t\t<a href=\"https:\/\/allasorias.hu\/hirek\/temak\/munkaeropiac\/\" title=\"Munkaer\u0151piac\">Munkaer\u0151piac<\/a>\n\t\t<\/span><span class=\"aioseo-breadcrumb-separator\">&raquo;<\/span><span class=\"aioseo-breadcrumb\">\n\t\t\tHi\u00e1ny lesz eg\u00e9szs\u00e9g\u00fcgyi dolgoz\u00f3kb\u00f3l\n\t\t<\/span><\/div>","aioseo_breadcrumb_json":[{"label":"Home","link":"https:\/\/allasorias.hu\/hirek"},{"label":"Munkaer\u0151piac","link":"https:\/\/allasorias.hu\/hirek\/temak\/munkaeropiac\/"},{"label":"Hi\u00e1ny lesz eg\u00e9szs\u00e9g\u00fcgyi dolgoz\u00f3kb\u00f3l","link":"https:\/\/allasorias.hu\/hirek\/hiany-lesz-egeszsegugyi-dolgozokbol\/"}],"_links":{"self":[{"href":"https:\/\/allasorias.hu\/hirek\/wp-json\/wp\/v2\/posts\/4173","targetHints":{"allow":["GET"]}}],"collection":[{"href":"https:\/\/allasorias.hu\/hirek\/wp-json\/wp\/v2\/posts"}],"about":[{"href":"https:\/\/allasorias.hu\/hirek\/wp-json\/wp\/v2\/types\/post"}],"author":[{"embeddable":true,"href":"https:\/\/allasorias.hu\/hirek\/wp-json\/wp\/v2\/users\/1"}],"replies":[{"embeddable":true,"href":"https:\/\/allasorias.hu\/hirek\/wp-json\/wp\/v2\/comments?post=4173"}],"version-history":[{"count":1,"href":"https:\/\/allasorias.hu\/hirek\/wp-json\/wp\/v2\/posts\/4173\/revisions"}],"predecessor-version":[{"id":4174,"href":"https:\/\/allasorias.hu\/hirek\/wp-json\/wp\/v2\/posts\/4173\/revisions\/4174"}],"wp:featuredmedia":[{"embeddable":true,"href":"https:\/\/allasorias.hu\/hirek\/wp-json\/wp\/v2\/media\/2623"}],"wp:attachment":[{"href":"https:\/\/allasorias.hu\/hirek\/wp-json\/wp\/v2\/media?parent=4173"}],"wp:term":[{"taxonomy":"category","embeddable":true,"href":"https:\/\/allasorias.hu\/hirek\/wp-json\/wp\/v2\/categories?post=4173"},{"taxonomy":"post_tag","embeddable":true,"href":"https:\/\/allasorias.hu\/hirek\/wp-json\/wp\/v2\/tags?post=4173"}],"curies":[{"name":"wp","href":"https:\/\/api.w.org\/{rel}","templated":true}]}}