{"id":4171,"date":"2020-08-10T07:54:07","date_gmt":"2020-08-10T07:54:07","guid":{"rendered":"https:\/\/allasorias.hu\/hirek\/?p=4171"},"modified":"2020-08-10T07:54:07","modified_gmt":"2020-08-10T07:54:07","slug":"tavmunka-rezsihozzajarulassal","status":"publish","type":"post","link":"https:\/\/allasorias.hu\/hirek\/tavmunka-rezsihozzajarulassal\/","title":{"rendered":"T\u00e1vmunka rezsihozz\u00e1j\u00e1rul\u00e1ssal"},"content":{"rendered":"<p><strong>Foglalkoztat\u00e1s b\u0151v\u00edt\u00e9si program k\u00e9sz\u00fcl, \u00e9rdekes r\u00e9szlete lehet a t\u00e1vmunk\u00e1ban dolgoz\u00f3k rezsij\u00e9hez val\u00f3 hozz\u00e1j\u00e1rul\u00e1s. A javaslat csomag \u0151sszel ker\u00fclhet a parlament el\u00e9 &#8211; mondta el a Vil\u00e1ggazdas\u00e1gnak Bod\u00f3 S\u00e1ndor, az Innov\u00e1ci\u00f3s \u00e9s Technol\u00f3giai Miniszt\u00e9rium foglalkoztat\u00e1spolitik\u00e1\u00e9rt felel\u0151s \u00e1llamtitk\u00e1ra.<\/strong><\/p>\n<p>A tervek k\u00f6z\u00f6tt szerepel a t\u00e1vmunk\u00e1ban v\u00e9gezhet\u0151 tev\u00e9kenys\u00e9gek b\u0151v\u00edt\u00e9se, a munk\u00e1ltat\u00f3 \u00e9s a munkav\u00e1llal\u00f3 k\u00f6z\u00f6tti meg\u00e1llapod\u00e1s \u00faj alapokra helyez\u00e9se. A munkav\u00e9gz\u00e9s helye a munkav\u00e9delmi el\u0151\u00edr\u00e1sok betart\u00e1s\u00e1val szabadon v\u00e1laszthat\u00f3v\u00e1 v\u00e1lna. A m\u00f3dos\u00edt\u00e1s lehet\u0151s\u00e9get adna arra, hogy a t\u00e9teles elsz\u00e1mol\u00e1s helyett a munk\u00e1ltat\u00f3 kv\u00e1zi \u00e1tal\u00e1nyk\u00e9nt a mindenkori minim\u00e1lb\u00e9r \u00f6sszeg\u00e9nek 10 sz\u00e1zal\u00e9k\u00e1ig j\u00e1ruljon hozz\u00e1 a rezsik\u00f6lts\u00e9gekhez. A sz\u00fcks\u00e9ges eszk\u00f6z\u00f6k beszerz\u00e9s\u00e9t is t\u00e1mogathatja a c\u00e9g, ak\u00e1r kedvezm\u00e9nyes ad\u00f3z\u00e1si felt\u00e9telek mellett &#8211; fejtette ki Bod\u00f3 S\u00e1ndor. Az \u00e1llamtitk\u00e1r felid\u00e9zte, hogy a Gazdas\u00e1gv\u00e9delmi akci\u00f3terv egyik legfontosabb eszk\u00f6zek\u00e9nt munkahelymeg\u0151rz\u0151 \u00e9s munkahelyteremt\u0151 int\u00e9zked\u00e9seket vezettek be, amelyek mostan\u00e1ig t\u00f6bb mint egymilli\u00f3 munkav\u00e1llal\u00f3n seg\u00edtettek. Kiemelte: folyamatosan monitorozz\u00e1k a munkaer\u0151piac v\u00e1ltoz\u00e1sait, \u00e9s ahol sz\u00fcks\u00e9ges, a korm\u00e1ny k\u00e9sz \u00fajra beavatkozni az eddigi int\u00e9zked\u00e9seken fel\u00fcl a gazdas\u00e1gi n\u00f6veked\u00e9s \u00e9rdek\u00e9ben. A legfrissebb adatok m\u00e1r azt mutatj\u00e1k, hogy a j\u00faniusi m\u00e9lyponthoz k\u00e9pest mindenhol cs\u00f6kken a regisztr\u00e1lt \u00e1ll\u00e1skeres\u0151k sz\u00e1ma. Orsz\u00e1gosan 25 ezerrel vannak kevesebben, mint b\u0151 m\u00e1sf\u00e9l h\u00f3nappal ezel\u0151tt. Az \u00faj \u00e1ll\u00e1shelyek sz\u00e1ma is folyamatosan emelkedik, a munkaer\u0151piac l\u00e1that\u00f3an kezd mag\u00e1ra tal\u00e1lni &#8211; mondta Bod\u00f3 S\u00e1ndor. Hozz\u00e1tette: bizakod\u00e1sra ad okot a gazdas\u00e1g \u00fajraindul\u00e1sa, ami \u00fajabb l\u00f6k\u00e9st ad a munkaer\u0151piacnak. V\u00e1rakoz\u00e1saik szerint a tendencia folytat\u00f3dhat, azaz a j\u00faniusi m\u00e9lypont ut\u00e1n folyamatosan cs\u00f6kkenhet a munkan\u00e9lk\u00fcliek sz\u00e1ma, a foglalkoztat\u00e1s pedig fokozatosan a v\u00e1ls\u00e1g el\u0151tti szintre emelkedhet.<\/p>\n<p>Forr\u00e1s: autopro.hu<\/p>\n","protected":false},"excerpt":{"rendered":"<p>Foglalkoztat\u00e1s b\u0151v\u00edt\u00e9si program k\u00e9sz\u00fcl, \u00e9rdekes r\u00e9szlete lehet a t\u00e1vmunk\u00e1ban dolgoz\u00f3k rezsij\u00e9hez val\u00f3 hozz\u00e1j\u00e1rul\u00e1s. A javaslat csomag \u0151sszel ker\u00fclhet a parlament el\u00e9 &#8211; mondta el a Vil\u00e1ggazdas\u00e1gnak Bod\u00f3 S\u00e1ndor, az Innov\u00e1ci\u00f3s \u00e9s Technol\u00f3giai Miniszt\u00e9rium foglalkoztat\u00e1spolitik\u00e1\u00e9rt felel\u0151s \u00e1llamtitk\u00e1ra. A tervek k\u00f6z\u00f6tt szerepel a t\u00e1vmunk\u00e1ban v\u00e9gezhet\u0151 tev\u00e9kenys\u00e9gek b\u0151v\u00edt\u00e9se, a munk\u00e1ltat\u00f3 \u00e9s a munkav\u00e1llal\u00f3 k\u00f6z\u00f6tti meg\u00e1llapod\u00e1s \u00faj alapokra helyez\u00e9se. [&hellip;]<\/p>\n","protected":false},"author":1,"featured_media":4112,"comment_status":"open","ping_status":"open","sticky":false,"template":"","format":"standard","meta":{"_monsterinsights_skip_tracking":false,"footnotes":""},"categories":[198],"tags":[],"class_list":["post-4171","post","type-post","status-publish","format-standard","has-post-thumbnail","hentry","category-gazdasag"],"aioseo_notices":[],"aioseo_head":"\n\t\t<!-- All in One SEO 5.0.0.1 - aioseo.com -->\n\t<meta name=\"description\" content=\"Foglalkoztat\u00e1s b\u0151v\u00edt\u00e9si program k\u00e9sz\u00fcl, \u00e9rdekes r\u00e9szlete lehet a t\u00e1vmunk\u00e1ban dolgoz\u00f3k rezsij\u00e9hez val\u00f3 hozz\u00e1j\u00e1rul\u00e1s. A javaslat csomag \u0151sszel ker\u00fclhet a parlament el\u00e9 - mondta el a Vil\u00e1ggazdas\u00e1gnak Bod\u00f3 S\u00e1ndor, az Innov\u00e1ci\u00f3s \u00e9s Technol\u00f3giai Miniszt\u00e9rium foglalkoztat\u00e1spolitik\u00e1\u00e9rt felel\u0151s \u00e1llamtitk\u00e1ra. A tervek k\u00f6z\u00f6tt szerepel a t\u00e1vmunk\u00e1ban v\u00e9gezhet\u0151 tev\u00e9kenys\u00e9gek b\u0151v\u00edt\u00e9se, a munk\u00e1ltat\u00f3 \u00e9s a munkav\u00e1llal\u00f3 k\u00f6z\u00f6tti meg\u00e1llapod\u00e1s \u00faj alapokra helyez\u00e9se.\" \/>\n\t<meta name=\"robots\" content=\"max-image-preview:large\" \/>\n\t<meta name=\"author\" content=\"Juh\u00e1sz P\u00e9ter\"\/>\n\t<link rel=\"canonical\" href=\"https:\/\/allasorias.hu\/hirek\/tavmunka-rezsihozzajarulassal\/\" \/>\n\t<meta name=\"generator\" content=\"All in One SEO (AIOSEO) 5.0.0.1\" \/>\n\t\t<meta property=\"og:locale\" content=\"hu_HU\" \/>\n\t\t<meta property=\"og:site_name\" content=\"AllasOrias.hu | H\u00edrek-lapszemle | \u00dczleti h\u00edrek az \u00e1ll\u00e1s \u00e9s a munka vil\u00e1g\u00e1b\u00f3l\" \/>\n\t\t<meta property=\"og:type\" content=\"article\" \/>\n\t\t<meta property=\"og:title\" content=\"T\u00e1vmunka rezsihozz\u00e1j\u00e1rul\u00e1ssal | AllasOrias.hu | H\u00edrek-lapszemle\" \/>\n\t\t<meta property=\"og:description\" content=\"Foglalkoztat\u00e1s b\u0151v\u00edt\u00e9si program k\u00e9sz\u00fcl, \u00e9rdekes r\u00e9szlete lehet a t\u00e1vmunk\u00e1ban dolgoz\u00f3k rezsij\u00e9hez val\u00f3 hozz\u00e1j\u00e1rul\u00e1s. A javaslat csomag \u0151sszel ker\u00fclhet a parlament el\u00e9 - mondta el a Vil\u00e1ggazdas\u00e1gnak Bod\u00f3 S\u00e1ndor, az Innov\u00e1ci\u00f3s \u00e9s Technol\u00f3giai Miniszt\u00e9rium foglalkoztat\u00e1spolitik\u00e1\u00e9rt felel\u0151s \u00e1llamtitk\u00e1ra. A tervek k\u00f6z\u00f6tt szerepel a t\u00e1vmunk\u00e1ban v\u00e9gezhet\u0151 tev\u00e9kenys\u00e9gek b\u0151v\u00edt\u00e9se, a munk\u00e1ltat\u00f3 \u00e9s a munkav\u00e1llal\u00f3 k\u00f6z\u00f6tti meg\u00e1llapod\u00e1s \u00faj alapokra helyez\u00e9se.\" \/>\n\t\t<meta property=\"og:url\" content=\"https:\/\/allasorias.hu\/hirek\/tavmunka-rezsihozzajarulassal\/\" \/>\n\t\t<meta property=\"og:image\" content=\"https:\/\/allasorias.hu\/hirek\/wp-content\/uploads\/2020\/07\/3875550-1.jpg\" \/>\n\t\t<meta property=\"og:image:secure_url\" content=\"https:\/\/allasorias.hu\/hirek\/wp-content\/uploads\/2020\/07\/3875550-1.jpg\" \/>\n\t\t<meta property=\"og:image:width\" content=\"900\" \/>\n\t\t<meta property=\"og:image:height\" content=\"515\" \/>\n\t\t<meta property=\"article:published_time\" content=\"2020-08-10T07:54:07+00:00\" \/>\n\t\t<meta property=\"article:modified_time\" content=\"2020-08-10T07:54:07+00:00\" \/>\n\t\t<meta property=\"article:publisher\" content=\"https:\/\/www.facebook.com\/allasorias\" \/>\n\t\t<meta name=\"twitter:card\" content=\"summary_large_image\" \/>\n\t\t<meta name=\"twitter:title\" content=\"T\u00e1vmunka rezsihozz\u00e1j\u00e1rul\u00e1ssal | AllasOrias.hu | H\u00edrek-lapszemle\" \/>\n\t\t<meta name=\"twitter:description\" content=\"Foglalkoztat\u00e1s b\u0151v\u00edt\u00e9si program k\u00e9sz\u00fcl, \u00e9rdekes r\u00e9szlete lehet a t\u00e1vmunk\u00e1ban dolgoz\u00f3k rezsij\u00e9hez val\u00f3 hozz\u00e1j\u00e1rul\u00e1s. A javaslat csomag \u0151sszel ker\u00fclhet a parlament el\u00e9 - mondta el a Vil\u00e1ggazdas\u00e1gnak Bod\u00f3 S\u00e1ndor, az Innov\u00e1ci\u00f3s \u00e9s Technol\u00f3giai Miniszt\u00e9rium foglalkoztat\u00e1spolitik\u00e1\u00e9rt felel\u0151s \u00e1llamtitk\u00e1ra. A tervek k\u00f6z\u00f6tt szerepel a t\u00e1vmunk\u00e1ban v\u00e9gezhet\u0151 tev\u00e9kenys\u00e9gek b\u0151v\u00edt\u00e9se, a munk\u00e1ltat\u00f3 \u00e9s a munkav\u00e1llal\u00f3 k\u00f6z\u00f6tti meg\u00e1llapod\u00e1s \u00faj alapokra helyez\u00e9se.\" \/>\n\t\t<meta name=\"twitter:image\" content=\"https:\/\/allasorias.hu\/hirek\/wp-content\/uploads\/2020\/07\/3875550-1.jpg\" \/>\n\t\t<meta name=\"twitter:label1\" content=\"Written by\" \/>\n\t\t<meta name=\"twitter:data1\" content=\"Juh\u00e1sz P\u00e9ter\" \/>\n\t\t<meta name=\"twitter:label2\" content=\"Est. reading time\" \/>\n\t\t<meta name=\"twitter:data2\" content=\"2 minutes\" \/>\n\t\t<script type=\"application\/ld+json\" class=\"aioseo-schema\">\n\t\t\t{\"@context\":\"https:\\\/\\\/schema.org\",\"@graph\":[{\"@type\":\"Article\",\"@id\":\"https:\\\/\\\/allasorias.hu\\\/hirek\\\/tavmunka-rezsihozzajarulassal\\\/#article\",\"name\":\"T\\u00e1vmunka rezsihozz\\u00e1j\\u00e1rul\\u00e1ssal | AllasOrias.hu | H\\u00edrek-lapszemle\",\"headline\":\"T\\u00e1vmunka rezsihozz\\u00e1j\\u00e1rul\\u00e1ssal\",\"author\":{\"@id\":\"https:\\\/\\\/allasorias.hu\\\/hirek\\\/author\\\/admin-allasorias\\\/#author\"},\"publisher\":{\"@id\":\"https:\\\/\\\/allasorias.hu\\\/hirek\\\/#organization\"},\"image\":{\"@type\":\"ImageObject\",\"url\":\"https:\\\/\\\/allasorias.hu\\\/hirek\\\/wp-content\\\/uploads\\\/2020\\\/07\\\/3875550-1.jpg\",\"width\":900,\"height\":515},\"datePublished\":\"2020-08-10T07:54:07+02:00\",\"dateModified\":\"2020-08-10T07:54:07+02:00\",\"inLanguage\":\"hu-HU\",\"mainEntityOfPage\":{\"@id\":\"https:\\\/\\\/allasorias.hu\\\/hirek\\\/tavmunka-rezsihozzajarulassal\\\/#webpage\"},\"isPartOf\":{\"@id\":\"https:\\\/\\\/allasorias.hu\\\/hirek\\\/tavmunka-rezsihozzajarulassal\\\/#webpage\"},\"articleSection\":\"Gazdas\\u00e1g\"},{\"@type\":\"BreadcrumbList\",\"@id\":\"https:\\\/\\\/allasorias.hu\\\/hirek\\\/tavmunka-rezsihozzajarulassal\\\/#breadcrumblist\",\"itemListElement\":[{\"@type\":\"ListItem\",\"@id\":\"https:\\\/\\\/allasorias.hu\\\/hirek#listItem\",\"position\":1,\"name\":\"Home\",\"item\":\"https:\\\/\\\/allasorias.hu\\\/hirek\",\"nextItem\":{\"@type\":\"ListItem\",\"@id\":\"https:\\\/\\\/allasorias.hu\\\/hirek\\\/temak\\\/gazdasag\\\/#listItem\",\"name\":\"Gazdas\\u00e1g\"}},{\"@type\":\"ListItem\",\"@id\":\"https:\\\/\\\/allasorias.hu\\\/hirek\\\/temak\\\/gazdasag\\\/#listItem\",\"position\":2,\"name\":\"Gazdas\\u00e1g\",\"item\":\"https:\\\/\\\/allasorias.hu\\\/hirek\\\/temak\\\/gazdasag\\\/\",\"nextItem\":{\"@type\":\"ListItem\",\"@id\":\"https:\\\/\\\/allasorias.hu\\\/hirek\\\/tavmunka-rezsihozzajarulassal\\\/#listItem\",\"name\":\"T\\u00e1vmunka rezsihozz\\u00e1j\\u00e1rul\\u00e1ssal\"},\"previousItem\":{\"@type\":\"ListItem\",\"@id\":\"https:\\\/\\\/allasorias.hu\\\/hirek#listItem\",\"name\":\"Home\"}},{\"@type\":\"ListItem\",\"@id\":\"https:\\\/\\\/allasorias.hu\\\/hirek\\\/tavmunka-rezsihozzajarulassal\\\/#listItem\",\"position\":3,\"name\":\"T\\u00e1vmunka rezsihozz\\u00e1j\\u00e1rul\\u00e1ssal\",\"previousItem\":{\"@type\":\"ListItem\",\"@id\":\"https:\\\/\\\/allasorias.hu\\\/hirek\\\/temak\\\/gazdasag\\\/#listItem\",\"name\":\"Gazdas\\u00e1g\"}}]},{\"@type\":\"Organization\",\"@id\":\"https:\\\/\\\/allasorias.hu\\\/hirek\\\/#organization\",\"name\":\"AllasOrias.hu | H\\u00edrek-lapszemle\",\"description\":\"\\u00dczleti h\\u00edrek az \\u00e1ll\\u00e1s \\u00e9s a munka vil\\u00e1g\\u00e1b\\u00f3l\",\"url\":\"https:\\\/\\\/allasorias.hu\\\/hirek\\\/\",\"logo\":{\"@type\":\"ImageObject\",\"url\":\"https:\\\/\\\/allasorias.hu\\\/hirek\\\/wp-content\\\/uploads\\\/2022\\\/10\\\/allasorias_site_facebok_logo.png\",\"@id\":\"https:\\\/\\\/allasorias.hu\\\/hirek\\\/tavmunka-rezsihozzajarulassal\\\/#organizationLogo\"},\"image\":{\"@id\":\"https:\\\/\\\/allasorias.hu\\\/hirek\\\/tavmunka-rezsihozzajarulassal\\\/#organizationLogo\"},\"sameAs\":[\"https:\\\/\\\/www.facebook.com\\\/allasorias\",\"https:\\\/\\\/www.linkedin.com\\\/company\\\/allasorias\"]},{\"@type\":\"Person\",\"@id\":\"https:\\\/\\\/allasorias.hu\\\/hirek\\\/author\\\/admin-allasorias\\\/#author\",\"url\":\"https:\\\/\\\/allasorias.hu\\\/hirek\\\/author\\\/admin-allasorias\\\/\",\"name\":\"Juh\\u00e1sz P\\u00e9ter\",\"image\":{\"@type\":\"ImageObject\",\"@id\":\"https:\\\/\\\/allasorias.hu\\\/hirek\\\/tavmunka-rezsihozzajarulassal\\\/#authorImage\",\"url\":\"https:\\\/\\\/secure.gravatar.com\\\/avatar\\\/36e6bcb83148978b992977cb0f54d22feb0cce8a0a849a9410532bb2623ba4c6?s=96&d=mm&r=g\",\"width\":96,\"height\":96,\"caption\":\"Juh\\u00e1sz P\\u00e9ter\"}},{\"@type\":\"WebPage\",\"@id\":\"https:\\\/\\\/allasorias.hu\\\/hirek\\\/tavmunka-rezsihozzajarulassal\\\/#webpage\",\"url\":\"https:\\\/\\\/allasorias.hu\\\/hirek\\\/tavmunka-rezsihozzajarulassal\\\/\",\"name\":\"T\\u00e1vmunka rezsihozz\\u00e1j\\u00e1rul\\u00e1ssal | AllasOrias.hu | H\\u00edrek-lapszemle\",\"description\":\"Foglalkoztat\\u00e1s b\\u0151v\\u00edt\\u00e9si program k\\u00e9sz\\u00fcl, \\u00e9rdekes r\\u00e9szlete lehet a t\\u00e1vmunk\\u00e1ban dolgoz\\u00f3k rezsij\\u00e9hez val\\u00f3 hozz\\u00e1j\\u00e1rul\\u00e1s. A javaslat csomag \\u0151sszel ker\\u00fclhet a parlament el\\u00e9 - mondta el a Vil\\u00e1ggazdas\\u00e1gnak Bod\\u00f3 S\\u00e1ndor, az Innov\\u00e1ci\\u00f3s \\u00e9s Technol\\u00f3giai Miniszt\\u00e9rium foglalkoztat\\u00e1spolitik\\u00e1\\u00e9rt felel\\u0151s \\u00e1llamtitk\\u00e1ra. A tervek k\\u00f6z\\u00f6tt szerepel a t\\u00e1vmunk\\u00e1ban v\\u00e9gezhet\\u0151 tev\\u00e9kenys\\u00e9gek b\\u0151v\\u00edt\\u00e9se, a munk\\u00e1ltat\\u00f3 \\u00e9s a munkav\\u00e1llal\\u00f3 k\\u00f6z\\u00f6tti meg\\u00e1llapod\\u00e1s \\u00faj alapokra helyez\\u00e9se.\",\"inLanguage\":\"hu-HU\",\"isPartOf\":{\"@id\":\"https:\\\/\\\/allasorias.hu\\\/hirek\\\/#website\"},\"breadcrumb\":{\"@id\":\"https:\\\/\\\/allasorias.hu\\\/hirek\\\/tavmunka-rezsihozzajarulassal\\\/#breadcrumblist\"},\"author\":{\"@id\":\"https:\\\/\\\/allasorias.hu\\\/hirek\\\/author\\\/admin-allasorias\\\/#author\"},\"creator\":{\"@id\":\"https:\\\/\\\/allasorias.hu\\\/hirek\\\/author\\\/admin-allasorias\\\/#author\"},\"image\":{\"@type\":\"ImageObject\",\"url\":\"https:\\\/\\\/allasorias.hu\\\/hirek\\\/wp-content\\\/uploads\\\/2020\\\/07\\\/3875550-1.jpg\",\"@id\":\"https:\\\/\\\/allasorias.hu\\\/hirek\\\/tavmunka-rezsihozzajarulassal\\\/#mainImage\",\"width\":900,\"height\":515},\"primaryImageOfPage\":{\"@id\":\"https:\\\/\\\/allasorias.hu\\\/hirek\\\/tavmunka-rezsihozzajarulassal\\\/#mainImage\"},\"datePublished\":\"2020-08-10T07:54:07+02:00\",\"dateModified\":\"2020-08-10T07:54:07+02:00\"},{\"@type\":\"WebSite\",\"@id\":\"https:\\\/\\\/allasorias.hu\\\/hirek\\\/#website\",\"url\":\"https:\\\/\\\/allasorias.hu\\\/hirek\\\/\",\"name\":\"AllasOrias.hu | H\\u00edrek-lapszemle\",\"description\":\"\\u00dczleti h\\u00edrek az \\u00e1ll\\u00e1s \\u00e9s a munka vil\\u00e1g\\u00e1b\\u00f3l\",\"inLanguage\":\"hu-HU\",\"publisher\":{\"@id\":\"https:\\\/\\\/allasorias.hu\\\/hirek\\\/#organization\"}}]}\n\t\t<\/script>\n\t\t<!-- All in One SEO -->\n\n","aioseo_head_json":{"title":"T\u00e1vmunka rezsihozz\u00e1j\u00e1rul\u00e1ssal | AllasOrias.hu | H\u00edrek-lapszemle","description":"Foglalkoztat\u00e1s b\u0151v\u00edt\u00e9si program k\u00e9sz\u00fcl, \u00e9rdekes r\u00e9szlete lehet a t\u00e1vmunk\u00e1ban dolgoz\u00f3k rezsij\u00e9hez val\u00f3 hozz\u00e1j\u00e1rul\u00e1s. A javaslat csomag \u0151sszel ker\u00fclhet a parlament el\u00e9 - mondta el a Vil\u00e1ggazdas\u00e1gnak Bod\u00f3 S\u00e1ndor, az Innov\u00e1ci\u00f3s \u00e9s Technol\u00f3giai Miniszt\u00e9rium foglalkoztat\u00e1spolitik\u00e1\u00e9rt felel\u0151s \u00e1llamtitk\u00e1ra. A tervek k\u00f6z\u00f6tt szerepel a t\u00e1vmunk\u00e1ban v\u00e9gezhet\u0151 tev\u00e9kenys\u00e9gek b\u0151v\u00edt\u00e9se, a munk\u00e1ltat\u00f3 \u00e9s a munkav\u00e1llal\u00f3 k\u00f6z\u00f6tti meg\u00e1llapod\u00e1s \u00faj alapokra helyez\u00e9se.","canonical_url":"https:\/\/allasorias.hu\/hirek\/tavmunka-rezsihozzajarulassal\/","robots":"max-image-preview:large","keywords":"","webmasterTools":{"miscellaneous":""},"schema":{"@context":"https:\/\/schema.org","@graph":[{"@type":"Article","@id":"https:\/\/allasorias.hu\/hirek\/tavmunka-rezsihozzajarulassal\/#article","name":"T\u00e1vmunka rezsihozz\u00e1j\u00e1rul\u00e1ssal | AllasOrias.hu | H\u00edrek-lapszemle","headline":"T\u00e1vmunka rezsihozz\u00e1j\u00e1rul\u00e1ssal","author":{"@id":"https:\/\/allasorias.hu\/hirek\/author\/admin-allasorias\/#author"},"publisher":{"@id":"https:\/\/allasorias.hu\/hirek\/#organization"},"image":{"@type":"ImageObject","url":"https:\/\/allasorias.hu\/hirek\/wp-content\/uploads\/2020\/07\/3875550-1.jpg","width":900,"height":515},"datePublished":"2020-08-10T07:54:07+02:00","dateModified":"2020-08-10T07:54:07+02:00","inLanguage":"hu-HU","mainEntityOfPage":{"@id":"https:\/\/allasorias.hu\/hirek\/tavmunka-rezsihozzajarulassal\/#webpage"},"isPartOf":{"@id":"https:\/\/allasorias.hu\/hirek\/tavmunka-rezsihozzajarulassal\/#webpage"},"articleSection":"Gazdas\u00e1g"},{"@type":"BreadcrumbList","@id":"https:\/\/allasorias.hu\/hirek\/tavmunka-rezsihozzajarulassal\/#breadcrumblist","itemListElement":[{"@type":"ListItem","@id":"https:\/\/allasorias.hu\/hirek#listItem","position":1,"name":"Home","item":"https:\/\/allasorias.hu\/hirek","nextItem":{"@type":"ListItem","@id":"https:\/\/allasorias.hu\/hirek\/temak\/gazdasag\/#listItem","name":"Gazdas\u00e1g"}},{"@type":"ListItem","@id":"https:\/\/allasorias.hu\/hirek\/temak\/gazdasag\/#listItem","position":2,"name":"Gazdas\u00e1g","item":"https:\/\/allasorias.hu\/hirek\/temak\/gazdasag\/","nextItem":{"@type":"ListItem","@id":"https:\/\/allasorias.hu\/hirek\/tavmunka-rezsihozzajarulassal\/#listItem","name":"T\u00e1vmunka rezsihozz\u00e1j\u00e1rul\u00e1ssal"},"previousItem":{"@type":"ListItem","@id":"https:\/\/allasorias.hu\/hirek#listItem","name":"Home"}},{"@type":"ListItem","@id":"https:\/\/allasorias.hu\/hirek\/tavmunka-rezsihozzajarulassal\/#listItem","position":3,"name":"T\u00e1vmunka rezsihozz\u00e1j\u00e1rul\u00e1ssal","previousItem":{"@type":"ListItem","@id":"https:\/\/allasorias.hu\/hirek\/temak\/gazdasag\/#listItem","name":"Gazdas\u00e1g"}}]},{"@type":"Organization","@id":"https:\/\/allasorias.hu\/hirek\/#organization","name":"AllasOrias.hu | H\u00edrek-lapszemle","description":"\u00dczleti h\u00edrek az \u00e1ll\u00e1s \u00e9s a munka vil\u00e1g\u00e1b\u00f3l","url":"https:\/\/allasorias.hu\/hirek\/","logo":{"@type":"ImageObject","url":"https:\/\/allasorias.hu\/hirek\/wp-content\/uploads\/2022\/10\/allasorias_site_facebok_logo.png","@id":"https:\/\/allasorias.hu\/hirek\/tavmunka-rezsihozzajarulassal\/#organizationLogo"},"image":{"@id":"https:\/\/allasorias.hu\/hirek\/tavmunka-rezsihozzajarulassal\/#organizationLogo"},"sameAs":["https:\/\/www.facebook.com\/allasorias","https:\/\/www.linkedin.com\/company\/allasorias"]},{"@type":"Person","@id":"https:\/\/allasorias.hu\/hirek\/author\/admin-allasorias\/#author","url":"https:\/\/allasorias.hu\/hirek\/author\/admin-allasorias\/","name":"Juh\u00e1sz P\u00e9ter","image":{"@type":"ImageObject","@id":"https:\/\/allasorias.hu\/hirek\/tavmunka-rezsihozzajarulassal\/#authorImage","url":"https:\/\/secure.gravatar.com\/avatar\/36e6bcb83148978b992977cb0f54d22feb0cce8a0a849a9410532bb2623ba4c6?s=96&d=mm&r=g","width":96,"height":96,"caption":"Juh\u00e1sz P\u00e9ter"}},{"@type":"WebPage","@id":"https:\/\/allasorias.hu\/hirek\/tavmunka-rezsihozzajarulassal\/#webpage","url":"https:\/\/allasorias.hu\/hirek\/tavmunka-rezsihozzajarulassal\/","name":"T\u00e1vmunka rezsihozz\u00e1j\u00e1rul\u00e1ssal | AllasOrias.hu | H\u00edrek-lapszemle","description":"Foglalkoztat\u00e1s b\u0151v\u00edt\u00e9si program k\u00e9sz\u00fcl, \u00e9rdekes r\u00e9szlete lehet a t\u00e1vmunk\u00e1ban dolgoz\u00f3k rezsij\u00e9hez val\u00f3 hozz\u00e1j\u00e1rul\u00e1s. A javaslat csomag \u0151sszel ker\u00fclhet a parlament el\u00e9 - mondta el a Vil\u00e1ggazdas\u00e1gnak Bod\u00f3 S\u00e1ndor, az Innov\u00e1ci\u00f3s \u00e9s Technol\u00f3giai Miniszt\u00e9rium foglalkoztat\u00e1spolitik\u00e1\u00e9rt felel\u0151s \u00e1llamtitk\u00e1ra. A tervek k\u00f6z\u00f6tt szerepel a t\u00e1vmunk\u00e1ban v\u00e9gezhet\u0151 tev\u00e9kenys\u00e9gek b\u0151v\u00edt\u00e9se, a munk\u00e1ltat\u00f3 \u00e9s a munkav\u00e1llal\u00f3 k\u00f6z\u00f6tti meg\u00e1llapod\u00e1s \u00faj alapokra helyez\u00e9se.","inLanguage":"hu-HU","isPartOf":{"@id":"https:\/\/allasorias.hu\/hirek\/#website"},"breadcrumb":{"@id":"https:\/\/allasorias.hu\/hirek\/tavmunka-rezsihozzajarulassal\/#breadcrumblist"},"author":{"@id":"https:\/\/allasorias.hu\/hirek\/author\/admin-allasorias\/#author"},"creator":{"@id":"https:\/\/allasorias.hu\/hirek\/author\/admin-allasorias\/#author"},"image":{"@type":"ImageObject","url":"https:\/\/allasorias.hu\/hirek\/wp-content\/uploads\/2020\/07\/3875550-1.jpg","@id":"https:\/\/allasorias.hu\/hirek\/tavmunka-rezsihozzajarulassal\/#mainImage","width":900,"height":515},"primaryImageOfPage":{"@id":"https:\/\/allasorias.hu\/hirek\/tavmunka-rezsihozzajarulassal\/#mainImage"},"datePublished":"2020-08-10T07:54:07+02:00","dateModified":"2020-08-10T07:54:07+02:00"},{"@type":"WebSite","@id":"https:\/\/allasorias.hu\/hirek\/#website","url":"https:\/\/allasorias.hu\/hirek\/","name":"AllasOrias.hu | H\u00edrek-lapszemle","description":"\u00dczleti h\u00edrek az \u00e1ll\u00e1s \u00e9s a munka vil\u00e1g\u00e1b\u00f3l","inLanguage":"hu-HU","publisher":{"@id":"https:\/\/allasorias.hu\/hirek\/#organization"}}]},"og:locale":"hu_HU","og:site_name":"AllasOrias.hu | H\u00edrek-lapszemle | \u00dczleti h\u00edrek az \u00e1ll\u00e1s \u00e9s a munka vil\u00e1g\u00e1b\u00f3l","og:type":"article","og:title":"T\u00e1vmunka rezsihozz\u00e1j\u00e1rul\u00e1ssal | AllasOrias.hu | H\u00edrek-lapszemle","og:description":"Foglalkoztat\u00e1s b\u0151v\u00edt\u00e9si program k\u00e9sz\u00fcl, \u00e9rdekes r\u00e9szlete lehet a t\u00e1vmunk\u00e1ban dolgoz\u00f3k rezsij\u00e9hez val\u00f3 hozz\u00e1j\u00e1rul\u00e1s. A javaslat csomag \u0151sszel ker\u00fclhet a parlament el\u00e9 - mondta el a Vil\u00e1ggazdas\u00e1gnak Bod\u00f3 S\u00e1ndor, az Innov\u00e1ci\u00f3s \u00e9s Technol\u00f3giai Miniszt\u00e9rium foglalkoztat\u00e1spolitik\u00e1\u00e9rt felel\u0151s \u00e1llamtitk\u00e1ra. A tervek k\u00f6z\u00f6tt szerepel a t\u00e1vmunk\u00e1ban v\u00e9gezhet\u0151 tev\u00e9kenys\u00e9gek b\u0151v\u00edt\u00e9se, a munk\u00e1ltat\u00f3 \u00e9s a munkav\u00e1llal\u00f3 k\u00f6z\u00f6tti meg\u00e1llapod\u00e1s \u00faj alapokra helyez\u00e9se.","og:url":"https:\/\/allasorias.hu\/hirek\/tavmunka-rezsihozzajarulassal\/","og:image":"https:\/\/allasorias.hu\/hirek\/wp-content\/uploads\/2020\/07\/3875550-1.jpg","og:image:secure_url":"https:\/\/allasorias.hu\/hirek\/wp-content\/uploads\/2020\/07\/3875550-1.jpg","og:image:width":900,"og:image:height":515,"article:published_time":"2020-08-10T07:54:07+00:00","article:modified_time":"2020-08-10T07:54:07+00:00","article:publisher":"https:\/\/www.facebook.com\/allasorias","twitter:card":"summary_large_image","twitter:title":"T\u00e1vmunka rezsihozz\u00e1j\u00e1rul\u00e1ssal | AllasOrias.hu | H\u00edrek-lapszemle","twitter:description":"Foglalkoztat\u00e1s b\u0151v\u00edt\u00e9si program k\u00e9sz\u00fcl, \u00e9rdekes r\u00e9szlete lehet a t\u00e1vmunk\u00e1ban dolgoz\u00f3k rezsij\u00e9hez val\u00f3 hozz\u00e1j\u00e1rul\u00e1s. A javaslat csomag \u0151sszel ker\u00fclhet a parlament el\u00e9 - mondta el a Vil\u00e1ggazdas\u00e1gnak Bod\u00f3 S\u00e1ndor, az Innov\u00e1ci\u00f3s \u00e9s Technol\u00f3giai Miniszt\u00e9rium foglalkoztat\u00e1spolitik\u00e1\u00e9rt felel\u0151s \u00e1llamtitk\u00e1ra. A tervek k\u00f6z\u00f6tt szerepel a t\u00e1vmunk\u00e1ban v\u00e9gezhet\u0151 tev\u00e9kenys\u00e9gek b\u0151v\u00edt\u00e9se, a munk\u00e1ltat\u00f3 \u00e9s a munkav\u00e1llal\u00f3 k\u00f6z\u00f6tti meg\u00e1llapod\u00e1s \u00faj alapokra helyez\u00e9se.","twitter:image":"https:\/\/allasorias.hu\/hirek\/wp-content\/uploads\/2020\/07\/3875550-1.jpg","twitter:label1":"Written by","twitter:data1":"Juh\u00e1sz P\u00e9ter","twitter:label2":"Est. reading time","twitter:data2":"2 minutes"},"aioseo_meta_data":{"post_id":"4171","title":null,"description":"","keywords":"","keyphrases":null,"primary_term":null,"canonical_url":"","og_title":null,"og_description":null,"og_object_type":"default","og_image_type":"default","og_image_url":null,"og_image_width":null,"og_image_height":null,"og_image_custom_url":null,"og_image_custom_fields":null,"og_video":null,"og_custom_url":null,"og_article_section":null,"og_article_tags":null,"twitter_use_og":false,"twitter_card":"default","twitter_image_type":"default","twitter_image_url":null,"twitter_image_custom_url":null,"twitter_image_custom_fields":null,"twitter_title":null,"twitter_description":null,"schema":{"blockGraphs":[],"customGraphs":[],"default":{"data":{"Article":[],"Course":[],"Dataset":[],"FAQPage":[],"Movie":[],"Person":[],"Product":[],"ProductReview":[],"Car":[],"Recipe":[],"Service":[],"SoftwareApplication":[],"WebPage":[]},"graphName":"","isEnabled":true},"graphs":[],"defaultGraph":"","defaultPostTypeGraph":""},"schema_type":null,"schema_type_options":null,"pillar_content":false,"robots_default":true,"robots_noindex":false,"robots_noarchive":false,"robots_nosnippet":false,"robots_nofollow":false,"robots_noimageindex":false,"robots_noodp":false,"robots_notranslate":false,"robots_max_snippet":null,"robots_max_videopreview":null,"robots_max_imagepreview":"large","priority":null,"frequency":null,"location":null,"local_seo":null,"breadcrumb_settings":null,"limit_modified_date":false,"ai":null,"created":"2021-02-01 21:13:45","updated":"2025-10-02 14:16:21","seo_analyzer_scan_date":null,"focus_keyword":null,"additional_keywords":null,"truseo_locale":null},"aioseo_breadcrumb":"<div class=\"aioseo-breadcrumbs\"><span class=\"aioseo-breadcrumb\">\n\t\t\t<a href=\"https:\/\/allasorias.hu\/hirek\" title=\"Home\">Home<\/a>\n\t\t<\/span><span class=\"aioseo-breadcrumb-separator\">&raquo;<\/span><span class=\"aioseo-breadcrumb\">\n\t\t\t<a href=\"https:\/\/allasorias.hu\/hirek\/temak\/gazdasag\/\" title=\"Gazdas\u00e1g\">Gazdas\u00e1g<\/a>\n\t\t<\/span><span class=\"aioseo-breadcrumb-separator\">&raquo;<\/span><span class=\"aioseo-breadcrumb\">\n\t\t\tT\u00e1vmunka rezsihozz\u00e1j\u00e1rul\u00e1ssal\n\t\t<\/span><\/div>","aioseo_breadcrumb_json":[{"label":"Home","link":"https:\/\/allasorias.hu\/hirek"},{"label":"Gazdas\u00e1g","link":"https:\/\/allasorias.hu\/hirek\/temak\/gazdasag\/"},{"label":"T\u00e1vmunka rezsihozz\u00e1j\u00e1rul\u00e1ssal","link":"https:\/\/allasorias.hu\/hirek\/tavmunka-rezsihozzajarulassal\/"}],"_links":{"self":[{"href":"https:\/\/allasorias.hu\/hirek\/wp-json\/wp\/v2\/posts\/4171","targetHints":{"allow":["GET"]}}],"collection":[{"href":"https:\/\/allasorias.hu\/hirek\/wp-json\/wp\/v2\/posts"}],"about":[{"href":"https:\/\/allasorias.hu\/hirek\/wp-json\/wp\/v2\/types\/post"}],"author":[{"embeddable":true,"href":"https:\/\/allasorias.hu\/hirek\/wp-json\/wp\/v2\/users\/1"}],"replies":[{"embeddable":true,"href":"https:\/\/allasorias.hu\/hirek\/wp-json\/wp\/v2\/comments?post=4171"}],"version-history":[{"count":1,"href":"https:\/\/allasorias.hu\/hirek\/wp-json\/wp\/v2\/posts\/4171\/revisions"}],"predecessor-version":[{"id":4172,"href":"https:\/\/allasorias.hu\/hirek\/wp-json\/wp\/v2\/posts\/4171\/revisions\/4172"}],"wp:featuredmedia":[{"embeddable":true,"href":"https:\/\/allasorias.hu\/hirek\/wp-json\/wp\/v2\/media\/4112"}],"wp:attachment":[{"href":"https:\/\/allasorias.hu\/hirek\/wp-json\/wp\/v2\/media?parent=4171"}],"wp:term":[{"taxonomy":"category","embeddable":true,"href":"https:\/\/allasorias.hu\/hirek\/wp-json\/wp\/v2\/categories?post=4171"},{"taxonomy":"post_tag","embeddable":true,"href":"https:\/\/allasorias.hu\/hirek\/wp-json\/wp\/v2\/tags?post=4171"}],"curies":[{"name":"wp","href":"https:\/\/api.w.org\/{rel}","templated":true}]}}