{"id":4160,"date":"2020-08-04T12:32:03","date_gmt":"2020-08-04T12:32:03","guid":{"rendered":"https:\/\/allasorias.hu\/hirek\/?p=4160"},"modified":"2020-08-04T12:32:03","modified_gmt":"2020-08-04T12:32:03","slug":"tobb-a-diplomas-munkavallalo","status":"publish","type":"post","link":"https:\/\/allasorias.hu\/hirek\/tobb-a-diplomas-munkavallalo\/","title":{"rendered":"T\u00f6bb a diplom\u00e1s munkav\u00e1llal\u00f3"},"content":{"rendered":"<p><strong>A nyelvvizsga elenged\u00e9s\u00e9nek k\u00f6sz\u00f6nhet\u0151en, 81 ezren m\u00e1r \u00e1t is vehett\u00e9k a diplom\u00e1jukat, s v\u00e1rhat\u00f3an \u00edgy j\u00f3val t\u00f6bb diplom\u00e1s jelenik meg a munkaer\u0151piacon. A Magyar Nemzet inform\u00e1ci\u00f3i szerint\u00a0 f\u0151k\u00e9nt b\u00f6lcs\u00e9sz- \u00e9s gazdas\u00e1gi oklevelekhez juthatnak hozz\u00e1 a fiatalok. <\/strong><\/p>\n<p>A frissen v\u00e9gzettek mellett most mindazok hozz\u00e1juthatnak a diplom\u00e1jukhoz, akiknek a diploma k\u00e9zhez kap\u00e1s\u00e1nak a felt\u00e9tel\u00e9\u00fcl szabott nyelvvizsg\u00e1t nem siker\u00fclt megszerezni\u00fck az elm\u00falt id\u0151szakban, hiszen a koronav\u00edrus-j\u00e1rv\u00e1ny miatt elrendelt Gazdas\u00e1gv\u00e9delmi Akci\u00f3terv els\u0151 int\u00e9zked\u00e9sei k\u00f6z\u00f6tt szerepelt, hogy akik 2020. augusztus 31-ig z\u00e1r\u00f3vizsg\u00e1t tettek vagy tesznek, nyelvvizsga n\u00e9lk\u00fcl is megkaphatj\u00e1k diplom\u00e1jukat. F\u00fcggetlen\u00fcl att\u00f3l, hogy h\u00e1ny \u00e9v telt el a tanulm\u00e1nyok \u00f3ta, h\u00e1ny nyelvvizsga hi\u00e1nyzik vagy milyen szakra j\u00e1rt az illet\u0151. Ez a l\u00e9p\u00e9s teh\u00e1t nemcsak a p\u00e1lyakezd\u0151ket \u00e9rinti, hanem mindenkit, aki az elm\u00falt \u00e9vtizedekben csak emiatt v\u00e1rt a diplom\u00e1j\u00e1ra. J\u00falius elej\u00e9ig t\u00f6bb mint 51 ezren jelentkeztek a bizony\u00edtv\u00e1nyok\u00e9rt, h\u00e9tf\u0151n pedig azt k\u00f6z\u00f6lte a lappal az Innov\u00e1ci\u00f3s \u00e9s Technol\u00f3giai Miniszt\u00e9rium (ITM), hogy a korm\u00e1nyd\u00f6nt\u00e9snek k\u00f6sz\u00f6nhet\u0151en mostan\u00e1ig 101 ezer diplom\u00e1t \u00e1ll\u00edtottak ki a fels\u0151oktat\u00e1si int\u00e9zm\u00e9nyek, 81 ezret pedig m\u00e1r \u00e1t is vettek az \u00e9rintettek. Sok t\u00edzezer diplom\u00e1s most \u00fagy kaphatja meg az oklevel\u00e9t, hogy nem kell letennie a nyelvvizsg\u00e1t hozz\u00e1. A rendelkez\u00e9s a doktori k\u00e9pz\u00e9sek kiv\u00e9tel\u00e9vel minden k\u00e9pz\u00e9si form\u00e1ra, a kor\u00e1bbi f\u0151iskolai \u00e9s egyetemi k\u00e9pz\u00e9sekre, az alap-, a mester-, az osztatlan k\u00e9pz\u00e9sekre \u00e9s a fels\u0151oktat\u00e1si szakk\u00e9pz\u00e9sekre is vonatkozik, a finansz\u00edroz\u00e1si form\u00e1t\u00f3l (\u00f6szt\u00f6nd\u00edjas vagy \u00f6nk\u00f6lts\u00e9ges) f\u00fcggetlen\u00fcl. A lehet\u0151s\u00e9ggel azok is \u00e9lhetnek, akiknek egyszerre t\u00f6bb nyelvvizsg\u00e1t, fels\u0151fok\u00fa vagy szakmai nyelvvizsg\u00e1t kellett volna tenni\u00fck a diplomaszerz\u00e9shez. A diploma \u00e1tv\u00e9tel\u00e9t nem k\u00f6t\u00f6tt\u00e9k semmilyen felt\u00e9telhez, csup\u00e1n jelentkezni kell az adott egyetemen, f\u0151iskol\u00e1n. A szem\u00e9lyes adatok el\u0151zetes \u00e9s pontos egyeztet\u00e9se viszont fontos, mert \u2013 k\u00fcl\u00f6n\u00f6sen a r\u00e9gebben z\u00e1r\u00f3vizsg\u00e1zottakn\u00e1l \u2013 v\u00e1ltozhatott id\u0151k\u00f6zben a volt hallgat\u00f3 \u00e9s az egyetem neve, c\u00edme is. Szem\u00e9lyes \u00e1tv\u00e9tel mellett postai \u00faton, hivatalos iratk\u00e9nt is kik\u00fcldhet\u0151k a bizony\u00edtv\u00e1nyok. A folyamat nem mindenhol megy egyforma gyorsan, a Magyar Nemzet szerint a nagy egyetemeken (pl. ELTE, Szeged) n\u00e9h\u00e1ny h\u00e9t alatt hozz\u00e1jutnak diplom\u00e1ikhoz a volt di\u00e1kok, m\u00edg m\u00e1shol ak\u00e1r h\u00e1rom h\u00f3napot is v\u00e1rniuk kell a fiataloknak az int\u00e9zm\u00e9ny leterhelts\u00e9ge miatt. A hi\u00e1nyos nyelvtud\u00e1s miatt beragad\u00f3 diplom\u00e1k kiadat\u00e1s\u00e1val \u00e9vtizedes probl\u00e9m\u00e1t old meg a korm\u00e1ny, f\u0151leg a vid\u00e9ki, kisebb int\u00e9zm\u00e9nyekben tornyosultak kiugr\u00f3 mennyis\u00e9gben a gazd\u00e1tlan oklevelek: a statisztik\u00e1k szerint &#8211; szakokt\u00f3l f\u00fcgg\u0151en &#8211; 1 \u00e9s 40 sz\u00e1zal\u00e9k k\u00f6z\u00f6tt ingadozik a nyelvvizsg\u00e1k hi\u00e1ny\u00e1ban \u00e1t nem vett diplom\u00e1k ar\u00e1nya az elm\u00falt \u00e9vekb\u0151l. Orsz\u00e1gosan a felv\u00e9teliz\u0151k durv\u00e1n fele rendelkezik k\u00f6z\u00e9pfok\u00fa nyelvvizsg\u00e1val m\u00e1r a jelentkez\u00e9skor, de az \u00e9rintettek egy r\u00e9sze az egyetemi \u00e9vek alatt sem p\u00f3tolja ezt a hi\u00e1nyoss\u00e1got.<\/p>\n<p>&nbsp;<\/p>\n<p>Forr\u00e1s: Magyar Nemzet, origo.hu<\/p>\n","protected":false},"excerpt":{"rendered":"<p>A nyelvvizsga elenged\u00e9s\u00e9nek k\u00f6sz\u00f6nhet\u0151en, 81 ezren m\u00e1r \u00e1t is vehett\u00e9k a diplom\u00e1jukat, s v\u00e1rhat\u00f3an \u00edgy j\u00f3val t\u00f6bb diplom\u00e1s jelenik meg a munkaer\u0151piacon. A Magyar Nemzet inform\u00e1ci\u00f3i szerint\u00a0 f\u0151k\u00e9nt b\u00f6lcs\u00e9sz- \u00e9s gazdas\u00e1gi oklevelekhez juthatnak hozz\u00e1 a fiatalok. A frissen v\u00e9gzettek mellett most mindazok hozz\u00e1juthatnak a diplom\u00e1jukhoz, akiknek a diploma k\u00e9zhez kap\u00e1s\u00e1nak a felt\u00e9tel\u00e9\u00fcl szabott nyelvvizsg\u00e1t nem [&hellip;]<\/p>\n","protected":false},"author":1,"featured_media":2177,"comment_status":"open","ping_status":"open","sticky":false,"template":"","format":"standard","meta":{"_monsterinsights_skip_tracking":false,"footnotes":""},"categories":[1,200],"tags":[],"class_list":["post-4160","post","type-post","status-publish","format-standard","has-post-thumbnail","hentry","category-allaskereses","category-munkaeropiac"],"aioseo_notices":[],"aioseo_head":"\n\t\t<!-- All in One SEO 5.0.0.1 - aioseo.com -->\n\t<meta name=\"description\" content=\"A nyelvvizsga elenged\u00e9s\u00e9nek k\u00f6sz\u00f6nhet\u0151en, 81 ezren m\u00e1r \u00e1t is vehett\u00e9k a diplom\u00e1jukat, s v\u00e1rhat\u00f3an \u00edgy j\u00f3val t\u00f6bb diplom\u00e1s jelenik meg a munkaer\u0151piacon. A Magyar Nemzet inform\u00e1ci\u00f3i szerint f\u0151k\u00e9nt b\u00f6lcs\u00e9sz- \u00e9s gazdas\u00e1gi oklevelekhez juthatnak hozz\u00e1 a fiatalok. A frissen v\u00e9gzettek mellett most mindazok hozz\u00e1juthatnak a diplom\u00e1jukhoz, akiknek a diploma k\u00e9zhez kap\u00e1s\u00e1nak a felt\u00e9tel\u00e9\u00fcl szabott nyelvvizsg\u00e1t nem\" \/>\n\t<meta name=\"robots\" content=\"max-image-preview:large\" \/>\n\t<meta name=\"author\" content=\"Juh\u00e1sz P\u00e9ter\"\/>\n\t<link rel=\"canonical\" href=\"https:\/\/allasorias.hu\/hirek\/tobb-a-diplomas-munkavallalo\/\" \/>\n\t<meta name=\"generator\" content=\"All in One SEO (AIOSEO) 5.0.0.1\" \/>\n\t\t<meta property=\"og:locale\" content=\"hu_HU\" \/>\n\t\t<meta property=\"og:site_name\" content=\"AllasOrias.hu | H\u00edrek-lapszemle | \u00dczleti h\u00edrek az \u00e1ll\u00e1s \u00e9s a munka vil\u00e1g\u00e1b\u00f3l\" \/>\n\t\t<meta property=\"og:type\" content=\"article\" \/>\n\t\t<meta property=\"og:title\" content=\"T\u00f6bb a diplom\u00e1s munkav\u00e1llal\u00f3 | AllasOrias.hu | H\u00edrek-lapszemle\" \/>\n\t\t<meta property=\"og:description\" content=\"A nyelvvizsga elenged\u00e9s\u00e9nek k\u00f6sz\u00f6nhet\u0151en, 81 ezren m\u00e1r \u00e1t is vehett\u00e9k a diplom\u00e1jukat, s v\u00e1rhat\u00f3an \u00edgy j\u00f3val t\u00f6bb diplom\u00e1s jelenik meg a munkaer\u0151piacon. A Magyar Nemzet inform\u00e1ci\u00f3i szerint f\u0151k\u00e9nt b\u00f6lcs\u00e9sz- \u00e9s gazdas\u00e1gi oklevelekhez juthatnak hozz\u00e1 a fiatalok. A frissen v\u00e9gzettek mellett most mindazok hozz\u00e1juthatnak a diplom\u00e1jukhoz, akiknek a diploma k\u00e9zhez kap\u00e1s\u00e1nak a felt\u00e9tel\u00e9\u00fcl szabott nyelvvizsg\u00e1t nem\" \/>\n\t\t<meta property=\"og:url\" content=\"https:\/\/allasorias.hu\/hirek\/tobb-a-diplomas-munkavallalo\/\" \/>\n\t\t<meta property=\"og:image\" content=\"https:\/\/allasorias.hu\/hirek\/wp-content\/uploads\/2018\/11\/kancellar.jpeg\" \/>\n\t\t<meta property=\"og:image:secure_url\" content=\"https:\/\/allasorias.hu\/hirek\/wp-content\/uploads\/2018\/11\/kancellar.jpeg\" \/>\n\t\t<meta property=\"og:image:width\" content=\"640\" \/>\n\t\t<meta property=\"og:image:height\" content=\"426\" \/>\n\t\t<meta property=\"article:published_time\" content=\"2020-08-04T12:32:03+00:00\" \/>\n\t\t<meta property=\"article:modified_time\" content=\"2020-08-04T12:32:03+00:00\" \/>\n\t\t<meta property=\"article:publisher\" content=\"https:\/\/www.facebook.com\/allasorias\" \/>\n\t\t<meta name=\"twitter:card\" content=\"summary_large_image\" \/>\n\t\t<meta name=\"twitter:title\" content=\"T\u00f6bb a diplom\u00e1s munkav\u00e1llal\u00f3 | AllasOrias.hu | H\u00edrek-lapszemle\" \/>\n\t\t<meta name=\"twitter:description\" content=\"A nyelvvizsga elenged\u00e9s\u00e9nek k\u00f6sz\u00f6nhet\u0151en, 81 ezren m\u00e1r \u00e1t is vehett\u00e9k a diplom\u00e1jukat, s v\u00e1rhat\u00f3an \u00edgy j\u00f3val t\u00f6bb diplom\u00e1s jelenik meg a munkaer\u0151piacon. A Magyar Nemzet inform\u00e1ci\u00f3i szerint f\u0151k\u00e9nt b\u00f6lcs\u00e9sz- \u00e9s gazdas\u00e1gi oklevelekhez juthatnak hozz\u00e1 a fiatalok. A frissen v\u00e9gzettek mellett most mindazok hozz\u00e1juthatnak a diplom\u00e1jukhoz, akiknek a diploma k\u00e9zhez kap\u00e1s\u00e1nak a felt\u00e9tel\u00e9\u00fcl szabott nyelvvizsg\u00e1t nem\" \/>\n\t\t<meta name=\"twitter:image\" content=\"https:\/\/allasorias.hu\/hirek\/wp-content\/uploads\/2018\/11\/kancellar.jpeg\" \/>\n\t\t<meta name=\"twitter:label1\" content=\"Written by\" \/>\n\t\t<meta name=\"twitter:data1\" content=\"Juh\u00e1sz P\u00e9ter\" \/>\n\t\t<meta name=\"twitter:label2\" content=\"Est. reading time\" \/>\n\t\t<meta name=\"twitter:data2\" content=\"3 minutes\" \/>\n\t\t<script type=\"application\/ld+json\" class=\"aioseo-schema\">\n\t\t\t{\"@context\":\"https:\\\/\\\/schema.org\",\"@graph\":[{\"@type\":\"Article\",\"@id\":\"https:\\\/\\\/allasorias.hu\\\/hirek\\\/tobb-a-diplomas-munkavallalo\\\/#article\",\"name\":\"T\\u00f6bb a diplom\\u00e1s munkav\\u00e1llal\\u00f3 | AllasOrias.hu | H\\u00edrek-lapszemle\",\"headline\":\"T\\u00f6bb a diplom\\u00e1s munkav\\u00e1llal\\u00f3\",\"author\":{\"@id\":\"https:\\\/\\\/allasorias.hu\\\/hirek\\\/author\\\/admin-allasorias\\\/#author\"},\"publisher\":{\"@id\":\"https:\\\/\\\/allasorias.hu\\\/hirek\\\/#organization\"},\"image\":{\"@type\":\"ImageObject\",\"url\":\"https:\\\/\\\/allasorias.hu\\\/hirek\\\/wp-content\\\/uploads\\\/2018\\\/11\\\/kancellar.jpeg\",\"width\":640,\"height\":426},\"datePublished\":\"2020-08-04T12:32:03+02:00\",\"dateModified\":\"2020-08-04T12:32:03+02:00\",\"inLanguage\":\"hu-HU\",\"mainEntityOfPage\":{\"@id\":\"https:\\\/\\\/allasorias.hu\\\/hirek\\\/tobb-a-diplomas-munkavallalo\\\/#webpage\"},\"isPartOf\":{\"@id\":\"https:\\\/\\\/allasorias.hu\\\/hirek\\\/tobb-a-diplomas-munkavallalo\\\/#webpage\"},\"articleSection\":\"\\u00c1ll\\u00e1skeres\\u00e9s, Munkaer\\u0151piac\"},{\"@type\":\"BreadcrumbList\",\"@id\":\"https:\\\/\\\/allasorias.hu\\\/hirek\\\/tobb-a-diplomas-munkavallalo\\\/#breadcrumblist\",\"itemListElement\":[{\"@type\":\"ListItem\",\"@id\":\"https:\\\/\\\/allasorias.hu\\\/hirek#listItem\",\"position\":1,\"name\":\"Home\",\"item\":\"https:\\\/\\\/allasorias.hu\\\/hirek\",\"nextItem\":{\"@type\":\"ListItem\",\"@id\":\"https:\\\/\\\/allasorias.hu\\\/hirek\\\/temak\\\/allaskereses\\\/#listItem\",\"name\":\"\\u00c1ll\\u00e1skeres\\u00e9s\"}},{\"@type\":\"ListItem\",\"@id\":\"https:\\\/\\\/allasorias.hu\\\/hirek\\\/temak\\\/allaskereses\\\/#listItem\",\"position\":2,\"name\":\"\\u00c1ll\\u00e1skeres\\u00e9s\",\"item\":\"https:\\\/\\\/allasorias.hu\\\/hirek\\\/temak\\\/allaskereses\\\/\",\"nextItem\":{\"@type\":\"ListItem\",\"@id\":\"https:\\\/\\\/allasorias.hu\\\/hirek\\\/tobb-a-diplomas-munkavallalo\\\/#listItem\",\"name\":\"T\\u00f6bb a diplom\\u00e1s munkav\\u00e1llal\\u00f3\"},\"previousItem\":{\"@type\":\"ListItem\",\"@id\":\"https:\\\/\\\/allasorias.hu\\\/hirek#listItem\",\"name\":\"Home\"}},{\"@type\":\"ListItem\",\"@id\":\"https:\\\/\\\/allasorias.hu\\\/hirek\\\/tobb-a-diplomas-munkavallalo\\\/#listItem\",\"position\":3,\"name\":\"T\\u00f6bb a diplom\\u00e1s munkav\\u00e1llal\\u00f3\",\"previousItem\":{\"@type\":\"ListItem\",\"@id\":\"https:\\\/\\\/allasorias.hu\\\/hirek\\\/temak\\\/allaskereses\\\/#listItem\",\"name\":\"\\u00c1ll\\u00e1skeres\\u00e9s\"}}]},{\"@type\":\"Organization\",\"@id\":\"https:\\\/\\\/allasorias.hu\\\/hirek\\\/#organization\",\"name\":\"AllasOrias.hu | H\\u00edrek-lapszemle\",\"description\":\"\\u00dczleti h\\u00edrek az \\u00e1ll\\u00e1s \\u00e9s a munka vil\\u00e1g\\u00e1b\\u00f3l\",\"url\":\"https:\\\/\\\/allasorias.hu\\\/hirek\\\/\",\"logo\":{\"@type\":\"ImageObject\",\"url\":\"https:\\\/\\\/allasorias.hu\\\/hirek\\\/wp-content\\\/uploads\\\/2022\\\/10\\\/allasorias_site_facebok_logo.png\",\"@id\":\"https:\\\/\\\/allasorias.hu\\\/hirek\\\/tobb-a-diplomas-munkavallalo\\\/#organizationLogo\"},\"image\":{\"@id\":\"https:\\\/\\\/allasorias.hu\\\/hirek\\\/tobb-a-diplomas-munkavallalo\\\/#organizationLogo\"},\"sameAs\":[\"https:\\\/\\\/www.facebook.com\\\/allasorias\",\"https:\\\/\\\/www.linkedin.com\\\/company\\\/allasorias\"]},{\"@type\":\"Person\",\"@id\":\"https:\\\/\\\/allasorias.hu\\\/hirek\\\/author\\\/admin-allasorias\\\/#author\",\"url\":\"https:\\\/\\\/allasorias.hu\\\/hirek\\\/author\\\/admin-allasorias\\\/\",\"name\":\"Juh\\u00e1sz P\\u00e9ter\",\"image\":{\"@type\":\"ImageObject\",\"@id\":\"https:\\\/\\\/allasorias.hu\\\/hirek\\\/tobb-a-diplomas-munkavallalo\\\/#authorImage\",\"url\":\"https:\\\/\\\/secure.gravatar.com\\\/avatar\\\/36e6bcb83148978b992977cb0f54d22feb0cce8a0a849a9410532bb2623ba4c6?s=96&d=mm&r=g\",\"width\":96,\"height\":96,\"caption\":\"Juh\\u00e1sz P\\u00e9ter\"}},{\"@type\":\"WebPage\",\"@id\":\"https:\\\/\\\/allasorias.hu\\\/hirek\\\/tobb-a-diplomas-munkavallalo\\\/#webpage\",\"url\":\"https:\\\/\\\/allasorias.hu\\\/hirek\\\/tobb-a-diplomas-munkavallalo\\\/\",\"name\":\"T\\u00f6bb a diplom\\u00e1s munkav\\u00e1llal\\u00f3 | AllasOrias.hu | H\\u00edrek-lapszemle\",\"description\":\"A nyelvvizsga elenged\\u00e9s\\u00e9nek k\\u00f6sz\\u00f6nhet\\u0151en, 81 ezren m\\u00e1r \\u00e1t is vehett\\u00e9k a diplom\\u00e1jukat, s v\\u00e1rhat\\u00f3an \\u00edgy j\\u00f3val t\\u00f6bb diplom\\u00e1s jelenik meg a munkaer\\u0151piacon. A Magyar Nemzet inform\\u00e1ci\\u00f3i szerint f\\u0151k\\u00e9nt b\\u00f6lcs\\u00e9sz- \\u00e9s gazdas\\u00e1gi oklevelekhez juthatnak hozz\\u00e1 a fiatalok. A frissen v\\u00e9gzettek mellett most mindazok hozz\\u00e1juthatnak a diplom\\u00e1jukhoz, akiknek a diploma k\\u00e9zhez kap\\u00e1s\\u00e1nak a felt\\u00e9tel\\u00e9\\u00fcl szabott nyelvvizsg\\u00e1t nem\",\"inLanguage\":\"hu-HU\",\"isPartOf\":{\"@id\":\"https:\\\/\\\/allasorias.hu\\\/hirek\\\/#website\"},\"breadcrumb\":{\"@id\":\"https:\\\/\\\/allasorias.hu\\\/hirek\\\/tobb-a-diplomas-munkavallalo\\\/#breadcrumblist\"},\"author\":{\"@id\":\"https:\\\/\\\/allasorias.hu\\\/hirek\\\/author\\\/admin-allasorias\\\/#author\"},\"creator\":{\"@id\":\"https:\\\/\\\/allasorias.hu\\\/hirek\\\/author\\\/admin-allasorias\\\/#author\"},\"image\":{\"@type\":\"ImageObject\",\"url\":\"https:\\\/\\\/allasorias.hu\\\/hirek\\\/wp-content\\\/uploads\\\/2018\\\/11\\\/kancellar.jpeg\",\"@id\":\"https:\\\/\\\/allasorias.hu\\\/hirek\\\/tobb-a-diplomas-munkavallalo\\\/#mainImage\",\"width\":640,\"height\":426},\"primaryImageOfPage\":{\"@id\":\"https:\\\/\\\/allasorias.hu\\\/hirek\\\/tobb-a-diplomas-munkavallalo\\\/#mainImage\"},\"datePublished\":\"2020-08-04T12:32:03+02:00\",\"dateModified\":\"2020-08-04T12:32:03+02:00\"},{\"@type\":\"WebSite\",\"@id\":\"https:\\\/\\\/allasorias.hu\\\/hirek\\\/#website\",\"url\":\"https:\\\/\\\/allasorias.hu\\\/hirek\\\/\",\"name\":\"AllasOrias.hu | H\\u00edrek-lapszemle\",\"description\":\"\\u00dczleti h\\u00edrek az \\u00e1ll\\u00e1s \\u00e9s a munka vil\\u00e1g\\u00e1b\\u00f3l\",\"inLanguage\":\"hu-HU\",\"publisher\":{\"@id\":\"https:\\\/\\\/allasorias.hu\\\/hirek\\\/#organization\"}}]}\n\t\t<\/script>\n\t\t<!-- All in One SEO -->\n\n","aioseo_head_json":{"title":"T\u00f6bb a diplom\u00e1s munkav\u00e1llal\u00f3 | AllasOrias.hu | H\u00edrek-lapszemle","description":"A nyelvvizsga elenged\u00e9s\u00e9nek k\u00f6sz\u00f6nhet\u0151en, 81 ezren m\u00e1r \u00e1t is vehett\u00e9k a diplom\u00e1jukat, s v\u00e1rhat\u00f3an \u00edgy j\u00f3val t\u00f6bb diplom\u00e1s jelenik meg a munkaer\u0151piacon. A Magyar Nemzet inform\u00e1ci\u00f3i szerint f\u0151k\u00e9nt b\u00f6lcs\u00e9sz- \u00e9s gazdas\u00e1gi oklevelekhez juthatnak hozz\u00e1 a fiatalok. A frissen v\u00e9gzettek mellett most mindazok hozz\u00e1juthatnak a diplom\u00e1jukhoz, akiknek a diploma k\u00e9zhez kap\u00e1s\u00e1nak a felt\u00e9tel\u00e9\u00fcl szabott nyelvvizsg\u00e1t nem","canonical_url":"https:\/\/allasorias.hu\/hirek\/tobb-a-diplomas-munkavallalo\/","robots":"max-image-preview:large","keywords":"","webmasterTools":{"miscellaneous":""},"schema":{"@context":"https:\/\/schema.org","@graph":[{"@type":"Article","@id":"https:\/\/allasorias.hu\/hirek\/tobb-a-diplomas-munkavallalo\/#article","name":"T\u00f6bb a diplom\u00e1s munkav\u00e1llal\u00f3 | AllasOrias.hu | H\u00edrek-lapszemle","headline":"T\u00f6bb a diplom\u00e1s munkav\u00e1llal\u00f3","author":{"@id":"https:\/\/allasorias.hu\/hirek\/author\/admin-allasorias\/#author"},"publisher":{"@id":"https:\/\/allasorias.hu\/hirek\/#organization"},"image":{"@type":"ImageObject","url":"https:\/\/allasorias.hu\/hirek\/wp-content\/uploads\/2018\/11\/kancellar.jpeg","width":640,"height":426},"datePublished":"2020-08-04T12:32:03+02:00","dateModified":"2020-08-04T12:32:03+02:00","inLanguage":"hu-HU","mainEntityOfPage":{"@id":"https:\/\/allasorias.hu\/hirek\/tobb-a-diplomas-munkavallalo\/#webpage"},"isPartOf":{"@id":"https:\/\/allasorias.hu\/hirek\/tobb-a-diplomas-munkavallalo\/#webpage"},"articleSection":"\u00c1ll\u00e1skeres\u00e9s, Munkaer\u0151piac"},{"@type":"BreadcrumbList","@id":"https:\/\/allasorias.hu\/hirek\/tobb-a-diplomas-munkavallalo\/#breadcrumblist","itemListElement":[{"@type":"ListItem","@id":"https:\/\/allasorias.hu\/hirek#listItem","position":1,"name":"Home","item":"https:\/\/allasorias.hu\/hirek","nextItem":{"@type":"ListItem","@id":"https:\/\/allasorias.hu\/hirek\/temak\/allaskereses\/#listItem","name":"\u00c1ll\u00e1skeres\u00e9s"}},{"@type":"ListItem","@id":"https:\/\/allasorias.hu\/hirek\/temak\/allaskereses\/#listItem","position":2,"name":"\u00c1ll\u00e1skeres\u00e9s","item":"https:\/\/allasorias.hu\/hirek\/temak\/allaskereses\/","nextItem":{"@type":"ListItem","@id":"https:\/\/allasorias.hu\/hirek\/tobb-a-diplomas-munkavallalo\/#listItem","name":"T\u00f6bb a diplom\u00e1s munkav\u00e1llal\u00f3"},"previousItem":{"@type":"ListItem","@id":"https:\/\/allasorias.hu\/hirek#listItem","name":"Home"}},{"@type":"ListItem","@id":"https:\/\/allasorias.hu\/hirek\/tobb-a-diplomas-munkavallalo\/#listItem","position":3,"name":"T\u00f6bb a diplom\u00e1s munkav\u00e1llal\u00f3","previousItem":{"@type":"ListItem","@id":"https:\/\/allasorias.hu\/hirek\/temak\/allaskereses\/#listItem","name":"\u00c1ll\u00e1skeres\u00e9s"}}]},{"@type":"Organization","@id":"https:\/\/allasorias.hu\/hirek\/#organization","name":"AllasOrias.hu | H\u00edrek-lapszemle","description":"\u00dczleti h\u00edrek az \u00e1ll\u00e1s \u00e9s a munka vil\u00e1g\u00e1b\u00f3l","url":"https:\/\/allasorias.hu\/hirek\/","logo":{"@type":"ImageObject","url":"https:\/\/allasorias.hu\/hirek\/wp-content\/uploads\/2022\/10\/allasorias_site_facebok_logo.png","@id":"https:\/\/allasorias.hu\/hirek\/tobb-a-diplomas-munkavallalo\/#organizationLogo"},"image":{"@id":"https:\/\/allasorias.hu\/hirek\/tobb-a-diplomas-munkavallalo\/#organizationLogo"},"sameAs":["https:\/\/www.facebook.com\/allasorias","https:\/\/www.linkedin.com\/company\/allasorias"]},{"@type":"Person","@id":"https:\/\/allasorias.hu\/hirek\/author\/admin-allasorias\/#author","url":"https:\/\/allasorias.hu\/hirek\/author\/admin-allasorias\/","name":"Juh\u00e1sz P\u00e9ter","image":{"@type":"ImageObject","@id":"https:\/\/allasorias.hu\/hirek\/tobb-a-diplomas-munkavallalo\/#authorImage","url":"https:\/\/secure.gravatar.com\/avatar\/36e6bcb83148978b992977cb0f54d22feb0cce8a0a849a9410532bb2623ba4c6?s=96&d=mm&r=g","width":96,"height":96,"caption":"Juh\u00e1sz P\u00e9ter"}},{"@type":"WebPage","@id":"https:\/\/allasorias.hu\/hirek\/tobb-a-diplomas-munkavallalo\/#webpage","url":"https:\/\/allasorias.hu\/hirek\/tobb-a-diplomas-munkavallalo\/","name":"T\u00f6bb a diplom\u00e1s munkav\u00e1llal\u00f3 | AllasOrias.hu | H\u00edrek-lapszemle","description":"A nyelvvizsga elenged\u00e9s\u00e9nek k\u00f6sz\u00f6nhet\u0151en, 81 ezren m\u00e1r \u00e1t is vehett\u00e9k a diplom\u00e1jukat, s v\u00e1rhat\u00f3an \u00edgy j\u00f3val t\u00f6bb diplom\u00e1s jelenik meg a munkaer\u0151piacon. A Magyar Nemzet inform\u00e1ci\u00f3i szerint f\u0151k\u00e9nt b\u00f6lcs\u00e9sz- \u00e9s gazdas\u00e1gi oklevelekhez juthatnak hozz\u00e1 a fiatalok. A frissen v\u00e9gzettek mellett most mindazok hozz\u00e1juthatnak a diplom\u00e1jukhoz, akiknek a diploma k\u00e9zhez kap\u00e1s\u00e1nak a felt\u00e9tel\u00e9\u00fcl szabott nyelvvizsg\u00e1t nem","inLanguage":"hu-HU","isPartOf":{"@id":"https:\/\/allasorias.hu\/hirek\/#website"},"breadcrumb":{"@id":"https:\/\/allasorias.hu\/hirek\/tobb-a-diplomas-munkavallalo\/#breadcrumblist"},"author":{"@id":"https:\/\/allasorias.hu\/hirek\/author\/admin-allasorias\/#author"},"creator":{"@id":"https:\/\/allasorias.hu\/hirek\/author\/admin-allasorias\/#author"},"image":{"@type":"ImageObject","url":"https:\/\/allasorias.hu\/hirek\/wp-content\/uploads\/2018\/11\/kancellar.jpeg","@id":"https:\/\/allasorias.hu\/hirek\/tobb-a-diplomas-munkavallalo\/#mainImage","width":640,"height":426},"primaryImageOfPage":{"@id":"https:\/\/allasorias.hu\/hirek\/tobb-a-diplomas-munkavallalo\/#mainImage"},"datePublished":"2020-08-04T12:32:03+02:00","dateModified":"2020-08-04T12:32:03+02:00"},{"@type":"WebSite","@id":"https:\/\/allasorias.hu\/hirek\/#website","url":"https:\/\/allasorias.hu\/hirek\/","name":"AllasOrias.hu | H\u00edrek-lapszemle","description":"\u00dczleti h\u00edrek az \u00e1ll\u00e1s \u00e9s a munka vil\u00e1g\u00e1b\u00f3l","inLanguage":"hu-HU","publisher":{"@id":"https:\/\/allasorias.hu\/hirek\/#organization"}}]},"og:locale":"hu_HU","og:site_name":"AllasOrias.hu | H\u00edrek-lapszemle | \u00dczleti h\u00edrek az \u00e1ll\u00e1s \u00e9s a munka vil\u00e1g\u00e1b\u00f3l","og:type":"article","og:title":"T\u00f6bb a diplom\u00e1s munkav\u00e1llal\u00f3 | AllasOrias.hu | H\u00edrek-lapszemle","og:description":"A nyelvvizsga elenged\u00e9s\u00e9nek k\u00f6sz\u00f6nhet\u0151en, 81 ezren m\u00e1r \u00e1t is vehett\u00e9k a diplom\u00e1jukat, s v\u00e1rhat\u00f3an \u00edgy j\u00f3val t\u00f6bb diplom\u00e1s jelenik meg a munkaer\u0151piacon. A Magyar Nemzet inform\u00e1ci\u00f3i szerint f\u0151k\u00e9nt b\u00f6lcs\u00e9sz- \u00e9s gazdas\u00e1gi oklevelekhez juthatnak hozz\u00e1 a fiatalok. A frissen v\u00e9gzettek mellett most mindazok hozz\u00e1juthatnak a diplom\u00e1jukhoz, akiknek a diploma k\u00e9zhez kap\u00e1s\u00e1nak a felt\u00e9tel\u00e9\u00fcl szabott nyelvvizsg\u00e1t nem","og:url":"https:\/\/allasorias.hu\/hirek\/tobb-a-diplomas-munkavallalo\/","og:image":"https:\/\/allasorias.hu\/hirek\/wp-content\/uploads\/2018\/11\/kancellar.jpeg","og:image:secure_url":"https:\/\/allasorias.hu\/hirek\/wp-content\/uploads\/2018\/11\/kancellar.jpeg","og:image:width":640,"og:image:height":426,"article:published_time":"2020-08-04T12:32:03+00:00","article:modified_time":"2020-08-04T12:32:03+00:00","article:publisher":"https:\/\/www.facebook.com\/allasorias","twitter:card":"summary_large_image","twitter:title":"T\u00f6bb a diplom\u00e1s munkav\u00e1llal\u00f3 | AllasOrias.hu | H\u00edrek-lapszemle","twitter:description":"A nyelvvizsga elenged\u00e9s\u00e9nek k\u00f6sz\u00f6nhet\u0151en, 81 ezren m\u00e1r \u00e1t is vehett\u00e9k a diplom\u00e1jukat, s v\u00e1rhat\u00f3an \u00edgy j\u00f3val t\u00f6bb diplom\u00e1s jelenik meg a munkaer\u0151piacon. A Magyar Nemzet inform\u00e1ci\u00f3i szerint f\u0151k\u00e9nt b\u00f6lcs\u00e9sz- \u00e9s gazdas\u00e1gi oklevelekhez juthatnak hozz\u00e1 a fiatalok. A frissen v\u00e9gzettek mellett most mindazok hozz\u00e1juthatnak a diplom\u00e1jukhoz, akiknek a diploma k\u00e9zhez kap\u00e1s\u00e1nak a felt\u00e9tel\u00e9\u00fcl szabott nyelvvizsg\u00e1t nem","twitter:image":"https:\/\/allasorias.hu\/hirek\/wp-content\/uploads\/2018\/11\/kancellar.jpeg","twitter:label1":"Written by","twitter:data1":"Juh\u00e1sz P\u00e9ter","twitter:label2":"Est. reading time","twitter:data2":"3 minutes"},"aioseo_meta_data":{"post_id":"4160","title":null,"description":"","keywords":"","keyphrases":null,"primary_term":null,"canonical_url":"","og_title":null,"og_description":null,"og_object_type":"default","og_image_type":"default","og_image_url":null,"og_image_width":null,"og_image_height":null,"og_image_custom_url":null,"og_image_custom_fields":null,"og_video":null,"og_custom_url":null,"og_article_section":null,"og_article_tags":null,"twitter_use_og":false,"twitter_card":"default","twitter_image_type":"default","twitter_image_url":null,"twitter_image_custom_url":null,"twitter_image_custom_fields":null,"twitter_title":null,"twitter_description":null,"schema":{"blockGraphs":[],"customGraphs":[],"default":{"data":{"Article":[],"Course":[],"Dataset":[],"FAQPage":[],"Movie":[],"Person":[],"Product":[],"ProductReview":[],"Car":[],"Recipe":[],"Service":[],"SoftwareApplication":[],"WebPage":[]},"graphName":"","isEnabled":true},"graphs":[],"defaultGraph":"","defaultPostTypeGraph":""},"schema_type":null,"schema_type_options":null,"pillar_content":false,"robots_default":true,"robots_noindex":false,"robots_noarchive":false,"robots_nosnippet":false,"robots_nofollow":false,"robots_noimageindex":false,"robots_noodp":false,"robots_notranslate":false,"robots_max_snippet":null,"robots_max_videopreview":null,"robots_max_imagepreview":"large","priority":null,"frequency":null,"location":null,"local_seo":null,"breadcrumb_settings":null,"limit_modified_date":false,"ai":null,"created":"2021-02-01 21:13:45","updated":"2025-10-02 14:14:50","seo_analyzer_scan_date":null,"focus_keyword":null,"additional_keywords":null,"truseo_locale":null},"aioseo_breadcrumb":"<div class=\"aioseo-breadcrumbs\"><span class=\"aioseo-breadcrumb\">\n\t\t\t<a href=\"https:\/\/allasorias.hu\/hirek\" title=\"Home\">Home<\/a>\n\t\t<\/span><span class=\"aioseo-breadcrumb-separator\">&raquo;<\/span><span class=\"aioseo-breadcrumb\">\n\t\t\t<a href=\"https:\/\/allasorias.hu\/hirek\/temak\/allaskereses\/\" title=\"\u00c1ll\u00e1skeres\u00e9s\">\u00c1ll\u00e1skeres\u00e9s<\/a>\n\t\t<\/span><span class=\"aioseo-breadcrumb-separator\">&raquo;<\/span><span class=\"aioseo-breadcrumb\">\n\t\t\tT\u00f6bb a diplom\u00e1s munkav\u00e1llal\u00f3\n\t\t<\/span><\/div>","aioseo_breadcrumb_json":[{"label":"Home","link":"https:\/\/allasorias.hu\/hirek"},{"label":"\u00c1ll\u00e1skeres\u00e9s","link":"https:\/\/allasorias.hu\/hirek\/temak\/allaskereses\/"},{"label":"T\u00f6bb a diplom\u00e1s munkav\u00e1llal\u00f3","link":"https:\/\/allasorias.hu\/hirek\/tobb-a-diplomas-munkavallalo\/"}],"_links":{"self":[{"href":"https:\/\/allasorias.hu\/hirek\/wp-json\/wp\/v2\/posts\/4160","targetHints":{"allow":["GET"]}}],"collection":[{"href":"https:\/\/allasorias.hu\/hirek\/wp-json\/wp\/v2\/posts"}],"about":[{"href":"https:\/\/allasorias.hu\/hirek\/wp-json\/wp\/v2\/types\/post"}],"author":[{"embeddable":true,"href":"https:\/\/allasorias.hu\/hirek\/wp-json\/wp\/v2\/users\/1"}],"replies":[{"embeddable":true,"href":"https:\/\/allasorias.hu\/hirek\/wp-json\/wp\/v2\/comments?post=4160"}],"version-history":[{"count":1,"href":"https:\/\/allasorias.hu\/hirek\/wp-json\/wp\/v2\/posts\/4160\/revisions"}],"predecessor-version":[{"id":4161,"href":"https:\/\/allasorias.hu\/hirek\/wp-json\/wp\/v2\/posts\/4160\/revisions\/4161"}],"wp:featuredmedia":[{"embeddable":true,"href":"https:\/\/allasorias.hu\/hirek\/wp-json\/wp\/v2\/media\/2177"}],"wp:attachment":[{"href":"https:\/\/allasorias.hu\/hirek\/wp-json\/wp\/v2\/media?parent=4160"}],"wp:term":[{"taxonomy":"category","embeddable":true,"href":"https:\/\/allasorias.hu\/hirek\/wp-json\/wp\/v2\/categories?post=4160"},{"taxonomy":"post_tag","embeddable":true,"href":"https:\/\/allasorias.hu\/hirek\/wp-json\/wp\/v2\/tags?post=4160"}],"curies":[{"name":"wp","href":"https:\/\/api.w.org\/{rel}","templated":true}]}}