{"id":4142,"date":"2020-07-23T14:12:30","date_gmt":"2020-07-23T14:12:30","guid":{"rendered":"https:\/\/allasorias.hu\/hirek\/?p=4142"},"modified":"2020-07-23T14:12:30","modified_gmt":"2020-07-23T14:12:30","slug":"osszel-modositjak-a-munka-torvenykonyvet","status":"publish","type":"post","link":"https:\/\/allasorias.hu\/hirek\/osszel-modositjak-a-munka-torvenykonyvet\/","title":{"rendered":"\u0150sszel m\u00f3dos\u00edtj\u00e1k a munka t\u00f6rv\u00e9nyk\u00f6nyv\u00e9t"},"content":{"rendered":"<p><strong>Megv\u00e1ltozhat az otthon v\u00e9gzett munk\u00e1ra vonatkoz\u00f3 jogszab\u00e1ly, amennyiben \u0151sszel m\u00f3dos\u00edtj\u00e1k a munka t\u00f6rv\u00e9nyk\u00f6nyv\u00e9t. A tervek szerint a\u00a0 munkav\u00e1llal\u00f3 is k\u00e9rheti majd a teljes vagy r\u00e9szleges otthoni munkav\u00e9gz\u00e9st a munk\u00e1ltat\u00f3j\u00e1t\u00f3l.<\/strong><\/p>\n<p>A Magyar Nemzet \u00edr\u00e1sa szerint \u00a0\u00f3ri\u00e1si v\u00e1ltoz\u00e1st hozott a munkaer\u0151piacon a koronav\u00edrus megjelen\u00e9se: m\u00edg kor\u00e1bban a legt\u00f6bb v\u00e1llalkoz\u00e1sn\u00e1l sz\u00f3ba sem j\u00f6hetett a t\u00e1vmunka \u00e9s az otthoni munkav\u00e9gz\u00e9s, ma m\u00e1r a v\u00e1llalkoz\u00f3i szf\u00e9ra meghat\u00e1roz\u00f3 r\u00e9sze r\u00e9szben vagy teljes m\u00e9rt\u00e9kben \u00e1ltal\u00e1noss\u00e1 tenn\u00e9 a home office-t. A munkav\u00e1llal\u00f3k is j\u00f3 tapasztalatokat szereztek a j\u00e1rv\u00e1ny\u00fcgyi korl\u00e1toz\u00e1sok alatt, bele\u00e9rtve a munka \u00e9s a mag\u00e1n\u00e9let \u00f6sszehangol\u00e1s\u00e1t, a nyugodtabb munkav\u00e9gz\u00e9st \u00e9s a munk\u00e1ba j\u00e1r\u00e1sra ford\u00edtott id\u0151 megsp\u00f3rol\u00e1s\u00e1t. Az Innov\u00e1ci\u00f3s \u00e9s Technol\u00f3giai Miniszt\u00e9rium k\u00f6zl\u00e9se szerint a korm\u00e1ny is a szab\u00e1lyok aktualiz\u00e1l\u00e1s\u00e1t t\u00e1mogatja: a tervek k\u00f6z\u00f6tt szerepel a t\u00e1vmunka fogalm\u00e1nak kiterjeszt\u00e9se, a munk\u00e1ltat\u00f3 \u00e9s a munkav\u00e1llal\u00f3 k\u00f6z\u00f6tti meg\u00e1llapod\u00e1s \u00faj alapokra helyez\u00e9se, ami mindk\u00e9t f\u00e9l \u00e9rdekeinek \u00e9rv\u00e9nyes\u00edt\u00e9s\u00e9t seg\u00edtheti. Nem lesz k\u00f6nny\u0171 feladat az otthoni munkav\u00e9gz\u00e9s r\u00e9szletesen szab\u00e1lyozott kereteinek megalkot\u00e1sa, mivel a munka t\u00f6rv\u00e9nyk\u00f6nyve m\u00f3dos\u00edt\u00e1sa mellett sz\u00fcks\u00e9ges a munka- \u00e9s adatv\u00e9delmi elv\u00e1r\u00e1sok megalkot\u00e1sa is. A j\u00e1rv\u00e1ny megjelen\u00e9sekor a gyorsas\u00e1g volt a legfontosabb szempont, \u00e1m hossz\u00fa t\u00e1von a munkav\u00e1llal\u00f3k v\u00e9delme, az adatv\u00e9delmi ir\u00e1nyelv, a GDPR betart\u00e1sa, valamint a munk\u00e1ltat\u00f3k \u00e9s a munkav\u00e1llal\u00f3k \u00e9rdekeltt\u00e9 t\u00e9tele elengedhetetlen \u2013 fogalmazott megkeres\u00e9s\u00fcnkre M\u00e9sz\u00e1ros Melinda. A Liga Szakszervezetek eln\u00f6ke kiemelte: a tervek szerint a jelenlegi, t\u00e1vmunk\u00e1ra vonatkoz\u00f3 szab\u00e1lyoz\u00e1st eg\u00e9sz\u00edten\u00e9k ki a munka t\u00f6rv\u00e9nyk\u00f6nyv\u00e9ben az otthoni munkav\u00e9gz\u00e9ssel. A m\u00f3dos\u00edt\u00e1sok egyik legfontosabb eleme, hogy a munkav\u00e9gz\u00e9s hely\u00e9t \u00e9s a kapcsol\u00f3d\u00f3 felt\u00e9teleket a munkaad\u00f3 \u00e9s a munkav\u00e1llal\u00f3 egy\u00e9ni meg\u00e1llapod\u00e1sa r\u00f6gz\u00edten\u00e9, vagy kollekt\u00edv szerz\u0151d\u00e9sben foglaltak hat\u00e1rozn\u00e1k meg az adott munk\u00e1ltat\u00f3n\u00e1l az ir\u00e1nyad\u00f3 kereteket. Ez azt jelenti, hogy nem a munk\u00e1ltat\u00f3 rendelhetn\u00e9 el egyoldal\u00faan a home office-t, hanem adott esetben a munkav\u00e1llal\u00f3 is k\u00e9rhetn\u00e9. R\u00e1ad\u00e1sul r\u00e9szleges otthoni munkav\u00e9gz\u00e9sre is lehet\u0151s\u00e9g ny\u00edlna, meghat\u00e1rozott felt\u00e9telekkel. A Liga vezet\u0151je felid\u00e9zte: a j\u00e1rv\u00e1nyhelyzet miatt elrendelt korl\u00e1toz\u00e1sok felold\u00e1sa ellen\u00e9re sok munk\u00e1ltat\u00f3 r\u00e9szben vagy eg\u00e9szben megtartotta az otthoni munka lehet\u0151s\u00e9g\u00e9t. Egyr\u00e9szt hogy cs\u00f6kkents\u00e9k az irod\u00e1kban a zs\u00fafolts\u00e1got, ezzel f\u00e9kezve a j\u00e1rv\u00e1ny terjed\u00e9s\u00e9t. M\u00e1sr\u00e9szt a munkav\u00e1llal\u00f3k visszajelz\u00e9se egy\u00e9rtelm\u0171: a t\u00e1vmunka hozz\u00e1j\u00e1rul a munka \u00e9s a mag\u00e1n\u00e9let k\u00f6nnyebb \u00f6sszehangol\u00e1s\u00e1hoz. El\u0151nye az is, hogy a k\u00f6zleked\u00e9s \u00e9s a k\u00f6zutak leterhelts\u00e9ge cs\u00f6kkenthet\u0151, m\u00edg a munk\u00e1ba j\u00e1r\u00e1sra ford\u00edtott id\u0151 jobban hasznos\u00edthat\u00f3.<\/p>\n<p>Forr\u00e1s: origo.hu<\/p>\n","protected":false},"excerpt":{"rendered":"<p>Megv\u00e1ltozhat az otthon v\u00e9gzett munk\u00e1ra vonatkoz\u00f3 jogszab\u00e1ly, amennyiben \u0151sszel m\u00f3dos\u00edtj\u00e1k a munka t\u00f6rv\u00e9nyk\u00f6nyv\u00e9t. A tervek szerint a\u00a0 munkav\u00e1llal\u00f3 is k\u00e9rheti majd a teljes vagy r\u00e9szleges otthoni munkav\u00e9gz\u00e9st a munk\u00e1ltat\u00f3j\u00e1t\u00f3l. A Magyar Nemzet \u00edr\u00e1sa szerint \u00a0\u00f3ri\u00e1si v\u00e1ltoz\u00e1st hozott a munkaer\u0151piacon a koronav\u00edrus megjelen\u00e9se: m\u00edg kor\u00e1bban a legt\u00f6bb v\u00e1llalkoz\u00e1sn\u00e1l sz\u00f3ba sem j\u00f6hetett a t\u00e1vmunka \u00e9s az otthoni [&hellip;]<\/p>\n","protected":false},"author":1,"featured_media":2167,"comment_status":"open","ping_status":"open","sticky":false,"template":"","format":"standard","meta":{"_monsterinsights_skip_tracking":false,"footnotes":""},"categories":[198,200],"tags":[],"class_list":["post-4142","post","type-post","status-publish","format-standard","has-post-thumbnail","hentry","category-gazdasag","category-munkaeropiac"],"aioseo_notices":[],"aioseo_head":"\n\t\t<!-- All in One SEO 5.0.0.1 - aioseo.com -->\n\t<meta name=\"description\" content=\"Megv\u00e1ltozhat az otthon v\u00e9gzett munk\u00e1ra vonatkoz\u00f3 jogszab\u00e1ly, amennyiben \u0151sszel m\u00f3dos\u00edtj\u00e1k a munka t\u00f6rv\u00e9nyk\u00f6nyv\u00e9t. A tervek szerint a munkav\u00e1llal\u00f3 is k\u00e9rheti majd a teljes vagy r\u00e9szleges otthoni munkav\u00e9gz\u00e9st a munk\u00e1ltat\u00f3j\u00e1t\u00f3l. A Magyar Nemzet \u00edr\u00e1sa szerint \u00f3ri\u00e1si v\u00e1ltoz\u00e1st hozott a munkaer\u0151piacon a koronav\u00edrus megjelen\u00e9se: m\u00edg kor\u00e1bban a legt\u00f6bb v\u00e1llalkoz\u00e1sn\u00e1l sz\u00f3ba sem j\u00f6hetett a t\u00e1vmunka \u00e9s az otthoni\" \/>\n\t<meta name=\"robots\" content=\"max-image-preview:large\" \/>\n\t<meta name=\"author\" content=\"Juh\u00e1sz P\u00e9ter\"\/>\n\t<link rel=\"canonical\" href=\"https:\/\/allasorias.hu\/hirek\/osszel-modositjak-a-munka-torvenykonyvet\/\" \/>\n\t<meta name=\"generator\" content=\"All in One SEO (AIOSEO) 5.0.0.1\" \/>\n\t\t<meta property=\"og:locale\" content=\"hu_HU\" \/>\n\t\t<meta property=\"og:site_name\" content=\"AllasOrias.hu | H\u00edrek-lapszemle | \u00dczleti h\u00edrek az \u00e1ll\u00e1s \u00e9s a munka vil\u00e1g\u00e1b\u00f3l\" \/>\n\t\t<meta property=\"og:type\" content=\"article\" \/>\n\t\t<meta property=\"og:title\" content=\"\u0150sszel m\u00f3dos\u00edtj\u00e1k a munka t\u00f6rv\u00e9nyk\u00f6nyv\u00e9t | AllasOrias.hu | H\u00edrek-lapszemle\" \/>\n\t\t<meta property=\"og:description\" content=\"Megv\u00e1ltozhat az otthon v\u00e9gzett munk\u00e1ra vonatkoz\u00f3 jogszab\u00e1ly, amennyiben \u0151sszel m\u00f3dos\u00edtj\u00e1k a munka t\u00f6rv\u00e9nyk\u00f6nyv\u00e9t. A tervek szerint a munkav\u00e1llal\u00f3 is k\u00e9rheti majd a teljes vagy r\u00e9szleges otthoni munkav\u00e9gz\u00e9st a munk\u00e1ltat\u00f3j\u00e1t\u00f3l. A Magyar Nemzet \u00edr\u00e1sa szerint \u00f3ri\u00e1si v\u00e1ltoz\u00e1st hozott a munkaer\u0151piacon a koronav\u00edrus megjelen\u00e9se: m\u00edg kor\u00e1bban a legt\u00f6bb v\u00e1llalkoz\u00e1sn\u00e1l sz\u00f3ba sem j\u00f6hetett a t\u00e1vmunka \u00e9s az otthoni\" \/>\n\t\t<meta property=\"og:url\" content=\"https:\/\/allasorias.hu\/hirek\/osszel-modositjak-a-munka-torvenykonyvet\/\" \/>\n\t\t<meta property=\"og:image\" content=\"https:\/\/allasorias.hu\/hirek\/wp-content\/uploads\/2018\/11\/kon2015.jpg\" \/>\n\t\t<meta property=\"og:image:secure_url\" content=\"https:\/\/allasorias.hu\/hirek\/wp-content\/uploads\/2018\/11\/kon2015.jpg\" \/>\n\t\t<meta property=\"og:image:width\" content=\"1200\" \/>\n\t\t<meta property=\"og:image:height\" content=\"800\" \/>\n\t\t<meta property=\"article:published_time\" content=\"2020-07-23T14:12:30+00:00\" \/>\n\t\t<meta property=\"article:modified_time\" content=\"2020-07-23T14:12:30+00:00\" \/>\n\t\t<meta property=\"article:publisher\" content=\"https:\/\/www.facebook.com\/allasorias\" \/>\n\t\t<meta name=\"twitter:card\" content=\"summary_large_image\" \/>\n\t\t<meta name=\"twitter:title\" content=\"\u0150sszel m\u00f3dos\u00edtj\u00e1k a munka t\u00f6rv\u00e9nyk\u00f6nyv\u00e9t | AllasOrias.hu | H\u00edrek-lapszemle\" \/>\n\t\t<meta name=\"twitter:description\" content=\"Megv\u00e1ltozhat az otthon v\u00e9gzett munk\u00e1ra vonatkoz\u00f3 jogszab\u00e1ly, amennyiben \u0151sszel m\u00f3dos\u00edtj\u00e1k a munka t\u00f6rv\u00e9nyk\u00f6nyv\u00e9t. A tervek szerint a munkav\u00e1llal\u00f3 is k\u00e9rheti majd a teljes vagy r\u00e9szleges otthoni munkav\u00e9gz\u00e9st a munk\u00e1ltat\u00f3j\u00e1t\u00f3l. A Magyar Nemzet \u00edr\u00e1sa szerint \u00f3ri\u00e1si v\u00e1ltoz\u00e1st hozott a munkaer\u0151piacon a koronav\u00edrus megjelen\u00e9se: m\u00edg kor\u00e1bban a legt\u00f6bb v\u00e1llalkoz\u00e1sn\u00e1l sz\u00f3ba sem j\u00f6hetett a t\u00e1vmunka \u00e9s az otthoni\" \/>\n\t\t<meta name=\"twitter:image\" content=\"https:\/\/allasorias.hu\/hirek\/wp-content\/uploads\/2018\/11\/kon2015.jpg\" \/>\n\t\t<meta name=\"twitter:label1\" content=\"Written by\" \/>\n\t\t<meta name=\"twitter:data1\" content=\"Juh\u00e1sz P\u00e9ter\" \/>\n\t\t<meta name=\"twitter:label2\" content=\"Est. reading time\" \/>\n\t\t<meta name=\"twitter:data2\" content=\"3 minutes\" \/>\n\t\t<script type=\"application\/ld+json\" class=\"aioseo-schema\">\n\t\t\t{\"@context\":\"https:\\\/\\\/schema.org\",\"@graph\":[{\"@type\":\"Article\",\"@id\":\"https:\\\/\\\/allasorias.hu\\\/hirek\\\/osszel-modositjak-a-munka-torvenykonyvet\\\/#article\",\"name\":\"\\u0150sszel m\\u00f3dos\\u00edtj\\u00e1k a munka t\\u00f6rv\\u00e9nyk\\u00f6nyv\\u00e9t | AllasOrias.hu | H\\u00edrek-lapszemle\",\"headline\":\"\\u0150sszel m\\u00f3dos\\u00edtj\\u00e1k a munka t\\u00f6rv\\u00e9nyk\\u00f6nyv\\u00e9t\",\"author\":{\"@id\":\"https:\\\/\\\/allasorias.hu\\\/hirek\\\/author\\\/admin-allasorias\\\/#author\"},\"publisher\":{\"@id\":\"https:\\\/\\\/allasorias.hu\\\/hirek\\\/#organization\"},\"image\":{\"@type\":\"ImageObject\",\"url\":\"https:\\\/\\\/allasorias.hu\\\/hirek\\\/wp-content\\\/uploads\\\/2018\\\/11\\\/kon2015.jpg\",\"width\":1200,\"height\":800,\"caption\":\"tax preparation service\"},\"datePublished\":\"2020-07-23T14:12:30+02:00\",\"dateModified\":\"2020-07-23T14:12:30+02:00\",\"inLanguage\":\"hu-HU\",\"mainEntityOfPage\":{\"@id\":\"https:\\\/\\\/allasorias.hu\\\/hirek\\\/osszel-modositjak-a-munka-torvenykonyvet\\\/#webpage\"},\"isPartOf\":{\"@id\":\"https:\\\/\\\/allasorias.hu\\\/hirek\\\/osszel-modositjak-a-munka-torvenykonyvet\\\/#webpage\"},\"articleSection\":\"Gazdas\\u00e1g, Munkaer\\u0151piac\"},{\"@type\":\"BreadcrumbList\",\"@id\":\"https:\\\/\\\/allasorias.hu\\\/hirek\\\/osszel-modositjak-a-munka-torvenykonyvet\\\/#breadcrumblist\",\"itemListElement\":[{\"@type\":\"ListItem\",\"@id\":\"https:\\\/\\\/allasorias.hu\\\/hirek#listItem\",\"position\":1,\"name\":\"Home\",\"item\":\"https:\\\/\\\/allasorias.hu\\\/hirek\",\"nextItem\":{\"@type\":\"ListItem\",\"@id\":\"https:\\\/\\\/allasorias.hu\\\/hirek\\\/temak\\\/gazdasag\\\/#listItem\",\"name\":\"Gazdas\\u00e1g\"}},{\"@type\":\"ListItem\",\"@id\":\"https:\\\/\\\/allasorias.hu\\\/hirek\\\/temak\\\/gazdasag\\\/#listItem\",\"position\":2,\"name\":\"Gazdas\\u00e1g\",\"item\":\"https:\\\/\\\/allasorias.hu\\\/hirek\\\/temak\\\/gazdasag\\\/\",\"nextItem\":{\"@type\":\"ListItem\",\"@id\":\"https:\\\/\\\/allasorias.hu\\\/hirek\\\/osszel-modositjak-a-munka-torvenykonyvet\\\/#listItem\",\"name\":\"\\u0150sszel m\\u00f3dos\\u00edtj\\u00e1k a munka t\\u00f6rv\\u00e9nyk\\u00f6nyv\\u00e9t\"},\"previousItem\":{\"@type\":\"ListItem\",\"@id\":\"https:\\\/\\\/allasorias.hu\\\/hirek#listItem\",\"name\":\"Home\"}},{\"@type\":\"ListItem\",\"@id\":\"https:\\\/\\\/allasorias.hu\\\/hirek\\\/osszel-modositjak-a-munka-torvenykonyvet\\\/#listItem\",\"position\":3,\"name\":\"\\u0150sszel m\\u00f3dos\\u00edtj\\u00e1k a munka t\\u00f6rv\\u00e9nyk\\u00f6nyv\\u00e9t\",\"previousItem\":{\"@type\":\"ListItem\",\"@id\":\"https:\\\/\\\/allasorias.hu\\\/hirek\\\/temak\\\/gazdasag\\\/#listItem\",\"name\":\"Gazdas\\u00e1g\"}}]},{\"@type\":\"Organization\",\"@id\":\"https:\\\/\\\/allasorias.hu\\\/hirek\\\/#organization\",\"name\":\"AllasOrias.hu | H\\u00edrek-lapszemle\",\"description\":\"\\u00dczleti h\\u00edrek az \\u00e1ll\\u00e1s \\u00e9s a munka vil\\u00e1g\\u00e1b\\u00f3l\",\"url\":\"https:\\\/\\\/allasorias.hu\\\/hirek\\\/\",\"logo\":{\"@type\":\"ImageObject\",\"url\":\"https:\\\/\\\/allasorias.hu\\\/hirek\\\/wp-content\\\/uploads\\\/2022\\\/10\\\/allasorias_site_facebok_logo.png\",\"@id\":\"https:\\\/\\\/allasorias.hu\\\/hirek\\\/osszel-modositjak-a-munka-torvenykonyvet\\\/#organizationLogo\"},\"image\":{\"@id\":\"https:\\\/\\\/allasorias.hu\\\/hirek\\\/osszel-modositjak-a-munka-torvenykonyvet\\\/#organizationLogo\"},\"sameAs\":[\"https:\\\/\\\/www.facebook.com\\\/allasorias\",\"https:\\\/\\\/www.linkedin.com\\\/company\\\/allasorias\"]},{\"@type\":\"Person\",\"@id\":\"https:\\\/\\\/allasorias.hu\\\/hirek\\\/author\\\/admin-allasorias\\\/#author\",\"url\":\"https:\\\/\\\/allasorias.hu\\\/hirek\\\/author\\\/admin-allasorias\\\/\",\"name\":\"Juh\\u00e1sz P\\u00e9ter\",\"image\":{\"@type\":\"ImageObject\",\"@id\":\"https:\\\/\\\/allasorias.hu\\\/hirek\\\/osszel-modositjak-a-munka-torvenykonyvet\\\/#authorImage\",\"url\":\"https:\\\/\\\/secure.gravatar.com\\\/avatar\\\/36e6bcb83148978b992977cb0f54d22feb0cce8a0a849a9410532bb2623ba4c6?s=96&d=mm&r=g\",\"width\":96,\"height\":96,\"caption\":\"Juh\\u00e1sz P\\u00e9ter\"}},{\"@type\":\"WebPage\",\"@id\":\"https:\\\/\\\/allasorias.hu\\\/hirek\\\/osszel-modositjak-a-munka-torvenykonyvet\\\/#webpage\",\"url\":\"https:\\\/\\\/allasorias.hu\\\/hirek\\\/osszel-modositjak-a-munka-torvenykonyvet\\\/\",\"name\":\"\\u0150sszel m\\u00f3dos\\u00edtj\\u00e1k a munka t\\u00f6rv\\u00e9nyk\\u00f6nyv\\u00e9t | AllasOrias.hu | H\\u00edrek-lapszemle\",\"description\":\"Megv\\u00e1ltozhat az otthon v\\u00e9gzett munk\\u00e1ra vonatkoz\\u00f3 jogszab\\u00e1ly, amennyiben \\u0151sszel m\\u00f3dos\\u00edtj\\u00e1k a munka t\\u00f6rv\\u00e9nyk\\u00f6nyv\\u00e9t. A tervek szerint a munkav\\u00e1llal\\u00f3 is k\\u00e9rheti majd a teljes vagy r\\u00e9szleges otthoni munkav\\u00e9gz\\u00e9st a munk\\u00e1ltat\\u00f3j\\u00e1t\\u00f3l. A Magyar Nemzet \\u00edr\\u00e1sa szerint \\u00f3ri\\u00e1si v\\u00e1ltoz\\u00e1st hozott a munkaer\\u0151piacon a koronav\\u00edrus megjelen\\u00e9se: m\\u00edg kor\\u00e1bban a legt\\u00f6bb v\\u00e1llalkoz\\u00e1sn\\u00e1l sz\\u00f3ba sem j\\u00f6hetett a t\\u00e1vmunka \\u00e9s az otthoni\",\"inLanguage\":\"hu-HU\",\"isPartOf\":{\"@id\":\"https:\\\/\\\/allasorias.hu\\\/hirek\\\/#website\"},\"breadcrumb\":{\"@id\":\"https:\\\/\\\/allasorias.hu\\\/hirek\\\/osszel-modositjak-a-munka-torvenykonyvet\\\/#breadcrumblist\"},\"author\":{\"@id\":\"https:\\\/\\\/allasorias.hu\\\/hirek\\\/author\\\/admin-allasorias\\\/#author\"},\"creator\":{\"@id\":\"https:\\\/\\\/allasorias.hu\\\/hirek\\\/author\\\/admin-allasorias\\\/#author\"},\"image\":{\"@type\":\"ImageObject\",\"url\":\"https:\\\/\\\/allasorias.hu\\\/hirek\\\/wp-content\\\/uploads\\\/2018\\\/11\\\/kon2015.jpg\",\"@id\":\"https:\\\/\\\/allasorias.hu\\\/hirek\\\/osszel-modositjak-a-munka-torvenykonyvet\\\/#mainImage\",\"width\":1200,\"height\":800,\"caption\":\"tax preparation service\"},\"primaryImageOfPage\":{\"@id\":\"https:\\\/\\\/allasorias.hu\\\/hirek\\\/osszel-modositjak-a-munka-torvenykonyvet\\\/#mainImage\"},\"datePublished\":\"2020-07-23T14:12:30+02:00\",\"dateModified\":\"2020-07-23T14:12:30+02:00\"},{\"@type\":\"WebSite\",\"@id\":\"https:\\\/\\\/allasorias.hu\\\/hirek\\\/#website\",\"url\":\"https:\\\/\\\/allasorias.hu\\\/hirek\\\/\",\"name\":\"AllasOrias.hu | H\\u00edrek-lapszemle\",\"description\":\"\\u00dczleti h\\u00edrek az \\u00e1ll\\u00e1s \\u00e9s a munka vil\\u00e1g\\u00e1b\\u00f3l\",\"inLanguage\":\"hu-HU\",\"publisher\":{\"@id\":\"https:\\\/\\\/allasorias.hu\\\/hirek\\\/#organization\"}}]}\n\t\t<\/script>\n\t\t<!-- All in One SEO -->\n\n","aioseo_head_json":{"title":"\u0150sszel m\u00f3dos\u00edtj\u00e1k a munka t\u00f6rv\u00e9nyk\u00f6nyv\u00e9t | AllasOrias.hu | H\u00edrek-lapszemle","description":"Megv\u00e1ltozhat az otthon v\u00e9gzett munk\u00e1ra vonatkoz\u00f3 jogszab\u00e1ly, amennyiben \u0151sszel m\u00f3dos\u00edtj\u00e1k a munka t\u00f6rv\u00e9nyk\u00f6nyv\u00e9t. A tervek szerint a munkav\u00e1llal\u00f3 is k\u00e9rheti majd a teljes vagy r\u00e9szleges otthoni munkav\u00e9gz\u00e9st a munk\u00e1ltat\u00f3j\u00e1t\u00f3l. A Magyar Nemzet \u00edr\u00e1sa szerint \u00f3ri\u00e1si v\u00e1ltoz\u00e1st hozott a munkaer\u0151piacon a koronav\u00edrus megjelen\u00e9se: m\u00edg kor\u00e1bban a legt\u00f6bb v\u00e1llalkoz\u00e1sn\u00e1l sz\u00f3ba sem j\u00f6hetett a t\u00e1vmunka \u00e9s az otthoni","canonical_url":"https:\/\/allasorias.hu\/hirek\/osszel-modositjak-a-munka-torvenykonyvet\/","robots":"max-image-preview:large","keywords":"","webmasterTools":{"miscellaneous":""},"schema":{"@context":"https:\/\/schema.org","@graph":[{"@type":"Article","@id":"https:\/\/allasorias.hu\/hirek\/osszel-modositjak-a-munka-torvenykonyvet\/#article","name":"\u0150sszel m\u00f3dos\u00edtj\u00e1k a munka t\u00f6rv\u00e9nyk\u00f6nyv\u00e9t | AllasOrias.hu | H\u00edrek-lapszemle","headline":"\u0150sszel m\u00f3dos\u00edtj\u00e1k a munka t\u00f6rv\u00e9nyk\u00f6nyv\u00e9t","author":{"@id":"https:\/\/allasorias.hu\/hirek\/author\/admin-allasorias\/#author"},"publisher":{"@id":"https:\/\/allasorias.hu\/hirek\/#organization"},"image":{"@type":"ImageObject","url":"https:\/\/allasorias.hu\/hirek\/wp-content\/uploads\/2018\/11\/kon2015.jpg","width":1200,"height":800,"caption":"tax preparation service"},"datePublished":"2020-07-23T14:12:30+02:00","dateModified":"2020-07-23T14:12:30+02:00","inLanguage":"hu-HU","mainEntityOfPage":{"@id":"https:\/\/allasorias.hu\/hirek\/osszel-modositjak-a-munka-torvenykonyvet\/#webpage"},"isPartOf":{"@id":"https:\/\/allasorias.hu\/hirek\/osszel-modositjak-a-munka-torvenykonyvet\/#webpage"},"articleSection":"Gazdas\u00e1g, Munkaer\u0151piac"},{"@type":"BreadcrumbList","@id":"https:\/\/allasorias.hu\/hirek\/osszel-modositjak-a-munka-torvenykonyvet\/#breadcrumblist","itemListElement":[{"@type":"ListItem","@id":"https:\/\/allasorias.hu\/hirek#listItem","position":1,"name":"Home","item":"https:\/\/allasorias.hu\/hirek","nextItem":{"@type":"ListItem","@id":"https:\/\/allasorias.hu\/hirek\/temak\/gazdasag\/#listItem","name":"Gazdas\u00e1g"}},{"@type":"ListItem","@id":"https:\/\/allasorias.hu\/hirek\/temak\/gazdasag\/#listItem","position":2,"name":"Gazdas\u00e1g","item":"https:\/\/allasorias.hu\/hirek\/temak\/gazdasag\/","nextItem":{"@type":"ListItem","@id":"https:\/\/allasorias.hu\/hirek\/osszel-modositjak-a-munka-torvenykonyvet\/#listItem","name":"\u0150sszel m\u00f3dos\u00edtj\u00e1k a munka t\u00f6rv\u00e9nyk\u00f6nyv\u00e9t"},"previousItem":{"@type":"ListItem","@id":"https:\/\/allasorias.hu\/hirek#listItem","name":"Home"}},{"@type":"ListItem","@id":"https:\/\/allasorias.hu\/hirek\/osszel-modositjak-a-munka-torvenykonyvet\/#listItem","position":3,"name":"\u0150sszel m\u00f3dos\u00edtj\u00e1k a munka t\u00f6rv\u00e9nyk\u00f6nyv\u00e9t","previousItem":{"@type":"ListItem","@id":"https:\/\/allasorias.hu\/hirek\/temak\/gazdasag\/#listItem","name":"Gazdas\u00e1g"}}]},{"@type":"Organization","@id":"https:\/\/allasorias.hu\/hirek\/#organization","name":"AllasOrias.hu | H\u00edrek-lapszemle","description":"\u00dczleti h\u00edrek az \u00e1ll\u00e1s \u00e9s a munka vil\u00e1g\u00e1b\u00f3l","url":"https:\/\/allasorias.hu\/hirek\/","logo":{"@type":"ImageObject","url":"https:\/\/allasorias.hu\/hirek\/wp-content\/uploads\/2022\/10\/allasorias_site_facebok_logo.png","@id":"https:\/\/allasorias.hu\/hirek\/osszel-modositjak-a-munka-torvenykonyvet\/#organizationLogo"},"image":{"@id":"https:\/\/allasorias.hu\/hirek\/osszel-modositjak-a-munka-torvenykonyvet\/#organizationLogo"},"sameAs":["https:\/\/www.facebook.com\/allasorias","https:\/\/www.linkedin.com\/company\/allasorias"]},{"@type":"Person","@id":"https:\/\/allasorias.hu\/hirek\/author\/admin-allasorias\/#author","url":"https:\/\/allasorias.hu\/hirek\/author\/admin-allasorias\/","name":"Juh\u00e1sz P\u00e9ter","image":{"@type":"ImageObject","@id":"https:\/\/allasorias.hu\/hirek\/osszel-modositjak-a-munka-torvenykonyvet\/#authorImage","url":"https:\/\/secure.gravatar.com\/avatar\/36e6bcb83148978b992977cb0f54d22feb0cce8a0a849a9410532bb2623ba4c6?s=96&d=mm&r=g","width":96,"height":96,"caption":"Juh\u00e1sz P\u00e9ter"}},{"@type":"WebPage","@id":"https:\/\/allasorias.hu\/hirek\/osszel-modositjak-a-munka-torvenykonyvet\/#webpage","url":"https:\/\/allasorias.hu\/hirek\/osszel-modositjak-a-munka-torvenykonyvet\/","name":"\u0150sszel m\u00f3dos\u00edtj\u00e1k a munka t\u00f6rv\u00e9nyk\u00f6nyv\u00e9t | AllasOrias.hu | H\u00edrek-lapszemle","description":"Megv\u00e1ltozhat az otthon v\u00e9gzett munk\u00e1ra vonatkoz\u00f3 jogszab\u00e1ly, amennyiben \u0151sszel m\u00f3dos\u00edtj\u00e1k a munka t\u00f6rv\u00e9nyk\u00f6nyv\u00e9t. A tervek szerint a munkav\u00e1llal\u00f3 is k\u00e9rheti majd a teljes vagy r\u00e9szleges otthoni munkav\u00e9gz\u00e9st a munk\u00e1ltat\u00f3j\u00e1t\u00f3l. A Magyar Nemzet \u00edr\u00e1sa szerint \u00f3ri\u00e1si v\u00e1ltoz\u00e1st hozott a munkaer\u0151piacon a koronav\u00edrus megjelen\u00e9se: m\u00edg kor\u00e1bban a legt\u00f6bb v\u00e1llalkoz\u00e1sn\u00e1l sz\u00f3ba sem j\u00f6hetett a t\u00e1vmunka \u00e9s az otthoni","inLanguage":"hu-HU","isPartOf":{"@id":"https:\/\/allasorias.hu\/hirek\/#website"},"breadcrumb":{"@id":"https:\/\/allasorias.hu\/hirek\/osszel-modositjak-a-munka-torvenykonyvet\/#breadcrumblist"},"author":{"@id":"https:\/\/allasorias.hu\/hirek\/author\/admin-allasorias\/#author"},"creator":{"@id":"https:\/\/allasorias.hu\/hirek\/author\/admin-allasorias\/#author"},"image":{"@type":"ImageObject","url":"https:\/\/allasorias.hu\/hirek\/wp-content\/uploads\/2018\/11\/kon2015.jpg","@id":"https:\/\/allasorias.hu\/hirek\/osszel-modositjak-a-munka-torvenykonyvet\/#mainImage","width":1200,"height":800,"caption":"tax preparation service"},"primaryImageOfPage":{"@id":"https:\/\/allasorias.hu\/hirek\/osszel-modositjak-a-munka-torvenykonyvet\/#mainImage"},"datePublished":"2020-07-23T14:12:30+02:00","dateModified":"2020-07-23T14:12:30+02:00"},{"@type":"WebSite","@id":"https:\/\/allasorias.hu\/hirek\/#website","url":"https:\/\/allasorias.hu\/hirek\/","name":"AllasOrias.hu | H\u00edrek-lapszemle","description":"\u00dczleti h\u00edrek az \u00e1ll\u00e1s \u00e9s a munka vil\u00e1g\u00e1b\u00f3l","inLanguage":"hu-HU","publisher":{"@id":"https:\/\/allasorias.hu\/hirek\/#organization"}}]},"og:locale":"hu_HU","og:site_name":"AllasOrias.hu | H\u00edrek-lapszemle | \u00dczleti h\u00edrek az \u00e1ll\u00e1s \u00e9s a munka vil\u00e1g\u00e1b\u00f3l","og:type":"article","og:title":"\u0150sszel m\u00f3dos\u00edtj\u00e1k a munka t\u00f6rv\u00e9nyk\u00f6nyv\u00e9t | AllasOrias.hu | H\u00edrek-lapszemle","og:description":"Megv\u00e1ltozhat az otthon v\u00e9gzett munk\u00e1ra vonatkoz\u00f3 jogszab\u00e1ly, amennyiben \u0151sszel m\u00f3dos\u00edtj\u00e1k a munka t\u00f6rv\u00e9nyk\u00f6nyv\u00e9t. A tervek szerint a munkav\u00e1llal\u00f3 is k\u00e9rheti majd a teljes vagy r\u00e9szleges otthoni munkav\u00e9gz\u00e9st a munk\u00e1ltat\u00f3j\u00e1t\u00f3l. A Magyar Nemzet \u00edr\u00e1sa szerint \u00f3ri\u00e1si v\u00e1ltoz\u00e1st hozott a munkaer\u0151piacon a koronav\u00edrus megjelen\u00e9se: m\u00edg kor\u00e1bban a legt\u00f6bb v\u00e1llalkoz\u00e1sn\u00e1l sz\u00f3ba sem j\u00f6hetett a t\u00e1vmunka \u00e9s az otthoni","og:url":"https:\/\/allasorias.hu\/hirek\/osszel-modositjak-a-munka-torvenykonyvet\/","og:image":"https:\/\/allasorias.hu\/hirek\/wp-content\/uploads\/2018\/11\/kon2015.jpg","og:image:secure_url":"https:\/\/allasorias.hu\/hirek\/wp-content\/uploads\/2018\/11\/kon2015.jpg","og:image:width":1200,"og:image:height":800,"article:published_time":"2020-07-23T14:12:30+00:00","article:modified_time":"2020-07-23T14:12:30+00:00","article:publisher":"https:\/\/www.facebook.com\/allasorias","twitter:card":"summary_large_image","twitter:title":"\u0150sszel m\u00f3dos\u00edtj\u00e1k a munka t\u00f6rv\u00e9nyk\u00f6nyv\u00e9t | AllasOrias.hu | H\u00edrek-lapszemle","twitter:description":"Megv\u00e1ltozhat az otthon v\u00e9gzett munk\u00e1ra vonatkoz\u00f3 jogszab\u00e1ly, amennyiben \u0151sszel m\u00f3dos\u00edtj\u00e1k a munka t\u00f6rv\u00e9nyk\u00f6nyv\u00e9t. A tervek szerint a munkav\u00e1llal\u00f3 is k\u00e9rheti majd a teljes vagy r\u00e9szleges otthoni munkav\u00e9gz\u00e9st a munk\u00e1ltat\u00f3j\u00e1t\u00f3l. A Magyar Nemzet \u00edr\u00e1sa szerint \u00f3ri\u00e1si v\u00e1ltoz\u00e1st hozott a munkaer\u0151piacon a koronav\u00edrus megjelen\u00e9se: m\u00edg kor\u00e1bban a legt\u00f6bb v\u00e1llalkoz\u00e1sn\u00e1l sz\u00f3ba sem j\u00f6hetett a t\u00e1vmunka \u00e9s az otthoni","twitter:image":"https:\/\/allasorias.hu\/hirek\/wp-content\/uploads\/2018\/11\/kon2015.jpg","twitter:label1":"Written by","twitter:data1":"Juh\u00e1sz P\u00e9ter","twitter:label2":"Est. reading time","twitter:data2":"3 minutes"},"aioseo_meta_data":{"post_id":"4142","title":null,"description":"","keywords":"","keyphrases":null,"primary_term":null,"canonical_url":"","og_title":null,"og_description":null,"og_object_type":"default","og_image_type":"default","og_image_url":null,"og_image_width":null,"og_image_height":null,"og_image_custom_url":null,"og_image_custom_fields":null,"og_video":null,"og_custom_url":null,"og_article_section":null,"og_article_tags":null,"twitter_use_og":false,"twitter_card":"default","twitter_image_type":"default","twitter_image_url":null,"twitter_image_custom_url":null,"twitter_image_custom_fields":null,"twitter_title":null,"twitter_description":null,"schema":{"blockGraphs":[],"customGraphs":[],"default":{"data":{"Article":[],"Course":[],"Dataset":[],"FAQPage":[],"Movie":[],"Person":[],"Product":[],"ProductReview":[],"Car":[],"Recipe":[],"Service":[],"SoftwareApplication":[],"WebPage":[]},"graphName":"","isEnabled":true},"graphs":[]},"schema_type":null,"schema_type_options":null,"pillar_content":false,"robots_default":true,"robots_noindex":false,"robots_noarchive":false,"robots_nosnippet":false,"robots_nofollow":false,"robots_noimageindex":false,"robots_noodp":false,"robots_notranslate":false,"robots_max_snippet":null,"robots_max_videopreview":null,"robots_max_imagepreview":"large","priority":null,"frequency":null,"location":null,"local_seo":null,"breadcrumb_settings":null,"limit_modified_date":false,"ai":null,"created":"2021-02-01 21:13:45","updated":"2025-10-02 14:14:50","seo_analyzer_scan_date":null,"focus_keyword":null,"additional_keywords":null,"truseo_locale":null},"aioseo_breadcrumb":"<div class=\"aioseo-breadcrumbs\"><span class=\"aioseo-breadcrumb\">\n\t\t\t<a href=\"https:\/\/allasorias.hu\/hirek\" title=\"Home\">Home<\/a>\n\t\t<\/span><span class=\"aioseo-breadcrumb-separator\">&raquo;<\/span><span class=\"aioseo-breadcrumb\">\n\t\t\t<a href=\"https:\/\/allasorias.hu\/hirek\/temak\/gazdasag\/\" title=\"Gazdas\u00e1g\">Gazdas\u00e1g<\/a>\n\t\t<\/span><span class=\"aioseo-breadcrumb-separator\">&raquo;<\/span><span class=\"aioseo-breadcrumb\">\n\t\t\t\u0150sszel m\u00f3dos\u00edtj\u00e1k a munka t\u00f6rv\u00e9nyk\u00f6nyv\u00e9t\n\t\t<\/span><\/div>","aioseo_breadcrumb_json":[{"label":"Home","link":"https:\/\/allasorias.hu\/hirek"},{"label":"Gazdas\u00e1g","link":"https:\/\/allasorias.hu\/hirek\/temak\/gazdasag\/"},{"label":"\u0150sszel m\u00f3dos\u00edtj\u00e1k a munka t\u00f6rv\u00e9nyk\u00f6nyv\u00e9t","link":"https:\/\/allasorias.hu\/hirek\/osszel-modositjak-a-munka-torvenykonyvet\/"}],"_links":{"self":[{"href":"https:\/\/allasorias.hu\/hirek\/wp-json\/wp\/v2\/posts\/4142","targetHints":{"allow":["GET"]}}],"collection":[{"href":"https:\/\/allasorias.hu\/hirek\/wp-json\/wp\/v2\/posts"}],"about":[{"href":"https:\/\/allasorias.hu\/hirek\/wp-json\/wp\/v2\/types\/post"}],"author":[{"embeddable":true,"href":"https:\/\/allasorias.hu\/hirek\/wp-json\/wp\/v2\/users\/1"}],"replies":[{"embeddable":true,"href":"https:\/\/allasorias.hu\/hirek\/wp-json\/wp\/v2\/comments?post=4142"}],"version-history":[{"count":1,"href":"https:\/\/allasorias.hu\/hirek\/wp-json\/wp\/v2\/posts\/4142\/revisions"}],"predecessor-version":[{"id":4143,"href":"https:\/\/allasorias.hu\/hirek\/wp-json\/wp\/v2\/posts\/4142\/revisions\/4143"}],"wp:featuredmedia":[{"embeddable":true,"href":"https:\/\/allasorias.hu\/hirek\/wp-json\/wp\/v2\/media\/2167"}],"wp:attachment":[{"href":"https:\/\/allasorias.hu\/hirek\/wp-json\/wp\/v2\/media?parent=4142"}],"wp:term":[{"taxonomy":"category","embeddable":true,"href":"https:\/\/allasorias.hu\/hirek\/wp-json\/wp\/v2\/categories?post=4142"},{"taxonomy":"post_tag","embeddable":true,"href":"https:\/\/allasorias.hu\/hirek\/wp-json\/wp\/v2\/tags?post=4142"}],"curies":[{"name":"wp","href":"https:\/\/api.w.org\/{rel}","templated":true}]}}