{"id":4133,"date":"2020-07-20T06:37:24","date_gmt":"2020-07-20T06:37:24","guid":{"rendered":"https:\/\/allasorias.hu\/hirek\/?p=4133"},"modified":"2020-07-20T06:37:24","modified_gmt":"2020-07-20T06:37:24","slug":"nehezen-talalnak-magukra-a-cegek","status":"publish","type":"post","link":"https:\/\/allasorias.hu\/hirek\/nehezen-talalnak-magukra-a-cegek\/","title":{"rendered":"Nehezen tal\u00e1lnak magukra a c\u00e9gek"},"content":{"rendered":"<p><strong>A koronav\u00edrus j\u00e1rv\u00e1ny els\u0151 hull\u00e1ma ut\u00e1n a hazai c\u00e9gek nehezen tal\u00e1lnak magukra. A kor\u00e1bbi termel\u00e9s 40-60 sz\u00e1zal\u00e9k\u00e1n indultak \u00fajra a c\u00e9gek a HR-szolg\u00e1ltat\u00e1sokra specializ\u00e1l\u00f3dott WHC Csoport tapasztalatai szerint.<\/strong><\/p>\n<p>Kulcsfontoss\u00e1g\u00fa lesz ezut\u00e1n a gyors reag\u00e1l\u00e1s \u00e9s a rugalmass\u00e1g. Sokat v\u00e1ltozott a munkaer\u0151piac az elm\u00falt id\u0151szakban, a rendk\u00edv\u00fcli helyzet pedig kih\u00edv\u00e1s el\u00e9 \u00e1ll\u00edtotta a toborz\u00e1sra specializ\u00e1l\u00f3dott szolg\u00e1ltat\u00f3kat is. Hab\u00e1r sokan a karant\u00e9nid\u0151szakt\u00f3l tartottak a legjobban, a jelenlegi \u201e\u00e1tmeneti\u201d \u00e1llapot m\u00e9g ellentmond\u00e1sosabb: mik\u00f6zben a KSH friss sz\u00e1mai szerint m\u00e1jusban 4,4 milli\u00f3ra n\u0151tt a foglalkoztatottak sz\u00e1ma, ezzel p\u00e1rhuzamosan a munkan\u00e9lk\u00fclis\u00e9gi r\u00e1ta is emelkedett, mivel a m\u00e1rcius-\u00e1prilisban elbocs\u00e1tott munkaer\u0151 egy r\u00e9sze csak most ker\u00fclt be az \u00e1ll\u00e1skeres\u0151k rendszer\u00e9be. A j\u00e1rv\u00e1nyhelyzet bizonytalan alakul\u00e1sa miatt a k\u00f6vetkez\u0151 h\u00f3napokra n\u00e9zve j\u00f3val t\u00f6bb a k\u00e9rd\u00e9s, mint a v\u00e1lasz. A WHC Csoport k\u00fclf\u00f6ldi irod\u00e1i r\u00e9v\u00e9n az eg\u00e9sz r\u00e9gi\u00f3 munkaer\u0151piaci helyzet\u00e9re r\u00e1l\u00e1t, \u00edgy l\u00e9p\u00e9sel\u0151nyben van a hazai szolg\u00e1ltat\u00f3kkal szemben. Tapasztalataik szerint az \u00e9lelmiszer- \u00e9s gy\u00f3gyszeripar kiv\u00e9tel\u00e9vel minden gazdas\u00e1gi szerepl\u0151t \u00e9rintett valamilyen form\u00e1ban a gazdas\u00e1gi visszaes\u00e9s, t\u00f6bb hetes, n\u00e9hol h\u00f3napos le\u00e1ll\u00e1s ut\u00e1n tudtak csak \u00fajraindulni, a legnagyobb kitetts\u00e9ge pedig az aut\u00f3iparnak volt Eur\u00f3pa-szerte. Els\u0151 k\u00f6rben a szakk\u00e9pzetts\u00e9get nem, vagy csak kev\u00e9sb\u00e9 ig\u00e9nyl\u0151 munkak\u00f6r\u00f6ket \u00e9rintette a j\u00e1rv\u00e1ny nyom\u00e1ban j\u00e1r\u00f3 le\u00e9p\u00edt\u00e9si hull\u00e1m, majd a szellemi munkaer\u0151h\u00f6z is hozz\u00e1ny\u00faltak a c\u00e9gek a megrendel\u00e9sek volumen\u00e9hez igaz\u00edtva a foglalkoztatottak l\u00e9tsz\u00e1m\u00e1t. Jelenleg a nyitott poz\u00edci\u00f3kra nagys\u00e1grendekkel t\u00f6bb jelentkez\u00e9s \u00e9rkezik be az \u00e9v elej\u00e9n tapasztalhat\u00f3 \u00e1llapothoz k\u00e9pest, a c\u00e9gek legink\u00e1bb betan\u00edtott munk\u00e1sokat, oper\u00e1torokat, takar\u00edt\u00f3kat, min\u0151s\u00e9gellen\u0151r\u00f6ket, \u00e1rufelt\u00f6lt\u0151ket \u00e9s p\u00e9nzt\u00e1rosokat, valamint bolti elad\u00f3kat keresnek. \u201eJelenleg azt l\u00e1tjuk, hogy a rugalmass\u00e1g lesz a legfontosabb a k\u00f6vetkez\u0151 id\u0151szakban, csak gyors reakci\u00f3kkal fogunk tudni megfelelni a hozz\u00e1nk fordul\u00f3 munk\u00e1ltat\u00f3k ig\u00e9nyeinek. A most rendelkez\u00e9s\u00fcnkre \u00e1ll\u00f3 adatokb\u00f3l arra k\u00f6vetkeztet\u00fcnk, hogy a gazdas\u00e1g fokozatosan nyeri majd vissza erej\u00e9t, a harmadik negyed\u00e9v v\u00e9g\u00e9re m\u00e1r 90 sz\u00e1zal\u00e9kos termel\u00e9si szinten fog \u00fczemelni a c\u00e9gek t\u00f6bbs\u00e9ge. Akkor v\u00e1rhat\u00f3an jelent\u0151sen cs\u00f6kkeni fog a munkan\u00e9lk\u00fcliek sz\u00e1ma, amely \u00fajabb kih\u00edv\u00e1s el\u00e9 \u00e1ll\u00edtja a HR szakm\u00e1t \u00e9s a v\u00e1llalati szf\u00e9r\u00e1t is. \u00dagy t\u0171nik, hogy 2020 ezt hozza sz\u00e1munkra: egy \u00e9ven bel\u00fcl teljesen ellent\u00e9tes ir\u00e1nyokba mutat\u00f3 trendekkel kell megk\u00fczden\u00fcnk\u201d \u2013 h\u00edvta fel a figyelmet S\u00e1ghy J\u00f3zsef, a WHC Csoport gy\u0151ri ter\u00fcleti vezet\u0151je.<\/p>\n<p>Forr\u00e1s: piacesprofit.hu<\/p>\n<p>&nbsp;<\/p>\n<p>&nbsp;<\/p>\n<p>&nbsp;<\/p>\n<p>&nbsp;<\/p>\n","protected":false},"excerpt":{"rendered":"<p>A koronav\u00edrus j\u00e1rv\u00e1ny els\u0151 hull\u00e1ma ut\u00e1n a hazai c\u00e9gek nehezen tal\u00e1lnak magukra. A kor\u00e1bbi termel\u00e9s 40-60 sz\u00e1zal\u00e9k\u00e1n indultak \u00fajra a c\u00e9gek a HR-szolg\u00e1ltat\u00e1sokra specializ\u00e1l\u00f3dott WHC Csoport tapasztalatai szerint. Kulcsfontoss\u00e1g\u00fa lesz ezut\u00e1n a gyors reag\u00e1l\u00e1s \u00e9s a rugalmass\u00e1g. Sokat v\u00e1ltozott a munkaer\u0151piac az elm\u00falt id\u0151szakban, a rendk\u00edv\u00fcli helyzet pedig kih\u00edv\u00e1s el\u00e9 \u00e1ll\u00edtotta a toborz\u00e1sra specializ\u00e1l\u00f3dott szolg\u00e1ltat\u00f3kat [&hellip;]<\/p>\n","protected":false},"author":1,"featured_media":2440,"comment_status":"open","ping_status":"open","sticky":false,"template":"","format":"standard","meta":{"_monsterinsights_skip_tracking":false,"footnotes":""},"categories":[198],"tags":[],"class_list":["post-4133","post","type-post","status-publish","format-standard","has-post-thumbnail","hentry","category-gazdasag"],"aioseo_notices":[],"aioseo_head":"\n\t\t<!-- All in One SEO 5.0.0.1 - aioseo.com -->\n\t<meta name=\"description\" content=\"A koronav\u00edrus j\u00e1rv\u00e1ny els\u0151 hull\u00e1ma ut\u00e1n a hazai c\u00e9gek nehezen tal\u00e1lnak magukra. A kor\u00e1bbi termel\u00e9s 40-60 sz\u00e1zal\u00e9k\u00e1n indultak \u00fajra a c\u00e9gek a HR-szolg\u00e1ltat\u00e1sokra specializ\u00e1l\u00f3dott WHC Csoport tapasztalatai szerint. Kulcsfontoss\u00e1g\u00fa lesz ezut\u00e1n a gyors reag\u00e1l\u00e1s \u00e9s a rugalmass\u00e1g. Sokat v\u00e1ltozott a munkaer\u0151piac az elm\u00falt id\u0151szakban, a rendk\u00edv\u00fcli helyzet pedig kih\u00edv\u00e1s el\u00e9 \u00e1ll\u00edtotta a toborz\u00e1sra specializ\u00e1l\u00f3dott szolg\u00e1ltat\u00f3kat\" \/>\n\t<meta name=\"robots\" content=\"max-image-preview:large\" \/>\n\t<meta name=\"author\" content=\"Juh\u00e1sz P\u00e9ter\"\/>\n\t<link rel=\"canonical\" href=\"https:\/\/allasorias.hu\/hirek\/nehezen-talalnak-magukra-a-cegek\/\" \/>\n\t<meta name=\"generator\" content=\"All in One SEO (AIOSEO) 5.0.0.1\" \/>\n\t\t<meta property=\"og:locale\" content=\"hu_HU\" \/>\n\t\t<meta property=\"og:site_name\" content=\"AllasOrias.hu | H\u00edrek-lapszemle | \u00dczleti h\u00edrek az \u00e1ll\u00e1s \u00e9s a munka vil\u00e1g\u00e1b\u00f3l\" \/>\n\t\t<meta property=\"og:type\" content=\"article\" \/>\n\t\t<meta property=\"og:title\" content=\"Nehezen tal\u00e1lnak magukra a c\u00e9gek | AllasOrias.hu | H\u00edrek-lapszemle\" \/>\n\t\t<meta property=\"og:description\" content=\"A koronav\u00edrus j\u00e1rv\u00e1ny els\u0151 hull\u00e1ma ut\u00e1n a hazai c\u00e9gek nehezen tal\u00e1lnak magukra. A kor\u00e1bbi termel\u00e9s 40-60 sz\u00e1zal\u00e9k\u00e1n indultak \u00fajra a c\u00e9gek a HR-szolg\u00e1ltat\u00e1sokra specializ\u00e1l\u00f3dott WHC Csoport tapasztalatai szerint. Kulcsfontoss\u00e1g\u00fa lesz ezut\u00e1n a gyors reag\u00e1l\u00e1s \u00e9s a rugalmass\u00e1g. Sokat v\u00e1ltozott a munkaer\u0151piac az elm\u00falt id\u0151szakban, a rendk\u00edv\u00fcli helyzet pedig kih\u00edv\u00e1s el\u00e9 \u00e1ll\u00edtotta a toborz\u00e1sra specializ\u00e1l\u00f3dott szolg\u00e1ltat\u00f3kat\" \/>\n\t\t<meta property=\"og:url\" content=\"https:\/\/allasorias.hu\/hirek\/nehezen-talalnak-magukra-a-cegek\/\" \/>\n\t\t<meta property=\"og:image\" content=\"https:\/\/allasorias.hu\/hirek\/wp-content\/uploads\/2019\/01\/pexels-photo-590022.jpeg\" \/>\n\t\t<meta property=\"og:image:secure_url\" content=\"https:\/\/allasorias.hu\/hirek\/wp-content\/uploads\/2019\/01\/pexels-photo-590022.jpeg\" \/>\n\t\t<meta property=\"og:image:width\" content=\"640\" \/>\n\t\t<meta property=\"og:image:height\" content=\"423\" \/>\n\t\t<meta property=\"article:published_time\" content=\"2020-07-20T06:37:24+00:00\" \/>\n\t\t<meta property=\"article:modified_time\" content=\"2020-07-20T06:37:24+00:00\" \/>\n\t\t<meta property=\"article:publisher\" content=\"https:\/\/www.facebook.com\/allasorias\" \/>\n\t\t<meta name=\"twitter:card\" content=\"summary_large_image\" \/>\n\t\t<meta name=\"twitter:title\" content=\"Nehezen tal\u00e1lnak magukra a c\u00e9gek | AllasOrias.hu | H\u00edrek-lapszemle\" \/>\n\t\t<meta name=\"twitter:description\" content=\"A koronav\u00edrus j\u00e1rv\u00e1ny els\u0151 hull\u00e1ma ut\u00e1n a hazai c\u00e9gek nehezen tal\u00e1lnak magukra. A kor\u00e1bbi termel\u00e9s 40-60 sz\u00e1zal\u00e9k\u00e1n indultak \u00fajra a c\u00e9gek a HR-szolg\u00e1ltat\u00e1sokra specializ\u00e1l\u00f3dott WHC Csoport tapasztalatai szerint. Kulcsfontoss\u00e1g\u00fa lesz ezut\u00e1n a gyors reag\u00e1l\u00e1s \u00e9s a rugalmass\u00e1g. Sokat v\u00e1ltozott a munkaer\u0151piac az elm\u00falt id\u0151szakban, a rendk\u00edv\u00fcli helyzet pedig kih\u00edv\u00e1s el\u00e9 \u00e1ll\u00edtotta a toborz\u00e1sra specializ\u00e1l\u00f3dott szolg\u00e1ltat\u00f3kat\" \/>\n\t\t<meta name=\"twitter:image\" content=\"https:\/\/allasorias.hu\/hirek\/wp-content\/uploads\/2019\/01\/pexels-photo-590022.jpeg\" \/>\n\t\t<meta name=\"twitter:label1\" content=\"Written by\" \/>\n\t\t<meta name=\"twitter:data1\" content=\"Juh\u00e1sz P\u00e9ter\" \/>\n\t\t<meta name=\"twitter:label2\" content=\"Est. reading time\" \/>\n\t\t<meta name=\"twitter:data2\" content=\"3 minutes\" \/>\n\t\t<script type=\"application\/ld+json\" class=\"aioseo-schema\">\n\t\t\t{\"@context\":\"https:\\\/\\\/schema.org\",\"@graph\":[{\"@type\":\"Article\",\"@id\":\"https:\\\/\\\/allasorias.hu\\\/hirek\\\/nehezen-talalnak-magukra-a-cegek\\\/#article\",\"name\":\"Nehezen tal\\u00e1lnak magukra a c\\u00e9gek | AllasOrias.hu | H\\u00edrek-lapszemle\",\"headline\":\"Nehezen tal\\u00e1lnak magukra a c\\u00e9gek\",\"author\":{\"@id\":\"https:\\\/\\\/allasorias.hu\\\/hirek\\\/author\\\/admin-allasorias\\\/#author\"},\"publisher\":{\"@id\":\"https:\\\/\\\/allasorias.hu\\\/hirek\\\/#organization\"},\"image\":{\"@type\":\"ImageObject\",\"url\":\"https:\\\/\\\/allasorias.hu\\\/hirek\\\/wp-content\\\/uploads\\\/2019\\\/01\\\/pexels-photo-590022.jpeg\",\"width\":640,\"height\":423},\"datePublished\":\"2020-07-20T06:37:24+02:00\",\"dateModified\":\"2020-07-20T06:37:24+02:00\",\"inLanguage\":\"hu-HU\",\"mainEntityOfPage\":{\"@id\":\"https:\\\/\\\/allasorias.hu\\\/hirek\\\/nehezen-talalnak-magukra-a-cegek\\\/#webpage\"},\"isPartOf\":{\"@id\":\"https:\\\/\\\/allasorias.hu\\\/hirek\\\/nehezen-talalnak-magukra-a-cegek\\\/#webpage\"},\"articleSection\":\"Gazdas\\u00e1g\"},{\"@type\":\"BreadcrumbList\",\"@id\":\"https:\\\/\\\/allasorias.hu\\\/hirek\\\/nehezen-talalnak-magukra-a-cegek\\\/#breadcrumblist\",\"itemListElement\":[{\"@type\":\"ListItem\",\"@id\":\"https:\\\/\\\/allasorias.hu\\\/hirek#listItem\",\"position\":1,\"name\":\"Home\",\"item\":\"https:\\\/\\\/allasorias.hu\\\/hirek\",\"nextItem\":{\"@type\":\"ListItem\",\"@id\":\"https:\\\/\\\/allasorias.hu\\\/hirek\\\/temak\\\/gazdasag\\\/#listItem\",\"name\":\"Gazdas\\u00e1g\"}},{\"@type\":\"ListItem\",\"@id\":\"https:\\\/\\\/allasorias.hu\\\/hirek\\\/temak\\\/gazdasag\\\/#listItem\",\"position\":2,\"name\":\"Gazdas\\u00e1g\",\"item\":\"https:\\\/\\\/allasorias.hu\\\/hirek\\\/temak\\\/gazdasag\\\/\",\"nextItem\":{\"@type\":\"ListItem\",\"@id\":\"https:\\\/\\\/allasorias.hu\\\/hirek\\\/nehezen-talalnak-magukra-a-cegek\\\/#listItem\",\"name\":\"Nehezen tal\\u00e1lnak magukra a c\\u00e9gek\"},\"previousItem\":{\"@type\":\"ListItem\",\"@id\":\"https:\\\/\\\/allasorias.hu\\\/hirek#listItem\",\"name\":\"Home\"}},{\"@type\":\"ListItem\",\"@id\":\"https:\\\/\\\/allasorias.hu\\\/hirek\\\/nehezen-talalnak-magukra-a-cegek\\\/#listItem\",\"position\":3,\"name\":\"Nehezen tal\\u00e1lnak magukra a c\\u00e9gek\",\"previousItem\":{\"@type\":\"ListItem\",\"@id\":\"https:\\\/\\\/allasorias.hu\\\/hirek\\\/temak\\\/gazdasag\\\/#listItem\",\"name\":\"Gazdas\\u00e1g\"}}]},{\"@type\":\"Organization\",\"@id\":\"https:\\\/\\\/allasorias.hu\\\/hirek\\\/#organization\",\"name\":\"AllasOrias.hu | H\\u00edrek-lapszemle\",\"description\":\"\\u00dczleti h\\u00edrek az \\u00e1ll\\u00e1s \\u00e9s a munka vil\\u00e1g\\u00e1b\\u00f3l\",\"url\":\"https:\\\/\\\/allasorias.hu\\\/hirek\\\/\",\"logo\":{\"@type\":\"ImageObject\",\"url\":\"https:\\\/\\\/allasorias.hu\\\/hirek\\\/wp-content\\\/uploads\\\/2022\\\/10\\\/allasorias_site_facebok_logo.png\",\"@id\":\"https:\\\/\\\/allasorias.hu\\\/hirek\\\/nehezen-talalnak-magukra-a-cegek\\\/#organizationLogo\"},\"image\":{\"@id\":\"https:\\\/\\\/allasorias.hu\\\/hirek\\\/nehezen-talalnak-magukra-a-cegek\\\/#organizationLogo\"},\"sameAs\":[\"https:\\\/\\\/www.facebook.com\\\/allasorias\",\"https:\\\/\\\/www.linkedin.com\\\/company\\\/allasorias\"]},{\"@type\":\"Person\",\"@id\":\"https:\\\/\\\/allasorias.hu\\\/hirek\\\/author\\\/admin-allasorias\\\/#author\",\"url\":\"https:\\\/\\\/allasorias.hu\\\/hirek\\\/author\\\/admin-allasorias\\\/\",\"name\":\"Juh\\u00e1sz P\\u00e9ter\",\"image\":{\"@type\":\"ImageObject\",\"@id\":\"https:\\\/\\\/allasorias.hu\\\/hirek\\\/nehezen-talalnak-magukra-a-cegek\\\/#authorImage\",\"url\":\"https:\\\/\\\/secure.gravatar.com\\\/avatar\\\/36e6bcb83148978b992977cb0f54d22feb0cce8a0a849a9410532bb2623ba4c6?s=96&d=mm&r=g\",\"width\":96,\"height\":96,\"caption\":\"Juh\\u00e1sz P\\u00e9ter\"}},{\"@type\":\"WebPage\",\"@id\":\"https:\\\/\\\/allasorias.hu\\\/hirek\\\/nehezen-talalnak-magukra-a-cegek\\\/#webpage\",\"url\":\"https:\\\/\\\/allasorias.hu\\\/hirek\\\/nehezen-talalnak-magukra-a-cegek\\\/\",\"name\":\"Nehezen tal\\u00e1lnak magukra a c\\u00e9gek | AllasOrias.hu | H\\u00edrek-lapszemle\",\"description\":\"A koronav\\u00edrus j\\u00e1rv\\u00e1ny els\\u0151 hull\\u00e1ma ut\\u00e1n a hazai c\\u00e9gek nehezen tal\\u00e1lnak magukra. A kor\\u00e1bbi termel\\u00e9s 40-60 sz\\u00e1zal\\u00e9k\\u00e1n indultak \\u00fajra a c\\u00e9gek a HR-szolg\\u00e1ltat\\u00e1sokra specializ\\u00e1l\\u00f3dott WHC Csoport tapasztalatai szerint. Kulcsfontoss\\u00e1g\\u00fa lesz ezut\\u00e1n a gyors reag\\u00e1l\\u00e1s \\u00e9s a rugalmass\\u00e1g. Sokat v\\u00e1ltozott a munkaer\\u0151piac az elm\\u00falt id\\u0151szakban, a rendk\\u00edv\\u00fcli helyzet pedig kih\\u00edv\\u00e1s el\\u00e9 \\u00e1ll\\u00edtotta a toborz\\u00e1sra specializ\\u00e1l\\u00f3dott szolg\\u00e1ltat\\u00f3kat\",\"inLanguage\":\"hu-HU\",\"isPartOf\":{\"@id\":\"https:\\\/\\\/allasorias.hu\\\/hirek\\\/#website\"},\"breadcrumb\":{\"@id\":\"https:\\\/\\\/allasorias.hu\\\/hirek\\\/nehezen-talalnak-magukra-a-cegek\\\/#breadcrumblist\"},\"author\":{\"@id\":\"https:\\\/\\\/allasorias.hu\\\/hirek\\\/author\\\/admin-allasorias\\\/#author\"},\"creator\":{\"@id\":\"https:\\\/\\\/allasorias.hu\\\/hirek\\\/author\\\/admin-allasorias\\\/#author\"},\"image\":{\"@type\":\"ImageObject\",\"url\":\"https:\\\/\\\/allasorias.hu\\\/hirek\\\/wp-content\\\/uploads\\\/2019\\\/01\\\/pexels-photo-590022.jpeg\",\"@id\":\"https:\\\/\\\/allasorias.hu\\\/hirek\\\/nehezen-talalnak-magukra-a-cegek\\\/#mainImage\",\"width\":640,\"height\":423},\"primaryImageOfPage\":{\"@id\":\"https:\\\/\\\/allasorias.hu\\\/hirek\\\/nehezen-talalnak-magukra-a-cegek\\\/#mainImage\"},\"datePublished\":\"2020-07-20T06:37:24+02:00\",\"dateModified\":\"2020-07-20T06:37:24+02:00\"},{\"@type\":\"WebSite\",\"@id\":\"https:\\\/\\\/allasorias.hu\\\/hirek\\\/#website\",\"url\":\"https:\\\/\\\/allasorias.hu\\\/hirek\\\/\",\"name\":\"AllasOrias.hu | H\\u00edrek-lapszemle\",\"description\":\"\\u00dczleti h\\u00edrek az \\u00e1ll\\u00e1s \\u00e9s a munka vil\\u00e1g\\u00e1b\\u00f3l\",\"inLanguage\":\"hu-HU\",\"publisher\":{\"@id\":\"https:\\\/\\\/allasorias.hu\\\/hirek\\\/#organization\"}}]}\n\t\t<\/script>\n\t\t<!-- All in One SEO -->\n\n","aioseo_head_json":{"title":"Nehezen tal\u00e1lnak magukra a c\u00e9gek | AllasOrias.hu | H\u00edrek-lapszemle","description":"A koronav\u00edrus j\u00e1rv\u00e1ny els\u0151 hull\u00e1ma ut\u00e1n a hazai c\u00e9gek nehezen tal\u00e1lnak magukra. A kor\u00e1bbi termel\u00e9s 40-60 sz\u00e1zal\u00e9k\u00e1n indultak \u00fajra a c\u00e9gek a HR-szolg\u00e1ltat\u00e1sokra specializ\u00e1l\u00f3dott WHC Csoport tapasztalatai szerint. Kulcsfontoss\u00e1g\u00fa lesz ezut\u00e1n a gyors reag\u00e1l\u00e1s \u00e9s a rugalmass\u00e1g. Sokat v\u00e1ltozott a munkaer\u0151piac az elm\u00falt id\u0151szakban, a rendk\u00edv\u00fcli helyzet pedig kih\u00edv\u00e1s el\u00e9 \u00e1ll\u00edtotta a toborz\u00e1sra specializ\u00e1l\u00f3dott szolg\u00e1ltat\u00f3kat","canonical_url":"https:\/\/allasorias.hu\/hirek\/nehezen-talalnak-magukra-a-cegek\/","robots":"max-image-preview:large","keywords":"","webmasterTools":{"miscellaneous":""},"schema":{"@context":"https:\/\/schema.org","@graph":[{"@type":"Article","@id":"https:\/\/allasorias.hu\/hirek\/nehezen-talalnak-magukra-a-cegek\/#article","name":"Nehezen tal\u00e1lnak magukra a c\u00e9gek | AllasOrias.hu | H\u00edrek-lapszemle","headline":"Nehezen tal\u00e1lnak magukra a c\u00e9gek","author":{"@id":"https:\/\/allasorias.hu\/hirek\/author\/admin-allasorias\/#author"},"publisher":{"@id":"https:\/\/allasorias.hu\/hirek\/#organization"},"image":{"@type":"ImageObject","url":"https:\/\/allasorias.hu\/hirek\/wp-content\/uploads\/2019\/01\/pexels-photo-590022.jpeg","width":640,"height":423},"datePublished":"2020-07-20T06:37:24+02:00","dateModified":"2020-07-20T06:37:24+02:00","inLanguage":"hu-HU","mainEntityOfPage":{"@id":"https:\/\/allasorias.hu\/hirek\/nehezen-talalnak-magukra-a-cegek\/#webpage"},"isPartOf":{"@id":"https:\/\/allasorias.hu\/hirek\/nehezen-talalnak-magukra-a-cegek\/#webpage"},"articleSection":"Gazdas\u00e1g"},{"@type":"BreadcrumbList","@id":"https:\/\/allasorias.hu\/hirek\/nehezen-talalnak-magukra-a-cegek\/#breadcrumblist","itemListElement":[{"@type":"ListItem","@id":"https:\/\/allasorias.hu\/hirek#listItem","position":1,"name":"Home","item":"https:\/\/allasorias.hu\/hirek","nextItem":{"@type":"ListItem","@id":"https:\/\/allasorias.hu\/hirek\/temak\/gazdasag\/#listItem","name":"Gazdas\u00e1g"}},{"@type":"ListItem","@id":"https:\/\/allasorias.hu\/hirek\/temak\/gazdasag\/#listItem","position":2,"name":"Gazdas\u00e1g","item":"https:\/\/allasorias.hu\/hirek\/temak\/gazdasag\/","nextItem":{"@type":"ListItem","@id":"https:\/\/allasorias.hu\/hirek\/nehezen-talalnak-magukra-a-cegek\/#listItem","name":"Nehezen tal\u00e1lnak magukra a c\u00e9gek"},"previousItem":{"@type":"ListItem","@id":"https:\/\/allasorias.hu\/hirek#listItem","name":"Home"}},{"@type":"ListItem","@id":"https:\/\/allasorias.hu\/hirek\/nehezen-talalnak-magukra-a-cegek\/#listItem","position":3,"name":"Nehezen tal\u00e1lnak magukra a c\u00e9gek","previousItem":{"@type":"ListItem","@id":"https:\/\/allasorias.hu\/hirek\/temak\/gazdasag\/#listItem","name":"Gazdas\u00e1g"}}]},{"@type":"Organization","@id":"https:\/\/allasorias.hu\/hirek\/#organization","name":"AllasOrias.hu | H\u00edrek-lapszemle","description":"\u00dczleti h\u00edrek az \u00e1ll\u00e1s \u00e9s a munka vil\u00e1g\u00e1b\u00f3l","url":"https:\/\/allasorias.hu\/hirek\/","logo":{"@type":"ImageObject","url":"https:\/\/allasorias.hu\/hirek\/wp-content\/uploads\/2022\/10\/allasorias_site_facebok_logo.png","@id":"https:\/\/allasorias.hu\/hirek\/nehezen-talalnak-magukra-a-cegek\/#organizationLogo"},"image":{"@id":"https:\/\/allasorias.hu\/hirek\/nehezen-talalnak-magukra-a-cegek\/#organizationLogo"},"sameAs":["https:\/\/www.facebook.com\/allasorias","https:\/\/www.linkedin.com\/company\/allasorias"]},{"@type":"Person","@id":"https:\/\/allasorias.hu\/hirek\/author\/admin-allasorias\/#author","url":"https:\/\/allasorias.hu\/hirek\/author\/admin-allasorias\/","name":"Juh\u00e1sz P\u00e9ter","image":{"@type":"ImageObject","@id":"https:\/\/allasorias.hu\/hirek\/nehezen-talalnak-magukra-a-cegek\/#authorImage","url":"https:\/\/secure.gravatar.com\/avatar\/36e6bcb83148978b992977cb0f54d22feb0cce8a0a849a9410532bb2623ba4c6?s=96&d=mm&r=g","width":96,"height":96,"caption":"Juh\u00e1sz P\u00e9ter"}},{"@type":"WebPage","@id":"https:\/\/allasorias.hu\/hirek\/nehezen-talalnak-magukra-a-cegek\/#webpage","url":"https:\/\/allasorias.hu\/hirek\/nehezen-talalnak-magukra-a-cegek\/","name":"Nehezen tal\u00e1lnak magukra a c\u00e9gek | AllasOrias.hu | H\u00edrek-lapszemle","description":"A koronav\u00edrus j\u00e1rv\u00e1ny els\u0151 hull\u00e1ma ut\u00e1n a hazai c\u00e9gek nehezen tal\u00e1lnak magukra. A kor\u00e1bbi termel\u00e9s 40-60 sz\u00e1zal\u00e9k\u00e1n indultak \u00fajra a c\u00e9gek a HR-szolg\u00e1ltat\u00e1sokra specializ\u00e1l\u00f3dott WHC Csoport tapasztalatai szerint. Kulcsfontoss\u00e1g\u00fa lesz ezut\u00e1n a gyors reag\u00e1l\u00e1s \u00e9s a rugalmass\u00e1g. Sokat v\u00e1ltozott a munkaer\u0151piac az elm\u00falt id\u0151szakban, a rendk\u00edv\u00fcli helyzet pedig kih\u00edv\u00e1s el\u00e9 \u00e1ll\u00edtotta a toborz\u00e1sra specializ\u00e1l\u00f3dott szolg\u00e1ltat\u00f3kat","inLanguage":"hu-HU","isPartOf":{"@id":"https:\/\/allasorias.hu\/hirek\/#website"},"breadcrumb":{"@id":"https:\/\/allasorias.hu\/hirek\/nehezen-talalnak-magukra-a-cegek\/#breadcrumblist"},"author":{"@id":"https:\/\/allasorias.hu\/hirek\/author\/admin-allasorias\/#author"},"creator":{"@id":"https:\/\/allasorias.hu\/hirek\/author\/admin-allasorias\/#author"},"image":{"@type":"ImageObject","url":"https:\/\/allasorias.hu\/hirek\/wp-content\/uploads\/2019\/01\/pexels-photo-590022.jpeg","@id":"https:\/\/allasorias.hu\/hirek\/nehezen-talalnak-magukra-a-cegek\/#mainImage","width":640,"height":423},"primaryImageOfPage":{"@id":"https:\/\/allasorias.hu\/hirek\/nehezen-talalnak-magukra-a-cegek\/#mainImage"},"datePublished":"2020-07-20T06:37:24+02:00","dateModified":"2020-07-20T06:37:24+02:00"},{"@type":"WebSite","@id":"https:\/\/allasorias.hu\/hirek\/#website","url":"https:\/\/allasorias.hu\/hirek\/","name":"AllasOrias.hu | H\u00edrek-lapszemle","description":"\u00dczleti h\u00edrek az \u00e1ll\u00e1s \u00e9s a munka vil\u00e1g\u00e1b\u00f3l","inLanguage":"hu-HU","publisher":{"@id":"https:\/\/allasorias.hu\/hirek\/#organization"}}]},"og:locale":"hu_HU","og:site_name":"AllasOrias.hu | H\u00edrek-lapszemle | \u00dczleti h\u00edrek az \u00e1ll\u00e1s \u00e9s a munka vil\u00e1g\u00e1b\u00f3l","og:type":"article","og:title":"Nehezen tal\u00e1lnak magukra a c\u00e9gek | AllasOrias.hu | H\u00edrek-lapszemle","og:description":"A koronav\u00edrus j\u00e1rv\u00e1ny els\u0151 hull\u00e1ma ut\u00e1n a hazai c\u00e9gek nehezen tal\u00e1lnak magukra. A kor\u00e1bbi termel\u00e9s 40-60 sz\u00e1zal\u00e9k\u00e1n indultak \u00fajra a c\u00e9gek a HR-szolg\u00e1ltat\u00e1sokra specializ\u00e1l\u00f3dott WHC Csoport tapasztalatai szerint. Kulcsfontoss\u00e1g\u00fa lesz ezut\u00e1n a gyors reag\u00e1l\u00e1s \u00e9s a rugalmass\u00e1g. Sokat v\u00e1ltozott a munkaer\u0151piac az elm\u00falt id\u0151szakban, a rendk\u00edv\u00fcli helyzet pedig kih\u00edv\u00e1s el\u00e9 \u00e1ll\u00edtotta a toborz\u00e1sra specializ\u00e1l\u00f3dott szolg\u00e1ltat\u00f3kat","og:url":"https:\/\/allasorias.hu\/hirek\/nehezen-talalnak-magukra-a-cegek\/","og:image":"https:\/\/allasorias.hu\/hirek\/wp-content\/uploads\/2019\/01\/pexels-photo-590022.jpeg","og:image:secure_url":"https:\/\/allasorias.hu\/hirek\/wp-content\/uploads\/2019\/01\/pexels-photo-590022.jpeg","og:image:width":640,"og:image:height":423,"article:published_time":"2020-07-20T06:37:24+00:00","article:modified_time":"2020-07-20T06:37:24+00:00","article:publisher":"https:\/\/www.facebook.com\/allasorias","twitter:card":"summary_large_image","twitter:title":"Nehezen tal\u00e1lnak magukra a c\u00e9gek | AllasOrias.hu | H\u00edrek-lapszemle","twitter:description":"A koronav\u00edrus j\u00e1rv\u00e1ny els\u0151 hull\u00e1ma ut\u00e1n a hazai c\u00e9gek nehezen tal\u00e1lnak magukra. A kor\u00e1bbi termel\u00e9s 40-60 sz\u00e1zal\u00e9k\u00e1n indultak \u00fajra a c\u00e9gek a HR-szolg\u00e1ltat\u00e1sokra specializ\u00e1l\u00f3dott WHC Csoport tapasztalatai szerint. Kulcsfontoss\u00e1g\u00fa lesz ezut\u00e1n a gyors reag\u00e1l\u00e1s \u00e9s a rugalmass\u00e1g. Sokat v\u00e1ltozott a munkaer\u0151piac az elm\u00falt id\u0151szakban, a rendk\u00edv\u00fcli helyzet pedig kih\u00edv\u00e1s el\u00e9 \u00e1ll\u00edtotta a toborz\u00e1sra specializ\u00e1l\u00f3dott szolg\u00e1ltat\u00f3kat","twitter:image":"https:\/\/allasorias.hu\/hirek\/wp-content\/uploads\/2019\/01\/pexels-photo-590022.jpeg","twitter:label1":"Written by","twitter:data1":"Juh\u00e1sz P\u00e9ter","twitter:label2":"Est. reading time","twitter:data2":"3 minutes"},"aioseo_meta_data":{"post_id":"4133","title":null,"description":"","keywords":"","keyphrases":null,"primary_term":null,"canonical_url":"","og_title":null,"og_description":null,"og_object_type":"default","og_image_type":"default","og_image_url":null,"og_image_width":null,"og_image_height":null,"og_image_custom_url":null,"og_image_custom_fields":null,"og_video":null,"og_custom_url":null,"og_article_section":null,"og_article_tags":null,"twitter_use_og":false,"twitter_card":"default","twitter_image_type":"default","twitter_image_url":null,"twitter_image_custom_url":null,"twitter_image_custom_fields":null,"twitter_title":null,"twitter_description":null,"schema":{"blockGraphs":[],"customGraphs":[],"default":{"data":{"Article":[],"Course":[],"Dataset":[],"FAQPage":[],"Movie":[],"Person":[],"Product":[],"ProductReview":[],"Car":[],"Recipe":[],"Service":[],"SoftwareApplication":[],"WebPage":[]},"graphName":"","isEnabled":true},"graphs":[],"defaultGraph":"","defaultPostTypeGraph":""},"schema_type":null,"schema_type_options":null,"pillar_content":false,"robots_default":true,"robots_noindex":false,"robots_noarchive":false,"robots_nosnippet":false,"robots_nofollow":false,"robots_noimageindex":false,"robots_noodp":false,"robots_notranslate":false,"robots_max_snippet":null,"robots_max_videopreview":null,"robots_max_imagepreview":"large","priority":null,"frequency":null,"location":null,"local_seo":null,"breadcrumb_settings":null,"limit_modified_date":false,"ai":null,"created":"2021-02-01 21:13:45","updated":"2025-10-02 14:10:48","seo_analyzer_scan_date":null,"focus_keyword":null,"additional_keywords":null,"truseo_locale":null},"aioseo_breadcrumb":"<div class=\"aioseo-breadcrumbs\"><span class=\"aioseo-breadcrumb\">\n\t\t\t<a href=\"https:\/\/allasorias.hu\/hirek\" title=\"Home\">Home<\/a>\n\t\t<\/span><span class=\"aioseo-breadcrumb-separator\">&raquo;<\/span><span class=\"aioseo-breadcrumb\">\n\t\t\t<a href=\"https:\/\/allasorias.hu\/hirek\/temak\/gazdasag\/\" title=\"Gazdas\u00e1g\">Gazdas\u00e1g<\/a>\n\t\t<\/span><span class=\"aioseo-breadcrumb-separator\">&raquo;<\/span><span class=\"aioseo-breadcrumb\">\n\t\t\tNehezen tal\u00e1lnak magukra a c\u00e9gek\n\t\t<\/span><\/div>","aioseo_breadcrumb_json":[{"label":"Home","link":"https:\/\/allasorias.hu\/hirek"},{"label":"Gazdas\u00e1g","link":"https:\/\/allasorias.hu\/hirek\/temak\/gazdasag\/"},{"label":"Nehezen tal\u00e1lnak magukra a c\u00e9gek","link":"https:\/\/allasorias.hu\/hirek\/nehezen-talalnak-magukra-a-cegek\/"}],"_links":{"self":[{"href":"https:\/\/allasorias.hu\/hirek\/wp-json\/wp\/v2\/posts\/4133","targetHints":{"allow":["GET"]}}],"collection":[{"href":"https:\/\/allasorias.hu\/hirek\/wp-json\/wp\/v2\/posts"}],"about":[{"href":"https:\/\/allasorias.hu\/hirek\/wp-json\/wp\/v2\/types\/post"}],"author":[{"embeddable":true,"href":"https:\/\/allasorias.hu\/hirek\/wp-json\/wp\/v2\/users\/1"}],"replies":[{"embeddable":true,"href":"https:\/\/allasorias.hu\/hirek\/wp-json\/wp\/v2\/comments?post=4133"}],"version-history":[{"count":1,"href":"https:\/\/allasorias.hu\/hirek\/wp-json\/wp\/v2\/posts\/4133\/revisions"}],"predecessor-version":[{"id":4134,"href":"https:\/\/allasorias.hu\/hirek\/wp-json\/wp\/v2\/posts\/4133\/revisions\/4134"}],"wp:featuredmedia":[{"embeddable":true,"href":"https:\/\/allasorias.hu\/hirek\/wp-json\/wp\/v2\/media\/2440"}],"wp:attachment":[{"href":"https:\/\/allasorias.hu\/hirek\/wp-json\/wp\/v2\/media?parent=4133"}],"wp:term":[{"taxonomy":"category","embeddable":true,"href":"https:\/\/allasorias.hu\/hirek\/wp-json\/wp\/v2\/categories?post=4133"},{"taxonomy":"post_tag","embeddable":true,"href":"https:\/\/allasorias.hu\/hirek\/wp-json\/wp\/v2\/tags?post=4133"}],"curies":[{"name":"wp","href":"https:\/\/api.w.org\/{rel}","templated":true}]}}