{"id":4128,"date":"2020-07-16T07:13:18","date_gmt":"2020-07-16T07:13:18","guid":{"rendered":"https:\/\/allasorias.hu\/hirek\/?p=4128"},"modified":"2020-07-16T07:14:32","modified_gmt":"2020-07-16T07:14:32","slug":"a-valsag-noveli-a-szegenyseget-es-az-egyenlotlenseget","status":"publish","type":"post","link":"https:\/\/allasorias.hu\/hirek\/a-valsag-noveli-a-szegenyseget-es-az-egyenlotlenseget\/","title":{"rendered":"A v\u00e1ls\u00e1g n\u00f6veli a szeg\u00e9nys\u00e9get \u00e9s az egyenl\u0151tlens\u00e9get"},"content":{"rendered":"<p><strong>A koronav\u00edrus-j\u00e1rv\u00e1ny a k\u00f6zel egy \u00e9vsz\u00e1zada kit\u00f6rt vil\u00e1ggazdas\u00e1gi v\u00e1ls\u00e1g, majd az azt k\u00f6vet\u0151 gazdas\u00e1gi depresszi\u00f3 \u00f3ta az egyik legnagyobb v\u00e1ls\u00e1got hozta \u00a0hozta a vil\u00e1gon a foglalkoztat\u00e1s ter\u00e9n &#8211; der\u00fcl ki az OECD friss munka\u00fcgyi jelent\u00e9s\u00e9b\u0151l. Az elemz\u00e9s szerint komoly kock\u00e1zata van annak, hogy a k\u00f6vetkez\u0151 \u00e9vekben a most kirobbant v\u00e1ls\u00e1g n\u00f6velni fogja a szeg\u00e9nys\u00e9get \u00e9s az emberek k\u00f6zti egyenl\u0151tlens\u00e9geket.<\/strong><\/p>\n<p>A vil\u00e1gszervezet szak\u00e9rt\u0151i szerint az egyes orsz\u00e1gok korm\u00e1nyainak az a legfontosabb feladata, hogy megakad\u00e1lyozz\u00e1k a munka\u00fcgyi v\u00e1ls\u00e1g szoci\u00e1lis v\u00e1ls\u00e1gg\u00e1 m\u00e9ly\u00fcl\u00e9s\u00e9t. Emellett egy jobb, stabilabb munkaer\u0151piac ki\u00e9p\u00fcl\u00e9s\u00e9t is most alapozhatj\u00e1k meg a j\u00f3l megv\u00e1logatott, a j\u00f6v\u0151 ipar\u00e1gaiba t\u00f6rt\u00e9n\u0151 befektet\u00e9sekkel. A koronav\u00edrus-v\u00e1ls\u00e1g legjellegzetesebb t\u00fcnete az volt, hogy az OECD tagorsz\u00e1gaiban t\u00f6bb milli\u00f3 ember egyszer\u0171en nem tudott munk\u00e1ba j\u00e1rni. Ennek eredm\u00e9nyek\u00e9nt \u00f3r\u00e1sit zuhant a ledolgozott munka\u00f3r\u00e1k sz\u00e1ma \u00e9s rendk\u00edv\u00fcl sok \u00e1ll\u00e1s sz\u0171nt meg. A mostani kr\u00edzis els\u0151 h\u00f3napjaiban t\u00edzszer annyi munka\u00f3ra veszett el, mint az el\u0151z\u0151, 2007-2009-es glob\u00e1lis v\u00e1ls\u00e1g idej\u00e9n. T\u00f6bb milli\u00f3 embert k\u00fcldtek munkaad\u00f3ik k\u00e9nyszerszabads\u00e1gra vagy cs\u00f6kkentett munkaid\u0151ben folytatt\u00e1k a foglalkoztat\u00e1sukat, m\u00e1sok egyszer\u0171en elvesztett\u00e9k az \u00e1ll\u00e1sukat, \u00e9s h\u00e1rom h\u00f3napon bel\u00fcl minim\u00e1lis javul\u00e1st l\u00e1tunk ezen a t\u00e9ren. Az OECD k\u00f6zgazd\u00e1szainak v\u00e1rakoz\u00e1sa szerint a vil\u00e1gszervezet tagorsz\u00e1gaiban 2020 v\u00e9g\u00e9re \u00e1tlag 10 sz\u00e1zal\u00e9kra n\u0151 a munkan\u00e9lk\u00fclis\u00e9gi r\u00e1ta a 2019. v\u00e9gi 5,3 sz\u00e1zal\u00e9kr\u00f3l. M\u00e9g rosszabb lesz a helyzet, a mutat\u00f3 el\u00e9rheti a 12 sz\u00e1zal\u00e9kot, ha a j\u00e1rv\u00e1nynak lesz m\u00e1sodik hull\u00e1ma is. A foglalkoztat\u00e1s javul\u00e1sa 2021-ig nem v\u00e1rhat\u00f3. Magyarorsz\u00e1gon a j\u00e1rv\u00e1ny el\u0151tti id\u0151szakhoz k\u00e9pest 100-120 ezres n\u00f6veked\u00e9st lehetett tapasztalni az \u00e1ll\u00e1skeres\u00e9si rendszerbe jelentkez\u0151kn\u00e9l, ami j\u00fanius k\u00f6zep\u00e9n \u00e9rte el a cs\u00facspontj\u00e1t. Az\u00f3ta t\u00f6bben ker\u00fclnek ki a rendszerb\u0151l, mint amennyien be &#8211; mondta Palkovics L\u00e1szl\u00f3 innov\u00e1ci\u00f3s miniszter egy interj\u00faj\u00e1ban. A hivatalos magyar adatok szerint m\u00e1jusban m\u00e1r 4,7 sz\u00e1zal\u00e9kos volt a munkan\u00e9lk\u00fclis\u00e9gi r\u00e1ta. Szemben az \u00e1prilis 4,1 sz\u00e1zal\u00e9kkal, valamint az egy \u00e9vvel kor\u00e1bbi 3,5 sz\u00e1zal\u00e9kkal. A b\u00e9rstatisztik\u00e1ban is megjelent a j\u00e1rv\u00e1nyhat\u00e1s, lassult a b\u00e9rn\u00f6veked\u00e9s \u00fcteme. Az \u00e9v els\u0151 n\u00e9gy h\u00f3napj\u00e1ban a brutt\u00f3 \u00e1tlagb\u00e9g 390 ezer, a kedvezm\u00e9nyek n\u00e9lk\u00fcl sz\u00e1molt nett\u00f3 258 ezer forintra emelkedett, ami 8,7-8,7 sz\u00e1zal\u00e9kos, egy\u00e9bk\u00e9nt temp\u00f3s emelked\u00e9st jelent. Ugyanakkor \u00e1prilisban m\u00e1r csak 7,8 sz\u00e1zal\u00e9kkal n\u0151ttek a b\u00e9rek, azaz lassult az emelked\u00e9s \u00fcteme. R\u00e1ad\u00e1sul az \u00e1prilisi adatok szerint t\u00f6bb szektorban, p\u00e9ld\u00e1ul a koronav\u00edrus-j\u00e1rv\u00e1ny miatt s\u00falyos forgalomkies\u00e9ssel szembes\u00fcl\u0151 vend\u00e9gl\u00e1t\u00e1sban cs\u00f6kkentek a fizet\u00e9sek, ezzel megt\u00f6rve a t\u00f6bb \u00e9ve tart\u00f3 emelked\u00e9st.<\/p>\n<p>&nbsp;<\/p>\n<p>Forr\u00e1s: napi.hu, szakszervezetek.hu<\/p>\n","protected":false},"excerpt":{"rendered":"<p>A koronav\u00edrus-j\u00e1rv\u00e1ny a k\u00f6zel egy \u00e9vsz\u00e1zada kit\u00f6rt vil\u00e1ggazdas\u00e1gi v\u00e1ls\u00e1g, majd az azt k\u00f6vet\u0151 gazdas\u00e1gi depresszi\u00f3 \u00f3ta az egyik legnagyobb v\u00e1ls\u00e1got hozta \u00a0hozta a vil\u00e1gon a foglalkoztat\u00e1s ter\u00e9n &#8211; der\u00fcl ki az OECD friss munka\u00fcgyi jelent\u00e9s\u00e9b\u0151l. Az elemz\u00e9s szerint komoly kock\u00e1zata van annak, hogy a k\u00f6vetkez\u0151 \u00e9vekben a most kirobbant v\u00e1ls\u00e1g n\u00f6velni fogja a szeg\u00e9nys\u00e9get \u00e9s [&hellip;]<\/p>\n","protected":false},"author":1,"featured_media":3817,"comment_status":"open","ping_status":"open","sticky":false,"template":"","format":"standard","meta":{"_monsterinsights_skip_tracking":false,"footnotes":""},"categories":[198],"tags":[],"class_list":["post-4128","post","type-post","status-publish","format-standard","has-post-thumbnail","hentry","category-gazdasag"],"aioseo_notices":[],"aioseo_head":"\n\t\t<!-- All in One SEO 5.0.0.1 - aioseo.com -->\n\t<meta name=\"description\" content=\"A koronav\u00edrus-j\u00e1rv\u00e1ny a k\u00f6zel egy \u00e9vsz\u00e1zada kit\u00f6rt vil\u00e1ggazdas\u00e1gi v\u00e1ls\u00e1g, majd az azt k\u00f6vet\u0151 gazdas\u00e1gi depresszi\u00f3 \u00f3ta az egyik legnagyobb v\u00e1ls\u00e1got hozta hozta a vil\u00e1gon a foglalkoztat\u00e1s ter\u00e9n - der\u00fcl ki az OECD friss munka\u00fcgyi jelent\u00e9s\u00e9b\u0151l. Az elemz\u00e9s szerint komoly kock\u00e1zata van annak, hogy a k\u00f6vetkez\u0151 \u00e9vekben a most kirobbant v\u00e1ls\u00e1g n\u00f6velni fogja a szeg\u00e9nys\u00e9get \u00e9s\" \/>\n\t<meta name=\"robots\" content=\"max-image-preview:large\" \/>\n\t<meta name=\"author\" content=\"Juh\u00e1sz P\u00e9ter\"\/>\n\t<link rel=\"canonical\" href=\"https:\/\/allasorias.hu\/hirek\/a-valsag-noveli-a-szegenyseget-es-az-egyenlotlenseget\/\" \/>\n\t<meta name=\"generator\" content=\"All in One SEO (AIOSEO) 5.0.0.1\" \/>\n\t\t<meta property=\"og:locale\" content=\"hu_HU\" \/>\n\t\t<meta property=\"og:site_name\" content=\"AllasOrias.hu | H\u00edrek-lapszemle | \u00dczleti h\u00edrek az \u00e1ll\u00e1s \u00e9s a munka vil\u00e1g\u00e1b\u00f3l\" \/>\n\t\t<meta property=\"og:type\" content=\"article\" \/>\n\t\t<meta property=\"og:title\" content=\"A v\u00e1ls\u00e1g n\u00f6veli a szeg\u00e9nys\u00e9get \u00e9s az egyenl\u0151tlens\u00e9get | AllasOrias.hu | H\u00edrek-lapszemle\" \/>\n\t\t<meta property=\"og:description\" content=\"A koronav\u00edrus-j\u00e1rv\u00e1ny a k\u00f6zel egy \u00e9vsz\u00e1zada kit\u00f6rt vil\u00e1ggazdas\u00e1gi v\u00e1ls\u00e1g, majd az azt k\u00f6vet\u0151 gazdas\u00e1gi depresszi\u00f3 \u00f3ta az egyik legnagyobb v\u00e1ls\u00e1got hozta hozta a vil\u00e1gon a foglalkoztat\u00e1s ter\u00e9n - der\u00fcl ki az OECD friss munka\u00fcgyi jelent\u00e9s\u00e9b\u0151l. Az elemz\u00e9s szerint komoly kock\u00e1zata van annak, hogy a k\u00f6vetkez\u0151 \u00e9vekben a most kirobbant v\u00e1ls\u00e1g n\u00f6velni fogja a szeg\u00e9nys\u00e9get \u00e9s\" \/>\n\t\t<meta property=\"og:url\" content=\"https:\/\/allasorias.hu\/hirek\/a-valsag-noveli-a-szegenyseget-es-az-egyenlotlenseget\/\" \/>\n\t\t<meta property=\"og:image\" content=\"https:\/\/allasorias.hu\/hirek\/wp-content\/uploads\/2020\/03\/virus-4898571_640.jpg\" \/>\n\t\t<meta property=\"og:image:secure_url\" content=\"https:\/\/allasorias.hu\/hirek\/wp-content\/uploads\/2020\/03\/virus-4898571_640.jpg\" \/>\n\t\t<meta property=\"og:image:width\" content=\"640\" \/>\n\t\t<meta property=\"og:image:height\" content=\"427\" \/>\n\t\t<meta property=\"article:published_time\" content=\"2020-07-16T07:13:18+00:00\" \/>\n\t\t<meta property=\"article:modified_time\" content=\"2020-07-16T07:14:32+00:00\" \/>\n\t\t<meta property=\"article:publisher\" content=\"https:\/\/www.facebook.com\/allasorias\" \/>\n\t\t<meta name=\"twitter:card\" content=\"summary_large_image\" \/>\n\t\t<meta name=\"twitter:title\" content=\"A v\u00e1ls\u00e1g n\u00f6veli a szeg\u00e9nys\u00e9get \u00e9s az egyenl\u0151tlens\u00e9get | AllasOrias.hu | H\u00edrek-lapszemle\" \/>\n\t\t<meta name=\"twitter:description\" content=\"A koronav\u00edrus-j\u00e1rv\u00e1ny a k\u00f6zel egy \u00e9vsz\u00e1zada kit\u00f6rt vil\u00e1ggazdas\u00e1gi v\u00e1ls\u00e1g, majd az azt k\u00f6vet\u0151 gazdas\u00e1gi depresszi\u00f3 \u00f3ta az egyik legnagyobb v\u00e1ls\u00e1got hozta hozta a vil\u00e1gon a foglalkoztat\u00e1s ter\u00e9n - der\u00fcl ki az OECD friss munka\u00fcgyi jelent\u00e9s\u00e9b\u0151l. Az elemz\u00e9s szerint komoly kock\u00e1zata van annak, hogy a k\u00f6vetkez\u0151 \u00e9vekben a most kirobbant v\u00e1ls\u00e1g n\u00f6velni fogja a szeg\u00e9nys\u00e9get \u00e9s\" \/>\n\t\t<meta name=\"twitter:image\" content=\"https:\/\/allasorias.hu\/hirek\/wp-content\/uploads\/2020\/03\/virus-4898571_640.jpg\" \/>\n\t\t<meta name=\"twitter:label1\" content=\"Written by\" \/>\n\t\t<meta name=\"twitter:data1\" content=\"Juh\u00e1sz P\u00e9ter\" \/>\n\t\t<meta name=\"twitter:label2\" content=\"Est. reading time\" \/>\n\t\t<meta name=\"twitter:data2\" content=\"3 minutes\" \/>\n\t\t<script type=\"application\/ld+json\" class=\"aioseo-schema\">\n\t\t\t{\"@context\":\"https:\\\/\\\/schema.org\",\"@graph\":[{\"@type\":\"Article\",\"@id\":\"https:\\\/\\\/allasorias.hu\\\/hirek\\\/a-valsag-noveli-a-szegenyseget-es-az-egyenlotlenseget\\\/#article\",\"name\":\"A v\\u00e1ls\\u00e1g n\\u00f6veli a szeg\\u00e9nys\\u00e9get \\u00e9s az egyenl\\u0151tlens\\u00e9get | AllasOrias.hu | H\\u00edrek-lapszemle\",\"headline\":\"A v\\u00e1ls\\u00e1g n\\u00f6veli a szeg\\u00e9nys\\u00e9get \\u00e9s az egyenl\\u0151tlens\\u00e9get\",\"author\":{\"@id\":\"https:\\\/\\\/allasorias.hu\\\/hirek\\\/author\\\/admin-allasorias\\\/#author\"},\"publisher\":{\"@id\":\"https:\\\/\\\/allasorias.hu\\\/hirek\\\/#organization\"},\"image\":{\"@type\":\"ImageObject\",\"url\":\"https:\\\/\\\/allasorias.hu\\\/hirek\\\/wp-content\\\/uploads\\\/2020\\\/03\\\/virus-4898571_640.jpg\",\"width\":640,\"height\":427},\"datePublished\":\"2020-07-16T07:13:18+02:00\",\"dateModified\":\"2020-07-16T07:14:32+02:00\",\"inLanguage\":\"hu-HU\",\"mainEntityOfPage\":{\"@id\":\"https:\\\/\\\/allasorias.hu\\\/hirek\\\/a-valsag-noveli-a-szegenyseget-es-az-egyenlotlenseget\\\/#webpage\"},\"isPartOf\":{\"@id\":\"https:\\\/\\\/allasorias.hu\\\/hirek\\\/a-valsag-noveli-a-szegenyseget-es-az-egyenlotlenseget\\\/#webpage\"},\"articleSection\":\"Gazdas\\u00e1g\"},{\"@type\":\"BreadcrumbList\",\"@id\":\"https:\\\/\\\/allasorias.hu\\\/hirek\\\/a-valsag-noveli-a-szegenyseget-es-az-egyenlotlenseget\\\/#breadcrumblist\",\"itemListElement\":[{\"@type\":\"ListItem\",\"@id\":\"https:\\\/\\\/allasorias.hu\\\/hirek#listItem\",\"position\":1,\"name\":\"Home\",\"item\":\"https:\\\/\\\/allasorias.hu\\\/hirek\",\"nextItem\":{\"@type\":\"ListItem\",\"@id\":\"https:\\\/\\\/allasorias.hu\\\/hirek\\\/temak\\\/gazdasag\\\/#listItem\",\"name\":\"Gazdas\\u00e1g\"}},{\"@type\":\"ListItem\",\"@id\":\"https:\\\/\\\/allasorias.hu\\\/hirek\\\/temak\\\/gazdasag\\\/#listItem\",\"position\":2,\"name\":\"Gazdas\\u00e1g\",\"item\":\"https:\\\/\\\/allasorias.hu\\\/hirek\\\/temak\\\/gazdasag\\\/\",\"nextItem\":{\"@type\":\"ListItem\",\"@id\":\"https:\\\/\\\/allasorias.hu\\\/hirek\\\/a-valsag-noveli-a-szegenyseget-es-az-egyenlotlenseget\\\/#listItem\",\"name\":\"A v\\u00e1ls\\u00e1g n\\u00f6veli a szeg\\u00e9nys\\u00e9get \\u00e9s az egyenl\\u0151tlens\\u00e9get\"},\"previousItem\":{\"@type\":\"ListItem\",\"@id\":\"https:\\\/\\\/allasorias.hu\\\/hirek#listItem\",\"name\":\"Home\"}},{\"@type\":\"ListItem\",\"@id\":\"https:\\\/\\\/allasorias.hu\\\/hirek\\\/a-valsag-noveli-a-szegenyseget-es-az-egyenlotlenseget\\\/#listItem\",\"position\":3,\"name\":\"A v\\u00e1ls\\u00e1g n\\u00f6veli a szeg\\u00e9nys\\u00e9get \\u00e9s az egyenl\\u0151tlens\\u00e9get\",\"previousItem\":{\"@type\":\"ListItem\",\"@id\":\"https:\\\/\\\/allasorias.hu\\\/hirek\\\/temak\\\/gazdasag\\\/#listItem\",\"name\":\"Gazdas\\u00e1g\"}}]},{\"@type\":\"Organization\",\"@id\":\"https:\\\/\\\/allasorias.hu\\\/hirek\\\/#organization\",\"name\":\"AllasOrias.hu | H\\u00edrek-lapszemle\",\"description\":\"\\u00dczleti h\\u00edrek az \\u00e1ll\\u00e1s \\u00e9s a munka vil\\u00e1g\\u00e1b\\u00f3l\",\"url\":\"https:\\\/\\\/allasorias.hu\\\/hirek\\\/\",\"logo\":{\"@type\":\"ImageObject\",\"url\":\"https:\\\/\\\/allasorias.hu\\\/hirek\\\/wp-content\\\/uploads\\\/2022\\\/10\\\/allasorias_site_facebok_logo.png\",\"@id\":\"https:\\\/\\\/allasorias.hu\\\/hirek\\\/a-valsag-noveli-a-szegenyseget-es-az-egyenlotlenseget\\\/#organizationLogo\"},\"image\":{\"@id\":\"https:\\\/\\\/allasorias.hu\\\/hirek\\\/a-valsag-noveli-a-szegenyseget-es-az-egyenlotlenseget\\\/#organizationLogo\"},\"sameAs\":[\"https:\\\/\\\/www.facebook.com\\\/allasorias\",\"https:\\\/\\\/www.linkedin.com\\\/company\\\/allasorias\"]},{\"@type\":\"Person\",\"@id\":\"https:\\\/\\\/allasorias.hu\\\/hirek\\\/author\\\/admin-allasorias\\\/#author\",\"url\":\"https:\\\/\\\/allasorias.hu\\\/hirek\\\/author\\\/admin-allasorias\\\/\",\"name\":\"Juh\\u00e1sz P\\u00e9ter\",\"image\":{\"@type\":\"ImageObject\",\"@id\":\"https:\\\/\\\/allasorias.hu\\\/hirek\\\/a-valsag-noveli-a-szegenyseget-es-az-egyenlotlenseget\\\/#authorImage\",\"url\":\"https:\\\/\\\/secure.gravatar.com\\\/avatar\\\/36e6bcb83148978b992977cb0f54d22feb0cce8a0a849a9410532bb2623ba4c6?s=96&d=mm&r=g\",\"width\":96,\"height\":96,\"caption\":\"Juh\\u00e1sz P\\u00e9ter\"}},{\"@type\":\"WebPage\",\"@id\":\"https:\\\/\\\/allasorias.hu\\\/hirek\\\/a-valsag-noveli-a-szegenyseget-es-az-egyenlotlenseget\\\/#webpage\",\"url\":\"https:\\\/\\\/allasorias.hu\\\/hirek\\\/a-valsag-noveli-a-szegenyseget-es-az-egyenlotlenseget\\\/\",\"name\":\"A v\\u00e1ls\\u00e1g n\\u00f6veli a szeg\\u00e9nys\\u00e9get \\u00e9s az egyenl\\u0151tlens\\u00e9get | AllasOrias.hu | H\\u00edrek-lapszemle\",\"description\":\"A koronav\\u00edrus-j\\u00e1rv\\u00e1ny a k\\u00f6zel egy \\u00e9vsz\\u00e1zada kit\\u00f6rt vil\\u00e1ggazdas\\u00e1gi v\\u00e1ls\\u00e1g, majd az azt k\\u00f6vet\\u0151 gazdas\\u00e1gi depresszi\\u00f3 \\u00f3ta az egyik legnagyobb v\\u00e1ls\\u00e1got hozta hozta a vil\\u00e1gon a foglalkoztat\\u00e1s ter\\u00e9n - der\\u00fcl ki az OECD friss munka\\u00fcgyi jelent\\u00e9s\\u00e9b\\u0151l. Az elemz\\u00e9s szerint komoly kock\\u00e1zata van annak, hogy a k\\u00f6vetkez\\u0151 \\u00e9vekben a most kirobbant v\\u00e1ls\\u00e1g n\\u00f6velni fogja a szeg\\u00e9nys\\u00e9get \\u00e9s\",\"inLanguage\":\"hu-HU\",\"isPartOf\":{\"@id\":\"https:\\\/\\\/allasorias.hu\\\/hirek\\\/#website\"},\"breadcrumb\":{\"@id\":\"https:\\\/\\\/allasorias.hu\\\/hirek\\\/a-valsag-noveli-a-szegenyseget-es-az-egyenlotlenseget\\\/#breadcrumblist\"},\"author\":{\"@id\":\"https:\\\/\\\/allasorias.hu\\\/hirek\\\/author\\\/admin-allasorias\\\/#author\"},\"creator\":{\"@id\":\"https:\\\/\\\/allasorias.hu\\\/hirek\\\/author\\\/admin-allasorias\\\/#author\"},\"image\":{\"@type\":\"ImageObject\",\"url\":\"https:\\\/\\\/allasorias.hu\\\/hirek\\\/wp-content\\\/uploads\\\/2020\\\/03\\\/virus-4898571_640.jpg\",\"@id\":\"https:\\\/\\\/allasorias.hu\\\/hirek\\\/a-valsag-noveli-a-szegenyseget-es-az-egyenlotlenseget\\\/#mainImage\",\"width\":640,\"height\":427},\"primaryImageOfPage\":{\"@id\":\"https:\\\/\\\/allasorias.hu\\\/hirek\\\/a-valsag-noveli-a-szegenyseget-es-az-egyenlotlenseget\\\/#mainImage\"},\"datePublished\":\"2020-07-16T07:13:18+02:00\",\"dateModified\":\"2020-07-16T07:14:32+02:00\"},{\"@type\":\"WebSite\",\"@id\":\"https:\\\/\\\/allasorias.hu\\\/hirek\\\/#website\",\"url\":\"https:\\\/\\\/allasorias.hu\\\/hirek\\\/\",\"name\":\"AllasOrias.hu | H\\u00edrek-lapszemle\",\"description\":\"\\u00dczleti h\\u00edrek az \\u00e1ll\\u00e1s \\u00e9s a munka vil\\u00e1g\\u00e1b\\u00f3l\",\"inLanguage\":\"hu-HU\",\"publisher\":{\"@id\":\"https:\\\/\\\/allasorias.hu\\\/hirek\\\/#organization\"}}]}\n\t\t<\/script>\n\t\t<!-- All in One SEO -->\n\n","aioseo_head_json":{"title":"A v\u00e1ls\u00e1g n\u00f6veli a szeg\u00e9nys\u00e9get \u00e9s az egyenl\u0151tlens\u00e9get | AllasOrias.hu | H\u00edrek-lapszemle","description":"A koronav\u00edrus-j\u00e1rv\u00e1ny a k\u00f6zel egy \u00e9vsz\u00e1zada kit\u00f6rt vil\u00e1ggazdas\u00e1gi v\u00e1ls\u00e1g, majd az azt k\u00f6vet\u0151 gazdas\u00e1gi depresszi\u00f3 \u00f3ta az egyik legnagyobb v\u00e1ls\u00e1got hozta hozta a vil\u00e1gon a foglalkoztat\u00e1s ter\u00e9n - der\u00fcl ki az OECD friss munka\u00fcgyi jelent\u00e9s\u00e9b\u0151l. Az elemz\u00e9s szerint komoly kock\u00e1zata van annak, hogy a k\u00f6vetkez\u0151 \u00e9vekben a most kirobbant v\u00e1ls\u00e1g n\u00f6velni fogja a szeg\u00e9nys\u00e9get \u00e9s","canonical_url":"https:\/\/allasorias.hu\/hirek\/a-valsag-noveli-a-szegenyseget-es-az-egyenlotlenseget\/","robots":"max-image-preview:large","keywords":"","webmasterTools":{"miscellaneous":""},"schema":{"@context":"https:\/\/schema.org","@graph":[{"@type":"Article","@id":"https:\/\/allasorias.hu\/hirek\/a-valsag-noveli-a-szegenyseget-es-az-egyenlotlenseget\/#article","name":"A v\u00e1ls\u00e1g n\u00f6veli a szeg\u00e9nys\u00e9get \u00e9s az egyenl\u0151tlens\u00e9get | AllasOrias.hu | H\u00edrek-lapszemle","headline":"A v\u00e1ls\u00e1g n\u00f6veli a szeg\u00e9nys\u00e9get \u00e9s az egyenl\u0151tlens\u00e9get","author":{"@id":"https:\/\/allasorias.hu\/hirek\/author\/admin-allasorias\/#author"},"publisher":{"@id":"https:\/\/allasorias.hu\/hirek\/#organization"},"image":{"@type":"ImageObject","url":"https:\/\/allasorias.hu\/hirek\/wp-content\/uploads\/2020\/03\/virus-4898571_640.jpg","width":640,"height":427},"datePublished":"2020-07-16T07:13:18+02:00","dateModified":"2020-07-16T07:14:32+02:00","inLanguage":"hu-HU","mainEntityOfPage":{"@id":"https:\/\/allasorias.hu\/hirek\/a-valsag-noveli-a-szegenyseget-es-az-egyenlotlenseget\/#webpage"},"isPartOf":{"@id":"https:\/\/allasorias.hu\/hirek\/a-valsag-noveli-a-szegenyseget-es-az-egyenlotlenseget\/#webpage"},"articleSection":"Gazdas\u00e1g"},{"@type":"BreadcrumbList","@id":"https:\/\/allasorias.hu\/hirek\/a-valsag-noveli-a-szegenyseget-es-az-egyenlotlenseget\/#breadcrumblist","itemListElement":[{"@type":"ListItem","@id":"https:\/\/allasorias.hu\/hirek#listItem","position":1,"name":"Home","item":"https:\/\/allasorias.hu\/hirek","nextItem":{"@type":"ListItem","@id":"https:\/\/allasorias.hu\/hirek\/temak\/gazdasag\/#listItem","name":"Gazdas\u00e1g"}},{"@type":"ListItem","@id":"https:\/\/allasorias.hu\/hirek\/temak\/gazdasag\/#listItem","position":2,"name":"Gazdas\u00e1g","item":"https:\/\/allasorias.hu\/hirek\/temak\/gazdasag\/","nextItem":{"@type":"ListItem","@id":"https:\/\/allasorias.hu\/hirek\/a-valsag-noveli-a-szegenyseget-es-az-egyenlotlenseget\/#listItem","name":"A v\u00e1ls\u00e1g n\u00f6veli a szeg\u00e9nys\u00e9get \u00e9s az egyenl\u0151tlens\u00e9get"},"previousItem":{"@type":"ListItem","@id":"https:\/\/allasorias.hu\/hirek#listItem","name":"Home"}},{"@type":"ListItem","@id":"https:\/\/allasorias.hu\/hirek\/a-valsag-noveli-a-szegenyseget-es-az-egyenlotlenseget\/#listItem","position":3,"name":"A v\u00e1ls\u00e1g n\u00f6veli a szeg\u00e9nys\u00e9get \u00e9s az egyenl\u0151tlens\u00e9get","previousItem":{"@type":"ListItem","@id":"https:\/\/allasorias.hu\/hirek\/temak\/gazdasag\/#listItem","name":"Gazdas\u00e1g"}}]},{"@type":"Organization","@id":"https:\/\/allasorias.hu\/hirek\/#organization","name":"AllasOrias.hu | H\u00edrek-lapszemle","description":"\u00dczleti h\u00edrek az \u00e1ll\u00e1s \u00e9s a munka vil\u00e1g\u00e1b\u00f3l","url":"https:\/\/allasorias.hu\/hirek\/","logo":{"@type":"ImageObject","url":"https:\/\/allasorias.hu\/hirek\/wp-content\/uploads\/2022\/10\/allasorias_site_facebok_logo.png","@id":"https:\/\/allasorias.hu\/hirek\/a-valsag-noveli-a-szegenyseget-es-az-egyenlotlenseget\/#organizationLogo"},"image":{"@id":"https:\/\/allasorias.hu\/hirek\/a-valsag-noveli-a-szegenyseget-es-az-egyenlotlenseget\/#organizationLogo"},"sameAs":["https:\/\/www.facebook.com\/allasorias","https:\/\/www.linkedin.com\/company\/allasorias"]},{"@type":"Person","@id":"https:\/\/allasorias.hu\/hirek\/author\/admin-allasorias\/#author","url":"https:\/\/allasorias.hu\/hirek\/author\/admin-allasorias\/","name":"Juh\u00e1sz P\u00e9ter","image":{"@type":"ImageObject","@id":"https:\/\/allasorias.hu\/hirek\/a-valsag-noveli-a-szegenyseget-es-az-egyenlotlenseget\/#authorImage","url":"https:\/\/secure.gravatar.com\/avatar\/36e6bcb83148978b992977cb0f54d22feb0cce8a0a849a9410532bb2623ba4c6?s=96&d=mm&r=g","width":96,"height":96,"caption":"Juh\u00e1sz P\u00e9ter"}},{"@type":"WebPage","@id":"https:\/\/allasorias.hu\/hirek\/a-valsag-noveli-a-szegenyseget-es-az-egyenlotlenseget\/#webpage","url":"https:\/\/allasorias.hu\/hirek\/a-valsag-noveli-a-szegenyseget-es-az-egyenlotlenseget\/","name":"A v\u00e1ls\u00e1g n\u00f6veli a szeg\u00e9nys\u00e9get \u00e9s az egyenl\u0151tlens\u00e9get | AllasOrias.hu | H\u00edrek-lapszemle","description":"A koronav\u00edrus-j\u00e1rv\u00e1ny a k\u00f6zel egy \u00e9vsz\u00e1zada kit\u00f6rt vil\u00e1ggazdas\u00e1gi v\u00e1ls\u00e1g, majd az azt k\u00f6vet\u0151 gazdas\u00e1gi depresszi\u00f3 \u00f3ta az egyik legnagyobb v\u00e1ls\u00e1got hozta hozta a vil\u00e1gon a foglalkoztat\u00e1s ter\u00e9n - der\u00fcl ki az OECD friss munka\u00fcgyi jelent\u00e9s\u00e9b\u0151l. Az elemz\u00e9s szerint komoly kock\u00e1zata van annak, hogy a k\u00f6vetkez\u0151 \u00e9vekben a most kirobbant v\u00e1ls\u00e1g n\u00f6velni fogja a szeg\u00e9nys\u00e9get \u00e9s","inLanguage":"hu-HU","isPartOf":{"@id":"https:\/\/allasorias.hu\/hirek\/#website"},"breadcrumb":{"@id":"https:\/\/allasorias.hu\/hirek\/a-valsag-noveli-a-szegenyseget-es-az-egyenlotlenseget\/#breadcrumblist"},"author":{"@id":"https:\/\/allasorias.hu\/hirek\/author\/admin-allasorias\/#author"},"creator":{"@id":"https:\/\/allasorias.hu\/hirek\/author\/admin-allasorias\/#author"},"image":{"@type":"ImageObject","url":"https:\/\/allasorias.hu\/hirek\/wp-content\/uploads\/2020\/03\/virus-4898571_640.jpg","@id":"https:\/\/allasorias.hu\/hirek\/a-valsag-noveli-a-szegenyseget-es-az-egyenlotlenseget\/#mainImage","width":640,"height":427},"primaryImageOfPage":{"@id":"https:\/\/allasorias.hu\/hirek\/a-valsag-noveli-a-szegenyseget-es-az-egyenlotlenseget\/#mainImage"},"datePublished":"2020-07-16T07:13:18+02:00","dateModified":"2020-07-16T07:14:32+02:00"},{"@type":"WebSite","@id":"https:\/\/allasorias.hu\/hirek\/#website","url":"https:\/\/allasorias.hu\/hirek\/","name":"AllasOrias.hu | H\u00edrek-lapszemle","description":"\u00dczleti h\u00edrek az \u00e1ll\u00e1s \u00e9s a munka vil\u00e1g\u00e1b\u00f3l","inLanguage":"hu-HU","publisher":{"@id":"https:\/\/allasorias.hu\/hirek\/#organization"}}]},"og:locale":"hu_HU","og:site_name":"AllasOrias.hu | H\u00edrek-lapszemle | \u00dczleti h\u00edrek az \u00e1ll\u00e1s \u00e9s a munka vil\u00e1g\u00e1b\u00f3l","og:type":"article","og:title":"A v\u00e1ls\u00e1g n\u00f6veli a szeg\u00e9nys\u00e9get \u00e9s az egyenl\u0151tlens\u00e9get | AllasOrias.hu | H\u00edrek-lapszemle","og:description":"A koronav\u00edrus-j\u00e1rv\u00e1ny a k\u00f6zel egy \u00e9vsz\u00e1zada kit\u00f6rt vil\u00e1ggazdas\u00e1gi v\u00e1ls\u00e1g, majd az azt k\u00f6vet\u0151 gazdas\u00e1gi depresszi\u00f3 \u00f3ta az egyik legnagyobb v\u00e1ls\u00e1got hozta hozta a vil\u00e1gon a foglalkoztat\u00e1s ter\u00e9n - der\u00fcl ki az OECD friss munka\u00fcgyi jelent\u00e9s\u00e9b\u0151l. Az elemz\u00e9s szerint komoly kock\u00e1zata van annak, hogy a k\u00f6vetkez\u0151 \u00e9vekben a most kirobbant v\u00e1ls\u00e1g n\u00f6velni fogja a szeg\u00e9nys\u00e9get \u00e9s","og:url":"https:\/\/allasorias.hu\/hirek\/a-valsag-noveli-a-szegenyseget-es-az-egyenlotlenseget\/","og:image":"https:\/\/allasorias.hu\/hirek\/wp-content\/uploads\/2020\/03\/virus-4898571_640.jpg","og:image:secure_url":"https:\/\/allasorias.hu\/hirek\/wp-content\/uploads\/2020\/03\/virus-4898571_640.jpg","og:image:width":640,"og:image:height":427,"article:published_time":"2020-07-16T07:13:18+00:00","article:modified_time":"2020-07-16T07:14:32+00:00","article:publisher":"https:\/\/www.facebook.com\/allasorias","twitter:card":"summary_large_image","twitter:title":"A v\u00e1ls\u00e1g n\u00f6veli a szeg\u00e9nys\u00e9get \u00e9s az egyenl\u0151tlens\u00e9get | AllasOrias.hu | H\u00edrek-lapszemle","twitter:description":"A koronav\u00edrus-j\u00e1rv\u00e1ny a k\u00f6zel egy \u00e9vsz\u00e1zada kit\u00f6rt vil\u00e1ggazdas\u00e1gi v\u00e1ls\u00e1g, majd az azt k\u00f6vet\u0151 gazdas\u00e1gi depresszi\u00f3 \u00f3ta az egyik legnagyobb v\u00e1ls\u00e1got hozta hozta a vil\u00e1gon a foglalkoztat\u00e1s ter\u00e9n - der\u00fcl ki az OECD friss munka\u00fcgyi jelent\u00e9s\u00e9b\u0151l. Az elemz\u00e9s szerint komoly kock\u00e1zata van annak, hogy a k\u00f6vetkez\u0151 \u00e9vekben a most kirobbant v\u00e1ls\u00e1g n\u00f6velni fogja a szeg\u00e9nys\u00e9get \u00e9s","twitter:image":"https:\/\/allasorias.hu\/hirek\/wp-content\/uploads\/2020\/03\/virus-4898571_640.jpg","twitter:label1":"Written by","twitter:data1":"Juh\u00e1sz P\u00e9ter","twitter:label2":"Est. reading time","twitter:data2":"3 minutes"},"aioseo_meta_data":{"post_id":"4128","title":null,"description":null,"keywords":null,"keyphrases":null,"primary_term":null,"canonical_url":null,"og_title":null,"og_description":null,"og_object_type":"default","og_image_type":"default","og_image_url":null,"og_image_width":null,"og_image_height":null,"og_image_custom_url":null,"og_image_custom_fields":null,"og_video":null,"og_custom_url":null,"og_article_section":null,"og_article_tags":null,"twitter_use_og":false,"twitter_card":"default","twitter_image_type":"default","twitter_image_url":null,"twitter_image_custom_url":null,"twitter_image_custom_fields":null,"twitter_title":null,"twitter_description":null,"schema":{"blockGraphs":[],"customGraphs":[],"default":{"data":{"Article":[],"Course":[],"Dataset":[],"FAQPage":[],"Movie":[],"Person":[],"Product":[],"ProductReview":[],"Car":[],"Recipe":[],"Service":[],"SoftwareApplication":[],"WebPage":[]},"graphName":"","isEnabled":true},"graphs":[],"defaultGraph":"","defaultPostTypeGraph":""},"schema_type":null,"schema_type_options":null,"pillar_content":false,"robots_default":true,"robots_noindex":false,"robots_noarchive":false,"robots_nosnippet":false,"robots_nofollow":false,"robots_noimageindex":false,"robots_noodp":false,"robots_notranslate":false,"robots_max_snippet":null,"robots_max_videopreview":null,"robots_max_imagepreview":"large","priority":null,"frequency":null,"location":null,"local_seo":null,"breadcrumb_settings":null,"limit_modified_date":false,"ai":null,"created":"2021-02-01 21:13:45","updated":"2025-10-02 14:10:48","seo_analyzer_scan_date":null,"focus_keyword":null,"additional_keywords":null,"truseo_locale":null},"aioseo_breadcrumb":"<div class=\"aioseo-breadcrumbs\"><span class=\"aioseo-breadcrumb\">\n\t\t\t<a href=\"https:\/\/allasorias.hu\/hirek\" title=\"Home\">Home<\/a>\n\t\t<\/span><span class=\"aioseo-breadcrumb-separator\">&raquo;<\/span><span class=\"aioseo-breadcrumb\">\n\t\t\t<a href=\"https:\/\/allasorias.hu\/hirek\/temak\/gazdasag\/\" title=\"Gazdas\u00e1g\">Gazdas\u00e1g<\/a>\n\t\t<\/span><span class=\"aioseo-breadcrumb-separator\">&raquo;<\/span><span class=\"aioseo-breadcrumb\">\n\t\t\tA v\u00e1ls\u00e1g n\u00f6veli a szeg\u00e9nys\u00e9get \u00e9s az egyenl\u0151tlens\u00e9get\n\t\t<\/span><\/div>","aioseo_breadcrumb_json":[{"label":"Home","link":"https:\/\/allasorias.hu\/hirek"},{"label":"Gazdas\u00e1g","link":"https:\/\/allasorias.hu\/hirek\/temak\/gazdasag\/"},{"label":"A v\u00e1ls\u00e1g n\u00f6veli a szeg\u00e9nys\u00e9get \u00e9s az egyenl\u0151tlens\u00e9get","link":"https:\/\/allasorias.hu\/hirek\/a-valsag-noveli-a-szegenyseget-es-az-egyenlotlenseget\/"}],"_links":{"self":[{"href":"https:\/\/allasorias.hu\/hirek\/wp-json\/wp\/v2\/posts\/4128","targetHints":{"allow":["GET"]}}],"collection":[{"href":"https:\/\/allasorias.hu\/hirek\/wp-json\/wp\/v2\/posts"}],"about":[{"href":"https:\/\/allasorias.hu\/hirek\/wp-json\/wp\/v2\/types\/post"}],"author":[{"embeddable":true,"href":"https:\/\/allasorias.hu\/hirek\/wp-json\/wp\/v2\/users\/1"}],"replies":[{"embeddable":true,"href":"https:\/\/allasorias.hu\/hirek\/wp-json\/wp\/v2\/comments?post=4128"}],"version-history":[{"count":1,"href":"https:\/\/allasorias.hu\/hirek\/wp-json\/wp\/v2\/posts\/4128\/revisions"}],"predecessor-version":[{"id":4129,"href":"https:\/\/allasorias.hu\/hirek\/wp-json\/wp\/v2\/posts\/4128\/revisions\/4129"}],"wp:featuredmedia":[{"embeddable":true,"href":"https:\/\/allasorias.hu\/hirek\/wp-json\/wp\/v2\/media\/3817"}],"wp:attachment":[{"href":"https:\/\/allasorias.hu\/hirek\/wp-json\/wp\/v2\/media?parent=4128"}],"wp:term":[{"taxonomy":"category","embeddable":true,"href":"https:\/\/allasorias.hu\/hirek\/wp-json\/wp\/v2\/categories?post=4128"},{"taxonomy":"post_tag","embeddable":true,"href":"https:\/\/allasorias.hu\/hirek\/wp-json\/wp\/v2\/tags?post=4128"}],"curies":[{"name":"wp","href":"https:\/\/api.w.org\/{rel}","templated":true}]}}