{"id":4123,"date":"2020-07-15T06:39:59","date_gmt":"2020-07-15T06:39:59","guid":{"rendered":"https:\/\/allasorias.hu\/hirek\/?p=4123"},"modified":"2020-07-15T06:39:59","modified_gmt":"2020-07-15T06:39:59","slug":"csokken-a-regisztralt-allaskeresok-szama","status":"publish","type":"post","link":"https:\/\/allasorias.hu\/hirek\/csokken-a-regisztralt-allaskeresok-szama\/","title":{"rendered":"Cs\u00f6kken a regisztr\u00e1lt \u00e1ll\u00e1skeres\u0151k sz\u00e1ma"},"content":{"rendered":"<p><strong>Az Innov\u00e1ci\u00f3s \u00e9s Technol\u00f3giai Miniszt\u00e9rium (ITM) k\u00f6zlem\u00e9nye szerint j\u00faniusban 12 ezerrel dolgoztak t\u00f6bben, mint janu\u00e1rban. Gy\u00f6rgy L\u00e1szl\u00f3, gazdas\u00e1gstrat\u00e9gi\u00e1\u00e9rt \u00e9s szab\u00e1lyoz\u00e1s\u00e9rt felel\u0151s \u00e1llamtitk\u00e1r kiemelete: eredm\u00e9nyes volt a Gazdas\u00e1gv\u00e9delmi akci\u00f3terv els\u0151 k\u00e9t f\u00e1zisa, siker\u00fclt a koronav\u00edrus-j\u00e1rv\u00e1ny \u00e1ltal vesz\u00e9lybe sodort munkahelyeket megmenteni, \u00e9s a megsz\u0171n\u0151k hely\u00e9re \u00fajakat teremteni. <\/strong><\/p>\n<p>R\u00e9szben a Gazdas\u00e1gv\u00e9delmi akci\u00f3terv int\u00e9zked\u00e9seinek k\u00f6sz\u00f6nhet\u0151en a foglalkoztat\u00e1si adatok az elm\u00falt h\u00e9ten tov\u00e1bbra is kedvez\u0151en alakultak. Negyedik hete folyamatosan cs\u00f6kken a regisztr\u00e1lt \u00e1ll\u00e1skeres\u0151k sz\u00e1ma, \u00e9s b\u0151v\u00fcl a foglalkoztat\u00e1s. M\u00edg a K\u00f6zponti Statisztikai Hivatal statisztik\u00e1i szerint a foglalkoztatottak sz\u00e1ma a v\u00e1ls\u00e1g m\u00e9lypontj\u00e1n, \u00e1prilisban 130 ezerrel maradt alatta a febru\u00e1ri \u00e9rt\u00e9knek, a j\u00fanius v\u00e9gi adatok alapj\u00e1n m\u00e1r csak 30 ezerrel &#8211; fejtette ki. S\u0151t a j\u00faniusi foglalkoztat\u00e1si szint 12 ezerrel meg is haladja a janu\u00e1rit. A magyar foglalkoztat\u00e1si helyzet akkor \u00e9rthet\u0151 meg igaz\u00e1n az \u00e1llamtitk\u00e1r szerint, ha &#8222;t\u00e1vlatosan gondolkodunk&#8221;: 2020 j\u00fanius\u00e1ban 4 milli\u00f3 470 ezren dolgoztak, 742 ezerrel t\u00f6bben, mint 10 \u00e9ve, 2010-ben. A munkahelyv\u00e9delmi b\u00e9rt\u00e1mogat\u00e1s eddig csaknem 14 ezer v\u00e1llalkoz\u00e1s eset\u00e9n j\u00e1rult hozz\u00e1 a munkav\u00e1llal\u00f3k megtart\u00e1s\u00e1hoz: eddig mintegy 200 ezer munkav\u00e1llal\u00f3 ut\u00e1n mintegy 33 milli\u00e1rd forint \u00e9rt\u00e9kben ig\u00e9nyelt\u00e9k a t\u00e1mogat\u00e1st a v\u00e1llalkoz\u00e1sok. Ezt eg\u00e9sz\u00edti ki a kutat\u00e1s-fejleszt\u00e9si munkak\u00f6rben dolgoz\u00f3k ut\u00e1n ig\u00e9nyelt, az eg\u00e9sz vil\u00e1gon egyed\u00fcl\u00e1ll\u00f3 t\u00e1mogat\u00e1si forma, amelyet k\u00f6zel ezer v\u00e1llalkoz\u00e1s ig\u00e9nyelt, t\u00f6bb mint 18 ezer alkalmazott ut\u00e1n, nagyj\u00e1b\u00f3l 14 milli\u00e1rd forint \u00e9rt\u00e9kben. A r\u00e9giek megtart\u00e1sa mellett az \u00faj munkahelyek l\u00e9trehoz\u00e1s\u00e1t k\u00f6zvetlen\u00fcl a 24 ezer v\u00e1llalkoz\u00e1s \u00e1ltal ig\u00e9nyelt munkahelyteremt\u0151 b\u00e9rt\u00e1mogat\u00e1s szolg\u00e1lja. A konstrukci\u00f3 eddig t\u00f6bb mint 33 ezer munkahely l\u00e9trej\u00f6tt\u00e9hez j\u00e1rult hozz\u00e1, k\u00f6zel 39 milli\u00e1rd forint k\u00f6lts\u00e9gvet\u00e9si t\u00e1mogat\u00e1ssal &#8211; ismertette. A t\u00e1j\u00e9koztat\u00e1sa szerint a k\u00f6zvetlen t\u00e1mogat\u00e1s mellett az int\u00e9zked\u00e9sek jelent\u0151s r\u00e9sze ink\u00e1bb k\u00f6zvetett m\u00f3don, a beruh\u00e1z\u00e1sok t\u00e1mogat\u00e1s\u00e1n kereszt\u00fcl j\u00e1rul hozz\u00e1 a munkahelyteremt\u00e9shez. A k\u00fcl\u00f6nf\u00e9le beruh\u00e1z\u00e1s-t\u00e1mogat\u00e1si programokkal a korm\u00e1ny eddig t\u00f6bb mint 500 milli\u00e1rd forinttal t\u00e1mogatta a hazai v\u00e1llalkoz\u00e1sokat. Ez\u00e1ltal csaknem 900 milli\u00e1rd forint \u00e9rt\u00e9k\u0171 \u00faj fejleszt\u00e9s val\u00f3sulhat meg a k\u00f6zelj\u00f6v\u0151ben.<\/p>\n<p>Forr\u00e1s: profitline.hu<\/p>\n","protected":false},"excerpt":{"rendered":"<p>Az Innov\u00e1ci\u00f3s \u00e9s Technol\u00f3giai Miniszt\u00e9rium (ITM) k\u00f6zlem\u00e9nye szerint j\u00faniusban 12 ezerrel dolgoztak t\u00f6bben, mint janu\u00e1rban. Gy\u00f6rgy L\u00e1szl\u00f3, gazdas\u00e1gstrat\u00e9gi\u00e1\u00e9rt \u00e9s szab\u00e1lyoz\u00e1s\u00e9rt felel\u0151s \u00e1llamtitk\u00e1r kiemelete: eredm\u00e9nyes volt a Gazdas\u00e1gv\u00e9delmi akci\u00f3terv els\u0151 k\u00e9t f\u00e1zisa, siker\u00fclt a koronav\u00edrus-j\u00e1rv\u00e1ny \u00e1ltal vesz\u00e9lybe sodort munkahelyeket megmenteni, \u00e9s a megsz\u0171n\u0151k hely\u00e9re \u00fajakat teremteni. R\u00e9szben a Gazdas\u00e1gv\u00e9delmi akci\u00f3terv int\u00e9zked\u00e9seinek k\u00f6sz\u00f6nhet\u0151en a foglalkoztat\u00e1si adatok az [&hellip;]<\/p>\n","protected":false},"author":1,"featured_media":4124,"comment_status":"open","ping_status":"open","sticky":false,"template":"","format":"standard","meta":{"_monsterinsights_skip_tracking":false,"footnotes":""},"categories":[200],"tags":[],"class_list":["post-4123","post","type-post","status-publish","format-standard","has-post-thumbnail","hentry","category-munkaeropiac"],"aioseo_notices":[],"aioseo_head":"\n\t\t<!-- All in One SEO 5.0.0.1 - aioseo.com -->\n\t<meta name=\"description\" content=\"Az Innov\u00e1ci\u00f3s \u00e9s Technol\u00f3giai Miniszt\u00e9rium (ITM) k\u00f6zlem\u00e9nye szerint j\u00faniusban 12 ezerrel dolgoztak t\u00f6bben, mint janu\u00e1rban. Gy\u00f6rgy L\u00e1szl\u00f3, gazdas\u00e1gstrat\u00e9gi\u00e1\u00e9rt \u00e9s szab\u00e1lyoz\u00e1s\u00e9rt felel\u0151s \u00e1llamtitk\u00e1r kiemelete: eredm\u00e9nyes volt a Gazdas\u00e1gv\u00e9delmi akci\u00f3terv els\u0151 k\u00e9t f\u00e1zisa, siker\u00fclt a koronav\u00edrus-j\u00e1rv\u00e1ny \u00e1ltal vesz\u00e9lybe sodort munkahelyeket megmenteni, \u00e9s a megsz\u0171n\u0151k hely\u00e9re \u00fajakat teremteni. R\u00e9szben a Gazdas\u00e1gv\u00e9delmi akci\u00f3terv int\u00e9zked\u00e9seinek k\u00f6sz\u00f6nhet\u0151en a foglalkoztat\u00e1si adatok az\" \/>\n\t<meta name=\"robots\" content=\"max-image-preview:large\" \/>\n\t<meta name=\"author\" content=\"Juh\u00e1sz P\u00e9ter\"\/>\n\t<link rel=\"canonical\" href=\"https:\/\/allasorias.hu\/hirek\/csokken-a-regisztralt-allaskeresok-szama\/\" \/>\n\t<meta name=\"generator\" content=\"All in One SEO (AIOSEO) 5.0.0.1\" \/>\n\t\t<meta property=\"og:locale\" content=\"hu_HU\" \/>\n\t\t<meta property=\"og:site_name\" content=\"AllasOrias.hu | H\u00edrek-lapszemle | \u00dczleti h\u00edrek az \u00e1ll\u00e1s \u00e9s a munka vil\u00e1g\u00e1b\u00f3l\" \/>\n\t\t<meta property=\"og:type\" content=\"article\" \/>\n\t\t<meta property=\"og:title\" content=\"Cs\u00f6kken a regisztr\u00e1lt \u00e1ll\u00e1skeres\u0151k sz\u00e1ma | AllasOrias.hu | H\u00edrek-lapszemle\" \/>\n\t\t<meta property=\"og:description\" content=\"Az Innov\u00e1ci\u00f3s \u00e9s Technol\u00f3giai Miniszt\u00e9rium (ITM) k\u00f6zlem\u00e9nye szerint j\u00faniusban 12 ezerrel dolgoztak t\u00f6bben, mint janu\u00e1rban. Gy\u00f6rgy L\u00e1szl\u00f3, gazdas\u00e1gstrat\u00e9gi\u00e1\u00e9rt \u00e9s szab\u00e1lyoz\u00e1s\u00e9rt felel\u0151s \u00e1llamtitk\u00e1r kiemelete: eredm\u00e9nyes volt a Gazdas\u00e1gv\u00e9delmi akci\u00f3terv els\u0151 k\u00e9t f\u00e1zisa, siker\u00fclt a koronav\u00edrus-j\u00e1rv\u00e1ny \u00e1ltal vesz\u00e9lybe sodort munkahelyeket megmenteni, \u00e9s a megsz\u0171n\u0151k hely\u00e9re \u00fajakat teremteni. R\u00e9szben a Gazdas\u00e1gv\u00e9delmi akci\u00f3terv int\u00e9zked\u00e9seinek k\u00f6sz\u00f6nhet\u0151en a foglalkoztat\u00e1si adatok az\" \/>\n\t\t<meta property=\"og:url\" content=\"https:\/\/allasorias.hu\/hirek\/csokken-a-regisztralt-allaskeresok-szama\/\" \/>\n\t\t<meta property=\"og:image\" content=\"https:\/\/allasorias.hu\/hirek\/wp-content\/uploads\/2020\/07\/OE5MJV0.jpg\" \/>\n\t\t<meta property=\"og:image:secure_url\" content=\"https:\/\/allasorias.hu\/hirek\/wp-content\/uploads\/2020\/07\/OE5MJV0.jpg\" \/>\n\t\t<meta property=\"og:image:width\" content=\"1280\" \/>\n\t\t<meta property=\"og:image:height\" content=\"896\" \/>\n\t\t<meta property=\"article:published_time\" content=\"2020-07-15T06:39:59+00:00\" \/>\n\t\t<meta property=\"article:modified_time\" content=\"2020-07-15T06:39:59+00:00\" \/>\n\t\t<meta property=\"article:publisher\" content=\"https:\/\/www.facebook.com\/allasorias\" \/>\n\t\t<meta name=\"twitter:card\" content=\"summary_large_image\" \/>\n\t\t<meta name=\"twitter:title\" content=\"Cs\u00f6kken a regisztr\u00e1lt \u00e1ll\u00e1skeres\u0151k sz\u00e1ma | AllasOrias.hu | H\u00edrek-lapszemle\" \/>\n\t\t<meta name=\"twitter:description\" content=\"Az Innov\u00e1ci\u00f3s \u00e9s Technol\u00f3giai Miniszt\u00e9rium (ITM) k\u00f6zlem\u00e9nye szerint j\u00faniusban 12 ezerrel dolgoztak t\u00f6bben, mint janu\u00e1rban. Gy\u00f6rgy L\u00e1szl\u00f3, gazdas\u00e1gstrat\u00e9gi\u00e1\u00e9rt \u00e9s szab\u00e1lyoz\u00e1s\u00e9rt felel\u0151s \u00e1llamtitk\u00e1r kiemelete: eredm\u00e9nyes volt a Gazdas\u00e1gv\u00e9delmi akci\u00f3terv els\u0151 k\u00e9t f\u00e1zisa, siker\u00fclt a koronav\u00edrus-j\u00e1rv\u00e1ny \u00e1ltal vesz\u00e9lybe sodort munkahelyeket megmenteni, \u00e9s a megsz\u0171n\u0151k hely\u00e9re \u00fajakat teremteni. R\u00e9szben a Gazdas\u00e1gv\u00e9delmi akci\u00f3terv int\u00e9zked\u00e9seinek k\u00f6sz\u00f6nhet\u0151en a foglalkoztat\u00e1si adatok az\" \/>\n\t\t<meta name=\"twitter:image\" content=\"https:\/\/allasorias.hu\/hirek\/wp-content\/uploads\/2020\/07\/OE5MJV0.jpg\" \/>\n\t\t<meta name=\"twitter:label1\" content=\"Written by\" \/>\n\t\t<meta name=\"twitter:data1\" content=\"Juh\u00e1sz P\u00e9ter\" \/>\n\t\t<meta name=\"twitter:label2\" content=\"Est. reading time\" \/>\n\t\t<meta name=\"twitter:data2\" content=\"2 minutes\" \/>\n\t\t<script type=\"application\/ld+json\" class=\"aioseo-schema\">\n\t\t\t{\"@context\":\"https:\\\/\\\/schema.org\",\"@graph\":[{\"@type\":\"Article\",\"@id\":\"https:\\\/\\\/allasorias.hu\\\/hirek\\\/csokken-a-regisztralt-allaskeresok-szama\\\/#article\",\"name\":\"Cs\\u00f6kken a regisztr\\u00e1lt \\u00e1ll\\u00e1skeres\\u0151k sz\\u00e1ma | AllasOrias.hu | H\\u00edrek-lapszemle\",\"headline\":\"Cs\\u00f6kken a regisztr\\u00e1lt \\u00e1ll\\u00e1skeres\\u0151k sz\\u00e1ma\",\"author\":{\"@id\":\"https:\\\/\\\/allasorias.hu\\\/hirek\\\/author\\\/admin-allasorias\\\/#author\"},\"publisher\":{\"@id\":\"https:\\\/\\\/allasorias.hu\\\/hirek\\\/#organization\"},\"image\":{\"@type\":\"ImageObject\",\"url\":\"https:\\\/\\\/allasorias.hu\\\/hirek\\\/wp-content\\\/uploads\\\/2020\\\/07\\\/OE5MJV0.jpg\",\"width\":1280,\"height\":896,\"caption\":\"magnifying lens over teamwork series with leader\"},\"datePublished\":\"2020-07-15T06:39:59+02:00\",\"dateModified\":\"2020-07-15T06:39:59+02:00\",\"inLanguage\":\"hu-HU\",\"mainEntityOfPage\":{\"@id\":\"https:\\\/\\\/allasorias.hu\\\/hirek\\\/csokken-a-regisztralt-allaskeresok-szama\\\/#webpage\"},\"isPartOf\":{\"@id\":\"https:\\\/\\\/allasorias.hu\\\/hirek\\\/csokken-a-regisztralt-allaskeresok-szama\\\/#webpage\"},\"articleSection\":\"Munkaer\\u0151piac\"},{\"@type\":\"BreadcrumbList\",\"@id\":\"https:\\\/\\\/allasorias.hu\\\/hirek\\\/csokken-a-regisztralt-allaskeresok-szama\\\/#breadcrumblist\",\"itemListElement\":[{\"@type\":\"ListItem\",\"@id\":\"https:\\\/\\\/allasorias.hu\\\/hirek#listItem\",\"position\":1,\"name\":\"Home\",\"item\":\"https:\\\/\\\/allasorias.hu\\\/hirek\",\"nextItem\":{\"@type\":\"ListItem\",\"@id\":\"https:\\\/\\\/allasorias.hu\\\/hirek\\\/temak\\\/munkaeropiac\\\/#listItem\",\"name\":\"Munkaer\\u0151piac\"}},{\"@type\":\"ListItem\",\"@id\":\"https:\\\/\\\/allasorias.hu\\\/hirek\\\/temak\\\/munkaeropiac\\\/#listItem\",\"position\":2,\"name\":\"Munkaer\\u0151piac\",\"item\":\"https:\\\/\\\/allasorias.hu\\\/hirek\\\/temak\\\/munkaeropiac\\\/\",\"nextItem\":{\"@type\":\"ListItem\",\"@id\":\"https:\\\/\\\/allasorias.hu\\\/hirek\\\/csokken-a-regisztralt-allaskeresok-szama\\\/#listItem\",\"name\":\"Cs\\u00f6kken a regisztr\\u00e1lt \\u00e1ll\\u00e1skeres\\u0151k sz\\u00e1ma\"},\"previousItem\":{\"@type\":\"ListItem\",\"@id\":\"https:\\\/\\\/allasorias.hu\\\/hirek#listItem\",\"name\":\"Home\"}},{\"@type\":\"ListItem\",\"@id\":\"https:\\\/\\\/allasorias.hu\\\/hirek\\\/csokken-a-regisztralt-allaskeresok-szama\\\/#listItem\",\"position\":3,\"name\":\"Cs\\u00f6kken a regisztr\\u00e1lt \\u00e1ll\\u00e1skeres\\u0151k sz\\u00e1ma\",\"previousItem\":{\"@type\":\"ListItem\",\"@id\":\"https:\\\/\\\/allasorias.hu\\\/hirek\\\/temak\\\/munkaeropiac\\\/#listItem\",\"name\":\"Munkaer\\u0151piac\"}}]},{\"@type\":\"Organization\",\"@id\":\"https:\\\/\\\/allasorias.hu\\\/hirek\\\/#organization\",\"name\":\"AllasOrias.hu | H\\u00edrek-lapszemle\",\"description\":\"\\u00dczleti h\\u00edrek az \\u00e1ll\\u00e1s \\u00e9s a munka vil\\u00e1g\\u00e1b\\u00f3l\",\"url\":\"https:\\\/\\\/allasorias.hu\\\/hirek\\\/\",\"logo\":{\"@type\":\"ImageObject\",\"url\":\"https:\\\/\\\/allasorias.hu\\\/hirek\\\/wp-content\\\/uploads\\\/2022\\\/10\\\/allasorias_site_facebok_logo.png\",\"@id\":\"https:\\\/\\\/allasorias.hu\\\/hirek\\\/csokken-a-regisztralt-allaskeresok-szama\\\/#organizationLogo\"},\"image\":{\"@id\":\"https:\\\/\\\/allasorias.hu\\\/hirek\\\/csokken-a-regisztralt-allaskeresok-szama\\\/#organizationLogo\"},\"sameAs\":[\"https:\\\/\\\/www.facebook.com\\\/allasorias\",\"https:\\\/\\\/www.linkedin.com\\\/company\\\/allasorias\"]},{\"@type\":\"Person\",\"@id\":\"https:\\\/\\\/allasorias.hu\\\/hirek\\\/author\\\/admin-allasorias\\\/#author\",\"url\":\"https:\\\/\\\/allasorias.hu\\\/hirek\\\/author\\\/admin-allasorias\\\/\",\"name\":\"Juh\\u00e1sz P\\u00e9ter\",\"image\":{\"@type\":\"ImageObject\",\"@id\":\"https:\\\/\\\/allasorias.hu\\\/hirek\\\/csokken-a-regisztralt-allaskeresok-szama\\\/#authorImage\",\"url\":\"https:\\\/\\\/secure.gravatar.com\\\/avatar\\\/36e6bcb83148978b992977cb0f54d22feb0cce8a0a849a9410532bb2623ba4c6?s=96&d=mm&r=g\",\"width\":96,\"height\":96,\"caption\":\"Juh\\u00e1sz P\\u00e9ter\"}},{\"@type\":\"WebPage\",\"@id\":\"https:\\\/\\\/allasorias.hu\\\/hirek\\\/csokken-a-regisztralt-allaskeresok-szama\\\/#webpage\",\"url\":\"https:\\\/\\\/allasorias.hu\\\/hirek\\\/csokken-a-regisztralt-allaskeresok-szama\\\/\",\"name\":\"Cs\\u00f6kken a regisztr\\u00e1lt \\u00e1ll\\u00e1skeres\\u0151k sz\\u00e1ma | AllasOrias.hu | H\\u00edrek-lapszemle\",\"description\":\"Az Innov\\u00e1ci\\u00f3s \\u00e9s Technol\\u00f3giai Miniszt\\u00e9rium (ITM) k\\u00f6zlem\\u00e9nye szerint j\\u00faniusban 12 ezerrel dolgoztak t\\u00f6bben, mint janu\\u00e1rban. Gy\\u00f6rgy L\\u00e1szl\\u00f3, gazdas\\u00e1gstrat\\u00e9gi\\u00e1\\u00e9rt \\u00e9s szab\\u00e1lyoz\\u00e1s\\u00e9rt felel\\u0151s \\u00e1llamtitk\\u00e1r kiemelete: eredm\\u00e9nyes volt a Gazdas\\u00e1gv\\u00e9delmi akci\\u00f3terv els\\u0151 k\\u00e9t f\\u00e1zisa, siker\\u00fclt a koronav\\u00edrus-j\\u00e1rv\\u00e1ny \\u00e1ltal vesz\\u00e9lybe sodort munkahelyeket megmenteni, \\u00e9s a megsz\\u0171n\\u0151k hely\\u00e9re \\u00fajakat teremteni. R\\u00e9szben a Gazdas\\u00e1gv\\u00e9delmi akci\\u00f3terv int\\u00e9zked\\u00e9seinek k\\u00f6sz\\u00f6nhet\\u0151en a foglalkoztat\\u00e1si adatok az\",\"inLanguage\":\"hu-HU\",\"isPartOf\":{\"@id\":\"https:\\\/\\\/allasorias.hu\\\/hirek\\\/#website\"},\"breadcrumb\":{\"@id\":\"https:\\\/\\\/allasorias.hu\\\/hirek\\\/csokken-a-regisztralt-allaskeresok-szama\\\/#breadcrumblist\"},\"author\":{\"@id\":\"https:\\\/\\\/allasorias.hu\\\/hirek\\\/author\\\/admin-allasorias\\\/#author\"},\"creator\":{\"@id\":\"https:\\\/\\\/allasorias.hu\\\/hirek\\\/author\\\/admin-allasorias\\\/#author\"},\"image\":{\"@type\":\"ImageObject\",\"url\":\"https:\\\/\\\/allasorias.hu\\\/hirek\\\/wp-content\\\/uploads\\\/2020\\\/07\\\/OE5MJV0.jpg\",\"@id\":\"https:\\\/\\\/allasorias.hu\\\/hirek\\\/csokken-a-regisztralt-allaskeresok-szama\\\/#mainImage\",\"width\":1280,\"height\":896,\"caption\":\"magnifying lens over teamwork series with leader\"},\"primaryImageOfPage\":{\"@id\":\"https:\\\/\\\/allasorias.hu\\\/hirek\\\/csokken-a-regisztralt-allaskeresok-szama\\\/#mainImage\"},\"datePublished\":\"2020-07-15T06:39:59+02:00\",\"dateModified\":\"2020-07-15T06:39:59+02:00\"},{\"@type\":\"WebSite\",\"@id\":\"https:\\\/\\\/allasorias.hu\\\/hirek\\\/#website\",\"url\":\"https:\\\/\\\/allasorias.hu\\\/hirek\\\/\",\"name\":\"AllasOrias.hu | H\\u00edrek-lapszemle\",\"description\":\"\\u00dczleti h\\u00edrek az \\u00e1ll\\u00e1s \\u00e9s a munka vil\\u00e1g\\u00e1b\\u00f3l\",\"inLanguage\":\"hu-HU\",\"publisher\":{\"@id\":\"https:\\\/\\\/allasorias.hu\\\/hirek\\\/#organization\"}}]}\n\t\t<\/script>\n\t\t<!-- All in One SEO -->\n\n","aioseo_head_json":{"title":"Cs\u00f6kken a regisztr\u00e1lt \u00e1ll\u00e1skeres\u0151k sz\u00e1ma | AllasOrias.hu | H\u00edrek-lapszemle","description":"Az Innov\u00e1ci\u00f3s \u00e9s Technol\u00f3giai Miniszt\u00e9rium (ITM) k\u00f6zlem\u00e9nye szerint j\u00faniusban 12 ezerrel dolgoztak t\u00f6bben, mint janu\u00e1rban. Gy\u00f6rgy L\u00e1szl\u00f3, gazdas\u00e1gstrat\u00e9gi\u00e1\u00e9rt \u00e9s szab\u00e1lyoz\u00e1s\u00e9rt felel\u0151s \u00e1llamtitk\u00e1r kiemelete: eredm\u00e9nyes volt a Gazdas\u00e1gv\u00e9delmi akci\u00f3terv els\u0151 k\u00e9t f\u00e1zisa, siker\u00fclt a koronav\u00edrus-j\u00e1rv\u00e1ny \u00e1ltal vesz\u00e9lybe sodort munkahelyeket megmenteni, \u00e9s a megsz\u0171n\u0151k hely\u00e9re \u00fajakat teremteni. R\u00e9szben a Gazdas\u00e1gv\u00e9delmi akci\u00f3terv int\u00e9zked\u00e9seinek k\u00f6sz\u00f6nhet\u0151en a foglalkoztat\u00e1si adatok az","canonical_url":"https:\/\/allasorias.hu\/hirek\/csokken-a-regisztralt-allaskeresok-szama\/","robots":"max-image-preview:large","keywords":"","webmasterTools":{"miscellaneous":""},"schema":{"@context":"https:\/\/schema.org","@graph":[{"@type":"Article","@id":"https:\/\/allasorias.hu\/hirek\/csokken-a-regisztralt-allaskeresok-szama\/#article","name":"Cs\u00f6kken a regisztr\u00e1lt \u00e1ll\u00e1skeres\u0151k sz\u00e1ma | AllasOrias.hu | H\u00edrek-lapszemle","headline":"Cs\u00f6kken a regisztr\u00e1lt \u00e1ll\u00e1skeres\u0151k sz\u00e1ma","author":{"@id":"https:\/\/allasorias.hu\/hirek\/author\/admin-allasorias\/#author"},"publisher":{"@id":"https:\/\/allasorias.hu\/hirek\/#organization"},"image":{"@type":"ImageObject","url":"https:\/\/allasorias.hu\/hirek\/wp-content\/uploads\/2020\/07\/OE5MJV0.jpg","width":1280,"height":896,"caption":"magnifying lens over teamwork series with leader"},"datePublished":"2020-07-15T06:39:59+02:00","dateModified":"2020-07-15T06:39:59+02:00","inLanguage":"hu-HU","mainEntityOfPage":{"@id":"https:\/\/allasorias.hu\/hirek\/csokken-a-regisztralt-allaskeresok-szama\/#webpage"},"isPartOf":{"@id":"https:\/\/allasorias.hu\/hirek\/csokken-a-regisztralt-allaskeresok-szama\/#webpage"},"articleSection":"Munkaer\u0151piac"},{"@type":"BreadcrumbList","@id":"https:\/\/allasorias.hu\/hirek\/csokken-a-regisztralt-allaskeresok-szama\/#breadcrumblist","itemListElement":[{"@type":"ListItem","@id":"https:\/\/allasorias.hu\/hirek#listItem","position":1,"name":"Home","item":"https:\/\/allasorias.hu\/hirek","nextItem":{"@type":"ListItem","@id":"https:\/\/allasorias.hu\/hirek\/temak\/munkaeropiac\/#listItem","name":"Munkaer\u0151piac"}},{"@type":"ListItem","@id":"https:\/\/allasorias.hu\/hirek\/temak\/munkaeropiac\/#listItem","position":2,"name":"Munkaer\u0151piac","item":"https:\/\/allasorias.hu\/hirek\/temak\/munkaeropiac\/","nextItem":{"@type":"ListItem","@id":"https:\/\/allasorias.hu\/hirek\/csokken-a-regisztralt-allaskeresok-szama\/#listItem","name":"Cs\u00f6kken a regisztr\u00e1lt \u00e1ll\u00e1skeres\u0151k sz\u00e1ma"},"previousItem":{"@type":"ListItem","@id":"https:\/\/allasorias.hu\/hirek#listItem","name":"Home"}},{"@type":"ListItem","@id":"https:\/\/allasorias.hu\/hirek\/csokken-a-regisztralt-allaskeresok-szama\/#listItem","position":3,"name":"Cs\u00f6kken a regisztr\u00e1lt \u00e1ll\u00e1skeres\u0151k sz\u00e1ma","previousItem":{"@type":"ListItem","@id":"https:\/\/allasorias.hu\/hirek\/temak\/munkaeropiac\/#listItem","name":"Munkaer\u0151piac"}}]},{"@type":"Organization","@id":"https:\/\/allasorias.hu\/hirek\/#organization","name":"AllasOrias.hu | H\u00edrek-lapszemle","description":"\u00dczleti h\u00edrek az \u00e1ll\u00e1s \u00e9s a munka vil\u00e1g\u00e1b\u00f3l","url":"https:\/\/allasorias.hu\/hirek\/","logo":{"@type":"ImageObject","url":"https:\/\/allasorias.hu\/hirek\/wp-content\/uploads\/2022\/10\/allasorias_site_facebok_logo.png","@id":"https:\/\/allasorias.hu\/hirek\/csokken-a-regisztralt-allaskeresok-szama\/#organizationLogo"},"image":{"@id":"https:\/\/allasorias.hu\/hirek\/csokken-a-regisztralt-allaskeresok-szama\/#organizationLogo"},"sameAs":["https:\/\/www.facebook.com\/allasorias","https:\/\/www.linkedin.com\/company\/allasorias"]},{"@type":"Person","@id":"https:\/\/allasorias.hu\/hirek\/author\/admin-allasorias\/#author","url":"https:\/\/allasorias.hu\/hirek\/author\/admin-allasorias\/","name":"Juh\u00e1sz P\u00e9ter","image":{"@type":"ImageObject","@id":"https:\/\/allasorias.hu\/hirek\/csokken-a-regisztralt-allaskeresok-szama\/#authorImage","url":"https:\/\/secure.gravatar.com\/avatar\/36e6bcb83148978b992977cb0f54d22feb0cce8a0a849a9410532bb2623ba4c6?s=96&d=mm&r=g","width":96,"height":96,"caption":"Juh\u00e1sz P\u00e9ter"}},{"@type":"WebPage","@id":"https:\/\/allasorias.hu\/hirek\/csokken-a-regisztralt-allaskeresok-szama\/#webpage","url":"https:\/\/allasorias.hu\/hirek\/csokken-a-regisztralt-allaskeresok-szama\/","name":"Cs\u00f6kken a regisztr\u00e1lt \u00e1ll\u00e1skeres\u0151k sz\u00e1ma | AllasOrias.hu | H\u00edrek-lapszemle","description":"Az Innov\u00e1ci\u00f3s \u00e9s Technol\u00f3giai Miniszt\u00e9rium (ITM) k\u00f6zlem\u00e9nye szerint j\u00faniusban 12 ezerrel dolgoztak t\u00f6bben, mint janu\u00e1rban. Gy\u00f6rgy L\u00e1szl\u00f3, gazdas\u00e1gstrat\u00e9gi\u00e1\u00e9rt \u00e9s szab\u00e1lyoz\u00e1s\u00e9rt felel\u0151s \u00e1llamtitk\u00e1r kiemelete: eredm\u00e9nyes volt a Gazdas\u00e1gv\u00e9delmi akci\u00f3terv els\u0151 k\u00e9t f\u00e1zisa, siker\u00fclt a koronav\u00edrus-j\u00e1rv\u00e1ny \u00e1ltal vesz\u00e9lybe sodort munkahelyeket megmenteni, \u00e9s a megsz\u0171n\u0151k hely\u00e9re \u00fajakat teremteni. R\u00e9szben a Gazdas\u00e1gv\u00e9delmi akci\u00f3terv int\u00e9zked\u00e9seinek k\u00f6sz\u00f6nhet\u0151en a foglalkoztat\u00e1si adatok az","inLanguage":"hu-HU","isPartOf":{"@id":"https:\/\/allasorias.hu\/hirek\/#website"},"breadcrumb":{"@id":"https:\/\/allasorias.hu\/hirek\/csokken-a-regisztralt-allaskeresok-szama\/#breadcrumblist"},"author":{"@id":"https:\/\/allasorias.hu\/hirek\/author\/admin-allasorias\/#author"},"creator":{"@id":"https:\/\/allasorias.hu\/hirek\/author\/admin-allasorias\/#author"},"image":{"@type":"ImageObject","url":"https:\/\/allasorias.hu\/hirek\/wp-content\/uploads\/2020\/07\/OE5MJV0.jpg","@id":"https:\/\/allasorias.hu\/hirek\/csokken-a-regisztralt-allaskeresok-szama\/#mainImage","width":1280,"height":896,"caption":"magnifying lens over teamwork series with leader"},"primaryImageOfPage":{"@id":"https:\/\/allasorias.hu\/hirek\/csokken-a-regisztralt-allaskeresok-szama\/#mainImage"},"datePublished":"2020-07-15T06:39:59+02:00","dateModified":"2020-07-15T06:39:59+02:00"},{"@type":"WebSite","@id":"https:\/\/allasorias.hu\/hirek\/#website","url":"https:\/\/allasorias.hu\/hirek\/","name":"AllasOrias.hu | H\u00edrek-lapszemle","description":"\u00dczleti h\u00edrek az \u00e1ll\u00e1s \u00e9s a munka vil\u00e1g\u00e1b\u00f3l","inLanguage":"hu-HU","publisher":{"@id":"https:\/\/allasorias.hu\/hirek\/#organization"}}]},"og:locale":"hu_HU","og:site_name":"AllasOrias.hu | H\u00edrek-lapszemle | \u00dczleti h\u00edrek az \u00e1ll\u00e1s \u00e9s a munka vil\u00e1g\u00e1b\u00f3l","og:type":"article","og:title":"Cs\u00f6kken a regisztr\u00e1lt \u00e1ll\u00e1skeres\u0151k sz\u00e1ma | AllasOrias.hu | H\u00edrek-lapszemle","og:description":"Az Innov\u00e1ci\u00f3s \u00e9s Technol\u00f3giai Miniszt\u00e9rium (ITM) k\u00f6zlem\u00e9nye szerint j\u00faniusban 12 ezerrel dolgoztak t\u00f6bben, mint janu\u00e1rban. Gy\u00f6rgy L\u00e1szl\u00f3, gazdas\u00e1gstrat\u00e9gi\u00e1\u00e9rt \u00e9s szab\u00e1lyoz\u00e1s\u00e9rt felel\u0151s \u00e1llamtitk\u00e1r kiemelete: eredm\u00e9nyes volt a Gazdas\u00e1gv\u00e9delmi akci\u00f3terv els\u0151 k\u00e9t f\u00e1zisa, siker\u00fclt a koronav\u00edrus-j\u00e1rv\u00e1ny \u00e1ltal vesz\u00e9lybe sodort munkahelyeket megmenteni, \u00e9s a megsz\u0171n\u0151k hely\u00e9re \u00fajakat teremteni. R\u00e9szben a Gazdas\u00e1gv\u00e9delmi akci\u00f3terv int\u00e9zked\u00e9seinek k\u00f6sz\u00f6nhet\u0151en a foglalkoztat\u00e1si adatok az","og:url":"https:\/\/allasorias.hu\/hirek\/csokken-a-regisztralt-allaskeresok-szama\/","og:image":"https:\/\/allasorias.hu\/hirek\/wp-content\/uploads\/2020\/07\/OE5MJV0.jpg","og:image:secure_url":"https:\/\/allasorias.hu\/hirek\/wp-content\/uploads\/2020\/07\/OE5MJV0.jpg","og:image:width":1280,"og:image:height":896,"article:published_time":"2020-07-15T06:39:59+00:00","article:modified_time":"2020-07-15T06:39:59+00:00","article:publisher":"https:\/\/www.facebook.com\/allasorias","twitter:card":"summary_large_image","twitter:title":"Cs\u00f6kken a regisztr\u00e1lt \u00e1ll\u00e1skeres\u0151k sz\u00e1ma | AllasOrias.hu | H\u00edrek-lapszemle","twitter:description":"Az Innov\u00e1ci\u00f3s \u00e9s Technol\u00f3giai Miniszt\u00e9rium (ITM) k\u00f6zlem\u00e9nye szerint j\u00faniusban 12 ezerrel dolgoztak t\u00f6bben, mint janu\u00e1rban. Gy\u00f6rgy L\u00e1szl\u00f3, gazdas\u00e1gstrat\u00e9gi\u00e1\u00e9rt \u00e9s szab\u00e1lyoz\u00e1s\u00e9rt felel\u0151s \u00e1llamtitk\u00e1r kiemelete: eredm\u00e9nyes volt a Gazdas\u00e1gv\u00e9delmi akci\u00f3terv els\u0151 k\u00e9t f\u00e1zisa, siker\u00fclt a koronav\u00edrus-j\u00e1rv\u00e1ny \u00e1ltal vesz\u00e9lybe sodort munkahelyeket megmenteni, \u00e9s a megsz\u0171n\u0151k hely\u00e9re \u00fajakat teremteni. R\u00e9szben a Gazdas\u00e1gv\u00e9delmi akci\u00f3terv int\u00e9zked\u00e9seinek k\u00f6sz\u00f6nhet\u0151en a foglalkoztat\u00e1si adatok az","twitter:image":"https:\/\/allasorias.hu\/hirek\/wp-content\/uploads\/2020\/07\/OE5MJV0.jpg","twitter:label1":"Written by","twitter:data1":"Juh\u00e1sz P\u00e9ter","twitter:label2":"Est. reading time","twitter:data2":"2 minutes"},"aioseo_meta_data":{"post_id":"4123","title":null,"description":null,"keywords":null,"keyphrases":null,"primary_term":null,"canonical_url":null,"og_title":null,"og_description":null,"og_object_type":"default","og_image_type":"default","og_image_url":null,"og_image_width":null,"og_image_height":null,"og_image_custom_url":null,"og_image_custom_fields":null,"og_video":null,"og_custom_url":null,"og_article_section":null,"og_article_tags":null,"twitter_use_og":false,"twitter_card":"default","twitter_image_type":"default","twitter_image_url":null,"twitter_image_custom_url":null,"twitter_image_custom_fields":null,"twitter_title":null,"twitter_description":null,"schema":{"blockGraphs":[],"customGraphs":[],"default":{"data":{"Article":[],"Course":[],"Dataset":[],"FAQPage":[],"Movie":[],"Person":[],"Product":[],"ProductReview":[],"Car":[],"Recipe":[],"Service":[],"SoftwareApplication":[],"WebPage":[]},"graphName":"","isEnabled":true},"graphs":[],"defaultGraph":"","defaultPostTypeGraph":""},"schema_type":null,"schema_type_options":null,"pillar_content":false,"robots_default":true,"robots_noindex":false,"robots_noarchive":false,"robots_nosnippet":false,"robots_nofollow":false,"robots_noimageindex":false,"robots_noodp":false,"robots_notranslate":false,"robots_max_snippet":null,"robots_max_videopreview":null,"robots_max_imagepreview":"large","priority":null,"frequency":null,"location":null,"local_seo":null,"breadcrumb_settings":null,"limit_modified_date":false,"ai":null,"created":"2021-02-01 21:13:45","updated":"2025-10-02 14:10:48","seo_analyzer_scan_date":null,"focus_keyword":null,"additional_keywords":null,"truseo_locale":null},"aioseo_breadcrumb":"<div class=\"aioseo-breadcrumbs\"><span class=\"aioseo-breadcrumb\">\n\t\t\t<a href=\"https:\/\/allasorias.hu\/hirek\" title=\"Home\">Home<\/a>\n\t\t<\/span><span class=\"aioseo-breadcrumb-separator\">&raquo;<\/span><span class=\"aioseo-breadcrumb\">\n\t\t\t<a href=\"https:\/\/allasorias.hu\/hirek\/temak\/munkaeropiac\/\" title=\"Munkaer\u0151piac\">Munkaer\u0151piac<\/a>\n\t\t<\/span><span class=\"aioseo-breadcrumb-separator\">&raquo;<\/span><span class=\"aioseo-breadcrumb\">\n\t\t\tCs\u00f6kken a regisztr\u00e1lt \u00e1ll\u00e1skeres\u0151k sz\u00e1ma\n\t\t<\/span><\/div>","aioseo_breadcrumb_json":[{"label":"Home","link":"https:\/\/allasorias.hu\/hirek"},{"label":"Munkaer\u0151piac","link":"https:\/\/allasorias.hu\/hirek\/temak\/munkaeropiac\/"},{"label":"Cs\u00f6kken a regisztr\u00e1lt \u00e1ll\u00e1skeres\u0151k sz\u00e1ma","link":"https:\/\/allasorias.hu\/hirek\/csokken-a-regisztralt-allaskeresok-szama\/"}],"_links":{"self":[{"href":"https:\/\/allasorias.hu\/hirek\/wp-json\/wp\/v2\/posts\/4123","targetHints":{"allow":["GET"]}}],"collection":[{"href":"https:\/\/allasorias.hu\/hirek\/wp-json\/wp\/v2\/posts"}],"about":[{"href":"https:\/\/allasorias.hu\/hirek\/wp-json\/wp\/v2\/types\/post"}],"author":[{"embeddable":true,"href":"https:\/\/allasorias.hu\/hirek\/wp-json\/wp\/v2\/users\/1"}],"replies":[{"embeddable":true,"href":"https:\/\/allasorias.hu\/hirek\/wp-json\/wp\/v2\/comments?post=4123"}],"version-history":[{"count":1,"href":"https:\/\/allasorias.hu\/hirek\/wp-json\/wp\/v2\/posts\/4123\/revisions"}],"predecessor-version":[{"id":4125,"href":"https:\/\/allasorias.hu\/hirek\/wp-json\/wp\/v2\/posts\/4123\/revisions\/4125"}],"wp:featuredmedia":[{"embeddable":true,"href":"https:\/\/allasorias.hu\/hirek\/wp-json\/wp\/v2\/media\/4124"}],"wp:attachment":[{"href":"https:\/\/allasorias.hu\/hirek\/wp-json\/wp\/v2\/media?parent=4123"}],"wp:term":[{"taxonomy":"category","embeddable":true,"href":"https:\/\/allasorias.hu\/hirek\/wp-json\/wp\/v2\/categories?post=4123"},{"taxonomy":"post_tag","embeddable":true,"href":"https:\/\/allasorias.hu\/hirek\/wp-json\/wp\/v2\/tags?post=4123"}],"curies":[{"name":"wp","href":"https:\/\/api.w.org\/{rel}","templated":true}]}}