{"id":4118,"date":"2020-07-13T07:25:33","date_gmt":"2020-07-13T07:25:33","guid":{"rendered":"https:\/\/allasorias.hu\/hirek\/?p=4118"},"modified":"2020-07-13T07:25:33","modified_gmt":"2020-07-13T07:25:33","slug":"a-koronavirus-jarvanynak-pozitiv-hatasai-is-vannak","status":"publish","type":"post","link":"https:\/\/allasorias.hu\/hirek\/a-koronavirus-jarvanynak-pozitiv-hatasai-is-vannak\/","title":{"rendered":"A koronav\u00edrus j\u00e1rv\u00e1nynak pozit\u00edv hat\u00e1sai is vannak"},"content":{"rendered":"<p><strong>B\u00e1rmennyire is hihetetlen, de t\u00f6bb pozit\u00edv hat\u00e1sa is van a koronav\u00edrus j\u00e1rv\u00e1nynak, ami a munka vil\u00e1g\u00e1ban \u00e9szrevehet\u0151.\u00a0 Az amerikai Forbes \u00f6sszegy\u0171jt\u00f6tt \u00f6t olyan pozit\u00edv ir\u00e1ny\u00fa v\u00e1ltoz\u00e1st a munkahelyeken, amiket a koronav\u00edrus-j\u00e1rv\u00e1ny okozta gazdas\u00e1gi kih\u00edv\u00e1soknak k\u00f6sz\u00f6nhet\u00fcnk. <\/strong><\/p>\n<p>Rugalmasabb munkaad\u00f3k: soha nem dolgoztak m\u00e9g ennyien egyszerre otthonr\u00f3l, mint a j\u00e1rv\u00e1ny miatti korl\u00e1toz\u00e1sok idej\u00e9n. Sokan a vil\u00e1g legnagyobb home office k\u00eds\u00e9rlet\u00e9nek is nevezt\u00e9k az elm\u00falt id\u0151szakot. Most azok a c\u00e9gek is megtapasztalt\u00e1k, hogy a munkav\u00e1llal\u00f3ik \u00edgy is tudnak hat\u00e9konyan dolgozni, akik eddig \u00f6rd\u00f6gt\u0151l val\u00f3nak tartott\u00e1k a rugalmasabb munkak\u00f6rnyezetet. Ez lehet\u0151s\u00e9get teremt a c\u00e9ges kult\u00fara meg\u00faj\u00edt\u00e1sra. Fejlettebb alkalmazkod\u00f3k\u00e9pess\u00e9g \u00e9s innov\u00e1ci\u00f3: a t\u00fal\u00e9l\u00e9s \u00e9rdek\u00e9ben sok v\u00e1llalatnak \u00fajra kellett defini\u00e1lnia \u00f6nmag\u00e1t. Az edz\u0151k online tartott\u00e1k meg az edz\u00e9seiket, aki tudott, elkezdett h\u00e1zhoz sz\u00e1ll\u00edtani \u00e9s volt, aki teljesen m\u00e1s tev\u00e9kenys\u00e9gre v\u00e1ltott. A v\u00e1llalkoz\u00e1sok ezzel bebizony\u00edtott\u00e1k, hogy gyorsan \u00e9s j\u00f3l tudnak alkalmazkodni. A tapasztalat hozz\u00e1seg\u00edti \u0151ket, hogy a j\u00f6v\u0151ben kev\u00e9sb\u00e9 f\u00e9ljenek az innov\u00e1ci\u00f3t\u00f3l. Fejlettebb ellen\u00e1ll\u00f3 k\u00e9pess\u00e9g: azok a v\u00e1llalkoz\u00e1sok, amelyek a pand\u00e9mi\u00e1s tapasztalataikb\u00f3l tanulnak, k\u00f6nnyebben k\u00e9pesek lesznek ellen\u00e1llni a j\u00f6v\u0151beli hirtelen bek\u00f6vetkez\u0151 negat\u00edv esem\u00e9nyeknek is. Sokan a j\u00f6v\u0151ben nagyobb p\u00e9nz\u00fcgyi tartal\u00e9kot halmoznak fel \u00e9s felk\u00e9sz\u00fclnek arra, hogy j\u00f3l kezelj\u00e9k a v\u00e1ratlan helyzeteket. Er\u0151sebb csapatszellem \u00e9s jobb egy\u00fcttm\u0171k\u00f6d\u00e9s: a legt\u00f6bb munkav\u00e1llal\u00f3 megtapasztalta, hogy a f\u0151n\u00f6ke is ugyanolyan ember, mint \u0151. Neki is ugyan\u00fagy seg\u00edtenie kellett a gyerekeknek a h\u00e1zi feladatban vagy az id\u0151s sz\u00fcleinek a bev\u00e1s\u00e1rl\u00e1sban, mint b\u00e1rmelyik m\u00e1sik munkat\u00e1rs\u00e1nak. A k\u00f6z\u00f6s \u00e9lm\u00e9ny nagyobb emp\u00e1ti\u00e1t, \u00f6sszetartoz\u00e1s \u00e9rzetet \u00e9s egy\u00fcttm\u0171k\u00f6d\u00e9st v\u00e1lthat ki a c\u00e9gen bel\u00fcl, amib\u0151l csak profit\u00e1lni tudnak. A ment\u00e1lis eg\u00e9szs\u00e9g mint priorit\u00e1s: a vil\u00e1gj\u00e1rv\u00e1ny hozz\u00e1j\u00e1rult ahhoz, hogy a ment\u00e1lis eg\u00e9szs\u00e9g fontoss\u00e1g\u00e1t min\u00e9l t\u00f6bben felismerj\u00e9k \u00e9s foglalkozzanak vele. A c\u00e9gek l\u00e1tt\u00e1k, hogy m\u00e9g a legellen\u00e1ll\u00f3bb munkat\u00e1rsaknak is k\u00fczdelmet jelentett a v\u00e1ls\u00e1g, ami el\u0151seg\u00edtheti, hogy a j\u00f6v\u0151ben jobban figyeljenek r\u00e1juk ezen a t\u00e9ren is.<\/p>\n<p>Forr\u00e1s:forbes.hu<\/p>\n","protected":false},"excerpt":{"rendered":"<p>B\u00e1rmennyire is hihetetlen, de t\u00f6bb pozit\u00edv hat\u00e1sa is van a koronav\u00edrus j\u00e1rv\u00e1nynak, ami a munka vil\u00e1g\u00e1ban \u00e9szrevehet\u0151.\u00a0 Az amerikai Forbes \u00f6sszegy\u0171jt\u00f6tt \u00f6t olyan pozit\u00edv ir\u00e1ny\u00fa v\u00e1ltoz\u00e1st a munkahelyeken, amiket a koronav\u00edrus-j\u00e1rv\u00e1ny okozta gazdas\u00e1gi kih\u00edv\u00e1soknak k\u00f6sz\u00f6nhet\u00fcnk. Rugalmasabb munkaad\u00f3k: soha nem dolgoztak m\u00e9g ennyien egyszerre otthonr\u00f3l, mint a j\u00e1rv\u00e1ny miatti korl\u00e1toz\u00e1sok idej\u00e9n. Sokan a vil\u00e1g legnagyobb home [&hellip;]<\/p>\n","protected":false},"author":1,"featured_media":2526,"comment_status":"open","ping_status":"open","sticky":false,"template":"","format":"standard","meta":{"_monsterinsights_skip_tracking":false,"footnotes":""},"categories":[200],"tags":[],"class_list":["post-4118","post","type-post","status-publish","format-standard","has-post-thumbnail","hentry","category-munkaeropiac"],"aioseo_notices":[],"aioseo_head":"\n\t\t<!-- All in One SEO 5.0.0.1 - aioseo.com -->\n\t<meta name=\"description\" content=\"B\u00e1rmennyire is hihetetlen, de t\u00f6bb pozit\u00edv hat\u00e1sa is van a koronav\u00edrus j\u00e1rv\u00e1nynak, ami a munka vil\u00e1g\u00e1ban \u00e9szrevehet\u0151. Az amerikai Forbes \u00f6sszegy\u0171jt\u00f6tt \u00f6t olyan pozit\u00edv ir\u00e1ny\u00fa v\u00e1ltoz\u00e1st a munkahelyeken, amiket a koronav\u00edrus-j\u00e1rv\u00e1ny okozta gazdas\u00e1gi kih\u00edv\u00e1soknak k\u00f6sz\u00f6nhet\u00fcnk. Rugalmasabb munkaad\u00f3k: soha nem dolgoztak m\u00e9g ennyien egyszerre otthonr\u00f3l, mint a j\u00e1rv\u00e1ny miatti korl\u00e1toz\u00e1sok idej\u00e9n. Sokan a vil\u00e1g legnagyobb home\" \/>\n\t<meta name=\"robots\" content=\"max-image-preview:large\" \/>\n\t<meta name=\"author\" content=\"Juh\u00e1sz P\u00e9ter\"\/>\n\t<link rel=\"canonical\" href=\"https:\/\/allasorias.hu\/hirek\/a-koronavirus-jarvanynak-pozitiv-hatasai-is-vannak\/\" \/>\n\t<meta name=\"generator\" content=\"All in One SEO (AIOSEO) 5.0.0.1\" \/>\n\t\t<meta property=\"og:locale\" content=\"hu_HU\" \/>\n\t\t<meta property=\"og:site_name\" content=\"AllasOrias.hu | H\u00edrek-lapszemle | \u00dczleti h\u00edrek az \u00e1ll\u00e1s \u00e9s a munka vil\u00e1g\u00e1b\u00f3l\" \/>\n\t\t<meta property=\"og:type\" content=\"article\" \/>\n\t\t<meta property=\"og:title\" content=\"A koronav\u00edrus j\u00e1rv\u00e1nynak pozit\u00edv hat\u00e1sai is vannak | AllasOrias.hu | H\u00edrek-lapszemle\" \/>\n\t\t<meta property=\"og:description\" content=\"B\u00e1rmennyire is hihetetlen, de t\u00f6bb pozit\u00edv hat\u00e1sa is van a koronav\u00edrus j\u00e1rv\u00e1nynak, ami a munka vil\u00e1g\u00e1ban \u00e9szrevehet\u0151. Az amerikai Forbes \u00f6sszegy\u0171jt\u00f6tt \u00f6t olyan pozit\u00edv ir\u00e1ny\u00fa v\u00e1ltoz\u00e1st a munkahelyeken, amiket a koronav\u00edrus-j\u00e1rv\u00e1ny okozta gazdas\u00e1gi kih\u00edv\u00e1soknak k\u00f6sz\u00f6nhet\u00fcnk. Rugalmasabb munkaad\u00f3k: soha nem dolgoztak m\u00e9g ennyien egyszerre otthonr\u00f3l, mint a j\u00e1rv\u00e1ny miatti korl\u00e1toz\u00e1sok idej\u00e9n. Sokan a vil\u00e1g legnagyobb home\" \/>\n\t\t<meta property=\"og:url\" content=\"https:\/\/allasorias.hu\/hirek\/a-koronavirus-jarvanynak-pozitiv-hatasai-is-vannak\/\" \/>\n\t\t<meta property=\"og:image\" content=\"https:\/\/allasorias.hu\/hirek\/wp-content\/uploads\/2019\/02\/pexels-photo-684385.jpeg\" \/>\n\t\t<meta property=\"og:image:secure_url\" content=\"https:\/\/allasorias.hu\/hirek\/wp-content\/uploads\/2019\/02\/pexels-photo-684385.jpeg\" \/>\n\t\t<meta property=\"og:image:width\" content=\"640\" \/>\n\t\t<meta property=\"og:image:height\" content=\"423\" \/>\n\t\t<meta property=\"article:published_time\" content=\"2020-07-13T07:25:33+00:00\" \/>\n\t\t<meta property=\"article:modified_time\" content=\"2020-07-13T07:25:33+00:00\" \/>\n\t\t<meta property=\"article:publisher\" content=\"https:\/\/www.facebook.com\/allasorias\" \/>\n\t\t<meta name=\"twitter:card\" content=\"summary_large_image\" \/>\n\t\t<meta name=\"twitter:title\" content=\"A koronav\u00edrus j\u00e1rv\u00e1nynak pozit\u00edv hat\u00e1sai is vannak | AllasOrias.hu | H\u00edrek-lapszemle\" \/>\n\t\t<meta name=\"twitter:description\" content=\"B\u00e1rmennyire is hihetetlen, de t\u00f6bb pozit\u00edv hat\u00e1sa is van a koronav\u00edrus j\u00e1rv\u00e1nynak, ami a munka vil\u00e1g\u00e1ban \u00e9szrevehet\u0151. Az amerikai Forbes \u00f6sszegy\u0171jt\u00f6tt \u00f6t olyan pozit\u00edv ir\u00e1ny\u00fa v\u00e1ltoz\u00e1st a munkahelyeken, amiket a koronav\u00edrus-j\u00e1rv\u00e1ny okozta gazdas\u00e1gi kih\u00edv\u00e1soknak k\u00f6sz\u00f6nhet\u00fcnk. Rugalmasabb munkaad\u00f3k: soha nem dolgoztak m\u00e9g ennyien egyszerre otthonr\u00f3l, mint a j\u00e1rv\u00e1ny miatti korl\u00e1toz\u00e1sok idej\u00e9n. Sokan a vil\u00e1g legnagyobb home\" \/>\n\t\t<meta name=\"twitter:image\" content=\"https:\/\/allasorias.hu\/hirek\/wp-content\/uploads\/2019\/02\/pexels-photo-684385.jpeg\" \/>\n\t\t<meta name=\"twitter:label1\" content=\"Written by\" \/>\n\t\t<meta name=\"twitter:data1\" content=\"Juh\u00e1sz P\u00e9ter\" \/>\n\t\t<meta name=\"twitter:label2\" content=\"Est. reading time\" \/>\n\t\t<meta name=\"twitter:data2\" content=\"2 minutes\" \/>\n\t\t<script type=\"application\/ld+json\" class=\"aioseo-schema\">\n\t\t\t{\"@context\":\"https:\\\/\\\/schema.org\",\"@graph\":[{\"@type\":\"Article\",\"@id\":\"https:\\\/\\\/allasorias.hu\\\/hirek\\\/a-koronavirus-jarvanynak-pozitiv-hatasai-is-vannak\\\/#article\",\"name\":\"A koronav\\u00edrus j\\u00e1rv\\u00e1nynak pozit\\u00edv hat\\u00e1sai is vannak | AllasOrias.hu | H\\u00edrek-lapszemle\",\"headline\":\"A koronav\\u00edrus j\\u00e1rv\\u00e1nynak pozit\\u00edv hat\\u00e1sai is vannak\",\"author\":{\"@id\":\"https:\\\/\\\/allasorias.hu\\\/hirek\\\/author\\\/admin-allasorias\\\/#author\"},\"publisher\":{\"@id\":\"https:\\\/\\\/allasorias.hu\\\/hirek\\\/#organization\"},\"image\":{\"@type\":\"ImageObject\",\"url\":\"https:\\\/\\\/allasorias.hu\\\/hirek\\\/wp-content\\\/uploads\\\/2019\\\/02\\\/pexels-photo-684385.jpeg\",\"width\":640,\"height\":423},\"datePublished\":\"2020-07-13T07:25:33+02:00\",\"dateModified\":\"2020-07-13T07:25:33+02:00\",\"inLanguage\":\"hu-HU\",\"mainEntityOfPage\":{\"@id\":\"https:\\\/\\\/allasorias.hu\\\/hirek\\\/a-koronavirus-jarvanynak-pozitiv-hatasai-is-vannak\\\/#webpage\"},\"isPartOf\":{\"@id\":\"https:\\\/\\\/allasorias.hu\\\/hirek\\\/a-koronavirus-jarvanynak-pozitiv-hatasai-is-vannak\\\/#webpage\"},\"articleSection\":\"Munkaer\\u0151piac\"},{\"@type\":\"BreadcrumbList\",\"@id\":\"https:\\\/\\\/allasorias.hu\\\/hirek\\\/a-koronavirus-jarvanynak-pozitiv-hatasai-is-vannak\\\/#breadcrumblist\",\"itemListElement\":[{\"@type\":\"ListItem\",\"@id\":\"https:\\\/\\\/allasorias.hu\\\/hirek#listItem\",\"position\":1,\"name\":\"Home\",\"item\":\"https:\\\/\\\/allasorias.hu\\\/hirek\",\"nextItem\":{\"@type\":\"ListItem\",\"@id\":\"https:\\\/\\\/allasorias.hu\\\/hirek\\\/temak\\\/munkaeropiac\\\/#listItem\",\"name\":\"Munkaer\\u0151piac\"}},{\"@type\":\"ListItem\",\"@id\":\"https:\\\/\\\/allasorias.hu\\\/hirek\\\/temak\\\/munkaeropiac\\\/#listItem\",\"position\":2,\"name\":\"Munkaer\\u0151piac\",\"item\":\"https:\\\/\\\/allasorias.hu\\\/hirek\\\/temak\\\/munkaeropiac\\\/\",\"nextItem\":{\"@type\":\"ListItem\",\"@id\":\"https:\\\/\\\/allasorias.hu\\\/hirek\\\/a-koronavirus-jarvanynak-pozitiv-hatasai-is-vannak\\\/#listItem\",\"name\":\"A koronav\\u00edrus j\\u00e1rv\\u00e1nynak pozit\\u00edv hat\\u00e1sai is vannak\"},\"previousItem\":{\"@type\":\"ListItem\",\"@id\":\"https:\\\/\\\/allasorias.hu\\\/hirek#listItem\",\"name\":\"Home\"}},{\"@type\":\"ListItem\",\"@id\":\"https:\\\/\\\/allasorias.hu\\\/hirek\\\/a-koronavirus-jarvanynak-pozitiv-hatasai-is-vannak\\\/#listItem\",\"position\":3,\"name\":\"A koronav\\u00edrus j\\u00e1rv\\u00e1nynak pozit\\u00edv hat\\u00e1sai is vannak\",\"previousItem\":{\"@type\":\"ListItem\",\"@id\":\"https:\\\/\\\/allasorias.hu\\\/hirek\\\/temak\\\/munkaeropiac\\\/#listItem\",\"name\":\"Munkaer\\u0151piac\"}}]},{\"@type\":\"Organization\",\"@id\":\"https:\\\/\\\/allasorias.hu\\\/hirek\\\/#organization\",\"name\":\"AllasOrias.hu | H\\u00edrek-lapszemle\",\"description\":\"\\u00dczleti h\\u00edrek az \\u00e1ll\\u00e1s \\u00e9s a munka vil\\u00e1g\\u00e1b\\u00f3l\",\"url\":\"https:\\\/\\\/allasorias.hu\\\/hirek\\\/\",\"logo\":{\"@type\":\"ImageObject\",\"url\":\"https:\\\/\\\/allasorias.hu\\\/hirek\\\/wp-content\\\/uploads\\\/2022\\\/10\\\/allasorias_site_facebok_logo.png\",\"@id\":\"https:\\\/\\\/allasorias.hu\\\/hirek\\\/a-koronavirus-jarvanynak-pozitiv-hatasai-is-vannak\\\/#organizationLogo\"},\"image\":{\"@id\":\"https:\\\/\\\/allasorias.hu\\\/hirek\\\/a-koronavirus-jarvanynak-pozitiv-hatasai-is-vannak\\\/#organizationLogo\"},\"sameAs\":[\"https:\\\/\\\/www.facebook.com\\\/allasorias\",\"https:\\\/\\\/www.linkedin.com\\\/company\\\/allasorias\"]},{\"@type\":\"Person\",\"@id\":\"https:\\\/\\\/allasorias.hu\\\/hirek\\\/author\\\/admin-allasorias\\\/#author\",\"url\":\"https:\\\/\\\/allasorias.hu\\\/hirek\\\/author\\\/admin-allasorias\\\/\",\"name\":\"Juh\\u00e1sz P\\u00e9ter\",\"image\":{\"@type\":\"ImageObject\",\"@id\":\"https:\\\/\\\/allasorias.hu\\\/hirek\\\/a-koronavirus-jarvanynak-pozitiv-hatasai-is-vannak\\\/#authorImage\",\"url\":\"https:\\\/\\\/secure.gravatar.com\\\/avatar\\\/36e6bcb83148978b992977cb0f54d22feb0cce8a0a849a9410532bb2623ba4c6?s=96&d=mm&r=g\",\"width\":96,\"height\":96,\"caption\":\"Juh\\u00e1sz P\\u00e9ter\"}},{\"@type\":\"WebPage\",\"@id\":\"https:\\\/\\\/allasorias.hu\\\/hirek\\\/a-koronavirus-jarvanynak-pozitiv-hatasai-is-vannak\\\/#webpage\",\"url\":\"https:\\\/\\\/allasorias.hu\\\/hirek\\\/a-koronavirus-jarvanynak-pozitiv-hatasai-is-vannak\\\/\",\"name\":\"A koronav\\u00edrus j\\u00e1rv\\u00e1nynak pozit\\u00edv hat\\u00e1sai is vannak | AllasOrias.hu | H\\u00edrek-lapszemle\",\"description\":\"B\\u00e1rmennyire is hihetetlen, de t\\u00f6bb pozit\\u00edv hat\\u00e1sa is van a koronav\\u00edrus j\\u00e1rv\\u00e1nynak, ami a munka vil\\u00e1g\\u00e1ban \\u00e9szrevehet\\u0151. Az amerikai Forbes \\u00f6sszegy\\u0171jt\\u00f6tt \\u00f6t olyan pozit\\u00edv ir\\u00e1ny\\u00fa v\\u00e1ltoz\\u00e1st a munkahelyeken, amiket a koronav\\u00edrus-j\\u00e1rv\\u00e1ny okozta gazdas\\u00e1gi kih\\u00edv\\u00e1soknak k\\u00f6sz\\u00f6nhet\\u00fcnk. Rugalmasabb munkaad\\u00f3k: soha nem dolgoztak m\\u00e9g ennyien egyszerre otthonr\\u00f3l, mint a j\\u00e1rv\\u00e1ny miatti korl\\u00e1toz\\u00e1sok idej\\u00e9n. Sokan a vil\\u00e1g legnagyobb home\",\"inLanguage\":\"hu-HU\",\"isPartOf\":{\"@id\":\"https:\\\/\\\/allasorias.hu\\\/hirek\\\/#website\"},\"breadcrumb\":{\"@id\":\"https:\\\/\\\/allasorias.hu\\\/hirek\\\/a-koronavirus-jarvanynak-pozitiv-hatasai-is-vannak\\\/#breadcrumblist\"},\"author\":{\"@id\":\"https:\\\/\\\/allasorias.hu\\\/hirek\\\/author\\\/admin-allasorias\\\/#author\"},\"creator\":{\"@id\":\"https:\\\/\\\/allasorias.hu\\\/hirek\\\/author\\\/admin-allasorias\\\/#author\"},\"image\":{\"@type\":\"ImageObject\",\"url\":\"https:\\\/\\\/allasorias.hu\\\/hirek\\\/wp-content\\\/uploads\\\/2019\\\/02\\\/pexels-photo-684385.jpeg\",\"@id\":\"https:\\\/\\\/allasorias.hu\\\/hirek\\\/a-koronavirus-jarvanynak-pozitiv-hatasai-is-vannak\\\/#mainImage\",\"width\":640,\"height\":423},\"primaryImageOfPage\":{\"@id\":\"https:\\\/\\\/allasorias.hu\\\/hirek\\\/a-koronavirus-jarvanynak-pozitiv-hatasai-is-vannak\\\/#mainImage\"},\"datePublished\":\"2020-07-13T07:25:33+02:00\",\"dateModified\":\"2020-07-13T07:25:33+02:00\"},{\"@type\":\"WebSite\",\"@id\":\"https:\\\/\\\/allasorias.hu\\\/hirek\\\/#website\",\"url\":\"https:\\\/\\\/allasorias.hu\\\/hirek\\\/\",\"name\":\"AllasOrias.hu | H\\u00edrek-lapszemle\",\"description\":\"\\u00dczleti h\\u00edrek az \\u00e1ll\\u00e1s \\u00e9s a munka vil\\u00e1g\\u00e1b\\u00f3l\",\"inLanguage\":\"hu-HU\",\"publisher\":{\"@id\":\"https:\\\/\\\/allasorias.hu\\\/hirek\\\/#organization\"}}]}\n\t\t<\/script>\n\t\t<!-- All in One SEO -->\n\n","aioseo_head_json":{"title":"A koronav\u00edrus j\u00e1rv\u00e1nynak pozit\u00edv hat\u00e1sai is vannak | AllasOrias.hu | H\u00edrek-lapszemle","description":"B\u00e1rmennyire is hihetetlen, de t\u00f6bb pozit\u00edv hat\u00e1sa is van a koronav\u00edrus j\u00e1rv\u00e1nynak, ami a munka vil\u00e1g\u00e1ban \u00e9szrevehet\u0151. Az amerikai Forbes \u00f6sszegy\u0171jt\u00f6tt \u00f6t olyan pozit\u00edv ir\u00e1ny\u00fa v\u00e1ltoz\u00e1st a munkahelyeken, amiket a koronav\u00edrus-j\u00e1rv\u00e1ny okozta gazdas\u00e1gi kih\u00edv\u00e1soknak k\u00f6sz\u00f6nhet\u00fcnk. Rugalmasabb munkaad\u00f3k: soha nem dolgoztak m\u00e9g ennyien egyszerre otthonr\u00f3l, mint a j\u00e1rv\u00e1ny miatti korl\u00e1toz\u00e1sok idej\u00e9n. Sokan a vil\u00e1g legnagyobb home","canonical_url":"https:\/\/allasorias.hu\/hirek\/a-koronavirus-jarvanynak-pozitiv-hatasai-is-vannak\/","robots":"max-image-preview:large","keywords":"","webmasterTools":{"miscellaneous":""},"schema":{"@context":"https:\/\/schema.org","@graph":[{"@type":"Article","@id":"https:\/\/allasorias.hu\/hirek\/a-koronavirus-jarvanynak-pozitiv-hatasai-is-vannak\/#article","name":"A koronav\u00edrus j\u00e1rv\u00e1nynak pozit\u00edv hat\u00e1sai is vannak | AllasOrias.hu | H\u00edrek-lapszemle","headline":"A koronav\u00edrus j\u00e1rv\u00e1nynak pozit\u00edv hat\u00e1sai is vannak","author":{"@id":"https:\/\/allasorias.hu\/hirek\/author\/admin-allasorias\/#author"},"publisher":{"@id":"https:\/\/allasorias.hu\/hirek\/#organization"},"image":{"@type":"ImageObject","url":"https:\/\/allasorias.hu\/hirek\/wp-content\/uploads\/2019\/02\/pexels-photo-684385.jpeg","width":640,"height":423},"datePublished":"2020-07-13T07:25:33+02:00","dateModified":"2020-07-13T07:25:33+02:00","inLanguage":"hu-HU","mainEntityOfPage":{"@id":"https:\/\/allasorias.hu\/hirek\/a-koronavirus-jarvanynak-pozitiv-hatasai-is-vannak\/#webpage"},"isPartOf":{"@id":"https:\/\/allasorias.hu\/hirek\/a-koronavirus-jarvanynak-pozitiv-hatasai-is-vannak\/#webpage"},"articleSection":"Munkaer\u0151piac"},{"@type":"BreadcrumbList","@id":"https:\/\/allasorias.hu\/hirek\/a-koronavirus-jarvanynak-pozitiv-hatasai-is-vannak\/#breadcrumblist","itemListElement":[{"@type":"ListItem","@id":"https:\/\/allasorias.hu\/hirek#listItem","position":1,"name":"Home","item":"https:\/\/allasorias.hu\/hirek","nextItem":{"@type":"ListItem","@id":"https:\/\/allasorias.hu\/hirek\/temak\/munkaeropiac\/#listItem","name":"Munkaer\u0151piac"}},{"@type":"ListItem","@id":"https:\/\/allasorias.hu\/hirek\/temak\/munkaeropiac\/#listItem","position":2,"name":"Munkaer\u0151piac","item":"https:\/\/allasorias.hu\/hirek\/temak\/munkaeropiac\/","nextItem":{"@type":"ListItem","@id":"https:\/\/allasorias.hu\/hirek\/a-koronavirus-jarvanynak-pozitiv-hatasai-is-vannak\/#listItem","name":"A koronav\u00edrus j\u00e1rv\u00e1nynak pozit\u00edv hat\u00e1sai is vannak"},"previousItem":{"@type":"ListItem","@id":"https:\/\/allasorias.hu\/hirek#listItem","name":"Home"}},{"@type":"ListItem","@id":"https:\/\/allasorias.hu\/hirek\/a-koronavirus-jarvanynak-pozitiv-hatasai-is-vannak\/#listItem","position":3,"name":"A koronav\u00edrus j\u00e1rv\u00e1nynak pozit\u00edv hat\u00e1sai is vannak","previousItem":{"@type":"ListItem","@id":"https:\/\/allasorias.hu\/hirek\/temak\/munkaeropiac\/#listItem","name":"Munkaer\u0151piac"}}]},{"@type":"Organization","@id":"https:\/\/allasorias.hu\/hirek\/#organization","name":"AllasOrias.hu | H\u00edrek-lapszemle","description":"\u00dczleti h\u00edrek az \u00e1ll\u00e1s \u00e9s a munka vil\u00e1g\u00e1b\u00f3l","url":"https:\/\/allasorias.hu\/hirek\/","logo":{"@type":"ImageObject","url":"https:\/\/allasorias.hu\/hirek\/wp-content\/uploads\/2022\/10\/allasorias_site_facebok_logo.png","@id":"https:\/\/allasorias.hu\/hirek\/a-koronavirus-jarvanynak-pozitiv-hatasai-is-vannak\/#organizationLogo"},"image":{"@id":"https:\/\/allasorias.hu\/hirek\/a-koronavirus-jarvanynak-pozitiv-hatasai-is-vannak\/#organizationLogo"},"sameAs":["https:\/\/www.facebook.com\/allasorias","https:\/\/www.linkedin.com\/company\/allasorias"]},{"@type":"Person","@id":"https:\/\/allasorias.hu\/hirek\/author\/admin-allasorias\/#author","url":"https:\/\/allasorias.hu\/hirek\/author\/admin-allasorias\/","name":"Juh\u00e1sz P\u00e9ter","image":{"@type":"ImageObject","@id":"https:\/\/allasorias.hu\/hirek\/a-koronavirus-jarvanynak-pozitiv-hatasai-is-vannak\/#authorImage","url":"https:\/\/secure.gravatar.com\/avatar\/36e6bcb83148978b992977cb0f54d22feb0cce8a0a849a9410532bb2623ba4c6?s=96&d=mm&r=g","width":96,"height":96,"caption":"Juh\u00e1sz P\u00e9ter"}},{"@type":"WebPage","@id":"https:\/\/allasorias.hu\/hirek\/a-koronavirus-jarvanynak-pozitiv-hatasai-is-vannak\/#webpage","url":"https:\/\/allasorias.hu\/hirek\/a-koronavirus-jarvanynak-pozitiv-hatasai-is-vannak\/","name":"A koronav\u00edrus j\u00e1rv\u00e1nynak pozit\u00edv hat\u00e1sai is vannak | AllasOrias.hu | H\u00edrek-lapszemle","description":"B\u00e1rmennyire is hihetetlen, de t\u00f6bb pozit\u00edv hat\u00e1sa is van a koronav\u00edrus j\u00e1rv\u00e1nynak, ami a munka vil\u00e1g\u00e1ban \u00e9szrevehet\u0151. Az amerikai Forbes \u00f6sszegy\u0171jt\u00f6tt \u00f6t olyan pozit\u00edv ir\u00e1ny\u00fa v\u00e1ltoz\u00e1st a munkahelyeken, amiket a koronav\u00edrus-j\u00e1rv\u00e1ny okozta gazdas\u00e1gi kih\u00edv\u00e1soknak k\u00f6sz\u00f6nhet\u00fcnk. Rugalmasabb munkaad\u00f3k: soha nem dolgoztak m\u00e9g ennyien egyszerre otthonr\u00f3l, mint a j\u00e1rv\u00e1ny miatti korl\u00e1toz\u00e1sok idej\u00e9n. Sokan a vil\u00e1g legnagyobb home","inLanguage":"hu-HU","isPartOf":{"@id":"https:\/\/allasorias.hu\/hirek\/#website"},"breadcrumb":{"@id":"https:\/\/allasorias.hu\/hirek\/a-koronavirus-jarvanynak-pozitiv-hatasai-is-vannak\/#breadcrumblist"},"author":{"@id":"https:\/\/allasorias.hu\/hirek\/author\/admin-allasorias\/#author"},"creator":{"@id":"https:\/\/allasorias.hu\/hirek\/author\/admin-allasorias\/#author"},"image":{"@type":"ImageObject","url":"https:\/\/allasorias.hu\/hirek\/wp-content\/uploads\/2019\/02\/pexels-photo-684385.jpeg","@id":"https:\/\/allasorias.hu\/hirek\/a-koronavirus-jarvanynak-pozitiv-hatasai-is-vannak\/#mainImage","width":640,"height":423},"primaryImageOfPage":{"@id":"https:\/\/allasorias.hu\/hirek\/a-koronavirus-jarvanynak-pozitiv-hatasai-is-vannak\/#mainImage"},"datePublished":"2020-07-13T07:25:33+02:00","dateModified":"2020-07-13T07:25:33+02:00"},{"@type":"WebSite","@id":"https:\/\/allasorias.hu\/hirek\/#website","url":"https:\/\/allasorias.hu\/hirek\/","name":"AllasOrias.hu | H\u00edrek-lapszemle","description":"\u00dczleti h\u00edrek az \u00e1ll\u00e1s \u00e9s a munka vil\u00e1g\u00e1b\u00f3l","inLanguage":"hu-HU","publisher":{"@id":"https:\/\/allasorias.hu\/hirek\/#organization"}}]},"og:locale":"hu_HU","og:site_name":"AllasOrias.hu | H\u00edrek-lapszemle | \u00dczleti h\u00edrek az \u00e1ll\u00e1s \u00e9s a munka vil\u00e1g\u00e1b\u00f3l","og:type":"article","og:title":"A koronav\u00edrus j\u00e1rv\u00e1nynak pozit\u00edv hat\u00e1sai is vannak | AllasOrias.hu | H\u00edrek-lapszemle","og:description":"B\u00e1rmennyire is hihetetlen, de t\u00f6bb pozit\u00edv hat\u00e1sa is van a koronav\u00edrus j\u00e1rv\u00e1nynak, ami a munka vil\u00e1g\u00e1ban \u00e9szrevehet\u0151. Az amerikai Forbes \u00f6sszegy\u0171jt\u00f6tt \u00f6t olyan pozit\u00edv ir\u00e1ny\u00fa v\u00e1ltoz\u00e1st a munkahelyeken, amiket a koronav\u00edrus-j\u00e1rv\u00e1ny okozta gazdas\u00e1gi kih\u00edv\u00e1soknak k\u00f6sz\u00f6nhet\u00fcnk. Rugalmasabb munkaad\u00f3k: soha nem dolgoztak m\u00e9g ennyien egyszerre otthonr\u00f3l, mint a j\u00e1rv\u00e1ny miatti korl\u00e1toz\u00e1sok idej\u00e9n. Sokan a vil\u00e1g legnagyobb home","og:url":"https:\/\/allasorias.hu\/hirek\/a-koronavirus-jarvanynak-pozitiv-hatasai-is-vannak\/","og:image":"https:\/\/allasorias.hu\/hirek\/wp-content\/uploads\/2019\/02\/pexels-photo-684385.jpeg","og:image:secure_url":"https:\/\/allasorias.hu\/hirek\/wp-content\/uploads\/2019\/02\/pexels-photo-684385.jpeg","og:image:width":640,"og:image:height":423,"article:published_time":"2020-07-13T07:25:33+00:00","article:modified_time":"2020-07-13T07:25:33+00:00","article:publisher":"https:\/\/www.facebook.com\/allasorias","twitter:card":"summary_large_image","twitter:title":"A koronav\u00edrus j\u00e1rv\u00e1nynak pozit\u00edv hat\u00e1sai is vannak | AllasOrias.hu | H\u00edrek-lapszemle","twitter:description":"B\u00e1rmennyire is hihetetlen, de t\u00f6bb pozit\u00edv hat\u00e1sa is van a koronav\u00edrus j\u00e1rv\u00e1nynak, ami a munka vil\u00e1g\u00e1ban \u00e9szrevehet\u0151. Az amerikai Forbes \u00f6sszegy\u0171jt\u00f6tt \u00f6t olyan pozit\u00edv ir\u00e1ny\u00fa v\u00e1ltoz\u00e1st a munkahelyeken, amiket a koronav\u00edrus-j\u00e1rv\u00e1ny okozta gazdas\u00e1gi kih\u00edv\u00e1soknak k\u00f6sz\u00f6nhet\u00fcnk. Rugalmasabb munkaad\u00f3k: soha nem dolgoztak m\u00e9g ennyien egyszerre otthonr\u00f3l, mint a j\u00e1rv\u00e1ny miatti korl\u00e1toz\u00e1sok idej\u00e9n. Sokan a vil\u00e1g legnagyobb home","twitter:image":"https:\/\/allasorias.hu\/hirek\/wp-content\/uploads\/2019\/02\/pexels-photo-684385.jpeg","twitter:label1":"Written by","twitter:data1":"Juh\u00e1sz P\u00e9ter","twitter:label2":"Est. reading time","twitter:data2":"2 minutes"},"aioseo_meta_data":{"post_id":"4118","title":null,"description":null,"keywords":null,"keyphrases":null,"primary_term":null,"canonical_url":null,"og_title":null,"og_description":null,"og_object_type":"default","og_image_type":"default","og_image_url":null,"og_image_width":null,"og_image_height":null,"og_image_custom_url":null,"og_image_custom_fields":null,"og_video":null,"og_custom_url":null,"og_article_section":null,"og_article_tags":null,"twitter_use_og":false,"twitter_card":"default","twitter_image_type":"default","twitter_image_url":null,"twitter_image_custom_url":null,"twitter_image_custom_fields":null,"twitter_title":null,"twitter_description":null,"schema":{"blockGraphs":[],"customGraphs":[],"default":{"data":{"Article":[],"Course":[],"Dataset":[],"FAQPage":[],"Movie":[],"Person":[],"Product":[],"ProductReview":[],"Car":[],"Recipe":[],"Service":[],"SoftwareApplication":[],"WebPage":[]},"graphName":"","isEnabled":true},"graphs":[],"defaultGraph":"","defaultPostTypeGraph":""},"schema_type":null,"schema_type_options":null,"pillar_content":false,"robots_default":true,"robots_noindex":false,"robots_noarchive":false,"robots_nosnippet":false,"robots_nofollow":false,"robots_noimageindex":false,"robots_noodp":false,"robots_notranslate":false,"robots_max_snippet":null,"robots_max_videopreview":null,"robots_max_imagepreview":"large","priority":null,"frequency":null,"location":null,"local_seo":null,"breadcrumb_settings":null,"limit_modified_date":false,"ai":null,"created":"2021-02-01 21:13:45","updated":"2025-10-02 14:09:59","seo_analyzer_scan_date":null,"focus_keyword":null,"additional_keywords":null,"truseo_locale":null},"aioseo_breadcrumb":"<div class=\"aioseo-breadcrumbs\"><span class=\"aioseo-breadcrumb\">\n\t\t\t<a href=\"https:\/\/allasorias.hu\/hirek\" title=\"Home\">Home<\/a>\n\t\t<\/span><span class=\"aioseo-breadcrumb-separator\">&raquo;<\/span><span class=\"aioseo-breadcrumb\">\n\t\t\t<a href=\"https:\/\/allasorias.hu\/hirek\/temak\/munkaeropiac\/\" title=\"Munkaer\u0151piac\">Munkaer\u0151piac<\/a>\n\t\t<\/span><span class=\"aioseo-breadcrumb-separator\">&raquo;<\/span><span class=\"aioseo-breadcrumb\">\n\t\t\tA koronav\u00edrus j\u00e1rv\u00e1nynak pozit\u00edv hat\u00e1sai is vannak\n\t\t<\/span><\/div>","aioseo_breadcrumb_json":[{"label":"Home","link":"https:\/\/allasorias.hu\/hirek"},{"label":"Munkaer\u0151piac","link":"https:\/\/allasorias.hu\/hirek\/temak\/munkaeropiac\/"},{"label":"A koronav\u00edrus j\u00e1rv\u00e1nynak pozit\u00edv hat\u00e1sai is vannak","link":"https:\/\/allasorias.hu\/hirek\/a-koronavirus-jarvanynak-pozitiv-hatasai-is-vannak\/"}],"_links":{"self":[{"href":"https:\/\/allasorias.hu\/hirek\/wp-json\/wp\/v2\/posts\/4118","targetHints":{"allow":["GET"]}}],"collection":[{"href":"https:\/\/allasorias.hu\/hirek\/wp-json\/wp\/v2\/posts"}],"about":[{"href":"https:\/\/allasorias.hu\/hirek\/wp-json\/wp\/v2\/types\/post"}],"author":[{"embeddable":true,"href":"https:\/\/allasorias.hu\/hirek\/wp-json\/wp\/v2\/users\/1"}],"replies":[{"embeddable":true,"href":"https:\/\/allasorias.hu\/hirek\/wp-json\/wp\/v2\/comments?post=4118"}],"version-history":[{"count":1,"href":"https:\/\/allasorias.hu\/hirek\/wp-json\/wp\/v2\/posts\/4118\/revisions"}],"predecessor-version":[{"id":4119,"href":"https:\/\/allasorias.hu\/hirek\/wp-json\/wp\/v2\/posts\/4118\/revisions\/4119"}],"wp:featuredmedia":[{"embeddable":true,"href":"https:\/\/allasorias.hu\/hirek\/wp-json\/wp\/v2\/media\/2526"}],"wp:attachment":[{"href":"https:\/\/allasorias.hu\/hirek\/wp-json\/wp\/v2\/media?parent=4118"}],"wp:term":[{"taxonomy":"category","embeddable":true,"href":"https:\/\/allasorias.hu\/hirek\/wp-json\/wp\/v2\/categories?post=4118"},{"taxonomy":"post_tag","embeddable":true,"href":"https:\/\/allasorias.hu\/hirek\/wp-json\/wp\/v2\/tags?post=4118"}],"curies":[{"name":"wp","href":"https:\/\/api.w.org\/{rel}","templated":true}]}}