{"id":4116,"date":"2020-07-10T07:25:09","date_gmt":"2020-07-10T07:25:09","guid":{"rendered":"https:\/\/allasorias.hu\/hirek\/?p=4116"},"modified":"2020-07-10T07:35:16","modified_gmt":"2020-07-10T07:35:16","slug":"nepszeru-a-diakmunka","status":"publish","type":"post","link":"https:\/\/allasorias.hu\/hirek\/nepszeru-a-diakmunka\/","title":{"rendered":"N\u00e9pszer\u0171 a di\u00e1kmunka"},"content":{"rendered":"<p><strong>Az id\u00e9n is n\u00e9pszer\u0171 a di\u00e1kmunka, de \u00fagy t\u0171nik a j\u00e1rv\u00e1ny hat\u00e1sa ezen a ter\u00fcleten is \u00e9rv\u00e9nyes\u00fcl. Egyre t\u00f6bben \u00e9rdekl\u0151dnek a lehet\u0151s\u00e9gek ir\u00e1nt. A \u00a0regisztr\u00e1lt fiatalok sz\u00e1m\u00e1ban \u00e9rdemi v\u00e1ltoz\u00e1s nincs az elm\u00falt \u00e9vihez k\u00e9pest, azonban a koronav\u00edrus-j\u00e1rv\u00e1ny miatt kevesebb a lehet\u0151s\u00e9g, \u00edgy egy-egy \u00e1ll\u00e1sra 30-40 sz\u00e1zal\u00e9kkal t\u00f6bben p\u00e1ly\u00e1znak \u2013 \u00edrta az MTI. <\/strong><\/p>\n<p>A Vil\u00e1ggazdas\u00e1gnak nyilatkoz\u00f3 iskolasz\u00f6vetkezeti k\u00e9pvisel\u0151k szerint nincs hi\u00e1ny dolgozni v\u00e1gy\u00f3 di\u00e1kokb\u00f3l, \u00e9s a ter\u00fcleti eloszl\u00e1s is megfelel\u0151. A k\u00f6nny\u0171 fizikai munk\u00e1k a legn\u00e9pszer\u0171bbek, mint az \u00e1rufelt\u00f6lt\u0151 \u00e9s a hoszteszfeladatok, a legkev\u00e9sb\u00e9 pedig a mez\u0151gazdas\u00e1g keresett, f\u0151k\u00e9nt az\u00e9rt, mert kor\u00e1n kell kelni. \u00d3rab\u00e9r\u00fck a minim\u00e1lb\u00e9rhez igazodik, eszerint legal\u00e1bb brutt\u00f3 926 forintot keresnek, de Budapesten \u00e9s a nagyobb v\u00e1rosok k\u00f6rny\u00e9k\u00e9n enn\u00e9l jellemz\u0151en t\u00f6bbet, 1000 \u00e9s 1500 forint k\u00f6z\u00f6tti \u00f6sszeget. M\u00e9g t\u00f6bbet k\u00edn\u00e1lnak a m\u00e9rn\u00f6ki, p\u00e9nz\u00fcgyi \u00e9s IT-ter\u00fcletek, valamint a t\u00f6bb nyelv ismeret\u00e9t ig\u00e9nyl\u0151 poz\u00edci\u00f3k, ezekben ak\u00e1r brutt\u00f3 2000 forint felett is lehet az \u00f3rab\u00e9r. A k\u00edn\u00e1lati oldalon a turizmusban \u00e9s a vend\u00e9gl\u00e1t\u00e1sban a legl\u00e1tv\u00e1nyosabb a visszaes\u00e9s. A nagyv\u00e1rosoknak a di\u00e1kmunka szempontj\u00e1b\u00f3l is nagyobb a felvev\u0151k\u00e9pess\u00e9g\u00fck, \u00e9s 5-20 sz\u00e1zal\u00e9kkal magasabb b\u00e9rek \u00e9rhet\u0151k el, mint a kisebb telep\u00fcl\u00e9seken \u2013 tett\u00e9k hozz\u00e1.<\/p>\n<p>Forr\u00e1s: index.hu<\/p>\n","protected":false},"excerpt":{"rendered":"<p>Az id\u00e9n is n\u00e9pszer\u0171 a di\u00e1kmunka, de \u00fagy t\u0171nik a j\u00e1rv\u00e1ny hat\u00e1sa ezen a ter\u00fcleten is \u00e9rv\u00e9nyes\u00fcl. Egyre t\u00f6bben \u00e9rdekl\u0151dnek a lehet\u0151s\u00e9gek ir\u00e1nt. A \u00a0regisztr\u00e1lt fiatalok sz\u00e1m\u00e1ban \u00e9rdemi v\u00e1ltoz\u00e1s nincs az elm\u00falt \u00e9vihez k\u00e9pest, azonban a koronav\u00edrus-j\u00e1rv\u00e1ny miatt kevesebb a lehet\u0151s\u00e9g, \u00edgy egy-egy \u00e1ll\u00e1sra 30-40 sz\u00e1zal\u00e9kkal t\u00f6bben p\u00e1ly\u00e1znak \u2013 \u00edrta az MTI. A Vil\u00e1ggazdas\u00e1gnak nyilatkoz\u00f3 [&hellip;]<\/p>\n","protected":false},"author":1,"featured_media":3210,"comment_status":"open","ping_status":"open","sticky":false,"template":"","format":"standard","meta":{"_monsterinsights_skip_tracking":false,"footnotes":""},"categories":[200],"tags":[],"class_list":["post-4116","post","type-post","status-publish","format-standard","has-post-thumbnail","hentry","category-munkaeropiac"],"aioseo_notices":[],"aioseo_head":"\n\t\t<!-- All in One SEO 5.0.0.1 - aioseo.com -->\n\t<meta name=\"description\" content=\"Az id\u00e9n is n\u00e9pszer\u0171 a di\u00e1kmunka, de \u00fagy t\u0171nik a j\u00e1rv\u00e1ny hat\u00e1sa ezen a ter\u00fcleten is \u00e9rv\u00e9nyes\u00fcl. Egyre t\u00f6bben \u00e9rdekl\u0151dnek a lehet\u0151s\u00e9gek ir\u00e1nt. A regisztr\u00e1lt fiatalok sz\u00e1m\u00e1ban \u00e9rdemi v\u00e1ltoz\u00e1s nincs az elm\u00falt \u00e9vihez k\u00e9pest, azonban a koronav\u00edrus-j\u00e1rv\u00e1ny miatt kevesebb a lehet\u0151s\u00e9g, \u00edgy egy-egy \u00e1ll\u00e1sra 30-40 sz\u00e1zal\u00e9kkal t\u00f6bben p\u00e1ly\u00e1znak \u2013 \u00edrta az MTI. A Vil\u00e1ggazdas\u00e1gnak nyilatkoz\u00f3\" \/>\n\t<meta name=\"robots\" content=\"max-image-preview:large\" \/>\n\t<meta name=\"author\" content=\"Juh\u00e1sz P\u00e9ter\"\/>\n\t<link rel=\"canonical\" href=\"https:\/\/allasorias.hu\/hirek\/nepszeru-a-diakmunka\/\" \/>\n\t<meta name=\"generator\" content=\"All in One SEO (AIOSEO) 5.0.0.1\" \/>\n\t\t<meta property=\"og:locale\" content=\"hu_HU\" \/>\n\t\t<meta property=\"og:site_name\" content=\"AllasOrias.hu | H\u00edrek-lapszemle | \u00dczleti h\u00edrek az \u00e1ll\u00e1s \u00e9s a munka vil\u00e1g\u00e1b\u00f3l\" \/>\n\t\t<meta property=\"og:type\" content=\"article\" \/>\n\t\t<meta property=\"og:title\" content=\"N\u00e9pszer\u0171 a di\u00e1kmunka | AllasOrias.hu | H\u00edrek-lapszemle\" \/>\n\t\t<meta property=\"og:description\" content=\"Az id\u00e9n is n\u00e9pszer\u0171 a di\u00e1kmunka, de \u00fagy t\u0171nik a j\u00e1rv\u00e1ny hat\u00e1sa ezen a ter\u00fcleten is \u00e9rv\u00e9nyes\u00fcl. Egyre t\u00f6bben \u00e9rdekl\u0151dnek a lehet\u0151s\u00e9gek ir\u00e1nt. A regisztr\u00e1lt fiatalok sz\u00e1m\u00e1ban \u00e9rdemi v\u00e1ltoz\u00e1s nincs az elm\u00falt \u00e9vihez k\u00e9pest, azonban a koronav\u00edrus-j\u00e1rv\u00e1ny miatt kevesebb a lehet\u0151s\u00e9g, \u00edgy egy-egy \u00e1ll\u00e1sra 30-40 sz\u00e1zal\u00e9kkal t\u00f6bben p\u00e1ly\u00e1znak \u2013 \u00edrta az MTI. A Vil\u00e1ggazdas\u00e1gnak nyilatkoz\u00f3\" \/>\n\t\t<meta property=\"og:url\" content=\"https:\/\/allasorias.hu\/hirek\/nepszeru-a-diakmunka\/\" \/>\n\t\t<meta property=\"og:image\" content=\"https:\/\/allasorias.hu\/hirek\/wp-content\/uploads\/2019\/08\/student-4311754_640.jpg\" \/>\n\t\t<meta property=\"og:image:secure_url\" content=\"https:\/\/allasorias.hu\/hirek\/wp-content\/uploads\/2019\/08\/student-4311754_640.jpg\" \/>\n\t\t<meta property=\"og:image:width\" content=\"640\" \/>\n\t\t<meta property=\"og:image:height\" content=\"426\" \/>\n\t\t<meta property=\"article:published_time\" content=\"2020-07-10T07:25:09+00:00\" \/>\n\t\t<meta property=\"article:modified_time\" content=\"2020-07-10T07:35:16+00:00\" \/>\n\t\t<meta property=\"article:publisher\" content=\"https:\/\/www.facebook.com\/allasorias\" \/>\n\t\t<meta name=\"twitter:card\" content=\"summary_large_image\" \/>\n\t\t<meta name=\"twitter:title\" content=\"N\u00e9pszer\u0171 a di\u00e1kmunka | AllasOrias.hu | H\u00edrek-lapszemle\" \/>\n\t\t<meta name=\"twitter:description\" content=\"Az id\u00e9n is n\u00e9pszer\u0171 a di\u00e1kmunka, de \u00fagy t\u0171nik a j\u00e1rv\u00e1ny hat\u00e1sa ezen a ter\u00fcleten is \u00e9rv\u00e9nyes\u00fcl. Egyre t\u00f6bben \u00e9rdekl\u0151dnek a lehet\u0151s\u00e9gek ir\u00e1nt. A regisztr\u00e1lt fiatalok sz\u00e1m\u00e1ban \u00e9rdemi v\u00e1ltoz\u00e1s nincs az elm\u00falt \u00e9vihez k\u00e9pest, azonban a koronav\u00edrus-j\u00e1rv\u00e1ny miatt kevesebb a lehet\u0151s\u00e9g, \u00edgy egy-egy \u00e1ll\u00e1sra 30-40 sz\u00e1zal\u00e9kkal t\u00f6bben p\u00e1ly\u00e1znak \u2013 \u00edrta az MTI. A Vil\u00e1ggazdas\u00e1gnak nyilatkoz\u00f3\" \/>\n\t\t<meta name=\"twitter:image\" content=\"https:\/\/allasorias.hu\/hirek\/wp-content\/uploads\/2019\/08\/student-4311754_640.jpg\" \/>\n\t\t<meta name=\"twitter:label1\" content=\"Written by\" \/>\n\t\t<meta name=\"twitter:data1\" content=\"Juh\u00e1sz P\u00e9ter\" \/>\n\t\t<meta name=\"twitter:label2\" content=\"Est. reading time\" \/>\n\t\t<meta name=\"twitter:data2\" content=\"1 minute\" \/>\n\t\t<script type=\"application\/ld+json\" class=\"aioseo-schema\">\n\t\t\t{\"@context\":\"https:\\\/\\\/schema.org\",\"@graph\":[{\"@type\":\"Article\",\"@id\":\"https:\\\/\\\/allasorias.hu\\\/hirek\\\/nepszeru-a-diakmunka\\\/#article\",\"name\":\"N\\u00e9pszer\\u0171 a di\\u00e1kmunka | AllasOrias.hu | H\\u00edrek-lapszemle\",\"headline\":\"N\\u00e9pszer\\u0171 a di\\u00e1kmunka\",\"author\":{\"@id\":\"https:\\\/\\\/allasorias.hu\\\/hirek\\\/author\\\/admin-allasorias\\\/#author\"},\"publisher\":{\"@id\":\"https:\\\/\\\/allasorias.hu\\\/hirek\\\/#organization\"},\"image\":{\"@type\":\"ImageObject\",\"url\":\"https:\\\/\\\/allasorias.hu\\\/hirek\\\/wp-content\\\/uploads\\\/2019\\\/08\\\/student-4311754_640.jpg\",\"width\":640,\"height\":426},\"datePublished\":\"2020-07-10T07:25:09+02:00\",\"dateModified\":\"2020-07-10T07:35:16+02:00\",\"inLanguage\":\"hu-HU\",\"mainEntityOfPage\":{\"@id\":\"https:\\\/\\\/allasorias.hu\\\/hirek\\\/nepszeru-a-diakmunka\\\/#webpage\"},\"isPartOf\":{\"@id\":\"https:\\\/\\\/allasorias.hu\\\/hirek\\\/nepszeru-a-diakmunka\\\/#webpage\"},\"articleSection\":\"Munkaer\\u0151piac\"},{\"@type\":\"BreadcrumbList\",\"@id\":\"https:\\\/\\\/allasorias.hu\\\/hirek\\\/nepszeru-a-diakmunka\\\/#breadcrumblist\",\"itemListElement\":[{\"@type\":\"ListItem\",\"@id\":\"https:\\\/\\\/allasorias.hu\\\/hirek#listItem\",\"position\":1,\"name\":\"Home\",\"item\":\"https:\\\/\\\/allasorias.hu\\\/hirek\",\"nextItem\":{\"@type\":\"ListItem\",\"@id\":\"https:\\\/\\\/allasorias.hu\\\/hirek\\\/temak\\\/munkaeropiac\\\/#listItem\",\"name\":\"Munkaer\\u0151piac\"}},{\"@type\":\"ListItem\",\"@id\":\"https:\\\/\\\/allasorias.hu\\\/hirek\\\/temak\\\/munkaeropiac\\\/#listItem\",\"position\":2,\"name\":\"Munkaer\\u0151piac\",\"item\":\"https:\\\/\\\/allasorias.hu\\\/hirek\\\/temak\\\/munkaeropiac\\\/\",\"nextItem\":{\"@type\":\"ListItem\",\"@id\":\"https:\\\/\\\/allasorias.hu\\\/hirek\\\/nepszeru-a-diakmunka\\\/#listItem\",\"name\":\"N\\u00e9pszer\\u0171 a di\\u00e1kmunka\"},\"previousItem\":{\"@type\":\"ListItem\",\"@id\":\"https:\\\/\\\/allasorias.hu\\\/hirek#listItem\",\"name\":\"Home\"}},{\"@type\":\"ListItem\",\"@id\":\"https:\\\/\\\/allasorias.hu\\\/hirek\\\/nepszeru-a-diakmunka\\\/#listItem\",\"position\":3,\"name\":\"N\\u00e9pszer\\u0171 a di\\u00e1kmunka\",\"previousItem\":{\"@type\":\"ListItem\",\"@id\":\"https:\\\/\\\/allasorias.hu\\\/hirek\\\/temak\\\/munkaeropiac\\\/#listItem\",\"name\":\"Munkaer\\u0151piac\"}}]},{\"@type\":\"Organization\",\"@id\":\"https:\\\/\\\/allasorias.hu\\\/hirek\\\/#organization\",\"name\":\"AllasOrias.hu | H\\u00edrek-lapszemle\",\"description\":\"\\u00dczleti h\\u00edrek az \\u00e1ll\\u00e1s \\u00e9s a munka vil\\u00e1g\\u00e1b\\u00f3l\",\"url\":\"https:\\\/\\\/allasorias.hu\\\/hirek\\\/\",\"logo\":{\"@type\":\"ImageObject\",\"url\":\"https:\\\/\\\/allasorias.hu\\\/hirek\\\/wp-content\\\/uploads\\\/2022\\\/10\\\/allasorias_site_facebok_logo.png\",\"@id\":\"https:\\\/\\\/allasorias.hu\\\/hirek\\\/nepszeru-a-diakmunka\\\/#organizationLogo\"},\"image\":{\"@id\":\"https:\\\/\\\/allasorias.hu\\\/hirek\\\/nepszeru-a-diakmunka\\\/#organizationLogo\"},\"sameAs\":[\"https:\\\/\\\/www.facebook.com\\\/allasorias\",\"https:\\\/\\\/www.linkedin.com\\\/company\\\/allasorias\"]},{\"@type\":\"Person\",\"@id\":\"https:\\\/\\\/allasorias.hu\\\/hirek\\\/author\\\/admin-allasorias\\\/#author\",\"url\":\"https:\\\/\\\/allasorias.hu\\\/hirek\\\/author\\\/admin-allasorias\\\/\",\"name\":\"Juh\\u00e1sz P\\u00e9ter\",\"image\":{\"@type\":\"ImageObject\",\"@id\":\"https:\\\/\\\/allasorias.hu\\\/hirek\\\/nepszeru-a-diakmunka\\\/#authorImage\",\"url\":\"https:\\\/\\\/secure.gravatar.com\\\/avatar\\\/36e6bcb83148978b992977cb0f54d22feb0cce8a0a849a9410532bb2623ba4c6?s=96&d=mm&r=g\",\"width\":96,\"height\":96,\"caption\":\"Juh\\u00e1sz P\\u00e9ter\"}},{\"@type\":\"WebPage\",\"@id\":\"https:\\\/\\\/allasorias.hu\\\/hirek\\\/nepszeru-a-diakmunka\\\/#webpage\",\"url\":\"https:\\\/\\\/allasorias.hu\\\/hirek\\\/nepszeru-a-diakmunka\\\/\",\"name\":\"N\\u00e9pszer\\u0171 a di\\u00e1kmunka | AllasOrias.hu | H\\u00edrek-lapszemle\",\"description\":\"Az id\\u00e9n is n\\u00e9pszer\\u0171 a di\\u00e1kmunka, de \\u00fagy t\\u0171nik a j\\u00e1rv\\u00e1ny hat\\u00e1sa ezen a ter\\u00fcleten is \\u00e9rv\\u00e9nyes\\u00fcl. Egyre t\\u00f6bben \\u00e9rdekl\\u0151dnek a lehet\\u0151s\\u00e9gek ir\\u00e1nt. A regisztr\\u00e1lt fiatalok sz\\u00e1m\\u00e1ban \\u00e9rdemi v\\u00e1ltoz\\u00e1s nincs az elm\\u00falt \\u00e9vihez k\\u00e9pest, azonban a koronav\\u00edrus-j\\u00e1rv\\u00e1ny miatt kevesebb a lehet\\u0151s\\u00e9g, \\u00edgy egy-egy \\u00e1ll\\u00e1sra 30-40 sz\\u00e1zal\\u00e9kkal t\\u00f6bben p\\u00e1ly\\u00e1znak \\u2013 \\u00edrta az MTI. A Vil\\u00e1ggazdas\\u00e1gnak nyilatkoz\\u00f3\",\"inLanguage\":\"hu-HU\",\"isPartOf\":{\"@id\":\"https:\\\/\\\/allasorias.hu\\\/hirek\\\/#website\"},\"breadcrumb\":{\"@id\":\"https:\\\/\\\/allasorias.hu\\\/hirek\\\/nepszeru-a-diakmunka\\\/#breadcrumblist\"},\"author\":{\"@id\":\"https:\\\/\\\/allasorias.hu\\\/hirek\\\/author\\\/admin-allasorias\\\/#author\"},\"creator\":{\"@id\":\"https:\\\/\\\/allasorias.hu\\\/hirek\\\/author\\\/admin-allasorias\\\/#author\"},\"image\":{\"@type\":\"ImageObject\",\"url\":\"https:\\\/\\\/allasorias.hu\\\/hirek\\\/wp-content\\\/uploads\\\/2019\\\/08\\\/student-4311754_640.jpg\",\"@id\":\"https:\\\/\\\/allasorias.hu\\\/hirek\\\/nepszeru-a-diakmunka\\\/#mainImage\",\"width\":640,\"height\":426},\"primaryImageOfPage\":{\"@id\":\"https:\\\/\\\/allasorias.hu\\\/hirek\\\/nepszeru-a-diakmunka\\\/#mainImage\"},\"datePublished\":\"2020-07-10T07:25:09+02:00\",\"dateModified\":\"2020-07-10T07:35:16+02:00\"},{\"@type\":\"WebSite\",\"@id\":\"https:\\\/\\\/allasorias.hu\\\/hirek\\\/#website\",\"url\":\"https:\\\/\\\/allasorias.hu\\\/hirek\\\/\",\"name\":\"AllasOrias.hu | H\\u00edrek-lapszemle\",\"description\":\"\\u00dczleti h\\u00edrek az \\u00e1ll\\u00e1s \\u00e9s a munka vil\\u00e1g\\u00e1b\\u00f3l\",\"inLanguage\":\"hu-HU\",\"publisher\":{\"@id\":\"https:\\\/\\\/allasorias.hu\\\/hirek\\\/#organization\"}}]}\n\t\t<\/script>\n\t\t<!-- All in One SEO -->\n\n","aioseo_head_json":{"title":"N\u00e9pszer\u0171 a di\u00e1kmunka | AllasOrias.hu | H\u00edrek-lapszemle","description":"Az id\u00e9n is n\u00e9pszer\u0171 a di\u00e1kmunka, de \u00fagy t\u0171nik a j\u00e1rv\u00e1ny hat\u00e1sa ezen a ter\u00fcleten is \u00e9rv\u00e9nyes\u00fcl. Egyre t\u00f6bben \u00e9rdekl\u0151dnek a lehet\u0151s\u00e9gek ir\u00e1nt. A regisztr\u00e1lt fiatalok sz\u00e1m\u00e1ban \u00e9rdemi v\u00e1ltoz\u00e1s nincs az elm\u00falt \u00e9vihez k\u00e9pest, azonban a koronav\u00edrus-j\u00e1rv\u00e1ny miatt kevesebb a lehet\u0151s\u00e9g, \u00edgy egy-egy \u00e1ll\u00e1sra 30-40 sz\u00e1zal\u00e9kkal t\u00f6bben p\u00e1ly\u00e1znak \u2013 \u00edrta az MTI. A Vil\u00e1ggazdas\u00e1gnak nyilatkoz\u00f3","canonical_url":"https:\/\/allasorias.hu\/hirek\/nepszeru-a-diakmunka\/","robots":"max-image-preview:large","keywords":"","webmasterTools":{"miscellaneous":""},"schema":{"@context":"https:\/\/schema.org","@graph":[{"@type":"Article","@id":"https:\/\/allasorias.hu\/hirek\/nepszeru-a-diakmunka\/#article","name":"N\u00e9pszer\u0171 a di\u00e1kmunka | AllasOrias.hu | H\u00edrek-lapszemle","headline":"N\u00e9pszer\u0171 a di\u00e1kmunka","author":{"@id":"https:\/\/allasorias.hu\/hirek\/author\/admin-allasorias\/#author"},"publisher":{"@id":"https:\/\/allasorias.hu\/hirek\/#organization"},"image":{"@type":"ImageObject","url":"https:\/\/allasorias.hu\/hirek\/wp-content\/uploads\/2019\/08\/student-4311754_640.jpg","width":640,"height":426},"datePublished":"2020-07-10T07:25:09+02:00","dateModified":"2020-07-10T07:35:16+02:00","inLanguage":"hu-HU","mainEntityOfPage":{"@id":"https:\/\/allasorias.hu\/hirek\/nepszeru-a-diakmunka\/#webpage"},"isPartOf":{"@id":"https:\/\/allasorias.hu\/hirek\/nepszeru-a-diakmunka\/#webpage"},"articleSection":"Munkaer\u0151piac"},{"@type":"BreadcrumbList","@id":"https:\/\/allasorias.hu\/hirek\/nepszeru-a-diakmunka\/#breadcrumblist","itemListElement":[{"@type":"ListItem","@id":"https:\/\/allasorias.hu\/hirek#listItem","position":1,"name":"Home","item":"https:\/\/allasorias.hu\/hirek","nextItem":{"@type":"ListItem","@id":"https:\/\/allasorias.hu\/hirek\/temak\/munkaeropiac\/#listItem","name":"Munkaer\u0151piac"}},{"@type":"ListItem","@id":"https:\/\/allasorias.hu\/hirek\/temak\/munkaeropiac\/#listItem","position":2,"name":"Munkaer\u0151piac","item":"https:\/\/allasorias.hu\/hirek\/temak\/munkaeropiac\/","nextItem":{"@type":"ListItem","@id":"https:\/\/allasorias.hu\/hirek\/nepszeru-a-diakmunka\/#listItem","name":"N\u00e9pszer\u0171 a di\u00e1kmunka"},"previousItem":{"@type":"ListItem","@id":"https:\/\/allasorias.hu\/hirek#listItem","name":"Home"}},{"@type":"ListItem","@id":"https:\/\/allasorias.hu\/hirek\/nepszeru-a-diakmunka\/#listItem","position":3,"name":"N\u00e9pszer\u0171 a di\u00e1kmunka","previousItem":{"@type":"ListItem","@id":"https:\/\/allasorias.hu\/hirek\/temak\/munkaeropiac\/#listItem","name":"Munkaer\u0151piac"}}]},{"@type":"Organization","@id":"https:\/\/allasorias.hu\/hirek\/#organization","name":"AllasOrias.hu | H\u00edrek-lapszemle","description":"\u00dczleti h\u00edrek az \u00e1ll\u00e1s \u00e9s a munka vil\u00e1g\u00e1b\u00f3l","url":"https:\/\/allasorias.hu\/hirek\/","logo":{"@type":"ImageObject","url":"https:\/\/allasorias.hu\/hirek\/wp-content\/uploads\/2022\/10\/allasorias_site_facebok_logo.png","@id":"https:\/\/allasorias.hu\/hirek\/nepszeru-a-diakmunka\/#organizationLogo"},"image":{"@id":"https:\/\/allasorias.hu\/hirek\/nepszeru-a-diakmunka\/#organizationLogo"},"sameAs":["https:\/\/www.facebook.com\/allasorias","https:\/\/www.linkedin.com\/company\/allasorias"]},{"@type":"Person","@id":"https:\/\/allasorias.hu\/hirek\/author\/admin-allasorias\/#author","url":"https:\/\/allasorias.hu\/hirek\/author\/admin-allasorias\/","name":"Juh\u00e1sz P\u00e9ter","image":{"@type":"ImageObject","@id":"https:\/\/allasorias.hu\/hirek\/nepszeru-a-diakmunka\/#authorImage","url":"https:\/\/secure.gravatar.com\/avatar\/36e6bcb83148978b992977cb0f54d22feb0cce8a0a849a9410532bb2623ba4c6?s=96&d=mm&r=g","width":96,"height":96,"caption":"Juh\u00e1sz P\u00e9ter"}},{"@type":"WebPage","@id":"https:\/\/allasorias.hu\/hirek\/nepszeru-a-diakmunka\/#webpage","url":"https:\/\/allasorias.hu\/hirek\/nepszeru-a-diakmunka\/","name":"N\u00e9pszer\u0171 a di\u00e1kmunka | AllasOrias.hu | H\u00edrek-lapszemle","description":"Az id\u00e9n is n\u00e9pszer\u0171 a di\u00e1kmunka, de \u00fagy t\u0171nik a j\u00e1rv\u00e1ny hat\u00e1sa ezen a ter\u00fcleten is \u00e9rv\u00e9nyes\u00fcl. Egyre t\u00f6bben \u00e9rdekl\u0151dnek a lehet\u0151s\u00e9gek ir\u00e1nt. A regisztr\u00e1lt fiatalok sz\u00e1m\u00e1ban \u00e9rdemi v\u00e1ltoz\u00e1s nincs az elm\u00falt \u00e9vihez k\u00e9pest, azonban a koronav\u00edrus-j\u00e1rv\u00e1ny miatt kevesebb a lehet\u0151s\u00e9g, \u00edgy egy-egy \u00e1ll\u00e1sra 30-40 sz\u00e1zal\u00e9kkal t\u00f6bben p\u00e1ly\u00e1znak \u2013 \u00edrta az MTI. A Vil\u00e1ggazdas\u00e1gnak nyilatkoz\u00f3","inLanguage":"hu-HU","isPartOf":{"@id":"https:\/\/allasorias.hu\/hirek\/#website"},"breadcrumb":{"@id":"https:\/\/allasorias.hu\/hirek\/nepszeru-a-diakmunka\/#breadcrumblist"},"author":{"@id":"https:\/\/allasorias.hu\/hirek\/author\/admin-allasorias\/#author"},"creator":{"@id":"https:\/\/allasorias.hu\/hirek\/author\/admin-allasorias\/#author"},"image":{"@type":"ImageObject","url":"https:\/\/allasorias.hu\/hirek\/wp-content\/uploads\/2019\/08\/student-4311754_640.jpg","@id":"https:\/\/allasorias.hu\/hirek\/nepszeru-a-diakmunka\/#mainImage","width":640,"height":426},"primaryImageOfPage":{"@id":"https:\/\/allasorias.hu\/hirek\/nepszeru-a-diakmunka\/#mainImage"},"datePublished":"2020-07-10T07:25:09+02:00","dateModified":"2020-07-10T07:35:16+02:00"},{"@type":"WebSite","@id":"https:\/\/allasorias.hu\/hirek\/#website","url":"https:\/\/allasorias.hu\/hirek\/","name":"AllasOrias.hu | H\u00edrek-lapszemle","description":"\u00dczleti h\u00edrek az \u00e1ll\u00e1s \u00e9s a munka vil\u00e1g\u00e1b\u00f3l","inLanguage":"hu-HU","publisher":{"@id":"https:\/\/allasorias.hu\/hirek\/#organization"}}]},"og:locale":"hu_HU","og:site_name":"AllasOrias.hu | H\u00edrek-lapszemle | \u00dczleti h\u00edrek az \u00e1ll\u00e1s \u00e9s a munka vil\u00e1g\u00e1b\u00f3l","og:type":"article","og:title":"N\u00e9pszer\u0171 a di\u00e1kmunka | AllasOrias.hu | H\u00edrek-lapszemle","og:description":"Az id\u00e9n is n\u00e9pszer\u0171 a di\u00e1kmunka, de \u00fagy t\u0171nik a j\u00e1rv\u00e1ny hat\u00e1sa ezen a ter\u00fcleten is \u00e9rv\u00e9nyes\u00fcl. Egyre t\u00f6bben \u00e9rdekl\u0151dnek a lehet\u0151s\u00e9gek ir\u00e1nt. A regisztr\u00e1lt fiatalok sz\u00e1m\u00e1ban \u00e9rdemi v\u00e1ltoz\u00e1s nincs az elm\u00falt \u00e9vihez k\u00e9pest, azonban a koronav\u00edrus-j\u00e1rv\u00e1ny miatt kevesebb a lehet\u0151s\u00e9g, \u00edgy egy-egy \u00e1ll\u00e1sra 30-40 sz\u00e1zal\u00e9kkal t\u00f6bben p\u00e1ly\u00e1znak \u2013 \u00edrta az MTI. A Vil\u00e1ggazdas\u00e1gnak nyilatkoz\u00f3","og:url":"https:\/\/allasorias.hu\/hirek\/nepszeru-a-diakmunka\/","og:image":"https:\/\/allasorias.hu\/hirek\/wp-content\/uploads\/2019\/08\/student-4311754_640.jpg","og:image:secure_url":"https:\/\/allasorias.hu\/hirek\/wp-content\/uploads\/2019\/08\/student-4311754_640.jpg","og:image:width":640,"og:image:height":426,"article:published_time":"2020-07-10T07:25:09+00:00","article:modified_time":"2020-07-10T07:35:16+00:00","article:publisher":"https:\/\/www.facebook.com\/allasorias","twitter:card":"summary_large_image","twitter:title":"N\u00e9pszer\u0171 a di\u00e1kmunka | AllasOrias.hu | H\u00edrek-lapszemle","twitter:description":"Az id\u00e9n is n\u00e9pszer\u0171 a di\u00e1kmunka, de \u00fagy t\u0171nik a j\u00e1rv\u00e1ny hat\u00e1sa ezen a ter\u00fcleten is \u00e9rv\u00e9nyes\u00fcl. Egyre t\u00f6bben \u00e9rdekl\u0151dnek a lehet\u0151s\u00e9gek ir\u00e1nt. A regisztr\u00e1lt fiatalok sz\u00e1m\u00e1ban \u00e9rdemi v\u00e1ltoz\u00e1s nincs az elm\u00falt \u00e9vihez k\u00e9pest, azonban a koronav\u00edrus-j\u00e1rv\u00e1ny miatt kevesebb a lehet\u0151s\u00e9g, \u00edgy egy-egy \u00e1ll\u00e1sra 30-40 sz\u00e1zal\u00e9kkal t\u00f6bben p\u00e1ly\u00e1znak \u2013 \u00edrta az MTI. A Vil\u00e1ggazdas\u00e1gnak nyilatkoz\u00f3","twitter:image":"https:\/\/allasorias.hu\/hirek\/wp-content\/uploads\/2019\/08\/student-4311754_640.jpg","twitter:label1":"Written by","twitter:data1":"Juh\u00e1sz P\u00e9ter","twitter:label2":"Est. reading time","twitter:data2":"1 minute"},"aioseo_meta_data":{"post_id":"4116","title":null,"description":null,"keywords":null,"keyphrases":null,"primary_term":null,"canonical_url":null,"og_title":null,"og_description":null,"og_object_type":"default","og_image_type":"default","og_image_url":null,"og_image_width":null,"og_image_height":null,"og_image_custom_url":null,"og_image_custom_fields":null,"og_video":null,"og_custom_url":null,"og_article_section":null,"og_article_tags":null,"twitter_use_og":false,"twitter_card":"default","twitter_image_type":"default","twitter_image_url":null,"twitter_image_custom_url":null,"twitter_image_custom_fields":null,"twitter_title":null,"twitter_description":null,"schema":{"blockGraphs":[],"customGraphs":[],"default":{"data":{"Article":[],"Course":[],"Dataset":[],"FAQPage":[],"Movie":[],"Person":[],"Product":[],"ProductReview":[],"Car":[],"Recipe":[],"Service":[],"SoftwareApplication":[],"WebPage":[]},"graphName":"","isEnabled":true},"graphs":[]},"schema_type":null,"schema_type_options":null,"pillar_content":false,"robots_default":true,"robots_noindex":false,"robots_noarchive":false,"robots_nosnippet":false,"robots_nofollow":false,"robots_noimageindex":false,"robots_noodp":false,"robots_notranslate":false,"robots_max_snippet":null,"robots_max_videopreview":null,"robots_max_imagepreview":"large","priority":null,"frequency":null,"location":null,"local_seo":null,"breadcrumb_settings":null,"limit_modified_date":false,"ai":null,"created":"2021-02-01 21:13:45","updated":"2025-10-02 14:09:59","seo_analyzer_scan_date":null,"focus_keyword":null,"additional_keywords":null,"truseo_locale":null},"aioseo_breadcrumb":"<div class=\"aioseo-breadcrumbs\"><span class=\"aioseo-breadcrumb\">\n\t\t\t<a href=\"https:\/\/allasorias.hu\/hirek\" title=\"Home\">Home<\/a>\n\t\t<\/span><span class=\"aioseo-breadcrumb-separator\">&raquo;<\/span><span class=\"aioseo-breadcrumb\">\n\t\t\t<a href=\"https:\/\/allasorias.hu\/hirek\/temak\/munkaeropiac\/\" title=\"Munkaer\u0151piac\">Munkaer\u0151piac<\/a>\n\t\t<\/span><span class=\"aioseo-breadcrumb-separator\">&raquo;<\/span><span class=\"aioseo-breadcrumb\">\n\t\t\tN\u00e9pszer\u0171 a di\u00e1kmunka\n\t\t<\/span><\/div>","aioseo_breadcrumb_json":[{"label":"Home","link":"https:\/\/allasorias.hu\/hirek"},{"label":"Munkaer\u0151piac","link":"https:\/\/allasorias.hu\/hirek\/temak\/munkaeropiac\/"},{"label":"N\u00e9pszer\u0171 a di\u00e1kmunka","link":"https:\/\/allasorias.hu\/hirek\/nepszeru-a-diakmunka\/"}],"_links":{"self":[{"href":"https:\/\/allasorias.hu\/hirek\/wp-json\/wp\/v2\/posts\/4116","targetHints":{"allow":["GET"]}}],"collection":[{"href":"https:\/\/allasorias.hu\/hirek\/wp-json\/wp\/v2\/posts"}],"about":[{"href":"https:\/\/allasorias.hu\/hirek\/wp-json\/wp\/v2\/types\/post"}],"author":[{"embeddable":true,"href":"https:\/\/allasorias.hu\/hirek\/wp-json\/wp\/v2\/users\/1"}],"replies":[{"embeddable":true,"href":"https:\/\/allasorias.hu\/hirek\/wp-json\/wp\/v2\/comments?post=4116"}],"version-history":[{"count":1,"href":"https:\/\/allasorias.hu\/hirek\/wp-json\/wp\/v2\/posts\/4116\/revisions"}],"predecessor-version":[{"id":4117,"href":"https:\/\/allasorias.hu\/hirek\/wp-json\/wp\/v2\/posts\/4116\/revisions\/4117"}],"wp:featuredmedia":[{"embeddable":true,"href":"https:\/\/allasorias.hu\/hirek\/wp-json\/wp\/v2\/media\/3210"}],"wp:attachment":[{"href":"https:\/\/allasorias.hu\/hirek\/wp-json\/wp\/v2\/media?parent=4116"}],"wp:term":[{"taxonomy":"category","embeddable":true,"href":"https:\/\/allasorias.hu\/hirek\/wp-json\/wp\/v2\/categories?post=4116"},{"taxonomy":"post_tag","embeddable":true,"href":"https:\/\/allasorias.hu\/hirek\/wp-json\/wp\/v2\/tags?post=4116"}],"curies":[{"name":"wp","href":"https:\/\/api.w.org\/{rel}","templated":true}]}}