{"id":4113,"date":"2020-07-10T07:31:45","date_gmt":"2020-07-10T07:31:45","guid":{"rendered":"https:\/\/allasorias.hu\/hirek\/?p=4113"},"modified":"2020-07-10T07:31:45","modified_gmt":"2020-07-10T07:31:45","slug":"nyari-nav-ellenorzesek-indultak","status":"publish","type":"post","link":"https:\/\/allasorias.hu\/hirek\/nyari-nav-ellenorzesek-indultak\/","title":{"rendered":"Ny\u00e1ri NAV ellen\u0151rz\u00e9sek indultak"},"content":{"rendered":"<p><strong>Nagyszab\u00e1s\u00fa ellen\u0151rz\u00e9sekbe kezdett a NAV, a forgalmas vend\u00e9gl\u00e1t\u00f3helyek sz\u00e1m\u00edthatnak ellen\u0151rz\u00e9sekre. Szinte a f\u00e9l orsz\u00e1gra kiterjed a razzia, az ad\u00f3hivatal emberei a fagylaltoz\u00f3kat, a k\u00e1v\u00e9z\u00f3kat, a cukr\u00e1szd\u00e1kat ellen\u0151rzik, a revizorok egyes ad\u00f3z\u00e1si \u00e9s munkaer\u0151piaci szab\u00e1lyok megtart\u00e1s\u00e1ra koncentr\u00e1lnak.<\/strong><\/p>\n<p>A Magyar T\u00e1virati Iroda a Magyar nemzet nyom\u00e1n le\u00edrja, hogy a Nemzeti Ad\u00f3- \u00e9s V\u00e1mhivatal (NAV) t\u00f6bb megy\u00e9re kiterjed\u0151 fagyiz\u00f3 razzi\u00e1ba fogott, p\u00e9ld\u00e1ul Csongr\u00e1d-Csan\u00e1dban, Kom\u00e1rom-Esztergomban, N\u00f3gr\u00e1dban \u00e9s Veszpr\u00e9mben ezen a h\u00e9ten tartottak, tartanak ellen\u0151rz\u00e9st, m\u00e1sutt, \u00edgy Toln\u00e1ban \u00e9s Zal\u00e1ban a h\u00f3nap els\u0151 fel\u00e9t sz\u00e1nj\u00e1k erre a revizorok, m\u00edg Hevesben \u00e9s J\u00e1sz-Nagykun-Szolnokban eg\u00e9sz j\u00faliusban lehetnek c\u00e9lzott vizsg\u00e1latok. A NAV emberei a fagylaltoz\u00f3k mellett a k\u00e1v\u00e9z\u00f3kat \u00e9s a cukr\u00e1szd\u00e1kat is felkereshetik, m\u00e9gpedig minden esetben azonos c\u00e9llal: hogy megbizonyosodjanak arr\u00f3l, betartj\u00e1k-e a legfontosabb ad\u00f3\u00fcgyi \u00e9s munkaer\u0151piaci szab\u00e1lyokat. A rev\u00edzi\u00f3k legfontosabb k\u00e9rd\u00e9se, hogy az \u00fczletekben mindig \u00e1tadj\u00e1k-e a nyugt\u00e1t, a sz\u00e1ml\u00e1t az \u00fcgyfeleknek, \u00e9s megfelel\u0151en haszn\u00e1lj\u00e1k-e az online p\u00e9nzt\u00e1rg\u00e9pet. L\u00e9nyeges emellett az alkalmazottak szab\u00e1lyszer\u0171 bejelent\u00e9se \u00e9s adott esetben az is, hogy az \u00e1ruk\u00e9szlet eredet\u00e9vel minden rendben legyen &#8211; \u00e1ll a cikkben.<\/p>\n<p>Forr\u00e1s: napi.hu<\/p>\n","protected":false},"excerpt":{"rendered":"<p>Nagyszab\u00e1s\u00fa ellen\u0151rz\u00e9sekbe kezdett a NAV, a forgalmas vend\u00e9gl\u00e1t\u00f3helyek sz\u00e1m\u00edthatnak ellen\u0151rz\u00e9sekre. Szinte a f\u00e9l orsz\u00e1gra kiterjed a razzia, az ad\u00f3hivatal emberei a fagylaltoz\u00f3kat, a k\u00e1v\u00e9z\u00f3kat, a cukr\u00e1szd\u00e1kat ellen\u0151rzik, a revizorok egyes ad\u00f3z\u00e1si \u00e9s munkaer\u0151piaci szab\u00e1lyok megtart\u00e1s\u00e1ra koncentr\u00e1lnak. A Magyar T\u00e1virati Iroda a Magyar nemzet nyom\u00e1n le\u00edrja, hogy a Nemzeti Ad\u00f3- \u00e9s V\u00e1mhivatal (NAV) t\u00f6bb megy\u00e9re kiterjed\u0151 [&hellip;]<\/p>\n","protected":false},"author":1,"featured_media":4114,"comment_status":"open","ping_status":"open","sticky":false,"template":"","format":"standard","meta":{"_monsterinsights_skip_tracking":false,"footnotes":""},"categories":[198],"tags":[],"class_list":["post-4113","post","type-post","status-publish","format-standard","has-post-thumbnail","hentry","category-gazdasag"],"aioseo_notices":[],"aioseo_head":"\n\t\t<!-- All in One SEO 5.0.0.1 - aioseo.com -->\n\t<meta name=\"description\" content=\"Nagyszab\u00e1s\u00fa ellen\u0151rz\u00e9sekbe kezdett a NAV, a forgalmas vend\u00e9gl\u00e1t\u00f3helyek sz\u00e1m\u00edthatnak ellen\u0151rz\u00e9sekre. Szinte a f\u00e9l orsz\u00e1gra kiterjed a razzia, az ad\u00f3hivatal emberei a fagylaltoz\u00f3kat, a k\u00e1v\u00e9z\u00f3kat, a cukr\u00e1szd\u00e1kat ellen\u0151rzik, a revizorok egyes ad\u00f3z\u00e1si \u00e9s munkaer\u0151piaci szab\u00e1lyok megtart\u00e1s\u00e1ra koncentr\u00e1lnak. A Magyar T\u00e1virati Iroda a Magyar nemzet nyom\u00e1n le\u00edrja, hogy a Nemzeti Ad\u00f3- \u00e9s V\u00e1mhivatal (NAV) t\u00f6bb megy\u00e9re kiterjed\u0151\" \/>\n\t<meta name=\"robots\" content=\"max-image-preview:large\" \/>\n\t<meta name=\"author\" content=\"Juh\u00e1sz P\u00e9ter\"\/>\n\t<link rel=\"canonical\" href=\"https:\/\/allasorias.hu\/hirek\/nyari-nav-ellenorzesek-indultak\/\" \/>\n\t<meta name=\"generator\" content=\"All in One SEO (AIOSEO) 5.0.0.1\" \/>\n\t\t<meta property=\"og:locale\" content=\"hu_HU\" \/>\n\t\t<meta property=\"og:site_name\" content=\"AllasOrias.hu | H\u00edrek-lapszemle | \u00dczleti h\u00edrek az \u00e1ll\u00e1s \u00e9s a munka vil\u00e1g\u00e1b\u00f3l\" \/>\n\t\t<meta property=\"og:type\" content=\"article\" \/>\n\t\t<meta property=\"og:title\" content=\"Ny\u00e1ri NAV ellen\u0151rz\u00e9sek indultak | AllasOrias.hu | H\u00edrek-lapszemle\" \/>\n\t\t<meta property=\"og:description\" content=\"Nagyszab\u00e1s\u00fa ellen\u0151rz\u00e9sekbe kezdett a NAV, a forgalmas vend\u00e9gl\u00e1t\u00f3helyek sz\u00e1m\u00edthatnak ellen\u0151rz\u00e9sekre. Szinte a f\u00e9l orsz\u00e1gra kiterjed a razzia, az ad\u00f3hivatal emberei a fagylaltoz\u00f3kat, a k\u00e1v\u00e9z\u00f3kat, a cukr\u00e1szd\u00e1kat ellen\u0151rzik, a revizorok egyes ad\u00f3z\u00e1si \u00e9s munkaer\u0151piaci szab\u00e1lyok megtart\u00e1s\u00e1ra koncentr\u00e1lnak. A Magyar T\u00e1virati Iroda a Magyar nemzet nyom\u00e1n le\u00edrja, hogy a Nemzeti Ad\u00f3- \u00e9s V\u00e1mhivatal (NAV) t\u00f6bb megy\u00e9re kiterjed\u0151\" \/>\n\t\t<meta property=\"og:url\" content=\"https:\/\/allasorias.hu\/hirek\/nyari-nav-ellenorzesek-indultak\/\" \/>\n\t\t<meta property=\"og:image\" content=\"https:\/\/allasorias.hu\/hirek\/wp-content\/uploads\/2020\/07\/27.jpg\" \/>\n\t\t<meta property=\"og:image:secure_url\" content=\"https:\/\/allasorias.hu\/hirek\/wp-content\/uploads\/2020\/07\/27.jpg\" \/>\n\t\t<meta property=\"og:image:width\" content=\"1280\" \/>\n\t\t<meta property=\"og:image:height\" content=\"683\" \/>\n\t\t<meta property=\"article:published_time\" content=\"2020-07-10T07:31:45+00:00\" \/>\n\t\t<meta property=\"article:modified_time\" content=\"2020-07-10T07:31:45+00:00\" \/>\n\t\t<meta property=\"article:publisher\" content=\"https:\/\/www.facebook.com\/allasorias\" \/>\n\t\t<meta name=\"twitter:card\" content=\"summary_large_image\" \/>\n\t\t<meta name=\"twitter:title\" content=\"Ny\u00e1ri NAV ellen\u0151rz\u00e9sek indultak | AllasOrias.hu | H\u00edrek-lapszemle\" \/>\n\t\t<meta name=\"twitter:description\" content=\"Nagyszab\u00e1s\u00fa ellen\u0151rz\u00e9sekbe kezdett a NAV, a forgalmas vend\u00e9gl\u00e1t\u00f3helyek sz\u00e1m\u00edthatnak ellen\u0151rz\u00e9sekre. Szinte a f\u00e9l orsz\u00e1gra kiterjed a razzia, az ad\u00f3hivatal emberei a fagylaltoz\u00f3kat, a k\u00e1v\u00e9z\u00f3kat, a cukr\u00e1szd\u00e1kat ellen\u0151rzik, a revizorok egyes ad\u00f3z\u00e1si \u00e9s munkaer\u0151piaci szab\u00e1lyok megtart\u00e1s\u00e1ra koncentr\u00e1lnak. A Magyar T\u00e1virati Iroda a Magyar nemzet nyom\u00e1n le\u00edrja, hogy a Nemzeti Ad\u00f3- \u00e9s V\u00e1mhivatal (NAV) t\u00f6bb megy\u00e9re kiterjed\u0151\" \/>\n\t\t<meta name=\"twitter:image\" content=\"https:\/\/allasorias.hu\/hirek\/wp-content\/uploads\/2020\/07\/27.jpg\" \/>\n\t\t<meta name=\"twitter:label1\" content=\"Written by\" \/>\n\t\t<meta name=\"twitter:data1\" content=\"Juh\u00e1sz P\u00e9ter\" \/>\n\t\t<meta name=\"twitter:label2\" content=\"Est. reading time\" \/>\n\t\t<meta name=\"twitter:data2\" content=\"1 minute\" \/>\n\t\t<script type=\"application\/ld+json\" class=\"aioseo-schema\">\n\t\t\t{\"@context\":\"https:\\\/\\\/schema.org\",\"@graph\":[{\"@type\":\"Article\",\"@id\":\"https:\\\/\\\/allasorias.hu\\\/hirek\\\/nyari-nav-ellenorzesek-indultak\\\/#article\",\"name\":\"Ny\\u00e1ri NAV ellen\\u0151rz\\u00e9sek indultak | AllasOrias.hu | H\\u00edrek-lapszemle\",\"headline\":\"Ny\\u00e1ri NAV ellen\\u0151rz\\u00e9sek indultak\",\"author\":{\"@id\":\"https:\\\/\\\/allasorias.hu\\\/hirek\\\/author\\\/admin-allasorias\\\/#author\"},\"publisher\":{\"@id\":\"https:\\\/\\\/allasorias.hu\\\/hirek\\\/#organization\"},\"image\":{\"@type\":\"ImageObject\",\"url\":\"https:\\\/\\\/allasorias.hu\\\/hirek\\\/wp-content\\\/uploads\\\/2020\\\/07\\\/27.jpg\",\"width\":1280,\"height\":683,\"caption\":\"Business man with pen mark the checkbox,Check the accuracy\"},\"datePublished\":\"2020-07-10T07:31:45+02:00\",\"dateModified\":\"2020-07-10T07:31:45+02:00\",\"inLanguage\":\"hu-HU\",\"mainEntityOfPage\":{\"@id\":\"https:\\\/\\\/allasorias.hu\\\/hirek\\\/nyari-nav-ellenorzesek-indultak\\\/#webpage\"},\"isPartOf\":{\"@id\":\"https:\\\/\\\/allasorias.hu\\\/hirek\\\/nyari-nav-ellenorzesek-indultak\\\/#webpage\"},\"articleSection\":\"Gazdas\\u00e1g\"},{\"@type\":\"BreadcrumbList\",\"@id\":\"https:\\\/\\\/allasorias.hu\\\/hirek\\\/nyari-nav-ellenorzesek-indultak\\\/#breadcrumblist\",\"itemListElement\":[{\"@type\":\"ListItem\",\"@id\":\"https:\\\/\\\/allasorias.hu\\\/hirek#listItem\",\"position\":1,\"name\":\"Home\",\"item\":\"https:\\\/\\\/allasorias.hu\\\/hirek\",\"nextItem\":{\"@type\":\"ListItem\",\"@id\":\"https:\\\/\\\/allasorias.hu\\\/hirek\\\/temak\\\/gazdasag\\\/#listItem\",\"name\":\"Gazdas\\u00e1g\"}},{\"@type\":\"ListItem\",\"@id\":\"https:\\\/\\\/allasorias.hu\\\/hirek\\\/temak\\\/gazdasag\\\/#listItem\",\"position\":2,\"name\":\"Gazdas\\u00e1g\",\"item\":\"https:\\\/\\\/allasorias.hu\\\/hirek\\\/temak\\\/gazdasag\\\/\",\"nextItem\":{\"@type\":\"ListItem\",\"@id\":\"https:\\\/\\\/allasorias.hu\\\/hirek\\\/nyari-nav-ellenorzesek-indultak\\\/#listItem\",\"name\":\"Ny\\u00e1ri NAV ellen\\u0151rz\\u00e9sek indultak\"},\"previousItem\":{\"@type\":\"ListItem\",\"@id\":\"https:\\\/\\\/allasorias.hu\\\/hirek#listItem\",\"name\":\"Home\"}},{\"@type\":\"ListItem\",\"@id\":\"https:\\\/\\\/allasorias.hu\\\/hirek\\\/nyari-nav-ellenorzesek-indultak\\\/#listItem\",\"position\":3,\"name\":\"Ny\\u00e1ri NAV ellen\\u0151rz\\u00e9sek indultak\",\"previousItem\":{\"@type\":\"ListItem\",\"@id\":\"https:\\\/\\\/allasorias.hu\\\/hirek\\\/temak\\\/gazdasag\\\/#listItem\",\"name\":\"Gazdas\\u00e1g\"}}]},{\"@type\":\"Organization\",\"@id\":\"https:\\\/\\\/allasorias.hu\\\/hirek\\\/#organization\",\"name\":\"AllasOrias.hu | H\\u00edrek-lapszemle\",\"description\":\"\\u00dczleti h\\u00edrek az \\u00e1ll\\u00e1s \\u00e9s a munka vil\\u00e1g\\u00e1b\\u00f3l\",\"url\":\"https:\\\/\\\/allasorias.hu\\\/hirek\\\/\",\"logo\":{\"@type\":\"ImageObject\",\"url\":\"https:\\\/\\\/allasorias.hu\\\/hirek\\\/wp-content\\\/uploads\\\/2022\\\/10\\\/allasorias_site_facebok_logo.png\",\"@id\":\"https:\\\/\\\/allasorias.hu\\\/hirek\\\/nyari-nav-ellenorzesek-indultak\\\/#organizationLogo\"},\"image\":{\"@id\":\"https:\\\/\\\/allasorias.hu\\\/hirek\\\/nyari-nav-ellenorzesek-indultak\\\/#organizationLogo\"},\"sameAs\":[\"https:\\\/\\\/www.facebook.com\\\/allasorias\",\"https:\\\/\\\/www.linkedin.com\\\/company\\\/allasorias\"]},{\"@type\":\"Person\",\"@id\":\"https:\\\/\\\/allasorias.hu\\\/hirek\\\/author\\\/admin-allasorias\\\/#author\",\"url\":\"https:\\\/\\\/allasorias.hu\\\/hirek\\\/author\\\/admin-allasorias\\\/\",\"name\":\"Juh\\u00e1sz P\\u00e9ter\",\"image\":{\"@type\":\"ImageObject\",\"@id\":\"https:\\\/\\\/allasorias.hu\\\/hirek\\\/nyari-nav-ellenorzesek-indultak\\\/#authorImage\",\"url\":\"https:\\\/\\\/secure.gravatar.com\\\/avatar\\\/36e6bcb83148978b992977cb0f54d22feb0cce8a0a849a9410532bb2623ba4c6?s=96&d=mm&r=g\",\"width\":96,\"height\":96,\"caption\":\"Juh\\u00e1sz P\\u00e9ter\"}},{\"@type\":\"WebPage\",\"@id\":\"https:\\\/\\\/allasorias.hu\\\/hirek\\\/nyari-nav-ellenorzesek-indultak\\\/#webpage\",\"url\":\"https:\\\/\\\/allasorias.hu\\\/hirek\\\/nyari-nav-ellenorzesek-indultak\\\/\",\"name\":\"Ny\\u00e1ri NAV ellen\\u0151rz\\u00e9sek indultak | AllasOrias.hu | H\\u00edrek-lapszemle\",\"description\":\"Nagyszab\\u00e1s\\u00fa ellen\\u0151rz\\u00e9sekbe kezdett a NAV, a forgalmas vend\\u00e9gl\\u00e1t\\u00f3helyek sz\\u00e1m\\u00edthatnak ellen\\u0151rz\\u00e9sekre. Szinte a f\\u00e9l orsz\\u00e1gra kiterjed a razzia, az ad\\u00f3hivatal emberei a fagylaltoz\\u00f3kat, a k\\u00e1v\\u00e9z\\u00f3kat, a cukr\\u00e1szd\\u00e1kat ellen\\u0151rzik, a revizorok egyes ad\\u00f3z\\u00e1si \\u00e9s munkaer\\u0151piaci szab\\u00e1lyok megtart\\u00e1s\\u00e1ra koncentr\\u00e1lnak. A Magyar T\\u00e1virati Iroda a Magyar nemzet nyom\\u00e1n le\\u00edrja, hogy a Nemzeti Ad\\u00f3- \\u00e9s V\\u00e1mhivatal (NAV) t\\u00f6bb megy\\u00e9re kiterjed\\u0151\",\"inLanguage\":\"hu-HU\",\"isPartOf\":{\"@id\":\"https:\\\/\\\/allasorias.hu\\\/hirek\\\/#website\"},\"breadcrumb\":{\"@id\":\"https:\\\/\\\/allasorias.hu\\\/hirek\\\/nyari-nav-ellenorzesek-indultak\\\/#breadcrumblist\"},\"author\":{\"@id\":\"https:\\\/\\\/allasorias.hu\\\/hirek\\\/author\\\/admin-allasorias\\\/#author\"},\"creator\":{\"@id\":\"https:\\\/\\\/allasorias.hu\\\/hirek\\\/author\\\/admin-allasorias\\\/#author\"},\"image\":{\"@type\":\"ImageObject\",\"url\":\"https:\\\/\\\/allasorias.hu\\\/hirek\\\/wp-content\\\/uploads\\\/2020\\\/07\\\/27.jpg\",\"@id\":\"https:\\\/\\\/allasorias.hu\\\/hirek\\\/nyari-nav-ellenorzesek-indultak\\\/#mainImage\",\"width\":1280,\"height\":683,\"caption\":\"Business man with pen mark the checkbox,Check the accuracy\"},\"primaryImageOfPage\":{\"@id\":\"https:\\\/\\\/allasorias.hu\\\/hirek\\\/nyari-nav-ellenorzesek-indultak\\\/#mainImage\"},\"datePublished\":\"2020-07-10T07:31:45+02:00\",\"dateModified\":\"2020-07-10T07:31:45+02:00\"},{\"@type\":\"WebSite\",\"@id\":\"https:\\\/\\\/allasorias.hu\\\/hirek\\\/#website\",\"url\":\"https:\\\/\\\/allasorias.hu\\\/hirek\\\/\",\"name\":\"AllasOrias.hu | H\\u00edrek-lapszemle\",\"description\":\"\\u00dczleti h\\u00edrek az \\u00e1ll\\u00e1s \\u00e9s a munka vil\\u00e1g\\u00e1b\\u00f3l\",\"inLanguage\":\"hu-HU\",\"publisher\":{\"@id\":\"https:\\\/\\\/allasorias.hu\\\/hirek\\\/#organization\"}}]}\n\t\t<\/script>\n\t\t<!-- All in One SEO -->\n\n","aioseo_head_json":{"title":"Ny\u00e1ri NAV ellen\u0151rz\u00e9sek indultak | AllasOrias.hu | H\u00edrek-lapszemle","description":"Nagyszab\u00e1s\u00fa ellen\u0151rz\u00e9sekbe kezdett a NAV, a forgalmas vend\u00e9gl\u00e1t\u00f3helyek sz\u00e1m\u00edthatnak ellen\u0151rz\u00e9sekre. Szinte a f\u00e9l orsz\u00e1gra kiterjed a razzia, az ad\u00f3hivatal emberei a fagylaltoz\u00f3kat, a k\u00e1v\u00e9z\u00f3kat, a cukr\u00e1szd\u00e1kat ellen\u0151rzik, a revizorok egyes ad\u00f3z\u00e1si \u00e9s munkaer\u0151piaci szab\u00e1lyok megtart\u00e1s\u00e1ra koncentr\u00e1lnak. A Magyar T\u00e1virati Iroda a Magyar nemzet nyom\u00e1n le\u00edrja, hogy a Nemzeti Ad\u00f3- \u00e9s V\u00e1mhivatal (NAV) t\u00f6bb megy\u00e9re kiterjed\u0151","canonical_url":"https:\/\/allasorias.hu\/hirek\/nyari-nav-ellenorzesek-indultak\/","robots":"max-image-preview:large","keywords":"","webmasterTools":{"miscellaneous":""},"schema":{"@context":"https:\/\/schema.org","@graph":[{"@type":"Article","@id":"https:\/\/allasorias.hu\/hirek\/nyari-nav-ellenorzesek-indultak\/#article","name":"Ny\u00e1ri NAV ellen\u0151rz\u00e9sek indultak | AllasOrias.hu | H\u00edrek-lapszemle","headline":"Ny\u00e1ri NAV ellen\u0151rz\u00e9sek indultak","author":{"@id":"https:\/\/allasorias.hu\/hirek\/author\/admin-allasorias\/#author"},"publisher":{"@id":"https:\/\/allasorias.hu\/hirek\/#organization"},"image":{"@type":"ImageObject","url":"https:\/\/allasorias.hu\/hirek\/wp-content\/uploads\/2020\/07\/27.jpg","width":1280,"height":683,"caption":"Business man with pen mark the checkbox,Check the accuracy"},"datePublished":"2020-07-10T07:31:45+02:00","dateModified":"2020-07-10T07:31:45+02:00","inLanguage":"hu-HU","mainEntityOfPage":{"@id":"https:\/\/allasorias.hu\/hirek\/nyari-nav-ellenorzesek-indultak\/#webpage"},"isPartOf":{"@id":"https:\/\/allasorias.hu\/hirek\/nyari-nav-ellenorzesek-indultak\/#webpage"},"articleSection":"Gazdas\u00e1g"},{"@type":"BreadcrumbList","@id":"https:\/\/allasorias.hu\/hirek\/nyari-nav-ellenorzesek-indultak\/#breadcrumblist","itemListElement":[{"@type":"ListItem","@id":"https:\/\/allasorias.hu\/hirek#listItem","position":1,"name":"Home","item":"https:\/\/allasorias.hu\/hirek","nextItem":{"@type":"ListItem","@id":"https:\/\/allasorias.hu\/hirek\/temak\/gazdasag\/#listItem","name":"Gazdas\u00e1g"}},{"@type":"ListItem","@id":"https:\/\/allasorias.hu\/hirek\/temak\/gazdasag\/#listItem","position":2,"name":"Gazdas\u00e1g","item":"https:\/\/allasorias.hu\/hirek\/temak\/gazdasag\/","nextItem":{"@type":"ListItem","@id":"https:\/\/allasorias.hu\/hirek\/nyari-nav-ellenorzesek-indultak\/#listItem","name":"Ny\u00e1ri NAV ellen\u0151rz\u00e9sek indultak"},"previousItem":{"@type":"ListItem","@id":"https:\/\/allasorias.hu\/hirek#listItem","name":"Home"}},{"@type":"ListItem","@id":"https:\/\/allasorias.hu\/hirek\/nyari-nav-ellenorzesek-indultak\/#listItem","position":3,"name":"Ny\u00e1ri NAV ellen\u0151rz\u00e9sek indultak","previousItem":{"@type":"ListItem","@id":"https:\/\/allasorias.hu\/hirek\/temak\/gazdasag\/#listItem","name":"Gazdas\u00e1g"}}]},{"@type":"Organization","@id":"https:\/\/allasorias.hu\/hirek\/#organization","name":"AllasOrias.hu | H\u00edrek-lapszemle","description":"\u00dczleti h\u00edrek az \u00e1ll\u00e1s \u00e9s a munka vil\u00e1g\u00e1b\u00f3l","url":"https:\/\/allasorias.hu\/hirek\/","logo":{"@type":"ImageObject","url":"https:\/\/allasorias.hu\/hirek\/wp-content\/uploads\/2022\/10\/allasorias_site_facebok_logo.png","@id":"https:\/\/allasorias.hu\/hirek\/nyari-nav-ellenorzesek-indultak\/#organizationLogo"},"image":{"@id":"https:\/\/allasorias.hu\/hirek\/nyari-nav-ellenorzesek-indultak\/#organizationLogo"},"sameAs":["https:\/\/www.facebook.com\/allasorias","https:\/\/www.linkedin.com\/company\/allasorias"]},{"@type":"Person","@id":"https:\/\/allasorias.hu\/hirek\/author\/admin-allasorias\/#author","url":"https:\/\/allasorias.hu\/hirek\/author\/admin-allasorias\/","name":"Juh\u00e1sz P\u00e9ter","image":{"@type":"ImageObject","@id":"https:\/\/allasorias.hu\/hirek\/nyari-nav-ellenorzesek-indultak\/#authorImage","url":"https:\/\/secure.gravatar.com\/avatar\/36e6bcb83148978b992977cb0f54d22feb0cce8a0a849a9410532bb2623ba4c6?s=96&d=mm&r=g","width":96,"height":96,"caption":"Juh\u00e1sz P\u00e9ter"}},{"@type":"WebPage","@id":"https:\/\/allasorias.hu\/hirek\/nyari-nav-ellenorzesek-indultak\/#webpage","url":"https:\/\/allasorias.hu\/hirek\/nyari-nav-ellenorzesek-indultak\/","name":"Ny\u00e1ri NAV ellen\u0151rz\u00e9sek indultak | AllasOrias.hu | H\u00edrek-lapszemle","description":"Nagyszab\u00e1s\u00fa ellen\u0151rz\u00e9sekbe kezdett a NAV, a forgalmas vend\u00e9gl\u00e1t\u00f3helyek sz\u00e1m\u00edthatnak ellen\u0151rz\u00e9sekre. Szinte a f\u00e9l orsz\u00e1gra kiterjed a razzia, az ad\u00f3hivatal emberei a fagylaltoz\u00f3kat, a k\u00e1v\u00e9z\u00f3kat, a cukr\u00e1szd\u00e1kat ellen\u0151rzik, a revizorok egyes ad\u00f3z\u00e1si \u00e9s munkaer\u0151piaci szab\u00e1lyok megtart\u00e1s\u00e1ra koncentr\u00e1lnak. A Magyar T\u00e1virati Iroda a Magyar nemzet nyom\u00e1n le\u00edrja, hogy a Nemzeti Ad\u00f3- \u00e9s V\u00e1mhivatal (NAV) t\u00f6bb megy\u00e9re kiterjed\u0151","inLanguage":"hu-HU","isPartOf":{"@id":"https:\/\/allasorias.hu\/hirek\/#website"},"breadcrumb":{"@id":"https:\/\/allasorias.hu\/hirek\/nyari-nav-ellenorzesek-indultak\/#breadcrumblist"},"author":{"@id":"https:\/\/allasorias.hu\/hirek\/author\/admin-allasorias\/#author"},"creator":{"@id":"https:\/\/allasorias.hu\/hirek\/author\/admin-allasorias\/#author"},"image":{"@type":"ImageObject","url":"https:\/\/allasorias.hu\/hirek\/wp-content\/uploads\/2020\/07\/27.jpg","@id":"https:\/\/allasorias.hu\/hirek\/nyari-nav-ellenorzesek-indultak\/#mainImage","width":1280,"height":683,"caption":"Business man with pen mark the checkbox,Check the accuracy"},"primaryImageOfPage":{"@id":"https:\/\/allasorias.hu\/hirek\/nyari-nav-ellenorzesek-indultak\/#mainImage"},"datePublished":"2020-07-10T07:31:45+02:00","dateModified":"2020-07-10T07:31:45+02:00"},{"@type":"WebSite","@id":"https:\/\/allasorias.hu\/hirek\/#website","url":"https:\/\/allasorias.hu\/hirek\/","name":"AllasOrias.hu | H\u00edrek-lapszemle","description":"\u00dczleti h\u00edrek az \u00e1ll\u00e1s \u00e9s a munka vil\u00e1g\u00e1b\u00f3l","inLanguage":"hu-HU","publisher":{"@id":"https:\/\/allasorias.hu\/hirek\/#organization"}}]},"og:locale":"hu_HU","og:site_name":"AllasOrias.hu | H\u00edrek-lapszemle | \u00dczleti h\u00edrek az \u00e1ll\u00e1s \u00e9s a munka vil\u00e1g\u00e1b\u00f3l","og:type":"article","og:title":"Ny\u00e1ri NAV ellen\u0151rz\u00e9sek indultak | AllasOrias.hu | H\u00edrek-lapszemle","og:description":"Nagyszab\u00e1s\u00fa ellen\u0151rz\u00e9sekbe kezdett a NAV, a forgalmas vend\u00e9gl\u00e1t\u00f3helyek sz\u00e1m\u00edthatnak ellen\u0151rz\u00e9sekre. Szinte a f\u00e9l orsz\u00e1gra kiterjed a razzia, az ad\u00f3hivatal emberei a fagylaltoz\u00f3kat, a k\u00e1v\u00e9z\u00f3kat, a cukr\u00e1szd\u00e1kat ellen\u0151rzik, a revizorok egyes ad\u00f3z\u00e1si \u00e9s munkaer\u0151piaci szab\u00e1lyok megtart\u00e1s\u00e1ra koncentr\u00e1lnak. A Magyar T\u00e1virati Iroda a Magyar nemzet nyom\u00e1n le\u00edrja, hogy a Nemzeti Ad\u00f3- \u00e9s V\u00e1mhivatal (NAV) t\u00f6bb megy\u00e9re kiterjed\u0151","og:url":"https:\/\/allasorias.hu\/hirek\/nyari-nav-ellenorzesek-indultak\/","og:image":"https:\/\/allasorias.hu\/hirek\/wp-content\/uploads\/2020\/07\/27.jpg","og:image:secure_url":"https:\/\/allasorias.hu\/hirek\/wp-content\/uploads\/2020\/07\/27.jpg","og:image:width":1280,"og:image:height":683,"article:published_time":"2020-07-10T07:31:45+00:00","article:modified_time":"2020-07-10T07:31:45+00:00","article:publisher":"https:\/\/www.facebook.com\/allasorias","twitter:card":"summary_large_image","twitter:title":"Ny\u00e1ri NAV ellen\u0151rz\u00e9sek indultak | AllasOrias.hu | H\u00edrek-lapszemle","twitter:description":"Nagyszab\u00e1s\u00fa ellen\u0151rz\u00e9sekbe kezdett a NAV, a forgalmas vend\u00e9gl\u00e1t\u00f3helyek sz\u00e1m\u00edthatnak ellen\u0151rz\u00e9sekre. Szinte a f\u00e9l orsz\u00e1gra kiterjed a razzia, az ad\u00f3hivatal emberei a fagylaltoz\u00f3kat, a k\u00e1v\u00e9z\u00f3kat, a cukr\u00e1szd\u00e1kat ellen\u0151rzik, a revizorok egyes ad\u00f3z\u00e1si \u00e9s munkaer\u0151piaci szab\u00e1lyok megtart\u00e1s\u00e1ra koncentr\u00e1lnak. A Magyar T\u00e1virati Iroda a Magyar nemzet nyom\u00e1n le\u00edrja, hogy a Nemzeti Ad\u00f3- \u00e9s V\u00e1mhivatal (NAV) t\u00f6bb megy\u00e9re kiterjed\u0151","twitter:image":"https:\/\/allasorias.hu\/hirek\/wp-content\/uploads\/2020\/07\/27.jpg","twitter:label1":"Written by","twitter:data1":"Juh\u00e1sz P\u00e9ter","twitter:label2":"Est. reading time","twitter:data2":"1 minute"},"aioseo_meta_data":{"post_id":"4113","title":null,"description":null,"keywords":null,"keyphrases":null,"primary_term":null,"canonical_url":null,"og_title":null,"og_description":null,"og_object_type":"default","og_image_type":"default","og_image_url":null,"og_image_width":null,"og_image_height":null,"og_image_custom_url":null,"og_image_custom_fields":null,"og_video":null,"og_custom_url":null,"og_article_section":null,"og_article_tags":null,"twitter_use_og":false,"twitter_card":"default","twitter_image_type":"default","twitter_image_url":null,"twitter_image_custom_url":null,"twitter_image_custom_fields":null,"twitter_title":null,"twitter_description":null,"schema":{"blockGraphs":[],"customGraphs":[],"default":{"data":{"Article":[],"Course":[],"Dataset":[],"FAQPage":[],"Movie":[],"Person":[],"Product":[],"ProductReview":[],"Car":[],"Recipe":[],"Service":[],"SoftwareApplication":[],"WebPage":[]},"graphName":"","isEnabled":true},"graphs":[],"defaultGraph":"","defaultPostTypeGraph":""},"schema_type":null,"schema_type_options":null,"pillar_content":false,"robots_default":true,"robots_noindex":false,"robots_noarchive":false,"robots_nosnippet":false,"robots_nofollow":false,"robots_noimageindex":false,"robots_noodp":false,"robots_notranslate":false,"robots_max_snippet":null,"robots_max_videopreview":null,"robots_max_imagepreview":"large","priority":null,"frequency":null,"location":null,"local_seo":null,"breadcrumb_settings":null,"limit_modified_date":false,"ai":null,"created":"2021-02-01 21:13:45","updated":"2025-10-02 14:09:59","seo_analyzer_scan_date":null,"focus_keyword":null,"additional_keywords":null,"truseo_locale":null},"aioseo_breadcrumb":"<div class=\"aioseo-breadcrumbs\"><span class=\"aioseo-breadcrumb\">\n\t\t\t<a href=\"https:\/\/allasorias.hu\/hirek\" title=\"Home\">Home<\/a>\n\t\t<\/span><span class=\"aioseo-breadcrumb-separator\">&raquo;<\/span><span class=\"aioseo-breadcrumb\">\n\t\t\t<a href=\"https:\/\/allasorias.hu\/hirek\/temak\/gazdasag\/\" title=\"Gazdas\u00e1g\">Gazdas\u00e1g<\/a>\n\t\t<\/span><span class=\"aioseo-breadcrumb-separator\">&raquo;<\/span><span class=\"aioseo-breadcrumb\">\n\t\t\tNy\u00e1ri NAV ellen\u0151rz\u00e9sek indultak\n\t\t<\/span><\/div>","aioseo_breadcrumb_json":[{"label":"Home","link":"https:\/\/allasorias.hu\/hirek"},{"label":"Gazdas\u00e1g","link":"https:\/\/allasorias.hu\/hirek\/temak\/gazdasag\/"},{"label":"Ny\u00e1ri NAV ellen\u0151rz\u00e9sek indultak","link":"https:\/\/allasorias.hu\/hirek\/nyari-nav-ellenorzesek-indultak\/"}],"_links":{"self":[{"href":"https:\/\/allasorias.hu\/hirek\/wp-json\/wp\/v2\/posts\/4113","targetHints":{"allow":["GET"]}}],"collection":[{"href":"https:\/\/allasorias.hu\/hirek\/wp-json\/wp\/v2\/posts"}],"about":[{"href":"https:\/\/allasorias.hu\/hirek\/wp-json\/wp\/v2\/types\/post"}],"author":[{"embeddable":true,"href":"https:\/\/allasorias.hu\/hirek\/wp-json\/wp\/v2\/users\/1"}],"replies":[{"embeddable":true,"href":"https:\/\/allasorias.hu\/hirek\/wp-json\/wp\/v2\/comments?post=4113"}],"version-history":[{"count":1,"href":"https:\/\/allasorias.hu\/hirek\/wp-json\/wp\/v2\/posts\/4113\/revisions"}],"predecessor-version":[{"id":4115,"href":"https:\/\/allasorias.hu\/hirek\/wp-json\/wp\/v2\/posts\/4113\/revisions\/4115"}],"wp:featuredmedia":[{"embeddable":true,"href":"https:\/\/allasorias.hu\/hirek\/wp-json\/wp\/v2\/media\/4114"}],"wp:attachment":[{"href":"https:\/\/allasorias.hu\/hirek\/wp-json\/wp\/v2\/media?parent=4113"}],"wp:term":[{"taxonomy":"category","embeddable":true,"href":"https:\/\/allasorias.hu\/hirek\/wp-json\/wp\/v2\/categories?post=4113"},{"taxonomy":"post_tag","embeddable":true,"href":"https:\/\/allasorias.hu\/hirek\/wp-json\/wp\/v2\/tags?post=4113"}],"curies":[{"name":"wp","href":"https:\/\/api.w.org\/{rel}","templated":true}]}}