{"id":4102,"date":"2020-07-07T08:08:23","date_gmt":"2020-07-07T08:08:23","guid":{"rendered":"https:\/\/allasorias.hu\/hirek\/?p=4102"},"modified":"2020-07-07T08:09:43","modified_gmt":"2020-07-07T08:09:43","slug":"a-jarvany-tobbszaz-millio-allast-tett-tonkre","status":"publish","type":"post","link":"https:\/\/allasorias.hu\/hirek\/a-jarvany-tobbszaz-millio-allast-tett-tonkre\/","title":{"rendered":"A j\u00e1rv\u00e1ny t\u00f6bbsz\u00e1z milli\u00f3 \u00e1ll\u00e1st tett t\u00f6nkre"},"content":{"rendered":"<p><strong>A vil\u00e1gban az ENSZ Munka\u00fcgyi Szervezete (ILO) friss tanulm\u00e1nya szerint eddig 400 milli\u00f3 teljes munkaidej\u0171 \u00e1ll\u00e1s sz\u0171nt meg a koronav\u00edrus j\u00e1rv\u00e1ny miatt. K\u00fcl\u00f6n\u00f6sen az amerikai f\u00f6ldr\u00e9szen nagy a vesztes\u00e9g, de Eur\u00f3pa \u00e9s \u00c1zsia sem \u00e1ll sokkal jobban.<\/strong><\/p>\n<p>&#8222;Egyre rosszabb a helyzet, a munkaer\u0151piaci v\u00e1ls\u00e1g egyre ink\u00e1bb m\u00e9ly\u00fcl&#8221; \u2013 nyilatkozta az ILO f\u0151n\u00f6ke az AFP h\u00edr\u00fcgyn\u00f6ks\u00e9gnek. &#8222;Egy\u00e1ltal\u00e1n nincs v\u00e9ge a v\u00e1ls\u00e1gnak&#8221; \u2013 figyelmeztet Guy Ryder. A vil\u00e1g munkav\u00e1llal\u00f3inak 93%-a olyan orsz\u00e1gban \u00e9l, ahol ma is sz\u0171nnek meg \u00e1ll\u00e1sok. &#8222;A v\u00e1ls\u00e1g nagyon er\u0151sen s\u00fajtja az amerikai f\u00f6ldr\u00e9szt, az eg\u00e9sz vil\u00e1gon itt sz\u0171nt meg a legt\u00f6bb munkahely.&#8221; A kontinensen elveszett a munka\u00f3r\u00e1k 18%-a. Ez 70 milli\u00f3 munkahelyet jelent. A legrosszabb helyzet D\u00e9l-Amerik\u00e1ban van, ahol az elveszett munka\u00f3r\u00e1k sz\u00e1ma meghaladta a 20%-ot, \u00c9szak Amerik\u00e1ban ez az ar\u00e1ny 15,3%. Eur\u00f3p\u00e1ban, az \u00e1zsiai \u00e1llamok t\u00f6bbs\u00e9g\u00e9ben \u00e9s az arab orsz\u00e1gokban pedig 13%. A legenyh\u00e9bbnek eddig Afrik\u00e1ban bizonyult a v\u00e1ls\u00e1g: 12% a munka\u00f3r\u00e1k vesztes\u00e9ge. &#8222;Minden arra mutat, hogy ez a v\u00e1ls\u00e1g jobban s\u00fajtja a n\u0151ket, mint a f\u00e9rfiakat&#8221; \u2013 mondja Ryder. Az iskol\u00e1k bez\u00e1r\u00e1sa eleve h\u00e1tr\u00e1nyos helyzetbe hozta \u0151ket. Sok orsz\u00e1gban az egyenjog\u00fas\u00e1gi tendenci\u00e1k is visszafordultak: 10-20 \u00e9ves visszaes\u00e9s tapasztalhat\u00f3 ezen a t\u00e9ren. A megmaradt munkahelyeken pedig a k\u00fcl\u00f6nbs\u00e9gek n\u00f6veked\u00e9se tapasztalhat\u00f3 az eddigi cs\u00f6kken\u00e9ssel szemben. A kiskereskedelem \u00e9s a gy\u00e1ripar a k\u00e9t legproblematikusabb szektor. Itt voltak a legnagyobb vesztes\u00e9gek a munkaer\u0151piacon. A mez\u0151gazdas\u00e1g, az oktat\u00e1s \u00e9s az eg\u00e9szs\u00e9g\u00fcgy a legkev\u00e9sb\u00e9 \u00e9rintett. &#8222;H\u00e1rom forgat\u00f3k\u00f6nyv\u00fcnk van, de egyik sem mutatja, hogy vissza lehetne \u00e1ll\u00edtani a kiindul\u00f3 helyzetet&#8221; \u2013 hangs\u00falyozza az ILO f\u0151n\u00f6ke. A legrosszabb forgat\u00f3k\u00f6nyv az, ha j\u00f6n a Covid-19-j\u00e1rv\u00e1ny m\u00e1sodik hull\u00e1ma a m\u00e1sodik f\u00e9l\u00e9vben. Ebben az esetben az \u00e9v v\u00e9g\u00e9n 11,9%-os vesztes\u00e9g lesz a munkaer\u0151piacon. Ez 390 milli\u00f3 munkahelynek felel meg. Ha lesz gyors fel\u00e9p\u00fcl\u00e9s a v\u00e1ls\u00e1gb\u00f3l, akkor is m\u00ednuszban lesz a vil\u00e1g munkaer\u0151piaca, de akkor csak 1,2%-kal lesz kevesebb a ledolgozott munka\u00f3r\u00e1k sz\u00e1ma. Ez 34 milli\u00f3 munkahelyet jelent.<\/p>\n<p>Forr\u00e1s: hvg.hu<\/p>\n","protected":false},"excerpt":{"rendered":"<p>A vil\u00e1gban az ENSZ Munka\u00fcgyi Szervezete (ILO) friss tanulm\u00e1nya szerint eddig 400 milli\u00f3 teljes munkaidej\u0171 \u00e1ll\u00e1s sz\u0171nt meg a koronav\u00edrus j\u00e1rv\u00e1ny miatt. K\u00fcl\u00f6n\u00f6sen az amerikai f\u00f6ldr\u00e9szen nagy a vesztes\u00e9g, de Eur\u00f3pa \u00e9s \u00c1zsia sem \u00e1ll sokkal jobban. &#8222;Egyre rosszabb a helyzet, a munkaer\u0151piaci v\u00e1ls\u00e1g egyre ink\u00e1bb m\u00e9ly\u00fcl&#8221; \u2013 nyilatkozta az ILO f\u0151n\u00f6ke az AFP h\u00edr\u00fcgyn\u00f6ks\u00e9gnek. [&hellip;]<\/p>\n","protected":false},"author":1,"featured_media":4105,"comment_status":"open","ping_status":"open","sticky":false,"template":"","format":"standard","meta":{"_monsterinsights_skip_tracking":false,"footnotes":""},"categories":[198,200],"tags":[],"class_list":["post-4102","post","type-post","status-publish","format-standard","has-post-thumbnail","hentry","category-gazdasag","category-munkaeropiac"],"aioseo_notices":[],"aioseo_head":"\n\t\t<!-- All in One SEO 5.0.0.1 - aioseo.com -->\n\t<meta name=\"description\" content=\"A vil\u00e1gban az ENSZ Munka\u00fcgyi Szervezete (ILO) friss tanulm\u00e1nya szerint eddig 400 milli\u00f3 teljes munkaidej\u0171 \u00e1ll\u00e1s sz\u0171nt meg a koronav\u00edrus j\u00e1rv\u00e1ny miatt. K\u00fcl\u00f6n\u00f6sen az amerikai f\u00f6ldr\u00e9szen nagy a vesztes\u00e9g, de Eur\u00f3pa \u00e9s \u00c1zsia sem \u00e1ll sokkal jobban. &quot;Egyre rosszabb a helyzet, a munkaer\u0151piaci v\u00e1ls\u00e1g egyre ink\u00e1bb m\u00e9ly\u00fcl&quot; \u2013 nyilatkozta az ILO f\u0151n\u00f6ke az AFP h\u00edr\u00fcgyn\u00f6ks\u00e9gnek.\" \/>\n\t<meta name=\"robots\" content=\"max-image-preview:large\" \/>\n\t<meta name=\"author\" content=\"Juh\u00e1sz P\u00e9ter\"\/>\n\t<link rel=\"canonical\" href=\"https:\/\/allasorias.hu\/hirek\/a-jarvany-tobbszaz-millio-allast-tett-tonkre\/\" \/>\n\t<meta name=\"generator\" content=\"All in One SEO (AIOSEO) 5.0.0.1\" \/>\n\t\t<meta property=\"og:locale\" content=\"hu_HU\" \/>\n\t\t<meta property=\"og:site_name\" content=\"AllasOrias.hu | H\u00edrek-lapszemle | \u00dczleti h\u00edrek az \u00e1ll\u00e1s \u00e9s a munka vil\u00e1g\u00e1b\u00f3l\" \/>\n\t\t<meta property=\"og:type\" content=\"article\" \/>\n\t\t<meta property=\"og:title\" content=\"A j\u00e1rv\u00e1ny t\u00f6bbsz\u00e1z milli\u00f3 \u00e1ll\u00e1st tett t\u00f6nkre | AllasOrias.hu | H\u00edrek-lapszemle\" \/>\n\t\t<meta property=\"og:description\" content=\"A vil\u00e1gban az ENSZ Munka\u00fcgyi Szervezete (ILO) friss tanulm\u00e1nya szerint eddig 400 milli\u00f3 teljes munkaidej\u0171 \u00e1ll\u00e1s sz\u0171nt meg a koronav\u00edrus j\u00e1rv\u00e1ny miatt. K\u00fcl\u00f6n\u00f6sen az amerikai f\u00f6ldr\u00e9szen nagy a vesztes\u00e9g, de Eur\u00f3pa \u00e9s \u00c1zsia sem \u00e1ll sokkal jobban. &quot;Egyre rosszabb a helyzet, a munkaer\u0151piaci v\u00e1ls\u00e1g egyre ink\u00e1bb m\u00e9ly\u00fcl&quot; \u2013 nyilatkozta az ILO f\u0151n\u00f6ke az AFP h\u00edr\u00fcgyn\u00f6ks\u00e9gnek.\" \/>\n\t\t<meta property=\"og:url\" content=\"https:\/\/allasorias.hu\/hirek\/a-jarvany-tobbszaz-millio-allast-tett-tonkre\/\" \/>\n\t\t<meta property=\"og:image\" content=\"https:\/\/allasorias.hu\/hirek\/wp-content\/uploads\/2020\/07\/315-1.jpg\" \/>\n\t\t<meta property=\"og:image:secure_url\" content=\"https:\/\/allasorias.hu\/hirek\/wp-content\/uploads\/2020\/07\/315-1.jpg\" \/>\n\t\t<meta property=\"og:image:width\" content=\"1270\" \/>\n\t\t<meta property=\"og:image:height\" content=\"907\" \/>\n\t\t<meta property=\"article:published_time\" content=\"2020-07-07T08:08:23+00:00\" \/>\n\t\t<meta property=\"article:modified_time\" content=\"2020-07-07T08:09:43+00:00\" \/>\n\t\t<meta property=\"article:publisher\" content=\"https:\/\/www.facebook.com\/allasorias\" \/>\n\t\t<meta name=\"twitter:card\" content=\"summary_large_image\" \/>\n\t\t<meta name=\"twitter:title\" content=\"A j\u00e1rv\u00e1ny t\u00f6bbsz\u00e1z milli\u00f3 \u00e1ll\u00e1st tett t\u00f6nkre | AllasOrias.hu | H\u00edrek-lapszemle\" \/>\n\t\t<meta name=\"twitter:description\" content=\"A vil\u00e1gban az ENSZ Munka\u00fcgyi Szervezete (ILO) friss tanulm\u00e1nya szerint eddig 400 milli\u00f3 teljes munkaidej\u0171 \u00e1ll\u00e1s sz\u0171nt meg a koronav\u00edrus j\u00e1rv\u00e1ny miatt. K\u00fcl\u00f6n\u00f6sen az amerikai f\u00f6ldr\u00e9szen nagy a vesztes\u00e9g, de Eur\u00f3pa \u00e9s \u00c1zsia sem \u00e1ll sokkal jobban. &quot;Egyre rosszabb a helyzet, a munkaer\u0151piaci v\u00e1ls\u00e1g egyre ink\u00e1bb m\u00e9ly\u00fcl&quot; \u2013 nyilatkozta az ILO f\u0151n\u00f6ke az AFP h\u00edr\u00fcgyn\u00f6ks\u00e9gnek.\" \/>\n\t\t<meta name=\"twitter:image\" content=\"https:\/\/allasorias.hu\/hirek\/wp-content\/uploads\/2020\/07\/315-1.jpg\" \/>\n\t\t<meta name=\"twitter:label1\" content=\"Written by\" \/>\n\t\t<meta name=\"twitter:data1\" content=\"Juh\u00e1sz P\u00e9ter\" \/>\n\t\t<meta name=\"twitter:label2\" content=\"Est. reading time\" \/>\n\t\t<meta name=\"twitter:data2\" content=\"2 minutes\" \/>\n\t\t<script type=\"application\/ld+json\" class=\"aioseo-schema\">\n\t\t\t{\"@context\":\"https:\\\/\\\/schema.org\",\"@graph\":[{\"@type\":\"Article\",\"@id\":\"https:\\\/\\\/allasorias.hu\\\/hirek\\\/a-jarvany-tobbszaz-millio-allast-tett-tonkre\\\/#article\",\"name\":\"A j\\u00e1rv\\u00e1ny t\\u00f6bbsz\\u00e1z milli\\u00f3 \\u00e1ll\\u00e1st tett t\\u00f6nkre | AllasOrias.hu | H\\u00edrek-lapszemle\",\"headline\":\"A j\\u00e1rv\\u00e1ny t\\u00f6bbsz\\u00e1z milli\\u00f3 \\u00e1ll\\u00e1st tett t\\u00f6nkre\",\"author\":{\"@id\":\"https:\\\/\\\/allasorias.hu\\\/hirek\\\/author\\\/admin-allasorias\\\/#author\"},\"publisher\":{\"@id\":\"https:\\\/\\\/allasorias.hu\\\/hirek\\\/#organization\"},\"image\":{\"@type\":\"ImageObject\",\"url\":\"https:\\\/\\\/allasorias.hu\\\/hirek\\\/wp-content\\\/uploads\\\/2020\\\/07\\\/315-1.jpg\",\"width\":1270,\"height\":907,\"caption\":\"The economic crisis arrows fall concept, graph maker stock fall showing on tablet with businessman, indicating the economic recession that will occur\"},\"datePublished\":\"2020-07-07T08:08:23+02:00\",\"dateModified\":\"2020-07-07T08:09:43+02:00\",\"inLanguage\":\"hu-HU\",\"mainEntityOfPage\":{\"@id\":\"https:\\\/\\\/allasorias.hu\\\/hirek\\\/a-jarvany-tobbszaz-millio-allast-tett-tonkre\\\/#webpage\"},\"isPartOf\":{\"@id\":\"https:\\\/\\\/allasorias.hu\\\/hirek\\\/a-jarvany-tobbszaz-millio-allast-tett-tonkre\\\/#webpage\"},\"articleSection\":\"Gazdas\\u00e1g, Munkaer\\u0151piac\"},{\"@type\":\"BreadcrumbList\",\"@id\":\"https:\\\/\\\/allasorias.hu\\\/hirek\\\/a-jarvany-tobbszaz-millio-allast-tett-tonkre\\\/#breadcrumblist\",\"itemListElement\":[{\"@type\":\"ListItem\",\"@id\":\"https:\\\/\\\/allasorias.hu\\\/hirek#listItem\",\"position\":1,\"name\":\"Home\",\"item\":\"https:\\\/\\\/allasorias.hu\\\/hirek\",\"nextItem\":{\"@type\":\"ListItem\",\"@id\":\"https:\\\/\\\/allasorias.hu\\\/hirek\\\/temak\\\/gazdasag\\\/#listItem\",\"name\":\"Gazdas\\u00e1g\"}},{\"@type\":\"ListItem\",\"@id\":\"https:\\\/\\\/allasorias.hu\\\/hirek\\\/temak\\\/gazdasag\\\/#listItem\",\"position\":2,\"name\":\"Gazdas\\u00e1g\",\"item\":\"https:\\\/\\\/allasorias.hu\\\/hirek\\\/temak\\\/gazdasag\\\/\",\"nextItem\":{\"@type\":\"ListItem\",\"@id\":\"https:\\\/\\\/allasorias.hu\\\/hirek\\\/a-jarvany-tobbszaz-millio-allast-tett-tonkre\\\/#listItem\",\"name\":\"A j\\u00e1rv\\u00e1ny t\\u00f6bbsz\\u00e1z milli\\u00f3 \\u00e1ll\\u00e1st tett t\\u00f6nkre\"},\"previousItem\":{\"@type\":\"ListItem\",\"@id\":\"https:\\\/\\\/allasorias.hu\\\/hirek#listItem\",\"name\":\"Home\"}},{\"@type\":\"ListItem\",\"@id\":\"https:\\\/\\\/allasorias.hu\\\/hirek\\\/a-jarvany-tobbszaz-millio-allast-tett-tonkre\\\/#listItem\",\"position\":3,\"name\":\"A j\\u00e1rv\\u00e1ny t\\u00f6bbsz\\u00e1z milli\\u00f3 \\u00e1ll\\u00e1st tett t\\u00f6nkre\",\"previousItem\":{\"@type\":\"ListItem\",\"@id\":\"https:\\\/\\\/allasorias.hu\\\/hirek\\\/temak\\\/gazdasag\\\/#listItem\",\"name\":\"Gazdas\\u00e1g\"}}]},{\"@type\":\"Organization\",\"@id\":\"https:\\\/\\\/allasorias.hu\\\/hirek\\\/#organization\",\"name\":\"AllasOrias.hu | H\\u00edrek-lapszemle\",\"description\":\"\\u00dczleti h\\u00edrek az \\u00e1ll\\u00e1s \\u00e9s a munka vil\\u00e1g\\u00e1b\\u00f3l\",\"url\":\"https:\\\/\\\/allasorias.hu\\\/hirek\\\/\",\"logo\":{\"@type\":\"ImageObject\",\"url\":\"https:\\\/\\\/allasorias.hu\\\/hirek\\\/wp-content\\\/uploads\\\/2022\\\/10\\\/allasorias_site_facebok_logo.png\",\"@id\":\"https:\\\/\\\/allasorias.hu\\\/hirek\\\/a-jarvany-tobbszaz-millio-allast-tett-tonkre\\\/#organizationLogo\"},\"image\":{\"@id\":\"https:\\\/\\\/allasorias.hu\\\/hirek\\\/a-jarvany-tobbszaz-millio-allast-tett-tonkre\\\/#organizationLogo\"},\"sameAs\":[\"https:\\\/\\\/www.facebook.com\\\/allasorias\",\"https:\\\/\\\/www.linkedin.com\\\/company\\\/allasorias\"]},{\"@type\":\"Person\",\"@id\":\"https:\\\/\\\/allasorias.hu\\\/hirek\\\/author\\\/admin-allasorias\\\/#author\",\"url\":\"https:\\\/\\\/allasorias.hu\\\/hirek\\\/author\\\/admin-allasorias\\\/\",\"name\":\"Juh\\u00e1sz P\\u00e9ter\",\"image\":{\"@type\":\"ImageObject\",\"@id\":\"https:\\\/\\\/allasorias.hu\\\/hirek\\\/a-jarvany-tobbszaz-millio-allast-tett-tonkre\\\/#authorImage\",\"url\":\"https:\\\/\\\/secure.gravatar.com\\\/avatar\\\/36e6bcb83148978b992977cb0f54d22feb0cce8a0a849a9410532bb2623ba4c6?s=96&d=mm&r=g\",\"width\":96,\"height\":96,\"caption\":\"Juh\\u00e1sz P\\u00e9ter\"}},{\"@type\":\"WebPage\",\"@id\":\"https:\\\/\\\/allasorias.hu\\\/hirek\\\/a-jarvany-tobbszaz-millio-allast-tett-tonkre\\\/#webpage\",\"url\":\"https:\\\/\\\/allasorias.hu\\\/hirek\\\/a-jarvany-tobbszaz-millio-allast-tett-tonkre\\\/\",\"name\":\"A j\\u00e1rv\\u00e1ny t\\u00f6bbsz\\u00e1z milli\\u00f3 \\u00e1ll\\u00e1st tett t\\u00f6nkre | AllasOrias.hu | H\\u00edrek-lapszemle\",\"description\":\"A vil\\u00e1gban az ENSZ Munka\\u00fcgyi Szervezete (ILO) friss tanulm\\u00e1nya szerint eddig 400 milli\\u00f3 teljes munkaidej\\u0171 \\u00e1ll\\u00e1s sz\\u0171nt meg a koronav\\u00edrus j\\u00e1rv\\u00e1ny miatt. K\\u00fcl\\u00f6n\\u00f6sen az amerikai f\\u00f6ldr\\u00e9szen nagy a vesztes\\u00e9g, de Eur\\u00f3pa \\u00e9s \\u00c1zsia sem \\u00e1ll sokkal jobban. \\\"Egyre rosszabb a helyzet, a munkaer\\u0151piaci v\\u00e1ls\\u00e1g egyre ink\\u00e1bb m\\u00e9ly\\u00fcl\\\" \\u2013 nyilatkozta az ILO f\\u0151n\\u00f6ke az AFP h\\u00edr\\u00fcgyn\\u00f6ks\\u00e9gnek.\",\"inLanguage\":\"hu-HU\",\"isPartOf\":{\"@id\":\"https:\\\/\\\/allasorias.hu\\\/hirek\\\/#website\"},\"breadcrumb\":{\"@id\":\"https:\\\/\\\/allasorias.hu\\\/hirek\\\/a-jarvany-tobbszaz-millio-allast-tett-tonkre\\\/#breadcrumblist\"},\"author\":{\"@id\":\"https:\\\/\\\/allasorias.hu\\\/hirek\\\/author\\\/admin-allasorias\\\/#author\"},\"creator\":{\"@id\":\"https:\\\/\\\/allasorias.hu\\\/hirek\\\/author\\\/admin-allasorias\\\/#author\"},\"image\":{\"@type\":\"ImageObject\",\"url\":\"https:\\\/\\\/allasorias.hu\\\/hirek\\\/wp-content\\\/uploads\\\/2020\\\/07\\\/315-1.jpg\",\"@id\":\"https:\\\/\\\/allasorias.hu\\\/hirek\\\/a-jarvany-tobbszaz-millio-allast-tett-tonkre\\\/#mainImage\",\"width\":1270,\"height\":907,\"caption\":\"The economic crisis arrows fall concept, graph maker stock fall showing on tablet with businessman, indicating the economic recession that will occur\"},\"primaryImageOfPage\":{\"@id\":\"https:\\\/\\\/allasorias.hu\\\/hirek\\\/a-jarvany-tobbszaz-millio-allast-tett-tonkre\\\/#mainImage\"},\"datePublished\":\"2020-07-07T08:08:23+02:00\",\"dateModified\":\"2020-07-07T08:09:43+02:00\"},{\"@type\":\"WebSite\",\"@id\":\"https:\\\/\\\/allasorias.hu\\\/hirek\\\/#website\",\"url\":\"https:\\\/\\\/allasorias.hu\\\/hirek\\\/\",\"name\":\"AllasOrias.hu | H\\u00edrek-lapszemle\",\"description\":\"\\u00dczleti h\\u00edrek az \\u00e1ll\\u00e1s \\u00e9s a munka vil\\u00e1g\\u00e1b\\u00f3l\",\"inLanguage\":\"hu-HU\",\"publisher\":{\"@id\":\"https:\\\/\\\/allasorias.hu\\\/hirek\\\/#organization\"}}]}\n\t\t<\/script>\n\t\t<!-- All in One SEO -->\n\n","aioseo_head_json":{"title":"A j\u00e1rv\u00e1ny t\u00f6bbsz\u00e1z milli\u00f3 \u00e1ll\u00e1st tett t\u00f6nkre | AllasOrias.hu | H\u00edrek-lapszemle","description":"A vil\u00e1gban az ENSZ Munka\u00fcgyi Szervezete (ILO) friss tanulm\u00e1nya szerint eddig 400 milli\u00f3 teljes munkaidej\u0171 \u00e1ll\u00e1s sz\u0171nt meg a koronav\u00edrus j\u00e1rv\u00e1ny miatt. K\u00fcl\u00f6n\u00f6sen az amerikai f\u00f6ldr\u00e9szen nagy a vesztes\u00e9g, de Eur\u00f3pa \u00e9s \u00c1zsia sem \u00e1ll sokkal jobban. \"Egyre rosszabb a helyzet, a munkaer\u0151piaci v\u00e1ls\u00e1g egyre ink\u00e1bb m\u00e9ly\u00fcl\" \u2013 nyilatkozta az ILO f\u0151n\u00f6ke az AFP h\u00edr\u00fcgyn\u00f6ks\u00e9gnek.","canonical_url":"https:\/\/allasorias.hu\/hirek\/a-jarvany-tobbszaz-millio-allast-tett-tonkre\/","robots":"max-image-preview:large","keywords":"","webmasterTools":{"miscellaneous":""},"schema":{"@context":"https:\/\/schema.org","@graph":[{"@type":"Article","@id":"https:\/\/allasorias.hu\/hirek\/a-jarvany-tobbszaz-millio-allast-tett-tonkre\/#article","name":"A j\u00e1rv\u00e1ny t\u00f6bbsz\u00e1z milli\u00f3 \u00e1ll\u00e1st tett t\u00f6nkre | AllasOrias.hu | H\u00edrek-lapszemle","headline":"A j\u00e1rv\u00e1ny t\u00f6bbsz\u00e1z milli\u00f3 \u00e1ll\u00e1st tett t\u00f6nkre","author":{"@id":"https:\/\/allasorias.hu\/hirek\/author\/admin-allasorias\/#author"},"publisher":{"@id":"https:\/\/allasorias.hu\/hirek\/#organization"},"image":{"@type":"ImageObject","url":"https:\/\/allasorias.hu\/hirek\/wp-content\/uploads\/2020\/07\/315-1.jpg","width":1270,"height":907,"caption":"The economic crisis arrows fall concept, graph maker stock fall showing on tablet with businessman, indicating the economic recession that will occur"},"datePublished":"2020-07-07T08:08:23+02:00","dateModified":"2020-07-07T08:09:43+02:00","inLanguage":"hu-HU","mainEntityOfPage":{"@id":"https:\/\/allasorias.hu\/hirek\/a-jarvany-tobbszaz-millio-allast-tett-tonkre\/#webpage"},"isPartOf":{"@id":"https:\/\/allasorias.hu\/hirek\/a-jarvany-tobbszaz-millio-allast-tett-tonkre\/#webpage"},"articleSection":"Gazdas\u00e1g, Munkaer\u0151piac"},{"@type":"BreadcrumbList","@id":"https:\/\/allasorias.hu\/hirek\/a-jarvany-tobbszaz-millio-allast-tett-tonkre\/#breadcrumblist","itemListElement":[{"@type":"ListItem","@id":"https:\/\/allasorias.hu\/hirek#listItem","position":1,"name":"Home","item":"https:\/\/allasorias.hu\/hirek","nextItem":{"@type":"ListItem","@id":"https:\/\/allasorias.hu\/hirek\/temak\/gazdasag\/#listItem","name":"Gazdas\u00e1g"}},{"@type":"ListItem","@id":"https:\/\/allasorias.hu\/hirek\/temak\/gazdasag\/#listItem","position":2,"name":"Gazdas\u00e1g","item":"https:\/\/allasorias.hu\/hirek\/temak\/gazdasag\/","nextItem":{"@type":"ListItem","@id":"https:\/\/allasorias.hu\/hirek\/a-jarvany-tobbszaz-millio-allast-tett-tonkre\/#listItem","name":"A j\u00e1rv\u00e1ny t\u00f6bbsz\u00e1z milli\u00f3 \u00e1ll\u00e1st tett t\u00f6nkre"},"previousItem":{"@type":"ListItem","@id":"https:\/\/allasorias.hu\/hirek#listItem","name":"Home"}},{"@type":"ListItem","@id":"https:\/\/allasorias.hu\/hirek\/a-jarvany-tobbszaz-millio-allast-tett-tonkre\/#listItem","position":3,"name":"A j\u00e1rv\u00e1ny t\u00f6bbsz\u00e1z milli\u00f3 \u00e1ll\u00e1st tett t\u00f6nkre","previousItem":{"@type":"ListItem","@id":"https:\/\/allasorias.hu\/hirek\/temak\/gazdasag\/#listItem","name":"Gazdas\u00e1g"}}]},{"@type":"Organization","@id":"https:\/\/allasorias.hu\/hirek\/#organization","name":"AllasOrias.hu | H\u00edrek-lapszemle","description":"\u00dczleti h\u00edrek az \u00e1ll\u00e1s \u00e9s a munka vil\u00e1g\u00e1b\u00f3l","url":"https:\/\/allasorias.hu\/hirek\/","logo":{"@type":"ImageObject","url":"https:\/\/allasorias.hu\/hirek\/wp-content\/uploads\/2022\/10\/allasorias_site_facebok_logo.png","@id":"https:\/\/allasorias.hu\/hirek\/a-jarvany-tobbszaz-millio-allast-tett-tonkre\/#organizationLogo"},"image":{"@id":"https:\/\/allasorias.hu\/hirek\/a-jarvany-tobbszaz-millio-allast-tett-tonkre\/#organizationLogo"},"sameAs":["https:\/\/www.facebook.com\/allasorias","https:\/\/www.linkedin.com\/company\/allasorias"]},{"@type":"Person","@id":"https:\/\/allasorias.hu\/hirek\/author\/admin-allasorias\/#author","url":"https:\/\/allasorias.hu\/hirek\/author\/admin-allasorias\/","name":"Juh\u00e1sz P\u00e9ter","image":{"@type":"ImageObject","@id":"https:\/\/allasorias.hu\/hirek\/a-jarvany-tobbszaz-millio-allast-tett-tonkre\/#authorImage","url":"https:\/\/secure.gravatar.com\/avatar\/36e6bcb83148978b992977cb0f54d22feb0cce8a0a849a9410532bb2623ba4c6?s=96&d=mm&r=g","width":96,"height":96,"caption":"Juh\u00e1sz P\u00e9ter"}},{"@type":"WebPage","@id":"https:\/\/allasorias.hu\/hirek\/a-jarvany-tobbszaz-millio-allast-tett-tonkre\/#webpage","url":"https:\/\/allasorias.hu\/hirek\/a-jarvany-tobbszaz-millio-allast-tett-tonkre\/","name":"A j\u00e1rv\u00e1ny t\u00f6bbsz\u00e1z milli\u00f3 \u00e1ll\u00e1st tett t\u00f6nkre | AllasOrias.hu | H\u00edrek-lapszemle","description":"A vil\u00e1gban az ENSZ Munka\u00fcgyi Szervezete (ILO) friss tanulm\u00e1nya szerint eddig 400 milli\u00f3 teljes munkaidej\u0171 \u00e1ll\u00e1s sz\u0171nt meg a koronav\u00edrus j\u00e1rv\u00e1ny miatt. K\u00fcl\u00f6n\u00f6sen az amerikai f\u00f6ldr\u00e9szen nagy a vesztes\u00e9g, de Eur\u00f3pa \u00e9s \u00c1zsia sem \u00e1ll sokkal jobban. \"Egyre rosszabb a helyzet, a munkaer\u0151piaci v\u00e1ls\u00e1g egyre ink\u00e1bb m\u00e9ly\u00fcl\" \u2013 nyilatkozta az ILO f\u0151n\u00f6ke az AFP h\u00edr\u00fcgyn\u00f6ks\u00e9gnek.","inLanguage":"hu-HU","isPartOf":{"@id":"https:\/\/allasorias.hu\/hirek\/#website"},"breadcrumb":{"@id":"https:\/\/allasorias.hu\/hirek\/a-jarvany-tobbszaz-millio-allast-tett-tonkre\/#breadcrumblist"},"author":{"@id":"https:\/\/allasorias.hu\/hirek\/author\/admin-allasorias\/#author"},"creator":{"@id":"https:\/\/allasorias.hu\/hirek\/author\/admin-allasorias\/#author"},"image":{"@type":"ImageObject","url":"https:\/\/allasorias.hu\/hirek\/wp-content\/uploads\/2020\/07\/315-1.jpg","@id":"https:\/\/allasorias.hu\/hirek\/a-jarvany-tobbszaz-millio-allast-tett-tonkre\/#mainImage","width":1270,"height":907,"caption":"The economic crisis arrows fall concept, graph maker stock fall showing on tablet with businessman, indicating the economic recession that will occur"},"primaryImageOfPage":{"@id":"https:\/\/allasorias.hu\/hirek\/a-jarvany-tobbszaz-millio-allast-tett-tonkre\/#mainImage"},"datePublished":"2020-07-07T08:08:23+02:00","dateModified":"2020-07-07T08:09:43+02:00"},{"@type":"WebSite","@id":"https:\/\/allasorias.hu\/hirek\/#website","url":"https:\/\/allasorias.hu\/hirek\/","name":"AllasOrias.hu | H\u00edrek-lapszemle","description":"\u00dczleti h\u00edrek az \u00e1ll\u00e1s \u00e9s a munka vil\u00e1g\u00e1b\u00f3l","inLanguage":"hu-HU","publisher":{"@id":"https:\/\/allasorias.hu\/hirek\/#organization"}}]},"og:locale":"hu_HU","og:site_name":"AllasOrias.hu | H\u00edrek-lapszemle | \u00dczleti h\u00edrek az \u00e1ll\u00e1s \u00e9s a munka vil\u00e1g\u00e1b\u00f3l","og:type":"article","og:title":"A j\u00e1rv\u00e1ny t\u00f6bbsz\u00e1z milli\u00f3 \u00e1ll\u00e1st tett t\u00f6nkre | AllasOrias.hu | H\u00edrek-lapszemle","og:description":"A vil\u00e1gban az ENSZ Munka\u00fcgyi Szervezete (ILO) friss tanulm\u00e1nya szerint eddig 400 milli\u00f3 teljes munkaidej\u0171 \u00e1ll\u00e1s sz\u0171nt meg a koronav\u00edrus j\u00e1rv\u00e1ny miatt. K\u00fcl\u00f6n\u00f6sen az amerikai f\u00f6ldr\u00e9szen nagy a vesztes\u00e9g, de Eur\u00f3pa \u00e9s \u00c1zsia sem \u00e1ll sokkal jobban. &quot;Egyre rosszabb a helyzet, a munkaer\u0151piaci v\u00e1ls\u00e1g egyre ink\u00e1bb m\u00e9ly\u00fcl&quot; \u2013 nyilatkozta az ILO f\u0151n\u00f6ke az AFP h\u00edr\u00fcgyn\u00f6ks\u00e9gnek.","og:url":"https:\/\/allasorias.hu\/hirek\/a-jarvany-tobbszaz-millio-allast-tett-tonkre\/","og:image":"https:\/\/allasorias.hu\/hirek\/wp-content\/uploads\/2020\/07\/315-1.jpg","og:image:secure_url":"https:\/\/allasorias.hu\/hirek\/wp-content\/uploads\/2020\/07\/315-1.jpg","og:image:width":1270,"og:image:height":907,"article:published_time":"2020-07-07T08:08:23+00:00","article:modified_time":"2020-07-07T08:09:43+00:00","article:publisher":"https:\/\/www.facebook.com\/allasorias","twitter:card":"summary_large_image","twitter:title":"A j\u00e1rv\u00e1ny t\u00f6bbsz\u00e1z milli\u00f3 \u00e1ll\u00e1st tett t\u00f6nkre | AllasOrias.hu | H\u00edrek-lapszemle","twitter:description":"A vil\u00e1gban az ENSZ Munka\u00fcgyi Szervezete (ILO) friss tanulm\u00e1nya szerint eddig 400 milli\u00f3 teljes munkaidej\u0171 \u00e1ll\u00e1s sz\u0171nt meg a koronav\u00edrus j\u00e1rv\u00e1ny miatt. K\u00fcl\u00f6n\u00f6sen az amerikai f\u00f6ldr\u00e9szen nagy a vesztes\u00e9g, de Eur\u00f3pa \u00e9s \u00c1zsia sem \u00e1ll sokkal jobban. &quot;Egyre rosszabb a helyzet, a munkaer\u0151piaci v\u00e1ls\u00e1g egyre ink\u00e1bb m\u00e9ly\u00fcl&quot; \u2013 nyilatkozta az ILO f\u0151n\u00f6ke az AFP h\u00edr\u00fcgyn\u00f6ks\u00e9gnek.","twitter:image":"https:\/\/allasorias.hu\/hirek\/wp-content\/uploads\/2020\/07\/315-1.jpg","twitter:label1":"Written by","twitter:data1":"Juh\u00e1sz P\u00e9ter","twitter:label2":"Est. reading time","twitter:data2":"2 minutes"},"aioseo_meta_data":{"post_id":"4102","title":null,"description":null,"keywords":null,"keyphrases":null,"primary_term":null,"canonical_url":null,"og_title":null,"og_description":null,"og_object_type":"default","og_image_type":"default","og_image_url":null,"og_image_width":null,"og_image_height":null,"og_image_custom_url":null,"og_image_custom_fields":null,"og_video":null,"og_custom_url":null,"og_article_section":null,"og_article_tags":null,"twitter_use_og":false,"twitter_card":"default","twitter_image_type":"default","twitter_image_url":null,"twitter_image_custom_url":null,"twitter_image_custom_fields":null,"twitter_title":null,"twitter_description":null,"schema":{"blockGraphs":[],"customGraphs":[],"default":{"data":{"Article":[],"Course":[],"Dataset":[],"FAQPage":[],"Movie":[],"Person":[],"Product":[],"ProductReview":[],"Car":[],"Recipe":[],"Service":[],"SoftwareApplication":[],"WebPage":[]},"graphName":"","isEnabled":true},"graphs":[]},"schema_type":null,"schema_type_options":null,"pillar_content":false,"robots_default":true,"robots_noindex":false,"robots_noarchive":false,"robots_nosnippet":false,"robots_nofollow":false,"robots_noimageindex":false,"robots_noodp":false,"robots_notranslate":false,"robots_max_snippet":null,"robots_max_videopreview":null,"robots_max_imagepreview":"large","priority":null,"frequency":null,"location":null,"local_seo":null,"breadcrumb_settings":null,"limit_modified_date":false,"ai":null,"created":"2021-02-01 21:13:45","updated":"2025-10-02 14:01:25","seo_analyzer_scan_date":null,"focus_keyword":null,"additional_keywords":null,"truseo_locale":null},"aioseo_breadcrumb":"<div class=\"aioseo-breadcrumbs\"><span class=\"aioseo-breadcrumb\">\n\t\t\t<a href=\"https:\/\/allasorias.hu\/hirek\" title=\"Home\">Home<\/a>\n\t\t<\/span><span class=\"aioseo-breadcrumb-separator\">&raquo;<\/span><span class=\"aioseo-breadcrumb\">\n\t\t\t<a href=\"https:\/\/allasorias.hu\/hirek\/temak\/gazdasag\/\" title=\"Gazdas\u00e1g\">Gazdas\u00e1g<\/a>\n\t\t<\/span><span class=\"aioseo-breadcrumb-separator\">&raquo;<\/span><span class=\"aioseo-breadcrumb\">\n\t\t\tA j\u00e1rv\u00e1ny t\u00f6bbsz\u00e1z milli\u00f3 \u00e1ll\u00e1st tett t\u00f6nkre\n\t\t<\/span><\/div>","aioseo_breadcrumb_json":[{"label":"Home","link":"https:\/\/allasorias.hu\/hirek"},{"label":"Gazdas\u00e1g","link":"https:\/\/allasorias.hu\/hirek\/temak\/gazdasag\/"},{"label":"A j\u00e1rv\u00e1ny t\u00f6bbsz\u00e1z milli\u00f3 \u00e1ll\u00e1st tett t\u00f6nkre","link":"https:\/\/allasorias.hu\/hirek\/a-jarvany-tobbszaz-millio-allast-tett-tonkre\/"}],"_links":{"self":[{"href":"https:\/\/allasorias.hu\/hirek\/wp-json\/wp\/v2\/posts\/4102","targetHints":{"allow":["GET"]}}],"collection":[{"href":"https:\/\/allasorias.hu\/hirek\/wp-json\/wp\/v2\/posts"}],"about":[{"href":"https:\/\/allasorias.hu\/hirek\/wp-json\/wp\/v2\/types\/post"}],"author":[{"embeddable":true,"href":"https:\/\/allasorias.hu\/hirek\/wp-json\/wp\/v2\/users\/1"}],"replies":[{"embeddable":true,"href":"https:\/\/allasorias.hu\/hirek\/wp-json\/wp\/v2\/comments?post=4102"}],"version-history":[{"count":1,"href":"https:\/\/allasorias.hu\/hirek\/wp-json\/wp\/v2\/posts\/4102\/revisions"}],"predecessor-version":[{"id":4104,"href":"https:\/\/allasorias.hu\/hirek\/wp-json\/wp\/v2\/posts\/4102\/revisions\/4104"}],"wp:featuredmedia":[{"embeddable":true,"href":"https:\/\/allasorias.hu\/hirek\/wp-json\/wp\/v2\/media\/4105"}],"wp:attachment":[{"href":"https:\/\/allasorias.hu\/hirek\/wp-json\/wp\/v2\/media?parent=4102"}],"wp:term":[{"taxonomy":"category","embeddable":true,"href":"https:\/\/allasorias.hu\/hirek\/wp-json\/wp\/v2\/categories?post=4102"},{"taxonomy":"post_tag","embeddable":true,"href":"https:\/\/allasorias.hu\/hirek\/wp-json\/wp\/v2\/tags?post=4102"}],"curies":[{"name":"wp","href":"https:\/\/api.w.org\/{rel}","templated":true}]}}