{"id":4099,"date":"2020-07-07T08:05:35","date_gmt":"2020-07-07T08:05:35","guid":{"rendered":"https:\/\/allasorias.hu\/hirek\/?p=4099"},"modified":"2020-07-07T08:05:35","modified_gmt":"2020-07-07T08:05:35","slug":"valtozo-foglalkoztatottsag-minden-regio-erintett","status":"publish","type":"post","link":"https:\/\/allasorias.hu\/hirek\/valtozo-foglalkoztatottsag-minden-regio-erintett\/","title":{"rendered":"V\u00e1ltoz\u00f3 foglalkoztatotts\u00e1g \u2013 minden r\u00e9gi\u00f3 \u00e9rintett"},"content":{"rendered":"<p><strong>2019-ben is Budapesten \u00e9s Nyugat-Dun\u00e1nt\u00falon volt a legkedvez\u0151bb a foglalkoztat\u00e1si helyzet (74 \u00e9s 73,8 sz\u00e1zal\u00e9k), a legnagyobb n\u00f6veked\u00e9st pedig Pest r\u00e9gi\u00f3ban m\u00e9rt\u00e9k (1,4 sz\u00e1zal\u00e9kpont), ahol ennek k\u00f6sz\u00f6nhet\u0151en 72 sz\u00e1zal\u00e9kra n\u0151tt a foglalkoztat\u00e1si r\u00e1ta, der\u00fclt ki a KSH kiadv\u00e1ny\u00e1b\u00f3l, amit a Portfolio szeml\u00e9zett.<\/strong><\/p>\n<p>A foglalkoztat\u00e1s \u00e1ltal\u00e1nos n\u00f6veked\u00e9s ellen\u00e9re tov\u00e1bbra is D\u00e9l-Dun\u00e1nt\u00falon (65,4 sz\u00e1zal\u00e9k), \u00c9szak-Magyarorsz\u00e1gon (66,1 sz\u00e1zal\u00e9k) \u00e9s \u00c9szak-Alf\u00f6ld\u00f6n (66,4 sz\u00e1zal\u00e9k) a legalacsonyabb a foglalkoztat\u00e1s szintje. A legrosszabb \u00e9s a legjobb helyzet\u0171 r\u00e9gi\u00f3k r\u00e1t\u00e1i k\u00f6z\u00f6tti k\u00fcl\u00f6nbs\u00e9g 8,7 sz\u00e1zal\u00e9kpont volt. Megyei szinten m\u00e9g mark\u00e1nsabb k\u00fcl\u00f6nbs\u00e9gek tapasztalhat\u00f3k: 2 sz\u00e1zal\u00e9kpontos javul\u00e1s mellett v\u00e1ltozatlanul Somogy megye foglalkoztatotts\u00e1ga a legalacsonyabb (62,9 sz\u00e1zal\u00e9k), \u00e9s Gy\u0151r-Moson-Sopron megy\u00e9\u00e9 a legmagasabb (74,4 sz\u00e1zal\u00e9k).A ter\u00fcleti k\u00fcl\u00f6nbs\u00e9gek a munkan\u00e9lk\u00fclis\u00e9g tekintet\u00e9ben is tetten \u00e9rhet\u0151ek. Tavaly a munkan\u00e9lk\u00fclis\u00e9gi r\u00e1ta a 15\u201374 \u00e9vesek k\u00f6r\u00e9ben Nyugat- \u00e9s K\u00f6z\u00e9p-Dun\u00e1nt\u00falon volt a legalacsonyabb, 1,8, illetve 2 sz\u00e1zal\u00e9k. Az elm\u00falt \u00e9vhez k\u00e9pest ugyan kism\u00e9rt\u00e9kben cs\u00f6kkent a munkan\u00e9lk\u00fclis\u00e9g \u00c9szak-Alf\u00f6ld\u00f6n, de a munkan\u00e9lk\u00fclis\u00e9gi r\u00e1ta tov\u00e1bbra is itt a legmagasabb, 6,3 sz\u00e1zal\u00e9k.A r\u00e9gi\u00f3k t\u00f6bbs\u00e9g\u00e9ben a munkan\u00e9lk\u00fclis\u00e9gi r\u00e1ta csak kism\u00e9rt\u00e9kben m\u00f3dosult, jelent\u0151s v\u00e1ltoz\u00e1st D\u00e9l-Dun\u00e1nt\u00falon tapasztalt a hivatal, ahol a r\u00e1ta \u00e9rt\u00e9ke 0,8 sz\u00e1zal\u00e9kponttal, 4,8 sz\u00e1zal\u00e9kra cs\u00f6kkent, ezen bel\u00fcl Baranya megy\u00e9ben tov\u00e1bbra is magas volt (6,6 sz\u00e1zal\u00e9k). Az egyes megy\u00e9kben 1,4 \u00e9s 3 sz\u00e1zal\u00e9k k\u00f6z\u00f6tt alakult az \u00fcres \u00e1ll\u00e1shelyek ar\u00e1nya. Teh\u00e1t m\u00e9g olyan megy\u00e9kben is sz\u00e1mos \u00fcres \u00e1ll\u00e1shely volt, ahol alapvet\u0151en magas maradt a munkan\u00e9lk\u00fclis\u00e9g. A legnagyobb ar\u00e1ny\u00fa p\u00f3tl\u00f3lagos kereslet a Pest megyei szervezetekn\u00e9l jelentkezett, m\u00edg a legalacsonyabb ar\u00e1nysz\u00e1mok a Baranya \u00e9s Csongr\u00e1d-Csan\u00e1d megyei munk\u00e1ltat\u00f3kat jellemezt\u00e9k. A munkan\u00e9lk\u00fcliek, az alulfoglalkoztatottak, a dolgozni sz\u00e1nd\u00e9koz\u00f3, de munk\u00e1t akt\u00edvan nem keres\u0151, vagy a rendelkez\u00e9sre \u00e1ll\u00e1s krit\u00e9rium\u00e1t nem teljes\u00edt\u0151 inakt\u00edvak egy\u00fctt jelentik az \u00fagynevezett potenci\u00e1lis munkaer\u0151-tartal\u00e9kot. A munkaer\u0151piac potenci\u00e1lis forr\u00e1sak\u00e9nt megjelen\u0151k t\u00f6bb mint egyharmada legfeljebb alapfok\u00fa v\u00e9gzetts\u00e9ggel rendelkezik, a szakmunk\u00e1sok ar\u00e1nya 27, az \u00e9retts\u00e9gizettek\u00e9 26 sz\u00e1zal\u00e9k, diplom\u00e1val pedig csup\u00e1n 11 sz\u00e1zal\u00e9kuk rendelkezik. Mindez mutatja, hogy az alacsonyabb k\u00e9pzetts\u00e9g\u0171ek sokszor nem tal\u00e1lnak \u00e1ll\u00e1st. A tartal\u00e9k ter\u00fcleti eloszl\u00e1sa \u00f6sszess\u00e9g\u00e9ben tov\u00e1bbra is igen egyenetlen, k\u00e9tharmaduk a foglalkoztat\u00e1si lehet\u0151s\u00e9gek szempontj\u00e1b\u00f3l h\u00e1tr\u00e1nyos ter\u00fcleteken koncentr\u00e1l\u00f3dik, am\u00edg a kedvez\u0151bb gazdas\u00e1gi helyzettel rendelkez\u0151 r\u00e9gi\u00f3kban alacsony (K\u00f6z\u00e9p- \u00e9s Nyugat-Dun\u00e1nt\u00fal) a potenci\u00e1lis munkav\u00e1llal\u00f3k n\u00e9pess\u00e9gen bel\u00fcli ar\u00e1nya. A koronav\u00edrus-j\u00e1rv\u00e1ny komoly le\u00e9p\u00edt\u00e9si hull\u00e1mot okozott, ami egy csap\u00e1sra v\u00e1ltoztatta meg a munkaer\u0151hi\u00e1nyos k\u00f6rnyezetet. Az \u00fcres \u00e1ll\u00e1shelyek sz\u00e1ma \u00e9s ar\u00e1nya az els\u0151 negyed\u00e9vben nagyot cs\u00f6kkent, miut\u00e1n a v\u00e1llalatok recesszi\u00f3val szembes\u00fcltek. A le\u00e9p\u00edt\u00e9si hull\u00e1m egyetlen r\u00e9gi\u00f3t sem hagyott \u00e9rintetlen\u00fcl. \u00a0A KSH \u00f6sszegz\u00e9se szerint 2020 m\u00e1rcius\u2013m\u00e1jus\u00e1ban k\u00f6zel 160 ezer f\u0151 munk\u00e1ja sz\u0171nt meg, Nyugat-Dun\u00e1nt\u00falon ker\u00fcltek ki a legt\u00f6bben, D\u00e9l-Dun\u00e1nt\u00falon a legkevesebben a foglalkoztat\u00e1sb\u00f3l.<\/p>\n","protected":false},"excerpt":{"rendered":"<p>2019-ben is Budapesten \u00e9s Nyugat-Dun\u00e1nt\u00falon volt a legkedvez\u0151bb a foglalkoztat\u00e1si helyzet (74 \u00e9s 73,8 sz\u00e1zal\u00e9k), a legnagyobb n\u00f6veked\u00e9st pedig Pest r\u00e9gi\u00f3ban m\u00e9rt\u00e9k (1,4 sz\u00e1zal\u00e9kpont), ahol ennek k\u00f6sz\u00f6nhet\u0151en 72 sz\u00e1zal\u00e9kra n\u0151tt a foglalkoztat\u00e1si r\u00e1ta, der\u00fclt ki a KSH kiadv\u00e1ny\u00e1b\u00f3l, amit a Portfolio szeml\u00e9zett. A foglalkoztat\u00e1s \u00e1ltal\u00e1nos n\u00f6veked\u00e9s ellen\u00e9re tov\u00e1bbra is D\u00e9l-Dun\u00e1nt\u00falon (65,4 sz\u00e1zal\u00e9k), \u00c9szak-Magyarorsz\u00e1gon (66,1 sz\u00e1zal\u00e9k) [&hellip;]<\/p>\n","protected":false},"author":1,"featured_media":4100,"comment_status":"open","ping_status":"open","sticky":false,"template":"","format":"standard","meta":{"_monsterinsights_skip_tracking":false,"footnotes":""},"categories":[198,200],"tags":[],"class_list":["post-4099","post","type-post","status-publish","format-standard","has-post-thumbnail","hentry","category-gazdasag","category-munkaeropiac"],"aioseo_notices":[],"aioseo_head":"\n\t\t<!-- All in One SEO 5.0.0.1 - aioseo.com -->\n\t<meta name=\"description\" content=\"2019-ben is Budapesten \u00e9s Nyugat-Dun\u00e1nt\u00falon volt a legkedvez\u0151bb a foglalkoztat\u00e1si helyzet (74 \u00e9s 73,8 sz\u00e1zal\u00e9k), a legnagyobb n\u00f6veked\u00e9st pedig Pest r\u00e9gi\u00f3ban m\u00e9rt\u00e9k (1,4 sz\u00e1zal\u00e9kpont), ahol ennek k\u00f6sz\u00f6nhet\u0151en 72 sz\u00e1zal\u00e9kra n\u0151tt a foglalkoztat\u00e1si r\u00e1ta, der\u00fclt ki a KSH kiadv\u00e1ny\u00e1b\u00f3l, amit a Portfolio szeml\u00e9zett. A foglalkoztat\u00e1s \u00e1ltal\u00e1nos n\u00f6veked\u00e9s ellen\u00e9re tov\u00e1bbra is D\u00e9l-Dun\u00e1nt\u00falon (65,4 sz\u00e1zal\u00e9k), \u00c9szak-Magyarorsz\u00e1gon (66,1 sz\u00e1zal\u00e9k)\" \/>\n\t<meta name=\"robots\" content=\"max-image-preview:large\" \/>\n\t<meta name=\"author\" content=\"Juh\u00e1sz P\u00e9ter\"\/>\n\t<link rel=\"canonical\" href=\"https:\/\/allasorias.hu\/hirek\/valtozo-foglalkoztatottsag-minden-regio-erintett\/\" \/>\n\t<meta name=\"generator\" content=\"All in One SEO (AIOSEO) 5.0.0.1\" \/>\n\t\t<meta property=\"og:locale\" content=\"hu_HU\" \/>\n\t\t<meta property=\"og:site_name\" content=\"AllasOrias.hu | H\u00edrek-lapszemle | \u00dczleti h\u00edrek az \u00e1ll\u00e1s \u00e9s a munka vil\u00e1g\u00e1b\u00f3l\" \/>\n\t\t<meta property=\"og:type\" content=\"article\" \/>\n\t\t<meta property=\"og:title\" content=\"V\u00e1ltoz\u00f3 foglalkoztatotts\u00e1g \u2013 minden r\u00e9gi\u00f3 \u00e9rintett | AllasOrias.hu | H\u00edrek-lapszemle\" \/>\n\t\t<meta property=\"og:description\" content=\"2019-ben is Budapesten \u00e9s Nyugat-Dun\u00e1nt\u00falon volt a legkedvez\u0151bb a foglalkoztat\u00e1si helyzet (74 \u00e9s 73,8 sz\u00e1zal\u00e9k), a legnagyobb n\u00f6veked\u00e9st pedig Pest r\u00e9gi\u00f3ban m\u00e9rt\u00e9k (1,4 sz\u00e1zal\u00e9kpont), ahol ennek k\u00f6sz\u00f6nhet\u0151en 72 sz\u00e1zal\u00e9kra n\u0151tt a foglalkoztat\u00e1si r\u00e1ta, der\u00fclt ki a KSH kiadv\u00e1ny\u00e1b\u00f3l, amit a Portfolio szeml\u00e9zett. A foglalkoztat\u00e1s \u00e1ltal\u00e1nos n\u00f6veked\u00e9s ellen\u00e9re tov\u00e1bbra is D\u00e9l-Dun\u00e1nt\u00falon (65,4 sz\u00e1zal\u00e9k), \u00c9szak-Magyarorsz\u00e1gon (66,1 sz\u00e1zal\u00e9k)\" \/>\n\t\t<meta property=\"og:url\" content=\"https:\/\/allasorias.hu\/hirek\/valtozo-foglalkoztatottsag-minden-regio-erintett\/\" \/>\n\t\t<meta property=\"og:image\" content=\"https:\/\/allasorias.hu\/hirek\/wp-content\/uploads\/2020\/07\/O70IZ80.jpg\" \/>\n\t\t<meta property=\"og:image:secure_url\" content=\"https:\/\/allasorias.hu\/hirek\/wp-content\/uploads\/2020\/07\/O70IZ80.jpg\" \/>\n\t\t<meta property=\"og:image:width\" content=\"465\" \/>\n\t\t<meta property=\"og:image:height\" content=\"310\" \/>\n\t\t<meta property=\"article:published_time\" content=\"2020-07-07T08:05:35+00:00\" \/>\n\t\t<meta property=\"article:modified_time\" content=\"2020-07-07T08:05:35+00:00\" \/>\n\t\t<meta property=\"article:publisher\" content=\"https:\/\/www.facebook.com\/allasorias\" \/>\n\t\t<meta name=\"twitter:card\" content=\"summary_large_image\" \/>\n\t\t<meta name=\"twitter:title\" content=\"V\u00e1ltoz\u00f3 foglalkoztatotts\u00e1g \u2013 minden r\u00e9gi\u00f3 \u00e9rintett | AllasOrias.hu | H\u00edrek-lapszemle\" \/>\n\t\t<meta name=\"twitter:description\" content=\"2019-ben is Budapesten \u00e9s Nyugat-Dun\u00e1nt\u00falon volt a legkedvez\u0151bb a foglalkoztat\u00e1si helyzet (74 \u00e9s 73,8 sz\u00e1zal\u00e9k), a legnagyobb n\u00f6veked\u00e9st pedig Pest r\u00e9gi\u00f3ban m\u00e9rt\u00e9k (1,4 sz\u00e1zal\u00e9kpont), ahol ennek k\u00f6sz\u00f6nhet\u0151en 72 sz\u00e1zal\u00e9kra n\u0151tt a foglalkoztat\u00e1si r\u00e1ta, der\u00fclt ki a KSH kiadv\u00e1ny\u00e1b\u00f3l, amit a Portfolio szeml\u00e9zett. A foglalkoztat\u00e1s \u00e1ltal\u00e1nos n\u00f6veked\u00e9s ellen\u00e9re tov\u00e1bbra is D\u00e9l-Dun\u00e1nt\u00falon (65,4 sz\u00e1zal\u00e9k), \u00c9szak-Magyarorsz\u00e1gon (66,1 sz\u00e1zal\u00e9k)\" \/>\n\t\t<meta name=\"twitter:image\" content=\"https:\/\/allasorias.hu\/hirek\/wp-content\/uploads\/2020\/07\/O70IZ80.jpg\" \/>\n\t\t<meta name=\"twitter:label1\" content=\"Written by\" \/>\n\t\t<meta name=\"twitter:data1\" content=\"Juh\u00e1sz P\u00e9ter\" \/>\n\t\t<meta name=\"twitter:label2\" content=\"Est. reading time\" \/>\n\t\t<meta name=\"twitter:data2\" content=\"3 minutes\" \/>\n\t\t<script type=\"application\/ld+json\" class=\"aioseo-schema\">\n\t\t\t{\"@context\":\"https:\\\/\\\/schema.org\",\"@graph\":[{\"@type\":\"Article\",\"@id\":\"https:\\\/\\\/allasorias.hu\\\/hirek\\\/valtozo-foglalkoztatottsag-minden-regio-erintett\\\/#article\",\"name\":\"V\\u00e1ltoz\\u00f3 foglalkoztatotts\\u00e1g \\u2013 minden r\\u00e9gi\\u00f3 \\u00e9rintett | AllasOrias.hu | H\\u00edrek-lapszemle\",\"headline\":\"V\\u00e1ltoz\\u00f3 foglalkoztatotts\\u00e1g \\u2013 minden r\\u00e9gi\\u00f3 \\u00e9rintett\",\"author\":{\"@id\":\"https:\\\/\\\/allasorias.hu\\\/hirek\\\/author\\\/admin-allasorias\\\/#author\"},\"publisher\":{\"@id\":\"https:\\\/\\\/allasorias.hu\\\/hirek\\\/#organization\"},\"image\":{\"@type\":\"ImageObject\",\"url\":\"https:\\\/\\\/allasorias.hu\\\/hirek\\\/wp-content\\\/uploads\\\/2020\\\/07\\\/O70IZ80.jpg\",\"width\":465,\"height\":310,\"caption\":\"Image of workplace with paper and electronic documents and pen\"},\"datePublished\":\"2020-07-07T08:05:35+02:00\",\"dateModified\":\"2020-07-07T08:05:35+02:00\",\"inLanguage\":\"hu-HU\",\"mainEntityOfPage\":{\"@id\":\"https:\\\/\\\/allasorias.hu\\\/hirek\\\/valtozo-foglalkoztatottsag-minden-regio-erintett\\\/#webpage\"},\"isPartOf\":{\"@id\":\"https:\\\/\\\/allasorias.hu\\\/hirek\\\/valtozo-foglalkoztatottsag-minden-regio-erintett\\\/#webpage\"},\"articleSection\":\"Gazdas\\u00e1g, Munkaer\\u0151piac\"},{\"@type\":\"BreadcrumbList\",\"@id\":\"https:\\\/\\\/allasorias.hu\\\/hirek\\\/valtozo-foglalkoztatottsag-minden-regio-erintett\\\/#breadcrumblist\",\"itemListElement\":[{\"@type\":\"ListItem\",\"@id\":\"https:\\\/\\\/allasorias.hu\\\/hirek#listItem\",\"position\":1,\"name\":\"Home\",\"item\":\"https:\\\/\\\/allasorias.hu\\\/hirek\",\"nextItem\":{\"@type\":\"ListItem\",\"@id\":\"https:\\\/\\\/allasorias.hu\\\/hirek\\\/temak\\\/gazdasag\\\/#listItem\",\"name\":\"Gazdas\\u00e1g\"}},{\"@type\":\"ListItem\",\"@id\":\"https:\\\/\\\/allasorias.hu\\\/hirek\\\/temak\\\/gazdasag\\\/#listItem\",\"position\":2,\"name\":\"Gazdas\\u00e1g\",\"item\":\"https:\\\/\\\/allasorias.hu\\\/hirek\\\/temak\\\/gazdasag\\\/\",\"nextItem\":{\"@type\":\"ListItem\",\"@id\":\"https:\\\/\\\/allasorias.hu\\\/hirek\\\/valtozo-foglalkoztatottsag-minden-regio-erintett\\\/#listItem\",\"name\":\"V\\u00e1ltoz\\u00f3 foglalkoztatotts\\u00e1g \\u2013 minden r\\u00e9gi\\u00f3 \\u00e9rintett\"},\"previousItem\":{\"@type\":\"ListItem\",\"@id\":\"https:\\\/\\\/allasorias.hu\\\/hirek#listItem\",\"name\":\"Home\"}},{\"@type\":\"ListItem\",\"@id\":\"https:\\\/\\\/allasorias.hu\\\/hirek\\\/valtozo-foglalkoztatottsag-minden-regio-erintett\\\/#listItem\",\"position\":3,\"name\":\"V\\u00e1ltoz\\u00f3 foglalkoztatotts\\u00e1g \\u2013 minden r\\u00e9gi\\u00f3 \\u00e9rintett\",\"previousItem\":{\"@type\":\"ListItem\",\"@id\":\"https:\\\/\\\/allasorias.hu\\\/hirek\\\/temak\\\/gazdasag\\\/#listItem\",\"name\":\"Gazdas\\u00e1g\"}}]},{\"@type\":\"Organization\",\"@id\":\"https:\\\/\\\/allasorias.hu\\\/hirek\\\/#organization\",\"name\":\"AllasOrias.hu | H\\u00edrek-lapszemle\",\"description\":\"\\u00dczleti h\\u00edrek az \\u00e1ll\\u00e1s \\u00e9s a munka vil\\u00e1g\\u00e1b\\u00f3l\",\"url\":\"https:\\\/\\\/allasorias.hu\\\/hirek\\\/\",\"logo\":{\"@type\":\"ImageObject\",\"url\":\"https:\\\/\\\/allasorias.hu\\\/hirek\\\/wp-content\\\/uploads\\\/2022\\\/10\\\/allasorias_site_facebok_logo.png\",\"@id\":\"https:\\\/\\\/allasorias.hu\\\/hirek\\\/valtozo-foglalkoztatottsag-minden-regio-erintett\\\/#organizationLogo\"},\"image\":{\"@id\":\"https:\\\/\\\/allasorias.hu\\\/hirek\\\/valtozo-foglalkoztatottsag-minden-regio-erintett\\\/#organizationLogo\"},\"sameAs\":[\"https:\\\/\\\/www.facebook.com\\\/allasorias\",\"https:\\\/\\\/www.linkedin.com\\\/company\\\/allasorias\"]},{\"@type\":\"Person\",\"@id\":\"https:\\\/\\\/allasorias.hu\\\/hirek\\\/author\\\/admin-allasorias\\\/#author\",\"url\":\"https:\\\/\\\/allasorias.hu\\\/hirek\\\/author\\\/admin-allasorias\\\/\",\"name\":\"Juh\\u00e1sz P\\u00e9ter\",\"image\":{\"@type\":\"ImageObject\",\"@id\":\"https:\\\/\\\/allasorias.hu\\\/hirek\\\/valtozo-foglalkoztatottsag-minden-regio-erintett\\\/#authorImage\",\"url\":\"https:\\\/\\\/secure.gravatar.com\\\/avatar\\\/36e6bcb83148978b992977cb0f54d22feb0cce8a0a849a9410532bb2623ba4c6?s=96&d=mm&r=g\",\"width\":96,\"height\":96,\"caption\":\"Juh\\u00e1sz P\\u00e9ter\"}},{\"@type\":\"WebPage\",\"@id\":\"https:\\\/\\\/allasorias.hu\\\/hirek\\\/valtozo-foglalkoztatottsag-minden-regio-erintett\\\/#webpage\",\"url\":\"https:\\\/\\\/allasorias.hu\\\/hirek\\\/valtozo-foglalkoztatottsag-minden-regio-erintett\\\/\",\"name\":\"V\\u00e1ltoz\\u00f3 foglalkoztatotts\\u00e1g \\u2013 minden r\\u00e9gi\\u00f3 \\u00e9rintett | AllasOrias.hu | H\\u00edrek-lapszemle\",\"description\":\"2019-ben is Budapesten \\u00e9s Nyugat-Dun\\u00e1nt\\u00falon volt a legkedvez\\u0151bb a foglalkoztat\\u00e1si helyzet (74 \\u00e9s 73,8 sz\\u00e1zal\\u00e9k), a legnagyobb n\\u00f6veked\\u00e9st pedig Pest r\\u00e9gi\\u00f3ban m\\u00e9rt\\u00e9k (1,4 sz\\u00e1zal\\u00e9kpont), ahol ennek k\\u00f6sz\\u00f6nhet\\u0151en 72 sz\\u00e1zal\\u00e9kra n\\u0151tt a foglalkoztat\\u00e1si r\\u00e1ta, der\\u00fclt ki a KSH kiadv\\u00e1ny\\u00e1b\\u00f3l, amit a Portfolio szeml\\u00e9zett. A foglalkoztat\\u00e1s \\u00e1ltal\\u00e1nos n\\u00f6veked\\u00e9s ellen\\u00e9re tov\\u00e1bbra is D\\u00e9l-Dun\\u00e1nt\\u00falon (65,4 sz\\u00e1zal\\u00e9k), \\u00c9szak-Magyarorsz\\u00e1gon (66,1 sz\\u00e1zal\\u00e9k)\",\"inLanguage\":\"hu-HU\",\"isPartOf\":{\"@id\":\"https:\\\/\\\/allasorias.hu\\\/hirek\\\/#website\"},\"breadcrumb\":{\"@id\":\"https:\\\/\\\/allasorias.hu\\\/hirek\\\/valtozo-foglalkoztatottsag-minden-regio-erintett\\\/#breadcrumblist\"},\"author\":{\"@id\":\"https:\\\/\\\/allasorias.hu\\\/hirek\\\/author\\\/admin-allasorias\\\/#author\"},\"creator\":{\"@id\":\"https:\\\/\\\/allasorias.hu\\\/hirek\\\/author\\\/admin-allasorias\\\/#author\"},\"image\":{\"@type\":\"ImageObject\",\"url\":\"https:\\\/\\\/allasorias.hu\\\/hirek\\\/wp-content\\\/uploads\\\/2020\\\/07\\\/O70IZ80.jpg\",\"@id\":\"https:\\\/\\\/allasorias.hu\\\/hirek\\\/valtozo-foglalkoztatottsag-minden-regio-erintett\\\/#mainImage\",\"width\":465,\"height\":310,\"caption\":\"Image of workplace with paper and electronic documents and pen\"},\"primaryImageOfPage\":{\"@id\":\"https:\\\/\\\/allasorias.hu\\\/hirek\\\/valtozo-foglalkoztatottsag-minden-regio-erintett\\\/#mainImage\"},\"datePublished\":\"2020-07-07T08:05:35+02:00\",\"dateModified\":\"2020-07-07T08:05:35+02:00\"},{\"@type\":\"WebSite\",\"@id\":\"https:\\\/\\\/allasorias.hu\\\/hirek\\\/#website\",\"url\":\"https:\\\/\\\/allasorias.hu\\\/hirek\\\/\",\"name\":\"AllasOrias.hu | H\\u00edrek-lapszemle\",\"description\":\"\\u00dczleti h\\u00edrek az \\u00e1ll\\u00e1s \\u00e9s a munka vil\\u00e1g\\u00e1b\\u00f3l\",\"inLanguage\":\"hu-HU\",\"publisher\":{\"@id\":\"https:\\\/\\\/allasorias.hu\\\/hirek\\\/#organization\"}}]}\n\t\t<\/script>\n\t\t<!-- All in One SEO -->\n\n","aioseo_head_json":{"title":"V\u00e1ltoz\u00f3 foglalkoztatotts\u00e1g \u2013 minden r\u00e9gi\u00f3 \u00e9rintett | AllasOrias.hu | H\u00edrek-lapszemle","description":"2019-ben is Budapesten \u00e9s Nyugat-Dun\u00e1nt\u00falon volt a legkedvez\u0151bb a foglalkoztat\u00e1si helyzet (74 \u00e9s 73,8 sz\u00e1zal\u00e9k), a legnagyobb n\u00f6veked\u00e9st pedig Pest r\u00e9gi\u00f3ban m\u00e9rt\u00e9k (1,4 sz\u00e1zal\u00e9kpont), ahol ennek k\u00f6sz\u00f6nhet\u0151en 72 sz\u00e1zal\u00e9kra n\u0151tt a foglalkoztat\u00e1si r\u00e1ta, der\u00fclt ki a KSH kiadv\u00e1ny\u00e1b\u00f3l, amit a Portfolio szeml\u00e9zett. A foglalkoztat\u00e1s \u00e1ltal\u00e1nos n\u00f6veked\u00e9s ellen\u00e9re tov\u00e1bbra is D\u00e9l-Dun\u00e1nt\u00falon (65,4 sz\u00e1zal\u00e9k), \u00c9szak-Magyarorsz\u00e1gon (66,1 sz\u00e1zal\u00e9k)","canonical_url":"https:\/\/allasorias.hu\/hirek\/valtozo-foglalkoztatottsag-minden-regio-erintett\/","robots":"max-image-preview:large","keywords":"","webmasterTools":{"miscellaneous":""},"schema":{"@context":"https:\/\/schema.org","@graph":[{"@type":"Article","@id":"https:\/\/allasorias.hu\/hirek\/valtozo-foglalkoztatottsag-minden-regio-erintett\/#article","name":"V\u00e1ltoz\u00f3 foglalkoztatotts\u00e1g \u2013 minden r\u00e9gi\u00f3 \u00e9rintett | AllasOrias.hu | H\u00edrek-lapszemle","headline":"V\u00e1ltoz\u00f3 foglalkoztatotts\u00e1g \u2013 minden r\u00e9gi\u00f3 \u00e9rintett","author":{"@id":"https:\/\/allasorias.hu\/hirek\/author\/admin-allasorias\/#author"},"publisher":{"@id":"https:\/\/allasorias.hu\/hirek\/#organization"},"image":{"@type":"ImageObject","url":"https:\/\/allasorias.hu\/hirek\/wp-content\/uploads\/2020\/07\/O70IZ80.jpg","width":465,"height":310,"caption":"Image of workplace with paper and electronic documents and pen"},"datePublished":"2020-07-07T08:05:35+02:00","dateModified":"2020-07-07T08:05:35+02:00","inLanguage":"hu-HU","mainEntityOfPage":{"@id":"https:\/\/allasorias.hu\/hirek\/valtozo-foglalkoztatottsag-minden-regio-erintett\/#webpage"},"isPartOf":{"@id":"https:\/\/allasorias.hu\/hirek\/valtozo-foglalkoztatottsag-minden-regio-erintett\/#webpage"},"articleSection":"Gazdas\u00e1g, Munkaer\u0151piac"},{"@type":"BreadcrumbList","@id":"https:\/\/allasorias.hu\/hirek\/valtozo-foglalkoztatottsag-minden-regio-erintett\/#breadcrumblist","itemListElement":[{"@type":"ListItem","@id":"https:\/\/allasorias.hu\/hirek#listItem","position":1,"name":"Home","item":"https:\/\/allasorias.hu\/hirek","nextItem":{"@type":"ListItem","@id":"https:\/\/allasorias.hu\/hirek\/temak\/gazdasag\/#listItem","name":"Gazdas\u00e1g"}},{"@type":"ListItem","@id":"https:\/\/allasorias.hu\/hirek\/temak\/gazdasag\/#listItem","position":2,"name":"Gazdas\u00e1g","item":"https:\/\/allasorias.hu\/hirek\/temak\/gazdasag\/","nextItem":{"@type":"ListItem","@id":"https:\/\/allasorias.hu\/hirek\/valtozo-foglalkoztatottsag-minden-regio-erintett\/#listItem","name":"V\u00e1ltoz\u00f3 foglalkoztatotts\u00e1g \u2013 minden r\u00e9gi\u00f3 \u00e9rintett"},"previousItem":{"@type":"ListItem","@id":"https:\/\/allasorias.hu\/hirek#listItem","name":"Home"}},{"@type":"ListItem","@id":"https:\/\/allasorias.hu\/hirek\/valtozo-foglalkoztatottsag-minden-regio-erintett\/#listItem","position":3,"name":"V\u00e1ltoz\u00f3 foglalkoztatotts\u00e1g \u2013 minden r\u00e9gi\u00f3 \u00e9rintett","previousItem":{"@type":"ListItem","@id":"https:\/\/allasorias.hu\/hirek\/temak\/gazdasag\/#listItem","name":"Gazdas\u00e1g"}}]},{"@type":"Organization","@id":"https:\/\/allasorias.hu\/hirek\/#organization","name":"AllasOrias.hu | H\u00edrek-lapszemle","description":"\u00dczleti h\u00edrek az \u00e1ll\u00e1s \u00e9s a munka vil\u00e1g\u00e1b\u00f3l","url":"https:\/\/allasorias.hu\/hirek\/","logo":{"@type":"ImageObject","url":"https:\/\/allasorias.hu\/hirek\/wp-content\/uploads\/2022\/10\/allasorias_site_facebok_logo.png","@id":"https:\/\/allasorias.hu\/hirek\/valtozo-foglalkoztatottsag-minden-regio-erintett\/#organizationLogo"},"image":{"@id":"https:\/\/allasorias.hu\/hirek\/valtozo-foglalkoztatottsag-minden-regio-erintett\/#organizationLogo"},"sameAs":["https:\/\/www.facebook.com\/allasorias","https:\/\/www.linkedin.com\/company\/allasorias"]},{"@type":"Person","@id":"https:\/\/allasorias.hu\/hirek\/author\/admin-allasorias\/#author","url":"https:\/\/allasorias.hu\/hirek\/author\/admin-allasorias\/","name":"Juh\u00e1sz P\u00e9ter","image":{"@type":"ImageObject","@id":"https:\/\/allasorias.hu\/hirek\/valtozo-foglalkoztatottsag-minden-regio-erintett\/#authorImage","url":"https:\/\/secure.gravatar.com\/avatar\/36e6bcb83148978b992977cb0f54d22feb0cce8a0a849a9410532bb2623ba4c6?s=96&d=mm&r=g","width":96,"height":96,"caption":"Juh\u00e1sz P\u00e9ter"}},{"@type":"WebPage","@id":"https:\/\/allasorias.hu\/hirek\/valtozo-foglalkoztatottsag-minden-regio-erintett\/#webpage","url":"https:\/\/allasorias.hu\/hirek\/valtozo-foglalkoztatottsag-minden-regio-erintett\/","name":"V\u00e1ltoz\u00f3 foglalkoztatotts\u00e1g \u2013 minden r\u00e9gi\u00f3 \u00e9rintett | AllasOrias.hu | H\u00edrek-lapszemle","description":"2019-ben is Budapesten \u00e9s Nyugat-Dun\u00e1nt\u00falon volt a legkedvez\u0151bb a foglalkoztat\u00e1si helyzet (74 \u00e9s 73,8 sz\u00e1zal\u00e9k), a legnagyobb n\u00f6veked\u00e9st pedig Pest r\u00e9gi\u00f3ban m\u00e9rt\u00e9k (1,4 sz\u00e1zal\u00e9kpont), ahol ennek k\u00f6sz\u00f6nhet\u0151en 72 sz\u00e1zal\u00e9kra n\u0151tt a foglalkoztat\u00e1si r\u00e1ta, der\u00fclt ki a KSH kiadv\u00e1ny\u00e1b\u00f3l, amit a Portfolio szeml\u00e9zett. A foglalkoztat\u00e1s \u00e1ltal\u00e1nos n\u00f6veked\u00e9s ellen\u00e9re tov\u00e1bbra is D\u00e9l-Dun\u00e1nt\u00falon (65,4 sz\u00e1zal\u00e9k), \u00c9szak-Magyarorsz\u00e1gon (66,1 sz\u00e1zal\u00e9k)","inLanguage":"hu-HU","isPartOf":{"@id":"https:\/\/allasorias.hu\/hirek\/#website"},"breadcrumb":{"@id":"https:\/\/allasorias.hu\/hirek\/valtozo-foglalkoztatottsag-minden-regio-erintett\/#breadcrumblist"},"author":{"@id":"https:\/\/allasorias.hu\/hirek\/author\/admin-allasorias\/#author"},"creator":{"@id":"https:\/\/allasorias.hu\/hirek\/author\/admin-allasorias\/#author"},"image":{"@type":"ImageObject","url":"https:\/\/allasorias.hu\/hirek\/wp-content\/uploads\/2020\/07\/O70IZ80.jpg","@id":"https:\/\/allasorias.hu\/hirek\/valtozo-foglalkoztatottsag-minden-regio-erintett\/#mainImage","width":465,"height":310,"caption":"Image of workplace with paper and electronic documents and pen"},"primaryImageOfPage":{"@id":"https:\/\/allasorias.hu\/hirek\/valtozo-foglalkoztatottsag-minden-regio-erintett\/#mainImage"},"datePublished":"2020-07-07T08:05:35+02:00","dateModified":"2020-07-07T08:05:35+02:00"},{"@type":"WebSite","@id":"https:\/\/allasorias.hu\/hirek\/#website","url":"https:\/\/allasorias.hu\/hirek\/","name":"AllasOrias.hu | H\u00edrek-lapszemle","description":"\u00dczleti h\u00edrek az \u00e1ll\u00e1s \u00e9s a munka vil\u00e1g\u00e1b\u00f3l","inLanguage":"hu-HU","publisher":{"@id":"https:\/\/allasorias.hu\/hirek\/#organization"}}]},"og:locale":"hu_HU","og:site_name":"AllasOrias.hu | H\u00edrek-lapszemle | \u00dczleti h\u00edrek az \u00e1ll\u00e1s \u00e9s a munka vil\u00e1g\u00e1b\u00f3l","og:type":"article","og:title":"V\u00e1ltoz\u00f3 foglalkoztatotts\u00e1g \u2013 minden r\u00e9gi\u00f3 \u00e9rintett | AllasOrias.hu | H\u00edrek-lapszemle","og:description":"2019-ben is Budapesten \u00e9s Nyugat-Dun\u00e1nt\u00falon volt a legkedvez\u0151bb a foglalkoztat\u00e1si helyzet (74 \u00e9s 73,8 sz\u00e1zal\u00e9k), a legnagyobb n\u00f6veked\u00e9st pedig Pest r\u00e9gi\u00f3ban m\u00e9rt\u00e9k (1,4 sz\u00e1zal\u00e9kpont), ahol ennek k\u00f6sz\u00f6nhet\u0151en 72 sz\u00e1zal\u00e9kra n\u0151tt a foglalkoztat\u00e1si r\u00e1ta, der\u00fclt ki a KSH kiadv\u00e1ny\u00e1b\u00f3l, amit a Portfolio szeml\u00e9zett. A foglalkoztat\u00e1s \u00e1ltal\u00e1nos n\u00f6veked\u00e9s ellen\u00e9re tov\u00e1bbra is D\u00e9l-Dun\u00e1nt\u00falon (65,4 sz\u00e1zal\u00e9k), \u00c9szak-Magyarorsz\u00e1gon (66,1 sz\u00e1zal\u00e9k)","og:url":"https:\/\/allasorias.hu\/hirek\/valtozo-foglalkoztatottsag-minden-regio-erintett\/","og:image":"https:\/\/allasorias.hu\/hirek\/wp-content\/uploads\/2020\/07\/O70IZ80.jpg","og:image:secure_url":"https:\/\/allasorias.hu\/hirek\/wp-content\/uploads\/2020\/07\/O70IZ80.jpg","og:image:width":465,"og:image:height":310,"article:published_time":"2020-07-07T08:05:35+00:00","article:modified_time":"2020-07-07T08:05:35+00:00","article:publisher":"https:\/\/www.facebook.com\/allasorias","twitter:card":"summary_large_image","twitter:title":"V\u00e1ltoz\u00f3 foglalkoztatotts\u00e1g \u2013 minden r\u00e9gi\u00f3 \u00e9rintett | AllasOrias.hu | H\u00edrek-lapszemle","twitter:description":"2019-ben is Budapesten \u00e9s Nyugat-Dun\u00e1nt\u00falon volt a legkedvez\u0151bb a foglalkoztat\u00e1si helyzet (74 \u00e9s 73,8 sz\u00e1zal\u00e9k), a legnagyobb n\u00f6veked\u00e9st pedig Pest r\u00e9gi\u00f3ban m\u00e9rt\u00e9k (1,4 sz\u00e1zal\u00e9kpont), ahol ennek k\u00f6sz\u00f6nhet\u0151en 72 sz\u00e1zal\u00e9kra n\u0151tt a foglalkoztat\u00e1si r\u00e1ta, der\u00fclt ki a KSH kiadv\u00e1ny\u00e1b\u00f3l, amit a Portfolio szeml\u00e9zett. A foglalkoztat\u00e1s \u00e1ltal\u00e1nos n\u00f6veked\u00e9s ellen\u00e9re tov\u00e1bbra is D\u00e9l-Dun\u00e1nt\u00falon (65,4 sz\u00e1zal\u00e9k), \u00c9szak-Magyarorsz\u00e1gon (66,1 sz\u00e1zal\u00e9k)","twitter:image":"https:\/\/allasorias.hu\/hirek\/wp-content\/uploads\/2020\/07\/O70IZ80.jpg","twitter:label1":"Written by","twitter:data1":"Juh\u00e1sz P\u00e9ter","twitter:label2":"Est. reading time","twitter:data2":"3 minutes"},"aioseo_meta_data":{"post_id":"4099","title":null,"description":null,"keywords":null,"keyphrases":null,"primary_term":null,"canonical_url":null,"og_title":null,"og_description":null,"og_object_type":"default","og_image_type":"default","og_image_url":null,"og_image_width":null,"og_image_height":null,"og_image_custom_url":null,"og_image_custom_fields":null,"og_video":null,"og_custom_url":null,"og_article_section":null,"og_article_tags":null,"twitter_use_og":false,"twitter_card":"default","twitter_image_type":"default","twitter_image_url":null,"twitter_image_custom_url":null,"twitter_image_custom_fields":null,"twitter_title":null,"twitter_description":null,"schema":{"blockGraphs":[],"customGraphs":[],"default":{"data":{"Article":[],"Course":[],"Dataset":[],"FAQPage":[],"Movie":[],"Person":[],"Product":[],"ProductReview":[],"Car":[],"Recipe":[],"Service":[],"SoftwareApplication":[],"WebPage":[]},"graphName":"","isEnabled":true},"graphs":[]},"schema_type":null,"schema_type_options":null,"pillar_content":false,"robots_default":true,"robots_noindex":false,"robots_noarchive":false,"robots_nosnippet":false,"robots_nofollow":false,"robots_noimageindex":false,"robots_noodp":false,"robots_notranslate":false,"robots_max_snippet":null,"robots_max_videopreview":null,"robots_max_imagepreview":"large","priority":null,"frequency":null,"location":null,"local_seo":null,"breadcrumb_settings":null,"limit_modified_date":false,"ai":null,"created":"2021-02-01 21:13:45","updated":"2025-10-02 14:01:25","seo_analyzer_scan_date":null,"focus_keyword":null,"additional_keywords":null,"truseo_locale":null},"aioseo_breadcrumb":"<div class=\"aioseo-breadcrumbs\"><span class=\"aioseo-breadcrumb\">\n\t\t\t<a href=\"https:\/\/allasorias.hu\/hirek\" title=\"Home\">Home<\/a>\n\t\t<\/span><span class=\"aioseo-breadcrumb-separator\">&raquo;<\/span><span class=\"aioseo-breadcrumb\">\n\t\t\t<a href=\"https:\/\/allasorias.hu\/hirek\/temak\/gazdasag\/\" title=\"Gazdas\u00e1g\">Gazdas\u00e1g<\/a>\n\t\t<\/span><span class=\"aioseo-breadcrumb-separator\">&raquo;<\/span><span class=\"aioseo-breadcrumb\">\n\t\t\tV\u00e1ltoz\u00f3 foglalkoztatotts\u00e1g \u2013 minden r\u00e9gi\u00f3 \u00e9rintett\n\t\t<\/span><\/div>","aioseo_breadcrumb_json":[{"label":"Home","link":"https:\/\/allasorias.hu\/hirek"},{"label":"Gazdas\u00e1g","link":"https:\/\/allasorias.hu\/hirek\/temak\/gazdasag\/"},{"label":"V\u00e1ltoz\u00f3 foglalkoztatotts\u00e1g \u2013 minden r\u00e9gi\u00f3 \u00e9rintett","link":"https:\/\/allasorias.hu\/hirek\/valtozo-foglalkoztatottsag-minden-regio-erintett\/"}],"_links":{"self":[{"href":"https:\/\/allasorias.hu\/hirek\/wp-json\/wp\/v2\/posts\/4099","targetHints":{"allow":["GET"]}}],"collection":[{"href":"https:\/\/allasorias.hu\/hirek\/wp-json\/wp\/v2\/posts"}],"about":[{"href":"https:\/\/allasorias.hu\/hirek\/wp-json\/wp\/v2\/types\/post"}],"author":[{"embeddable":true,"href":"https:\/\/allasorias.hu\/hirek\/wp-json\/wp\/v2\/users\/1"}],"replies":[{"embeddable":true,"href":"https:\/\/allasorias.hu\/hirek\/wp-json\/wp\/v2\/comments?post=4099"}],"version-history":[{"count":1,"href":"https:\/\/allasorias.hu\/hirek\/wp-json\/wp\/v2\/posts\/4099\/revisions"}],"predecessor-version":[{"id":4101,"href":"https:\/\/allasorias.hu\/hirek\/wp-json\/wp\/v2\/posts\/4099\/revisions\/4101"}],"wp:featuredmedia":[{"embeddable":true,"href":"https:\/\/allasorias.hu\/hirek\/wp-json\/wp\/v2\/media\/4100"}],"wp:attachment":[{"href":"https:\/\/allasorias.hu\/hirek\/wp-json\/wp\/v2\/media?parent=4099"}],"wp:term":[{"taxonomy":"category","embeddable":true,"href":"https:\/\/allasorias.hu\/hirek\/wp-json\/wp\/v2\/categories?post=4099"},{"taxonomy":"post_tag","embeddable":true,"href":"https:\/\/allasorias.hu\/hirek\/wp-json\/wp\/v2\/tags?post=4099"}],"curies":[{"name":"wp","href":"https:\/\/api.w.org\/{rel}","templated":true}]}}