{"id":4095,"date":"2020-07-03T08:14:43","date_gmt":"2020-07-03T08:14:43","guid":{"rendered":"https:\/\/allasorias.hu\/hirek\/?p=4095"},"modified":"2020-07-03T08:14:43","modified_gmt":"2020-07-03T08:14:43","slug":"alacsony-a-magyar-munkanelkulisegi-rata","status":"publish","type":"post","link":"https:\/\/allasorias.hu\/hirek\/alacsony-a-magyar-munkanelkulisegi-rata\/","title":{"rendered":"Alacsony a magyar munkan\u00e9lk\u00fclis\u00e9gi r\u00e1ta"},"content":{"rendered":"<p><strong>Az MNB leg\u00fajabb el\u0151rejelz\u00e9sei szerint a gazdas\u00e1gi k\u00f6rnyezet normaliz\u00e1l\u00f3d\u00e1s\u00e1val j\u00f6v\u0151re \u00fajra visszat\u00e9rhet a k\u00f6zel k\u00e9tsz\u00e1mjegy\u0171 b\u00e9rdinamika a versenyszf\u00e9r\u00e1ban. Az Eurostat legfrissebb statisztik\u00e1i alapj\u00e1n a munkan\u00e9lk\u00fclis\u00e9gi r\u00e1ta Magyarorsz\u00e1gon az egyik legalacsonyabb az EU orsz\u00e1gok k\u00f6z\u00fcl. <\/strong><\/p>\n<p>Ez azzal magyar\u00e1zhat\u00f3, hogy a j\u00e1rv\u00e1ny er\u0151s, eg\u00e9szs\u00e9ges \u00e1llapot\u00e1ban \u00e9rte a hazai munkaer\u0151piacot, mik\u00f6zben a gazdas\u00e1gi n\u00f6veked\u00e9s is kiegyens\u00falyozottan, sz\u00e9les b\u00e1zison val\u00f3sult meg. Nagyon sokat sz\u00e1m\u00edtott az is, hogy rendk\u00edv\u00fcl gyorsan reag\u00e1lt a korm\u00e1ny \u00e9s siker\u00fclt alacsony szinten tartani a fert\u0151z\u00e9ssz\u00e1mot. Ennek k\u00f6sz\u00f6nhet\u0151en megval\u00f3sulhatott a gazdas\u00e1g gyorsabb \u00fajranyit\u00e1sa a sz\u00fcks\u00e9ges eg\u00e9szs\u00e9g\u00fcgyi v\u00e9d\u0151int\u00e9zked\u00e9sek mellett. A Deep Knowledge Group m\u00e9lyelemz\u00e9se alapj\u00e1n Magyarorsz\u00e1gon rendk\u00edv\u00fcl hat\u00e9kony volt a j\u00e1rv\u00e1nyhelyzet kezel\u00e9se. Az Eur\u00f3pai Uni\u00f3ban a negyedik helyet \u00e9rte el haz\u00e1nk e tekintetben. Ennek eredm\u00e9nyek\u00e9ppen a GDP n\u00f6veked\u00e9si \u00e1ldozat is j\u00f3val kisebb. A GDP 18-20 sz\u00e1zal\u00e9k\u00e1t el\u00e9r\u0151 jegybanki \u00e9s korm\u00e1nyzati int\u00e9zked\u00e9sek gyors alkalmaz\u00e1sa szint\u00e9n munkahelyek sz\u00e1zezreit mentette meg. R\u00f6vid\u00edtett munkaid\u0151s munkav\u00e9gz\u00e9s, t\u00f6rleszt\u00e9si morat\u00f3rium, NHP Hajr\u00e1, v\u00e1llalati \u00e9s banki likvidit\u00e1sjav\u00edt\u00f3 programok. Csak n\u00e9h\u00e1ny a legfontosabb int\u00e9zked\u00e9sek k\u00f6z\u00fcl. A neheze m\u00e1r m\u00f6g\u00f6tt\u00fcnk van. Az MNB felm\u00e9r\u00e9se alapj\u00e1n a legnehezebb h\u00f3napok m\u00e1r m\u00f6g\u00f6tt\u00fcnk vannak. A turizmus kiv\u00e9tel\u00e9vel elkezd\u0151d\u00f6tt a kil\u00e1bal\u00e1si folyamat az egyes \u00e1gazatokban. A j\u00e1rv\u00e1ny ideje alatt nagys\u00e1grendileg 100-150 ezer ember vesz\u00edtette el az \u00e1ll\u00e1s\u00e1t. A m\u00e9lypont \u00e1prilis t\u00e1j\u00e9k\u00e1ra tehet\u0151. Az ESI felm\u00e9r\u00e9s alapj\u00e1n m\u00e1jusban a v\u00e1llalatok t\u00f6bbs\u00e9ge az \u00e1prilisi h\u00f3napn\u00e1l m\u00e1r kisebb m\u00e9rt\u00e9kben, de tov\u00e1bbra is l\u00e9tsz\u00e1mcs\u00f6kkent\u00e9st tervezett. A gazdas\u00e1g \u00fajranyit\u00e1s\u00e1val azonban hamarosan elkezdhet normaliz\u00e1l\u00f3dhat a munkaer\u0151piaci helyzet. Az internetes Google keres\u00e9sek is azt mutatj\u00e1k, hogy m\u00e1r egyre kevesebben keresnek r\u00e1 a felhaszn\u00e1l\u00f3k a \u201emunkan\u00e9lk\u00fcli seg\u00e9ly\u201d vagy az \u201e\u00e1ll\u00e1skeres\u00e9si j\u00e1rad\u00e9k\u201d kifejez\u00e9sre. A munkan\u00e9lk\u00fclis\u00e9ghez kapcsol\u00f3d\u00f3 Google-keres\u00e9sek m\u00e1rcius v\u00e9g\u00e9n, \u00e1prilis elej\u00e9n tet\u0151ztek. A Magyar Nemzeti Bank el\u0151rejelz\u00e9sei alapj\u00e1n a koronav\u00edrus csak k\u00e9sleltette, de nem \u00e1ll\u00edtotta le a hazai gyors b\u00e9remelked\u00e9si \u00fctemet. A brutt\u00f3 keresetek a versenyszf\u00e9r\u00e1ban id\u00e9n 5,3-6,4 sz\u00e1zal\u00e9kkal n\u00f6vekedhetnek, hiszen sz\u00e1mos v\u00e1llalkoz\u00e1s m\u00e1r az \u00e9v elej\u00e9n, a j\u00e1rv\u00e1nyhelyzet el\u0151tt megemelte a b\u00e9reket. A j\u00f3 munkaer\u0151 megtart\u00e1sa \u00e9rdek\u00e9ben a v\u00e1llalatok t\u00f6bbs\u00e9ge v\u00e9lhet\u0151en betartja ezeket a meg\u00e1llapod\u00e1sokat. A j\u00e1rv\u00e1ny ut\u00e1n az a v\u00e1llalkoz\u00e1s ker\u00fclhet ki gy\u0151ztesk\u00e9nt, aki rendelkezik a sz\u00fcks\u00e9ges, k\u00e9pzett \u00e9s m\u00e1r betan\u00edtott munkaer\u0151vel. A minim\u00e1lb\u00e9r emel\u00e9sek \u00e9s az eg\u00e9szs\u00e9g\u00fcgyi dolgoz\u00f3k b\u00e9remel\u00e9se is felfel\u00e9 seg\u00edti id\u00e9n az \u00e1tlagb\u00e9reket.J\u00f6v\u0151re a gazdas\u00e1gi k\u00f6rnyezet normaliz\u00e1l\u00f3d\u00e1s\u00e1val \u00e9s a foglalkoztatotts\u00e1g megemelked\u00e9s\u00e9vel ism\u00e9t 9,1-9,7 sz\u00e1zal\u00e9k k\u00f6z\u00e9 gyorsulhat a b\u00e9remelked\u00e9s \u00fcteme. 2021-ben pedig 7,8-8,3 sz\u00e1zal\u00e9kos b\u00e9remelked\u00e9st vizion\u00e1l a Magyar Nemzeti Bank.<\/p>\n<p>Forr\u00e1s: novekedes.hu<\/p>\n","protected":false},"excerpt":{"rendered":"<p>Az MNB leg\u00fajabb el\u0151rejelz\u00e9sei szerint a gazdas\u00e1gi k\u00f6rnyezet normaliz\u00e1l\u00f3d\u00e1s\u00e1val j\u00f6v\u0151re \u00fajra visszat\u00e9rhet a k\u00f6zel k\u00e9tsz\u00e1mjegy\u0171 b\u00e9rdinamika a versenyszf\u00e9r\u00e1ban. Az Eurostat legfrissebb statisztik\u00e1i alapj\u00e1n a munkan\u00e9lk\u00fclis\u00e9gi r\u00e1ta Magyarorsz\u00e1gon az egyik legalacsonyabb az EU orsz\u00e1gok k\u00f6z\u00fcl. Ez azzal magyar\u00e1zhat\u00f3, hogy a j\u00e1rv\u00e1ny er\u0151s, eg\u00e9szs\u00e9ges \u00e1llapot\u00e1ban \u00e9rte a hazai munkaer\u0151piacot, mik\u00f6zben a gazdas\u00e1gi n\u00f6veked\u00e9s is kiegyens\u00falyozottan, sz\u00e9les b\u00e1zison [&hellip;]<\/p>\n","protected":false},"author":1,"featured_media":4048,"comment_status":"open","ping_status":"open","sticky":false,"template":"","format":"standard","meta":{"_monsterinsights_skip_tracking":false,"footnotes":""},"categories":[198,200],"tags":[],"class_list":["post-4095","post","type-post","status-publish","format-standard","has-post-thumbnail","hentry","category-gazdasag","category-munkaeropiac"],"aioseo_notices":[],"aioseo_head":"\n\t\t<!-- All in One SEO 5.0.0.1 - aioseo.com -->\n\t<meta name=\"description\" content=\"Az MNB leg\u00fajabb el\u0151rejelz\u00e9sei szerint a gazdas\u00e1gi k\u00f6rnyezet normaliz\u00e1l\u00f3d\u00e1s\u00e1val j\u00f6v\u0151re \u00fajra visszat\u00e9rhet a k\u00f6zel k\u00e9tsz\u00e1mjegy\u0171 b\u00e9rdinamika a versenyszf\u00e9r\u00e1ban. Az Eurostat legfrissebb statisztik\u00e1i alapj\u00e1n a munkan\u00e9lk\u00fclis\u00e9gi r\u00e1ta Magyarorsz\u00e1gon az egyik legalacsonyabb az EU orsz\u00e1gok k\u00f6z\u00fcl. Ez azzal magyar\u00e1zhat\u00f3, hogy a j\u00e1rv\u00e1ny er\u0151s, eg\u00e9szs\u00e9ges \u00e1llapot\u00e1ban \u00e9rte a hazai munkaer\u0151piacot, mik\u00f6zben a gazdas\u00e1gi n\u00f6veked\u00e9s is kiegyens\u00falyozottan, sz\u00e9les b\u00e1zison\" \/>\n\t<meta name=\"robots\" content=\"max-image-preview:large\" \/>\n\t<meta name=\"author\" content=\"Juh\u00e1sz P\u00e9ter\"\/>\n\t<link rel=\"canonical\" href=\"https:\/\/allasorias.hu\/hirek\/alacsony-a-magyar-munkanelkulisegi-rata\/\" \/>\n\t<meta name=\"generator\" content=\"All in One SEO (AIOSEO) 5.0.0.1\" \/>\n\t\t<meta property=\"og:locale\" content=\"hu_HU\" \/>\n\t\t<meta property=\"og:site_name\" content=\"AllasOrias.hu | H\u00edrek-lapszemle | \u00dczleti h\u00edrek az \u00e1ll\u00e1s \u00e9s a munka vil\u00e1g\u00e1b\u00f3l\" \/>\n\t\t<meta property=\"og:type\" content=\"article\" \/>\n\t\t<meta property=\"og:title\" content=\"Alacsony a magyar munkan\u00e9lk\u00fclis\u00e9gi r\u00e1ta | AllasOrias.hu | H\u00edrek-lapszemle\" \/>\n\t\t<meta property=\"og:description\" content=\"Az MNB leg\u00fajabb el\u0151rejelz\u00e9sei szerint a gazdas\u00e1gi k\u00f6rnyezet normaliz\u00e1l\u00f3d\u00e1s\u00e1val j\u00f6v\u0151re \u00fajra visszat\u00e9rhet a k\u00f6zel k\u00e9tsz\u00e1mjegy\u0171 b\u00e9rdinamika a versenyszf\u00e9r\u00e1ban. Az Eurostat legfrissebb statisztik\u00e1i alapj\u00e1n a munkan\u00e9lk\u00fclis\u00e9gi r\u00e1ta Magyarorsz\u00e1gon az egyik legalacsonyabb az EU orsz\u00e1gok k\u00f6z\u00fcl. Ez azzal magyar\u00e1zhat\u00f3, hogy a j\u00e1rv\u00e1ny er\u0151s, eg\u00e9szs\u00e9ges \u00e1llapot\u00e1ban \u00e9rte a hazai munkaer\u0151piacot, mik\u00f6zben a gazdas\u00e1gi n\u00f6veked\u00e9s is kiegyens\u00falyozottan, sz\u00e9les b\u00e1zison\" \/>\n\t\t<meta property=\"og:url\" content=\"https:\/\/allasorias.hu\/hirek\/alacsony-a-magyar-munkanelkulisegi-rata\/\" \/>\n\t\t<meta property=\"og:image\" content=\"https:\/\/allasorias.hu\/hirek\/wp-content\/uploads\/2020\/06\/20.jpg\" \/>\n\t\t<meta property=\"og:image:secure_url\" content=\"https:\/\/allasorias.hu\/hirek\/wp-content\/uploads\/2020\/06\/20.jpg\" \/>\n\t\t<meta property=\"og:image:width\" content=\"600\" \/>\n\t\t<meta property=\"og:image:height\" content=\"401\" \/>\n\t\t<meta property=\"article:published_time\" content=\"2020-07-03T08:14:43+00:00\" \/>\n\t\t<meta property=\"article:modified_time\" content=\"2020-07-03T08:14:43+00:00\" \/>\n\t\t<meta property=\"article:publisher\" content=\"https:\/\/www.facebook.com\/allasorias\" \/>\n\t\t<meta name=\"twitter:card\" content=\"summary_large_image\" \/>\n\t\t<meta name=\"twitter:title\" content=\"Alacsony a magyar munkan\u00e9lk\u00fclis\u00e9gi r\u00e1ta | AllasOrias.hu | H\u00edrek-lapszemle\" \/>\n\t\t<meta name=\"twitter:description\" content=\"Az MNB leg\u00fajabb el\u0151rejelz\u00e9sei szerint a gazdas\u00e1gi k\u00f6rnyezet normaliz\u00e1l\u00f3d\u00e1s\u00e1val j\u00f6v\u0151re \u00fajra visszat\u00e9rhet a k\u00f6zel k\u00e9tsz\u00e1mjegy\u0171 b\u00e9rdinamika a versenyszf\u00e9r\u00e1ban. Az Eurostat legfrissebb statisztik\u00e1i alapj\u00e1n a munkan\u00e9lk\u00fclis\u00e9gi r\u00e1ta Magyarorsz\u00e1gon az egyik legalacsonyabb az EU orsz\u00e1gok k\u00f6z\u00fcl. Ez azzal magyar\u00e1zhat\u00f3, hogy a j\u00e1rv\u00e1ny er\u0151s, eg\u00e9szs\u00e9ges \u00e1llapot\u00e1ban \u00e9rte a hazai munkaer\u0151piacot, mik\u00f6zben a gazdas\u00e1gi n\u00f6veked\u00e9s is kiegyens\u00falyozottan, sz\u00e9les b\u00e1zison\" \/>\n\t\t<meta name=\"twitter:image\" content=\"https:\/\/allasorias.hu\/hirek\/wp-content\/uploads\/2020\/06\/20.jpg\" \/>\n\t\t<meta name=\"twitter:label1\" content=\"Written by\" \/>\n\t\t<meta name=\"twitter:data1\" content=\"Juh\u00e1sz P\u00e9ter\" \/>\n\t\t<meta name=\"twitter:label2\" content=\"Est. reading time\" \/>\n\t\t<meta name=\"twitter:data2\" content=\"3 minutes\" \/>\n\t\t<script type=\"application\/ld+json\" class=\"aioseo-schema\">\n\t\t\t{\"@context\":\"https:\\\/\\\/schema.org\",\"@graph\":[{\"@type\":\"Article\",\"@id\":\"https:\\\/\\\/allasorias.hu\\\/hirek\\\/alacsony-a-magyar-munkanelkulisegi-rata\\\/#article\",\"name\":\"Alacsony a magyar munkan\\u00e9lk\\u00fclis\\u00e9gi r\\u00e1ta | AllasOrias.hu | H\\u00edrek-lapszemle\",\"headline\":\"Alacsony a magyar munkan\\u00e9lk\\u00fclis\\u00e9gi r\\u00e1ta\",\"author\":{\"@id\":\"https:\\\/\\\/allasorias.hu\\\/hirek\\\/author\\\/admin-allasorias\\\/#author\"},\"publisher\":{\"@id\":\"https:\\\/\\\/allasorias.hu\\\/hirek\\\/#organization\"},\"image\":{\"@type\":\"ImageObject\",\"url\":\"https:\\\/\\\/allasorias.hu\\\/hirek\\\/wp-content\\\/uploads\\\/2020\\\/06\\\/20.jpg\",\"width\":600,\"height\":401,\"caption\":\"Business analysis, financial investment concept. Businessman, analyzing stock market report on digital tablet and laptop computer with market summary and financial graph\"},\"datePublished\":\"2020-07-03T08:14:43+02:00\",\"dateModified\":\"2020-07-03T08:14:43+02:00\",\"inLanguage\":\"hu-HU\",\"mainEntityOfPage\":{\"@id\":\"https:\\\/\\\/allasorias.hu\\\/hirek\\\/alacsony-a-magyar-munkanelkulisegi-rata\\\/#webpage\"},\"isPartOf\":{\"@id\":\"https:\\\/\\\/allasorias.hu\\\/hirek\\\/alacsony-a-magyar-munkanelkulisegi-rata\\\/#webpage\"},\"articleSection\":\"Gazdas\\u00e1g, Munkaer\\u0151piac\"},{\"@type\":\"BreadcrumbList\",\"@id\":\"https:\\\/\\\/allasorias.hu\\\/hirek\\\/alacsony-a-magyar-munkanelkulisegi-rata\\\/#breadcrumblist\",\"itemListElement\":[{\"@type\":\"ListItem\",\"@id\":\"https:\\\/\\\/allasorias.hu\\\/hirek#listItem\",\"position\":1,\"name\":\"Home\",\"item\":\"https:\\\/\\\/allasorias.hu\\\/hirek\",\"nextItem\":{\"@type\":\"ListItem\",\"@id\":\"https:\\\/\\\/allasorias.hu\\\/hirek\\\/temak\\\/gazdasag\\\/#listItem\",\"name\":\"Gazdas\\u00e1g\"}},{\"@type\":\"ListItem\",\"@id\":\"https:\\\/\\\/allasorias.hu\\\/hirek\\\/temak\\\/gazdasag\\\/#listItem\",\"position\":2,\"name\":\"Gazdas\\u00e1g\",\"item\":\"https:\\\/\\\/allasorias.hu\\\/hirek\\\/temak\\\/gazdasag\\\/\",\"nextItem\":{\"@type\":\"ListItem\",\"@id\":\"https:\\\/\\\/allasorias.hu\\\/hirek\\\/alacsony-a-magyar-munkanelkulisegi-rata\\\/#listItem\",\"name\":\"Alacsony a magyar munkan\\u00e9lk\\u00fclis\\u00e9gi r\\u00e1ta\"},\"previousItem\":{\"@type\":\"ListItem\",\"@id\":\"https:\\\/\\\/allasorias.hu\\\/hirek#listItem\",\"name\":\"Home\"}},{\"@type\":\"ListItem\",\"@id\":\"https:\\\/\\\/allasorias.hu\\\/hirek\\\/alacsony-a-magyar-munkanelkulisegi-rata\\\/#listItem\",\"position\":3,\"name\":\"Alacsony a magyar munkan\\u00e9lk\\u00fclis\\u00e9gi r\\u00e1ta\",\"previousItem\":{\"@type\":\"ListItem\",\"@id\":\"https:\\\/\\\/allasorias.hu\\\/hirek\\\/temak\\\/gazdasag\\\/#listItem\",\"name\":\"Gazdas\\u00e1g\"}}]},{\"@type\":\"Organization\",\"@id\":\"https:\\\/\\\/allasorias.hu\\\/hirek\\\/#organization\",\"name\":\"AllasOrias.hu | H\\u00edrek-lapszemle\",\"description\":\"\\u00dczleti h\\u00edrek az \\u00e1ll\\u00e1s \\u00e9s a munka vil\\u00e1g\\u00e1b\\u00f3l\",\"url\":\"https:\\\/\\\/allasorias.hu\\\/hirek\\\/\",\"logo\":{\"@type\":\"ImageObject\",\"url\":\"https:\\\/\\\/allasorias.hu\\\/hirek\\\/wp-content\\\/uploads\\\/2022\\\/10\\\/allasorias_site_facebok_logo.png\",\"@id\":\"https:\\\/\\\/allasorias.hu\\\/hirek\\\/alacsony-a-magyar-munkanelkulisegi-rata\\\/#organizationLogo\"},\"image\":{\"@id\":\"https:\\\/\\\/allasorias.hu\\\/hirek\\\/alacsony-a-magyar-munkanelkulisegi-rata\\\/#organizationLogo\"},\"sameAs\":[\"https:\\\/\\\/www.facebook.com\\\/allasorias\",\"https:\\\/\\\/www.linkedin.com\\\/company\\\/allasorias\"]},{\"@type\":\"Person\",\"@id\":\"https:\\\/\\\/allasorias.hu\\\/hirek\\\/author\\\/admin-allasorias\\\/#author\",\"url\":\"https:\\\/\\\/allasorias.hu\\\/hirek\\\/author\\\/admin-allasorias\\\/\",\"name\":\"Juh\\u00e1sz P\\u00e9ter\",\"image\":{\"@type\":\"ImageObject\",\"@id\":\"https:\\\/\\\/allasorias.hu\\\/hirek\\\/alacsony-a-magyar-munkanelkulisegi-rata\\\/#authorImage\",\"url\":\"https:\\\/\\\/secure.gravatar.com\\\/avatar\\\/36e6bcb83148978b992977cb0f54d22feb0cce8a0a849a9410532bb2623ba4c6?s=96&d=mm&r=g\",\"width\":96,\"height\":96,\"caption\":\"Juh\\u00e1sz P\\u00e9ter\"}},{\"@type\":\"WebPage\",\"@id\":\"https:\\\/\\\/allasorias.hu\\\/hirek\\\/alacsony-a-magyar-munkanelkulisegi-rata\\\/#webpage\",\"url\":\"https:\\\/\\\/allasorias.hu\\\/hirek\\\/alacsony-a-magyar-munkanelkulisegi-rata\\\/\",\"name\":\"Alacsony a magyar munkan\\u00e9lk\\u00fclis\\u00e9gi r\\u00e1ta | AllasOrias.hu | H\\u00edrek-lapszemle\",\"description\":\"Az MNB leg\\u00fajabb el\\u0151rejelz\\u00e9sei szerint a gazdas\\u00e1gi k\\u00f6rnyezet normaliz\\u00e1l\\u00f3d\\u00e1s\\u00e1val j\\u00f6v\\u0151re \\u00fajra visszat\\u00e9rhet a k\\u00f6zel k\\u00e9tsz\\u00e1mjegy\\u0171 b\\u00e9rdinamika a versenyszf\\u00e9r\\u00e1ban. Az Eurostat legfrissebb statisztik\\u00e1i alapj\\u00e1n a munkan\\u00e9lk\\u00fclis\\u00e9gi r\\u00e1ta Magyarorsz\\u00e1gon az egyik legalacsonyabb az EU orsz\\u00e1gok k\\u00f6z\\u00fcl. Ez azzal magyar\\u00e1zhat\\u00f3, hogy a j\\u00e1rv\\u00e1ny er\\u0151s, eg\\u00e9szs\\u00e9ges \\u00e1llapot\\u00e1ban \\u00e9rte a hazai munkaer\\u0151piacot, mik\\u00f6zben a gazdas\\u00e1gi n\\u00f6veked\\u00e9s is kiegyens\\u00falyozottan, sz\\u00e9les b\\u00e1zison\",\"inLanguage\":\"hu-HU\",\"isPartOf\":{\"@id\":\"https:\\\/\\\/allasorias.hu\\\/hirek\\\/#website\"},\"breadcrumb\":{\"@id\":\"https:\\\/\\\/allasorias.hu\\\/hirek\\\/alacsony-a-magyar-munkanelkulisegi-rata\\\/#breadcrumblist\"},\"author\":{\"@id\":\"https:\\\/\\\/allasorias.hu\\\/hirek\\\/author\\\/admin-allasorias\\\/#author\"},\"creator\":{\"@id\":\"https:\\\/\\\/allasorias.hu\\\/hirek\\\/author\\\/admin-allasorias\\\/#author\"},\"image\":{\"@type\":\"ImageObject\",\"url\":\"https:\\\/\\\/allasorias.hu\\\/hirek\\\/wp-content\\\/uploads\\\/2020\\\/06\\\/20.jpg\",\"@id\":\"https:\\\/\\\/allasorias.hu\\\/hirek\\\/alacsony-a-magyar-munkanelkulisegi-rata\\\/#mainImage\",\"width\":600,\"height\":401,\"caption\":\"Business analysis, financial investment concept. Businessman, analyzing stock market report on digital tablet and laptop computer with market summary and financial graph\"},\"primaryImageOfPage\":{\"@id\":\"https:\\\/\\\/allasorias.hu\\\/hirek\\\/alacsony-a-magyar-munkanelkulisegi-rata\\\/#mainImage\"},\"datePublished\":\"2020-07-03T08:14:43+02:00\",\"dateModified\":\"2020-07-03T08:14:43+02:00\"},{\"@type\":\"WebSite\",\"@id\":\"https:\\\/\\\/allasorias.hu\\\/hirek\\\/#website\",\"url\":\"https:\\\/\\\/allasorias.hu\\\/hirek\\\/\",\"name\":\"AllasOrias.hu | H\\u00edrek-lapszemle\",\"description\":\"\\u00dczleti h\\u00edrek az \\u00e1ll\\u00e1s \\u00e9s a munka vil\\u00e1g\\u00e1b\\u00f3l\",\"inLanguage\":\"hu-HU\",\"publisher\":{\"@id\":\"https:\\\/\\\/allasorias.hu\\\/hirek\\\/#organization\"}}]}\n\t\t<\/script>\n\t\t<!-- All in One SEO -->\n\n","aioseo_head_json":{"title":"Alacsony a magyar munkan\u00e9lk\u00fclis\u00e9gi r\u00e1ta | AllasOrias.hu | H\u00edrek-lapszemle","description":"Az MNB leg\u00fajabb el\u0151rejelz\u00e9sei szerint a gazdas\u00e1gi k\u00f6rnyezet normaliz\u00e1l\u00f3d\u00e1s\u00e1val j\u00f6v\u0151re \u00fajra visszat\u00e9rhet a k\u00f6zel k\u00e9tsz\u00e1mjegy\u0171 b\u00e9rdinamika a versenyszf\u00e9r\u00e1ban. Az Eurostat legfrissebb statisztik\u00e1i alapj\u00e1n a munkan\u00e9lk\u00fclis\u00e9gi r\u00e1ta Magyarorsz\u00e1gon az egyik legalacsonyabb az EU orsz\u00e1gok k\u00f6z\u00fcl. Ez azzal magyar\u00e1zhat\u00f3, hogy a j\u00e1rv\u00e1ny er\u0151s, eg\u00e9szs\u00e9ges \u00e1llapot\u00e1ban \u00e9rte a hazai munkaer\u0151piacot, mik\u00f6zben a gazdas\u00e1gi n\u00f6veked\u00e9s is kiegyens\u00falyozottan, sz\u00e9les b\u00e1zison","canonical_url":"https:\/\/allasorias.hu\/hirek\/alacsony-a-magyar-munkanelkulisegi-rata\/","robots":"max-image-preview:large","keywords":"","webmasterTools":{"miscellaneous":""},"schema":{"@context":"https:\/\/schema.org","@graph":[{"@type":"Article","@id":"https:\/\/allasorias.hu\/hirek\/alacsony-a-magyar-munkanelkulisegi-rata\/#article","name":"Alacsony a magyar munkan\u00e9lk\u00fclis\u00e9gi r\u00e1ta | AllasOrias.hu | H\u00edrek-lapszemle","headline":"Alacsony a magyar munkan\u00e9lk\u00fclis\u00e9gi r\u00e1ta","author":{"@id":"https:\/\/allasorias.hu\/hirek\/author\/admin-allasorias\/#author"},"publisher":{"@id":"https:\/\/allasorias.hu\/hirek\/#organization"},"image":{"@type":"ImageObject","url":"https:\/\/allasorias.hu\/hirek\/wp-content\/uploads\/2020\/06\/20.jpg","width":600,"height":401,"caption":"Business analysis, financial investment concept. Businessman, analyzing stock market report on digital tablet and laptop computer with market summary and financial graph"},"datePublished":"2020-07-03T08:14:43+02:00","dateModified":"2020-07-03T08:14:43+02:00","inLanguage":"hu-HU","mainEntityOfPage":{"@id":"https:\/\/allasorias.hu\/hirek\/alacsony-a-magyar-munkanelkulisegi-rata\/#webpage"},"isPartOf":{"@id":"https:\/\/allasorias.hu\/hirek\/alacsony-a-magyar-munkanelkulisegi-rata\/#webpage"},"articleSection":"Gazdas\u00e1g, Munkaer\u0151piac"},{"@type":"BreadcrumbList","@id":"https:\/\/allasorias.hu\/hirek\/alacsony-a-magyar-munkanelkulisegi-rata\/#breadcrumblist","itemListElement":[{"@type":"ListItem","@id":"https:\/\/allasorias.hu\/hirek#listItem","position":1,"name":"Home","item":"https:\/\/allasorias.hu\/hirek","nextItem":{"@type":"ListItem","@id":"https:\/\/allasorias.hu\/hirek\/temak\/gazdasag\/#listItem","name":"Gazdas\u00e1g"}},{"@type":"ListItem","@id":"https:\/\/allasorias.hu\/hirek\/temak\/gazdasag\/#listItem","position":2,"name":"Gazdas\u00e1g","item":"https:\/\/allasorias.hu\/hirek\/temak\/gazdasag\/","nextItem":{"@type":"ListItem","@id":"https:\/\/allasorias.hu\/hirek\/alacsony-a-magyar-munkanelkulisegi-rata\/#listItem","name":"Alacsony a magyar munkan\u00e9lk\u00fclis\u00e9gi r\u00e1ta"},"previousItem":{"@type":"ListItem","@id":"https:\/\/allasorias.hu\/hirek#listItem","name":"Home"}},{"@type":"ListItem","@id":"https:\/\/allasorias.hu\/hirek\/alacsony-a-magyar-munkanelkulisegi-rata\/#listItem","position":3,"name":"Alacsony a magyar munkan\u00e9lk\u00fclis\u00e9gi r\u00e1ta","previousItem":{"@type":"ListItem","@id":"https:\/\/allasorias.hu\/hirek\/temak\/gazdasag\/#listItem","name":"Gazdas\u00e1g"}}]},{"@type":"Organization","@id":"https:\/\/allasorias.hu\/hirek\/#organization","name":"AllasOrias.hu | H\u00edrek-lapszemle","description":"\u00dczleti h\u00edrek az \u00e1ll\u00e1s \u00e9s a munka vil\u00e1g\u00e1b\u00f3l","url":"https:\/\/allasorias.hu\/hirek\/","logo":{"@type":"ImageObject","url":"https:\/\/allasorias.hu\/hirek\/wp-content\/uploads\/2022\/10\/allasorias_site_facebok_logo.png","@id":"https:\/\/allasorias.hu\/hirek\/alacsony-a-magyar-munkanelkulisegi-rata\/#organizationLogo"},"image":{"@id":"https:\/\/allasorias.hu\/hirek\/alacsony-a-magyar-munkanelkulisegi-rata\/#organizationLogo"},"sameAs":["https:\/\/www.facebook.com\/allasorias","https:\/\/www.linkedin.com\/company\/allasorias"]},{"@type":"Person","@id":"https:\/\/allasorias.hu\/hirek\/author\/admin-allasorias\/#author","url":"https:\/\/allasorias.hu\/hirek\/author\/admin-allasorias\/","name":"Juh\u00e1sz P\u00e9ter","image":{"@type":"ImageObject","@id":"https:\/\/allasorias.hu\/hirek\/alacsony-a-magyar-munkanelkulisegi-rata\/#authorImage","url":"https:\/\/secure.gravatar.com\/avatar\/36e6bcb83148978b992977cb0f54d22feb0cce8a0a849a9410532bb2623ba4c6?s=96&d=mm&r=g","width":96,"height":96,"caption":"Juh\u00e1sz P\u00e9ter"}},{"@type":"WebPage","@id":"https:\/\/allasorias.hu\/hirek\/alacsony-a-magyar-munkanelkulisegi-rata\/#webpage","url":"https:\/\/allasorias.hu\/hirek\/alacsony-a-magyar-munkanelkulisegi-rata\/","name":"Alacsony a magyar munkan\u00e9lk\u00fclis\u00e9gi r\u00e1ta | AllasOrias.hu | H\u00edrek-lapszemle","description":"Az MNB leg\u00fajabb el\u0151rejelz\u00e9sei szerint a gazdas\u00e1gi k\u00f6rnyezet normaliz\u00e1l\u00f3d\u00e1s\u00e1val j\u00f6v\u0151re \u00fajra visszat\u00e9rhet a k\u00f6zel k\u00e9tsz\u00e1mjegy\u0171 b\u00e9rdinamika a versenyszf\u00e9r\u00e1ban. Az Eurostat legfrissebb statisztik\u00e1i alapj\u00e1n a munkan\u00e9lk\u00fclis\u00e9gi r\u00e1ta Magyarorsz\u00e1gon az egyik legalacsonyabb az EU orsz\u00e1gok k\u00f6z\u00fcl. Ez azzal magyar\u00e1zhat\u00f3, hogy a j\u00e1rv\u00e1ny er\u0151s, eg\u00e9szs\u00e9ges \u00e1llapot\u00e1ban \u00e9rte a hazai munkaer\u0151piacot, mik\u00f6zben a gazdas\u00e1gi n\u00f6veked\u00e9s is kiegyens\u00falyozottan, sz\u00e9les b\u00e1zison","inLanguage":"hu-HU","isPartOf":{"@id":"https:\/\/allasorias.hu\/hirek\/#website"},"breadcrumb":{"@id":"https:\/\/allasorias.hu\/hirek\/alacsony-a-magyar-munkanelkulisegi-rata\/#breadcrumblist"},"author":{"@id":"https:\/\/allasorias.hu\/hirek\/author\/admin-allasorias\/#author"},"creator":{"@id":"https:\/\/allasorias.hu\/hirek\/author\/admin-allasorias\/#author"},"image":{"@type":"ImageObject","url":"https:\/\/allasorias.hu\/hirek\/wp-content\/uploads\/2020\/06\/20.jpg","@id":"https:\/\/allasorias.hu\/hirek\/alacsony-a-magyar-munkanelkulisegi-rata\/#mainImage","width":600,"height":401,"caption":"Business analysis, financial investment concept. Businessman, analyzing stock market report on digital tablet and laptop computer with market summary and financial graph"},"primaryImageOfPage":{"@id":"https:\/\/allasorias.hu\/hirek\/alacsony-a-magyar-munkanelkulisegi-rata\/#mainImage"},"datePublished":"2020-07-03T08:14:43+02:00","dateModified":"2020-07-03T08:14:43+02:00"},{"@type":"WebSite","@id":"https:\/\/allasorias.hu\/hirek\/#website","url":"https:\/\/allasorias.hu\/hirek\/","name":"AllasOrias.hu | H\u00edrek-lapszemle","description":"\u00dczleti h\u00edrek az \u00e1ll\u00e1s \u00e9s a munka vil\u00e1g\u00e1b\u00f3l","inLanguage":"hu-HU","publisher":{"@id":"https:\/\/allasorias.hu\/hirek\/#organization"}}]},"og:locale":"hu_HU","og:site_name":"AllasOrias.hu | H\u00edrek-lapszemle | \u00dczleti h\u00edrek az \u00e1ll\u00e1s \u00e9s a munka vil\u00e1g\u00e1b\u00f3l","og:type":"article","og:title":"Alacsony a magyar munkan\u00e9lk\u00fclis\u00e9gi r\u00e1ta | AllasOrias.hu | H\u00edrek-lapszemle","og:description":"Az MNB leg\u00fajabb el\u0151rejelz\u00e9sei szerint a gazdas\u00e1gi k\u00f6rnyezet normaliz\u00e1l\u00f3d\u00e1s\u00e1val j\u00f6v\u0151re \u00fajra visszat\u00e9rhet a k\u00f6zel k\u00e9tsz\u00e1mjegy\u0171 b\u00e9rdinamika a versenyszf\u00e9r\u00e1ban. Az Eurostat legfrissebb statisztik\u00e1i alapj\u00e1n a munkan\u00e9lk\u00fclis\u00e9gi r\u00e1ta Magyarorsz\u00e1gon az egyik legalacsonyabb az EU orsz\u00e1gok k\u00f6z\u00fcl. Ez azzal magyar\u00e1zhat\u00f3, hogy a j\u00e1rv\u00e1ny er\u0151s, eg\u00e9szs\u00e9ges \u00e1llapot\u00e1ban \u00e9rte a hazai munkaer\u0151piacot, mik\u00f6zben a gazdas\u00e1gi n\u00f6veked\u00e9s is kiegyens\u00falyozottan, sz\u00e9les b\u00e1zison","og:url":"https:\/\/allasorias.hu\/hirek\/alacsony-a-magyar-munkanelkulisegi-rata\/","og:image":"https:\/\/allasorias.hu\/hirek\/wp-content\/uploads\/2020\/06\/20.jpg","og:image:secure_url":"https:\/\/allasorias.hu\/hirek\/wp-content\/uploads\/2020\/06\/20.jpg","og:image:width":600,"og:image:height":401,"article:published_time":"2020-07-03T08:14:43+00:00","article:modified_time":"2020-07-03T08:14:43+00:00","article:publisher":"https:\/\/www.facebook.com\/allasorias","twitter:card":"summary_large_image","twitter:title":"Alacsony a magyar munkan\u00e9lk\u00fclis\u00e9gi r\u00e1ta | AllasOrias.hu | H\u00edrek-lapszemle","twitter:description":"Az MNB leg\u00fajabb el\u0151rejelz\u00e9sei szerint a gazdas\u00e1gi k\u00f6rnyezet normaliz\u00e1l\u00f3d\u00e1s\u00e1val j\u00f6v\u0151re \u00fajra visszat\u00e9rhet a k\u00f6zel k\u00e9tsz\u00e1mjegy\u0171 b\u00e9rdinamika a versenyszf\u00e9r\u00e1ban. Az Eurostat legfrissebb statisztik\u00e1i alapj\u00e1n a munkan\u00e9lk\u00fclis\u00e9gi r\u00e1ta Magyarorsz\u00e1gon az egyik legalacsonyabb az EU orsz\u00e1gok k\u00f6z\u00fcl. Ez azzal magyar\u00e1zhat\u00f3, hogy a j\u00e1rv\u00e1ny er\u0151s, eg\u00e9szs\u00e9ges \u00e1llapot\u00e1ban \u00e9rte a hazai munkaer\u0151piacot, mik\u00f6zben a gazdas\u00e1gi n\u00f6veked\u00e9s is kiegyens\u00falyozottan, sz\u00e9les b\u00e1zison","twitter:image":"https:\/\/allasorias.hu\/hirek\/wp-content\/uploads\/2020\/06\/20.jpg","twitter:label1":"Written by","twitter:data1":"Juh\u00e1sz P\u00e9ter","twitter:label2":"Est. reading time","twitter:data2":"3 minutes"},"aioseo_meta_data":{"post_id":"4095","title":null,"description":null,"keywords":null,"keyphrases":null,"primary_term":null,"canonical_url":null,"og_title":null,"og_description":null,"og_object_type":"default","og_image_type":"default","og_image_url":null,"og_image_width":null,"og_image_height":null,"og_image_custom_url":null,"og_image_custom_fields":null,"og_video":null,"og_custom_url":null,"og_article_section":null,"og_article_tags":null,"twitter_use_og":false,"twitter_card":"default","twitter_image_type":"default","twitter_image_url":null,"twitter_image_custom_url":null,"twitter_image_custom_fields":null,"twitter_title":null,"twitter_description":null,"schema":{"blockGraphs":[],"customGraphs":[],"default":{"data":{"Article":[],"Course":[],"Dataset":[],"FAQPage":[],"Movie":[],"Person":[],"Product":[],"ProductReview":[],"Car":[],"Recipe":[],"Service":[],"SoftwareApplication":[],"WebPage":[]},"graphName":"","isEnabled":true},"graphs":[],"defaultGraph":"","defaultPostTypeGraph":""},"schema_type":null,"schema_type_options":null,"pillar_content":false,"robots_default":true,"robots_noindex":false,"robots_noarchive":false,"robots_nosnippet":false,"robots_nofollow":false,"robots_noimageindex":false,"robots_noodp":false,"robots_notranslate":false,"robots_max_snippet":null,"robots_max_videopreview":null,"robots_max_imagepreview":"large","priority":null,"frequency":null,"location":null,"local_seo":null,"breadcrumb_settings":null,"limit_modified_date":false,"ai":null,"created":"2021-02-01 21:13:45","updated":"2025-10-02 14:01:25","seo_analyzer_scan_date":null,"focus_keyword":null,"additional_keywords":null,"truseo_locale":null},"aioseo_breadcrumb":"<div class=\"aioseo-breadcrumbs\"><span class=\"aioseo-breadcrumb\">\n\t\t\t<a href=\"https:\/\/allasorias.hu\/hirek\" title=\"Home\">Home<\/a>\n\t\t<\/span><span class=\"aioseo-breadcrumb-separator\">&raquo;<\/span><span class=\"aioseo-breadcrumb\">\n\t\t\t<a href=\"https:\/\/allasorias.hu\/hirek\/temak\/gazdasag\/\" title=\"Gazdas\u00e1g\">Gazdas\u00e1g<\/a>\n\t\t<\/span><span class=\"aioseo-breadcrumb-separator\">&raquo;<\/span><span class=\"aioseo-breadcrumb\">\n\t\t\tAlacsony a magyar munkan\u00e9lk\u00fclis\u00e9gi r\u00e1ta\n\t\t<\/span><\/div>","aioseo_breadcrumb_json":[{"label":"Home","link":"https:\/\/allasorias.hu\/hirek"},{"label":"Gazdas\u00e1g","link":"https:\/\/allasorias.hu\/hirek\/temak\/gazdasag\/"},{"label":"Alacsony a magyar munkan\u00e9lk\u00fclis\u00e9gi r\u00e1ta","link":"https:\/\/allasorias.hu\/hirek\/alacsony-a-magyar-munkanelkulisegi-rata\/"}],"_links":{"self":[{"href":"https:\/\/allasorias.hu\/hirek\/wp-json\/wp\/v2\/posts\/4095","targetHints":{"allow":["GET"]}}],"collection":[{"href":"https:\/\/allasorias.hu\/hirek\/wp-json\/wp\/v2\/posts"}],"about":[{"href":"https:\/\/allasorias.hu\/hirek\/wp-json\/wp\/v2\/types\/post"}],"author":[{"embeddable":true,"href":"https:\/\/allasorias.hu\/hirek\/wp-json\/wp\/v2\/users\/1"}],"replies":[{"embeddable":true,"href":"https:\/\/allasorias.hu\/hirek\/wp-json\/wp\/v2\/comments?post=4095"}],"version-history":[{"count":1,"href":"https:\/\/allasorias.hu\/hirek\/wp-json\/wp\/v2\/posts\/4095\/revisions"}],"predecessor-version":[{"id":4096,"href":"https:\/\/allasorias.hu\/hirek\/wp-json\/wp\/v2\/posts\/4095\/revisions\/4096"}],"wp:featuredmedia":[{"embeddable":true,"href":"https:\/\/allasorias.hu\/hirek\/wp-json\/wp\/v2\/media\/4048"}],"wp:attachment":[{"href":"https:\/\/allasorias.hu\/hirek\/wp-json\/wp\/v2\/media?parent=4095"}],"wp:term":[{"taxonomy":"category","embeddable":true,"href":"https:\/\/allasorias.hu\/hirek\/wp-json\/wp\/v2\/categories?post=4095"},{"taxonomy":"post_tag","embeddable":true,"href":"https:\/\/allasorias.hu\/hirek\/wp-json\/wp\/v2\/tags?post=4095"}],"curies":[{"name":"wp","href":"https:\/\/api.w.org\/{rel}","templated":true}]}}