{"id":4066,"date":"2020-06-19T06:33:29","date_gmt":"2020-06-19T06:33:29","guid":{"rendered":"https:\/\/allasorias.hu\/hirek\/?p=4066"},"modified":"2020-06-19T06:33:29","modified_gmt":"2020-06-19T06:33:29","slug":"lehet-meg-palyazni-bertamogatasra","status":"publish","type":"post","link":"https:\/\/allasorias.hu\/hirek\/lehet-meg-palyazni-bertamogatasra\/","title":{"rendered":"Lehet m\u00e9g p\u00e1ly\u00e1zni b\u00e9rt\u00e1mogat\u00e1sra"},"content":{"rendered":"<p><strong>Bod\u00f3 S\u00e1ndor, az Innov\u00e1ci\u00f3s \u00e9s Technol\u00f3giai Miniszt\u00e9rium foglalkoztat\u00e1spolitik\u00e1\u00e9rt felel\u0151s \u00e1llamtitk\u00e1ra adott t\u00e1j\u00e9koztat\u00e1st a b\u00e9rt\u00e1mogat\u00e1sokr\u00f3l. Mint elmondta: m\u00e1r t\u00f6bb mint 170 ezer munkav\u00e1llal\u00f3 ut\u00e1n ig\u00e9nyeltek munkahelyv\u00e9delmi b\u00e9rt\u00e1mogat\u00e1st, amelyet a korm\u00e1ny d\u00f6nt\u00e9s\u00e9nek \u00e9rtelm\u00e9ben az \u00e9v v\u00e9g\u00e9ig lehet alkalmazni, a kapcsol\u00f3d\u00f3 k\u00e9rv\u00e9nyek 2020. augusztus 31-ig ny\u00fajthat\u00f3ak be a korm\u00e1nyhivatalokhoz.<\/strong><\/p>\n<p>Az \u00e1llamtitk\u00e1r hangs\u00falyozta: a korm\u00e1ny tov\u00e1bbra is azon dolgozik, hogy annyi \u00faj munkahelyet hozzon l\u00e9tre, amennyit a v\u00edrus t\u00f6nkretesz. A Gazdas\u00e1gv\u00e9delmi akci\u00f3terv egyik legfontosabb eszk\u00f6zek\u00e9nt ennek \u00e9rdek\u00e9ben munkahelymeg\u0151rz\u0151 \u00e9s munkahelyteremt\u0151 int\u00e9zked\u00e9seket vezettek be. A munkahelyv\u00e9delmi b\u00e9rt\u00e1mogat\u00e1si program lehet\u0151s\u00e9get biztos\u00edt a v\u00e1llalkoz\u00e1soknak arra, hogy cs\u00f6kkentett munkaid\u0151ben foglalkoztass\u00e1k munkav\u00e1llal\u00f3ikat h\u00e1rom h\u00f3napon kereszt\u00fcl, \u00e1llami t\u00e1mogat\u00e1st ig\u00e9nybe v\u00e9ve. A program ir\u00e1nt hatalmas az \u00e9rdekl\u0151d\u00e9s, a jelentkez\u0151k sz\u00e1ma folyamatosan emelkedik, eddig 14 ezer v\u00e1llalkoz\u00e1s ny\u00fajtott be k\u00e9relmet t\u00f6bb mint 170 ezer munkav\u00e1llal\u00f3 \u00e1ll\u00e1shely\u00e9nek megv\u00e9d\u00e9s\u00e9hez. A t\u00e1mogat\u00e1si ig\u00e9nyek sz\u00e1ma napr\u00f3l-napra t\u00f6bb ezerrel n\u00f6vekszik, j\u00f3l mutatva a program l\u00e9tjogosults\u00e1g\u00e1t \u00e9s sz\u00fcks\u00e9gess\u00e9g\u00e9t. Az elb\u00edr\u00e1l\u00e1s folyamatos, a korm\u00e1nyhivatalok dolgoz\u00f3i fesz\u00edtett temp\u00f3ban b\u00edr\u00e1lj\u00e1k el a k\u00e9relmeket, eddig m\u00e1r t\u00f6bb mint 150 ezer munkav\u00e1llal\u00f3 eset\u00e9ben sz\u00fcletett kedvez\u0151 t\u00e1mogat\u00f3i d\u00f6nt\u00e9s. A c\u00e9gek \u00e9s a munkav\u00e1llal\u00f3k k\u00f6z\u00f6sen dolgoz\u00f3nk\u00e9nt \u00e1tlagosan t\u00f6bb mint 165 ezer forint \u00e1llami t\u00e1mogat\u00e1sra p\u00e1ly\u00e1ztak. A legnagyobb ar\u00e1nyban a feldolgoz\u00f3ipar, a kereskedelem, a g\u00e9pj\u00e1rm\u0171jav\u00edt\u00e1s, a sz\u00e1ll\u00e1shely-szolg\u00e1ltat\u00e1s, vend\u00e9gl\u00e1t\u00e1s, a sz\u00e1ll\u00edt\u00e1s, rakt\u00e1roz\u00e1s \u00e9s a szakmai, tudom\u00e1nyos, m\u0171szaki tev\u00e9kenys\u00e9g \u00e1gazatok v\u00e1llalkoz\u00e1sai r\u00e9szes\u00fclnek t\u00e1mogat\u00e1sban. A tapasztalatok szerint a c\u00e9gek \u2013 mikrov\u00e1llalkoz\u00e1sokt\u00f3l a nagyv\u00e1llalatokig \u2013 \u00e1tlagosan t\u00f6bb mint 2 milli\u00f3 forint t\u00e1mogat\u00e1st ig\u00e9nyelnek a statisztikai l\u00e9tsz\u00e1muk t\u00f6bb mint fel\u00e9re. Bod\u00f3 S\u00e1ndor hozz\u00e1tette: \u201caz Innov\u00e1ci\u00f3s \u00e9s Technol\u00f3giai Miniszt\u00e9rium b\u00e9rt\u00e1mogat\u00e1si programjai \u00f6sszesen t\u00f6bb mint 200 ezer munkav\u00e1llal\u00f3n seg\u00edtenek. Az \u00e1ltal\u00e1nos munkahelyv\u00e9delmi b\u00e9rt\u00e1mogat\u00e1s mellett n\u00e9pszer\u0171ek a kutat\u00e1s-fejleszt\u00e9si \u00e9s innov\u00e1ci\u00f3s munkak\u00f6r\u00f6kben dolgoz\u00f3kra c\u00e9lzott \u00e9s az \u00e1ll\u00e1skeres\u0151k \u00fajb\u00f3li munk\u00e1ba \u00e1ll\u00e1s\u00e1hoz hozz\u00e1j\u00e1rul\u00f3 munkahelyteremt\u0151 b\u00e9rt\u00e1mogat\u00e1sok is\u201c.<\/p>\n<p>Forr\u00e1s: azuzlet.hu<\/p>\n<p>&nbsp;<\/p>\n","protected":false},"excerpt":{"rendered":"<p>Bod\u00f3 S\u00e1ndor, az Innov\u00e1ci\u00f3s \u00e9s Technol\u00f3giai Miniszt\u00e9rium foglalkoztat\u00e1spolitik\u00e1\u00e9rt felel\u0151s \u00e1llamtitk\u00e1ra adott t\u00e1j\u00e9koztat\u00e1st a b\u00e9rt\u00e1mogat\u00e1sokr\u00f3l. Mint elmondta: m\u00e1r t\u00f6bb mint 170 ezer munkav\u00e1llal\u00f3 ut\u00e1n ig\u00e9nyeltek munkahelyv\u00e9delmi b\u00e9rt\u00e1mogat\u00e1st, amelyet a korm\u00e1ny d\u00f6nt\u00e9s\u00e9nek \u00e9rtelm\u00e9ben az \u00e9v v\u00e9g\u00e9ig lehet alkalmazni, a kapcsol\u00f3d\u00f3 k\u00e9rv\u00e9nyek 2020. augusztus 31-ig ny\u00fajthat\u00f3ak be a korm\u00e1nyhivatalokhoz. Az \u00e1llamtitk\u00e1r hangs\u00falyozta: a korm\u00e1ny tov\u00e1bbra is azon dolgozik, [&hellip;]<\/p>\n","protected":false},"author":1,"featured_media":2459,"comment_status":"open","ping_status":"open","sticky":false,"template":"","format":"standard","meta":{"_monsterinsights_skip_tracking":false,"footnotes":""},"categories":[198],"tags":[],"class_list":["post-4066","post","type-post","status-publish","format-standard","has-post-thumbnail","hentry","category-gazdasag"],"aioseo_notices":[],"aioseo_head":"\n\t\t<!-- All in One SEO 5.0.0.1 - aioseo.com -->\n\t<meta name=\"description\" content=\"Bod\u00f3 S\u00e1ndor, az Innov\u00e1ci\u00f3s \u00e9s Technol\u00f3giai Miniszt\u00e9rium foglalkoztat\u00e1spolitik\u00e1\u00e9rt felel\u0151s \u00e1llamtitk\u00e1ra adott t\u00e1j\u00e9koztat\u00e1st a b\u00e9rt\u00e1mogat\u00e1sokr\u00f3l. Mint elmondta: m\u00e1r t\u00f6bb mint 170 ezer munkav\u00e1llal\u00f3 ut\u00e1n ig\u00e9nyeltek munkahelyv\u00e9delmi b\u00e9rt\u00e1mogat\u00e1st, amelyet a korm\u00e1ny d\u00f6nt\u00e9s\u00e9nek \u00e9rtelm\u00e9ben az \u00e9v v\u00e9g\u00e9ig lehet alkalmazni, a kapcsol\u00f3d\u00f3 k\u00e9rv\u00e9nyek 2020. augusztus 31-ig ny\u00fajthat\u00f3ak be a korm\u00e1nyhivatalokhoz. Az \u00e1llamtitk\u00e1r hangs\u00falyozta: a korm\u00e1ny tov\u00e1bbra is azon dolgozik,\" \/>\n\t<meta name=\"robots\" content=\"max-image-preview:large\" \/>\n\t<meta name=\"author\" content=\"Juh\u00e1sz P\u00e9ter\"\/>\n\t<link rel=\"canonical\" href=\"https:\/\/allasorias.hu\/hirek\/lehet-meg-palyazni-bertamogatasra\/\" \/>\n\t<meta name=\"generator\" content=\"All in One SEO (AIOSEO) 5.0.0.1\" \/>\n\t\t<meta property=\"og:locale\" content=\"hu_HU\" \/>\n\t\t<meta property=\"og:site_name\" content=\"AllasOrias.hu | H\u00edrek-lapszemle | \u00dczleti h\u00edrek az \u00e1ll\u00e1s \u00e9s a munka vil\u00e1g\u00e1b\u00f3l\" \/>\n\t\t<meta property=\"og:type\" content=\"article\" \/>\n\t\t<meta property=\"og:title\" content=\"Lehet m\u00e9g p\u00e1ly\u00e1zni b\u00e9rt\u00e1mogat\u00e1sra | AllasOrias.hu | H\u00edrek-lapszemle\" \/>\n\t\t<meta property=\"og:description\" content=\"Bod\u00f3 S\u00e1ndor, az Innov\u00e1ci\u00f3s \u00e9s Technol\u00f3giai Miniszt\u00e9rium foglalkoztat\u00e1spolitik\u00e1\u00e9rt felel\u0151s \u00e1llamtitk\u00e1ra adott t\u00e1j\u00e9koztat\u00e1st a b\u00e9rt\u00e1mogat\u00e1sokr\u00f3l. Mint elmondta: m\u00e1r t\u00f6bb mint 170 ezer munkav\u00e1llal\u00f3 ut\u00e1n ig\u00e9nyeltek munkahelyv\u00e9delmi b\u00e9rt\u00e1mogat\u00e1st, amelyet a korm\u00e1ny d\u00f6nt\u00e9s\u00e9nek \u00e9rtelm\u00e9ben az \u00e9v v\u00e9g\u00e9ig lehet alkalmazni, a kapcsol\u00f3d\u00f3 k\u00e9rv\u00e9nyek 2020. augusztus 31-ig ny\u00fajthat\u00f3ak be a korm\u00e1nyhivatalokhoz. Az \u00e1llamtitk\u00e1r hangs\u00falyozta: a korm\u00e1ny tov\u00e1bbra is azon dolgozik,\" \/>\n\t\t<meta property=\"og:url\" content=\"https:\/\/allasorias.hu\/hirek\/lehet-meg-palyazni-bertamogatasra\/\" \/>\n\t\t<meta property=\"og:image\" content=\"https:\/\/allasorias.hu\/hirek\/wp-content\/uploads\/2019\/01\/pexels-photo-959816.jpeg\" \/>\n\t\t<meta property=\"og:image:secure_url\" content=\"https:\/\/allasorias.hu\/hirek\/wp-content\/uploads\/2019\/01\/pexels-photo-959816.jpeg\" \/>\n\t\t<meta property=\"og:image:width\" content=\"640\" \/>\n\t\t<meta property=\"og:image:height\" content=\"426\" \/>\n\t\t<meta property=\"article:published_time\" content=\"2020-06-19T06:33:29+00:00\" \/>\n\t\t<meta property=\"article:modified_time\" content=\"2020-06-19T06:33:29+00:00\" \/>\n\t\t<meta property=\"article:publisher\" content=\"https:\/\/www.facebook.com\/allasorias\" \/>\n\t\t<meta name=\"twitter:card\" content=\"summary_large_image\" \/>\n\t\t<meta name=\"twitter:title\" content=\"Lehet m\u00e9g p\u00e1ly\u00e1zni b\u00e9rt\u00e1mogat\u00e1sra | AllasOrias.hu | H\u00edrek-lapszemle\" \/>\n\t\t<meta name=\"twitter:description\" content=\"Bod\u00f3 S\u00e1ndor, az Innov\u00e1ci\u00f3s \u00e9s Technol\u00f3giai Miniszt\u00e9rium foglalkoztat\u00e1spolitik\u00e1\u00e9rt felel\u0151s \u00e1llamtitk\u00e1ra adott t\u00e1j\u00e9koztat\u00e1st a b\u00e9rt\u00e1mogat\u00e1sokr\u00f3l. Mint elmondta: m\u00e1r t\u00f6bb mint 170 ezer munkav\u00e1llal\u00f3 ut\u00e1n ig\u00e9nyeltek munkahelyv\u00e9delmi b\u00e9rt\u00e1mogat\u00e1st, amelyet a korm\u00e1ny d\u00f6nt\u00e9s\u00e9nek \u00e9rtelm\u00e9ben az \u00e9v v\u00e9g\u00e9ig lehet alkalmazni, a kapcsol\u00f3d\u00f3 k\u00e9rv\u00e9nyek 2020. augusztus 31-ig ny\u00fajthat\u00f3ak be a korm\u00e1nyhivatalokhoz. Az \u00e1llamtitk\u00e1r hangs\u00falyozta: a korm\u00e1ny tov\u00e1bbra is azon dolgozik,\" \/>\n\t\t<meta name=\"twitter:image\" content=\"https:\/\/allasorias.hu\/hirek\/wp-content\/uploads\/2019\/01\/pexels-photo-959816.jpeg\" \/>\n\t\t<meta name=\"twitter:label1\" content=\"Written by\" \/>\n\t\t<meta name=\"twitter:data1\" content=\"Juh\u00e1sz P\u00e9ter\" \/>\n\t\t<meta name=\"twitter:label2\" content=\"Est. reading time\" \/>\n\t\t<meta name=\"twitter:data2\" content=\"2 minutes\" \/>\n\t\t<script type=\"application\/ld+json\" class=\"aioseo-schema\">\n\t\t\t{\"@context\":\"https:\\\/\\\/schema.org\",\"@graph\":[{\"@type\":\"Article\",\"@id\":\"https:\\\/\\\/allasorias.hu\\\/hirek\\\/lehet-meg-palyazni-bertamogatasra\\\/#article\",\"name\":\"Lehet m\\u00e9g p\\u00e1ly\\u00e1zni b\\u00e9rt\\u00e1mogat\\u00e1sra | AllasOrias.hu | H\\u00edrek-lapszemle\",\"headline\":\"Lehet m\\u00e9g p\\u00e1ly\\u00e1zni b\\u00e9rt\\u00e1mogat\\u00e1sra\",\"author\":{\"@id\":\"https:\\\/\\\/allasorias.hu\\\/hirek\\\/author\\\/admin-allasorias\\\/#author\"},\"publisher\":{\"@id\":\"https:\\\/\\\/allasorias.hu\\\/hirek\\\/#organization\"},\"image\":{\"@type\":\"ImageObject\",\"url\":\"https:\\\/\\\/allasorias.hu\\\/hirek\\\/wp-content\\\/uploads\\\/2019\\\/01\\\/pexels-photo-959816.jpeg\",\"width\":640,\"height\":426},\"datePublished\":\"2020-06-19T06:33:29+02:00\",\"dateModified\":\"2020-06-19T06:33:29+02:00\",\"inLanguage\":\"hu-HU\",\"mainEntityOfPage\":{\"@id\":\"https:\\\/\\\/allasorias.hu\\\/hirek\\\/lehet-meg-palyazni-bertamogatasra\\\/#webpage\"},\"isPartOf\":{\"@id\":\"https:\\\/\\\/allasorias.hu\\\/hirek\\\/lehet-meg-palyazni-bertamogatasra\\\/#webpage\"},\"articleSection\":\"Gazdas\\u00e1g\"},{\"@type\":\"BreadcrumbList\",\"@id\":\"https:\\\/\\\/allasorias.hu\\\/hirek\\\/lehet-meg-palyazni-bertamogatasra\\\/#breadcrumblist\",\"itemListElement\":[{\"@type\":\"ListItem\",\"@id\":\"https:\\\/\\\/allasorias.hu\\\/hirek#listItem\",\"position\":1,\"name\":\"Home\",\"item\":\"https:\\\/\\\/allasorias.hu\\\/hirek\",\"nextItem\":{\"@type\":\"ListItem\",\"@id\":\"https:\\\/\\\/allasorias.hu\\\/hirek\\\/temak\\\/gazdasag\\\/#listItem\",\"name\":\"Gazdas\\u00e1g\"}},{\"@type\":\"ListItem\",\"@id\":\"https:\\\/\\\/allasorias.hu\\\/hirek\\\/temak\\\/gazdasag\\\/#listItem\",\"position\":2,\"name\":\"Gazdas\\u00e1g\",\"item\":\"https:\\\/\\\/allasorias.hu\\\/hirek\\\/temak\\\/gazdasag\\\/\",\"nextItem\":{\"@type\":\"ListItem\",\"@id\":\"https:\\\/\\\/allasorias.hu\\\/hirek\\\/lehet-meg-palyazni-bertamogatasra\\\/#listItem\",\"name\":\"Lehet m\\u00e9g p\\u00e1ly\\u00e1zni b\\u00e9rt\\u00e1mogat\\u00e1sra\"},\"previousItem\":{\"@type\":\"ListItem\",\"@id\":\"https:\\\/\\\/allasorias.hu\\\/hirek#listItem\",\"name\":\"Home\"}},{\"@type\":\"ListItem\",\"@id\":\"https:\\\/\\\/allasorias.hu\\\/hirek\\\/lehet-meg-palyazni-bertamogatasra\\\/#listItem\",\"position\":3,\"name\":\"Lehet m\\u00e9g p\\u00e1ly\\u00e1zni b\\u00e9rt\\u00e1mogat\\u00e1sra\",\"previousItem\":{\"@type\":\"ListItem\",\"@id\":\"https:\\\/\\\/allasorias.hu\\\/hirek\\\/temak\\\/gazdasag\\\/#listItem\",\"name\":\"Gazdas\\u00e1g\"}}]},{\"@type\":\"Organization\",\"@id\":\"https:\\\/\\\/allasorias.hu\\\/hirek\\\/#organization\",\"name\":\"AllasOrias.hu | H\\u00edrek-lapszemle\",\"description\":\"\\u00dczleti h\\u00edrek az \\u00e1ll\\u00e1s \\u00e9s a munka vil\\u00e1g\\u00e1b\\u00f3l\",\"url\":\"https:\\\/\\\/allasorias.hu\\\/hirek\\\/\",\"logo\":{\"@type\":\"ImageObject\",\"url\":\"https:\\\/\\\/allasorias.hu\\\/hirek\\\/wp-content\\\/uploads\\\/2022\\\/10\\\/allasorias_site_facebok_logo.png\",\"@id\":\"https:\\\/\\\/allasorias.hu\\\/hirek\\\/lehet-meg-palyazni-bertamogatasra\\\/#organizationLogo\"},\"image\":{\"@id\":\"https:\\\/\\\/allasorias.hu\\\/hirek\\\/lehet-meg-palyazni-bertamogatasra\\\/#organizationLogo\"},\"sameAs\":[\"https:\\\/\\\/www.facebook.com\\\/allasorias\",\"https:\\\/\\\/www.linkedin.com\\\/company\\\/allasorias\"]},{\"@type\":\"Person\",\"@id\":\"https:\\\/\\\/allasorias.hu\\\/hirek\\\/author\\\/admin-allasorias\\\/#author\",\"url\":\"https:\\\/\\\/allasorias.hu\\\/hirek\\\/author\\\/admin-allasorias\\\/\",\"name\":\"Juh\\u00e1sz P\\u00e9ter\",\"image\":{\"@type\":\"ImageObject\",\"@id\":\"https:\\\/\\\/allasorias.hu\\\/hirek\\\/lehet-meg-palyazni-bertamogatasra\\\/#authorImage\",\"url\":\"https:\\\/\\\/secure.gravatar.com\\\/avatar\\\/36e6bcb83148978b992977cb0f54d22feb0cce8a0a849a9410532bb2623ba4c6?s=96&d=mm&r=g\",\"width\":96,\"height\":96,\"caption\":\"Juh\\u00e1sz P\\u00e9ter\"}},{\"@type\":\"WebPage\",\"@id\":\"https:\\\/\\\/allasorias.hu\\\/hirek\\\/lehet-meg-palyazni-bertamogatasra\\\/#webpage\",\"url\":\"https:\\\/\\\/allasorias.hu\\\/hirek\\\/lehet-meg-palyazni-bertamogatasra\\\/\",\"name\":\"Lehet m\\u00e9g p\\u00e1ly\\u00e1zni b\\u00e9rt\\u00e1mogat\\u00e1sra | AllasOrias.hu | H\\u00edrek-lapszemle\",\"description\":\"Bod\\u00f3 S\\u00e1ndor, az Innov\\u00e1ci\\u00f3s \\u00e9s Technol\\u00f3giai Miniszt\\u00e9rium foglalkoztat\\u00e1spolitik\\u00e1\\u00e9rt felel\\u0151s \\u00e1llamtitk\\u00e1ra adott t\\u00e1j\\u00e9koztat\\u00e1st a b\\u00e9rt\\u00e1mogat\\u00e1sokr\\u00f3l. Mint elmondta: m\\u00e1r t\\u00f6bb mint 170 ezer munkav\\u00e1llal\\u00f3 ut\\u00e1n ig\\u00e9nyeltek munkahelyv\\u00e9delmi b\\u00e9rt\\u00e1mogat\\u00e1st, amelyet a korm\\u00e1ny d\\u00f6nt\\u00e9s\\u00e9nek \\u00e9rtelm\\u00e9ben az \\u00e9v v\\u00e9g\\u00e9ig lehet alkalmazni, a kapcsol\\u00f3d\\u00f3 k\\u00e9rv\\u00e9nyek 2020. augusztus 31-ig ny\\u00fajthat\\u00f3ak be a korm\\u00e1nyhivatalokhoz. Az \\u00e1llamtitk\\u00e1r hangs\\u00falyozta: a korm\\u00e1ny tov\\u00e1bbra is azon dolgozik,\",\"inLanguage\":\"hu-HU\",\"isPartOf\":{\"@id\":\"https:\\\/\\\/allasorias.hu\\\/hirek\\\/#website\"},\"breadcrumb\":{\"@id\":\"https:\\\/\\\/allasorias.hu\\\/hirek\\\/lehet-meg-palyazni-bertamogatasra\\\/#breadcrumblist\"},\"author\":{\"@id\":\"https:\\\/\\\/allasorias.hu\\\/hirek\\\/author\\\/admin-allasorias\\\/#author\"},\"creator\":{\"@id\":\"https:\\\/\\\/allasorias.hu\\\/hirek\\\/author\\\/admin-allasorias\\\/#author\"},\"image\":{\"@type\":\"ImageObject\",\"url\":\"https:\\\/\\\/allasorias.hu\\\/hirek\\\/wp-content\\\/uploads\\\/2019\\\/01\\\/pexels-photo-959816.jpeg\",\"@id\":\"https:\\\/\\\/allasorias.hu\\\/hirek\\\/lehet-meg-palyazni-bertamogatasra\\\/#mainImage\",\"width\":640,\"height\":426},\"primaryImageOfPage\":{\"@id\":\"https:\\\/\\\/allasorias.hu\\\/hirek\\\/lehet-meg-palyazni-bertamogatasra\\\/#mainImage\"},\"datePublished\":\"2020-06-19T06:33:29+02:00\",\"dateModified\":\"2020-06-19T06:33:29+02:00\"},{\"@type\":\"WebSite\",\"@id\":\"https:\\\/\\\/allasorias.hu\\\/hirek\\\/#website\",\"url\":\"https:\\\/\\\/allasorias.hu\\\/hirek\\\/\",\"name\":\"AllasOrias.hu | H\\u00edrek-lapszemle\",\"description\":\"\\u00dczleti h\\u00edrek az \\u00e1ll\\u00e1s \\u00e9s a munka vil\\u00e1g\\u00e1b\\u00f3l\",\"inLanguage\":\"hu-HU\",\"publisher\":{\"@id\":\"https:\\\/\\\/allasorias.hu\\\/hirek\\\/#organization\"}}]}\n\t\t<\/script>\n\t\t<!-- All in One SEO -->\n\n","aioseo_head_json":{"title":"Lehet m\u00e9g p\u00e1ly\u00e1zni b\u00e9rt\u00e1mogat\u00e1sra | AllasOrias.hu | H\u00edrek-lapszemle","description":"Bod\u00f3 S\u00e1ndor, az Innov\u00e1ci\u00f3s \u00e9s Technol\u00f3giai Miniszt\u00e9rium foglalkoztat\u00e1spolitik\u00e1\u00e9rt felel\u0151s \u00e1llamtitk\u00e1ra adott t\u00e1j\u00e9koztat\u00e1st a b\u00e9rt\u00e1mogat\u00e1sokr\u00f3l. Mint elmondta: m\u00e1r t\u00f6bb mint 170 ezer munkav\u00e1llal\u00f3 ut\u00e1n ig\u00e9nyeltek munkahelyv\u00e9delmi b\u00e9rt\u00e1mogat\u00e1st, amelyet a korm\u00e1ny d\u00f6nt\u00e9s\u00e9nek \u00e9rtelm\u00e9ben az \u00e9v v\u00e9g\u00e9ig lehet alkalmazni, a kapcsol\u00f3d\u00f3 k\u00e9rv\u00e9nyek 2020. augusztus 31-ig ny\u00fajthat\u00f3ak be a korm\u00e1nyhivatalokhoz. Az \u00e1llamtitk\u00e1r hangs\u00falyozta: a korm\u00e1ny tov\u00e1bbra is azon dolgozik,","canonical_url":"https:\/\/allasorias.hu\/hirek\/lehet-meg-palyazni-bertamogatasra\/","robots":"max-image-preview:large","keywords":"","webmasterTools":{"miscellaneous":""},"schema":{"@context":"https:\/\/schema.org","@graph":[{"@type":"Article","@id":"https:\/\/allasorias.hu\/hirek\/lehet-meg-palyazni-bertamogatasra\/#article","name":"Lehet m\u00e9g p\u00e1ly\u00e1zni b\u00e9rt\u00e1mogat\u00e1sra | AllasOrias.hu | H\u00edrek-lapszemle","headline":"Lehet m\u00e9g p\u00e1ly\u00e1zni b\u00e9rt\u00e1mogat\u00e1sra","author":{"@id":"https:\/\/allasorias.hu\/hirek\/author\/admin-allasorias\/#author"},"publisher":{"@id":"https:\/\/allasorias.hu\/hirek\/#organization"},"image":{"@type":"ImageObject","url":"https:\/\/allasorias.hu\/hirek\/wp-content\/uploads\/2019\/01\/pexels-photo-959816.jpeg","width":640,"height":426},"datePublished":"2020-06-19T06:33:29+02:00","dateModified":"2020-06-19T06:33:29+02:00","inLanguage":"hu-HU","mainEntityOfPage":{"@id":"https:\/\/allasorias.hu\/hirek\/lehet-meg-palyazni-bertamogatasra\/#webpage"},"isPartOf":{"@id":"https:\/\/allasorias.hu\/hirek\/lehet-meg-palyazni-bertamogatasra\/#webpage"},"articleSection":"Gazdas\u00e1g"},{"@type":"BreadcrumbList","@id":"https:\/\/allasorias.hu\/hirek\/lehet-meg-palyazni-bertamogatasra\/#breadcrumblist","itemListElement":[{"@type":"ListItem","@id":"https:\/\/allasorias.hu\/hirek#listItem","position":1,"name":"Home","item":"https:\/\/allasorias.hu\/hirek","nextItem":{"@type":"ListItem","@id":"https:\/\/allasorias.hu\/hirek\/temak\/gazdasag\/#listItem","name":"Gazdas\u00e1g"}},{"@type":"ListItem","@id":"https:\/\/allasorias.hu\/hirek\/temak\/gazdasag\/#listItem","position":2,"name":"Gazdas\u00e1g","item":"https:\/\/allasorias.hu\/hirek\/temak\/gazdasag\/","nextItem":{"@type":"ListItem","@id":"https:\/\/allasorias.hu\/hirek\/lehet-meg-palyazni-bertamogatasra\/#listItem","name":"Lehet m\u00e9g p\u00e1ly\u00e1zni b\u00e9rt\u00e1mogat\u00e1sra"},"previousItem":{"@type":"ListItem","@id":"https:\/\/allasorias.hu\/hirek#listItem","name":"Home"}},{"@type":"ListItem","@id":"https:\/\/allasorias.hu\/hirek\/lehet-meg-palyazni-bertamogatasra\/#listItem","position":3,"name":"Lehet m\u00e9g p\u00e1ly\u00e1zni b\u00e9rt\u00e1mogat\u00e1sra","previousItem":{"@type":"ListItem","@id":"https:\/\/allasorias.hu\/hirek\/temak\/gazdasag\/#listItem","name":"Gazdas\u00e1g"}}]},{"@type":"Organization","@id":"https:\/\/allasorias.hu\/hirek\/#organization","name":"AllasOrias.hu | H\u00edrek-lapszemle","description":"\u00dczleti h\u00edrek az \u00e1ll\u00e1s \u00e9s a munka vil\u00e1g\u00e1b\u00f3l","url":"https:\/\/allasorias.hu\/hirek\/","logo":{"@type":"ImageObject","url":"https:\/\/allasorias.hu\/hirek\/wp-content\/uploads\/2022\/10\/allasorias_site_facebok_logo.png","@id":"https:\/\/allasorias.hu\/hirek\/lehet-meg-palyazni-bertamogatasra\/#organizationLogo"},"image":{"@id":"https:\/\/allasorias.hu\/hirek\/lehet-meg-palyazni-bertamogatasra\/#organizationLogo"},"sameAs":["https:\/\/www.facebook.com\/allasorias","https:\/\/www.linkedin.com\/company\/allasorias"]},{"@type":"Person","@id":"https:\/\/allasorias.hu\/hirek\/author\/admin-allasorias\/#author","url":"https:\/\/allasorias.hu\/hirek\/author\/admin-allasorias\/","name":"Juh\u00e1sz P\u00e9ter","image":{"@type":"ImageObject","@id":"https:\/\/allasorias.hu\/hirek\/lehet-meg-palyazni-bertamogatasra\/#authorImage","url":"https:\/\/secure.gravatar.com\/avatar\/36e6bcb83148978b992977cb0f54d22feb0cce8a0a849a9410532bb2623ba4c6?s=96&d=mm&r=g","width":96,"height":96,"caption":"Juh\u00e1sz P\u00e9ter"}},{"@type":"WebPage","@id":"https:\/\/allasorias.hu\/hirek\/lehet-meg-palyazni-bertamogatasra\/#webpage","url":"https:\/\/allasorias.hu\/hirek\/lehet-meg-palyazni-bertamogatasra\/","name":"Lehet m\u00e9g p\u00e1ly\u00e1zni b\u00e9rt\u00e1mogat\u00e1sra | AllasOrias.hu | H\u00edrek-lapszemle","description":"Bod\u00f3 S\u00e1ndor, az Innov\u00e1ci\u00f3s \u00e9s Technol\u00f3giai Miniszt\u00e9rium foglalkoztat\u00e1spolitik\u00e1\u00e9rt felel\u0151s \u00e1llamtitk\u00e1ra adott t\u00e1j\u00e9koztat\u00e1st a b\u00e9rt\u00e1mogat\u00e1sokr\u00f3l. Mint elmondta: m\u00e1r t\u00f6bb mint 170 ezer munkav\u00e1llal\u00f3 ut\u00e1n ig\u00e9nyeltek munkahelyv\u00e9delmi b\u00e9rt\u00e1mogat\u00e1st, amelyet a korm\u00e1ny d\u00f6nt\u00e9s\u00e9nek \u00e9rtelm\u00e9ben az \u00e9v v\u00e9g\u00e9ig lehet alkalmazni, a kapcsol\u00f3d\u00f3 k\u00e9rv\u00e9nyek 2020. augusztus 31-ig ny\u00fajthat\u00f3ak be a korm\u00e1nyhivatalokhoz. Az \u00e1llamtitk\u00e1r hangs\u00falyozta: a korm\u00e1ny tov\u00e1bbra is azon dolgozik,","inLanguage":"hu-HU","isPartOf":{"@id":"https:\/\/allasorias.hu\/hirek\/#website"},"breadcrumb":{"@id":"https:\/\/allasorias.hu\/hirek\/lehet-meg-palyazni-bertamogatasra\/#breadcrumblist"},"author":{"@id":"https:\/\/allasorias.hu\/hirek\/author\/admin-allasorias\/#author"},"creator":{"@id":"https:\/\/allasorias.hu\/hirek\/author\/admin-allasorias\/#author"},"image":{"@type":"ImageObject","url":"https:\/\/allasorias.hu\/hirek\/wp-content\/uploads\/2019\/01\/pexels-photo-959816.jpeg","@id":"https:\/\/allasorias.hu\/hirek\/lehet-meg-palyazni-bertamogatasra\/#mainImage","width":640,"height":426},"primaryImageOfPage":{"@id":"https:\/\/allasorias.hu\/hirek\/lehet-meg-palyazni-bertamogatasra\/#mainImage"},"datePublished":"2020-06-19T06:33:29+02:00","dateModified":"2020-06-19T06:33:29+02:00"},{"@type":"WebSite","@id":"https:\/\/allasorias.hu\/hirek\/#website","url":"https:\/\/allasorias.hu\/hirek\/","name":"AllasOrias.hu | H\u00edrek-lapszemle","description":"\u00dczleti h\u00edrek az \u00e1ll\u00e1s \u00e9s a munka vil\u00e1g\u00e1b\u00f3l","inLanguage":"hu-HU","publisher":{"@id":"https:\/\/allasorias.hu\/hirek\/#organization"}}]},"og:locale":"hu_HU","og:site_name":"AllasOrias.hu | H\u00edrek-lapszemle | \u00dczleti h\u00edrek az \u00e1ll\u00e1s \u00e9s a munka vil\u00e1g\u00e1b\u00f3l","og:type":"article","og:title":"Lehet m\u00e9g p\u00e1ly\u00e1zni b\u00e9rt\u00e1mogat\u00e1sra | AllasOrias.hu | H\u00edrek-lapszemle","og:description":"Bod\u00f3 S\u00e1ndor, az Innov\u00e1ci\u00f3s \u00e9s Technol\u00f3giai Miniszt\u00e9rium foglalkoztat\u00e1spolitik\u00e1\u00e9rt felel\u0151s \u00e1llamtitk\u00e1ra adott t\u00e1j\u00e9koztat\u00e1st a b\u00e9rt\u00e1mogat\u00e1sokr\u00f3l. Mint elmondta: m\u00e1r t\u00f6bb mint 170 ezer munkav\u00e1llal\u00f3 ut\u00e1n ig\u00e9nyeltek munkahelyv\u00e9delmi b\u00e9rt\u00e1mogat\u00e1st, amelyet a korm\u00e1ny d\u00f6nt\u00e9s\u00e9nek \u00e9rtelm\u00e9ben az \u00e9v v\u00e9g\u00e9ig lehet alkalmazni, a kapcsol\u00f3d\u00f3 k\u00e9rv\u00e9nyek 2020. augusztus 31-ig ny\u00fajthat\u00f3ak be a korm\u00e1nyhivatalokhoz. Az \u00e1llamtitk\u00e1r hangs\u00falyozta: a korm\u00e1ny tov\u00e1bbra is azon dolgozik,","og:url":"https:\/\/allasorias.hu\/hirek\/lehet-meg-palyazni-bertamogatasra\/","og:image":"https:\/\/allasorias.hu\/hirek\/wp-content\/uploads\/2019\/01\/pexels-photo-959816.jpeg","og:image:secure_url":"https:\/\/allasorias.hu\/hirek\/wp-content\/uploads\/2019\/01\/pexels-photo-959816.jpeg","og:image:width":640,"og:image:height":426,"article:published_time":"2020-06-19T06:33:29+00:00","article:modified_time":"2020-06-19T06:33:29+00:00","article:publisher":"https:\/\/www.facebook.com\/allasorias","twitter:card":"summary_large_image","twitter:title":"Lehet m\u00e9g p\u00e1ly\u00e1zni b\u00e9rt\u00e1mogat\u00e1sra | AllasOrias.hu | H\u00edrek-lapszemle","twitter:description":"Bod\u00f3 S\u00e1ndor, az Innov\u00e1ci\u00f3s \u00e9s Technol\u00f3giai Miniszt\u00e9rium foglalkoztat\u00e1spolitik\u00e1\u00e9rt felel\u0151s \u00e1llamtitk\u00e1ra adott t\u00e1j\u00e9koztat\u00e1st a b\u00e9rt\u00e1mogat\u00e1sokr\u00f3l. Mint elmondta: m\u00e1r t\u00f6bb mint 170 ezer munkav\u00e1llal\u00f3 ut\u00e1n ig\u00e9nyeltek munkahelyv\u00e9delmi b\u00e9rt\u00e1mogat\u00e1st, amelyet a korm\u00e1ny d\u00f6nt\u00e9s\u00e9nek \u00e9rtelm\u00e9ben az \u00e9v v\u00e9g\u00e9ig lehet alkalmazni, a kapcsol\u00f3d\u00f3 k\u00e9rv\u00e9nyek 2020. augusztus 31-ig ny\u00fajthat\u00f3ak be a korm\u00e1nyhivatalokhoz. Az \u00e1llamtitk\u00e1r hangs\u00falyozta: a korm\u00e1ny tov\u00e1bbra is azon dolgozik,","twitter:image":"https:\/\/allasorias.hu\/hirek\/wp-content\/uploads\/2019\/01\/pexels-photo-959816.jpeg","twitter:label1":"Written by","twitter:data1":"Juh\u00e1sz P\u00e9ter","twitter:label2":"Est. reading time","twitter:data2":"2 minutes"},"aioseo_meta_data":{"post_id":"4066","title":null,"description":null,"keywords":null,"keyphrases":null,"primary_term":null,"canonical_url":null,"og_title":null,"og_description":null,"og_object_type":"default","og_image_type":"default","og_image_url":null,"og_image_width":null,"og_image_height":null,"og_image_custom_url":null,"og_image_custom_fields":null,"og_video":null,"og_custom_url":null,"og_article_section":null,"og_article_tags":null,"twitter_use_og":false,"twitter_card":"default","twitter_image_type":"default","twitter_image_url":null,"twitter_image_custom_url":null,"twitter_image_custom_fields":null,"twitter_title":null,"twitter_description":null,"schema":{"blockGraphs":[],"customGraphs":[],"default":{"data":{"Article":[],"Course":[],"Dataset":[],"FAQPage":[],"Movie":[],"Person":[],"Product":[],"ProductReview":[],"Car":[],"Recipe":[],"Service":[],"SoftwareApplication":[],"WebPage":[]},"graphName":"","isEnabled":true},"graphs":[],"defaultGraph":"","defaultPostTypeGraph":""},"schema_type":null,"schema_type_options":null,"pillar_content":false,"robots_default":true,"robots_noindex":false,"robots_noarchive":false,"robots_nosnippet":false,"robots_nofollow":false,"robots_noimageindex":false,"robots_noodp":false,"robots_notranslate":false,"robots_max_snippet":null,"robots_max_videopreview":null,"robots_max_imagepreview":"large","priority":null,"frequency":null,"location":null,"local_seo":null,"breadcrumb_settings":null,"limit_modified_date":false,"ai":null,"created":"2021-02-01 21:25:04","updated":"2025-10-02 13:55:44","seo_analyzer_scan_date":null,"focus_keyword":null,"additional_keywords":null,"truseo_locale":null},"aioseo_breadcrumb":"<div class=\"aioseo-breadcrumbs\"><span class=\"aioseo-breadcrumb\">\n\t\t\t<a href=\"https:\/\/allasorias.hu\/hirek\" title=\"Home\">Home<\/a>\n\t\t<\/span><span class=\"aioseo-breadcrumb-separator\">&raquo;<\/span><span class=\"aioseo-breadcrumb\">\n\t\t\t<a href=\"https:\/\/allasorias.hu\/hirek\/temak\/gazdasag\/\" title=\"Gazdas\u00e1g\">Gazdas\u00e1g<\/a>\n\t\t<\/span><span class=\"aioseo-breadcrumb-separator\">&raquo;<\/span><span class=\"aioseo-breadcrumb\">\n\t\t\tLehet m\u00e9g p\u00e1ly\u00e1zni b\u00e9rt\u00e1mogat\u00e1sra\n\t\t<\/span><\/div>","aioseo_breadcrumb_json":[{"label":"Home","link":"https:\/\/allasorias.hu\/hirek"},{"label":"Gazdas\u00e1g","link":"https:\/\/allasorias.hu\/hirek\/temak\/gazdasag\/"},{"label":"Lehet m\u00e9g p\u00e1ly\u00e1zni b\u00e9rt\u00e1mogat\u00e1sra","link":"https:\/\/allasorias.hu\/hirek\/lehet-meg-palyazni-bertamogatasra\/"}],"_links":{"self":[{"href":"https:\/\/allasorias.hu\/hirek\/wp-json\/wp\/v2\/posts\/4066","targetHints":{"allow":["GET"]}}],"collection":[{"href":"https:\/\/allasorias.hu\/hirek\/wp-json\/wp\/v2\/posts"}],"about":[{"href":"https:\/\/allasorias.hu\/hirek\/wp-json\/wp\/v2\/types\/post"}],"author":[{"embeddable":true,"href":"https:\/\/allasorias.hu\/hirek\/wp-json\/wp\/v2\/users\/1"}],"replies":[{"embeddable":true,"href":"https:\/\/allasorias.hu\/hirek\/wp-json\/wp\/v2\/comments?post=4066"}],"version-history":[{"count":1,"href":"https:\/\/allasorias.hu\/hirek\/wp-json\/wp\/v2\/posts\/4066\/revisions"}],"predecessor-version":[{"id":4067,"href":"https:\/\/allasorias.hu\/hirek\/wp-json\/wp\/v2\/posts\/4066\/revisions\/4067"}],"wp:featuredmedia":[{"embeddable":true,"href":"https:\/\/allasorias.hu\/hirek\/wp-json\/wp\/v2\/media\/2459"}],"wp:attachment":[{"href":"https:\/\/allasorias.hu\/hirek\/wp-json\/wp\/v2\/media?parent=4066"}],"wp:term":[{"taxonomy":"category","embeddable":true,"href":"https:\/\/allasorias.hu\/hirek\/wp-json\/wp\/v2\/categories?post=4066"},{"taxonomy":"post_tag","embeddable":true,"href":"https:\/\/allasorias.hu\/hirek\/wp-json\/wp\/v2\/tags?post=4066"}],"curies":[{"name":"wp","href":"https:\/\/api.w.org\/{rel}","templated":true}]}}