{"id":4064,"date":"2020-06-19T06:32:11","date_gmt":"2020-06-19T06:32:11","guid":{"rendered":"https:\/\/allasorias.hu\/hirek\/?p=4064"},"modified":"2020-06-19T06:32:11","modified_gmt":"2020-06-19T06:32:11","slug":"kiemelten-fontos-a-digitalis-tudas","status":"publish","type":"post","link":"https:\/\/allasorias.hu\/hirek\/kiemelten-fontos-a-digitalis-tudas\/","title":{"rendered":"Kiemelten fontos a digit\u00e1lis tud\u00e1s"},"content":{"rendered":"<p><strong>A Neumann T\u00e1rsas\u00e1g a CEPIS tagszervezetek\u00e9nt (Council of European Professional Informatics Societies) bekapcsol\u00f3dott az Eur\u00f3pai Uni\u00f3 digit\u00e1lis programjait alak\u00edt\u00f3 munkacsoportok munk\u00e1j\u00e1ba. A 29 orsz\u00e1g infokommunik\u00e1ci\u00f3s szakmai szervezeteinek k\u00f6z\u00f6ss\u00e9ge, a CEPIS 450 ezer informatikust k\u00e9pvisel, s ennek a szervezetnek az Neumann T\u00e1rsas\u00e1g 1991 \u00f3ta fontos tagja. A CEPIS digit\u00e1lis k\u00e9szs\u00e9gek fejleszt\u00e9s\u00e9\u00e9rt felel\u0151s munkacsoportja nemr\u00e9giben olyan \u00e1ll\u00e1sfoglal\u00e1st tett k\u00f6zz\u00e9 honlapj\u00e1n, amelyben tov\u00e1bbi konkr\u00e9t l\u00e9p\u00e9seket javasol az Eur\u00f3pai Bizotts\u00e1g sz\u00e1m\u00e1ra, amelyek r\u00e9v\u00e9n az uni\u00f3 t\u00e9nyleges javul\u00e1st \u00e9rhet el a digit\u00e1lis k\u00e9szs\u00e9gek elterjeszt\u00e9se ter\u00e9n.<\/strong><\/p>\n<p>Dr. Beck Gy\u00f6rgy, a Neumann T\u00e1rsas\u00e1g eln\u00f6ke a szervezet k\u00f6zlem\u00e9ny\u00e9ben felh\u00edvta a figyelmet arra, hogy a dokumentum sz\u00f6veg\u00e9t a k\u00e9sz\u00edt\u0151k egyebek mellett munkaer\u0151piaccal, szoci\u00e1lis jogokkal, innov\u00e1ci\u00f3val, kult\u00far\u00e1val, oktat\u00e1ssal foglalkoz\u00f3 EU-biztosok st\u00e1bjaival val\u00f3 egyeztet\u00e9sek nyom\u00e1n fogalmazt\u00e1k meg. Az \u00e9szrev\u00e9telek k\u00f6z\u00fcl kiemelte: \u201cNem szerencs\u00e9s, hogy a digit\u00e1lis \u00edr\u00e1stud\u00e1st vizsg\u00e1l\u00f3 uni\u00f3s kutat\u00e1sok \u00f6nbevall\u00e1son alapulnak, \u00edgy nem t\u00fckr\u00f6zik a teljes val\u00f3s\u00e1got, hiszen a felhaszn\u00e1l\u00f3k hajlamosak t\u00falbecs\u00fclni saj\u00e1t informatikai ismereteiket. Ez t\u00fckr\u00f6z\u0151dik \u00e1ll\u00e1sfoglal\u00e1sunkban is, amelyben javasoljuk, hogy a digit\u00e1lis gazdas\u00e1g \u00e9s t\u00e1rsadalom fejletts\u00e9g\u00e9t m\u00e9r\u0151, \u00e9vente publik\u00e1lt EU-s index, a DESI meg\u00e1llap\u00edt\u00e1sakor is ki kell v\u00e1ltani az \u00f6nbevall\u00e1son val\u00f3 adatokat a felhaszn\u00e1l\u00f3k val\u00f3s informatikai ismereteit t\u00fckr\u00f6z\u0151 adatokkal. \u201dA CEPIS munkacsoportja azt is fontosnak tartja, hogy egy digit\u00e1lis k\u00e9szs\u00e9gekre f\u00f3kusz\u00e1l\u00f3 fejleszt\u00e9si programmal orvosolja a probl\u00e9m\u00e1t a k\u00f6vetkez\u0151 \u00f6t \u00e9v sor\u00e1n. Ennek r\u00e9szek\u00e9nt finomhangolja a megl\u00e9v\u0151 DigComp keretrendszert, ami a digit\u00e1lis k\u00e9szs\u00e9gek oktat\u00e1s\u00e1ra \u00e9s tan\u00fas\u00edt\u00e1s\u00e1ra ir\u00e1nyul\u00f3 programokat fogja \u00f6ssze, \u00e9s fontos lenne egys\u00e9gesen akkredit\u00e1ltatni ezt a tag\u00e1llamok szintj\u00e9n is, a Digit\u00e1lis Eur\u00f3pa program keret\u00e9ben. Ez lehet alapja a pontos m\u00e9rhet\u0151s\u00e9gnek, a c\u00e9lok el\u0151zetes kit\u0171z\u00e9s\u00e9tnek, \u00e9s a k\u00e9s\u0151bbi sz\u00e1mon k\u00e9rhet\u0151s\u00e9gnek. \u201cProbl\u00e9m\u00e1s, hogy a n\u00e9pess\u00e9g egyes csoportjai, \u00edgy p\u00e9ld\u00e1ul a gyerekek, id\u0151sek, nem informatikai hivat\u00e1s\u00faak, illetve \u00e1ltal\u00e1noss\u00e1gban az eur\u00f3pai munkav\u00e1llal\u00f3k k\u00f6r\u00e9ben a digit\u00e1lis tud\u00e1sszint n\u00f6vel\u00e9s\u00e9nek \u00fcteme nem el\u00e9g gyors, noha ez k\u00fcl\u00f6n\u00f6sen fontos a munkaer\u0151piacon val\u00f3 boldogul\u00e1shoz\u201d &#8211; mondta dr. Beck Gy\u00f6rgy. A CEPIS a gyakorlati digit\u00e1lis k\u00e9szs\u00e9gek fokoz\u00e1s\u00e1t c\u00e9lz\u00f3 programok finansz\u00edroz\u00e1s\u00e1t n\u00e9gy j\u00f3l k\u00f6r\u00fcl hat\u00e1rolhat\u00f3 csoport sz\u00e1m\u00e1ra javasolja:\u00a0 a munkav\u00e1llal\u00f3k \u00e9s a kkv-k \u00f6szt\u00f6nz\u00e9se, digit\u00e1lis k\u00e9szs\u00e9gek a di\u00e1kok sz\u00e1m\u00e1ra, magas szint\u0171 digit\u00e1lis k\u00e9szs\u00e9gek megszerz\u00e9s\u00e9t az oktat\u00f3k sz\u00e1m\u00e1ra, \u00e9s a digit\u00e1lis ismereteket igazol\u00f3 tan\u00fas\u00edtv\u00e1ny megszerz\u00e9s\u00e9t a diplom\u00e1sok sz\u00e1m\u00e1ra, valamennyi polg\u00e1r digit\u00e1lis befogad\u00e1sa &#8211; azon gyakorlati k\u00e9szs\u00e9gek programj\u00e1nak finansz\u00edroz\u00e1sa, amely els\u0151sorban az id\u0151skor\u00faak sz\u00e1m\u00e1ra lehet\u0151v\u00e9 teszi a digit\u00e1lis szolg\u00e1ltat\u00e1sok ig\u00e9nybev\u00e9tel\u00e9t \u00e9s a digit\u00e1lis szakad\u00e9k megsz\u00fcntet\u00e9s\u00e9t,\u00a0 fejlett digit\u00e1lis k\u00e9szs\u00e9gek &#8211; speci\u00e1lis programok finansz\u00edroz\u00e1sa a szakemberek sz\u00e1m\u00e1ra a sz\u00fcks\u00e9ges k\u00e9szs\u00e9gek elsaj\u00e1t\u00edt\u00e1s\u00e1hoz, k\u00fcl\u00f6n\u00f6s tekintettel az adott munkak\u00f6r\u00fckh\u00f6z. A CEPIS szerint a val\u00f3s digit\u00e1lis kompetenci\u00e1k megszerz\u00e9s\u00e9t biztos\u00edt\u00f3 k\u00e9pz\u00e9si programok sikeres kivitelez\u00e9s\u00e9hez a tag\u00e1llamoknak is allok\u00e1lni kell forr\u00e1sokat ezek bevezet\u00e9s\u00e9hez, \u00e9s meg kell \u00e1llapodni arr\u00f3l is, hogy a digit\u00e1lis k\u00e9szs\u00e9gek fokoz\u00e1s\u00e1t c\u00e9l\u00fa k\u00e9pz\u00e9seket r\u00e9szben k\u00f6zp\u00e9nzb\u0151l, r\u00e9szben a munk\u00e1ltat\u00f3k k\u00f6lts\u00e9geib\u0151l kell fedezni, \u00e9s sz\u00fcks\u00e9g van konkr\u00e9t c\u00e9lok kit\u0171z\u00e9s\u00e9re is: p\u00e9ld\u00e1ul meghat\u00e1rozni, hogy egy adott \u00e9vben a munkav\u00e1llal\u00f3k mondjuk 2 sz\u00e1zal\u00e9k\u00e1nak kell megszereznie a k\u00e9pes\u00edt\u00e9st.A hat\u00e9kony lebonyol\u00edt\u00e1shoz az is elengedhetetlen, hogy a k\u00e9pz\u00e9si programokat bonyol\u00edt\u00f3 szervezetek egyszer\u0171s\u00edtett folyamaton kereszt\u00fcl f\u00e9rhessenek hozz\u00e1 a sz\u00fcks\u00e9ges t\u00e1mogat\u00e1sokhoz &#8211; h\u00edvja fel a figyelmet a Neumann T\u00e1rsas\u00e1g k\u00f6zlem\u00e9nye.<\/p>\n<p>Forr\u00e1s: hrportal.hu<\/p>\n","protected":false},"excerpt":{"rendered":"<p>A Neumann T\u00e1rsas\u00e1g a CEPIS tagszervezetek\u00e9nt (Council of European Professional Informatics Societies) bekapcsol\u00f3dott az Eur\u00f3pai Uni\u00f3 digit\u00e1lis programjait alak\u00edt\u00f3 munkacsoportok munk\u00e1j\u00e1ba. A 29 orsz\u00e1g infokommunik\u00e1ci\u00f3s szakmai szervezeteinek k\u00f6z\u00f6ss\u00e9ge, a CEPIS 450 ezer informatikust k\u00e9pvisel, s ennek a szervezetnek az Neumann T\u00e1rsas\u00e1g 1991 \u00f3ta fontos tagja. A CEPIS digit\u00e1lis k\u00e9szs\u00e9gek fejleszt\u00e9s\u00e9\u00e9rt felel\u0151s munkacsoportja nemr\u00e9giben olyan \u00e1ll\u00e1sfoglal\u00e1st [&hellip;]<\/p>\n","protected":false},"author":1,"featured_media":3931,"comment_status":"open","ping_status":"open","sticky":false,"template":"","format":"standard","meta":{"_monsterinsights_skip_tracking":false,"footnotes":""},"categories":[200],"tags":[],"class_list":["post-4064","post","type-post","status-publish","format-standard","has-post-thumbnail","hentry","category-munkaeropiac"],"aioseo_notices":[],"aioseo_head":"\n\t\t<!-- All in One SEO 5.0.0.1 - aioseo.com -->\n\t<meta name=\"description\" content=\"A Neumann T\u00e1rsas\u00e1g a CEPIS tagszervezetek\u00e9nt (Council of European Professional Informatics Societies) bekapcsol\u00f3dott az Eur\u00f3pai Uni\u00f3 digit\u00e1lis programjait alak\u00edt\u00f3 munkacsoportok munk\u00e1j\u00e1ba. A 29 orsz\u00e1g infokommunik\u00e1ci\u00f3s szakmai szervezeteinek k\u00f6z\u00f6ss\u00e9ge, a CEPIS 450 ezer informatikust k\u00e9pvisel, s ennek a szervezetnek az Neumann T\u00e1rsas\u00e1g 1991 \u00f3ta fontos tagja. A CEPIS digit\u00e1lis k\u00e9szs\u00e9gek fejleszt\u00e9s\u00e9\u00e9rt felel\u0151s munkacsoportja nemr\u00e9giben olyan \u00e1ll\u00e1sfoglal\u00e1st\" \/>\n\t<meta name=\"robots\" content=\"max-image-preview:large\" \/>\n\t<meta name=\"author\" content=\"Juh\u00e1sz P\u00e9ter\"\/>\n\t<link rel=\"canonical\" href=\"https:\/\/allasorias.hu\/hirek\/kiemelten-fontos-a-digitalis-tudas\/\" \/>\n\t<meta name=\"generator\" content=\"All in One SEO (AIOSEO) 5.0.0.1\" \/>\n\t\t<meta property=\"og:locale\" content=\"hu_HU\" \/>\n\t\t<meta property=\"og:site_name\" content=\"AllasOrias.hu | H\u00edrek-lapszemle | \u00dczleti h\u00edrek az \u00e1ll\u00e1s \u00e9s a munka vil\u00e1g\u00e1b\u00f3l\" \/>\n\t\t<meta property=\"og:type\" content=\"article\" \/>\n\t\t<meta property=\"og:title\" content=\"Kiemelten fontos a digit\u00e1lis tud\u00e1s | AllasOrias.hu | H\u00edrek-lapszemle\" \/>\n\t\t<meta property=\"og:description\" content=\"A Neumann T\u00e1rsas\u00e1g a CEPIS tagszervezetek\u00e9nt (Council of European Professional Informatics Societies) bekapcsol\u00f3dott az Eur\u00f3pai Uni\u00f3 digit\u00e1lis programjait alak\u00edt\u00f3 munkacsoportok munk\u00e1j\u00e1ba. A 29 orsz\u00e1g infokommunik\u00e1ci\u00f3s szakmai szervezeteinek k\u00f6z\u00f6ss\u00e9ge, a CEPIS 450 ezer informatikust k\u00e9pvisel, s ennek a szervezetnek az Neumann T\u00e1rsas\u00e1g 1991 \u00f3ta fontos tagja. A CEPIS digit\u00e1lis k\u00e9szs\u00e9gek fejleszt\u00e9s\u00e9\u00e9rt felel\u0151s munkacsoportja nemr\u00e9giben olyan \u00e1ll\u00e1sfoglal\u00e1st\" \/>\n\t\t<meta property=\"og:url\" content=\"https:\/\/allasorias.hu\/hirek\/kiemelten-fontos-a-digitalis-tudas\/\" \/>\n\t\t<meta property=\"og:image\" content=\"https:\/\/allasorias.hu\/hirek\/wp-content\/uploads\/2020\/04\/artificial-intelligence-3382507_1280.jpg\" \/>\n\t\t<meta property=\"og:image:secure_url\" content=\"https:\/\/allasorias.hu\/hirek\/wp-content\/uploads\/2020\/04\/artificial-intelligence-3382507_1280.jpg\" \/>\n\t\t<meta property=\"og:image:width\" content=\"1280\" \/>\n\t\t<meta property=\"og:image:height\" content=\"853\" \/>\n\t\t<meta property=\"article:published_time\" content=\"2020-06-19T06:32:11+00:00\" \/>\n\t\t<meta property=\"article:modified_time\" content=\"2020-06-19T06:32:11+00:00\" \/>\n\t\t<meta property=\"article:publisher\" content=\"https:\/\/www.facebook.com\/allasorias\" \/>\n\t\t<meta name=\"twitter:card\" content=\"summary_large_image\" \/>\n\t\t<meta name=\"twitter:title\" content=\"Kiemelten fontos a digit\u00e1lis tud\u00e1s | AllasOrias.hu | H\u00edrek-lapszemle\" \/>\n\t\t<meta name=\"twitter:description\" content=\"A Neumann T\u00e1rsas\u00e1g a CEPIS tagszervezetek\u00e9nt (Council of European Professional Informatics Societies) bekapcsol\u00f3dott az Eur\u00f3pai Uni\u00f3 digit\u00e1lis programjait alak\u00edt\u00f3 munkacsoportok munk\u00e1j\u00e1ba. A 29 orsz\u00e1g infokommunik\u00e1ci\u00f3s szakmai szervezeteinek k\u00f6z\u00f6ss\u00e9ge, a CEPIS 450 ezer informatikust k\u00e9pvisel, s ennek a szervezetnek az Neumann T\u00e1rsas\u00e1g 1991 \u00f3ta fontos tagja. A CEPIS digit\u00e1lis k\u00e9szs\u00e9gek fejleszt\u00e9s\u00e9\u00e9rt felel\u0151s munkacsoportja nemr\u00e9giben olyan \u00e1ll\u00e1sfoglal\u00e1st\" \/>\n\t\t<meta name=\"twitter:image\" content=\"https:\/\/allasorias.hu\/hirek\/wp-content\/uploads\/2020\/04\/artificial-intelligence-3382507_1280.jpg\" \/>\n\t\t<meta name=\"twitter:label1\" content=\"Written by\" \/>\n\t\t<meta name=\"twitter:data1\" content=\"Juh\u00e1sz P\u00e9ter\" \/>\n\t\t<meta name=\"twitter:label2\" content=\"Est. reading time\" \/>\n\t\t<meta name=\"twitter:data2\" content=\"4 minutes\" \/>\n\t\t<script type=\"application\/ld+json\" class=\"aioseo-schema\">\n\t\t\t{\"@context\":\"https:\\\/\\\/schema.org\",\"@graph\":[{\"@type\":\"Article\",\"@id\":\"https:\\\/\\\/allasorias.hu\\\/hirek\\\/kiemelten-fontos-a-digitalis-tudas\\\/#article\",\"name\":\"Kiemelten fontos a digit\\u00e1lis tud\\u00e1s | AllasOrias.hu | H\\u00edrek-lapszemle\",\"headline\":\"Kiemelten fontos a digit\\u00e1lis tud\\u00e1s\",\"author\":{\"@id\":\"https:\\\/\\\/allasorias.hu\\\/hirek\\\/author\\\/admin-allasorias\\\/#author\"},\"publisher\":{\"@id\":\"https:\\\/\\\/allasorias.hu\\\/hirek\\\/#organization\"},\"image\":{\"@type\":\"ImageObject\",\"url\":\"https:\\\/\\\/allasorias.hu\\\/hirek\\\/wp-content\\\/uploads\\\/2020\\\/04\\\/artificial-intelligence-3382507_1280.jpg\",\"width\":1280,\"height\":853},\"datePublished\":\"2020-06-19T06:32:11+02:00\",\"dateModified\":\"2020-06-19T06:32:11+02:00\",\"inLanguage\":\"hu-HU\",\"mainEntityOfPage\":{\"@id\":\"https:\\\/\\\/allasorias.hu\\\/hirek\\\/kiemelten-fontos-a-digitalis-tudas\\\/#webpage\"},\"isPartOf\":{\"@id\":\"https:\\\/\\\/allasorias.hu\\\/hirek\\\/kiemelten-fontos-a-digitalis-tudas\\\/#webpage\"},\"articleSection\":\"Munkaer\\u0151piac\"},{\"@type\":\"BreadcrumbList\",\"@id\":\"https:\\\/\\\/allasorias.hu\\\/hirek\\\/kiemelten-fontos-a-digitalis-tudas\\\/#breadcrumblist\",\"itemListElement\":[{\"@type\":\"ListItem\",\"@id\":\"https:\\\/\\\/allasorias.hu\\\/hirek#listItem\",\"position\":1,\"name\":\"Home\",\"item\":\"https:\\\/\\\/allasorias.hu\\\/hirek\",\"nextItem\":{\"@type\":\"ListItem\",\"@id\":\"https:\\\/\\\/allasorias.hu\\\/hirek\\\/temak\\\/munkaeropiac\\\/#listItem\",\"name\":\"Munkaer\\u0151piac\"}},{\"@type\":\"ListItem\",\"@id\":\"https:\\\/\\\/allasorias.hu\\\/hirek\\\/temak\\\/munkaeropiac\\\/#listItem\",\"position\":2,\"name\":\"Munkaer\\u0151piac\",\"item\":\"https:\\\/\\\/allasorias.hu\\\/hirek\\\/temak\\\/munkaeropiac\\\/\",\"nextItem\":{\"@type\":\"ListItem\",\"@id\":\"https:\\\/\\\/allasorias.hu\\\/hirek\\\/kiemelten-fontos-a-digitalis-tudas\\\/#listItem\",\"name\":\"Kiemelten fontos a digit\\u00e1lis tud\\u00e1s\"},\"previousItem\":{\"@type\":\"ListItem\",\"@id\":\"https:\\\/\\\/allasorias.hu\\\/hirek#listItem\",\"name\":\"Home\"}},{\"@type\":\"ListItem\",\"@id\":\"https:\\\/\\\/allasorias.hu\\\/hirek\\\/kiemelten-fontos-a-digitalis-tudas\\\/#listItem\",\"position\":3,\"name\":\"Kiemelten fontos a digit\\u00e1lis tud\\u00e1s\",\"previousItem\":{\"@type\":\"ListItem\",\"@id\":\"https:\\\/\\\/allasorias.hu\\\/hirek\\\/temak\\\/munkaeropiac\\\/#listItem\",\"name\":\"Munkaer\\u0151piac\"}}]},{\"@type\":\"Organization\",\"@id\":\"https:\\\/\\\/allasorias.hu\\\/hirek\\\/#organization\",\"name\":\"AllasOrias.hu | H\\u00edrek-lapszemle\",\"description\":\"\\u00dczleti h\\u00edrek az \\u00e1ll\\u00e1s \\u00e9s a munka vil\\u00e1g\\u00e1b\\u00f3l\",\"url\":\"https:\\\/\\\/allasorias.hu\\\/hirek\\\/\",\"logo\":{\"@type\":\"ImageObject\",\"url\":\"https:\\\/\\\/allasorias.hu\\\/hirek\\\/wp-content\\\/uploads\\\/2022\\\/10\\\/allasorias_site_facebok_logo.png\",\"@id\":\"https:\\\/\\\/allasorias.hu\\\/hirek\\\/kiemelten-fontos-a-digitalis-tudas\\\/#organizationLogo\"},\"image\":{\"@id\":\"https:\\\/\\\/allasorias.hu\\\/hirek\\\/kiemelten-fontos-a-digitalis-tudas\\\/#organizationLogo\"},\"sameAs\":[\"https:\\\/\\\/www.facebook.com\\\/allasorias\",\"https:\\\/\\\/www.linkedin.com\\\/company\\\/allasorias\"]},{\"@type\":\"Person\",\"@id\":\"https:\\\/\\\/allasorias.hu\\\/hirek\\\/author\\\/admin-allasorias\\\/#author\",\"url\":\"https:\\\/\\\/allasorias.hu\\\/hirek\\\/author\\\/admin-allasorias\\\/\",\"name\":\"Juh\\u00e1sz P\\u00e9ter\",\"image\":{\"@type\":\"ImageObject\",\"@id\":\"https:\\\/\\\/allasorias.hu\\\/hirek\\\/kiemelten-fontos-a-digitalis-tudas\\\/#authorImage\",\"url\":\"https:\\\/\\\/secure.gravatar.com\\\/avatar\\\/36e6bcb83148978b992977cb0f54d22feb0cce8a0a849a9410532bb2623ba4c6?s=96&d=mm&r=g\",\"width\":96,\"height\":96,\"caption\":\"Juh\\u00e1sz P\\u00e9ter\"}},{\"@type\":\"WebPage\",\"@id\":\"https:\\\/\\\/allasorias.hu\\\/hirek\\\/kiemelten-fontos-a-digitalis-tudas\\\/#webpage\",\"url\":\"https:\\\/\\\/allasorias.hu\\\/hirek\\\/kiemelten-fontos-a-digitalis-tudas\\\/\",\"name\":\"Kiemelten fontos a digit\\u00e1lis tud\\u00e1s | AllasOrias.hu | H\\u00edrek-lapszemle\",\"description\":\"A Neumann T\\u00e1rsas\\u00e1g a CEPIS tagszervezetek\\u00e9nt (Council of European Professional Informatics Societies) bekapcsol\\u00f3dott az Eur\\u00f3pai Uni\\u00f3 digit\\u00e1lis programjait alak\\u00edt\\u00f3 munkacsoportok munk\\u00e1j\\u00e1ba. A 29 orsz\\u00e1g infokommunik\\u00e1ci\\u00f3s szakmai szervezeteinek k\\u00f6z\\u00f6ss\\u00e9ge, a CEPIS 450 ezer informatikust k\\u00e9pvisel, s ennek a szervezetnek az Neumann T\\u00e1rsas\\u00e1g 1991 \\u00f3ta fontos tagja. A CEPIS digit\\u00e1lis k\\u00e9szs\\u00e9gek fejleszt\\u00e9s\\u00e9\\u00e9rt felel\\u0151s munkacsoportja nemr\\u00e9giben olyan \\u00e1ll\\u00e1sfoglal\\u00e1st\",\"inLanguage\":\"hu-HU\",\"isPartOf\":{\"@id\":\"https:\\\/\\\/allasorias.hu\\\/hirek\\\/#website\"},\"breadcrumb\":{\"@id\":\"https:\\\/\\\/allasorias.hu\\\/hirek\\\/kiemelten-fontos-a-digitalis-tudas\\\/#breadcrumblist\"},\"author\":{\"@id\":\"https:\\\/\\\/allasorias.hu\\\/hirek\\\/author\\\/admin-allasorias\\\/#author\"},\"creator\":{\"@id\":\"https:\\\/\\\/allasorias.hu\\\/hirek\\\/author\\\/admin-allasorias\\\/#author\"},\"image\":{\"@type\":\"ImageObject\",\"url\":\"https:\\\/\\\/allasorias.hu\\\/hirek\\\/wp-content\\\/uploads\\\/2020\\\/04\\\/artificial-intelligence-3382507_1280.jpg\",\"@id\":\"https:\\\/\\\/allasorias.hu\\\/hirek\\\/kiemelten-fontos-a-digitalis-tudas\\\/#mainImage\",\"width\":1280,\"height\":853},\"primaryImageOfPage\":{\"@id\":\"https:\\\/\\\/allasorias.hu\\\/hirek\\\/kiemelten-fontos-a-digitalis-tudas\\\/#mainImage\"},\"datePublished\":\"2020-06-19T06:32:11+02:00\",\"dateModified\":\"2020-06-19T06:32:11+02:00\"},{\"@type\":\"WebSite\",\"@id\":\"https:\\\/\\\/allasorias.hu\\\/hirek\\\/#website\",\"url\":\"https:\\\/\\\/allasorias.hu\\\/hirek\\\/\",\"name\":\"AllasOrias.hu | H\\u00edrek-lapszemle\",\"description\":\"\\u00dczleti h\\u00edrek az \\u00e1ll\\u00e1s \\u00e9s a munka vil\\u00e1g\\u00e1b\\u00f3l\",\"inLanguage\":\"hu-HU\",\"publisher\":{\"@id\":\"https:\\\/\\\/allasorias.hu\\\/hirek\\\/#organization\"}}]}\n\t\t<\/script>\n\t\t<!-- All in One SEO -->\n\n","aioseo_head_json":{"title":"Kiemelten fontos a digit\u00e1lis tud\u00e1s | AllasOrias.hu | H\u00edrek-lapszemle","description":"A Neumann T\u00e1rsas\u00e1g a CEPIS tagszervezetek\u00e9nt (Council of European Professional Informatics Societies) bekapcsol\u00f3dott az Eur\u00f3pai Uni\u00f3 digit\u00e1lis programjait alak\u00edt\u00f3 munkacsoportok munk\u00e1j\u00e1ba. A 29 orsz\u00e1g infokommunik\u00e1ci\u00f3s szakmai szervezeteinek k\u00f6z\u00f6ss\u00e9ge, a CEPIS 450 ezer informatikust k\u00e9pvisel, s ennek a szervezetnek az Neumann T\u00e1rsas\u00e1g 1991 \u00f3ta fontos tagja. A CEPIS digit\u00e1lis k\u00e9szs\u00e9gek fejleszt\u00e9s\u00e9\u00e9rt felel\u0151s munkacsoportja nemr\u00e9giben olyan \u00e1ll\u00e1sfoglal\u00e1st","canonical_url":"https:\/\/allasorias.hu\/hirek\/kiemelten-fontos-a-digitalis-tudas\/","robots":"max-image-preview:large","keywords":"","webmasterTools":{"miscellaneous":""},"schema":{"@context":"https:\/\/schema.org","@graph":[{"@type":"Article","@id":"https:\/\/allasorias.hu\/hirek\/kiemelten-fontos-a-digitalis-tudas\/#article","name":"Kiemelten fontos a digit\u00e1lis tud\u00e1s | AllasOrias.hu | H\u00edrek-lapszemle","headline":"Kiemelten fontos a digit\u00e1lis tud\u00e1s","author":{"@id":"https:\/\/allasorias.hu\/hirek\/author\/admin-allasorias\/#author"},"publisher":{"@id":"https:\/\/allasorias.hu\/hirek\/#organization"},"image":{"@type":"ImageObject","url":"https:\/\/allasorias.hu\/hirek\/wp-content\/uploads\/2020\/04\/artificial-intelligence-3382507_1280.jpg","width":1280,"height":853},"datePublished":"2020-06-19T06:32:11+02:00","dateModified":"2020-06-19T06:32:11+02:00","inLanguage":"hu-HU","mainEntityOfPage":{"@id":"https:\/\/allasorias.hu\/hirek\/kiemelten-fontos-a-digitalis-tudas\/#webpage"},"isPartOf":{"@id":"https:\/\/allasorias.hu\/hirek\/kiemelten-fontos-a-digitalis-tudas\/#webpage"},"articleSection":"Munkaer\u0151piac"},{"@type":"BreadcrumbList","@id":"https:\/\/allasorias.hu\/hirek\/kiemelten-fontos-a-digitalis-tudas\/#breadcrumblist","itemListElement":[{"@type":"ListItem","@id":"https:\/\/allasorias.hu\/hirek#listItem","position":1,"name":"Home","item":"https:\/\/allasorias.hu\/hirek","nextItem":{"@type":"ListItem","@id":"https:\/\/allasorias.hu\/hirek\/temak\/munkaeropiac\/#listItem","name":"Munkaer\u0151piac"}},{"@type":"ListItem","@id":"https:\/\/allasorias.hu\/hirek\/temak\/munkaeropiac\/#listItem","position":2,"name":"Munkaer\u0151piac","item":"https:\/\/allasorias.hu\/hirek\/temak\/munkaeropiac\/","nextItem":{"@type":"ListItem","@id":"https:\/\/allasorias.hu\/hirek\/kiemelten-fontos-a-digitalis-tudas\/#listItem","name":"Kiemelten fontos a digit\u00e1lis tud\u00e1s"},"previousItem":{"@type":"ListItem","@id":"https:\/\/allasorias.hu\/hirek#listItem","name":"Home"}},{"@type":"ListItem","@id":"https:\/\/allasorias.hu\/hirek\/kiemelten-fontos-a-digitalis-tudas\/#listItem","position":3,"name":"Kiemelten fontos a digit\u00e1lis tud\u00e1s","previousItem":{"@type":"ListItem","@id":"https:\/\/allasorias.hu\/hirek\/temak\/munkaeropiac\/#listItem","name":"Munkaer\u0151piac"}}]},{"@type":"Organization","@id":"https:\/\/allasorias.hu\/hirek\/#organization","name":"AllasOrias.hu | H\u00edrek-lapszemle","description":"\u00dczleti h\u00edrek az \u00e1ll\u00e1s \u00e9s a munka vil\u00e1g\u00e1b\u00f3l","url":"https:\/\/allasorias.hu\/hirek\/","logo":{"@type":"ImageObject","url":"https:\/\/allasorias.hu\/hirek\/wp-content\/uploads\/2022\/10\/allasorias_site_facebok_logo.png","@id":"https:\/\/allasorias.hu\/hirek\/kiemelten-fontos-a-digitalis-tudas\/#organizationLogo"},"image":{"@id":"https:\/\/allasorias.hu\/hirek\/kiemelten-fontos-a-digitalis-tudas\/#organizationLogo"},"sameAs":["https:\/\/www.facebook.com\/allasorias","https:\/\/www.linkedin.com\/company\/allasorias"]},{"@type":"Person","@id":"https:\/\/allasorias.hu\/hirek\/author\/admin-allasorias\/#author","url":"https:\/\/allasorias.hu\/hirek\/author\/admin-allasorias\/","name":"Juh\u00e1sz P\u00e9ter","image":{"@type":"ImageObject","@id":"https:\/\/allasorias.hu\/hirek\/kiemelten-fontos-a-digitalis-tudas\/#authorImage","url":"https:\/\/secure.gravatar.com\/avatar\/36e6bcb83148978b992977cb0f54d22feb0cce8a0a849a9410532bb2623ba4c6?s=96&d=mm&r=g","width":96,"height":96,"caption":"Juh\u00e1sz P\u00e9ter"}},{"@type":"WebPage","@id":"https:\/\/allasorias.hu\/hirek\/kiemelten-fontos-a-digitalis-tudas\/#webpage","url":"https:\/\/allasorias.hu\/hirek\/kiemelten-fontos-a-digitalis-tudas\/","name":"Kiemelten fontos a digit\u00e1lis tud\u00e1s | AllasOrias.hu | H\u00edrek-lapszemle","description":"A Neumann T\u00e1rsas\u00e1g a CEPIS tagszervezetek\u00e9nt (Council of European Professional Informatics Societies) bekapcsol\u00f3dott az Eur\u00f3pai Uni\u00f3 digit\u00e1lis programjait alak\u00edt\u00f3 munkacsoportok munk\u00e1j\u00e1ba. A 29 orsz\u00e1g infokommunik\u00e1ci\u00f3s szakmai szervezeteinek k\u00f6z\u00f6ss\u00e9ge, a CEPIS 450 ezer informatikust k\u00e9pvisel, s ennek a szervezetnek az Neumann T\u00e1rsas\u00e1g 1991 \u00f3ta fontos tagja. A CEPIS digit\u00e1lis k\u00e9szs\u00e9gek fejleszt\u00e9s\u00e9\u00e9rt felel\u0151s munkacsoportja nemr\u00e9giben olyan \u00e1ll\u00e1sfoglal\u00e1st","inLanguage":"hu-HU","isPartOf":{"@id":"https:\/\/allasorias.hu\/hirek\/#website"},"breadcrumb":{"@id":"https:\/\/allasorias.hu\/hirek\/kiemelten-fontos-a-digitalis-tudas\/#breadcrumblist"},"author":{"@id":"https:\/\/allasorias.hu\/hirek\/author\/admin-allasorias\/#author"},"creator":{"@id":"https:\/\/allasorias.hu\/hirek\/author\/admin-allasorias\/#author"},"image":{"@type":"ImageObject","url":"https:\/\/allasorias.hu\/hirek\/wp-content\/uploads\/2020\/04\/artificial-intelligence-3382507_1280.jpg","@id":"https:\/\/allasorias.hu\/hirek\/kiemelten-fontos-a-digitalis-tudas\/#mainImage","width":1280,"height":853},"primaryImageOfPage":{"@id":"https:\/\/allasorias.hu\/hirek\/kiemelten-fontos-a-digitalis-tudas\/#mainImage"},"datePublished":"2020-06-19T06:32:11+02:00","dateModified":"2020-06-19T06:32:11+02:00"},{"@type":"WebSite","@id":"https:\/\/allasorias.hu\/hirek\/#website","url":"https:\/\/allasorias.hu\/hirek\/","name":"AllasOrias.hu | H\u00edrek-lapszemle","description":"\u00dczleti h\u00edrek az \u00e1ll\u00e1s \u00e9s a munka vil\u00e1g\u00e1b\u00f3l","inLanguage":"hu-HU","publisher":{"@id":"https:\/\/allasorias.hu\/hirek\/#organization"}}]},"og:locale":"hu_HU","og:site_name":"AllasOrias.hu | H\u00edrek-lapszemle | \u00dczleti h\u00edrek az \u00e1ll\u00e1s \u00e9s a munka vil\u00e1g\u00e1b\u00f3l","og:type":"article","og:title":"Kiemelten fontos a digit\u00e1lis tud\u00e1s | AllasOrias.hu | H\u00edrek-lapszemle","og:description":"A Neumann T\u00e1rsas\u00e1g a CEPIS tagszervezetek\u00e9nt (Council of European Professional Informatics Societies) bekapcsol\u00f3dott az Eur\u00f3pai Uni\u00f3 digit\u00e1lis programjait alak\u00edt\u00f3 munkacsoportok munk\u00e1j\u00e1ba. A 29 orsz\u00e1g infokommunik\u00e1ci\u00f3s szakmai szervezeteinek k\u00f6z\u00f6ss\u00e9ge, a CEPIS 450 ezer informatikust k\u00e9pvisel, s ennek a szervezetnek az Neumann T\u00e1rsas\u00e1g 1991 \u00f3ta fontos tagja. A CEPIS digit\u00e1lis k\u00e9szs\u00e9gek fejleszt\u00e9s\u00e9\u00e9rt felel\u0151s munkacsoportja nemr\u00e9giben olyan \u00e1ll\u00e1sfoglal\u00e1st","og:url":"https:\/\/allasorias.hu\/hirek\/kiemelten-fontos-a-digitalis-tudas\/","og:image":"https:\/\/allasorias.hu\/hirek\/wp-content\/uploads\/2020\/04\/artificial-intelligence-3382507_1280.jpg","og:image:secure_url":"https:\/\/allasorias.hu\/hirek\/wp-content\/uploads\/2020\/04\/artificial-intelligence-3382507_1280.jpg","og:image:width":1280,"og:image:height":853,"article:published_time":"2020-06-19T06:32:11+00:00","article:modified_time":"2020-06-19T06:32:11+00:00","article:publisher":"https:\/\/www.facebook.com\/allasorias","twitter:card":"summary_large_image","twitter:title":"Kiemelten fontos a digit\u00e1lis tud\u00e1s | AllasOrias.hu | H\u00edrek-lapszemle","twitter:description":"A Neumann T\u00e1rsas\u00e1g a CEPIS tagszervezetek\u00e9nt (Council of European Professional Informatics Societies) bekapcsol\u00f3dott az Eur\u00f3pai Uni\u00f3 digit\u00e1lis programjait alak\u00edt\u00f3 munkacsoportok munk\u00e1j\u00e1ba. A 29 orsz\u00e1g infokommunik\u00e1ci\u00f3s szakmai szervezeteinek k\u00f6z\u00f6ss\u00e9ge, a CEPIS 450 ezer informatikust k\u00e9pvisel, s ennek a szervezetnek az Neumann T\u00e1rsas\u00e1g 1991 \u00f3ta fontos tagja. A CEPIS digit\u00e1lis k\u00e9szs\u00e9gek fejleszt\u00e9s\u00e9\u00e9rt felel\u0151s munkacsoportja nemr\u00e9giben olyan \u00e1ll\u00e1sfoglal\u00e1st","twitter:image":"https:\/\/allasorias.hu\/hirek\/wp-content\/uploads\/2020\/04\/artificial-intelligence-3382507_1280.jpg","twitter:label1":"Written by","twitter:data1":"Juh\u00e1sz P\u00e9ter","twitter:label2":"Est. reading time","twitter:data2":"4 minutes"},"aioseo_meta_data":{"post_id":"4064","title":null,"description":null,"keywords":null,"keyphrases":null,"primary_term":null,"canonical_url":null,"og_title":null,"og_description":null,"og_object_type":"default","og_image_type":"default","og_image_url":null,"og_image_width":null,"og_image_height":null,"og_image_custom_url":null,"og_image_custom_fields":null,"og_video":null,"og_custom_url":null,"og_article_section":null,"og_article_tags":null,"twitter_use_og":false,"twitter_card":"default","twitter_image_type":"default","twitter_image_url":null,"twitter_image_custom_url":null,"twitter_image_custom_fields":null,"twitter_title":null,"twitter_description":null,"schema":{"blockGraphs":[],"customGraphs":[],"default":{"data":{"Article":[],"Course":[],"Dataset":[],"FAQPage":[],"Movie":[],"Person":[],"Product":[],"ProductReview":[],"Car":[],"Recipe":[],"Service":[],"SoftwareApplication":[],"WebPage":[]},"graphName":"","isEnabled":true},"graphs":[],"defaultGraph":"","defaultPostTypeGraph":""},"schema_type":null,"schema_type_options":null,"pillar_content":false,"robots_default":true,"robots_noindex":false,"robots_noarchive":false,"robots_nosnippet":false,"robots_nofollow":false,"robots_noimageindex":false,"robots_noodp":false,"robots_notranslate":false,"robots_max_snippet":null,"robots_max_videopreview":null,"robots_max_imagepreview":"large","priority":null,"frequency":null,"location":null,"local_seo":null,"breadcrumb_settings":null,"limit_modified_date":false,"ai":null,"created":"2021-02-01 21:25:04","updated":"2025-10-02 13:55:44","seo_analyzer_scan_date":null,"focus_keyword":null,"additional_keywords":null,"truseo_locale":null},"aioseo_breadcrumb":"<div class=\"aioseo-breadcrumbs\"><span class=\"aioseo-breadcrumb\">\n\t\t\t<a href=\"https:\/\/allasorias.hu\/hirek\" title=\"Home\">Home<\/a>\n\t\t<\/span><span class=\"aioseo-breadcrumb-separator\">&raquo;<\/span><span class=\"aioseo-breadcrumb\">\n\t\t\t<a href=\"https:\/\/allasorias.hu\/hirek\/temak\/munkaeropiac\/\" title=\"Munkaer\u0151piac\">Munkaer\u0151piac<\/a>\n\t\t<\/span><span class=\"aioseo-breadcrumb-separator\">&raquo;<\/span><span class=\"aioseo-breadcrumb\">\n\t\t\tKiemelten fontos a digit\u00e1lis tud\u00e1s\n\t\t<\/span><\/div>","aioseo_breadcrumb_json":[{"label":"Home","link":"https:\/\/allasorias.hu\/hirek"},{"label":"Munkaer\u0151piac","link":"https:\/\/allasorias.hu\/hirek\/temak\/munkaeropiac\/"},{"label":"Kiemelten fontos a digit\u00e1lis tud\u00e1s","link":"https:\/\/allasorias.hu\/hirek\/kiemelten-fontos-a-digitalis-tudas\/"}],"_links":{"self":[{"href":"https:\/\/allasorias.hu\/hirek\/wp-json\/wp\/v2\/posts\/4064","targetHints":{"allow":["GET"]}}],"collection":[{"href":"https:\/\/allasorias.hu\/hirek\/wp-json\/wp\/v2\/posts"}],"about":[{"href":"https:\/\/allasorias.hu\/hirek\/wp-json\/wp\/v2\/types\/post"}],"author":[{"embeddable":true,"href":"https:\/\/allasorias.hu\/hirek\/wp-json\/wp\/v2\/users\/1"}],"replies":[{"embeddable":true,"href":"https:\/\/allasorias.hu\/hirek\/wp-json\/wp\/v2\/comments?post=4064"}],"version-history":[{"count":1,"href":"https:\/\/allasorias.hu\/hirek\/wp-json\/wp\/v2\/posts\/4064\/revisions"}],"predecessor-version":[{"id":4065,"href":"https:\/\/allasorias.hu\/hirek\/wp-json\/wp\/v2\/posts\/4064\/revisions\/4065"}],"wp:featuredmedia":[{"embeddable":true,"href":"https:\/\/allasorias.hu\/hirek\/wp-json\/wp\/v2\/media\/3931"}],"wp:attachment":[{"href":"https:\/\/allasorias.hu\/hirek\/wp-json\/wp\/v2\/media?parent=4064"}],"wp:term":[{"taxonomy":"category","embeddable":true,"href":"https:\/\/allasorias.hu\/hirek\/wp-json\/wp\/v2\/categories?post=4064"},{"taxonomy":"post_tag","embeddable":true,"href":"https:\/\/allasorias.hu\/hirek\/wp-json\/wp\/v2\/tags?post=4064"}],"curies":[{"name":"wp","href":"https:\/\/api.w.org\/{rel}","templated":true}]}}