{"id":4051,"date":"2020-06-15T06:51:37","date_gmt":"2020-06-15T06:51:37","guid":{"rendered":"https:\/\/allasorias.hu\/hirek\/?p=4051"},"modified":"2020-06-15T06:51:37","modified_gmt":"2020-06-15T06:51:37","slug":"nehezen-indul-be-a-gazdasag-interju","status":"publish","type":"post","link":"https:\/\/allasorias.hu\/hirek\/nehezen-indul-be-a-gazdasag-interju\/","title":{"rendered":"Nehezen indul be a gazdas\u00e1g &#8211;  interj\u00fa"},"content":{"rendered":"<p><strong>Sokkal lassabban indul majd be a gazdas\u00e1g, mint amilyen gyorsas\u00e1ggal le\u00e1llni k\u00e9nyszer\u00fclt a koronav\u00edrus-j\u00e1rv\u00e1ny miatt. A munkaer\u0151piac is v\u00e1ltozni fog, a c\u00e9geknek m\u00e1r most \u00faj strat\u00e9gi\u00e1t kell kidolgozniuk \u2013 mondta Kott Zolt\u00e1n, a MEL\u00d3-DI\u00c1K Holding Zrt. igazgat\u00f3s\u00e1gi tagja az \u00dczletemnek adott interj\u00faban.<\/strong><\/p>\n<p>A szakember k\u00e9rd\u00e9sre v\u00e1laszolva elmondta: a turizmusban \u00e9s vend\u00e9gl\u00e1t\u00e1sban eg\u00e9szen sokkol\u00f3 helyzet alakult ki a v\u00e1ls\u00e1g els\u0151 heteiben, nagyon sok dolgoz\u00f3t\u00f3l k\u00e9nyszer\u00fcltek megv\u00e1lni, igaz, voltak olyan c\u00e9gek, amelyek igyekeztek r\u00f6gt\u00f6n az elej\u00e9n valamilyen megold\u00e1st tal\u00e1lni. A kereskedelemben el\u0151sz\u00f6r \u00e9szrevehet\u0151 volt a felfut\u00e1s, n\u00e9h\u00e1ny \u00fczletl\u00e1nc m\u00e9g \u00faj embereket is felvett, sokakat \u00e9ppen a vend\u00e9gl\u00e1t\u00e1sb\u00f3l. A \u201ep\u00e1nikv\u00e1s\u00e1rl\u00e1si\u201d rohamot \u00faj elad\u00f3k, \u00e1rufelt\u00f6lt\u0151k felv\u00e9tel\u00e9vel tudt\u00e1k \u00e1llni. K\u00e9s\u0151bb azonban ezen a ter\u00fcleten is visszarendez\u0151d\u00e9st l\u00e1thattunk. A mai napig hatalmas a bizonytalans\u00e1g, azt sem tudhatjuk, hogy p\u00e9ld\u00e1ul j\u00f6n-e, \u00e9s ha igen, mikor j\u00f6n a j\u00e1rv\u00e1ny m\u00e1sodik hull\u00e1ma. Jelenleg egy-k\u00e9t h\u00f3napra is neh\u00e9z tervezni, nemhogy k\u00f6z\u00e9p- vagy hossz\u00fa t\u00e1vra. Szerintem sok c\u00e9gnek a sz\u00e1molgat\u00e1s mellett kock\u00e1ztatnia is kell, hogy h\u00e1ny munkat\u00e1rs\u00e1t tudja megtartani. Kott Zolt\u00e1n szerint a magyar munkaer\u0151piacon t\u00f6bb sz\u00e1zezer ember vesz\u00edtette el az \u00e1ll\u00e1s\u00e1t. Gondolhatn\u00e1nk, hogy most azt\u00e1n igaz\u00e1n van kikb\u0151l v\u00e1logatni, de a kiv\u00e1r\u00e1s miatt a c\u00e9gek t\u00f6bbs\u00e9ge nem k\u00edv\u00e1n \u00faj dolgoz\u00f3kat felvenni. A j\u00e1rv\u00e1ny el\u0151tt sok ter\u00fcleten, \u00edgy a vend\u00e9gl\u00e1t\u00e1sban vagy az \u00e9p\u00edt\u0151iparban kimondottan munkaer\u0151hi\u00e1ny volt, egy j\u00f3 szak\u00e1csnak vagy egy \u00e9p\u00edt\u0151ipari szakembernek komoly ig\u00e9nyei lehettek, ha a b\u00e9rekr\u0151l t\u00e1rgyalt. Most ez nincs \u00edgy, sok munkav\u00e1llal\u00f3 annak is \u00f6r\u00fcl, ha cs\u00f6kkentett b\u00e9rt k\u00edn\u00e1lnak neki. Tal\u00e1n a logisztikai ter\u00fcleten \u00e9s a fut\u00e1rc\u00e9gekn\u00e9l valamivel kedvez\u0151bb a helyzet, ott most t\u00f6bb a megrendel\u00e9s \u2013 fogalmazott. Arra a k\u00e9rd\u00e9sre, hogy hogyan telik el az idei \u00e9v, elmondta: sokkal lassabban indul majd be a gazdas\u00e1g, mint amilyen gyorsas\u00e1ggal le\u00e1llni k\u00e9nyszer\u00fclt. A l\u00e9gi t\u00e1rsas\u00e1gok p\u00e9ld\u00e1ul teljesen m\u00e1s felt\u00e9telek k\u00f6z\u00f6tt k\u00e9nytelenek majd m\u0171k\u00f6dni. De az aut\u00f3gy\u00e1rt\u00e1sban nagyon er\u0151s Magyarorsz\u00e1gon sem egyszer\u0171 a k\u00e9p, hiszen vil\u00e1gszerte drasztikusan visszaestek az aut\u00f3elad\u00e1sok, \u00e9s nem tudni, hogy mikorra \u00e1llhat vissza a termel\u00e9s v\u00e1ls\u00e1g el\u0151tti intenzit\u00e1sa. Az idegenforgalomban hasonl\u00f3 a k\u00e9p, a sz\u00fcks\u00e9ges \u00f3vint\u00e9zked\u00e9sek miatt eleve kevesebb vend\u00e9get lehet fogadni, sok sz\u00e1llod\u00e1ban egyel\u0151re kevesebb szolg\u00e1ltat\u00e1st ny\u00fajthatnak, s eleve nagy k\u00e9rd\u00e9s, hogy az emberek mennyire mernek utazni.\u00a0 A sz\u00e1mtalan neh\u00e9zs\u00e9g m\u00e1s szolg\u00e1ltat\u00e1sokra is r\u00e1nyomja majd a b\u00e9lyeg\u00e9t 2020-ban \u00e9s tal\u00e1n m\u00e9g a j\u00f6v\u0151 \u00e9vben is. A kis\u00a0 \u00e9s k\u00f6z\u00e9pv\u00e1llalkoz\u00e1sokkal kapcsolatban hangs\u00falyozta: \u2013 Aki \u201eb\u00e9keid\u0151ben\u201d eredm\u00e9nyesen, sikeresen m\u0171k\u00f6d\u00f6tt, \u00e9s nem csak k\u00e9t-h\u00e1rom h\u00f3napnyi tartal\u00e9kkal rendelkezik, az term\u00e9szetesen k\u00f6nnyebben v\u00e9szeli \u00e1t a mostani id\u0151szakot. Egy\u00e9bk\u00e9nt m\u00e1r az is nagyon f\u00e1j egy munkav\u00e1llal\u00f3nak \u00e9s egy c\u00e9gnek is, ha kiesik k\u00e9t-h\u00e1rom havi bev\u00e9tel, de ezt m\u00e9g t\u00fal lehet \u00e9lni. Igaz\u00e1n nagy baj akkor van, ha egy-egy v\u00e1llalkoz\u00e1s ism\u00e9t teljes k\u00f6lts\u00e9ggel kezd majd \u00fczemelni, b\u00e1r nincs m\u00e9g el\u00e9g megrendel\u00e9se, nem j\u00f6n m\u00e9g el\u00e9g vend\u00e9g. Ezt mind \u00e1t kell gondolni, \u00faj tervek, \u00faj strat\u00e9gi\u00e1k kellenek.<\/p>\n<p>&nbsp;<\/p>\n<p>Forr\u00e1s: uzletem.hu<\/p>\n","protected":false},"excerpt":{"rendered":"<p>Sokkal lassabban indul majd be a gazdas\u00e1g, mint amilyen gyorsas\u00e1ggal le\u00e1llni k\u00e9nyszer\u00fclt a koronav\u00edrus-j\u00e1rv\u00e1ny miatt. A munkaer\u0151piac is v\u00e1ltozni fog, a c\u00e9geknek m\u00e1r most \u00faj strat\u00e9gi\u00e1t kell kidolgozniuk \u2013 mondta Kott Zolt\u00e1n, a MEL\u00d3-DI\u00c1K Holding Zrt. igazgat\u00f3s\u00e1gi tagja az \u00dczletemnek adott interj\u00faban. A szakember k\u00e9rd\u00e9sre v\u00e1laszolva elmondta: a turizmusban \u00e9s vend\u00e9gl\u00e1t\u00e1sban eg\u00e9szen sokkol\u00f3 helyzet alakult [&hellip;]<\/p>\n","protected":false},"author":1,"featured_media":4052,"comment_status":"open","ping_status":"open","sticky":false,"template":"","format":"standard","meta":{"_monsterinsights_skip_tracking":false,"footnotes":""},"categories":[198,200],"tags":[],"class_list":["post-4051","post","type-post","status-publish","format-standard","has-post-thumbnail","hentry","category-gazdasag","category-munkaeropiac"],"aioseo_notices":[],"aioseo_head":"\n\t\t<!-- All in One SEO 5.0.0.1 - aioseo.com -->\n\t<meta name=\"description\" content=\"Sokkal lassabban indul majd be a gazdas\u00e1g, mint amilyen gyorsas\u00e1ggal le\u00e1llni k\u00e9nyszer\u00fclt a koronav\u00edrus-j\u00e1rv\u00e1ny miatt. A munkaer\u0151piac is v\u00e1ltozni fog, a c\u00e9geknek m\u00e1r most \u00faj strat\u00e9gi\u00e1t kell kidolgozniuk \u2013 mondta Kott Zolt\u00e1n, a MEL\u00d3-DI\u00c1K Holding Zrt. igazgat\u00f3s\u00e1gi tagja az \u00dczletemnek adott interj\u00faban. A szakember k\u00e9rd\u00e9sre v\u00e1laszolva elmondta: a turizmusban \u00e9s vend\u00e9gl\u00e1t\u00e1sban eg\u00e9szen sokkol\u00f3 helyzet alakult\" \/>\n\t<meta name=\"robots\" content=\"max-image-preview:large\" \/>\n\t<meta name=\"author\" content=\"Juh\u00e1sz P\u00e9ter\"\/>\n\t<link rel=\"canonical\" href=\"https:\/\/allasorias.hu\/hirek\/nehezen-indul-be-a-gazdasag-interju\/\" \/>\n\t<meta name=\"generator\" content=\"All in One SEO (AIOSEO) 5.0.0.1\" \/>\n\t\t<meta property=\"og:locale\" content=\"hu_HU\" \/>\n\t\t<meta property=\"og:site_name\" content=\"AllasOrias.hu | H\u00edrek-lapszemle | \u00dczleti h\u00edrek az \u00e1ll\u00e1s \u00e9s a munka vil\u00e1g\u00e1b\u00f3l\" \/>\n\t\t<meta property=\"og:type\" content=\"article\" \/>\n\t\t<meta property=\"og:title\" content=\"Nehezen indul be a gazdas\u00e1g \u2013 interj\u00fa | AllasOrias.hu | H\u00edrek-lapszemle\" \/>\n\t\t<meta property=\"og:description\" content=\"Sokkal lassabban indul majd be a gazdas\u00e1g, mint amilyen gyorsas\u00e1ggal le\u00e1llni k\u00e9nyszer\u00fclt a koronav\u00edrus-j\u00e1rv\u00e1ny miatt. A munkaer\u0151piac is v\u00e1ltozni fog, a c\u00e9geknek m\u00e1r most \u00faj strat\u00e9gi\u00e1t kell kidolgozniuk \u2013 mondta Kott Zolt\u00e1n, a MEL\u00d3-DI\u00c1K Holding Zrt. igazgat\u00f3s\u00e1gi tagja az \u00dczletemnek adott interj\u00faban. A szakember k\u00e9rd\u00e9sre v\u00e1laszolva elmondta: a turizmusban \u00e9s vend\u00e9gl\u00e1t\u00e1sban eg\u00e9szen sokkol\u00f3 helyzet alakult\" \/>\n\t\t<meta property=\"og:url\" content=\"https:\/\/allasorias.hu\/hirek\/nehezen-indul-be-a-gazdasag-interju\/\" \/>\n\t\t<meta property=\"og:image\" content=\"https:\/\/allasorias.hu\/hirek\/wp-content\/uploads\/2020\/06\/gazdas\u00e1g.jpg\" \/>\n\t\t<meta property=\"og:image:secure_url\" content=\"https:\/\/allasorias.hu\/hirek\/wp-content\/uploads\/2020\/06\/gazdas\u00e1g.jpg\" \/>\n\t\t<meta property=\"og:image:width\" content=\"600\" \/>\n\t\t<meta property=\"og:image:height\" content=\"400\" \/>\n\t\t<meta property=\"article:published_time\" content=\"2020-06-15T06:51:37+00:00\" \/>\n\t\t<meta property=\"article:modified_time\" content=\"2020-06-15T06:51:37+00:00\" \/>\n\t\t<meta property=\"article:publisher\" content=\"https:\/\/www.facebook.com\/allasorias\" \/>\n\t\t<meta name=\"twitter:card\" content=\"summary_large_image\" \/>\n\t\t<meta name=\"twitter:title\" content=\"Nehezen indul be a gazdas\u00e1g \u2013 interj\u00fa | AllasOrias.hu | H\u00edrek-lapszemle\" \/>\n\t\t<meta name=\"twitter:description\" content=\"Sokkal lassabban indul majd be a gazdas\u00e1g, mint amilyen gyorsas\u00e1ggal le\u00e1llni k\u00e9nyszer\u00fclt a koronav\u00edrus-j\u00e1rv\u00e1ny miatt. A munkaer\u0151piac is v\u00e1ltozni fog, a c\u00e9geknek m\u00e1r most \u00faj strat\u00e9gi\u00e1t kell kidolgozniuk \u2013 mondta Kott Zolt\u00e1n, a MEL\u00d3-DI\u00c1K Holding Zrt. igazgat\u00f3s\u00e1gi tagja az \u00dczletemnek adott interj\u00faban. A szakember k\u00e9rd\u00e9sre v\u00e1laszolva elmondta: a turizmusban \u00e9s vend\u00e9gl\u00e1t\u00e1sban eg\u00e9szen sokkol\u00f3 helyzet alakult\" \/>\n\t\t<meta name=\"twitter:image\" content=\"https:\/\/allasorias.hu\/hirek\/wp-content\/uploads\/2020\/06\/gazdas\u00e1g.jpg\" \/>\n\t\t<meta name=\"twitter:label1\" content=\"Written by\" \/>\n\t\t<meta name=\"twitter:data1\" content=\"Juh\u00e1sz P\u00e9ter\" \/>\n\t\t<meta name=\"twitter:label2\" content=\"Est. reading time\" \/>\n\t\t<meta name=\"twitter:data2\" content=\"3 minutes\" \/>\n\t\t<script type=\"application\/ld+json\" class=\"aioseo-schema\">\n\t\t\t{\"@context\":\"https:\\\/\\\/schema.org\",\"@graph\":[{\"@type\":\"Article\",\"@id\":\"https:\\\/\\\/allasorias.hu\\\/hirek\\\/nehezen-indul-be-a-gazdasag-interju\\\/#article\",\"name\":\"Nehezen indul be a gazdas\\u00e1g \\u2013 interj\\u00fa | AllasOrias.hu | H\\u00edrek-lapszemle\",\"headline\":\"Nehezen indul be a gazdas\\u00e1g &#8211;  interj\\u00fa\",\"author\":{\"@id\":\"https:\\\/\\\/allasorias.hu\\\/hirek\\\/author\\\/admin-allasorias\\\/#author\"},\"publisher\":{\"@id\":\"https:\\\/\\\/allasorias.hu\\\/hirek\\\/#organization\"},\"image\":{\"@type\":\"ImageObject\",\"url\":\"https:\\\/\\\/allasorias.hu\\\/hirek\\\/wp-content\\\/uploads\\\/2020\\\/06\\\/gazdas\\u00e1g.jpg\",\"width\":600,\"height\":400},\"datePublished\":\"2020-06-15T06:51:37+02:00\",\"dateModified\":\"2020-06-15T06:51:37+02:00\",\"inLanguage\":\"hu-HU\",\"mainEntityOfPage\":{\"@id\":\"https:\\\/\\\/allasorias.hu\\\/hirek\\\/nehezen-indul-be-a-gazdasag-interju\\\/#webpage\"},\"isPartOf\":{\"@id\":\"https:\\\/\\\/allasorias.hu\\\/hirek\\\/nehezen-indul-be-a-gazdasag-interju\\\/#webpage\"},\"articleSection\":\"Gazdas\\u00e1g, Munkaer\\u0151piac\"},{\"@type\":\"BreadcrumbList\",\"@id\":\"https:\\\/\\\/allasorias.hu\\\/hirek\\\/nehezen-indul-be-a-gazdasag-interju\\\/#breadcrumblist\",\"itemListElement\":[{\"@type\":\"ListItem\",\"@id\":\"https:\\\/\\\/allasorias.hu\\\/hirek#listItem\",\"position\":1,\"name\":\"Home\",\"item\":\"https:\\\/\\\/allasorias.hu\\\/hirek\",\"nextItem\":{\"@type\":\"ListItem\",\"@id\":\"https:\\\/\\\/allasorias.hu\\\/hirek\\\/temak\\\/gazdasag\\\/#listItem\",\"name\":\"Gazdas\\u00e1g\"}},{\"@type\":\"ListItem\",\"@id\":\"https:\\\/\\\/allasorias.hu\\\/hirek\\\/temak\\\/gazdasag\\\/#listItem\",\"position\":2,\"name\":\"Gazdas\\u00e1g\",\"item\":\"https:\\\/\\\/allasorias.hu\\\/hirek\\\/temak\\\/gazdasag\\\/\",\"nextItem\":{\"@type\":\"ListItem\",\"@id\":\"https:\\\/\\\/allasorias.hu\\\/hirek\\\/nehezen-indul-be-a-gazdasag-interju\\\/#listItem\",\"name\":\"Nehezen indul be a gazdas\\u00e1g &#8211;  interj\\u00fa\"},\"previousItem\":{\"@type\":\"ListItem\",\"@id\":\"https:\\\/\\\/allasorias.hu\\\/hirek#listItem\",\"name\":\"Home\"}},{\"@type\":\"ListItem\",\"@id\":\"https:\\\/\\\/allasorias.hu\\\/hirek\\\/nehezen-indul-be-a-gazdasag-interju\\\/#listItem\",\"position\":3,\"name\":\"Nehezen indul be a gazdas\\u00e1g &#8211;  interj\\u00fa\",\"previousItem\":{\"@type\":\"ListItem\",\"@id\":\"https:\\\/\\\/allasorias.hu\\\/hirek\\\/temak\\\/gazdasag\\\/#listItem\",\"name\":\"Gazdas\\u00e1g\"}}]},{\"@type\":\"Organization\",\"@id\":\"https:\\\/\\\/allasorias.hu\\\/hirek\\\/#organization\",\"name\":\"AllasOrias.hu | H\\u00edrek-lapszemle\",\"description\":\"\\u00dczleti h\\u00edrek az \\u00e1ll\\u00e1s \\u00e9s a munka vil\\u00e1g\\u00e1b\\u00f3l\",\"url\":\"https:\\\/\\\/allasorias.hu\\\/hirek\\\/\",\"logo\":{\"@type\":\"ImageObject\",\"url\":\"https:\\\/\\\/allasorias.hu\\\/hirek\\\/wp-content\\\/uploads\\\/2022\\\/10\\\/allasorias_site_facebok_logo.png\",\"@id\":\"https:\\\/\\\/allasorias.hu\\\/hirek\\\/nehezen-indul-be-a-gazdasag-interju\\\/#organizationLogo\"},\"image\":{\"@id\":\"https:\\\/\\\/allasorias.hu\\\/hirek\\\/nehezen-indul-be-a-gazdasag-interju\\\/#organizationLogo\"},\"sameAs\":[\"https:\\\/\\\/www.facebook.com\\\/allasorias\",\"https:\\\/\\\/www.linkedin.com\\\/company\\\/allasorias\"]},{\"@type\":\"Person\",\"@id\":\"https:\\\/\\\/allasorias.hu\\\/hirek\\\/author\\\/admin-allasorias\\\/#author\",\"url\":\"https:\\\/\\\/allasorias.hu\\\/hirek\\\/author\\\/admin-allasorias\\\/\",\"name\":\"Juh\\u00e1sz P\\u00e9ter\",\"image\":{\"@type\":\"ImageObject\",\"@id\":\"https:\\\/\\\/allasorias.hu\\\/hirek\\\/nehezen-indul-be-a-gazdasag-interju\\\/#authorImage\",\"url\":\"https:\\\/\\\/secure.gravatar.com\\\/avatar\\\/36e6bcb83148978b992977cb0f54d22feb0cce8a0a849a9410532bb2623ba4c6?s=96&d=mm&r=g\",\"width\":96,\"height\":96,\"caption\":\"Juh\\u00e1sz P\\u00e9ter\"}},{\"@type\":\"WebPage\",\"@id\":\"https:\\\/\\\/allasorias.hu\\\/hirek\\\/nehezen-indul-be-a-gazdasag-interju\\\/#webpage\",\"url\":\"https:\\\/\\\/allasorias.hu\\\/hirek\\\/nehezen-indul-be-a-gazdasag-interju\\\/\",\"name\":\"Nehezen indul be a gazdas\\u00e1g \\u2013 interj\\u00fa | AllasOrias.hu | H\\u00edrek-lapszemle\",\"description\":\"Sokkal lassabban indul majd be a gazdas\\u00e1g, mint amilyen gyorsas\\u00e1ggal le\\u00e1llni k\\u00e9nyszer\\u00fclt a koronav\\u00edrus-j\\u00e1rv\\u00e1ny miatt. A munkaer\\u0151piac is v\\u00e1ltozni fog, a c\\u00e9geknek m\\u00e1r most \\u00faj strat\\u00e9gi\\u00e1t kell kidolgozniuk \\u2013 mondta Kott Zolt\\u00e1n, a MEL\\u00d3-DI\\u00c1K Holding Zrt. igazgat\\u00f3s\\u00e1gi tagja az \\u00dczletemnek adott interj\\u00faban. A szakember k\\u00e9rd\\u00e9sre v\\u00e1laszolva elmondta: a turizmusban \\u00e9s vend\\u00e9gl\\u00e1t\\u00e1sban eg\\u00e9szen sokkol\\u00f3 helyzet alakult\",\"inLanguage\":\"hu-HU\",\"isPartOf\":{\"@id\":\"https:\\\/\\\/allasorias.hu\\\/hirek\\\/#website\"},\"breadcrumb\":{\"@id\":\"https:\\\/\\\/allasorias.hu\\\/hirek\\\/nehezen-indul-be-a-gazdasag-interju\\\/#breadcrumblist\"},\"author\":{\"@id\":\"https:\\\/\\\/allasorias.hu\\\/hirek\\\/author\\\/admin-allasorias\\\/#author\"},\"creator\":{\"@id\":\"https:\\\/\\\/allasorias.hu\\\/hirek\\\/author\\\/admin-allasorias\\\/#author\"},\"image\":{\"@type\":\"ImageObject\",\"url\":\"https:\\\/\\\/allasorias.hu\\\/hirek\\\/wp-content\\\/uploads\\\/2020\\\/06\\\/gazdas\\u00e1g.jpg\",\"@id\":\"https:\\\/\\\/allasorias.hu\\\/hirek\\\/nehezen-indul-be-a-gazdasag-interju\\\/#mainImage\",\"width\":600,\"height\":400},\"primaryImageOfPage\":{\"@id\":\"https:\\\/\\\/allasorias.hu\\\/hirek\\\/nehezen-indul-be-a-gazdasag-interju\\\/#mainImage\"},\"datePublished\":\"2020-06-15T06:51:37+02:00\",\"dateModified\":\"2020-06-15T06:51:37+02:00\"},{\"@type\":\"WebSite\",\"@id\":\"https:\\\/\\\/allasorias.hu\\\/hirek\\\/#website\",\"url\":\"https:\\\/\\\/allasorias.hu\\\/hirek\\\/\",\"name\":\"AllasOrias.hu | H\\u00edrek-lapszemle\",\"description\":\"\\u00dczleti h\\u00edrek az \\u00e1ll\\u00e1s \\u00e9s a munka vil\\u00e1g\\u00e1b\\u00f3l\",\"inLanguage\":\"hu-HU\",\"publisher\":{\"@id\":\"https:\\\/\\\/allasorias.hu\\\/hirek\\\/#organization\"}}]}\n\t\t<\/script>\n\t\t<!-- All in One SEO -->\n\n","aioseo_head_json":{"title":"Nehezen indul be a gazdas\u00e1g \u2013 interj\u00fa | AllasOrias.hu | H\u00edrek-lapszemle","description":"Sokkal lassabban indul majd be a gazdas\u00e1g, mint amilyen gyorsas\u00e1ggal le\u00e1llni k\u00e9nyszer\u00fclt a koronav\u00edrus-j\u00e1rv\u00e1ny miatt. A munkaer\u0151piac is v\u00e1ltozni fog, a c\u00e9geknek m\u00e1r most \u00faj strat\u00e9gi\u00e1t kell kidolgozniuk \u2013 mondta Kott Zolt\u00e1n, a MEL\u00d3-DI\u00c1K Holding Zrt. igazgat\u00f3s\u00e1gi tagja az \u00dczletemnek adott interj\u00faban. A szakember k\u00e9rd\u00e9sre v\u00e1laszolva elmondta: a turizmusban \u00e9s vend\u00e9gl\u00e1t\u00e1sban eg\u00e9szen sokkol\u00f3 helyzet alakult","canonical_url":"https:\/\/allasorias.hu\/hirek\/nehezen-indul-be-a-gazdasag-interju\/","robots":"max-image-preview:large","keywords":"","webmasterTools":{"miscellaneous":""},"schema":{"@context":"https:\/\/schema.org","@graph":[{"@type":"Article","@id":"https:\/\/allasorias.hu\/hirek\/nehezen-indul-be-a-gazdasag-interju\/#article","name":"Nehezen indul be a gazdas\u00e1g \u2013 interj\u00fa | AllasOrias.hu | H\u00edrek-lapszemle","headline":"Nehezen indul be a gazdas\u00e1g &#8211;  interj\u00fa","author":{"@id":"https:\/\/allasorias.hu\/hirek\/author\/admin-allasorias\/#author"},"publisher":{"@id":"https:\/\/allasorias.hu\/hirek\/#organization"},"image":{"@type":"ImageObject","url":"https:\/\/allasorias.hu\/hirek\/wp-content\/uploads\/2020\/06\/gazdas\u00e1g.jpg","width":600,"height":400},"datePublished":"2020-06-15T06:51:37+02:00","dateModified":"2020-06-15T06:51:37+02:00","inLanguage":"hu-HU","mainEntityOfPage":{"@id":"https:\/\/allasorias.hu\/hirek\/nehezen-indul-be-a-gazdasag-interju\/#webpage"},"isPartOf":{"@id":"https:\/\/allasorias.hu\/hirek\/nehezen-indul-be-a-gazdasag-interju\/#webpage"},"articleSection":"Gazdas\u00e1g, Munkaer\u0151piac"},{"@type":"BreadcrumbList","@id":"https:\/\/allasorias.hu\/hirek\/nehezen-indul-be-a-gazdasag-interju\/#breadcrumblist","itemListElement":[{"@type":"ListItem","@id":"https:\/\/allasorias.hu\/hirek#listItem","position":1,"name":"Home","item":"https:\/\/allasorias.hu\/hirek","nextItem":{"@type":"ListItem","@id":"https:\/\/allasorias.hu\/hirek\/temak\/gazdasag\/#listItem","name":"Gazdas\u00e1g"}},{"@type":"ListItem","@id":"https:\/\/allasorias.hu\/hirek\/temak\/gazdasag\/#listItem","position":2,"name":"Gazdas\u00e1g","item":"https:\/\/allasorias.hu\/hirek\/temak\/gazdasag\/","nextItem":{"@type":"ListItem","@id":"https:\/\/allasorias.hu\/hirek\/nehezen-indul-be-a-gazdasag-interju\/#listItem","name":"Nehezen indul be a gazdas\u00e1g &#8211;  interj\u00fa"},"previousItem":{"@type":"ListItem","@id":"https:\/\/allasorias.hu\/hirek#listItem","name":"Home"}},{"@type":"ListItem","@id":"https:\/\/allasorias.hu\/hirek\/nehezen-indul-be-a-gazdasag-interju\/#listItem","position":3,"name":"Nehezen indul be a gazdas\u00e1g &#8211;  interj\u00fa","previousItem":{"@type":"ListItem","@id":"https:\/\/allasorias.hu\/hirek\/temak\/gazdasag\/#listItem","name":"Gazdas\u00e1g"}}]},{"@type":"Organization","@id":"https:\/\/allasorias.hu\/hirek\/#organization","name":"AllasOrias.hu | H\u00edrek-lapszemle","description":"\u00dczleti h\u00edrek az \u00e1ll\u00e1s \u00e9s a munka vil\u00e1g\u00e1b\u00f3l","url":"https:\/\/allasorias.hu\/hirek\/","logo":{"@type":"ImageObject","url":"https:\/\/allasorias.hu\/hirek\/wp-content\/uploads\/2022\/10\/allasorias_site_facebok_logo.png","@id":"https:\/\/allasorias.hu\/hirek\/nehezen-indul-be-a-gazdasag-interju\/#organizationLogo"},"image":{"@id":"https:\/\/allasorias.hu\/hirek\/nehezen-indul-be-a-gazdasag-interju\/#organizationLogo"},"sameAs":["https:\/\/www.facebook.com\/allasorias","https:\/\/www.linkedin.com\/company\/allasorias"]},{"@type":"Person","@id":"https:\/\/allasorias.hu\/hirek\/author\/admin-allasorias\/#author","url":"https:\/\/allasorias.hu\/hirek\/author\/admin-allasorias\/","name":"Juh\u00e1sz P\u00e9ter","image":{"@type":"ImageObject","@id":"https:\/\/allasorias.hu\/hirek\/nehezen-indul-be-a-gazdasag-interju\/#authorImage","url":"https:\/\/secure.gravatar.com\/avatar\/36e6bcb83148978b992977cb0f54d22feb0cce8a0a849a9410532bb2623ba4c6?s=96&d=mm&r=g","width":96,"height":96,"caption":"Juh\u00e1sz P\u00e9ter"}},{"@type":"WebPage","@id":"https:\/\/allasorias.hu\/hirek\/nehezen-indul-be-a-gazdasag-interju\/#webpage","url":"https:\/\/allasorias.hu\/hirek\/nehezen-indul-be-a-gazdasag-interju\/","name":"Nehezen indul be a gazdas\u00e1g \u2013 interj\u00fa | AllasOrias.hu | H\u00edrek-lapszemle","description":"Sokkal lassabban indul majd be a gazdas\u00e1g, mint amilyen gyorsas\u00e1ggal le\u00e1llni k\u00e9nyszer\u00fclt a koronav\u00edrus-j\u00e1rv\u00e1ny miatt. A munkaer\u0151piac is v\u00e1ltozni fog, a c\u00e9geknek m\u00e1r most \u00faj strat\u00e9gi\u00e1t kell kidolgozniuk \u2013 mondta Kott Zolt\u00e1n, a MEL\u00d3-DI\u00c1K Holding Zrt. igazgat\u00f3s\u00e1gi tagja az \u00dczletemnek adott interj\u00faban. A szakember k\u00e9rd\u00e9sre v\u00e1laszolva elmondta: a turizmusban \u00e9s vend\u00e9gl\u00e1t\u00e1sban eg\u00e9szen sokkol\u00f3 helyzet alakult","inLanguage":"hu-HU","isPartOf":{"@id":"https:\/\/allasorias.hu\/hirek\/#website"},"breadcrumb":{"@id":"https:\/\/allasorias.hu\/hirek\/nehezen-indul-be-a-gazdasag-interju\/#breadcrumblist"},"author":{"@id":"https:\/\/allasorias.hu\/hirek\/author\/admin-allasorias\/#author"},"creator":{"@id":"https:\/\/allasorias.hu\/hirek\/author\/admin-allasorias\/#author"},"image":{"@type":"ImageObject","url":"https:\/\/allasorias.hu\/hirek\/wp-content\/uploads\/2020\/06\/gazdas\u00e1g.jpg","@id":"https:\/\/allasorias.hu\/hirek\/nehezen-indul-be-a-gazdasag-interju\/#mainImage","width":600,"height":400},"primaryImageOfPage":{"@id":"https:\/\/allasorias.hu\/hirek\/nehezen-indul-be-a-gazdasag-interju\/#mainImage"},"datePublished":"2020-06-15T06:51:37+02:00","dateModified":"2020-06-15T06:51:37+02:00"},{"@type":"WebSite","@id":"https:\/\/allasorias.hu\/hirek\/#website","url":"https:\/\/allasorias.hu\/hirek\/","name":"AllasOrias.hu | H\u00edrek-lapszemle","description":"\u00dczleti h\u00edrek az \u00e1ll\u00e1s \u00e9s a munka vil\u00e1g\u00e1b\u00f3l","inLanguage":"hu-HU","publisher":{"@id":"https:\/\/allasorias.hu\/hirek\/#organization"}}]},"og:locale":"hu_HU","og:site_name":"AllasOrias.hu | H\u00edrek-lapszemle | \u00dczleti h\u00edrek az \u00e1ll\u00e1s \u00e9s a munka vil\u00e1g\u00e1b\u00f3l","og:type":"article","og:title":"Nehezen indul be a gazdas\u00e1g \u2013 interj\u00fa | AllasOrias.hu | H\u00edrek-lapszemle","og:description":"Sokkal lassabban indul majd be a gazdas\u00e1g, mint amilyen gyorsas\u00e1ggal le\u00e1llni k\u00e9nyszer\u00fclt a koronav\u00edrus-j\u00e1rv\u00e1ny miatt. A munkaer\u0151piac is v\u00e1ltozni fog, a c\u00e9geknek m\u00e1r most \u00faj strat\u00e9gi\u00e1t kell kidolgozniuk \u2013 mondta Kott Zolt\u00e1n, a MEL\u00d3-DI\u00c1K Holding Zrt. igazgat\u00f3s\u00e1gi tagja az \u00dczletemnek adott interj\u00faban. A szakember k\u00e9rd\u00e9sre v\u00e1laszolva elmondta: a turizmusban \u00e9s vend\u00e9gl\u00e1t\u00e1sban eg\u00e9szen sokkol\u00f3 helyzet alakult","og:url":"https:\/\/allasorias.hu\/hirek\/nehezen-indul-be-a-gazdasag-interju\/","og:image":"https:\/\/allasorias.hu\/hirek\/wp-content\/uploads\/2020\/06\/gazdas\u00e1g.jpg","og:image:secure_url":"https:\/\/allasorias.hu\/hirek\/wp-content\/uploads\/2020\/06\/gazdas\u00e1g.jpg","og:image:width":600,"og:image:height":400,"article:published_time":"2020-06-15T06:51:37+00:00","article:modified_time":"2020-06-15T06:51:37+00:00","article:publisher":"https:\/\/www.facebook.com\/allasorias","twitter:card":"summary_large_image","twitter:title":"Nehezen indul be a gazdas\u00e1g \u2013 interj\u00fa | AllasOrias.hu | H\u00edrek-lapszemle","twitter:description":"Sokkal lassabban indul majd be a gazdas\u00e1g, mint amilyen gyorsas\u00e1ggal le\u00e1llni k\u00e9nyszer\u00fclt a koronav\u00edrus-j\u00e1rv\u00e1ny miatt. A munkaer\u0151piac is v\u00e1ltozni fog, a c\u00e9geknek m\u00e1r most \u00faj strat\u00e9gi\u00e1t kell kidolgozniuk \u2013 mondta Kott Zolt\u00e1n, a MEL\u00d3-DI\u00c1K Holding Zrt. igazgat\u00f3s\u00e1gi tagja az \u00dczletemnek adott interj\u00faban. A szakember k\u00e9rd\u00e9sre v\u00e1laszolva elmondta: a turizmusban \u00e9s vend\u00e9gl\u00e1t\u00e1sban eg\u00e9szen sokkol\u00f3 helyzet alakult","twitter:image":"https:\/\/allasorias.hu\/hirek\/wp-content\/uploads\/2020\/06\/gazdas\u00e1g.jpg","twitter:label1":"Written by","twitter:data1":"Juh\u00e1sz P\u00e9ter","twitter:label2":"Est. reading time","twitter:data2":"3 minutes"},"aioseo_meta_data":{"post_id":"4051","title":null,"description":null,"keywords":null,"keyphrases":null,"primary_term":null,"canonical_url":null,"og_title":null,"og_description":null,"og_object_type":"default","og_image_type":"default","og_image_url":null,"og_image_width":null,"og_image_height":null,"og_image_custom_url":null,"og_image_custom_fields":null,"og_video":null,"og_custom_url":null,"og_article_section":null,"og_article_tags":null,"twitter_use_og":false,"twitter_card":"default","twitter_image_type":"default","twitter_image_url":null,"twitter_image_custom_url":null,"twitter_image_custom_fields":null,"twitter_title":null,"twitter_description":null,"schema":{"blockGraphs":[],"customGraphs":[],"default":{"data":{"Article":[],"Course":[],"Dataset":[],"FAQPage":[],"Movie":[],"Person":[],"Product":[],"ProductReview":[],"Car":[],"Recipe":[],"Service":[],"SoftwareApplication":[],"WebPage":[]},"graphName":"","isEnabled":true},"graphs":[],"defaultGraph":"","defaultPostTypeGraph":""},"schema_type":null,"schema_type_options":null,"pillar_content":false,"robots_default":true,"robots_noindex":false,"robots_noarchive":false,"robots_nosnippet":false,"robots_nofollow":false,"robots_noimageindex":false,"robots_noodp":false,"robots_notranslate":false,"robots_max_snippet":null,"robots_max_videopreview":null,"robots_max_imagepreview":"large","priority":null,"frequency":null,"location":null,"local_seo":null,"breadcrumb_settings":null,"limit_modified_date":false,"ai":null,"created":"2021-02-01 21:25:04","updated":"2025-10-02 13:55:44","seo_analyzer_scan_date":null,"focus_keyword":null,"additional_keywords":null,"truseo_locale":null},"aioseo_breadcrumb":"<div class=\"aioseo-breadcrumbs\"><span class=\"aioseo-breadcrumb\">\n\t\t\t<a href=\"https:\/\/allasorias.hu\/hirek\" title=\"Home\">Home<\/a>\n\t\t<\/span><span class=\"aioseo-breadcrumb-separator\">&raquo;<\/span><span class=\"aioseo-breadcrumb\">\n\t\t\t<a href=\"https:\/\/allasorias.hu\/hirek\/temak\/gazdasag\/\" title=\"Gazdas\u00e1g\">Gazdas\u00e1g<\/a>\n\t\t<\/span><span class=\"aioseo-breadcrumb-separator\">&raquo;<\/span><span class=\"aioseo-breadcrumb\">\n\t\t\tNehezen indul be a gazdas\u00e1g \u2013  interj\u00fa\n\t\t<\/span><\/div>","aioseo_breadcrumb_json":[{"label":"Home","link":"https:\/\/allasorias.hu\/hirek"},{"label":"Gazdas\u00e1g","link":"https:\/\/allasorias.hu\/hirek\/temak\/gazdasag\/"},{"label":"Nehezen indul be a gazdas\u00e1g &#8211;  interj\u00fa","link":"https:\/\/allasorias.hu\/hirek\/nehezen-indul-be-a-gazdasag-interju\/"}],"_links":{"self":[{"href":"https:\/\/allasorias.hu\/hirek\/wp-json\/wp\/v2\/posts\/4051","targetHints":{"allow":["GET"]}}],"collection":[{"href":"https:\/\/allasorias.hu\/hirek\/wp-json\/wp\/v2\/posts"}],"about":[{"href":"https:\/\/allasorias.hu\/hirek\/wp-json\/wp\/v2\/types\/post"}],"author":[{"embeddable":true,"href":"https:\/\/allasorias.hu\/hirek\/wp-json\/wp\/v2\/users\/1"}],"replies":[{"embeddable":true,"href":"https:\/\/allasorias.hu\/hirek\/wp-json\/wp\/v2\/comments?post=4051"}],"version-history":[{"count":1,"href":"https:\/\/allasorias.hu\/hirek\/wp-json\/wp\/v2\/posts\/4051\/revisions"}],"predecessor-version":[{"id":4053,"href":"https:\/\/allasorias.hu\/hirek\/wp-json\/wp\/v2\/posts\/4051\/revisions\/4053"}],"wp:featuredmedia":[{"embeddable":true,"href":"https:\/\/allasorias.hu\/hirek\/wp-json\/wp\/v2\/media\/4052"}],"wp:attachment":[{"href":"https:\/\/allasorias.hu\/hirek\/wp-json\/wp\/v2\/media?parent=4051"}],"wp:term":[{"taxonomy":"category","embeddable":true,"href":"https:\/\/allasorias.hu\/hirek\/wp-json\/wp\/v2\/categories?post=4051"},{"taxonomy":"post_tag","embeddable":true,"href":"https:\/\/allasorias.hu\/hirek\/wp-json\/wp\/v2\/tags?post=4051"}],"curies":[{"name":"wp","href":"https:\/\/api.w.org\/{rel}","templated":true}]}}