{"id":4045,"date":"2020-06-12T07:25:09","date_gmt":"2020-06-12T07:25:09","guid":{"rendered":"https:\/\/allasorias.hu\/hirek\/?p=4045"},"modified":"2020-06-12T07:25:09","modified_gmt":"2020-06-12T07:25:09","slug":"magyar-ingazok-ausztriaba","status":"publish","type":"post","link":"https:\/\/allasorias.hu\/hirek\/magyar-ingazok-ausztriaba\/","title":{"rendered":"Magyar ing\u00e1z\u00f3k Ausztri\u00e1ba"},"content":{"rendered":"<p><strong>Lassan javul az Ausztri\u00e1ba ing\u00e1z\u00f3k helyzete a j\u00e1rv\u00e1ny ut\u00e1ni helyzetben. B\u00e1r sok ezer magyar elvesz\u00edtette \u00e1ll\u00e1s\u00e1t a koronav\u00edrus megjelen\u00e9se ut\u00e1n, fokozatosan kezd helyre\u00e1llni a r\u00e9gi rend. <\/strong><\/p>\n<p>Egy magyar ing\u00e1z\u00f3t\u00f3l elmondta: a parndorfi \u00fczletben, ahol dolgozik, m\u00e1r a kor\u00e1bbi forgalom 70-80%-\u00e1t bonyol\u00edtj\u00e1k le csup\u00e1n osztr\u00e1k v\u00e1s\u00e1rl\u00f3kkal is. Ausztri\u00e1ban febru\u00e1rban m\u00e9g t\u00f6bb mint 101 ezer honfit\u00e1rsunk dolgozott, m\u00e1rciusban m\u00e1r csak 78 ezer (igaz, \u00e9pp ekkor kevesebb a munkalehet\u0151s\u00e9g). A lass\u00fa visszarendez\u0151d\u00e9s elindult, ez a sz\u00e1m \u00e1prilisban valamelyest n\u00f6vekedett. Ehhez a hat\u00e1r\u00e1tkel\u0151k megnyit\u00e1sa is hozz\u00e1j\u00e1rult: \u00e1prilis eleje \u00f3ta az osztr\u00e1k\u2013magyar hat\u00e1rszakasz valamennyi nyitva tart\u00f3 \u00e1tl\u00e9p\u0151 hely\u00e9t ig\u00e9nybe vehetik az ing\u00e1z\u00f3k, munk\u00e1ltat\u00f3i igazol\u00e1ssal kilom\u00e9terkorl\u00e1toz\u00e1s n\u00e9lk\u00fcl utazhatnak. Emellett mentes\u00fclnek a 14 napos hat\u00f3s\u00e1gi karant\u00e9n s a k\u00fclf\u00f6ldiekre vonatkoz\u00f3 bel\u00e9ptet\u00e9si tilalom al\u00f3l (lapz\u00e1rt\u00e1nk idej\u00e9n t\u00f6r\u00f6lt\u00e9k el Ausztri\u00e1val \u00e9s t\u00f6bb szomsz\u00e9dos orsz\u00e1ggal szemben a karant\u00e9nk\u00f6telezetts\u00e9get \u2013 a szerk).\u2013 Nemr\u00e9giben kezdt\u00fcnk, de r\u00f6vid\u00edtett munkaid\u0151vel: a koronav\u00edrus el\u0151tt d\u00e9lel\u0151tt f\u00e9l t\u00edzt\u0151l este 9-ig voltunk nyitva, most d\u00e9lel\u0151tt t\u00edzt\u0151l este hatig \u2013 mes\u00e9lte a Mosonmagyar\u00f3v\u00e1r mellett \u00e9l\u0151, Ausztri\u00e1ban dolgoz\u00f3 Menyh\u00e1rt B\u00e1lint. \u2013 R\u00e1ad\u00e1sul k\u00e9tfel\u00e9 szedt\u00e9k a csapatot \u2013 folytatta \u2013, nem is tal\u00e1lkozhatunk egym\u00e1ssal, a m\u00e1sik r\u00e9szleg a h\u00e9t v\u00e9g\u00e9n \u00e1ll munk\u00e1ba. Elmondta azt is, hogy a \u201ekurzarbeit\u201d alatt az outletben k\u00f6telez\u0151 a maszk, az \u00fczletbe bel\u00e9pve a k\u00e9zfert\u0151tlen\u00edt\u00e9s, a dolgoz\u00f3knak a keszty\u0171 visel\u00e9se.\u2013 A visszat\u00e9r\u00e9s ut\u00e1ni els\u0151 egy-k\u00e9t h\u00e9tben nem sok v\u00e1s\u00e1rl\u00f3nk volt, ink\u00e1bb csak h\u00e9tv\u00e9gente kezdtek sz\u00e1lling\u00f3zni a vev\u0151k. Mostanra azonban egyre n\u0151 a sz\u00e1muk, m\u00e9g \u00fagy is, hogy a hat\u00e1rokon csak az ing\u00e1z\u00f3k mehetnek \u00e1t. A kor\u00e1bbi forgalom 70-80%-\u00e1t bonyol\u00edtjuk \u00fagy, hogy csup\u00e1n az Ausztri\u00e1ban \u00e9l\u0151k, f\u0151k\u00e9nt csal\u00e1dok \u00e9rkeznek \u2013 jelezte. Ami pedig a hat\u00e1r\u00e1tl\u00e9p\u00e9st illeti, arr\u00f3l elmondta: \u2013 A munkarendem miatt szerencs\u00e9m van, h\u00e1romnegyed \u00f3r\u00e1n\u00e1l t\u00f6bbet m\u00e9g nem kellett v\u00e1rnom, de aki kora reggel indul, annak id\u0151nk\u00e9nt a m\u00e1sf\u00e9l \u00f3ra is kin\u00e9z. Kifel\u00e9 \u00e9s befel\u00e9 is ellen\u0151riznek a hat\u00e1ron, s k\u00e9rik a munk\u00e1ltat\u00f3i igazol\u00e1st, negat\u00edv koronav\u00edrustesztet viszont eddig sehol nem kellett felmutatnom. J\u00faniust\u00f3l a magyar \u00e9s az osztr\u00e1k \u00e1llampolg\u00e1rok mam\u00e1r szabadabban mozoghatnak egym\u00e1s orsz\u00e1gai k\u00f6z\u00f6tt. A statisztik\u00e1k szerint a Gy\u0151r-Moson-Sopron megy\u00e9ben \u00e9l\u0151k 12%-a, mintegy 25 ezer ember j\u00e1rt \u00e1t naponta a hat\u00e1ron t\u00falra (f\u0151leg Ausztri\u00e1ba) dolgozni, ami messze a legt\u00f6bb az eg\u00e9sz orsz\u00e1gban.<\/p>\n<p>Forr\u00e1s: blikk.hu<\/p>\n","protected":false},"excerpt":{"rendered":"<p>Lassan javul az Ausztri\u00e1ba ing\u00e1z\u00f3k helyzete a j\u00e1rv\u00e1ny ut\u00e1ni helyzetben. B\u00e1r sok ezer magyar elvesz\u00edtette \u00e1ll\u00e1s\u00e1t a koronav\u00edrus megjelen\u00e9se ut\u00e1n, fokozatosan kezd helyre\u00e1llni a r\u00e9gi rend. Egy magyar ing\u00e1z\u00f3t\u00f3l elmondta: a parndorfi \u00fczletben, ahol dolgozik, m\u00e1r a kor\u00e1bbi forgalom 70-80%-\u00e1t bonyol\u00edtj\u00e1k le csup\u00e1n osztr\u00e1k v\u00e1s\u00e1rl\u00f3kkal is. Ausztri\u00e1ban febru\u00e1rban m\u00e9g t\u00f6bb mint 101 ezer honfit\u00e1rsunk dolgozott, [&hellip;]<\/p>\n","protected":false},"author":1,"featured_media":2301,"comment_status":"open","ping_status":"open","sticky":false,"template":"","format":"standard","meta":{"_monsterinsights_skip_tracking":false,"footnotes":""},"categories":[198,201],"tags":[],"class_list":["post-4045","post","type-post","status-publish","format-standard","has-post-thumbnail","hentry","category-gazdasag","category-kulfold"],"aioseo_notices":[],"aioseo_head":"\n\t\t<!-- All in One SEO 5.0.0.1 - aioseo.com -->\n\t<meta name=\"description\" content=\"Lassan javul az Ausztri\u00e1ba ing\u00e1z\u00f3k helyzete a j\u00e1rv\u00e1ny ut\u00e1ni helyzetben. B\u00e1r sok ezer magyar elvesz\u00edtette \u00e1ll\u00e1s\u00e1t a koronav\u00edrus megjelen\u00e9se ut\u00e1n, fokozatosan kezd helyre\u00e1llni a r\u00e9gi rend. Egy magyar ing\u00e1z\u00f3t\u00f3l elmondta: a parndorfi \u00fczletben, ahol dolgozik, m\u00e1r a kor\u00e1bbi forgalom 70-80%-\u00e1t bonyol\u00edtj\u00e1k le csup\u00e1n osztr\u00e1k v\u00e1s\u00e1rl\u00f3kkal is. Ausztri\u00e1ban febru\u00e1rban m\u00e9g t\u00f6bb mint 101 ezer honfit\u00e1rsunk dolgozott,\" \/>\n\t<meta name=\"robots\" content=\"max-image-preview:large\" \/>\n\t<meta name=\"author\" content=\"Juh\u00e1sz P\u00e9ter\"\/>\n\t<link rel=\"canonical\" href=\"https:\/\/allasorias.hu\/hirek\/magyar-ingazok-ausztriaba\/\" \/>\n\t<meta name=\"generator\" content=\"All in One SEO (AIOSEO) 5.0.0.1\" \/>\n\t\t<meta property=\"og:locale\" content=\"hu_HU\" \/>\n\t\t<meta property=\"og:site_name\" content=\"AllasOrias.hu | H\u00edrek-lapszemle | \u00dczleti h\u00edrek az \u00e1ll\u00e1s \u00e9s a munka vil\u00e1g\u00e1b\u00f3l\" \/>\n\t\t<meta property=\"og:type\" content=\"article\" \/>\n\t\t<meta property=\"og:title\" content=\"Magyar ing\u00e1z\u00f3k Ausztri\u00e1ba | AllasOrias.hu | H\u00edrek-lapszemle\" \/>\n\t\t<meta property=\"og:description\" content=\"Lassan javul az Ausztri\u00e1ba ing\u00e1z\u00f3k helyzete a j\u00e1rv\u00e1ny ut\u00e1ni helyzetben. B\u00e1r sok ezer magyar elvesz\u00edtette \u00e1ll\u00e1s\u00e1t a koronav\u00edrus megjelen\u00e9se ut\u00e1n, fokozatosan kezd helyre\u00e1llni a r\u00e9gi rend. Egy magyar ing\u00e1z\u00f3t\u00f3l elmondta: a parndorfi \u00fczletben, ahol dolgozik, m\u00e1r a kor\u00e1bbi forgalom 70-80%-\u00e1t bonyol\u00edtj\u00e1k le csup\u00e1n osztr\u00e1k v\u00e1s\u00e1rl\u00f3kkal is. Ausztri\u00e1ban febru\u00e1rban m\u00e9g t\u00f6bb mint 101 ezer honfit\u00e1rsunk dolgozott,\" \/>\n\t\t<meta property=\"og:url\" content=\"https:\/\/allasorias.hu\/hirek\/magyar-ingazok-ausztriaba\/\" \/>\n\t\t<meta property=\"og:image\" content=\"https:\/\/allasorias.hu\/hirek\/wp-content\/uploads\/2018\/12\/flaga-austrii_1401-60.jpg\" \/>\n\t\t<meta property=\"og:image:secure_url\" content=\"https:\/\/allasorias.hu\/hirek\/wp-content\/uploads\/2018\/12\/flaga-austrii_1401-60.jpg\" \/>\n\t\t<meta property=\"og:image:width\" content=\"626\" \/>\n\t\t<meta property=\"og:image:height\" content=\"417\" \/>\n\t\t<meta property=\"article:published_time\" content=\"2020-06-12T07:25:09+00:00\" \/>\n\t\t<meta property=\"article:modified_time\" content=\"2020-06-12T07:25:09+00:00\" \/>\n\t\t<meta property=\"article:publisher\" content=\"https:\/\/www.facebook.com\/allasorias\" \/>\n\t\t<meta name=\"twitter:card\" content=\"summary_large_image\" \/>\n\t\t<meta name=\"twitter:title\" content=\"Magyar ing\u00e1z\u00f3k Ausztri\u00e1ba | AllasOrias.hu | H\u00edrek-lapszemle\" \/>\n\t\t<meta name=\"twitter:description\" content=\"Lassan javul az Ausztri\u00e1ba ing\u00e1z\u00f3k helyzete a j\u00e1rv\u00e1ny ut\u00e1ni helyzetben. B\u00e1r sok ezer magyar elvesz\u00edtette \u00e1ll\u00e1s\u00e1t a koronav\u00edrus megjelen\u00e9se ut\u00e1n, fokozatosan kezd helyre\u00e1llni a r\u00e9gi rend. Egy magyar ing\u00e1z\u00f3t\u00f3l elmondta: a parndorfi \u00fczletben, ahol dolgozik, m\u00e1r a kor\u00e1bbi forgalom 70-80%-\u00e1t bonyol\u00edtj\u00e1k le csup\u00e1n osztr\u00e1k v\u00e1s\u00e1rl\u00f3kkal is. Ausztri\u00e1ban febru\u00e1rban m\u00e9g t\u00f6bb mint 101 ezer honfit\u00e1rsunk dolgozott,\" \/>\n\t\t<meta name=\"twitter:image\" content=\"https:\/\/allasorias.hu\/hirek\/wp-content\/uploads\/2018\/12\/flaga-austrii_1401-60.jpg\" \/>\n\t\t<meta name=\"twitter:label1\" content=\"Written by\" \/>\n\t\t<meta name=\"twitter:data1\" content=\"Juh\u00e1sz P\u00e9ter\" \/>\n\t\t<meta name=\"twitter:label2\" content=\"Est. reading time\" \/>\n\t\t<meta name=\"twitter:data2\" content=\"3 minutes\" \/>\n\t\t<script type=\"application\/ld+json\" class=\"aioseo-schema\">\n\t\t\t{\"@context\":\"https:\\\/\\\/schema.org\",\"@graph\":[{\"@type\":\"Article\",\"@id\":\"https:\\\/\\\/allasorias.hu\\\/hirek\\\/magyar-ingazok-ausztriaba\\\/#article\",\"name\":\"Magyar ing\\u00e1z\\u00f3k Ausztri\\u00e1ba | AllasOrias.hu | H\\u00edrek-lapszemle\",\"headline\":\"Magyar ing\\u00e1z\\u00f3k Ausztri\\u00e1ba\",\"author\":{\"@id\":\"https:\\\/\\\/allasorias.hu\\\/hirek\\\/author\\\/admin-allasorias\\\/#author\"},\"publisher\":{\"@id\":\"https:\\\/\\\/allasorias.hu\\\/hirek\\\/#organization\"},\"image\":{\"@type\":\"ImageObject\",\"url\":\"https:\\\/\\\/allasorias.hu\\\/hirek\\\/wp-content\\\/uploads\\\/2018\\\/12\\\/flaga-austrii_1401-60.jpg\",\"width\":626,\"height\":417},\"datePublished\":\"2020-06-12T07:25:09+02:00\",\"dateModified\":\"2020-06-12T07:25:09+02:00\",\"inLanguage\":\"hu-HU\",\"mainEntityOfPage\":{\"@id\":\"https:\\\/\\\/allasorias.hu\\\/hirek\\\/magyar-ingazok-ausztriaba\\\/#webpage\"},\"isPartOf\":{\"@id\":\"https:\\\/\\\/allasorias.hu\\\/hirek\\\/magyar-ingazok-ausztriaba\\\/#webpage\"},\"articleSection\":\"Gazdas\\u00e1g, K\\u00fclf\\u00f6ld\"},{\"@type\":\"BreadcrumbList\",\"@id\":\"https:\\\/\\\/allasorias.hu\\\/hirek\\\/magyar-ingazok-ausztriaba\\\/#breadcrumblist\",\"itemListElement\":[{\"@type\":\"ListItem\",\"@id\":\"https:\\\/\\\/allasorias.hu\\\/hirek#listItem\",\"position\":1,\"name\":\"Home\",\"item\":\"https:\\\/\\\/allasorias.hu\\\/hirek\",\"nextItem\":{\"@type\":\"ListItem\",\"@id\":\"https:\\\/\\\/allasorias.hu\\\/hirek\\\/temak\\\/gazdasag\\\/#listItem\",\"name\":\"Gazdas\\u00e1g\"}},{\"@type\":\"ListItem\",\"@id\":\"https:\\\/\\\/allasorias.hu\\\/hirek\\\/temak\\\/gazdasag\\\/#listItem\",\"position\":2,\"name\":\"Gazdas\\u00e1g\",\"item\":\"https:\\\/\\\/allasorias.hu\\\/hirek\\\/temak\\\/gazdasag\\\/\",\"nextItem\":{\"@type\":\"ListItem\",\"@id\":\"https:\\\/\\\/allasorias.hu\\\/hirek\\\/magyar-ingazok-ausztriaba\\\/#listItem\",\"name\":\"Magyar ing\\u00e1z\\u00f3k Ausztri\\u00e1ba\"},\"previousItem\":{\"@type\":\"ListItem\",\"@id\":\"https:\\\/\\\/allasorias.hu\\\/hirek#listItem\",\"name\":\"Home\"}},{\"@type\":\"ListItem\",\"@id\":\"https:\\\/\\\/allasorias.hu\\\/hirek\\\/magyar-ingazok-ausztriaba\\\/#listItem\",\"position\":3,\"name\":\"Magyar ing\\u00e1z\\u00f3k Ausztri\\u00e1ba\",\"previousItem\":{\"@type\":\"ListItem\",\"@id\":\"https:\\\/\\\/allasorias.hu\\\/hirek\\\/temak\\\/gazdasag\\\/#listItem\",\"name\":\"Gazdas\\u00e1g\"}}]},{\"@type\":\"Organization\",\"@id\":\"https:\\\/\\\/allasorias.hu\\\/hirek\\\/#organization\",\"name\":\"AllasOrias.hu | H\\u00edrek-lapszemle\",\"description\":\"\\u00dczleti h\\u00edrek az \\u00e1ll\\u00e1s \\u00e9s a munka vil\\u00e1g\\u00e1b\\u00f3l\",\"url\":\"https:\\\/\\\/allasorias.hu\\\/hirek\\\/\",\"logo\":{\"@type\":\"ImageObject\",\"url\":\"https:\\\/\\\/allasorias.hu\\\/hirek\\\/wp-content\\\/uploads\\\/2022\\\/10\\\/allasorias_site_facebok_logo.png\",\"@id\":\"https:\\\/\\\/allasorias.hu\\\/hirek\\\/magyar-ingazok-ausztriaba\\\/#organizationLogo\"},\"image\":{\"@id\":\"https:\\\/\\\/allasorias.hu\\\/hirek\\\/magyar-ingazok-ausztriaba\\\/#organizationLogo\"},\"sameAs\":[\"https:\\\/\\\/www.facebook.com\\\/allasorias\",\"https:\\\/\\\/www.linkedin.com\\\/company\\\/allasorias\"]},{\"@type\":\"Person\",\"@id\":\"https:\\\/\\\/allasorias.hu\\\/hirek\\\/author\\\/admin-allasorias\\\/#author\",\"url\":\"https:\\\/\\\/allasorias.hu\\\/hirek\\\/author\\\/admin-allasorias\\\/\",\"name\":\"Juh\\u00e1sz P\\u00e9ter\",\"image\":{\"@type\":\"ImageObject\",\"@id\":\"https:\\\/\\\/allasorias.hu\\\/hirek\\\/magyar-ingazok-ausztriaba\\\/#authorImage\",\"url\":\"https:\\\/\\\/secure.gravatar.com\\\/avatar\\\/36e6bcb83148978b992977cb0f54d22feb0cce8a0a849a9410532bb2623ba4c6?s=96&d=mm&r=g\",\"width\":96,\"height\":96,\"caption\":\"Juh\\u00e1sz P\\u00e9ter\"}},{\"@type\":\"WebPage\",\"@id\":\"https:\\\/\\\/allasorias.hu\\\/hirek\\\/magyar-ingazok-ausztriaba\\\/#webpage\",\"url\":\"https:\\\/\\\/allasorias.hu\\\/hirek\\\/magyar-ingazok-ausztriaba\\\/\",\"name\":\"Magyar ing\\u00e1z\\u00f3k Ausztri\\u00e1ba | AllasOrias.hu | H\\u00edrek-lapszemle\",\"description\":\"Lassan javul az Ausztri\\u00e1ba ing\\u00e1z\\u00f3k helyzete a j\\u00e1rv\\u00e1ny ut\\u00e1ni helyzetben. B\\u00e1r sok ezer magyar elvesz\\u00edtette \\u00e1ll\\u00e1s\\u00e1t a koronav\\u00edrus megjelen\\u00e9se ut\\u00e1n, fokozatosan kezd helyre\\u00e1llni a r\\u00e9gi rend. Egy magyar ing\\u00e1z\\u00f3t\\u00f3l elmondta: a parndorfi \\u00fczletben, ahol dolgozik, m\\u00e1r a kor\\u00e1bbi forgalom 70-80%-\\u00e1t bonyol\\u00edtj\\u00e1k le csup\\u00e1n osztr\\u00e1k v\\u00e1s\\u00e1rl\\u00f3kkal is. Ausztri\\u00e1ban febru\\u00e1rban m\\u00e9g t\\u00f6bb mint 101 ezer honfit\\u00e1rsunk dolgozott,\",\"inLanguage\":\"hu-HU\",\"isPartOf\":{\"@id\":\"https:\\\/\\\/allasorias.hu\\\/hirek\\\/#website\"},\"breadcrumb\":{\"@id\":\"https:\\\/\\\/allasorias.hu\\\/hirek\\\/magyar-ingazok-ausztriaba\\\/#breadcrumblist\"},\"author\":{\"@id\":\"https:\\\/\\\/allasorias.hu\\\/hirek\\\/author\\\/admin-allasorias\\\/#author\"},\"creator\":{\"@id\":\"https:\\\/\\\/allasorias.hu\\\/hirek\\\/author\\\/admin-allasorias\\\/#author\"},\"image\":{\"@type\":\"ImageObject\",\"url\":\"https:\\\/\\\/allasorias.hu\\\/hirek\\\/wp-content\\\/uploads\\\/2018\\\/12\\\/flaga-austrii_1401-60.jpg\",\"@id\":\"https:\\\/\\\/allasorias.hu\\\/hirek\\\/magyar-ingazok-ausztriaba\\\/#mainImage\",\"width\":626,\"height\":417},\"primaryImageOfPage\":{\"@id\":\"https:\\\/\\\/allasorias.hu\\\/hirek\\\/magyar-ingazok-ausztriaba\\\/#mainImage\"},\"datePublished\":\"2020-06-12T07:25:09+02:00\",\"dateModified\":\"2020-06-12T07:25:09+02:00\"},{\"@type\":\"WebSite\",\"@id\":\"https:\\\/\\\/allasorias.hu\\\/hirek\\\/#website\",\"url\":\"https:\\\/\\\/allasorias.hu\\\/hirek\\\/\",\"name\":\"AllasOrias.hu | H\\u00edrek-lapszemle\",\"description\":\"\\u00dczleti h\\u00edrek az \\u00e1ll\\u00e1s \\u00e9s a munka vil\\u00e1g\\u00e1b\\u00f3l\",\"inLanguage\":\"hu-HU\",\"publisher\":{\"@id\":\"https:\\\/\\\/allasorias.hu\\\/hirek\\\/#organization\"}}]}\n\t\t<\/script>\n\t\t<!-- All in One SEO -->\n\n","aioseo_head_json":{"title":"Magyar ing\u00e1z\u00f3k Ausztri\u00e1ba | AllasOrias.hu | H\u00edrek-lapszemle","description":"Lassan javul az Ausztri\u00e1ba ing\u00e1z\u00f3k helyzete a j\u00e1rv\u00e1ny ut\u00e1ni helyzetben. B\u00e1r sok ezer magyar elvesz\u00edtette \u00e1ll\u00e1s\u00e1t a koronav\u00edrus megjelen\u00e9se ut\u00e1n, fokozatosan kezd helyre\u00e1llni a r\u00e9gi rend. Egy magyar ing\u00e1z\u00f3t\u00f3l elmondta: a parndorfi \u00fczletben, ahol dolgozik, m\u00e1r a kor\u00e1bbi forgalom 70-80%-\u00e1t bonyol\u00edtj\u00e1k le csup\u00e1n osztr\u00e1k v\u00e1s\u00e1rl\u00f3kkal is. Ausztri\u00e1ban febru\u00e1rban m\u00e9g t\u00f6bb mint 101 ezer honfit\u00e1rsunk dolgozott,","canonical_url":"https:\/\/allasorias.hu\/hirek\/magyar-ingazok-ausztriaba\/","robots":"max-image-preview:large","keywords":"","webmasterTools":{"miscellaneous":""},"schema":{"@context":"https:\/\/schema.org","@graph":[{"@type":"Article","@id":"https:\/\/allasorias.hu\/hirek\/magyar-ingazok-ausztriaba\/#article","name":"Magyar ing\u00e1z\u00f3k Ausztri\u00e1ba | AllasOrias.hu | H\u00edrek-lapszemle","headline":"Magyar ing\u00e1z\u00f3k Ausztri\u00e1ba","author":{"@id":"https:\/\/allasorias.hu\/hirek\/author\/admin-allasorias\/#author"},"publisher":{"@id":"https:\/\/allasorias.hu\/hirek\/#organization"},"image":{"@type":"ImageObject","url":"https:\/\/allasorias.hu\/hirek\/wp-content\/uploads\/2018\/12\/flaga-austrii_1401-60.jpg","width":626,"height":417},"datePublished":"2020-06-12T07:25:09+02:00","dateModified":"2020-06-12T07:25:09+02:00","inLanguage":"hu-HU","mainEntityOfPage":{"@id":"https:\/\/allasorias.hu\/hirek\/magyar-ingazok-ausztriaba\/#webpage"},"isPartOf":{"@id":"https:\/\/allasorias.hu\/hirek\/magyar-ingazok-ausztriaba\/#webpage"},"articleSection":"Gazdas\u00e1g, K\u00fclf\u00f6ld"},{"@type":"BreadcrumbList","@id":"https:\/\/allasorias.hu\/hirek\/magyar-ingazok-ausztriaba\/#breadcrumblist","itemListElement":[{"@type":"ListItem","@id":"https:\/\/allasorias.hu\/hirek#listItem","position":1,"name":"Home","item":"https:\/\/allasorias.hu\/hirek","nextItem":{"@type":"ListItem","@id":"https:\/\/allasorias.hu\/hirek\/temak\/gazdasag\/#listItem","name":"Gazdas\u00e1g"}},{"@type":"ListItem","@id":"https:\/\/allasorias.hu\/hirek\/temak\/gazdasag\/#listItem","position":2,"name":"Gazdas\u00e1g","item":"https:\/\/allasorias.hu\/hirek\/temak\/gazdasag\/","nextItem":{"@type":"ListItem","@id":"https:\/\/allasorias.hu\/hirek\/magyar-ingazok-ausztriaba\/#listItem","name":"Magyar ing\u00e1z\u00f3k Ausztri\u00e1ba"},"previousItem":{"@type":"ListItem","@id":"https:\/\/allasorias.hu\/hirek#listItem","name":"Home"}},{"@type":"ListItem","@id":"https:\/\/allasorias.hu\/hirek\/magyar-ingazok-ausztriaba\/#listItem","position":3,"name":"Magyar ing\u00e1z\u00f3k Ausztri\u00e1ba","previousItem":{"@type":"ListItem","@id":"https:\/\/allasorias.hu\/hirek\/temak\/gazdasag\/#listItem","name":"Gazdas\u00e1g"}}]},{"@type":"Organization","@id":"https:\/\/allasorias.hu\/hirek\/#organization","name":"AllasOrias.hu | H\u00edrek-lapszemle","description":"\u00dczleti h\u00edrek az \u00e1ll\u00e1s \u00e9s a munka vil\u00e1g\u00e1b\u00f3l","url":"https:\/\/allasorias.hu\/hirek\/","logo":{"@type":"ImageObject","url":"https:\/\/allasorias.hu\/hirek\/wp-content\/uploads\/2022\/10\/allasorias_site_facebok_logo.png","@id":"https:\/\/allasorias.hu\/hirek\/magyar-ingazok-ausztriaba\/#organizationLogo"},"image":{"@id":"https:\/\/allasorias.hu\/hirek\/magyar-ingazok-ausztriaba\/#organizationLogo"},"sameAs":["https:\/\/www.facebook.com\/allasorias","https:\/\/www.linkedin.com\/company\/allasorias"]},{"@type":"Person","@id":"https:\/\/allasorias.hu\/hirek\/author\/admin-allasorias\/#author","url":"https:\/\/allasorias.hu\/hirek\/author\/admin-allasorias\/","name":"Juh\u00e1sz P\u00e9ter","image":{"@type":"ImageObject","@id":"https:\/\/allasorias.hu\/hirek\/magyar-ingazok-ausztriaba\/#authorImage","url":"https:\/\/secure.gravatar.com\/avatar\/36e6bcb83148978b992977cb0f54d22feb0cce8a0a849a9410532bb2623ba4c6?s=96&d=mm&r=g","width":96,"height":96,"caption":"Juh\u00e1sz P\u00e9ter"}},{"@type":"WebPage","@id":"https:\/\/allasorias.hu\/hirek\/magyar-ingazok-ausztriaba\/#webpage","url":"https:\/\/allasorias.hu\/hirek\/magyar-ingazok-ausztriaba\/","name":"Magyar ing\u00e1z\u00f3k Ausztri\u00e1ba | AllasOrias.hu | H\u00edrek-lapszemle","description":"Lassan javul az Ausztri\u00e1ba ing\u00e1z\u00f3k helyzete a j\u00e1rv\u00e1ny ut\u00e1ni helyzetben. B\u00e1r sok ezer magyar elvesz\u00edtette \u00e1ll\u00e1s\u00e1t a koronav\u00edrus megjelen\u00e9se ut\u00e1n, fokozatosan kezd helyre\u00e1llni a r\u00e9gi rend. Egy magyar ing\u00e1z\u00f3t\u00f3l elmondta: a parndorfi \u00fczletben, ahol dolgozik, m\u00e1r a kor\u00e1bbi forgalom 70-80%-\u00e1t bonyol\u00edtj\u00e1k le csup\u00e1n osztr\u00e1k v\u00e1s\u00e1rl\u00f3kkal is. Ausztri\u00e1ban febru\u00e1rban m\u00e9g t\u00f6bb mint 101 ezer honfit\u00e1rsunk dolgozott,","inLanguage":"hu-HU","isPartOf":{"@id":"https:\/\/allasorias.hu\/hirek\/#website"},"breadcrumb":{"@id":"https:\/\/allasorias.hu\/hirek\/magyar-ingazok-ausztriaba\/#breadcrumblist"},"author":{"@id":"https:\/\/allasorias.hu\/hirek\/author\/admin-allasorias\/#author"},"creator":{"@id":"https:\/\/allasorias.hu\/hirek\/author\/admin-allasorias\/#author"},"image":{"@type":"ImageObject","url":"https:\/\/allasorias.hu\/hirek\/wp-content\/uploads\/2018\/12\/flaga-austrii_1401-60.jpg","@id":"https:\/\/allasorias.hu\/hirek\/magyar-ingazok-ausztriaba\/#mainImage","width":626,"height":417},"primaryImageOfPage":{"@id":"https:\/\/allasorias.hu\/hirek\/magyar-ingazok-ausztriaba\/#mainImage"},"datePublished":"2020-06-12T07:25:09+02:00","dateModified":"2020-06-12T07:25:09+02:00"},{"@type":"WebSite","@id":"https:\/\/allasorias.hu\/hirek\/#website","url":"https:\/\/allasorias.hu\/hirek\/","name":"AllasOrias.hu | H\u00edrek-lapszemle","description":"\u00dczleti h\u00edrek az \u00e1ll\u00e1s \u00e9s a munka vil\u00e1g\u00e1b\u00f3l","inLanguage":"hu-HU","publisher":{"@id":"https:\/\/allasorias.hu\/hirek\/#organization"}}]},"og:locale":"hu_HU","og:site_name":"AllasOrias.hu | H\u00edrek-lapszemle | \u00dczleti h\u00edrek az \u00e1ll\u00e1s \u00e9s a munka vil\u00e1g\u00e1b\u00f3l","og:type":"article","og:title":"Magyar ing\u00e1z\u00f3k Ausztri\u00e1ba | AllasOrias.hu | H\u00edrek-lapszemle","og:description":"Lassan javul az Ausztri\u00e1ba ing\u00e1z\u00f3k helyzete a j\u00e1rv\u00e1ny ut\u00e1ni helyzetben. B\u00e1r sok ezer magyar elvesz\u00edtette \u00e1ll\u00e1s\u00e1t a koronav\u00edrus megjelen\u00e9se ut\u00e1n, fokozatosan kezd helyre\u00e1llni a r\u00e9gi rend. Egy magyar ing\u00e1z\u00f3t\u00f3l elmondta: a parndorfi \u00fczletben, ahol dolgozik, m\u00e1r a kor\u00e1bbi forgalom 70-80%-\u00e1t bonyol\u00edtj\u00e1k le csup\u00e1n osztr\u00e1k v\u00e1s\u00e1rl\u00f3kkal is. Ausztri\u00e1ban febru\u00e1rban m\u00e9g t\u00f6bb mint 101 ezer honfit\u00e1rsunk dolgozott,","og:url":"https:\/\/allasorias.hu\/hirek\/magyar-ingazok-ausztriaba\/","og:image":"https:\/\/allasorias.hu\/hirek\/wp-content\/uploads\/2018\/12\/flaga-austrii_1401-60.jpg","og:image:secure_url":"https:\/\/allasorias.hu\/hirek\/wp-content\/uploads\/2018\/12\/flaga-austrii_1401-60.jpg","og:image:width":626,"og:image:height":417,"article:published_time":"2020-06-12T07:25:09+00:00","article:modified_time":"2020-06-12T07:25:09+00:00","article:publisher":"https:\/\/www.facebook.com\/allasorias","twitter:card":"summary_large_image","twitter:title":"Magyar ing\u00e1z\u00f3k Ausztri\u00e1ba | AllasOrias.hu | H\u00edrek-lapszemle","twitter:description":"Lassan javul az Ausztri\u00e1ba ing\u00e1z\u00f3k helyzete a j\u00e1rv\u00e1ny ut\u00e1ni helyzetben. B\u00e1r sok ezer magyar elvesz\u00edtette \u00e1ll\u00e1s\u00e1t a koronav\u00edrus megjelen\u00e9se ut\u00e1n, fokozatosan kezd helyre\u00e1llni a r\u00e9gi rend. Egy magyar ing\u00e1z\u00f3t\u00f3l elmondta: a parndorfi \u00fczletben, ahol dolgozik, m\u00e1r a kor\u00e1bbi forgalom 70-80%-\u00e1t bonyol\u00edtj\u00e1k le csup\u00e1n osztr\u00e1k v\u00e1s\u00e1rl\u00f3kkal is. Ausztri\u00e1ban febru\u00e1rban m\u00e9g t\u00f6bb mint 101 ezer honfit\u00e1rsunk dolgozott,","twitter:image":"https:\/\/allasorias.hu\/hirek\/wp-content\/uploads\/2018\/12\/flaga-austrii_1401-60.jpg","twitter:label1":"Written by","twitter:data1":"Juh\u00e1sz P\u00e9ter","twitter:label2":"Est. reading time","twitter:data2":"3 minutes"},"aioseo_meta_data":{"post_id":"4045","title":null,"description":null,"keywords":null,"keyphrases":null,"primary_term":null,"canonical_url":null,"og_title":null,"og_description":null,"og_object_type":"default","og_image_type":"default","og_image_url":null,"og_image_width":null,"og_image_height":null,"og_image_custom_url":null,"og_image_custom_fields":null,"og_video":null,"og_custom_url":null,"og_article_section":null,"og_article_tags":null,"twitter_use_og":false,"twitter_card":"default","twitter_image_type":"default","twitter_image_url":null,"twitter_image_custom_url":null,"twitter_image_custom_fields":null,"twitter_title":null,"twitter_description":null,"schema":{"blockGraphs":[],"customGraphs":[],"default":{"data":{"Article":[],"Course":[],"Dataset":[],"FAQPage":[],"Movie":[],"Person":[],"Product":[],"ProductReview":[],"Car":[],"Recipe":[],"Service":[],"SoftwareApplication":[],"WebPage":[]},"graphName":"","isEnabled":true},"graphs":[],"defaultGraph":"","defaultPostTypeGraph":""},"schema_type":null,"schema_type_options":null,"pillar_content":false,"robots_default":true,"robots_noindex":false,"robots_noarchive":false,"robots_nosnippet":false,"robots_nofollow":false,"robots_noimageindex":false,"robots_noodp":false,"robots_notranslate":false,"robots_max_snippet":null,"robots_max_videopreview":null,"robots_max_imagepreview":"large","priority":null,"frequency":null,"location":null,"local_seo":null,"breadcrumb_settings":null,"limit_modified_date":false,"ai":null,"created":"2021-02-01 21:25:04","updated":"2025-10-02 13:55:00","seo_analyzer_scan_date":null,"focus_keyword":null,"additional_keywords":null,"truseo_locale":null},"aioseo_breadcrumb":"<div class=\"aioseo-breadcrumbs\"><span class=\"aioseo-breadcrumb\">\n\t\t\t<a href=\"https:\/\/allasorias.hu\/hirek\" title=\"Home\">Home<\/a>\n\t\t<\/span><span class=\"aioseo-breadcrumb-separator\">&raquo;<\/span><span class=\"aioseo-breadcrumb\">\n\t\t\t<a href=\"https:\/\/allasorias.hu\/hirek\/temak\/gazdasag\/\" title=\"Gazdas\u00e1g\">Gazdas\u00e1g<\/a>\n\t\t<\/span><span class=\"aioseo-breadcrumb-separator\">&raquo;<\/span><span class=\"aioseo-breadcrumb\">\n\t\t\tMagyar ing\u00e1z\u00f3k Ausztri\u00e1ba\n\t\t<\/span><\/div>","aioseo_breadcrumb_json":[{"label":"Home","link":"https:\/\/allasorias.hu\/hirek"},{"label":"Gazdas\u00e1g","link":"https:\/\/allasorias.hu\/hirek\/temak\/gazdasag\/"},{"label":"Magyar ing\u00e1z\u00f3k Ausztri\u00e1ba","link":"https:\/\/allasorias.hu\/hirek\/magyar-ingazok-ausztriaba\/"}],"_links":{"self":[{"href":"https:\/\/allasorias.hu\/hirek\/wp-json\/wp\/v2\/posts\/4045","targetHints":{"allow":["GET"]}}],"collection":[{"href":"https:\/\/allasorias.hu\/hirek\/wp-json\/wp\/v2\/posts"}],"about":[{"href":"https:\/\/allasorias.hu\/hirek\/wp-json\/wp\/v2\/types\/post"}],"author":[{"embeddable":true,"href":"https:\/\/allasorias.hu\/hirek\/wp-json\/wp\/v2\/users\/1"}],"replies":[{"embeddable":true,"href":"https:\/\/allasorias.hu\/hirek\/wp-json\/wp\/v2\/comments?post=4045"}],"version-history":[{"count":1,"href":"https:\/\/allasorias.hu\/hirek\/wp-json\/wp\/v2\/posts\/4045\/revisions"}],"predecessor-version":[{"id":4046,"href":"https:\/\/allasorias.hu\/hirek\/wp-json\/wp\/v2\/posts\/4045\/revisions\/4046"}],"wp:featuredmedia":[{"embeddable":true,"href":"https:\/\/allasorias.hu\/hirek\/wp-json\/wp\/v2\/media\/2301"}],"wp:attachment":[{"href":"https:\/\/allasorias.hu\/hirek\/wp-json\/wp\/v2\/media?parent=4045"}],"wp:term":[{"taxonomy":"category","embeddable":true,"href":"https:\/\/allasorias.hu\/hirek\/wp-json\/wp\/v2\/categories?post=4045"},{"taxonomy":"post_tag","embeddable":true,"href":"https:\/\/allasorias.hu\/hirek\/wp-json\/wp\/v2\/tags?post=4045"}],"curies":[{"name":"wp","href":"https:\/\/api.w.org\/{rel}","templated":true}]}}