{"id":4040,"date":"2020-06-10T07:19:01","date_gmt":"2020-06-10T07:19:01","guid":{"rendered":"https:\/\/allasorias.hu\/hirek\/?p=4040"},"modified":"2020-06-10T07:19:02","modified_gmt":"2020-06-10T07:19:02","slug":"allast-vesztett-magyarok-bizalomvesztes-a-jarvany-miatt","status":"publish","type":"post","link":"https:\/\/allasorias.hu\/hirek\/allast-vesztett-magyarok-bizalomvesztes-a-jarvany-miatt\/","title":{"rendered":"\u00c1ll\u00e1st vesztett magyarok  &#8211; bizalomveszt\u00e9s a j\u00e1rv\u00e1ny miatt"},"content":{"rendered":"<p><strong>\u00dagy t\u0171nik, hogy a lakoss\u00e1g bizalma fokozatosan cs\u00f6kken a korm\u00e1nyzati szervekkel, a helyi vagy nemzetk\u00f6zi hat\u00f3s\u00e1gokkal, valamint a telev\u00edzi\u00f3s h\u00edrekkel szemben, m\u00edg a k\u00f6z\u00f6ss\u00e9gi m\u00e9di\u00e1ban el\u00e9rhet\u0151 COVID-19 tartalmakat egyre hitelesebbnek \u00edt\u00e9lj\u00fck meg. A j\u00e1rv\u00e1ny miatt t\u00f6bb mint 300 ezren vesz\u00edtett\u00e9k el \u00e1ll\u00e1sukat.<\/strong><\/p>\n<p>Tov\u00e1bbra is a tud\u00f3sok, virol\u00f3gusok, valamint a WHO a legmegb\u00edzhat\u00f3bb inform\u00e1ci\u00f3forr\u00e1sok, koroszt\u00e1lyt\u00f3l f\u00fcggetlen\u00fcl. A k\u00f6z\u00f6ss\u00e9gi oldalak valamint a telev\u00edzi\u00f3 bizalmi indexe a legfeljebb szakmunk\u00e1s k\u00e9pes\u00edt\u00e9ssel rendelkez\u0151k k\u00f6r\u00e9ben a legmagasabb, m\u00edg a diplom\u00e1sok c\u00e9lcsoportj\u00e1n a WHO, a helyi eg\u00e9szs\u00e9g\u00fcgyi hat\u00f3s\u00e1gok \u00e9s a tudom\u00e1ny k\u00e9pvisel\u0151i \u00e1ltagon fel\u00fcl prefer\u00e1lt h\u00edrforr\u00e1sok. A COVID-19 j\u00e1rv\u00e1ny k\u00f6vetkezt\u00e9ben \u00e1ll\u00e1sukat ideiglenesen vagy tart\u00f3san elveszt\u0151 akt\u00edv munkav\u00e1llal\u00f3k ar\u00e1nya a legfrissebb becsl\u00e9s szerint 7 sz\u00e1zal\u00e9k, azaz 330 ezer f\u0151t meghalad\u00f3. A m\u00e1rcius \u00f3ta tart\u00f3 le\u00e9p\u00edt\u00e9sek a n\u0151i munkav\u00e1llal\u00f3kat tov\u00e1bbra is nagyobb m\u00e9rt\u00e9kben s\u00fajtj\u00e1k, 9,3% adta ezt a v\u00e1laszt (szemben a f\u00e9rfiak k\u00f6r\u00e9ben m\u00e9rt 5,2%-kal), de enn\u00e9l is magasabb, 10% feletti \u00e9rt\u00e9k m\u00e9rhet\u0151 a fiatal, 30 \u00e9v alatti munkav\u00e1llal\u00f3k k\u00f6r\u00e9ben. A korl\u00e1toz\u00e1sok enyh\u00edt\u00e9s\u00e9vel p\u00e1rhuzamosan az otthoni munkav\u00e9gz\u00e9s ar\u00e1nya m\u00e1r m\u00e1jusban is cs\u00f6kken\u0151 \u00e9rt\u00e9ket mutatott, kiv\u00e9tel ez al\u00f3l a f\u0151iskolai vagy egyetemi diplom\u00e1val rendelkez\u0151k szegmense, ahol a vizsg\u00e1lat szerint tart\u00f3san home office munkav\u00e9gz\u00e9sre rendezkedtek be a munkav\u00e1llal\u00f3k (54,5%-os eml\u00edt\u00e9s).<\/p>\n<p>Forr\u00e1s: penzcentrum.hu<\/p>\n","protected":false},"excerpt":{"rendered":"<p>\u00dagy t\u0171nik, hogy a lakoss\u00e1g bizalma fokozatosan cs\u00f6kken a korm\u00e1nyzati szervekkel, a helyi vagy nemzetk\u00f6zi hat\u00f3s\u00e1gokkal, valamint a telev\u00edzi\u00f3s h\u00edrekkel szemben, m\u00edg a k\u00f6z\u00f6ss\u00e9gi m\u00e9di\u00e1ban el\u00e9rhet\u0151 COVID-19 tartalmakat egyre hitelesebbnek \u00edt\u00e9lj\u00fck meg. A j\u00e1rv\u00e1ny miatt t\u00f6bb mint 300 ezren vesz\u00edtett\u00e9k el \u00e1ll\u00e1sukat. Tov\u00e1bbra is a tud\u00f3sok, virol\u00f3gusok, valamint a WHO a legmegb\u00edzhat\u00f3bb inform\u00e1ci\u00f3forr\u00e1sok, koroszt\u00e1lyt\u00f3l f\u00fcggetlen\u00fcl. [&hellip;]<\/p>\n","protected":false},"author":1,"featured_media":3053,"comment_status":"open","ping_status":"open","sticky":false,"template":"","format":"standard","meta":{"_monsterinsights_skip_tracking":false,"footnotes":""},"categories":[198],"tags":[],"class_list":["post-4040","post","type-post","status-publish","format-standard","has-post-thumbnail","hentry","category-gazdasag"],"aioseo_notices":[],"aioseo_head":"\n\t\t<!-- All in One SEO 5.0.0.1 - aioseo.com -->\n\t<meta name=\"description\" content=\"\u00dagy t\u0171nik, hogy a lakoss\u00e1g bizalma fokozatosan cs\u00f6kken a korm\u00e1nyzati szervekkel, a helyi vagy nemzetk\u00f6zi hat\u00f3s\u00e1gokkal, valamint a telev\u00edzi\u00f3s h\u00edrekkel szemben, m\u00edg a k\u00f6z\u00f6ss\u00e9gi m\u00e9di\u00e1ban el\u00e9rhet\u0151 COVID-19 tartalmakat egyre hitelesebbnek \u00edt\u00e9lj\u00fck meg. A j\u00e1rv\u00e1ny miatt t\u00f6bb mint 300 ezren vesz\u00edtett\u00e9k el \u00e1ll\u00e1sukat. Tov\u00e1bbra is a tud\u00f3sok, virol\u00f3gusok, valamint a WHO a legmegb\u00edzhat\u00f3bb inform\u00e1ci\u00f3forr\u00e1sok, koroszt\u00e1lyt\u00f3l f\u00fcggetlen\u00fcl.\" \/>\n\t<meta name=\"robots\" content=\"max-image-preview:large\" \/>\n\t<meta name=\"author\" content=\"Juh\u00e1sz P\u00e9ter\"\/>\n\t<link rel=\"canonical\" href=\"https:\/\/allasorias.hu\/hirek\/allast-vesztett-magyarok-bizalomvesztes-a-jarvany-miatt\/\" \/>\n\t<meta name=\"generator\" content=\"All in One SEO (AIOSEO) 5.0.0.1\" \/>\n\t\t<meta property=\"og:locale\" content=\"hu_HU\" \/>\n\t\t<meta property=\"og:site_name\" content=\"AllasOrias.hu | H\u00edrek-lapszemle | \u00dczleti h\u00edrek az \u00e1ll\u00e1s \u00e9s a munka vil\u00e1g\u00e1b\u00f3l\" \/>\n\t\t<meta property=\"og:type\" content=\"article\" \/>\n\t\t<meta property=\"og:title\" content=\"\u00c1ll\u00e1st vesztett magyarok \u2013 bizalomveszt\u00e9s a j\u00e1rv\u00e1ny miatt | AllasOrias.hu | H\u00edrek-lapszemle\" \/>\n\t\t<meta property=\"og:description\" content=\"\u00dagy t\u0171nik, hogy a lakoss\u00e1g bizalma fokozatosan cs\u00f6kken a korm\u00e1nyzati szervekkel, a helyi vagy nemzetk\u00f6zi hat\u00f3s\u00e1gokkal, valamint a telev\u00edzi\u00f3s h\u00edrekkel szemben, m\u00edg a k\u00f6z\u00f6ss\u00e9gi m\u00e9di\u00e1ban el\u00e9rhet\u0151 COVID-19 tartalmakat egyre hitelesebbnek \u00edt\u00e9lj\u00fck meg. A j\u00e1rv\u00e1ny miatt t\u00f6bb mint 300 ezren vesz\u00edtett\u00e9k el \u00e1ll\u00e1sukat. Tov\u00e1bbra is a tud\u00f3sok, virol\u00f3gusok, valamint a WHO a legmegb\u00edzhat\u00f3bb inform\u00e1ci\u00f3forr\u00e1sok, koroszt\u00e1lyt\u00f3l f\u00fcggetlen\u00fcl.\" \/>\n\t\t<meta property=\"og:url\" content=\"https:\/\/allasorias.hu\/hirek\/allast-vesztett-magyarok-bizalomvesztes-a-jarvany-miatt\/\" \/>\n\t\t<meta property=\"og:image\" content=\"https:\/\/allasorias.hu\/hirek\/wp-content\/uploads\/2019\/07\/guy-2617866_640.jpg\" \/>\n\t\t<meta property=\"og:image:secure_url\" content=\"https:\/\/allasorias.hu\/hirek\/wp-content\/uploads\/2019\/07\/guy-2617866_640.jpg\" \/>\n\t\t<meta property=\"og:image:width\" content=\"640\" \/>\n\t\t<meta property=\"og:image:height\" content=\"426\" \/>\n\t\t<meta property=\"article:published_time\" content=\"2020-06-10T07:19:01+00:00\" \/>\n\t\t<meta property=\"article:modified_time\" content=\"2020-06-10T07:19:02+00:00\" \/>\n\t\t<meta property=\"article:publisher\" content=\"https:\/\/www.facebook.com\/allasorias\" \/>\n\t\t<meta name=\"twitter:card\" content=\"summary_large_image\" \/>\n\t\t<meta name=\"twitter:title\" content=\"\u00c1ll\u00e1st vesztett magyarok \u2013 bizalomveszt\u00e9s a j\u00e1rv\u00e1ny miatt | AllasOrias.hu | H\u00edrek-lapszemle\" \/>\n\t\t<meta name=\"twitter:description\" content=\"\u00dagy t\u0171nik, hogy a lakoss\u00e1g bizalma fokozatosan cs\u00f6kken a korm\u00e1nyzati szervekkel, a helyi vagy nemzetk\u00f6zi hat\u00f3s\u00e1gokkal, valamint a telev\u00edzi\u00f3s h\u00edrekkel szemben, m\u00edg a k\u00f6z\u00f6ss\u00e9gi m\u00e9di\u00e1ban el\u00e9rhet\u0151 COVID-19 tartalmakat egyre hitelesebbnek \u00edt\u00e9lj\u00fck meg. A j\u00e1rv\u00e1ny miatt t\u00f6bb mint 300 ezren vesz\u00edtett\u00e9k el \u00e1ll\u00e1sukat. Tov\u00e1bbra is a tud\u00f3sok, virol\u00f3gusok, valamint a WHO a legmegb\u00edzhat\u00f3bb inform\u00e1ci\u00f3forr\u00e1sok, koroszt\u00e1lyt\u00f3l f\u00fcggetlen\u00fcl.\" \/>\n\t\t<meta name=\"twitter:image\" content=\"https:\/\/allasorias.hu\/hirek\/wp-content\/uploads\/2019\/07\/guy-2617866_640.jpg\" \/>\n\t\t<meta name=\"twitter:label1\" content=\"Written by\" \/>\n\t\t<meta name=\"twitter:data1\" content=\"Juh\u00e1sz P\u00e9ter\" \/>\n\t\t<meta name=\"twitter:label2\" content=\"Est. reading time\" \/>\n\t\t<meta name=\"twitter:data2\" content=\"2 minutes\" \/>\n\t\t<script type=\"application\/ld+json\" class=\"aioseo-schema\">\n\t\t\t{\"@context\":\"https:\\\/\\\/schema.org\",\"@graph\":[{\"@type\":\"Article\",\"@id\":\"https:\\\/\\\/allasorias.hu\\\/hirek\\\/allast-vesztett-magyarok-bizalomvesztes-a-jarvany-miatt\\\/#article\",\"name\":\"\\u00c1ll\\u00e1st vesztett magyarok \\u2013 bizalomveszt\\u00e9s a j\\u00e1rv\\u00e1ny miatt | AllasOrias.hu | H\\u00edrek-lapszemle\",\"headline\":\"\\u00c1ll\\u00e1st vesztett magyarok  &#8211; bizalomveszt\\u00e9s a j\\u00e1rv\\u00e1ny miatt\",\"author\":{\"@id\":\"https:\\\/\\\/allasorias.hu\\\/hirek\\\/author\\\/admin-allasorias\\\/#author\"},\"publisher\":{\"@id\":\"https:\\\/\\\/allasorias.hu\\\/hirek\\\/#organization\"},\"image\":{\"@type\":\"ImageObject\",\"url\":\"https:\\\/\\\/allasorias.hu\\\/hirek\\\/wp-content\\\/uploads\\\/2019\\\/07\\\/guy-2617866_640.jpg\",\"width\":640,\"height\":426},\"datePublished\":\"2020-06-10T07:19:01+02:00\",\"dateModified\":\"2020-06-10T07:19:02+02:00\",\"inLanguage\":\"hu-HU\",\"mainEntityOfPage\":{\"@id\":\"https:\\\/\\\/allasorias.hu\\\/hirek\\\/allast-vesztett-magyarok-bizalomvesztes-a-jarvany-miatt\\\/#webpage\"},\"isPartOf\":{\"@id\":\"https:\\\/\\\/allasorias.hu\\\/hirek\\\/allast-vesztett-magyarok-bizalomvesztes-a-jarvany-miatt\\\/#webpage\"},\"articleSection\":\"Gazdas\\u00e1g\"},{\"@type\":\"BreadcrumbList\",\"@id\":\"https:\\\/\\\/allasorias.hu\\\/hirek\\\/allast-vesztett-magyarok-bizalomvesztes-a-jarvany-miatt\\\/#breadcrumblist\",\"itemListElement\":[{\"@type\":\"ListItem\",\"@id\":\"https:\\\/\\\/allasorias.hu\\\/hirek#listItem\",\"position\":1,\"name\":\"Home\",\"item\":\"https:\\\/\\\/allasorias.hu\\\/hirek\",\"nextItem\":{\"@type\":\"ListItem\",\"@id\":\"https:\\\/\\\/allasorias.hu\\\/hirek\\\/temak\\\/gazdasag\\\/#listItem\",\"name\":\"Gazdas\\u00e1g\"}},{\"@type\":\"ListItem\",\"@id\":\"https:\\\/\\\/allasorias.hu\\\/hirek\\\/temak\\\/gazdasag\\\/#listItem\",\"position\":2,\"name\":\"Gazdas\\u00e1g\",\"item\":\"https:\\\/\\\/allasorias.hu\\\/hirek\\\/temak\\\/gazdasag\\\/\",\"nextItem\":{\"@type\":\"ListItem\",\"@id\":\"https:\\\/\\\/allasorias.hu\\\/hirek\\\/allast-vesztett-magyarok-bizalomvesztes-a-jarvany-miatt\\\/#listItem\",\"name\":\"\\u00c1ll\\u00e1st vesztett magyarok  &#8211; bizalomveszt\\u00e9s a j\\u00e1rv\\u00e1ny miatt\"},\"previousItem\":{\"@type\":\"ListItem\",\"@id\":\"https:\\\/\\\/allasorias.hu\\\/hirek#listItem\",\"name\":\"Home\"}},{\"@type\":\"ListItem\",\"@id\":\"https:\\\/\\\/allasorias.hu\\\/hirek\\\/allast-vesztett-magyarok-bizalomvesztes-a-jarvany-miatt\\\/#listItem\",\"position\":3,\"name\":\"\\u00c1ll\\u00e1st vesztett magyarok  &#8211; bizalomveszt\\u00e9s a j\\u00e1rv\\u00e1ny miatt\",\"previousItem\":{\"@type\":\"ListItem\",\"@id\":\"https:\\\/\\\/allasorias.hu\\\/hirek\\\/temak\\\/gazdasag\\\/#listItem\",\"name\":\"Gazdas\\u00e1g\"}}]},{\"@type\":\"Organization\",\"@id\":\"https:\\\/\\\/allasorias.hu\\\/hirek\\\/#organization\",\"name\":\"AllasOrias.hu | H\\u00edrek-lapszemle\",\"description\":\"\\u00dczleti h\\u00edrek az \\u00e1ll\\u00e1s \\u00e9s a munka vil\\u00e1g\\u00e1b\\u00f3l\",\"url\":\"https:\\\/\\\/allasorias.hu\\\/hirek\\\/\",\"logo\":{\"@type\":\"ImageObject\",\"url\":\"https:\\\/\\\/allasorias.hu\\\/hirek\\\/wp-content\\\/uploads\\\/2022\\\/10\\\/allasorias_site_facebok_logo.png\",\"@id\":\"https:\\\/\\\/allasorias.hu\\\/hirek\\\/allast-vesztett-magyarok-bizalomvesztes-a-jarvany-miatt\\\/#organizationLogo\"},\"image\":{\"@id\":\"https:\\\/\\\/allasorias.hu\\\/hirek\\\/allast-vesztett-magyarok-bizalomvesztes-a-jarvany-miatt\\\/#organizationLogo\"},\"sameAs\":[\"https:\\\/\\\/www.facebook.com\\\/allasorias\",\"https:\\\/\\\/www.linkedin.com\\\/company\\\/allasorias\"]},{\"@type\":\"Person\",\"@id\":\"https:\\\/\\\/allasorias.hu\\\/hirek\\\/author\\\/admin-allasorias\\\/#author\",\"url\":\"https:\\\/\\\/allasorias.hu\\\/hirek\\\/author\\\/admin-allasorias\\\/\",\"name\":\"Juh\\u00e1sz P\\u00e9ter\",\"image\":{\"@type\":\"ImageObject\",\"@id\":\"https:\\\/\\\/allasorias.hu\\\/hirek\\\/allast-vesztett-magyarok-bizalomvesztes-a-jarvany-miatt\\\/#authorImage\",\"url\":\"https:\\\/\\\/secure.gravatar.com\\\/avatar\\\/36e6bcb83148978b992977cb0f54d22feb0cce8a0a849a9410532bb2623ba4c6?s=96&d=mm&r=g\",\"width\":96,\"height\":96,\"caption\":\"Juh\\u00e1sz P\\u00e9ter\"}},{\"@type\":\"WebPage\",\"@id\":\"https:\\\/\\\/allasorias.hu\\\/hirek\\\/allast-vesztett-magyarok-bizalomvesztes-a-jarvany-miatt\\\/#webpage\",\"url\":\"https:\\\/\\\/allasorias.hu\\\/hirek\\\/allast-vesztett-magyarok-bizalomvesztes-a-jarvany-miatt\\\/\",\"name\":\"\\u00c1ll\\u00e1st vesztett magyarok \\u2013 bizalomveszt\\u00e9s a j\\u00e1rv\\u00e1ny miatt | AllasOrias.hu | H\\u00edrek-lapszemle\",\"description\":\"\\u00dagy t\\u0171nik, hogy a lakoss\\u00e1g bizalma fokozatosan cs\\u00f6kken a korm\\u00e1nyzati szervekkel, a helyi vagy nemzetk\\u00f6zi hat\\u00f3s\\u00e1gokkal, valamint a telev\\u00edzi\\u00f3s h\\u00edrekkel szemben, m\\u00edg a k\\u00f6z\\u00f6ss\\u00e9gi m\\u00e9di\\u00e1ban el\\u00e9rhet\\u0151 COVID-19 tartalmakat egyre hitelesebbnek \\u00edt\\u00e9lj\\u00fck meg. A j\\u00e1rv\\u00e1ny miatt t\\u00f6bb mint 300 ezren vesz\\u00edtett\\u00e9k el \\u00e1ll\\u00e1sukat. Tov\\u00e1bbra is a tud\\u00f3sok, virol\\u00f3gusok, valamint a WHO a legmegb\\u00edzhat\\u00f3bb inform\\u00e1ci\\u00f3forr\\u00e1sok, koroszt\\u00e1lyt\\u00f3l f\\u00fcggetlen\\u00fcl.\",\"inLanguage\":\"hu-HU\",\"isPartOf\":{\"@id\":\"https:\\\/\\\/allasorias.hu\\\/hirek\\\/#website\"},\"breadcrumb\":{\"@id\":\"https:\\\/\\\/allasorias.hu\\\/hirek\\\/allast-vesztett-magyarok-bizalomvesztes-a-jarvany-miatt\\\/#breadcrumblist\"},\"author\":{\"@id\":\"https:\\\/\\\/allasorias.hu\\\/hirek\\\/author\\\/admin-allasorias\\\/#author\"},\"creator\":{\"@id\":\"https:\\\/\\\/allasorias.hu\\\/hirek\\\/author\\\/admin-allasorias\\\/#author\"},\"image\":{\"@type\":\"ImageObject\",\"url\":\"https:\\\/\\\/allasorias.hu\\\/hirek\\\/wp-content\\\/uploads\\\/2019\\\/07\\\/guy-2617866_640.jpg\",\"@id\":\"https:\\\/\\\/allasorias.hu\\\/hirek\\\/allast-vesztett-magyarok-bizalomvesztes-a-jarvany-miatt\\\/#mainImage\",\"width\":640,\"height\":426},\"primaryImageOfPage\":{\"@id\":\"https:\\\/\\\/allasorias.hu\\\/hirek\\\/allast-vesztett-magyarok-bizalomvesztes-a-jarvany-miatt\\\/#mainImage\"},\"datePublished\":\"2020-06-10T07:19:01+02:00\",\"dateModified\":\"2020-06-10T07:19:02+02:00\"},{\"@type\":\"WebSite\",\"@id\":\"https:\\\/\\\/allasorias.hu\\\/hirek\\\/#website\",\"url\":\"https:\\\/\\\/allasorias.hu\\\/hirek\\\/\",\"name\":\"AllasOrias.hu | H\\u00edrek-lapszemle\",\"description\":\"\\u00dczleti h\\u00edrek az \\u00e1ll\\u00e1s \\u00e9s a munka vil\\u00e1g\\u00e1b\\u00f3l\",\"inLanguage\":\"hu-HU\",\"publisher\":{\"@id\":\"https:\\\/\\\/allasorias.hu\\\/hirek\\\/#organization\"}}]}\n\t\t<\/script>\n\t\t<!-- All in One SEO -->\n\n","aioseo_head_json":{"title":"\u00c1ll\u00e1st vesztett magyarok \u2013 bizalomveszt\u00e9s a j\u00e1rv\u00e1ny miatt | AllasOrias.hu | H\u00edrek-lapszemle","description":"\u00dagy t\u0171nik, hogy a lakoss\u00e1g bizalma fokozatosan cs\u00f6kken a korm\u00e1nyzati szervekkel, a helyi vagy nemzetk\u00f6zi hat\u00f3s\u00e1gokkal, valamint a telev\u00edzi\u00f3s h\u00edrekkel szemben, m\u00edg a k\u00f6z\u00f6ss\u00e9gi m\u00e9di\u00e1ban el\u00e9rhet\u0151 COVID-19 tartalmakat egyre hitelesebbnek \u00edt\u00e9lj\u00fck meg. A j\u00e1rv\u00e1ny miatt t\u00f6bb mint 300 ezren vesz\u00edtett\u00e9k el \u00e1ll\u00e1sukat. Tov\u00e1bbra is a tud\u00f3sok, virol\u00f3gusok, valamint a WHO a legmegb\u00edzhat\u00f3bb inform\u00e1ci\u00f3forr\u00e1sok, koroszt\u00e1lyt\u00f3l f\u00fcggetlen\u00fcl.","canonical_url":"https:\/\/allasorias.hu\/hirek\/allast-vesztett-magyarok-bizalomvesztes-a-jarvany-miatt\/","robots":"max-image-preview:large","keywords":"","webmasterTools":{"miscellaneous":""},"schema":{"@context":"https:\/\/schema.org","@graph":[{"@type":"Article","@id":"https:\/\/allasorias.hu\/hirek\/allast-vesztett-magyarok-bizalomvesztes-a-jarvany-miatt\/#article","name":"\u00c1ll\u00e1st vesztett magyarok \u2013 bizalomveszt\u00e9s a j\u00e1rv\u00e1ny miatt | AllasOrias.hu | H\u00edrek-lapszemle","headline":"\u00c1ll\u00e1st vesztett magyarok  &#8211; bizalomveszt\u00e9s a j\u00e1rv\u00e1ny miatt","author":{"@id":"https:\/\/allasorias.hu\/hirek\/author\/admin-allasorias\/#author"},"publisher":{"@id":"https:\/\/allasorias.hu\/hirek\/#organization"},"image":{"@type":"ImageObject","url":"https:\/\/allasorias.hu\/hirek\/wp-content\/uploads\/2019\/07\/guy-2617866_640.jpg","width":640,"height":426},"datePublished":"2020-06-10T07:19:01+02:00","dateModified":"2020-06-10T07:19:02+02:00","inLanguage":"hu-HU","mainEntityOfPage":{"@id":"https:\/\/allasorias.hu\/hirek\/allast-vesztett-magyarok-bizalomvesztes-a-jarvany-miatt\/#webpage"},"isPartOf":{"@id":"https:\/\/allasorias.hu\/hirek\/allast-vesztett-magyarok-bizalomvesztes-a-jarvany-miatt\/#webpage"},"articleSection":"Gazdas\u00e1g"},{"@type":"BreadcrumbList","@id":"https:\/\/allasorias.hu\/hirek\/allast-vesztett-magyarok-bizalomvesztes-a-jarvany-miatt\/#breadcrumblist","itemListElement":[{"@type":"ListItem","@id":"https:\/\/allasorias.hu\/hirek#listItem","position":1,"name":"Home","item":"https:\/\/allasorias.hu\/hirek","nextItem":{"@type":"ListItem","@id":"https:\/\/allasorias.hu\/hirek\/temak\/gazdasag\/#listItem","name":"Gazdas\u00e1g"}},{"@type":"ListItem","@id":"https:\/\/allasorias.hu\/hirek\/temak\/gazdasag\/#listItem","position":2,"name":"Gazdas\u00e1g","item":"https:\/\/allasorias.hu\/hirek\/temak\/gazdasag\/","nextItem":{"@type":"ListItem","@id":"https:\/\/allasorias.hu\/hirek\/allast-vesztett-magyarok-bizalomvesztes-a-jarvany-miatt\/#listItem","name":"\u00c1ll\u00e1st vesztett magyarok  &#8211; bizalomveszt\u00e9s a j\u00e1rv\u00e1ny miatt"},"previousItem":{"@type":"ListItem","@id":"https:\/\/allasorias.hu\/hirek#listItem","name":"Home"}},{"@type":"ListItem","@id":"https:\/\/allasorias.hu\/hirek\/allast-vesztett-magyarok-bizalomvesztes-a-jarvany-miatt\/#listItem","position":3,"name":"\u00c1ll\u00e1st vesztett magyarok  &#8211; bizalomveszt\u00e9s a j\u00e1rv\u00e1ny miatt","previousItem":{"@type":"ListItem","@id":"https:\/\/allasorias.hu\/hirek\/temak\/gazdasag\/#listItem","name":"Gazdas\u00e1g"}}]},{"@type":"Organization","@id":"https:\/\/allasorias.hu\/hirek\/#organization","name":"AllasOrias.hu | H\u00edrek-lapszemle","description":"\u00dczleti h\u00edrek az \u00e1ll\u00e1s \u00e9s a munka vil\u00e1g\u00e1b\u00f3l","url":"https:\/\/allasorias.hu\/hirek\/","logo":{"@type":"ImageObject","url":"https:\/\/allasorias.hu\/hirek\/wp-content\/uploads\/2022\/10\/allasorias_site_facebok_logo.png","@id":"https:\/\/allasorias.hu\/hirek\/allast-vesztett-magyarok-bizalomvesztes-a-jarvany-miatt\/#organizationLogo"},"image":{"@id":"https:\/\/allasorias.hu\/hirek\/allast-vesztett-magyarok-bizalomvesztes-a-jarvany-miatt\/#organizationLogo"},"sameAs":["https:\/\/www.facebook.com\/allasorias","https:\/\/www.linkedin.com\/company\/allasorias"]},{"@type":"Person","@id":"https:\/\/allasorias.hu\/hirek\/author\/admin-allasorias\/#author","url":"https:\/\/allasorias.hu\/hirek\/author\/admin-allasorias\/","name":"Juh\u00e1sz P\u00e9ter","image":{"@type":"ImageObject","@id":"https:\/\/allasorias.hu\/hirek\/allast-vesztett-magyarok-bizalomvesztes-a-jarvany-miatt\/#authorImage","url":"https:\/\/secure.gravatar.com\/avatar\/36e6bcb83148978b992977cb0f54d22feb0cce8a0a849a9410532bb2623ba4c6?s=96&d=mm&r=g","width":96,"height":96,"caption":"Juh\u00e1sz P\u00e9ter"}},{"@type":"WebPage","@id":"https:\/\/allasorias.hu\/hirek\/allast-vesztett-magyarok-bizalomvesztes-a-jarvany-miatt\/#webpage","url":"https:\/\/allasorias.hu\/hirek\/allast-vesztett-magyarok-bizalomvesztes-a-jarvany-miatt\/","name":"\u00c1ll\u00e1st vesztett magyarok \u2013 bizalomveszt\u00e9s a j\u00e1rv\u00e1ny miatt | AllasOrias.hu | H\u00edrek-lapszemle","description":"\u00dagy t\u0171nik, hogy a lakoss\u00e1g bizalma fokozatosan cs\u00f6kken a korm\u00e1nyzati szervekkel, a helyi vagy nemzetk\u00f6zi hat\u00f3s\u00e1gokkal, valamint a telev\u00edzi\u00f3s h\u00edrekkel szemben, m\u00edg a k\u00f6z\u00f6ss\u00e9gi m\u00e9di\u00e1ban el\u00e9rhet\u0151 COVID-19 tartalmakat egyre hitelesebbnek \u00edt\u00e9lj\u00fck meg. A j\u00e1rv\u00e1ny miatt t\u00f6bb mint 300 ezren vesz\u00edtett\u00e9k el \u00e1ll\u00e1sukat. Tov\u00e1bbra is a tud\u00f3sok, virol\u00f3gusok, valamint a WHO a legmegb\u00edzhat\u00f3bb inform\u00e1ci\u00f3forr\u00e1sok, koroszt\u00e1lyt\u00f3l f\u00fcggetlen\u00fcl.","inLanguage":"hu-HU","isPartOf":{"@id":"https:\/\/allasorias.hu\/hirek\/#website"},"breadcrumb":{"@id":"https:\/\/allasorias.hu\/hirek\/allast-vesztett-magyarok-bizalomvesztes-a-jarvany-miatt\/#breadcrumblist"},"author":{"@id":"https:\/\/allasorias.hu\/hirek\/author\/admin-allasorias\/#author"},"creator":{"@id":"https:\/\/allasorias.hu\/hirek\/author\/admin-allasorias\/#author"},"image":{"@type":"ImageObject","url":"https:\/\/allasorias.hu\/hirek\/wp-content\/uploads\/2019\/07\/guy-2617866_640.jpg","@id":"https:\/\/allasorias.hu\/hirek\/allast-vesztett-magyarok-bizalomvesztes-a-jarvany-miatt\/#mainImage","width":640,"height":426},"primaryImageOfPage":{"@id":"https:\/\/allasorias.hu\/hirek\/allast-vesztett-magyarok-bizalomvesztes-a-jarvany-miatt\/#mainImage"},"datePublished":"2020-06-10T07:19:01+02:00","dateModified":"2020-06-10T07:19:02+02:00"},{"@type":"WebSite","@id":"https:\/\/allasorias.hu\/hirek\/#website","url":"https:\/\/allasorias.hu\/hirek\/","name":"AllasOrias.hu | H\u00edrek-lapszemle","description":"\u00dczleti h\u00edrek az \u00e1ll\u00e1s \u00e9s a munka vil\u00e1g\u00e1b\u00f3l","inLanguage":"hu-HU","publisher":{"@id":"https:\/\/allasorias.hu\/hirek\/#organization"}}]},"og:locale":"hu_HU","og:site_name":"AllasOrias.hu | H\u00edrek-lapszemle | \u00dczleti h\u00edrek az \u00e1ll\u00e1s \u00e9s a munka vil\u00e1g\u00e1b\u00f3l","og:type":"article","og:title":"\u00c1ll\u00e1st vesztett magyarok \u2013 bizalomveszt\u00e9s a j\u00e1rv\u00e1ny miatt | AllasOrias.hu | H\u00edrek-lapszemle","og:description":"\u00dagy t\u0171nik, hogy a lakoss\u00e1g bizalma fokozatosan cs\u00f6kken a korm\u00e1nyzati szervekkel, a helyi vagy nemzetk\u00f6zi hat\u00f3s\u00e1gokkal, valamint a telev\u00edzi\u00f3s h\u00edrekkel szemben, m\u00edg a k\u00f6z\u00f6ss\u00e9gi m\u00e9di\u00e1ban el\u00e9rhet\u0151 COVID-19 tartalmakat egyre hitelesebbnek \u00edt\u00e9lj\u00fck meg. A j\u00e1rv\u00e1ny miatt t\u00f6bb mint 300 ezren vesz\u00edtett\u00e9k el \u00e1ll\u00e1sukat. Tov\u00e1bbra is a tud\u00f3sok, virol\u00f3gusok, valamint a WHO a legmegb\u00edzhat\u00f3bb inform\u00e1ci\u00f3forr\u00e1sok, koroszt\u00e1lyt\u00f3l f\u00fcggetlen\u00fcl.","og:url":"https:\/\/allasorias.hu\/hirek\/allast-vesztett-magyarok-bizalomvesztes-a-jarvany-miatt\/","og:image":"https:\/\/allasorias.hu\/hirek\/wp-content\/uploads\/2019\/07\/guy-2617866_640.jpg","og:image:secure_url":"https:\/\/allasorias.hu\/hirek\/wp-content\/uploads\/2019\/07\/guy-2617866_640.jpg","og:image:width":640,"og:image:height":426,"article:published_time":"2020-06-10T07:19:01+00:00","article:modified_time":"2020-06-10T07:19:02+00:00","article:publisher":"https:\/\/www.facebook.com\/allasorias","twitter:card":"summary_large_image","twitter:title":"\u00c1ll\u00e1st vesztett magyarok \u2013 bizalomveszt\u00e9s a j\u00e1rv\u00e1ny miatt | AllasOrias.hu | H\u00edrek-lapszemle","twitter:description":"\u00dagy t\u0171nik, hogy a lakoss\u00e1g bizalma fokozatosan cs\u00f6kken a korm\u00e1nyzati szervekkel, a helyi vagy nemzetk\u00f6zi hat\u00f3s\u00e1gokkal, valamint a telev\u00edzi\u00f3s h\u00edrekkel szemben, m\u00edg a k\u00f6z\u00f6ss\u00e9gi m\u00e9di\u00e1ban el\u00e9rhet\u0151 COVID-19 tartalmakat egyre hitelesebbnek \u00edt\u00e9lj\u00fck meg. A j\u00e1rv\u00e1ny miatt t\u00f6bb mint 300 ezren vesz\u00edtett\u00e9k el \u00e1ll\u00e1sukat. Tov\u00e1bbra is a tud\u00f3sok, virol\u00f3gusok, valamint a WHO a legmegb\u00edzhat\u00f3bb inform\u00e1ci\u00f3forr\u00e1sok, koroszt\u00e1lyt\u00f3l f\u00fcggetlen\u00fcl.","twitter:image":"https:\/\/allasorias.hu\/hirek\/wp-content\/uploads\/2019\/07\/guy-2617866_640.jpg","twitter:label1":"Written by","twitter:data1":"Juh\u00e1sz P\u00e9ter","twitter:label2":"Est. reading time","twitter:data2":"2 minutes"},"aioseo_meta_data":{"post_id":"4040","title":null,"description":null,"keywords":null,"keyphrases":null,"primary_term":null,"canonical_url":null,"og_title":null,"og_description":null,"og_object_type":"default","og_image_type":"default","og_image_url":null,"og_image_width":null,"og_image_height":null,"og_image_custom_url":null,"og_image_custom_fields":null,"og_video":null,"og_custom_url":null,"og_article_section":null,"og_article_tags":null,"twitter_use_og":false,"twitter_card":"default","twitter_image_type":"default","twitter_image_url":null,"twitter_image_custom_url":null,"twitter_image_custom_fields":null,"twitter_title":null,"twitter_description":null,"schema":{"blockGraphs":[],"customGraphs":[],"default":{"data":{"Article":[],"Course":[],"Dataset":[],"FAQPage":[],"Movie":[],"Person":[],"Product":[],"ProductReview":[],"Car":[],"Recipe":[],"Service":[],"SoftwareApplication":[],"WebPage":[]},"graphName":"","isEnabled":true},"graphs":[]},"schema_type":null,"schema_type_options":null,"pillar_content":false,"robots_default":true,"robots_noindex":false,"robots_noarchive":false,"robots_nosnippet":false,"robots_nofollow":false,"robots_noimageindex":false,"robots_noodp":false,"robots_notranslate":false,"robots_max_snippet":null,"robots_max_videopreview":null,"robots_max_imagepreview":"large","priority":null,"frequency":null,"location":null,"local_seo":null,"breadcrumb_settings":null,"limit_modified_date":false,"ai":null,"created":"2021-02-01 21:25:04","updated":"2025-10-02 13:55:00","seo_analyzer_scan_date":null,"focus_keyword":null,"additional_keywords":null,"truseo_locale":null},"aioseo_breadcrumb":"<div class=\"aioseo-breadcrumbs\"><span class=\"aioseo-breadcrumb\">\n\t\t\t<a href=\"https:\/\/allasorias.hu\/hirek\" title=\"Home\">Home<\/a>\n\t\t<\/span><span class=\"aioseo-breadcrumb-separator\">&raquo;<\/span><span class=\"aioseo-breadcrumb\">\n\t\t\t<a href=\"https:\/\/allasorias.hu\/hirek\/temak\/gazdasag\/\" title=\"Gazdas\u00e1g\">Gazdas\u00e1g<\/a>\n\t\t<\/span><span class=\"aioseo-breadcrumb-separator\">&raquo;<\/span><span class=\"aioseo-breadcrumb\">\n\t\t\t\u00c1ll\u00e1st vesztett magyarok  \u2013 bizalomveszt\u00e9s a j\u00e1rv\u00e1ny miatt\n\t\t<\/span><\/div>","aioseo_breadcrumb_json":[{"label":"Home","link":"https:\/\/allasorias.hu\/hirek"},{"label":"Gazdas\u00e1g","link":"https:\/\/allasorias.hu\/hirek\/temak\/gazdasag\/"},{"label":"\u00c1ll\u00e1st vesztett magyarok  &#8211; bizalomveszt\u00e9s a j\u00e1rv\u00e1ny miatt","link":"https:\/\/allasorias.hu\/hirek\/allast-vesztett-magyarok-bizalomvesztes-a-jarvany-miatt\/"}],"_links":{"self":[{"href":"https:\/\/allasorias.hu\/hirek\/wp-json\/wp\/v2\/posts\/4040","targetHints":{"allow":["GET"]}}],"collection":[{"href":"https:\/\/allasorias.hu\/hirek\/wp-json\/wp\/v2\/posts"}],"about":[{"href":"https:\/\/allasorias.hu\/hirek\/wp-json\/wp\/v2\/types\/post"}],"author":[{"embeddable":true,"href":"https:\/\/allasorias.hu\/hirek\/wp-json\/wp\/v2\/users\/1"}],"replies":[{"embeddable":true,"href":"https:\/\/allasorias.hu\/hirek\/wp-json\/wp\/v2\/comments?post=4040"}],"version-history":[{"count":1,"href":"https:\/\/allasorias.hu\/hirek\/wp-json\/wp\/v2\/posts\/4040\/revisions"}],"predecessor-version":[{"id":4041,"href":"https:\/\/allasorias.hu\/hirek\/wp-json\/wp\/v2\/posts\/4040\/revisions\/4041"}],"wp:featuredmedia":[{"embeddable":true,"href":"https:\/\/allasorias.hu\/hirek\/wp-json\/wp\/v2\/media\/3053"}],"wp:attachment":[{"href":"https:\/\/allasorias.hu\/hirek\/wp-json\/wp\/v2\/media?parent=4040"}],"wp:term":[{"taxonomy":"category","embeddable":true,"href":"https:\/\/allasorias.hu\/hirek\/wp-json\/wp\/v2\/categories?post=4040"},{"taxonomy":"post_tag","embeddable":true,"href":"https:\/\/allasorias.hu\/hirek\/wp-json\/wp\/v2\/tags?post=4040"}],"curies":[{"name":"wp","href":"https:\/\/api.w.org\/{rel}","templated":true}]}}