{"id":4017,"date":"2020-06-03T08:10:37","date_gmt":"2020-06-03T08:10:37","guid":{"rendered":"https:\/\/allasorias.hu\/hirek\/?p=4017"},"modified":"2020-06-03T08:10:37","modified_gmt":"2020-06-03T08:10:37","slug":"meg-no-a-munkanelkuliseg-nehez-visszaterni-a-februari-allapotra","status":"publish","type":"post","link":"https:\/\/allasorias.hu\/hirek\/meg-no-a-munkanelkuliseg-nehez-visszaterni-a-februari-allapotra\/","title":{"rendered":"M\u00e9g n\u0151 a munkan\u00e9lk\u00fclis\u00e9g, neh\u00e9z visszat\u00e9rni a febru\u00e1ri \u00e1llapotra"},"content":{"rendered":"<p><strong>Egyel\u0151re n\u00f6vekszik a munkan\u00e9lk\u00fclis\u00e9g, amit a j\u00e1rv\u00e1ny hozott mag\u00e1val, azonban vannak orsz\u00e1gok, ahol m\u00e1r cs\u00f6kken\u00e9s tapasztalhat\u00f3. A v\u00e1ls\u00e1g hat\u00e1s\u00e1ra a kkv-szektorban ism\u00e9t er\u0151s\u00f6dik a feketegazdas\u00e1g \u00e9s a zsebbe fizet\u00e9s \u2013 v\u00e9li Baja S\u00e1ndor, a Randstad Hungary Kft \u00fcgyvezet\u0151 igazgat\u00f3ja. Szerinte ugyanakkor pozit\u00edvumnak tekinthet\u0151, hogy az elm\u00falt h\u00f3napban m\u00e1r n\u00f6vekedni kezdtek a munkaer\u0151-k\u00f6zvet\u00edt\u0151 v\u00e1llalat megrendel\u00e9sei. <\/strong><\/p>\n<p>A munkan\u00e9lk\u00fclis\u00e9gi r\u00e1t\u00e1k visszatekint\u0151 jelleg\u00fck miatt egy-k\u00e9t h\u00f3napig m\u00e9g lend\u00fcletesen n\u00f6vekv\u0151 munkan\u00e9lk\u00fclis\u00e9get jelezhetnek Eur\u00f3pa szerte. Az \u00fajonnan foglalkoztatottak sz\u00e1m\u00e1nak visszaes\u00e9se a LinkedIn \u00e1ll\u00e1skeres\u0151 oldal adatai alapj\u00e1n ugyanakkor m\u00e1jusban t\u00f6bb fejlett orsz\u00e1gban is m\u00e9rs\u00e9kl\u0151dni kezdett. A munkaer\u0151piaci helyzet normaliz\u00e1l\u00f3d\u00e1sa a koronav\u00edrus j\u00e1rv\u00e1nnyal jelent\u0151sen s\u00fajtott Olaszorsz\u00e1g \u00e9s Franciaorsz\u00e1g eset\u00e9ben kifejezetten l\u00e1tv\u00e1nyos. A foglalkoztatotts\u00e1g stabiliz\u00e1l\u00f3d\u00e1sa az Egyes\u00fclt Kir\u00e1lys\u00e1gban, az Egyes\u00fclt \u00c1llamokban \u00e9s Ausztr\u00e1li\u00e1ban is elkezd\u0151dhet. Magyarorsz\u00e1gon Baja S\u00e1ndor, a Randstad Hungary \u00fcgyvezet\u0151 igazgat\u00f3ja szerint messze m\u00e9g a r\u00e9gi j\u00f3 vil\u00e1g. A hirtelen stop nem csak a sz\u00e1llod\u00e1k, \u00e9ttermek, k\u00e1v\u00e9z\u00f3k, az aut\u00f3gy\u00e1rt\u00e1s, az olajipar vagy a k\u00f6zleked\u00e9s eset\u00e9ben l\u00e1that\u00f3, hanem minden szektorban. A kiskereskedelmi l\u00e1ncok n\u00e9h\u00e1ny kiv\u00e9tellel h\u00fasv\u00e9t \u00f3ta szenvednek, az SSC szolg\u00e1ltat\u00f3 k\u00f6zpontok meg\u00e1lltak, az IT projekteket z\u00e1rolt\u00e1k. A gy\u00f3gyszergy\u00e1rt\u00f3 szektor teljes\u00edtm\u00e9nye ideiglenesen j\u00f3 lehet, de a fizet\u0151k\u00e9pes kereslet m\u00e9rs\u00e9kl\u0151d\u00e9se k\u00f6z\u00e9pt\u00e1von megt\u00f6rheti a lend\u00fcletet. Egyre nagyobb sz\u00e1mban l\u00e1that\u00f3, hogy a dolgoz\u00f3kn\u00e1l visszavett\u00e9k a fizet\u00e9st, t\u00f6r\u00f6lt\u00e9k a b\u00f3nuszt, elbocs\u00e1tottak. A kkv szektorban ism\u00e9t er\u0151s\u00f6dik a fekete gazdas\u00e1g, a zsebbe fizet\u00e9s.\u00a0 Randstad Hungary \u00fcgyvezet\u0151 igazgat\u00f3j\u00e1nak megl\u00e1t\u00e1sa szerint a j\u00e1rv\u00e1ny visszaszorul\u00e1sa oldhatja a sz\u00f6rny\u0171 sokkot, de a febru\u00e1ri szintekre r\u00f6vidt\u00e1von nem t\u00e9r\u00fcnk vissza \u00e9s m\u00e9g akkor is k\u00e9rd\u00e9ses, hogy az aut\u00f3ipar vagy az irodaipar milyen \u00faj norm\u00e1kkal t\u00e9r majd mag\u00e1hoz. A cseh p\u00e9nz\u00fcgyminiszter Alena Schillerov\u00e1 p\u00e9ld\u00e1ul 3 \u00e9vet j\u00f3sol a visszat\u00e9r\u00e9shez. A pozit\u00edv munkaer\u0151piaci fordulat el\u0151jele lehet ugyanakkor, hogy a m\u00falt h\u00f3nap sor\u00e1n siker\u00fclt feltorn\u00e1szni 300-ra a munkaer\u0151k\u00f6zvet\u00edt\u0151 v\u00e1llalat megrendel\u00e9seit a kor\u00e1bbi 250-es m\u00e9lypontr\u00f3l. \u00d6sszehasonl\u00edt\u00e1sk\u00e9ppen febru\u00e1rban m\u00e9g 550 k\u00fcl\u00f6nb\u00f6z\u0151 \u00e1ll\u00e1shirdet\u00e9s volt a t\u00e1rban. Ehhez azonban hatalmas \u00e9rt\u00e9kes\u00edt\u0151i er\u0151fesz\u00edt\u00e9sre volt sz\u00fcks\u00e9g, h\u00e1romszor annyi c\u00e9get kellett felh\u00edvnia a Randstad \u00e9rt\u00e9kes\u00edt\u0151i munkat\u00e1rsainak, mint kor\u00e1bban. Emiatt m\u00e9g id\u0151re van sz\u00fcks\u00e9g, hogy tiszt\u00e1n kivehet\u0151 legyen a munkaer\u0151piaci fordulat. Az el\u0151rel\u00e1t\u00f3 v\u00e1llalkoz\u00e1sok m\u00e1sr\u00e9szr\u0151l tov\u00e1bbra is megpr\u00f3b\u00e1lhatj\u00e1k megtartani a min\u0151s\u00e9gi munkaer\u0151t. Nem szabad elfelejteni, hogy a demogr\u00e1fiai kil\u00e1t\u00e1sok v\u00e1ltozatlanul kedvez\u0151tlenek. Magyarorsz\u00e1g lakoss\u00e1ga tov\u00e1bb fogy, azaz m\u00e9g mindig kev\u00e9s a j\u00f3 szakember. A Randstad Hungary az els\u0151 negyed\u00e9vben realiz\u00e1lta az eddigi legnagyobb \u00e1rbev\u00e9tel\u00e9t \u00e9s nett\u00f3 profitj\u00e1t. Ut\u00e1na indult el a hull\u00e1mvas\u00fat. A Randstad nem vesztett, s\u0151t nyert a munkaer\u0151k\u00f6lcs\u00f6nz\u00e9s ter\u00fclet\u00e9n. A c\u00e9gek ugyanis a rugalmasabb megold\u00e1sok fel\u00e9 hajlanak. A nagyobb \u2013 SSC, olajipari, gy\u00e1rt\u00f3ipari \u2013 \u00fcgyfelek viszont m\u00e9g nem mutatnak jelent\u0151s aktivit\u00e1st. A Randstad Hungary-n\u00e9l nem cs\u00f6kkentett\u00e9k a munkaid\u0151t, a v\u00e1ls\u00e1g miatt nem k\u00fcldtek el embert. Emiatt siker\u00fclt a kisebb sz\u00e1m\u00fa megb\u00edz\u00e1st gyorsabban teljes\u00edteni\u00fck \u00e9s \u00e9rt\u00e9kes\u00edt\u00e9si er\u0151fesz\u00edt\u00e9seik r\u00e9v\u00e9n a felsz\u00ednen maradni \u2013 vil\u00e1g\u00edtott r\u00e1 Baja S\u00e1ndor. A munkaer\u0151k\u00f6zvet\u00edt\u0151 v\u00e1llalat k\u00fcsz\u00f6b\u00f6n \u00e1ll\u00f3 irodav\u00e1lt\u00e1s\u00e1nak \u00e9rdekes k\u00e9rd\u00e9se az \u00faj \u201enorm\u00e1l\u201d: mekkora szerepe lesz a j\u00f6v\u0151ben a most j\u00f3l bev\u00e1lt home office-nak, lesz-e t\u00e1rsadalmi t\u00e1vols\u00e1gtart\u00e1s, mi lesz az iroda c\u00e9lja, mekkora ter\u00fclet kell majd a k\u00e9s\u0151bbiekben? A Randstad-n\u00e1l a m\u00falt h\u00e9tt\u0151l A \u00e9s B h\u00e9t rendszerben visszanyitott\u00e1k az irod\u00e1t, de az els\u0151 hetekben nem volt k\u00f6telez\u0151 a visszat\u00e9r\u00e9s. A dolgoz\u00f3k megk\u00f6zel\u00edt\u0151leg 20 sz\u00e1zal\u00e9ka \u00e9lt a nyit\u00e1s lehet\u0151s\u00e9g\u00e9vel.<\/p>\n<p>Forr\u00e1s: novekedes.hu<\/p>\n","protected":false},"excerpt":{"rendered":"<p>Egyel\u0151re n\u00f6vekszik a munkan\u00e9lk\u00fclis\u00e9g, amit a j\u00e1rv\u00e1ny hozott mag\u00e1val, azonban vannak orsz\u00e1gok, ahol m\u00e1r cs\u00f6kken\u00e9s tapasztalhat\u00f3. A v\u00e1ls\u00e1g hat\u00e1s\u00e1ra a kkv-szektorban ism\u00e9t er\u0151s\u00f6dik a feketegazdas\u00e1g \u00e9s a zsebbe fizet\u00e9s \u2013 v\u00e9li Baja S\u00e1ndor, a Randstad Hungary Kft \u00fcgyvezet\u0151 igazgat\u00f3ja. Szerinte ugyanakkor pozit\u00edvumnak tekinthet\u0151, hogy az elm\u00falt h\u00f3napban m\u00e1r n\u00f6vekedni kezdtek a munkaer\u0151-k\u00f6zvet\u00edt\u0151 v\u00e1llalat megrendel\u00e9sei. A [&hellip;]<\/p>\n","protected":false},"author":1,"featured_media":3735,"comment_status":"open","ping_status":"open","sticky":false,"template":"","format":"standard","meta":{"_monsterinsights_skip_tracking":false,"footnotes":""},"categories":[198,200],"tags":[],"class_list":["post-4017","post","type-post","status-publish","format-standard","has-post-thumbnail","hentry","category-gazdasag","category-munkaeropiac"],"aioseo_notices":[],"aioseo_head":"\n\t\t<!-- All in One SEO 5.0.0.1 - aioseo.com -->\n\t<meta name=\"description\" content=\"Egyel\u0151re n\u00f6vekszik a munkan\u00e9lk\u00fclis\u00e9g, amit a j\u00e1rv\u00e1ny hozott mag\u00e1val, azonban vannak orsz\u00e1gok, ahol m\u00e1r cs\u00f6kken\u00e9s tapasztalhat\u00f3. A v\u00e1ls\u00e1g hat\u00e1s\u00e1ra a kkv-szektorban ism\u00e9t er\u0151s\u00f6dik a feketegazdas\u00e1g \u00e9s a zsebbe fizet\u00e9s \u2013 v\u00e9li Baja S\u00e1ndor, a Randstad Hungary Kft \u00fcgyvezet\u0151 igazgat\u00f3ja. Szerinte ugyanakkor pozit\u00edvumnak tekinthet\u0151, hogy az elm\u00falt h\u00f3napban m\u00e1r n\u00f6vekedni kezdtek a munkaer\u0151-k\u00f6zvet\u00edt\u0151 v\u00e1llalat megrendel\u00e9sei. A\" \/>\n\t<meta name=\"robots\" content=\"max-image-preview:large\" \/>\n\t<meta name=\"author\" content=\"Juh\u00e1sz P\u00e9ter\"\/>\n\t<link rel=\"canonical\" href=\"https:\/\/allasorias.hu\/hirek\/meg-no-a-munkanelkuliseg-nehez-visszaterni-a-februari-allapotra\/\" \/>\n\t<meta name=\"generator\" content=\"All in One SEO (AIOSEO) 5.0.0.1\" \/>\n\t\t<meta property=\"og:locale\" content=\"hu_HU\" \/>\n\t\t<meta property=\"og:site_name\" content=\"AllasOrias.hu | H\u00edrek-lapszemle | \u00dczleti h\u00edrek az \u00e1ll\u00e1s \u00e9s a munka vil\u00e1g\u00e1b\u00f3l\" \/>\n\t\t<meta property=\"og:type\" content=\"article\" \/>\n\t\t<meta property=\"og:title\" content=\"M\u00e9g n\u0151 a munkan\u00e9lk\u00fclis\u00e9g, neh\u00e9z visszat\u00e9rni a febru\u00e1ri \u00e1llapotra | AllasOrias.hu | H\u00edrek-lapszemle\" \/>\n\t\t<meta property=\"og:description\" content=\"Egyel\u0151re n\u00f6vekszik a munkan\u00e9lk\u00fclis\u00e9g, amit a j\u00e1rv\u00e1ny hozott mag\u00e1val, azonban vannak orsz\u00e1gok, ahol m\u00e1r cs\u00f6kken\u00e9s tapasztalhat\u00f3. A v\u00e1ls\u00e1g hat\u00e1s\u00e1ra a kkv-szektorban ism\u00e9t er\u0151s\u00f6dik a feketegazdas\u00e1g \u00e9s a zsebbe fizet\u00e9s \u2013 v\u00e9li Baja S\u00e1ndor, a Randstad Hungary Kft \u00fcgyvezet\u0151 igazgat\u00f3ja. Szerinte ugyanakkor pozit\u00edvumnak tekinthet\u0151, hogy az elm\u00falt h\u00f3napban m\u00e1r n\u00f6vekedni kezdtek a munkaer\u0151-k\u00f6zvet\u00edt\u0151 v\u00e1llalat megrendel\u00e9sei. A\" \/>\n\t\t<meta property=\"og:url\" content=\"https:\/\/allasorias.hu\/hirek\/meg-no-a-munkanelkuliseg-nehez-visszaterni-a-februari-allapotra\/\" \/>\n\t\t<meta property=\"og:image\" content=\"https:\/\/allasorias.hu\/hirek\/wp-content\/uploads\/2020\/01\/target-3845091_640.jpg\" \/>\n\t\t<meta property=\"og:image:secure_url\" content=\"https:\/\/allasorias.hu\/hirek\/wp-content\/uploads\/2020\/01\/target-3845091_640.jpg\" \/>\n\t\t<meta property=\"og:image:width\" content=\"640\" \/>\n\t\t<meta property=\"og:image:height\" content=\"426\" \/>\n\t\t<meta property=\"article:published_time\" content=\"2020-06-03T08:10:37+00:00\" \/>\n\t\t<meta property=\"article:modified_time\" content=\"2020-06-03T08:10:37+00:00\" \/>\n\t\t<meta property=\"article:publisher\" content=\"https:\/\/www.facebook.com\/allasorias\" \/>\n\t\t<meta name=\"twitter:card\" content=\"summary_large_image\" \/>\n\t\t<meta name=\"twitter:title\" content=\"M\u00e9g n\u0151 a munkan\u00e9lk\u00fclis\u00e9g, neh\u00e9z visszat\u00e9rni a febru\u00e1ri \u00e1llapotra | AllasOrias.hu | H\u00edrek-lapszemle\" \/>\n\t\t<meta name=\"twitter:description\" content=\"Egyel\u0151re n\u00f6vekszik a munkan\u00e9lk\u00fclis\u00e9g, amit a j\u00e1rv\u00e1ny hozott mag\u00e1val, azonban vannak orsz\u00e1gok, ahol m\u00e1r cs\u00f6kken\u00e9s tapasztalhat\u00f3. A v\u00e1ls\u00e1g hat\u00e1s\u00e1ra a kkv-szektorban ism\u00e9t er\u0151s\u00f6dik a feketegazdas\u00e1g \u00e9s a zsebbe fizet\u00e9s \u2013 v\u00e9li Baja S\u00e1ndor, a Randstad Hungary Kft \u00fcgyvezet\u0151 igazgat\u00f3ja. Szerinte ugyanakkor pozit\u00edvumnak tekinthet\u0151, hogy az elm\u00falt h\u00f3napban m\u00e1r n\u00f6vekedni kezdtek a munkaer\u0151-k\u00f6zvet\u00edt\u0151 v\u00e1llalat megrendel\u00e9sei. A\" \/>\n\t\t<meta name=\"twitter:image\" content=\"https:\/\/allasorias.hu\/hirek\/wp-content\/uploads\/2020\/01\/target-3845091_640.jpg\" \/>\n\t\t<meta name=\"twitter:label1\" content=\"Written by\" \/>\n\t\t<meta name=\"twitter:data1\" content=\"Juh\u00e1sz P\u00e9ter\" \/>\n\t\t<meta name=\"twitter:label2\" content=\"Est. reading time\" \/>\n\t\t<meta name=\"twitter:data2\" content=\"4 minutes\" \/>\n\t\t<script type=\"application\/ld+json\" class=\"aioseo-schema\">\n\t\t\t{\"@context\":\"https:\\\/\\\/schema.org\",\"@graph\":[{\"@type\":\"Article\",\"@id\":\"https:\\\/\\\/allasorias.hu\\\/hirek\\\/meg-no-a-munkanelkuliseg-nehez-visszaterni-a-februari-allapotra\\\/#article\",\"name\":\"M\\u00e9g n\\u0151 a munkan\\u00e9lk\\u00fclis\\u00e9g, neh\\u00e9z visszat\\u00e9rni a febru\\u00e1ri \\u00e1llapotra | AllasOrias.hu | H\\u00edrek-lapszemle\",\"headline\":\"M\\u00e9g n\\u0151 a munkan\\u00e9lk\\u00fclis\\u00e9g, neh\\u00e9z visszat\\u00e9rni a febru\\u00e1ri \\u00e1llapotra\",\"author\":{\"@id\":\"https:\\\/\\\/allasorias.hu\\\/hirek\\\/author\\\/admin-allasorias\\\/#author\"},\"publisher\":{\"@id\":\"https:\\\/\\\/allasorias.hu\\\/hirek\\\/#organization\"},\"image\":{\"@type\":\"ImageObject\",\"url\":\"https:\\\/\\\/allasorias.hu\\\/hirek\\\/wp-content\\\/uploads\\\/2020\\\/01\\\/target-3845091_640.jpg\",\"width\":640,\"height\":426},\"datePublished\":\"2020-06-03T08:10:37+02:00\",\"dateModified\":\"2020-06-03T08:10:37+02:00\",\"inLanguage\":\"hu-HU\",\"mainEntityOfPage\":{\"@id\":\"https:\\\/\\\/allasorias.hu\\\/hirek\\\/meg-no-a-munkanelkuliseg-nehez-visszaterni-a-februari-allapotra\\\/#webpage\"},\"isPartOf\":{\"@id\":\"https:\\\/\\\/allasorias.hu\\\/hirek\\\/meg-no-a-munkanelkuliseg-nehez-visszaterni-a-februari-allapotra\\\/#webpage\"},\"articleSection\":\"Gazdas\\u00e1g, Munkaer\\u0151piac\"},{\"@type\":\"BreadcrumbList\",\"@id\":\"https:\\\/\\\/allasorias.hu\\\/hirek\\\/meg-no-a-munkanelkuliseg-nehez-visszaterni-a-februari-allapotra\\\/#breadcrumblist\",\"itemListElement\":[{\"@type\":\"ListItem\",\"@id\":\"https:\\\/\\\/allasorias.hu\\\/hirek#listItem\",\"position\":1,\"name\":\"Home\",\"item\":\"https:\\\/\\\/allasorias.hu\\\/hirek\",\"nextItem\":{\"@type\":\"ListItem\",\"@id\":\"https:\\\/\\\/allasorias.hu\\\/hirek\\\/temak\\\/gazdasag\\\/#listItem\",\"name\":\"Gazdas\\u00e1g\"}},{\"@type\":\"ListItem\",\"@id\":\"https:\\\/\\\/allasorias.hu\\\/hirek\\\/temak\\\/gazdasag\\\/#listItem\",\"position\":2,\"name\":\"Gazdas\\u00e1g\",\"item\":\"https:\\\/\\\/allasorias.hu\\\/hirek\\\/temak\\\/gazdasag\\\/\",\"nextItem\":{\"@type\":\"ListItem\",\"@id\":\"https:\\\/\\\/allasorias.hu\\\/hirek\\\/meg-no-a-munkanelkuliseg-nehez-visszaterni-a-februari-allapotra\\\/#listItem\",\"name\":\"M\\u00e9g n\\u0151 a munkan\\u00e9lk\\u00fclis\\u00e9g, neh\\u00e9z visszat\\u00e9rni a febru\\u00e1ri \\u00e1llapotra\"},\"previousItem\":{\"@type\":\"ListItem\",\"@id\":\"https:\\\/\\\/allasorias.hu\\\/hirek#listItem\",\"name\":\"Home\"}},{\"@type\":\"ListItem\",\"@id\":\"https:\\\/\\\/allasorias.hu\\\/hirek\\\/meg-no-a-munkanelkuliseg-nehez-visszaterni-a-februari-allapotra\\\/#listItem\",\"position\":3,\"name\":\"M\\u00e9g n\\u0151 a munkan\\u00e9lk\\u00fclis\\u00e9g, neh\\u00e9z visszat\\u00e9rni a febru\\u00e1ri \\u00e1llapotra\",\"previousItem\":{\"@type\":\"ListItem\",\"@id\":\"https:\\\/\\\/allasorias.hu\\\/hirek\\\/temak\\\/gazdasag\\\/#listItem\",\"name\":\"Gazdas\\u00e1g\"}}]},{\"@type\":\"Organization\",\"@id\":\"https:\\\/\\\/allasorias.hu\\\/hirek\\\/#organization\",\"name\":\"AllasOrias.hu | H\\u00edrek-lapszemle\",\"description\":\"\\u00dczleti h\\u00edrek az \\u00e1ll\\u00e1s \\u00e9s a munka vil\\u00e1g\\u00e1b\\u00f3l\",\"url\":\"https:\\\/\\\/allasorias.hu\\\/hirek\\\/\",\"logo\":{\"@type\":\"ImageObject\",\"url\":\"https:\\\/\\\/allasorias.hu\\\/hirek\\\/wp-content\\\/uploads\\\/2022\\\/10\\\/allasorias_site_facebok_logo.png\",\"@id\":\"https:\\\/\\\/allasorias.hu\\\/hirek\\\/meg-no-a-munkanelkuliseg-nehez-visszaterni-a-februari-allapotra\\\/#organizationLogo\"},\"image\":{\"@id\":\"https:\\\/\\\/allasorias.hu\\\/hirek\\\/meg-no-a-munkanelkuliseg-nehez-visszaterni-a-februari-allapotra\\\/#organizationLogo\"},\"sameAs\":[\"https:\\\/\\\/www.facebook.com\\\/allasorias\",\"https:\\\/\\\/www.linkedin.com\\\/company\\\/allasorias\"]},{\"@type\":\"Person\",\"@id\":\"https:\\\/\\\/allasorias.hu\\\/hirek\\\/author\\\/admin-allasorias\\\/#author\",\"url\":\"https:\\\/\\\/allasorias.hu\\\/hirek\\\/author\\\/admin-allasorias\\\/\",\"name\":\"Juh\\u00e1sz P\\u00e9ter\",\"image\":{\"@type\":\"ImageObject\",\"@id\":\"https:\\\/\\\/allasorias.hu\\\/hirek\\\/meg-no-a-munkanelkuliseg-nehez-visszaterni-a-februari-allapotra\\\/#authorImage\",\"url\":\"https:\\\/\\\/secure.gravatar.com\\\/avatar\\\/36e6bcb83148978b992977cb0f54d22feb0cce8a0a849a9410532bb2623ba4c6?s=96&d=mm&r=g\",\"width\":96,\"height\":96,\"caption\":\"Juh\\u00e1sz P\\u00e9ter\"}},{\"@type\":\"WebPage\",\"@id\":\"https:\\\/\\\/allasorias.hu\\\/hirek\\\/meg-no-a-munkanelkuliseg-nehez-visszaterni-a-februari-allapotra\\\/#webpage\",\"url\":\"https:\\\/\\\/allasorias.hu\\\/hirek\\\/meg-no-a-munkanelkuliseg-nehez-visszaterni-a-februari-allapotra\\\/\",\"name\":\"M\\u00e9g n\\u0151 a munkan\\u00e9lk\\u00fclis\\u00e9g, neh\\u00e9z visszat\\u00e9rni a febru\\u00e1ri \\u00e1llapotra | AllasOrias.hu | H\\u00edrek-lapszemle\",\"description\":\"Egyel\\u0151re n\\u00f6vekszik a munkan\\u00e9lk\\u00fclis\\u00e9g, amit a j\\u00e1rv\\u00e1ny hozott mag\\u00e1val, azonban vannak orsz\\u00e1gok, ahol m\\u00e1r cs\\u00f6kken\\u00e9s tapasztalhat\\u00f3. A v\\u00e1ls\\u00e1g hat\\u00e1s\\u00e1ra a kkv-szektorban ism\\u00e9t er\\u0151s\\u00f6dik a feketegazdas\\u00e1g \\u00e9s a zsebbe fizet\\u00e9s \\u2013 v\\u00e9li Baja S\\u00e1ndor, a Randstad Hungary Kft \\u00fcgyvezet\\u0151 igazgat\\u00f3ja. Szerinte ugyanakkor pozit\\u00edvumnak tekinthet\\u0151, hogy az elm\\u00falt h\\u00f3napban m\\u00e1r n\\u00f6vekedni kezdtek a munkaer\\u0151-k\\u00f6zvet\\u00edt\\u0151 v\\u00e1llalat megrendel\\u00e9sei. A\",\"inLanguage\":\"hu-HU\",\"isPartOf\":{\"@id\":\"https:\\\/\\\/allasorias.hu\\\/hirek\\\/#website\"},\"breadcrumb\":{\"@id\":\"https:\\\/\\\/allasorias.hu\\\/hirek\\\/meg-no-a-munkanelkuliseg-nehez-visszaterni-a-februari-allapotra\\\/#breadcrumblist\"},\"author\":{\"@id\":\"https:\\\/\\\/allasorias.hu\\\/hirek\\\/author\\\/admin-allasorias\\\/#author\"},\"creator\":{\"@id\":\"https:\\\/\\\/allasorias.hu\\\/hirek\\\/author\\\/admin-allasorias\\\/#author\"},\"image\":{\"@type\":\"ImageObject\",\"url\":\"https:\\\/\\\/allasorias.hu\\\/hirek\\\/wp-content\\\/uploads\\\/2020\\\/01\\\/target-3845091_640.jpg\",\"@id\":\"https:\\\/\\\/allasorias.hu\\\/hirek\\\/meg-no-a-munkanelkuliseg-nehez-visszaterni-a-februari-allapotra\\\/#mainImage\",\"width\":640,\"height\":426},\"primaryImageOfPage\":{\"@id\":\"https:\\\/\\\/allasorias.hu\\\/hirek\\\/meg-no-a-munkanelkuliseg-nehez-visszaterni-a-februari-allapotra\\\/#mainImage\"},\"datePublished\":\"2020-06-03T08:10:37+02:00\",\"dateModified\":\"2020-06-03T08:10:37+02:00\"},{\"@type\":\"WebSite\",\"@id\":\"https:\\\/\\\/allasorias.hu\\\/hirek\\\/#website\",\"url\":\"https:\\\/\\\/allasorias.hu\\\/hirek\\\/\",\"name\":\"AllasOrias.hu | H\\u00edrek-lapszemle\",\"description\":\"\\u00dczleti h\\u00edrek az \\u00e1ll\\u00e1s \\u00e9s a munka vil\\u00e1g\\u00e1b\\u00f3l\",\"inLanguage\":\"hu-HU\",\"publisher\":{\"@id\":\"https:\\\/\\\/allasorias.hu\\\/hirek\\\/#organization\"}}]}\n\t\t<\/script>\n\t\t<!-- All in One SEO -->\n\n","aioseo_head_json":{"title":"M\u00e9g n\u0151 a munkan\u00e9lk\u00fclis\u00e9g, neh\u00e9z visszat\u00e9rni a febru\u00e1ri \u00e1llapotra | AllasOrias.hu | H\u00edrek-lapszemle","description":"Egyel\u0151re n\u00f6vekszik a munkan\u00e9lk\u00fclis\u00e9g, amit a j\u00e1rv\u00e1ny hozott mag\u00e1val, azonban vannak orsz\u00e1gok, ahol m\u00e1r cs\u00f6kken\u00e9s tapasztalhat\u00f3. A v\u00e1ls\u00e1g hat\u00e1s\u00e1ra a kkv-szektorban ism\u00e9t er\u0151s\u00f6dik a feketegazdas\u00e1g \u00e9s a zsebbe fizet\u00e9s \u2013 v\u00e9li Baja S\u00e1ndor, a Randstad Hungary Kft \u00fcgyvezet\u0151 igazgat\u00f3ja. Szerinte ugyanakkor pozit\u00edvumnak tekinthet\u0151, hogy az elm\u00falt h\u00f3napban m\u00e1r n\u00f6vekedni kezdtek a munkaer\u0151-k\u00f6zvet\u00edt\u0151 v\u00e1llalat megrendel\u00e9sei. A","canonical_url":"https:\/\/allasorias.hu\/hirek\/meg-no-a-munkanelkuliseg-nehez-visszaterni-a-februari-allapotra\/","robots":"max-image-preview:large","keywords":"","webmasterTools":{"miscellaneous":""},"schema":{"@context":"https:\/\/schema.org","@graph":[{"@type":"Article","@id":"https:\/\/allasorias.hu\/hirek\/meg-no-a-munkanelkuliseg-nehez-visszaterni-a-februari-allapotra\/#article","name":"M\u00e9g n\u0151 a munkan\u00e9lk\u00fclis\u00e9g, neh\u00e9z visszat\u00e9rni a febru\u00e1ri \u00e1llapotra | AllasOrias.hu | H\u00edrek-lapszemle","headline":"M\u00e9g n\u0151 a munkan\u00e9lk\u00fclis\u00e9g, neh\u00e9z visszat\u00e9rni a febru\u00e1ri \u00e1llapotra","author":{"@id":"https:\/\/allasorias.hu\/hirek\/author\/admin-allasorias\/#author"},"publisher":{"@id":"https:\/\/allasorias.hu\/hirek\/#organization"},"image":{"@type":"ImageObject","url":"https:\/\/allasorias.hu\/hirek\/wp-content\/uploads\/2020\/01\/target-3845091_640.jpg","width":640,"height":426},"datePublished":"2020-06-03T08:10:37+02:00","dateModified":"2020-06-03T08:10:37+02:00","inLanguage":"hu-HU","mainEntityOfPage":{"@id":"https:\/\/allasorias.hu\/hirek\/meg-no-a-munkanelkuliseg-nehez-visszaterni-a-februari-allapotra\/#webpage"},"isPartOf":{"@id":"https:\/\/allasorias.hu\/hirek\/meg-no-a-munkanelkuliseg-nehez-visszaterni-a-februari-allapotra\/#webpage"},"articleSection":"Gazdas\u00e1g, Munkaer\u0151piac"},{"@type":"BreadcrumbList","@id":"https:\/\/allasorias.hu\/hirek\/meg-no-a-munkanelkuliseg-nehez-visszaterni-a-februari-allapotra\/#breadcrumblist","itemListElement":[{"@type":"ListItem","@id":"https:\/\/allasorias.hu\/hirek#listItem","position":1,"name":"Home","item":"https:\/\/allasorias.hu\/hirek","nextItem":{"@type":"ListItem","@id":"https:\/\/allasorias.hu\/hirek\/temak\/gazdasag\/#listItem","name":"Gazdas\u00e1g"}},{"@type":"ListItem","@id":"https:\/\/allasorias.hu\/hirek\/temak\/gazdasag\/#listItem","position":2,"name":"Gazdas\u00e1g","item":"https:\/\/allasorias.hu\/hirek\/temak\/gazdasag\/","nextItem":{"@type":"ListItem","@id":"https:\/\/allasorias.hu\/hirek\/meg-no-a-munkanelkuliseg-nehez-visszaterni-a-februari-allapotra\/#listItem","name":"M\u00e9g n\u0151 a munkan\u00e9lk\u00fclis\u00e9g, neh\u00e9z visszat\u00e9rni a febru\u00e1ri \u00e1llapotra"},"previousItem":{"@type":"ListItem","@id":"https:\/\/allasorias.hu\/hirek#listItem","name":"Home"}},{"@type":"ListItem","@id":"https:\/\/allasorias.hu\/hirek\/meg-no-a-munkanelkuliseg-nehez-visszaterni-a-februari-allapotra\/#listItem","position":3,"name":"M\u00e9g n\u0151 a munkan\u00e9lk\u00fclis\u00e9g, neh\u00e9z visszat\u00e9rni a febru\u00e1ri \u00e1llapotra","previousItem":{"@type":"ListItem","@id":"https:\/\/allasorias.hu\/hirek\/temak\/gazdasag\/#listItem","name":"Gazdas\u00e1g"}}]},{"@type":"Organization","@id":"https:\/\/allasorias.hu\/hirek\/#organization","name":"AllasOrias.hu | H\u00edrek-lapszemle","description":"\u00dczleti h\u00edrek az \u00e1ll\u00e1s \u00e9s a munka vil\u00e1g\u00e1b\u00f3l","url":"https:\/\/allasorias.hu\/hirek\/","logo":{"@type":"ImageObject","url":"https:\/\/allasorias.hu\/hirek\/wp-content\/uploads\/2022\/10\/allasorias_site_facebok_logo.png","@id":"https:\/\/allasorias.hu\/hirek\/meg-no-a-munkanelkuliseg-nehez-visszaterni-a-februari-allapotra\/#organizationLogo"},"image":{"@id":"https:\/\/allasorias.hu\/hirek\/meg-no-a-munkanelkuliseg-nehez-visszaterni-a-februari-allapotra\/#organizationLogo"},"sameAs":["https:\/\/www.facebook.com\/allasorias","https:\/\/www.linkedin.com\/company\/allasorias"]},{"@type":"Person","@id":"https:\/\/allasorias.hu\/hirek\/author\/admin-allasorias\/#author","url":"https:\/\/allasorias.hu\/hirek\/author\/admin-allasorias\/","name":"Juh\u00e1sz P\u00e9ter","image":{"@type":"ImageObject","@id":"https:\/\/allasorias.hu\/hirek\/meg-no-a-munkanelkuliseg-nehez-visszaterni-a-februari-allapotra\/#authorImage","url":"https:\/\/secure.gravatar.com\/avatar\/36e6bcb83148978b992977cb0f54d22feb0cce8a0a849a9410532bb2623ba4c6?s=96&d=mm&r=g","width":96,"height":96,"caption":"Juh\u00e1sz P\u00e9ter"}},{"@type":"WebPage","@id":"https:\/\/allasorias.hu\/hirek\/meg-no-a-munkanelkuliseg-nehez-visszaterni-a-februari-allapotra\/#webpage","url":"https:\/\/allasorias.hu\/hirek\/meg-no-a-munkanelkuliseg-nehez-visszaterni-a-februari-allapotra\/","name":"M\u00e9g n\u0151 a munkan\u00e9lk\u00fclis\u00e9g, neh\u00e9z visszat\u00e9rni a febru\u00e1ri \u00e1llapotra | AllasOrias.hu | H\u00edrek-lapszemle","description":"Egyel\u0151re n\u00f6vekszik a munkan\u00e9lk\u00fclis\u00e9g, amit a j\u00e1rv\u00e1ny hozott mag\u00e1val, azonban vannak orsz\u00e1gok, ahol m\u00e1r cs\u00f6kken\u00e9s tapasztalhat\u00f3. A v\u00e1ls\u00e1g hat\u00e1s\u00e1ra a kkv-szektorban ism\u00e9t er\u0151s\u00f6dik a feketegazdas\u00e1g \u00e9s a zsebbe fizet\u00e9s \u2013 v\u00e9li Baja S\u00e1ndor, a Randstad Hungary Kft \u00fcgyvezet\u0151 igazgat\u00f3ja. Szerinte ugyanakkor pozit\u00edvumnak tekinthet\u0151, hogy az elm\u00falt h\u00f3napban m\u00e1r n\u00f6vekedni kezdtek a munkaer\u0151-k\u00f6zvet\u00edt\u0151 v\u00e1llalat megrendel\u00e9sei. A","inLanguage":"hu-HU","isPartOf":{"@id":"https:\/\/allasorias.hu\/hirek\/#website"},"breadcrumb":{"@id":"https:\/\/allasorias.hu\/hirek\/meg-no-a-munkanelkuliseg-nehez-visszaterni-a-februari-allapotra\/#breadcrumblist"},"author":{"@id":"https:\/\/allasorias.hu\/hirek\/author\/admin-allasorias\/#author"},"creator":{"@id":"https:\/\/allasorias.hu\/hirek\/author\/admin-allasorias\/#author"},"image":{"@type":"ImageObject","url":"https:\/\/allasorias.hu\/hirek\/wp-content\/uploads\/2020\/01\/target-3845091_640.jpg","@id":"https:\/\/allasorias.hu\/hirek\/meg-no-a-munkanelkuliseg-nehez-visszaterni-a-februari-allapotra\/#mainImage","width":640,"height":426},"primaryImageOfPage":{"@id":"https:\/\/allasorias.hu\/hirek\/meg-no-a-munkanelkuliseg-nehez-visszaterni-a-februari-allapotra\/#mainImage"},"datePublished":"2020-06-03T08:10:37+02:00","dateModified":"2020-06-03T08:10:37+02:00"},{"@type":"WebSite","@id":"https:\/\/allasorias.hu\/hirek\/#website","url":"https:\/\/allasorias.hu\/hirek\/","name":"AllasOrias.hu | H\u00edrek-lapszemle","description":"\u00dczleti h\u00edrek az \u00e1ll\u00e1s \u00e9s a munka vil\u00e1g\u00e1b\u00f3l","inLanguage":"hu-HU","publisher":{"@id":"https:\/\/allasorias.hu\/hirek\/#organization"}}]},"og:locale":"hu_HU","og:site_name":"AllasOrias.hu | H\u00edrek-lapszemle | \u00dczleti h\u00edrek az \u00e1ll\u00e1s \u00e9s a munka vil\u00e1g\u00e1b\u00f3l","og:type":"article","og:title":"M\u00e9g n\u0151 a munkan\u00e9lk\u00fclis\u00e9g, neh\u00e9z visszat\u00e9rni a febru\u00e1ri \u00e1llapotra | AllasOrias.hu | H\u00edrek-lapszemle","og:description":"Egyel\u0151re n\u00f6vekszik a munkan\u00e9lk\u00fclis\u00e9g, amit a j\u00e1rv\u00e1ny hozott mag\u00e1val, azonban vannak orsz\u00e1gok, ahol m\u00e1r cs\u00f6kken\u00e9s tapasztalhat\u00f3. A v\u00e1ls\u00e1g hat\u00e1s\u00e1ra a kkv-szektorban ism\u00e9t er\u0151s\u00f6dik a feketegazdas\u00e1g \u00e9s a zsebbe fizet\u00e9s \u2013 v\u00e9li Baja S\u00e1ndor, a Randstad Hungary Kft \u00fcgyvezet\u0151 igazgat\u00f3ja. Szerinte ugyanakkor pozit\u00edvumnak tekinthet\u0151, hogy az elm\u00falt h\u00f3napban m\u00e1r n\u00f6vekedni kezdtek a munkaer\u0151-k\u00f6zvet\u00edt\u0151 v\u00e1llalat megrendel\u00e9sei. A","og:url":"https:\/\/allasorias.hu\/hirek\/meg-no-a-munkanelkuliseg-nehez-visszaterni-a-februari-allapotra\/","og:image":"https:\/\/allasorias.hu\/hirek\/wp-content\/uploads\/2020\/01\/target-3845091_640.jpg","og:image:secure_url":"https:\/\/allasorias.hu\/hirek\/wp-content\/uploads\/2020\/01\/target-3845091_640.jpg","og:image:width":640,"og:image:height":426,"article:published_time":"2020-06-03T08:10:37+00:00","article:modified_time":"2020-06-03T08:10:37+00:00","article:publisher":"https:\/\/www.facebook.com\/allasorias","twitter:card":"summary_large_image","twitter:title":"M\u00e9g n\u0151 a munkan\u00e9lk\u00fclis\u00e9g, neh\u00e9z visszat\u00e9rni a febru\u00e1ri \u00e1llapotra | AllasOrias.hu | H\u00edrek-lapszemle","twitter:description":"Egyel\u0151re n\u00f6vekszik a munkan\u00e9lk\u00fclis\u00e9g, amit a j\u00e1rv\u00e1ny hozott mag\u00e1val, azonban vannak orsz\u00e1gok, ahol m\u00e1r cs\u00f6kken\u00e9s tapasztalhat\u00f3. A v\u00e1ls\u00e1g hat\u00e1s\u00e1ra a kkv-szektorban ism\u00e9t er\u0151s\u00f6dik a feketegazdas\u00e1g \u00e9s a zsebbe fizet\u00e9s \u2013 v\u00e9li Baja S\u00e1ndor, a Randstad Hungary Kft \u00fcgyvezet\u0151 igazgat\u00f3ja. Szerinte ugyanakkor pozit\u00edvumnak tekinthet\u0151, hogy az elm\u00falt h\u00f3napban m\u00e1r n\u00f6vekedni kezdtek a munkaer\u0151-k\u00f6zvet\u00edt\u0151 v\u00e1llalat megrendel\u00e9sei. A","twitter:image":"https:\/\/allasorias.hu\/hirek\/wp-content\/uploads\/2020\/01\/target-3845091_640.jpg","twitter:label1":"Written by","twitter:data1":"Juh\u00e1sz P\u00e9ter","twitter:label2":"Est. reading time","twitter:data2":"4 minutes"},"aioseo_meta_data":{"post_id":"4017","title":null,"description":null,"keywords":null,"keyphrases":null,"primary_term":null,"canonical_url":null,"og_title":null,"og_description":null,"og_object_type":"default","og_image_type":"default","og_image_url":null,"og_image_width":null,"og_image_height":null,"og_image_custom_url":null,"og_image_custom_fields":null,"og_video":null,"og_custom_url":null,"og_article_section":null,"og_article_tags":null,"twitter_use_og":false,"twitter_card":"default","twitter_image_type":"default","twitter_image_url":null,"twitter_image_custom_url":null,"twitter_image_custom_fields":null,"twitter_title":null,"twitter_description":null,"schema":{"blockGraphs":[],"customGraphs":[],"default":{"data":{"Article":[],"Course":[],"Dataset":[],"FAQPage":[],"Movie":[],"Person":[],"Product":[],"ProductReview":[],"Car":[],"Recipe":[],"Service":[],"SoftwareApplication":[],"WebPage":[]},"graphName":"","isEnabled":true},"graphs":[],"defaultGraph":"","defaultPostTypeGraph":""},"schema_type":null,"schema_type_options":null,"pillar_content":false,"robots_default":true,"robots_noindex":false,"robots_noarchive":false,"robots_nosnippet":false,"robots_nofollow":false,"robots_noimageindex":false,"robots_noodp":false,"robots_notranslate":false,"robots_max_snippet":null,"robots_max_videopreview":null,"robots_max_imagepreview":"large","priority":null,"frequency":null,"location":null,"local_seo":null,"breadcrumb_settings":null,"limit_modified_date":false,"ai":null,"created":"2021-02-01 21:25:04","updated":"2025-10-02 13:53:22","seo_analyzer_scan_date":null,"focus_keyword":null,"additional_keywords":null,"truseo_locale":null},"aioseo_breadcrumb":"<div class=\"aioseo-breadcrumbs\"><span class=\"aioseo-breadcrumb\">\n\t\t\t<a href=\"https:\/\/allasorias.hu\/hirek\" title=\"Home\">Home<\/a>\n\t\t<\/span><span class=\"aioseo-breadcrumb-separator\">&raquo;<\/span><span class=\"aioseo-breadcrumb\">\n\t\t\t<a href=\"https:\/\/allasorias.hu\/hirek\/temak\/gazdasag\/\" title=\"Gazdas\u00e1g\">Gazdas\u00e1g<\/a>\n\t\t<\/span><span class=\"aioseo-breadcrumb-separator\">&raquo;<\/span><span class=\"aioseo-breadcrumb\">\n\t\t\tM\u00e9g n\u0151 a munkan\u00e9lk\u00fclis\u00e9g, neh\u00e9z visszat\u00e9rni a febru\u00e1ri \u00e1llapotra\n\t\t<\/span><\/div>","aioseo_breadcrumb_json":[{"label":"Home","link":"https:\/\/allasorias.hu\/hirek"},{"label":"Gazdas\u00e1g","link":"https:\/\/allasorias.hu\/hirek\/temak\/gazdasag\/"},{"label":"M\u00e9g n\u0151 a munkan\u00e9lk\u00fclis\u00e9g, neh\u00e9z visszat\u00e9rni a febru\u00e1ri \u00e1llapotra","link":"https:\/\/allasorias.hu\/hirek\/meg-no-a-munkanelkuliseg-nehez-visszaterni-a-februari-allapotra\/"}],"_links":{"self":[{"href":"https:\/\/allasorias.hu\/hirek\/wp-json\/wp\/v2\/posts\/4017","targetHints":{"allow":["GET"]}}],"collection":[{"href":"https:\/\/allasorias.hu\/hirek\/wp-json\/wp\/v2\/posts"}],"about":[{"href":"https:\/\/allasorias.hu\/hirek\/wp-json\/wp\/v2\/types\/post"}],"author":[{"embeddable":true,"href":"https:\/\/allasorias.hu\/hirek\/wp-json\/wp\/v2\/users\/1"}],"replies":[{"embeddable":true,"href":"https:\/\/allasorias.hu\/hirek\/wp-json\/wp\/v2\/comments?post=4017"}],"version-history":[{"count":1,"href":"https:\/\/allasorias.hu\/hirek\/wp-json\/wp\/v2\/posts\/4017\/revisions"}],"predecessor-version":[{"id":4018,"href":"https:\/\/allasorias.hu\/hirek\/wp-json\/wp\/v2\/posts\/4017\/revisions\/4018"}],"wp:featuredmedia":[{"embeddable":true,"href":"https:\/\/allasorias.hu\/hirek\/wp-json\/wp\/v2\/media\/3735"}],"wp:attachment":[{"href":"https:\/\/allasorias.hu\/hirek\/wp-json\/wp\/v2\/media?parent=4017"}],"wp:term":[{"taxonomy":"category","embeddable":true,"href":"https:\/\/allasorias.hu\/hirek\/wp-json\/wp\/v2\/categories?post=4017"},{"taxonomy":"post_tag","embeddable":true,"href":"https:\/\/allasorias.hu\/hirek\/wp-json\/wp\/v2\/tags?post=4017"}],"curies":[{"name":"wp","href":"https:\/\/api.w.org\/{rel}","templated":true}]}}