{"id":4015,"date":"2020-06-02T08:10:25","date_gmt":"2020-06-02T08:10:25","guid":{"rendered":"https:\/\/allasorias.hu\/hirek\/?p=4015"},"modified":"2020-06-02T08:10:25","modified_gmt":"2020-06-02T08:10:25","slug":"a-who-ovatossagra-int-a-jarvany-meg-nem-ert-veget","status":"publish","type":"post","link":"https:\/\/allasorias.hu\/hirek\/a-who-ovatossagra-int-a-jarvany-meg-nem-ert-veget\/","title":{"rendered":"A WHO \u00f3vatoss\u00e1gra int  &#8211; a j\u00e1rv\u00e1ny m\u00e9g nem \u00e9rt v\u00e9get"},"content":{"rendered":"<p><strong>\u00d3vatoss\u00e1gra int a WHO egy olasz orvos optimista kijelent\u00e9se miatt, miszerint a koronav\u00edrus m\u00e1r nem olyan fert\u0151z\u0151, mint kezdetben \u00e9s Olaszorsz\u00e1gban v\u00e9get \u00e9rt a j\u00e1rv\u00e1ny.<\/strong><\/p>\n<p><strong>\u00a0<\/strong>Az Eg\u00e9szs\u00e9g\u00fcgyi Vil\u00e1gszervezet szak\u00e9rt\u0151i \u00e9s sz\u00e1mos m\u00e1s tud\u00f3s szerint nincs bizony\u00edt\u00e9k arra, hogy legyeng\u00fclt a koronav\u00edrus, amint azt egy tekint\u00e9lyes olasz orvos vas\u00e1rnap \u00e1ll\u00edtotta. A WHO h\u00e9tf\u0151n h\u00edvta fel a figyelmet arra, hogy Alberto Zangrillo der\u0171l\u00e1t\u00f3 megnyilatkoz\u00e1s\u00e1nak nincs tudom\u00e1nyos alapja. \u00a0A mil\u00e1n\u00f3i San Raffaele K\u00f3rh\u00e1z intenz\u00edv oszt\u00e1ly\u00e1nak vezet\u0151je az olasz k\u00f6zt\u00e9v\u00e9ben jelentette ki, hogy a j\u00e1rv\u00e1ny klinikailag m\u00e1r v\u00e9get \u00e9rt Olaszorsz\u00e1gban, \u00e9s hogy a v\u00edrus vesz\u00edt erej\u00e9b\u0151l. A WHO szak\u00e9rt\u0151i &#8211; \u00e9s t\u00f6bb m\u00e1s kutat\u00f3 &#8211; azonban ezt k\u00e9tli, mondv\u00e1n semmilyen laborat\u00f3riumi adat nem igazolja, hogy a v\u00edrus l\u00e9nyegesen megv\u00e1ltozott volna. Zangrillo Olaszorsz\u00e1gban k\u00f6zismert, mivel \u0151 Silvio Berlusconi volt minisztereln\u00f6k orvosa is. Lombardia \u00e9szaki r\u00e9sz\u00e9n dolgozik, amelyet a koronav\u00edrus legink\u00e1bb s\u00fajtott It\u00e1li\u00e1ban.<\/p>\n<p>&nbsp;<\/p>\n<p>Forr\u00e1s: penzcentrum.hu<\/p>\n","protected":false},"excerpt":{"rendered":"<p>\u00d3vatoss\u00e1gra int a WHO egy olasz orvos optimista kijelent\u00e9se miatt, miszerint a koronav\u00edrus m\u00e1r nem olyan fert\u0151z\u0151, mint kezdetben \u00e9s Olaszorsz\u00e1gban v\u00e9get \u00e9rt a j\u00e1rv\u00e1ny. \u00a0Az Eg\u00e9szs\u00e9g\u00fcgyi Vil\u00e1gszervezet szak\u00e9rt\u0151i \u00e9s sz\u00e1mos m\u00e1s tud\u00f3s szerint nincs bizony\u00edt\u00e9k arra, hogy legyeng\u00fclt a koronav\u00edrus, amint azt egy tekint\u00e9lyes olasz orvos vas\u00e1rnap \u00e1ll\u00edtotta. A WHO h\u00e9tf\u0151n h\u00edvta fel a [&hellip;]<\/p>\n","protected":false},"author":1,"featured_media":3791,"comment_status":"open","ping_status":"open","sticky":false,"template":"","format":"standard","meta":{"_monsterinsights_skip_tracking":false,"footnotes":""},"categories":[198],"tags":[],"class_list":["post-4015","post","type-post","status-publish","format-standard","has-post-thumbnail","hentry","category-gazdasag"],"aioseo_notices":[],"aioseo_head":"\n\t\t<!-- All in One SEO 5.0.0.1 - aioseo.com -->\n\t<meta name=\"description\" content=\"\u00d3vatoss\u00e1gra int a WHO egy olasz orvos optimista kijelent\u00e9se miatt, miszerint a koronav\u00edrus m\u00e1r nem olyan fert\u0151z\u0151, mint kezdetben \u00e9s Olaszorsz\u00e1gban v\u00e9get \u00e9rt a j\u00e1rv\u00e1ny. Az Eg\u00e9szs\u00e9g\u00fcgyi Vil\u00e1gszervezet szak\u00e9rt\u0151i \u00e9s sz\u00e1mos m\u00e1s tud\u00f3s szerint nincs bizony\u00edt\u00e9k arra, hogy legyeng\u00fclt a koronav\u00edrus, amint azt egy tekint\u00e9lyes olasz orvos vas\u00e1rnap \u00e1ll\u00edtotta. A WHO h\u00e9tf\u0151n h\u00edvta fel a\" \/>\n\t<meta name=\"robots\" content=\"max-image-preview:large\" \/>\n\t<meta name=\"author\" content=\"Juh\u00e1sz P\u00e9ter\"\/>\n\t<link rel=\"canonical\" href=\"https:\/\/allasorias.hu\/hirek\/a-who-ovatossagra-int-a-jarvany-meg-nem-ert-veget\/\" \/>\n\t<meta name=\"generator\" content=\"All in One SEO (AIOSEO) 5.0.0.1\" \/>\n\t\t<meta property=\"og:locale\" content=\"hu_HU\" \/>\n\t\t<meta property=\"og:site_name\" content=\"AllasOrias.hu | H\u00edrek-lapszemle | \u00dczleti h\u00edrek az \u00e1ll\u00e1s \u00e9s a munka vil\u00e1g\u00e1b\u00f3l\" \/>\n\t\t<meta property=\"og:type\" content=\"article\" \/>\n\t\t<meta property=\"og:title\" content=\"A WHO \u00f3vatoss\u00e1gra int \u2013 a j\u00e1rv\u00e1ny m\u00e9g nem \u00e9rt v\u00e9get | AllasOrias.hu | H\u00edrek-lapszemle\" \/>\n\t\t<meta property=\"og:description\" content=\"\u00d3vatoss\u00e1gra int a WHO egy olasz orvos optimista kijelent\u00e9se miatt, miszerint a koronav\u00edrus m\u00e1r nem olyan fert\u0151z\u0151, mint kezdetben \u00e9s Olaszorsz\u00e1gban v\u00e9get \u00e9rt a j\u00e1rv\u00e1ny. Az Eg\u00e9szs\u00e9g\u00fcgyi Vil\u00e1gszervezet szak\u00e9rt\u0151i \u00e9s sz\u00e1mos m\u00e1s tud\u00f3s szerint nincs bizony\u00edt\u00e9k arra, hogy legyeng\u00fclt a koronav\u00edrus, amint azt egy tekint\u00e9lyes olasz orvos vas\u00e1rnap \u00e1ll\u00edtotta. A WHO h\u00e9tf\u0151n h\u00edvta fel a\" \/>\n\t\t<meta property=\"og:url\" content=\"https:\/\/allasorias.hu\/hirek\/a-who-ovatossagra-int-a-jarvany-meg-nem-ert-veget\/\" \/>\n\t\t<meta property=\"og:image\" content=\"https:\/\/allasorias.hu\/hirek\/wp-content\/uploads\/2020\/03\/corona-4912807_640.jpg\" \/>\n\t\t<meta property=\"og:image:secure_url\" content=\"https:\/\/allasorias.hu\/hirek\/wp-content\/uploads\/2020\/03\/corona-4912807_640.jpg\" \/>\n\t\t<meta property=\"og:image:width\" content=\"640\" \/>\n\t\t<meta property=\"og:image:height\" content=\"452\" \/>\n\t\t<meta property=\"article:published_time\" content=\"2020-06-02T08:10:25+00:00\" \/>\n\t\t<meta property=\"article:modified_time\" content=\"2020-06-02T08:10:25+00:00\" \/>\n\t\t<meta property=\"article:publisher\" content=\"https:\/\/www.facebook.com\/allasorias\" \/>\n\t\t<meta name=\"twitter:card\" content=\"summary_large_image\" \/>\n\t\t<meta name=\"twitter:title\" content=\"A WHO \u00f3vatoss\u00e1gra int \u2013 a j\u00e1rv\u00e1ny m\u00e9g nem \u00e9rt v\u00e9get | AllasOrias.hu | H\u00edrek-lapszemle\" \/>\n\t\t<meta name=\"twitter:description\" content=\"\u00d3vatoss\u00e1gra int a WHO egy olasz orvos optimista kijelent\u00e9se miatt, miszerint a koronav\u00edrus m\u00e1r nem olyan fert\u0151z\u0151, mint kezdetben \u00e9s Olaszorsz\u00e1gban v\u00e9get \u00e9rt a j\u00e1rv\u00e1ny. Az Eg\u00e9szs\u00e9g\u00fcgyi Vil\u00e1gszervezet szak\u00e9rt\u0151i \u00e9s sz\u00e1mos m\u00e1s tud\u00f3s szerint nincs bizony\u00edt\u00e9k arra, hogy legyeng\u00fclt a koronav\u00edrus, amint azt egy tekint\u00e9lyes olasz orvos vas\u00e1rnap \u00e1ll\u00edtotta. A WHO h\u00e9tf\u0151n h\u00edvta fel a\" \/>\n\t\t<meta name=\"twitter:image\" content=\"https:\/\/allasorias.hu\/hirek\/wp-content\/uploads\/2020\/03\/corona-4912807_640.jpg\" \/>\n\t\t<meta name=\"twitter:label1\" content=\"Written by\" \/>\n\t\t<meta name=\"twitter:data1\" content=\"Juh\u00e1sz P\u00e9ter\" \/>\n\t\t<meta name=\"twitter:label2\" content=\"Est. reading time\" \/>\n\t\t<meta name=\"twitter:data2\" content=\"1 minute\" \/>\n\t\t<script type=\"application\/ld+json\" class=\"aioseo-schema\">\n\t\t\t{\"@context\":\"https:\\\/\\\/schema.org\",\"@graph\":[{\"@type\":\"Article\",\"@id\":\"https:\\\/\\\/allasorias.hu\\\/hirek\\\/a-who-ovatossagra-int-a-jarvany-meg-nem-ert-veget\\\/#article\",\"name\":\"A WHO \\u00f3vatoss\\u00e1gra int \\u2013 a j\\u00e1rv\\u00e1ny m\\u00e9g nem \\u00e9rt v\\u00e9get | AllasOrias.hu | H\\u00edrek-lapszemle\",\"headline\":\"A WHO \\u00f3vatoss\\u00e1gra int  &#8211; a j\\u00e1rv\\u00e1ny m\\u00e9g nem \\u00e9rt v\\u00e9get\",\"author\":{\"@id\":\"https:\\\/\\\/allasorias.hu\\\/hirek\\\/author\\\/admin-allasorias\\\/#author\"},\"publisher\":{\"@id\":\"https:\\\/\\\/allasorias.hu\\\/hirek\\\/#organization\"},\"image\":{\"@type\":\"ImageObject\",\"url\":\"https:\\\/\\\/allasorias.hu\\\/hirek\\\/wp-content\\\/uploads\\\/2020\\\/03\\\/corona-4912807_640.jpg\",\"width\":640,\"height\":452},\"datePublished\":\"2020-06-02T08:10:25+02:00\",\"dateModified\":\"2020-06-02T08:10:25+02:00\",\"inLanguage\":\"hu-HU\",\"mainEntityOfPage\":{\"@id\":\"https:\\\/\\\/allasorias.hu\\\/hirek\\\/a-who-ovatossagra-int-a-jarvany-meg-nem-ert-veget\\\/#webpage\"},\"isPartOf\":{\"@id\":\"https:\\\/\\\/allasorias.hu\\\/hirek\\\/a-who-ovatossagra-int-a-jarvany-meg-nem-ert-veget\\\/#webpage\"},\"articleSection\":\"Gazdas\\u00e1g\"},{\"@type\":\"BreadcrumbList\",\"@id\":\"https:\\\/\\\/allasorias.hu\\\/hirek\\\/a-who-ovatossagra-int-a-jarvany-meg-nem-ert-veget\\\/#breadcrumblist\",\"itemListElement\":[{\"@type\":\"ListItem\",\"@id\":\"https:\\\/\\\/allasorias.hu\\\/hirek#listItem\",\"position\":1,\"name\":\"Home\",\"item\":\"https:\\\/\\\/allasorias.hu\\\/hirek\",\"nextItem\":{\"@type\":\"ListItem\",\"@id\":\"https:\\\/\\\/allasorias.hu\\\/hirek\\\/temak\\\/gazdasag\\\/#listItem\",\"name\":\"Gazdas\\u00e1g\"}},{\"@type\":\"ListItem\",\"@id\":\"https:\\\/\\\/allasorias.hu\\\/hirek\\\/temak\\\/gazdasag\\\/#listItem\",\"position\":2,\"name\":\"Gazdas\\u00e1g\",\"item\":\"https:\\\/\\\/allasorias.hu\\\/hirek\\\/temak\\\/gazdasag\\\/\",\"nextItem\":{\"@type\":\"ListItem\",\"@id\":\"https:\\\/\\\/allasorias.hu\\\/hirek\\\/a-who-ovatossagra-int-a-jarvany-meg-nem-ert-veget\\\/#listItem\",\"name\":\"A WHO \\u00f3vatoss\\u00e1gra int  &#8211; a j\\u00e1rv\\u00e1ny m\\u00e9g nem \\u00e9rt v\\u00e9get\"},\"previousItem\":{\"@type\":\"ListItem\",\"@id\":\"https:\\\/\\\/allasorias.hu\\\/hirek#listItem\",\"name\":\"Home\"}},{\"@type\":\"ListItem\",\"@id\":\"https:\\\/\\\/allasorias.hu\\\/hirek\\\/a-who-ovatossagra-int-a-jarvany-meg-nem-ert-veget\\\/#listItem\",\"position\":3,\"name\":\"A WHO \\u00f3vatoss\\u00e1gra int  &#8211; a j\\u00e1rv\\u00e1ny m\\u00e9g nem \\u00e9rt v\\u00e9get\",\"previousItem\":{\"@type\":\"ListItem\",\"@id\":\"https:\\\/\\\/allasorias.hu\\\/hirek\\\/temak\\\/gazdasag\\\/#listItem\",\"name\":\"Gazdas\\u00e1g\"}}]},{\"@type\":\"Organization\",\"@id\":\"https:\\\/\\\/allasorias.hu\\\/hirek\\\/#organization\",\"name\":\"AllasOrias.hu | H\\u00edrek-lapszemle\",\"description\":\"\\u00dczleti h\\u00edrek az \\u00e1ll\\u00e1s \\u00e9s a munka vil\\u00e1g\\u00e1b\\u00f3l\",\"url\":\"https:\\\/\\\/allasorias.hu\\\/hirek\\\/\",\"logo\":{\"@type\":\"ImageObject\",\"url\":\"https:\\\/\\\/allasorias.hu\\\/hirek\\\/wp-content\\\/uploads\\\/2022\\\/10\\\/allasorias_site_facebok_logo.png\",\"@id\":\"https:\\\/\\\/allasorias.hu\\\/hirek\\\/a-who-ovatossagra-int-a-jarvany-meg-nem-ert-veget\\\/#organizationLogo\"},\"image\":{\"@id\":\"https:\\\/\\\/allasorias.hu\\\/hirek\\\/a-who-ovatossagra-int-a-jarvany-meg-nem-ert-veget\\\/#organizationLogo\"},\"sameAs\":[\"https:\\\/\\\/www.facebook.com\\\/allasorias\",\"https:\\\/\\\/www.linkedin.com\\\/company\\\/allasorias\"]},{\"@type\":\"Person\",\"@id\":\"https:\\\/\\\/allasorias.hu\\\/hirek\\\/author\\\/admin-allasorias\\\/#author\",\"url\":\"https:\\\/\\\/allasorias.hu\\\/hirek\\\/author\\\/admin-allasorias\\\/\",\"name\":\"Juh\\u00e1sz P\\u00e9ter\",\"image\":{\"@type\":\"ImageObject\",\"@id\":\"https:\\\/\\\/allasorias.hu\\\/hirek\\\/a-who-ovatossagra-int-a-jarvany-meg-nem-ert-veget\\\/#authorImage\",\"url\":\"https:\\\/\\\/secure.gravatar.com\\\/avatar\\\/36e6bcb83148978b992977cb0f54d22feb0cce8a0a849a9410532bb2623ba4c6?s=96&d=mm&r=g\",\"width\":96,\"height\":96,\"caption\":\"Juh\\u00e1sz P\\u00e9ter\"}},{\"@type\":\"WebPage\",\"@id\":\"https:\\\/\\\/allasorias.hu\\\/hirek\\\/a-who-ovatossagra-int-a-jarvany-meg-nem-ert-veget\\\/#webpage\",\"url\":\"https:\\\/\\\/allasorias.hu\\\/hirek\\\/a-who-ovatossagra-int-a-jarvany-meg-nem-ert-veget\\\/\",\"name\":\"A WHO \\u00f3vatoss\\u00e1gra int \\u2013 a j\\u00e1rv\\u00e1ny m\\u00e9g nem \\u00e9rt v\\u00e9get | AllasOrias.hu | H\\u00edrek-lapszemle\",\"description\":\"\\u00d3vatoss\\u00e1gra int a WHO egy olasz orvos optimista kijelent\\u00e9se miatt, miszerint a koronav\\u00edrus m\\u00e1r nem olyan fert\\u0151z\\u0151, mint kezdetben \\u00e9s Olaszorsz\\u00e1gban v\\u00e9get \\u00e9rt a j\\u00e1rv\\u00e1ny. Az Eg\\u00e9szs\\u00e9g\\u00fcgyi Vil\\u00e1gszervezet szak\\u00e9rt\\u0151i \\u00e9s sz\\u00e1mos m\\u00e1s tud\\u00f3s szerint nincs bizony\\u00edt\\u00e9k arra, hogy legyeng\\u00fclt a koronav\\u00edrus, amint azt egy tekint\\u00e9lyes olasz orvos vas\\u00e1rnap \\u00e1ll\\u00edtotta. A WHO h\\u00e9tf\\u0151n h\\u00edvta fel a\",\"inLanguage\":\"hu-HU\",\"isPartOf\":{\"@id\":\"https:\\\/\\\/allasorias.hu\\\/hirek\\\/#website\"},\"breadcrumb\":{\"@id\":\"https:\\\/\\\/allasorias.hu\\\/hirek\\\/a-who-ovatossagra-int-a-jarvany-meg-nem-ert-veget\\\/#breadcrumblist\"},\"author\":{\"@id\":\"https:\\\/\\\/allasorias.hu\\\/hirek\\\/author\\\/admin-allasorias\\\/#author\"},\"creator\":{\"@id\":\"https:\\\/\\\/allasorias.hu\\\/hirek\\\/author\\\/admin-allasorias\\\/#author\"},\"image\":{\"@type\":\"ImageObject\",\"url\":\"https:\\\/\\\/allasorias.hu\\\/hirek\\\/wp-content\\\/uploads\\\/2020\\\/03\\\/corona-4912807_640.jpg\",\"@id\":\"https:\\\/\\\/allasorias.hu\\\/hirek\\\/a-who-ovatossagra-int-a-jarvany-meg-nem-ert-veget\\\/#mainImage\",\"width\":640,\"height\":452},\"primaryImageOfPage\":{\"@id\":\"https:\\\/\\\/allasorias.hu\\\/hirek\\\/a-who-ovatossagra-int-a-jarvany-meg-nem-ert-veget\\\/#mainImage\"},\"datePublished\":\"2020-06-02T08:10:25+02:00\",\"dateModified\":\"2020-06-02T08:10:25+02:00\"},{\"@type\":\"WebSite\",\"@id\":\"https:\\\/\\\/allasorias.hu\\\/hirek\\\/#website\",\"url\":\"https:\\\/\\\/allasorias.hu\\\/hirek\\\/\",\"name\":\"AllasOrias.hu | H\\u00edrek-lapszemle\",\"description\":\"\\u00dczleti h\\u00edrek az \\u00e1ll\\u00e1s \\u00e9s a munka vil\\u00e1g\\u00e1b\\u00f3l\",\"inLanguage\":\"hu-HU\",\"publisher\":{\"@id\":\"https:\\\/\\\/allasorias.hu\\\/hirek\\\/#organization\"}}]}\n\t\t<\/script>\n\t\t<!-- All in One SEO -->\n\n","aioseo_head_json":{"title":"A WHO \u00f3vatoss\u00e1gra int \u2013 a j\u00e1rv\u00e1ny m\u00e9g nem \u00e9rt v\u00e9get | AllasOrias.hu | H\u00edrek-lapszemle","description":"\u00d3vatoss\u00e1gra int a WHO egy olasz orvos optimista kijelent\u00e9se miatt, miszerint a koronav\u00edrus m\u00e1r nem olyan fert\u0151z\u0151, mint kezdetben \u00e9s Olaszorsz\u00e1gban v\u00e9get \u00e9rt a j\u00e1rv\u00e1ny. Az Eg\u00e9szs\u00e9g\u00fcgyi Vil\u00e1gszervezet szak\u00e9rt\u0151i \u00e9s sz\u00e1mos m\u00e1s tud\u00f3s szerint nincs bizony\u00edt\u00e9k arra, hogy legyeng\u00fclt a koronav\u00edrus, amint azt egy tekint\u00e9lyes olasz orvos vas\u00e1rnap \u00e1ll\u00edtotta. A WHO h\u00e9tf\u0151n h\u00edvta fel a","canonical_url":"https:\/\/allasorias.hu\/hirek\/a-who-ovatossagra-int-a-jarvany-meg-nem-ert-veget\/","robots":"max-image-preview:large","keywords":"","webmasterTools":{"miscellaneous":""},"schema":{"@context":"https:\/\/schema.org","@graph":[{"@type":"Article","@id":"https:\/\/allasorias.hu\/hirek\/a-who-ovatossagra-int-a-jarvany-meg-nem-ert-veget\/#article","name":"A WHO \u00f3vatoss\u00e1gra int \u2013 a j\u00e1rv\u00e1ny m\u00e9g nem \u00e9rt v\u00e9get | AllasOrias.hu | H\u00edrek-lapszemle","headline":"A WHO \u00f3vatoss\u00e1gra int  &#8211; a j\u00e1rv\u00e1ny m\u00e9g nem \u00e9rt v\u00e9get","author":{"@id":"https:\/\/allasorias.hu\/hirek\/author\/admin-allasorias\/#author"},"publisher":{"@id":"https:\/\/allasorias.hu\/hirek\/#organization"},"image":{"@type":"ImageObject","url":"https:\/\/allasorias.hu\/hirek\/wp-content\/uploads\/2020\/03\/corona-4912807_640.jpg","width":640,"height":452},"datePublished":"2020-06-02T08:10:25+02:00","dateModified":"2020-06-02T08:10:25+02:00","inLanguage":"hu-HU","mainEntityOfPage":{"@id":"https:\/\/allasorias.hu\/hirek\/a-who-ovatossagra-int-a-jarvany-meg-nem-ert-veget\/#webpage"},"isPartOf":{"@id":"https:\/\/allasorias.hu\/hirek\/a-who-ovatossagra-int-a-jarvany-meg-nem-ert-veget\/#webpage"},"articleSection":"Gazdas\u00e1g"},{"@type":"BreadcrumbList","@id":"https:\/\/allasorias.hu\/hirek\/a-who-ovatossagra-int-a-jarvany-meg-nem-ert-veget\/#breadcrumblist","itemListElement":[{"@type":"ListItem","@id":"https:\/\/allasorias.hu\/hirek#listItem","position":1,"name":"Home","item":"https:\/\/allasorias.hu\/hirek","nextItem":{"@type":"ListItem","@id":"https:\/\/allasorias.hu\/hirek\/temak\/gazdasag\/#listItem","name":"Gazdas\u00e1g"}},{"@type":"ListItem","@id":"https:\/\/allasorias.hu\/hirek\/temak\/gazdasag\/#listItem","position":2,"name":"Gazdas\u00e1g","item":"https:\/\/allasorias.hu\/hirek\/temak\/gazdasag\/","nextItem":{"@type":"ListItem","@id":"https:\/\/allasorias.hu\/hirek\/a-who-ovatossagra-int-a-jarvany-meg-nem-ert-veget\/#listItem","name":"A WHO \u00f3vatoss\u00e1gra int  &#8211; a j\u00e1rv\u00e1ny m\u00e9g nem \u00e9rt v\u00e9get"},"previousItem":{"@type":"ListItem","@id":"https:\/\/allasorias.hu\/hirek#listItem","name":"Home"}},{"@type":"ListItem","@id":"https:\/\/allasorias.hu\/hirek\/a-who-ovatossagra-int-a-jarvany-meg-nem-ert-veget\/#listItem","position":3,"name":"A WHO \u00f3vatoss\u00e1gra int  &#8211; a j\u00e1rv\u00e1ny m\u00e9g nem \u00e9rt v\u00e9get","previousItem":{"@type":"ListItem","@id":"https:\/\/allasorias.hu\/hirek\/temak\/gazdasag\/#listItem","name":"Gazdas\u00e1g"}}]},{"@type":"Organization","@id":"https:\/\/allasorias.hu\/hirek\/#organization","name":"AllasOrias.hu | H\u00edrek-lapszemle","description":"\u00dczleti h\u00edrek az \u00e1ll\u00e1s \u00e9s a munka vil\u00e1g\u00e1b\u00f3l","url":"https:\/\/allasorias.hu\/hirek\/","logo":{"@type":"ImageObject","url":"https:\/\/allasorias.hu\/hirek\/wp-content\/uploads\/2022\/10\/allasorias_site_facebok_logo.png","@id":"https:\/\/allasorias.hu\/hirek\/a-who-ovatossagra-int-a-jarvany-meg-nem-ert-veget\/#organizationLogo"},"image":{"@id":"https:\/\/allasorias.hu\/hirek\/a-who-ovatossagra-int-a-jarvany-meg-nem-ert-veget\/#organizationLogo"},"sameAs":["https:\/\/www.facebook.com\/allasorias","https:\/\/www.linkedin.com\/company\/allasorias"]},{"@type":"Person","@id":"https:\/\/allasorias.hu\/hirek\/author\/admin-allasorias\/#author","url":"https:\/\/allasorias.hu\/hirek\/author\/admin-allasorias\/","name":"Juh\u00e1sz P\u00e9ter","image":{"@type":"ImageObject","@id":"https:\/\/allasorias.hu\/hirek\/a-who-ovatossagra-int-a-jarvany-meg-nem-ert-veget\/#authorImage","url":"https:\/\/secure.gravatar.com\/avatar\/36e6bcb83148978b992977cb0f54d22feb0cce8a0a849a9410532bb2623ba4c6?s=96&d=mm&r=g","width":96,"height":96,"caption":"Juh\u00e1sz P\u00e9ter"}},{"@type":"WebPage","@id":"https:\/\/allasorias.hu\/hirek\/a-who-ovatossagra-int-a-jarvany-meg-nem-ert-veget\/#webpage","url":"https:\/\/allasorias.hu\/hirek\/a-who-ovatossagra-int-a-jarvany-meg-nem-ert-veget\/","name":"A WHO \u00f3vatoss\u00e1gra int \u2013 a j\u00e1rv\u00e1ny m\u00e9g nem \u00e9rt v\u00e9get | AllasOrias.hu | H\u00edrek-lapszemle","description":"\u00d3vatoss\u00e1gra int a WHO egy olasz orvos optimista kijelent\u00e9se miatt, miszerint a koronav\u00edrus m\u00e1r nem olyan fert\u0151z\u0151, mint kezdetben \u00e9s Olaszorsz\u00e1gban v\u00e9get \u00e9rt a j\u00e1rv\u00e1ny. Az Eg\u00e9szs\u00e9g\u00fcgyi Vil\u00e1gszervezet szak\u00e9rt\u0151i \u00e9s sz\u00e1mos m\u00e1s tud\u00f3s szerint nincs bizony\u00edt\u00e9k arra, hogy legyeng\u00fclt a koronav\u00edrus, amint azt egy tekint\u00e9lyes olasz orvos vas\u00e1rnap \u00e1ll\u00edtotta. A WHO h\u00e9tf\u0151n h\u00edvta fel a","inLanguage":"hu-HU","isPartOf":{"@id":"https:\/\/allasorias.hu\/hirek\/#website"},"breadcrumb":{"@id":"https:\/\/allasorias.hu\/hirek\/a-who-ovatossagra-int-a-jarvany-meg-nem-ert-veget\/#breadcrumblist"},"author":{"@id":"https:\/\/allasorias.hu\/hirek\/author\/admin-allasorias\/#author"},"creator":{"@id":"https:\/\/allasorias.hu\/hirek\/author\/admin-allasorias\/#author"},"image":{"@type":"ImageObject","url":"https:\/\/allasorias.hu\/hirek\/wp-content\/uploads\/2020\/03\/corona-4912807_640.jpg","@id":"https:\/\/allasorias.hu\/hirek\/a-who-ovatossagra-int-a-jarvany-meg-nem-ert-veget\/#mainImage","width":640,"height":452},"primaryImageOfPage":{"@id":"https:\/\/allasorias.hu\/hirek\/a-who-ovatossagra-int-a-jarvany-meg-nem-ert-veget\/#mainImage"},"datePublished":"2020-06-02T08:10:25+02:00","dateModified":"2020-06-02T08:10:25+02:00"},{"@type":"WebSite","@id":"https:\/\/allasorias.hu\/hirek\/#website","url":"https:\/\/allasorias.hu\/hirek\/","name":"AllasOrias.hu | H\u00edrek-lapszemle","description":"\u00dczleti h\u00edrek az \u00e1ll\u00e1s \u00e9s a munka vil\u00e1g\u00e1b\u00f3l","inLanguage":"hu-HU","publisher":{"@id":"https:\/\/allasorias.hu\/hirek\/#organization"}}]},"og:locale":"hu_HU","og:site_name":"AllasOrias.hu | H\u00edrek-lapszemle | \u00dczleti h\u00edrek az \u00e1ll\u00e1s \u00e9s a munka vil\u00e1g\u00e1b\u00f3l","og:type":"article","og:title":"A WHO \u00f3vatoss\u00e1gra int \u2013 a j\u00e1rv\u00e1ny m\u00e9g nem \u00e9rt v\u00e9get | AllasOrias.hu | H\u00edrek-lapszemle","og:description":"\u00d3vatoss\u00e1gra int a WHO egy olasz orvos optimista kijelent\u00e9se miatt, miszerint a koronav\u00edrus m\u00e1r nem olyan fert\u0151z\u0151, mint kezdetben \u00e9s Olaszorsz\u00e1gban v\u00e9get \u00e9rt a j\u00e1rv\u00e1ny. Az Eg\u00e9szs\u00e9g\u00fcgyi Vil\u00e1gszervezet szak\u00e9rt\u0151i \u00e9s sz\u00e1mos m\u00e1s tud\u00f3s szerint nincs bizony\u00edt\u00e9k arra, hogy legyeng\u00fclt a koronav\u00edrus, amint azt egy tekint\u00e9lyes olasz orvos vas\u00e1rnap \u00e1ll\u00edtotta. A WHO h\u00e9tf\u0151n h\u00edvta fel a","og:url":"https:\/\/allasorias.hu\/hirek\/a-who-ovatossagra-int-a-jarvany-meg-nem-ert-veget\/","og:image":"https:\/\/allasorias.hu\/hirek\/wp-content\/uploads\/2020\/03\/corona-4912807_640.jpg","og:image:secure_url":"https:\/\/allasorias.hu\/hirek\/wp-content\/uploads\/2020\/03\/corona-4912807_640.jpg","og:image:width":640,"og:image:height":452,"article:published_time":"2020-06-02T08:10:25+00:00","article:modified_time":"2020-06-02T08:10:25+00:00","article:publisher":"https:\/\/www.facebook.com\/allasorias","twitter:card":"summary_large_image","twitter:title":"A WHO \u00f3vatoss\u00e1gra int \u2013 a j\u00e1rv\u00e1ny m\u00e9g nem \u00e9rt v\u00e9get | AllasOrias.hu | H\u00edrek-lapszemle","twitter:description":"\u00d3vatoss\u00e1gra int a WHO egy olasz orvos optimista kijelent\u00e9se miatt, miszerint a koronav\u00edrus m\u00e1r nem olyan fert\u0151z\u0151, mint kezdetben \u00e9s Olaszorsz\u00e1gban v\u00e9get \u00e9rt a j\u00e1rv\u00e1ny. Az Eg\u00e9szs\u00e9g\u00fcgyi Vil\u00e1gszervezet szak\u00e9rt\u0151i \u00e9s sz\u00e1mos m\u00e1s tud\u00f3s szerint nincs bizony\u00edt\u00e9k arra, hogy legyeng\u00fclt a koronav\u00edrus, amint azt egy tekint\u00e9lyes olasz orvos vas\u00e1rnap \u00e1ll\u00edtotta. A WHO h\u00e9tf\u0151n h\u00edvta fel a","twitter:image":"https:\/\/allasorias.hu\/hirek\/wp-content\/uploads\/2020\/03\/corona-4912807_640.jpg","twitter:label1":"Written by","twitter:data1":"Juh\u00e1sz P\u00e9ter","twitter:label2":"Est. reading time","twitter:data2":"1 minute"},"aioseo_meta_data":{"post_id":"4015","title":null,"description":null,"keywords":null,"keyphrases":null,"primary_term":null,"canonical_url":null,"og_title":null,"og_description":null,"og_object_type":"default","og_image_type":"default","og_image_url":null,"og_image_width":null,"og_image_height":null,"og_image_custom_url":null,"og_image_custom_fields":null,"og_video":null,"og_custom_url":null,"og_article_section":null,"og_article_tags":null,"twitter_use_og":false,"twitter_card":"default","twitter_image_type":"default","twitter_image_url":null,"twitter_image_custom_url":null,"twitter_image_custom_fields":null,"twitter_title":null,"twitter_description":null,"schema":{"blockGraphs":[],"customGraphs":[],"default":{"data":{"Article":[],"Course":[],"Dataset":[],"FAQPage":[],"Movie":[],"Person":[],"Product":[],"ProductReview":[],"Car":[],"Recipe":[],"Service":[],"SoftwareApplication":[],"WebPage":[]},"graphName":"","isEnabled":true},"graphs":[],"defaultGraph":"","defaultPostTypeGraph":""},"schema_type":null,"schema_type_options":null,"pillar_content":false,"robots_default":true,"robots_noindex":false,"robots_noarchive":false,"robots_nosnippet":false,"robots_nofollow":false,"robots_noimageindex":false,"robots_noodp":false,"robots_notranslate":false,"robots_max_snippet":null,"robots_max_videopreview":null,"robots_max_imagepreview":"large","priority":null,"frequency":null,"location":null,"local_seo":null,"breadcrumb_settings":null,"limit_modified_date":false,"ai":null,"created":"2021-02-01 21:25:04","updated":"2025-10-02 13:53:22","seo_analyzer_scan_date":null,"focus_keyword":null,"additional_keywords":null,"truseo_locale":null},"aioseo_breadcrumb":"<div class=\"aioseo-breadcrumbs\"><span class=\"aioseo-breadcrumb\">\n\t\t\t<a href=\"https:\/\/allasorias.hu\/hirek\" title=\"Home\">Home<\/a>\n\t\t<\/span><span class=\"aioseo-breadcrumb-separator\">&raquo;<\/span><span class=\"aioseo-breadcrumb\">\n\t\t\t<a href=\"https:\/\/allasorias.hu\/hirek\/temak\/gazdasag\/\" title=\"Gazdas\u00e1g\">Gazdas\u00e1g<\/a>\n\t\t<\/span><span class=\"aioseo-breadcrumb-separator\">&raquo;<\/span><span class=\"aioseo-breadcrumb\">\n\t\t\tA WHO \u00f3vatoss\u00e1gra int  \u2013 a j\u00e1rv\u00e1ny m\u00e9g nem \u00e9rt v\u00e9get\n\t\t<\/span><\/div>","aioseo_breadcrumb_json":[{"label":"Home","link":"https:\/\/allasorias.hu\/hirek"},{"label":"Gazdas\u00e1g","link":"https:\/\/allasorias.hu\/hirek\/temak\/gazdasag\/"},{"label":"A WHO \u00f3vatoss\u00e1gra int  &#8211; a j\u00e1rv\u00e1ny m\u00e9g nem \u00e9rt v\u00e9get","link":"https:\/\/allasorias.hu\/hirek\/a-who-ovatossagra-int-a-jarvany-meg-nem-ert-veget\/"}],"_links":{"self":[{"href":"https:\/\/allasorias.hu\/hirek\/wp-json\/wp\/v2\/posts\/4015","targetHints":{"allow":["GET"]}}],"collection":[{"href":"https:\/\/allasorias.hu\/hirek\/wp-json\/wp\/v2\/posts"}],"about":[{"href":"https:\/\/allasorias.hu\/hirek\/wp-json\/wp\/v2\/types\/post"}],"author":[{"embeddable":true,"href":"https:\/\/allasorias.hu\/hirek\/wp-json\/wp\/v2\/users\/1"}],"replies":[{"embeddable":true,"href":"https:\/\/allasorias.hu\/hirek\/wp-json\/wp\/v2\/comments?post=4015"}],"version-history":[{"count":1,"href":"https:\/\/allasorias.hu\/hirek\/wp-json\/wp\/v2\/posts\/4015\/revisions"}],"predecessor-version":[{"id":4016,"href":"https:\/\/allasorias.hu\/hirek\/wp-json\/wp\/v2\/posts\/4015\/revisions\/4016"}],"wp:featuredmedia":[{"embeddable":true,"href":"https:\/\/allasorias.hu\/hirek\/wp-json\/wp\/v2\/media\/3791"}],"wp:attachment":[{"href":"https:\/\/allasorias.hu\/hirek\/wp-json\/wp\/v2\/media?parent=4015"}],"wp:term":[{"taxonomy":"category","embeddable":true,"href":"https:\/\/allasorias.hu\/hirek\/wp-json\/wp\/v2\/categories?post=4015"},{"taxonomy":"post_tag","embeddable":true,"href":"https:\/\/allasorias.hu\/hirek\/wp-json\/wp\/v2\/tags?post=4015"}],"curies":[{"name":"wp","href":"https:\/\/api.w.org\/{rel}","templated":true}]}}