{"id":4013,"date":"2020-06-02T08:09:38","date_gmt":"2020-06-02T08:09:38","guid":{"rendered":"https:\/\/allasorias.hu\/hirek\/?p=4013"},"modified":"2020-06-02T08:09:38","modified_gmt":"2020-06-02T08:09:38","slug":"a-fiatalok-egy-resze-is-tart-az-allasvesztestol","status":"publish","type":"post","link":"https:\/\/allasorias.hu\/hirek\/a-fiatalok-egy-resze-is-tart-az-allasvesztestol\/","title":{"rendered":"A fiatalok egy r\u00e9sze is tart az \u00e1ll\u00e1sveszt\u00e9st\u0151l"},"content":{"rendered":"<p><strong>Nemcsak az id\u0151sebb, de a fiatalabb gener\u00e1ci\u00f3 is tart att\u00f3l, hogy elvesz\u00edti \u00e1ll\u00e1s\u00e1t a koronav\u00edrus okozta neh\u00e9z gazdas\u00e1gi helyzetben. Egy felm\u00e9r\u00e9sb\u0151l kider\u00fclt: a 35-54 \u00e9vesek tartanak legink\u00e1bb att\u00f3l, hogy a koronav\u00edrus-j\u00e1rv\u00e1ny kedvez\u0151tlen hat\u00e1sai miatt vesz\u00e9lybe ker\u00fcl a munkahely\u00fck.<\/strong><\/p>\n<p>A feln\u0151tt, v\u00e1rosi lakoss\u00e1g k\u00f6r\u00e9ben m\u00e9rt 59 sz\u00e1zal\u00e9khoz k\u00e9pest a 35-44 \u00e9vesek 65 sz\u00e1zal\u00e9ka \u00e9rzi vesz\u00e9lyben az \u00e1ll\u00e1s\u00e1t, a 45-54 \u00e9veseknek pedig a 68 sz\u00e1zal\u00e9ka \u2013 \u00e1ll a koronav\u00edrus-j\u00e1rv\u00e1ny v\u00e1rhat\u00f3 munkaer\u0151piaci hat\u00e1sair\u00f3l k\u00e9sz\u00edtett legfrissebb K&amp;H-felm\u00e9r\u00e9sben. Dr\u00e1mai felm\u00e9r\u00e9s: itt vannak a magyarok, akik igaz\u00e1n rettegnek. A kutat\u00e1s szerint legink\u00e1bb a negyvenes, \u00f6tvenes koroszt\u00e1ly tagjai agg\u00f3dnak. A 35-44 \u00e9vesek 65 sz\u00e1zal\u00e9ka f\u00e9l att\u00f3l, hogy vesz\u00e9lybe ker\u00fcl a munkahelye, a 45-54 \u00e9veseknek pedig a 68 sz\u00e1zal\u00e9ka nyilatkozott \u00edgy \u2013 id\u00e9zi a kutat\u00e1st a penzcentrum.hu. Valamivel jobbnak l\u00e1tj\u00e1k a j\u00f6v\u0151t a fiatalabbak: a 18-24 \u00e9vesek 57 sz\u00e1zal\u00e9ka, a 25-34 \u00e9veseknek pedig az 53 sz\u00e1zal\u00e9ka tart a munkan\u00e9lk\u00fclis\u00e9gt\u0151l. Enn\u00e9l der\u0171l\u00e1t\u00f3bbak azonban az id\u0151sek: az 55-64 \u00e9vesek fele ugyanis egy\u00e1ltal\u00e1n nem f\u00e9l att\u00f3l, hogy a j\u00e1rv\u00e1ny miatt elvesz\u00edtheti az \u00e1ll\u00e1s\u00e1t. A k\u00fcl\u00f6nb\u00f6z\u0151 koroszt\u00e1lyok mellett a v\u00e9gzetts\u00e9g alapj\u00e1n is meglehet\u0151sen nagyok az elt\u00e9r\u00e9sek. A nyolc \u00e1ltal\u00e1nossal rendelkez\u0151k 58 sz\u00e1zal\u00e9ka nem f\u00e9lti az \u00e1ll\u00e1s\u00e1t &#8211; ebben az eredm\u00e9nyben kiemelt szerepet j\u00e1tszanak a k\u00f6r\u00fckbe tartoz\u00f3 id\u0151sek. A koroszt\u00e1ly tagjainak 39 sz\u00e1zal\u00e9ka &#8211; vagyis t\u00edzb\u0151l n\u00e9gyen &#8211; szorong az esetleges munkan\u00e9lk\u00fclis\u00e9g miatt. A diplom\u00e1soknak alig t\u00f6bb mint a fele, 51 sz\u00e1zal\u00e9ka tartja elk\u00e9pzelhet\u0151nek, hogy a koronav\u00edrus-j\u00e1rv\u00e1ny eredm\u00e9nyek\u00e9nt \u00faj munka ut\u00e1n kell n\u00e9znie, az \u00e9retts\u00e9gizetteknek pedig 60 sz\u00e1zal\u00e9ka v\u00e9lekedett \u00edgy.A K&amp;H felm\u00e9r\u00e9s\u00e9b\u0151l ugyanis j\u00f3l l\u00e1that\u00f3 k\u00fcl\u00f6nbs\u00e9g van a szellemi \u00e9s fizikai munk\u00e1t v\u00e9gz\u0151k k\u00f6z\u00f6tt,. A szellemi munk\u00e1t v\u00e9gz\u0151k &#8211; k\u00f6zt\u00fck a vezet\u0151k, menedzserek szak\u00e9rt\u0151k, \u00e9s \u00e9rtelmis\u00e9giek &#8211; 36-49 sz\u00e1zal\u00e9ka optimista, 46-59 sz\u00e1zal\u00e9kuk ugyanakkor l\u00e1t arra es\u00e9lyt, hogy elvesz\u00edti a munk\u00e1j\u00e1t. A fizikai foglalkoz\u00e1s\u00faak k\u00f6z\u00e9 tartoz\u00f3 szakmunk\u00e1sok 29 sz\u00e1zal\u00e9ka, m\u00edg a betan\u00edtott munk\u00e1soknak mind\u00f6ssze a 19 sz\u00e1zal\u00e9ka v\u00e9li biztosnak az \u00e1ll\u00e1s\u00e1t, ezzel szemben a 70, illetve 77 sz\u00e1zal\u00e9kuk agg\u00f3dik.Ter\u00fcleti bont\u00e1sban legkev\u00e9sb\u00e9 K\u00f6z\u00e9p-Magyarorsz\u00e1gon \u00e9rzik vesz\u00e9lyben az emberek az \u00e1ll\u00e1sukat, itt 43 sz\u00e1zal\u00e9kos az optimist\u00e1k ar\u00e1nya, ezen bel\u00fcl Budapesten 45 sz\u00e1zal\u00e9k. Legink\u00e1bb a kelet-magyarorsz\u00e1gi r\u00e9gi\u00f3 v\u00e1rosainak lak\u00f3i bor\u00fal\u00e1t\u00f3ak.<\/p>\n<p>&nbsp;<\/p>\n<p>Forr\u00e1s: atv.hu<\/p>\n","protected":false},"excerpt":{"rendered":"<p>Nemcsak az id\u0151sebb, de a fiatalabb gener\u00e1ci\u00f3 is tart att\u00f3l, hogy elvesz\u00edti \u00e1ll\u00e1s\u00e1t a koronav\u00edrus okozta neh\u00e9z gazdas\u00e1gi helyzetben. Egy felm\u00e9r\u00e9sb\u0151l kider\u00fclt: a 35-54 \u00e9vesek tartanak legink\u00e1bb att\u00f3l, hogy a koronav\u00edrus-j\u00e1rv\u00e1ny kedvez\u0151tlen hat\u00e1sai miatt vesz\u00e9lybe ker\u00fcl a munkahely\u00fck. A feln\u0151tt, v\u00e1rosi lakoss\u00e1g k\u00f6r\u00e9ben m\u00e9rt 59 sz\u00e1zal\u00e9khoz k\u00e9pest a 35-44 \u00e9vesek 65 sz\u00e1zal\u00e9ka \u00e9rzi vesz\u00e9lyben az [&hellip;]<\/p>\n","protected":false},"author":1,"featured_media":2260,"comment_status":"open","ping_status":"open","sticky":false,"template":"","format":"standard","meta":{"_monsterinsights_skip_tracking":false,"footnotes":""},"categories":[200],"tags":[],"class_list":["post-4013","post","type-post","status-publish","format-standard","has-post-thumbnail","hentry","category-munkaeropiac"],"aioseo_notices":[],"aioseo_head":"\n\t\t<!-- All in One SEO 5.0.0.1 - aioseo.com -->\n\t<meta name=\"description\" content=\"Nemcsak az id\u0151sebb, de a fiatalabb gener\u00e1ci\u00f3 is tart att\u00f3l, hogy elvesz\u00edti \u00e1ll\u00e1s\u00e1t a koronav\u00edrus okozta neh\u00e9z gazdas\u00e1gi helyzetben. Egy felm\u00e9r\u00e9sb\u0151l kider\u00fclt: a 35-54 \u00e9vesek tartanak legink\u00e1bb att\u00f3l, hogy a koronav\u00edrus-j\u00e1rv\u00e1ny kedvez\u0151tlen hat\u00e1sai miatt vesz\u00e9lybe ker\u00fcl a munkahely\u00fck. A feln\u0151tt, v\u00e1rosi lakoss\u00e1g k\u00f6r\u00e9ben m\u00e9rt 59 sz\u00e1zal\u00e9khoz k\u00e9pest a 35-44 \u00e9vesek 65 sz\u00e1zal\u00e9ka \u00e9rzi vesz\u00e9lyben az\" \/>\n\t<meta name=\"robots\" content=\"max-image-preview:large\" \/>\n\t<meta name=\"author\" content=\"Juh\u00e1sz P\u00e9ter\"\/>\n\t<link rel=\"canonical\" href=\"https:\/\/allasorias.hu\/hirek\/a-fiatalok-egy-resze-is-tart-az-allasvesztestol\/\" \/>\n\t<meta name=\"generator\" content=\"All in One SEO (AIOSEO) 5.0.0.1\" \/>\n\t\t<meta property=\"og:locale\" content=\"hu_HU\" \/>\n\t\t<meta property=\"og:site_name\" content=\"AllasOrias.hu | H\u00edrek-lapszemle | \u00dczleti h\u00edrek az \u00e1ll\u00e1s \u00e9s a munka vil\u00e1g\u00e1b\u00f3l\" \/>\n\t\t<meta property=\"og:type\" content=\"article\" \/>\n\t\t<meta property=\"og:title\" content=\"A fiatalok egy r\u00e9sze is tart az \u00e1ll\u00e1sveszt\u00e9st\u0151l | AllasOrias.hu | H\u00edrek-lapszemle\" \/>\n\t\t<meta property=\"og:description\" content=\"Nemcsak az id\u0151sebb, de a fiatalabb gener\u00e1ci\u00f3 is tart att\u00f3l, hogy elvesz\u00edti \u00e1ll\u00e1s\u00e1t a koronav\u00edrus okozta neh\u00e9z gazdas\u00e1gi helyzetben. Egy felm\u00e9r\u00e9sb\u0151l kider\u00fclt: a 35-54 \u00e9vesek tartanak legink\u00e1bb att\u00f3l, hogy a koronav\u00edrus-j\u00e1rv\u00e1ny kedvez\u0151tlen hat\u00e1sai miatt vesz\u00e9lybe ker\u00fcl a munkahely\u00fck. A feln\u0151tt, v\u00e1rosi lakoss\u00e1g k\u00f6r\u00e9ben m\u00e9rt 59 sz\u00e1zal\u00e9khoz k\u00e9pest a 35-44 \u00e9vesek 65 sz\u00e1zal\u00e9ka \u00e9rzi vesz\u00e9lyben az\" \/>\n\t\t<meta property=\"og:url\" content=\"https:\/\/allasorias.hu\/hirek\/a-fiatalok-egy-resze-is-tart-az-allasvesztestol\/\" \/>\n\t\t<meta property=\"og:image\" content=\"https:\/\/allasorias.hu\/hirek\/wp-content\/uploads\/2018\/12\/business-1477601_640.jpg\" \/>\n\t\t<meta property=\"og:image:secure_url\" content=\"https:\/\/allasorias.hu\/hirek\/wp-content\/uploads\/2018\/12\/business-1477601_640.jpg\" \/>\n\t\t<meta property=\"og:image:width\" content=\"640\" \/>\n\t\t<meta property=\"og:image:height\" content=\"425\" \/>\n\t\t<meta property=\"article:published_time\" content=\"2020-06-02T08:09:38+00:00\" \/>\n\t\t<meta property=\"article:modified_time\" content=\"2020-06-02T08:09:38+00:00\" \/>\n\t\t<meta property=\"article:publisher\" content=\"https:\/\/www.facebook.com\/allasorias\" \/>\n\t\t<meta name=\"twitter:card\" content=\"summary_large_image\" \/>\n\t\t<meta name=\"twitter:title\" content=\"A fiatalok egy r\u00e9sze is tart az \u00e1ll\u00e1sveszt\u00e9st\u0151l | AllasOrias.hu | H\u00edrek-lapszemle\" \/>\n\t\t<meta name=\"twitter:description\" content=\"Nemcsak az id\u0151sebb, de a fiatalabb gener\u00e1ci\u00f3 is tart att\u00f3l, hogy elvesz\u00edti \u00e1ll\u00e1s\u00e1t a koronav\u00edrus okozta neh\u00e9z gazdas\u00e1gi helyzetben. Egy felm\u00e9r\u00e9sb\u0151l kider\u00fclt: a 35-54 \u00e9vesek tartanak legink\u00e1bb att\u00f3l, hogy a koronav\u00edrus-j\u00e1rv\u00e1ny kedvez\u0151tlen hat\u00e1sai miatt vesz\u00e9lybe ker\u00fcl a munkahely\u00fck. A feln\u0151tt, v\u00e1rosi lakoss\u00e1g k\u00f6r\u00e9ben m\u00e9rt 59 sz\u00e1zal\u00e9khoz k\u00e9pest a 35-44 \u00e9vesek 65 sz\u00e1zal\u00e9ka \u00e9rzi vesz\u00e9lyben az\" \/>\n\t\t<meta name=\"twitter:image\" content=\"https:\/\/allasorias.hu\/hirek\/wp-content\/uploads\/2018\/12\/business-1477601_640.jpg\" \/>\n\t\t<meta name=\"twitter:label1\" content=\"Written by\" \/>\n\t\t<meta name=\"twitter:data1\" content=\"Juh\u00e1sz P\u00e9ter\" \/>\n\t\t<meta name=\"twitter:label2\" content=\"Est. reading time\" \/>\n\t\t<meta name=\"twitter:data2\" content=\"3 minutes\" \/>\n\t\t<script type=\"application\/ld+json\" class=\"aioseo-schema\">\n\t\t\t{\"@context\":\"https:\\\/\\\/schema.org\",\"@graph\":[{\"@type\":\"Article\",\"@id\":\"https:\\\/\\\/allasorias.hu\\\/hirek\\\/a-fiatalok-egy-resze-is-tart-az-allasvesztestol\\\/#article\",\"name\":\"A fiatalok egy r\\u00e9sze is tart az \\u00e1ll\\u00e1sveszt\\u00e9st\\u0151l | AllasOrias.hu | H\\u00edrek-lapszemle\",\"headline\":\"A fiatalok egy r\\u00e9sze is tart az \\u00e1ll\\u00e1sveszt\\u00e9st\\u0151l\",\"author\":{\"@id\":\"https:\\\/\\\/allasorias.hu\\\/hirek\\\/author\\\/admin-allasorias\\\/#author\"},\"publisher\":{\"@id\":\"https:\\\/\\\/allasorias.hu\\\/hirek\\\/#organization\"},\"image\":{\"@type\":\"ImageObject\",\"url\":\"https:\\\/\\\/allasorias.hu\\\/hirek\\\/wp-content\\\/uploads\\\/2018\\\/12\\\/business-1477601_640.jpg\",\"width\":640,\"height\":425},\"datePublished\":\"2020-06-02T08:09:38+02:00\",\"dateModified\":\"2020-06-02T08:09:38+02:00\",\"inLanguage\":\"hu-HU\",\"mainEntityOfPage\":{\"@id\":\"https:\\\/\\\/allasorias.hu\\\/hirek\\\/a-fiatalok-egy-resze-is-tart-az-allasvesztestol\\\/#webpage\"},\"isPartOf\":{\"@id\":\"https:\\\/\\\/allasorias.hu\\\/hirek\\\/a-fiatalok-egy-resze-is-tart-az-allasvesztestol\\\/#webpage\"},\"articleSection\":\"Munkaer\\u0151piac\"},{\"@type\":\"BreadcrumbList\",\"@id\":\"https:\\\/\\\/allasorias.hu\\\/hirek\\\/a-fiatalok-egy-resze-is-tart-az-allasvesztestol\\\/#breadcrumblist\",\"itemListElement\":[{\"@type\":\"ListItem\",\"@id\":\"https:\\\/\\\/allasorias.hu\\\/hirek#listItem\",\"position\":1,\"name\":\"Home\",\"item\":\"https:\\\/\\\/allasorias.hu\\\/hirek\",\"nextItem\":{\"@type\":\"ListItem\",\"@id\":\"https:\\\/\\\/allasorias.hu\\\/hirek\\\/temak\\\/munkaeropiac\\\/#listItem\",\"name\":\"Munkaer\\u0151piac\"}},{\"@type\":\"ListItem\",\"@id\":\"https:\\\/\\\/allasorias.hu\\\/hirek\\\/temak\\\/munkaeropiac\\\/#listItem\",\"position\":2,\"name\":\"Munkaer\\u0151piac\",\"item\":\"https:\\\/\\\/allasorias.hu\\\/hirek\\\/temak\\\/munkaeropiac\\\/\",\"nextItem\":{\"@type\":\"ListItem\",\"@id\":\"https:\\\/\\\/allasorias.hu\\\/hirek\\\/a-fiatalok-egy-resze-is-tart-az-allasvesztestol\\\/#listItem\",\"name\":\"A fiatalok egy r\\u00e9sze is tart az \\u00e1ll\\u00e1sveszt\\u00e9st\\u0151l\"},\"previousItem\":{\"@type\":\"ListItem\",\"@id\":\"https:\\\/\\\/allasorias.hu\\\/hirek#listItem\",\"name\":\"Home\"}},{\"@type\":\"ListItem\",\"@id\":\"https:\\\/\\\/allasorias.hu\\\/hirek\\\/a-fiatalok-egy-resze-is-tart-az-allasvesztestol\\\/#listItem\",\"position\":3,\"name\":\"A fiatalok egy r\\u00e9sze is tart az \\u00e1ll\\u00e1sveszt\\u00e9st\\u0151l\",\"previousItem\":{\"@type\":\"ListItem\",\"@id\":\"https:\\\/\\\/allasorias.hu\\\/hirek\\\/temak\\\/munkaeropiac\\\/#listItem\",\"name\":\"Munkaer\\u0151piac\"}}]},{\"@type\":\"Organization\",\"@id\":\"https:\\\/\\\/allasorias.hu\\\/hirek\\\/#organization\",\"name\":\"AllasOrias.hu | H\\u00edrek-lapszemle\",\"description\":\"\\u00dczleti h\\u00edrek az \\u00e1ll\\u00e1s \\u00e9s a munka vil\\u00e1g\\u00e1b\\u00f3l\",\"url\":\"https:\\\/\\\/allasorias.hu\\\/hirek\\\/\",\"logo\":{\"@type\":\"ImageObject\",\"url\":\"https:\\\/\\\/allasorias.hu\\\/hirek\\\/wp-content\\\/uploads\\\/2022\\\/10\\\/allasorias_site_facebok_logo.png\",\"@id\":\"https:\\\/\\\/allasorias.hu\\\/hirek\\\/a-fiatalok-egy-resze-is-tart-az-allasvesztestol\\\/#organizationLogo\"},\"image\":{\"@id\":\"https:\\\/\\\/allasorias.hu\\\/hirek\\\/a-fiatalok-egy-resze-is-tart-az-allasvesztestol\\\/#organizationLogo\"},\"sameAs\":[\"https:\\\/\\\/www.facebook.com\\\/allasorias\",\"https:\\\/\\\/www.linkedin.com\\\/company\\\/allasorias\"]},{\"@type\":\"Person\",\"@id\":\"https:\\\/\\\/allasorias.hu\\\/hirek\\\/author\\\/admin-allasorias\\\/#author\",\"url\":\"https:\\\/\\\/allasorias.hu\\\/hirek\\\/author\\\/admin-allasorias\\\/\",\"name\":\"Juh\\u00e1sz P\\u00e9ter\",\"image\":{\"@type\":\"ImageObject\",\"@id\":\"https:\\\/\\\/allasorias.hu\\\/hirek\\\/a-fiatalok-egy-resze-is-tart-az-allasvesztestol\\\/#authorImage\",\"url\":\"https:\\\/\\\/secure.gravatar.com\\\/avatar\\\/36e6bcb83148978b992977cb0f54d22feb0cce8a0a849a9410532bb2623ba4c6?s=96&d=mm&r=g\",\"width\":96,\"height\":96,\"caption\":\"Juh\\u00e1sz P\\u00e9ter\"}},{\"@type\":\"WebPage\",\"@id\":\"https:\\\/\\\/allasorias.hu\\\/hirek\\\/a-fiatalok-egy-resze-is-tart-az-allasvesztestol\\\/#webpage\",\"url\":\"https:\\\/\\\/allasorias.hu\\\/hirek\\\/a-fiatalok-egy-resze-is-tart-az-allasvesztestol\\\/\",\"name\":\"A fiatalok egy r\\u00e9sze is tart az \\u00e1ll\\u00e1sveszt\\u00e9st\\u0151l | AllasOrias.hu | H\\u00edrek-lapszemle\",\"description\":\"Nemcsak az id\\u0151sebb, de a fiatalabb gener\\u00e1ci\\u00f3 is tart att\\u00f3l, hogy elvesz\\u00edti \\u00e1ll\\u00e1s\\u00e1t a koronav\\u00edrus okozta neh\\u00e9z gazdas\\u00e1gi helyzetben. Egy felm\\u00e9r\\u00e9sb\\u0151l kider\\u00fclt: a 35-54 \\u00e9vesek tartanak legink\\u00e1bb att\\u00f3l, hogy a koronav\\u00edrus-j\\u00e1rv\\u00e1ny kedvez\\u0151tlen hat\\u00e1sai miatt vesz\\u00e9lybe ker\\u00fcl a munkahely\\u00fck. A feln\\u0151tt, v\\u00e1rosi lakoss\\u00e1g k\\u00f6r\\u00e9ben m\\u00e9rt 59 sz\\u00e1zal\\u00e9khoz k\\u00e9pest a 35-44 \\u00e9vesek 65 sz\\u00e1zal\\u00e9ka \\u00e9rzi vesz\\u00e9lyben az\",\"inLanguage\":\"hu-HU\",\"isPartOf\":{\"@id\":\"https:\\\/\\\/allasorias.hu\\\/hirek\\\/#website\"},\"breadcrumb\":{\"@id\":\"https:\\\/\\\/allasorias.hu\\\/hirek\\\/a-fiatalok-egy-resze-is-tart-az-allasvesztestol\\\/#breadcrumblist\"},\"author\":{\"@id\":\"https:\\\/\\\/allasorias.hu\\\/hirek\\\/author\\\/admin-allasorias\\\/#author\"},\"creator\":{\"@id\":\"https:\\\/\\\/allasorias.hu\\\/hirek\\\/author\\\/admin-allasorias\\\/#author\"},\"image\":{\"@type\":\"ImageObject\",\"url\":\"https:\\\/\\\/allasorias.hu\\\/hirek\\\/wp-content\\\/uploads\\\/2018\\\/12\\\/business-1477601_640.jpg\",\"@id\":\"https:\\\/\\\/allasorias.hu\\\/hirek\\\/a-fiatalok-egy-resze-is-tart-az-allasvesztestol\\\/#mainImage\",\"width\":640,\"height\":425},\"primaryImageOfPage\":{\"@id\":\"https:\\\/\\\/allasorias.hu\\\/hirek\\\/a-fiatalok-egy-resze-is-tart-az-allasvesztestol\\\/#mainImage\"},\"datePublished\":\"2020-06-02T08:09:38+02:00\",\"dateModified\":\"2020-06-02T08:09:38+02:00\"},{\"@type\":\"WebSite\",\"@id\":\"https:\\\/\\\/allasorias.hu\\\/hirek\\\/#website\",\"url\":\"https:\\\/\\\/allasorias.hu\\\/hirek\\\/\",\"name\":\"AllasOrias.hu | H\\u00edrek-lapszemle\",\"description\":\"\\u00dczleti h\\u00edrek az \\u00e1ll\\u00e1s \\u00e9s a munka vil\\u00e1g\\u00e1b\\u00f3l\",\"inLanguage\":\"hu-HU\",\"publisher\":{\"@id\":\"https:\\\/\\\/allasorias.hu\\\/hirek\\\/#organization\"}}]}\n\t\t<\/script>\n\t\t<!-- All in One SEO -->\n\n","aioseo_head_json":{"title":"A fiatalok egy r\u00e9sze is tart az \u00e1ll\u00e1sveszt\u00e9st\u0151l | AllasOrias.hu | H\u00edrek-lapszemle","description":"Nemcsak az id\u0151sebb, de a fiatalabb gener\u00e1ci\u00f3 is tart att\u00f3l, hogy elvesz\u00edti \u00e1ll\u00e1s\u00e1t a koronav\u00edrus okozta neh\u00e9z gazdas\u00e1gi helyzetben. Egy felm\u00e9r\u00e9sb\u0151l kider\u00fclt: a 35-54 \u00e9vesek tartanak legink\u00e1bb att\u00f3l, hogy a koronav\u00edrus-j\u00e1rv\u00e1ny kedvez\u0151tlen hat\u00e1sai miatt vesz\u00e9lybe ker\u00fcl a munkahely\u00fck. A feln\u0151tt, v\u00e1rosi lakoss\u00e1g k\u00f6r\u00e9ben m\u00e9rt 59 sz\u00e1zal\u00e9khoz k\u00e9pest a 35-44 \u00e9vesek 65 sz\u00e1zal\u00e9ka \u00e9rzi vesz\u00e9lyben az","canonical_url":"https:\/\/allasorias.hu\/hirek\/a-fiatalok-egy-resze-is-tart-az-allasvesztestol\/","robots":"max-image-preview:large","keywords":"","webmasterTools":{"miscellaneous":""},"schema":{"@context":"https:\/\/schema.org","@graph":[{"@type":"Article","@id":"https:\/\/allasorias.hu\/hirek\/a-fiatalok-egy-resze-is-tart-az-allasvesztestol\/#article","name":"A fiatalok egy r\u00e9sze is tart az \u00e1ll\u00e1sveszt\u00e9st\u0151l | AllasOrias.hu | H\u00edrek-lapszemle","headline":"A fiatalok egy r\u00e9sze is tart az \u00e1ll\u00e1sveszt\u00e9st\u0151l","author":{"@id":"https:\/\/allasorias.hu\/hirek\/author\/admin-allasorias\/#author"},"publisher":{"@id":"https:\/\/allasorias.hu\/hirek\/#organization"},"image":{"@type":"ImageObject","url":"https:\/\/allasorias.hu\/hirek\/wp-content\/uploads\/2018\/12\/business-1477601_640.jpg","width":640,"height":425},"datePublished":"2020-06-02T08:09:38+02:00","dateModified":"2020-06-02T08:09:38+02:00","inLanguage":"hu-HU","mainEntityOfPage":{"@id":"https:\/\/allasorias.hu\/hirek\/a-fiatalok-egy-resze-is-tart-az-allasvesztestol\/#webpage"},"isPartOf":{"@id":"https:\/\/allasorias.hu\/hirek\/a-fiatalok-egy-resze-is-tart-az-allasvesztestol\/#webpage"},"articleSection":"Munkaer\u0151piac"},{"@type":"BreadcrumbList","@id":"https:\/\/allasorias.hu\/hirek\/a-fiatalok-egy-resze-is-tart-az-allasvesztestol\/#breadcrumblist","itemListElement":[{"@type":"ListItem","@id":"https:\/\/allasorias.hu\/hirek#listItem","position":1,"name":"Home","item":"https:\/\/allasorias.hu\/hirek","nextItem":{"@type":"ListItem","@id":"https:\/\/allasorias.hu\/hirek\/temak\/munkaeropiac\/#listItem","name":"Munkaer\u0151piac"}},{"@type":"ListItem","@id":"https:\/\/allasorias.hu\/hirek\/temak\/munkaeropiac\/#listItem","position":2,"name":"Munkaer\u0151piac","item":"https:\/\/allasorias.hu\/hirek\/temak\/munkaeropiac\/","nextItem":{"@type":"ListItem","@id":"https:\/\/allasorias.hu\/hirek\/a-fiatalok-egy-resze-is-tart-az-allasvesztestol\/#listItem","name":"A fiatalok egy r\u00e9sze is tart az \u00e1ll\u00e1sveszt\u00e9st\u0151l"},"previousItem":{"@type":"ListItem","@id":"https:\/\/allasorias.hu\/hirek#listItem","name":"Home"}},{"@type":"ListItem","@id":"https:\/\/allasorias.hu\/hirek\/a-fiatalok-egy-resze-is-tart-az-allasvesztestol\/#listItem","position":3,"name":"A fiatalok egy r\u00e9sze is tart az \u00e1ll\u00e1sveszt\u00e9st\u0151l","previousItem":{"@type":"ListItem","@id":"https:\/\/allasorias.hu\/hirek\/temak\/munkaeropiac\/#listItem","name":"Munkaer\u0151piac"}}]},{"@type":"Organization","@id":"https:\/\/allasorias.hu\/hirek\/#organization","name":"AllasOrias.hu | H\u00edrek-lapszemle","description":"\u00dczleti h\u00edrek az \u00e1ll\u00e1s \u00e9s a munka vil\u00e1g\u00e1b\u00f3l","url":"https:\/\/allasorias.hu\/hirek\/","logo":{"@type":"ImageObject","url":"https:\/\/allasorias.hu\/hirek\/wp-content\/uploads\/2022\/10\/allasorias_site_facebok_logo.png","@id":"https:\/\/allasorias.hu\/hirek\/a-fiatalok-egy-resze-is-tart-az-allasvesztestol\/#organizationLogo"},"image":{"@id":"https:\/\/allasorias.hu\/hirek\/a-fiatalok-egy-resze-is-tart-az-allasvesztestol\/#organizationLogo"},"sameAs":["https:\/\/www.facebook.com\/allasorias","https:\/\/www.linkedin.com\/company\/allasorias"]},{"@type":"Person","@id":"https:\/\/allasorias.hu\/hirek\/author\/admin-allasorias\/#author","url":"https:\/\/allasorias.hu\/hirek\/author\/admin-allasorias\/","name":"Juh\u00e1sz P\u00e9ter","image":{"@type":"ImageObject","@id":"https:\/\/allasorias.hu\/hirek\/a-fiatalok-egy-resze-is-tart-az-allasvesztestol\/#authorImage","url":"https:\/\/secure.gravatar.com\/avatar\/36e6bcb83148978b992977cb0f54d22feb0cce8a0a849a9410532bb2623ba4c6?s=96&d=mm&r=g","width":96,"height":96,"caption":"Juh\u00e1sz P\u00e9ter"}},{"@type":"WebPage","@id":"https:\/\/allasorias.hu\/hirek\/a-fiatalok-egy-resze-is-tart-az-allasvesztestol\/#webpage","url":"https:\/\/allasorias.hu\/hirek\/a-fiatalok-egy-resze-is-tart-az-allasvesztestol\/","name":"A fiatalok egy r\u00e9sze is tart az \u00e1ll\u00e1sveszt\u00e9st\u0151l | AllasOrias.hu | H\u00edrek-lapszemle","description":"Nemcsak az id\u0151sebb, de a fiatalabb gener\u00e1ci\u00f3 is tart att\u00f3l, hogy elvesz\u00edti \u00e1ll\u00e1s\u00e1t a koronav\u00edrus okozta neh\u00e9z gazdas\u00e1gi helyzetben. Egy felm\u00e9r\u00e9sb\u0151l kider\u00fclt: a 35-54 \u00e9vesek tartanak legink\u00e1bb att\u00f3l, hogy a koronav\u00edrus-j\u00e1rv\u00e1ny kedvez\u0151tlen hat\u00e1sai miatt vesz\u00e9lybe ker\u00fcl a munkahely\u00fck. A feln\u0151tt, v\u00e1rosi lakoss\u00e1g k\u00f6r\u00e9ben m\u00e9rt 59 sz\u00e1zal\u00e9khoz k\u00e9pest a 35-44 \u00e9vesek 65 sz\u00e1zal\u00e9ka \u00e9rzi vesz\u00e9lyben az","inLanguage":"hu-HU","isPartOf":{"@id":"https:\/\/allasorias.hu\/hirek\/#website"},"breadcrumb":{"@id":"https:\/\/allasorias.hu\/hirek\/a-fiatalok-egy-resze-is-tart-az-allasvesztestol\/#breadcrumblist"},"author":{"@id":"https:\/\/allasorias.hu\/hirek\/author\/admin-allasorias\/#author"},"creator":{"@id":"https:\/\/allasorias.hu\/hirek\/author\/admin-allasorias\/#author"},"image":{"@type":"ImageObject","url":"https:\/\/allasorias.hu\/hirek\/wp-content\/uploads\/2018\/12\/business-1477601_640.jpg","@id":"https:\/\/allasorias.hu\/hirek\/a-fiatalok-egy-resze-is-tart-az-allasvesztestol\/#mainImage","width":640,"height":425},"primaryImageOfPage":{"@id":"https:\/\/allasorias.hu\/hirek\/a-fiatalok-egy-resze-is-tart-az-allasvesztestol\/#mainImage"},"datePublished":"2020-06-02T08:09:38+02:00","dateModified":"2020-06-02T08:09:38+02:00"},{"@type":"WebSite","@id":"https:\/\/allasorias.hu\/hirek\/#website","url":"https:\/\/allasorias.hu\/hirek\/","name":"AllasOrias.hu | H\u00edrek-lapszemle","description":"\u00dczleti h\u00edrek az \u00e1ll\u00e1s \u00e9s a munka vil\u00e1g\u00e1b\u00f3l","inLanguage":"hu-HU","publisher":{"@id":"https:\/\/allasorias.hu\/hirek\/#organization"}}]},"og:locale":"hu_HU","og:site_name":"AllasOrias.hu | H\u00edrek-lapszemle | \u00dczleti h\u00edrek az \u00e1ll\u00e1s \u00e9s a munka vil\u00e1g\u00e1b\u00f3l","og:type":"article","og:title":"A fiatalok egy r\u00e9sze is tart az \u00e1ll\u00e1sveszt\u00e9st\u0151l | AllasOrias.hu | H\u00edrek-lapszemle","og:description":"Nemcsak az id\u0151sebb, de a fiatalabb gener\u00e1ci\u00f3 is tart att\u00f3l, hogy elvesz\u00edti \u00e1ll\u00e1s\u00e1t a koronav\u00edrus okozta neh\u00e9z gazdas\u00e1gi helyzetben. Egy felm\u00e9r\u00e9sb\u0151l kider\u00fclt: a 35-54 \u00e9vesek tartanak legink\u00e1bb att\u00f3l, hogy a koronav\u00edrus-j\u00e1rv\u00e1ny kedvez\u0151tlen hat\u00e1sai miatt vesz\u00e9lybe ker\u00fcl a munkahely\u00fck. A feln\u0151tt, v\u00e1rosi lakoss\u00e1g k\u00f6r\u00e9ben m\u00e9rt 59 sz\u00e1zal\u00e9khoz k\u00e9pest a 35-44 \u00e9vesek 65 sz\u00e1zal\u00e9ka \u00e9rzi vesz\u00e9lyben az","og:url":"https:\/\/allasorias.hu\/hirek\/a-fiatalok-egy-resze-is-tart-az-allasvesztestol\/","og:image":"https:\/\/allasorias.hu\/hirek\/wp-content\/uploads\/2018\/12\/business-1477601_640.jpg","og:image:secure_url":"https:\/\/allasorias.hu\/hirek\/wp-content\/uploads\/2018\/12\/business-1477601_640.jpg","og:image:width":640,"og:image:height":425,"article:published_time":"2020-06-02T08:09:38+00:00","article:modified_time":"2020-06-02T08:09:38+00:00","article:publisher":"https:\/\/www.facebook.com\/allasorias","twitter:card":"summary_large_image","twitter:title":"A fiatalok egy r\u00e9sze is tart az \u00e1ll\u00e1sveszt\u00e9st\u0151l | AllasOrias.hu | H\u00edrek-lapszemle","twitter:description":"Nemcsak az id\u0151sebb, de a fiatalabb gener\u00e1ci\u00f3 is tart att\u00f3l, hogy elvesz\u00edti \u00e1ll\u00e1s\u00e1t a koronav\u00edrus okozta neh\u00e9z gazdas\u00e1gi helyzetben. Egy felm\u00e9r\u00e9sb\u0151l kider\u00fclt: a 35-54 \u00e9vesek tartanak legink\u00e1bb att\u00f3l, hogy a koronav\u00edrus-j\u00e1rv\u00e1ny kedvez\u0151tlen hat\u00e1sai miatt vesz\u00e9lybe ker\u00fcl a munkahely\u00fck. A feln\u0151tt, v\u00e1rosi lakoss\u00e1g k\u00f6r\u00e9ben m\u00e9rt 59 sz\u00e1zal\u00e9khoz k\u00e9pest a 35-44 \u00e9vesek 65 sz\u00e1zal\u00e9ka \u00e9rzi vesz\u00e9lyben az","twitter:image":"https:\/\/allasorias.hu\/hirek\/wp-content\/uploads\/2018\/12\/business-1477601_640.jpg","twitter:label1":"Written by","twitter:data1":"Juh\u00e1sz P\u00e9ter","twitter:label2":"Est. reading time","twitter:data2":"3 minutes"},"aioseo_meta_data":{"post_id":"4013","title":null,"description":null,"keywords":null,"keyphrases":null,"primary_term":null,"canonical_url":null,"og_title":null,"og_description":null,"og_object_type":"default","og_image_type":"default","og_image_url":null,"og_image_width":null,"og_image_height":null,"og_image_custom_url":null,"og_image_custom_fields":null,"og_video":null,"og_custom_url":null,"og_article_section":null,"og_article_tags":null,"twitter_use_og":false,"twitter_card":"default","twitter_image_type":"default","twitter_image_url":null,"twitter_image_custom_url":null,"twitter_image_custom_fields":null,"twitter_title":null,"twitter_description":null,"schema":{"blockGraphs":[],"customGraphs":[],"default":{"data":{"Article":[],"Course":[],"Dataset":[],"FAQPage":[],"Movie":[],"Person":[],"Product":[],"ProductReview":[],"Car":[],"Recipe":[],"Service":[],"SoftwareApplication":[],"WebPage":[]},"graphName":"","isEnabled":true},"graphs":[],"defaultGraph":"","defaultPostTypeGraph":""},"schema_type":null,"schema_type_options":null,"pillar_content":false,"robots_default":true,"robots_noindex":false,"robots_noarchive":false,"robots_nosnippet":false,"robots_nofollow":false,"robots_noimageindex":false,"robots_noodp":false,"robots_notranslate":false,"robots_max_snippet":null,"robots_max_videopreview":null,"robots_max_imagepreview":"large","priority":null,"frequency":null,"location":null,"local_seo":null,"breadcrumb_settings":null,"limit_modified_date":false,"ai":null,"created":"2021-02-01 21:25:04","updated":"2025-10-02 13:52:45","seo_analyzer_scan_date":null,"focus_keyword":null,"additional_keywords":null,"truseo_locale":null},"aioseo_breadcrumb":"<div class=\"aioseo-breadcrumbs\"><span class=\"aioseo-breadcrumb\">\n\t\t\t<a href=\"https:\/\/allasorias.hu\/hirek\" title=\"Home\">Home<\/a>\n\t\t<\/span><span class=\"aioseo-breadcrumb-separator\">&raquo;<\/span><span class=\"aioseo-breadcrumb\">\n\t\t\t<a href=\"https:\/\/allasorias.hu\/hirek\/temak\/munkaeropiac\/\" title=\"Munkaer\u0151piac\">Munkaer\u0151piac<\/a>\n\t\t<\/span><span class=\"aioseo-breadcrumb-separator\">&raquo;<\/span><span class=\"aioseo-breadcrumb\">\n\t\t\tA fiatalok egy r\u00e9sze is tart az \u00e1ll\u00e1sveszt\u00e9st\u0151l\n\t\t<\/span><\/div>","aioseo_breadcrumb_json":[{"label":"Home","link":"https:\/\/allasorias.hu\/hirek"},{"label":"Munkaer\u0151piac","link":"https:\/\/allasorias.hu\/hirek\/temak\/munkaeropiac\/"},{"label":"A fiatalok egy r\u00e9sze is tart az \u00e1ll\u00e1sveszt\u00e9st\u0151l","link":"https:\/\/allasorias.hu\/hirek\/a-fiatalok-egy-resze-is-tart-az-allasvesztestol\/"}],"_links":{"self":[{"href":"https:\/\/allasorias.hu\/hirek\/wp-json\/wp\/v2\/posts\/4013","targetHints":{"allow":["GET"]}}],"collection":[{"href":"https:\/\/allasorias.hu\/hirek\/wp-json\/wp\/v2\/posts"}],"about":[{"href":"https:\/\/allasorias.hu\/hirek\/wp-json\/wp\/v2\/types\/post"}],"author":[{"embeddable":true,"href":"https:\/\/allasorias.hu\/hirek\/wp-json\/wp\/v2\/users\/1"}],"replies":[{"embeddable":true,"href":"https:\/\/allasorias.hu\/hirek\/wp-json\/wp\/v2\/comments?post=4013"}],"version-history":[{"count":1,"href":"https:\/\/allasorias.hu\/hirek\/wp-json\/wp\/v2\/posts\/4013\/revisions"}],"predecessor-version":[{"id":4014,"href":"https:\/\/allasorias.hu\/hirek\/wp-json\/wp\/v2\/posts\/4013\/revisions\/4014"}],"wp:featuredmedia":[{"embeddable":true,"href":"https:\/\/allasorias.hu\/hirek\/wp-json\/wp\/v2\/media\/2260"}],"wp:attachment":[{"href":"https:\/\/allasorias.hu\/hirek\/wp-json\/wp\/v2\/media?parent=4013"}],"wp:term":[{"taxonomy":"category","embeddable":true,"href":"https:\/\/allasorias.hu\/hirek\/wp-json\/wp\/v2\/categories?post=4013"},{"taxonomy":"post_tag","embeddable":true,"href":"https:\/\/allasorias.hu\/hirek\/wp-json\/wp\/v2\/tags?post=4013"}],"curies":[{"name":"wp","href":"https:\/\/api.w.org\/{rel}","templated":true}]}}