{"id":4009,"date":"2020-06-02T06:21:33","date_gmt":"2020-06-02T06:21:33","guid":{"rendered":"https:\/\/allasorias.hu\/hirek\/?p=4009"},"modified":"2020-06-02T06:21:33","modified_gmt":"2020-06-02T06:21:33","slug":"a-kulgazdasagi-miniszer-szerint-ujraeled-a-gazdasag","status":"publish","type":"post","link":"https:\/\/allasorias.hu\/hirek\/a-kulgazdasagi-miniszer-szerint-ujraeled-a-gazdasag\/","title":{"rendered":"A k\u00fclgazdas\u00e1gi miniszer szerint \u00fajra\u00e9led a gazdas\u00e1g"},"content":{"rendered":"<p><strong>Sz\u00edjj\u00e1rt\u00f3 P\u00e9ter k\u00fclgazdas\u00e1gi \u00e9s k\u00fcl\u00fcgyminiszter szerint a korm\u00e1ny feladata, hogy a legjobb felt\u00e9teleket adja meg a gazdas\u00e1g helyre\u00e1ll\u00edt\u00e1s\u00e1hoz. Ehhez a magyar v\u00e1llalatoknak versenyk\u00e9pess\u00e9gi program ny\u00fajt seg\u00edts\u00e9get.<\/strong><\/p>\n<p>A \u00a0program t\u00e1mogat\u00f3i okirat\u00e1nak \u00e1tad\u00f3j\u00e1n a t\u00e1rcavezet\u0151 hozz\u00e1tette: eddig 678 v\u00e1llalat jelentkezett a t\u00e1mogat\u00e1sra, akik \u00f6sszesen t\u00f6bb mint 320 milli\u00e1rd forintnyi beruh\u00e1z\u00e1st v\u00e1llalnak. Szijj\u00e1rt\u00f3: az \u00faj k\u00f6r\u00fclm\u00e9nyekre kell reflekt\u00e1lnia az Inform\u00e1ci\u00f3s Hivatalban dolgoz\u00f3k k\u00e9pz\u00e9s\u00e9nek. Mindig az \u00faj k\u00f6r\u00fclm\u00e9nyekre kell reflekt\u00e1lnia az Inform\u00e1ci\u00f3s Hivatalban (IH) dolgoz\u00f3k k\u00e9pz\u00e9s\u00e9nek, \u00edgy azon folyamatosan v\u00e1ltoztatni kell &#8211; k\u00f6z\u00f6lte a k\u00fclgazdas\u00e1gi \u00e9s k\u00fcl\u00fcgyminiszter cs\u00fct\u00f6rt\u00f6k\u00f6n az IH \u00faj k\u00e9pz\u00e9si k\u00f6zpontj\u00e1nak \u00e1tad\u00f3j\u00e1n. Szijj\u00e1rt\u00f3 P\u00e9ter az MTI-hez eljuttatott hangfelv\u00e9telen azt mondta: a koronav\u00edrus-j\u00e1rv\u00e1ny k\u00f6vetkezm\u00e9nyeit m\u00e9g nem lehet pontosan l\u00e1tni, de az biztos, hogy semmi sem lesz olyan, mint el\u0151tte: \u00faj politikai vil\u00e1grend j\u00f6n l\u00e9tre \u00e9s \u00faj vil\u00e1ggazdas\u00e1gi verseny indul, ami megn\u00f6veli a polg\u00e1ri h\u00edrszerz\u00e9s jelent\u0151s\u00e9g\u00e9t \u00e9s \u00e1talak\u00edtja annak feladatait. L\u00e1that\u00f3, hogy er\u0151s\u00f6dni fog a vil\u00e1ggazdas\u00e1gi verseny \u00e9s a beruh\u00e1z\u00e1sok\u00e9rt folytatott vet\u00e9lked\u00e9s az orsz\u00e1gok k\u00f6z\u00f6tt, az er\u0151sorrendet pedig nagy m\u00e9rt\u00e9kben befoly\u00e1solja majd, hogy melyik orsz\u00e1g milyen m\u00e9rt\u00e9kben tudja megv\u00e9deni a munkahelyeket \u00e9s h\u00e1ny \u00faj munkahelyet tud l\u00e9trehozni &#8211; v\u00e9lekedett. A mindennapi \u00e9let v\u00e1ltoz\u00e1sai k\u00f6z\u00fcl a miniszter szerint az egyik legfelt\u0171n\u0151bb, hogy a digitaliz\u00e1ci\u00f3 \u00e9s a j\u00e1rv\u00e1ny okozta k\u00e9nyszer miatt a szem\u00e9lyes tal\u00e1lkoz\u00e1sok szerep\u00e9t egyre ink\u00e1bb \u00e1tveszik az online kapcsolatteremt\u00e9si form\u00e1k. Emiatt jelent\u0151sen n\u0151 a kibert\u00e1mad\u00e1sok vesz\u00e9lye. Ez\u00e9rt a kiberbiztons\u00e1g jelent\u0151s\u00e9ge m\u00e9g soha nem volt olyan fontos, mint lesz a k\u00f6vetkez\u0151 \u00e9vekben lesz &#8211; mondta. Szijj\u00e1rt\u00f3 P\u00e9ter arr\u00f3l is besz\u00e9lt, hogy a k\u00f6vetkez\u0151 id\u0151szakban azok az orsz\u00e1gok er\u0151s\u00f6dnek meg, amelyek hat\u00e9konyan \u00e9rv\u00e9nyes\u00edtik nemzeti \u00e9rdekeiket, Magyarorsz\u00e1gnak emiatt mindent a saj\u00e1t szempontj\u00e1b\u00f3l kell n\u00e9znie. El kell fogadni, hogy minden nemzet m\u00e1shonnan n\u00e9zi a vil\u00e1got, ez azonban nem jelenthet ellens\u00e9gesked\u00e9st \u00e9s az egy\u00fcttm\u0171k\u00f6d\u00e9s ellehetetlen\u00edt\u00e9s\u00e9t &#8211; emelte ki.\u00a0 A miniszter szerint vil\u00e1gos: egyetlen orsz\u00e1g sem engedheti meg, hogy a b\u00e9keid\u0151ben kev\u00e9sb\u00e9 fontosnak t\u0171n\u0151 strat\u00e9giai \u00e1gazatok ilyen m\u00e9rt\u00e9kben kitettek legyenek &#8222;k\u00fcls\u0151 szerepl\u0151nek&#8221;. Ez\u00e9rt ezekben az \u00e1gazatokban ki kell \u00e9p\u00edteni a saj\u00e1t kapacit\u00e1st, Magyarorsz\u00e1gon a korm\u00e1ny p\u00e9ld\u00e1ul elkezdte kialak\u00edtani az eg\u00e9szs\u00e9g\u00fcgyi v\u00e9dekez\u00e9shez sz\u00fcks\u00e9ges eszk\u00f6z\u00f6k gy\u00e1rt\u00e1s\u00e1t &#8211; mondta Szijj\u00e1rt\u00f3 P\u00e9ter.<\/p>\n<p>Forr\u00e1s: hirtv.hu<\/p>\n","protected":false},"excerpt":{"rendered":"<p>Sz\u00edjj\u00e1rt\u00f3 P\u00e9ter k\u00fclgazdas\u00e1gi \u00e9s k\u00fcl\u00fcgyminiszter szerint a korm\u00e1ny feladata, hogy a legjobb felt\u00e9teleket adja meg a gazdas\u00e1g helyre\u00e1ll\u00edt\u00e1s\u00e1hoz. Ehhez a magyar v\u00e1llalatoknak versenyk\u00e9pess\u00e9gi program ny\u00fajt seg\u00edts\u00e9get. A \u00a0program t\u00e1mogat\u00f3i okirat\u00e1nak \u00e1tad\u00f3j\u00e1n a t\u00e1rcavezet\u0151 hozz\u00e1tette: eddig 678 v\u00e1llalat jelentkezett a t\u00e1mogat\u00e1sra, akik \u00f6sszesen t\u00f6bb mint 320 milli\u00e1rd forintnyi beruh\u00e1z\u00e1st v\u00e1llalnak. Szijj\u00e1rt\u00f3: az \u00faj k\u00f6r\u00fclm\u00e9nyekre kell reflekt\u00e1lnia [&hellip;]<\/p>\n","protected":false},"author":1,"featured_media":2316,"comment_status":"open","ping_status":"open","sticky":false,"template":"","format":"standard","meta":{"_monsterinsights_skip_tracking":false,"footnotes":""},"categories":[198,200],"tags":[],"class_list":["post-4009","post","type-post","status-publish","format-standard","has-post-thumbnail","hentry","category-gazdasag","category-munkaeropiac"],"aioseo_notices":[],"aioseo_head":"\n\t\t<!-- All in One SEO 5.0.0.1 - aioseo.com -->\n\t<meta name=\"description\" content=\"Sz\u00edjj\u00e1rt\u00f3 P\u00e9ter k\u00fclgazdas\u00e1gi \u00e9s k\u00fcl\u00fcgyminiszter szerint a korm\u00e1ny feladata, hogy a legjobb felt\u00e9teleket adja meg a gazdas\u00e1g helyre\u00e1ll\u00edt\u00e1s\u00e1hoz. Ehhez a magyar v\u00e1llalatoknak versenyk\u00e9pess\u00e9gi program ny\u00fajt seg\u00edts\u00e9get. A program t\u00e1mogat\u00f3i okirat\u00e1nak \u00e1tad\u00f3j\u00e1n a t\u00e1rcavezet\u0151 hozz\u00e1tette: eddig 678 v\u00e1llalat jelentkezett a t\u00e1mogat\u00e1sra, akik \u00f6sszesen t\u00f6bb mint 320 milli\u00e1rd forintnyi beruh\u00e1z\u00e1st v\u00e1llalnak. Szijj\u00e1rt\u00f3: az \u00faj k\u00f6r\u00fclm\u00e9nyekre kell reflekt\u00e1lnia\" \/>\n\t<meta name=\"robots\" content=\"max-image-preview:large\" \/>\n\t<meta name=\"author\" content=\"Juh\u00e1sz P\u00e9ter\"\/>\n\t<link rel=\"canonical\" href=\"https:\/\/allasorias.hu\/hirek\/a-kulgazdasagi-miniszer-szerint-ujraeled-a-gazdasag\/\" \/>\n\t<meta name=\"generator\" content=\"All in One SEO (AIOSEO) 5.0.0.1\" \/>\n\t\t<meta property=\"og:locale\" content=\"hu_HU\" \/>\n\t\t<meta property=\"og:site_name\" content=\"AllasOrias.hu | H\u00edrek-lapszemle | \u00dczleti h\u00edrek az \u00e1ll\u00e1s \u00e9s a munka vil\u00e1g\u00e1b\u00f3l\" \/>\n\t\t<meta property=\"og:type\" content=\"article\" \/>\n\t\t<meta property=\"og:title\" content=\"A k\u00fclgazdas\u00e1gi miniszer szerint \u00fajra\u00e9led a gazdas\u00e1g | AllasOrias.hu | H\u00edrek-lapszemle\" \/>\n\t\t<meta property=\"og:description\" content=\"Sz\u00edjj\u00e1rt\u00f3 P\u00e9ter k\u00fclgazdas\u00e1gi \u00e9s k\u00fcl\u00fcgyminiszter szerint a korm\u00e1ny feladata, hogy a legjobb felt\u00e9teleket adja meg a gazdas\u00e1g helyre\u00e1ll\u00edt\u00e1s\u00e1hoz. Ehhez a magyar v\u00e1llalatoknak versenyk\u00e9pess\u00e9gi program ny\u00fajt seg\u00edts\u00e9get. A program t\u00e1mogat\u00f3i okirat\u00e1nak \u00e1tad\u00f3j\u00e1n a t\u00e1rcavezet\u0151 hozz\u00e1tette: eddig 678 v\u00e1llalat jelentkezett a t\u00e1mogat\u00e1sra, akik \u00f6sszesen t\u00f6bb mint 320 milli\u00e1rd forintnyi beruh\u00e1z\u00e1st v\u00e1llalnak. Szijj\u00e1rt\u00f3: az \u00faj k\u00f6r\u00fclm\u00e9nyekre kell reflekt\u00e1lnia\" \/>\n\t\t<meta property=\"og:url\" content=\"https:\/\/allasorias.hu\/hirek\/a-kulgazdasagi-miniszer-szerint-ujraeled-a-gazdasag\/\" \/>\n\t\t<meta property=\"og:image\" content=\"https:\/\/allasorias.hu\/hirek\/wp-content\/uploads\/2018\/12\/profits-1953616_640.jpg\" \/>\n\t\t<meta property=\"og:image:secure_url\" content=\"https:\/\/allasorias.hu\/hirek\/wp-content\/uploads\/2018\/12\/profits-1953616_640.jpg\" \/>\n\t\t<meta property=\"og:image:width\" content=\"640\" \/>\n\t\t<meta property=\"og:image:height\" content=\"400\" \/>\n\t\t<meta property=\"article:published_time\" content=\"2020-06-02T06:21:33+00:00\" \/>\n\t\t<meta property=\"article:modified_time\" content=\"2020-06-02T06:21:33+00:00\" \/>\n\t\t<meta property=\"article:publisher\" content=\"https:\/\/www.facebook.com\/allasorias\" \/>\n\t\t<meta name=\"twitter:card\" content=\"summary_large_image\" \/>\n\t\t<meta name=\"twitter:title\" content=\"A k\u00fclgazdas\u00e1gi miniszer szerint \u00fajra\u00e9led a gazdas\u00e1g | AllasOrias.hu | H\u00edrek-lapszemle\" \/>\n\t\t<meta name=\"twitter:description\" content=\"Sz\u00edjj\u00e1rt\u00f3 P\u00e9ter k\u00fclgazdas\u00e1gi \u00e9s k\u00fcl\u00fcgyminiszter szerint a korm\u00e1ny feladata, hogy a legjobb felt\u00e9teleket adja meg a gazdas\u00e1g helyre\u00e1ll\u00edt\u00e1s\u00e1hoz. Ehhez a magyar v\u00e1llalatoknak versenyk\u00e9pess\u00e9gi program ny\u00fajt seg\u00edts\u00e9get. A program t\u00e1mogat\u00f3i okirat\u00e1nak \u00e1tad\u00f3j\u00e1n a t\u00e1rcavezet\u0151 hozz\u00e1tette: eddig 678 v\u00e1llalat jelentkezett a t\u00e1mogat\u00e1sra, akik \u00f6sszesen t\u00f6bb mint 320 milli\u00e1rd forintnyi beruh\u00e1z\u00e1st v\u00e1llalnak. Szijj\u00e1rt\u00f3: az \u00faj k\u00f6r\u00fclm\u00e9nyekre kell reflekt\u00e1lnia\" \/>\n\t\t<meta name=\"twitter:image\" content=\"https:\/\/allasorias.hu\/hirek\/wp-content\/uploads\/2018\/12\/profits-1953616_640.jpg\" \/>\n\t\t<meta name=\"twitter:label1\" content=\"Written by\" \/>\n\t\t<meta name=\"twitter:data1\" content=\"Juh\u00e1sz P\u00e9ter\" \/>\n\t\t<meta name=\"twitter:label2\" content=\"Est. reading time\" \/>\n\t\t<meta name=\"twitter:data2\" content=\"3 minutes\" \/>\n\t\t<script type=\"application\/ld+json\" class=\"aioseo-schema\">\n\t\t\t{\"@context\":\"https:\\\/\\\/schema.org\",\"@graph\":[{\"@type\":\"Article\",\"@id\":\"https:\\\/\\\/allasorias.hu\\\/hirek\\\/a-kulgazdasagi-miniszer-szerint-ujraeled-a-gazdasag\\\/#article\",\"name\":\"A k\\u00fclgazdas\\u00e1gi miniszer szerint \\u00fajra\\u00e9led a gazdas\\u00e1g | AllasOrias.hu | H\\u00edrek-lapszemle\",\"headline\":\"A k\\u00fclgazdas\\u00e1gi miniszer szerint \\u00fajra\\u00e9led a gazdas\\u00e1g\",\"author\":{\"@id\":\"https:\\\/\\\/allasorias.hu\\\/hirek\\\/author\\\/admin-allasorias\\\/#author\"},\"publisher\":{\"@id\":\"https:\\\/\\\/allasorias.hu\\\/hirek\\\/#organization\"},\"image\":{\"@type\":\"ImageObject\",\"url\":\"https:\\\/\\\/allasorias.hu\\\/hirek\\\/wp-content\\\/uploads\\\/2018\\\/12\\\/profits-1953616_640.jpg\",\"width\":640,\"height\":400},\"datePublished\":\"2020-06-02T06:21:33+02:00\",\"dateModified\":\"2020-06-02T06:21:33+02:00\",\"inLanguage\":\"hu-HU\",\"mainEntityOfPage\":{\"@id\":\"https:\\\/\\\/allasorias.hu\\\/hirek\\\/a-kulgazdasagi-miniszer-szerint-ujraeled-a-gazdasag\\\/#webpage\"},\"isPartOf\":{\"@id\":\"https:\\\/\\\/allasorias.hu\\\/hirek\\\/a-kulgazdasagi-miniszer-szerint-ujraeled-a-gazdasag\\\/#webpage\"},\"articleSection\":\"Gazdas\\u00e1g, Munkaer\\u0151piac\"},{\"@type\":\"BreadcrumbList\",\"@id\":\"https:\\\/\\\/allasorias.hu\\\/hirek\\\/a-kulgazdasagi-miniszer-szerint-ujraeled-a-gazdasag\\\/#breadcrumblist\",\"itemListElement\":[{\"@type\":\"ListItem\",\"@id\":\"https:\\\/\\\/allasorias.hu\\\/hirek#listItem\",\"position\":1,\"name\":\"Home\",\"item\":\"https:\\\/\\\/allasorias.hu\\\/hirek\",\"nextItem\":{\"@type\":\"ListItem\",\"@id\":\"https:\\\/\\\/allasorias.hu\\\/hirek\\\/temak\\\/gazdasag\\\/#listItem\",\"name\":\"Gazdas\\u00e1g\"}},{\"@type\":\"ListItem\",\"@id\":\"https:\\\/\\\/allasorias.hu\\\/hirek\\\/temak\\\/gazdasag\\\/#listItem\",\"position\":2,\"name\":\"Gazdas\\u00e1g\",\"item\":\"https:\\\/\\\/allasorias.hu\\\/hirek\\\/temak\\\/gazdasag\\\/\",\"nextItem\":{\"@type\":\"ListItem\",\"@id\":\"https:\\\/\\\/allasorias.hu\\\/hirek\\\/a-kulgazdasagi-miniszer-szerint-ujraeled-a-gazdasag\\\/#listItem\",\"name\":\"A k\\u00fclgazdas\\u00e1gi miniszer szerint \\u00fajra\\u00e9led a gazdas\\u00e1g\"},\"previousItem\":{\"@type\":\"ListItem\",\"@id\":\"https:\\\/\\\/allasorias.hu\\\/hirek#listItem\",\"name\":\"Home\"}},{\"@type\":\"ListItem\",\"@id\":\"https:\\\/\\\/allasorias.hu\\\/hirek\\\/a-kulgazdasagi-miniszer-szerint-ujraeled-a-gazdasag\\\/#listItem\",\"position\":3,\"name\":\"A k\\u00fclgazdas\\u00e1gi miniszer szerint \\u00fajra\\u00e9led a gazdas\\u00e1g\",\"previousItem\":{\"@type\":\"ListItem\",\"@id\":\"https:\\\/\\\/allasorias.hu\\\/hirek\\\/temak\\\/gazdasag\\\/#listItem\",\"name\":\"Gazdas\\u00e1g\"}}]},{\"@type\":\"Organization\",\"@id\":\"https:\\\/\\\/allasorias.hu\\\/hirek\\\/#organization\",\"name\":\"AllasOrias.hu | H\\u00edrek-lapszemle\",\"description\":\"\\u00dczleti h\\u00edrek az \\u00e1ll\\u00e1s \\u00e9s a munka vil\\u00e1g\\u00e1b\\u00f3l\",\"url\":\"https:\\\/\\\/allasorias.hu\\\/hirek\\\/\",\"logo\":{\"@type\":\"ImageObject\",\"url\":\"https:\\\/\\\/allasorias.hu\\\/hirek\\\/wp-content\\\/uploads\\\/2022\\\/10\\\/allasorias_site_facebok_logo.png\",\"@id\":\"https:\\\/\\\/allasorias.hu\\\/hirek\\\/a-kulgazdasagi-miniszer-szerint-ujraeled-a-gazdasag\\\/#organizationLogo\"},\"image\":{\"@id\":\"https:\\\/\\\/allasorias.hu\\\/hirek\\\/a-kulgazdasagi-miniszer-szerint-ujraeled-a-gazdasag\\\/#organizationLogo\"},\"sameAs\":[\"https:\\\/\\\/www.facebook.com\\\/allasorias\",\"https:\\\/\\\/www.linkedin.com\\\/company\\\/allasorias\"]},{\"@type\":\"Person\",\"@id\":\"https:\\\/\\\/allasorias.hu\\\/hirek\\\/author\\\/admin-allasorias\\\/#author\",\"url\":\"https:\\\/\\\/allasorias.hu\\\/hirek\\\/author\\\/admin-allasorias\\\/\",\"name\":\"Juh\\u00e1sz P\\u00e9ter\",\"image\":{\"@type\":\"ImageObject\",\"@id\":\"https:\\\/\\\/allasorias.hu\\\/hirek\\\/a-kulgazdasagi-miniszer-szerint-ujraeled-a-gazdasag\\\/#authorImage\",\"url\":\"https:\\\/\\\/secure.gravatar.com\\\/avatar\\\/36e6bcb83148978b992977cb0f54d22feb0cce8a0a849a9410532bb2623ba4c6?s=96&d=mm&r=g\",\"width\":96,\"height\":96,\"caption\":\"Juh\\u00e1sz P\\u00e9ter\"}},{\"@type\":\"WebPage\",\"@id\":\"https:\\\/\\\/allasorias.hu\\\/hirek\\\/a-kulgazdasagi-miniszer-szerint-ujraeled-a-gazdasag\\\/#webpage\",\"url\":\"https:\\\/\\\/allasorias.hu\\\/hirek\\\/a-kulgazdasagi-miniszer-szerint-ujraeled-a-gazdasag\\\/\",\"name\":\"A k\\u00fclgazdas\\u00e1gi miniszer szerint \\u00fajra\\u00e9led a gazdas\\u00e1g | AllasOrias.hu | H\\u00edrek-lapszemle\",\"description\":\"Sz\\u00edjj\\u00e1rt\\u00f3 P\\u00e9ter k\\u00fclgazdas\\u00e1gi \\u00e9s k\\u00fcl\\u00fcgyminiszter szerint a korm\\u00e1ny feladata, hogy a legjobb felt\\u00e9teleket adja meg a gazdas\\u00e1g helyre\\u00e1ll\\u00edt\\u00e1s\\u00e1hoz. Ehhez a magyar v\\u00e1llalatoknak versenyk\\u00e9pess\\u00e9gi program ny\\u00fajt seg\\u00edts\\u00e9get. A program t\\u00e1mogat\\u00f3i okirat\\u00e1nak \\u00e1tad\\u00f3j\\u00e1n a t\\u00e1rcavezet\\u0151 hozz\\u00e1tette: eddig 678 v\\u00e1llalat jelentkezett a t\\u00e1mogat\\u00e1sra, akik \\u00f6sszesen t\\u00f6bb mint 320 milli\\u00e1rd forintnyi beruh\\u00e1z\\u00e1st v\\u00e1llalnak. Szijj\\u00e1rt\\u00f3: az \\u00faj k\\u00f6r\\u00fclm\\u00e9nyekre kell reflekt\\u00e1lnia\",\"inLanguage\":\"hu-HU\",\"isPartOf\":{\"@id\":\"https:\\\/\\\/allasorias.hu\\\/hirek\\\/#website\"},\"breadcrumb\":{\"@id\":\"https:\\\/\\\/allasorias.hu\\\/hirek\\\/a-kulgazdasagi-miniszer-szerint-ujraeled-a-gazdasag\\\/#breadcrumblist\"},\"author\":{\"@id\":\"https:\\\/\\\/allasorias.hu\\\/hirek\\\/author\\\/admin-allasorias\\\/#author\"},\"creator\":{\"@id\":\"https:\\\/\\\/allasorias.hu\\\/hirek\\\/author\\\/admin-allasorias\\\/#author\"},\"image\":{\"@type\":\"ImageObject\",\"url\":\"https:\\\/\\\/allasorias.hu\\\/hirek\\\/wp-content\\\/uploads\\\/2018\\\/12\\\/profits-1953616_640.jpg\",\"@id\":\"https:\\\/\\\/allasorias.hu\\\/hirek\\\/a-kulgazdasagi-miniszer-szerint-ujraeled-a-gazdasag\\\/#mainImage\",\"width\":640,\"height\":400},\"primaryImageOfPage\":{\"@id\":\"https:\\\/\\\/allasorias.hu\\\/hirek\\\/a-kulgazdasagi-miniszer-szerint-ujraeled-a-gazdasag\\\/#mainImage\"},\"datePublished\":\"2020-06-02T06:21:33+02:00\",\"dateModified\":\"2020-06-02T06:21:33+02:00\"},{\"@type\":\"WebSite\",\"@id\":\"https:\\\/\\\/allasorias.hu\\\/hirek\\\/#website\",\"url\":\"https:\\\/\\\/allasorias.hu\\\/hirek\\\/\",\"name\":\"AllasOrias.hu | H\\u00edrek-lapszemle\",\"description\":\"\\u00dczleti h\\u00edrek az \\u00e1ll\\u00e1s \\u00e9s a munka vil\\u00e1g\\u00e1b\\u00f3l\",\"inLanguage\":\"hu-HU\",\"publisher\":{\"@id\":\"https:\\\/\\\/allasorias.hu\\\/hirek\\\/#organization\"}}]}\n\t\t<\/script>\n\t\t<!-- All in One SEO -->\n\n","aioseo_head_json":{"title":"A k\u00fclgazdas\u00e1gi miniszer szerint \u00fajra\u00e9led a gazdas\u00e1g | AllasOrias.hu | H\u00edrek-lapszemle","description":"Sz\u00edjj\u00e1rt\u00f3 P\u00e9ter k\u00fclgazdas\u00e1gi \u00e9s k\u00fcl\u00fcgyminiszter szerint a korm\u00e1ny feladata, hogy a legjobb felt\u00e9teleket adja meg a gazdas\u00e1g helyre\u00e1ll\u00edt\u00e1s\u00e1hoz. Ehhez a magyar v\u00e1llalatoknak versenyk\u00e9pess\u00e9gi program ny\u00fajt seg\u00edts\u00e9get. A program t\u00e1mogat\u00f3i okirat\u00e1nak \u00e1tad\u00f3j\u00e1n a t\u00e1rcavezet\u0151 hozz\u00e1tette: eddig 678 v\u00e1llalat jelentkezett a t\u00e1mogat\u00e1sra, akik \u00f6sszesen t\u00f6bb mint 320 milli\u00e1rd forintnyi beruh\u00e1z\u00e1st v\u00e1llalnak. Szijj\u00e1rt\u00f3: az \u00faj k\u00f6r\u00fclm\u00e9nyekre kell reflekt\u00e1lnia","canonical_url":"https:\/\/allasorias.hu\/hirek\/a-kulgazdasagi-miniszer-szerint-ujraeled-a-gazdasag\/","robots":"max-image-preview:large","keywords":"","webmasterTools":{"miscellaneous":""},"schema":{"@context":"https:\/\/schema.org","@graph":[{"@type":"Article","@id":"https:\/\/allasorias.hu\/hirek\/a-kulgazdasagi-miniszer-szerint-ujraeled-a-gazdasag\/#article","name":"A k\u00fclgazdas\u00e1gi miniszer szerint \u00fajra\u00e9led a gazdas\u00e1g | AllasOrias.hu | H\u00edrek-lapszemle","headline":"A k\u00fclgazdas\u00e1gi miniszer szerint \u00fajra\u00e9led a gazdas\u00e1g","author":{"@id":"https:\/\/allasorias.hu\/hirek\/author\/admin-allasorias\/#author"},"publisher":{"@id":"https:\/\/allasorias.hu\/hirek\/#organization"},"image":{"@type":"ImageObject","url":"https:\/\/allasorias.hu\/hirek\/wp-content\/uploads\/2018\/12\/profits-1953616_640.jpg","width":640,"height":400},"datePublished":"2020-06-02T06:21:33+02:00","dateModified":"2020-06-02T06:21:33+02:00","inLanguage":"hu-HU","mainEntityOfPage":{"@id":"https:\/\/allasorias.hu\/hirek\/a-kulgazdasagi-miniszer-szerint-ujraeled-a-gazdasag\/#webpage"},"isPartOf":{"@id":"https:\/\/allasorias.hu\/hirek\/a-kulgazdasagi-miniszer-szerint-ujraeled-a-gazdasag\/#webpage"},"articleSection":"Gazdas\u00e1g, Munkaer\u0151piac"},{"@type":"BreadcrumbList","@id":"https:\/\/allasorias.hu\/hirek\/a-kulgazdasagi-miniszer-szerint-ujraeled-a-gazdasag\/#breadcrumblist","itemListElement":[{"@type":"ListItem","@id":"https:\/\/allasorias.hu\/hirek#listItem","position":1,"name":"Home","item":"https:\/\/allasorias.hu\/hirek","nextItem":{"@type":"ListItem","@id":"https:\/\/allasorias.hu\/hirek\/temak\/gazdasag\/#listItem","name":"Gazdas\u00e1g"}},{"@type":"ListItem","@id":"https:\/\/allasorias.hu\/hirek\/temak\/gazdasag\/#listItem","position":2,"name":"Gazdas\u00e1g","item":"https:\/\/allasorias.hu\/hirek\/temak\/gazdasag\/","nextItem":{"@type":"ListItem","@id":"https:\/\/allasorias.hu\/hirek\/a-kulgazdasagi-miniszer-szerint-ujraeled-a-gazdasag\/#listItem","name":"A k\u00fclgazdas\u00e1gi miniszer szerint \u00fajra\u00e9led a gazdas\u00e1g"},"previousItem":{"@type":"ListItem","@id":"https:\/\/allasorias.hu\/hirek#listItem","name":"Home"}},{"@type":"ListItem","@id":"https:\/\/allasorias.hu\/hirek\/a-kulgazdasagi-miniszer-szerint-ujraeled-a-gazdasag\/#listItem","position":3,"name":"A k\u00fclgazdas\u00e1gi miniszer szerint \u00fajra\u00e9led a gazdas\u00e1g","previousItem":{"@type":"ListItem","@id":"https:\/\/allasorias.hu\/hirek\/temak\/gazdasag\/#listItem","name":"Gazdas\u00e1g"}}]},{"@type":"Organization","@id":"https:\/\/allasorias.hu\/hirek\/#organization","name":"AllasOrias.hu | H\u00edrek-lapszemle","description":"\u00dczleti h\u00edrek az \u00e1ll\u00e1s \u00e9s a munka vil\u00e1g\u00e1b\u00f3l","url":"https:\/\/allasorias.hu\/hirek\/","logo":{"@type":"ImageObject","url":"https:\/\/allasorias.hu\/hirek\/wp-content\/uploads\/2022\/10\/allasorias_site_facebok_logo.png","@id":"https:\/\/allasorias.hu\/hirek\/a-kulgazdasagi-miniszer-szerint-ujraeled-a-gazdasag\/#organizationLogo"},"image":{"@id":"https:\/\/allasorias.hu\/hirek\/a-kulgazdasagi-miniszer-szerint-ujraeled-a-gazdasag\/#organizationLogo"},"sameAs":["https:\/\/www.facebook.com\/allasorias","https:\/\/www.linkedin.com\/company\/allasorias"]},{"@type":"Person","@id":"https:\/\/allasorias.hu\/hirek\/author\/admin-allasorias\/#author","url":"https:\/\/allasorias.hu\/hirek\/author\/admin-allasorias\/","name":"Juh\u00e1sz P\u00e9ter","image":{"@type":"ImageObject","@id":"https:\/\/allasorias.hu\/hirek\/a-kulgazdasagi-miniszer-szerint-ujraeled-a-gazdasag\/#authorImage","url":"https:\/\/secure.gravatar.com\/avatar\/36e6bcb83148978b992977cb0f54d22feb0cce8a0a849a9410532bb2623ba4c6?s=96&d=mm&r=g","width":96,"height":96,"caption":"Juh\u00e1sz P\u00e9ter"}},{"@type":"WebPage","@id":"https:\/\/allasorias.hu\/hirek\/a-kulgazdasagi-miniszer-szerint-ujraeled-a-gazdasag\/#webpage","url":"https:\/\/allasorias.hu\/hirek\/a-kulgazdasagi-miniszer-szerint-ujraeled-a-gazdasag\/","name":"A k\u00fclgazdas\u00e1gi miniszer szerint \u00fajra\u00e9led a gazdas\u00e1g | AllasOrias.hu | H\u00edrek-lapszemle","description":"Sz\u00edjj\u00e1rt\u00f3 P\u00e9ter k\u00fclgazdas\u00e1gi \u00e9s k\u00fcl\u00fcgyminiszter szerint a korm\u00e1ny feladata, hogy a legjobb felt\u00e9teleket adja meg a gazdas\u00e1g helyre\u00e1ll\u00edt\u00e1s\u00e1hoz. Ehhez a magyar v\u00e1llalatoknak versenyk\u00e9pess\u00e9gi program ny\u00fajt seg\u00edts\u00e9get. A program t\u00e1mogat\u00f3i okirat\u00e1nak \u00e1tad\u00f3j\u00e1n a t\u00e1rcavezet\u0151 hozz\u00e1tette: eddig 678 v\u00e1llalat jelentkezett a t\u00e1mogat\u00e1sra, akik \u00f6sszesen t\u00f6bb mint 320 milli\u00e1rd forintnyi beruh\u00e1z\u00e1st v\u00e1llalnak. Szijj\u00e1rt\u00f3: az \u00faj k\u00f6r\u00fclm\u00e9nyekre kell reflekt\u00e1lnia","inLanguage":"hu-HU","isPartOf":{"@id":"https:\/\/allasorias.hu\/hirek\/#website"},"breadcrumb":{"@id":"https:\/\/allasorias.hu\/hirek\/a-kulgazdasagi-miniszer-szerint-ujraeled-a-gazdasag\/#breadcrumblist"},"author":{"@id":"https:\/\/allasorias.hu\/hirek\/author\/admin-allasorias\/#author"},"creator":{"@id":"https:\/\/allasorias.hu\/hirek\/author\/admin-allasorias\/#author"},"image":{"@type":"ImageObject","url":"https:\/\/allasorias.hu\/hirek\/wp-content\/uploads\/2018\/12\/profits-1953616_640.jpg","@id":"https:\/\/allasorias.hu\/hirek\/a-kulgazdasagi-miniszer-szerint-ujraeled-a-gazdasag\/#mainImage","width":640,"height":400},"primaryImageOfPage":{"@id":"https:\/\/allasorias.hu\/hirek\/a-kulgazdasagi-miniszer-szerint-ujraeled-a-gazdasag\/#mainImage"},"datePublished":"2020-06-02T06:21:33+02:00","dateModified":"2020-06-02T06:21:33+02:00"},{"@type":"WebSite","@id":"https:\/\/allasorias.hu\/hirek\/#website","url":"https:\/\/allasorias.hu\/hirek\/","name":"AllasOrias.hu | H\u00edrek-lapszemle","description":"\u00dczleti h\u00edrek az \u00e1ll\u00e1s \u00e9s a munka vil\u00e1g\u00e1b\u00f3l","inLanguage":"hu-HU","publisher":{"@id":"https:\/\/allasorias.hu\/hirek\/#organization"}}]},"og:locale":"hu_HU","og:site_name":"AllasOrias.hu | H\u00edrek-lapszemle | \u00dczleti h\u00edrek az \u00e1ll\u00e1s \u00e9s a munka vil\u00e1g\u00e1b\u00f3l","og:type":"article","og:title":"A k\u00fclgazdas\u00e1gi miniszer szerint \u00fajra\u00e9led a gazdas\u00e1g | AllasOrias.hu | H\u00edrek-lapszemle","og:description":"Sz\u00edjj\u00e1rt\u00f3 P\u00e9ter k\u00fclgazdas\u00e1gi \u00e9s k\u00fcl\u00fcgyminiszter szerint a korm\u00e1ny feladata, hogy a legjobb felt\u00e9teleket adja meg a gazdas\u00e1g helyre\u00e1ll\u00edt\u00e1s\u00e1hoz. Ehhez a magyar v\u00e1llalatoknak versenyk\u00e9pess\u00e9gi program ny\u00fajt seg\u00edts\u00e9get. A program t\u00e1mogat\u00f3i okirat\u00e1nak \u00e1tad\u00f3j\u00e1n a t\u00e1rcavezet\u0151 hozz\u00e1tette: eddig 678 v\u00e1llalat jelentkezett a t\u00e1mogat\u00e1sra, akik \u00f6sszesen t\u00f6bb mint 320 milli\u00e1rd forintnyi beruh\u00e1z\u00e1st v\u00e1llalnak. Szijj\u00e1rt\u00f3: az \u00faj k\u00f6r\u00fclm\u00e9nyekre kell reflekt\u00e1lnia","og:url":"https:\/\/allasorias.hu\/hirek\/a-kulgazdasagi-miniszer-szerint-ujraeled-a-gazdasag\/","og:image":"https:\/\/allasorias.hu\/hirek\/wp-content\/uploads\/2018\/12\/profits-1953616_640.jpg","og:image:secure_url":"https:\/\/allasorias.hu\/hirek\/wp-content\/uploads\/2018\/12\/profits-1953616_640.jpg","og:image:width":640,"og:image:height":400,"article:published_time":"2020-06-02T06:21:33+00:00","article:modified_time":"2020-06-02T06:21:33+00:00","article:publisher":"https:\/\/www.facebook.com\/allasorias","twitter:card":"summary_large_image","twitter:title":"A k\u00fclgazdas\u00e1gi miniszer szerint \u00fajra\u00e9led a gazdas\u00e1g | AllasOrias.hu | H\u00edrek-lapszemle","twitter:description":"Sz\u00edjj\u00e1rt\u00f3 P\u00e9ter k\u00fclgazdas\u00e1gi \u00e9s k\u00fcl\u00fcgyminiszter szerint a korm\u00e1ny feladata, hogy a legjobb felt\u00e9teleket adja meg a gazdas\u00e1g helyre\u00e1ll\u00edt\u00e1s\u00e1hoz. Ehhez a magyar v\u00e1llalatoknak versenyk\u00e9pess\u00e9gi program ny\u00fajt seg\u00edts\u00e9get. A program t\u00e1mogat\u00f3i okirat\u00e1nak \u00e1tad\u00f3j\u00e1n a t\u00e1rcavezet\u0151 hozz\u00e1tette: eddig 678 v\u00e1llalat jelentkezett a t\u00e1mogat\u00e1sra, akik \u00f6sszesen t\u00f6bb mint 320 milli\u00e1rd forintnyi beruh\u00e1z\u00e1st v\u00e1llalnak. Szijj\u00e1rt\u00f3: az \u00faj k\u00f6r\u00fclm\u00e9nyekre kell reflekt\u00e1lnia","twitter:image":"https:\/\/allasorias.hu\/hirek\/wp-content\/uploads\/2018\/12\/profits-1953616_640.jpg","twitter:label1":"Written by","twitter:data1":"Juh\u00e1sz P\u00e9ter","twitter:label2":"Est. reading time","twitter:data2":"3 minutes"},"aioseo_meta_data":{"post_id":"4009","title":null,"description":null,"keywords":null,"keyphrases":null,"primary_term":null,"canonical_url":null,"og_title":null,"og_description":null,"og_object_type":"default","og_image_type":"default","og_image_url":null,"og_image_width":null,"og_image_height":null,"og_image_custom_url":null,"og_image_custom_fields":null,"og_video":null,"og_custom_url":null,"og_article_section":null,"og_article_tags":null,"twitter_use_og":false,"twitter_card":"default","twitter_image_type":"default","twitter_image_url":null,"twitter_image_custom_url":null,"twitter_image_custom_fields":null,"twitter_title":null,"twitter_description":null,"schema":{"blockGraphs":[],"customGraphs":[],"default":{"data":{"Article":[],"Course":[],"Dataset":[],"FAQPage":[],"Movie":[],"Person":[],"Product":[],"ProductReview":[],"Car":[],"Recipe":[],"Service":[],"SoftwareApplication":[],"WebPage":[]},"graphName":"","isEnabled":true},"graphs":[],"defaultGraph":"","defaultPostTypeGraph":""},"schema_type":null,"schema_type_options":null,"pillar_content":false,"robots_default":true,"robots_noindex":false,"robots_noarchive":false,"robots_nosnippet":false,"robots_nofollow":false,"robots_noimageindex":false,"robots_noodp":false,"robots_notranslate":false,"robots_max_snippet":null,"robots_max_videopreview":null,"robots_max_imagepreview":"large","priority":null,"frequency":null,"location":null,"local_seo":null,"breadcrumb_settings":null,"limit_modified_date":false,"ai":null,"created":"2021-02-01 21:25:04","updated":"2025-10-02 13:52:45","seo_analyzer_scan_date":null,"focus_keyword":null,"additional_keywords":null,"truseo_locale":null},"aioseo_breadcrumb":"<div class=\"aioseo-breadcrumbs\"><span class=\"aioseo-breadcrumb\">\n\t\t\t<a href=\"https:\/\/allasorias.hu\/hirek\" title=\"Home\">Home<\/a>\n\t\t<\/span><span class=\"aioseo-breadcrumb-separator\">&raquo;<\/span><span class=\"aioseo-breadcrumb\">\n\t\t\t<a href=\"https:\/\/allasorias.hu\/hirek\/temak\/gazdasag\/\" title=\"Gazdas\u00e1g\">Gazdas\u00e1g<\/a>\n\t\t<\/span><span class=\"aioseo-breadcrumb-separator\">&raquo;<\/span><span class=\"aioseo-breadcrumb\">\n\t\t\tA k\u00fclgazdas\u00e1gi miniszer szerint \u00fajra\u00e9led a gazdas\u00e1g\n\t\t<\/span><\/div>","aioseo_breadcrumb_json":[{"label":"Home","link":"https:\/\/allasorias.hu\/hirek"},{"label":"Gazdas\u00e1g","link":"https:\/\/allasorias.hu\/hirek\/temak\/gazdasag\/"},{"label":"A k\u00fclgazdas\u00e1gi miniszer szerint \u00fajra\u00e9led a gazdas\u00e1g","link":"https:\/\/allasorias.hu\/hirek\/a-kulgazdasagi-miniszer-szerint-ujraeled-a-gazdasag\/"}],"_links":{"self":[{"href":"https:\/\/allasorias.hu\/hirek\/wp-json\/wp\/v2\/posts\/4009","targetHints":{"allow":["GET"]}}],"collection":[{"href":"https:\/\/allasorias.hu\/hirek\/wp-json\/wp\/v2\/posts"}],"about":[{"href":"https:\/\/allasorias.hu\/hirek\/wp-json\/wp\/v2\/types\/post"}],"author":[{"embeddable":true,"href":"https:\/\/allasorias.hu\/hirek\/wp-json\/wp\/v2\/users\/1"}],"replies":[{"embeddable":true,"href":"https:\/\/allasorias.hu\/hirek\/wp-json\/wp\/v2\/comments?post=4009"}],"version-history":[{"count":1,"href":"https:\/\/allasorias.hu\/hirek\/wp-json\/wp\/v2\/posts\/4009\/revisions"}],"predecessor-version":[{"id":4010,"href":"https:\/\/allasorias.hu\/hirek\/wp-json\/wp\/v2\/posts\/4009\/revisions\/4010"}],"wp:featuredmedia":[{"embeddable":true,"href":"https:\/\/allasorias.hu\/hirek\/wp-json\/wp\/v2\/media\/2316"}],"wp:attachment":[{"href":"https:\/\/allasorias.hu\/hirek\/wp-json\/wp\/v2\/media?parent=4009"}],"wp:term":[{"taxonomy":"category","embeddable":true,"href":"https:\/\/allasorias.hu\/hirek\/wp-json\/wp\/v2\/categories?post=4009"},{"taxonomy":"post_tag","embeddable":true,"href":"https:\/\/allasorias.hu\/hirek\/wp-json\/wp\/v2\/tags?post=4009"}],"curies":[{"name":"wp","href":"https:\/\/api.w.org\/{rel}","templated":true}]}}