{"id":3984,"date":"2020-05-19T09:54:21","date_gmt":"2020-05-19T09:54:21","guid":{"rendered":"https:\/\/allasorias.hu\/hirek\/?p=3984"},"modified":"2020-05-19T09:54:21","modified_gmt":"2020-05-19T09:54:21","slug":"sokan-igenyelnek-bertamogatast","status":"publish","type":"post","link":"https:\/\/allasorias.hu\/hirek\/sokan-igenyelnek-bertamogatast\/","title":{"rendered":"Sokan ig\u00e9nyelnek b\u00e9rt\u00e1mogat\u00e1st"},"content":{"rendered":"<p><strong>\u00dagy t\u0171nik nagyon sokan ig\u00e9nylik az \u00e1llami b\u00e9rt\u00e1mogat\u00e1st. A be\u00e9rkez\u0151 ig\u00e9nyek nagy sz\u00e1ma azt mutatja, hogy \u00a0a c\u00e9gek \u00e9s a munkav\u00e1llal\u00f3k \u00e9lnek a lehet\u0151s\u00e9ggel a probl\u00e9ma kezel\u00e9s\u00e9ben. Schanda Tam\u00e1s \u00e1llamtitk\u00e1r a koronav\u00edrus-j\u00e1rv\u00e1ny elleni v\u00e9dekez\u00e9s\u00e9rt felel\u0151s operat\u00edv t\u00f6rzs online sajt\u00f3t\u00e1j\u00e9koztat\u00f3j\u00e1n elmondta: 3953 munk\u00e1ltat\u00f3 ig\u00e9nyelte k\u00f6zel 54 ezer dolgoz\u00f3 r\u00e9sz\u00e9re a korm\u00e1nyzati b\u00e9rt\u00e1mogat\u00e1st. <\/strong><\/p>\n<p>A korm\u00e1nyhivatalok rendk\u00edv\u00fcl gyorsan, nyolc munkanapon bel\u00fcl d\u00f6ntenek az ig\u00e9nyl\u00e9sekr\u0151l &#8211; tette hozz\u00e1. Kifejtette: 2010-ben a nemzeti, polg\u00e1ri korm\u00e1ny munkaalap\u00fa gazdas\u00e1got, t\u00e1rsadalmat \u00e9s azt \u00edg\u00e9rte, hogy t\u00edz \u00e9v alatt egymilli\u00f3 \u00faj munkahelyet teremt. Ez a c\u00e9lkit\u0171z\u00e9s teljes\u00fclt, a koronav\u00edrus, illetve annak gazdas\u00e1gi k\u00f6vetkezm\u00e9nyei azonban &#8222;puszt\u00edt\u00f3 hat\u00e1ssal vannak a munkaer\u0151piacra is&#8221;, emberek, csal\u00e1dok meg\u00e9lhet\u00e9se ker\u00fcl vesz\u00e9lybe.\u00a0 Az elm\u00falt \u00e9vtized bizony\u00edtotta, hogy a magyar emberek munk\u00e1b\u00f3l akarnak \u00e9s tudnak meg\u00e9lni, a korm\u00e1ny \u00e1ll\u00e1spontja ez\u00e9rt tov\u00e1bbra is az, hogy a lehet\u0151 legt\u00f6bb munkahelyet meg kell v\u00e9deni, amennyit pedig a v\u00edrus m\u00e9gis elpuszt\u00edt, annyit l\u00e9tre kell hozni &#8211; hangs\u00falyozta. Schanda Tam\u00e1s k\u00f6z\u00f6lte: eddig 163 064 ember k\u00e9rt munkan\u00e9lk\u00fcli seg\u00e9lyt vagy j\u00f6vedelemp\u00f3tl\u00f3 t\u00e1mogat\u00e1st, mert nincs munk\u00e1ja. Az a c\u00e9l, hogy \u0151k is miel\u0151bb munk\u00e1hoz jussanak, &#8222;ha nem a v\u00e1llalati-piaci szektorban, akkor az \u00e1llam seg\u00edts\u00e9g\u00e9vel&#8221;. A gazdas\u00e1gv\u00e9delmi akci\u00f3terv jelent\u0151s r\u00e9sze is a munkahelyek v\u00e9delm\u00e9re \u00e9s \u00fajak teremt\u00e9s\u00e9re \u00f6sszpontos\u00edt, ez\u00e9rt k\u00edn\u00e1l b\u00e9rt\u00e1mogat\u00e1st, hogy a munkaad\u00f3k meg tudj\u00e1k tartani a vesz\u00e9lyeztetett munkaer\u0151t, de ad\u00f3cs\u00f6kkent\u00e9ssel is t\u00e1mogatj\u00e1k a munkahelyek v\u00e9delm\u00e9t, nulla sz\u00e1zal\u00e9kos hitelt k\u00edn\u00e1lnak a v\u00e1llalkoz\u00e1soknak, illetve felf\u00fcggesztett\u00e9k a hitelt\u00f6rleszt\u00e9sek k\u00f6telezetts\u00e9g\u00e9t &#8211; sorolta.\u00a0 Ismertet\u00e9se szerint a j\u00e1rv\u00e1ny kezdete \u00f3ta a kamar\u00e1kkal \u00e9s a szakmai szervezetekkel folyamatos az egyeztet\u00e9s az egyes szektorok eset\u00e9ben sz\u00fcks\u00e9ges l\u00e9p\u00e9sekr\u0151l, \u00edgy dolgozt\u00e1k ki a b\u00e9rt\u00e1mogat\u00e1s rendszer\u00e9t is.\u00a0 A p\u00e9ntekig be\u00e9rkezett, k\u00f6zel 54 ezer dolgoz\u00f3ra vonatkoz\u00f3 ig\u00e9nyb\u0151l nagyj\u00e1b\u00f3l minden negyedik Budapestr\u0151l \u00e9s Pest megy\u00e9b\u0151l \u00e9rkezett, ezt Hajd\u00fa-Bihar megye \u00e9s a d\u00e9l-alf\u00f6ldi r\u00e9gi\u00f3 k\u00f6veti, kiemelten ez ut\u00f3bbib\u00f3l B\u00e1cs-Kiskun megye &#8211; k\u00f6z\u00f6lte Schanda Tam\u00e1s.\u00a0\u00a0\u00a0\u00a0 Az ig\u00e9nyl\u0151 v\u00e1llalatok \u00e9s munkav\u00e1llal\u00f3k k\u00f6zel 30 sz\u00e1zal\u00e9ka a kereskedelem, 13,5 sz\u00e1zal\u00e9ka a feldolgoz\u00f3ipar, 13 sz\u00e1zal\u00e9ka pedig a j\u00e1rv\u00e1ny \u00e1ltal er\u0151teljesen \u00e9rintett sz\u00e1ll\u00e1shely-szolg\u00e1ltat\u00e1s, vend\u00e9gl\u00e1t\u00e1s ter\u00fclet\u00e9n tev\u00e9kenykedik. A t\u00e1mogat\u00e1si k\u00e9relmeket beny\u00fajt\u00f3 v\u00e1llalatok 60 sz\u00e1zal\u00e9ka mikro-, 26 sz\u00e1zal\u00e9ka kis-, 10 sz\u00e1zal\u00e9ka k\u00f6zepes v\u00e1llalkoz\u00e1s, mintegy n\u00e9gy sz\u00e1zal\u00e9ka nagyobb c\u00e9g. A munkav\u00e1llal\u00f3k sz\u00e1ma azonban ezzel ellent\u00e9tes k\u00e9pet mutat, t\u00f6bbs\u00e9g\u00fck nagyv\u00e1llalatokn\u00e1l dolgozik.\u00a0\u00a0\u00a0\u00a0 Az \u00e1llamtitk\u00e1r eml\u00e9keztetett arra, hogy a b\u00e9rt\u00e1mogat\u00e1st akkor lehet ig\u00e9nybe venni, ha a munk\u00e1ltat\u00f3 nem tudja teljes munkaid\u0151ben foglalkoztatni a dolgoz\u00f3it. Azok a munkav\u00e1llal\u00f3k, akiknek a r\u00e9szmunkaideje 50 sz\u00e1zal\u00e9k al\u00e1 cs\u00f6kken, havonta \u00e9s egy\u00e9nenk\u00e9nt ak\u00e1r 100 ezer forintot meghalad\u00f3 t\u00e1mogat\u00e1sban is r\u00e9szes\u00fclhetnek, akikn\u00e9l el\u00e9ri a r\u00e9szmunkaid\u0151 az 50 sz\u00e1zal\u00e9kot, azokn\u00e1l a t\u00e1mogat\u00e1si \u00f6sszeg legfeljebb 75 ezer forint. A politikus kit\u00e9rt a kutat\u00e1s-fejleszt\u00e9si \u00e9s innov\u00e1ci\u00f3s b\u00e9rt\u00e1mogat\u00e1sra is, amelyr\u0151l elmondta: p\u00e9ntekig 376 k\u00e9relem \u00e9rkezett be, \u00e9s ezzel k\u00f6zel 5900 kutat\u00f3 \u00e9s m\u00e9rn\u00f6k munkahely\u00e9nek megtart\u00e1s\u00e1t tudj\u00e1k biztos\u00edtani. A k\u00e9relmek legt\u00f6bbje Budapestr\u0151l (135) \u00e9s Pest megy\u00e9b\u0151l (35), illetve Hajd\u00fa-Bihar megy\u00e9b\u0151l (23) \u00e9rkezett, mintegy 2800, 500, illetve t\u00f6bb mint 150 ember fizet\u00e9s\u00e9nek biztos\u00edt\u00e1sa \u00e9rdek\u00e9ben.\u00a0 A fejenk\u00e9nt \u00e9s havonta legfeljebb 318 ezer forintos, speci\u00e1lis b\u00e9rt\u00e1mogat\u00e1sra lehet m\u00e9g jelentkezni. A kutat\u00e1ssal, innov\u00e1ci\u00f3val is foglalkoz\u00f3 c\u00e9gek \u00e1ltal kidolgozott fejleszt\u00e9sek teszik majd er\u0151sebb\u00e9 \u00e9s versenyk\u00e9pesebb\u00e9 a magyar gazdas\u00e1got a j\u00e1rv\u00e1ny okozta v\u00e1ls\u00e1g ut\u00e1n &#8211; emelte ki Schanda Tam\u00e1s.<\/p>\n<p>Forr\u00e1s: koronavirus.gov.hu<\/p>\n","protected":false},"excerpt":{"rendered":"<p>\u00dagy t\u0171nik nagyon sokan ig\u00e9nylik az \u00e1llami b\u00e9rt\u00e1mogat\u00e1st. A be\u00e9rkez\u0151 ig\u00e9nyek nagy sz\u00e1ma azt mutatja, hogy \u00a0a c\u00e9gek \u00e9s a munkav\u00e1llal\u00f3k \u00e9lnek a lehet\u0151s\u00e9ggel a probl\u00e9ma kezel\u00e9s\u00e9ben. Schanda Tam\u00e1s \u00e1llamtitk\u00e1r a koronav\u00edrus-j\u00e1rv\u00e1ny elleni v\u00e9dekez\u00e9s\u00e9rt felel\u0151s operat\u00edv t\u00f6rzs online sajt\u00f3t\u00e1j\u00e9koztat\u00f3j\u00e1n elmondta: 3953 munk\u00e1ltat\u00f3 ig\u00e9nyelte k\u00f6zel 54 ezer dolgoz\u00f3 r\u00e9sz\u00e9re a korm\u00e1nyzati b\u00e9rt\u00e1mogat\u00e1st. A korm\u00e1nyhivatalok rendk\u00edv\u00fcl gyorsan, [&hellip;]<\/p>\n","protected":false},"author":1,"featured_media":2009,"comment_status":"open","ping_status":"open","sticky":false,"template":"","format":"standard","meta":{"_monsterinsights_skip_tracking":false,"footnotes":""},"categories":[198,200],"tags":[],"class_list":["post-3984","post","type-post","status-publish","format-standard","has-post-thumbnail","hentry","category-gazdasag","category-munkaeropiac"],"aioseo_notices":[],"aioseo_head":"\n\t\t<!-- All in One SEO 5.0.0.1 - aioseo.com -->\n\t<meta name=\"description\" content=\"\u00dagy t\u0171nik nagyon sokan ig\u00e9nylik az \u00e1llami b\u00e9rt\u00e1mogat\u00e1st. A be\u00e9rkez\u0151 ig\u00e9nyek nagy sz\u00e1ma azt mutatja, hogy a c\u00e9gek \u00e9s a munkav\u00e1llal\u00f3k \u00e9lnek a lehet\u0151s\u00e9ggel a probl\u00e9ma kezel\u00e9s\u00e9ben. Schanda Tam\u00e1s \u00e1llamtitk\u00e1r a koronav\u00edrus-j\u00e1rv\u00e1ny elleni v\u00e9dekez\u00e9s\u00e9rt felel\u0151s operat\u00edv t\u00f6rzs online sajt\u00f3t\u00e1j\u00e9koztat\u00f3j\u00e1n elmondta: 3953 munk\u00e1ltat\u00f3 ig\u00e9nyelte k\u00f6zel 54 ezer dolgoz\u00f3 r\u00e9sz\u00e9re a korm\u00e1nyzati b\u00e9rt\u00e1mogat\u00e1st. A korm\u00e1nyhivatalok rendk\u00edv\u00fcl gyorsan,\" \/>\n\t<meta name=\"robots\" content=\"max-image-preview:large\" \/>\n\t<meta name=\"author\" content=\"Juh\u00e1sz P\u00e9ter\"\/>\n\t<link rel=\"canonical\" href=\"https:\/\/allasorias.hu\/hirek\/sokan-igenyelnek-bertamogatast\/\" \/>\n\t<meta name=\"generator\" content=\"All in One SEO (AIOSEO) 5.0.0.1\" \/>\n\t\t<meta property=\"og:locale\" content=\"hu_HU\" \/>\n\t\t<meta property=\"og:site_name\" content=\"AllasOrias.hu | H\u00edrek-lapszemle | \u00dczleti h\u00edrek az \u00e1ll\u00e1s \u00e9s a munka vil\u00e1g\u00e1b\u00f3l\" \/>\n\t\t<meta property=\"og:type\" content=\"article\" \/>\n\t\t<meta property=\"og:title\" content=\"Sokan ig\u00e9nyelnek b\u00e9rt\u00e1mogat\u00e1st | AllasOrias.hu | H\u00edrek-lapszemle\" \/>\n\t\t<meta property=\"og:description\" content=\"\u00dagy t\u0171nik nagyon sokan ig\u00e9nylik az \u00e1llami b\u00e9rt\u00e1mogat\u00e1st. A be\u00e9rkez\u0151 ig\u00e9nyek nagy sz\u00e1ma azt mutatja, hogy a c\u00e9gek \u00e9s a munkav\u00e1llal\u00f3k \u00e9lnek a lehet\u0151s\u00e9ggel a probl\u00e9ma kezel\u00e9s\u00e9ben. Schanda Tam\u00e1s \u00e1llamtitk\u00e1r a koronav\u00edrus-j\u00e1rv\u00e1ny elleni v\u00e9dekez\u00e9s\u00e9rt felel\u0151s operat\u00edv t\u00f6rzs online sajt\u00f3t\u00e1j\u00e9koztat\u00f3j\u00e1n elmondta: 3953 munk\u00e1ltat\u00f3 ig\u00e9nyelte k\u00f6zel 54 ezer dolgoz\u00f3 r\u00e9sz\u00e9re a korm\u00e1nyzati b\u00e9rt\u00e1mogat\u00e1st. A korm\u00e1nyhivatalok rendk\u00edv\u00fcl gyorsan,\" \/>\n\t\t<meta property=\"og:url\" content=\"https:\/\/allasorias.hu\/hirek\/sokan-igenyelnek-bertamogatast\/\" \/>\n\t\t<meta property=\"og:image\" content=\"https:\/\/allasorias.hu\/hirek\/wp-content\/uploads\/2018\/10\/Business-Views.jpg\" \/>\n\t\t<meta property=\"og:image:secure_url\" content=\"https:\/\/allasorias.hu\/hirek\/wp-content\/uploads\/2018\/10\/Business-Views.jpg\" \/>\n\t\t<meta property=\"og:image:width\" content=\"800\" \/>\n\t\t<meta property=\"og:image:height\" content=\"567\" \/>\n\t\t<meta property=\"article:published_time\" content=\"2020-05-19T09:54:21+00:00\" \/>\n\t\t<meta property=\"article:modified_time\" content=\"2020-05-19T09:54:21+00:00\" \/>\n\t\t<meta property=\"article:publisher\" content=\"https:\/\/www.facebook.com\/allasorias\" \/>\n\t\t<meta name=\"twitter:card\" content=\"summary_large_image\" \/>\n\t\t<meta name=\"twitter:title\" content=\"Sokan ig\u00e9nyelnek b\u00e9rt\u00e1mogat\u00e1st | AllasOrias.hu | H\u00edrek-lapszemle\" \/>\n\t\t<meta name=\"twitter:description\" content=\"\u00dagy t\u0171nik nagyon sokan ig\u00e9nylik az \u00e1llami b\u00e9rt\u00e1mogat\u00e1st. A be\u00e9rkez\u0151 ig\u00e9nyek nagy sz\u00e1ma azt mutatja, hogy a c\u00e9gek \u00e9s a munkav\u00e1llal\u00f3k \u00e9lnek a lehet\u0151s\u00e9ggel a probl\u00e9ma kezel\u00e9s\u00e9ben. Schanda Tam\u00e1s \u00e1llamtitk\u00e1r a koronav\u00edrus-j\u00e1rv\u00e1ny elleni v\u00e9dekez\u00e9s\u00e9rt felel\u0151s operat\u00edv t\u00f6rzs online sajt\u00f3t\u00e1j\u00e9koztat\u00f3j\u00e1n elmondta: 3953 munk\u00e1ltat\u00f3 ig\u00e9nyelte k\u00f6zel 54 ezer dolgoz\u00f3 r\u00e9sz\u00e9re a korm\u00e1nyzati b\u00e9rt\u00e1mogat\u00e1st. A korm\u00e1nyhivatalok rendk\u00edv\u00fcl gyorsan,\" \/>\n\t\t<meta name=\"twitter:image\" content=\"https:\/\/allasorias.hu\/hirek\/wp-content\/uploads\/2018\/10\/Business-Views.jpg\" \/>\n\t\t<meta name=\"twitter:label1\" content=\"Written by\" \/>\n\t\t<meta name=\"twitter:data1\" content=\"Juh\u00e1sz P\u00e9ter\" \/>\n\t\t<meta name=\"twitter:label2\" content=\"Est. reading time\" \/>\n\t\t<meta name=\"twitter:data2\" content=\"4 minutes\" \/>\n\t\t<script type=\"application\/ld+json\" class=\"aioseo-schema\">\n\t\t\t{\"@context\":\"https:\\\/\\\/schema.org\",\"@graph\":[{\"@type\":\"Article\",\"@id\":\"https:\\\/\\\/allasorias.hu\\\/hirek\\\/sokan-igenyelnek-bertamogatast\\\/#article\",\"name\":\"Sokan ig\\u00e9nyelnek b\\u00e9rt\\u00e1mogat\\u00e1st | AllasOrias.hu | H\\u00edrek-lapszemle\",\"headline\":\"Sokan ig\\u00e9nyelnek b\\u00e9rt\\u00e1mogat\\u00e1st\",\"author\":{\"@id\":\"https:\\\/\\\/allasorias.hu\\\/hirek\\\/author\\\/admin-allasorias\\\/#author\"},\"publisher\":{\"@id\":\"https:\\\/\\\/allasorias.hu\\\/hirek\\\/#organization\"},\"image\":{\"@type\":\"ImageObject\",\"url\":\"https:\\\/\\\/allasorias.hu\\\/hirek\\\/wp-content\\\/uploads\\\/2018\\\/10\\\/Business-Views.jpg\",\"width\":800,\"height\":567},\"datePublished\":\"2020-05-19T09:54:21+02:00\",\"dateModified\":\"2020-05-19T09:54:21+02:00\",\"inLanguage\":\"hu-HU\",\"mainEntityOfPage\":{\"@id\":\"https:\\\/\\\/allasorias.hu\\\/hirek\\\/sokan-igenyelnek-bertamogatast\\\/#webpage\"},\"isPartOf\":{\"@id\":\"https:\\\/\\\/allasorias.hu\\\/hirek\\\/sokan-igenyelnek-bertamogatast\\\/#webpage\"},\"articleSection\":\"Gazdas\\u00e1g, Munkaer\\u0151piac\"},{\"@type\":\"BreadcrumbList\",\"@id\":\"https:\\\/\\\/allasorias.hu\\\/hirek\\\/sokan-igenyelnek-bertamogatast\\\/#breadcrumblist\",\"itemListElement\":[{\"@type\":\"ListItem\",\"@id\":\"https:\\\/\\\/allasorias.hu\\\/hirek#listItem\",\"position\":1,\"name\":\"Home\",\"item\":\"https:\\\/\\\/allasorias.hu\\\/hirek\",\"nextItem\":{\"@type\":\"ListItem\",\"@id\":\"https:\\\/\\\/allasorias.hu\\\/hirek\\\/temak\\\/gazdasag\\\/#listItem\",\"name\":\"Gazdas\\u00e1g\"}},{\"@type\":\"ListItem\",\"@id\":\"https:\\\/\\\/allasorias.hu\\\/hirek\\\/temak\\\/gazdasag\\\/#listItem\",\"position\":2,\"name\":\"Gazdas\\u00e1g\",\"item\":\"https:\\\/\\\/allasorias.hu\\\/hirek\\\/temak\\\/gazdasag\\\/\",\"nextItem\":{\"@type\":\"ListItem\",\"@id\":\"https:\\\/\\\/allasorias.hu\\\/hirek\\\/sokan-igenyelnek-bertamogatast\\\/#listItem\",\"name\":\"Sokan ig\\u00e9nyelnek b\\u00e9rt\\u00e1mogat\\u00e1st\"},\"previousItem\":{\"@type\":\"ListItem\",\"@id\":\"https:\\\/\\\/allasorias.hu\\\/hirek#listItem\",\"name\":\"Home\"}},{\"@type\":\"ListItem\",\"@id\":\"https:\\\/\\\/allasorias.hu\\\/hirek\\\/sokan-igenyelnek-bertamogatast\\\/#listItem\",\"position\":3,\"name\":\"Sokan ig\\u00e9nyelnek b\\u00e9rt\\u00e1mogat\\u00e1st\",\"previousItem\":{\"@type\":\"ListItem\",\"@id\":\"https:\\\/\\\/allasorias.hu\\\/hirek\\\/temak\\\/gazdasag\\\/#listItem\",\"name\":\"Gazdas\\u00e1g\"}}]},{\"@type\":\"Organization\",\"@id\":\"https:\\\/\\\/allasorias.hu\\\/hirek\\\/#organization\",\"name\":\"AllasOrias.hu | H\\u00edrek-lapszemle\",\"description\":\"\\u00dczleti h\\u00edrek az \\u00e1ll\\u00e1s \\u00e9s a munka vil\\u00e1g\\u00e1b\\u00f3l\",\"url\":\"https:\\\/\\\/allasorias.hu\\\/hirek\\\/\",\"logo\":{\"@type\":\"ImageObject\",\"url\":\"https:\\\/\\\/allasorias.hu\\\/hirek\\\/wp-content\\\/uploads\\\/2022\\\/10\\\/allasorias_site_facebok_logo.png\",\"@id\":\"https:\\\/\\\/allasorias.hu\\\/hirek\\\/sokan-igenyelnek-bertamogatast\\\/#organizationLogo\"},\"image\":{\"@id\":\"https:\\\/\\\/allasorias.hu\\\/hirek\\\/sokan-igenyelnek-bertamogatast\\\/#organizationLogo\"},\"sameAs\":[\"https:\\\/\\\/www.facebook.com\\\/allasorias\",\"https:\\\/\\\/www.linkedin.com\\\/company\\\/allasorias\"]},{\"@type\":\"Person\",\"@id\":\"https:\\\/\\\/allasorias.hu\\\/hirek\\\/author\\\/admin-allasorias\\\/#author\",\"url\":\"https:\\\/\\\/allasorias.hu\\\/hirek\\\/author\\\/admin-allasorias\\\/\",\"name\":\"Juh\\u00e1sz P\\u00e9ter\",\"image\":{\"@type\":\"ImageObject\",\"@id\":\"https:\\\/\\\/allasorias.hu\\\/hirek\\\/sokan-igenyelnek-bertamogatast\\\/#authorImage\",\"url\":\"https:\\\/\\\/secure.gravatar.com\\\/avatar\\\/36e6bcb83148978b992977cb0f54d22feb0cce8a0a849a9410532bb2623ba4c6?s=96&d=mm&r=g\",\"width\":96,\"height\":96,\"caption\":\"Juh\\u00e1sz P\\u00e9ter\"}},{\"@type\":\"WebPage\",\"@id\":\"https:\\\/\\\/allasorias.hu\\\/hirek\\\/sokan-igenyelnek-bertamogatast\\\/#webpage\",\"url\":\"https:\\\/\\\/allasorias.hu\\\/hirek\\\/sokan-igenyelnek-bertamogatast\\\/\",\"name\":\"Sokan ig\\u00e9nyelnek b\\u00e9rt\\u00e1mogat\\u00e1st | AllasOrias.hu | H\\u00edrek-lapszemle\",\"description\":\"\\u00dagy t\\u0171nik nagyon sokan ig\\u00e9nylik az \\u00e1llami b\\u00e9rt\\u00e1mogat\\u00e1st. A be\\u00e9rkez\\u0151 ig\\u00e9nyek nagy sz\\u00e1ma azt mutatja, hogy a c\\u00e9gek \\u00e9s a munkav\\u00e1llal\\u00f3k \\u00e9lnek a lehet\\u0151s\\u00e9ggel a probl\\u00e9ma kezel\\u00e9s\\u00e9ben. Schanda Tam\\u00e1s \\u00e1llamtitk\\u00e1r a koronav\\u00edrus-j\\u00e1rv\\u00e1ny elleni v\\u00e9dekez\\u00e9s\\u00e9rt felel\\u0151s operat\\u00edv t\\u00f6rzs online sajt\\u00f3t\\u00e1j\\u00e9koztat\\u00f3j\\u00e1n elmondta: 3953 munk\\u00e1ltat\\u00f3 ig\\u00e9nyelte k\\u00f6zel 54 ezer dolgoz\\u00f3 r\\u00e9sz\\u00e9re a korm\\u00e1nyzati b\\u00e9rt\\u00e1mogat\\u00e1st. A korm\\u00e1nyhivatalok rendk\\u00edv\\u00fcl gyorsan,\",\"inLanguage\":\"hu-HU\",\"isPartOf\":{\"@id\":\"https:\\\/\\\/allasorias.hu\\\/hirek\\\/#website\"},\"breadcrumb\":{\"@id\":\"https:\\\/\\\/allasorias.hu\\\/hirek\\\/sokan-igenyelnek-bertamogatast\\\/#breadcrumblist\"},\"author\":{\"@id\":\"https:\\\/\\\/allasorias.hu\\\/hirek\\\/author\\\/admin-allasorias\\\/#author\"},\"creator\":{\"@id\":\"https:\\\/\\\/allasorias.hu\\\/hirek\\\/author\\\/admin-allasorias\\\/#author\"},\"image\":{\"@type\":\"ImageObject\",\"url\":\"https:\\\/\\\/allasorias.hu\\\/hirek\\\/wp-content\\\/uploads\\\/2018\\\/10\\\/Business-Views.jpg\",\"@id\":\"https:\\\/\\\/allasorias.hu\\\/hirek\\\/sokan-igenyelnek-bertamogatast\\\/#mainImage\",\"width\":800,\"height\":567},\"primaryImageOfPage\":{\"@id\":\"https:\\\/\\\/allasorias.hu\\\/hirek\\\/sokan-igenyelnek-bertamogatast\\\/#mainImage\"},\"datePublished\":\"2020-05-19T09:54:21+02:00\",\"dateModified\":\"2020-05-19T09:54:21+02:00\"},{\"@type\":\"WebSite\",\"@id\":\"https:\\\/\\\/allasorias.hu\\\/hirek\\\/#website\",\"url\":\"https:\\\/\\\/allasorias.hu\\\/hirek\\\/\",\"name\":\"AllasOrias.hu | H\\u00edrek-lapszemle\",\"description\":\"\\u00dczleti h\\u00edrek az \\u00e1ll\\u00e1s \\u00e9s a munka vil\\u00e1g\\u00e1b\\u00f3l\",\"inLanguage\":\"hu-HU\",\"publisher\":{\"@id\":\"https:\\\/\\\/allasorias.hu\\\/hirek\\\/#organization\"}}]}\n\t\t<\/script>\n\t\t<!-- All in One SEO -->\n\n","aioseo_head_json":{"title":"Sokan ig\u00e9nyelnek b\u00e9rt\u00e1mogat\u00e1st | AllasOrias.hu | H\u00edrek-lapszemle","description":"\u00dagy t\u0171nik nagyon sokan ig\u00e9nylik az \u00e1llami b\u00e9rt\u00e1mogat\u00e1st. A be\u00e9rkez\u0151 ig\u00e9nyek nagy sz\u00e1ma azt mutatja, hogy a c\u00e9gek \u00e9s a munkav\u00e1llal\u00f3k \u00e9lnek a lehet\u0151s\u00e9ggel a probl\u00e9ma kezel\u00e9s\u00e9ben. Schanda Tam\u00e1s \u00e1llamtitk\u00e1r a koronav\u00edrus-j\u00e1rv\u00e1ny elleni v\u00e9dekez\u00e9s\u00e9rt felel\u0151s operat\u00edv t\u00f6rzs online sajt\u00f3t\u00e1j\u00e9koztat\u00f3j\u00e1n elmondta: 3953 munk\u00e1ltat\u00f3 ig\u00e9nyelte k\u00f6zel 54 ezer dolgoz\u00f3 r\u00e9sz\u00e9re a korm\u00e1nyzati b\u00e9rt\u00e1mogat\u00e1st. A korm\u00e1nyhivatalok rendk\u00edv\u00fcl gyorsan,","canonical_url":"https:\/\/allasorias.hu\/hirek\/sokan-igenyelnek-bertamogatast\/","robots":"max-image-preview:large","keywords":"","webmasterTools":{"miscellaneous":""},"schema":{"@context":"https:\/\/schema.org","@graph":[{"@type":"Article","@id":"https:\/\/allasorias.hu\/hirek\/sokan-igenyelnek-bertamogatast\/#article","name":"Sokan ig\u00e9nyelnek b\u00e9rt\u00e1mogat\u00e1st | AllasOrias.hu | H\u00edrek-lapszemle","headline":"Sokan ig\u00e9nyelnek b\u00e9rt\u00e1mogat\u00e1st","author":{"@id":"https:\/\/allasorias.hu\/hirek\/author\/admin-allasorias\/#author"},"publisher":{"@id":"https:\/\/allasorias.hu\/hirek\/#organization"},"image":{"@type":"ImageObject","url":"https:\/\/allasorias.hu\/hirek\/wp-content\/uploads\/2018\/10\/Business-Views.jpg","width":800,"height":567},"datePublished":"2020-05-19T09:54:21+02:00","dateModified":"2020-05-19T09:54:21+02:00","inLanguage":"hu-HU","mainEntityOfPage":{"@id":"https:\/\/allasorias.hu\/hirek\/sokan-igenyelnek-bertamogatast\/#webpage"},"isPartOf":{"@id":"https:\/\/allasorias.hu\/hirek\/sokan-igenyelnek-bertamogatast\/#webpage"},"articleSection":"Gazdas\u00e1g, Munkaer\u0151piac"},{"@type":"BreadcrumbList","@id":"https:\/\/allasorias.hu\/hirek\/sokan-igenyelnek-bertamogatast\/#breadcrumblist","itemListElement":[{"@type":"ListItem","@id":"https:\/\/allasorias.hu\/hirek#listItem","position":1,"name":"Home","item":"https:\/\/allasorias.hu\/hirek","nextItem":{"@type":"ListItem","@id":"https:\/\/allasorias.hu\/hirek\/temak\/gazdasag\/#listItem","name":"Gazdas\u00e1g"}},{"@type":"ListItem","@id":"https:\/\/allasorias.hu\/hirek\/temak\/gazdasag\/#listItem","position":2,"name":"Gazdas\u00e1g","item":"https:\/\/allasorias.hu\/hirek\/temak\/gazdasag\/","nextItem":{"@type":"ListItem","@id":"https:\/\/allasorias.hu\/hirek\/sokan-igenyelnek-bertamogatast\/#listItem","name":"Sokan ig\u00e9nyelnek b\u00e9rt\u00e1mogat\u00e1st"},"previousItem":{"@type":"ListItem","@id":"https:\/\/allasorias.hu\/hirek#listItem","name":"Home"}},{"@type":"ListItem","@id":"https:\/\/allasorias.hu\/hirek\/sokan-igenyelnek-bertamogatast\/#listItem","position":3,"name":"Sokan ig\u00e9nyelnek b\u00e9rt\u00e1mogat\u00e1st","previousItem":{"@type":"ListItem","@id":"https:\/\/allasorias.hu\/hirek\/temak\/gazdasag\/#listItem","name":"Gazdas\u00e1g"}}]},{"@type":"Organization","@id":"https:\/\/allasorias.hu\/hirek\/#organization","name":"AllasOrias.hu | H\u00edrek-lapszemle","description":"\u00dczleti h\u00edrek az \u00e1ll\u00e1s \u00e9s a munka vil\u00e1g\u00e1b\u00f3l","url":"https:\/\/allasorias.hu\/hirek\/","logo":{"@type":"ImageObject","url":"https:\/\/allasorias.hu\/hirek\/wp-content\/uploads\/2022\/10\/allasorias_site_facebok_logo.png","@id":"https:\/\/allasorias.hu\/hirek\/sokan-igenyelnek-bertamogatast\/#organizationLogo"},"image":{"@id":"https:\/\/allasorias.hu\/hirek\/sokan-igenyelnek-bertamogatast\/#organizationLogo"},"sameAs":["https:\/\/www.facebook.com\/allasorias","https:\/\/www.linkedin.com\/company\/allasorias"]},{"@type":"Person","@id":"https:\/\/allasorias.hu\/hirek\/author\/admin-allasorias\/#author","url":"https:\/\/allasorias.hu\/hirek\/author\/admin-allasorias\/","name":"Juh\u00e1sz P\u00e9ter","image":{"@type":"ImageObject","@id":"https:\/\/allasorias.hu\/hirek\/sokan-igenyelnek-bertamogatast\/#authorImage","url":"https:\/\/secure.gravatar.com\/avatar\/36e6bcb83148978b992977cb0f54d22feb0cce8a0a849a9410532bb2623ba4c6?s=96&d=mm&r=g","width":96,"height":96,"caption":"Juh\u00e1sz P\u00e9ter"}},{"@type":"WebPage","@id":"https:\/\/allasorias.hu\/hirek\/sokan-igenyelnek-bertamogatast\/#webpage","url":"https:\/\/allasorias.hu\/hirek\/sokan-igenyelnek-bertamogatast\/","name":"Sokan ig\u00e9nyelnek b\u00e9rt\u00e1mogat\u00e1st | AllasOrias.hu | H\u00edrek-lapszemle","description":"\u00dagy t\u0171nik nagyon sokan ig\u00e9nylik az \u00e1llami b\u00e9rt\u00e1mogat\u00e1st. A be\u00e9rkez\u0151 ig\u00e9nyek nagy sz\u00e1ma azt mutatja, hogy a c\u00e9gek \u00e9s a munkav\u00e1llal\u00f3k \u00e9lnek a lehet\u0151s\u00e9ggel a probl\u00e9ma kezel\u00e9s\u00e9ben. Schanda Tam\u00e1s \u00e1llamtitk\u00e1r a koronav\u00edrus-j\u00e1rv\u00e1ny elleni v\u00e9dekez\u00e9s\u00e9rt felel\u0151s operat\u00edv t\u00f6rzs online sajt\u00f3t\u00e1j\u00e9koztat\u00f3j\u00e1n elmondta: 3953 munk\u00e1ltat\u00f3 ig\u00e9nyelte k\u00f6zel 54 ezer dolgoz\u00f3 r\u00e9sz\u00e9re a korm\u00e1nyzati b\u00e9rt\u00e1mogat\u00e1st. A korm\u00e1nyhivatalok rendk\u00edv\u00fcl gyorsan,","inLanguage":"hu-HU","isPartOf":{"@id":"https:\/\/allasorias.hu\/hirek\/#website"},"breadcrumb":{"@id":"https:\/\/allasorias.hu\/hirek\/sokan-igenyelnek-bertamogatast\/#breadcrumblist"},"author":{"@id":"https:\/\/allasorias.hu\/hirek\/author\/admin-allasorias\/#author"},"creator":{"@id":"https:\/\/allasorias.hu\/hirek\/author\/admin-allasorias\/#author"},"image":{"@type":"ImageObject","url":"https:\/\/allasorias.hu\/hirek\/wp-content\/uploads\/2018\/10\/Business-Views.jpg","@id":"https:\/\/allasorias.hu\/hirek\/sokan-igenyelnek-bertamogatast\/#mainImage","width":800,"height":567},"primaryImageOfPage":{"@id":"https:\/\/allasorias.hu\/hirek\/sokan-igenyelnek-bertamogatast\/#mainImage"},"datePublished":"2020-05-19T09:54:21+02:00","dateModified":"2020-05-19T09:54:21+02:00"},{"@type":"WebSite","@id":"https:\/\/allasorias.hu\/hirek\/#website","url":"https:\/\/allasorias.hu\/hirek\/","name":"AllasOrias.hu | H\u00edrek-lapszemle","description":"\u00dczleti h\u00edrek az \u00e1ll\u00e1s \u00e9s a munka vil\u00e1g\u00e1b\u00f3l","inLanguage":"hu-HU","publisher":{"@id":"https:\/\/allasorias.hu\/hirek\/#organization"}}]},"og:locale":"hu_HU","og:site_name":"AllasOrias.hu | H\u00edrek-lapszemle | \u00dczleti h\u00edrek az \u00e1ll\u00e1s \u00e9s a munka vil\u00e1g\u00e1b\u00f3l","og:type":"article","og:title":"Sokan ig\u00e9nyelnek b\u00e9rt\u00e1mogat\u00e1st | AllasOrias.hu | H\u00edrek-lapszemle","og:description":"\u00dagy t\u0171nik nagyon sokan ig\u00e9nylik az \u00e1llami b\u00e9rt\u00e1mogat\u00e1st. A be\u00e9rkez\u0151 ig\u00e9nyek nagy sz\u00e1ma azt mutatja, hogy a c\u00e9gek \u00e9s a munkav\u00e1llal\u00f3k \u00e9lnek a lehet\u0151s\u00e9ggel a probl\u00e9ma kezel\u00e9s\u00e9ben. Schanda Tam\u00e1s \u00e1llamtitk\u00e1r a koronav\u00edrus-j\u00e1rv\u00e1ny elleni v\u00e9dekez\u00e9s\u00e9rt felel\u0151s operat\u00edv t\u00f6rzs online sajt\u00f3t\u00e1j\u00e9koztat\u00f3j\u00e1n elmondta: 3953 munk\u00e1ltat\u00f3 ig\u00e9nyelte k\u00f6zel 54 ezer dolgoz\u00f3 r\u00e9sz\u00e9re a korm\u00e1nyzati b\u00e9rt\u00e1mogat\u00e1st. A korm\u00e1nyhivatalok rendk\u00edv\u00fcl gyorsan,","og:url":"https:\/\/allasorias.hu\/hirek\/sokan-igenyelnek-bertamogatast\/","og:image":"https:\/\/allasorias.hu\/hirek\/wp-content\/uploads\/2018\/10\/Business-Views.jpg","og:image:secure_url":"https:\/\/allasorias.hu\/hirek\/wp-content\/uploads\/2018\/10\/Business-Views.jpg","og:image:width":800,"og:image:height":567,"article:published_time":"2020-05-19T09:54:21+00:00","article:modified_time":"2020-05-19T09:54:21+00:00","article:publisher":"https:\/\/www.facebook.com\/allasorias","twitter:card":"summary_large_image","twitter:title":"Sokan ig\u00e9nyelnek b\u00e9rt\u00e1mogat\u00e1st | AllasOrias.hu | H\u00edrek-lapszemle","twitter:description":"\u00dagy t\u0171nik nagyon sokan ig\u00e9nylik az \u00e1llami b\u00e9rt\u00e1mogat\u00e1st. A be\u00e9rkez\u0151 ig\u00e9nyek nagy sz\u00e1ma azt mutatja, hogy a c\u00e9gek \u00e9s a munkav\u00e1llal\u00f3k \u00e9lnek a lehet\u0151s\u00e9ggel a probl\u00e9ma kezel\u00e9s\u00e9ben. Schanda Tam\u00e1s \u00e1llamtitk\u00e1r a koronav\u00edrus-j\u00e1rv\u00e1ny elleni v\u00e9dekez\u00e9s\u00e9rt felel\u0151s operat\u00edv t\u00f6rzs online sajt\u00f3t\u00e1j\u00e9koztat\u00f3j\u00e1n elmondta: 3953 munk\u00e1ltat\u00f3 ig\u00e9nyelte k\u00f6zel 54 ezer dolgoz\u00f3 r\u00e9sz\u00e9re a korm\u00e1nyzati b\u00e9rt\u00e1mogat\u00e1st. A korm\u00e1nyhivatalok rendk\u00edv\u00fcl gyorsan,","twitter:image":"https:\/\/allasorias.hu\/hirek\/wp-content\/uploads\/2018\/10\/Business-Views.jpg","twitter:label1":"Written by","twitter:data1":"Juh\u00e1sz P\u00e9ter","twitter:label2":"Est. reading time","twitter:data2":"4 minutes"},"aioseo_meta_data":{"post_id":"3984","title":null,"description":null,"keywords":null,"keyphrases":null,"primary_term":null,"canonical_url":null,"og_title":null,"og_description":null,"og_object_type":"default","og_image_type":"default","og_image_url":null,"og_image_width":null,"og_image_height":null,"og_image_custom_url":null,"og_image_custom_fields":null,"og_video":null,"og_custom_url":null,"og_article_section":null,"og_article_tags":null,"twitter_use_og":false,"twitter_card":"default","twitter_image_type":"default","twitter_image_url":null,"twitter_image_custom_url":null,"twitter_image_custom_fields":null,"twitter_title":null,"twitter_description":null,"schema":{"blockGraphs":[],"customGraphs":[],"default":{"data":{"Article":[],"Course":[],"Dataset":[],"FAQPage":[],"Movie":[],"Person":[],"Product":[],"ProductReview":[],"Car":[],"Recipe":[],"Service":[],"SoftwareApplication":[],"WebPage":[]},"graphName":"","isEnabled":true},"graphs":[],"defaultGraph":"","defaultPostTypeGraph":""},"schema_type":null,"schema_type_options":null,"pillar_content":false,"robots_default":true,"robots_noindex":false,"robots_noarchive":false,"robots_nosnippet":false,"robots_nofollow":false,"robots_noimageindex":false,"robots_noodp":false,"robots_notranslate":false,"robots_max_snippet":null,"robots_max_videopreview":null,"robots_max_imagepreview":"large","priority":null,"frequency":null,"location":null,"local_seo":null,"breadcrumb_settings":null,"limit_modified_date":false,"ai":null,"created":"2021-02-01 21:28:17","updated":"2025-10-02 13:50:37","seo_analyzer_scan_date":null,"focus_keyword":null,"additional_keywords":null,"truseo_locale":null},"aioseo_breadcrumb":"<div class=\"aioseo-breadcrumbs\"><span class=\"aioseo-breadcrumb\">\n\t\t\t<a href=\"https:\/\/allasorias.hu\/hirek\" title=\"Home\">Home<\/a>\n\t\t<\/span><span class=\"aioseo-breadcrumb-separator\">&raquo;<\/span><span class=\"aioseo-breadcrumb\">\n\t\t\t<a href=\"https:\/\/allasorias.hu\/hirek\/temak\/gazdasag\/\" title=\"Gazdas\u00e1g\">Gazdas\u00e1g<\/a>\n\t\t<\/span><span class=\"aioseo-breadcrumb-separator\">&raquo;<\/span><span class=\"aioseo-breadcrumb\">\n\t\t\tSokan ig\u00e9nyelnek b\u00e9rt\u00e1mogat\u00e1st\n\t\t<\/span><\/div>","aioseo_breadcrumb_json":[{"label":"Home","link":"https:\/\/allasorias.hu\/hirek"},{"label":"Gazdas\u00e1g","link":"https:\/\/allasorias.hu\/hirek\/temak\/gazdasag\/"},{"label":"Sokan ig\u00e9nyelnek b\u00e9rt\u00e1mogat\u00e1st","link":"https:\/\/allasorias.hu\/hirek\/sokan-igenyelnek-bertamogatast\/"}],"_links":{"self":[{"href":"https:\/\/allasorias.hu\/hirek\/wp-json\/wp\/v2\/posts\/3984","targetHints":{"allow":["GET"]}}],"collection":[{"href":"https:\/\/allasorias.hu\/hirek\/wp-json\/wp\/v2\/posts"}],"about":[{"href":"https:\/\/allasorias.hu\/hirek\/wp-json\/wp\/v2\/types\/post"}],"author":[{"embeddable":true,"href":"https:\/\/allasorias.hu\/hirek\/wp-json\/wp\/v2\/users\/1"}],"replies":[{"embeddable":true,"href":"https:\/\/allasorias.hu\/hirek\/wp-json\/wp\/v2\/comments?post=3984"}],"version-history":[{"count":1,"href":"https:\/\/allasorias.hu\/hirek\/wp-json\/wp\/v2\/posts\/3984\/revisions"}],"predecessor-version":[{"id":3985,"href":"https:\/\/allasorias.hu\/hirek\/wp-json\/wp\/v2\/posts\/3984\/revisions\/3985"}],"wp:featuredmedia":[{"embeddable":true,"href":"https:\/\/allasorias.hu\/hirek\/wp-json\/wp\/v2\/media\/2009"}],"wp:attachment":[{"href":"https:\/\/allasorias.hu\/hirek\/wp-json\/wp\/v2\/media?parent=3984"}],"wp:term":[{"taxonomy":"category","embeddable":true,"href":"https:\/\/allasorias.hu\/hirek\/wp-json\/wp\/v2\/categories?post=3984"},{"taxonomy":"post_tag","embeddable":true,"href":"https:\/\/allasorias.hu\/hirek\/wp-json\/wp\/v2\/tags?post=3984"}],"curies":[{"name":"wp","href":"https:\/\/api.w.org\/{rel}","templated":true}]}}