{"id":3980,"date":"2020-05-18T09:40:52","date_gmt":"2020-05-18T09:40:52","guid":{"rendered":"https:\/\/allasorias.hu\/hirek\/?p=3980"},"modified":"2020-05-18T09:40:52","modified_gmt":"2020-05-18T09:40:52","slug":"szinte-barki-reszt-vehet-a-kozmunka-programban","status":"publish","type":"post","link":"https:\/\/allasorias.hu\/hirek\/szinte-barki-reszt-vehet-a-kozmunka-programban\/","title":{"rendered":"Szinte b\u00e1rki r\u00e9szt vehet a k\u00f6zmunka programban"},"content":{"rendered":"<p><strong>A koronav\u00edrus j\u00e1rv\u00e1ny idej\u00e9n k\u00f6nny\u00edt\u00e9st kapnak a munkan\u00e9lk\u00fcliek abban a tekintetben, hogy kisz\u00e9les\u00edtik a k\u00f6zmunk\u00e1ban r\u00e9sztvev\u0151k jogosults\u00e1g\u00e1t. Egy rendelet szerint am\u00edg a koronav\u00edrus miatti vesz\u00e9lyhelyzet fenn\u00e1ll, addig a k\u00f6zfoglalkoztat\u00e1si programban azok is r\u00e9szt vehetnek, akik k\u00e9pesek \u00f6n\u00e1ll\u00f3an elhelyezkedni a munkaer\u0151piacon \u00e9s a szakk\u00e9pzetts\u00e9ggel rendelkez\u0151kre vonatkoz\u00f3 korl\u00e1toz\u00e1sok is megsz\u0171nnek. <\/strong><\/p>\n<p>Az Orb\u00e1n Viktor \u00e1ltal al\u00e1\u00edrt &#8222;A Korm\u00e1ny 1240\/2020. (V. 15.) Korm. hat\u00e1rozata a vesz\u00e9lyhelyzettel \u00f6sszef\u00fcgg\u00e9sben a k\u00f6zfoglalkoztat\u00e1si szab\u00e1lyok elt\u00e9r\u0151 alkalmaz\u00e1s\u00e1r\u00f3l&#8221; c\u00edm\u0171 r\u00f6vid hat\u00e1rozat csup\u00e1n k\u00e9t pontb\u00f3l \u00e1ll. Az els\u0151 pont \u00e9rtelm\u00e9ben a vesz\u00e9lyhelyzet ideje alatt az egyes munkaer\u0151piaci int\u00e9zked\u00e9sekr\u0151l sz\u00f3l\u00f3 1139\/2017. (III. 20.) Korm. hat\u00e1rozat 1. pont c) \u00e9s d) alpontj\u00e1t nem kell alkalmazni. Ez a gyakorlatban azt jelenti, hogy am\u00edg a koronav\u00edrus miatti vesz\u00e9lyhelyzet fenn\u00e1ll, addig a k\u00f6zfoglalkoztat\u00e1si programban azok is r\u00e9szt vehetnek, akik k\u00e9pesek \u00f6n\u00e1ll\u00f3an elhelyezkedni a munkaer\u0151piacon \u00e9s a szakk\u00e9pzetts\u00e9ggel rendelkez\u0151kre vonatkoz\u00f3 korl\u00e1toz\u00e1sok is megsz\u0171nnek &#8211; elemzi a Portfolio. Vagyis a korm\u00e1ny a munk\u00e1jukat a koronav\u00edrus-kr\u00edzis miatt elveszt\u0151k sz\u00e9lesebb k\u00f6r\u00e9nek adja meg a lehet\u0151s\u00e9get, hogy csatlakozzanak a k\u00f6zfoglalkoztat\u00e1si programokba. A mostani d\u00f6nt\u00e9s \u00f6sszef\u00fcgg azzal is, hogy &#8211; ahogyan azt Orb\u00e1n Viktor minisztereln\u00f6k n\u00e9h\u00e1ny nappal ezel\u0151tt jelezte &#8211; a korm\u00e1ny megdupl\u00e1zza a k\u00f6zmunka keret\u00e9t a koronav\u00edrus okozta v\u00e1ls\u00e1g kezel\u00e9se \u00e9rdek\u00e9ben.<\/p>\n<p>Forr\u00e1s: penzcentrum.hu<\/p>\n","protected":false},"excerpt":{"rendered":"<p>A koronav\u00edrus j\u00e1rv\u00e1ny idej\u00e9n k\u00f6nny\u00edt\u00e9st kapnak a munkan\u00e9lk\u00fcliek abban a tekintetben, hogy kisz\u00e9les\u00edtik a k\u00f6zmunk\u00e1ban r\u00e9sztvev\u0151k jogosults\u00e1g\u00e1t. Egy rendelet szerint am\u00edg a koronav\u00edrus miatti vesz\u00e9lyhelyzet fenn\u00e1ll, addig a k\u00f6zfoglalkoztat\u00e1si programban azok is r\u00e9szt vehetnek, akik k\u00e9pesek \u00f6n\u00e1ll\u00f3an elhelyezkedni a munkaer\u0151piacon \u00e9s a szakk\u00e9pzetts\u00e9ggel rendelkez\u0151kre vonatkoz\u00f3 korl\u00e1toz\u00e1sok is megsz\u0171nnek. Az Orb\u00e1n Viktor \u00e1ltal al\u00e1\u00edrt &#8222;A Korm\u00e1ny [&hellip;]<\/p>\n","protected":false},"author":1,"featured_media":0,"comment_status":"open","ping_status":"open","sticky":false,"template":"","format":"standard","meta":{"_monsterinsights_skip_tracking":false,"footnotes":""},"categories":[200],"tags":[],"class_list":["post-3980","post","type-post","status-publish","format-standard","hentry","category-munkaeropiac"],"aioseo_notices":[],"aioseo_head":"\n\t\t<!-- All in One SEO 5.0.0.1 - aioseo.com -->\n\t<meta name=\"description\" content=\"A koronav\u00edrus j\u00e1rv\u00e1ny idej\u00e9n k\u00f6nny\u00edt\u00e9st kapnak a munkan\u00e9lk\u00fcliek abban a tekintetben, hogy kisz\u00e9les\u00edtik a k\u00f6zmunk\u00e1ban r\u00e9sztvev\u0151k jogosults\u00e1g\u00e1t. Egy rendelet szerint am\u00edg a koronav\u00edrus miatti vesz\u00e9lyhelyzet fenn\u00e1ll, addig a k\u00f6zfoglalkoztat\u00e1si programban azok is r\u00e9szt vehetnek, akik k\u00e9pesek \u00f6n\u00e1ll\u00f3an elhelyezkedni a munkaer\u0151piacon \u00e9s a szakk\u00e9pzetts\u00e9ggel rendelkez\u0151kre vonatkoz\u00f3 korl\u00e1toz\u00e1sok is megsz\u0171nnek. Az Orb\u00e1n Viktor \u00e1ltal al\u00e1\u00edrt &quot;A Korm\u00e1ny\" \/>\n\t<meta name=\"robots\" content=\"max-image-preview:large\" \/>\n\t<meta name=\"author\" content=\"Juh\u00e1sz P\u00e9ter\"\/>\n\t<link rel=\"canonical\" href=\"https:\/\/allasorias.hu\/hirek\/szinte-barki-reszt-vehet-a-kozmunka-programban\/\" \/>\n\t<meta name=\"generator\" content=\"All in One SEO (AIOSEO) 5.0.0.1\" \/>\n\t\t<meta property=\"og:locale\" content=\"hu_HU\" \/>\n\t\t<meta property=\"og:site_name\" content=\"AllasOrias.hu | H\u00edrek-lapszemle | \u00dczleti h\u00edrek az \u00e1ll\u00e1s \u00e9s a munka vil\u00e1g\u00e1b\u00f3l\" \/>\n\t\t<meta property=\"og:type\" content=\"article\" \/>\n\t\t<meta property=\"og:title\" content=\"Szinte b\u00e1rki r\u00e9szt vehet a k\u00f6zmunka programban | AllasOrias.hu | H\u00edrek-lapszemle\" \/>\n\t\t<meta property=\"og:description\" content=\"A koronav\u00edrus j\u00e1rv\u00e1ny idej\u00e9n k\u00f6nny\u00edt\u00e9st kapnak a munkan\u00e9lk\u00fcliek abban a tekintetben, hogy kisz\u00e9les\u00edtik a k\u00f6zmunk\u00e1ban r\u00e9sztvev\u0151k jogosults\u00e1g\u00e1t. Egy rendelet szerint am\u00edg a koronav\u00edrus miatti vesz\u00e9lyhelyzet fenn\u00e1ll, addig a k\u00f6zfoglalkoztat\u00e1si programban azok is r\u00e9szt vehetnek, akik k\u00e9pesek \u00f6n\u00e1ll\u00f3an elhelyezkedni a munkaer\u0151piacon \u00e9s a szakk\u00e9pzetts\u00e9ggel rendelkez\u0151kre vonatkoz\u00f3 korl\u00e1toz\u00e1sok is megsz\u0171nnek. Az Orb\u00e1n Viktor \u00e1ltal al\u00e1\u00edrt &quot;A Korm\u00e1ny\" \/>\n\t\t<meta property=\"og:url\" content=\"https:\/\/allasorias.hu\/hirek\/szinte-barki-reszt-vehet-a-kozmunka-programban\/\" \/>\n\t\t<meta property=\"og:image\" content=\"https:\/\/allasorias.hu\/hirek\/wp-content\/uploads\/2022\/10\/allasorias-fb-logo.png\" \/>\n\t\t<meta property=\"og:image:secure_url\" content=\"https:\/\/allasorias.hu\/hirek\/wp-content\/uploads\/2022\/10\/allasorias-fb-logo.png\" \/>\n\t\t<meta property=\"og:image:width\" content=\"437\" \/>\n\t\t<meta property=\"og:image:height\" content=\"200\" \/>\n\t\t<meta property=\"article:published_time\" content=\"2020-05-18T09:40:52+00:00\" \/>\n\t\t<meta property=\"article:modified_time\" content=\"2020-05-18T09:40:52+00:00\" \/>\n\t\t<meta property=\"article:publisher\" content=\"https:\/\/www.facebook.com\/allasorias\" \/>\n\t\t<meta name=\"twitter:card\" content=\"summary_large_image\" \/>\n\t\t<meta name=\"twitter:title\" content=\"Szinte b\u00e1rki r\u00e9szt vehet a k\u00f6zmunka programban | AllasOrias.hu | H\u00edrek-lapszemle\" \/>\n\t\t<meta name=\"twitter:description\" content=\"A koronav\u00edrus j\u00e1rv\u00e1ny idej\u00e9n k\u00f6nny\u00edt\u00e9st kapnak a munkan\u00e9lk\u00fcliek abban a tekintetben, hogy kisz\u00e9les\u00edtik a k\u00f6zmunk\u00e1ban r\u00e9sztvev\u0151k jogosults\u00e1g\u00e1t. Egy rendelet szerint am\u00edg a koronav\u00edrus miatti vesz\u00e9lyhelyzet fenn\u00e1ll, addig a k\u00f6zfoglalkoztat\u00e1si programban azok is r\u00e9szt vehetnek, akik k\u00e9pesek \u00f6n\u00e1ll\u00f3an elhelyezkedni a munkaer\u0151piacon \u00e9s a szakk\u00e9pzetts\u00e9ggel rendelkez\u0151kre vonatkoz\u00f3 korl\u00e1toz\u00e1sok is megsz\u0171nnek. Az Orb\u00e1n Viktor \u00e1ltal al\u00e1\u00edrt &quot;A Korm\u00e1ny\" \/>\n\t\t<meta name=\"twitter:image\" content=\"https:\/\/allasorias.hu\/hirek\/wp-content\/uploads\/2022\/10\/allasorias-fb-logo.png\" \/>\n\t\t<meta name=\"twitter:label1\" content=\"Written by\" \/>\n\t\t<meta name=\"twitter:data1\" content=\"Juh\u00e1sz P\u00e9ter\" \/>\n\t\t<meta name=\"twitter:label2\" content=\"Est. reading time\" \/>\n\t\t<meta name=\"twitter:data2\" content=\"1 minute\" \/>\n\t\t<script type=\"application\/ld+json\" class=\"aioseo-schema\">\n\t\t\t{\"@context\":\"https:\\\/\\\/schema.org\",\"@graph\":[{\"@type\":\"Article\",\"@id\":\"https:\\\/\\\/allasorias.hu\\\/hirek\\\/szinte-barki-reszt-vehet-a-kozmunka-programban\\\/#article\",\"name\":\"Szinte b\\u00e1rki r\\u00e9szt vehet a k\\u00f6zmunka programban | AllasOrias.hu | H\\u00edrek-lapszemle\",\"headline\":\"Szinte b\\u00e1rki r\\u00e9szt vehet a k\\u00f6zmunka programban\",\"author\":{\"@id\":\"https:\\\/\\\/allasorias.hu\\\/hirek\\\/author\\\/admin-allasorias\\\/#author\"},\"publisher\":{\"@id\":\"https:\\\/\\\/allasorias.hu\\\/hirek\\\/#organization\"},\"image\":{\"@type\":\"ImageObject\",\"url\":\"https:\\\/\\\/allasorias.hu\\\/hirek\\\/wp-content\\\/uploads\\\/2022\\\/10\\\/allasorias_site_facebok_logo.png\",\"@id\":\"https:\\\/\\\/allasorias.hu\\\/hirek\\\/#articleImage\"},\"datePublished\":\"2020-05-18T09:40:52+02:00\",\"dateModified\":\"2020-05-18T09:40:52+02:00\",\"inLanguage\":\"hu-HU\",\"mainEntityOfPage\":{\"@id\":\"https:\\\/\\\/allasorias.hu\\\/hirek\\\/szinte-barki-reszt-vehet-a-kozmunka-programban\\\/#webpage\"},\"isPartOf\":{\"@id\":\"https:\\\/\\\/allasorias.hu\\\/hirek\\\/szinte-barki-reszt-vehet-a-kozmunka-programban\\\/#webpage\"},\"articleSection\":\"Munkaer\\u0151piac\"},{\"@type\":\"BreadcrumbList\",\"@id\":\"https:\\\/\\\/allasorias.hu\\\/hirek\\\/szinte-barki-reszt-vehet-a-kozmunka-programban\\\/#breadcrumblist\",\"itemListElement\":[{\"@type\":\"ListItem\",\"@id\":\"https:\\\/\\\/allasorias.hu\\\/hirek#listItem\",\"position\":1,\"name\":\"Home\",\"item\":\"https:\\\/\\\/allasorias.hu\\\/hirek\",\"nextItem\":{\"@type\":\"ListItem\",\"@id\":\"https:\\\/\\\/allasorias.hu\\\/hirek\\\/temak\\\/munkaeropiac\\\/#listItem\",\"name\":\"Munkaer\\u0151piac\"}},{\"@type\":\"ListItem\",\"@id\":\"https:\\\/\\\/allasorias.hu\\\/hirek\\\/temak\\\/munkaeropiac\\\/#listItem\",\"position\":2,\"name\":\"Munkaer\\u0151piac\",\"item\":\"https:\\\/\\\/allasorias.hu\\\/hirek\\\/temak\\\/munkaeropiac\\\/\",\"nextItem\":{\"@type\":\"ListItem\",\"@id\":\"https:\\\/\\\/allasorias.hu\\\/hirek\\\/szinte-barki-reszt-vehet-a-kozmunka-programban\\\/#listItem\",\"name\":\"Szinte b\\u00e1rki r\\u00e9szt vehet a k\\u00f6zmunka programban\"},\"previousItem\":{\"@type\":\"ListItem\",\"@id\":\"https:\\\/\\\/allasorias.hu\\\/hirek#listItem\",\"name\":\"Home\"}},{\"@type\":\"ListItem\",\"@id\":\"https:\\\/\\\/allasorias.hu\\\/hirek\\\/szinte-barki-reszt-vehet-a-kozmunka-programban\\\/#listItem\",\"position\":3,\"name\":\"Szinte b\\u00e1rki r\\u00e9szt vehet a k\\u00f6zmunka programban\",\"previousItem\":{\"@type\":\"ListItem\",\"@id\":\"https:\\\/\\\/allasorias.hu\\\/hirek\\\/temak\\\/munkaeropiac\\\/#listItem\",\"name\":\"Munkaer\\u0151piac\"}}]},{\"@type\":\"Organization\",\"@id\":\"https:\\\/\\\/allasorias.hu\\\/hirek\\\/#organization\",\"name\":\"AllasOrias.hu | H\\u00edrek-lapszemle\",\"description\":\"\\u00dczleti h\\u00edrek az \\u00e1ll\\u00e1s \\u00e9s a munka vil\\u00e1g\\u00e1b\\u00f3l\",\"url\":\"https:\\\/\\\/allasorias.hu\\\/hirek\\\/\",\"logo\":{\"@type\":\"ImageObject\",\"url\":\"https:\\\/\\\/allasorias.hu\\\/hirek\\\/wp-content\\\/uploads\\\/2022\\\/10\\\/allasorias_site_facebok_logo.png\",\"@id\":\"https:\\\/\\\/allasorias.hu\\\/hirek\\\/szinte-barki-reszt-vehet-a-kozmunka-programban\\\/#organizationLogo\"},\"image\":{\"@id\":\"https:\\\/\\\/allasorias.hu\\\/hirek\\\/szinte-barki-reszt-vehet-a-kozmunka-programban\\\/#organizationLogo\"},\"sameAs\":[\"https:\\\/\\\/www.facebook.com\\\/allasorias\",\"https:\\\/\\\/www.linkedin.com\\\/company\\\/allasorias\"]},{\"@type\":\"Person\",\"@id\":\"https:\\\/\\\/allasorias.hu\\\/hirek\\\/author\\\/admin-allasorias\\\/#author\",\"url\":\"https:\\\/\\\/allasorias.hu\\\/hirek\\\/author\\\/admin-allasorias\\\/\",\"name\":\"Juh\\u00e1sz P\\u00e9ter\",\"image\":{\"@type\":\"ImageObject\",\"@id\":\"https:\\\/\\\/allasorias.hu\\\/hirek\\\/szinte-barki-reszt-vehet-a-kozmunka-programban\\\/#authorImage\",\"url\":\"https:\\\/\\\/secure.gravatar.com\\\/avatar\\\/36e6bcb83148978b992977cb0f54d22feb0cce8a0a849a9410532bb2623ba4c6?s=96&d=mm&r=g\",\"width\":96,\"height\":96,\"caption\":\"Juh\\u00e1sz P\\u00e9ter\"}},{\"@type\":\"WebPage\",\"@id\":\"https:\\\/\\\/allasorias.hu\\\/hirek\\\/szinte-barki-reszt-vehet-a-kozmunka-programban\\\/#webpage\",\"url\":\"https:\\\/\\\/allasorias.hu\\\/hirek\\\/szinte-barki-reszt-vehet-a-kozmunka-programban\\\/\",\"name\":\"Szinte b\\u00e1rki r\\u00e9szt vehet a k\\u00f6zmunka programban | AllasOrias.hu | H\\u00edrek-lapszemle\",\"description\":\"A koronav\\u00edrus j\\u00e1rv\\u00e1ny idej\\u00e9n k\\u00f6nny\\u00edt\\u00e9st kapnak a munkan\\u00e9lk\\u00fcliek abban a tekintetben, hogy kisz\\u00e9les\\u00edtik a k\\u00f6zmunk\\u00e1ban r\\u00e9sztvev\\u0151k jogosults\\u00e1g\\u00e1t. Egy rendelet szerint am\\u00edg a koronav\\u00edrus miatti vesz\\u00e9lyhelyzet fenn\\u00e1ll, addig a k\\u00f6zfoglalkoztat\\u00e1si programban azok is r\\u00e9szt vehetnek, akik k\\u00e9pesek \\u00f6n\\u00e1ll\\u00f3an elhelyezkedni a munkaer\\u0151piacon \\u00e9s a szakk\\u00e9pzetts\\u00e9ggel rendelkez\\u0151kre vonatkoz\\u00f3 korl\\u00e1toz\\u00e1sok is megsz\\u0171nnek. Az Orb\\u00e1n Viktor \\u00e1ltal al\\u00e1\\u00edrt \\\"A Korm\\u00e1ny\",\"inLanguage\":\"hu-HU\",\"isPartOf\":{\"@id\":\"https:\\\/\\\/allasorias.hu\\\/hirek\\\/#website\"},\"breadcrumb\":{\"@id\":\"https:\\\/\\\/allasorias.hu\\\/hirek\\\/szinte-barki-reszt-vehet-a-kozmunka-programban\\\/#breadcrumblist\"},\"author\":{\"@id\":\"https:\\\/\\\/allasorias.hu\\\/hirek\\\/author\\\/admin-allasorias\\\/#author\"},\"creator\":{\"@id\":\"https:\\\/\\\/allasorias.hu\\\/hirek\\\/author\\\/admin-allasorias\\\/#author\"},\"datePublished\":\"2020-05-18T09:40:52+02:00\",\"dateModified\":\"2020-05-18T09:40:52+02:00\"},{\"@type\":\"WebSite\",\"@id\":\"https:\\\/\\\/allasorias.hu\\\/hirek\\\/#website\",\"url\":\"https:\\\/\\\/allasorias.hu\\\/hirek\\\/\",\"name\":\"AllasOrias.hu | H\\u00edrek-lapszemle\",\"description\":\"\\u00dczleti h\\u00edrek az \\u00e1ll\\u00e1s \\u00e9s a munka vil\\u00e1g\\u00e1b\\u00f3l\",\"inLanguage\":\"hu-HU\",\"publisher\":{\"@id\":\"https:\\\/\\\/allasorias.hu\\\/hirek\\\/#organization\"}}]}\n\t\t<\/script>\n\t\t<!-- All in One SEO -->\n\n","aioseo_head_json":{"title":"Szinte b\u00e1rki r\u00e9szt vehet a k\u00f6zmunka programban | AllasOrias.hu | H\u00edrek-lapszemle","description":"A koronav\u00edrus j\u00e1rv\u00e1ny idej\u00e9n k\u00f6nny\u00edt\u00e9st kapnak a munkan\u00e9lk\u00fcliek abban a tekintetben, hogy kisz\u00e9les\u00edtik a k\u00f6zmunk\u00e1ban r\u00e9sztvev\u0151k jogosults\u00e1g\u00e1t. Egy rendelet szerint am\u00edg a koronav\u00edrus miatti vesz\u00e9lyhelyzet fenn\u00e1ll, addig a k\u00f6zfoglalkoztat\u00e1si programban azok is r\u00e9szt vehetnek, akik k\u00e9pesek \u00f6n\u00e1ll\u00f3an elhelyezkedni a munkaer\u0151piacon \u00e9s a szakk\u00e9pzetts\u00e9ggel rendelkez\u0151kre vonatkoz\u00f3 korl\u00e1toz\u00e1sok is megsz\u0171nnek. Az Orb\u00e1n Viktor \u00e1ltal al\u00e1\u00edrt \"A Korm\u00e1ny","canonical_url":"https:\/\/allasorias.hu\/hirek\/szinte-barki-reszt-vehet-a-kozmunka-programban\/","robots":"max-image-preview:large","keywords":"","webmasterTools":{"miscellaneous":""},"schema":{"@context":"https:\/\/schema.org","@graph":[{"@type":"Article","@id":"https:\/\/allasorias.hu\/hirek\/szinte-barki-reszt-vehet-a-kozmunka-programban\/#article","name":"Szinte b\u00e1rki r\u00e9szt vehet a k\u00f6zmunka programban | AllasOrias.hu | H\u00edrek-lapszemle","headline":"Szinte b\u00e1rki r\u00e9szt vehet a k\u00f6zmunka programban","author":{"@id":"https:\/\/allasorias.hu\/hirek\/author\/admin-allasorias\/#author"},"publisher":{"@id":"https:\/\/allasorias.hu\/hirek\/#organization"},"image":{"@type":"ImageObject","url":"https:\/\/allasorias.hu\/hirek\/wp-content\/uploads\/2022\/10\/allasorias_site_facebok_logo.png","@id":"https:\/\/allasorias.hu\/hirek\/#articleImage"},"datePublished":"2020-05-18T09:40:52+02:00","dateModified":"2020-05-18T09:40:52+02:00","inLanguage":"hu-HU","mainEntityOfPage":{"@id":"https:\/\/allasorias.hu\/hirek\/szinte-barki-reszt-vehet-a-kozmunka-programban\/#webpage"},"isPartOf":{"@id":"https:\/\/allasorias.hu\/hirek\/szinte-barki-reszt-vehet-a-kozmunka-programban\/#webpage"},"articleSection":"Munkaer\u0151piac"},{"@type":"BreadcrumbList","@id":"https:\/\/allasorias.hu\/hirek\/szinte-barki-reszt-vehet-a-kozmunka-programban\/#breadcrumblist","itemListElement":[{"@type":"ListItem","@id":"https:\/\/allasorias.hu\/hirek#listItem","position":1,"name":"Home","item":"https:\/\/allasorias.hu\/hirek","nextItem":{"@type":"ListItem","@id":"https:\/\/allasorias.hu\/hirek\/temak\/munkaeropiac\/#listItem","name":"Munkaer\u0151piac"}},{"@type":"ListItem","@id":"https:\/\/allasorias.hu\/hirek\/temak\/munkaeropiac\/#listItem","position":2,"name":"Munkaer\u0151piac","item":"https:\/\/allasorias.hu\/hirek\/temak\/munkaeropiac\/","nextItem":{"@type":"ListItem","@id":"https:\/\/allasorias.hu\/hirek\/szinte-barki-reszt-vehet-a-kozmunka-programban\/#listItem","name":"Szinte b\u00e1rki r\u00e9szt vehet a k\u00f6zmunka programban"},"previousItem":{"@type":"ListItem","@id":"https:\/\/allasorias.hu\/hirek#listItem","name":"Home"}},{"@type":"ListItem","@id":"https:\/\/allasorias.hu\/hirek\/szinte-barki-reszt-vehet-a-kozmunka-programban\/#listItem","position":3,"name":"Szinte b\u00e1rki r\u00e9szt vehet a k\u00f6zmunka programban","previousItem":{"@type":"ListItem","@id":"https:\/\/allasorias.hu\/hirek\/temak\/munkaeropiac\/#listItem","name":"Munkaer\u0151piac"}}]},{"@type":"Organization","@id":"https:\/\/allasorias.hu\/hirek\/#organization","name":"AllasOrias.hu | H\u00edrek-lapszemle","description":"\u00dczleti h\u00edrek az \u00e1ll\u00e1s \u00e9s a munka vil\u00e1g\u00e1b\u00f3l","url":"https:\/\/allasorias.hu\/hirek\/","logo":{"@type":"ImageObject","url":"https:\/\/allasorias.hu\/hirek\/wp-content\/uploads\/2022\/10\/allasorias_site_facebok_logo.png","@id":"https:\/\/allasorias.hu\/hirek\/szinte-barki-reszt-vehet-a-kozmunka-programban\/#organizationLogo"},"image":{"@id":"https:\/\/allasorias.hu\/hirek\/szinte-barki-reszt-vehet-a-kozmunka-programban\/#organizationLogo"},"sameAs":["https:\/\/www.facebook.com\/allasorias","https:\/\/www.linkedin.com\/company\/allasorias"]},{"@type":"Person","@id":"https:\/\/allasorias.hu\/hirek\/author\/admin-allasorias\/#author","url":"https:\/\/allasorias.hu\/hirek\/author\/admin-allasorias\/","name":"Juh\u00e1sz P\u00e9ter","image":{"@type":"ImageObject","@id":"https:\/\/allasorias.hu\/hirek\/szinte-barki-reszt-vehet-a-kozmunka-programban\/#authorImage","url":"https:\/\/secure.gravatar.com\/avatar\/36e6bcb83148978b992977cb0f54d22feb0cce8a0a849a9410532bb2623ba4c6?s=96&d=mm&r=g","width":96,"height":96,"caption":"Juh\u00e1sz P\u00e9ter"}},{"@type":"WebPage","@id":"https:\/\/allasorias.hu\/hirek\/szinte-barki-reszt-vehet-a-kozmunka-programban\/#webpage","url":"https:\/\/allasorias.hu\/hirek\/szinte-barki-reszt-vehet-a-kozmunka-programban\/","name":"Szinte b\u00e1rki r\u00e9szt vehet a k\u00f6zmunka programban | AllasOrias.hu | H\u00edrek-lapszemle","description":"A koronav\u00edrus j\u00e1rv\u00e1ny idej\u00e9n k\u00f6nny\u00edt\u00e9st kapnak a munkan\u00e9lk\u00fcliek abban a tekintetben, hogy kisz\u00e9les\u00edtik a k\u00f6zmunk\u00e1ban r\u00e9sztvev\u0151k jogosults\u00e1g\u00e1t. Egy rendelet szerint am\u00edg a koronav\u00edrus miatti vesz\u00e9lyhelyzet fenn\u00e1ll, addig a k\u00f6zfoglalkoztat\u00e1si programban azok is r\u00e9szt vehetnek, akik k\u00e9pesek \u00f6n\u00e1ll\u00f3an elhelyezkedni a munkaer\u0151piacon \u00e9s a szakk\u00e9pzetts\u00e9ggel rendelkez\u0151kre vonatkoz\u00f3 korl\u00e1toz\u00e1sok is megsz\u0171nnek. Az Orb\u00e1n Viktor \u00e1ltal al\u00e1\u00edrt \"A Korm\u00e1ny","inLanguage":"hu-HU","isPartOf":{"@id":"https:\/\/allasorias.hu\/hirek\/#website"},"breadcrumb":{"@id":"https:\/\/allasorias.hu\/hirek\/szinte-barki-reszt-vehet-a-kozmunka-programban\/#breadcrumblist"},"author":{"@id":"https:\/\/allasorias.hu\/hirek\/author\/admin-allasorias\/#author"},"creator":{"@id":"https:\/\/allasorias.hu\/hirek\/author\/admin-allasorias\/#author"},"datePublished":"2020-05-18T09:40:52+02:00","dateModified":"2020-05-18T09:40:52+02:00"},{"@type":"WebSite","@id":"https:\/\/allasorias.hu\/hirek\/#website","url":"https:\/\/allasorias.hu\/hirek\/","name":"AllasOrias.hu | H\u00edrek-lapszemle","description":"\u00dczleti h\u00edrek az \u00e1ll\u00e1s \u00e9s a munka vil\u00e1g\u00e1b\u00f3l","inLanguage":"hu-HU","publisher":{"@id":"https:\/\/allasorias.hu\/hirek\/#organization"}}]},"og:locale":"hu_HU","og:site_name":"AllasOrias.hu | H\u00edrek-lapszemle | \u00dczleti h\u00edrek az \u00e1ll\u00e1s \u00e9s a munka vil\u00e1g\u00e1b\u00f3l","og:type":"article","og:title":"Szinte b\u00e1rki r\u00e9szt vehet a k\u00f6zmunka programban | AllasOrias.hu | H\u00edrek-lapszemle","og:description":"A koronav\u00edrus j\u00e1rv\u00e1ny idej\u00e9n k\u00f6nny\u00edt\u00e9st kapnak a munkan\u00e9lk\u00fcliek abban a tekintetben, hogy kisz\u00e9les\u00edtik a k\u00f6zmunk\u00e1ban r\u00e9sztvev\u0151k jogosults\u00e1g\u00e1t. Egy rendelet szerint am\u00edg a koronav\u00edrus miatti vesz\u00e9lyhelyzet fenn\u00e1ll, addig a k\u00f6zfoglalkoztat\u00e1si programban azok is r\u00e9szt vehetnek, akik k\u00e9pesek \u00f6n\u00e1ll\u00f3an elhelyezkedni a munkaer\u0151piacon \u00e9s a szakk\u00e9pzetts\u00e9ggel rendelkez\u0151kre vonatkoz\u00f3 korl\u00e1toz\u00e1sok is megsz\u0171nnek. Az Orb\u00e1n Viktor \u00e1ltal al\u00e1\u00edrt &quot;A Korm\u00e1ny","og:url":"https:\/\/allasorias.hu\/hirek\/szinte-barki-reszt-vehet-a-kozmunka-programban\/","og:image":"https:\/\/allasorias.hu\/hirek\/wp-content\/uploads\/2022\/10\/allasorias-fb-logo.png","og:image:secure_url":"https:\/\/allasorias.hu\/hirek\/wp-content\/uploads\/2022\/10\/allasorias-fb-logo.png","og:image:width":437,"og:image:height":200,"article:published_time":"2020-05-18T09:40:52+00:00","article:modified_time":"2020-05-18T09:40:52+00:00","article:publisher":"https:\/\/www.facebook.com\/allasorias","twitter:card":"summary_large_image","twitter:title":"Szinte b\u00e1rki r\u00e9szt vehet a k\u00f6zmunka programban | AllasOrias.hu | H\u00edrek-lapszemle","twitter:description":"A koronav\u00edrus j\u00e1rv\u00e1ny idej\u00e9n k\u00f6nny\u00edt\u00e9st kapnak a munkan\u00e9lk\u00fcliek abban a tekintetben, hogy kisz\u00e9les\u00edtik a k\u00f6zmunk\u00e1ban r\u00e9sztvev\u0151k jogosults\u00e1g\u00e1t. Egy rendelet szerint am\u00edg a koronav\u00edrus miatti vesz\u00e9lyhelyzet fenn\u00e1ll, addig a k\u00f6zfoglalkoztat\u00e1si programban azok is r\u00e9szt vehetnek, akik k\u00e9pesek \u00f6n\u00e1ll\u00f3an elhelyezkedni a munkaer\u0151piacon \u00e9s a szakk\u00e9pzetts\u00e9ggel rendelkez\u0151kre vonatkoz\u00f3 korl\u00e1toz\u00e1sok is megsz\u0171nnek. Az Orb\u00e1n Viktor \u00e1ltal al\u00e1\u00edrt &quot;A Korm\u00e1ny","twitter:image":"https:\/\/allasorias.hu\/hirek\/wp-content\/uploads\/2022\/10\/allasorias-fb-logo.png","twitter:label1":"Written by","twitter:data1":"Juh\u00e1sz P\u00e9ter","twitter:label2":"Est. reading time","twitter:data2":"1 minute"},"aioseo_meta_data":{"post_id":"3980","title":null,"description":null,"keywords":null,"keyphrases":null,"primary_term":null,"canonical_url":null,"og_title":null,"og_description":null,"og_object_type":"default","og_image_type":"default","og_image_url":null,"og_image_width":null,"og_image_height":null,"og_image_custom_url":null,"og_image_custom_fields":null,"og_video":null,"og_custom_url":null,"og_article_section":null,"og_article_tags":null,"twitter_use_og":false,"twitter_card":"default","twitter_image_type":"default","twitter_image_url":null,"twitter_image_custom_url":null,"twitter_image_custom_fields":null,"twitter_title":null,"twitter_description":null,"schema":{"blockGraphs":[],"customGraphs":[],"default":{"data":{"Article":[],"Course":[],"Dataset":[],"FAQPage":[],"Movie":[],"Person":[],"Product":[],"ProductReview":[],"Car":[],"Recipe":[],"Service":[],"SoftwareApplication":[],"WebPage":[]},"graphName":"","isEnabled":true},"graphs":[],"defaultGraph":"","defaultPostTypeGraph":""},"schema_type":null,"schema_type_options":null,"pillar_content":false,"robots_default":true,"robots_noindex":false,"robots_noarchive":false,"robots_nosnippet":false,"robots_nofollow":false,"robots_noimageindex":false,"robots_noodp":false,"robots_notranslate":false,"robots_max_snippet":null,"robots_max_videopreview":null,"robots_max_imagepreview":"large","priority":null,"frequency":null,"location":null,"local_seo":null,"breadcrumb_settings":null,"limit_modified_date":false,"ai":null,"created":"2021-02-01 21:28:17","updated":"2025-10-02 13:50:37","seo_analyzer_scan_date":null,"focus_keyword":null,"additional_keywords":null,"truseo_locale":null},"aioseo_breadcrumb":"<div class=\"aioseo-breadcrumbs\"><span class=\"aioseo-breadcrumb\">\n\t\t\t<a href=\"https:\/\/allasorias.hu\/hirek\" title=\"Home\">Home<\/a>\n\t\t<\/span><span class=\"aioseo-breadcrumb-separator\">&raquo;<\/span><span class=\"aioseo-breadcrumb\">\n\t\t\t<a href=\"https:\/\/allasorias.hu\/hirek\/temak\/munkaeropiac\/\" title=\"Munkaer\u0151piac\">Munkaer\u0151piac<\/a>\n\t\t<\/span><span class=\"aioseo-breadcrumb-separator\">&raquo;<\/span><span class=\"aioseo-breadcrumb\">\n\t\t\tSzinte b\u00e1rki r\u00e9szt vehet a k\u00f6zmunka programban\n\t\t<\/span><\/div>","aioseo_breadcrumb_json":[{"label":"Home","link":"https:\/\/allasorias.hu\/hirek"},{"label":"Munkaer\u0151piac","link":"https:\/\/allasorias.hu\/hirek\/temak\/munkaeropiac\/"},{"label":"Szinte b\u00e1rki r\u00e9szt vehet a k\u00f6zmunka programban","link":"https:\/\/allasorias.hu\/hirek\/szinte-barki-reszt-vehet-a-kozmunka-programban\/"}],"_links":{"self":[{"href":"https:\/\/allasorias.hu\/hirek\/wp-json\/wp\/v2\/posts\/3980","targetHints":{"allow":["GET"]}}],"collection":[{"href":"https:\/\/allasorias.hu\/hirek\/wp-json\/wp\/v2\/posts"}],"about":[{"href":"https:\/\/allasorias.hu\/hirek\/wp-json\/wp\/v2\/types\/post"}],"author":[{"embeddable":true,"href":"https:\/\/allasorias.hu\/hirek\/wp-json\/wp\/v2\/users\/1"}],"replies":[{"embeddable":true,"href":"https:\/\/allasorias.hu\/hirek\/wp-json\/wp\/v2\/comments?post=3980"}],"version-history":[{"count":1,"href":"https:\/\/allasorias.hu\/hirek\/wp-json\/wp\/v2\/posts\/3980\/revisions"}],"predecessor-version":[{"id":3981,"href":"https:\/\/allasorias.hu\/hirek\/wp-json\/wp\/v2\/posts\/3980\/revisions\/3981"}],"wp:attachment":[{"href":"https:\/\/allasorias.hu\/hirek\/wp-json\/wp\/v2\/media?parent=3980"}],"wp:term":[{"taxonomy":"category","embeddable":true,"href":"https:\/\/allasorias.hu\/hirek\/wp-json\/wp\/v2\/categories?post=3980"},{"taxonomy":"post_tag","embeddable":true,"href":"https:\/\/allasorias.hu\/hirek\/wp-json\/wp\/v2\/tags?post=3980"}],"curies":[{"name":"wp","href":"https:\/\/api.w.org\/{rel}","templated":true}]}}