{"id":3974,"date":"2020-05-14T09:48:47","date_gmt":"2020-05-14T09:48:47","guid":{"rendered":"https:\/\/allasorias.hu\/hirek\/?p=3974"},"modified":"2020-05-14T09:48:47","modified_gmt":"2020-05-14T09:48:47","slug":"jok-az-informatikusok-munkakilatasai","status":"publish","type":"post","link":"https:\/\/allasorias.hu\/hirek\/jok-az-informatikusok-munkakilatasai\/","title":{"rendered":"J\u00f3k az  informatikusok munkakil\u00e1t\u00e1sai"},"content":{"rendered":"<p><strong>Az informatikai ter\u00fcleteken tanul\u00f3k vagy dolgoz\u00f3k el\u00e9gedettek lehetnek. A j\u00e1rv\u00e1ny okozta neh\u00e9z munkaer\u0151piaci helyzetben\u00a0 nem kell f\u00e9lni\u00fck az \u00e1ll\u00e1suk elveszt\u00e9s\u00e9t\u0151l.<\/strong><\/p>\n<p>Akiknek viszont van f\u00e9lnival\u00f3juk, azok a szakk\u00e9pz\u0151 int\u00e9zm\u00e9nyekben tanul\u00f3k, \u00e9s a b\u00f6lcs\u00e9szek. Err\u0151l tette k\u00f6zz\u00e9 orsz\u00e1gos reprezentat\u00edv felm\u00e9r\u00e9s\u00e9nek eredm\u00e9ny\u00e9t a Zyntern.com \u00e1ll\u00e1sport\u00e1l. IT-ban dolgoz\u00f3 fiatalok \u00e9rzik legink\u00e1bb biztosnak munkahely\u00fcket. A Zyntern.com gyakornoki \u00e9s frissdiplom\u00e1s \u00e1ll\u00e1sport\u00e1l k\u00e9rd\u0151\u00edvet t\u00f6bb mint 3000 fiatal t\u00f6lt\u00f6tte ki az elm\u00falt 1 h\u00f3napban, \u00e9s k\u00f6z\u00fcl\u00fck 27 sz\u00e1zal\u00e9k jelezte, hogy elvesztette gyakornoki vagy f\u0151\u00e1ll\u00e1s\u00fa munk\u00e1j\u00e1t. Szakter\u00fcletenk\u00e9nti megoszl\u00e1sban a b\u00f6lcs\u00e9szek (38 sz\u00e1zal\u00e9k) \u00e9s a szakmunk\u00e1sok (37 sz\u00e1zal\u00e9k) voltak legnagyobb ar\u00e1nyban,\u00a0 a legkev\u00e9sb\u00e9 \u00e9rintettek az agr\u00e1r, a m\u00e9rn\u00f6ki \u00e9s az IT ter\u00fcleten dolgoz\u00f3 fiatal munkav\u00e1llal\u00f3k. Koroszt\u00e1lyos megoszl\u00e1sban a 20-23 \u00e9ves korcsoport a legink\u00e1bb \u00e9rintett (32 sz\u00e1zal\u00e9k),\u00a0 f\u00f6ldrajzi megoszl\u00e1s szerint pedig az l\u00e1that\u00f3, hogy a budapesti fiatalok nagyobb ar\u00e1nyban vesztett\u00e9k el munk\u00e1jukat (29 sz\u00e1zal\u00e9k), mint vid\u00e9ki t\u00e1rsaik (23,5 sz\u00e1zal\u00e9k). A v\u00e1laszad\u00f3k 15 sz\u00e1zal\u00e9ka jelezte, hogy a fizet\u00e9s\u00e9t cs\u00f6kkentett\u00e9k. A koronav\u00edrus k\u00f6z\u00e9p- \u00e9s hossz\u00fa t\u00e1v\u00fa munkaer\u0151 piaci hat\u00e1sait vizsg\u00e1l\u00f3 k\u00e9rd\u00e9sre, a kit\u00f6lt\u0151k t\u00f6bb mint fele v\u00e1laszolta, hogy a c\u00e9gek er\u0151teljes digit\u00e1lis fejleszt\u00e9sekbe fognak kezdeni, illetve, hogy nehezebb lesz elhelyezkedni a munkaer\u0151piacon. Szakter\u00fclet szerint legink\u00e1bb a b\u00f6lcs\u00e9szettudom\u00e1nyok \u00e9s a t\u00e1rsadalomtudom\u00e1nyok, a pedag\u00f3gia ter\u00fclet\u00e9n tanul\u00f3 \u00e9s dolgoz\u00f3 fiatalok sz\u00e1m\u00edtanak arra, hogy nehezebb lesz elhelyezkedni a koronav\u00edrus hat\u00e1sai nyom\u00e1n. \u0150ket k\u00f6vetik a gazdas\u00e1gi ter\u00fcleteken tanul\u00f3 \u00e9s dolgoz\u00f3 fiatalok. Ebben a k\u00e9rd\u00e9sben a 24-26 \u00e9ves koroszt\u00e1ly a legbor\u00fal\u00e1t\u00f3bb, t\u00f6bb mint 55 sz\u00e1zal\u00e9ka gondolja \u00fagy, hogy nehezebb lesz munk\u00e1t tal\u00e1lni. A vid\u00e9ki fiatalok optimist\u00e1bbak a k\u00e9rd\u00e9sben budapesti t\u00e1rsaikn\u00e1l. A v\u00e1laszad\u00f3k 34 sz\u00e1zal\u00e9ka gondolja azt, hogy cs\u00f6kkeni fognak a b\u00e9rek a j\u00e1rv\u00e1ny nyom\u00e1n, ebben a k\u00e9rd\u00e9sben optimist\u00e1bbak a vid\u00e9ki fiatalok, \u00e9s t\u00f6bb mint 3 sz\u00e1zal\u00e9k azok ar\u00e1nya, aki b\u00e9remel\u00e9sre sz\u00e1m\u00edt\u00a0 &#8211; k\u00f6z\u00f6lte a Zyntern.com.<\/p>\n<p>Forr\u00e1s: profitline.hu<\/p>\n","protected":false},"excerpt":{"rendered":"<p>Az informatikai ter\u00fcleteken tanul\u00f3k vagy dolgoz\u00f3k el\u00e9gedettek lehetnek. A j\u00e1rv\u00e1ny okozta neh\u00e9z munkaer\u0151piaci helyzetben\u00a0 nem kell f\u00e9lni\u00fck az \u00e1ll\u00e1suk elveszt\u00e9s\u00e9t\u0151l. Akiknek viszont van f\u00e9lnival\u00f3juk, azok a szakk\u00e9pz\u0151 int\u00e9zm\u00e9nyekben tanul\u00f3k, \u00e9s a b\u00f6lcs\u00e9szek. Err\u0151l tette k\u00f6zz\u00e9 orsz\u00e1gos reprezentat\u00edv felm\u00e9r\u00e9s\u00e9nek eredm\u00e9ny\u00e9t a Zyntern.com \u00e1ll\u00e1sport\u00e1l. IT-ban dolgoz\u00f3 fiatalok \u00e9rzik legink\u00e1bb biztosnak munkahely\u00fcket. A Zyntern.com gyakornoki \u00e9s frissdiplom\u00e1s \u00e1ll\u00e1sport\u00e1l [&hellip;]<\/p>\n","protected":false},"author":1,"featured_media":3874,"comment_status":"open","ping_status":"open","sticky":false,"template":"","format":"standard","meta":{"_monsterinsights_skip_tracking":false,"footnotes":""},"categories":[200],"tags":[],"class_list":["post-3974","post","type-post","status-publish","format-standard","has-post-thumbnail","hentry","category-munkaeropiac"],"aioseo_notices":[],"aioseo_head":"\n\t\t<!-- All in One SEO 5.0.0.1 - aioseo.com -->\n\t<meta name=\"description\" content=\"Az informatikai ter\u00fcleteken tanul\u00f3k vagy dolgoz\u00f3k el\u00e9gedettek lehetnek. A j\u00e1rv\u00e1ny okozta neh\u00e9z munkaer\u0151piaci helyzetben nem kell f\u00e9lni\u00fck az \u00e1ll\u00e1suk elveszt\u00e9s\u00e9t\u0151l. Akiknek viszont van f\u00e9lnival\u00f3juk, azok a szakk\u00e9pz\u0151 int\u00e9zm\u00e9nyekben tanul\u00f3k, \u00e9s a b\u00f6lcs\u00e9szek. Err\u0151l tette k\u00f6zz\u00e9 orsz\u00e1gos reprezentat\u00edv felm\u00e9r\u00e9s\u00e9nek eredm\u00e9ny\u00e9t a Zyntern.com \u00e1ll\u00e1sport\u00e1l. IT-ban dolgoz\u00f3 fiatalok \u00e9rzik legink\u00e1bb biztosnak munkahely\u00fcket. A Zyntern.com gyakornoki \u00e9s frissdiplom\u00e1s \u00e1ll\u00e1sport\u00e1l\" \/>\n\t<meta name=\"robots\" content=\"max-image-preview:large\" \/>\n\t<meta name=\"author\" content=\"Juh\u00e1sz P\u00e9ter\"\/>\n\t<link rel=\"canonical\" href=\"https:\/\/allasorias.hu\/hirek\/jok-az-informatikusok-munkakilatasai\/\" \/>\n\t<meta name=\"generator\" content=\"All in One SEO (AIOSEO) 5.0.0.1\" \/>\n\t\t<meta property=\"og:locale\" content=\"hu_HU\" \/>\n\t\t<meta property=\"og:site_name\" content=\"AllasOrias.hu | H\u00edrek-lapszemle | \u00dczleti h\u00edrek az \u00e1ll\u00e1s \u00e9s a munka vil\u00e1g\u00e1b\u00f3l\" \/>\n\t\t<meta property=\"og:type\" content=\"article\" \/>\n\t\t<meta property=\"og:title\" content=\"J\u00f3k az informatikusok munkakil\u00e1t\u00e1sai | AllasOrias.hu | H\u00edrek-lapszemle\" \/>\n\t\t<meta property=\"og:description\" content=\"Az informatikai ter\u00fcleteken tanul\u00f3k vagy dolgoz\u00f3k el\u00e9gedettek lehetnek. A j\u00e1rv\u00e1ny okozta neh\u00e9z munkaer\u0151piaci helyzetben nem kell f\u00e9lni\u00fck az \u00e1ll\u00e1suk elveszt\u00e9s\u00e9t\u0151l. Akiknek viszont van f\u00e9lnival\u00f3juk, azok a szakk\u00e9pz\u0151 int\u00e9zm\u00e9nyekben tanul\u00f3k, \u00e9s a b\u00f6lcs\u00e9szek. Err\u0151l tette k\u00f6zz\u00e9 orsz\u00e1gos reprezentat\u00edv felm\u00e9r\u00e9s\u00e9nek eredm\u00e9ny\u00e9t a Zyntern.com \u00e1ll\u00e1sport\u00e1l. IT-ban dolgoz\u00f3 fiatalok \u00e9rzik legink\u00e1bb biztosnak munkahely\u00fcket. A Zyntern.com gyakornoki \u00e9s frissdiplom\u00e1s \u00e1ll\u00e1sport\u00e1l\" \/>\n\t\t<meta property=\"og:url\" content=\"https:\/\/allasorias.hu\/hirek\/jok-az-informatikusok-munkakilatasai\/\" \/>\n\t\t<meta property=\"og:image\" content=\"https:\/\/allasorias.hu\/hirek\/wp-content\/uploads\/2020\/04\/coding-924920_1920.jpg\" \/>\n\t\t<meta property=\"og:image:secure_url\" content=\"https:\/\/allasorias.hu\/hirek\/wp-content\/uploads\/2020\/04\/coding-924920_1920.jpg\" \/>\n\t\t<meta property=\"og:image:width\" content=\"1920\" \/>\n\t\t<meta property=\"og:image:height\" content=\"1280\" \/>\n\t\t<meta property=\"article:published_time\" content=\"2020-05-14T09:48:47+00:00\" \/>\n\t\t<meta property=\"article:modified_time\" content=\"2020-05-14T09:48:47+00:00\" \/>\n\t\t<meta property=\"article:publisher\" content=\"https:\/\/www.facebook.com\/allasorias\" \/>\n\t\t<meta name=\"twitter:card\" content=\"summary_large_image\" \/>\n\t\t<meta name=\"twitter:title\" content=\"J\u00f3k az informatikusok munkakil\u00e1t\u00e1sai | AllasOrias.hu | H\u00edrek-lapszemle\" \/>\n\t\t<meta name=\"twitter:description\" content=\"Az informatikai ter\u00fcleteken tanul\u00f3k vagy dolgoz\u00f3k el\u00e9gedettek lehetnek. A j\u00e1rv\u00e1ny okozta neh\u00e9z munkaer\u0151piaci helyzetben nem kell f\u00e9lni\u00fck az \u00e1ll\u00e1suk elveszt\u00e9s\u00e9t\u0151l. Akiknek viszont van f\u00e9lnival\u00f3juk, azok a szakk\u00e9pz\u0151 int\u00e9zm\u00e9nyekben tanul\u00f3k, \u00e9s a b\u00f6lcs\u00e9szek. Err\u0151l tette k\u00f6zz\u00e9 orsz\u00e1gos reprezentat\u00edv felm\u00e9r\u00e9s\u00e9nek eredm\u00e9ny\u00e9t a Zyntern.com \u00e1ll\u00e1sport\u00e1l. IT-ban dolgoz\u00f3 fiatalok \u00e9rzik legink\u00e1bb biztosnak munkahely\u00fcket. A Zyntern.com gyakornoki \u00e9s frissdiplom\u00e1s \u00e1ll\u00e1sport\u00e1l\" \/>\n\t\t<meta name=\"twitter:image\" content=\"https:\/\/allasorias.hu\/hirek\/wp-content\/uploads\/2020\/04\/coding-924920_1920.jpg\" \/>\n\t\t<meta name=\"twitter:label1\" content=\"Written by\" \/>\n\t\t<meta name=\"twitter:data1\" content=\"Juh\u00e1sz P\u00e9ter\" \/>\n\t\t<meta name=\"twitter:label2\" content=\"Est. reading time\" \/>\n\t\t<meta name=\"twitter:data2\" content=\"2 minutes\" \/>\n\t\t<script type=\"application\/ld+json\" class=\"aioseo-schema\">\n\t\t\t{\"@context\":\"https:\\\/\\\/schema.org\",\"@graph\":[{\"@type\":\"Article\",\"@id\":\"https:\\\/\\\/allasorias.hu\\\/hirek\\\/jok-az-informatikusok-munkakilatasai\\\/#article\",\"name\":\"J\\u00f3k az informatikusok munkakil\\u00e1t\\u00e1sai | AllasOrias.hu | H\\u00edrek-lapszemle\",\"headline\":\"J\\u00f3k az  informatikusok munkakil\\u00e1t\\u00e1sai\",\"author\":{\"@id\":\"https:\\\/\\\/allasorias.hu\\\/hirek\\\/author\\\/admin-allasorias\\\/#author\"},\"publisher\":{\"@id\":\"https:\\\/\\\/allasorias.hu\\\/hirek\\\/#organization\"},\"image\":{\"@type\":\"ImageObject\",\"url\":\"https:\\\/\\\/allasorias.hu\\\/hirek\\\/wp-content\\\/uploads\\\/2020\\\/04\\\/coding-924920_1920.jpg\",\"width\":1920,\"height\":1280},\"datePublished\":\"2020-05-14T09:48:47+02:00\",\"dateModified\":\"2020-05-14T09:48:47+02:00\",\"inLanguage\":\"hu-HU\",\"mainEntityOfPage\":{\"@id\":\"https:\\\/\\\/allasorias.hu\\\/hirek\\\/jok-az-informatikusok-munkakilatasai\\\/#webpage\"},\"isPartOf\":{\"@id\":\"https:\\\/\\\/allasorias.hu\\\/hirek\\\/jok-az-informatikusok-munkakilatasai\\\/#webpage\"},\"articleSection\":\"Munkaer\\u0151piac\"},{\"@type\":\"BreadcrumbList\",\"@id\":\"https:\\\/\\\/allasorias.hu\\\/hirek\\\/jok-az-informatikusok-munkakilatasai\\\/#breadcrumblist\",\"itemListElement\":[{\"@type\":\"ListItem\",\"@id\":\"https:\\\/\\\/allasorias.hu\\\/hirek#listItem\",\"position\":1,\"name\":\"Home\",\"item\":\"https:\\\/\\\/allasorias.hu\\\/hirek\",\"nextItem\":{\"@type\":\"ListItem\",\"@id\":\"https:\\\/\\\/allasorias.hu\\\/hirek\\\/temak\\\/munkaeropiac\\\/#listItem\",\"name\":\"Munkaer\\u0151piac\"}},{\"@type\":\"ListItem\",\"@id\":\"https:\\\/\\\/allasorias.hu\\\/hirek\\\/temak\\\/munkaeropiac\\\/#listItem\",\"position\":2,\"name\":\"Munkaer\\u0151piac\",\"item\":\"https:\\\/\\\/allasorias.hu\\\/hirek\\\/temak\\\/munkaeropiac\\\/\",\"nextItem\":{\"@type\":\"ListItem\",\"@id\":\"https:\\\/\\\/allasorias.hu\\\/hirek\\\/jok-az-informatikusok-munkakilatasai\\\/#listItem\",\"name\":\"J\\u00f3k az  informatikusok munkakil\\u00e1t\\u00e1sai\"},\"previousItem\":{\"@type\":\"ListItem\",\"@id\":\"https:\\\/\\\/allasorias.hu\\\/hirek#listItem\",\"name\":\"Home\"}},{\"@type\":\"ListItem\",\"@id\":\"https:\\\/\\\/allasorias.hu\\\/hirek\\\/jok-az-informatikusok-munkakilatasai\\\/#listItem\",\"position\":3,\"name\":\"J\\u00f3k az  informatikusok munkakil\\u00e1t\\u00e1sai\",\"previousItem\":{\"@type\":\"ListItem\",\"@id\":\"https:\\\/\\\/allasorias.hu\\\/hirek\\\/temak\\\/munkaeropiac\\\/#listItem\",\"name\":\"Munkaer\\u0151piac\"}}]},{\"@type\":\"Organization\",\"@id\":\"https:\\\/\\\/allasorias.hu\\\/hirek\\\/#organization\",\"name\":\"AllasOrias.hu | H\\u00edrek-lapszemle\",\"description\":\"\\u00dczleti h\\u00edrek az \\u00e1ll\\u00e1s \\u00e9s a munka vil\\u00e1g\\u00e1b\\u00f3l\",\"url\":\"https:\\\/\\\/allasorias.hu\\\/hirek\\\/\",\"logo\":{\"@type\":\"ImageObject\",\"url\":\"https:\\\/\\\/allasorias.hu\\\/hirek\\\/wp-content\\\/uploads\\\/2022\\\/10\\\/allasorias_site_facebok_logo.png\",\"@id\":\"https:\\\/\\\/allasorias.hu\\\/hirek\\\/jok-az-informatikusok-munkakilatasai\\\/#organizationLogo\"},\"image\":{\"@id\":\"https:\\\/\\\/allasorias.hu\\\/hirek\\\/jok-az-informatikusok-munkakilatasai\\\/#organizationLogo\"},\"sameAs\":[\"https:\\\/\\\/www.facebook.com\\\/allasorias\",\"https:\\\/\\\/www.linkedin.com\\\/company\\\/allasorias\"]},{\"@type\":\"Person\",\"@id\":\"https:\\\/\\\/allasorias.hu\\\/hirek\\\/author\\\/admin-allasorias\\\/#author\",\"url\":\"https:\\\/\\\/allasorias.hu\\\/hirek\\\/author\\\/admin-allasorias\\\/\",\"name\":\"Juh\\u00e1sz P\\u00e9ter\",\"image\":{\"@type\":\"ImageObject\",\"@id\":\"https:\\\/\\\/allasorias.hu\\\/hirek\\\/jok-az-informatikusok-munkakilatasai\\\/#authorImage\",\"url\":\"https:\\\/\\\/secure.gravatar.com\\\/avatar\\\/36e6bcb83148978b992977cb0f54d22feb0cce8a0a849a9410532bb2623ba4c6?s=96&d=mm&r=g\",\"width\":96,\"height\":96,\"caption\":\"Juh\\u00e1sz P\\u00e9ter\"}},{\"@type\":\"WebPage\",\"@id\":\"https:\\\/\\\/allasorias.hu\\\/hirek\\\/jok-az-informatikusok-munkakilatasai\\\/#webpage\",\"url\":\"https:\\\/\\\/allasorias.hu\\\/hirek\\\/jok-az-informatikusok-munkakilatasai\\\/\",\"name\":\"J\\u00f3k az informatikusok munkakil\\u00e1t\\u00e1sai | AllasOrias.hu | H\\u00edrek-lapszemle\",\"description\":\"Az informatikai ter\\u00fcleteken tanul\\u00f3k vagy dolgoz\\u00f3k el\\u00e9gedettek lehetnek. A j\\u00e1rv\\u00e1ny okozta neh\\u00e9z munkaer\\u0151piaci helyzetben nem kell f\\u00e9lni\\u00fck az \\u00e1ll\\u00e1suk elveszt\\u00e9s\\u00e9t\\u0151l. Akiknek viszont van f\\u00e9lnival\\u00f3juk, azok a szakk\\u00e9pz\\u0151 int\\u00e9zm\\u00e9nyekben tanul\\u00f3k, \\u00e9s a b\\u00f6lcs\\u00e9szek. Err\\u0151l tette k\\u00f6zz\\u00e9 orsz\\u00e1gos reprezentat\\u00edv felm\\u00e9r\\u00e9s\\u00e9nek eredm\\u00e9ny\\u00e9t a Zyntern.com \\u00e1ll\\u00e1sport\\u00e1l. IT-ban dolgoz\\u00f3 fiatalok \\u00e9rzik legink\\u00e1bb biztosnak munkahely\\u00fcket. A Zyntern.com gyakornoki \\u00e9s frissdiplom\\u00e1s \\u00e1ll\\u00e1sport\\u00e1l\",\"inLanguage\":\"hu-HU\",\"isPartOf\":{\"@id\":\"https:\\\/\\\/allasorias.hu\\\/hirek\\\/#website\"},\"breadcrumb\":{\"@id\":\"https:\\\/\\\/allasorias.hu\\\/hirek\\\/jok-az-informatikusok-munkakilatasai\\\/#breadcrumblist\"},\"author\":{\"@id\":\"https:\\\/\\\/allasorias.hu\\\/hirek\\\/author\\\/admin-allasorias\\\/#author\"},\"creator\":{\"@id\":\"https:\\\/\\\/allasorias.hu\\\/hirek\\\/author\\\/admin-allasorias\\\/#author\"},\"image\":{\"@type\":\"ImageObject\",\"url\":\"https:\\\/\\\/allasorias.hu\\\/hirek\\\/wp-content\\\/uploads\\\/2020\\\/04\\\/coding-924920_1920.jpg\",\"@id\":\"https:\\\/\\\/allasorias.hu\\\/hirek\\\/jok-az-informatikusok-munkakilatasai\\\/#mainImage\",\"width\":1920,\"height\":1280},\"primaryImageOfPage\":{\"@id\":\"https:\\\/\\\/allasorias.hu\\\/hirek\\\/jok-az-informatikusok-munkakilatasai\\\/#mainImage\"},\"datePublished\":\"2020-05-14T09:48:47+02:00\",\"dateModified\":\"2020-05-14T09:48:47+02:00\"},{\"@type\":\"WebSite\",\"@id\":\"https:\\\/\\\/allasorias.hu\\\/hirek\\\/#website\",\"url\":\"https:\\\/\\\/allasorias.hu\\\/hirek\\\/\",\"name\":\"AllasOrias.hu | H\\u00edrek-lapszemle\",\"description\":\"\\u00dczleti h\\u00edrek az \\u00e1ll\\u00e1s \\u00e9s a munka vil\\u00e1g\\u00e1b\\u00f3l\",\"inLanguage\":\"hu-HU\",\"publisher\":{\"@id\":\"https:\\\/\\\/allasorias.hu\\\/hirek\\\/#organization\"}}]}\n\t\t<\/script>\n\t\t<!-- All in One SEO -->\n\n","aioseo_head_json":{"title":"J\u00f3k az informatikusok munkakil\u00e1t\u00e1sai | AllasOrias.hu | H\u00edrek-lapszemle","description":"Az informatikai ter\u00fcleteken tanul\u00f3k vagy dolgoz\u00f3k el\u00e9gedettek lehetnek. A j\u00e1rv\u00e1ny okozta neh\u00e9z munkaer\u0151piaci helyzetben nem kell f\u00e9lni\u00fck az \u00e1ll\u00e1suk elveszt\u00e9s\u00e9t\u0151l. Akiknek viszont van f\u00e9lnival\u00f3juk, azok a szakk\u00e9pz\u0151 int\u00e9zm\u00e9nyekben tanul\u00f3k, \u00e9s a b\u00f6lcs\u00e9szek. Err\u0151l tette k\u00f6zz\u00e9 orsz\u00e1gos reprezentat\u00edv felm\u00e9r\u00e9s\u00e9nek eredm\u00e9ny\u00e9t a Zyntern.com \u00e1ll\u00e1sport\u00e1l. IT-ban dolgoz\u00f3 fiatalok \u00e9rzik legink\u00e1bb biztosnak munkahely\u00fcket. A Zyntern.com gyakornoki \u00e9s frissdiplom\u00e1s \u00e1ll\u00e1sport\u00e1l","canonical_url":"https:\/\/allasorias.hu\/hirek\/jok-az-informatikusok-munkakilatasai\/","robots":"max-image-preview:large","keywords":"","webmasterTools":{"miscellaneous":""},"schema":{"@context":"https:\/\/schema.org","@graph":[{"@type":"Article","@id":"https:\/\/allasorias.hu\/hirek\/jok-az-informatikusok-munkakilatasai\/#article","name":"J\u00f3k az informatikusok munkakil\u00e1t\u00e1sai | AllasOrias.hu | H\u00edrek-lapszemle","headline":"J\u00f3k az  informatikusok munkakil\u00e1t\u00e1sai","author":{"@id":"https:\/\/allasorias.hu\/hirek\/author\/admin-allasorias\/#author"},"publisher":{"@id":"https:\/\/allasorias.hu\/hirek\/#organization"},"image":{"@type":"ImageObject","url":"https:\/\/allasorias.hu\/hirek\/wp-content\/uploads\/2020\/04\/coding-924920_1920.jpg","width":1920,"height":1280},"datePublished":"2020-05-14T09:48:47+02:00","dateModified":"2020-05-14T09:48:47+02:00","inLanguage":"hu-HU","mainEntityOfPage":{"@id":"https:\/\/allasorias.hu\/hirek\/jok-az-informatikusok-munkakilatasai\/#webpage"},"isPartOf":{"@id":"https:\/\/allasorias.hu\/hirek\/jok-az-informatikusok-munkakilatasai\/#webpage"},"articleSection":"Munkaer\u0151piac"},{"@type":"BreadcrumbList","@id":"https:\/\/allasorias.hu\/hirek\/jok-az-informatikusok-munkakilatasai\/#breadcrumblist","itemListElement":[{"@type":"ListItem","@id":"https:\/\/allasorias.hu\/hirek#listItem","position":1,"name":"Home","item":"https:\/\/allasorias.hu\/hirek","nextItem":{"@type":"ListItem","@id":"https:\/\/allasorias.hu\/hirek\/temak\/munkaeropiac\/#listItem","name":"Munkaer\u0151piac"}},{"@type":"ListItem","@id":"https:\/\/allasorias.hu\/hirek\/temak\/munkaeropiac\/#listItem","position":2,"name":"Munkaer\u0151piac","item":"https:\/\/allasorias.hu\/hirek\/temak\/munkaeropiac\/","nextItem":{"@type":"ListItem","@id":"https:\/\/allasorias.hu\/hirek\/jok-az-informatikusok-munkakilatasai\/#listItem","name":"J\u00f3k az  informatikusok munkakil\u00e1t\u00e1sai"},"previousItem":{"@type":"ListItem","@id":"https:\/\/allasorias.hu\/hirek#listItem","name":"Home"}},{"@type":"ListItem","@id":"https:\/\/allasorias.hu\/hirek\/jok-az-informatikusok-munkakilatasai\/#listItem","position":3,"name":"J\u00f3k az  informatikusok munkakil\u00e1t\u00e1sai","previousItem":{"@type":"ListItem","@id":"https:\/\/allasorias.hu\/hirek\/temak\/munkaeropiac\/#listItem","name":"Munkaer\u0151piac"}}]},{"@type":"Organization","@id":"https:\/\/allasorias.hu\/hirek\/#organization","name":"AllasOrias.hu | H\u00edrek-lapszemle","description":"\u00dczleti h\u00edrek az \u00e1ll\u00e1s \u00e9s a munka vil\u00e1g\u00e1b\u00f3l","url":"https:\/\/allasorias.hu\/hirek\/","logo":{"@type":"ImageObject","url":"https:\/\/allasorias.hu\/hirek\/wp-content\/uploads\/2022\/10\/allasorias_site_facebok_logo.png","@id":"https:\/\/allasorias.hu\/hirek\/jok-az-informatikusok-munkakilatasai\/#organizationLogo"},"image":{"@id":"https:\/\/allasorias.hu\/hirek\/jok-az-informatikusok-munkakilatasai\/#organizationLogo"},"sameAs":["https:\/\/www.facebook.com\/allasorias","https:\/\/www.linkedin.com\/company\/allasorias"]},{"@type":"Person","@id":"https:\/\/allasorias.hu\/hirek\/author\/admin-allasorias\/#author","url":"https:\/\/allasorias.hu\/hirek\/author\/admin-allasorias\/","name":"Juh\u00e1sz P\u00e9ter","image":{"@type":"ImageObject","@id":"https:\/\/allasorias.hu\/hirek\/jok-az-informatikusok-munkakilatasai\/#authorImage","url":"https:\/\/secure.gravatar.com\/avatar\/36e6bcb83148978b992977cb0f54d22feb0cce8a0a849a9410532bb2623ba4c6?s=96&d=mm&r=g","width":96,"height":96,"caption":"Juh\u00e1sz P\u00e9ter"}},{"@type":"WebPage","@id":"https:\/\/allasorias.hu\/hirek\/jok-az-informatikusok-munkakilatasai\/#webpage","url":"https:\/\/allasorias.hu\/hirek\/jok-az-informatikusok-munkakilatasai\/","name":"J\u00f3k az informatikusok munkakil\u00e1t\u00e1sai | AllasOrias.hu | H\u00edrek-lapszemle","description":"Az informatikai ter\u00fcleteken tanul\u00f3k vagy dolgoz\u00f3k el\u00e9gedettek lehetnek. A j\u00e1rv\u00e1ny okozta neh\u00e9z munkaer\u0151piaci helyzetben nem kell f\u00e9lni\u00fck az \u00e1ll\u00e1suk elveszt\u00e9s\u00e9t\u0151l. Akiknek viszont van f\u00e9lnival\u00f3juk, azok a szakk\u00e9pz\u0151 int\u00e9zm\u00e9nyekben tanul\u00f3k, \u00e9s a b\u00f6lcs\u00e9szek. Err\u0151l tette k\u00f6zz\u00e9 orsz\u00e1gos reprezentat\u00edv felm\u00e9r\u00e9s\u00e9nek eredm\u00e9ny\u00e9t a Zyntern.com \u00e1ll\u00e1sport\u00e1l. IT-ban dolgoz\u00f3 fiatalok \u00e9rzik legink\u00e1bb biztosnak munkahely\u00fcket. A Zyntern.com gyakornoki \u00e9s frissdiplom\u00e1s \u00e1ll\u00e1sport\u00e1l","inLanguage":"hu-HU","isPartOf":{"@id":"https:\/\/allasorias.hu\/hirek\/#website"},"breadcrumb":{"@id":"https:\/\/allasorias.hu\/hirek\/jok-az-informatikusok-munkakilatasai\/#breadcrumblist"},"author":{"@id":"https:\/\/allasorias.hu\/hirek\/author\/admin-allasorias\/#author"},"creator":{"@id":"https:\/\/allasorias.hu\/hirek\/author\/admin-allasorias\/#author"},"image":{"@type":"ImageObject","url":"https:\/\/allasorias.hu\/hirek\/wp-content\/uploads\/2020\/04\/coding-924920_1920.jpg","@id":"https:\/\/allasorias.hu\/hirek\/jok-az-informatikusok-munkakilatasai\/#mainImage","width":1920,"height":1280},"primaryImageOfPage":{"@id":"https:\/\/allasorias.hu\/hirek\/jok-az-informatikusok-munkakilatasai\/#mainImage"},"datePublished":"2020-05-14T09:48:47+02:00","dateModified":"2020-05-14T09:48:47+02:00"},{"@type":"WebSite","@id":"https:\/\/allasorias.hu\/hirek\/#website","url":"https:\/\/allasorias.hu\/hirek\/","name":"AllasOrias.hu | H\u00edrek-lapszemle","description":"\u00dczleti h\u00edrek az \u00e1ll\u00e1s \u00e9s a munka vil\u00e1g\u00e1b\u00f3l","inLanguage":"hu-HU","publisher":{"@id":"https:\/\/allasorias.hu\/hirek\/#organization"}}]},"og:locale":"hu_HU","og:site_name":"AllasOrias.hu | H\u00edrek-lapszemle | \u00dczleti h\u00edrek az \u00e1ll\u00e1s \u00e9s a munka vil\u00e1g\u00e1b\u00f3l","og:type":"article","og:title":"J\u00f3k az informatikusok munkakil\u00e1t\u00e1sai | AllasOrias.hu | H\u00edrek-lapszemle","og:description":"Az informatikai ter\u00fcleteken tanul\u00f3k vagy dolgoz\u00f3k el\u00e9gedettek lehetnek. A j\u00e1rv\u00e1ny okozta neh\u00e9z munkaer\u0151piaci helyzetben nem kell f\u00e9lni\u00fck az \u00e1ll\u00e1suk elveszt\u00e9s\u00e9t\u0151l. Akiknek viszont van f\u00e9lnival\u00f3juk, azok a szakk\u00e9pz\u0151 int\u00e9zm\u00e9nyekben tanul\u00f3k, \u00e9s a b\u00f6lcs\u00e9szek. Err\u0151l tette k\u00f6zz\u00e9 orsz\u00e1gos reprezentat\u00edv felm\u00e9r\u00e9s\u00e9nek eredm\u00e9ny\u00e9t a Zyntern.com \u00e1ll\u00e1sport\u00e1l. IT-ban dolgoz\u00f3 fiatalok \u00e9rzik legink\u00e1bb biztosnak munkahely\u00fcket. A Zyntern.com gyakornoki \u00e9s frissdiplom\u00e1s \u00e1ll\u00e1sport\u00e1l","og:url":"https:\/\/allasorias.hu\/hirek\/jok-az-informatikusok-munkakilatasai\/","og:image":"https:\/\/allasorias.hu\/hirek\/wp-content\/uploads\/2020\/04\/coding-924920_1920.jpg","og:image:secure_url":"https:\/\/allasorias.hu\/hirek\/wp-content\/uploads\/2020\/04\/coding-924920_1920.jpg","og:image:width":1920,"og:image:height":1280,"article:published_time":"2020-05-14T09:48:47+00:00","article:modified_time":"2020-05-14T09:48:47+00:00","article:publisher":"https:\/\/www.facebook.com\/allasorias","twitter:card":"summary_large_image","twitter:title":"J\u00f3k az informatikusok munkakil\u00e1t\u00e1sai | AllasOrias.hu | H\u00edrek-lapszemle","twitter:description":"Az informatikai ter\u00fcleteken tanul\u00f3k vagy dolgoz\u00f3k el\u00e9gedettek lehetnek. A j\u00e1rv\u00e1ny okozta neh\u00e9z munkaer\u0151piaci helyzetben nem kell f\u00e9lni\u00fck az \u00e1ll\u00e1suk elveszt\u00e9s\u00e9t\u0151l. Akiknek viszont van f\u00e9lnival\u00f3juk, azok a szakk\u00e9pz\u0151 int\u00e9zm\u00e9nyekben tanul\u00f3k, \u00e9s a b\u00f6lcs\u00e9szek. Err\u0151l tette k\u00f6zz\u00e9 orsz\u00e1gos reprezentat\u00edv felm\u00e9r\u00e9s\u00e9nek eredm\u00e9ny\u00e9t a Zyntern.com \u00e1ll\u00e1sport\u00e1l. IT-ban dolgoz\u00f3 fiatalok \u00e9rzik legink\u00e1bb biztosnak munkahely\u00fcket. A Zyntern.com gyakornoki \u00e9s frissdiplom\u00e1s \u00e1ll\u00e1sport\u00e1l","twitter:image":"https:\/\/allasorias.hu\/hirek\/wp-content\/uploads\/2020\/04\/coding-924920_1920.jpg","twitter:label1":"Written by","twitter:data1":"Juh\u00e1sz P\u00e9ter","twitter:label2":"Est. reading time","twitter:data2":"2 minutes"},"aioseo_meta_data":{"post_id":"3974","title":null,"description":null,"keywords":null,"keyphrases":null,"primary_term":null,"canonical_url":null,"og_title":null,"og_description":null,"og_object_type":"default","og_image_type":"default","og_image_url":null,"og_image_width":null,"og_image_height":null,"og_image_custom_url":null,"og_image_custom_fields":null,"og_video":null,"og_custom_url":null,"og_article_section":null,"og_article_tags":null,"twitter_use_og":false,"twitter_card":"default","twitter_image_type":"default","twitter_image_url":null,"twitter_image_custom_url":null,"twitter_image_custom_fields":null,"twitter_title":null,"twitter_description":null,"schema":{"blockGraphs":[],"customGraphs":[],"default":{"data":{"Article":[],"Course":[],"Dataset":[],"FAQPage":[],"Movie":[],"Person":[],"Product":[],"ProductReview":[],"Car":[],"Recipe":[],"Service":[],"SoftwareApplication":[],"WebPage":[]},"graphName":"","isEnabled":true},"graphs":[],"defaultGraph":"","defaultPostTypeGraph":""},"schema_type":null,"schema_type_options":null,"pillar_content":false,"robots_default":true,"robots_noindex":false,"robots_noarchive":false,"robots_nosnippet":false,"robots_nofollow":false,"robots_noimageindex":false,"robots_noodp":false,"robots_notranslate":false,"robots_max_snippet":null,"robots_max_videopreview":null,"robots_max_imagepreview":"large","priority":null,"frequency":null,"location":null,"local_seo":null,"breadcrumb_settings":null,"limit_modified_date":false,"ai":null,"created":"2021-02-01 21:28:17","updated":"2025-10-02 13:50:37","seo_analyzer_scan_date":null,"focus_keyword":null,"additional_keywords":null,"truseo_locale":null},"aioseo_breadcrumb":"<div class=\"aioseo-breadcrumbs\"><span class=\"aioseo-breadcrumb\">\n\t\t\t<a href=\"https:\/\/allasorias.hu\/hirek\" title=\"Home\">Home<\/a>\n\t\t<\/span><span class=\"aioseo-breadcrumb-separator\">&raquo;<\/span><span class=\"aioseo-breadcrumb\">\n\t\t\t<a href=\"https:\/\/allasorias.hu\/hirek\/temak\/munkaeropiac\/\" title=\"Munkaer\u0151piac\">Munkaer\u0151piac<\/a>\n\t\t<\/span><span class=\"aioseo-breadcrumb-separator\">&raquo;<\/span><span class=\"aioseo-breadcrumb\">\n\t\t\tJ\u00f3k az  informatikusok munkakil\u00e1t\u00e1sai\n\t\t<\/span><\/div>","aioseo_breadcrumb_json":[{"label":"Home","link":"https:\/\/allasorias.hu\/hirek"},{"label":"Munkaer\u0151piac","link":"https:\/\/allasorias.hu\/hirek\/temak\/munkaeropiac\/"},{"label":"J\u00f3k az  informatikusok munkakil\u00e1t\u00e1sai","link":"https:\/\/allasorias.hu\/hirek\/jok-az-informatikusok-munkakilatasai\/"}],"_links":{"self":[{"href":"https:\/\/allasorias.hu\/hirek\/wp-json\/wp\/v2\/posts\/3974","targetHints":{"allow":["GET"]}}],"collection":[{"href":"https:\/\/allasorias.hu\/hirek\/wp-json\/wp\/v2\/posts"}],"about":[{"href":"https:\/\/allasorias.hu\/hirek\/wp-json\/wp\/v2\/types\/post"}],"author":[{"embeddable":true,"href":"https:\/\/allasorias.hu\/hirek\/wp-json\/wp\/v2\/users\/1"}],"replies":[{"embeddable":true,"href":"https:\/\/allasorias.hu\/hirek\/wp-json\/wp\/v2\/comments?post=3974"}],"version-history":[{"count":1,"href":"https:\/\/allasorias.hu\/hirek\/wp-json\/wp\/v2\/posts\/3974\/revisions"}],"predecessor-version":[{"id":3975,"href":"https:\/\/allasorias.hu\/hirek\/wp-json\/wp\/v2\/posts\/3974\/revisions\/3975"}],"wp:featuredmedia":[{"embeddable":true,"href":"https:\/\/allasorias.hu\/hirek\/wp-json\/wp\/v2\/media\/3874"}],"wp:attachment":[{"href":"https:\/\/allasorias.hu\/hirek\/wp-json\/wp\/v2\/media?parent=3974"}],"wp:term":[{"taxonomy":"category","embeddable":true,"href":"https:\/\/allasorias.hu\/hirek\/wp-json\/wp\/v2\/categories?post=3974"},{"taxonomy":"post_tag","embeddable":true,"href":"https:\/\/allasorias.hu\/hirek\/wp-json\/wp\/v2\/tags?post=3974"}],"curies":[{"name":"wp","href":"https:\/\/api.w.org\/{rel}","templated":true}]}}