{"id":3969,"date":"2020-05-12T09:57:40","date_gmt":"2020-05-12T09:57:40","guid":{"rendered":"https:\/\/allasorias.hu\/hirek\/?p=3969"},"modified":"2020-05-12T09:57:40","modified_gmt":"2020-05-12T09:57:40","slug":"tovabb-melyult-a-munkanelkuliseg-okozta-valsag","status":"publish","type":"post","link":"https:\/\/allasorias.hu\/hirek\/tovabb-melyult-a-munkanelkuliseg-okozta-valsag\/","title":{"rendered":"Tov\u00e1bb m\u00e9ly\u00fclt a munkan\u00e9lk\u00fclis\u00e9g okozta v\u00e1ls\u00e1g"},"content":{"rendered":"<p><strong>H\u00e1rom megy\u00e9ben k\u00fcl\u00f6n\u00f6sen rossz a helyzet a foglalkoztatotts\u00e1got illet\u0151en. M\u00e1rciusban tov\u00e1bb b\u0151v\u00fclt a v\u00e1ls\u00e1g. Legt\u00f6bben Szabolcs-Szatm\u00e1r-Bereg megy\u00e9ben vesz\u00edtett\u00e9k el az \u00e1ll\u00e1sukat. A regisztr\u00e1lt \u00e1ll\u00e1skeres\u0151k sz\u00e1ma egy h\u00f3nap alatt mintegy 17 ezer f\u0151vel 281 ezerre emelkedett m\u00e1rciusban, ami az akkori munkaer\u0151piaci h\u00edrek f\u00fcggv\u00e9ny\u00e9ben meglep\u0151en alacsony n\u00f6veked\u00e9s volt.<\/strong><\/p>\n<p>A legt\u00f6bb regisztr\u00e1lt \u00e1ll\u00e1skeres\u0151 m\u00e1rciusban Borsod-Aba\u00faj-Zempl\u00e9n megy\u00e9ben volt, 39 462 f\u0151,\u00a0 Szabolcs-Szatm\u00e1r-Bereg megy\u00e9ben 31 087-en voltak, Hajd\u00fa-Biharban pedig 22 868-an. A kedvez\u0151tlen v\u00e1ltoz\u00e1sok mellett ugyanakkor n\u00e9mi meglepet\u00e9sr\u0151l is \u00e1rulkodnak a statisztik\u00e1k. Eg\u00e9sz v\u00e1ratlanul ugyanis Baranya megy\u00e9ben mintegy 300 f\u0151vel cs\u00f6kkent az \u00e1ll\u00e1skeres\u0151k sz\u00e1ma, 15 251-en voltak a febru\u00e1ri 15 550 f\u0151 ut\u00e1n. A megyesz\u00e9khelyeket tekintve Kecskem\u00e9t \u00e9s Szeksz\u00e1rd tartotta mag\u00e1t m\u00e9g m\u00e1rciusban. B\u00e1cs-Kiskun megye legnagyobb v\u00e1ros\u00e1ban ugyanis pontosan ugyanannyi regisztr\u00e1lt \u00e1ll\u00e1skeres\u0151 volt m\u00e1rciusban, mint febru\u00e1rban, 2594 f\u0151, ami az akt\u00edv kor\u00fa lakosok ar\u00e1ny\u00e1ban 3,55 sz\u00e1zal\u00e9kos munkan\u00e9lk\u00fclis\u00e9get jelent. Szeksz\u00e1rdon &#8211; Baranya megy\u00e9hez hasonl\u00f3an &#8211; 2 sz\u00e1zal\u00e9kkal, vagyis 13 f\u0151vel m\u00e9rs\u00e9kl\u0151d\u00f6tt az \u00e1ll\u00e1stalanok sz\u00e1ma. M\u00e1rciusban a legnagyobb ar\u00e1nyban a Baranya megyei Gy\u00f6ngyf\u00e1n voltak \u00e1ll\u00e1stalanok, igaz, ez egy kistelep\u00fcl\u00e9s, mind\u00f6ssze 134-en laknak itt. A 32 \u00e1ll\u00e1stalan pedig \u00edgy kiugr\u00f3, 39,51 sz\u00e1zal\u00e9kos munkan\u00e9lk\u00fclis\u00e9get eredm\u00e9nyez. M\u00f6g\u00f6tte a m\u00e1r n\u00e9pesebb, de m\u00e9g mindig kisebb telep\u00fcl\u00e9s, Gilv\u00e1nfa \u00e1ll 38,24 sz\u00e1zal\u00e9kkal, a dobog\u00f3 harmadik fok\u00e1ra egy nagyon kicsi telep\u00fcl\u00e9s, Ny\u00e9sta \u00e1ll 37,5 sz\u00e1zal\u00e9kkal. Az ezer f\u0151n\u00e9l t\u00f6bb munkak\u00e9pes kor\u00fa lakossal b\u00edr\u00f3 telep\u00fcl\u00e9sek sor\u00e1ban a legnagyobb munkan\u00e9lk\u00fclis\u00e9g a J\u00e1sz-Nagykun-Szolnok megyei Tiszabur\u00e1hoz k\u00f6t\u0151dik. Az 595 regisztr\u00e1lt \u00e1ll\u00e1stalan mintegy 140 f\u0151vel t\u00f6bb az el\u0151z\u0151 havin\u00e1l, az \u00e1ll\u00e1skeres\u0151k ar\u00e1nya pedig 31,84 sz\u00e1zal\u00e9k. Vagyis a dolgozni k\u00e9pes helyiek k\u00f6zel harmada \u00e1ll\u00e1stalan. Ezt k\u00e9t Borsod megyei telep\u00fcl\u00e9s k\u00f6veti: Arl\u00f3n 26,21, Saj\u00f3kaz\u00e1n pedig 22,27 sz\u00e1zal\u00e9k a regisztr\u00e1lt \u00e1ll\u00e1stalanok ar\u00e1nya. Ut\u00f3bbi esetben eg\u00e9szen megd\u00f6bbent\u0151en a sz\u00e1mok, egyetlen h\u00f3nap alatt a m\u00e1sf\u00e9lszeres\u00e9re n\u0151tt az \u00e1ll\u00e1skeres\u0151k l\u00e9tsz\u00e1ma, 246-r\u00f3l 424-re.<\/p>\n<p>Forr\u00e1s: privatbankar.hu<\/p>\n<p>&nbsp;<\/p>\n","protected":false},"excerpt":{"rendered":"<p>H\u00e1rom megy\u00e9ben k\u00fcl\u00f6n\u00f6sen rossz a helyzet a foglalkoztatotts\u00e1got illet\u0151en. M\u00e1rciusban tov\u00e1bb b\u0151v\u00fclt a v\u00e1ls\u00e1g. Legt\u00f6bben Szabolcs-Szatm\u00e1r-Bereg megy\u00e9ben vesz\u00edtett\u00e9k el az \u00e1ll\u00e1sukat. A regisztr\u00e1lt \u00e1ll\u00e1skeres\u0151k sz\u00e1ma egy h\u00f3nap alatt mintegy 17 ezer f\u0151vel 281 ezerre emelkedett m\u00e1rciusban, ami az akkori munkaer\u0151piaci h\u00edrek f\u00fcggv\u00e9ny\u00e9ben meglep\u0151en alacsony n\u00f6veked\u00e9s volt. A legt\u00f6bb regisztr\u00e1lt \u00e1ll\u00e1skeres\u0151 m\u00e1rciusban Borsod-Aba\u00faj-Zempl\u00e9n megy\u00e9ben volt, 39 [&hellip;]<\/p>\n","protected":false},"author":1,"featured_media":2348,"comment_status":"open","ping_status":"open","sticky":false,"template":"","format":"standard","meta":{"_monsterinsights_skip_tracking":false,"footnotes":""},"categories":[1,200],"tags":[],"class_list":["post-3969","post","type-post","status-publish","format-standard","has-post-thumbnail","hentry","category-allaskereses","category-munkaeropiac"],"aioseo_notices":[],"aioseo_head":"\n\t\t<!-- All in One SEO 5.0.0.1 - aioseo.com -->\n\t<meta name=\"description\" content=\"H\u00e1rom megy\u00e9ben k\u00fcl\u00f6n\u00f6sen rossz a helyzet a foglalkoztatotts\u00e1got illet\u0151en. M\u00e1rciusban tov\u00e1bb b\u0151v\u00fclt a v\u00e1ls\u00e1g. Legt\u00f6bben Szabolcs-Szatm\u00e1r-Bereg megy\u00e9ben vesz\u00edtett\u00e9k el az \u00e1ll\u00e1sukat. A regisztr\u00e1lt \u00e1ll\u00e1skeres\u0151k sz\u00e1ma egy h\u00f3nap alatt mintegy 17 ezer f\u0151vel 281 ezerre emelkedett m\u00e1rciusban, ami az akkori munkaer\u0151piaci h\u00edrek f\u00fcggv\u00e9ny\u00e9ben meglep\u0151en alacsony n\u00f6veked\u00e9s volt. A legt\u00f6bb regisztr\u00e1lt \u00e1ll\u00e1skeres\u0151 m\u00e1rciusban Borsod-Aba\u00faj-Zempl\u00e9n megy\u00e9ben volt, 39\" \/>\n\t<meta name=\"robots\" content=\"max-image-preview:large\" \/>\n\t<meta name=\"author\" content=\"Juh\u00e1sz P\u00e9ter\"\/>\n\t<link rel=\"canonical\" href=\"https:\/\/allasorias.hu\/hirek\/tovabb-melyult-a-munkanelkuliseg-okozta-valsag\/\" \/>\n\t<meta name=\"generator\" content=\"All in One SEO (AIOSEO) 5.0.0.1\" \/>\n\t\t<meta property=\"og:locale\" content=\"hu_HU\" \/>\n\t\t<meta property=\"og:site_name\" content=\"AllasOrias.hu | H\u00edrek-lapszemle | \u00dczleti h\u00edrek az \u00e1ll\u00e1s \u00e9s a munka vil\u00e1g\u00e1b\u00f3l\" \/>\n\t\t<meta property=\"og:type\" content=\"article\" \/>\n\t\t<meta property=\"og:title\" content=\"Tov\u00e1bb m\u00e9ly\u00fclt a munkan\u00e9lk\u00fclis\u00e9g okozta v\u00e1ls\u00e1g | AllasOrias.hu | H\u00edrek-lapszemle\" \/>\n\t\t<meta property=\"og:description\" content=\"H\u00e1rom megy\u00e9ben k\u00fcl\u00f6n\u00f6sen rossz a helyzet a foglalkoztatotts\u00e1got illet\u0151en. M\u00e1rciusban tov\u00e1bb b\u0151v\u00fclt a v\u00e1ls\u00e1g. Legt\u00f6bben Szabolcs-Szatm\u00e1r-Bereg megy\u00e9ben vesz\u00edtett\u00e9k el az \u00e1ll\u00e1sukat. A regisztr\u00e1lt \u00e1ll\u00e1skeres\u0151k sz\u00e1ma egy h\u00f3nap alatt mintegy 17 ezer f\u0151vel 281 ezerre emelkedett m\u00e1rciusban, ami az akkori munkaer\u0151piaci h\u00edrek f\u00fcggv\u00e9ny\u00e9ben meglep\u0151en alacsony n\u00f6veked\u00e9s volt. A legt\u00f6bb regisztr\u00e1lt \u00e1ll\u00e1skeres\u0151 m\u00e1rciusban Borsod-Aba\u00faj-Zempl\u00e9n megy\u00e9ben volt, 39\" \/>\n\t\t<meta property=\"og:url\" content=\"https:\/\/allasorias.hu\/hirek\/tovabb-melyult-a-munkanelkuliseg-okozta-valsag\/\" \/>\n\t\t<meta property=\"og:image\" content=\"https:\/\/allasorias.hu\/hirek\/wp-content\/uploads\/2018\/12\/pedestrians-1209316_640.jpg\" \/>\n\t\t<meta property=\"og:image:secure_url\" content=\"https:\/\/allasorias.hu\/hirek\/wp-content\/uploads\/2018\/12\/pedestrians-1209316_640.jpg\" \/>\n\t\t<meta property=\"og:image:width\" content=\"640\" \/>\n\t\t<meta property=\"og:image:height\" content=\"426\" \/>\n\t\t<meta property=\"article:published_time\" content=\"2020-05-12T09:57:40+00:00\" \/>\n\t\t<meta property=\"article:modified_time\" content=\"2020-05-12T09:57:40+00:00\" \/>\n\t\t<meta property=\"article:publisher\" content=\"https:\/\/www.facebook.com\/allasorias\" \/>\n\t\t<meta name=\"twitter:card\" content=\"summary_large_image\" \/>\n\t\t<meta name=\"twitter:title\" content=\"Tov\u00e1bb m\u00e9ly\u00fclt a munkan\u00e9lk\u00fclis\u00e9g okozta v\u00e1ls\u00e1g | AllasOrias.hu | H\u00edrek-lapszemle\" \/>\n\t\t<meta name=\"twitter:description\" content=\"H\u00e1rom megy\u00e9ben k\u00fcl\u00f6n\u00f6sen rossz a helyzet a foglalkoztatotts\u00e1got illet\u0151en. M\u00e1rciusban tov\u00e1bb b\u0151v\u00fclt a v\u00e1ls\u00e1g. Legt\u00f6bben Szabolcs-Szatm\u00e1r-Bereg megy\u00e9ben vesz\u00edtett\u00e9k el az \u00e1ll\u00e1sukat. A regisztr\u00e1lt \u00e1ll\u00e1skeres\u0151k sz\u00e1ma egy h\u00f3nap alatt mintegy 17 ezer f\u0151vel 281 ezerre emelkedett m\u00e1rciusban, ami az akkori munkaer\u0151piaci h\u00edrek f\u00fcggv\u00e9ny\u00e9ben meglep\u0151en alacsony n\u00f6veked\u00e9s volt. A legt\u00f6bb regisztr\u00e1lt \u00e1ll\u00e1skeres\u0151 m\u00e1rciusban Borsod-Aba\u00faj-Zempl\u00e9n megy\u00e9ben volt, 39\" \/>\n\t\t<meta name=\"twitter:image\" content=\"https:\/\/allasorias.hu\/hirek\/wp-content\/uploads\/2018\/12\/pedestrians-1209316_640.jpg\" \/>\n\t\t<meta name=\"twitter:label1\" content=\"Written by\" \/>\n\t\t<meta name=\"twitter:data1\" content=\"Juh\u00e1sz P\u00e9ter\" \/>\n\t\t<meta name=\"twitter:label2\" content=\"Est. reading time\" \/>\n\t\t<meta name=\"twitter:data2\" content=\"2 minutes\" \/>\n\t\t<script type=\"application\/ld+json\" class=\"aioseo-schema\">\n\t\t\t{\"@context\":\"https:\\\/\\\/schema.org\",\"@graph\":[{\"@type\":\"Article\",\"@id\":\"https:\\\/\\\/allasorias.hu\\\/hirek\\\/tovabb-melyult-a-munkanelkuliseg-okozta-valsag\\\/#article\",\"name\":\"Tov\\u00e1bb m\\u00e9ly\\u00fclt a munkan\\u00e9lk\\u00fclis\\u00e9g okozta v\\u00e1ls\\u00e1g | AllasOrias.hu | H\\u00edrek-lapszemle\",\"headline\":\"Tov\\u00e1bb m\\u00e9ly\\u00fclt a munkan\\u00e9lk\\u00fclis\\u00e9g okozta v\\u00e1ls\\u00e1g\",\"author\":{\"@id\":\"https:\\\/\\\/allasorias.hu\\\/hirek\\\/author\\\/admin-allasorias\\\/#author\"},\"publisher\":{\"@id\":\"https:\\\/\\\/allasorias.hu\\\/hirek\\\/#organization\"},\"image\":{\"@type\":\"ImageObject\",\"url\":\"https:\\\/\\\/allasorias.hu\\\/hirek\\\/wp-content\\\/uploads\\\/2018\\\/12\\\/pedestrians-1209316_640.jpg\",\"width\":640,\"height\":426},\"datePublished\":\"2020-05-12T09:57:40+02:00\",\"dateModified\":\"2020-05-12T09:57:40+02:00\",\"inLanguage\":\"hu-HU\",\"mainEntityOfPage\":{\"@id\":\"https:\\\/\\\/allasorias.hu\\\/hirek\\\/tovabb-melyult-a-munkanelkuliseg-okozta-valsag\\\/#webpage\"},\"isPartOf\":{\"@id\":\"https:\\\/\\\/allasorias.hu\\\/hirek\\\/tovabb-melyult-a-munkanelkuliseg-okozta-valsag\\\/#webpage\"},\"articleSection\":\"\\u00c1ll\\u00e1skeres\\u00e9s, Munkaer\\u0151piac\"},{\"@type\":\"BreadcrumbList\",\"@id\":\"https:\\\/\\\/allasorias.hu\\\/hirek\\\/tovabb-melyult-a-munkanelkuliseg-okozta-valsag\\\/#breadcrumblist\",\"itemListElement\":[{\"@type\":\"ListItem\",\"@id\":\"https:\\\/\\\/allasorias.hu\\\/hirek#listItem\",\"position\":1,\"name\":\"Home\",\"item\":\"https:\\\/\\\/allasorias.hu\\\/hirek\",\"nextItem\":{\"@type\":\"ListItem\",\"@id\":\"https:\\\/\\\/allasorias.hu\\\/hirek\\\/temak\\\/allaskereses\\\/#listItem\",\"name\":\"\\u00c1ll\\u00e1skeres\\u00e9s\"}},{\"@type\":\"ListItem\",\"@id\":\"https:\\\/\\\/allasorias.hu\\\/hirek\\\/temak\\\/allaskereses\\\/#listItem\",\"position\":2,\"name\":\"\\u00c1ll\\u00e1skeres\\u00e9s\",\"item\":\"https:\\\/\\\/allasorias.hu\\\/hirek\\\/temak\\\/allaskereses\\\/\",\"nextItem\":{\"@type\":\"ListItem\",\"@id\":\"https:\\\/\\\/allasorias.hu\\\/hirek\\\/tovabb-melyult-a-munkanelkuliseg-okozta-valsag\\\/#listItem\",\"name\":\"Tov\\u00e1bb m\\u00e9ly\\u00fclt a munkan\\u00e9lk\\u00fclis\\u00e9g okozta v\\u00e1ls\\u00e1g\"},\"previousItem\":{\"@type\":\"ListItem\",\"@id\":\"https:\\\/\\\/allasorias.hu\\\/hirek#listItem\",\"name\":\"Home\"}},{\"@type\":\"ListItem\",\"@id\":\"https:\\\/\\\/allasorias.hu\\\/hirek\\\/tovabb-melyult-a-munkanelkuliseg-okozta-valsag\\\/#listItem\",\"position\":3,\"name\":\"Tov\\u00e1bb m\\u00e9ly\\u00fclt a munkan\\u00e9lk\\u00fclis\\u00e9g okozta v\\u00e1ls\\u00e1g\",\"previousItem\":{\"@type\":\"ListItem\",\"@id\":\"https:\\\/\\\/allasorias.hu\\\/hirek\\\/temak\\\/allaskereses\\\/#listItem\",\"name\":\"\\u00c1ll\\u00e1skeres\\u00e9s\"}}]},{\"@type\":\"Organization\",\"@id\":\"https:\\\/\\\/allasorias.hu\\\/hirek\\\/#organization\",\"name\":\"AllasOrias.hu | H\\u00edrek-lapszemle\",\"description\":\"\\u00dczleti h\\u00edrek az \\u00e1ll\\u00e1s \\u00e9s a munka vil\\u00e1g\\u00e1b\\u00f3l\",\"url\":\"https:\\\/\\\/allasorias.hu\\\/hirek\\\/\",\"logo\":{\"@type\":\"ImageObject\",\"url\":\"https:\\\/\\\/allasorias.hu\\\/hirek\\\/wp-content\\\/uploads\\\/2022\\\/10\\\/allasorias_site_facebok_logo.png\",\"@id\":\"https:\\\/\\\/allasorias.hu\\\/hirek\\\/tovabb-melyult-a-munkanelkuliseg-okozta-valsag\\\/#organizationLogo\"},\"image\":{\"@id\":\"https:\\\/\\\/allasorias.hu\\\/hirek\\\/tovabb-melyult-a-munkanelkuliseg-okozta-valsag\\\/#organizationLogo\"},\"sameAs\":[\"https:\\\/\\\/www.facebook.com\\\/allasorias\",\"https:\\\/\\\/www.linkedin.com\\\/company\\\/allasorias\"]},{\"@type\":\"Person\",\"@id\":\"https:\\\/\\\/allasorias.hu\\\/hirek\\\/author\\\/admin-allasorias\\\/#author\",\"url\":\"https:\\\/\\\/allasorias.hu\\\/hirek\\\/author\\\/admin-allasorias\\\/\",\"name\":\"Juh\\u00e1sz P\\u00e9ter\",\"image\":{\"@type\":\"ImageObject\",\"@id\":\"https:\\\/\\\/allasorias.hu\\\/hirek\\\/tovabb-melyult-a-munkanelkuliseg-okozta-valsag\\\/#authorImage\",\"url\":\"https:\\\/\\\/secure.gravatar.com\\\/avatar\\\/36e6bcb83148978b992977cb0f54d22feb0cce8a0a849a9410532bb2623ba4c6?s=96&d=mm&r=g\",\"width\":96,\"height\":96,\"caption\":\"Juh\\u00e1sz P\\u00e9ter\"}},{\"@type\":\"WebPage\",\"@id\":\"https:\\\/\\\/allasorias.hu\\\/hirek\\\/tovabb-melyult-a-munkanelkuliseg-okozta-valsag\\\/#webpage\",\"url\":\"https:\\\/\\\/allasorias.hu\\\/hirek\\\/tovabb-melyult-a-munkanelkuliseg-okozta-valsag\\\/\",\"name\":\"Tov\\u00e1bb m\\u00e9ly\\u00fclt a munkan\\u00e9lk\\u00fclis\\u00e9g okozta v\\u00e1ls\\u00e1g | AllasOrias.hu | H\\u00edrek-lapszemle\",\"description\":\"H\\u00e1rom megy\\u00e9ben k\\u00fcl\\u00f6n\\u00f6sen rossz a helyzet a foglalkoztatotts\\u00e1got illet\\u0151en. M\\u00e1rciusban tov\\u00e1bb b\\u0151v\\u00fclt a v\\u00e1ls\\u00e1g. Legt\\u00f6bben Szabolcs-Szatm\\u00e1r-Bereg megy\\u00e9ben vesz\\u00edtett\\u00e9k el az \\u00e1ll\\u00e1sukat. A regisztr\\u00e1lt \\u00e1ll\\u00e1skeres\\u0151k sz\\u00e1ma egy h\\u00f3nap alatt mintegy 17 ezer f\\u0151vel 281 ezerre emelkedett m\\u00e1rciusban, ami az akkori munkaer\\u0151piaci h\\u00edrek f\\u00fcggv\\u00e9ny\\u00e9ben meglep\\u0151en alacsony n\\u00f6veked\\u00e9s volt. A legt\\u00f6bb regisztr\\u00e1lt \\u00e1ll\\u00e1skeres\\u0151 m\\u00e1rciusban Borsod-Aba\\u00faj-Zempl\\u00e9n megy\\u00e9ben volt, 39\",\"inLanguage\":\"hu-HU\",\"isPartOf\":{\"@id\":\"https:\\\/\\\/allasorias.hu\\\/hirek\\\/#website\"},\"breadcrumb\":{\"@id\":\"https:\\\/\\\/allasorias.hu\\\/hirek\\\/tovabb-melyult-a-munkanelkuliseg-okozta-valsag\\\/#breadcrumblist\"},\"author\":{\"@id\":\"https:\\\/\\\/allasorias.hu\\\/hirek\\\/author\\\/admin-allasorias\\\/#author\"},\"creator\":{\"@id\":\"https:\\\/\\\/allasorias.hu\\\/hirek\\\/author\\\/admin-allasorias\\\/#author\"},\"image\":{\"@type\":\"ImageObject\",\"url\":\"https:\\\/\\\/allasorias.hu\\\/hirek\\\/wp-content\\\/uploads\\\/2018\\\/12\\\/pedestrians-1209316_640.jpg\",\"@id\":\"https:\\\/\\\/allasorias.hu\\\/hirek\\\/tovabb-melyult-a-munkanelkuliseg-okozta-valsag\\\/#mainImage\",\"width\":640,\"height\":426},\"primaryImageOfPage\":{\"@id\":\"https:\\\/\\\/allasorias.hu\\\/hirek\\\/tovabb-melyult-a-munkanelkuliseg-okozta-valsag\\\/#mainImage\"},\"datePublished\":\"2020-05-12T09:57:40+02:00\",\"dateModified\":\"2020-05-12T09:57:40+02:00\"},{\"@type\":\"WebSite\",\"@id\":\"https:\\\/\\\/allasorias.hu\\\/hirek\\\/#website\",\"url\":\"https:\\\/\\\/allasorias.hu\\\/hirek\\\/\",\"name\":\"AllasOrias.hu | H\\u00edrek-lapszemle\",\"description\":\"\\u00dczleti h\\u00edrek az \\u00e1ll\\u00e1s \\u00e9s a munka vil\\u00e1g\\u00e1b\\u00f3l\",\"inLanguage\":\"hu-HU\",\"publisher\":{\"@id\":\"https:\\\/\\\/allasorias.hu\\\/hirek\\\/#organization\"}}]}\n\t\t<\/script>\n\t\t<!-- All in One SEO -->\n\n","aioseo_head_json":{"title":"Tov\u00e1bb m\u00e9ly\u00fclt a munkan\u00e9lk\u00fclis\u00e9g okozta v\u00e1ls\u00e1g | AllasOrias.hu | H\u00edrek-lapszemle","description":"H\u00e1rom megy\u00e9ben k\u00fcl\u00f6n\u00f6sen rossz a helyzet a foglalkoztatotts\u00e1got illet\u0151en. M\u00e1rciusban tov\u00e1bb b\u0151v\u00fclt a v\u00e1ls\u00e1g. Legt\u00f6bben Szabolcs-Szatm\u00e1r-Bereg megy\u00e9ben vesz\u00edtett\u00e9k el az \u00e1ll\u00e1sukat. A regisztr\u00e1lt \u00e1ll\u00e1skeres\u0151k sz\u00e1ma egy h\u00f3nap alatt mintegy 17 ezer f\u0151vel 281 ezerre emelkedett m\u00e1rciusban, ami az akkori munkaer\u0151piaci h\u00edrek f\u00fcggv\u00e9ny\u00e9ben meglep\u0151en alacsony n\u00f6veked\u00e9s volt. A legt\u00f6bb regisztr\u00e1lt \u00e1ll\u00e1skeres\u0151 m\u00e1rciusban Borsod-Aba\u00faj-Zempl\u00e9n megy\u00e9ben volt, 39","canonical_url":"https:\/\/allasorias.hu\/hirek\/tovabb-melyult-a-munkanelkuliseg-okozta-valsag\/","robots":"max-image-preview:large","keywords":"","webmasterTools":{"miscellaneous":""},"schema":{"@context":"https:\/\/schema.org","@graph":[{"@type":"Article","@id":"https:\/\/allasorias.hu\/hirek\/tovabb-melyult-a-munkanelkuliseg-okozta-valsag\/#article","name":"Tov\u00e1bb m\u00e9ly\u00fclt a munkan\u00e9lk\u00fclis\u00e9g okozta v\u00e1ls\u00e1g | AllasOrias.hu | H\u00edrek-lapszemle","headline":"Tov\u00e1bb m\u00e9ly\u00fclt a munkan\u00e9lk\u00fclis\u00e9g okozta v\u00e1ls\u00e1g","author":{"@id":"https:\/\/allasorias.hu\/hirek\/author\/admin-allasorias\/#author"},"publisher":{"@id":"https:\/\/allasorias.hu\/hirek\/#organization"},"image":{"@type":"ImageObject","url":"https:\/\/allasorias.hu\/hirek\/wp-content\/uploads\/2018\/12\/pedestrians-1209316_640.jpg","width":640,"height":426},"datePublished":"2020-05-12T09:57:40+02:00","dateModified":"2020-05-12T09:57:40+02:00","inLanguage":"hu-HU","mainEntityOfPage":{"@id":"https:\/\/allasorias.hu\/hirek\/tovabb-melyult-a-munkanelkuliseg-okozta-valsag\/#webpage"},"isPartOf":{"@id":"https:\/\/allasorias.hu\/hirek\/tovabb-melyult-a-munkanelkuliseg-okozta-valsag\/#webpage"},"articleSection":"\u00c1ll\u00e1skeres\u00e9s, Munkaer\u0151piac"},{"@type":"BreadcrumbList","@id":"https:\/\/allasorias.hu\/hirek\/tovabb-melyult-a-munkanelkuliseg-okozta-valsag\/#breadcrumblist","itemListElement":[{"@type":"ListItem","@id":"https:\/\/allasorias.hu\/hirek#listItem","position":1,"name":"Home","item":"https:\/\/allasorias.hu\/hirek","nextItem":{"@type":"ListItem","@id":"https:\/\/allasorias.hu\/hirek\/temak\/allaskereses\/#listItem","name":"\u00c1ll\u00e1skeres\u00e9s"}},{"@type":"ListItem","@id":"https:\/\/allasorias.hu\/hirek\/temak\/allaskereses\/#listItem","position":2,"name":"\u00c1ll\u00e1skeres\u00e9s","item":"https:\/\/allasorias.hu\/hirek\/temak\/allaskereses\/","nextItem":{"@type":"ListItem","@id":"https:\/\/allasorias.hu\/hirek\/tovabb-melyult-a-munkanelkuliseg-okozta-valsag\/#listItem","name":"Tov\u00e1bb m\u00e9ly\u00fclt a munkan\u00e9lk\u00fclis\u00e9g okozta v\u00e1ls\u00e1g"},"previousItem":{"@type":"ListItem","@id":"https:\/\/allasorias.hu\/hirek#listItem","name":"Home"}},{"@type":"ListItem","@id":"https:\/\/allasorias.hu\/hirek\/tovabb-melyult-a-munkanelkuliseg-okozta-valsag\/#listItem","position":3,"name":"Tov\u00e1bb m\u00e9ly\u00fclt a munkan\u00e9lk\u00fclis\u00e9g okozta v\u00e1ls\u00e1g","previousItem":{"@type":"ListItem","@id":"https:\/\/allasorias.hu\/hirek\/temak\/allaskereses\/#listItem","name":"\u00c1ll\u00e1skeres\u00e9s"}}]},{"@type":"Organization","@id":"https:\/\/allasorias.hu\/hirek\/#organization","name":"AllasOrias.hu | H\u00edrek-lapszemle","description":"\u00dczleti h\u00edrek az \u00e1ll\u00e1s \u00e9s a munka vil\u00e1g\u00e1b\u00f3l","url":"https:\/\/allasorias.hu\/hirek\/","logo":{"@type":"ImageObject","url":"https:\/\/allasorias.hu\/hirek\/wp-content\/uploads\/2022\/10\/allasorias_site_facebok_logo.png","@id":"https:\/\/allasorias.hu\/hirek\/tovabb-melyult-a-munkanelkuliseg-okozta-valsag\/#organizationLogo"},"image":{"@id":"https:\/\/allasorias.hu\/hirek\/tovabb-melyult-a-munkanelkuliseg-okozta-valsag\/#organizationLogo"},"sameAs":["https:\/\/www.facebook.com\/allasorias","https:\/\/www.linkedin.com\/company\/allasorias"]},{"@type":"Person","@id":"https:\/\/allasorias.hu\/hirek\/author\/admin-allasorias\/#author","url":"https:\/\/allasorias.hu\/hirek\/author\/admin-allasorias\/","name":"Juh\u00e1sz P\u00e9ter","image":{"@type":"ImageObject","@id":"https:\/\/allasorias.hu\/hirek\/tovabb-melyult-a-munkanelkuliseg-okozta-valsag\/#authorImage","url":"https:\/\/secure.gravatar.com\/avatar\/36e6bcb83148978b992977cb0f54d22feb0cce8a0a849a9410532bb2623ba4c6?s=96&d=mm&r=g","width":96,"height":96,"caption":"Juh\u00e1sz P\u00e9ter"}},{"@type":"WebPage","@id":"https:\/\/allasorias.hu\/hirek\/tovabb-melyult-a-munkanelkuliseg-okozta-valsag\/#webpage","url":"https:\/\/allasorias.hu\/hirek\/tovabb-melyult-a-munkanelkuliseg-okozta-valsag\/","name":"Tov\u00e1bb m\u00e9ly\u00fclt a munkan\u00e9lk\u00fclis\u00e9g okozta v\u00e1ls\u00e1g | AllasOrias.hu | H\u00edrek-lapszemle","description":"H\u00e1rom megy\u00e9ben k\u00fcl\u00f6n\u00f6sen rossz a helyzet a foglalkoztatotts\u00e1got illet\u0151en. M\u00e1rciusban tov\u00e1bb b\u0151v\u00fclt a v\u00e1ls\u00e1g. Legt\u00f6bben Szabolcs-Szatm\u00e1r-Bereg megy\u00e9ben vesz\u00edtett\u00e9k el az \u00e1ll\u00e1sukat. A regisztr\u00e1lt \u00e1ll\u00e1skeres\u0151k sz\u00e1ma egy h\u00f3nap alatt mintegy 17 ezer f\u0151vel 281 ezerre emelkedett m\u00e1rciusban, ami az akkori munkaer\u0151piaci h\u00edrek f\u00fcggv\u00e9ny\u00e9ben meglep\u0151en alacsony n\u00f6veked\u00e9s volt. A legt\u00f6bb regisztr\u00e1lt \u00e1ll\u00e1skeres\u0151 m\u00e1rciusban Borsod-Aba\u00faj-Zempl\u00e9n megy\u00e9ben volt, 39","inLanguage":"hu-HU","isPartOf":{"@id":"https:\/\/allasorias.hu\/hirek\/#website"},"breadcrumb":{"@id":"https:\/\/allasorias.hu\/hirek\/tovabb-melyult-a-munkanelkuliseg-okozta-valsag\/#breadcrumblist"},"author":{"@id":"https:\/\/allasorias.hu\/hirek\/author\/admin-allasorias\/#author"},"creator":{"@id":"https:\/\/allasorias.hu\/hirek\/author\/admin-allasorias\/#author"},"image":{"@type":"ImageObject","url":"https:\/\/allasorias.hu\/hirek\/wp-content\/uploads\/2018\/12\/pedestrians-1209316_640.jpg","@id":"https:\/\/allasorias.hu\/hirek\/tovabb-melyult-a-munkanelkuliseg-okozta-valsag\/#mainImage","width":640,"height":426},"primaryImageOfPage":{"@id":"https:\/\/allasorias.hu\/hirek\/tovabb-melyult-a-munkanelkuliseg-okozta-valsag\/#mainImage"},"datePublished":"2020-05-12T09:57:40+02:00","dateModified":"2020-05-12T09:57:40+02:00"},{"@type":"WebSite","@id":"https:\/\/allasorias.hu\/hirek\/#website","url":"https:\/\/allasorias.hu\/hirek\/","name":"AllasOrias.hu | H\u00edrek-lapszemle","description":"\u00dczleti h\u00edrek az \u00e1ll\u00e1s \u00e9s a munka vil\u00e1g\u00e1b\u00f3l","inLanguage":"hu-HU","publisher":{"@id":"https:\/\/allasorias.hu\/hirek\/#organization"}}]},"og:locale":"hu_HU","og:site_name":"AllasOrias.hu | H\u00edrek-lapszemle | \u00dczleti h\u00edrek az \u00e1ll\u00e1s \u00e9s a munka vil\u00e1g\u00e1b\u00f3l","og:type":"article","og:title":"Tov\u00e1bb m\u00e9ly\u00fclt a munkan\u00e9lk\u00fclis\u00e9g okozta v\u00e1ls\u00e1g | AllasOrias.hu | H\u00edrek-lapszemle","og:description":"H\u00e1rom megy\u00e9ben k\u00fcl\u00f6n\u00f6sen rossz a helyzet a foglalkoztatotts\u00e1got illet\u0151en. M\u00e1rciusban tov\u00e1bb b\u0151v\u00fclt a v\u00e1ls\u00e1g. Legt\u00f6bben Szabolcs-Szatm\u00e1r-Bereg megy\u00e9ben vesz\u00edtett\u00e9k el az \u00e1ll\u00e1sukat. A regisztr\u00e1lt \u00e1ll\u00e1skeres\u0151k sz\u00e1ma egy h\u00f3nap alatt mintegy 17 ezer f\u0151vel 281 ezerre emelkedett m\u00e1rciusban, ami az akkori munkaer\u0151piaci h\u00edrek f\u00fcggv\u00e9ny\u00e9ben meglep\u0151en alacsony n\u00f6veked\u00e9s volt. A legt\u00f6bb regisztr\u00e1lt \u00e1ll\u00e1skeres\u0151 m\u00e1rciusban Borsod-Aba\u00faj-Zempl\u00e9n megy\u00e9ben volt, 39","og:url":"https:\/\/allasorias.hu\/hirek\/tovabb-melyult-a-munkanelkuliseg-okozta-valsag\/","og:image":"https:\/\/allasorias.hu\/hirek\/wp-content\/uploads\/2018\/12\/pedestrians-1209316_640.jpg","og:image:secure_url":"https:\/\/allasorias.hu\/hirek\/wp-content\/uploads\/2018\/12\/pedestrians-1209316_640.jpg","og:image:width":640,"og:image:height":426,"article:published_time":"2020-05-12T09:57:40+00:00","article:modified_time":"2020-05-12T09:57:40+00:00","article:publisher":"https:\/\/www.facebook.com\/allasorias","twitter:card":"summary_large_image","twitter:title":"Tov\u00e1bb m\u00e9ly\u00fclt a munkan\u00e9lk\u00fclis\u00e9g okozta v\u00e1ls\u00e1g | AllasOrias.hu | H\u00edrek-lapszemle","twitter:description":"H\u00e1rom megy\u00e9ben k\u00fcl\u00f6n\u00f6sen rossz a helyzet a foglalkoztatotts\u00e1got illet\u0151en. M\u00e1rciusban tov\u00e1bb b\u0151v\u00fclt a v\u00e1ls\u00e1g. Legt\u00f6bben Szabolcs-Szatm\u00e1r-Bereg megy\u00e9ben vesz\u00edtett\u00e9k el az \u00e1ll\u00e1sukat. A regisztr\u00e1lt \u00e1ll\u00e1skeres\u0151k sz\u00e1ma egy h\u00f3nap alatt mintegy 17 ezer f\u0151vel 281 ezerre emelkedett m\u00e1rciusban, ami az akkori munkaer\u0151piaci h\u00edrek f\u00fcggv\u00e9ny\u00e9ben meglep\u0151en alacsony n\u00f6veked\u00e9s volt. A legt\u00f6bb regisztr\u00e1lt \u00e1ll\u00e1skeres\u0151 m\u00e1rciusban Borsod-Aba\u00faj-Zempl\u00e9n megy\u00e9ben volt, 39","twitter:image":"https:\/\/allasorias.hu\/hirek\/wp-content\/uploads\/2018\/12\/pedestrians-1209316_640.jpg","twitter:label1":"Written by","twitter:data1":"Juh\u00e1sz P\u00e9ter","twitter:label2":"Est. reading time","twitter:data2":"2 minutes"},"aioseo_meta_data":{"post_id":"3969","title":null,"description":null,"keywords":null,"keyphrases":null,"primary_term":null,"canonical_url":null,"og_title":null,"og_description":null,"og_object_type":"default","og_image_type":"default","og_image_url":null,"og_image_width":null,"og_image_height":null,"og_image_custom_url":null,"og_image_custom_fields":null,"og_video":null,"og_custom_url":null,"og_article_section":null,"og_article_tags":null,"twitter_use_og":false,"twitter_card":"default","twitter_image_type":"default","twitter_image_url":null,"twitter_image_custom_url":null,"twitter_image_custom_fields":null,"twitter_title":null,"twitter_description":null,"schema":{"blockGraphs":[],"customGraphs":[],"default":{"data":{"Article":[],"Course":[],"Dataset":[],"FAQPage":[],"Movie":[],"Person":[],"Product":[],"ProductReview":[],"Car":[],"Recipe":[],"Service":[],"SoftwareApplication":[],"WebPage":[]},"graphName":"","isEnabled":true},"graphs":[],"defaultGraph":"","defaultPostTypeGraph":""},"schema_type":null,"schema_type_options":null,"pillar_content":false,"robots_default":true,"robots_noindex":false,"robots_noarchive":false,"robots_nosnippet":false,"robots_nofollow":false,"robots_noimageindex":false,"robots_noodp":false,"robots_notranslate":false,"robots_max_snippet":null,"robots_max_videopreview":null,"robots_max_imagepreview":"large","priority":null,"frequency":null,"location":null,"local_seo":null,"breadcrumb_settings":null,"limit_modified_date":false,"ai":null,"created":"2021-02-01 21:28:17","updated":"2025-10-02 13:50:04","seo_analyzer_scan_date":null,"focus_keyword":null,"additional_keywords":null,"truseo_locale":null},"aioseo_breadcrumb":"<div class=\"aioseo-breadcrumbs\"><span class=\"aioseo-breadcrumb\">\n\t\t\t<a href=\"https:\/\/allasorias.hu\/hirek\" title=\"Home\">Home<\/a>\n\t\t<\/span><span class=\"aioseo-breadcrumb-separator\">&raquo;<\/span><span class=\"aioseo-breadcrumb\">\n\t\t\t<a href=\"https:\/\/allasorias.hu\/hirek\/temak\/allaskereses\/\" title=\"\u00c1ll\u00e1skeres\u00e9s\">\u00c1ll\u00e1skeres\u00e9s<\/a>\n\t\t<\/span><span class=\"aioseo-breadcrumb-separator\">&raquo;<\/span><span class=\"aioseo-breadcrumb\">\n\t\t\tTov\u00e1bb m\u00e9ly\u00fclt a munkan\u00e9lk\u00fclis\u00e9g okozta v\u00e1ls\u00e1g\n\t\t<\/span><\/div>","aioseo_breadcrumb_json":[{"label":"Home","link":"https:\/\/allasorias.hu\/hirek"},{"label":"\u00c1ll\u00e1skeres\u00e9s","link":"https:\/\/allasorias.hu\/hirek\/temak\/allaskereses\/"},{"label":"Tov\u00e1bb m\u00e9ly\u00fclt a munkan\u00e9lk\u00fclis\u00e9g okozta v\u00e1ls\u00e1g","link":"https:\/\/allasorias.hu\/hirek\/tovabb-melyult-a-munkanelkuliseg-okozta-valsag\/"}],"_links":{"self":[{"href":"https:\/\/allasorias.hu\/hirek\/wp-json\/wp\/v2\/posts\/3969","targetHints":{"allow":["GET"]}}],"collection":[{"href":"https:\/\/allasorias.hu\/hirek\/wp-json\/wp\/v2\/posts"}],"about":[{"href":"https:\/\/allasorias.hu\/hirek\/wp-json\/wp\/v2\/types\/post"}],"author":[{"embeddable":true,"href":"https:\/\/allasorias.hu\/hirek\/wp-json\/wp\/v2\/users\/1"}],"replies":[{"embeddable":true,"href":"https:\/\/allasorias.hu\/hirek\/wp-json\/wp\/v2\/comments?post=3969"}],"version-history":[{"count":1,"href":"https:\/\/allasorias.hu\/hirek\/wp-json\/wp\/v2\/posts\/3969\/revisions"}],"predecessor-version":[{"id":3970,"href":"https:\/\/allasorias.hu\/hirek\/wp-json\/wp\/v2\/posts\/3969\/revisions\/3970"}],"wp:featuredmedia":[{"embeddable":true,"href":"https:\/\/allasorias.hu\/hirek\/wp-json\/wp\/v2\/media\/2348"}],"wp:attachment":[{"href":"https:\/\/allasorias.hu\/hirek\/wp-json\/wp\/v2\/media?parent=3969"}],"wp:term":[{"taxonomy":"category","embeddable":true,"href":"https:\/\/allasorias.hu\/hirek\/wp-json\/wp\/v2\/categories?post=3969"},{"taxonomy":"post_tag","embeddable":true,"href":"https:\/\/allasorias.hu\/hirek\/wp-json\/wp\/v2\/tags?post=3969"}],"curies":[{"name":"wp","href":"https:\/\/api.w.org\/{rel}","templated":true}]}}