{"id":3955,"date":"2020-05-08T06:41:15","date_gmt":"2020-05-08T06:41:15","guid":{"rendered":"https:\/\/allasorias.hu\/hirek\/?p=3955"},"modified":"2020-05-08T06:41:15","modified_gmt":"2020-05-08T06:41:15","slug":"segito-program-allaskeresoknek","status":"publish","type":"post","link":"https:\/\/allasorias.hu\/hirek\/segito-program-allaskeresoknek\/","title":{"rendered":"Seg\u00edt\u0151 program \u00e1ll\u00e1skeres\u0151knek"},"content":{"rendered":"<p><strong>Ingyenes online szolg\u00e1ltat\u00e1st ind\u00edtott a M\u00e1ltai Szeretetszolg\u00e1lat azoknak, akiknek es\u00e9ly\u00fck sincs\u00a0 jelentkezni a munkaer\u0151piac hirdet\u00e9seire. Kov\u00e1cs G\u00e1bor, a M\u00e1ltai Szeretetszolg\u00e1lat foglalkoztat\u00e1si programjainak vezet\u0151je elmondta: a munkaer\u0151piacon nehezen \u00e9rv\u00e9nyes\u00fcl\u0151, h\u00e1tr\u00e1nyos helyzet\u0171, vagy ment\u00e1lis probl\u00e9m\u00e1kkal k\u00fczd\u0151 \u00e1ll\u00e1skeres\u0151knek ind\u00edtott szem\u00e9lyre sz\u00f3l\u00f3 seg\u00edts\u00e9get ny\u00fajt\u00f3 programot ind\u00edtottak m\u00e1jus elej\u00e9n. <\/strong><\/p>\n<p>M\u00e1s seg\u00edt\u0151 szervezetekkel \u00e9s nagy l\u00e1togatotts\u00e1g\u00fa \u00e1ll\u00e1skeres\u0151 port\u00e1lokkal m\u0171k\u00f6dnek egy\u00fctt, hogy eredm\u00e9nyes legyen a seg\u00edts\u00e9gny\u00fajt\u00e1s. A koronav\u00edrus j\u00e1rv\u00e1ny miatt a program t\u00e1vkapcsolatban m\u0171k\u00f6dik, a tan\u00e1csad\u00e1s online zajlik, de egy\u00e9nre szabott m\u00f3don. A szolg\u00e1ltat\u00e1s t\u00f6bbszint\u0171, diszp\u00e9cserek, mentorok \u00e9s k\u00fcl\u00f6nb\u00f6z\u0151 szak\u00e9rt\u0151k is r\u00e9szt vesznek a programban.A M\u00e1ltai Szeretetszolg\u00e1lat k\u00fcl\u00f6nb\u00f6z\u0151 foglalkoztat\u00e1si programjai \u00e9vtizedek \u00f3ta seg\u00edtik a fogyat\u00e9kkal \u00e9l\u0151, hajl\u00e9ktalan, vagy kirekesztett csoportokhoz tartoz\u00f3 emberek elhelyezked\u00e9s\u00e9t. A t\u00e1mogatottak k\u00f6re n\u00e9gy \u00e9ve kib\u0151v\u00fclt azokkal a t\u00e1rsadalmi csoportokkal, melyek tagjai \u00f6ner\u0151b\u0151l csak ritk\u00e1n \u00e9s nehezen jutnak t\u00fal a munk\u00e1ltat\u00f3k kiv\u00e1laszt\u00e1si folyamatain, \u00edgy az alacsony iskol\u00e1zotts\u00e1g\u00fa emberek, az egyed\u00fcl maradt sz\u00fcl\u0151k, vagy ak\u00e1r a koruk miatt mell\u0151z\u00f6tt \u00e1ll\u00e1skeres\u0151k is seg\u00edts\u00e9get kapnak. Az elm\u00falt id\u0151szakban ezer\u00f6tsz\u00e1z ember tal\u00e1lt munkahelyet a Szeretetszolg\u00e1lat k\u00f6zrem\u0171k\u00f6d\u00e9s\u00e9vel. A karitat\u00edv szervezet m\u00e1jus elej\u00e9n ind\u00edtotta el \u00faj szolg\u00e1ltat\u00e1s\u00e1t, amelynek els\u0151dleges c\u00e9lja, hogy a jelentkez\u0151ket k\u00e9pess\u00e9 tegye \u00f6n\u00e1ll\u00f3an is munk\u00e1t keresni \u00e9s tal\u00e1lni. A r\u00e9sztvev\u0151k a seg\u00edt\u0151kkel k\u00f6z\u00f6sen felm\u00e9rik az illet\u0151 lehet\u0151s\u00e9geit, kider\u00edtik, milyen hib\u00e1kat v\u00e9tett kor\u00e1bban az \u00e1ll\u00e1skeres\u00e9s sor\u00e1n, azokat k\u00f6z\u00f6sen kijav\u00edtj\u00e1k, \u00e9s egy\u00fctt \u00faj lehet\u0151s\u00e9geket keresnek. A mentorok a helyzet felt\u00e1r\u00e1sa mellett az \u00e1ll\u00e1skeres\u00e9shez sz\u00fcks\u00e9ges \u00f6n\u00e9letrajzok, motiv\u00e1ci\u00f3s levelek elk\u00e9sz\u00edt\u00e9s\u00e9hez is seg\u00edts\u00e9get adnak, felk\u00e9sz\u00edtik a jelentkez\u0151ket az \u00e1ll\u00e1sinterj\u00fakra, indokolt esetben pszichol\u00f3gushoz, HR-tan\u00e1csad\u00f3hoz, vagy m\u00e1s szak\u00e9rt\u0151h\u00f6z ir\u00e1ny\u00edtj\u00e1k. A seg\u00edts\u00e9gny\u00fajt\u00e1s telefonon, e-mailen, \u00e9s vide\u00f3kapcsolaton zajlik. A programban r\u00e9szt vesznek az Incorpora h\u00e1l\u00f3zat koordin\u00e1torai is, a CV-Online port\u00e1l pedig szakmai seg\u00edts\u00e9get, \u00edgy online vide\u00f3interj\u00fa felk\u00e9sz\u00edt\u0151 foglalkoz\u00e1sokat aj\u00e1nlott. A seg\u00edt\u0151 programba a munk\u00e1ltat\u00f3k is bekapcsol\u00f3dhatnak, a M\u00e1ltai Szeretetszolg\u00e1lat rem\u00e9nyei szerint sokan lesznek, akik a jelentkez\u0151k neh\u00e9zs\u00e9gei mellett az \u00e9rintettek k\u00e9pess\u00e9geit \u00e9s lehet\u0151s\u00e9geit is figyelembe veszik. Az \u00e1ll\u00e1skeres\u0151k \u00e9s a munk\u00e1ltat\u00f3k egyar\u00e1nt a www.mukatanacsadas.maltai.hu oldalon jelentkezhetnek egy k\u00e9rd\u0151\u00edv kit\u00f6lt\u00e9s\u00e9vel, majd a Szeretetszolg\u00e1lat munkat\u00e1rsai felveszik vel\u00fck a kapcsolatot.<\/p>\n<p>Forr\u00e1s: infostart.hu<\/p>\n","protected":false},"excerpt":{"rendered":"<p>Ingyenes online szolg\u00e1ltat\u00e1st ind\u00edtott a M\u00e1ltai Szeretetszolg\u00e1lat azoknak, akiknek es\u00e9ly\u00fck sincs\u00a0 jelentkezni a munkaer\u0151piac hirdet\u00e9seire. Kov\u00e1cs G\u00e1bor, a M\u00e1ltai Szeretetszolg\u00e1lat foglalkoztat\u00e1si programjainak vezet\u0151je elmondta: a munkaer\u0151piacon nehezen \u00e9rv\u00e9nyes\u00fcl\u0151, h\u00e1tr\u00e1nyos helyzet\u0171, vagy ment\u00e1lis probl\u00e9m\u00e1kkal k\u00fczd\u0151 \u00e1ll\u00e1skeres\u0151knek ind\u00edtott szem\u00e9lyre sz\u00f3l\u00f3 seg\u00edts\u00e9get ny\u00fajt\u00f3 programot ind\u00edtottak m\u00e1jus elej\u00e9n. M\u00e1s seg\u00edt\u0151 szervezetekkel \u00e9s nagy l\u00e1togatotts\u00e1g\u00fa \u00e1ll\u00e1skeres\u0151 port\u00e1lokkal m\u0171k\u00f6dnek egy\u00fctt, hogy [&hellip;]<\/p>\n","protected":false},"author":1,"featured_media":3956,"comment_status":"open","ping_status":"open","sticky":false,"template":"","format":"standard","meta":{"_monsterinsights_skip_tracking":false,"footnotes":""},"categories":[1,200],"tags":[],"class_list":["post-3955","post","type-post","status-publish","format-standard","has-post-thumbnail","hentry","category-allaskereses","category-munkaeropiac"],"aioseo_notices":[],"aioseo_head":"\n\t\t<!-- All in One SEO 5.0.0.1 - aioseo.com -->\n\t<meta name=\"description\" content=\"Ingyenes online szolg\u00e1ltat\u00e1st ind\u00edtott a M\u00e1ltai Szeretetszolg\u00e1lat azoknak, akiknek es\u00e9ly\u00fck sincs jelentkezni a munkaer\u0151piac hirdet\u00e9seire. Kov\u00e1cs G\u00e1bor, a M\u00e1ltai Szeretetszolg\u00e1lat foglalkoztat\u00e1si programjainak vezet\u0151je elmondta: a munkaer\u0151piacon nehezen \u00e9rv\u00e9nyes\u00fcl\u0151, h\u00e1tr\u00e1nyos helyzet\u0171, vagy ment\u00e1lis probl\u00e9m\u00e1kkal k\u00fczd\u0151 \u00e1ll\u00e1skeres\u0151knek ind\u00edtott szem\u00e9lyre sz\u00f3l\u00f3 seg\u00edts\u00e9get ny\u00fajt\u00f3 programot ind\u00edtottak m\u00e1jus elej\u00e9n. M\u00e1s seg\u00edt\u0151 szervezetekkel \u00e9s nagy l\u00e1togatotts\u00e1g\u00fa \u00e1ll\u00e1skeres\u0151 port\u00e1lokkal m\u0171k\u00f6dnek egy\u00fctt, hogy\" \/>\n\t<meta name=\"robots\" content=\"max-image-preview:large\" \/>\n\t<meta name=\"author\" content=\"Juh\u00e1sz P\u00e9ter\"\/>\n\t<link rel=\"canonical\" href=\"https:\/\/allasorias.hu\/hirek\/segito-program-allaskeresoknek\/\" \/>\n\t<meta name=\"generator\" content=\"All in One SEO (AIOSEO) 5.0.0.1\" \/>\n\t\t<meta property=\"og:locale\" content=\"hu_HU\" \/>\n\t\t<meta property=\"og:site_name\" content=\"AllasOrias.hu | H\u00edrek-lapszemle | \u00dczleti h\u00edrek az \u00e1ll\u00e1s \u00e9s a munka vil\u00e1g\u00e1b\u00f3l\" \/>\n\t\t<meta property=\"og:type\" content=\"article\" \/>\n\t\t<meta property=\"og:title\" content=\"Seg\u00edt\u0151 program \u00e1ll\u00e1skeres\u0151knek | AllasOrias.hu | H\u00edrek-lapszemle\" \/>\n\t\t<meta property=\"og:description\" content=\"Ingyenes online szolg\u00e1ltat\u00e1st ind\u00edtott a M\u00e1ltai Szeretetszolg\u00e1lat azoknak, akiknek es\u00e9ly\u00fck sincs jelentkezni a munkaer\u0151piac hirdet\u00e9seire. Kov\u00e1cs G\u00e1bor, a M\u00e1ltai Szeretetszolg\u00e1lat foglalkoztat\u00e1si programjainak vezet\u0151je elmondta: a munkaer\u0151piacon nehezen \u00e9rv\u00e9nyes\u00fcl\u0151, h\u00e1tr\u00e1nyos helyzet\u0171, vagy ment\u00e1lis probl\u00e9m\u00e1kkal k\u00fczd\u0151 \u00e1ll\u00e1skeres\u0151knek ind\u00edtott szem\u00e9lyre sz\u00f3l\u00f3 seg\u00edts\u00e9get ny\u00fajt\u00f3 programot ind\u00edtottak m\u00e1jus elej\u00e9n. M\u00e1s seg\u00edt\u0151 szervezetekkel \u00e9s nagy l\u00e1togatotts\u00e1g\u00fa \u00e1ll\u00e1skeres\u0151 port\u00e1lokkal m\u0171k\u00f6dnek egy\u00fctt, hogy\" \/>\n\t\t<meta property=\"og:url\" content=\"https:\/\/allasorias.hu\/hirek\/segito-program-allaskeresoknek\/\" \/>\n\t\t<meta property=\"og:image\" content=\"https:\/\/allasorias.hu\/hirek\/wp-content\/uploads\/2020\/05\/m\u00e1ltai-szeretetszolg\u00e1lat.jpg\" \/>\n\t\t<meta property=\"og:image:secure_url\" content=\"https:\/\/allasorias.hu\/hirek\/wp-content\/uploads\/2020\/05\/m\u00e1ltai-szeretetszolg\u00e1lat.jpg\" \/>\n\t\t<meta property=\"og:image:width\" content=\"499\" \/>\n\t\t<meta property=\"og:image:height\" content=\"279\" \/>\n\t\t<meta property=\"article:published_time\" content=\"2020-05-08T06:41:15+00:00\" \/>\n\t\t<meta property=\"article:modified_time\" content=\"2020-05-08T06:41:15+00:00\" \/>\n\t\t<meta property=\"article:publisher\" content=\"https:\/\/www.facebook.com\/allasorias\" \/>\n\t\t<meta name=\"twitter:card\" content=\"summary_large_image\" \/>\n\t\t<meta name=\"twitter:title\" content=\"Seg\u00edt\u0151 program \u00e1ll\u00e1skeres\u0151knek | AllasOrias.hu | H\u00edrek-lapszemle\" \/>\n\t\t<meta name=\"twitter:description\" content=\"Ingyenes online szolg\u00e1ltat\u00e1st ind\u00edtott a M\u00e1ltai Szeretetszolg\u00e1lat azoknak, akiknek es\u00e9ly\u00fck sincs jelentkezni a munkaer\u0151piac hirdet\u00e9seire. Kov\u00e1cs G\u00e1bor, a M\u00e1ltai Szeretetszolg\u00e1lat foglalkoztat\u00e1si programjainak vezet\u0151je elmondta: a munkaer\u0151piacon nehezen \u00e9rv\u00e9nyes\u00fcl\u0151, h\u00e1tr\u00e1nyos helyzet\u0171, vagy ment\u00e1lis probl\u00e9m\u00e1kkal k\u00fczd\u0151 \u00e1ll\u00e1skeres\u0151knek ind\u00edtott szem\u00e9lyre sz\u00f3l\u00f3 seg\u00edts\u00e9get ny\u00fajt\u00f3 programot ind\u00edtottak m\u00e1jus elej\u00e9n. M\u00e1s seg\u00edt\u0151 szervezetekkel \u00e9s nagy l\u00e1togatotts\u00e1g\u00fa \u00e1ll\u00e1skeres\u0151 port\u00e1lokkal m\u0171k\u00f6dnek egy\u00fctt, hogy\" \/>\n\t\t<meta name=\"twitter:image\" content=\"https:\/\/allasorias.hu\/hirek\/wp-content\/uploads\/2020\/05\/m\u00e1ltai-szeretetszolg\u00e1lat.jpg\" \/>\n\t\t<meta name=\"twitter:label1\" content=\"Written by\" \/>\n\t\t<meta name=\"twitter:data1\" content=\"Juh\u00e1sz P\u00e9ter\" \/>\n\t\t<meta name=\"twitter:label2\" content=\"Est. reading time\" \/>\n\t\t<meta name=\"twitter:data2\" content=\"3 minutes\" \/>\n\t\t<script type=\"application\/ld+json\" class=\"aioseo-schema\">\n\t\t\t{\"@context\":\"https:\\\/\\\/schema.org\",\"@graph\":[{\"@type\":\"Article\",\"@id\":\"https:\\\/\\\/allasorias.hu\\\/hirek\\\/segito-program-allaskeresoknek\\\/#article\",\"name\":\"Seg\\u00edt\\u0151 program \\u00e1ll\\u00e1skeres\\u0151knek | AllasOrias.hu | H\\u00edrek-lapszemle\",\"headline\":\"Seg\\u00edt\\u0151 program \\u00e1ll\\u00e1skeres\\u0151knek\",\"author\":{\"@id\":\"https:\\\/\\\/allasorias.hu\\\/hirek\\\/author\\\/admin-allasorias\\\/#author\"},\"publisher\":{\"@id\":\"https:\\\/\\\/allasorias.hu\\\/hirek\\\/#organization\"},\"image\":{\"@type\":\"ImageObject\",\"url\":\"https:\\\/\\\/allasorias.hu\\\/hirek\\\/wp-content\\\/uploads\\\/2020\\\/05\\\/m\\u00e1ltai-szeretetszolg\\u00e1lat.jpg\",\"width\":499,\"height\":279},\"datePublished\":\"2020-05-08T06:41:15+02:00\",\"dateModified\":\"2020-05-08T06:41:15+02:00\",\"inLanguage\":\"hu-HU\",\"mainEntityOfPage\":{\"@id\":\"https:\\\/\\\/allasorias.hu\\\/hirek\\\/segito-program-allaskeresoknek\\\/#webpage\"},\"isPartOf\":{\"@id\":\"https:\\\/\\\/allasorias.hu\\\/hirek\\\/segito-program-allaskeresoknek\\\/#webpage\"},\"articleSection\":\"\\u00c1ll\\u00e1skeres\\u00e9s, Munkaer\\u0151piac\"},{\"@type\":\"BreadcrumbList\",\"@id\":\"https:\\\/\\\/allasorias.hu\\\/hirek\\\/segito-program-allaskeresoknek\\\/#breadcrumblist\",\"itemListElement\":[{\"@type\":\"ListItem\",\"@id\":\"https:\\\/\\\/allasorias.hu\\\/hirek#listItem\",\"position\":1,\"name\":\"Home\",\"item\":\"https:\\\/\\\/allasorias.hu\\\/hirek\",\"nextItem\":{\"@type\":\"ListItem\",\"@id\":\"https:\\\/\\\/allasorias.hu\\\/hirek\\\/temak\\\/allaskereses\\\/#listItem\",\"name\":\"\\u00c1ll\\u00e1skeres\\u00e9s\"}},{\"@type\":\"ListItem\",\"@id\":\"https:\\\/\\\/allasorias.hu\\\/hirek\\\/temak\\\/allaskereses\\\/#listItem\",\"position\":2,\"name\":\"\\u00c1ll\\u00e1skeres\\u00e9s\",\"item\":\"https:\\\/\\\/allasorias.hu\\\/hirek\\\/temak\\\/allaskereses\\\/\",\"nextItem\":{\"@type\":\"ListItem\",\"@id\":\"https:\\\/\\\/allasorias.hu\\\/hirek\\\/segito-program-allaskeresoknek\\\/#listItem\",\"name\":\"Seg\\u00edt\\u0151 program \\u00e1ll\\u00e1skeres\\u0151knek\"},\"previousItem\":{\"@type\":\"ListItem\",\"@id\":\"https:\\\/\\\/allasorias.hu\\\/hirek#listItem\",\"name\":\"Home\"}},{\"@type\":\"ListItem\",\"@id\":\"https:\\\/\\\/allasorias.hu\\\/hirek\\\/segito-program-allaskeresoknek\\\/#listItem\",\"position\":3,\"name\":\"Seg\\u00edt\\u0151 program \\u00e1ll\\u00e1skeres\\u0151knek\",\"previousItem\":{\"@type\":\"ListItem\",\"@id\":\"https:\\\/\\\/allasorias.hu\\\/hirek\\\/temak\\\/allaskereses\\\/#listItem\",\"name\":\"\\u00c1ll\\u00e1skeres\\u00e9s\"}}]},{\"@type\":\"Organization\",\"@id\":\"https:\\\/\\\/allasorias.hu\\\/hirek\\\/#organization\",\"name\":\"AllasOrias.hu | H\\u00edrek-lapszemle\",\"description\":\"\\u00dczleti h\\u00edrek az \\u00e1ll\\u00e1s \\u00e9s a munka vil\\u00e1g\\u00e1b\\u00f3l\",\"url\":\"https:\\\/\\\/allasorias.hu\\\/hirek\\\/\",\"logo\":{\"@type\":\"ImageObject\",\"url\":\"https:\\\/\\\/allasorias.hu\\\/hirek\\\/wp-content\\\/uploads\\\/2022\\\/10\\\/allasorias_site_facebok_logo.png\",\"@id\":\"https:\\\/\\\/allasorias.hu\\\/hirek\\\/segito-program-allaskeresoknek\\\/#organizationLogo\"},\"image\":{\"@id\":\"https:\\\/\\\/allasorias.hu\\\/hirek\\\/segito-program-allaskeresoknek\\\/#organizationLogo\"},\"sameAs\":[\"https:\\\/\\\/www.facebook.com\\\/allasorias\",\"https:\\\/\\\/www.linkedin.com\\\/company\\\/allasorias\"]},{\"@type\":\"Person\",\"@id\":\"https:\\\/\\\/allasorias.hu\\\/hirek\\\/author\\\/admin-allasorias\\\/#author\",\"url\":\"https:\\\/\\\/allasorias.hu\\\/hirek\\\/author\\\/admin-allasorias\\\/\",\"name\":\"Juh\\u00e1sz P\\u00e9ter\",\"image\":{\"@type\":\"ImageObject\",\"@id\":\"https:\\\/\\\/allasorias.hu\\\/hirek\\\/segito-program-allaskeresoknek\\\/#authorImage\",\"url\":\"https:\\\/\\\/secure.gravatar.com\\\/avatar\\\/36e6bcb83148978b992977cb0f54d22feb0cce8a0a849a9410532bb2623ba4c6?s=96&d=mm&r=g\",\"width\":96,\"height\":96,\"caption\":\"Juh\\u00e1sz P\\u00e9ter\"}},{\"@type\":\"WebPage\",\"@id\":\"https:\\\/\\\/allasorias.hu\\\/hirek\\\/segito-program-allaskeresoknek\\\/#webpage\",\"url\":\"https:\\\/\\\/allasorias.hu\\\/hirek\\\/segito-program-allaskeresoknek\\\/\",\"name\":\"Seg\\u00edt\\u0151 program \\u00e1ll\\u00e1skeres\\u0151knek | AllasOrias.hu | H\\u00edrek-lapszemle\",\"description\":\"Ingyenes online szolg\\u00e1ltat\\u00e1st ind\\u00edtott a M\\u00e1ltai Szeretetszolg\\u00e1lat azoknak, akiknek es\\u00e9ly\\u00fck sincs jelentkezni a munkaer\\u0151piac hirdet\\u00e9seire. Kov\\u00e1cs G\\u00e1bor, a M\\u00e1ltai Szeretetszolg\\u00e1lat foglalkoztat\\u00e1si programjainak vezet\\u0151je elmondta: a munkaer\\u0151piacon nehezen \\u00e9rv\\u00e9nyes\\u00fcl\\u0151, h\\u00e1tr\\u00e1nyos helyzet\\u0171, vagy ment\\u00e1lis probl\\u00e9m\\u00e1kkal k\\u00fczd\\u0151 \\u00e1ll\\u00e1skeres\\u0151knek ind\\u00edtott szem\\u00e9lyre sz\\u00f3l\\u00f3 seg\\u00edts\\u00e9get ny\\u00fajt\\u00f3 programot ind\\u00edtottak m\\u00e1jus elej\\u00e9n. M\\u00e1s seg\\u00edt\\u0151 szervezetekkel \\u00e9s nagy l\\u00e1togatotts\\u00e1g\\u00fa \\u00e1ll\\u00e1skeres\\u0151 port\\u00e1lokkal m\\u0171k\\u00f6dnek egy\\u00fctt, hogy\",\"inLanguage\":\"hu-HU\",\"isPartOf\":{\"@id\":\"https:\\\/\\\/allasorias.hu\\\/hirek\\\/#website\"},\"breadcrumb\":{\"@id\":\"https:\\\/\\\/allasorias.hu\\\/hirek\\\/segito-program-allaskeresoknek\\\/#breadcrumblist\"},\"author\":{\"@id\":\"https:\\\/\\\/allasorias.hu\\\/hirek\\\/author\\\/admin-allasorias\\\/#author\"},\"creator\":{\"@id\":\"https:\\\/\\\/allasorias.hu\\\/hirek\\\/author\\\/admin-allasorias\\\/#author\"},\"image\":{\"@type\":\"ImageObject\",\"url\":\"https:\\\/\\\/allasorias.hu\\\/hirek\\\/wp-content\\\/uploads\\\/2020\\\/05\\\/m\\u00e1ltai-szeretetszolg\\u00e1lat.jpg\",\"@id\":\"https:\\\/\\\/allasorias.hu\\\/hirek\\\/segito-program-allaskeresoknek\\\/#mainImage\",\"width\":499,\"height\":279},\"primaryImageOfPage\":{\"@id\":\"https:\\\/\\\/allasorias.hu\\\/hirek\\\/segito-program-allaskeresoknek\\\/#mainImage\"},\"datePublished\":\"2020-05-08T06:41:15+02:00\",\"dateModified\":\"2020-05-08T06:41:15+02:00\"},{\"@type\":\"WebSite\",\"@id\":\"https:\\\/\\\/allasorias.hu\\\/hirek\\\/#website\",\"url\":\"https:\\\/\\\/allasorias.hu\\\/hirek\\\/\",\"name\":\"AllasOrias.hu | H\\u00edrek-lapszemle\",\"description\":\"\\u00dczleti h\\u00edrek az \\u00e1ll\\u00e1s \\u00e9s a munka vil\\u00e1g\\u00e1b\\u00f3l\",\"inLanguage\":\"hu-HU\",\"publisher\":{\"@id\":\"https:\\\/\\\/allasorias.hu\\\/hirek\\\/#organization\"}}]}\n\t\t<\/script>\n\t\t<!-- All in One SEO -->\n\n","aioseo_head_json":{"title":"Seg\u00edt\u0151 program \u00e1ll\u00e1skeres\u0151knek | AllasOrias.hu | H\u00edrek-lapszemle","description":"Ingyenes online szolg\u00e1ltat\u00e1st ind\u00edtott a M\u00e1ltai Szeretetszolg\u00e1lat azoknak, akiknek es\u00e9ly\u00fck sincs jelentkezni a munkaer\u0151piac hirdet\u00e9seire. Kov\u00e1cs G\u00e1bor, a M\u00e1ltai Szeretetszolg\u00e1lat foglalkoztat\u00e1si programjainak vezet\u0151je elmondta: a munkaer\u0151piacon nehezen \u00e9rv\u00e9nyes\u00fcl\u0151, h\u00e1tr\u00e1nyos helyzet\u0171, vagy ment\u00e1lis probl\u00e9m\u00e1kkal k\u00fczd\u0151 \u00e1ll\u00e1skeres\u0151knek ind\u00edtott szem\u00e9lyre sz\u00f3l\u00f3 seg\u00edts\u00e9get ny\u00fajt\u00f3 programot ind\u00edtottak m\u00e1jus elej\u00e9n. M\u00e1s seg\u00edt\u0151 szervezetekkel \u00e9s nagy l\u00e1togatotts\u00e1g\u00fa \u00e1ll\u00e1skeres\u0151 port\u00e1lokkal m\u0171k\u00f6dnek egy\u00fctt, hogy","canonical_url":"https:\/\/allasorias.hu\/hirek\/segito-program-allaskeresoknek\/","robots":"max-image-preview:large","keywords":"","webmasterTools":{"miscellaneous":""},"schema":{"@context":"https:\/\/schema.org","@graph":[{"@type":"Article","@id":"https:\/\/allasorias.hu\/hirek\/segito-program-allaskeresoknek\/#article","name":"Seg\u00edt\u0151 program \u00e1ll\u00e1skeres\u0151knek | AllasOrias.hu | H\u00edrek-lapszemle","headline":"Seg\u00edt\u0151 program \u00e1ll\u00e1skeres\u0151knek","author":{"@id":"https:\/\/allasorias.hu\/hirek\/author\/admin-allasorias\/#author"},"publisher":{"@id":"https:\/\/allasorias.hu\/hirek\/#organization"},"image":{"@type":"ImageObject","url":"https:\/\/allasorias.hu\/hirek\/wp-content\/uploads\/2020\/05\/m\u00e1ltai-szeretetszolg\u00e1lat.jpg","width":499,"height":279},"datePublished":"2020-05-08T06:41:15+02:00","dateModified":"2020-05-08T06:41:15+02:00","inLanguage":"hu-HU","mainEntityOfPage":{"@id":"https:\/\/allasorias.hu\/hirek\/segito-program-allaskeresoknek\/#webpage"},"isPartOf":{"@id":"https:\/\/allasorias.hu\/hirek\/segito-program-allaskeresoknek\/#webpage"},"articleSection":"\u00c1ll\u00e1skeres\u00e9s, Munkaer\u0151piac"},{"@type":"BreadcrumbList","@id":"https:\/\/allasorias.hu\/hirek\/segito-program-allaskeresoknek\/#breadcrumblist","itemListElement":[{"@type":"ListItem","@id":"https:\/\/allasorias.hu\/hirek#listItem","position":1,"name":"Home","item":"https:\/\/allasorias.hu\/hirek","nextItem":{"@type":"ListItem","@id":"https:\/\/allasorias.hu\/hirek\/temak\/allaskereses\/#listItem","name":"\u00c1ll\u00e1skeres\u00e9s"}},{"@type":"ListItem","@id":"https:\/\/allasorias.hu\/hirek\/temak\/allaskereses\/#listItem","position":2,"name":"\u00c1ll\u00e1skeres\u00e9s","item":"https:\/\/allasorias.hu\/hirek\/temak\/allaskereses\/","nextItem":{"@type":"ListItem","@id":"https:\/\/allasorias.hu\/hirek\/segito-program-allaskeresoknek\/#listItem","name":"Seg\u00edt\u0151 program \u00e1ll\u00e1skeres\u0151knek"},"previousItem":{"@type":"ListItem","@id":"https:\/\/allasorias.hu\/hirek#listItem","name":"Home"}},{"@type":"ListItem","@id":"https:\/\/allasorias.hu\/hirek\/segito-program-allaskeresoknek\/#listItem","position":3,"name":"Seg\u00edt\u0151 program \u00e1ll\u00e1skeres\u0151knek","previousItem":{"@type":"ListItem","@id":"https:\/\/allasorias.hu\/hirek\/temak\/allaskereses\/#listItem","name":"\u00c1ll\u00e1skeres\u00e9s"}}]},{"@type":"Organization","@id":"https:\/\/allasorias.hu\/hirek\/#organization","name":"AllasOrias.hu | H\u00edrek-lapszemle","description":"\u00dczleti h\u00edrek az \u00e1ll\u00e1s \u00e9s a munka vil\u00e1g\u00e1b\u00f3l","url":"https:\/\/allasorias.hu\/hirek\/","logo":{"@type":"ImageObject","url":"https:\/\/allasorias.hu\/hirek\/wp-content\/uploads\/2022\/10\/allasorias_site_facebok_logo.png","@id":"https:\/\/allasorias.hu\/hirek\/segito-program-allaskeresoknek\/#organizationLogo"},"image":{"@id":"https:\/\/allasorias.hu\/hirek\/segito-program-allaskeresoknek\/#organizationLogo"},"sameAs":["https:\/\/www.facebook.com\/allasorias","https:\/\/www.linkedin.com\/company\/allasorias"]},{"@type":"Person","@id":"https:\/\/allasorias.hu\/hirek\/author\/admin-allasorias\/#author","url":"https:\/\/allasorias.hu\/hirek\/author\/admin-allasorias\/","name":"Juh\u00e1sz P\u00e9ter","image":{"@type":"ImageObject","@id":"https:\/\/allasorias.hu\/hirek\/segito-program-allaskeresoknek\/#authorImage","url":"https:\/\/secure.gravatar.com\/avatar\/36e6bcb83148978b992977cb0f54d22feb0cce8a0a849a9410532bb2623ba4c6?s=96&d=mm&r=g","width":96,"height":96,"caption":"Juh\u00e1sz P\u00e9ter"}},{"@type":"WebPage","@id":"https:\/\/allasorias.hu\/hirek\/segito-program-allaskeresoknek\/#webpage","url":"https:\/\/allasorias.hu\/hirek\/segito-program-allaskeresoknek\/","name":"Seg\u00edt\u0151 program \u00e1ll\u00e1skeres\u0151knek | AllasOrias.hu | H\u00edrek-lapszemle","description":"Ingyenes online szolg\u00e1ltat\u00e1st ind\u00edtott a M\u00e1ltai Szeretetszolg\u00e1lat azoknak, akiknek es\u00e9ly\u00fck sincs jelentkezni a munkaer\u0151piac hirdet\u00e9seire. Kov\u00e1cs G\u00e1bor, a M\u00e1ltai Szeretetszolg\u00e1lat foglalkoztat\u00e1si programjainak vezet\u0151je elmondta: a munkaer\u0151piacon nehezen \u00e9rv\u00e9nyes\u00fcl\u0151, h\u00e1tr\u00e1nyos helyzet\u0171, vagy ment\u00e1lis probl\u00e9m\u00e1kkal k\u00fczd\u0151 \u00e1ll\u00e1skeres\u0151knek ind\u00edtott szem\u00e9lyre sz\u00f3l\u00f3 seg\u00edts\u00e9get ny\u00fajt\u00f3 programot ind\u00edtottak m\u00e1jus elej\u00e9n. M\u00e1s seg\u00edt\u0151 szervezetekkel \u00e9s nagy l\u00e1togatotts\u00e1g\u00fa \u00e1ll\u00e1skeres\u0151 port\u00e1lokkal m\u0171k\u00f6dnek egy\u00fctt, hogy","inLanguage":"hu-HU","isPartOf":{"@id":"https:\/\/allasorias.hu\/hirek\/#website"},"breadcrumb":{"@id":"https:\/\/allasorias.hu\/hirek\/segito-program-allaskeresoknek\/#breadcrumblist"},"author":{"@id":"https:\/\/allasorias.hu\/hirek\/author\/admin-allasorias\/#author"},"creator":{"@id":"https:\/\/allasorias.hu\/hirek\/author\/admin-allasorias\/#author"},"image":{"@type":"ImageObject","url":"https:\/\/allasorias.hu\/hirek\/wp-content\/uploads\/2020\/05\/m\u00e1ltai-szeretetszolg\u00e1lat.jpg","@id":"https:\/\/allasorias.hu\/hirek\/segito-program-allaskeresoknek\/#mainImage","width":499,"height":279},"primaryImageOfPage":{"@id":"https:\/\/allasorias.hu\/hirek\/segito-program-allaskeresoknek\/#mainImage"},"datePublished":"2020-05-08T06:41:15+02:00","dateModified":"2020-05-08T06:41:15+02:00"},{"@type":"WebSite","@id":"https:\/\/allasorias.hu\/hirek\/#website","url":"https:\/\/allasorias.hu\/hirek\/","name":"AllasOrias.hu | H\u00edrek-lapszemle","description":"\u00dczleti h\u00edrek az \u00e1ll\u00e1s \u00e9s a munka vil\u00e1g\u00e1b\u00f3l","inLanguage":"hu-HU","publisher":{"@id":"https:\/\/allasorias.hu\/hirek\/#organization"}}]},"og:locale":"hu_HU","og:site_name":"AllasOrias.hu | H\u00edrek-lapszemle | \u00dczleti h\u00edrek az \u00e1ll\u00e1s \u00e9s a munka vil\u00e1g\u00e1b\u00f3l","og:type":"article","og:title":"Seg\u00edt\u0151 program \u00e1ll\u00e1skeres\u0151knek | AllasOrias.hu | H\u00edrek-lapszemle","og:description":"Ingyenes online szolg\u00e1ltat\u00e1st ind\u00edtott a M\u00e1ltai Szeretetszolg\u00e1lat azoknak, akiknek es\u00e9ly\u00fck sincs jelentkezni a munkaer\u0151piac hirdet\u00e9seire. Kov\u00e1cs G\u00e1bor, a M\u00e1ltai Szeretetszolg\u00e1lat foglalkoztat\u00e1si programjainak vezet\u0151je elmondta: a munkaer\u0151piacon nehezen \u00e9rv\u00e9nyes\u00fcl\u0151, h\u00e1tr\u00e1nyos helyzet\u0171, vagy ment\u00e1lis probl\u00e9m\u00e1kkal k\u00fczd\u0151 \u00e1ll\u00e1skeres\u0151knek ind\u00edtott szem\u00e9lyre sz\u00f3l\u00f3 seg\u00edts\u00e9get ny\u00fajt\u00f3 programot ind\u00edtottak m\u00e1jus elej\u00e9n. M\u00e1s seg\u00edt\u0151 szervezetekkel \u00e9s nagy l\u00e1togatotts\u00e1g\u00fa \u00e1ll\u00e1skeres\u0151 port\u00e1lokkal m\u0171k\u00f6dnek egy\u00fctt, hogy","og:url":"https:\/\/allasorias.hu\/hirek\/segito-program-allaskeresoknek\/","og:image":"https:\/\/allasorias.hu\/hirek\/wp-content\/uploads\/2020\/05\/m\u00e1ltai-szeretetszolg\u00e1lat.jpg","og:image:secure_url":"https:\/\/allasorias.hu\/hirek\/wp-content\/uploads\/2020\/05\/m\u00e1ltai-szeretetszolg\u00e1lat.jpg","og:image:width":499,"og:image:height":279,"article:published_time":"2020-05-08T06:41:15+00:00","article:modified_time":"2020-05-08T06:41:15+00:00","article:publisher":"https:\/\/www.facebook.com\/allasorias","twitter:card":"summary_large_image","twitter:title":"Seg\u00edt\u0151 program \u00e1ll\u00e1skeres\u0151knek | AllasOrias.hu | H\u00edrek-lapszemle","twitter:description":"Ingyenes online szolg\u00e1ltat\u00e1st ind\u00edtott a M\u00e1ltai Szeretetszolg\u00e1lat azoknak, akiknek es\u00e9ly\u00fck sincs jelentkezni a munkaer\u0151piac hirdet\u00e9seire. Kov\u00e1cs G\u00e1bor, a M\u00e1ltai Szeretetszolg\u00e1lat foglalkoztat\u00e1si programjainak vezet\u0151je elmondta: a munkaer\u0151piacon nehezen \u00e9rv\u00e9nyes\u00fcl\u0151, h\u00e1tr\u00e1nyos helyzet\u0171, vagy ment\u00e1lis probl\u00e9m\u00e1kkal k\u00fczd\u0151 \u00e1ll\u00e1skeres\u0151knek ind\u00edtott szem\u00e9lyre sz\u00f3l\u00f3 seg\u00edts\u00e9get ny\u00fajt\u00f3 programot ind\u00edtottak m\u00e1jus elej\u00e9n. M\u00e1s seg\u00edt\u0151 szervezetekkel \u00e9s nagy l\u00e1togatotts\u00e1g\u00fa \u00e1ll\u00e1skeres\u0151 port\u00e1lokkal m\u0171k\u00f6dnek egy\u00fctt, hogy","twitter:image":"https:\/\/allasorias.hu\/hirek\/wp-content\/uploads\/2020\/05\/m\u00e1ltai-szeretetszolg\u00e1lat.jpg","twitter:label1":"Written by","twitter:data1":"Juh\u00e1sz P\u00e9ter","twitter:label2":"Est. reading time","twitter:data2":"3 minutes"},"aioseo_meta_data":{"post_id":"3955","title":null,"description":null,"keywords":null,"keyphrases":null,"primary_term":null,"canonical_url":null,"og_title":null,"og_description":null,"og_object_type":"default","og_image_type":"default","og_image_url":null,"og_image_width":null,"og_image_height":null,"og_image_custom_url":null,"og_image_custom_fields":null,"og_video":null,"og_custom_url":null,"og_article_section":null,"og_article_tags":null,"twitter_use_og":false,"twitter_card":"default","twitter_image_type":"default","twitter_image_url":null,"twitter_image_custom_url":null,"twitter_image_custom_fields":null,"twitter_title":null,"twitter_description":null,"schema":{"blockGraphs":[],"customGraphs":[],"default":{"data":{"Article":[],"Course":[],"Dataset":[],"FAQPage":[],"Movie":[],"Person":[],"Product":[],"ProductReview":[],"Car":[],"Recipe":[],"Service":[],"SoftwareApplication":[],"WebPage":[]},"graphName":"","isEnabled":true},"graphs":[]},"schema_type":null,"schema_type_options":null,"pillar_content":false,"robots_default":true,"robots_noindex":false,"robots_noarchive":false,"robots_nosnippet":false,"robots_nofollow":false,"robots_noimageindex":false,"robots_noodp":false,"robots_notranslate":false,"robots_max_snippet":null,"robots_max_videopreview":null,"robots_max_imagepreview":"large","priority":null,"frequency":null,"location":null,"local_seo":null,"breadcrumb_settings":null,"limit_modified_date":false,"ai":null,"created":"2021-02-01 21:28:17","updated":"2025-10-02 13:50:04","seo_analyzer_scan_date":null,"focus_keyword":null,"additional_keywords":null,"truseo_locale":null},"aioseo_breadcrumb":"<div class=\"aioseo-breadcrumbs\"><span class=\"aioseo-breadcrumb\">\n\t\t\t<a href=\"https:\/\/allasorias.hu\/hirek\" title=\"Home\">Home<\/a>\n\t\t<\/span><span class=\"aioseo-breadcrumb-separator\">&raquo;<\/span><span class=\"aioseo-breadcrumb\">\n\t\t\t<a href=\"https:\/\/allasorias.hu\/hirek\/temak\/allaskereses\/\" title=\"\u00c1ll\u00e1skeres\u00e9s\">\u00c1ll\u00e1skeres\u00e9s<\/a>\n\t\t<\/span><span class=\"aioseo-breadcrumb-separator\">&raquo;<\/span><span class=\"aioseo-breadcrumb\">\n\t\t\tSeg\u00edt\u0151 program \u00e1ll\u00e1skeres\u0151knek\n\t\t<\/span><\/div>","aioseo_breadcrumb_json":[{"label":"Home","link":"https:\/\/allasorias.hu\/hirek"},{"label":"\u00c1ll\u00e1skeres\u00e9s","link":"https:\/\/allasorias.hu\/hirek\/temak\/allaskereses\/"},{"label":"Seg\u00edt\u0151 program \u00e1ll\u00e1skeres\u0151knek","link":"https:\/\/allasorias.hu\/hirek\/segito-program-allaskeresoknek\/"}],"_links":{"self":[{"href":"https:\/\/allasorias.hu\/hirek\/wp-json\/wp\/v2\/posts\/3955","targetHints":{"allow":["GET"]}}],"collection":[{"href":"https:\/\/allasorias.hu\/hirek\/wp-json\/wp\/v2\/posts"}],"about":[{"href":"https:\/\/allasorias.hu\/hirek\/wp-json\/wp\/v2\/types\/post"}],"author":[{"embeddable":true,"href":"https:\/\/allasorias.hu\/hirek\/wp-json\/wp\/v2\/users\/1"}],"replies":[{"embeddable":true,"href":"https:\/\/allasorias.hu\/hirek\/wp-json\/wp\/v2\/comments?post=3955"}],"version-history":[{"count":1,"href":"https:\/\/allasorias.hu\/hirek\/wp-json\/wp\/v2\/posts\/3955\/revisions"}],"predecessor-version":[{"id":3957,"href":"https:\/\/allasorias.hu\/hirek\/wp-json\/wp\/v2\/posts\/3955\/revisions\/3957"}],"wp:featuredmedia":[{"embeddable":true,"href":"https:\/\/allasorias.hu\/hirek\/wp-json\/wp\/v2\/media\/3956"}],"wp:attachment":[{"href":"https:\/\/allasorias.hu\/hirek\/wp-json\/wp\/v2\/media?parent=3955"}],"wp:term":[{"taxonomy":"category","embeddable":true,"href":"https:\/\/allasorias.hu\/hirek\/wp-json\/wp\/v2\/categories?post=3955"},{"taxonomy":"post_tag","embeddable":true,"href":"https:\/\/allasorias.hu\/hirek\/wp-json\/wp\/v2\/tags?post=3955"}],"curies":[{"name":"wp","href":"https:\/\/api.w.org\/{rel}","templated":true}]}}