{"id":3953,"date":"2020-05-07T08:18:58","date_gmt":"2020-05-07T08:18:58","guid":{"rendered":"https:\/\/allasorias.hu\/hirek\/?p=3953"},"modified":"2020-05-07T08:18:58","modified_gmt":"2020-05-07T08:18:58","slug":"az-alacsony-vegzettseguek-veszitettek-el-allasukat-nagy-szamban","status":"publish","type":"post","link":"https:\/\/allasorias.hu\/hirek\/az-alacsony-vegzettseguek-veszitettek-el-allasukat-nagy-szamban\/","title":{"rendered":"Az alacsony v\u00e9gzetts\u00e9g\u0171ek vesz\u00edtett\u00e9k el \u00e1ll\u00e1sukat nagy sz\u00e1mban"},"content":{"rendered":"<p><strong>Az Ipsos felm\u00e9r\u00e9se szerint a munkav\u00e1llal\u00f3k\u00a0 tizede vesz\u00edtette el\u00a0 \u00e1ll\u00e1s\u00e1t a koronav\u00edrus okozta helyzetben. A sz\u00e1mokb\u00f3l \u00fagy t\u0171nik, a n\u0151k t\u00f6bben lettek munkan\u00e9lk\u00fcliek.<\/strong><\/p>\n<p>A f\u00e9rfiak \u00a0k\u00f6r\u00e9ben 7%, m\u00edg a n\u0151k eset\u00e9ben k\u00f6zel 11% ez az \u00e9rt\u00e9k. Az emberek 9%-a mondta azt, hogy megsz\u0171nt a munk\u00e1ja a v\u00e1ls\u00e1ghelyzet miatt. A legfeljebb \u00e1ltal\u00e1nos iskolai v\u00e9gzetts\u00e9ggel rendelkez\u0151k a legink\u00e1bb \u00e9rintett csoport, negyed\u00fck munk\u00e1ja vagy munkahelye sz\u0171nt meg az elm\u00falt h\u00f3napokban (25%).Az otthoni munkav\u00e9gz\u00e9s az akt\u00edv munkav\u00e1llal\u00f3k \u00f6sszesen 42%-\u00e1t jellemzi, \u00e1m az iskolai v\u00e9gzetts\u00e9g f\u00fcggv\u00e9ny\u00e9ben ez esetben is szignifik\u00e1ns k\u00fcl\u00f6nbs\u00e9gek tapasztalhat\u00f3k: t\u00edz diplom\u00e1s k\u00f6z\u00fcl hat \u00e9l a home office lehet\u0151s\u00e9g\u00e9vel (58%), m\u00edg a legfeljebb \u00e1ltal\u00e1nos iskolai tanulm\u00e1nyokat v\u00e9gzett munkav\u00e1llal\u00f3k mind\u00f6ssze negyede (24%). Legnagyobb ar\u00e1nyban (63%) a budapestiek tudnak r\u00e9szben vagy teljesen otthonr\u00f3l dolgozni jelenleg.Az Ipsos \u00e1prilis elej\u00e9n publik\u00e1lt jelent\u00e9se arr\u00f3l tan\u00faskodott, hogy a magyarok 7%-\u00e1nak sz\u0171nt meg a munk\u00e1ja, munkahelye a koronav\u00edrus-j\u00e1rv\u00e1ny hat\u00e1s\u00e1ra. Az \u00e1ll\u00e1sukat a Covid-19 v\u00edrus gazdas\u00e1gra gyakorolt hat\u00e1sai k\u00f6vetkezt\u00e9ben elveszt\u0151 munkav\u00e1llal\u00f3k k\u00f6r\u00e9ben fel\u00fclreprezent\u00e1ltak a n\u0151k (13%-uk vesztette el munk\u00e1j\u00e1t), a f\u0151iskolai v\u00e9gzetts\u00e9ggel nem rendelkez\u0151k \u00e9s a csal\u00e1dosok (10%-10%). A k\u00f6z\u00e9ps\u0151 r\u00e9gi\u00f3ban \u00e9l\u0151k \u00e9s a diplom\u00e1sok az orsz\u00e1gos \u00e1tlagn\u00e1l magasabb ar\u00e1nyban tudj\u00e1k munk\u00e1jukat home office jelleggel folytatni (42% \u00e9s 51%).<\/p>\n<p>&nbsp;<\/p>\n<p>Forr\u00e1s: portfolio.hu<\/p>\n","protected":false},"excerpt":{"rendered":"<p>Az Ipsos felm\u00e9r\u00e9se szerint a munkav\u00e1llal\u00f3k\u00a0 tizede vesz\u00edtette el\u00a0 \u00e1ll\u00e1s\u00e1t a koronav\u00edrus okozta helyzetben. A sz\u00e1mokb\u00f3l \u00fagy t\u0171nik, a n\u0151k t\u00f6bben lettek munkan\u00e9lk\u00fcliek. A f\u00e9rfiak \u00a0k\u00f6r\u00e9ben 7%, m\u00edg a n\u0151k eset\u00e9ben k\u00f6zel 11% ez az \u00e9rt\u00e9k. Az emberek 9%-a mondta azt, hogy megsz\u0171nt a munk\u00e1ja a v\u00e1ls\u00e1ghelyzet miatt. A legfeljebb \u00e1ltal\u00e1nos iskolai v\u00e9gzetts\u00e9ggel rendelkez\u0151k a [&hellip;]<\/p>\n","protected":false},"author":1,"featured_media":2260,"comment_status":"open","ping_status":"open","sticky":false,"template":"","format":"standard","meta":{"_monsterinsights_skip_tracking":false,"footnotes":""},"categories":[200],"tags":[],"class_list":["post-3953","post","type-post","status-publish","format-standard","has-post-thumbnail","hentry","category-munkaeropiac"],"aioseo_notices":[],"aioseo_head":"\n\t\t<!-- All in One SEO 5.0.0.1 - aioseo.com -->\n\t<meta name=\"description\" content=\"Az Ipsos felm\u00e9r\u00e9se szerint a munkav\u00e1llal\u00f3k tizede vesz\u00edtette el \u00e1ll\u00e1s\u00e1t a koronav\u00edrus okozta helyzetben. A sz\u00e1mokb\u00f3l \u00fagy t\u0171nik, a n\u0151k t\u00f6bben lettek munkan\u00e9lk\u00fcliek. A f\u00e9rfiak k\u00f6r\u00e9ben 7%, m\u00edg a n\u0151k eset\u00e9ben k\u00f6zel 11% ez az \u00e9rt\u00e9k. Az emberek 9%-a mondta azt, hogy megsz\u0171nt a munk\u00e1ja a v\u00e1ls\u00e1ghelyzet miatt. A legfeljebb \u00e1ltal\u00e1nos iskolai v\u00e9gzetts\u00e9ggel rendelkez\u0151k a\" \/>\n\t<meta name=\"robots\" content=\"max-image-preview:large\" \/>\n\t<meta name=\"author\" content=\"Juh\u00e1sz P\u00e9ter\"\/>\n\t<link rel=\"canonical\" href=\"https:\/\/allasorias.hu\/hirek\/az-alacsony-vegzettseguek-veszitettek-el-allasukat-nagy-szamban\/\" \/>\n\t<meta name=\"generator\" content=\"All in One SEO (AIOSEO) 5.0.0.1\" \/>\n\t\t<meta property=\"og:locale\" content=\"hu_HU\" \/>\n\t\t<meta property=\"og:site_name\" content=\"AllasOrias.hu | H\u00edrek-lapszemle | \u00dczleti h\u00edrek az \u00e1ll\u00e1s \u00e9s a munka vil\u00e1g\u00e1b\u00f3l\" \/>\n\t\t<meta property=\"og:type\" content=\"article\" \/>\n\t\t<meta property=\"og:title\" content=\"Az alacsony v\u00e9gzetts\u00e9g\u0171ek vesz\u00edtett\u00e9k el \u00e1ll\u00e1sukat nagy sz\u00e1mban | AllasOrias.hu | H\u00edrek-lapszemle\" \/>\n\t\t<meta property=\"og:description\" content=\"Az Ipsos felm\u00e9r\u00e9se szerint a munkav\u00e1llal\u00f3k tizede vesz\u00edtette el \u00e1ll\u00e1s\u00e1t a koronav\u00edrus okozta helyzetben. A sz\u00e1mokb\u00f3l \u00fagy t\u0171nik, a n\u0151k t\u00f6bben lettek munkan\u00e9lk\u00fcliek. A f\u00e9rfiak k\u00f6r\u00e9ben 7%, m\u00edg a n\u0151k eset\u00e9ben k\u00f6zel 11% ez az \u00e9rt\u00e9k. Az emberek 9%-a mondta azt, hogy megsz\u0171nt a munk\u00e1ja a v\u00e1ls\u00e1ghelyzet miatt. A legfeljebb \u00e1ltal\u00e1nos iskolai v\u00e9gzetts\u00e9ggel rendelkez\u0151k a\" \/>\n\t\t<meta property=\"og:url\" content=\"https:\/\/allasorias.hu\/hirek\/az-alacsony-vegzettseguek-veszitettek-el-allasukat-nagy-szamban\/\" \/>\n\t\t<meta property=\"og:image\" content=\"https:\/\/allasorias.hu\/hirek\/wp-content\/uploads\/2018\/12\/business-1477601_640.jpg\" \/>\n\t\t<meta property=\"og:image:secure_url\" content=\"https:\/\/allasorias.hu\/hirek\/wp-content\/uploads\/2018\/12\/business-1477601_640.jpg\" \/>\n\t\t<meta property=\"og:image:width\" content=\"640\" \/>\n\t\t<meta property=\"og:image:height\" content=\"425\" \/>\n\t\t<meta property=\"article:published_time\" content=\"2020-05-07T08:18:58+00:00\" \/>\n\t\t<meta property=\"article:modified_time\" content=\"2020-05-07T08:18:58+00:00\" \/>\n\t\t<meta property=\"article:publisher\" content=\"https:\/\/www.facebook.com\/allasorias\" \/>\n\t\t<meta name=\"twitter:card\" content=\"summary_large_image\" \/>\n\t\t<meta name=\"twitter:title\" content=\"Az alacsony v\u00e9gzetts\u00e9g\u0171ek vesz\u00edtett\u00e9k el \u00e1ll\u00e1sukat nagy sz\u00e1mban | AllasOrias.hu | H\u00edrek-lapszemle\" \/>\n\t\t<meta name=\"twitter:description\" content=\"Az Ipsos felm\u00e9r\u00e9se szerint a munkav\u00e1llal\u00f3k tizede vesz\u00edtette el \u00e1ll\u00e1s\u00e1t a koronav\u00edrus okozta helyzetben. A sz\u00e1mokb\u00f3l \u00fagy t\u0171nik, a n\u0151k t\u00f6bben lettek munkan\u00e9lk\u00fcliek. A f\u00e9rfiak k\u00f6r\u00e9ben 7%, m\u00edg a n\u0151k eset\u00e9ben k\u00f6zel 11% ez az \u00e9rt\u00e9k. Az emberek 9%-a mondta azt, hogy megsz\u0171nt a munk\u00e1ja a v\u00e1ls\u00e1ghelyzet miatt. A legfeljebb \u00e1ltal\u00e1nos iskolai v\u00e9gzetts\u00e9ggel rendelkez\u0151k a\" \/>\n\t\t<meta name=\"twitter:image\" content=\"https:\/\/allasorias.hu\/hirek\/wp-content\/uploads\/2018\/12\/business-1477601_640.jpg\" \/>\n\t\t<meta name=\"twitter:label1\" content=\"Written by\" \/>\n\t\t<meta name=\"twitter:data1\" content=\"Juh\u00e1sz P\u00e9ter\" \/>\n\t\t<meta name=\"twitter:label2\" content=\"Est. reading time\" \/>\n\t\t<meta name=\"twitter:data2\" content=\"2 minutes\" \/>\n\t\t<script type=\"application\/ld+json\" class=\"aioseo-schema\">\n\t\t\t{\"@context\":\"https:\\\/\\\/schema.org\",\"@graph\":[{\"@type\":\"Article\",\"@id\":\"https:\\\/\\\/allasorias.hu\\\/hirek\\\/az-alacsony-vegzettseguek-veszitettek-el-allasukat-nagy-szamban\\\/#article\",\"name\":\"Az alacsony v\\u00e9gzetts\\u00e9g\\u0171ek vesz\\u00edtett\\u00e9k el \\u00e1ll\\u00e1sukat nagy sz\\u00e1mban | AllasOrias.hu | H\\u00edrek-lapszemle\",\"headline\":\"Az alacsony v\\u00e9gzetts\\u00e9g\\u0171ek vesz\\u00edtett\\u00e9k el \\u00e1ll\\u00e1sukat nagy sz\\u00e1mban\",\"author\":{\"@id\":\"https:\\\/\\\/allasorias.hu\\\/hirek\\\/author\\\/admin-allasorias\\\/#author\"},\"publisher\":{\"@id\":\"https:\\\/\\\/allasorias.hu\\\/hirek\\\/#organization\"},\"image\":{\"@type\":\"ImageObject\",\"url\":\"https:\\\/\\\/allasorias.hu\\\/hirek\\\/wp-content\\\/uploads\\\/2018\\\/12\\\/business-1477601_640.jpg\",\"width\":640,\"height\":425},\"datePublished\":\"2020-05-07T08:18:58+02:00\",\"dateModified\":\"2020-05-07T08:18:58+02:00\",\"inLanguage\":\"hu-HU\",\"mainEntityOfPage\":{\"@id\":\"https:\\\/\\\/allasorias.hu\\\/hirek\\\/az-alacsony-vegzettseguek-veszitettek-el-allasukat-nagy-szamban\\\/#webpage\"},\"isPartOf\":{\"@id\":\"https:\\\/\\\/allasorias.hu\\\/hirek\\\/az-alacsony-vegzettseguek-veszitettek-el-allasukat-nagy-szamban\\\/#webpage\"},\"articleSection\":\"Munkaer\\u0151piac\"},{\"@type\":\"BreadcrumbList\",\"@id\":\"https:\\\/\\\/allasorias.hu\\\/hirek\\\/az-alacsony-vegzettseguek-veszitettek-el-allasukat-nagy-szamban\\\/#breadcrumblist\",\"itemListElement\":[{\"@type\":\"ListItem\",\"@id\":\"https:\\\/\\\/allasorias.hu\\\/hirek#listItem\",\"position\":1,\"name\":\"Home\",\"item\":\"https:\\\/\\\/allasorias.hu\\\/hirek\",\"nextItem\":{\"@type\":\"ListItem\",\"@id\":\"https:\\\/\\\/allasorias.hu\\\/hirek\\\/temak\\\/munkaeropiac\\\/#listItem\",\"name\":\"Munkaer\\u0151piac\"}},{\"@type\":\"ListItem\",\"@id\":\"https:\\\/\\\/allasorias.hu\\\/hirek\\\/temak\\\/munkaeropiac\\\/#listItem\",\"position\":2,\"name\":\"Munkaer\\u0151piac\",\"item\":\"https:\\\/\\\/allasorias.hu\\\/hirek\\\/temak\\\/munkaeropiac\\\/\",\"nextItem\":{\"@type\":\"ListItem\",\"@id\":\"https:\\\/\\\/allasorias.hu\\\/hirek\\\/az-alacsony-vegzettseguek-veszitettek-el-allasukat-nagy-szamban\\\/#listItem\",\"name\":\"Az alacsony v\\u00e9gzetts\\u00e9g\\u0171ek vesz\\u00edtett\\u00e9k el \\u00e1ll\\u00e1sukat nagy sz\\u00e1mban\"},\"previousItem\":{\"@type\":\"ListItem\",\"@id\":\"https:\\\/\\\/allasorias.hu\\\/hirek#listItem\",\"name\":\"Home\"}},{\"@type\":\"ListItem\",\"@id\":\"https:\\\/\\\/allasorias.hu\\\/hirek\\\/az-alacsony-vegzettseguek-veszitettek-el-allasukat-nagy-szamban\\\/#listItem\",\"position\":3,\"name\":\"Az alacsony v\\u00e9gzetts\\u00e9g\\u0171ek vesz\\u00edtett\\u00e9k el \\u00e1ll\\u00e1sukat nagy sz\\u00e1mban\",\"previousItem\":{\"@type\":\"ListItem\",\"@id\":\"https:\\\/\\\/allasorias.hu\\\/hirek\\\/temak\\\/munkaeropiac\\\/#listItem\",\"name\":\"Munkaer\\u0151piac\"}}]},{\"@type\":\"Organization\",\"@id\":\"https:\\\/\\\/allasorias.hu\\\/hirek\\\/#organization\",\"name\":\"AllasOrias.hu | H\\u00edrek-lapszemle\",\"description\":\"\\u00dczleti h\\u00edrek az \\u00e1ll\\u00e1s \\u00e9s a munka vil\\u00e1g\\u00e1b\\u00f3l\",\"url\":\"https:\\\/\\\/allasorias.hu\\\/hirek\\\/\",\"logo\":{\"@type\":\"ImageObject\",\"url\":\"https:\\\/\\\/allasorias.hu\\\/hirek\\\/wp-content\\\/uploads\\\/2022\\\/10\\\/allasorias_site_facebok_logo.png\",\"@id\":\"https:\\\/\\\/allasorias.hu\\\/hirek\\\/az-alacsony-vegzettseguek-veszitettek-el-allasukat-nagy-szamban\\\/#organizationLogo\"},\"image\":{\"@id\":\"https:\\\/\\\/allasorias.hu\\\/hirek\\\/az-alacsony-vegzettseguek-veszitettek-el-allasukat-nagy-szamban\\\/#organizationLogo\"},\"sameAs\":[\"https:\\\/\\\/www.facebook.com\\\/allasorias\",\"https:\\\/\\\/www.linkedin.com\\\/company\\\/allasorias\"]},{\"@type\":\"Person\",\"@id\":\"https:\\\/\\\/allasorias.hu\\\/hirek\\\/author\\\/admin-allasorias\\\/#author\",\"url\":\"https:\\\/\\\/allasorias.hu\\\/hirek\\\/author\\\/admin-allasorias\\\/\",\"name\":\"Juh\\u00e1sz P\\u00e9ter\",\"image\":{\"@type\":\"ImageObject\",\"@id\":\"https:\\\/\\\/allasorias.hu\\\/hirek\\\/az-alacsony-vegzettseguek-veszitettek-el-allasukat-nagy-szamban\\\/#authorImage\",\"url\":\"https:\\\/\\\/secure.gravatar.com\\\/avatar\\\/36e6bcb83148978b992977cb0f54d22feb0cce8a0a849a9410532bb2623ba4c6?s=96&d=mm&r=g\",\"width\":96,\"height\":96,\"caption\":\"Juh\\u00e1sz P\\u00e9ter\"}},{\"@type\":\"WebPage\",\"@id\":\"https:\\\/\\\/allasorias.hu\\\/hirek\\\/az-alacsony-vegzettseguek-veszitettek-el-allasukat-nagy-szamban\\\/#webpage\",\"url\":\"https:\\\/\\\/allasorias.hu\\\/hirek\\\/az-alacsony-vegzettseguek-veszitettek-el-allasukat-nagy-szamban\\\/\",\"name\":\"Az alacsony v\\u00e9gzetts\\u00e9g\\u0171ek vesz\\u00edtett\\u00e9k el \\u00e1ll\\u00e1sukat nagy sz\\u00e1mban | AllasOrias.hu | H\\u00edrek-lapszemle\",\"description\":\"Az Ipsos felm\\u00e9r\\u00e9se szerint a munkav\\u00e1llal\\u00f3k tizede vesz\\u00edtette el \\u00e1ll\\u00e1s\\u00e1t a koronav\\u00edrus okozta helyzetben. A sz\\u00e1mokb\\u00f3l \\u00fagy t\\u0171nik, a n\\u0151k t\\u00f6bben lettek munkan\\u00e9lk\\u00fcliek. A f\\u00e9rfiak k\\u00f6r\\u00e9ben 7%, m\\u00edg a n\\u0151k eset\\u00e9ben k\\u00f6zel 11% ez az \\u00e9rt\\u00e9k. Az emberek 9%-a mondta azt, hogy megsz\\u0171nt a munk\\u00e1ja a v\\u00e1ls\\u00e1ghelyzet miatt. A legfeljebb \\u00e1ltal\\u00e1nos iskolai v\\u00e9gzetts\\u00e9ggel rendelkez\\u0151k a\",\"inLanguage\":\"hu-HU\",\"isPartOf\":{\"@id\":\"https:\\\/\\\/allasorias.hu\\\/hirek\\\/#website\"},\"breadcrumb\":{\"@id\":\"https:\\\/\\\/allasorias.hu\\\/hirek\\\/az-alacsony-vegzettseguek-veszitettek-el-allasukat-nagy-szamban\\\/#breadcrumblist\"},\"author\":{\"@id\":\"https:\\\/\\\/allasorias.hu\\\/hirek\\\/author\\\/admin-allasorias\\\/#author\"},\"creator\":{\"@id\":\"https:\\\/\\\/allasorias.hu\\\/hirek\\\/author\\\/admin-allasorias\\\/#author\"},\"image\":{\"@type\":\"ImageObject\",\"url\":\"https:\\\/\\\/allasorias.hu\\\/hirek\\\/wp-content\\\/uploads\\\/2018\\\/12\\\/business-1477601_640.jpg\",\"@id\":\"https:\\\/\\\/allasorias.hu\\\/hirek\\\/az-alacsony-vegzettseguek-veszitettek-el-allasukat-nagy-szamban\\\/#mainImage\",\"width\":640,\"height\":425},\"primaryImageOfPage\":{\"@id\":\"https:\\\/\\\/allasorias.hu\\\/hirek\\\/az-alacsony-vegzettseguek-veszitettek-el-allasukat-nagy-szamban\\\/#mainImage\"},\"datePublished\":\"2020-05-07T08:18:58+02:00\",\"dateModified\":\"2020-05-07T08:18:58+02:00\"},{\"@type\":\"WebSite\",\"@id\":\"https:\\\/\\\/allasorias.hu\\\/hirek\\\/#website\",\"url\":\"https:\\\/\\\/allasorias.hu\\\/hirek\\\/\",\"name\":\"AllasOrias.hu | H\\u00edrek-lapszemle\",\"description\":\"\\u00dczleti h\\u00edrek az \\u00e1ll\\u00e1s \\u00e9s a munka vil\\u00e1g\\u00e1b\\u00f3l\",\"inLanguage\":\"hu-HU\",\"publisher\":{\"@id\":\"https:\\\/\\\/allasorias.hu\\\/hirek\\\/#organization\"}}]}\n\t\t<\/script>\n\t\t<!-- All in One SEO -->\n\n","aioseo_head_json":{"title":"Az alacsony v\u00e9gzetts\u00e9g\u0171ek vesz\u00edtett\u00e9k el \u00e1ll\u00e1sukat nagy sz\u00e1mban | AllasOrias.hu | H\u00edrek-lapszemle","description":"Az Ipsos felm\u00e9r\u00e9se szerint a munkav\u00e1llal\u00f3k tizede vesz\u00edtette el \u00e1ll\u00e1s\u00e1t a koronav\u00edrus okozta helyzetben. A sz\u00e1mokb\u00f3l \u00fagy t\u0171nik, a n\u0151k t\u00f6bben lettek munkan\u00e9lk\u00fcliek. A f\u00e9rfiak k\u00f6r\u00e9ben 7%, m\u00edg a n\u0151k eset\u00e9ben k\u00f6zel 11% ez az \u00e9rt\u00e9k. Az emberek 9%-a mondta azt, hogy megsz\u0171nt a munk\u00e1ja a v\u00e1ls\u00e1ghelyzet miatt. A legfeljebb \u00e1ltal\u00e1nos iskolai v\u00e9gzetts\u00e9ggel rendelkez\u0151k a","canonical_url":"https:\/\/allasorias.hu\/hirek\/az-alacsony-vegzettseguek-veszitettek-el-allasukat-nagy-szamban\/","robots":"max-image-preview:large","keywords":"","webmasterTools":{"miscellaneous":""},"schema":{"@context":"https:\/\/schema.org","@graph":[{"@type":"Article","@id":"https:\/\/allasorias.hu\/hirek\/az-alacsony-vegzettseguek-veszitettek-el-allasukat-nagy-szamban\/#article","name":"Az alacsony v\u00e9gzetts\u00e9g\u0171ek vesz\u00edtett\u00e9k el \u00e1ll\u00e1sukat nagy sz\u00e1mban | AllasOrias.hu | H\u00edrek-lapszemle","headline":"Az alacsony v\u00e9gzetts\u00e9g\u0171ek vesz\u00edtett\u00e9k el \u00e1ll\u00e1sukat nagy sz\u00e1mban","author":{"@id":"https:\/\/allasorias.hu\/hirek\/author\/admin-allasorias\/#author"},"publisher":{"@id":"https:\/\/allasorias.hu\/hirek\/#organization"},"image":{"@type":"ImageObject","url":"https:\/\/allasorias.hu\/hirek\/wp-content\/uploads\/2018\/12\/business-1477601_640.jpg","width":640,"height":425},"datePublished":"2020-05-07T08:18:58+02:00","dateModified":"2020-05-07T08:18:58+02:00","inLanguage":"hu-HU","mainEntityOfPage":{"@id":"https:\/\/allasorias.hu\/hirek\/az-alacsony-vegzettseguek-veszitettek-el-allasukat-nagy-szamban\/#webpage"},"isPartOf":{"@id":"https:\/\/allasorias.hu\/hirek\/az-alacsony-vegzettseguek-veszitettek-el-allasukat-nagy-szamban\/#webpage"},"articleSection":"Munkaer\u0151piac"},{"@type":"BreadcrumbList","@id":"https:\/\/allasorias.hu\/hirek\/az-alacsony-vegzettseguek-veszitettek-el-allasukat-nagy-szamban\/#breadcrumblist","itemListElement":[{"@type":"ListItem","@id":"https:\/\/allasorias.hu\/hirek#listItem","position":1,"name":"Home","item":"https:\/\/allasorias.hu\/hirek","nextItem":{"@type":"ListItem","@id":"https:\/\/allasorias.hu\/hirek\/temak\/munkaeropiac\/#listItem","name":"Munkaer\u0151piac"}},{"@type":"ListItem","@id":"https:\/\/allasorias.hu\/hirek\/temak\/munkaeropiac\/#listItem","position":2,"name":"Munkaer\u0151piac","item":"https:\/\/allasorias.hu\/hirek\/temak\/munkaeropiac\/","nextItem":{"@type":"ListItem","@id":"https:\/\/allasorias.hu\/hirek\/az-alacsony-vegzettseguek-veszitettek-el-allasukat-nagy-szamban\/#listItem","name":"Az alacsony v\u00e9gzetts\u00e9g\u0171ek vesz\u00edtett\u00e9k el \u00e1ll\u00e1sukat nagy sz\u00e1mban"},"previousItem":{"@type":"ListItem","@id":"https:\/\/allasorias.hu\/hirek#listItem","name":"Home"}},{"@type":"ListItem","@id":"https:\/\/allasorias.hu\/hirek\/az-alacsony-vegzettseguek-veszitettek-el-allasukat-nagy-szamban\/#listItem","position":3,"name":"Az alacsony v\u00e9gzetts\u00e9g\u0171ek vesz\u00edtett\u00e9k el \u00e1ll\u00e1sukat nagy sz\u00e1mban","previousItem":{"@type":"ListItem","@id":"https:\/\/allasorias.hu\/hirek\/temak\/munkaeropiac\/#listItem","name":"Munkaer\u0151piac"}}]},{"@type":"Organization","@id":"https:\/\/allasorias.hu\/hirek\/#organization","name":"AllasOrias.hu | H\u00edrek-lapszemle","description":"\u00dczleti h\u00edrek az \u00e1ll\u00e1s \u00e9s a munka vil\u00e1g\u00e1b\u00f3l","url":"https:\/\/allasorias.hu\/hirek\/","logo":{"@type":"ImageObject","url":"https:\/\/allasorias.hu\/hirek\/wp-content\/uploads\/2022\/10\/allasorias_site_facebok_logo.png","@id":"https:\/\/allasorias.hu\/hirek\/az-alacsony-vegzettseguek-veszitettek-el-allasukat-nagy-szamban\/#organizationLogo"},"image":{"@id":"https:\/\/allasorias.hu\/hirek\/az-alacsony-vegzettseguek-veszitettek-el-allasukat-nagy-szamban\/#organizationLogo"},"sameAs":["https:\/\/www.facebook.com\/allasorias","https:\/\/www.linkedin.com\/company\/allasorias"]},{"@type":"Person","@id":"https:\/\/allasorias.hu\/hirek\/author\/admin-allasorias\/#author","url":"https:\/\/allasorias.hu\/hirek\/author\/admin-allasorias\/","name":"Juh\u00e1sz P\u00e9ter","image":{"@type":"ImageObject","@id":"https:\/\/allasorias.hu\/hirek\/az-alacsony-vegzettseguek-veszitettek-el-allasukat-nagy-szamban\/#authorImage","url":"https:\/\/secure.gravatar.com\/avatar\/36e6bcb83148978b992977cb0f54d22feb0cce8a0a849a9410532bb2623ba4c6?s=96&d=mm&r=g","width":96,"height":96,"caption":"Juh\u00e1sz P\u00e9ter"}},{"@type":"WebPage","@id":"https:\/\/allasorias.hu\/hirek\/az-alacsony-vegzettseguek-veszitettek-el-allasukat-nagy-szamban\/#webpage","url":"https:\/\/allasorias.hu\/hirek\/az-alacsony-vegzettseguek-veszitettek-el-allasukat-nagy-szamban\/","name":"Az alacsony v\u00e9gzetts\u00e9g\u0171ek vesz\u00edtett\u00e9k el \u00e1ll\u00e1sukat nagy sz\u00e1mban | AllasOrias.hu | H\u00edrek-lapszemle","description":"Az Ipsos felm\u00e9r\u00e9se szerint a munkav\u00e1llal\u00f3k tizede vesz\u00edtette el \u00e1ll\u00e1s\u00e1t a koronav\u00edrus okozta helyzetben. A sz\u00e1mokb\u00f3l \u00fagy t\u0171nik, a n\u0151k t\u00f6bben lettek munkan\u00e9lk\u00fcliek. A f\u00e9rfiak k\u00f6r\u00e9ben 7%, m\u00edg a n\u0151k eset\u00e9ben k\u00f6zel 11% ez az \u00e9rt\u00e9k. Az emberek 9%-a mondta azt, hogy megsz\u0171nt a munk\u00e1ja a v\u00e1ls\u00e1ghelyzet miatt. A legfeljebb \u00e1ltal\u00e1nos iskolai v\u00e9gzetts\u00e9ggel rendelkez\u0151k a","inLanguage":"hu-HU","isPartOf":{"@id":"https:\/\/allasorias.hu\/hirek\/#website"},"breadcrumb":{"@id":"https:\/\/allasorias.hu\/hirek\/az-alacsony-vegzettseguek-veszitettek-el-allasukat-nagy-szamban\/#breadcrumblist"},"author":{"@id":"https:\/\/allasorias.hu\/hirek\/author\/admin-allasorias\/#author"},"creator":{"@id":"https:\/\/allasorias.hu\/hirek\/author\/admin-allasorias\/#author"},"image":{"@type":"ImageObject","url":"https:\/\/allasorias.hu\/hirek\/wp-content\/uploads\/2018\/12\/business-1477601_640.jpg","@id":"https:\/\/allasorias.hu\/hirek\/az-alacsony-vegzettseguek-veszitettek-el-allasukat-nagy-szamban\/#mainImage","width":640,"height":425},"primaryImageOfPage":{"@id":"https:\/\/allasorias.hu\/hirek\/az-alacsony-vegzettseguek-veszitettek-el-allasukat-nagy-szamban\/#mainImage"},"datePublished":"2020-05-07T08:18:58+02:00","dateModified":"2020-05-07T08:18:58+02:00"},{"@type":"WebSite","@id":"https:\/\/allasorias.hu\/hirek\/#website","url":"https:\/\/allasorias.hu\/hirek\/","name":"AllasOrias.hu | H\u00edrek-lapszemle","description":"\u00dczleti h\u00edrek az \u00e1ll\u00e1s \u00e9s a munka vil\u00e1g\u00e1b\u00f3l","inLanguage":"hu-HU","publisher":{"@id":"https:\/\/allasorias.hu\/hirek\/#organization"}}]},"og:locale":"hu_HU","og:site_name":"AllasOrias.hu | H\u00edrek-lapszemle | \u00dczleti h\u00edrek az \u00e1ll\u00e1s \u00e9s a munka vil\u00e1g\u00e1b\u00f3l","og:type":"article","og:title":"Az alacsony v\u00e9gzetts\u00e9g\u0171ek vesz\u00edtett\u00e9k el \u00e1ll\u00e1sukat nagy sz\u00e1mban | AllasOrias.hu | H\u00edrek-lapszemle","og:description":"Az Ipsos felm\u00e9r\u00e9se szerint a munkav\u00e1llal\u00f3k tizede vesz\u00edtette el \u00e1ll\u00e1s\u00e1t a koronav\u00edrus okozta helyzetben. A sz\u00e1mokb\u00f3l \u00fagy t\u0171nik, a n\u0151k t\u00f6bben lettek munkan\u00e9lk\u00fcliek. A f\u00e9rfiak k\u00f6r\u00e9ben 7%, m\u00edg a n\u0151k eset\u00e9ben k\u00f6zel 11% ez az \u00e9rt\u00e9k. Az emberek 9%-a mondta azt, hogy megsz\u0171nt a munk\u00e1ja a v\u00e1ls\u00e1ghelyzet miatt. A legfeljebb \u00e1ltal\u00e1nos iskolai v\u00e9gzetts\u00e9ggel rendelkez\u0151k a","og:url":"https:\/\/allasorias.hu\/hirek\/az-alacsony-vegzettseguek-veszitettek-el-allasukat-nagy-szamban\/","og:image":"https:\/\/allasorias.hu\/hirek\/wp-content\/uploads\/2018\/12\/business-1477601_640.jpg","og:image:secure_url":"https:\/\/allasorias.hu\/hirek\/wp-content\/uploads\/2018\/12\/business-1477601_640.jpg","og:image:width":640,"og:image:height":425,"article:published_time":"2020-05-07T08:18:58+00:00","article:modified_time":"2020-05-07T08:18:58+00:00","article:publisher":"https:\/\/www.facebook.com\/allasorias","twitter:card":"summary_large_image","twitter:title":"Az alacsony v\u00e9gzetts\u00e9g\u0171ek vesz\u00edtett\u00e9k el \u00e1ll\u00e1sukat nagy sz\u00e1mban | AllasOrias.hu | H\u00edrek-lapszemle","twitter:description":"Az Ipsos felm\u00e9r\u00e9se szerint a munkav\u00e1llal\u00f3k tizede vesz\u00edtette el \u00e1ll\u00e1s\u00e1t a koronav\u00edrus okozta helyzetben. A sz\u00e1mokb\u00f3l \u00fagy t\u0171nik, a n\u0151k t\u00f6bben lettek munkan\u00e9lk\u00fcliek. A f\u00e9rfiak k\u00f6r\u00e9ben 7%, m\u00edg a n\u0151k eset\u00e9ben k\u00f6zel 11% ez az \u00e9rt\u00e9k. Az emberek 9%-a mondta azt, hogy megsz\u0171nt a munk\u00e1ja a v\u00e1ls\u00e1ghelyzet miatt. A legfeljebb \u00e1ltal\u00e1nos iskolai v\u00e9gzetts\u00e9ggel rendelkez\u0151k a","twitter:image":"https:\/\/allasorias.hu\/hirek\/wp-content\/uploads\/2018\/12\/business-1477601_640.jpg","twitter:label1":"Written by","twitter:data1":"Juh\u00e1sz P\u00e9ter","twitter:label2":"Est. reading time","twitter:data2":"2 minutes"},"aioseo_meta_data":{"post_id":"3953","title":null,"description":null,"keywords":null,"keyphrases":null,"primary_term":null,"canonical_url":null,"og_title":null,"og_description":null,"og_object_type":"default","og_image_type":"default","og_image_url":null,"og_image_width":null,"og_image_height":null,"og_image_custom_url":null,"og_image_custom_fields":null,"og_video":null,"og_custom_url":null,"og_article_section":null,"og_article_tags":null,"twitter_use_og":false,"twitter_card":"default","twitter_image_type":"default","twitter_image_url":null,"twitter_image_custom_url":null,"twitter_image_custom_fields":null,"twitter_title":null,"twitter_description":null,"schema":{"blockGraphs":[],"customGraphs":[],"default":{"data":{"Article":[],"Course":[],"Dataset":[],"FAQPage":[],"Movie":[],"Person":[],"Product":[],"ProductReview":[],"Car":[],"Recipe":[],"Service":[],"SoftwareApplication":[],"WebPage":[]},"graphName":"","isEnabled":true},"graphs":[],"defaultGraph":"","defaultPostTypeGraph":""},"schema_type":null,"schema_type_options":null,"pillar_content":false,"robots_default":true,"robots_noindex":false,"robots_noarchive":false,"robots_nosnippet":false,"robots_nofollow":false,"robots_noimageindex":false,"robots_noodp":false,"robots_notranslate":false,"robots_max_snippet":null,"robots_max_videopreview":null,"robots_max_imagepreview":"large","priority":null,"frequency":null,"location":null,"local_seo":null,"breadcrumb_settings":null,"limit_modified_date":false,"ai":null,"created":"2021-02-01 21:28:17","updated":"2025-10-02 13:48:43","seo_analyzer_scan_date":null,"focus_keyword":null,"additional_keywords":null,"truseo_locale":null},"aioseo_breadcrumb":"<div class=\"aioseo-breadcrumbs\"><span class=\"aioseo-breadcrumb\">\n\t\t\t<a href=\"https:\/\/allasorias.hu\/hirek\" title=\"Home\">Home<\/a>\n\t\t<\/span><span class=\"aioseo-breadcrumb-separator\">&raquo;<\/span><span class=\"aioseo-breadcrumb\">\n\t\t\t<a href=\"https:\/\/allasorias.hu\/hirek\/temak\/munkaeropiac\/\" title=\"Munkaer\u0151piac\">Munkaer\u0151piac<\/a>\n\t\t<\/span><span class=\"aioseo-breadcrumb-separator\">&raquo;<\/span><span class=\"aioseo-breadcrumb\">\n\t\t\tAz alacsony v\u00e9gzetts\u00e9g\u0171ek vesz\u00edtett\u00e9k el \u00e1ll\u00e1sukat nagy sz\u00e1mban\n\t\t<\/span><\/div>","aioseo_breadcrumb_json":[{"label":"Home","link":"https:\/\/allasorias.hu\/hirek"},{"label":"Munkaer\u0151piac","link":"https:\/\/allasorias.hu\/hirek\/temak\/munkaeropiac\/"},{"label":"Az alacsony v\u00e9gzetts\u00e9g\u0171ek vesz\u00edtett\u00e9k el \u00e1ll\u00e1sukat nagy sz\u00e1mban","link":"https:\/\/allasorias.hu\/hirek\/az-alacsony-vegzettseguek-veszitettek-el-allasukat-nagy-szamban\/"}],"_links":{"self":[{"href":"https:\/\/allasorias.hu\/hirek\/wp-json\/wp\/v2\/posts\/3953","targetHints":{"allow":["GET"]}}],"collection":[{"href":"https:\/\/allasorias.hu\/hirek\/wp-json\/wp\/v2\/posts"}],"about":[{"href":"https:\/\/allasorias.hu\/hirek\/wp-json\/wp\/v2\/types\/post"}],"author":[{"embeddable":true,"href":"https:\/\/allasorias.hu\/hirek\/wp-json\/wp\/v2\/users\/1"}],"replies":[{"embeddable":true,"href":"https:\/\/allasorias.hu\/hirek\/wp-json\/wp\/v2\/comments?post=3953"}],"version-history":[{"count":1,"href":"https:\/\/allasorias.hu\/hirek\/wp-json\/wp\/v2\/posts\/3953\/revisions"}],"predecessor-version":[{"id":3954,"href":"https:\/\/allasorias.hu\/hirek\/wp-json\/wp\/v2\/posts\/3953\/revisions\/3954"}],"wp:featuredmedia":[{"embeddable":true,"href":"https:\/\/allasorias.hu\/hirek\/wp-json\/wp\/v2\/media\/2260"}],"wp:attachment":[{"href":"https:\/\/allasorias.hu\/hirek\/wp-json\/wp\/v2\/media?parent=3953"}],"wp:term":[{"taxonomy":"category","embeddable":true,"href":"https:\/\/allasorias.hu\/hirek\/wp-json\/wp\/v2\/categories?post=3953"},{"taxonomy":"post_tag","embeddable":true,"href":"https:\/\/allasorias.hu\/hirek\/wp-json\/wp\/v2\/tags?post=3953"}],"curies":[{"name":"wp","href":"https:\/\/api.w.org\/{rel}","templated":true}]}}