{"id":3951,"date":"2020-05-07T08:12:30","date_gmt":"2020-05-07T08:12:30","guid":{"rendered":"https:\/\/allasorias.hu\/hirek\/?p=3951"},"modified":"2020-05-07T08:12:30","modified_gmt":"2020-05-07T08:12:30","slug":"kevesebben-jelentkeznek-diakmunkara","status":"publish","type":"post","link":"https:\/\/allasorias.hu\/hirek\/kevesebben-jelentkeznek-diakmunkara\/","title":{"rendered":"Kevesebben jelentkeznek di\u00e1kmunk\u00e1ra"},"content":{"rendered":"<p><strong>A di\u00e1ksz\u00f6vetkezetek el\u0151rejelz\u00e9se szerint\u00a0 nem lesz annyi munkalehet\u0151s\u00e9g\u00fck a fiataloknak mint amennyi volt a koronav\u00edrus j\u00e1rv\u00e1ny el\u0151tti id\u0151szakban. J\u00f3val kevesebben jelentkeztek a di\u00e1kok munk\u00e1ra a sz\u00f6vetkezetekn\u00e9l.<\/strong><\/p>\n<p>A di\u00e1ksz\u00f6vetkezetekn\u00e9l egyes ter\u00fcleteken t\u00f6bb mint 70 sz\u00e1zal\u00e9kkal cs\u00f6kkent a di\u00e1k munkav\u00e1llal\u00f3k sz\u00e1ma. A j\u00e1rv\u00e1nyban \u00e9rintett szektorokban \u00e9rtelemszer\u0171en di\u00e1kmunka sincs, ilyenek a mozik, a vend\u00e9gl\u00e1t\u00e1s \u00e9s a turizmus \u2013 mondta a Vil\u00e1ggazdas\u00e1gnak a Mel\u00f3-Di\u00e1k Iskolasz\u00f6vetkezet c\u00e9gvezet\u0151je. Tapasztalatai szerint a legt\u00f6bb irodai munka eset\u00e9ben a di\u00e1kok sz\u00e1m\u00e1ra is meg tudt\u00e1k oldani a home office-t, ott pedig m\u00e9g n\u0151ttek is az ig\u00e9nyek, ahol a feldolgoz\u00f3ipar \u00e1t\u00e1llt a fert\u0151tlen\u00edt\u0151szerek el\u0151\u00e1ll\u00edt\u00e1s\u00e1ra. A di\u00e1kok \u00e1tlagos \u00f3rab\u00e9re brutt\u00f3 1300\u20131400 forint (ebb\u0151l 15 sz\u00e1zal\u00e9k szem\u00e9lyi j\u00f6vedelemad\u00f3t kell fizetni), ami nem sz\u00e1m\u00edt rossz fizet\u00e9snek a 926 forint minim\u00e1lis \u00f3rab\u00e9rhez k\u00e9pest. Az IT-s munk\u00e1kkal \u00f3r\u00e1nk\u00e9nt brutt\u00f3 1800\u20132000 forintot vagy m\u00e9g t\u00f6bbet lehet keresni. A Mel\u00f3-Di\u00e1kn\u00e1l \u00e9vente jellemz\u0151en 40 ezer di\u00e1k v\u00e1llal munk\u00e1t orsz\u00e1gszerte, a ny\u00e1ri h\u00f3napokban pedig 10-15 ezer. M\u00e1rciusban a munk\u00e1k 70-80 sz\u00e1zal\u00e9ka teljes\u00fclt az eredeti meg\u00e1llapod\u00e1sokhoz k\u00e9pest, \u00e1prilisban m\u00e1r csak az 50-60 sz\u00e1zal\u00e9ka. A Vil\u00e1ggazdas\u00e1gnak nyilatkoz\u00f3 di\u00e1ksz\u00f6vetkezetek szerint a m\u00e1jus \u00e9s a j\u00fanius a di\u00e1kmunka-keres\u00e9s cs\u00facsid\u0151szaka. Hozz\u00e1tett\u00e9k, hogy az \u00e1ll\u00e1sokra jellemz\u0151en online lehet jelentkezni, \u00e9s az \u00e1ll\u00e1sinterj\u00fak is valamilyen IT-csatorn\u00e1n zajlanak.<\/p>\n<p>Forr\u00e1s: infostart.hu<\/p>\n","protected":false},"excerpt":{"rendered":"<p>A di\u00e1ksz\u00f6vetkezetek el\u0151rejelz\u00e9se szerint\u00a0 nem lesz annyi munkalehet\u0151s\u00e9g\u00fck a fiataloknak mint amennyi volt a koronav\u00edrus j\u00e1rv\u00e1ny el\u0151tti id\u0151szakban. J\u00f3val kevesebben jelentkeztek a di\u00e1kok munk\u00e1ra a sz\u00f6vetkezetekn\u00e9l. A di\u00e1ksz\u00f6vetkezetekn\u00e9l egyes ter\u00fcleteken t\u00f6bb mint 70 sz\u00e1zal\u00e9kkal cs\u00f6kkent a di\u00e1k munkav\u00e1llal\u00f3k sz\u00e1ma. A j\u00e1rv\u00e1nyban \u00e9rintett szektorokban \u00e9rtelemszer\u0171en di\u00e1kmunka sincs, ilyenek a mozik, a vend\u00e9gl\u00e1t\u00e1s \u00e9s a turizmus \u2013 [&hellip;]<\/p>\n","protected":false},"author":1,"featured_media":2815,"comment_status":"open","ping_status":"open","sticky":false,"template":"","format":"standard","meta":{"_monsterinsights_skip_tracking":false,"footnotes":""},"categories":[200],"tags":[],"class_list":["post-3951","post","type-post","status-publish","format-standard","has-post-thumbnail","hentry","category-munkaeropiac"],"aioseo_notices":[],"aioseo_head":"\n\t\t<!-- All in One SEO 5.0.0.1 - aioseo.com -->\n\t<meta name=\"description\" content=\"A di\u00e1ksz\u00f6vetkezetek el\u0151rejelz\u00e9se szerint nem lesz annyi munkalehet\u0151s\u00e9g\u00fck a fiataloknak mint amennyi volt a koronav\u00edrus j\u00e1rv\u00e1ny el\u0151tti id\u0151szakban. J\u00f3val kevesebben jelentkeztek a di\u00e1kok munk\u00e1ra a sz\u00f6vetkezetekn\u00e9l. A di\u00e1ksz\u00f6vetkezetekn\u00e9l egyes ter\u00fcleteken t\u00f6bb mint 70 sz\u00e1zal\u00e9kkal cs\u00f6kkent a di\u00e1k munkav\u00e1llal\u00f3k sz\u00e1ma. A j\u00e1rv\u00e1nyban \u00e9rintett szektorokban \u00e9rtelemszer\u0171en di\u00e1kmunka sincs, ilyenek a mozik, a vend\u00e9gl\u00e1t\u00e1s \u00e9s a turizmus \u2013\" \/>\n\t<meta name=\"robots\" content=\"max-image-preview:large\" \/>\n\t<meta name=\"author\" content=\"Juh\u00e1sz P\u00e9ter\"\/>\n\t<link rel=\"canonical\" href=\"https:\/\/allasorias.hu\/hirek\/kevesebben-jelentkeznek-diakmunkara\/\" \/>\n\t<meta name=\"generator\" content=\"All in One SEO (AIOSEO) 5.0.0.1\" \/>\n\t\t<meta property=\"og:locale\" content=\"hu_HU\" \/>\n\t\t<meta property=\"og:site_name\" content=\"AllasOrias.hu | H\u00edrek-lapszemle | \u00dczleti h\u00edrek az \u00e1ll\u00e1s \u00e9s a munka vil\u00e1g\u00e1b\u00f3l\" \/>\n\t\t<meta property=\"og:type\" content=\"article\" \/>\n\t\t<meta property=\"og:title\" content=\"Kevesebben jelentkeznek di\u00e1kmunk\u00e1ra | AllasOrias.hu | H\u00edrek-lapszemle\" \/>\n\t\t<meta property=\"og:description\" content=\"A di\u00e1ksz\u00f6vetkezetek el\u0151rejelz\u00e9se szerint nem lesz annyi munkalehet\u0151s\u00e9g\u00fck a fiataloknak mint amennyi volt a koronav\u00edrus j\u00e1rv\u00e1ny el\u0151tti id\u0151szakban. J\u00f3val kevesebben jelentkeztek a di\u00e1kok munk\u00e1ra a sz\u00f6vetkezetekn\u00e9l. A di\u00e1ksz\u00f6vetkezetekn\u00e9l egyes ter\u00fcleteken t\u00f6bb mint 70 sz\u00e1zal\u00e9kkal cs\u00f6kkent a di\u00e1k munkav\u00e1llal\u00f3k sz\u00e1ma. A j\u00e1rv\u00e1nyban \u00e9rintett szektorokban \u00e9rtelemszer\u0171en di\u00e1kmunka sincs, ilyenek a mozik, a vend\u00e9gl\u00e1t\u00e1s \u00e9s a turizmus \u2013\" \/>\n\t\t<meta property=\"og:url\" content=\"https:\/\/allasorias.hu\/hirek\/kevesebben-jelentkeznek-diakmunkara\/\" \/>\n\t\t<meta property=\"og:image\" content=\"https:\/\/allasorias.hu\/hirek\/wp-content\/uploads\/2019\/04\/opposites-3808487_640.jpg\" \/>\n\t\t<meta property=\"og:image:secure_url\" content=\"https:\/\/allasorias.hu\/hirek\/wp-content\/uploads\/2019\/04\/opposites-3808487_640.jpg\" \/>\n\t\t<meta property=\"og:image:width\" content=\"640\" \/>\n\t\t<meta property=\"og:image:height\" content=\"417\" \/>\n\t\t<meta property=\"article:published_time\" content=\"2020-05-07T08:12:30+00:00\" \/>\n\t\t<meta property=\"article:modified_time\" content=\"2020-05-07T08:12:30+00:00\" \/>\n\t\t<meta property=\"article:publisher\" content=\"https:\/\/www.facebook.com\/allasorias\" \/>\n\t\t<meta name=\"twitter:card\" content=\"summary_large_image\" \/>\n\t\t<meta name=\"twitter:title\" content=\"Kevesebben jelentkeznek di\u00e1kmunk\u00e1ra | AllasOrias.hu | H\u00edrek-lapszemle\" \/>\n\t\t<meta name=\"twitter:description\" content=\"A di\u00e1ksz\u00f6vetkezetek el\u0151rejelz\u00e9se szerint nem lesz annyi munkalehet\u0151s\u00e9g\u00fck a fiataloknak mint amennyi volt a koronav\u00edrus j\u00e1rv\u00e1ny el\u0151tti id\u0151szakban. J\u00f3val kevesebben jelentkeztek a di\u00e1kok munk\u00e1ra a sz\u00f6vetkezetekn\u00e9l. A di\u00e1ksz\u00f6vetkezetekn\u00e9l egyes ter\u00fcleteken t\u00f6bb mint 70 sz\u00e1zal\u00e9kkal cs\u00f6kkent a di\u00e1k munkav\u00e1llal\u00f3k sz\u00e1ma. A j\u00e1rv\u00e1nyban \u00e9rintett szektorokban \u00e9rtelemszer\u0171en di\u00e1kmunka sincs, ilyenek a mozik, a vend\u00e9gl\u00e1t\u00e1s \u00e9s a turizmus \u2013\" \/>\n\t\t<meta name=\"twitter:image\" content=\"https:\/\/allasorias.hu\/hirek\/wp-content\/uploads\/2019\/04\/opposites-3808487_640.jpg\" \/>\n\t\t<meta name=\"twitter:label1\" content=\"Written by\" \/>\n\t\t<meta name=\"twitter:data1\" content=\"Juh\u00e1sz P\u00e9ter\" \/>\n\t\t<meta name=\"twitter:label2\" content=\"Est. reading time\" \/>\n\t\t<meta name=\"twitter:data2\" content=\"2 minutes\" \/>\n\t\t<script type=\"application\/ld+json\" class=\"aioseo-schema\">\n\t\t\t{\"@context\":\"https:\\\/\\\/schema.org\",\"@graph\":[{\"@type\":\"Article\",\"@id\":\"https:\\\/\\\/allasorias.hu\\\/hirek\\\/kevesebben-jelentkeznek-diakmunkara\\\/#article\",\"name\":\"Kevesebben jelentkeznek di\\u00e1kmunk\\u00e1ra | AllasOrias.hu | H\\u00edrek-lapszemle\",\"headline\":\"Kevesebben jelentkeznek di\\u00e1kmunk\\u00e1ra\",\"author\":{\"@id\":\"https:\\\/\\\/allasorias.hu\\\/hirek\\\/author\\\/admin-allasorias\\\/#author\"},\"publisher\":{\"@id\":\"https:\\\/\\\/allasorias.hu\\\/hirek\\\/#organization\"},\"image\":{\"@type\":\"ImageObject\",\"url\":\"https:\\\/\\\/allasorias.hu\\\/hirek\\\/wp-content\\\/uploads\\\/2019\\\/04\\\/opposites-3808487_640.jpg\",\"width\":640,\"height\":417},\"datePublished\":\"2020-05-07T08:12:30+02:00\",\"dateModified\":\"2020-05-07T08:12:30+02:00\",\"inLanguage\":\"hu-HU\",\"mainEntityOfPage\":{\"@id\":\"https:\\\/\\\/allasorias.hu\\\/hirek\\\/kevesebben-jelentkeznek-diakmunkara\\\/#webpage\"},\"isPartOf\":{\"@id\":\"https:\\\/\\\/allasorias.hu\\\/hirek\\\/kevesebben-jelentkeznek-diakmunkara\\\/#webpage\"},\"articleSection\":\"Munkaer\\u0151piac\"},{\"@type\":\"BreadcrumbList\",\"@id\":\"https:\\\/\\\/allasorias.hu\\\/hirek\\\/kevesebben-jelentkeznek-diakmunkara\\\/#breadcrumblist\",\"itemListElement\":[{\"@type\":\"ListItem\",\"@id\":\"https:\\\/\\\/allasorias.hu\\\/hirek#listItem\",\"position\":1,\"name\":\"Home\",\"item\":\"https:\\\/\\\/allasorias.hu\\\/hirek\",\"nextItem\":{\"@type\":\"ListItem\",\"@id\":\"https:\\\/\\\/allasorias.hu\\\/hirek\\\/temak\\\/munkaeropiac\\\/#listItem\",\"name\":\"Munkaer\\u0151piac\"}},{\"@type\":\"ListItem\",\"@id\":\"https:\\\/\\\/allasorias.hu\\\/hirek\\\/temak\\\/munkaeropiac\\\/#listItem\",\"position\":2,\"name\":\"Munkaer\\u0151piac\",\"item\":\"https:\\\/\\\/allasorias.hu\\\/hirek\\\/temak\\\/munkaeropiac\\\/\",\"nextItem\":{\"@type\":\"ListItem\",\"@id\":\"https:\\\/\\\/allasorias.hu\\\/hirek\\\/kevesebben-jelentkeznek-diakmunkara\\\/#listItem\",\"name\":\"Kevesebben jelentkeznek di\\u00e1kmunk\\u00e1ra\"},\"previousItem\":{\"@type\":\"ListItem\",\"@id\":\"https:\\\/\\\/allasorias.hu\\\/hirek#listItem\",\"name\":\"Home\"}},{\"@type\":\"ListItem\",\"@id\":\"https:\\\/\\\/allasorias.hu\\\/hirek\\\/kevesebben-jelentkeznek-diakmunkara\\\/#listItem\",\"position\":3,\"name\":\"Kevesebben jelentkeznek di\\u00e1kmunk\\u00e1ra\",\"previousItem\":{\"@type\":\"ListItem\",\"@id\":\"https:\\\/\\\/allasorias.hu\\\/hirek\\\/temak\\\/munkaeropiac\\\/#listItem\",\"name\":\"Munkaer\\u0151piac\"}}]},{\"@type\":\"Organization\",\"@id\":\"https:\\\/\\\/allasorias.hu\\\/hirek\\\/#organization\",\"name\":\"AllasOrias.hu | H\\u00edrek-lapszemle\",\"description\":\"\\u00dczleti h\\u00edrek az \\u00e1ll\\u00e1s \\u00e9s a munka vil\\u00e1g\\u00e1b\\u00f3l\",\"url\":\"https:\\\/\\\/allasorias.hu\\\/hirek\\\/\",\"logo\":{\"@type\":\"ImageObject\",\"url\":\"https:\\\/\\\/allasorias.hu\\\/hirek\\\/wp-content\\\/uploads\\\/2022\\\/10\\\/allasorias_site_facebok_logo.png\",\"@id\":\"https:\\\/\\\/allasorias.hu\\\/hirek\\\/kevesebben-jelentkeznek-diakmunkara\\\/#organizationLogo\"},\"image\":{\"@id\":\"https:\\\/\\\/allasorias.hu\\\/hirek\\\/kevesebben-jelentkeznek-diakmunkara\\\/#organizationLogo\"},\"sameAs\":[\"https:\\\/\\\/www.facebook.com\\\/allasorias\",\"https:\\\/\\\/www.linkedin.com\\\/company\\\/allasorias\"]},{\"@type\":\"Person\",\"@id\":\"https:\\\/\\\/allasorias.hu\\\/hirek\\\/author\\\/admin-allasorias\\\/#author\",\"url\":\"https:\\\/\\\/allasorias.hu\\\/hirek\\\/author\\\/admin-allasorias\\\/\",\"name\":\"Juh\\u00e1sz P\\u00e9ter\",\"image\":{\"@type\":\"ImageObject\",\"@id\":\"https:\\\/\\\/allasorias.hu\\\/hirek\\\/kevesebben-jelentkeznek-diakmunkara\\\/#authorImage\",\"url\":\"https:\\\/\\\/secure.gravatar.com\\\/avatar\\\/36e6bcb83148978b992977cb0f54d22feb0cce8a0a849a9410532bb2623ba4c6?s=96&d=mm&r=g\",\"width\":96,\"height\":96,\"caption\":\"Juh\\u00e1sz P\\u00e9ter\"}},{\"@type\":\"WebPage\",\"@id\":\"https:\\\/\\\/allasorias.hu\\\/hirek\\\/kevesebben-jelentkeznek-diakmunkara\\\/#webpage\",\"url\":\"https:\\\/\\\/allasorias.hu\\\/hirek\\\/kevesebben-jelentkeznek-diakmunkara\\\/\",\"name\":\"Kevesebben jelentkeznek di\\u00e1kmunk\\u00e1ra | AllasOrias.hu | H\\u00edrek-lapszemle\",\"description\":\"A di\\u00e1ksz\\u00f6vetkezetek el\\u0151rejelz\\u00e9se szerint nem lesz annyi munkalehet\\u0151s\\u00e9g\\u00fck a fiataloknak mint amennyi volt a koronav\\u00edrus j\\u00e1rv\\u00e1ny el\\u0151tti id\\u0151szakban. J\\u00f3val kevesebben jelentkeztek a di\\u00e1kok munk\\u00e1ra a sz\\u00f6vetkezetekn\\u00e9l. A di\\u00e1ksz\\u00f6vetkezetekn\\u00e9l egyes ter\\u00fcleteken t\\u00f6bb mint 70 sz\\u00e1zal\\u00e9kkal cs\\u00f6kkent a di\\u00e1k munkav\\u00e1llal\\u00f3k sz\\u00e1ma. A j\\u00e1rv\\u00e1nyban \\u00e9rintett szektorokban \\u00e9rtelemszer\\u0171en di\\u00e1kmunka sincs, ilyenek a mozik, a vend\\u00e9gl\\u00e1t\\u00e1s \\u00e9s a turizmus \\u2013\",\"inLanguage\":\"hu-HU\",\"isPartOf\":{\"@id\":\"https:\\\/\\\/allasorias.hu\\\/hirek\\\/#website\"},\"breadcrumb\":{\"@id\":\"https:\\\/\\\/allasorias.hu\\\/hirek\\\/kevesebben-jelentkeznek-diakmunkara\\\/#breadcrumblist\"},\"author\":{\"@id\":\"https:\\\/\\\/allasorias.hu\\\/hirek\\\/author\\\/admin-allasorias\\\/#author\"},\"creator\":{\"@id\":\"https:\\\/\\\/allasorias.hu\\\/hirek\\\/author\\\/admin-allasorias\\\/#author\"},\"image\":{\"@type\":\"ImageObject\",\"url\":\"https:\\\/\\\/allasorias.hu\\\/hirek\\\/wp-content\\\/uploads\\\/2019\\\/04\\\/opposites-3808487_640.jpg\",\"@id\":\"https:\\\/\\\/allasorias.hu\\\/hirek\\\/kevesebben-jelentkeznek-diakmunkara\\\/#mainImage\",\"width\":640,\"height\":417},\"primaryImageOfPage\":{\"@id\":\"https:\\\/\\\/allasorias.hu\\\/hirek\\\/kevesebben-jelentkeznek-diakmunkara\\\/#mainImage\"},\"datePublished\":\"2020-05-07T08:12:30+02:00\",\"dateModified\":\"2020-05-07T08:12:30+02:00\"},{\"@type\":\"WebSite\",\"@id\":\"https:\\\/\\\/allasorias.hu\\\/hirek\\\/#website\",\"url\":\"https:\\\/\\\/allasorias.hu\\\/hirek\\\/\",\"name\":\"AllasOrias.hu | H\\u00edrek-lapszemle\",\"description\":\"\\u00dczleti h\\u00edrek az \\u00e1ll\\u00e1s \\u00e9s a munka vil\\u00e1g\\u00e1b\\u00f3l\",\"inLanguage\":\"hu-HU\",\"publisher\":{\"@id\":\"https:\\\/\\\/allasorias.hu\\\/hirek\\\/#organization\"}}]}\n\t\t<\/script>\n\t\t<!-- All in One SEO -->\n\n","aioseo_head_json":{"title":"Kevesebben jelentkeznek di\u00e1kmunk\u00e1ra | AllasOrias.hu | H\u00edrek-lapszemle","description":"A di\u00e1ksz\u00f6vetkezetek el\u0151rejelz\u00e9se szerint nem lesz annyi munkalehet\u0151s\u00e9g\u00fck a fiataloknak mint amennyi volt a koronav\u00edrus j\u00e1rv\u00e1ny el\u0151tti id\u0151szakban. J\u00f3val kevesebben jelentkeztek a di\u00e1kok munk\u00e1ra a sz\u00f6vetkezetekn\u00e9l. A di\u00e1ksz\u00f6vetkezetekn\u00e9l egyes ter\u00fcleteken t\u00f6bb mint 70 sz\u00e1zal\u00e9kkal cs\u00f6kkent a di\u00e1k munkav\u00e1llal\u00f3k sz\u00e1ma. A j\u00e1rv\u00e1nyban \u00e9rintett szektorokban \u00e9rtelemszer\u0171en di\u00e1kmunka sincs, ilyenek a mozik, a vend\u00e9gl\u00e1t\u00e1s \u00e9s a turizmus \u2013","canonical_url":"https:\/\/allasorias.hu\/hirek\/kevesebben-jelentkeznek-diakmunkara\/","robots":"max-image-preview:large","keywords":"","webmasterTools":{"miscellaneous":""},"schema":{"@context":"https:\/\/schema.org","@graph":[{"@type":"Article","@id":"https:\/\/allasorias.hu\/hirek\/kevesebben-jelentkeznek-diakmunkara\/#article","name":"Kevesebben jelentkeznek di\u00e1kmunk\u00e1ra | AllasOrias.hu | H\u00edrek-lapszemle","headline":"Kevesebben jelentkeznek di\u00e1kmunk\u00e1ra","author":{"@id":"https:\/\/allasorias.hu\/hirek\/author\/admin-allasorias\/#author"},"publisher":{"@id":"https:\/\/allasorias.hu\/hirek\/#organization"},"image":{"@type":"ImageObject","url":"https:\/\/allasorias.hu\/hirek\/wp-content\/uploads\/2019\/04\/opposites-3808487_640.jpg","width":640,"height":417},"datePublished":"2020-05-07T08:12:30+02:00","dateModified":"2020-05-07T08:12:30+02:00","inLanguage":"hu-HU","mainEntityOfPage":{"@id":"https:\/\/allasorias.hu\/hirek\/kevesebben-jelentkeznek-diakmunkara\/#webpage"},"isPartOf":{"@id":"https:\/\/allasorias.hu\/hirek\/kevesebben-jelentkeznek-diakmunkara\/#webpage"},"articleSection":"Munkaer\u0151piac"},{"@type":"BreadcrumbList","@id":"https:\/\/allasorias.hu\/hirek\/kevesebben-jelentkeznek-diakmunkara\/#breadcrumblist","itemListElement":[{"@type":"ListItem","@id":"https:\/\/allasorias.hu\/hirek#listItem","position":1,"name":"Home","item":"https:\/\/allasorias.hu\/hirek","nextItem":{"@type":"ListItem","@id":"https:\/\/allasorias.hu\/hirek\/temak\/munkaeropiac\/#listItem","name":"Munkaer\u0151piac"}},{"@type":"ListItem","@id":"https:\/\/allasorias.hu\/hirek\/temak\/munkaeropiac\/#listItem","position":2,"name":"Munkaer\u0151piac","item":"https:\/\/allasorias.hu\/hirek\/temak\/munkaeropiac\/","nextItem":{"@type":"ListItem","@id":"https:\/\/allasorias.hu\/hirek\/kevesebben-jelentkeznek-diakmunkara\/#listItem","name":"Kevesebben jelentkeznek di\u00e1kmunk\u00e1ra"},"previousItem":{"@type":"ListItem","@id":"https:\/\/allasorias.hu\/hirek#listItem","name":"Home"}},{"@type":"ListItem","@id":"https:\/\/allasorias.hu\/hirek\/kevesebben-jelentkeznek-diakmunkara\/#listItem","position":3,"name":"Kevesebben jelentkeznek di\u00e1kmunk\u00e1ra","previousItem":{"@type":"ListItem","@id":"https:\/\/allasorias.hu\/hirek\/temak\/munkaeropiac\/#listItem","name":"Munkaer\u0151piac"}}]},{"@type":"Organization","@id":"https:\/\/allasorias.hu\/hirek\/#organization","name":"AllasOrias.hu | H\u00edrek-lapszemle","description":"\u00dczleti h\u00edrek az \u00e1ll\u00e1s \u00e9s a munka vil\u00e1g\u00e1b\u00f3l","url":"https:\/\/allasorias.hu\/hirek\/","logo":{"@type":"ImageObject","url":"https:\/\/allasorias.hu\/hirek\/wp-content\/uploads\/2022\/10\/allasorias_site_facebok_logo.png","@id":"https:\/\/allasorias.hu\/hirek\/kevesebben-jelentkeznek-diakmunkara\/#organizationLogo"},"image":{"@id":"https:\/\/allasorias.hu\/hirek\/kevesebben-jelentkeznek-diakmunkara\/#organizationLogo"},"sameAs":["https:\/\/www.facebook.com\/allasorias","https:\/\/www.linkedin.com\/company\/allasorias"]},{"@type":"Person","@id":"https:\/\/allasorias.hu\/hirek\/author\/admin-allasorias\/#author","url":"https:\/\/allasorias.hu\/hirek\/author\/admin-allasorias\/","name":"Juh\u00e1sz P\u00e9ter","image":{"@type":"ImageObject","@id":"https:\/\/allasorias.hu\/hirek\/kevesebben-jelentkeznek-diakmunkara\/#authorImage","url":"https:\/\/secure.gravatar.com\/avatar\/36e6bcb83148978b992977cb0f54d22feb0cce8a0a849a9410532bb2623ba4c6?s=96&d=mm&r=g","width":96,"height":96,"caption":"Juh\u00e1sz P\u00e9ter"}},{"@type":"WebPage","@id":"https:\/\/allasorias.hu\/hirek\/kevesebben-jelentkeznek-diakmunkara\/#webpage","url":"https:\/\/allasorias.hu\/hirek\/kevesebben-jelentkeznek-diakmunkara\/","name":"Kevesebben jelentkeznek di\u00e1kmunk\u00e1ra | AllasOrias.hu | H\u00edrek-lapszemle","description":"A di\u00e1ksz\u00f6vetkezetek el\u0151rejelz\u00e9se szerint nem lesz annyi munkalehet\u0151s\u00e9g\u00fck a fiataloknak mint amennyi volt a koronav\u00edrus j\u00e1rv\u00e1ny el\u0151tti id\u0151szakban. J\u00f3val kevesebben jelentkeztek a di\u00e1kok munk\u00e1ra a sz\u00f6vetkezetekn\u00e9l. A di\u00e1ksz\u00f6vetkezetekn\u00e9l egyes ter\u00fcleteken t\u00f6bb mint 70 sz\u00e1zal\u00e9kkal cs\u00f6kkent a di\u00e1k munkav\u00e1llal\u00f3k sz\u00e1ma. A j\u00e1rv\u00e1nyban \u00e9rintett szektorokban \u00e9rtelemszer\u0171en di\u00e1kmunka sincs, ilyenek a mozik, a vend\u00e9gl\u00e1t\u00e1s \u00e9s a turizmus \u2013","inLanguage":"hu-HU","isPartOf":{"@id":"https:\/\/allasorias.hu\/hirek\/#website"},"breadcrumb":{"@id":"https:\/\/allasorias.hu\/hirek\/kevesebben-jelentkeznek-diakmunkara\/#breadcrumblist"},"author":{"@id":"https:\/\/allasorias.hu\/hirek\/author\/admin-allasorias\/#author"},"creator":{"@id":"https:\/\/allasorias.hu\/hirek\/author\/admin-allasorias\/#author"},"image":{"@type":"ImageObject","url":"https:\/\/allasorias.hu\/hirek\/wp-content\/uploads\/2019\/04\/opposites-3808487_640.jpg","@id":"https:\/\/allasorias.hu\/hirek\/kevesebben-jelentkeznek-diakmunkara\/#mainImage","width":640,"height":417},"primaryImageOfPage":{"@id":"https:\/\/allasorias.hu\/hirek\/kevesebben-jelentkeznek-diakmunkara\/#mainImage"},"datePublished":"2020-05-07T08:12:30+02:00","dateModified":"2020-05-07T08:12:30+02:00"},{"@type":"WebSite","@id":"https:\/\/allasorias.hu\/hirek\/#website","url":"https:\/\/allasorias.hu\/hirek\/","name":"AllasOrias.hu | H\u00edrek-lapszemle","description":"\u00dczleti h\u00edrek az \u00e1ll\u00e1s \u00e9s a munka vil\u00e1g\u00e1b\u00f3l","inLanguage":"hu-HU","publisher":{"@id":"https:\/\/allasorias.hu\/hirek\/#organization"}}]},"og:locale":"hu_HU","og:site_name":"AllasOrias.hu | H\u00edrek-lapszemle | \u00dczleti h\u00edrek az \u00e1ll\u00e1s \u00e9s a munka vil\u00e1g\u00e1b\u00f3l","og:type":"article","og:title":"Kevesebben jelentkeznek di\u00e1kmunk\u00e1ra | AllasOrias.hu | H\u00edrek-lapszemle","og:description":"A di\u00e1ksz\u00f6vetkezetek el\u0151rejelz\u00e9se szerint nem lesz annyi munkalehet\u0151s\u00e9g\u00fck a fiataloknak mint amennyi volt a koronav\u00edrus j\u00e1rv\u00e1ny el\u0151tti id\u0151szakban. J\u00f3val kevesebben jelentkeztek a di\u00e1kok munk\u00e1ra a sz\u00f6vetkezetekn\u00e9l. A di\u00e1ksz\u00f6vetkezetekn\u00e9l egyes ter\u00fcleteken t\u00f6bb mint 70 sz\u00e1zal\u00e9kkal cs\u00f6kkent a di\u00e1k munkav\u00e1llal\u00f3k sz\u00e1ma. A j\u00e1rv\u00e1nyban \u00e9rintett szektorokban \u00e9rtelemszer\u0171en di\u00e1kmunka sincs, ilyenek a mozik, a vend\u00e9gl\u00e1t\u00e1s \u00e9s a turizmus \u2013","og:url":"https:\/\/allasorias.hu\/hirek\/kevesebben-jelentkeznek-diakmunkara\/","og:image":"https:\/\/allasorias.hu\/hirek\/wp-content\/uploads\/2019\/04\/opposites-3808487_640.jpg","og:image:secure_url":"https:\/\/allasorias.hu\/hirek\/wp-content\/uploads\/2019\/04\/opposites-3808487_640.jpg","og:image:width":640,"og:image:height":417,"article:published_time":"2020-05-07T08:12:30+00:00","article:modified_time":"2020-05-07T08:12:30+00:00","article:publisher":"https:\/\/www.facebook.com\/allasorias","twitter:card":"summary_large_image","twitter:title":"Kevesebben jelentkeznek di\u00e1kmunk\u00e1ra | AllasOrias.hu | H\u00edrek-lapszemle","twitter:description":"A di\u00e1ksz\u00f6vetkezetek el\u0151rejelz\u00e9se szerint nem lesz annyi munkalehet\u0151s\u00e9g\u00fck a fiataloknak mint amennyi volt a koronav\u00edrus j\u00e1rv\u00e1ny el\u0151tti id\u0151szakban. J\u00f3val kevesebben jelentkeztek a di\u00e1kok munk\u00e1ra a sz\u00f6vetkezetekn\u00e9l. A di\u00e1ksz\u00f6vetkezetekn\u00e9l egyes ter\u00fcleteken t\u00f6bb mint 70 sz\u00e1zal\u00e9kkal cs\u00f6kkent a di\u00e1k munkav\u00e1llal\u00f3k sz\u00e1ma. A j\u00e1rv\u00e1nyban \u00e9rintett szektorokban \u00e9rtelemszer\u0171en di\u00e1kmunka sincs, ilyenek a mozik, a vend\u00e9gl\u00e1t\u00e1s \u00e9s a turizmus \u2013","twitter:image":"https:\/\/allasorias.hu\/hirek\/wp-content\/uploads\/2019\/04\/opposites-3808487_640.jpg","twitter:label1":"Written by","twitter:data1":"Juh\u00e1sz P\u00e9ter","twitter:label2":"Est. reading time","twitter:data2":"2 minutes"},"aioseo_meta_data":{"post_id":"3951","title":null,"description":null,"keywords":null,"keyphrases":null,"primary_term":null,"canonical_url":null,"og_title":null,"og_description":null,"og_object_type":"default","og_image_type":"default","og_image_url":null,"og_image_width":null,"og_image_height":null,"og_image_custom_url":null,"og_image_custom_fields":null,"og_video":null,"og_custom_url":null,"og_article_section":null,"og_article_tags":null,"twitter_use_og":false,"twitter_card":"default","twitter_image_type":"default","twitter_image_url":null,"twitter_image_custom_url":null,"twitter_image_custom_fields":null,"twitter_title":null,"twitter_description":null,"schema":{"blockGraphs":[],"customGraphs":[],"default":{"data":{"Article":[],"Course":[],"Dataset":[],"FAQPage":[],"Movie":[],"Person":[],"Product":[],"ProductReview":[],"Car":[],"Recipe":[],"Service":[],"SoftwareApplication":[],"WebPage":[]},"graphName":"","isEnabled":true},"graphs":[],"defaultGraph":"","defaultPostTypeGraph":""},"schema_type":null,"schema_type_options":null,"pillar_content":false,"robots_default":true,"robots_noindex":false,"robots_noarchive":false,"robots_nosnippet":false,"robots_nofollow":false,"robots_noimageindex":false,"robots_noodp":false,"robots_notranslate":false,"robots_max_snippet":null,"robots_max_videopreview":null,"robots_max_imagepreview":"large","priority":null,"frequency":null,"location":null,"local_seo":null,"breadcrumb_settings":null,"limit_modified_date":false,"ai":null,"created":"2021-02-01 21:28:17","updated":"2025-10-02 13:48:43","seo_analyzer_scan_date":null,"focus_keyword":null,"additional_keywords":null,"truseo_locale":null},"aioseo_breadcrumb":"<div class=\"aioseo-breadcrumbs\"><span class=\"aioseo-breadcrumb\">\n\t\t\t<a href=\"https:\/\/allasorias.hu\/hirek\" title=\"Home\">Home<\/a>\n\t\t<\/span><span class=\"aioseo-breadcrumb-separator\">&raquo;<\/span><span class=\"aioseo-breadcrumb\">\n\t\t\t<a href=\"https:\/\/allasorias.hu\/hirek\/temak\/munkaeropiac\/\" title=\"Munkaer\u0151piac\">Munkaer\u0151piac<\/a>\n\t\t<\/span><span class=\"aioseo-breadcrumb-separator\">&raquo;<\/span><span class=\"aioseo-breadcrumb\">\n\t\t\tKevesebben jelentkeznek di\u00e1kmunk\u00e1ra\n\t\t<\/span><\/div>","aioseo_breadcrumb_json":[{"label":"Home","link":"https:\/\/allasorias.hu\/hirek"},{"label":"Munkaer\u0151piac","link":"https:\/\/allasorias.hu\/hirek\/temak\/munkaeropiac\/"},{"label":"Kevesebben jelentkeznek di\u00e1kmunk\u00e1ra","link":"https:\/\/allasorias.hu\/hirek\/kevesebben-jelentkeznek-diakmunkara\/"}],"_links":{"self":[{"href":"https:\/\/allasorias.hu\/hirek\/wp-json\/wp\/v2\/posts\/3951","targetHints":{"allow":["GET"]}}],"collection":[{"href":"https:\/\/allasorias.hu\/hirek\/wp-json\/wp\/v2\/posts"}],"about":[{"href":"https:\/\/allasorias.hu\/hirek\/wp-json\/wp\/v2\/types\/post"}],"author":[{"embeddable":true,"href":"https:\/\/allasorias.hu\/hirek\/wp-json\/wp\/v2\/users\/1"}],"replies":[{"embeddable":true,"href":"https:\/\/allasorias.hu\/hirek\/wp-json\/wp\/v2\/comments?post=3951"}],"version-history":[{"count":1,"href":"https:\/\/allasorias.hu\/hirek\/wp-json\/wp\/v2\/posts\/3951\/revisions"}],"predecessor-version":[{"id":3952,"href":"https:\/\/allasorias.hu\/hirek\/wp-json\/wp\/v2\/posts\/3951\/revisions\/3952"}],"wp:featuredmedia":[{"embeddable":true,"href":"https:\/\/allasorias.hu\/hirek\/wp-json\/wp\/v2\/media\/2815"}],"wp:attachment":[{"href":"https:\/\/allasorias.hu\/hirek\/wp-json\/wp\/v2\/media?parent=3951"}],"wp:term":[{"taxonomy":"category","embeddable":true,"href":"https:\/\/allasorias.hu\/hirek\/wp-json\/wp\/v2\/categories?post=3951"},{"taxonomy":"post_tag","embeddable":true,"href":"https:\/\/allasorias.hu\/hirek\/wp-json\/wp\/v2\/tags?post=3951"}],"curies":[{"name":"wp","href":"https:\/\/api.w.org\/{rel}","templated":true}]}}