{"id":3947,"date":"2020-05-05T07:50:06","date_gmt":"2020-05-05T07:50:06","guid":{"rendered":"https:\/\/allasorias.hu\/hirek\/?p=3947"},"modified":"2020-05-05T07:57:27","modified_gmt":"2020-05-05T07:57:27","slug":"a-munkaero-kozvetitokre-szamit-a-kormany","status":"publish","type":"post","link":"https:\/\/allasorias.hu\/hirek\/a-munkaero-kozvetitokre-szamit-a-kormany\/","title":{"rendered":"A munkaer\u0151 k\u00f6zvet\u00edt\u0151kre sz\u00e1m\u00edt a korm\u00e1ny"},"content":{"rendered":"<p><strong>A korm\u00e1ny sz\u00e1m\u00edt a munkaer\u0151-k\u00f6lcs\u00f6nz\u0151 \u00e9s munkaer\u0151-k\u00f6zvet\u00edt\u0151 c\u00e9gekre a j\u00e1rv\u00e1ny ut\u00e1ni gazdas\u00e1gi fellend\u00edt\u0151 folyamatban. A k\u00fclgazdas\u00e1gi \u00e9s k\u00fcl\u00fcgyminiszter strat\u00e9giai egy\u00fcttm\u0171k\u00f6d\u00e9si meg\u00e1llapod\u00e1st \u00edrt al\u00e1 a Prohum\u00e1n Kft.-vel. <\/strong><\/p>\n<p>A j\u00e1rv\u00e1nyvesz\u00e9ly fel\u00e9rt\u00e9keli a munkaer\u0151-gazd\u00e1lkod\u00e1sban szerzett tapasztalatokat, a korm\u00e1ny ez\u00e9rt a d\u00f6nt\u00e9shozatalban is sz\u00e1m\u00edt Prohum\u00e1n \u00e9szrev\u00e9teleire \u2013 jelentette ki Sz\u00edjj\u00e1rt\u00f3 P\u00e9ter. Magyarorsz\u00e1gon 2002 \u00f3ta lehet k\u00f6zvet\u00edt\u0151 c\u00e9gekt\u0151l alkalmazottakat b\u00e9relni. A munkaer\u0151-k\u00f6lcs\u00f6nz\u00e9s az\u00f3ta \u00e9vi t\u00f6bb sz\u00e1zmilli\u00e1rd forint forgalmat termel\u0151 ipar\u00e1gg\u00e1 fejl\u0151d\u00f6tt. A korm\u00e1ny a h\u00e9tf\u0151i meg\u00e1llapod\u00e1st megel\u0151z\u0151en 84 c\u00e9ggel l\u00e9tes\u00edtett strat\u00e9giai egy\u00fcttm\u0171k\u00f6d\u00e9st, \u00e9s ezzel is magyar\u00e1zhat\u00f3, hogy az \u00e9rintett c\u00e9gek 25 ezerrel t\u00f6bb munkav\u00e1llal\u00f3t foglalkoztatnak, \u00e9s 5 sz\u00e1zal\u00e9kkal n\u00f6velt\u00e9k a magyar c\u00e9gek ar\u00e1ny\u00e1t a besz\u00e1ll\u00edt\u00f3ik k\u00f6z\u00f6tt &#8211; m\u00e9ltatta a magas szint\u0171 v\u00e1llalati kapcsolatokat a t\u00e1rcavezet\u0151. \u00d6sszegz\u00e9se szerint csak a belf\u00f6ldi besz\u00e1ll\u00edt\u00f3k b\u0151v\u00fcl\u0151 r\u00e9szesed\u00e9se t\u00f6bb sz\u00e1zmilli\u00f3 eur\u00f3nyi megrendel\u00e9st\u00f6bbletet hozhatott az \u00e9rintetteknek. Szijj\u00e1rt\u00f3 P\u00e9ter \u00fagy v\u00e9li, hogy Magyarorsz\u00e1g kedvez\u0151 helyzetben \u00e1llhat a gazdas\u00e1gi \u00fajrakezd\u00e9s el\u00e9, \u00e9s nem kell lemondania arr\u00f3l sem, hogy a t\u00e9rs\u00e9g legvonz\u00f3bb befektet\u00e9si c\u00e9lpontja maradjon. Ennek ugyanakkor a szakk\u00e9pzett munkaer\u0151 is felt\u00e9tele amellett, hogy a v\u00e1llalkoz\u00e1sokat ad\u00f3cs\u00f6kkent\u00e9s, b\u00e9rt\u00e1mogat\u00e1s, 2 ezermilli\u00e1rd forint hitel- \u00e9s 500 milli\u00e1rd forint garanciakeret seg\u00edti a rendk\u00edv\u00fcli helyzetben &#8211; hangs\u00falyozta. A Prohum\u00e1n \u00fcgyvezet\u0151 igazgat\u00f3ja k\u00f6zrem\u0171k\u00f6d\u00e9st \u00edg\u00e9rt a korm\u00e1nynak abban, hogy a lehet\u0151 legkevesebb munkahely sz\u0171nj\u00f6n meg, tov\u00e1bb\u00e1 min\u00e9l t\u00f6bb munkaad\u00f3, \u00e9s befektet\u00e9s \u00e9rkezzen k\u00fclf\u00f6ldr\u0151l. 25 \u00e9ves tapasztalataira \u00e9p\u00edtve a c\u00e9g \u00f6sszek\u00f6t\u0151 szerepet v\u00e1llalhat a munkaad\u00f3k \u00e9s a munkav\u00e1llal\u00f3k k\u00f6z\u00f6tt az \u00e1talakul\u00f3 gazdas\u00e1gi viszonyok k\u00f6z\u00f6tt &#8211; tette hozz\u00e1 Zakor S\u00e1ndor. A budapesti sz\u00e9khely\u0171 Prohum\u00e1n 2004 Munkaer\u0151 Szolg\u00e1ltat\u00f3 \u00e9s Tan\u00e1csad\u00f3 Kft. a t\u00e9rs\u00e9gben meghat\u00e1roz\u00f3, Magyarorsz\u00e1gon pedig piacvezet\u0151 v\u00e1llalkoz\u00e1s munkaer\u0151-k\u00f6zvet\u00edt\u00e9sben \u00e9s munkaer\u0151-k\u00f6lcs\u00f6nz\u00e9sben.A c\u00e9gvezet\u0151 k\u00f6zl\u00e9se szerint 8 orsz\u00e1gban naponta 17 ezer munkav\u00e1llal\u00f3nak biztos\u00edtanak \u00e1ll\u00e1slehet\u0151s\u00e9get. A Prohum\u00e1n nett\u00f3 \u00e1rbev\u00e9tele 2017-ben megk\u00f6zel\u00edtette a 29 milli\u00e1rd forintot, 2018-ban meghaladta a 34 milli\u00e1rd forintot. Ad\u00f3zott eredm\u00e9nye ek\u00f6zben 941,5 milli\u00f3 forintr\u00f3l 1,2 milli\u00e1rd forintra n\u0151tt &#8211; der\u00fcl ki a nyilv\u00e1nos c\u00e9gadatokb\u00f3l.<\/p>\n<p>&nbsp;<\/p>\n<p>Forr\u00e1s: kormany.hu, MTI<\/p>\n<p>&nbsp;<\/p>\n","protected":false},"excerpt":{"rendered":"<p>A korm\u00e1ny sz\u00e1m\u00edt a munkaer\u0151-k\u00f6lcs\u00f6nz\u0151 \u00e9s munkaer\u0151-k\u00f6zvet\u00edt\u0151 c\u00e9gekre a j\u00e1rv\u00e1ny ut\u00e1ni gazdas\u00e1gi fellend\u00edt\u0151 folyamatban. A k\u00fclgazdas\u00e1gi \u00e9s k\u00fcl\u00fcgyminiszter strat\u00e9giai egy\u00fcttm\u0171k\u00f6d\u00e9si meg\u00e1llapod\u00e1st \u00edrt al\u00e1 a Prohum\u00e1n Kft.-vel. A j\u00e1rv\u00e1nyvesz\u00e9ly fel\u00e9rt\u00e9keli a munkaer\u0151-gazd\u00e1lkod\u00e1sban szerzett tapasztalatokat, a korm\u00e1ny ez\u00e9rt a d\u00f6nt\u00e9shozatalban is sz\u00e1m\u00edt Prohum\u00e1n \u00e9szrev\u00e9teleire \u2013 jelentette ki Sz\u00edjj\u00e1rt\u00f3 P\u00e9ter. Magyarorsz\u00e1gon 2002 \u00f3ta lehet k\u00f6zvet\u00edt\u0151 c\u00e9gekt\u0151l alkalmazottakat b\u00e9relni. [&hellip;]<\/p>\n","protected":false},"author":1,"featured_media":2248,"comment_status":"open","ping_status":"open","sticky":false,"template":"","format":"standard","meta":{"_monsterinsights_skip_tracking":false,"footnotes":""},"categories":[198,200],"tags":[],"class_list":["post-3947","post","type-post","status-publish","format-standard","has-post-thumbnail","hentry","category-gazdasag","category-munkaeropiac"],"aioseo_notices":[],"aioseo_head":"\n\t\t<!-- All in One SEO 5.0.0.1 - aioseo.com -->\n\t<meta name=\"description\" content=\"A korm\u00e1ny sz\u00e1m\u00edt a munkaer\u0151-k\u00f6lcs\u00f6nz\u0151 \u00e9s munkaer\u0151-k\u00f6zvet\u00edt\u0151 c\u00e9gekre a j\u00e1rv\u00e1ny ut\u00e1ni gazdas\u00e1gi fellend\u00edt\u0151 folyamatban. A k\u00fclgazdas\u00e1gi \u00e9s k\u00fcl\u00fcgyminiszter strat\u00e9giai egy\u00fcttm\u0171k\u00f6d\u00e9si meg\u00e1llapod\u00e1st \u00edrt al\u00e1 a Prohum\u00e1n Kft.-vel. A j\u00e1rv\u00e1nyvesz\u00e9ly fel\u00e9rt\u00e9keli a munkaer\u0151-gazd\u00e1lkod\u00e1sban szerzett tapasztalatokat, a korm\u00e1ny ez\u00e9rt a d\u00f6nt\u00e9shozatalban is sz\u00e1m\u00edt Prohum\u00e1n \u00e9szrev\u00e9teleire \u2013 jelentette ki Sz\u00edjj\u00e1rt\u00f3 P\u00e9ter. Magyarorsz\u00e1gon 2002 \u00f3ta lehet k\u00f6zvet\u00edt\u0151 c\u00e9gekt\u0151l alkalmazottakat b\u00e9relni.\" \/>\n\t<meta name=\"robots\" content=\"max-image-preview:large\" \/>\n\t<meta name=\"author\" content=\"Juh\u00e1sz P\u00e9ter\"\/>\n\t<link rel=\"canonical\" href=\"https:\/\/allasorias.hu\/hirek\/a-munkaero-kozvetitokre-szamit-a-kormany\/\" \/>\n\t<meta name=\"generator\" content=\"All in One SEO (AIOSEO) 5.0.0.1\" \/>\n\t\t<meta property=\"og:locale\" content=\"hu_HU\" \/>\n\t\t<meta property=\"og:site_name\" content=\"AllasOrias.hu | H\u00edrek-lapszemle | \u00dczleti h\u00edrek az \u00e1ll\u00e1s \u00e9s a munka vil\u00e1g\u00e1b\u00f3l\" \/>\n\t\t<meta property=\"og:type\" content=\"article\" \/>\n\t\t<meta property=\"og:title\" content=\"A munkaer\u0151 k\u00f6zvet\u00edt\u0151kre sz\u00e1m\u00edt a korm\u00e1ny | AllasOrias.hu | H\u00edrek-lapszemle\" \/>\n\t\t<meta property=\"og:description\" content=\"A korm\u00e1ny sz\u00e1m\u00edt a munkaer\u0151-k\u00f6lcs\u00f6nz\u0151 \u00e9s munkaer\u0151-k\u00f6zvet\u00edt\u0151 c\u00e9gekre a j\u00e1rv\u00e1ny ut\u00e1ni gazdas\u00e1gi fellend\u00edt\u0151 folyamatban. A k\u00fclgazdas\u00e1gi \u00e9s k\u00fcl\u00fcgyminiszter strat\u00e9giai egy\u00fcttm\u0171k\u00f6d\u00e9si meg\u00e1llapod\u00e1st \u00edrt al\u00e1 a Prohum\u00e1n Kft.-vel. A j\u00e1rv\u00e1nyvesz\u00e9ly fel\u00e9rt\u00e9keli a munkaer\u0151-gazd\u00e1lkod\u00e1sban szerzett tapasztalatokat, a korm\u00e1ny ez\u00e9rt a d\u00f6nt\u00e9shozatalban is sz\u00e1m\u00edt Prohum\u00e1n \u00e9szrev\u00e9teleire \u2013 jelentette ki Sz\u00edjj\u00e1rt\u00f3 P\u00e9ter. Magyarorsz\u00e1gon 2002 \u00f3ta lehet k\u00f6zvet\u00edt\u0151 c\u00e9gekt\u0151l alkalmazottakat b\u00e9relni.\" \/>\n\t\t<meta property=\"og:url\" content=\"https:\/\/allasorias.hu\/hirek\/a-munkaero-kozvetitokre-szamit-a-kormany\/\" \/>\n\t\t<meta property=\"og:image\" content=\"https:\/\/allasorias.hu\/hirek\/wp-content\/uploads\/2018\/11\/lead_560w-1.jpg\" \/>\n\t\t<meta property=\"og:image:secure_url\" content=\"https:\/\/allasorias.hu\/hirek\/wp-content\/uploads\/2018\/11\/lead_560w-1.jpg\" \/>\n\t\t<meta property=\"og:image:width\" content=\"560\" \/>\n\t\t<meta property=\"og:image:height\" content=\"420\" \/>\n\t\t<meta property=\"article:published_time\" content=\"2020-05-05T07:50:06+00:00\" \/>\n\t\t<meta property=\"article:modified_time\" content=\"2020-05-05T07:57:27+00:00\" \/>\n\t\t<meta property=\"article:publisher\" content=\"https:\/\/www.facebook.com\/allasorias\" \/>\n\t\t<meta name=\"twitter:card\" content=\"summary_large_image\" \/>\n\t\t<meta name=\"twitter:title\" content=\"A munkaer\u0151 k\u00f6zvet\u00edt\u0151kre sz\u00e1m\u00edt a korm\u00e1ny | AllasOrias.hu | H\u00edrek-lapszemle\" \/>\n\t\t<meta name=\"twitter:description\" content=\"A korm\u00e1ny sz\u00e1m\u00edt a munkaer\u0151-k\u00f6lcs\u00f6nz\u0151 \u00e9s munkaer\u0151-k\u00f6zvet\u00edt\u0151 c\u00e9gekre a j\u00e1rv\u00e1ny ut\u00e1ni gazdas\u00e1gi fellend\u00edt\u0151 folyamatban. A k\u00fclgazdas\u00e1gi \u00e9s k\u00fcl\u00fcgyminiszter strat\u00e9giai egy\u00fcttm\u0171k\u00f6d\u00e9si meg\u00e1llapod\u00e1st \u00edrt al\u00e1 a Prohum\u00e1n Kft.-vel. A j\u00e1rv\u00e1nyvesz\u00e9ly fel\u00e9rt\u00e9keli a munkaer\u0151-gazd\u00e1lkod\u00e1sban szerzett tapasztalatokat, a korm\u00e1ny ez\u00e9rt a d\u00f6nt\u00e9shozatalban is sz\u00e1m\u00edt Prohum\u00e1n \u00e9szrev\u00e9teleire \u2013 jelentette ki Sz\u00edjj\u00e1rt\u00f3 P\u00e9ter. Magyarorsz\u00e1gon 2002 \u00f3ta lehet k\u00f6zvet\u00edt\u0151 c\u00e9gekt\u0151l alkalmazottakat b\u00e9relni.\" \/>\n\t\t<meta name=\"twitter:image\" content=\"https:\/\/allasorias.hu\/hirek\/wp-content\/uploads\/2018\/11\/lead_560w-1.jpg\" \/>\n\t\t<meta name=\"twitter:label1\" content=\"Written by\" \/>\n\t\t<meta name=\"twitter:data1\" content=\"Juh\u00e1sz P\u00e9ter\" \/>\n\t\t<meta name=\"twitter:label2\" content=\"Est. reading time\" \/>\n\t\t<meta name=\"twitter:data2\" content=\"2 minutes\" \/>\n\t\t<script type=\"application\/ld+json\" class=\"aioseo-schema\">\n\t\t\t{\"@context\":\"https:\\\/\\\/schema.org\",\"@graph\":[{\"@type\":\"Article\",\"@id\":\"https:\\\/\\\/allasorias.hu\\\/hirek\\\/a-munkaero-kozvetitokre-szamit-a-kormany\\\/#article\",\"name\":\"A munkaer\\u0151 k\\u00f6zvet\\u00edt\\u0151kre sz\\u00e1m\\u00edt a korm\\u00e1ny | AllasOrias.hu | H\\u00edrek-lapszemle\",\"headline\":\"A munkaer\\u0151 k\\u00f6zvet\\u00edt\\u0151kre sz\\u00e1m\\u00edt a korm\\u00e1ny\",\"author\":{\"@id\":\"https:\\\/\\\/allasorias.hu\\\/hirek\\\/author\\\/admin-allasorias\\\/#author\"},\"publisher\":{\"@id\":\"https:\\\/\\\/allasorias.hu\\\/hirek\\\/#organization\"},\"image\":{\"@type\":\"ImageObject\",\"url\":\"https:\\\/\\\/allasorias.hu\\\/hirek\\\/wp-content\\\/uploads\\\/2018\\\/11\\\/lead_560w-1.jpg\",\"width\":560,\"height\":420},\"datePublished\":\"2020-05-05T07:50:06+02:00\",\"dateModified\":\"2020-05-05T07:57:27+02:00\",\"inLanguage\":\"hu-HU\",\"mainEntityOfPage\":{\"@id\":\"https:\\\/\\\/allasorias.hu\\\/hirek\\\/a-munkaero-kozvetitokre-szamit-a-kormany\\\/#webpage\"},\"isPartOf\":{\"@id\":\"https:\\\/\\\/allasorias.hu\\\/hirek\\\/a-munkaero-kozvetitokre-szamit-a-kormany\\\/#webpage\"},\"articleSection\":\"Gazdas\\u00e1g, Munkaer\\u0151piac\"},{\"@type\":\"BreadcrumbList\",\"@id\":\"https:\\\/\\\/allasorias.hu\\\/hirek\\\/a-munkaero-kozvetitokre-szamit-a-kormany\\\/#breadcrumblist\",\"itemListElement\":[{\"@type\":\"ListItem\",\"@id\":\"https:\\\/\\\/allasorias.hu\\\/hirek#listItem\",\"position\":1,\"name\":\"Home\",\"item\":\"https:\\\/\\\/allasorias.hu\\\/hirek\",\"nextItem\":{\"@type\":\"ListItem\",\"@id\":\"https:\\\/\\\/allasorias.hu\\\/hirek\\\/temak\\\/gazdasag\\\/#listItem\",\"name\":\"Gazdas\\u00e1g\"}},{\"@type\":\"ListItem\",\"@id\":\"https:\\\/\\\/allasorias.hu\\\/hirek\\\/temak\\\/gazdasag\\\/#listItem\",\"position\":2,\"name\":\"Gazdas\\u00e1g\",\"item\":\"https:\\\/\\\/allasorias.hu\\\/hirek\\\/temak\\\/gazdasag\\\/\",\"nextItem\":{\"@type\":\"ListItem\",\"@id\":\"https:\\\/\\\/allasorias.hu\\\/hirek\\\/a-munkaero-kozvetitokre-szamit-a-kormany\\\/#listItem\",\"name\":\"A munkaer\\u0151 k\\u00f6zvet\\u00edt\\u0151kre sz\\u00e1m\\u00edt a korm\\u00e1ny\"},\"previousItem\":{\"@type\":\"ListItem\",\"@id\":\"https:\\\/\\\/allasorias.hu\\\/hirek#listItem\",\"name\":\"Home\"}},{\"@type\":\"ListItem\",\"@id\":\"https:\\\/\\\/allasorias.hu\\\/hirek\\\/a-munkaero-kozvetitokre-szamit-a-kormany\\\/#listItem\",\"position\":3,\"name\":\"A munkaer\\u0151 k\\u00f6zvet\\u00edt\\u0151kre sz\\u00e1m\\u00edt a korm\\u00e1ny\",\"previousItem\":{\"@type\":\"ListItem\",\"@id\":\"https:\\\/\\\/allasorias.hu\\\/hirek\\\/temak\\\/gazdasag\\\/#listItem\",\"name\":\"Gazdas\\u00e1g\"}}]},{\"@type\":\"Organization\",\"@id\":\"https:\\\/\\\/allasorias.hu\\\/hirek\\\/#organization\",\"name\":\"AllasOrias.hu | H\\u00edrek-lapszemle\",\"description\":\"\\u00dczleti h\\u00edrek az \\u00e1ll\\u00e1s \\u00e9s a munka vil\\u00e1g\\u00e1b\\u00f3l\",\"url\":\"https:\\\/\\\/allasorias.hu\\\/hirek\\\/\",\"logo\":{\"@type\":\"ImageObject\",\"url\":\"https:\\\/\\\/allasorias.hu\\\/hirek\\\/wp-content\\\/uploads\\\/2022\\\/10\\\/allasorias_site_facebok_logo.png\",\"@id\":\"https:\\\/\\\/allasorias.hu\\\/hirek\\\/a-munkaero-kozvetitokre-szamit-a-kormany\\\/#organizationLogo\"},\"image\":{\"@id\":\"https:\\\/\\\/allasorias.hu\\\/hirek\\\/a-munkaero-kozvetitokre-szamit-a-kormany\\\/#organizationLogo\"},\"sameAs\":[\"https:\\\/\\\/www.facebook.com\\\/allasorias\",\"https:\\\/\\\/www.linkedin.com\\\/company\\\/allasorias\"]},{\"@type\":\"Person\",\"@id\":\"https:\\\/\\\/allasorias.hu\\\/hirek\\\/author\\\/admin-allasorias\\\/#author\",\"url\":\"https:\\\/\\\/allasorias.hu\\\/hirek\\\/author\\\/admin-allasorias\\\/\",\"name\":\"Juh\\u00e1sz P\\u00e9ter\",\"image\":{\"@type\":\"ImageObject\",\"@id\":\"https:\\\/\\\/allasorias.hu\\\/hirek\\\/a-munkaero-kozvetitokre-szamit-a-kormany\\\/#authorImage\",\"url\":\"https:\\\/\\\/secure.gravatar.com\\\/avatar\\\/36e6bcb83148978b992977cb0f54d22feb0cce8a0a849a9410532bb2623ba4c6?s=96&d=mm&r=g\",\"width\":96,\"height\":96,\"caption\":\"Juh\\u00e1sz P\\u00e9ter\"}},{\"@type\":\"WebPage\",\"@id\":\"https:\\\/\\\/allasorias.hu\\\/hirek\\\/a-munkaero-kozvetitokre-szamit-a-kormany\\\/#webpage\",\"url\":\"https:\\\/\\\/allasorias.hu\\\/hirek\\\/a-munkaero-kozvetitokre-szamit-a-kormany\\\/\",\"name\":\"A munkaer\\u0151 k\\u00f6zvet\\u00edt\\u0151kre sz\\u00e1m\\u00edt a korm\\u00e1ny | AllasOrias.hu | H\\u00edrek-lapszemle\",\"description\":\"A korm\\u00e1ny sz\\u00e1m\\u00edt a munkaer\\u0151-k\\u00f6lcs\\u00f6nz\\u0151 \\u00e9s munkaer\\u0151-k\\u00f6zvet\\u00edt\\u0151 c\\u00e9gekre a j\\u00e1rv\\u00e1ny ut\\u00e1ni gazdas\\u00e1gi fellend\\u00edt\\u0151 folyamatban. A k\\u00fclgazdas\\u00e1gi \\u00e9s k\\u00fcl\\u00fcgyminiszter strat\\u00e9giai egy\\u00fcttm\\u0171k\\u00f6d\\u00e9si meg\\u00e1llapod\\u00e1st \\u00edrt al\\u00e1 a Prohum\\u00e1n Kft.-vel. A j\\u00e1rv\\u00e1nyvesz\\u00e9ly fel\\u00e9rt\\u00e9keli a munkaer\\u0151-gazd\\u00e1lkod\\u00e1sban szerzett tapasztalatokat, a korm\\u00e1ny ez\\u00e9rt a d\\u00f6nt\\u00e9shozatalban is sz\\u00e1m\\u00edt Prohum\\u00e1n \\u00e9szrev\\u00e9teleire \\u2013 jelentette ki Sz\\u00edjj\\u00e1rt\\u00f3 P\\u00e9ter. Magyarorsz\\u00e1gon 2002 \\u00f3ta lehet k\\u00f6zvet\\u00edt\\u0151 c\\u00e9gekt\\u0151l alkalmazottakat b\\u00e9relni.\",\"inLanguage\":\"hu-HU\",\"isPartOf\":{\"@id\":\"https:\\\/\\\/allasorias.hu\\\/hirek\\\/#website\"},\"breadcrumb\":{\"@id\":\"https:\\\/\\\/allasorias.hu\\\/hirek\\\/a-munkaero-kozvetitokre-szamit-a-kormany\\\/#breadcrumblist\"},\"author\":{\"@id\":\"https:\\\/\\\/allasorias.hu\\\/hirek\\\/author\\\/admin-allasorias\\\/#author\"},\"creator\":{\"@id\":\"https:\\\/\\\/allasorias.hu\\\/hirek\\\/author\\\/admin-allasorias\\\/#author\"},\"image\":{\"@type\":\"ImageObject\",\"url\":\"https:\\\/\\\/allasorias.hu\\\/hirek\\\/wp-content\\\/uploads\\\/2018\\\/11\\\/lead_560w-1.jpg\",\"@id\":\"https:\\\/\\\/allasorias.hu\\\/hirek\\\/a-munkaero-kozvetitokre-szamit-a-kormany\\\/#mainImage\",\"width\":560,\"height\":420},\"primaryImageOfPage\":{\"@id\":\"https:\\\/\\\/allasorias.hu\\\/hirek\\\/a-munkaero-kozvetitokre-szamit-a-kormany\\\/#mainImage\"},\"datePublished\":\"2020-05-05T07:50:06+02:00\",\"dateModified\":\"2020-05-05T07:57:27+02:00\"},{\"@type\":\"WebSite\",\"@id\":\"https:\\\/\\\/allasorias.hu\\\/hirek\\\/#website\",\"url\":\"https:\\\/\\\/allasorias.hu\\\/hirek\\\/\",\"name\":\"AllasOrias.hu | H\\u00edrek-lapszemle\",\"description\":\"\\u00dczleti h\\u00edrek az \\u00e1ll\\u00e1s \\u00e9s a munka vil\\u00e1g\\u00e1b\\u00f3l\",\"inLanguage\":\"hu-HU\",\"publisher\":{\"@id\":\"https:\\\/\\\/allasorias.hu\\\/hirek\\\/#organization\"}}]}\n\t\t<\/script>\n\t\t<!-- All in One SEO -->\n\n","aioseo_head_json":{"title":"A munkaer\u0151 k\u00f6zvet\u00edt\u0151kre sz\u00e1m\u00edt a korm\u00e1ny | AllasOrias.hu | H\u00edrek-lapszemle","description":"A korm\u00e1ny sz\u00e1m\u00edt a munkaer\u0151-k\u00f6lcs\u00f6nz\u0151 \u00e9s munkaer\u0151-k\u00f6zvet\u00edt\u0151 c\u00e9gekre a j\u00e1rv\u00e1ny ut\u00e1ni gazdas\u00e1gi fellend\u00edt\u0151 folyamatban. A k\u00fclgazdas\u00e1gi \u00e9s k\u00fcl\u00fcgyminiszter strat\u00e9giai egy\u00fcttm\u0171k\u00f6d\u00e9si meg\u00e1llapod\u00e1st \u00edrt al\u00e1 a Prohum\u00e1n Kft.-vel. A j\u00e1rv\u00e1nyvesz\u00e9ly fel\u00e9rt\u00e9keli a munkaer\u0151-gazd\u00e1lkod\u00e1sban szerzett tapasztalatokat, a korm\u00e1ny ez\u00e9rt a d\u00f6nt\u00e9shozatalban is sz\u00e1m\u00edt Prohum\u00e1n \u00e9szrev\u00e9teleire \u2013 jelentette ki Sz\u00edjj\u00e1rt\u00f3 P\u00e9ter. Magyarorsz\u00e1gon 2002 \u00f3ta lehet k\u00f6zvet\u00edt\u0151 c\u00e9gekt\u0151l alkalmazottakat b\u00e9relni.","canonical_url":"https:\/\/allasorias.hu\/hirek\/a-munkaero-kozvetitokre-szamit-a-kormany\/","robots":"max-image-preview:large","keywords":"","webmasterTools":{"miscellaneous":""},"schema":{"@context":"https:\/\/schema.org","@graph":[{"@type":"Article","@id":"https:\/\/allasorias.hu\/hirek\/a-munkaero-kozvetitokre-szamit-a-kormany\/#article","name":"A munkaer\u0151 k\u00f6zvet\u00edt\u0151kre sz\u00e1m\u00edt a korm\u00e1ny | AllasOrias.hu | H\u00edrek-lapszemle","headline":"A munkaer\u0151 k\u00f6zvet\u00edt\u0151kre sz\u00e1m\u00edt a korm\u00e1ny","author":{"@id":"https:\/\/allasorias.hu\/hirek\/author\/admin-allasorias\/#author"},"publisher":{"@id":"https:\/\/allasorias.hu\/hirek\/#organization"},"image":{"@type":"ImageObject","url":"https:\/\/allasorias.hu\/hirek\/wp-content\/uploads\/2018\/11\/lead_560w-1.jpg","width":560,"height":420},"datePublished":"2020-05-05T07:50:06+02:00","dateModified":"2020-05-05T07:57:27+02:00","inLanguage":"hu-HU","mainEntityOfPage":{"@id":"https:\/\/allasorias.hu\/hirek\/a-munkaero-kozvetitokre-szamit-a-kormany\/#webpage"},"isPartOf":{"@id":"https:\/\/allasorias.hu\/hirek\/a-munkaero-kozvetitokre-szamit-a-kormany\/#webpage"},"articleSection":"Gazdas\u00e1g, Munkaer\u0151piac"},{"@type":"BreadcrumbList","@id":"https:\/\/allasorias.hu\/hirek\/a-munkaero-kozvetitokre-szamit-a-kormany\/#breadcrumblist","itemListElement":[{"@type":"ListItem","@id":"https:\/\/allasorias.hu\/hirek#listItem","position":1,"name":"Home","item":"https:\/\/allasorias.hu\/hirek","nextItem":{"@type":"ListItem","@id":"https:\/\/allasorias.hu\/hirek\/temak\/gazdasag\/#listItem","name":"Gazdas\u00e1g"}},{"@type":"ListItem","@id":"https:\/\/allasorias.hu\/hirek\/temak\/gazdasag\/#listItem","position":2,"name":"Gazdas\u00e1g","item":"https:\/\/allasorias.hu\/hirek\/temak\/gazdasag\/","nextItem":{"@type":"ListItem","@id":"https:\/\/allasorias.hu\/hirek\/a-munkaero-kozvetitokre-szamit-a-kormany\/#listItem","name":"A munkaer\u0151 k\u00f6zvet\u00edt\u0151kre sz\u00e1m\u00edt a korm\u00e1ny"},"previousItem":{"@type":"ListItem","@id":"https:\/\/allasorias.hu\/hirek#listItem","name":"Home"}},{"@type":"ListItem","@id":"https:\/\/allasorias.hu\/hirek\/a-munkaero-kozvetitokre-szamit-a-kormany\/#listItem","position":3,"name":"A munkaer\u0151 k\u00f6zvet\u00edt\u0151kre sz\u00e1m\u00edt a korm\u00e1ny","previousItem":{"@type":"ListItem","@id":"https:\/\/allasorias.hu\/hirek\/temak\/gazdasag\/#listItem","name":"Gazdas\u00e1g"}}]},{"@type":"Organization","@id":"https:\/\/allasorias.hu\/hirek\/#organization","name":"AllasOrias.hu | H\u00edrek-lapszemle","description":"\u00dczleti h\u00edrek az \u00e1ll\u00e1s \u00e9s a munka vil\u00e1g\u00e1b\u00f3l","url":"https:\/\/allasorias.hu\/hirek\/","logo":{"@type":"ImageObject","url":"https:\/\/allasorias.hu\/hirek\/wp-content\/uploads\/2022\/10\/allasorias_site_facebok_logo.png","@id":"https:\/\/allasorias.hu\/hirek\/a-munkaero-kozvetitokre-szamit-a-kormany\/#organizationLogo"},"image":{"@id":"https:\/\/allasorias.hu\/hirek\/a-munkaero-kozvetitokre-szamit-a-kormany\/#organizationLogo"},"sameAs":["https:\/\/www.facebook.com\/allasorias","https:\/\/www.linkedin.com\/company\/allasorias"]},{"@type":"Person","@id":"https:\/\/allasorias.hu\/hirek\/author\/admin-allasorias\/#author","url":"https:\/\/allasorias.hu\/hirek\/author\/admin-allasorias\/","name":"Juh\u00e1sz P\u00e9ter","image":{"@type":"ImageObject","@id":"https:\/\/allasorias.hu\/hirek\/a-munkaero-kozvetitokre-szamit-a-kormany\/#authorImage","url":"https:\/\/secure.gravatar.com\/avatar\/36e6bcb83148978b992977cb0f54d22feb0cce8a0a849a9410532bb2623ba4c6?s=96&d=mm&r=g","width":96,"height":96,"caption":"Juh\u00e1sz P\u00e9ter"}},{"@type":"WebPage","@id":"https:\/\/allasorias.hu\/hirek\/a-munkaero-kozvetitokre-szamit-a-kormany\/#webpage","url":"https:\/\/allasorias.hu\/hirek\/a-munkaero-kozvetitokre-szamit-a-kormany\/","name":"A munkaer\u0151 k\u00f6zvet\u00edt\u0151kre sz\u00e1m\u00edt a korm\u00e1ny | AllasOrias.hu | H\u00edrek-lapszemle","description":"A korm\u00e1ny sz\u00e1m\u00edt a munkaer\u0151-k\u00f6lcs\u00f6nz\u0151 \u00e9s munkaer\u0151-k\u00f6zvet\u00edt\u0151 c\u00e9gekre a j\u00e1rv\u00e1ny ut\u00e1ni gazdas\u00e1gi fellend\u00edt\u0151 folyamatban. A k\u00fclgazdas\u00e1gi \u00e9s k\u00fcl\u00fcgyminiszter strat\u00e9giai egy\u00fcttm\u0171k\u00f6d\u00e9si meg\u00e1llapod\u00e1st \u00edrt al\u00e1 a Prohum\u00e1n Kft.-vel. A j\u00e1rv\u00e1nyvesz\u00e9ly fel\u00e9rt\u00e9keli a munkaer\u0151-gazd\u00e1lkod\u00e1sban szerzett tapasztalatokat, a korm\u00e1ny ez\u00e9rt a d\u00f6nt\u00e9shozatalban is sz\u00e1m\u00edt Prohum\u00e1n \u00e9szrev\u00e9teleire \u2013 jelentette ki Sz\u00edjj\u00e1rt\u00f3 P\u00e9ter. Magyarorsz\u00e1gon 2002 \u00f3ta lehet k\u00f6zvet\u00edt\u0151 c\u00e9gekt\u0151l alkalmazottakat b\u00e9relni.","inLanguage":"hu-HU","isPartOf":{"@id":"https:\/\/allasorias.hu\/hirek\/#website"},"breadcrumb":{"@id":"https:\/\/allasorias.hu\/hirek\/a-munkaero-kozvetitokre-szamit-a-kormany\/#breadcrumblist"},"author":{"@id":"https:\/\/allasorias.hu\/hirek\/author\/admin-allasorias\/#author"},"creator":{"@id":"https:\/\/allasorias.hu\/hirek\/author\/admin-allasorias\/#author"},"image":{"@type":"ImageObject","url":"https:\/\/allasorias.hu\/hirek\/wp-content\/uploads\/2018\/11\/lead_560w-1.jpg","@id":"https:\/\/allasorias.hu\/hirek\/a-munkaero-kozvetitokre-szamit-a-kormany\/#mainImage","width":560,"height":420},"primaryImageOfPage":{"@id":"https:\/\/allasorias.hu\/hirek\/a-munkaero-kozvetitokre-szamit-a-kormany\/#mainImage"},"datePublished":"2020-05-05T07:50:06+02:00","dateModified":"2020-05-05T07:57:27+02:00"},{"@type":"WebSite","@id":"https:\/\/allasorias.hu\/hirek\/#website","url":"https:\/\/allasorias.hu\/hirek\/","name":"AllasOrias.hu | H\u00edrek-lapszemle","description":"\u00dczleti h\u00edrek az \u00e1ll\u00e1s \u00e9s a munka vil\u00e1g\u00e1b\u00f3l","inLanguage":"hu-HU","publisher":{"@id":"https:\/\/allasorias.hu\/hirek\/#organization"}}]},"og:locale":"hu_HU","og:site_name":"AllasOrias.hu | H\u00edrek-lapszemle | \u00dczleti h\u00edrek az \u00e1ll\u00e1s \u00e9s a munka vil\u00e1g\u00e1b\u00f3l","og:type":"article","og:title":"A munkaer\u0151 k\u00f6zvet\u00edt\u0151kre sz\u00e1m\u00edt a korm\u00e1ny | AllasOrias.hu | H\u00edrek-lapszemle","og:description":"A korm\u00e1ny sz\u00e1m\u00edt a munkaer\u0151-k\u00f6lcs\u00f6nz\u0151 \u00e9s munkaer\u0151-k\u00f6zvet\u00edt\u0151 c\u00e9gekre a j\u00e1rv\u00e1ny ut\u00e1ni gazdas\u00e1gi fellend\u00edt\u0151 folyamatban. A k\u00fclgazdas\u00e1gi \u00e9s k\u00fcl\u00fcgyminiszter strat\u00e9giai egy\u00fcttm\u0171k\u00f6d\u00e9si meg\u00e1llapod\u00e1st \u00edrt al\u00e1 a Prohum\u00e1n Kft.-vel. A j\u00e1rv\u00e1nyvesz\u00e9ly fel\u00e9rt\u00e9keli a munkaer\u0151-gazd\u00e1lkod\u00e1sban szerzett tapasztalatokat, a korm\u00e1ny ez\u00e9rt a d\u00f6nt\u00e9shozatalban is sz\u00e1m\u00edt Prohum\u00e1n \u00e9szrev\u00e9teleire \u2013 jelentette ki Sz\u00edjj\u00e1rt\u00f3 P\u00e9ter. Magyarorsz\u00e1gon 2002 \u00f3ta lehet k\u00f6zvet\u00edt\u0151 c\u00e9gekt\u0151l alkalmazottakat b\u00e9relni.","og:url":"https:\/\/allasorias.hu\/hirek\/a-munkaero-kozvetitokre-szamit-a-kormany\/","og:image":"https:\/\/allasorias.hu\/hirek\/wp-content\/uploads\/2018\/11\/lead_560w-1.jpg","og:image:secure_url":"https:\/\/allasorias.hu\/hirek\/wp-content\/uploads\/2018\/11\/lead_560w-1.jpg","og:image:width":560,"og:image:height":420,"article:published_time":"2020-05-05T07:50:06+00:00","article:modified_time":"2020-05-05T07:57:27+00:00","article:publisher":"https:\/\/www.facebook.com\/allasorias","twitter:card":"summary_large_image","twitter:title":"A munkaer\u0151 k\u00f6zvet\u00edt\u0151kre sz\u00e1m\u00edt a korm\u00e1ny | AllasOrias.hu | H\u00edrek-lapszemle","twitter:description":"A korm\u00e1ny sz\u00e1m\u00edt a munkaer\u0151-k\u00f6lcs\u00f6nz\u0151 \u00e9s munkaer\u0151-k\u00f6zvet\u00edt\u0151 c\u00e9gekre a j\u00e1rv\u00e1ny ut\u00e1ni gazdas\u00e1gi fellend\u00edt\u0151 folyamatban. A k\u00fclgazdas\u00e1gi \u00e9s k\u00fcl\u00fcgyminiszter strat\u00e9giai egy\u00fcttm\u0171k\u00f6d\u00e9si meg\u00e1llapod\u00e1st \u00edrt al\u00e1 a Prohum\u00e1n Kft.-vel. A j\u00e1rv\u00e1nyvesz\u00e9ly fel\u00e9rt\u00e9keli a munkaer\u0151-gazd\u00e1lkod\u00e1sban szerzett tapasztalatokat, a korm\u00e1ny ez\u00e9rt a d\u00f6nt\u00e9shozatalban is sz\u00e1m\u00edt Prohum\u00e1n \u00e9szrev\u00e9teleire \u2013 jelentette ki Sz\u00edjj\u00e1rt\u00f3 P\u00e9ter. Magyarorsz\u00e1gon 2002 \u00f3ta lehet k\u00f6zvet\u00edt\u0151 c\u00e9gekt\u0151l alkalmazottakat b\u00e9relni.","twitter:image":"https:\/\/allasorias.hu\/hirek\/wp-content\/uploads\/2018\/11\/lead_560w-1.jpg","twitter:label1":"Written by","twitter:data1":"Juh\u00e1sz P\u00e9ter","twitter:label2":"Est. reading time","twitter:data2":"2 minutes"},"aioseo_meta_data":{"post_id":"3947","title":null,"description":null,"keywords":null,"keyphrases":null,"primary_term":null,"canonical_url":null,"og_title":null,"og_description":null,"og_object_type":"default","og_image_type":"default","og_image_url":null,"og_image_width":null,"og_image_height":null,"og_image_custom_url":null,"og_image_custom_fields":null,"og_video":null,"og_custom_url":null,"og_article_section":null,"og_article_tags":null,"twitter_use_og":false,"twitter_card":"default","twitter_image_type":"default","twitter_image_url":null,"twitter_image_custom_url":null,"twitter_image_custom_fields":null,"twitter_title":null,"twitter_description":null,"schema":{"blockGraphs":[],"customGraphs":[],"default":{"data":{"Article":[],"Course":[],"Dataset":[],"FAQPage":[],"Movie":[],"Person":[],"Product":[],"ProductReview":[],"Car":[],"Recipe":[],"Service":[],"SoftwareApplication":[],"WebPage":[]},"graphName":"","isEnabled":true},"graphs":[],"defaultGraph":"","defaultPostTypeGraph":""},"schema_type":null,"schema_type_options":null,"pillar_content":false,"robots_default":true,"robots_noindex":false,"robots_noarchive":false,"robots_nosnippet":false,"robots_nofollow":false,"robots_noimageindex":false,"robots_noodp":false,"robots_notranslate":false,"robots_max_snippet":null,"robots_max_videopreview":null,"robots_max_imagepreview":"large","priority":null,"frequency":null,"location":null,"local_seo":null,"breadcrumb_settings":null,"limit_modified_date":false,"ai":null,"created":"2021-02-01 21:28:17","updated":"2025-10-02 13:48:43","seo_analyzer_scan_date":null,"focus_keyword":null,"additional_keywords":null,"truseo_locale":null},"aioseo_breadcrumb":"<div class=\"aioseo-breadcrumbs\"><span class=\"aioseo-breadcrumb\">\n\t\t\t<a href=\"https:\/\/allasorias.hu\/hirek\" title=\"Home\">Home<\/a>\n\t\t<\/span><span class=\"aioseo-breadcrumb-separator\">&raquo;<\/span><span class=\"aioseo-breadcrumb\">\n\t\t\t<a href=\"https:\/\/allasorias.hu\/hirek\/temak\/gazdasag\/\" title=\"Gazdas\u00e1g\">Gazdas\u00e1g<\/a>\n\t\t<\/span><span class=\"aioseo-breadcrumb-separator\">&raquo;<\/span><span class=\"aioseo-breadcrumb\">\n\t\t\tA munkaer\u0151 k\u00f6zvet\u00edt\u0151kre sz\u00e1m\u00edt a korm\u00e1ny\n\t\t<\/span><\/div>","aioseo_breadcrumb_json":[{"label":"Home","link":"https:\/\/allasorias.hu\/hirek"},{"label":"Gazdas\u00e1g","link":"https:\/\/allasorias.hu\/hirek\/temak\/gazdasag\/"},{"label":"A munkaer\u0151 k\u00f6zvet\u00edt\u0151kre sz\u00e1m\u00edt a korm\u00e1ny","link":"https:\/\/allasorias.hu\/hirek\/a-munkaero-kozvetitokre-szamit-a-kormany\/"}],"_links":{"self":[{"href":"https:\/\/allasorias.hu\/hirek\/wp-json\/wp\/v2\/posts\/3947","targetHints":{"allow":["GET"]}}],"collection":[{"href":"https:\/\/allasorias.hu\/hirek\/wp-json\/wp\/v2\/posts"}],"about":[{"href":"https:\/\/allasorias.hu\/hirek\/wp-json\/wp\/v2\/types\/post"}],"author":[{"embeddable":true,"href":"https:\/\/allasorias.hu\/hirek\/wp-json\/wp\/v2\/users\/1"}],"replies":[{"embeddable":true,"href":"https:\/\/allasorias.hu\/hirek\/wp-json\/wp\/v2\/comments?post=3947"}],"version-history":[{"count":1,"href":"https:\/\/allasorias.hu\/hirek\/wp-json\/wp\/v2\/posts\/3947\/revisions"}],"predecessor-version":[{"id":3948,"href":"https:\/\/allasorias.hu\/hirek\/wp-json\/wp\/v2\/posts\/3947\/revisions\/3948"}],"wp:featuredmedia":[{"embeddable":true,"href":"https:\/\/allasorias.hu\/hirek\/wp-json\/wp\/v2\/media\/2248"}],"wp:attachment":[{"href":"https:\/\/allasorias.hu\/hirek\/wp-json\/wp\/v2\/media?parent=3947"}],"wp:term":[{"taxonomy":"category","embeddable":true,"href":"https:\/\/allasorias.hu\/hirek\/wp-json\/wp\/v2\/categories?post=3947"},{"taxonomy":"post_tag","embeddable":true,"href":"https:\/\/allasorias.hu\/hirek\/wp-json\/wp\/v2\/tags?post=3947"}],"curies":[{"name":"wp","href":"https:\/\/api.w.org\/{rel}","templated":true}]}}