{"id":3945,"date":"2020-05-05T07:54:54","date_gmt":"2020-05-05T07:54:54","guid":{"rendered":"https:\/\/allasorias.hu\/hirek\/?p=3945"},"modified":"2020-05-05T07:54:54","modified_gmt":"2020-05-05T07:54:54","slug":"uj-helyzet-a-home-office-elterjedesevel","status":"publish","type":"post","link":"https:\/\/allasorias.hu\/hirek\/uj-helyzet-a-home-office-elterjedesevel\/","title":{"rendered":"\u00daj helyzet a home office elterjed\u00e9s\u00e9vel"},"content":{"rendered":"<p><strong>A koronav\u00edrus j\u00e1rv\u00e1ny ideje alatt elterjedt home office \u00faj helyzetet teremtett a munkaer\u0151piacon \u2013 \u00e1llap\u00edtott\u00e1k meg francia kutat\u00f3k. A j\u00e1rv\u00e1ny ut\u00e1n nyilv\u00e1nval\u00f3v\u00e1 v\u00e1lhat, hogy az otthoni munka \u00e1ltal\u00e1noss\u00e1 tehet\u0151 sok ter\u00fcleten.<\/strong><\/p>\n<p>A t\u00e1vmunka az elit munkaer\u0151 &#8222;exportj\u00e1t&#8221; gyors\u00edthatja fel. A globaliz\u00e1ci\u00f3 eddig f\u0151k\u00e9nt abban nyilv\u00e1nult meg, hogy a fejlett \u00e1llamok az olcs\u00f3 munkaer\u0151t kerest\u00e9k: hatalmas t\u0151kebefektet\u00e9seket hajtottak v\u00e9gre olyan orsz\u00e1gokban, ahol a munkaer\u0151 \u00e1r-\u00e9rt\u00e9k ar\u00e1nya kedvez\u0151bb volt, mint otthon. K\u00edna profit\u00e1lt a legt\u00f6bbet ebb\u0151l, de az Eur\u00f3pai Uni\u00f3 2000 ut\u00e1n csatlakozott keleti tag\u00e1llamai is j\u00f3r\u00e9szt ezzel vonzott\u00e1k a k\u00fclf\u00f6ldi t\u0151k\u00e9t \u2013 \u00e1llap\u00edtja meg a Groupe d&#8217;Etudes g\u00e9opolitiques elemz\u00e9se. Ebben a tekintetben nagy fordulat k\u00f6vetkezhet be az elk\u00f6vetkez\u0151 id\u0151szakban, amikor a fejlett \u00e1llamokban a befektet\u0151k r\u00e1d\u00f6bbennek arra: nemcsak szakmunk\u00e1sg\u00e1rd\u00e1t lehet k\u00fclf\u00f6ld\u00f6n v\u00e1s\u00e1rolni, de magasan k\u00e9pzett elit munkaer\u0151t is, amely j\u00f3val olcs\u00f3bb Eur\u00f3pa keleti fel\u00e9n, mint a fejlettebb orsz\u00e1gokban. Az agyelsz\u00edv\u00e1s folyamata ily m\u00f3don felgyorsulhat, egy\u00fattal a fejlett \u00e1llamok elit munkav\u00e1llal\u00f3i \u00faj helyzettel tal\u00e1lhatj\u00e1k magukat szemben: olyan vet\u00e9lyt\u00e1rsakkal lesznek k\u00e9nytelenek versenyezni , akik tud\u00e1sban nem maradnak el t\u0151l\u00fck, viszont sokkal kevesebbet k\u00e9rnek a munk\u00e1juk\u00e9rt. Szerz\u0151d\u00e9ssel alkalmazhat\u00f3k, ez\u00e9rt j\u00f3val rugalmasabbak a munkaer\u0151piacon, ahol a munkaad\u00f3k mindink\u00e1bb \u00f3dzkodnak a hossz\u00fa idej\u0171 foglalkoztat\u00e1st\u00f3l.A t\u00e1vmunka \u00e1ltal\u00e1noss\u00e1 v\u00e1lik &#8211; j\u00f3solja a fiatal francia kutat\u00f3, aki doktorandusz P\u00e1rizs k\u00f6zgazdas\u00e1gi egyetem\u00e9n. Cyprien Batut \u00e9s munkacsoportja st\u00edlszer\u0171en a munka \u00fcnnep\u00e9n tette k\u00f6zz\u00e9 tanulm\u00e1ny\u00e1t, melyet a Le Monde ismertet. A fiatal kutat\u00f3k szerint hamarosan v\u00e9ge lesz a munkahelyhez k\u00f6t\u00f6tt munkav\u00e1llal\u00f3-munkaad\u00f3 viszonynak. A huszonegyedik sz\u00e1zad \u00faj digit\u00e1lis kapcsolatot eredm\u00e9nyez.V\u00e9ge lesz a franci\u00e1ul csak \u201em\u00e9tro-boulot-dodo\u201d (metr\u00f3-mel\u00f3-szunya) sz\u00f3kapcsolattal emlegetett napi rutinnak, amely arra utal, hogy munk\u00e1sok \u00e9lete nem m\u00e1s, mint utaz\u00e1s a munkahelyre, ott mel\u00f3z\u00e1s, majd onnan haza \u00e9s v\u00e9g\u00fcl alv\u00e1s &#8211; k\u00e9rdi a Le Monde m\u00e1jus elsej\u00e9n. A kutat\u00f3 szerint nem mindenki sz\u00e1m\u00e1ra, de aki k\u00e9pes t\u00e1vmunk\u00e1ra, az jobban j\u00e1r a home office-szal, hiszen nem kell kimozdulnia otthonr\u00f3l. A munkaad\u00f3nak pedig nem kell fenntartania egy nagy \u00e9p\u00fcletet, ahol a munk\u00e1t elv\u00e9gzik. Ez \u00e1trendezheti az ingatlanpiacot is. Mindezzel p\u00e1rhuzamosan felgyorsul a robotok el\u0151ret\u00f6r\u00e9se is, mind nagyobb m\u00e9rt\u00e9kben veszik \u00e1t a kev\u00e9sb\u00e9 kreat\u00edv feladatokat az emberekt\u0151l a sz\u00e1m\u00edt\u00f3g\u00e9pek. Sok k\u00f6nyvel\u0151 p\u00e9ld\u00e1ul azzal szembes\u00fclhet, hogy a sz\u00e1m\u00edt\u00f3g\u00e9pek gyorsabban \u00e9s megb\u00edzhat\u00f3bban v\u00e9gzik el a munk\u00e1t, mint \u0151 maga. Mindez nem vesz\u00e9lytelen, hiszen fokozza a munkaer\u0151 kiszolg\u00e1ltatotts\u00e1g\u00e1t a munkaad\u00f3kkal szemben, m\u00e9g a magasan kvalifik\u00e1lt szektorban is.<\/p>\n<p>Forr\u00e1s: hvg.hu<\/p>\n","protected":false},"excerpt":{"rendered":"<p>A koronav\u00edrus j\u00e1rv\u00e1ny ideje alatt elterjedt home office \u00faj helyzetet teremtett a munkaer\u0151piacon \u2013 \u00e1llap\u00edtott\u00e1k meg francia kutat\u00f3k. A j\u00e1rv\u00e1ny ut\u00e1n nyilv\u00e1nval\u00f3v\u00e1 v\u00e1lhat, hogy az otthoni munka \u00e1ltal\u00e1noss\u00e1 tehet\u0151 sok ter\u00fcleten. A t\u00e1vmunka az elit munkaer\u0151 &#8222;exportj\u00e1t&#8221; gyors\u00edthatja fel. A globaliz\u00e1ci\u00f3 eddig f\u0151k\u00e9nt abban nyilv\u00e1nult meg, hogy a fejlett \u00e1llamok az olcs\u00f3 munkaer\u0151t kerest\u00e9k: hatalmas [&hellip;]<\/p>\n","protected":false},"author":1,"featured_media":3293,"comment_status":"open","ping_status":"open","sticky":false,"template":"","format":"standard","meta":{"_monsterinsights_skip_tracking":false,"footnotes":""},"categories":[200],"tags":[],"class_list":["post-3945","post","type-post","status-publish","format-standard","has-post-thumbnail","hentry","category-munkaeropiac"],"aioseo_notices":[],"aioseo_head":"\n\t\t<!-- All in One SEO 5.0.0.1 - aioseo.com -->\n\t<meta name=\"description\" content=\"A koronav\u00edrus j\u00e1rv\u00e1ny ideje alatt elterjedt home office \u00faj helyzetet teremtett a munkaer\u0151piacon \u2013 \u00e1llap\u00edtott\u00e1k meg francia kutat\u00f3k. A j\u00e1rv\u00e1ny ut\u00e1n nyilv\u00e1nval\u00f3v\u00e1 v\u00e1lhat, hogy az otthoni munka \u00e1ltal\u00e1noss\u00e1 tehet\u0151 sok ter\u00fcleten. A t\u00e1vmunka az elit munkaer\u0151 &quot;exportj\u00e1t&quot; gyors\u00edthatja fel. A globaliz\u00e1ci\u00f3 eddig f\u0151k\u00e9nt abban nyilv\u00e1nult meg, hogy a fejlett \u00e1llamok az olcs\u00f3 munkaer\u0151t kerest\u00e9k: hatalmas\" \/>\n\t<meta name=\"robots\" content=\"max-image-preview:large\" \/>\n\t<meta name=\"author\" content=\"Juh\u00e1sz P\u00e9ter\"\/>\n\t<link rel=\"canonical\" href=\"https:\/\/allasorias.hu\/hirek\/uj-helyzet-a-home-office-elterjedesevel\/\" \/>\n\t<meta name=\"generator\" content=\"All in One SEO (AIOSEO) 5.0.0.1\" \/>\n\t\t<meta property=\"og:locale\" content=\"hu_HU\" \/>\n\t\t<meta property=\"og:site_name\" content=\"AllasOrias.hu | H\u00edrek-lapszemle | \u00dczleti h\u00edrek az \u00e1ll\u00e1s \u00e9s a munka vil\u00e1g\u00e1b\u00f3l\" \/>\n\t\t<meta property=\"og:type\" content=\"article\" \/>\n\t\t<meta property=\"og:title\" content=\"\u00daj helyzet a home office elterjed\u00e9s\u00e9vel | AllasOrias.hu | H\u00edrek-lapszemle\" \/>\n\t\t<meta property=\"og:description\" content=\"A koronav\u00edrus j\u00e1rv\u00e1ny ideje alatt elterjedt home office \u00faj helyzetet teremtett a munkaer\u0151piacon \u2013 \u00e1llap\u00edtott\u00e1k meg francia kutat\u00f3k. A j\u00e1rv\u00e1ny ut\u00e1n nyilv\u00e1nval\u00f3v\u00e1 v\u00e1lhat, hogy az otthoni munka \u00e1ltal\u00e1noss\u00e1 tehet\u0151 sok ter\u00fcleten. A t\u00e1vmunka az elit munkaer\u0151 &quot;exportj\u00e1t&quot; gyors\u00edthatja fel. A globaliz\u00e1ci\u00f3 eddig f\u0151k\u00e9nt abban nyilv\u00e1nult meg, hogy a fejlett \u00e1llamok az olcs\u00f3 munkaer\u0151t kerest\u00e9k: hatalmas\" \/>\n\t\t<meta property=\"og:url\" content=\"https:\/\/allasorias.hu\/hirek\/uj-helyzet-a-home-office-elterjedesevel\/\" \/>\n\t\t<meta property=\"og:image\" content=\"https:\/\/allasorias.hu\/hirek\/wp-content\/uploads\/2019\/09\/attractive-beautiful-browsing-1586973.jpg\" \/>\n\t\t<meta property=\"og:image:secure_url\" content=\"https:\/\/allasorias.hu\/hirek\/wp-content\/uploads\/2019\/09\/attractive-beautiful-browsing-1586973.jpg\" \/>\n\t\t<meta property=\"og:image:width\" content=\"640\" \/>\n\t\t<meta property=\"og:image:height\" content=\"426\" \/>\n\t\t<meta property=\"article:published_time\" content=\"2020-05-05T07:54:54+00:00\" \/>\n\t\t<meta property=\"article:modified_time\" content=\"2020-05-05T07:54:54+00:00\" \/>\n\t\t<meta property=\"article:publisher\" content=\"https:\/\/www.facebook.com\/allasorias\" \/>\n\t\t<meta name=\"twitter:card\" content=\"summary_large_image\" \/>\n\t\t<meta name=\"twitter:title\" content=\"\u00daj helyzet a home office elterjed\u00e9s\u00e9vel | AllasOrias.hu | H\u00edrek-lapszemle\" \/>\n\t\t<meta name=\"twitter:description\" content=\"A koronav\u00edrus j\u00e1rv\u00e1ny ideje alatt elterjedt home office \u00faj helyzetet teremtett a munkaer\u0151piacon \u2013 \u00e1llap\u00edtott\u00e1k meg francia kutat\u00f3k. A j\u00e1rv\u00e1ny ut\u00e1n nyilv\u00e1nval\u00f3v\u00e1 v\u00e1lhat, hogy az otthoni munka \u00e1ltal\u00e1noss\u00e1 tehet\u0151 sok ter\u00fcleten. A t\u00e1vmunka az elit munkaer\u0151 &quot;exportj\u00e1t&quot; gyors\u00edthatja fel. A globaliz\u00e1ci\u00f3 eddig f\u0151k\u00e9nt abban nyilv\u00e1nult meg, hogy a fejlett \u00e1llamok az olcs\u00f3 munkaer\u0151t kerest\u00e9k: hatalmas\" \/>\n\t\t<meta name=\"twitter:image\" content=\"https:\/\/allasorias.hu\/hirek\/wp-content\/uploads\/2019\/09\/attractive-beautiful-browsing-1586973.jpg\" \/>\n\t\t<meta name=\"twitter:label1\" content=\"Written by\" \/>\n\t\t<meta name=\"twitter:data1\" content=\"Juh\u00e1sz P\u00e9ter\" \/>\n\t\t<meta name=\"twitter:label2\" content=\"Est. reading time\" \/>\n\t\t<meta name=\"twitter:data2\" content=\"3 minutes\" \/>\n\t\t<script type=\"application\/ld+json\" class=\"aioseo-schema\">\n\t\t\t{\"@context\":\"https:\\\/\\\/schema.org\",\"@graph\":[{\"@type\":\"Article\",\"@id\":\"https:\\\/\\\/allasorias.hu\\\/hirek\\\/uj-helyzet-a-home-office-elterjedesevel\\\/#article\",\"name\":\"\\u00daj helyzet a home office elterjed\\u00e9s\\u00e9vel | AllasOrias.hu | H\\u00edrek-lapszemle\",\"headline\":\"\\u00daj helyzet a home office elterjed\\u00e9s\\u00e9vel\",\"author\":{\"@id\":\"https:\\\/\\\/allasorias.hu\\\/hirek\\\/author\\\/admin-allasorias\\\/#author\"},\"publisher\":{\"@id\":\"https:\\\/\\\/allasorias.hu\\\/hirek\\\/#organization\"},\"image\":{\"@type\":\"ImageObject\",\"url\":\"https:\\\/\\\/allasorias.hu\\\/hirek\\\/wp-content\\\/uploads\\\/2019\\\/09\\\/attractive-beautiful-browsing-1586973.jpg\",\"width\":640,\"height\":426},\"datePublished\":\"2020-05-05T07:54:54+02:00\",\"dateModified\":\"2020-05-05T07:54:54+02:00\",\"inLanguage\":\"hu-HU\",\"mainEntityOfPage\":{\"@id\":\"https:\\\/\\\/allasorias.hu\\\/hirek\\\/uj-helyzet-a-home-office-elterjedesevel\\\/#webpage\"},\"isPartOf\":{\"@id\":\"https:\\\/\\\/allasorias.hu\\\/hirek\\\/uj-helyzet-a-home-office-elterjedesevel\\\/#webpage\"},\"articleSection\":\"Munkaer\\u0151piac\"},{\"@type\":\"BreadcrumbList\",\"@id\":\"https:\\\/\\\/allasorias.hu\\\/hirek\\\/uj-helyzet-a-home-office-elterjedesevel\\\/#breadcrumblist\",\"itemListElement\":[{\"@type\":\"ListItem\",\"@id\":\"https:\\\/\\\/allasorias.hu\\\/hirek#listItem\",\"position\":1,\"name\":\"Home\",\"item\":\"https:\\\/\\\/allasorias.hu\\\/hirek\",\"nextItem\":{\"@type\":\"ListItem\",\"@id\":\"https:\\\/\\\/allasorias.hu\\\/hirek\\\/temak\\\/munkaeropiac\\\/#listItem\",\"name\":\"Munkaer\\u0151piac\"}},{\"@type\":\"ListItem\",\"@id\":\"https:\\\/\\\/allasorias.hu\\\/hirek\\\/temak\\\/munkaeropiac\\\/#listItem\",\"position\":2,\"name\":\"Munkaer\\u0151piac\",\"item\":\"https:\\\/\\\/allasorias.hu\\\/hirek\\\/temak\\\/munkaeropiac\\\/\",\"nextItem\":{\"@type\":\"ListItem\",\"@id\":\"https:\\\/\\\/allasorias.hu\\\/hirek\\\/uj-helyzet-a-home-office-elterjedesevel\\\/#listItem\",\"name\":\"\\u00daj helyzet a home office elterjed\\u00e9s\\u00e9vel\"},\"previousItem\":{\"@type\":\"ListItem\",\"@id\":\"https:\\\/\\\/allasorias.hu\\\/hirek#listItem\",\"name\":\"Home\"}},{\"@type\":\"ListItem\",\"@id\":\"https:\\\/\\\/allasorias.hu\\\/hirek\\\/uj-helyzet-a-home-office-elterjedesevel\\\/#listItem\",\"position\":3,\"name\":\"\\u00daj helyzet a home office elterjed\\u00e9s\\u00e9vel\",\"previousItem\":{\"@type\":\"ListItem\",\"@id\":\"https:\\\/\\\/allasorias.hu\\\/hirek\\\/temak\\\/munkaeropiac\\\/#listItem\",\"name\":\"Munkaer\\u0151piac\"}}]},{\"@type\":\"Organization\",\"@id\":\"https:\\\/\\\/allasorias.hu\\\/hirek\\\/#organization\",\"name\":\"AllasOrias.hu | H\\u00edrek-lapszemle\",\"description\":\"\\u00dczleti h\\u00edrek az \\u00e1ll\\u00e1s \\u00e9s a munka vil\\u00e1g\\u00e1b\\u00f3l\",\"url\":\"https:\\\/\\\/allasorias.hu\\\/hirek\\\/\",\"logo\":{\"@type\":\"ImageObject\",\"url\":\"https:\\\/\\\/allasorias.hu\\\/hirek\\\/wp-content\\\/uploads\\\/2022\\\/10\\\/allasorias_site_facebok_logo.png\",\"@id\":\"https:\\\/\\\/allasorias.hu\\\/hirek\\\/uj-helyzet-a-home-office-elterjedesevel\\\/#organizationLogo\"},\"image\":{\"@id\":\"https:\\\/\\\/allasorias.hu\\\/hirek\\\/uj-helyzet-a-home-office-elterjedesevel\\\/#organizationLogo\"},\"sameAs\":[\"https:\\\/\\\/www.facebook.com\\\/allasorias\",\"https:\\\/\\\/www.linkedin.com\\\/company\\\/allasorias\"]},{\"@type\":\"Person\",\"@id\":\"https:\\\/\\\/allasorias.hu\\\/hirek\\\/author\\\/admin-allasorias\\\/#author\",\"url\":\"https:\\\/\\\/allasorias.hu\\\/hirek\\\/author\\\/admin-allasorias\\\/\",\"name\":\"Juh\\u00e1sz P\\u00e9ter\",\"image\":{\"@type\":\"ImageObject\",\"@id\":\"https:\\\/\\\/allasorias.hu\\\/hirek\\\/uj-helyzet-a-home-office-elterjedesevel\\\/#authorImage\",\"url\":\"https:\\\/\\\/secure.gravatar.com\\\/avatar\\\/36e6bcb83148978b992977cb0f54d22feb0cce8a0a849a9410532bb2623ba4c6?s=96&d=mm&r=g\",\"width\":96,\"height\":96,\"caption\":\"Juh\\u00e1sz P\\u00e9ter\"}},{\"@type\":\"WebPage\",\"@id\":\"https:\\\/\\\/allasorias.hu\\\/hirek\\\/uj-helyzet-a-home-office-elterjedesevel\\\/#webpage\",\"url\":\"https:\\\/\\\/allasorias.hu\\\/hirek\\\/uj-helyzet-a-home-office-elterjedesevel\\\/\",\"name\":\"\\u00daj helyzet a home office elterjed\\u00e9s\\u00e9vel | AllasOrias.hu | H\\u00edrek-lapszemle\",\"description\":\"A koronav\\u00edrus j\\u00e1rv\\u00e1ny ideje alatt elterjedt home office \\u00faj helyzetet teremtett a munkaer\\u0151piacon \\u2013 \\u00e1llap\\u00edtott\\u00e1k meg francia kutat\\u00f3k. A j\\u00e1rv\\u00e1ny ut\\u00e1n nyilv\\u00e1nval\\u00f3v\\u00e1 v\\u00e1lhat, hogy az otthoni munka \\u00e1ltal\\u00e1noss\\u00e1 tehet\\u0151 sok ter\\u00fcleten. A t\\u00e1vmunka az elit munkaer\\u0151 \\\"exportj\\u00e1t\\\" gyors\\u00edthatja fel. A globaliz\\u00e1ci\\u00f3 eddig f\\u0151k\\u00e9nt abban nyilv\\u00e1nult meg, hogy a fejlett \\u00e1llamok az olcs\\u00f3 munkaer\\u0151t kerest\\u00e9k: hatalmas\",\"inLanguage\":\"hu-HU\",\"isPartOf\":{\"@id\":\"https:\\\/\\\/allasorias.hu\\\/hirek\\\/#website\"},\"breadcrumb\":{\"@id\":\"https:\\\/\\\/allasorias.hu\\\/hirek\\\/uj-helyzet-a-home-office-elterjedesevel\\\/#breadcrumblist\"},\"author\":{\"@id\":\"https:\\\/\\\/allasorias.hu\\\/hirek\\\/author\\\/admin-allasorias\\\/#author\"},\"creator\":{\"@id\":\"https:\\\/\\\/allasorias.hu\\\/hirek\\\/author\\\/admin-allasorias\\\/#author\"},\"image\":{\"@type\":\"ImageObject\",\"url\":\"https:\\\/\\\/allasorias.hu\\\/hirek\\\/wp-content\\\/uploads\\\/2019\\\/09\\\/attractive-beautiful-browsing-1586973.jpg\",\"@id\":\"https:\\\/\\\/allasorias.hu\\\/hirek\\\/uj-helyzet-a-home-office-elterjedesevel\\\/#mainImage\",\"width\":640,\"height\":426},\"primaryImageOfPage\":{\"@id\":\"https:\\\/\\\/allasorias.hu\\\/hirek\\\/uj-helyzet-a-home-office-elterjedesevel\\\/#mainImage\"},\"datePublished\":\"2020-05-05T07:54:54+02:00\",\"dateModified\":\"2020-05-05T07:54:54+02:00\"},{\"@type\":\"WebSite\",\"@id\":\"https:\\\/\\\/allasorias.hu\\\/hirek\\\/#website\",\"url\":\"https:\\\/\\\/allasorias.hu\\\/hirek\\\/\",\"name\":\"AllasOrias.hu | H\\u00edrek-lapszemle\",\"description\":\"\\u00dczleti h\\u00edrek az \\u00e1ll\\u00e1s \\u00e9s a munka vil\\u00e1g\\u00e1b\\u00f3l\",\"inLanguage\":\"hu-HU\",\"publisher\":{\"@id\":\"https:\\\/\\\/allasorias.hu\\\/hirek\\\/#organization\"}}]}\n\t\t<\/script>\n\t\t<!-- All in One SEO -->\n\n","aioseo_head_json":{"title":"\u00daj helyzet a home office elterjed\u00e9s\u00e9vel | AllasOrias.hu | H\u00edrek-lapszemle","description":"A koronav\u00edrus j\u00e1rv\u00e1ny ideje alatt elterjedt home office \u00faj helyzetet teremtett a munkaer\u0151piacon \u2013 \u00e1llap\u00edtott\u00e1k meg francia kutat\u00f3k. A j\u00e1rv\u00e1ny ut\u00e1n nyilv\u00e1nval\u00f3v\u00e1 v\u00e1lhat, hogy az otthoni munka \u00e1ltal\u00e1noss\u00e1 tehet\u0151 sok ter\u00fcleten. A t\u00e1vmunka az elit munkaer\u0151 \"exportj\u00e1t\" gyors\u00edthatja fel. A globaliz\u00e1ci\u00f3 eddig f\u0151k\u00e9nt abban nyilv\u00e1nult meg, hogy a fejlett \u00e1llamok az olcs\u00f3 munkaer\u0151t kerest\u00e9k: hatalmas","canonical_url":"https:\/\/allasorias.hu\/hirek\/uj-helyzet-a-home-office-elterjedesevel\/","robots":"max-image-preview:large","keywords":"","webmasterTools":{"miscellaneous":""},"schema":{"@context":"https:\/\/schema.org","@graph":[{"@type":"Article","@id":"https:\/\/allasorias.hu\/hirek\/uj-helyzet-a-home-office-elterjedesevel\/#article","name":"\u00daj helyzet a home office elterjed\u00e9s\u00e9vel | AllasOrias.hu | H\u00edrek-lapszemle","headline":"\u00daj helyzet a home office elterjed\u00e9s\u00e9vel","author":{"@id":"https:\/\/allasorias.hu\/hirek\/author\/admin-allasorias\/#author"},"publisher":{"@id":"https:\/\/allasorias.hu\/hirek\/#organization"},"image":{"@type":"ImageObject","url":"https:\/\/allasorias.hu\/hirek\/wp-content\/uploads\/2019\/09\/attractive-beautiful-browsing-1586973.jpg","width":640,"height":426},"datePublished":"2020-05-05T07:54:54+02:00","dateModified":"2020-05-05T07:54:54+02:00","inLanguage":"hu-HU","mainEntityOfPage":{"@id":"https:\/\/allasorias.hu\/hirek\/uj-helyzet-a-home-office-elterjedesevel\/#webpage"},"isPartOf":{"@id":"https:\/\/allasorias.hu\/hirek\/uj-helyzet-a-home-office-elterjedesevel\/#webpage"},"articleSection":"Munkaer\u0151piac"},{"@type":"BreadcrumbList","@id":"https:\/\/allasorias.hu\/hirek\/uj-helyzet-a-home-office-elterjedesevel\/#breadcrumblist","itemListElement":[{"@type":"ListItem","@id":"https:\/\/allasorias.hu\/hirek#listItem","position":1,"name":"Home","item":"https:\/\/allasorias.hu\/hirek","nextItem":{"@type":"ListItem","@id":"https:\/\/allasorias.hu\/hirek\/temak\/munkaeropiac\/#listItem","name":"Munkaer\u0151piac"}},{"@type":"ListItem","@id":"https:\/\/allasorias.hu\/hirek\/temak\/munkaeropiac\/#listItem","position":2,"name":"Munkaer\u0151piac","item":"https:\/\/allasorias.hu\/hirek\/temak\/munkaeropiac\/","nextItem":{"@type":"ListItem","@id":"https:\/\/allasorias.hu\/hirek\/uj-helyzet-a-home-office-elterjedesevel\/#listItem","name":"\u00daj helyzet a home office elterjed\u00e9s\u00e9vel"},"previousItem":{"@type":"ListItem","@id":"https:\/\/allasorias.hu\/hirek#listItem","name":"Home"}},{"@type":"ListItem","@id":"https:\/\/allasorias.hu\/hirek\/uj-helyzet-a-home-office-elterjedesevel\/#listItem","position":3,"name":"\u00daj helyzet a home office elterjed\u00e9s\u00e9vel","previousItem":{"@type":"ListItem","@id":"https:\/\/allasorias.hu\/hirek\/temak\/munkaeropiac\/#listItem","name":"Munkaer\u0151piac"}}]},{"@type":"Organization","@id":"https:\/\/allasorias.hu\/hirek\/#organization","name":"AllasOrias.hu | H\u00edrek-lapszemle","description":"\u00dczleti h\u00edrek az \u00e1ll\u00e1s \u00e9s a munka vil\u00e1g\u00e1b\u00f3l","url":"https:\/\/allasorias.hu\/hirek\/","logo":{"@type":"ImageObject","url":"https:\/\/allasorias.hu\/hirek\/wp-content\/uploads\/2022\/10\/allasorias_site_facebok_logo.png","@id":"https:\/\/allasorias.hu\/hirek\/uj-helyzet-a-home-office-elterjedesevel\/#organizationLogo"},"image":{"@id":"https:\/\/allasorias.hu\/hirek\/uj-helyzet-a-home-office-elterjedesevel\/#organizationLogo"},"sameAs":["https:\/\/www.facebook.com\/allasorias","https:\/\/www.linkedin.com\/company\/allasorias"]},{"@type":"Person","@id":"https:\/\/allasorias.hu\/hirek\/author\/admin-allasorias\/#author","url":"https:\/\/allasorias.hu\/hirek\/author\/admin-allasorias\/","name":"Juh\u00e1sz P\u00e9ter","image":{"@type":"ImageObject","@id":"https:\/\/allasorias.hu\/hirek\/uj-helyzet-a-home-office-elterjedesevel\/#authorImage","url":"https:\/\/secure.gravatar.com\/avatar\/36e6bcb83148978b992977cb0f54d22feb0cce8a0a849a9410532bb2623ba4c6?s=96&d=mm&r=g","width":96,"height":96,"caption":"Juh\u00e1sz P\u00e9ter"}},{"@type":"WebPage","@id":"https:\/\/allasorias.hu\/hirek\/uj-helyzet-a-home-office-elterjedesevel\/#webpage","url":"https:\/\/allasorias.hu\/hirek\/uj-helyzet-a-home-office-elterjedesevel\/","name":"\u00daj helyzet a home office elterjed\u00e9s\u00e9vel | AllasOrias.hu | H\u00edrek-lapszemle","description":"A koronav\u00edrus j\u00e1rv\u00e1ny ideje alatt elterjedt home office \u00faj helyzetet teremtett a munkaer\u0151piacon \u2013 \u00e1llap\u00edtott\u00e1k meg francia kutat\u00f3k. A j\u00e1rv\u00e1ny ut\u00e1n nyilv\u00e1nval\u00f3v\u00e1 v\u00e1lhat, hogy az otthoni munka \u00e1ltal\u00e1noss\u00e1 tehet\u0151 sok ter\u00fcleten. A t\u00e1vmunka az elit munkaer\u0151 \"exportj\u00e1t\" gyors\u00edthatja fel. A globaliz\u00e1ci\u00f3 eddig f\u0151k\u00e9nt abban nyilv\u00e1nult meg, hogy a fejlett \u00e1llamok az olcs\u00f3 munkaer\u0151t kerest\u00e9k: hatalmas","inLanguage":"hu-HU","isPartOf":{"@id":"https:\/\/allasorias.hu\/hirek\/#website"},"breadcrumb":{"@id":"https:\/\/allasorias.hu\/hirek\/uj-helyzet-a-home-office-elterjedesevel\/#breadcrumblist"},"author":{"@id":"https:\/\/allasorias.hu\/hirek\/author\/admin-allasorias\/#author"},"creator":{"@id":"https:\/\/allasorias.hu\/hirek\/author\/admin-allasorias\/#author"},"image":{"@type":"ImageObject","url":"https:\/\/allasorias.hu\/hirek\/wp-content\/uploads\/2019\/09\/attractive-beautiful-browsing-1586973.jpg","@id":"https:\/\/allasorias.hu\/hirek\/uj-helyzet-a-home-office-elterjedesevel\/#mainImage","width":640,"height":426},"primaryImageOfPage":{"@id":"https:\/\/allasorias.hu\/hirek\/uj-helyzet-a-home-office-elterjedesevel\/#mainImage"},"datePublished":"2020-05-05T07:54:54+02:00","dateModified":"2020-05-05T07:54:54+02:00"},{"@type":"WebSite","@id":"https:\/\/allasorias.hu\/hirek\/#website","url":"https:\/\/allasorias.hu\/hirek\/","name":"AllasOrias.hu | H\u00edrek-lapszemle","description":"\u00dczleti h\u00edrek az \u00e1ll\u00e1s \u00e9s a munka vil\u00e1g\u00e1b\u00f3l","inLanguage":"hu-HU","publisher":{"@id":"https:\/\/allasorias.hu\/hirek\/#organization"}}]},"og:locale":"hu_HU","og:site_name":"AllasOrias.hu | H\u00edrek-lapszemle | \u00dczleti h\u00edrek az \u00e1ll\u00e1s \u00e9s a munka vil\u00e1g\u00e1b\u00f3l","og:type":"article","og:title":"\u00daj helyzet a home office elterjed\u00e9s\u00e9vel | AllasOrias.hu | H\u00edrek-lapszemle","og:description":"A koronav\u00edrus j\u00e1rv\u00e1ny ideje alatt elterjedt home office \u00faj helyzetet teremtett a munkaer\u0151piacon \u2013 \u00e1llap\u00edtott\u00e1k meg francia kutat\u00f3k. A j\u00e1rv\u00e1ny ut\u00e1n nyilv\u00e1nval\u00f3v\u00e1 v\u00e1lhat, hogy az otthoni munka \u00e1ltal\u00e1noss\u00e1 tehet\u0151 sok ter\u00fcleten. A t\u00e1vmunka az elit munkaer\u0151 &quot;exportj\u00e1t&quot; gyors\u00edthatja fel. A globaliz\u00e1ci\u00f3 eddig f\u0151k\u00e9nt abban nyilv\u00e1nult meg, hogy a fejlett \u00e1llamok az olcs\u00f3 munkaer\u0151t kerest\u00e9k: hatalmas","og:url":"https:\/\/allasorias.hu\/hirek\/uj-helyzet-a-home-office-elterjedesevel\/","og:image":"https:\/\/allasorias.hu\/hirek\/wp-content\/uploads\/2019\/09\/attractive-beautiful-browsing-1586973.jpg","og:image:secure_url":"https:\/\/allasorias.hu\/hirek\/wp-content\/uploads\/2019\/09\/attractive-beautiful-browsing-1586973.jpg","og:image:width":640,"og:image:height":426,"article:published_time":"2020-05-05T07:54:54+00:00","article:modified_time":"2020-05-05T07:54:54+00:00","article:publisher":"https:\/\/www.facebook.com\/allasorias","twitter:card":"summary_large_image","twitter:title":"\u00daj helyzet a home office elterjed\u00e9s\u00e9vel | AllasOrias.hu | H\u00edrek-lapszemle","twitter:description":"A koronav\u00edrus j\u00e1rv\u00e1ny ideje alatt elterjedt home office \u00faj helyzetet teremtett a munkaer\u0151piacon \u2013 \u00e1llap\u00edtott\u00e1k meg francia kutat\u00f3k. A j\u00e1rv\u00e1ny ut\u00e1n nyilv\u00e1nval\u00f3v\u00e1 v\u00e1lhat, hogy az otthoni munka \u00e1ltal\u00e1noss\u00e1 tehet\u0151 sok ter\u00fcleten. A t\u00e1vmunka az elit munkaer\u0151 &quot;exportj\u00e1t&quot; gyors\u00edthatja fel. A globaliz\u00e1ci\u00f3 eddig f\u0151k\u00e9nt abban nyilv\u00e1nult meg, hogy a fejlett \u00e1llamok az olcs\u00f3 munkaer\u0151t kerest\u00e9k: hatalmas","twitter:image":"https:\/\/allasorias.hu\/hirek\/wp-content\/uploads\/2019\/09\/attractive-beautiful-browsing-1586973.jpg","twitter:label1":"Written by","twitter:data1":"Juh\u00e1sz P\u00e9ter","twitter:label2":"Est. reading time","twitter:data2":"3 minutes"},"aioseo_meta_data":{"post_id":"3945","title":null,"description":null,"keywords":null,"keyphrases":null,"primary_term":null,"canonical_url":null,"og_title":null,"og_description":null,"og_object_type":"default","og_image_type":"default","og_image_url":null,"og_image_width":null,"og_image_height":null,"og_image_custom_url":null,"og_image_custom_fields":null,"og_video":null,"og_custom_url":null,"og_article_section":null,"og_article_tags":null,"twitter_use_og":false,"twitter_card":"default","twitter_image_type":"default","twitter_image_url":null,"twitter_image_custom_url":null,"twitter_image_custom_fields":null,"twitter_title":null,"twitter_description":null,"schema":{"blockGraphs":[],"customGraphs":[],"default":{"data":{"Article":[],"Course":[],"Dataset":[],"FAQPage":[],"Movie":[],"Person":[],"Product":[],"ProductReview":[],"Car":[],"Recipe":[],"Service":[],"SoftwareApplication":[],"WebPage":[]},"graphName":"","isEnabled":true},"graphs":[]},"schema_type":null,"schema_type_options":null,"pillar_content":false,"robots_default":true,"robots_noindex":false,"robots_noarchive":false,"robots_nosnippet":false,"robots_nofollow":false,"robots_noimageindex":false,"robots_noodp":false,"robots_notranslate":false,"robots_max_snippet":null,"robots_max_videopreview":null,"robots_max_imagepreview":"large","priority":null,"frequency":null,"location":null,"local_seo":null,"breadcrumb_settings":null,"limit_modified_date":false,"ai":null,"created":"2021-02-01 21:28:17","updated":"2025-10-02 13:48:43","seo_analyzer_scan_date":null,"focus_keyword":null,"additional_keywords":null,"truseo_locale":null},"aioseo_breadcrumb":"<div class=\"aioseo-breadcrumbs\"><span class=\"aioseo-breadcrumb\">\n\t\t\t<a href=\"https:\/\/allasorias.hu\/hirek\" title=\"Home\">Home<\/a>\n\t\t<\/span><span class=\"aioseo-breadcrumb-separator\">&raquo;<\/span><span class=\"aioseo-breadcrumb\">\n\t\t\t<a href=\"https:\/\/allasorias.hu\/hirek\/temak\/munkaeropiac\/\" title=\"Munkaer\u0151piac\">Munkaer\u0151piac<\/a>\n\t\t<\/span><span class=\"aioseo-breadcrumb-separator\">&raquo;<\/span><span class=\"aioseo-breadcrumb\">\n\t\t\t\u00daj helyzet a home office elterjed\u00e9s\u00e9vel\n\t\t<\/span><\/div>","aioseo_breadcrumb_json":[{"label":"Home","link":"https:\/\/allasorias.hu\/hirek"},{"label":"Munkaer\u0151piac","link":"https:\/\/allasorias.hu\/hirek\/temak\/munkaeropiac\/"},{"label":"\u00daj helyzet a home office elterjed\u00e9s\u00e9vel","link":"https:\/\/allasorias.hu\/hirek\/uj-helyzet-a-home-office-elterjedesevel\/"}],"_links":{"self":[{"href":"https:\/\/allasorias.hu\/hirek\/wp-json\/wp\/v2\/posts\/3945","targetHints":{"allow":["GET"]}}],"collection":[{"href":"https:\/\/allasorias.hu\/hirek\/wp-json\/wp\/v2\/posts"}],"about":[{"href":"https:\/\/allasorias.hu\/hirek\/wp-json\/wp\/v2\/types\/post"}],"author":[{"embeddable":true,"href":"https:\/\/allasorias.hu\/hirek\/wp-json\/wp\/v2\/users\/1"}],"replies":[{"embeddable":true,"href":"https:\/\/allasorias.hu\/hirek\/wp-json\/wp\/v2\/comments?post=3945"}],"version-history":[{"count":1,"href":"https:\/\/allasorias.hu\/hirek\/wp-json\/wp\/v2\/posts\/3945\/revisions"}],"predecessor-version":[{"id":3946,"href":"https:\/\/allasorias.hu\/hirek\/wp-json\/wp\/v2\/posts\/3945\/revisions\/3946"}],"wp:featuredmedia":[{"embeddable":true,"href":"https:\/\/allasorias.hu\/hirek\/wp-json\/wp\/v2\/media\/3293"}],"wp:attachment":[{"href":"https:\/\/allasorias.hu\/hirek\/wp-json\/wp\/v2\/media?parent=3945"}],"wp:term":[{"taxonomy":"category","embeddable":true,"href":"https:\/\/allasorias.hu\/hirek\/wp-json\/wp\/v2\/categories?post=3945"},{"taxonomy":"post_tag","embeddable":true,"href":"https:\/\/allasorias.hu\/hirek\/wp-json\/wp\/v2\/tags?post=3945"}],"curies":[{"name":"wp","href":"https:\/\/api.w.org\/{rel}","templated":true}]}}