{"id":3943,"date":"2020-05-04T09:03:00","date_gmt":"2020-05-04T09:03:00","guid":{"rendered":"https:\/\/allasorias.hu\/hirek\/?p=3943"},"modified":"2020-05-04T09:03:00","modified_gmt":"2020-05-04T09:03:00","slug":"nagyszuloi-gyed-kiknek-jo-ez-most","status":"publish","type":"post","link":"https:\/\/allasorias.hu\/hirek\/nagyszuloi-gyed-kiknek-jo-ez-most\/","title":{"rendered":"Nagysz\u00fcl\u0151i GYED \u2013 kiknek j\u00f3 ez most ?"},"content":{"rendered":"<p><strong>A nagysz\u00fcl\u0151i GYED f\u00f6l\u00e9rt\u00e9kel\u0151dik most, a j\u00e1rv\u00e1ny ideje alatt \u00e1ll\u00e1sukat veszt\u0151k eset\u00e9ben. Farkas Andr\u00e1s nyugd\u00edjszak\u00e9rt\u0151 szerint ez\u00a0 a lehet\u0151s\u00e9g az olyan nagysz\u00fcl\u0151k sz\u00e1m\u00e1ra adott, akik a munkaer\u0151piacon m\u00e9g akt\u00edvak, \u00e9s k\u00e9t \u00e9vesn\u00e9l fiatalabb unok\u00e1juk van. <\/strong><\/p>\n<p>Ikrek eset\u00e9n h\u00e1rom \u00e9ves korig vehet\u0151 ig\u00e9nybe az ell\u00e1t\u00e1s, amelyet alapvet\u0151en az\u00e9rt vezetett be a korm\u00e1ny, hogy ha az \u00e9rintett nagysz\u00fcl\u0151 v\u00e1llalja a folyamatos b\u00e9biszitter szolg\u00e1ltat\u00e1st, akkor ink\u00e1bb \u0151 maradjon ki a munk\u00e1b\u00f3l, mintsem a sz\u00fcl\u0151k valamelyike &#8211; \u00edrta a Napi.hu. A nagysz\u00fcl\u0151i gyed alapfelt\u00e9telei: az a m\u00e9g nem nyugd\u00edjas nagysz\u00fcl\u0151 ig\u00e9nyelheti a nagysz\u00fcl\u0151i gyermekgondoz\u00e1si d\u00edjat, aki az unoka sz\u00fclet\u00e9s\u00e9t megel\u0151z\u0151 k\u00e9t \u00e9ven bel\u00fcl legal\u00e1bb 365 napon \u00e1t biztos\u00edtott volt (vagyis dolgozott),a gyermek sz\u00fclei mindketten (vagy egyed\u00fcl\u00e1ll\u00f3 sz\u00fcl\u0151 eset\u00e9n a gyermeket nevel\u0151 sz\u00fcl\u0151) dolgoznak (kiv\u00e9ve a nevel\u0151sz\u00fcl\u0151i foglalkoztat\u00e1si jogviszonyban \u00e1ll\u00e1st), \u00e9s legal\u00e1bb az egyik sz\u00fcl\u0151 az \u00e1ltal\u00e1nos szab\u00e1lyok szerint j\u00e1r\u00f3 gyed jogosults\u00e1gi felt\u00e9teleinek megfelel, a sz\u00fcl\u0151k (vagy az egyed\u00fcl\u00e1ll\u00f3 sz\u00fcl\u0151) saj\u00e1t h\u00e1ztart\u00e1sukban nevelik a gyermeket, ahonnan a gyermek a nagysz\u00fcl\u0151h\u00f6z csak \u00e1tmeneti jelleggel, napk\u00f6zbeni id\u0151szakra ker\u00fcl ki,a sz\u00fcl\u0151k (vagy az egyed\u00fcl\u00e1ll\u00f3 sz\u00fcl\u0151) nyilatkoznak arr\u00f3l, hogy egyet\u00e9rtenek a gyermekgondoz\u00e1si d\u00edj nagysz\u00fcl\u0151 \u00e1ltali ig\u00e9nyl\u00e9s\u00e9vel (ha tov\u00e1bbi gyermekek eset\u00e9ben is ezt a megold\u00e1st v\u00e1lasztan\u00e1k, akkor csak ugyanannak a nagysz\u00fcl\u0151nek a jav\u00e1ra nyilatkozhatnak, viszont ez a nagysz\u00fcl\u0151 term\u00e9szetesen t\u00f6bb &#8211; nem azonos v\u00e1rand\u00f3ss\u00e1gb\u00f3l sz\u00e1rmaz\u00f3 &#8211; gyermek ut\u00e1n is jogosult lehet nagysz\u00fcl\u0151i gyed-re), \u00e9s arra a gyermekre tekintettel, aki ut\u00e1n a nagysz\u00fcl\u0151i gyed-et meg\u00e1llap\u00edtott\u00e1k, nem foly\u00f3s\u00edtanak gyermekgondoz\u00e1st seg\u00edt\u0151 ell\u00e1t\u00e1st. A nagysz\u00fcl\u0151i gyed \u00f6sszeg\u00e9t ugyan\u00fagy kell meg\u00e1llap\u00edtani, mint a sz\u00fcl\u0151i gyed \u00f6sszeg\u00e9t, vagyis a napt\u00e1ri napi alap 70 sz\u00e1zal\u00e9ka, de legfeljebb havonta a mindenkori minim\u00e1lb\u00e9r k\u00e9tszeres\u00e9nek 70 sz\u00e1zal\u00e9ka lehet a nagysz\u00fcl\u0151i gyed \u00f6sszege. (Id\u00e9n a 161 ezer forintos minim\u00e1lb\u00e9r alapj\u00e1n a nagysz\u00fcl\u0151i gyed maxim\u00e1lis \u00f6sszege 161 000 Ft x 2 x 0,7 = 225 400 forint lehet.) A nagysz\u00fcl\u0151i gyed \u00f6sszeg\u00e9t 10 sz\u00e1zal\u00e9k nyugd\u00edjj\u00e1rul\u00e9k \u00e9s 15 sz\u00e1zal\u00e9k szja terheli.<\/p>\n<p>Forr\u00e1s: infostart.hu<\/p>\n<p>&nbsp;<\/p>\n","protected":false},"excerpt":{"rendered":"<p>A nagysz\u00fcl\u0151i GYED f\u00f6l\u00e9rt\u00e9kel\u0151dik most, a j\u00e1rv\u00e1ny ideje alatt \u00e1ll\u00e1sukat veszt\u0151k eset\u00e9ben. Farkas Andr\u00e1s nyugd\u00edjszak\u00e9rt\u0151 szerint ez\u00a0 a lehet\u0151s\u00e9g az olyan nagysz\u00fcl\u0151k sz\u00e1m\u00e1ra adott, akik a munkaer\u0151piacon m\u00e9g akt\u00edvak, \u00e9s k\u00e9t \u00e9vesn\u00e9l fiatalabb unok\u00e1juk van. Ikrek eset\u00e9n h\u00e1rom \u00e9ves korig vehet\u0151 ig\u00e9nybe az ell\u00e1t\u00e1s, amelyet alapvet\u0151en az\u00e9rt vezetett be a korm\u00e1ny, hogy ha az \u00e9rintett [&hellip;]<\/p>\n","protected":false},"author":1,"featured_media":2856,"comment_status":"open","ping_status":"open","sticky":false,"template":"","format":"standard","meta":{"_monsterinsights_skip_tracking":false,"footnotes":""},"categories":[198],"tags":[],"class_list":["post-3943","post","type-post","status-publish","format-standard","has-post-thumbnail","hentry","category-gazdasag"],"aioseo_notices":[],"aioseo_head":"\n\t\t<!-- All in One SEO 5.0.0.1 - aioseo.com -->\n\t<meta name=\"description\" content=\"A nagysz\u00fcl\u0151i GYED f\u00f6l\u00e9rt\u00e9kel\u0151dik most, a j\u00e1rv\u00e1ny ideje alatt \u00e1ll\u00e1sukat veszt\u0151k eset\u00e9ben. Farkas Andr\u00e1s nyugd\u00edjszak\u00e9rt\u0151 szerint ez a lehet\u0151s\u00e9g az olyan nagysz\u00fcl\u0151k sz\u00e1m\u00e1ra adott, akik a munkaer\u0151piacon m\u00e9g akt\u00edvak, \u00e9s k\u00e9t \u00e9vesn\u00e9l fiatalabb unok\u00e1juk van. Ikrek eset\u00e9n h\u00e1rom \u00e9ves korig vehet\u0151 ig\u00e9nybe az ell\u00e1t\u00e1s, amelyet alapvet\u0151en az\u00e9rt vezetett be a korm\u00e1ny, hogy ha az \u00e9rintett\" \/>\n\t<meta name=\"robots\" content=\"max-image-preview:large\" \/>\n\t<meta name=\"author\" content=\"Juh\u00e1sz P\u00e9ter\"\/>\n\t<link rel=\"canonical\" href=\"https:\/\/allasorias.hu\/hirek\/nagyszuloi-gyed-kiknek-jo-ez-most\/\" \/>\n\t<meta name=\"generator\" content=\"All in One SEO (AIOSEO) 5.0.0.1\" \/>\n\t\t<meta property=\"og:locale\" content=\"hu_HU\" \/>\n\t\t<meta property=\"og:site_name\" content=\"AllasOrias.hu | H\u00edrek-lapszemle | \u00dczleti h\u00edrek az \u00e1ll\u00e1s \u00e9s a munka vil\u00e1g\u00e1b\u00f3l\" \/>\n\t\t<meta property=\"og:type\" content=\"article\" \/>\n\t\t<meta property=\"og:title\" content=\"Nagysz\u00fcl\u0151i GYED \u2013 kiknek j\u00f3 ez most ? | AllasOrias.hu | H\u00edrek-lapszemle\" \/>\n\t\t<meta property=\"og:description\" content=\"A nagysz\u00fcl\u0151i GYED f\u00f6l\u00e9rt\u00e9kel\u0151dik most, a j\u00e1rv\u00e1ny ideje alatt \u00e1ll\u00e1sukat veszt\u0151k eset\u00e9ben. Farkas Andr\u00e1s nyugd\u00edjszak\u00e9rt\u0151 szerint ez a lehet\u0151s\u00e9g az olyan nagysz\u00fcl\u0151k sz\u00e1m\u00e1ra adott, akik a munkaer\u0151piacon m\u00e9g akt\u00edvak, \u00e9s k\u00e9t \u00e9vesn\u00e9l fiatalabb unok\u00e1juk van. Ikrek eset\u00e9n h\u00e1rom \u00e9ves korig vehet\u0151 ig\u00e9nybe az ell\u00e1t\u00e1s, amelyet alapvet\u0151en az\u00e9rt vezetett be a korm\u00e1ny, hogy ha az \u00e9rintett\" \/>\n\t\t<meta property=\"og:url\" content=\"https:\/\/allasorias.hu\/hirek\/nagyszuloi-gyed-kiknek-jo-ez-most\/\" \/>\n\t\t<meta property=\"og:image\" content=\"https:\/\/allasorias.hu\/hirek\/wp-content\/uploads\/2019\/05\/adult-blur-daytime-834863.jpg\" \/>\n\t\t<meta property=\"og:image:secure_url\" content=\"https:\/\/allasorias.hu\/hirek\/wp-content\/uploads\/2019\/05\/adult-blur-daytime-834863.jpg\" \/>\n\t\t<meta property=\"og:image:width\" content=\"640\" \/>\n\t\t<meta property=\"og:image:height\" content=\"426\" \/>\n\t\t<meta property=\"article:published_time\" content=\"2020-05-04T09:03:00+00:00\" \/>\n\t\t<meta property=\"article:modified_time\" content=\"2020-05-04T09:03:00+00:00\" \/>\n\t\t<meta property=\"article:publisher\" content=\"https:\/\/www.facebook.com\/allasorias\" \/>\n\t\t<meta name=\"twitter:card\" content=\"summary_large_image\" \/>\n\t\t<meta name=\"twitter:title\" content=\"Nagysz\u00fcl\u0151i GYED \u2013 kiknek j\u00f3 ez most ? | AllasOrias.hu | H\u00edrek-lapszemle\" \/>\n\t\t<meta name=\"twitter:description\" content=\"A nagysz\u00fcl\u0151i GYED f\u00f6l\u00e9rt\u00e9kel\u0151dik most, a j\u00e1rv\u00e1ny ideje alatt \u00e1ll\u00e1sukat veszt\u0151k eset\u00e9ben. Farkas Andr\u00e1s nyugd\u00edjszak\u00e9rt\u0151 szerint ez a lehet\u0151s\u00e9g az olyan nagysz\u00fcl\u0151k sz\u00e1m\u00e1ra adott, akik a munkaer\u0151piacon m\u00e9g akt\u00edvak, \u00e9s k\u00e9t \u00e9vesn\u00e9l fiatalabb unok\u00e1juk van. Ikrek eset\u00e9n h\u00e1rom \u00e9ves korig vehet\u0151 ig\u00e9nybe az ell\u00e1t\u00e1s, amelyet alapvet\u0151en az\u00e9rt vezetett be a korm\u00e1ny, hogy ha az \u00e9rintett\" \/>\n\t\t<meta name=\"twitter:image\" content=\"https:\/\/allasorias.hu\/hirek\/wp-content\/uploads\/2019\/05\/adult-blur-daytime-834863.jpg\" \/>\n\t\t<meta name=\"twitter:label1\" content=\"Written by\" \/>\n\t\t<meta name=\"twitter:data1\" content=\"Juh\u00e1sz P\u00e9ter\" \/>\n\t\t<meta name=\"twitter:label2\" content=\"Est. reading time\" \/>\n\t\t<meta name=\"twitter:data2\" content=\"2 minutes\" \/>\n\t\t<script type=\"application\/ld+json\" class=\"aioseo-schema\">\n\t\t\t{\"@context\":\"https:\\\/\\\/schema.org\",\"@graph\":[{\"@type\":\"Article\",\"@id\":\"https:\\\/\\\/allasorias.hu\\\/hirek\\\/nagyszuloi-gyed-kiknek-jo-ez-most\\\/#article\",\"name\":\"Nagysz\\u00fcl\\u0151i GYED \\u2013 kiknek j\\u00f3 ez most ? | AllasOrias.hu | H\\u00edrek-lapszemle\",\"headline\":\"Nagysz\\u00fcl\\u0151i GYED \\u2013 kiknek j\\u00f3 ez most ?\",\"author\":{\"@id\":\"https:\\\/\\\/allasorias.hu\\\/hirek\\\/author\\\/admin-allasorias\\\/#author\"},\"publisher\":{\"@id\":\"https:\\\/\\\/allasorias.hu\\\/hirek\\\/#organization\"},\"image\":{\"@type\":\"ImageObject\",\"url\":\"https:\\\/\\\/allasorias.hu\\\/hirek\\\/wp-content\\\/uploads\\\/2019\\\/05\\\/adult-blur-daytime-834863.jpg\",\"width\":640,\"height\":426},\"datePublished\":\"2020-05-04T09:03:00+02:00\",\"dateModified\":\"2020-05-04T09:03:00+02:00\",\"inLanguage\":\"hu-HU\",\"mainEntityOfPage\":{\"@id\":\"https:\\\/\\\/allasorias.hu\\\/hirek\\\/nagyszuloi-gyed-kiknek-jo-ez-most\\\/#webpage\"},\"isPartOf\":{\"@id\":\"https:\\\/\\\/allasorias.hu\\\/hirek\\\/nagyszuloi-gyed-kiknek-jo-ez-most\\\/#webpage\"},\"articleSection\":\"Gazdas\\u00e1g\"},{\"@type\":\"BreadcrumbList\",\"@id\":\"https:\\\/\\\/allasorias.hu\\\/hirek\\\/nagyszuloi-gyed-kiknek-jo-ez-most\\\/#breadcrumblist\",\"itemListElement\":[{\"@type\":\"ListItem\",\"@id\":\"https:\\\/\\\/allasorias.hu\\\/hirek#listItem\",\"position\":1,\"name\":\"Home\",\"item\":\"https:\\\/\\\/allasorias.hu\\\/hirek\",\"nextItem\":{\"@type\":\"ListItem\",\"@id\":\"https:\\\/\\\/allasorias.hu\\\/hirek\\\/temak\\\/gazdasag\\\/#listItem\",\"name\":\"Gazdas\\u00e1g\"}},{\"@type\":\"ListItem\",\"@id\":\"https:\\\/\\\/allasorias.hu\\\/hirek\\\/temak\\\/gazdasag\\\/#listItem\",\"position\":2,\"name\":\"Gazdas\\u00e1g\",\"item\":\"https:\\\/\\\/allasorias.hu\\\/hirek\\\/temak\\\/gazdasag\\\/\",\"nextItem\":{\"@type\":\"ListItem\",\"@id\":\"https:\\\/\\\/allasorias.hu\\\/hirek\\\/nagyszuloi-gyed-kiknek-jo-ez-most\\\/#listItem\",\"name\":\"Nagysz\\u00fcl\\u0151i GYED \\u2013 kiknek j\\u00f3 ez most ?\"},\"previousItem\":{\"@type\":\"ListItem\",\"@id\":\"https:\\\/\\\/allasorias.hu\\\/hirek#listItem\",\"name\":\"Home\"}},{\"@type\":\"ListItem\",\"@id\":\"https:\\\/\\\/allasorias.hu\\\/hirek\\\/nagyszuloi-gyed-kiknek-jo-ez-most\\\/#listItem\",\"position\":3,\"name\":\"Nagysz\\u00fcl\\u0151i GYED \\u2013 kiknek j\\u00f3 ez most ?\",\"previousItem\":{\"@type\":\"ListItem\",\"@id\":\"https:\\\/\\\/allasorias.hu\\\/hirek\\\/temak\\\/gazdasag\\\/#listItem\",\"name\":\"Gazdas\\u00e1g\"}}]},{\"@type\":\"Organization\",\"@id\":\"https:\\\/\\\/allasorias.hu\\\/hirek\\\/#organization\",\"name\":\"AllasOrias.hu | H\\u00edrek-lapszemle\",\"description\":\"\\u00dczleti h\\u00edrek az \\u00e1ll\\u00e1s \\u00e9s a munka vil\\u00e1g\\u00e1b\\u00f3l\",\"url\":\"https:\\\/\\\/allasorias.hu\\\/hirek\\\/\",\"logo\":{\"@type\":\"ImageObject\",\"url\":\"https:\\\/\\\/allasorias.hu\\\/hirek\\\/wp-content\\\/uploads\\\/2022\\\/10\\\/allasorias_site_facebok_logo.png\",\"@id\":\"https:\\\/\\\/allasorias.hu\\\/hirek\\\/nagyszuloi-gyed-kiknek-jo-ez-most\\\/#organizationLogo\"},\"image\":{\"@id\":\"https:\\\/\\\/allasorias.hu\\\/hirek\\\/nagyszuloi-gyed-kiknek-jo-ez-most\\\/#organizationLogo\"},\"sameAs\":[\"https:\\\/\\\/www.facebook.com\\\/allasorias\",\"https:\\\/\\\/www.linkedin.com\\\/company\\\/allasorias\"]},{\"@type\":\"Person\",\"@id\":\"https:\\\/\\\/allasorias.hu\\\/hirek\\\/author\\\/admin-allasorias\\\/#author\",\"url\":\"https:\\\/\\\/allasorias.hu\\\/hirek\\\/author\\\/admin-allasorias\\\/\",\"name\":\"Juh\\u00e1sz P\\u00e9ter\",\"image\":{\"@type\":\"ImageObject\",\"@id\":\"https:\\\/\\\/allasorias.hu\\\/hirek\\\/nagyszuloi-gyed-kiknek-jo-ez-most\\\/#authorImage\",\"url\":\"https:\\\/\\\/secure.gravatar.com\\\/avatar\\\/36e6bcb83148978b992977cb0f54d22feb0cce8a0a849a9410532bb2623ba4c6?s=96&d=mm&r=g\",\"width\":96,\"height\":96,\"caption\":\"Juh\\u00e1sz P\\u00e9ter\"}},{\"@type\":\"WebPage\",\"@id\":\"https:\\\/\\\/allasorias.hu\\\/hirek\\\/nagyszuloi-gyed-kiknek-jo-ez-most\\\/#webpage\",\"url\":\"https:\\\/\\\/allasorias.hu\\\/hirek\\\/nagyszuloi-gyed-kiknek-jo-ez-most\\\/\",\"name\":\"Nagysz\\u00fcl\\u0151i GYED \\u2013 kiknek j\\u00f3 ez most ? | AllasOrias.hu | H\\u00edrek-lapszemle\",\"description\":\"A nagysz\\u00fcl\\u0151i GYED f\\u00f6l\\u00e9rt\\u00e9kel\\u0151dik most, a j\\u00e1rv\\u00e1ny ideje alatt \\u00e1ll\\u00e1sukat veszt\\u0151k eset\\u00e9ben. Farkas Andr\\u00e1s nyugd\\u00edjszak\\u00e9rt\\u0151 szerint ez a lehet\\u0151s\\u00e9g az olyan nagysz\\u00fcl\\u0151k sz\\u00e1m\\u00e1ra adott, akik a munkaer\\u0151piacon m\\u00e9g akt\\u00edvak, \\u00e9s k\\u00e9t \\u00e9vesn\\u00e9l fiatalabb unok\\u00e1juk van. Ikrek eset\\u00e9n h\\u00e1rom \\u00e9ves korig vehet\\u0151 ig\\u00e9nybe az ell\\u00e1t\\u00e1s, amelyet alapvet\\u0151en az\\u00e9rt vezetett be a korm\\u00e1ny, hogy ha az \\u00e9rintett\",\"inLanguage\":\"hu-HU\",\"isPartOf\":{\"@id\":\"https:\\\/\\\/allasorias.hu\\\/hirek\\\/#website\"},\"breadcrumb\":{\"@id\":\"https:\\\/\\\/allasorias.hu\\\/hirek\\\/nagyszuloi-gyed-kiknek-jo-ez-most\\\/#breadcrumblist\"},\"author\":{\"@id\":\"https:\\\/\\\/allasorias.hu\\\/hirek\\\/author\\\/admin-allasorias\\\/#author\"},\"creator\":{\"@id\":\"https:\\\/\\\/allasorias.hu\\\/hirek\\\/author\\\/admin-allasorias\\\/#author\"},\"image\":{\"@type\":\"ImageObject\",\"url\":\"https:\\\/\\\/allasorias.hu\\\/hirek\\\/wp-content\\\/uploads\\\/2019\\\/05\\\/adult-blur-daytime-834863.jpg\",\"@id\":\"https:\\\/\\\/allasorias.hu\\\/hirek\\\/nagyszuloi-gyed-kiknek-jo-ez-most\\\/#mainImage\",\"width\":640,\"height\":426},\"primaryImageOfPage\":{\"@id\":\"https:\\\/\\\/allasorias.hu\\\/hirek\\\/nagyszuloi-gyed-kiknek-jo-ez-most\\\/#mainImage\"},\"datePublished\":\"2020-05-04T09:03:00+02:00\",\"dateModified\":\"2020-05-04T09:03:00+02:00\"},{\"@type\":\"WebSite\",\"@id\":\"https:\\\/\\\/allasorias.hu\\\/hirek\\\/#website\",\"url\":\"https:\\\/\\\/allasorias.hu\\\/hirek\\\/\",\"name\":\"AllasOrias.hu | H\\u00edrek-lapszemle\",\"description\":\"\\u00dczleti h\\u00edrek az \\u00e1ll\\u00e1s \\u00e9s a munka vil\\u00e1g\\u00e1b\\u00f3l\",\"inLanguage\":\"hu-HU\",\"publisher\":{\"@id\":\"https:\\\/\\\/allasorias.hu\\\/hirek\\\/#organization\"}}]}\n\t\t<\/script>\n\t\t<!-- All in One SEO -->\n\n","aioseo_head_json":{"title":"Nagysz\u00fcl\u0151i GYED \u2013 kiknek j\u00f3 ez most ? | AllasOrias.hu | H\u00edrek-lapszemle","description":"A nagysz\u00fcl\u0151i GYED f\u00f6l\u00e9rt\u00e9kel\u0151dik most, a j\u00e1rv\u00e1ny ideje alatt \u00e1ll\u00e1sukat veszt\u0151k eset\u00e9ben. Farkas Andr\u00e1s nyugd\u00edjszak\u00e9rt\u0151 szerint ez a lehet\u0151s\u00e9g az olyan nagysz\u00fcl\u0151k sz\u00e1m\u00e1ra adott, akik a munkaer\u0151piacon m\u00e9g akt\u00edvak, \u00e9s k\u00e9t \u00e9vesn\u00e9l fiatalabb unok\u00e1juk van. Ikrek eset\u00e9n h\u00e1rom \u00e9ves korig vehet\u0151 ig\u00e9nybe az ell\u00e1t\u00e1s, amelyet alapvet\u0151en az\u00e9rt vezetett be a korm\u00e1ny, hogy ha az \u00e9rintett","canonical_url":"https:\/\/allasorias.hu\/hirek\/nagyszuloi-gyed-kiknek-jo-ez-most\/","robots":"max-image-preview:large","keywords":"","webmasterTools":{"miscellaneous":""},"schema":{"@context":"https:\/\/schema.org","@graph":[{"@type":"Article","@id":"https:\/\/allasorias.hu\/hirek\/nagyszuloi-gyed-kiknek-jo-ez-most\/#article","name":"Nagysz\u00fcl\u0151i GYED \u2013 kiknek j\u00f3 ez most ? | AllasOrias.hu | H\u00edrek-lapszemle","headline":"Nagysz\u00fcl\u0151i GYED \u2013 kiknek j\u00f3 ez most ?","author":{"@id":"https:\/\/allasorias.hu\/hirek\/author\/admin-allasorias\/#author"},"publisher":{"@id":"https:\/\/allasorias.hu\/hirek\/#organization"},"image":{"@type":"ImageObject","url":"https:\/\/allasorias.hu\/hirek\/wp-content\/uploads\/2019\/05\/adult-blur-daytime-834863.jpg","width":640,"height":426},"datePublished":"2020-05-04T09:03:00+02:00","dateModified":"2020-05-04T09:03:00+02:00","inLanguage":"hu-HU","mainEntityOfPage":{"@id":"https:\/\/allasorias.hu\/hirek\/nagyszuloi-gyed-kiknek-jo-ez-most\/#webpage"},"isPartOf":{"@id":"https:\/\/allasorias.hu\/hirek\/nagyszuloi-gyed-kiknek-jo-ez-most\/#webpage"},"articleSection":"Gazdas\u00e1g"},{"@type":"BreadcrumbList","@id":"https:\/\/allasorias.hu\/hirek\/nagyszuloi-gyed-kiknek-jo-ez-most\/#breadcrumblist","itemListElement":[{"@type":"ListItem","@id":"https:\/\/allasorias.hu\/hirek#listItem","position":1,"name":"Home","item":"https:\/\/allasorias.hu\/hirek","nextItem":{"@type":"ListItem","@id":"https:\/\/allasorias.hu\/hirek\/temak\/gazdasag\/#listItem","name":"Gazdas\u00e1g"}},{"@type":"ListItem","@id":"https:\/\/allasorias.hu\/hirek\/temak\/gazdasag\/#listItem","position":2,"name":"Gazdas\u00e1g","item":"https:\/\/allasorias.hu\/hirek\/temak\/gazdasag\/","nextItem":{"@type":"ListItem","@id":"https:\/\/allasorias.hu\/hirek\/nagyszuloi-gyed-kiknek-jo-ez-most\/#listItem","name":"Nagysz\u00fcl\u0151i GYED \u2013 kiknek j\u00f3 ez most ?"},"previousItem":{"@type":"ListItem","@id":"https:\/\/allasorias.hu\/hirek#listItem","name":"Home"}},{"@type":"ListItem","@id":"https:\/\/allasorias.hu\/hirek\/nagyszuloi-gyed-kiknek-jo-ez-most\/#listItem","position":3,"name":"Nagysz\u00fcl\u0151i GYED \u2013 kiknek j\u00f3 ez most ?","previousItem":{"@type":"ListItem","@id":"https:\/\/allasorias.hu\/hirek\/temak\/gazdasag\/#listItem","name":"Gazdas\u00e1g"}}]},{"@type":"Organization","@id":"https:\/\/allasorias.hu\/hirek\/#organization","name":"AllasOrias.hu | H\u00edrek-lapszemle","description":"\u00dczleti h\u00edrek az \u00e1ll\u00e1s \u00e9s a munka vil\u00e1g\u00e1b\u00f3l","url":"https:\/\/allasorias.hu\/hirek\/","logo":{"@type":"ImageObject","url":"https:\/\/allasorias.hu\/hirek\/wp-content\/uploads\/2022\/10\/allasorias_site_facebok_logo.png","@id":"https:\/\/allasorias.hu\/hirek\/nagyszuloi-gyed-kiknek-jo-ez-most\/#organizationLogo"},"image":{"@id":"https:\/\/allasorias.hu\/hirek\/nagyszuloi-gyed-kiknek-jo-ez-most\/#organizationLogo"},"sameAs":["https:\/\/www.facebook.com\/allasorias","https:\/\/www.linkedin.com\/company\/allasorias"]},{"@type":"Person","@id":"https:\/\/allasorias.hu\/hirek\/author\/admin-allasorias\/#author","url":"https:\/\/allasorias.hu\/hirek\/author\/admin-allasorias\/","name":"Juh\u00e1sz P\u00e9ter","image":{"@type":"ImageObject","@id":"https:\/\/allasorias.hu\/hirek\/nagyszuloi-gyed-kiknek-jo-ez-most\/#authorImage","url":"https:\/\/secure.gravatar.com\/avatar\/36e6bcb83148978b992977cb0f54d22feb0cce8a0a849a9410532bb2623ba4c6?s=96&d=mm&r=g","width":96,"height":96,"caption":"Juh\u00e1sz P\u00e9ter"}},{"@type":"WebPage","@id":"https:\/\/allasorias.hu\/hirek\/nagyszuloi-gyed-kiknek-jo-ez-most\/#webpage","url":"https:\/\/allasorias.hu\/hirek\/nagyszuloi-gyed-kiknek-jo-ez-most\/","name":"Nagysz\u00fcl\u0151i GYED \u2013 kiknek j\u00f3 ez most ? | AllasOrias.hu | H\u00edrek-lapszemle","description":"A nagysz\u00fcl\u0151i GYED f\u00f6l\u00e9rt\u00e9kel\u0151dik most, a j\u00e1rv\u00e1ny ideje alatt \u00e1ll\u00e1sukat veszt\u0151k eset\u00e9ben. Farkas Andr\u00e1s nyugd\u00edjszak\u00e9rt\u0151 szerint ez a lehet\u0151s\u00e9g az olyan nagysz\u00fcl\u0151k sz\u00e1m\u00e1ra adott, akik a munkaer\u0151piacon m\u00e9g akt\u00edvak, \u00e9s k\u00e9t \u00e9vesn\u00e9l fiatalabb unok\u00e1juk van. Ikrek eset\u00e9n h\u00e1rom \u00e9ves korig vehet\u0151 ig\u00e9nybe az ell\u00e1t\u00e1s, amelyet alapvet\u0151en az\u00e9rt vezetett be a korm\u00e1ny, hogy ha az \u00e9rintett","inLanguage":"hu-HU","isPartOf":{"@id":"https:\/\/allasorias.hu\/hirek\/#website"},"breadcrumb":{"@id":"https:\/\/allasorias.hu\/hirek\/nagyszuloi-gyed-kiknek-jo-ez-most\/#breadcrumblist"},"author":{"@id":"https:\/\/allasorias.hu\/hirek\/author\/admin-allasorias\/#author"},"creator":{"@id":"https:\/\/allasorias.hu\/hirek\/author\/admin-allasorias\/#author"},"image":{"@type":"ImageObject","url":"https:\/\/allasorias.hu\/hirek\/wp-content\/uploads\/2019\/05\/adult-blur-daytime-834863.jpg","@id":"https:\/\/allasorias.hu\/hirek\/nagyszuloi-gyed-kiknek-jo-ez-most\/#mainImage","width":640,"height":426},"primaryImageOfPage":{"@id":"https:\/\/allasorias.hu\/hirek\/nagyszuloi-gyed-kiknek-jo-ez-most\/#mainImage"},"datePublished":"2020-05-04T09:03:00+02:00","dateModified":"2020-05-04T09:03:00+02:00"},{"@type":"WebSite","@id":"https:\/\/allasorias.hu\/hirek\/#website","url":"https:\/\/allasorias.hu\/hirek\/","name":"AllasOrias.hu | H\u00edrek-lapszemle","description":"\u00dczleti h\u00edrek az \u00e1ll\u00e1s \u00e9s a munka vil\u00e1g\u00e1b\u00f3l","inLanguage":"hu-HU","publisher":{"@id":"https:\/\/allasorias.hu\/hirek\/#organization"}}]},"og:locale":"hu_HU","og:site_name":"AllasOrias.hu | H\u00edrek-lapszemle | \u00dczleti h\u00edrek az \u00e1ll\u00e1s \u00e9s a munka vil\u00e1g\u00e1b\u00f3l","og:type":"article","og:title":"Nagysz\u00fcl\u0151i GYED \u2013 kiknek j\u00f3 ez most ? | AllasOrias.hu | H\u00edrek-lapszemle","og:description":"A nagysz\u00fcl\u0151i GYED f\u00f6l\u00e9rt\u00e9kel\u0151dik most, a j\u00e1rv\u00e1ny ideje alatt \u00e1ll\u00e1sukat veszt\u0151k eset\u00e9ben. Farkas Andr\u00e1s nyugd\u00edjszak\u00e9rt\u0151 szerint ez a lehet\u0151s\u00e9g az olyan nagysz\u00fcl\u0151k sz\u00e1m\u00e1ra adott, akik a munkaer\u0151piacon m\u00e9g akt\u00edvak, \u00e9s k\u00e9t \u00e9vesn\u00e9l fiatalabb unok\u00e1juk van. Ikrek eset\u00e9n h\u00e1rom \u00e9ves korig vehet\u0151 ig\u00e9nybe az ell\u00e1t\u00e1s, amelyet alapvet\u0151en az\u00e9rt vezetett be a korm\u00e1ny, hogy ha az \u00e9rintett","og:url":"https:\/\/allasorias.hu\/hirek\/nagyszuloi-gyed-kiknek-jo-ez-most\/","og:image":"https:\/\/allasorias.hu\/hirek\/wp-content\/uploads\/2019\/05\/adult-blur-daytime-834863.jpg","og:image:secure_url":"https:\/\/allasorias.hu\/hirek\/wp-content\/uploads\/2019\/05\/adult-blur-daytime-834863.jpg","og:image:width":640,"og:image:height":426,"article:published_time":"2020-05-04T09:03:00+00:00","article:modified_time":"2020-05-04T09:03:00+00:00","article:publisher":"https:\/\/www.facebook.com\/allasorias","twitter:card":"summary_large_image","twitter:title":"Nagysz\u00fcl\u0151i GYED \u2013 kiknek j\u00f3 ez most ? | AllasOrias.hu | H\u00edrek-lapszemle","twitter:description":"A nagysz\u00fcl\u0151i GYED f\u00f6l\u00e9rt\u00e9kel\u0151dik most, a j\u00e1rv\u00e1ny ideje alatt \u00e1ll\u00e1sukat veszt\u0151k eset\u00e9ben. Farkas Andr\u00e1s nyugd\u00edjszak\u00e9rt\u0151 szerint ez a lehet\u0151s\u00e9g az olyan nagysz\u00fcl\u0151k sz\u00e1m\u00e1ra adott, akik a munkaer\u0151piacon m\u00e9g akt\u00edvak, \u00e9s k\u00e9t \u00e9vesn\u00e9l fiatalabb unok\u00e1juk van. Ikrek eset\u00e9n h\u00e1rom \u00e9ves korig vehet\u0151 ig\u00e9nybe az ell\u00e1t\u00e1s, amelyet alapvet\u0151en az\u00e9rt vezetett be a korm\u00e1ny, hogy ha az \u00e9rintett","twitter:image":"https:\/\/allasorias.hu\/hirek\/wp-content\/uploads\/2019\/05\/adult-blur-daytime-834863.jpg","twitter:label1":"Written by","twitter:data1":"Juh\u00e1sz P\u00e9ter","twitter:label2":"Est. reading time","twitter:data2":"2 minutes"},"aioseo_meta_data":{"post_id":"3943","title":null,"description":null,"keywords":null,"keyphrases":null,"primary_term":null,"canonical_url":null,"og_title":null,"og_description":null,"og_object_type":"default","og_image_type":"default","og_image_url":null,"og_image_width":null,"og_image_height":null,"og_image_custom_url":null,"og_image_custom_fields":null,"og_video":null,"og_custom_url":null,"og_article_section":null,"og_article_tags":null,"twitter_use_og":false,"twitter_card":"default","twitter_image_type":"default","twitter_image_url":null,"twitter_image_custom_url":null,"twitter_image_custom_fields":null,"twitter_title":null,"twitter_description":null,"schema":{"blockGraphs":[],"customGraphs":[],"default":{"data":{"Article":[],"Course":[],"Dataset":[],"FAQPage":[],"Movie":[],"Person":[],"Product":[],"ProductReview":[],"Car":[],"Recipe":[],"Service":[],"SoftwareApplication":[],"WebPage":[]},"graphName":"","isEnabled":true},"graphs":[],"defaultGraph":"","defaultPostTypeGraph":""},"schema_type":null,"schema_type_options":null,"pillar_content":false,"robots_default":true,"robots_noindex":false,"robots_noarchive":false,"robots_nosnippet":false,"robots_nofollow":false,"robots_noimageindex":false,"robots_noodp":false,"robots_notranslate":false,"robots_max_snippet":null,"robots_max_videopreview":null,"robots_max_imagepreview":"large","priority":null,"frequency":null,"location":null,"local_seo":null,"breadcrumb_settings":null,"limit_modified_date":false,"ai":null,"created":"2021-02-01 21:28:17","updated":"2025-10-02 13:48:43","seo_analyzer_scan_date":null,"focus_keyword":null,"additional_keywords":null,"truseo_locale":null},"aioseo_breadcrumb":"<div class=\"aioseo-breadcrumbs\"><span class=\"aioseo-breadcrumb\">\n\t\t\t<a href=\"https:\/\/allasorias.hu\/hirek\" title=\"Home\">Home<\/a>\n\t\t<\/span><span class=\"aioseo-breadcrumb-separator\">&raquo;<\/span><span class=\"aioseo-breadcrumb\">\n\t\t\t<a href=\"https:\/\/allasorias.hu\/hirek\/temak\/gazdasag\/\" title=\"Gazdas\u00e1g\">Gazdas\u00e1g<\/a>\n\t\t<\/span><span class=\"aioseo-breadcrumb-separator\">&raquo;<\/span><span class=\"aioseo-breadcrumb\">\n\t\t\tNagysz\u00fcl\u0151i GYED \u2013 kiknek j\u00f3 ez most ?\n\t\t<\/span><\/div>","aioseo_breadcrumb_json":[{"label":"Home","link":"https:\/\/allasorias.hu\/hirek"},{"label":"Gazdas\u00e1g","link":"https:\/\/allasorias.hu\/hirek\/temak\/gazdasag\/"},{"label":"Nagysz\u00fcl\u0151i GYED \u2013 kiknek j\u00f3 ez most ?","link":"https:\/\/allasorias.hu\/hirek\/nagyszuloi-gyed-kiknek-jo-ez-most\/"}],"_links":{"self":[{"href":"https:\/\/allasorias.hu\/hirek\/wp-json\/wp\/v2\/posts\/3943","targetHints":{"allow":["GET"]}}],"collection":[{"href":"https:\/\/allasorias.hu\/hirek\/wp-json\/wp\/v2\/posts"}],"about":[{"href":"https:\/\/allasorias.hu\/hirek\/wp-json\/wp\/v2\/types\/post"}],"author":[{"embeddable":true,"href":"https:\/\/allasorias.hu\/hirek\/wp-json\/wp\/v2\/users\/1"}],"replies":[{"embeddable":true,"href":"https:\/\/allasorias.hu\/hirek\/wp-json\/wp\/v2\/comments?post=3943"}],"version-history":[{"count":1,"href":"https:\/\/allasorias.hu\/hirek\/wp-json\/wp\/v2\/posts\/3943\/revisions"}],"predecessor-version":[{"id":3944,"href":"https:\/\/allasorias.hu\/hirek\/wp-json\/wp\/v2\/posts\/3943\/revisions\/3944"}],"wp:featuredmedia":[{"embeddable":true,"href":"https:\/\/allasorias.hu\/hirek\/wp-json\/wp\/v2\/media\/2856"}],"wp:attachment":[{"href":"https:\/\/allasorias.hu\/hirek\/wp-json\/wp\/v2\/media?parent=3943"}],"wp:term":[{"taxonomy":"category","embeddable":true,"href":"https:\/\/allasorias.hu\/hirek\/wp-json\/wp\/v2\/categories?post=3943"},{"taxonomy":"post_tag","embeddable":true,"href":"https:\/\/allasorias.hu\/hirek\/wp-json\/wp\/v2\/tags?post=3943"}],"curies":[{"name":"wp","href":"https:\/\/api.w.org\/{rel}","templated":true}]}}