{"id":3941,"date":"2020-05-04T09:01:47","date_gmt":"2020-05-04T09:01:47","guid":{"rendered":"https:\/\/allasorias.hu\/hirek\/?p=3941"},"modified":"2020-05-04T09:01:47","modified_gmt":"2020-05-04T09:01:47","slug":"a-tobbseg-szakmat-akar-a-kezebe","status":"publish","type":"post","link":"https:\/\/allasorias.hu\/hirek\/a-tobbseg-szakmat-akar-a-kezebe\/","title":{"rendered":"A t\u00f6bbs\u00e9g szakm\u00e1t akar a kez\u00e9be"},"content":{"rendered":"<p><strong>Az idei \u00e9v \u0151sz\u00e9t\u0151l a technikumokban t\u00f6bb mint 30 ezer kaphat szakmunk\u00e1s bizony\u00edtv\u00e1nyt. Az elm\u00falt tizen\u00f6t \u00e9v alatt ennyien m\u00e9g nem nyertek felv\u00e9telt. Schanda Tam\u00e1s parlamenti \u00e9s strat\u00e9giai \u00e1llamtitk\u00e1r szerint szeretn\u00e9nk, hogy a fiatalok alapos, korszer\u0171 \u00e9s a munkaer\u0151piacon \u00e9rt\u00e9kes tud\u00e1ssal rendelkezzenek, ez\u00e9rt fejlesztik \u00a0\u00e9s \u00faj\u00edtj\u00e1k meg a szakk\u00e9pz\u00e9s rendszer\u00e9t. <\/strong><\/p>\n<p>A koronav\u00edrus-j\u00e1rv\u00e1ny \u00e9pp arra vil\u00e1g\u00edt r\u00e1: minden int\u00e9zked\u00e9st meg kell tenni annak \u00e9rdek\u00e9ben, hogy miut\u00e1n \u00fajraind\u00edtjuk az \u00e9letet Magyarorsz\u00e1gon, ism\u00e9t legal\u00e1bb annyira eredm\u00e9nyesek lehess\u00fcnk, mint az elm\u00falt \u00e9vtizedben \u2013 fogalmazott. Id\u00e9n tov\u00e1bb n\u0151tt a szakk\u00e9pz\u00e9s n\u00e9pszer\u0171s\u00e9ge a nyolcadik oszt\u00e1lyos tanul\u00f3k k\u00f6r\u00e9ben. 35,8 sz\u00e1zal\u00e9kukat gimn\u00e1ziumba, 42,1 sz\u00e1zal\u00e9kukat technikumba, 20,3 sz\u00e1zal\u00e9kukat szakk\u00e9pz\u0151 iskol\u00e1ba, 1,4 sz\u00e1zal\u00e9kukat pedig szakiskol\u00e1ba vett\u00e9k fel. A szeptemberben indul\u00f3 technikumi k\u00e9pz\u00e9st. k\u00f6zel 34 ezer fiatal v\u00e1lasztotta; id\u00e9n nagyobb ar\u00e1nyban folytatj\u00e1k tanulm\u00e1nyaikat a di\u00e1kok a szakm\u00e1t \u00e9s \u00e9retts\u00e9git egyszerre ny\u00fajt\u00f3 k\u00f6z\u00e9pfok\u00fa szakk\u00e9pz\u00e9si int\u00e9zm\u00e9nyben, mint az el\u0151z\u0151 m\u00e1sf\u00e9l \u00e9vtized b\u00e1rmelyik \u00e9v\u00e9ben. Ez azt mutatja, hogy a fenntart\u00f3 miniszt\u00e9rium fel\u00fcgyelete alatt meg\u00fajul\u00f3 szakk\u00e9pz\u00e9s, az \u00f6t\u00e9ves technikumi rendszer bevezet\u00e9se vonz\u00f3 lehet\u0151s\u00e9get k\u00edn\u00e1l nekik \u2013 hangs\u00falyozt\u00e1k. A szakk\u00e9pz\u00e9s meger\u0151s\u00edt\u00e9s\u00e9nek c\u00e9lja, hogy az \u00e9rt\u00e9kes tud\u00e1ssal b\u00edr\u00f3, felk\u00e9sz\u00fclt fiatalok sikeresek legyenek \u00e9s meg\u00e1llj\u00e1k hely\u00fcket a munkaer\u0151piacon \u2013 emelt\u00e9k ki. Az ITM k\u00f6zlem\u00e9nye szerint az osztr\u00e1k mint\u00e1ra jobb\u00e1, rugalmasabb\u00e1 \u00e9s gyakorlatiasabb\u00e1 v\u00e1l\u00f3 rendszerben j\u00faliust\u00f3l \u00e1tlagosan 30 sz\u00e1zal\u00e9kkal emelkedik a szakk\u00e9pz\u00e9sben dolgoz\u00f3 32 ezer oktat\u00f3 b\u00e9re. A k\u00f6vetkez\u0151 tan\u00e9vt\u0151l teljes\u00edtm\u00e9ny\u00fck alapj\u00e1n a di\u00e1kok is t\u00f6bbletjuttat\u00e1st kapnak az \u00faj \u00f6szt\u00f6nd\u00edjak form\u00e1j\u00e1ban, amelyet tanulm\u00e1nyaik el\u0151rehaladt\u00e1val munkab\u00e9r v\u00e1lthat fel. Azt is k\u00f6z\u00f6lt\u00e9k, hogy az ITM jelent\u0151s k\u00f6nny\u00edt\u00e9sr\u0151l d\u00f6nt\u00f6tt azoknak a di\u00e1koknak az \u00e9rdek\u00e9ben, akik szeptembert\u0151l a technikumok \u00e9retts\u00e9gire \u00e9p\u00fcl\u0151 k\u00e9pz\u00e9seiben szeretn\u00e9k folytatni tanulm\u00e1nyaikat. A t\u00e1rca k\u00f6zelm\u00faltban kiadott hat\u00e1rozata lehet\u0151v\u00e9 teszi a technikumok szakmai vizsg\u00e1ra felk\u00e9sz\u00edt\u0151 k\u00e9t \u00e9vfolyamos k\u00e9pz\u00e9s\u00e9be val\u00f3 bekapcsol\u00f3d\u00e1st azok sz\u00e1m\u00e1ra is, akik a j\u00e1rv\u00e1nyhelyzet miatt most nem akarnak vagy nem tudnak \u00e9retts\u00e9gi vizsg\u00e1t tenni. A k\u00f6z\u00e9piskola befejez\u0151 \u00e9vfolyam\u00e1t elv\u00e9gz\u0151k k\u00f6z\u00fcl teh\u00e1t b\u00e1rki beiratkozhat a technikumok k\u00e9t\u00e9ves k\u00e9pz\u00e9seire, az \u00e9retts\u00e9git elegend\u0151 ut\u00f3lag, legk\u00e9s\u0151bb a szakmai vizsg\u00e1ig megszerezni\u00fck. A k\u00f6nny\u00edt\u00e9s azokra a szakgimn\u00e1ziumi tanul\u00f3kra is vonatkozik, akiknek egy \u00e9v van h\u00e1tra a szakmai vizsg\u00e1ig \u2013 emelt\u00e9k ki.<\/p>\n<p>Forr\u00e1s: propeller.hu<\/p>\n","protected":false},"excerpt":{"rendered":"<p>Az idei \u00e9v \u0151sz\u00e9t\u0151l a technikumokban t\u00f6bb mint 30 ezer kaphat szakmunk\u00e1s bizony\u00edtv\u00e1nyt. Az elm\u00falt tizen\u00f6t \u00e9v alatt ennyien m\u00e9g nem nyertek felv\u00e9telt. Schanda Tam\u00e1s parlamenti \u00e9s strat\u00e9giai \u00e1llamtitk\u00e1r szerint szeretn\u00e9nk, hogy a fiatalok alapos, korszer\u0171 \u00e9s a munkaer\u0151piacon \u00e9rt\u00e9kes tud\u00e1ssal rendelkezzenek, ez\u00e9rt fejlesztik \u00a0\u00e9s \u00faj\u00edtj\u00e1k meg a szakk\u00e9pz\u00e9s rendszer\u00e9t. A koronav\u00edrus-j\u00e1rv\u00e1ny \u00e9pp arra vil\u00e1g\u00edt [&hellip;]<\/p>\n","protected":false},"author":1,"featured_media":3134,"comment_status":"open","ping_status":"open","sticky":false,"template":"","format":"standard","meta":{"_monsterinsights_skip_tracking":false,"footnotes":""},"categories":[198],"tags":[],"class_list":["post-3941","post","type-post","status-publish","format-standard","has-post-thumbnail","hentry","category-gazdasag"],"aioseo_notices":[],"aioseo_head":"\n\t\t<!-- All in One SEO 5.0.0.1 - aioseo.com -->\n\t<meta name=\"description\" content=\"Az idei \u00e9v \u0151sz\u00e9t\u0151l a technikumokban t\u00f6bb mint 30 ezer kaphat szakmunk\u00e1s bizony\u00edtv\u00e1nyt. Az elm\u00falt tizen\u00f6t \u00e9v alatt ennyien m\u00e9g nem nyertek felv\u00e9telt. Schanda Tam\u00e1s parlamenti \u00e9s strat\u00e9giai \u00e1llamtitk\u00e1r szerint szeretn\u00e9nk, hogy a fiatalok alapos, korszer\u0171 \u00e9s a munkaer\u0151piacon \u00e9rt\u00e9kes tud\u00e1ssal rendelkezzenek, ez\u00e9rt fejlesztik \u00e9s \u00faj\u00edtj\u00e1k meg a szakk\u00e9pz\u00e9s rendszer\u00e9t. A koronav\u00edrus-j\u00e1rv\u00e1ny \u00e9pp arra vil\u00e1g\u00edt\" \/>\n\t<meta name=\"robots\" content=\"max-image-preview:large\" \/>\n\t<meta name=\"author\" content=\"Juh\u00e1sz P\u00e9ter\"\/>\n\t<link rel=\"canonical\" href=\"https:\/\/allasorias.hu\/hirek\/a-tobbseg-szakmat-akar-a-kezebe\/\" \/>\n\t<meta name=\"generator\" content=\"All in One SEO (AIOSEO) 5.0.0.1\" \/>\n\t\t<meta property=\"og:locale\" content=\"hu_HU\" \/>\n\t\t<meta property=\"og:site_name\" content=\"AllasOrias.hu | H\u00edrek-lapszemle | \u00dczleti h\u00edrek az \u00e1ll\u00e1s \u00e9s a munka vil\u00e1g\u00e1b\u00f3l\" \/>\n\t\t<meta property=\"og:type\" content=\"article\" \/>\n\t\t<meta property=\"og:title\" content=\"A t\u00f6bbs\u00e9g szakm\u00e1t akar a kez\u00e9be | AllasOrias.hu | H\u00edrek-lapszemle\" \/>\n\t\t<meta property=\"og:description\" content=\"Az idei \u00e9v \u0151sz\u00e9t\u0151l a technikumokban t\u00f6bb mint 30 ezer kaphat szakmunk\u00e1s bizony\u00edtv\u00e1nyt. Az elm\u00falt tizen\u00f6t \u00e9v alatt ennyien m\u00e9g nem nyertek felv\u00e9telt. Schanda Tam\u00e1s parlamenti \u00e9s strat\u00e9giai \u00e1llamtitk\u00e1r szerint szeretn\u00e9nk, hogy a fiatalok alapos, korszer\u0171 \u00e9s a munkaer\u0151piacon \u00e9rt\u00e9kes tud\u00e1ssal rendelkezzenek, ez\u00e9rt fejlesztik \u00e9s \u00faj\u00edtj\u00e1k meg a szakk\u00e9pz\u00e9s rendszer\u00e9t. A koronav\u00edrus-j\u00e1rv\u00e1ny \u00e9pp arra vil\u00e1g\u00edt\" \/>\n\t\t<meta property=\"og:url\" content=\"https:\/\/allasorias.hu\/hirek\/a-tobbseg-szakmat-akar-a-kezebe\/\" \/>\n\t\t<meta property=\"og:image\" content=\"https:\/\/allasorias.hu\/hirek\/wp-content\/uploads\/2019\/07\/blackboard-chairs-chalk-159844.jpg\" \/>\n\t\t<meta property=\"og:image:secure_url\" content=\"https:\/\/allasorias.hu\/hirek\/wp-content\/uploads\/2019\/07\/blackboard-chairs-chalk-159844.jpg\" \/>\n\t\t<meta property=\"og:image:width\" content=\"640\" \/>\n\t\t<meta property=\"og:image:height\" content=\"426\" \/>\n\t\t<meta property=\"article:published_time\" content=\"2020-05-04T09:01:47+00:00\" \/>\n\t\t<meta property=\"article:modified_time\" content=\"2020-05-04T09:01:47+00:00\" \/>\n\t\t<meta property=\"article:publisher\" content=\"https:\/\/www.facebook.com\/allasorias\" \/>\n\t\t<meta name=\"twitter:card\" content=\"summary_large_image\" \/>\n\t\t<meta name=\"twitter:title\" content=\"A t\u00f6bbs\u00e9g szakm\u00e1t akar a kez\u00e9be | AllasOrias.hu | H\u00edrek-lapszemle\" \/>\n\t\t<meta name=\"twitter:description\" content=\"Az idei \u00e9v \u0151sz\u00e9t\u0151l a technikumokban t\u00f6bb mint 30 ezer kaphat szakmunk\u00e1s bizony\u00edtv\u00e1nyt. Az elm\u00falt tizen\u00f6t \u00e9v alatt ennyien m\u00e9g nem nyertek felv\u00e9telt. Schanda Tam\u00e1s parlamenti \u00e9s strat\u00e9giai \u00e1llamtitk\u00e1r szerint szeretn\u00e9nk, hogy a fiatalok alapos, korszer\u0171 \u00e9s a munkaer\u0151piacon \u00e9rt\u00e9kes tud\u00e1ssal rendelkezzenek, ez\u00e9rt fejlesztik \u00e9s \u00faj\u00edtj\u00e1k meg a szakk\u00e9pz\u00e9s rendszer\u00e9t. A koronav\u00edrus-j\u00e1rv\u00e1ny \u00e9pp arra vil\u00e1g\u00edt\" \/>\n\t\t<meta name=\"twitter:image\" content=\"https:\/\/allasorias.hu\/hirek\/wp-content\/uploads\/2019\/07\/blackboard-chairs-chalk-159844.jpg\" \/>\n\t\t<meta name=\"twitter:label1\" content=\"Written by\" \/>\n\t\t<meta name=\"twitter:data1\" content=\"Juh\u00e1sz P\u00e9ter\" \/>\n\t\t<meta name=\"twitter:label2\" content=\"Est. reading time\" \/>\n\t\t<meta name=\"twitter:data2\" content=\"3 minutes\" \/>\n\t\t<script type=\"application\/ld+json\" class=\"aioseo-schema\">\n\t\t\t{\"@context\":\"https:\\\/\\\/schema.org\",\"@graph\":[{\"@type\":\"Article\",\"@id\":\"https:\\\/\\\/allasorias.hu\\\/hirek\\\/a-tobbseg-szakmat-akar-a-kezebe\\\/#article\",\"name\":\"A t\\u00f6bbs\\u00e9g szakm\\u00e1t akar a kez\\u00e9be | AllasOrias.hu | H\\u00edrek-lapszemle\",\"headline\":\"A t\\u00f6bbs\\u00e9g szakm\\u00e1t akar a kez\\u00e9be\",\"author\":{\"@id\":\"https:\\\/\\\/allasorias.hu\\\/hirek\\\/author\\\/admin-allasorias\\\/#author\"},\"publisher\":{\"@id\":\"https:\\\/\\\/allasorias.hu\\\/hirek\\\/#organization\"},\"image\":{\"@type\":\"ImageObject\",\"url\":\"https:\\\/\\\/allasorias.hu\\\/hirek\\\/wp-content\\\/uploads\\\/2019\\\/07\\\/blackboard-chairs-chalk-159844.jpg\",\"width\":640,\"height\":426},\"datePublished\":\"2020-05-04T09:01:47+02:00\",\"dateModified\":\"2020-05-04T09:01:47+02:00\",\"inLanguage\":\"hu-HU\",\"mainEntityOfPage\":{\"@id\":\"https:\\\/\\\/allasorias.hu\\\/hirek\\\/a-tobbseg-szakmat-akar-a-kezebe\\\/#webpage\"},\"isPartOf\":{\"@id\":\"https:\\\/\\\/allasorias.hu\\\/hirek\\\/a-tobbseg-szakmat-akar-a-kezebe\\\/#webpage\"},\"articleSection\":\"Gazdas\\u00e1g\"},{\"@type\":\"BreadcrumbList\",\"@id\":\"https:\\\/\\\/allasorias.hu\\\/hirek\\\/a-tobbseg-szakmat-akar-a-kezebe\\\/#breadcrumblist\",\"itemListElement\":[{\"@type\":\"ListItem\",\"@id\":\"https:\\\/\\\/allasorias.hu\\\/hirek#listItem\",\"position\":1,\"name\":\"Home\",\"item\":\"https:\\\/\\\/allasorias.hu\\\/hirek\",\"nextItem\":{\"@type\":\"ListItem\",\"@id\":\"https:\\\/\\\/allasorias.hu\\\/hirek\\\/temak\\\/gazdasag\\\/#listItem\",\"name\":\"Gazdas\\u00e1g\"}},{\"@type\":\"ListItem\",\"@id\":\"https:\\\/\\\/allasorias.hu\\\/hirek\\\/temak\\\/gazdasag\\\/#listItem\",\"position\":2,\"name\":\"Gazdas\\u00e1g\",\"item\":\"https:\\\/\\\/allasorias.hu\\\/hirek\\\/temak\\\/gazdasag\\\/\",\"nextItem\":{\"@type\":\"ListItem\",\"@id\":\"https:\\\/\\\/allasorias.hu\\\/hirek\\\/a-tobbseg-szakmat-akar-a-kezebe\\\/#listItem\",\"name\":\"A t\\u00f6bbs\\u00e9g szakm\\u00e1t akar a kez\\u00e9be\"},\"previousItem\":{\"@type\":\"ListItem\",\"@id\":\"https:\\\/\\\/allasorias.hu\\\/hirek#listItem\",\"name\":\"Home\"}},{\"@type\":\"ListItem\",\"@id\":\"https:\\\/\\\/allasorias.hu\\\/hirek\\\/a-tobbseg-szakmat-akar-a-kezebe\\\/#listItem\",\"position\":3,\"name\":\"A t\\u00f6bbs\\u00e9g szakm\\u00e1t akar a kez\\u00e9be\",\"previousItem\":{\"@type\":\"ListItem\",\"@id\":\"https:\\\/\\\/allasorias.hu\\\/hirek\\\/temak\\\/gazdasag\\\/#listItem\",\"name\":\"Gazdas\\u00e1g\"}}]},{\"@type\":\"Organization\",\"@id\":\"https:\\\/\\\/allasorias.hu\\\/hirek\\\/#organization\",\"name\":\"AllasOrias.hu | H\\u00edrek-lapszemle\",\"description\":\"\\u00dczleti h\\u00edrek az \\u00e1ll\\u00e1s \\u00e9s a munka vil\\u00e1g\\u00e1b\\u00f3l\",\"url\":\"https:\\\/\\\/allasorias.hu\\\/hirek\\\/\",\"logo\":{\"@type\":\"ImageObject\",\"url\":\"https:\\\/\\\/allasorias.hu\\\/hirek\\\/wp-content\\\/uploads\\\/2022\\\/10\\\/allasorias_site_facebok_logo.png\",\"@id\":\"https:\\\/\\\/allasorias.hu\\\/hirek\\\/a-tobbseg-szakmat-akar-a-kezebe\\\/#organizationLogo\"},\"image\":{\"@id\":\"https:\\\/\\\/allasorias.hu\\\/hirek\\\/a-tobbseg-szakmat-akar-a-kezebe\\\/#organizationLogo\"},\"sameAs\":[\"https:\\\/\\\/www.facebook.com\\\/allasorias\",\"https:\\\/\\\/www.linkedin.com\\\/company\\\/allasorias\"]},{\"@type\":\"Person\",\"@id\":\"https:\\\/\\\/allasorias.hu\\\/hirek\\\/author\\\/admin-allasorias\\\/#author\",\"url\":\"https:\\\/\\\/allasorias.hu\\\/hirek\\\/author\\\/admin-allasorias\\\/\",\"name\":\"Juh\\u00e1sz P\\u00e9ter\",\"image\":{\"@type\":\"ImageObject\",\"@id\":\"https:\\\/\\\/allasorias.hu\\\/hirek\\\/a-tobbseg-szakmat-akar-a-kezebe\\\/#authorImage\",\"url\":\"https:\\\/\\\/secure.gravatar.com\\\/avatar\\\/36e6bcb83148978b992977cb0f54d22feb0cce8a0a849a9410532bb2623ba4c6?s=96&d=mm&r=g\",\"width\":96,\"height\":96,\"caption\":\"Juh\\u00e1sz P\\u00e9ter\"}},{\"@type\":\"WebPage\",\"@id\":\"https:\\\/\\\/allasorias.hu\\\/hirek\\\/a-tobbseg-szakmat-akar-a-kezebe\\\/#webpage\",\"url\":\"https:\\\/\\\/allasorias.hu\\\/hirek\\\/a-tobbseg-szakmat-akar-a-kezebe\\\/\",\"name\":\"A t\\u00f6bbs\\u00e9g szakm\\u00e1t akar a kez\\u00e9be | AllasOrias.hu | H\\u00edrek-lapszemle\",\"description\":\"Az idei \\u00e9v \\u0151sz\\u00e9t\\u0151l a technikumokban t\\u00f6bb mint 30 ezer kaphat szakmunk\\u00e1s bizony\\u00edtv\\u00e1nyt. Az elm\\u00falt tizen\\u00f6t \\u00e9v alatt ennyien m\\u00e9g nem nyertek felv\\u00e9telt. Schanda Tam\\u00e1s parlamenti \\u00e9s strat\\u00e9giai \\u00e1llamtitk\\u00e1r szerint szeretn\\u00e9nk, hogy a fiatalok alapos, korszer\\u0171 \\u00e9s a munkaer\\u0151piacon \\u00e9rt\\u00e9kes tud\\u00e1ssal rendelkezzenek, ez\\u00e9rt fejlesztik \\u00e9s \\u00faj\\u00edtj\\u00e1k meg a szakk\\u00e9pz\\u00e9s rendszer\\u00e9t. A koronav\\u00edrus-j\\u00e1rv\\u00e1ny \\u00e9pp arra vil\\u00e1g\\u00edt\",\"inLanguage\":\"hu-HU\",\"isPartOf\":{\"@id\":\"https:\\\/\\\/allasorias.hu\\\/hirek\\\/#website\"},\"breadcrumb\":{\"@id\":\"https:\\\/\\\/allasorias.hu\\\/hirek\\\/a-tobbseg-szakmat-akar-a-kezebe\\\/#breadcrumblist\"},\"author\":{\"@id\":\"https:\\\/\\\/allasorias.hu\\\/hirek\\\/author\\\/admin-allasorias\\\/#author\"},\"creator\":{\"@id\":\"https:\\\/\\\/allasorias.hu\\\/hirek\\\/author\\\/admin-allasorias\\\/#author\"},\"image\":{\"@type\":\"ImageObject\",\"url\":\"https:\\\/\\\/allasorias.hu\\\/hirek\\\/wp-content\\\/uploads\\\/2019\\\/07\\\/blackboard-chairs-chalk-159844.jpg\",\"@id\":\"https:\\\/\\\/allasorias.hu\\\/hirek\\\/a-tobbseg-szakmat-akar-a-kezebe\\\/#mainImage\",\"width\":640,\"height\":426},\"primaryImageOfPage\":{\"@id\":\"https:\\\/\\\/allasorias.hu\\\/hirek\\\/a-tobbseg-szakmat-akar-a-kezebe\\\/#mainImage\"},\"datePublished\":\"2020-05-04T09:01:47+02:00\",\"dateModified\":\"2020-05-04T09:01:47+02:00\"},{\"@type\":\"WebSite\",\"@id\":\"https:\\\/\\\/allasorias.hu\\\/hirek\\\/#website\",\"url\":\"https:\\\/\\\/allasorias.hu\\\/hirek\\\/\",\"name\":\"AllasOrias.hu | H\\u00edrek-lapszemle\",\"description\":\"\\u00dczleti h\\u00edrek az \\u00e1ll\\u00e1s \\u00e9s a munka vil\\u00e1g\\u00e1b\\u00f3l\",\"inLanguage\":\"hu-HU\",\"publisher\":{\"@id\":\"https:\\\/\\\/allasorias.hu\\\/hirek\\\/#organization\"}}]}\n\t\t<\/script>\n\t\t<!-- All in One SEO -->\n\n","aioseo_head_json":{"title":"A t\u00f6bbs\u00e9g szakm\u00e1t akar a kez\u00e9be | AllasOrias.hu | H\u00edrek-lapszemle","description":"Az idei \u00e9v \u0151sz\u00e9t\u0151l a technikumokban t\u00f6bb mint 30 ezer kaphat szakmunk\u00e1s bizony\u00edtv\u00e1nyt. Az elm\u00falt tizen\u00f6t \u00e9v alatt ennyien m\u00e9g nem nyertek felv\u00e9telt. Schanda Tam\u00e1s parlamenti \u00e9s strat\u00e9giai \u00e1llamtitk\u00e1r szerint szeretn\u00e9nk, hogy a fiatalok alapos, korszer\u0171 \u00e9s a munkaer\u0151piacon \u00e9rt\u00e9kes tud\u00e1ssal rendelkezzenek, ez\u00e9rt fejlesztik \u00e9s \u00faj\u00edtj\u00e1k meg a szakk\u00e9pz\u00e9s rendszer\u00e9t. A koronav\u00edrus-j\u00e1rv\u00e1ny \u00e9pp arra vil\u00e1g\u00edt","canonical_url":"https:\/\/allasorias.hu\/hirek\/a-tobbseg-szakmat-akar-a-kezebe\/","robots":"max-image-preview:large","keywords":"","webmasterTools":{"miscellaneous":""},"schema":{"@context":"https:\/\/schema.org","@graph":[{"@type":"Article","@id":"https:\/\/allasorias.hu\/hirek\/a-tobbseg-szakmat-akar-a-kezebe\/#article","name":"A t\u00f6bbs\u00e9g szakm\u00e1t akar a kez\u00e9be | AllasOrias.hu | H\u00edrek-lapszemle","headline":"A t\u00f6bbs\u00e9g szakm\u00e1t akar a kez\u00e9be","author":{"@id":"https:\/\/allasorias.hu\/hirek\/author\/admin-allasorias\/#author"},"publisher":{"@id":"https:\/\/allasorias.hu\/hirek\/#organization"},"image":{"@type":"ImageObject","url":"https:\/\/allasorias.hu\/hirek\/wp-content\/uploads\/2019\/07\/blackboard-chairs-chalk-159844.jpg","width":640,"height":426},"datePublished":"2020-05-04T09:01:47+02:00","dateModified":"2020-05-04T09:01:47+02:00","inLanguage":"hu-HU","mainEntityOfPage":{"@id":"https:\/\/allasorias.hu\/hirek\/a-tobbseg-szakmat-akar-a-kezebe\/#webpage"},"isPartOf":{"@id":"https:\/\/allasorias.hu\/hirek\/a-tobbseg-szakmat-akar-a-kezebe\/#webpage"},"articleSection":"Gazdas\u00e1g"},{"@type":"BreadcrumbList","@id":"https:\/\/allasorias.hu\/hirek\/a-tobbseg-szakmat-akar-a-kezebe\/#breadcrumblist","itemListElement":[{"@type":"ListItem","@id":"https:\/\/allasorias.hu\/hirek#listItem","position":1,"name":"Home","item":"https:\/\/allasorias.hu\/hirek","nextItem":{"@type":"ListItem","@id":"https:\/\/allasorias.hu\/hirek\/temak\/gazdasag\/#listItem","name":"Gazdas\u00e1g"}},{"@type":"ListItem","@id":"https:\/\/allasorias.hu\/hirek\/temak\/gazdasag\/#listItem","position":2,"name":"Gazdas\u00e1g","item":"https:\/\/allasorias.hu\/hirek\/temak\/gazdasag\/","nextItem":{"@type":"ListItem","@id":"https:\/\/allasorias.hu\/hirek\/a-tobbseg-szakmat-akar-a-kezebe\/#listItem","name":"A t\u00f6bbs\u00e9g szakm\u00e1t akar a kez\u00e9be"},"previousItem":{"@type":"ListItem","@id":"https:\/\/allasorias.hu\/hirek#listItem","name":"Home"}},{"@type":"ListItem","@id":"https:\/\/allasorias.hu\/hirek\/a-tobbseg-szakmat-akar-a-kezebe\/#listItem","position":3,"name":"A t\u00f6bbs\u00e9g szakm\u00e1t akar a kez\u00e9be","previousItem":{"@type":"ListItem","@id":"https:\/\/allasorias.hu\/hirek\/temak\/gazdasag\/#listItem","name":"Gazdas\u00e1g"}}]},{"@type":"Organization","@id":"https:\/\/allasorias.hu\/hirek\/#organization","name":"AllasOrias.hu | H\u00edrek-lapszemle","description":"\u00dczleti h\u00edrek az \u00e1ll\u00e1s \u00e9s a munka vil\u00e1g\u00e1b\u00f3l","url":"https:\/\/allasorias.hu\/hirek\/","logo":{"@type":"ImageObject","url":"https:\/\/allasorias.hu\/hirek\/wp-content\/uploads\/2022\/10\/allasorias_site_facebok_logo.png","@id":"https:\/\/allasorias.hu\/hirek\/a-tobbseg-szakmat-akar-a-kezebe\/#organizationLogo"},"image":{"@id":"https:\/\/allasorias.hu\/hirek\/a-tobbseg-szakmat-akar-a-kezebe\/#organizationLogo"},"sameAs":["https:\/\/www.facebook.com\/allasorias","https:\/\/www.linkedin.com\/company\/allasorias"]},{"@type":"Person","@id":"https:\/\/allasorias.hu\/hirek\/author\/admin-allasorias\/#author","url":"https:\/\/allasorias.hu\/hirek\/author\/admin-allasorias\/","name":"Juh\u00e1sz P\u00e9ter","image":{"@type":"ImageObject","@id":"https:\/\/allasorias.hu\/hirek\/a-tobbseg-szakmat-akar-a-kezebe\/#authorImage","url":"https:\/\/secure.gravatar.com\/avatar\/36e6bcb83148978b992977cb0f54d22feb0cce8a0a849a9410532bb2623ba4c6?s=96&d=mm&r=g","width":96,"height":96,"caption":"Juh\u00e1sz P\u00e9ter"}},{"@type":"WebPage","@id":"https:\/\/allasorias.hu\/hirek\/a-tobbseg-szakmat-akar-a-kezebe\/#webpage","url":"https:\/\/allasorias.hu\/hirek\/a-tobbseg-szakmat-akar-a-kezebe\/","name":"A t\u00f6bbs\u00e9g szakm\u00e1t akar a kez\u00e9be | AllasOrias.hu | H\u00edrek-lapszemle","description":"Az idei \u00e9v \u0151sz\u00e9t\u0151l a technikumokban t\u00f6bb mint 30 ezer kaphat szakmunk\u00e1s bizony\u00edtv\u00e1nyt. Az elm\u00falt tizen\u00f6t \u00e9v alatt ennyien m\u00e9g nem nyertek felv\u00e9telt. Schanda Tam\u00e1s parlamenti \u00e9s strat\u00e9giai \u00e1llamtitk\u00e1r szerint szeretn\u00e9nk, hogy a fiatalok alapos, korszer\u0171 \u00e9s a munkaer\u0151piacon \u00e9rt\u00e9kes tud\u00e1ssal rendelkezzenek, ez\u00e9rt fejlesztik \u00e9s \u00faj\u00edtj\u00e1k meg a szakk\u00e9pz\u00e9s rendszer\u00e9t. A koronav\u00edrus-j\u00e1rv\u00e1ny \u00e9pp arra vil\u00e1g\u00edt","inLanguage":"hu-HU","isPartOf":{"@id":"https:\/\/allasorias.hu\/hirek\/#website"},"breadcrumb":{"@id":"https:\/\/allasorias.hu\/hirek\/a-tobbseg-szakmat-akar-a-kezebe\/#breadcrumblist"},"author":{"@id":"https:\/\/allasorias.hu\/hirek\/author\/admin-allasorias\/#author"},"creator":{"@id":"https:\/\/allasorias.hu\/hirek\/author\/admin-allasorias\/#author"},"image":{"@type":"ImageObject","url":"https:\/\/allasorias.hu\/hirek\/wp-content\/uploads\/2019\/07\/blackboard-chairs-chalk-159844.jpg","@id":"https:\/\/allasorias.hu\/hirek\/a-tobbseg-szakmat-akar-a-kezebe\/#mainImage","width":640,"height":426},"primaryImageOfPage":{"@id":"https:\/\/allasorias.hu\/hirek\/a-tobbseg-szakmat-akar-a-kezebe\/#mainImage"},"datePublished":"2020-05-04T09:01:47+02:00","dateModified":"2020-05-04T09:01:47+02:00"},{"@type":"WebSite","@id":"https:\/\/allasorias.hu\/hirek\/#website","url":"https:\/\/allasorias.hu\/hirek\/","name":"AllasOrias.hu | H\u00edrek-lapszemle","description":"\u00dczleti h\u00edrek az \u00e1ll\u00e1s \u00e9s a munka vil\u00e1g\u00e1b\u00f3l","inLanguage":"hu-HU","publisher":{"@id":"https:\/\/allasorias.hu\/hirek\/#organization"}}]},"og:locale":"hu_HU","og:site_name":"AllasOrias.hu | H\u00edrek-lapszemle | \u00dczleti h\u00edrek az \u00e1ll\u00e1s \u00e9s a munka vil\u00e1g\u00e1b\u00f3l","og:type":"article","og:title":"A t\u00f6bbs\u00e9g szakm\u00e1t akar a kez\u00e9be | AllasOrias.hu | H\u00edrek-lapszemle","og:description":"Az idei \u00e9v \u0151sz\u00e9t\u0151l a technikumokban t\u00f6bb mint 30 ezer kaphat szakmunk\u00e1s bizony\u00edtv\u00e1nyt. Az elm\u00falt tizen\u00f6t \u00e9v alatt ennyien m\u00e9g nem nyertek felv\u00e9telt. Schanda Tam\u00e1s parlamenti \u00e9s strat\u00e9giai \u00e1llamtitk\u00e1r szerint szeretn\u00e9nk, hogy a fiatalok alapos, korszer\u0171 \u00e9s a munkaer\u0151piacon \u00e9rt\u00e9kes tud\u00e1ssal rendelkezzenek, ez\u00e9rt fejlesztik \u00e9s \u00faj\u00edtj\u00e1k meg a szakk\u00e9pz\u00e9s rendszer\u00e9t. A koronav\u00edrus-j\u00e1rv\u00e1ny \u00e9pp arra vil\u00e1g\u00edt","og:url":"https:\/\/allasorias.hu\/hirek\/a-tobbseg-szakmat-akar-a-kezebe\/","og:image":"https:\/\/allasorias.hu\/hirek\/wp-content\/uploads\/2019\/07\/blackboard-chairs-chalk-159844.jpg","og:image:secure_url":"https:\/\/allasorias.hu\/hirek\/wp-content\/uploads\/2019\/07\/blackboard-chairs-chalk-159844.jpg","og:image:width":640,"og:image:height":426,"article:published_time":"2020-05-04T09:01:47+00:00","article:modified_time":"2020-05-04T09:01:47+00:00","article:publisher":"https:\/\/www.facebook.com\/allasorias","twitter:card":"summary_large_image","twitter:title":"A t\u00f6bbs\u00e9g szakm\u00e1t akar a kez\u00e9be | AllasOrias.hu | H\u00edrek-lapszemle","twitter:description":"Az idei \u00e9v \u0151sz\u00e9t\u0151l a technikumokban t\u00f6bb mint 30 ezer kaphat szakmunk\u00e1s bizony\u00edtv\u00e1nyt. Az elm\u00falt tizen\u00f6t \u00e9v alatt ennyien m\u00e9g nem nyertek felv\u00e9telt. Schanda Tam\u00e1s parlamenti \u00e9s strat\u00e9giai \u00e1llamtitk\u00e1r szerint szeretn\u00e9nk, hogy a fiatalok alapos, korszer\u0171 \u00e9s a munkaer\u0151piacon \u00e9rt\u00e9kes tud\u00e1ssal rendelkezzenek, ez\u00e9rt fejlesztik \u00e9s \u00faj\u00edtj\u00e1k meg a szakk\u00e9pz\u00e9s rendszer\u00e9t. A koronav\u00edrus-j\u00e1rv\u00e1ny \u00e9pp arra vil\u00e1g\u00edt","twitter:image":"https:\/\/allasorias.hu\/hirek\/wp-content\/uploads\/2019\/07\/blackboard-chairs-chalk-159844.jpg","twitter:label1":"Written by","twitter:data1":"Juh\u00e1sz P\u00e9ter","twitter:label2":"Est. reading time","twitter:data2":"3 minutes"},"aioseo_meta_data":{"post_id":"3941","title":null,"description":null,"keywords":null,"keyphrases":null,"primary_term":null,"canonical_url":null,"og_title":null,"og_description":null,"og_object_type":"default","og_image_type":"default","og_image_url":null,"og_image_width":null,"og_image_height":null,"og_image_custom_url":null,"og_image_custom_fields":null,"og_video":null,"og_custom_url":null,"og_article_section":null,"og_article_tags":null,"twitter_use_og":false,"twitter_card":"default","twitter_image_type":"default","twitter_image_url":null,"twitter_image_custom_url":null,"twitter_image_custom_fields":null,"twitter_title":null,"twitter_description":null,"schema":{"blockGraphs":[],"customGraphs":[],"default":{"data":{"Article":[],"Course":[],"Dataset":[],"FAQPage":[],"Movie":[],"Person":[],"Product":[],"ProductReview":[],"Car":[],"Recipe":[],"Service":[],"SoftwareApplication":[],"WebPage":[]},"graphName":"","isEnabled":true},"graphs":[],"defaultGraph":"","defaultPostTypeGraph":""},"schema_type":null,"schema_type_options":null,"pillar_content":false,"robots_default":true,"robots_noindex":false,"robots_noarchive":false,"robots_nosnippet":false,"robots_nofollow":false,"robots_noimageindex":false,"robots_noodp":false,"robots_notranslate":false,"robots_max_snippet":null,"robots_max_videopreview":null,"robots_max_imagepreview":"large","priority":null,"frequency":null,"location":null,"local_seo":null,"breadcrumb_settings":null,"limit_modified_date":false,"ai":null,"created":"2021-02-01 21:28:17","updated":"2025-10-02 13:48:43","seo_analyzer_scan_date":null,"focus_keyword":null,"additional_keywords":null,"truseo_locale":null},"aioseo_breadcrumb":"<div class=\"aioseo-breadcrumbs\"><span class=\"aioseo-breadcrumb\">\n\t\t\t<a href=\"https:\/\/allasorias.hu\/hirek\" title=\"Home\">Home<\/a>\n\t\t<\/span><span class=\"aioseo-breadcrumb-separator\">&raquo;<\/span><span class=\"aioseo-breadcrumb\">\n\t\t\t<a href=\"https:\/\/allasorias.hu\/hirek\/temak\/gazdasag\/\" title=\"Gazdas\u00e1g\">Gazdas\u00e1g<\/a>\n\t\t<\/span><span class=\"aioseo-breadcrumb-separator\">&raquo;<\/span><span class=\"aioseo-breadcrumb\">\n\t\t\tA t\u00f6bbs\u00e9g szakm\u00e1t akar a kez\u00e9be\n\t\t<\/span><\/div>","aioseo_breadcrumb_json":[{"label":"Home","link":"https:\/\/allasorias.hu\/hirek"},{"label":"Gazdas\u00e1g","link":"https:\/\/allasorias.hu\/hirek\/temak\/gazdasag\/"},{"label":"A t\u00f6bbs\u00e9g szakm\u00e1t akar a kez\u00e9be","link":"https:\/\/allasorias.hu\/hirek\/a-tobbseg-szakmat-akar-a-kezebe\/"}],"_links":{"self":[{"href":"https:\/\/allasorias.hu\/hirek\/wp-json\/wp\/v2\/posts\/3941","targetHints":{"allow":["GET"]}}],"collection":[{"href":"https:\/\/allasorias.hu\/hirek\/wp-json\/wp\/v2\/posts"}],"about":[{"href":"https:\/\/allasorias.hu\/hirek\/wp-json\/wp\/v2\/types\/post"}],"author":[{"embeddable":true,"href":"https:\/\/allasorias.hu\/hirek\/wp-json\/wp\/v2\/users\/1"}],"replies":[{"embeddable":true,"href":"https:\/\/allasorias.hu\/hirek\/wp-json\/wp\/v2\/comments?post=3941"}],"version-history":[{"count":1,"href":"https:\/\/allasorias.hu\/hirek\/wp-json\/wp\/v2\/posts\/3941\/revisions"}],"predecessor-version":[{"id":3942,"href":"https:\/\/allasorias.hu\/hirek\/wp-json\/wp\/v2\/posts\/3941\/revisions\/3942"}],"wp:featuredmedia":[{"embeddable":true,"href":"https:\/\/allasorias.hu\/hirek\/wp-json\/wp\/v2\/media\/3134"}],"wp:attachment":[{"href":"https:\/\/allasorias.hu\/hirek\/wp-json\/wp\/v2\/media?parent=3941"}],"wp:term":[{"taxonomy":"category","embeddable":true,"href":"https:\/\/allasorias.hu\/hirek\/wp-json\/wp\/v2\/categories?post=3941"},{"taxonomy":"post_tag","embeddable":true,"href":"https:\/\/allasorias.hu\/hirek\/wp-json\/wp\/v2\/tags?post=3941"}],"curies":[{"name":"wp","href":"https:\/\/api.w.org\/{rel}","templated":true}]}}