{"id":3905,"date":"2020-04-16T06:39:02","date_gmt":"2020-04-16T06:39:02","guid":{"rendered":"https:\/\/allasorias.hu\/hirek\/?p=3905"},"modified":"2020-04-16T06:39:02","modified_gmt":"2020-04-16T06:39:02","slug":"magyar-munkasokat-varnak-az-osztrakok","status":"publish","type":"post","link":"https:\/\/allasorias.hu\/hirek\/magyar-munkasokat-varnak-az-osztrakok\/","title":{"rendered":"Magyar munk\u00e1sokat v\u00e1rnak az osztr\u00e1kok"},"content":{"rendered":"<p><strong>A szomsz\u00e9dos Ausztri\u00e1ban lassul a j\u00e1rv\u00e1ny, a rendszab\u00e1lyokon is laz\u00edtanak, de a kij\u00e1r\u00e1si korl\u00e1toz\u00e1s tov\u00e1bbra is \u00e9rv\u00e9nyben van.\u00a0 A kereskedelmi egys\u00e9gek egy r\u00e9sze m\u00e1r kinyithat, m\u00e1just\u00f3l pedig az \u00e9ttermek, sz\u00e1llod\u00e1k is fogadhatnak vend\u00e9geket.<\/strong><\/p>\n<p>A j\u00f3\u00a0 h\u00edr hallatt\u00e1n \u00e9l\u00e9nk\u00fcl a munkaer\u0151piac, egyre t\u00f6bb \u00e1ll\u00e1shirdet\u00e9ssel tal\u00e1lkozni, melyben keresik az &#8222;olcs\u00f3&#8221; munkaer\u0151t. Miut\u00e1n tov\u00e1bb cs\u00f6kkent az igazolt koronav\u00edrus-fert\u0151z\u00f6ttek sz\u00e1ma Ausztri\u00e1ban, megt\u00f6rt\u00e9nt az els\u0151 l\u00e9p\u00e9s a normalit\u00e1s fel\u00e9, a kor\u00e1bban meghozott int\u00e9zked\u00e9sek hat\u00e1sosak voltak &#8211; jelentette ki Sebastian Kurz osztr\u00e1k kancell\u00e1r \u00e1prilis 14-\u00e9n, kedden d\u00e9lel\u0151tt egy b\u00e9csi sajt\u00f3t\u00e1j\u00e9koztat\u00f3n.Az osztr\u00e1k korm\u00e1ny kidolgozott egy tervet az \u00fczletek, a vend\u00e9gl\u00e1t\u00f3helyek l\u00e9p\u00e9sr\u0151l l\u00e9p\u00e9sre t\u00f6rt\u00e9n\u0151 megnyit\u00e1s\u00e1ra, de ha a koronav\u00edrus-j\u00e1rv\u00e1nnyal kapcsolatos adatok kedvez\u0151tlen\u00fcl alakulnak, &#8222;megh\u00fazz\u00e1k a v\u00e9szf\u00e9ket&#8221;\u00a0 &#8211; \u00edrja a P\u00e9nzcentrum, amely megjegyzi, az osztr\u00e1k korm\u00e1ny elt\u00f6k\u00e9lt sz\u00e1nd\u00e9ka a gazdas\u00e1g miel\u0151bbi beind\u00edt\u00e1sa. A bejelent\u00e9s ut\u00e1n rengeteg a friss hirdet\u00e9s jelent meg a magyar \u00e1ll\u00e1skeres\u0151 oldalakon.<\/p>\n<p>Forr\u00e1s:portfolio.hu<\/p>\n","protected":false},"excerpt":{"rendered":"<p>A szomsz\u00e9dos Ausztri\u00e1ban lassul a j\u00e1rv\u00e1ny, a rendszab\u00e1lyokon is laz\u00edtanak, de a kij\u00e1r\u00e1si korl\u00e1toz\u00e1s tov\u00e1bbra is \u00e9rv\u00e9nyben van.\u00a0 A kereskedelmi egys\u00e9gek egy r\u00e9sze m\u00e1r kinyithat, m\u00e1just\u00f3l pedig az \u00e9ttermek, sz\u00e1llod\u00e1k is fogadhatnak vend\u00e9geket. A j\u00f3\u00a0 h\u00edr hallatt\u00e1n \u00e9l\u00e9nk\u00fcl a munkaer\u0151piac, egyre t\u00f6bb \u00e1ll\u00e1shirdet\u00e9ssel tal\u00e1lkozni, melyben keresik az &#8222;olcs\u00f3&#8221; munkaer\u0151t. Miut\u00e1n tov\u00e1bb cs\u00f6kkent az igazolt koronav\u00edrus-fert\u0151z\u00f6ttek [&hellip;]<\/p>\n","protected":false},"author":1,"featured_media":2301,"comment_status":"open","ping_status":"open","sticky":false,"template":"","format":"standard","meta":{"_monsterinsights_skip_tracking":false,"footnotes":""},"categories":[198,201],"tags":[],"class_list":["post-3905","post","type-post","status-publish","format-standard","has-post-thumbnail","hentry","category-gazdasag","category-kulfold"],"aioseo_notices":[],"aioseo_head":"\n\t\t<!-- All in One SEO 5.0.0.1 - aioseo.com -->\n\t<meta name=\"description\" content=\"A szomsz\u00e9dos Ausztri\u00e1ban lassul a j\u00e1rv\u00e1ny, a rendszab\u00e1lyokon is laz\u00edtanak, de a kij\u00e1r\u00e1si korl\u00e1toz\u00e1s tov\u00e1bbra is \u00e9rv\u00e9nyben van. A kereskedelmi egys\u00e9gek egy r\u00e9sze m\u00e1r kinyithat, m\u00e1just\u00f3l pedig az \u00e9ttermek, sz\u00e1llod\u00e1k is fogadhatnak vend\u00e9geket. A j\u00f3 h\u00edr hallatt\u00e1n \u00e9l\u00e9nk\u00fcl a munkaer\u0151piac, egyre t\u00f6bb \u00e1ll\u00e1shirdet\u00e9ssel tal\u00e1lkozni, melyben keresik az &quot;olcs\u00f3&quot; munkaer\u0151t. Miut\u00e1n tov\u00e1bb cs\u00f6kkent az igazolt koronav\u00edrus-fert\u0151z\u00f6ttek\" \/>\n\t<meta name=\"robots\" content=\"max-image-preview:large\" \/>\n\t<meta name=\"author\" content=\"Juh\u00e1sz P\u00e9ter\"\/>\n\t<link rel=\"canonical\" href=\"https:\/\/allasorias.hu\/hirek\/magyar-munkasokat-varnak-az-osztrakok\/\" \/>\n\t<meta name=\"generator\" content=\"All in One SEO (AIOSEO) 5.0.0.1\" \/>\n\t\t<meta property=\"og:locale\" content=\"hu_HU\" \/>\n\t\t<meta property=\"og:site_name\" content=\"AllasOrias.hu | H\u00edrek-lapszemle | \u00dczleti h\u00edrek az \u00e1ll\u00e1s \u00e9s a munka vil\u00e1g\u00e1b\u00f3l\" \/>\n\t\t<meta property=\"og:type\" content=\"article\" \/>\n\t\t<meta property=\"og:title\" content=\"Magyar munk\u00e1sokat v\u00e1rnak az osztr\u00e1kok | AllasOrias.hu | H\u00edrek-lapszemle\" \/>\n\t\t<meta property=\"og:description\" content=\"A szomsz\u00e9dos Ausztri\u00e1ban lassul a j\u00e1rv\u00e1ny, a rendszab\u00e1lyokon is laz\u00edtanak, de a kij\u00e1r\u00e1si korl\u00e1toz\u00e1s tov\u00e1bbra is \u00e9rv\u00e9nyben van. A kereskedelmi egys\u00e9gek egy r\u00e9sze m\u00e1r kinyithat, m\u00e1just\u00f3l pedig az \u00e9ttermek, sz\u00e1llod\u00e1k is fogadhatnak vend\u00e9geket. A j\u00f3 h\u00edr hallatt\u00e1n \u00e9l\u00e9nk\u00fcl a munkaer\u0151piac, egyre t\u00f6bb \u00e1ll\u00e1shirdet\u00e9ssel tal\u00e1lkozni, melyben keresik az &quot;olcs\u00f3&quot; munkaer\u0151t. Miut\u00e1n tov\u00e1bb cs\u00f6kkent az igazolt koronav\u00edrus-fert\u0151z\u00f6ttek\" \/>\n\t\t<meta property=\"og:url\" content=\"https:\/\/allasorias.hu\/hirek\/magyar-munkasokat-varnak-az-osztrakok\/\" \/>\n\t\t<meta property=\"og:image\" content=\"https:\/\/allasorias.hu\/hirek\/wp-content\/uploads\/2018\/12\/flaga-austrii_1401-60.jpg\" \/>\n\t\t<meta property=\"og:image:secure_url\" content=\"https:\/\/allasorias.hu\/hirek\/wp-content\/uploads\/2018\/12\/flaga-austrii_1401-60.jpg\" \/>\n\t\t<meta property=\"og:image:width\" content=\"626\" \/>\n\t\t<meta property=\"og:image:height\" content=\"417\" \/>\n\t\t<meta property=\"article:published_time\" content=\"2020-04-16T06:39:02+00:00\" \/>\n\t\t<meta property=\"article:modified_time\" content=\"2020-04-16T06:39:02+00:00\" \/>\n\t\t<meta property=\"article:publisher\" content=\"https:\/\/www.facebook.com\/allasorias\" \/>\n\t\t<meta name=\"twitter:card\" content=\"summary_large_image\" \/>\n\t\t<meta name=\"twitter:title\" content=\"Magyar munk\u00e1sokat v\u00e1rnak az osztr\u00e1kok | AllasOrias.hu | H\u00edrek-lapszemle\" \/>\n\t\t<meta name=\"twitter:description\" content=\"A szomsz\u00e9dos Ausztri\u00e1ban lassul a j\u00e1rv\u00e1ny, a rendszab\u00e1lyokon is laz\u00edtanak, de a kij\u00e1r\u00e1si korl\u00e1toz\u00e1s tov\u00e1bbra is \u00e9rv\u00e9nyben van. A kereskedelmi egys\u00e9gek egy r\u00e9sze m\u00e1r kinyithat, m\u00e1just\u00f3l pedig az \u00e9ttermek, sz\u00e1llod\u00e1k is fogadhatnak vend\u00e9geket. A j\u00f3 h\u00edr hallatt\u00e1n \u00e9l\u00e9nk\u00fcl a munkaer\u0151piac, egyre t\u00f6bb \u00e1ll\u00e1shirdet\u00e9ssel tal\u00e1lkozni, melyben keresik az &quot;olcs\u00f3&quot; munkaer\u0151t. Miut\u00e1n tov\u00e1bb cs\u00f6kkent az igazolt koronav\u00edrus-fert\u0151z\u00f6ttek\" \/>\n\t\t<meta name=\"twitter:image\" content=\"https:\/\/allasorias.hu\/hirek\/wp-content\/uploads\/2018\/12\/flaga-austrii_1401-60.jpg\" \/>\n\t\t<meta name=\"twitter:label1\" content=\"Written by\" \/>\n\t\t<meta name=\"twitter:data1\" content=\"Juh\u00e1sz P\u00e9ter\" \/>\n\t\t<meta name=\"twitter:label2\" content=\"Est. reading time\" \/>\n\t\t<meta name=\"twitter:data2\" content=\"1 minute\" \/>\n\t\t<script type=\"application\/ld+json\" class=\"aioseo-schema\">\n\t\t\t{\"@context\":\"https:\\\/\\\/schema.org\",\"@graph\":[{\"@type\":\"Article\",\"@id\":\"https:\\\/\\\/allasorias.hu\\\/hirek\\\/magyar-munkasokat-varnak-az-osztrakok\\\/#article\",\"name\":\"Magyar munk\\u00e1sokat v\\u00e1rnak az osztr\\u00e1kok | AllasOrias.hu | H\\u00edrek-lapszemle\",\"headline\":\"Magyar munk\\u00e1sokat v\\u00e1rnak az osztr\\u00e1kok\",\"author\":{\"@id\":\"https:\\\/\\\/allasorias.hu\\\/hirek\\\/author\\\/admin-allasorias\\\/#author\"},\"publisher\":{\"@id\":\"https:\\\/\\\/allasorias.hu\\\/hirek\\\/#organization\"},\"image\":{\"@type\":\"ImageObject\",\"url\":\"https:\\\/\\\/allasorias.hu\\\/hirek\\\/wp-content\\\/uploads\\\/2018\\\/12\\\/flaga-austrii_1401-60.jpg\",\"width\":626,\"height\":417},\"datePublished\":\"2020-04-16T06:39:02+02:00\",\"dateModified\":\"2020-04-16T06:39:02+02:00\",\"inLanguage\":\"hu-HU\",\"mainEntityOfPage\":{\"@id\":\"https:\\\/\\\/allasorias.hu\\\/hirek\\\/magyar-munkasokat-varnak-az-osztrakok\\\/#webpage\"},\"isPartOf\":{\"@id\":\"https:\\\/\\\/allasorias.hu\\\/hirek\\\/magyar-munkasokat-varnak-az-osztrakok\\\/#webpage\"},\"articleSection\":\"Gazdas\\u00e1g, K\\u00fclf\\u00f6ld\"},{\"@type\":\"BreadcrumbList\",\"@id\":\"https:\\\/\\\/allasorias.hu\\\/hirek\\\/magyar-munkasokat-varnak-az-osztrakok\\\/#breadcrumblist\",\"itemListElement\":[{\"@type\":\"ListItem\",\"@id\":\"https:\\\/\\\/allasorias.hu\\\/hirek#listItem\",\"position\":1,\"name\":\"Home\",\"item\":\"https:\\\/\\\/allasorias.hu\\\/hirek\",\"nextItem\":{\"@type\":\"ListItem\",\"@id\":\"https:\\\/\\\/allasorias.hu\\\/hirek\\\/temak\\\/gazdasag\\\/#listItem\",\"name\":\"Gazdas\\u00e1g\"}},{\"@type\":\"ListItem\",\"@id\":\"https:\\\/\\\/allasorias.hu\\\/hirek\\\/temak\\\/gazdasag\\\/#listItem\",\"position\":2,\"name\":\"Gazdas\\u00e1g\",\"item\":\"https:\\\/\\\/allasorias.hu\\\/hirek\\\/temak\\\/gazdasag\\\/\",\"nextItem\":{\"@type\":\"ListItem\",\"@id\":\"https:\\\/\\\/allasorias.hu\\\/hirek\\\/magyar-munkasokat-varnak-az-osztrakok\\\/#listItem\",\"name\":\"Magyar munk\\u00e1sokat v\\u00e1rnak az osztr\\u00e1kok\"},\"previousItem\":{\"@type\":\"ListItem\",\"@id\":\"https:\\\/\\\/allasorias.hu\\\/hirek#listItem\",\"name\":\"Home\"}},{\"@type\":\"ListItem\",\"@id\":\"https:\\\/\\\/allasorias.hu\\\/hirek\\\/magyar-munkasokat-varnak-az-osztrakok\\\/#listItem\",\"position\":3,\"name\":\"Magyar munk\\u00e1sokat v\\u00e1rnak az osztr\\u00e1kok\",\"previousItem\":{\"@type\":\"ListItem\",\"@id\":\"https:\\\/\\\/allasorias.hu\\\/hirek\\\/temak\\\/gazdasag\\\/#listItem\",\"name\":\"Gazdas\\u00e1g\"}}]},{\"@type\":\"Organization\",\"@id\":\"https:\\\/\\\/allasorias.hu\\\/hirek\\\/#organization\",\"name\":\"AllasOrias.hu | H\\u00edrek-lapszemle\",\"description\":\"\\u00dczleti h\\u00edrek az \\u00e1ll\\u00e1s \\u00e9s a munka vil\\u00e1g\\u00e1b\\u00f3l\",\"url\":\"https:\\\/\\\/allasorias.hu\\\/hirek\\\/\",\"logo\":{\"@type\":\"ImageObject\",\"url\":\"https:\\\/\\\/allasorias.hu\\\/hirek\\\/wp-content\\\/uploads\\\/2022\\\/10\\\/allasorias_site_facebok_logo.png\",\"@id\":\"https:\\\/\\\/allasorias.hu\\\/hirek\\\/magyar-munkasokat-varnak-az-osztrakok\\\/#organizationLogo\"},\"image\":{\"@id\":\"https:\\\/\\\/allasorias.hu\\\/hirek\\\/magyar-munkasokat-varnak-az-osztrakok\\\/#organizationLogo\"},\"sameAs\":[\"https:\\\/\\\/www.facebook.com\\\/allasorias\",\"https:\\\/\\\/www.linkedin.com\\\/company\\\/allasorias\"]},{\"@type\":\"Person\",\"@id\":\"https:\\\/\\\/allasorias.hu\\\/hirek\\\/author\\\/admin-allasorias\\\/#author\",\"url\":\"https:\\\/\\\/allasorias.hu\\\/hirek\\\/author\\\/admin-allasorias\\\/\",\"name\":\"Juh\\u00e1sz P\\u00e9ter\",\"image\":{\"@type\":\"ImageObject\",\"@id\":\"https:\\\/\\\/allasorias.hu\\\/hirek\\\/magyar-munkasokat-varnak-az-osztrakok\\\/#authorImage\",\"url\":\"https:\\\/\\\/secure.gravatar.com\\\/avatar\\\/36e6bcb83148978b992977cb0f54d22feb0cce8a0a849a9410532bb2623ba4c6?s=96&d=mm&r=g\",\"width\":96,\"height\":96,\"caption\":\"Juh\\u00e1sz P\\u00e9ter\"}},{\"@type\":\"WebPage\",\"@id\":\"https:\\\/\\\/allasorias.hu\\\/hirek\\\/magyar-munkasokat-varnak-az-osztrakok\\\/#webpage\",\"url\":\"https:\\\/\\\/allasorias.hu\\\/hirek\\\/magyar-munkasokat-varnak-az-osztrakok\\\/\",\"name\":\"Magyar munk\\u00e1sokat v\\u00e1rnak az osztr\\u00e1kok | AllasOrias.hu | H\\u00edrek-lapszemle\",\"description\":\"A szomsz\\u00e9dos Ausztri\\u00e1ban lassul a j\\u00e1rv\\u00e1ny, a rendszab\\u00e1lyokon is laz\\u00edtanak, de a kij\\u00e1r\\u00e1si korl\\u00e1toz\\u00e1s tov\\u00e1bbra is \\u00e9rv\\u00e9nyben van. A kereskedelmi egys\\u00e9gek egy r\\u00e9sze m\\u00e1r kinyithat, m\\u00e1just\\u00f3l pedig az \\u00e9ttermek, sz\\u00e1llod\\u00e1k is fogadhatnak vend\\u00e9geket. A j\\u00f3 h\\u00edr hallatt\\u00e1n \\u00e9l\\u00e9nk\\u00fcl a munkaer\\u0151piac, egyre t\\u00f6bb \\u00e1ll\\u00e1shirdet\\u00e9ssel tal\\u00e1lkozni, melyben keresik az \\\"olcs\\u00f3\\\" munkaer\\u0151t. Miut\\u00e1n tov\\u00e1bb cs\\u00f6kkent az igazolt koronav\\u00edrus-fert\\u0151z\\u00f6ttek\",\"inLanguage\":\"hu-HU\",\"isPartOf\":{\"@id\":\"https:\\\/\\\/allasorias.hu\\\/hirek\\\/#website\"},\"breadcrumb\":{\"@id\":\"https:\\\/\\\/allasorias.hu\\\/hirek\\\/magyar-munkasokat-varnak-az-osztrakok\\\/#breadcrumblist\"},\"author\":{\"@id\":\"https:\\\/\\\/allasorias.hu\\\/hirek\\\/author\\\/admin-allasorias\\\/#author\"},\"creator\":{\"@id\":\"https:\\\/\\\/allasorias.hu\\\/hirek\\\/author\\\/admin-allasorias\\\/#author\"},\"image\":{\"@type\":\"ImageObject\",\"url\":\"https:\\\/\\\/allasorias.hu\\\/hirek\\\/wp-content\\\/uploads\\\/2018\\\/12\\\/flaga-austrii_1401-60.jpg\",\"@id\":\"https:\\\/\\\/allasorias.hu\\\/hirek\\\/magyar-munkasokat-varnak-az-osztrakok\\\/#mainImage\",\"width\":626,\"height\":417},\"primaryImageOfPage\":{\"@id\":\"https:\\\/\\\/allasorias.hu\\\/hirek\\\/magyar-munkasokat-varnak-az-osztrakok\\\/#mainImage\"},\"datePublished\":\"2020-04-16T06:39:02+02:00\",\"dateModified\":\"2020-04-16T06:39:02+02:00\"},{\"@type\":\"WebSite\",\"@id\":\"https:\\\/\\\/allasorias.hu\\\/hirek\\\/#website\",\"url\":\"https:\\\/\\\/allasorias.hu\\\/hirek\\\/\",\"name\":\"AllasOrias.hu | H\\u00edrek-lapszemle\",\"description\":\"\\u00dczleti h\\u00edrek az \\u00e1ll\\u00e1s \\u00e9s a munka vil\\u00e1g\\u00e1b\\u00f3l\",\"inLanguage\":\"hu-HU\",\"publisher\":{\"@id\":\"https:\\\/\\\/allasorias.hu\\\/hirek\\\/#organization\"}}]}\n\t\t<\/script>\n\t\t<!-- All in One SEO -->\n\n","aioseo_head_json":{"title":"Magyar munk\u00e1sokat v\u00e1rnak az osztr\u00e1kok | AllasOrias.hu | H\u00edrek-lapszemle","description":"A szomsz\u00e9dos Ausztri\u00e1ban lassul a j\u00e1rv\u00e1ny, a rendszab\u00e1lyokon is laz\u00edtanak, de a kij\u00e1r\u00e1si korl\u00e1toz\u00e1s tov\u00e1bbra is \u00e9rv\u00e9nyben van. A kereskedelmi egys\u00e9gek egy r\u00e9sze m\u00e1r kinyithat, m\u00e1just\u00f3l pedig az \u00e9ttermek, sz\u00e1llod\u00e1k is fogadhatnak vend\u00e9geket. A j\u00f3 h\u00edr hallatt\u00e1n \u00e9l\u00e9nk\u00fcl a munkaer\u0151piac, egyre t\u00f6bb \u00e1ll\u00e1shirdet\u00e9ssel tal\u00e1lkozni, melyben keresik az \"olcs\u00f3\" munkaer\u0151t. Miut\u00e1n tov\u00e1bb cs\u00f6kkent az igazolt koronav\u00edrus-fert\u0151z\u00f6ttek","canonical_url":"https:\/\/allasorias.hu\/hirek\/magyar-munkasokat-varnak-az-osztrakok\/","robots":"max-image-preview:large","keywords":"","webmasterTools":{"miscellaneous":""},"schema":{"@context":"https:\/\/schema.org","@graph":[{"@type":"Article","@id":"https:\/\/allasorias.hu\/hirek\/magyar-munkasokat-varnak-az-osztrakok\/#article","name":"Magyar munk\u00e1sokat v\u00e1rnak az osztr\u00e1kok | AllasOrias.hu | H\u00edrek-lapszemle","headline":"Magyar munk\u00e1sokat v\u00e1rnak az osztr\u00e1kok","author":{"@id":"https:\/\/allasorias.hu\/hirek\/author\/admin-allasorias\/#author"},"publisher":{"@id":"https:\/\/allasorias.hu\/hirek\/#organization"},"image":{"@type":"ImageObject","url":"https:\/\/allasorias.hu\/hirek\/wp-content\/uploads\/2018\/12\/flaga-austrii_1401-60.jpg","width":626,"height":417},"datePublished":"2020-04-16T06:39:02+02:00","dateModified":"2020-04-16T06:39:02+02:00","inLanguage":"hu-HU","mainEntityOfPage":{"@id":"https:\/\/allasorias.hu\/hirek\/magyar-munkasokat-varnak-az-osztrakok\/#webpage"},"isPartOf":{"@id":"https:\/\/allasorias.hu\/hirek\/magyar-munkasokat-varnak-az-osztrakok\/#webpage"},"articleSection":"Gazdas\u00e1g, K\u00fclf\u00f6ld"},{"@type":"BreadcrumbList","@id":"https:\/\/allasorias.hu\/hirek\/magyar-munkasokat-varnak-az-osztrakok\/#breadcrumblist","itemListElement":[{"@type":"ListItem","@id":"https:\/\/allasorias.hu\/hirek#listItem","position":1,"name":"Home","item":"https:\/\/allasorias.hu\/hirek","nextItem":{"@type":"ListItem","@id":"https:\/\/allasorias.hu\/hirek\/temak\/gazdasag\/#listItem","name":"Gazdas\u00e1g"}},{"@type":"ListItem","@id":"https:\/\/allasorias.hu\/hirek\/temak\/gazdasag\/#listItem","position":2,"name":"Gazdas\u00e1g","item":"https:\/\/allasorias.hu\/hirek\/temak\/gazdasag\/","nextItem":{"@type":"ListItem","@id":"https:\/\/allasorias.hu\/hirek\/magyar-munkasokat-varnak-az-osztrakok\/#listItem","name":"Magyar munk\u00e1sokat v\u00e1rnak az osztr\u00e1kok"},"previousItem":{"@type":"ListItem","@id":"https:\/\/allasorias.hu\/hirek#listItem","name":"Home"}},{"@type":"ListItem","@id":"https:\/\/allasorias.hu\/hirek\/magyar-munkasokat-varnak-az-osztrakok\/#listItem","position":3,"name":"Magyar munk\u00e1sokat v\u00e1rnak az osztr\u00e1kok","previousItem":{"@type":"ListItem","@id":"https:\/\/allasorias.hu\/hirek\/temak\/gazdasag\/#listItem","name":"Gazdas\u00e1g"}}]},{"@type":"Organization","@id":"https:\/\/allasorias.hu\/hirek\/#organization","name":"AllasOrias.hu | H\u00edrek-lapszemle","description":"\u00dczleti h\u00edrek az \u00e1ll\u00e1s \u00e9s a munka vil\u00e1g\u00e1b\u00f3l","url":"https:\/\/allasorias.hu\/hirek\/","logo":{"@type":"ImageObject","url":"https:\/\/allasorias.hu\/hirek\/wp-content\/uploads\/2022\/10\/allasorias_site_facebok_logo.png","@id":"https:\/\/allasorias.hu\/hirek\/magyar-munkasokat-varnak-az-osztrakok\/#organizationLogo"},"image":{"@id":"https:\/\/allasorias.hu\/hirek\/magyar-munkasokat-varnak-az-osztrakok\/#organizationLogo"},"sameAs":["https:\/\/www.facebook.com\/allasorias","https:\/\/www.linkedin.com\/company\/allasorias"]},{"@type":"Person","@id":"https:\/\/allasorias.hu\/hirek\/author\/admin-allasorias\/#author","url":"https:\/\/allasorias.hu\/hirek\/author\/admin-allasorias\/","name":"Juh\u00e1sz P\u00e9ter","image":{"@type":"ImageObject","@id":"https:\/\/allasorias.hu\/hirek\/magyar-munkasokat-varnak-az-osztrakok\/#authorImage","url":"https:\/\/secure.gravatar.com\/avatar\/36e6bcb83148978b992977cb0f54d22feb0cce8a0a849a9410532bb2623ba4c6?s=96&d=mm&r=g","width":96,"height":96,"caption":"Juh\u00e1sz P\u00e9ter"}},{"@type":"WebPage","@id":"https:\/\/allasorias.hu\/hirek\/magyar-munkasokat-varnak-az-osztrakok\/#webpage","url":"https:\/\/allasorias.hu\/hirek\/magyar-munkasokat-varnak-az-osztrakok\/","name":"Magyar munk\u00e1sokat v\u00e1rnak az osztr\u00e1kok | AllasOrias.hu | H\u00edrek-lapszemle","description":"A szomsz\u00e9dos Ausztri\u00e1ban lassul a j\u00e1rv\u00e1ny, a rendszab\u00e1lyokon is laz\u00edtanak, de a kij\u00e1r\u00e1si korl\u00e1toz\u00e1s tov\u00e1bbra is \u00e9rv\u00e9nyben van. A kereskedelmi egys\u00e9gek egy r\u00e9sze m\u00e1r kinyithat, m\u00e1just\u00f3l pedig az \u00e9ttermek, sz\u00e1llod\u00e1k is fogadhatnak vend\u00e9geket. A j\u00f3 h\u00edr hallatt\u00e1n \u00e9l\u00e9nk\u00fcl a munkaer\u0151piac, egyre t\u00f6bb \u00e1ll\u00e1shirdet\u00e9ssel tal\u00e1lkozni, melyben keresik az \"olcs\u00f3\" munkaer\u0151t. Miut\u00e1n tov\u00e1bb cs\u00f6kkent az igazolt koronav\u00edrus-fert\u0151z\u00f6ttek","inLanguage":"hu-HU","isPartOf":{"@id":"https:\/\/allasorias.hu\/hirek\/#website"},"breadcrumb":{"@id":"https:\/\/allasorias.hu\/hirek\/magyar-munkasokat-varnak-az-osztrakok\/#breadcrumblist"},"author":{"@id":"https:\/\/allasorias.hu\/hirek\/author\/admin-allasorias\/#author"},"creator":{"@id":"https:\/\/allasorias.hu\/hirek\/author\/admin-allasorias\/#author"},"image":{"@type":"ImageObject","url":"https:\/\/allasorias.hu\/hirek\/wp-content\/uploads\/2018\/12\/flaga-austrii_1401-60.jpg","@id":"https:\/\/allasorias.hu\/hirek\/magyar-munkasokat-varnak-az-osztrakok\/#mainImage","width":626,"height":417},"primaryImageOfPage":{"@id":"https:\/\/allasorias.hu\/hirek\/magyar-munkasokat-varnak-az-osztrakok\/#mainImage"},"datePublished":"2020-04-16T06:39:02+02:00","dateModified":"2020-04-16T06:39:02+02:00"},{"@type":"WebSite","@id":"https:\/\/allasorias.hu\/hirek\/#website","url":"https:\/\/allasorias.hu\/hirek\/","name":"AllasOrias.hu | H\u00edrek-lapszemle","description":"\u00dczleti h\u00edrek az \u00e1ll\u00e1s \u00e9s a munka vil\u00e1g\u00e1b\u00f3l","inLanguage":"hu-HU","publisher":{"@id":"https:\/\/allasorias.hu\/hirek\/#organization"}}]},"og:locale":"hu_HU","og:site_name":"AllasOrias.hu | H\u00edrek-lapszemle | \u00dczleti h\u00edrek az \u00e1ll\u00e1s \u00e9s a munka vil\u00e1g\u00e1b\u00f3l","og:type":"article","og:title":"Magyar munk\u00e1sokat v\u00e1rnak az osztr\u00e1kok | AllasOrias.hu | H\u00edrek-lapszemle","og:description":"A szomsz\u00e9dos Ausztri\u00e1ban lassul a j\u00e1rv\u00e1ny, a rendszab\u00e1lyokon is laz\u00edtanak, de a kij\u00e1r\u00e1si korl\u00e1toz\u00e1s tov\u00e1bbra is \u00e9rv\u00e9nyben van. A kereskedelmi egys\u00e9gek egy r\u00e9sze m\u00e1r kinyithat, m\u00e1just\u00f3l pedig az \u00e9ttermek, sz\u00e1llod\u00e1k is fogadhatnak vend\u00e9geket. A j\u00f3 h\u00edr hallatt\u00e1n \u00e9l\u00e9nk\u00fcl a munkaer\u0151piac, egyre t\u00f6bb \u00e1ll\u00e1shirdet\u00e9ssel tal\u00e1lkozni, melyben keresik az &quot;olcs\u00f3&quot; munkaer\u0151t. Miut\u00e1n tov\u00e1bb cs\u00f6kkent az igazolt koronav\u00edrus-fert\u0151z\u00f6ttek","og:url":"https:\/\/allasorias.hu\/hirek\/magyar-munkasokat-varnak-az-osztrakok\/","og:image":"https:\/\/allasorias.hu\/hirek\/wp-content\/uploads\/2018\/12\/flaga-austrii_1401-60.jpg","og:image:secure_url":"https:\/\/allasorias.hu\/hirek\/wp-content\/uploads\/2018\/12\/flaga-austrii_1401-60.jpg","og:image:width":626,"og:image:height":417,"article:published_time":"2020-04-16T06:39:02+00:00","article:modified_time":"2020-04-16T06:39:02+00:00","article:publisher":"https:\/\/www.facebook.com\/allasorias","twitter:card":"summary_large_image","twitter:title":"Magyar munk\u00e1sokat v\u00e1rnak az osztr\u00e1kok | AllasOrias.hu | H\u00edrek-lapszemle","twitter:description":"A szomsz\u00e9dos Ausztri\u00e1ban lassul a j\u00e1rv\u00e1ny, a rendszab\u00e1lyokon is laz\u00edtanak, de a kij\u00e1r\u00e1si korl\u00e1toz\u00e1s tov\u00e1bbra is \u00e9rv\u00e9nyben van. A kereskedelmi egys\u00e9gek egy r\u00e9sze m\u00e1r kinyithat, m\u00e1just\u00f3l pedig az \u00e9ttermek, sz\u00e1llod\u00e1k is fogadhatnak vend\u00e9geket. A j\u00f3 h\u00edr hallatt\u00e1n \u00e9l\u00e9nk\u00fcl a munkaer\u0151piac, egyre t\u00f6bb \u00e1ll\u00e1shirdet\u00e9ssel tal\u00e1lkozni, melyben keresik az &quot;olcs\u00f3&quot; munkaer\u0151t. Miut\u00e1n tov\u00e1bb cs\u00f6kkent az igazolt koronav\u00edrus-fert\u0151z\u00f6ttek","twitter:image":"https:\/\/allasorias.hu\/hirek\/wp-content\/uploads\/2018\/12\/flaga-austrii_1401-60.jpg","twitter:label1":"Written by","twitter:data1":"Juh\u00e1sz P\u00e9ter","twitter:label2":"Est. reading time","twitter:data2":"1 minute"},"aioseo_meta_data":{"post_id":"3905","title":null,"description":null,"keywords":null,"keyphrases":null,"primary_term":null,"canonical_url":null,"og_title":null,"og_description":null,"og_object_type":"default","og_image_type":"default","og_image_url":null,"og_image_width":null,"og_image_height":null,"og_image_custom_url":null,"og_image_custom_fields":null,"og_video":null,"og_custom_url":null,"og_article_section":null,"og_article_tags":null,"twitter_use_og":false,"twitter_card":"default","twitter_image_type":"default","twitter_image_url":null,"twitter_image_custom_url":null,"twitter_image_custom_fields":null,"twitter_title":null,"twitter_description":null,"schema":{"blockGraphs":[],"customGraphs":[],"default":{"data":{"Article":[],"Course":[],"Dataset":[],"FAQPage":[],"Movie":[],"Person":[],"Product":[],"ProductReview":[],"Car":[],"Recipe":[],"Service":[],"SoftwareApplication":[],"WebPage":[]},"graphName":"","isEnabled":true},"graphs":[],"defaultGraph":"","defaultPostTypeGraph":""},"schema_type":null,"schema_type_options":null,"pillar_content":false,"robots_default":true,"robots_noindex":false,"robots_noarchive":false,"robots_nosnippet":false,"robots_nofollow":false,"robots_noimageindex":false,"robots_noodp":false,"robots_notranslate":false,"robots_max_snippet":null,"robots_max_videopreview":null,"robots_max_imagepreview":"large","priority":null,"frequency":null,"location":null,"local_seo":null,"breadcrumb_settings":null,"limit_modified_date":false,"ai":null,"created":"2021-02-01 21:28:17","updated":"2025-10-02 13:44:49","seo_analyzer_scan_date":null,"focus_keyword":null,"additional_keywords":null,"truseo_locale":null},"aioseo_breadcrumb":"<div class=\"aioseo-breadcrumbs\"><span class=\"aioseo-breadcrumb\">\n\t\t\t<a href=\"https:\/\/allasorias.hu\/hirek\" title=\"Home\">Home<\/a>\n\t\t<\/span><span class=\"aioseo-breadcrumb-separator\">&raquo;<\/span><span class=\"aioseo-breadcrumb\">\n\t\t\t<a href=\"https:\/\/allasorias.hu\/hirek\/temak\/gazdasag\/\" title=\"Gazdas\u00e1g\">Gazdas\u00e1g<\/a>\n\t\t<\/span><span class=\"aioseo-breadcrumb-separator\">&raquo;<\/span><span class=\"aioseo-breadcrumb\">\n\t\t\tMagyar munk\u00e1sokat v\u00e1rnak az osztr\u00e1kok\n\t\t<\/span><\/div>","aioseo_breadcrumb_json":[{"label":"Home","link":"https:\/\/allasorias.hu\/hirek"},{"label":"Gazdas\u00e1g","link":"https:\/\/allasorias.hu\/hirek\/temak\/gazdasag\/"},{"label":"Magyar munk\u00e1sokat v\u00e1rnak az osztr\u00e1kok","link":"https:\/\/allasorias.hu\/hirek\/magyar-munkasokat-varnak-az-osztrakok\/"}],"_links":{"self":[{"href":"https:\/\/allasorias.hu\/hirek\/wp-json\/wp\/v2\/posts\/3905","targetHints":{"allow":["GET"]}}],"collection":[{"href":"https:\/\/allasorias.hu\/hirek\/wp-json\/wp\/v2\/posts"}],"about":[{"href":"https:\/\/allasorias.hu\/hirek\/wp-json\/wp\/v2\/types\/post"}],"author":[{"embeddable":true,"href":"https:\/\/allasorias.hu\/hirek\/wp-json\/wp\/v2\/users\/1"}],"replies":[{"embeddable":true,"href":"https:\/\/allasorias.hu\/hirek\/wp-json\/wp\/v2\/comments?post=3905"}],"version-history":[{"count":1,"href":"https:\/\/allasorias.hu\/hirek\/wp-json\/wp\/v2\/posts\/3905\/revisions"}],"predecessor-version":[{"id":3906,"href":"https:\/\/allasorias.hu\/hirek\/wp-json\/wp\/v2\/posts\/3905\/revisions\/3906"}],"wp:featuredmedia":[{"embeddable":true,"href":"https:\/\/allasorias.hu\/hirek\/wp-json\/wp\/v2\/media\/2301"}],"wp:attachment":[{"href":"https:\/\/allasorias.hu\/hirek\/wp-json\/wp\/v2\/media?parent=3905"}],"wp:term":[{"taxonomy":"category","embeddable":true,"href":"https:\/\/allasorias.hu\/hirek\/wp-json\/wp\/v2\/categories?post=3905"},{"taxonomy":"post_tag","embeddable":true,"href":"https:\/\/allasorias.hu\/hirek\/wp-json\/wp\/v2\/tags?post=3905"}],"curies":[{"name":"wp","href":"https:\/\/api.w.org\/{rel}","templated":true}]}}