{"id":3902,"date":"2020-04-15T06:09:20","date_gmt":"2020-04-15T06:09:20","guid":{"rendered":"https:\/\/allasorias.hu\/hirek\/?p=3902"},"modified":"2020-04-15T06:09:20","modified_gmt":"2020-04-15T06:09:20","slug":"tobb-szaz-allashely-a-jysk-nel","status":"publish","type":"post","link":"https:\/\/allasorias.hu\/hirek\/tobb-szaz-allashely-a-jysk-nel\/","title":{"rendered":"T\u00f6bb sz\u00e1z \u00e1ll\u00e1shely a Jysk-n\u00e9l"},"content":{"rendered":"<p><strong>H\u00e1romsz\u00e1z \u00faj \u00e1ll\u00e1shelyet hoz l\u00e9tre a Jysk Magyarorsz\u00e1gon -jelentette be Szijj\u00e1rt\u00f3 P\u00e9ter k\u00fcl\u00fcgyminiszter. Elmondta: az \u00e1ruh\u00e1zl\u00e1nc 65 milli\u00e1rd forintb\u00f3l region\u00e1lis \u00e1rueloszt\u00f3 k\u00f6zpont \u00e9p\u00edt fel a Pest megyei Ecseren.<\/strong><\/p>\n<p>A 143 ezer n\u00e9gyzetm\u00e9ter rakt\u00e1rter\u00fclet\u0171 logisztikai b\u00e1zis 7 orsz\u00e1got l\u00e1t el \u00e1ruval 2022-t\u0151l. A beruh\u00e1z\u00e1st a korm\u00e1ny 3,6 milli\u00e1rd forinttal t\u00e1mogatja. A t\u00e1rcavezet\u0151 szerint a Jysk neh\u00e9z helyzetben d\u00f6nt\u00f6tt az \u00faj k\u00f6zpont fel\u00e9p\u00edt\u00e9s\u00e9r\u0151l, \u00e1m &#8211; mint fogalmazott &#8211; mindez arra utal, hogy a v\u00e1llalat a j\u00e1rv\u00e1ny elm\u00falt\u00e1val ism\u00e9t er\u0151s\u00f6dni akar. Magyarorsz\u00e1g szint\u00e9n kedvez\u0151 helyzetb\u0151l szeretn\u00e9 kezdeni a v\u00e1ls\u00e1g ut\u00e1ni id\u0151szakot, \u00e9s erre a munkahelyteremt\u00e9s a legjobb megold\u00e1s &#8211; tette hozz\u00e1. Szijj\u00e1rt\u00f3 P\u00e9ter hossz\u00fa t\u00e1v\u00fa k\u00f6vetkezm\u00e9nyekkel sz\u00e1mol a gazdas\u00e1gban a koronav\u00edrus miatt, ez\u00e9rt hangs\u00falyozta, hogy legal\u00e1bb annyi \u00e1ll\u00e1slehet\u0151s\u00e9get kell teremteni, mint amennyi megsz\u0171nt a vesz\u00e9lyhelyzet idej\u00e9n. A miniszter a foglalkoztat\u00e1s \u00f6szt\u00f6nz\u00e9s\u00e9n t\u00fal szigor\u00fa k\u00f6lts\u00e9gvet\u00e9si fegyelmet \u00edg\u00e9rt a k\u00f6vetkez\u0151 \u00e9vekre.\u00a0 A Jysk els\u0151 \u00fczlete 1979-ben D\u00e1ni\u00e1ban nyitott meg. Az\u00f3ta 52 orsz\u00e1gban csaknem 2800 \u00e1ruh\u00e1zat m\u0171k\u00f6dtetnek 23 ezer munkat\u00e1rssal. Magyarorsz\u00e1gon 2005 \u00f3ta \u00e1rus\u00edtanak b\u00fatorokat \u00e9s lakberendez\u00e9si eszk\u00f6z\u00f6ket. A Jysk k\u00f6zlem\u00e9nye szerint az \u00e1ruh\u00e1zl\u00e1nc \u00e9ves forgalma megk\u00f6zel\u00edti a 3,8 milli\u00e1rd eur\u00f3t. Magyarorsz\u00e1gi v\u00e1llalatuk forgalma tavaly az augusztussal z\u00e1rult \u00fczleti \u00e9vben megk\u00f6zel\u00edtette a 45,5 milli\u00e1rd forintot, m\u00edg azt megel\u0151z\u0151en meghaladta a 42,3 milli\u00e1rd forintot. Az \u00e1ruh\u00e1zl\u00e1nc belf\u00f6ldi ad\u00f3zott eredm\u00e9nye 5,24 milli\u00e1rd forintr\u00f3l 5,14 milli\u00e1rd forintra cs\u00f6kkent a nyilv\u00e1nos c\u00e9gadatok szerint.<\/p>\n<p>Forr\u00e1s: profitline.hu<\/p>\n","protected":false},"excerpt":{"rendered":"<p>H\u00e1romsz\u00e1z \u00faj \u00e1ll\u00e1shelyet hoz l\u00e9tre a Jysk Magyarorsz\u00e1gon -jelentette be Szijj\u00e1rt\u00f3 P\u00e9ter k\u00fcl\u00fcgyminiszter. Elmondta: az \u00e1ruh\u00e1zl\u00e1nc 65 milli\u00e1rd forintb\u00f3l region\u00e1lis \u00e1rueloszt\u00f3 k\u00f6zpont \u00e9p\u00edt fel a Pest megyei Ecseren. A 143 ezer n\u00e9gyzetm\u00e9ter rakt\u00e1rter\u00fclet\u0171 logisztikai b\u00e1zis 7 orsz\u00e1got l\u00e1t el \u00e1ruval 2022-t\u0151l. A beruh\u00e1z\u00e1st a korm\u00e1ny 3,6 milli\u00e1rd forinttal t\u00e1mogatja. A t\u00e1rcavezet\u0151 szerint a Jysk neh\u00e9z [&hellip;]<\/p>\n","protected":false},"author":1,"featured_media":3903,"comment_status":"open","ping_status":"open","sticky":false,"template":"","format":"standard","meta":{"_monsterinsights_skip_tracking":false,"footnotes":""},"categories":[200],"tags":[],"class_list":["post-3902","post","type-post","status-publish","format-standard","has-post-thumbnail","hentry","category-munkaeropiac"],"aioseo_notices":[],"aioseo_head":"\n\t\t<!-- All in One SEO 5.0.0.1 - aioseo.com -->\n\t<meta name=\"description\" content=\"H\u00e1romsz\u00e1z \u00faj \u00e1ll\u00e1shelyet hoz l\u00e9tre a Jysk Magyarorsz\u00e1gon -jelentette be Szijj\u00e1rt\u00f3 P\u00e9ter k\u00fcl\u00fcgyminiszter. Elmondta: az \u00e1ruh\u00e1zl\u00e1nc 65 milli\u00e1rd forintb\u00f3l region\u00e1lis \u00e1rueloszt\u00f3 k\u00f6zpont \u00e9p\u00edt fel a Pest megyei Ecseren. A 143 ezer n\u00e9gyzetm\u00e9ter rakt\u00e1rter\u00fclet\u0171 logisztikai b\u00e1zis 7 orsz\u00e1got l\u00e1t el \u00e1ruval 2022-t\u0151l. A beruh\u00e1z\u00e1st a korm\u00e1ny 3,6 milli\u00e1rd forinttal t\u00e1mogatja. A t\u00e1rcavezet\u0151 szerint a Jysk neh\u00e9z\" \/>\n\t<meta name=\"robots\" content=\"max-image-preview:large\" \/>\n\t<meta name=\"author\" content=\"Juh\u00e1sz P\u00e9ter\"\/>\n\t<link rel=\"canonical\" href=\"https:\/\/allasorias.hu\/hirek\/tobb-szaz-allashely-a-jysk-nel\/\" \/>\n\t<meta name=\"generator\" content=\"All in One SEO (AIOSEO) 5.0.0.1\" \/>\n\t\t<meta property=\"og:locale\" content=\"hu_HU\" \/>\n\t\t<meta property=\"og:site_name\" content=\"AllasOrias.hu | H\u00edrek-lapszemle | \u00dczleti h\u00edrek az \u00e1ll\u00e1s \u00e9s a munka vil\u00e1g\u00e1b\u00f3l\" \/>\n\t\t<meta property=\"og:type\" content=\"article\" \/>\n\t\t<meta property=\"og:title\" content=\"T\u00f6bb sz\u00e1z \u00e1ll\u00e1shely a Jysk-n\u00e9l | AllasOrias.hu | H\u00edrek-lapszemle\" \/>\n\t\t<meta property=\"og:description\" content=\"H\u00e1romsz\u00e1z \u00faj \u00e1ll\u00e1shelyet hoz l\u00e9tre a Jysk Magyarorsz\u00e1gon -jelentette be Szijj\u00e1rt\u00f3 P\u00e9ter k\u00fcl\u00fcgyminiszter. Elmondta: az \u00e1ruh\u00e1zl\u00e1nc 65 milli\u00e1rd forintb\u00f3l region\u00e1lis \u00e1rueloszt\u00f3 k\u00f6zpont \u00e9p\u00edt fel a Pest megyei Ecseren. A 143 ezer n\u00e9gyzetm\u00e9ter rakt\u00e1rter\u00fclet\u0171 logisztikai b\u00e1zis 7 orsz\u00e1got l\u00e1t el \u00e1ruval 2022-t\u0151l. A beruh\u00e1z\u00e1st a korm\u00e1ny 3,6 milli\u00e1rd forinttal t\u00e1mogatja. A t\u00e1rcavezet\u0151 szerint a Jysk neh\u00e9z\" \/>\n\t\t<meta property=\"og:url\" content=\"https:\/\/allasorias.hu\/hirek\/tobb-szaz-allashely-a-jysk-nel\/\" \/>\n\t\t<meta property=\"og:image\" content=\"https:\/\/allasorias.hu\/hirek\/wp-content\/uploads\/2020\/04\/JYSK_store_in_Hungary-scaled.jpg\" \/>\n\t\t<meta property=\"og:image:secure_url\" content=\"https:\/\/allasorias.hu\/hirek\/wp-content\/uploads\/2020\/04\/JYSK_store_in_Hungary-scaled.jpg\" \/>\n\t\t<meta property=\"og:image:width\" content=\"2560\" \/>\n\t\t<meta property=\"og:image:height\" content=\"1094\" \/>\n\t\t<meta property=\"article:published_time\" content=\"2020-04-15T06:09:20+00:00\" \/>\n\t\t<meta property=\"article:modified_time\" content=\"2020-04-15T06:09:20+00:00\" \/>\n\t\t<meta property=\"article:publisher\" content=\"https:\/\/www.facebook.com\/allasorias\" \/>\n\t\t<meta name=\"twitter:card\" content=\"summary_large_image\" \/>\n\t\t<meta name=\"twitter:title\" content=\"T\u00f6bb sz\u00e1z \u00e1ll\u00e1shely a Jysk-n\u00e9l | AllasOrias.hu | H\u00edrek-lapszemle\" \/>\n\t\t<meta name=\"twitter:description\" content=\"H\u00e1romsz\u00e1z \u00faj \u00e1ll\u00e1shelyet hoz l\u00e9tre a Jysk Magyarorsz\u00e1gon -jelentette be Szijj\u00e1rt\u00f3 P\u00e9ter k\u00fcl\u00fcgyminiszter. Elmondta: az \u00e1ruh\u00e1zl\u00e1nc 65 milli\u00e1rd forintb\u00f3l region\u00e1lis \u00e1rueloszt\u00f3 k\u00f6zpont \u00e9p\u00edt fel a Pest megyei Ecseren. A 143 ezer n\u00e9gyzetm\u00e9ter rakt\u00e1rter\u00fclet\u0171 logisztikai b\u00e1zis 7 orsz\u00e1got l\u00e1t el \u00e1ruval 2022-t\u0151l. A beruh\u00e1z\u00e1st a korm\u00e1ny 3,6 milli\u00e1rd forinttal t\u00e1mogatja. A t\u00e1rcavezet\u0151 szerint a Jysk neh\u00e9z\" \/>\n\t\t<meta name=\"twitter:image\" content=\"https:\/\/allasorias.hu\/hirek\/wp-content\/uploads\/2020\/04\/JYSK_store_in_Hungary-scaled.jpg\" \/>\n\t\t<meta name=\"twitter:label1\" content=\"Written by\" \/>\n\t\t<meta name=\"twitter:data1\" content=\"Juh\u00e1sz P\u00e9ter\" \/>\n\t\t<meta name=\"twitter:label2\" content=\"Est. reading time\" \/>\n\t\t<meta name=\"twitter:data2\" content=\"2 minutes\" \/>\n\t\t<script type=\"application\/ld+json\" class=\"aioseo-schema\">\n\t\t\t{\"@context\":\"https:\\\/\\\/schema.org\",\"@graph\":[{\"@type\":\"Article\",\"@id\":\"https:\\\/\\\/allasorias.hu\\\/hirek\\\/tobb-szaz-allashely-a-jysk-nel\\\/#article\",\"name\":\"T\\u00f6bb sz\\u00e1z \\u00e1ll\\u00e1shely a Jysk-n\\u00e9l | AllasOrias.hu | H\\u00edrek-lapszemle\",\"headline\":\"T\\u00f6bb sz\\u00e1z \\u00e1ll\\u00e1shely a Jysk-n\\u00e9l\",\"author\":{\"@id\":\"https:\\\/\\\/allasorias.hu\\\/hirek\\\/author\\\/admin-allasorias\\\/#author\"},\"publisher\":{\"@id\":\"https:\\\/\\\/allasorias.hu\\\/hirek\\\/#organization\"},\"image\":{\"@type\":\"ImageObject\",\"url\":\"https:\\\/\\\/allasorias.hu\\\/hirek\\\/wp-content\\\/uploads\\\/2020\\\/04\\\/JYSK_store_in_Hungary-scaled.jpg\",\"width\":2560,\"height\":1094},\"datePublished\":\"2020-04-15T06:09:20+02:00\",\"dateModified\":\"2020-04-15T06:09:20+02:00\",\"inLanguage\":\"hu-HU\",\"mainEntityOfPage\":{\"@id\":\"https:\\\/\\\/allasorias.hu\\\/hirek\\\/tobb-szaz-allashely-a-jysk-nel\\\/#webpage\"},\"isPartOf\":{\"@id\":\"https:\\\/\\\/allasorias.hu\\\/hirek\\\/tobb-szaz-allashely-a-jysk-nel\\\/#webpage\"},\"articleSection\":\"Munkaer\\u0151piac\"},{\"@type\":\"BreadcrumbList\",\"@id\":\"https:\\\/\\\/allasorias.hu\\\/hirek\\\/tobb-szaz-allashely-a-jysk-nel\\\/#breadcrumblist\",\"itemListElement\":[{\"@type\":\"ListItem\",\"@id\":\"https:\\\/\\\/allasorias.hu\\\/hirek#listItem\",\"position\":1,\"name\":\"Home\",\"item\":\"https:\\\/\\\/allasorias.hu\\\/hirek\",\"nextItem\":{\"@type\":\"ListItem\",\"@id\":\"https:\\\/\\\/allasorias.hu\\\/hirek\\\/temak\\\/munkaeropiac\\\/#listItem\",\"name\":\"Munkaer\\u0151piac\"}},{\"@type\":\"ListItem\",\"@id\":\"https:\\\/\\\/allasorias.hu\\\/hirek\\\/temak\\\/munkaeropiac\\\/#listItem\",\"position\":2,\"name\":\"Munkaer\\u0151piac\",\"item\":\"https:\\\/\\\/allasorias.hu\\\/hirek\\\/temak\\\/munkaeropiac\\\/\",\"nextItem\":{\"@type\":\"ListItem\",\"@id\":\"https:\\\/\\\/allasorias.hu\\\/hirek\\\/tobb-szaz-allashely-a-jysk-nel\\\/#listItem\",\"name\":\"T\\u00f6bb sz\\u00e1z \\u00e1ll\\u00e1shely a Jysk-n\\u00e9l\"},\"previousItem\":{\"@type\":\"ListItem\",\"@id\":\"https:\\\/\\\/allasorias.hu\\\/hirek#listItem\",\"name\":\"Home\"}},{\"@type\":\"ListItem\",\"@id\":\"https:\\\/\\\/allasorias.hu\\\/hirek\\\/tobb-szaz-allashely-a-jysk-nel\\\/#listItem\",\"position\":3,\"name\":\"T\\u00f6bb sz\\u00e1z \\u00e1ll\\u00e1shely a Jysk-n\\u00e9l\",\"previousItem\":{\"@type\":\"ListItem\",\"@id\":\"https:\\\/\\\/allasorias.hu\\\/hirek\\\/temak\\\/munkaeropiac\\\/#listItem\",\"name\":\"Munkaer\\u0151piac\"}}]},{\"@type\":\"Organization\",\"@id\":\"https:\\\/\\\/allasorias.hu\\\/hirek\\\/#organization\",\"name\":\"AllasOrias.hu | H\\u00edrek-lapszemle\",\"description\":\"\\u00dczleti h\\u00edrek az \\u00e1ll\\u00e1s \\u00e9s a munka vil\\u00e1g\\u00e1b\\u00f3l\",\"url\":\"https:\\\/\\\/allasorias.hu\\\/hirek\\\/\",\"logo\":{\"@type\":\"ImageObject\",\"url\":\"https:\\\/\\\/allasorias.hu\\\/hirek\\\/wp-content\\\/uploads\\\/2022\\\/10\\\/allasorias_site_facebok_logo.png\",\"@id\":\"https:\\\/\\\/allasorias.hu\\\/hirek\\\/tobb-szaz-allashely-a-jysk-nel\\\/#organizationLogo\"},\"image\":{\"@id\":\"https:\\\/\\\/allasorias.hu\\\/hirek\\\/tobb-szaz-allashely-a-jysk-nel\\\/#organizationLogo\"},\"sameAs\":[\"https:\\\/\\\/www.facebook.com\\\/allasorias\",\"https:\\\/\\\/www.linkedin.com\\\/company\\\/allasorias\"]},{\"@type\":\"Person\",\"@id\":\"https:\\\/\\\/allasorias.hu\\\/hirek\\\/author\\\/admin-allasorias\\\/#author\",\"url\":\"https:\\\/\\\/allasorias.hu\\\/hirek\\\/author\\\/admin-allasorias\\\/\",\"name\":\"Juh\\u00e1sz P\\u00e9ter\",\"image\":{\"@type\":\"ImageObject\",\"@id\":\"https:\\\/\\\/allasorias.hu\\\/hirek\\\/tobb-szaz-allashely-a-jysk-nel\\\/#authorImage\",\"url\":\"https:\\\/\\\/secure.gravatar.com\\\/avatar\\\/36e6bcb83148978b992977cb0f54d22feb0cce8a0a849a9410532bb2623ba4c6?s=96&d=mm&r=g\",\"width\":96,\"height\":96,\"caption\":\"Juh\\u00e1sz P\\u00e9ter\"}},{\"@type\":\"WebPage\",\"@id\":\"https:\\\/\\\/allasorias.hu\\\/hirek\\\/tobb-szaz-allashely-a-jysk-nel\\\/#webpage\",\"url\":\"https:\\\/\\\/allasorias.hu\\\/hirek\\\/tobb-szaz-allashely-a-jysk-nel\\\/\",\"name\":\"T\\u00f6bb sz\\u00e1z \\u00e1ll\\u00e1shely a Jysk-n\\u00e9l | AllasOrias.hu | H\\u00edrek-lapszemle\",\"description\":\"H\\u00e1romsz\\u00e1z \\u00faj \\u00e1ll\\u00e1shelyet hoz l\\u00e9tre a Jysk Magyarorsz\\u00e1gon -jelentette be Szijj\\u00e1rt\\u00f3 P\\u00e9ter k\\u00fcl\\u00fcgyminiszter. Elmondta: az \\u00e1ruh\\u00e1zl\\u00e1nc 65 milli\\u00e1rd forintb\\u00f3l region\\u00e1lis \\u00e1rueloszt\\u00f3 k\\u00f6zpont \\u00e9p\\u00edt fel a Pest megyei Ecseren. A 143 ezer n\\u00e9gyzetm\\u00e9ter rakt\\u00e1rter\\u00fclet\\u0171 logisztikai b\\u00e1zis 7 orsz\\u00e1got l\\u00e1t el \\u00e1ruval 2022-t\\u0151l. A beruh\\u00e1z\\u00e1st a korm\\u00e1ny 3,6 milli\\u00e1rd forinttal t\\u00e1mogatja. A t\\u00e1rcavezet\\u0151 szerint a Jysk neh\\u00e9z\",\"inLanguage\":\"hu-HU\",\"isPartOf\":{\"@id\":\"https:\\\/\\\/allasorias.hu\\\/hirek\\\/#website\"},\"breadcrumb\":{\"@id\":\"https:\\\/\\\/allasorias.hu\\\/hirek\\\/tobb-szaz-allashely-a-jysk-nel\\\/#breadcrumblist\"},\"author\":{\"@id\":\"https:\\\/\\\/allasorias.hu\\\/hirek\\\/author\\\/admin-allasorias\\\/#author\"},\"creator\":{\"@id\":\"https:\\\/\\\/allasorias.hu\\\/hirek\\\/author\\\/admin-allasorias\\\/#author\"},\"image\":{\"@type\":\"ImageObject\",\"url\":\"https:\\\/\\\/allasorias.hu\\\/hirek\\\/wp-content\\\/uploads\\\/2020\\\/04\\\/JYSK_store_in_Hungary-scaled.jpg\",\"@id\":\"https:\\\/\\\/allasorias.hu\\\/hirek\\\/tobb-szaz-allashely-a-jysk-nel\\\/#mainImage\",\"width\":2560,\"height\":1094},\"primaryImageOfPage\":{\"@id\":\"https:\\\/\\\/allasorias.hu\\\/hirek\\\/tobb-szaz-allashely-a-jysk-nel\\\/#mainImage\"},\"datePublished\":\"2020-04-15T06:09:20+02:00\",\"dateModified\":\"2020-04-15T06:09:20+02:00\"},{\"@type\":\"WebSite\",\"@id\":\"https:\\\/\\\/allasorias.hu\\\/hirek\\\/#website\",\"url\":\"https:\\\/\\\/allasorias.hu\\\/hirek\\\/\",\"name\":\"AllasOrias.hu | H\\u00edrek-lapszemle\",\"description\":\"\\u00dczleti h\\u00edrek az \\u00e1ll\\u00e1s \\u00e9s a munka vil\\u00e1g\\u00e1b\\u00f3l\",\"inLanguage\":\"hu-HU\",\"publisher\":{\"@id\":\"https:\\\/\\\/allasorias.hu\\\/hirek\\\/#organization\"}}]}\n\t\t<\/script>\n\t\t<!-- All in One SEO -->\n\n","aioseo_head_json":{"title":"T\u00f6bb sz\u00e1z \u00e1ll\u00e1shely a Jysk-n\u00e9l | AllasOrias.hu | H\u00edrek-lapszemle","description":"H\u00e1romsz\u00e1z \u00faj \u00e1ll\u00e1shelyet hoz l\u00e9tre a Jysk Magyarorsz\u00e1gon -jelentette be Szijj\u00e1rt\u00f3 P\u00e9ter k\u00fcl\u00fcgyminiszter. Elmondta: az \u00e1ruh\u00e1zl\u00e1nc 65 milli\u00e1rd forintb\u00f3l region\u00e1lis \u00e1rueloszt\u00f3 k\u00f6zpont \u00e9p\u00edt fel a Pest megyei Ecseren. A 143 ezer n\u00e9gyzetm\u00e9ter rakt\u00e1rter\u00fclet\u0171 logisztikai b\u00e1zis 7 orsz\u00e1got l\u00e1t el \u00e1ruval 2022-t\u0151l. A beruh\u00e1z\u00e1st a korm\u00e1ny 3,6 milli\u00e1rd forinttal t\u00e1mogatja. A t\u00e1rcavezet\u0151 szerint a Jysk neh\u00e9z","canonical_url":"https:\/\/allasorias.hu\/hirek\/tobb-szaz-allashely-a-jysk-nel\/","robots":"max-image-preview:large","keywords":"","webmasterTools":{"miscellaneous":""},"schema":{"@context":"https:\/\/schema.org","@graph":[{"@type":"Article","@id":"https:\/\/allasorias.hu\/hirek\/tobb-szaz-allashely-a-jysk-nel\/#article","name":"T\u00f6bb sz\u00e1z \u00e1ll\u00e1shely a Jysk-n\u00e9l | AllasOrias.hu | H\u00edrek-lapszemle","headline":"T\u00f6bb sz\u00e1z \u00e1ll\u00e1shely a Jysk-n\u00e9l","author":{"@id":"https:\/\/allasorias.hu\/hirek\/author\/admin-allasorias\/#author"},"publisher":{"@id":"https:\/\/allasorias.hu\/hirek\/#organization"},"image":{"@type":"ImageObject","url":"https:\/\/allasorias.hu\/hirek\/wp-content\/uploads\/2020\/04\/JYSK_store_in_Hungary-scaled.jpg","width":2560,"height":1094},"datePublished":"2020-04-15T06:09:20+02:00","dateModified":"2020-04-15T06:09:20+02:00","inLanguage":"hu-HU","mainEntityOfPage":{"@id":"https:\/\/allasorias.hu\/hirek\/tobb-szaz-allashely-a-jysk-nel\/#webpage"},"isPartOf":{"@id":"https:\/\/allasorias.hu\/hirek\/tobb-szaz-allashely-a-jysk-nel\/#webpage"},"articleSection":"Munkaer\u0151piac"},{"@type":"BreadcrumbList","@id":"https:\/\/allasorias.hu\/hirek\/tobb-szaz-allashely-a-jysk-nel\/#breadcrumblist","itemListElement":[{"@type":"ListItem","@id":"https:\/\/allasorias.hu\/hirek#listItem","position":1,"name":"Home","item":"https:\/\/allasorias.hu\/hirek","nextItem":{"@type":"ListItem","@id":"https:\/\/allasorias.hu\/hirek\/temak\/munkaeropiac\/#listItem","name":"Munkaer\u0151piac"}},{"@type":"ListItem","@id":"https:\/\/allasorias.hu\/hirek\/temak\/munkaeropiac\/#listItem","position":2,"name":"Munkaer\u0151piac","item":"https:\/\/allasorias.hu\/hirek\/temak\/munkaeropiac\/","nextItem":{"@type":"ListItem","@id":"https:\/\/allasorias.hu\/hirek\/tobb-szaz-allashely-a-jysk-nel\/#listItem","name":"T\u00f6bb sz\u00e1z \u00e1ll\u00e1shely a Jysk-n\u00e9l"},"previousItem":{"@type":"ListItem","@id":"https:\/\/allasorias.hu\/hirek#listItem","name":"Home"}},{"@type":"ListItem","@id":"https:\/\/allasorias.hu\/hirek\/tobb-szaz-allashely-a-jysk-nel\/#listItem","position":3,"name":"T\u00f6bb sz\u00e1z \u00e1ll\u00e1shely a Jysk-n\u00e9l","previousItem":{"@type":"ListItem","@id":"https:\/\/allasorias.hu\/hirek\/temak\/munkaeropiac\/#listItem","name":"Munkaer\u0151piac"}}]},{"@type":"Organization","@id":"https:\/\/allasorias.hu\/hirek\/#organization","name":"AllasOrias.hu | H\u00edrek-lapszemle","description":"\u00dczleti h\u00edrek az \u00e1ll\u00e1s \u00e9s a munka vil\u00e1g\u00e1b\u00f3l","url":"https:\/\/allasorias.hu\/hirek\/","logo":{"@type":"ImageObject","url":"https:\/\/allasorias.hu\/hirek\/wp-content\/uploads\/2022\/10\/allasorias_site_facebok_logo.png","@id":"https:\/\/allasorias.hu\/hirek\/tobb-szaz-allashely-a-jysk-nel\/#organizationLogo"},"image":{"@id":"https:\/\/allasorias.hu\/hirek\/tobb-szaz-allashely-a-jysk-nel\/#organizationLogo"},"sameAs":["https:\/\/www.facebook.com\/allasorias","https:\/\/www.linkedin.com\/company\/allasorias"]},{"@type":"Person","@id":"https:\/\/allasorias.hu\/hirek\/author\/admin-allasorias\/#author","url":"https:\/\/allasorias.hu\/hirek\/author\/admin-allasorias\/","name":"Juh\u00e1sz P\u00e9ter","image":{"@type":"ImageObject","@id":"https:\/\/allasorias.hu\/hirek\/tobb-szaz-allashely-a-jysk-nel\/#authorImage","url":"https:\/\/secure.gravatar.com\/avatar\/36e6bcb83148978b992977cb0f54d22feb0cce8a0a849a9410532bb2623ba4c6?s=96&d=mm&r=g","width":96,"height":96,"caption":"Juh\u00e1sz P\u00e9ter"}},{"@type":"WebPage","@id":"https:\/\/allasorias.hu\/hirek\/tobb-szaz-allashely-a-jysk-nel\/#webpage","url":"https:\/\/allasorias.hu\/hirek\/tobb-szaz-allashely-a-jysk-nel\/","name":"T\u00f6bb sz\u00e1z \u00e1ll\u00e1shely a Jysk-n\u00e9l | AllasOrias.hu | H\u00edrek-lapszemle","description":"H\u00e1romsz\u00e1z \u00faj \u00e1ll\u00e1shelyet hoz l\u00e9tre a Jysk Magyarorsz\u00e1gon -jelentette be Szijj\u00e1rt\u00f3 P\u00e9ter k\u00fcl\u00fcgyminiszter. Elmondta: az \u00e1ruh\u00e1zl\u00e1nc 65 milli\u00e1rd forintb\u00f3l region\u00e1lis \u00e1rueloszt\u00f3 k\u00f6zpont \u00e9p\u00edt fel a Pest megyei Ecseren. A 143 ezer n\u00e9gyzetm\u00e9ter rakt\u00e1rter\u00fclet\u0171 logisztikai b\u00e1zis 7 orsz\u00e1got l\u00e1t el \u00e1ruval 2022-t\u0151l. A beruh\u00e1z\u00e1st a korm\u00e1ny 3,6 milli\u00e1rd forinttal t\u00e1mogatja. A t\u00e1rcavezet\u0151 szerint a Jysk neh\u00e9z","inLanguage":"hu-HU","isPartOf":{"@id":"https:\/\/allasorias.hu\/hirek\/#website"},"breadcrumb":{"@id":"https:\/\/allasorias.hu\/hirek\/tobb-szaz-allashely-a-jysk-nel\/#breadcrumblist"},"author":{"@id":"https:\/\/allasorias.hu\/hirek\/author\/admin-allasorias\/#author"},"creator":{"@id":"https:\/\/allasorias.hu\/hirek\/author\/admin-allasorias\/#author"},"image":{"@type":"ImageObject","url":"https:\/\/allasorias.hu\/hirek\/wp-content\/uploads\/2020\/04\/JYSK_store_in_Hungary-scaled.jpg","@id":"https:\/\/allasorias.hu\/hirek\/tobb-szaz-allashely-a-jysk-nel\/#mainImage","width":2560,"height":1094},"primaryImageOfPage":{"@id":"https:\/\/allasorias.hu\/hirek\/tobb-szaz-allashely-a-jysk-nel\/#mainImage"},"datePublished":"2020-04-15T06:09:20+02:00","dateModified":"2020-04-15T06:09:20+02:00"},{"@type":"WebSite","@id":"https:\/\/allasorias.hu\/hirek\/#website","url":"https:\/\/allasorias.hu\/hirek\/","name":"AllasOrias.hu | H\u00edrek-lapszemle","description":"\u00dczleti h\u00edrek az \u00e1ll\u00e1s \u00e9s a munka vil\u00e1g\u00e1b\u00f3l","inLanguage":"hu-HU","publisher":{"@id":"https:\/\/allasorias.hu\/hirek\/#organization"}}]},"og:locale":"hu_HU","og:site_name":"AllasOrias.hu | H\u00edrek-lapszemle | \u00dczleti h\u00edrek az \u00e1ll\u00e1s \u00e9s a munka vil\u00e1g\u00e1b\u00f3l","og:type":"article","og:title":"T\u00f6bb sz\u00e1z \u00e1ll\u00e1shely a Jysk-n\u00e9l | AllasOrias.hu | H\u00edrek-lapszemle","og:description":"H\u00e1romsz\u00e1z \u00faj \u00e1ll\u00e1shelyet hoz l\u00e9tre a Jysk Magyarorsz\u00e1gon -jelentette be Szijj\u00e1rt\u00f3 P\u00e9ter k\u00fcl\u00fcgyminiszter. Elmondta: az \u00e1ruh\u00e1zl\u00e1nc 65 milli\u00e1rd forintb\u00f3l region\u00e1lis \u00e1rueloszt\u00f3 k\u00f6zpont \u00e9p\u00edt fel a Pest megyei Ecseren. A 143 ezer n\u00e9gyzetm\u00e9ter rakt\u00e1rter\u00fclet\u0171 logisztikai b\u00e1zis 7 orsz\u00e1got l\u00e1t el \u00e1ruval 2022-t\u0151l. A beruh\u00e1z\u00e1st a korm\u00e1ny 3,6 milli\u00e1rd forinttal t\u00e1mogatja. A t\u00e1rcavezet\u0151 szerint a Jysk neh\u00e9z","og:url":"https:\/\/allasorias.hu\/hirek\/tobb-szaz-allashely-a-jysk-nel\/","og:image":"https:\/\/allasorias.hu\/hirek\/wp-content\/uploads\/2020\/04\/JYSK_store_in_Hungary-scaled.jpg","og:image:secure_url":"https:\/\/allasorias.hu\/hirek\/wp-content\/uploads\/2020\/04\/JYSK_store_in_Hungary-scaled.jpg","og:image:width":2560,"og:image:height":1094,"article:published_time":"2020-04-15T06:09:20+00:00","article:modified_time":"2020-04-15T06:09:20+00:00","article:publisher":"https:\/\/www.facebook.com\/allasorias","twitter:card":"summary_large_image","twitter:title":"T\u00f6bb sz\u00e1z \u00e1ll\u00e1shely a Jysk-n\u00e9l | AllasOrias.hu | H\u00edrek-lapszemle","twitter:description":"H\u00e1romsz\u00e1z \u00faj \u00e1ll\u00e1shelyet hoz l\u00e9tre a Jysk Magyarorsz\u00e1gon -jelentette be Szijj\u00e1rt\u00f3 P\u00e9ter k\u00fcl\u00fcgyminiszter. Elmondta: az \u00e1ruh\u00e1zl\u00e1nc 65 milli\u00e1rd forintb\u00f3l region\u00e1lis \u00e1rueloszt\u00f3 k\u00f6zpont \u00e9p\u00edt fel a Pest megyei Ecseren. A 143 ezer n\u00e9gyzetm\u00e9ter rakt\u00e1rter\u00fclet\u0171 logisztikai b\u00e1zis 7 orsz\u00e1got l\u00e1t el \u00e1ruval 2022-t\u0151l. A beruh\u00e1z\u00e1st a korm\u00e1ny 3,6 milli\u00e1rd forinttal t\u00e1mogatja. A t\u00e1rcavezet\u0151 szerint a Jysk neh\u00e9z","twitter:image":"https:\/\/allasorias.hu\/hirek\/wp-content\/uploads\/2020\/04\/JYSK_store_in_Hungary-scaled.jpg","twitter:label1":"Written by","twitter:data1":"Juh\u00e1sz P\u00e9ter","twitter:label2":"Est. reading time","twitter:data2":"2 minutes"},"aioseo_meta_data":{"post_id":"3902","title":null,"description":null,"keywords":null,"keyphrases":null,"primary_term":null,"canonical_url":null,"og_title":null,"og_description":null,"og_object_type":"default","og_image_type":"default","og_image_url":null,"og_image_width":null,"og_image_height":null,"og_image_custom_url":null,"og_image_custom_fields":null,"og_video":null,"og_custom_url":null,"og_article_section":null,"og_article_tags":null,"twitter_use_og":false,"twitter_card":"default","twitter_image_type":"default","twitter_image_url":null,"twitter_image_custom_url":null,"twitter_image_custom_fields":null,"twitter_title":null,"twitter_description":null,"schema":{"blockGraphs":[],"customGraphs":[],"default":{"data":{"Article":[],"Course":[],"Dataset":[],"FAQPage":[],"Movie":[],"Person":[],"Product":[],"ProductReview":[],"Car":[],"Recipe":[],"Service":[],"SoftwareApplication":[],"WebPage":[]},"graphName":"","isEnabled":true},"graphs":[],"defaultGraph":"","defaultPostTypeGraph":""},"schema_type":null,"schema_type_options":null,"pillar_content":false,"robots_default":true,"robots_noindex":false,"robots_noarchive":false,"robots_nosnippet":false,"robots_nofollow":false,"robots_noimageindex":false,"robots_noodp":false,"robots_notranslate":false,"robots_max_snippet":null,"robots_max_videopreview":null,"robots_max_imagepreview":"large","priority":null,"frequency":null,"location":null,"local_seo":null,"breadcrumb_settings":null,"limit_modified_date":false,"ai":null,"created":"2021-02-01 21:28:17","updated":"2025-10-02 13:44:49","seo_analyzer_scan_date":null,"focus_keyword":null,"additional_keywords":null,"truseo_locale":null},"aioseo_breadcrumb":"<div class=\"aioseo-breadcrumbs\"><span class=\"aioseo-breadcrumb\">\n\t\t\t<a href=\"https:\/\/allasorias.hu\/hirek\" title=\"Home\">Home<\/a>\n\t\t<\/span><span class=\"aioseo-breadcrumb-separator\">&raquo;<\/span><span class=\"aioseo-breadcrumb\">\n\t\t\t<a href=\"https:\/\/allasorias.hu\/hirek\/temak\/munkaeropiac\/\" title=\"Munkaer\u0151piac\">Munkaer\u0151piac<\/a>\n\t\t<\/span><span class=\"aioseo-breadcrumb-separator\">&raquo;<\/span><span class=\"aioseo-breadcrumb\">\n\t\t\tT\u00f6bb sz\u00e1z \u00e1ll\u00e1shely a Jysk-n\u00e9l\n\t\t<\/span><\/div>","aioseo_breadcrumb_json":[{"label":"Home","link":"https:\/\/allasorias.hu\/hirek"},{"label":"Munkaer\u0151piac","link":"https:\/\/allasorias.hu\/hirek\/temak\/munkaeropiac\/"},{"label":"T\u00f6bb sz\u00e1z \u00e1ll\u00e1shely a Jysk-n\u00e9l","link":"https:\/\/allasorias.hu\/hirek\/tobb-szaz-allashely-a-jysk-nel\/"}],"_links":{"self":[{"href":"https:\/\/allasorias.hu\/hirek\/wp-json\/wp\/v2\/posts\/3902","targetHints":{"allow":["GET"]}}],"collection":[{"href":"https:\/\/allasorias.hu\/hirek\/wp-json\/wp\/v2\/posts"}],"about":[{"href":"https:\/\/allasorias.hu\/hirek\/wp-json\/wp\/v2\/types\/post"}],"author":[{"embeddable":true,"href":"https:\/\/allasorias.hu\/hirek\/wp-json\/wp\/v2\/users\/1"}],"replies":[{"embeddable":true,"href":"https:\/\/allasorias.hu\/hirek\/wp-json\/wp\/v2\/comments?post=3902"}],"version-history":[{"count":1,"href":"https:\/\/allasorias.hu\/hirek\/wp-json\/wp\/v2\/posts\/3902\/revisions"}],"predecessor-version":[{"id":3904,"href":"https:\/\/allasorias.hu\/hirek\/wp-json\/wp\/v2\/posts\/3902\/revisions\/3904"}],"wp:featuredmedia":[{"embeddable":true,"href":"https:\/\/allasorias.hu\/hirek\/wp-json\/wp\/v2\/media\/3903"}],"wp:attachment":[{"href":"https:\/\/allasorias.hu\/hirek\/wp-json\/wp\/v2\/media?parent=3902"}],"wp:term":[{"taxonomy":"category","embeddable":true,"href":"https:\/\/allasorias.hu\/hirek\/wp-json\/wp\/v2\/categories?post=3902"},{"taxonomy":"post_tag","embeddable":true,"href":"https:\/\/allasorias.hu\/hirek\/wp-json\/wp\/v2\/tags?post=3902"}],"curies":[{"name":"wp","href":"https:\/\/api.w.org\/{rel}","templated":true}]}}