{"id":3900,"date":"2020-04-15T06:07:08","date_gmt":"2020-04-15T06:07:08","guid":{"rendered":"https:\/\/allasorias.hu\/hirek\/?p=3900"},"modified":"2020-04-15T06:07:08","modified_gmt":"2020-04-15T06:07:08","slug":"segitseget-kapnak-egyes-szektorok-magyarorszagon","status":"publish","type":"post","link":"https:\/\/allasorias.hu\/hirek\/segitseget-kapnak-egyes-szektorok-magyarorszagon\/","title":{"rendered":"Seg\u00edts\u00e9get kapnak egyes szektorok magyarorsz\u00e1gon"},"content":{"rendered":"<p><strong>Az operat\u00edv t\u00f6rzs keddi t\u00e1j\u00e9koztat\u00f3j\u00e1n jelentett\u00e9k be, hogy mely szektorok kapnak t\u00e1mogat\u00e1st. Nagy Istv\u00e1n agr\u00e1rminiszter t\u00e1j\u00e9koztat\u00f3j\u00e1ban elmondta: a k\u00f6nnyebb hitelhez jut\u00e1st seg\u00edti, hogy a hitelhez ny\u00fajtott kezess\u00e9gek eset\u00e9ben is k\u00f6nny\u00edt\u00e9sek t\u00f6rt\u00e9ntek. <\/strong><\/p>\n<p>Agr\u00e1r\u00fcgyi bejelent\u00e9sekkel kezd\u0151d\u00f6tt az operat\u00edv t\u00f6rzs keddi t\u00e1j\u00e9koztat\u00f3ja: t\u00f6bbek k\u00f6z\u00f6tt a bor\u00e1szatokat, p\u00e1linkaf\u0151z\u0151ket \u00e9s a kis\u00fczemi s\u00f6rf\u0151zd\u00e9ket is seg\u00edtik. A sajt\u00f3t\u00e1j\u00e9koztat\u00f3n Nagy Istv\u00e1n k\u00f6sz\u00f6netet mondott az agr\u00e1rt\u00e1rsadalomnak, hogy most is kem\u00e9nyen dolgoznak \u2013 sz\u00e1molt be az Origo. H\u00e1l\u00e1s az \u00e9lelmiszeriparban dolgoz\u00f3knak is &#8211; tette hozz\u00e1. A magyarorsz\u00e1gi \u00e9lelmiszer-el\u0151\u00e1ll\u00edt\u00e1s az egyik legfontosabb pill\u00e9re a magyar gazdas\u00e1gnak \u2013 mondta. Nagy Istv\u00e1n arr\u00f3l is besz\u00e9lt, hogy a legfontosabb c\u00e9l az \u00e9rt\u00e9kes\u00edt\u00e9si lehet\u0151s\u00e9gek biztos\u00edt\u00e1sa. \u00c9ppen ez\u00e9rt is nyitott\u00e1k meg a piacokat az \u00f6nkorm\u00e1nyzatok \u2013 mondta. Elindult a munkaszuret.hu, hogy min\u00e9l t\u00f6bben tudjanak a mez\u0151gazdas\u00e1gi id\u00e9nymunk\u00e1ban r\u00e9szt venni \u2013 k\u00f6z\u00f6lte a miniszter. Arra k\u00e9rte az ideiglenesen munk\u00e1jukat vesztetteket, hogy vegyenek ebben r\u00e9szt. Sz\u00f3lt arr\u00f3l is, hogy a legkisebb mez\u0151gazdas\u00e1gi termel\u0151k sz\u00e1m\u00e1ra is el\u00e9rhet\u0151 lesz a 200 milli\u00f3s megemelt hitel. Nagy Istv\u00e1n elmondta azt is, hogy a k\u00f6nnyebb hitelhez jut\u00e1st seg\u00edti, hogy a hitelhez ny\u00fajtott kezess\u00e9gek eset\u00e9ben is k\u00f6nny\u00edt\u00e9sek t\u00f6rt\u00e9ntek. A bor- \u00e9s sz\u0151l\u0151termel\u0151kn\u00e9l, a p\u00e1linka-el\u0151\u00e1ll\u00edt\u00f3kn\u00e1l \u00e9s a kis s\u00f6rf\u0151z\u0151 \u00fczemek eset\u00e9n sem kell j\u00e1rul\u00e9kokat fizetni. Ezek a k\u00f6nny\u00edt\u00e9sek a kert\u00e9szetekre \u00e9s a d\u00edszn\u00f6v\u00e9ny-keresked\u0151kre is kiterjednek \u2013 tette hozz\u00e1.<\/p>\n","protected":false},"excerpt":{"rendered":"<p>Az operat\u00edv t\u00f6rzs keddi t\u00e1j\u00e9koztat\u00f3j\u00e1n jelentett\u00e9k be, hogy mely szektorok kapnak t\u00e1mogat\u00e1st. Nagy Istv\u00e1n agr\u00e1rminiszter t\u00e1j\u00e9koztat\u00f3j\u00e1ban elmondta: a k\u00f6nnyebb hitelhez jut\u00e1st seg\u00edti, hogy a hitelhez ny\u00fajtott kezess\u00e9gek eset\u00e9ben is k\u00f6nny\u00edt\u00e9sek t\u00f6rt\u00e9ntek. Agr\u00e1r\u00fcgyi bejelent\u00e9sekkel kezd\u0151d\u00f6tt az operat\u00edv t\u00f6rzs keddi t\u00e1j\u00e9koztat\u00f3ja: t\u00f6bbek k\u00f6z\u00f6tt a bor\u00e1szatokat, p\u00e1linkaf\u0151z\u0151ket \u00e9s a kis\u00fczemi s\u00f6rf\u0151zd\u00e9ket is seg\u00edtik. A sajt\u00f3t\u00e1j\u00e9koztat\u00f3n Nagy Istv\u00e1n k\u00f6sz\u00f6netet [&hellip;]<\/p>\n","protected":false},"author":1,"featured_media":0,"comment_status":"open","ping_status":"open","sticky":false,"template":"","format":"standard","meta":{"_monsterinsights_skip_tracking":false,"footnotes":""},"categories":[198],"tags":[],"class_list":["post-3900","post","type-post","status-publish","format-standard","hentry","category-gazdasag"],"aioseo_notices":[],"aioseo_head":"\n\t\t<!-- All in One SEO 5.0.0.1 - aioseo.com -->\n\t<meta name=\"description\" content=\"Az operat\u00edv t\u00f6rzs keddi t\u00e1j\u00e9koztat\u00f3j\u00e1n jelentett\u00e9k be, hogy mely szektorok kapnak t\u00e1mogat\u00e1st. Nagy Istv\u00e1n agr\u00e1rminiszter t\u00e1j\u00e9koztat\u00f3j\u00e1ban elmondta: a k\u00f6nnyebb hitelhez jut\u00e1st seg\u00edti, hogy a hitelhez ny\u00fajtott kezess\u00e9gek eset\u00e9ben is k\u00f6nny\u00edt\u00e9sek t\u00f6rt\u00e9ntek. Agr\u00e1r\u00fcgyi bejelent\u00e9sekkel kezd\u0151d\u00f6tt az operat\u00edv t\u00f6rzs keddi t\u00e1j\u00e9koztat\u00f3ja: t\u00f6bbek k\u00f6z\u00f6tt a bor\u00e1szatokat, p\u00e1linkaf\u0151z\u0151ket \u00e9s a kis\u00fczemi s\u00f6rf\u0151zd\u00e9ket is seg\u00edtik. A sajt\u00f3t\u00e1j\u00e9koztat\u00f3n Nagy Istv\u00e1n k\u00f6sz\u00f6netet\" \/>\n\t<meta name=\"robots\" content=\"max-image-preview:large\" \/>\n\t<meta name=\"author\" content=\"Juh\u00e1sz P\u00e9ter\"\/>\n\t<link rel=\"canonical\" href=\"https:\/\/allasorias.hu\/hirek\/segitseget-kapnak-egyes-szektorok-magyarorszagon\/\" \/>\n\t<meta name=\"generator\" content=\"All in One SEO (AIOSEO) 5.0.0.1\" \/>\n\t\t<meta property=\"og:locale\" content=\"hu_HU\" \/>\n\t\t<meta property=\"og:site_name\" content=\"AllasOrias.hu | H\u00edrek-lapszemle | \u00dczleti h\u00edrek az \u00e1ll\u00e1s \u00e9s a munka vil\u00e1g\u00e1b\u00f3l\" \/>\n\t\t<meta property=\"og:type\" content=\"article\" \/>\n\t\t<meta property=\"og:title\" content=\"Seg\u00edts\u00e9get kapnak egyes szektorok magyarorsz\u00e1gon | AllasOrias.hu | H\u00edrek-lapszemle\" \/>\n\t\t<meta property=\"og:description\" content=\"Az operat\u00edv t\u00f6rzs keddi t\u00e1j\u00e9koztat\u00f3j\u00e1n jelentett\u00e9k be, hogy mely szektorok kapnak t\u00e1mogat\u00e1st. Nagy Istv\u00e1n agr\u00e1rminiszter t\u00e1j\u00e9koztat\u00f3j\u00e1ban elmondta: a k\u00f6nnyebb hitelhez jut\u00e1st seg\u00edti, hogy a hitelhez ny\u00fajtott kezess\u00e9gek eset\u00e9ben is k\u00f6nny\u00edt\u00e9sek t\u00f6rt\u00e9ntek. Agr\u00e1r\u00fcgyi bejelent\u00e9sekkel kezd\u0151d\u00f6tt az operat\u00edv t\u00f6rzs keddi t\u00e1j\u00e9koztat\u00f3ja: t\u00f6bbek k\u00f6z\u00f6tt a bor\u00e1szatokat, p\u00e1linkaf\u0151z\u0151ket \u00e9s a kis\u00fczemi s\u00f6rf\u0151zd\u00e9ket is seg\u00edtik. A sajt\u00f3t\u00e1j\u00e9koztat\u00f3n Nagy Istv\u00e1n k\u00f6sz\u00f6netet\" \/>\n\t\t<meta property=\"og:url\" content=\"https:\/\/allasorias.hu\/hirek\/segitseget-kapnak-egyes-szektorok-magyarorszagon\/\" \/>\n\t\t<meta property=\"og:image\" content=\"https:\/\/allasorias.hu\/hirek\/wp-content\/uploads\/2022\/10\/allasorias-fb-logo.png\" \/>\n\t\t<meta property=\"og:image:secure_url\" content=\"https:\/\/allasorias.hu\/hirek\/wp-content\/uploads\/2022\/10\/allasorias-fb-logo.png\" \/>\n\t\t<meta property=\"og:image:width\" content=\"437\" \/>\n\t\t<meta property=\"og:image:height\" content=\"200\" \/>\n\t\t<meta property=\"article:published_time\" content=\"2020-04-15T06:07:08+00:00\" \/>\n\t\t<meta property=\"article:modified_time\" content=\"2020-04-15T06:07:08+00:00\" \/>\n\t\t<meta property=\"article:publisher\" content=\"https:\/\/www.facebook.com\/allasorias\" \/>\n\t\t<meta name=\"twitter:card\" content=\"summary_large_image\" \/>\n\t\t<meta name=\"twitter:title\" content=\"Seg\u00edts\u00e9get kapnak egyes szektorok magyarorsz\u00e1gon | AllasOrias.hu | H\u00edrek-lapszemle\" \/>\n\t\t<meta name=\"twitter:description\" content=\"Az operat\u00edv t\u00f6rzs keddi t\u00e1j\u00e9koztat\u00f3j\u00e1n jelentett\u00e9k be, hogy mely szektorok kapnak t\u00e1mogat\u00e1st. Nagy Istv\u00e1n agr\u00e1rminiszter t\u00e1j\u00e9koztat\u00f3j\u00e1ban elmondta: a k\u00f6nnyebb hitelhez jut\u00e1st seg\u00edti, hogy a hitelhez ny\u00fajtott kezess\u00e9gek eset\u00e9ben is k\u00f6nny\u00edt\u00e9sek t\u00f6rt\u00e9ntek. Agr\u00e1r\u00fcgyi bejelent\u00e9sekkel kezd\u0151d\u00f6tt az operat\u00edv t\u00f6rzs keddi t\u00e1j\u00e9koztat\u00f3ja: t\u00f6bbek k\u00f6z\u00f6tt a bor\u00e1szatokat, p\u00e1linkaf\u0151z\u0151ket \u00e9s a kis\u00fczemi s\u00f6rf\u0151zd\u00e9ket is seg\u00edtik. A sajt\u00f3t\u00e1j\u00e9koztat\u00f3n Nagy Istv\u00e1n k\u00f6sz\u00f6netet\" \/>\n\t\t<meta name=\"twitter:image\" content=\"https:\/\/allasorias.hu\/hirek\/wp-content\/uploads\/2022\/10\/allasorias-fb-logo.png\" \/>\n\t\t<meta name=\"twitter:label1\" content=\"Written by\" \/>\n\t\t<meta name=\"twitter:data1\" content=\"Juh\u00e1sz P\u00e9ter\" \/>\n\t\t<meta name=\"twitter:label2\" content=\"Est. reading time\" \/>\n\t\t<meta name=\"twitter:data2\" content=\"2 minutes\" \/>\n\t\t<script type=\"application\/ld+json\" class=\"aioseo-schema\">\n\t\t\t{\"@context\":\"https:\\\/\\\/schema.org\",\"@graph\":[{\"@type\":\"Article\",\"@id\":\"https:\\\/\\\/allasorias.hu\\\/hirek\\\/segitseget-kapnak-egyes-szektorok-magyarorszagon\\\/#article\",\"name\":\"Seg\\u00edts\\u00e9get kapnak egyes szektorok magyarorsz\\u00e1gon | AllasOrias.hu | H\\u00edrek-lapszemle\",\"headline\":\"Seg\\u00edts\\u00e9get kapnak egyes szektorok magyarorsz\\u00e1gon\",\"author\":{\"@id\":\"https:\\\/\\\/allasorias.hu\\\/hirek\\\/author\\\/admin-allasorias\\\/#author\"},\"publisher\":{\"@id\":\"https:\\\/\\\/allasorias.hu\\\/hirek\\\/#organization\"},\"image\":{\"@type\":\"ImageObject\",\"url\":\"https:\\\/\\\/allasorias.hu\\\/hirek\\\/wp-content\\\/uploads\\\/2022\\\/10\\\/allasorias_site_facebok_logo.png\",\"@id\":\"https:\\\/\\\/allasorias.hu\\\/hirek\\\/#articleImage\"},\"datePublished\":\"2020-04-15T06:07:08+02:00\",\"dateModified\":\"2020-04-15T06:07:08+02:00\",\"inLanguage\":\"hu-HU\",\"mainEntityOfPage\":{\"@id\":\"https:\\\/\\\/allasorias.hu\\\/hirek\\\/segitseget-kapnak-egyes-szektorok-magyarorszagon\\\/#webpage\"},\"isPartOf\":{\"@id\":\"https:\\\/\\\/allasorias.hu\\\/hirek\\\/segitseget-kapnak-egyes-szektorok-magyarorszagon\\\/#webpage\"},\"articleSection\":\"Gazdas\\u00e1g\"},{\"@type\":\"BreadcrumbList\",\"@id\":\"https:\\\/\\\/allasorias.hu\\\/hirek\\\/segitseget-kapnak-egyes-szektorok-magyarorszagon\\\/#breadcrumblist\",\"itemListElement\":[{\"@type\":\"ListItem\",\"@id\":\"https:\\\/\\\/allasorias.hu\\\/hirek#listItem\",\"position\":1,\"name\":\"Home\",\"item\":\"https:\\\/\\\/allasorias.hu\\\/hirek\",\"nextItem\":{\"@type\":\"ListItem\",\"@id\":\"https:\\\/\\\/allasorias.hu\\\/hirek\\\/temak\\\/gazdasag\\\/#listItem\",\"name\":\"Gazdas\\u00e1g\"}},{\"@type\":\"ListItem\",\"@id\":\"https:\\\/\\\/allasorias.hu\\\/hirek\\\/temak\\\/gazdasag\\\/#listItem\",\"position\":2,\"name\":\"Gazdas\\u00e1g\",\"item\":\"https:\\\/\\\/allasorias.hu\\\/hirek\\\/temak\\\/gazdasag\\\/\",\"nextItem\":{\"@type\":\"ListItem\",\"@id\":\"https:\\\/\\\/allasorias.hu\\\/hirek\\\/segitseget-kapnak-egyes-szektorok-magyarorszagon\\\/#listItem\",\"name\":\"Seg\\u00edts\\u00e9get kapnak egyes szektorok magyarorsz\\u00e1gon\"},\"previousItem\":{\"@type\":\"ListItem\",\"@id\":\"https:\\\/\\\/allasorias.hu\\\/hirek#listItem\",\"name\":\"Home\"}},{\"@type\":\"ListItem\",\"@id\":\"https:\\\/\\\/allasorias.hu\\\/hirek\\\/segitseget-kapnak-egyes-szektorok-magyarorszagon\\\/#listItem\",\"position\":3,\"name\":\"Seg\\u00edts\\u00e9get kapnak egyes szektorok magyarorsz\\u00e1gon\",\"previousItem\":{\"@type\":\"ListItem\",\"@id\":\"https:\\\/\\\/allasorias.hu\\\/hirek\\\/temak\\\/gazdasag\\\/#listItem\",\"name\":\"Gazdas\\u00e1g\"}}]},{\"@type\":\"Organization\",\"@id\":\"https:\\\/\\\/allasorias.hu\\\/hirek\\\/#organization\",\"name\":\"AllasOrias.hu | H\\u00edrek-lapszemle\",\"description\":\"\\u00dczleti h\\u00edrek az \\u00e1ll\\u00e1s \\u00e9s a munka vil\\u00e1g\\u00e1b\\u00f3l\",\"url\":\"https:\\\/\\\/allasorias.hu\\\/hirek\\\/\",\"logo\":{\"@type\":\"ImageObject\",\"url\":\"https:\\\/\\\/allasorias.hu\\\/hirek\\\/wp-content\\\/uploads\\\/2022\\\/10\\\/allasorias_site_facebok_logo.png\",\"@id\":\"https:\\\/\\\/allasorias.hu\\\/hirek\\\/segitseget-kapnak-egyes-szektorok-magyarorszagon\\\/#organizationLogo\"},\"image\":{\"@id\":\"https:\\\/\\\/allasorias.hu\\\/hirek\\\/segitseget-kapnak-egyes-szektorok-magyarorszagon\\\/#organizationLogo\"},\"sameAs\":[\"https:\\\/\\\/www.facebook.com\\\/allasorias\",\"https:\\\/\\\/www.linkedin.com\\\/company\\\/allasorias\"]},{\"@type\":\"Person\",\"@id\":\"https:\\\/\\\/allasorias.hu\\\/hirek\\\/author\\\/admin-allasorias\\\/#author\",\"url\":\"https:\\\/\\\/allasorias.hu\\\/hirek\\\/author\\\/admin-allasorias\\\/\",\"name\":\"Juh\\u00e1sz P\\u00e9ter\",\"image\":{\"@type\":\"ImageObject\",\"@id\":\"https:\\\/\\\/allasorias.hu\\\/hirek\\\/segitseget-kapnak-egyes-szektorok-magyarorszagon\\\/#authorImage\",\"url\":\"https:\\\/\\\/secure.gravatar.com\\\/avatar\\\/36e6bcb83148978b992977cb0f54d22feb0cce8a0a849a9410532bb2623ba4c6?s=96&d=mm&r=g\",\"width\":96,\"height\":96,\"caption\":\"Juh\\u00e1sz P\\u00e9ter\"}},{\"@type\":\"WebPage\",\"@id\":\"https:\\\/\\\/allasorias.hu\\\/hirek\\\/segitseget-kapnak-egyes-szektorok-magyarorszagon\\\/#webpage\",\"url\":\"https:\\\/\\\/allasorias.hu\\\/hirek\\\/segitseget-kapnak-egyes-szektorok-magyarorszagon\\\/\",\"name\":\"Seg\\u00edts\\u00e9get kapnak egyes szektorok magyarorsz\\u00e1gon | AllasOrias.hu | H\\u00edrek-lapszemle\",\"description\":\"Az operat\\u00edv t\\u00f6rzs keddi t\\u00e1j\\u00e9koztat\\u00f3j\\u00e1n jelentett\\u00e9k be, hogy mely szektorok kapnak t\\u00e1mogat\\u00e1st. Nagy Istv\\u00e1n agr\\u00e1rminiszter t\\u00e1j\\u00e9koztat\\u00f3j\\u00e1ban elmondta: a k\\u00f6nnyebb hitelhez jut\\u00e1st seg\\u00edti, hogy a hitelhez ny\\u00fajtott kezess\\u00e9gek eset\\u00e9ben is k\\u00f6nny\\u00edt\\u00e9sek t\\u00f6rt\\u00e9ntek. Agr\\u00e1r\\u00fcgyi bejelent\\u00e9sekkel kezd\\u0151d\\u00f6tt az operat\\u00edv t\\u00f6rzs keddi t\\u00e1j\\u00e9koztat\\u00f3ja: t\\u00f6bbek k\\u00f6z\\u00f6tt a bor\\u00e1szatokat, p\\u00e1linkaf\\u0151z\\u0151ket \\u00e9s a kis\\u00fczemi s\\u00f6rf\\u0151zd\\u00e9ket is seg\\u00edtik. A sajt\\u00f3t\\u00e1j\\u00e9koztat\\u00f3n Nagy Istv\\u00e1n k\\u00f6sz\\u00f6netet\",\"inLanguage\":\"hu-HU\",\"isPartOf\":{\"@id\":\"https:\\\/\\\/allasorias.hu\\\/hirek\\\/#website\"},\"breadcrumb\":{\"@id\":\"https:\\\/\\\/allasorias.hu\\\/hirek\\\/segitseget-kapnak-egyes-szektorok-magyarorszagon\\\/#breadcrumblist\"},\"author\":{\"@id\":\"https:\\\/\\\/allasorias.hu\\\/hirek\\\/author\\\/admin-allasorias\\\/#author\"},\"creator\":{\"@id\":\"https:\\\/\\\/allasorias.hu\\\/hirek\\\/author\\\/admin-allasorias\\\/#author\"},\"datePublished\":\"2020-04-15T06:07:08+02:00\",\"dateModified\":\"2020-04-15T06:07:08+02:00\"},{\"@type\":\"WebSite\",\"@id\":\"https:\\\/\\\/allasorias.hu\\\/hirek\\\/#website\",\"url\":\"https:\\\/\\\/allasorias.hu\\\/hirek\\\/\",\"name\":\"AllasOrias.hu | H\\u00edrek-lapszemle\",\"description\":\"\\u00dczleti h\\u00edrek az \\u00e1ll\\u00e1s \\u00e9s a munka vil\\u00e1g\\u00e1b\\u00f3l\",\"inLanguage\":\"hu-HU\",\"publisher\":{\"@id\":\"https:\\\/\\\/allasorias.hu\\\/hirek\\\/#organization\"}}]}\n\t\t<\/script>\n\t\t<!-- All in One SEO -->\n\n","aioseo_head_json":{"title":"Seg\u00edts\u00e9get kapnak egyes szektorok magyarorsz\u00e1gon | AllasOrias.hu | H\u00edrek-lapszemle","description":"Az operat\u00edv t\u00f6rzs keddi t\u00e1j\u00e9koztat\u00f3j\u00e1n jelentett\u00e9k be, hogy mely szektorok kapnak t\u00e1mogat\u00e1st. Nagy Istv\u00e1n agr\u00e1rminiszter t\u00e1j\u00e9koztat\u00f3j\u00e1ban elmondta: a k\u00f6nnyebb hitelhez jut\u00e1st seg\u00edti, hogy a hitelhez ny\u00fajtott kezess\u00e9gek eset\u00e9ben is k\u00f6nny\u00edt\u00e9sek t\u00f6rt\u00e9ntek. Agr\u00e1r\u00fcgyi bejelent\u00e9sekkel kezd\u0151d\u00f6tt az operat\u00edv t\u00f6rzs keddi t\u00e1j\u00e9koztat\u00f3ja: t\u00f6bbek k\u00f6z\u00f6tt a bor\u00e1szatokat, p\u00e1linkaf\u0151z\u0151ket \u00e9s a kis\u00fczemi s\u00f6rf\u0151zd\u00e9ket is seg\u00edtik. A sajt\u00f3t\u00e1j\u00e9koztat\u00f3n Nagy Istv\u00e1n k\u00f6sz\u00f6netet","canonical_url":"https:\/\/allasorias.hu\/hirek\/segitseget-kapnak-egyes-szektorok-magyarorszagon\/","robots":"max-image-preview:large","keywords":"","webmasterTools":{"miscellaneous":""},"schema":{"@context":"https:\/\/schema.org","@graph":[{"@type":"Article","@id":"https:\/\/allasorias.hu\/hirek\/segitseget-kapnak-egyes-szektorok-magyarorszagon\/#article","name":"Seg\u00edts\u00e9get kapnak egyes szektorok magyarorsz\u00e1gon | AllasOrias.hu | H\u00edrek-lapszemle","headline":"Seg\u00edts\u00e9get kapnak egyes szektorok magyarorsz\u00e1gon","author":{"@id":"https:\/\/allasorias.hu\/hirek\/author\/admin-allasorias\/#author"},"publisher":{"@id":"https:\/\/allasorias.hu\/hirek\/#organization"},"image":{"@type":"ImageObject","url":"https:\/\/allasorias.hu\/hirek\/wp-content\/uploads\/2022\/10\/allasorias_site_facebok_logo.png","@id":"https:\/\/allasorias.hu\/hirek\/#articleImage"},"datePublished":"2020-04-15T06:07:08+02:00","dateModified":"2020-04-15T06:07:08+02:00","inLanguage":"hu-HU","mainEntityOfPage":{"@id":"https:\/\/allasorias.hu\/hirek\/segitseget-kapnak-egyes-szektorok-magyarorszagon\/#webpage"},"isPartOf":{"@id":"https:\/\/allasorias.hu\/hirek\/segitseget-kapnak-egyes-szektorok-magyarorszagon\/#webpage"},"articleSection":"Gazdas\u00e1g"},{"@type":"BreadcrumbList","@id":"https:\/\/allasorias.hu\/hirek\/segitseget-kapnak-egyes-szektorok-magyarorszagon\/#breadcrumblist","itemListElement":[{"@type":"ListItem","@id":"https:\/\/allasorias.hu\/hirek#listItem","position":1,"name":"Home","item":"https:\/\/allasorias.hu\/hirek","nextItem":{"@type":"ListItem","@id":"https:\/\/allasorias.hu\/hirek\/temak\/gazdasag\/#listItem","name":"Gazdas\u00e1g"}},{"@type":"ListItem","@id":"https:\/\/allasorias.hu\/hirek\/temak\/gazdasag\/#listItem","position":2,"name":"Gazdas\u00e1g","item":"https:\/\/allasorias.hu\/hirek\/temak\/gazdasag\/","nextItem":{"@type":"ListItem","@id":"https:\/\/allasorias.hu\/hirek\/segitseget-kapnak-egyes-szektorok-magyarorszagon\/#listItem","name":"Seg\u00edts\u00e9get kapnak egyes szektorok magyarorsz\u00e1gon"},"previousItem":{"@type":"ListItem","@id":"https:\/\/allasorias.hu\/hirek#listItem","name":"Home"}},{"@type":"ListItem","@id":"https:\/\/allasorias.hu\/hirek\/segitseget-kapnak-egyes-szektorok-magyarorszagon\/#listItem","position":3,"name":"Seg\u00edts\u00e9get kapnak egyes szektorok magyarorsz\u00e1gon","previousItem":{"@type":"ListItem","@id":"https:\/\/allasorias.hu\/hirek\/temak\/gazdasag\/#listItem","name":"Gazdas\u00e1g"}}]},{"@type":"Organization","@id":"https:\/\/allasorias.hu\/hirek\/#organization","name":"AllasOrias.hu | H\u00edrek-lapszemle","description":"\u00dczleti h\u00edrek az \u00e1ll\u00e1s \u00e9s a munka vil\u00e1g\u00e1b\u00f3l","url":"https:\/\/allasorias.hu\/hirek\/","logo":{"@type":"ImageObject","url":"https:\/\/allasorias.hu\/hirek\/wp-content\/uploads\/2022\/10\/allasorias_site_facebok_logo.png","@id":"https:\/\/allasorias.hu\/hirek\/segitseget-kapnak-egyes-szektorok-magyarorszagon\/#organizationLogo"},"image":{"@id":"https:\/\/allasorias.hu\/hirek\/segitseget-kapnak-egyes-szektorok-magyarorszagon\/#organizationLogo"},"sameAs":["https:\/\/www.facebook.com\/allasorias","https:\/\/www.linkedin.com\/company\/allasorias"]},{"@type":"Person","@id":"https:\/\/allasorias.hu\/hirek\/author\/admin-allasorias\/#author","url":"https:\/\/allasorias.hu\/hirek\/author\/admin-allasorias\/","name":"Juh\u00e1sz P\u00e9ter","image":{"@type":"ImageObject","@id":"https:\/\/allasorias.hu\/hirek\/segitseget-kapnak-egyes-szektorok-magyarorszagon\/#authorImage","url":"https:\/\/secure.gravatar.com\/avatar\/36e6bcb83148978b992977cb0f54d22feb0cce8a0a849a9410532bb2623ba4c6?s=96&d=mm&r=g","width":96,"height":96,"caption":"Juh\u00e1sz P\u00e9ter"}},{"@type":"WebPage","@id":"https:\/\/allasorias.hu\/hirek\/segitseget-kapnak-egyes-szektorok-magyarorszagon\/#webpage","url":"https:\/\/allasorias.hu\/hirek\/segitseget-kapnak-egyes-szektorok-magyarorszagon\/","name":"Seg\u00edts\u00e9get kapnak egyes szektorok magyarorsz\u00e1gon | AllasOrias.hu | H\u00edrek-lapszemle","description":"Az operat\u00edv t\u00f6rzs keddi t\u00e1j\u00e9koztat\u00f3j\u00e1n jelentett\u00e9k be, hogy mely szektorok kapnak t\u00e1mogat\u00e1st. Nagy Istv\u00e1n agr\u00e1rminiszter t\u00e1j\u00e9koztat\u00f3j\u00e1ban elmondta: a k\u00f6nnyebb hitelhez jut\u00e1st seg\u00edti, hogy a hitelhez ny\u00fajtott kezess\u00e9gek eset\u00e9ben is k\u00f6nny\u00edt\u00e9sek t\u00f6rt\u00e9ntek. Agr\u00e1r\u00fcgyi bejelent\u00e9sekkel kezd\u0151d\u00f6tt az operat\u00edv t\u00f6rzs keddi t\u00e1j\u00e9koztat\u00f3ja: t\u00f6bbek k\u00f6z\u00f6tt a bor\u00e1szatokat, p\u00e1linkaf\u0151z\u0151ket \u00e9s a kis\u00fczemi s\u00f6rf\u0151zd\u00e9ket is seg\u00edtik. A sajt\u00f3t\u00e1j\u00e9koztat\u00f3n Nagy Istv\u00e1n k\u00f6sz\u00f6netet","inLanguage":"hu-HU","isPartOf":{"@id":"https:\/\/allasorias.hu\/hirek\/#website"},"breadcrumb":{"@id":"https:\/\/allasorias.hu\/hirek\/segitseget-kapnak-egyes-szektorok-magyarorszagon\/#breadcrumblist"},"author":{"@id":"https:\/\/allasorias.hu\/hirek\/author\/admin-allasorias\/#author"},"creator":{"@id":"https:\/\/allasorias.hu\/hirek\/author\/admin-allasorias\/#author"},"datePublished":"2020-04-15T06:07:08+02:00","dateModified":"2020-04-15T06:07:08+02:00"},{"@type":"WebSite","@id":"https:\/\/allasorias.hu\/hirek\/#website","url":"https:\/\/allasorias.hu\/hirek\/","name":"AllasOrias.hu | H\u00edrek-lapszemle","description":"\u00dczleti h\u00edrek az \u00e1ll\u00e1s \u00e9s a munka vil\u00e1g\u00e1b\u00f3l","inLanguage":"hu-HU","publisher":{"@id":"https:\/\/allasorias.hu\/hirek\/#organization"}}]},"og:locale":"hu_HU","og:site_name":"AllasOrias.hu | H\u00edrek-lapszemle | \u00dczleti h\u00edrek az \u00e1ll\u00e1s \u00e9s a munka vil\u00e1g\u00e1b\u00f3l","og:type":"article","og:title":"Seg\u00edts\u00e9get kapnak egyes szektorok magyarorsz\u00e1gon | AllasOrias.hu | H\u00edrek-lapszemle","og:description":"Az operat\u00edv t\u00f6rzs keddi t\u00e1j\u00e9koztat\u00f3j\u00e1n jelentett\u00e9k be, hogy mely szektorok kapnak t\u00e1mogat\u00e1st. Nagy Istv\u00e1n agr\u00e1rminiszter t\u00e1j\u00e9koztat\u00f3j\u00e1ban elmondta: a k\u00f6nnyebb hitelhez jut\u00e1st seg\u00edti, hogy a hitelhez ny\u00fajtott kezess\u00e9gek eset\u00e9ben is k\u00f6nny\u00edt\u00e9sek t\u00f6rt\u00e9ntek. Agr\u00e1r\u00fcgyi bejelent\u00e9sekkel kezd\u0151d\u00f6tt az operat\u00edv t\u00f6rzs keddi t\u00e1j\u00e9koztat\u00f3ja: t\u00f6bbek k\u00f6z\u00f6tt a bor\u00e1szatokat, p\u00e1linkaf\u0151z\u0151ket \u00e9s a kis\u00fczemi s\u00f6rf\u0151zd\u00e9ket is seg\u00edtik. A sajt\u00f3t\u00e1j\u00e9koztat\u00f3n Nagy Istv\u00e1n k\u00f6sz\u00f6netet","og:url":"https:\/\/allasorias.hu\/hirek\/segitseget-kapnak-egyes-szektorok-magyarorszagon\/","og:image":"https:\/\/allasorias.hu\/hirek\/wp-content\/uploads\/2022\/10\/allasorias-fb-logo.png","og:image:secure_url":"https:\/\/allasorias.hu\/hirek\/wp-content\/uploads\/2022\/10\/allasorias-fb-logo.png","og:image:width":437,"og:image:height":200,"article:published_time":"2020-04-15T06:07:08+00:00","article:modified_time":"2020-04-15T06:07:08+00:00","article:publisher":"https:\/\/www.facebook.com\/allasorias","twitter:card":"summary_large_image","twitter:title":"Seg\u00edts\u00e9get kapnak egyes szektorok magyarorsz\u00e1gon | AllasOrias.hu | H\u00edrek-lapszemle","twitter:description":"Az operat\u00edv t\u00f6rzs keddi t\u00e1j\u00e9koztat\u00f3j\u00e1n jelentett\u00e9k be, hogy mely szektorok kapnak t\u00e1mogat\u00e1st. Nagy Istv\u00e1n agr\u00e1rminiszter t\u00e1j\u00e9koztat\u00f3j\u00e1ban elmondta: a k\u00f6nnyebb hitelhez jut\u00e1st seg\u00edti, hogy a hitelhez ny\u00fajtott kezess\u00e9gek eset\u00e9ben is k\u00f6nny\u00edt\u00e9sek t\u00f6rt\u00e9ntek. Agr\u00e1r\u00fcgyi bejelent\u00e9sekkel kezd\u0151d\u00f6tt az operat\u00edv t\u00f6rzs keddi t\u00e1j\u00e9koztat\u00f3ja: t\u00f6bbek k\u00f6z\u00f6tt a bor\u00e1szatokat, p\u00e1linkaf\u0151z\u0151ket \u00e9s a kis\u00fczemi s\u00f6rf\u0151zd\u00e9ket is seg\u00edtik. A sajt\u00f3t\u00e1j\u00e9koztat\u00f3n Nagy Istv\u00e1n k\u00f6sz\u00f6netet","twitter:image":"https:\/\/allasorias.hu\/hirek\/wp-content\/uploads\/2022\/10\/allasorias-fb-logo.png","twitter:label1":"Written by","twitter:data1":"Juh\u00e1sz P\u00e9ter","twitter:label2":"Est. reading time","twitter:data2":"2 minutes"},"aioseo_meta_data":{"post_id":"3900","title":null,"description":null,"keywords":null,"keyphrases":null,"primary_term":null,"canonical_url":null,"og_title":null,"og_description":null,"og_object_type":"default","og_image_type":"default","og_image_url":null,"og_image_width":null,"og_image_height":null,"og_image_custom_url":null,"og_image_custom_fields":null,"og_video":null,"og_custom_url":null,"og_article_section":null,"og_article_tags":null,"twitter_use_og":false,"twitter_card":"default","twitter_image_type":"default","twitter_image_url":null,"twitter_image_custom_url":null,"twitter_image_custom_fields":null,"twitter_title":null,"twitter_description":null,"schema":{"blockGraphs":[],"customGraphs":[],"default":{"data":{"Article":[],"Course":[],"Dataset":[],"FAQPage":[],"Movie":[],"Person":[],"Product":[],"ProductReview":[],"Car":[],"Recipe":[],"Service":[],"SoftwareApplication":[],"WebPage":[]},"graphName":"","isEnabled":true},"graphs":[],"defaultGraph":"","defaultPostTypeGraph":""},"schema_type":null,"schema_type_options":null,"pillar_content":false,"robots_default":true,"robots_noindex":false,"robots_noarchive":false,"robots_nosnippet":false,"robots_nofollow":false,"robots_noimageindex":false,"robots_noodp":false,"robots_notranslate":false,"robots_max_snippet":null,"robots_max_videopreview":null,"robots_max_imagepreview":"large","priority":null,"frequency":null,"location":null,"local_seo":null,"breadcrumb_settings":null,"limit_modified_date":false,"ai":null,"created":"2021-02-01 21:28:17","updated":"2025-10-02 13:44:49","seo_analyzer_scan_date":null,"focus_keyword":null,"additional_keywords":null,"truseo_locale":null},"aioseo_breadcrumb":"<div class=\"aioseo-breadcrumbs\"><span class=\"aioseo-breadcrumb\">\n\t\t\t<a href=\"https:\/\/allasorias.hu\/hirek\" title=\"Home\">Home<\/a>\n\t\t<\/span><span class=\"aioseo-breadcrumb-separator\">&raquo;<\/span><span class=\"aioseo-breadcrumb\">\n\t\t\t<a href=\"https:\/\/allasorias.hu\/hirek\/temak\/gazdasag\/\" title=\"Gazdas\u00e1g\">Gazdas\u00e1g<\/a>\n\t\t<\/span><span class=\"aioseo-breadcrumb-separator\">&raquo;<\/span><span class=\"aioseo-breadcrumb\">\n\t\t\tSeg\u00edts\u00e9get kapnak egyes szektorok magyarorsz\u00e1gon\n\t\t<\/span><\/div>","aioseo_breadcrumb_json":[{"label":"Home","link":"https:\/\/allasorias.hu\/hirek"},{"label":"Gazdas\u00e1g","link":"https:\/\/allasorias.hu\/hirek\/temak\/gazdasag\/"},{"label":"Seg\u00edts\u00e9get kapnak egyes szektorok magyarorsz\u00e1gon","link":"https:\/\/allasorias.hu\/hirek\/segitseget-kapnak-egyes-szektorok-magyarorszagon\/"}],"_links":{"self":[{"href":"https:\/\/allasorias.hu\/hirek\/wp-json\/wp\/v2\/posts\/3900","targetHints":{"allow":["GET"]}}],"collection":[{"href":"https:\/\/allasorias.hu\/hirek\/wp-json\/wp\/v2\/posts"}],"about":[{"href":"https:\/\/allasorias.hu\/hirek\/wp-json\/wp\/v2\/types\/post"}],"author":[{"embeddable":true,"href":"https:\/\/allasorias.hu\/hirek\/wp-json\/wp\/v2\/users\/1"}],"replies":[{"embeddable":true,"href":"https:\/\/allasorias.hu\/hirek\/wp-json\/wp\/v2\/comments?post=3900"}],"version-history":[{"count":1,"href":"https:\/\/allasorias.hu\/hirek\/wp-json\/wp\/v2\/posts\/3900\/revisions"}],"predecessor-version":[{"id":3901,"href":"https:\/\/allasorias.hu\/hirek\/wp-json\/wp\/v2\/posts\/3900\/revisions\/3901"}],"wp:attachment":[{"href":"https:\/\/allasorias.hu\/hirek\/wp-json\/wp\/v2\/media?parent=3900"}],"wp:term":[{"taxonomy":"category","embeddable":true,"href":"https:\/\/allasorias.hu\/hirek\/wp-json\/wp\/v2\/categories?post=3900"},{"taxonomy":"post_tag","embeddable":true,"href":"https:\/\/allasorias.hu\/hirek\/wp-json\/wp\/v2\/tags?post=3900"}],"curies":[{"name":"wp","href":"https:\/\/api.w.org\/{rel}","templated":true}]}}