{"id":3897,"date":"2020-04-14T06:51:59","date_gmt":"2020-04-14T06:51:59","guid":{"rendered":"https:\/\/allasorias.hu\/hirek\/?p=3897"},"modified":"2020-04-14T06:51:59","modified_gmt":"2020-04-14T06:51:59","slug":"az-egesz-vilagra-kiterjedo-gazdasagi-valsag-van","status":"publish","type":"post","link":"https:\/\/allasorias.hu\/hirek\/az-egesz-vilagra-kiterjedo-gazdasagi-valsag-van\/","title":{"rendered":"Az eg\u00e9sz vil\u00e1gra kiterjed\u0151 gazdas\u00e1gi v\u00e1ls\u00e1g van"},"content":{"rendered":"<p><strong>A Nemzetk\u00f6zi Munka\u00fcgyi Szervezet felm\u00e9r\u00e9se szerint a m\u00e1sodik vil\u00e1gh\u00e1bor\u00fa \u00f3ta nem volt ilyen s\u00faly\u00fa gazdas\u00e1gi v\u00e1ls\u00e1g Magyarorsz\u00e1gon, mint most van a koronav\u00edrus j\u00e1rv\u00e1ny miatt. Az USA-ban k\u00e9t h\u00e9t alatt t\u00f6bb mint t\u00edzmilli\u00f3 ember vesz\u00edtette el az \u00e1ll\u00e1s\u00e1t. <\/strong><\/p>\n<p>Mindenhol a vil\u00e1gban le\u00e9p\u00edt\u00e9sek zajlanak, a v\u00e1llalatok elvesz\u00edtett\u00e9k bev\u00e9teleiket, miut\u00e1n a gazdas\u00e1g lelassult, bef\u00e9kezett a korl\u00e1toz\u00f3 int\u00e9zked\u00e9sek miatt. A m\u00e1sodik vil\u00e1gh\u00e1bor\u00fa \u00f3ta ez a legs\u00falyosabb glob\u00e1lis v\u00e1ls\u00e1g &#8211; \u00e1ll\u00edtja a Nemzetk\u00f6zi Munka\u00fcgyi Szervezet. Szerint\u00fck a k\u00f6vetkez\u0151 id\u0151szakban folytat\u00f3dhatnak a le\u00e9p\u00edt\u00e9sek szerte a vil\u00e1gon, ez\u00e9rt a korm\u00e1nyoknak olyan int\u00e9zked\u00e9seket kell hozniuk, amelyekkel t\u00e1mogatj\u00e1k a v\u00e1llalatokat \u00e9s a dolgoz\u00f3kat egyar\u00e1nt, hogy elker\u00fclj\u00e9k a munkan\u00e9lk\u00fclis\u00e9g drasztikus emelked\u00e9s\u00e9t, mert a munkahelyek megtart\u00e1sa a legfontosabb. Az ILO becsl\u00e9se szerint a munka\u00f3r\u00e1k az idei m\u00e1sodik negyed\u00e9vben 6,7%-kal cs\u00f6kkennek, ami azzal egyen\u00e9rt\u00e9k\u0171, hogy 195 milli\u00f3 teljes munkaid\u0151s foglalkoztatott \u00e1ll\u00e1sa veszik el. A koronav\u00edrus-j\u00e1rv\u00e1ny gyakorlatilag minden ember munk\u00e1j\u00e1ra hat\u00e1ssal van, azonban jelent\u0151s k\u00fcl\u00f6nbs\u00e9gek vannak az egyes szektorok k\u00f6z\u00f6tt. A szervezet azt tapasztalja, hogy olyan kulcsfontoss\u00e1g\u00fa gazdas\u00e1gi szektorokban mutat teljes \u00f6sszeoml\u00e1st a gazdas\u00e1gi aktivit\u00e1s, mint a sz\u00e1ll\u00e1shely-szolg\u00e1ltat\u00e1s, a feldolgoz\u00f3ipar, a kis- \u00e9s nagykereskedelem, az ingatlan\u00fcgyletek, valamint a szolg\u00e1ltat\u00f3 szektor. Ezekben az \u00e1gazatokban sokszor alacsony k\u00e9pzetts\u00e9g\u0171 \u00e9s alacsony j\u00f6vedelm\u0171 emberek dolgoznak vil\u00e1gszerte, \u0151ket k\u00fcl\u00f6n\u00f6sen er\u0151teljesen s\u00fajthatja a j\u00e1rv\u00e1ny hat\u00e1sa. Ezekben szektorokban 1,25 milli\u00e1rd ember dolgozik, ami a teljes glob\u00e1lis munkaer\u0151-\u00e1llom\u00e1ny k\u00f6zel 40%-a, \u00e9s az ILO arra figyelmeztet, hogy drasztikus fizet\u00e9scs\u00f6kken\u00e9s \u00e9s le\u00e9p\u00edt\u00e9s k\u00f6vetkezhet. Az ILO szerint a helyzet megold\u00e1s\u00e1ra eg\u00e9szs\u00e9g- \u00e9s gazdas\u00e1gv\u00e9delmi int\u00e9zked\u00e9seket kell hozni a korm\u00e1nyoknak, amelyek kulcsfontoss\u00e1g\u00fa eleme a bizalom fenntart\u00e1sa. Egyes korm\u00e1nyok m\u00e1r hoztak hat\u00e9kony int\u00e9zked\u00e9seket, de enn\u00e9l t\u00f6bbre van sz\u00fcks\u00e9g. A korm\u00e1nyoknak l\u00e9p\u00e9seket kell tenni\u00fck a gazdas\u00e1g stimul\u00e1s\u00e1sa \u00e9rdek\u00e9ben (fisk\u00e1lis \u00e9s monet\u00e1ris oldalr\u00f3l), a kereslet \u00e9s a k\u00edn\u00e1lat egyidej\u0171 t\u00e1mogat\u00e1s\u00e1ra, valamint a hitelez\u00e9s fellend\u00edt\u00e9s\u00e9re is. Emellett l\u00e9p\u00e9seket kell tenni\u00fck a v\u00e1llalatok \u00e9s a munkahelyek t\u00e1mogat\u00e1s\u00e1ra, amelyeknek arra kell ir\u00e1nyulniuk, hogy a v\u00e1llalatok ne \u00e9p\u00edts\u00e9k le a dolgoz\u00f3kat, ki kell terjeszteni a szoci\u00e1lis v\u00e9delmet mindenki sz\u00e1m\u00e1ra, \u00e9s ad\u00f3- valamint p\u00e9nz\u00fcgyi kedvezm\u00e9nyekkel kell t\u00e1mogatni a v\u00e1llalatok helyzet\u00e9t<\/p>\n<p>Forr\u00e1s: atv.hu<\/p>\n<p>&nbsp;<\/p>\n<p>&nbsp;<\/p>\n","protected":false},"excerpt":{"rendered":"<p>A Nemzetk\u00f6zi Munka\u00fcgyi Szervezet felm\u00e9r\u00e9se szerint a m\u00e1sodik vil\u00e1gh\u00e1bor\u00fa \u00f3ta nem volt ilyen s\u00faly\u00fa gazdas\u00e1gi v\u00e1ls\u00e1g Magyarorsz\u00e1gon, mint most van a koronav\u00edrus j\u00e1rv\u00e1ny miatt. Az USA-ban k\u00e9t h\u00e9t alatt t\u00f6bb mint t\u00edzmilli\u00f3 ember vesz\u00edtette el az \u00e1ll\u00e1s\u00e1t. Mindenhol a vil\u00e1gban le\u00e9p\u00edt\u00e9sek zajlanak, a v\u00e1llalatok elvesz\u00edtett\u00e9k bev\u00e9teleiket, miut\u00e1n a gazdas\u00e1g lelassult, bef\u00e9kezett a korl\u00e1toz\u00f3 int\u00e9zked\u00e9sek miatt. [&hellip;]<\/p>\n","protected":false},"author":1,"featured_media":3889,"comment_status":"open","ping_status":"open","sticky":false,"template":"","format":"standard","meta":{"_monsterinsights_skip_tracking":false,"footnotes":""},"categories":[198],"tags":[],"class_list":["post-3897","post","type-post","status-publish","format-standard","has-post-thumbnail","hentry","category-gazdasag"],"aioseo_notices":[],"aioseo_head":"\n\t\t<!-- All in One SEO 5.0.0.1 - aioseo.com -->\n\t<meta name=\"description\" content=\"A Nemzetk\u00f6zi Munka\u00fcgyi Szervezet felm\u00e9r\u00e9se szerint a m\u00e1sodik vil\u00e1gh\u00e1bor\u00fa \u00f3ta nem volt ilyen s\u00faly\u00fa gazdas\u00e1gi v\u00e1ls\u00e1g Magyarorsz\u00e1gon, mint most van a koronav\u00edrus j\u00e1rv\u00e1ny miatt. Az USA-ban k\u00e9t h\u00e9t alatt t\u00f6bb mint t\u00edzmilli\u00f3 ember vesz\u00edtette el az \u00e1ll\u00e1s\u00e1t. Mindenhol a vil\u00e1gban le\u00e9p\u00edt\u00e9sek zajlanak, a v\u00e1llalatok elvesz\u00edtett\u00e9k bev\u00e9teleiket, miut\u00e1n a gazdas\u00e1g lelassult, bef\u00e9kezett a korl\u00e1toz\u00f3 int\u00e9zked\u00e9sek miatt.\" \/>\n\t<meta name=\"robots\" content=\"max-image-preview:large\" \/>\n\t<meta name=\"author\" content=\"Juh\u00e1sz P\u00e9ter\"\/>\n\t<link rel=\"canonical\" href=\"https:\/\/allasorias.hu\/hirek\/az-egesz-vilagra-kiterjedo-gazdasagi-valsag-van\/\" \/>\n\t<meta name=\"generator\" content=\"All in One SEO (AIOSEO) 5.0.0.1\" \/>\n\t\t<meta property=\"og:locale\" content=\"hu_HU\" \/>\n\t\t<meta property=\"og:site_name\" content=\"AllasOrias.hu | H\u00edrek-lapszemle | \u00dczleti h\u00edrek az \u00e1ll\u00e1s \u00e9s a munka vil\u00e1g\u00e1b\u00f3l\" \/>\n\t\t<meta property=\"og:type\" content=\"article\" \/>\n\t\t<meta property=\"og:title\" content=\"Az eg\u00e9sz vil\u00e1gra kiterjed\u0151 gazdas\u00e1gi v\u00e1ls\u00e1g van | AllasOrias.hu | H\u00edrek-lapszemle\" \/>\n\t\t<meta property=\"og:description\" content=\"A Nemzetk\u00f6zi Munka\u00fcgyi Szervezet felm\u00e9r\u00e9se szerint a m\u00e1sodik vil\u00e1gh\u00e1bor\u00fa \u00f3ta nem volt ilyen s\u00faly\u00fa gazdas\u00e1gi v\u00e1ls\u00e1g Magyarorsz\u00e1gon, mint most van a koronav\u00edrus j\u00e1rv\u00e1ny miatt. Az USA-ban k\u00e9t h\u00e9t alatt t\u00f6bb mint t\u00edzmilli\u00f3 ember vesz\u00edtette el az \u00e1ll\u00e1s\u00e1t. Mindenhol a vil\u00e1gban le\u00e9p\u00edt\u00e9sek zajlanak, a v\u00e1llalatok elvesz\u00edtett\u00e9k bev\u00e9teleiket, miut\u00e1n a gazdas\u00e1g lelassult, bef\u00e9kezett a korl\u00e1toz\u00f3 int\u00e9zked\u00e9sek miatt.\" \/>\n\t\t<meta property=\"og:url\" content=\"https:\/\/allasorias.hu\/hirek\/az-egesz-vilagra-kiterjedo-gazdasagi-valsag-van\/\" \/>\n\t\t<meta property=\"og:image\" content=\"https:\/\/allasorias.hu\/hirek\/wp-content\/uploads\/2020\/04\/financial-crisis-544944_1920.jpg\" \/>\n\t\t<meta property=\"og:image:secure_url\" content=\"https:\/\/allasorias.hu\/hirek\/wp-content\/uploads\/2020\/04\/financial-crisis-544944_1920.jpg\" \/>\n\t\t<meta property=\"og:image:width\" content=\"1920\" \/>\n\t\t<meta property=\"og:image:height\" content=\"1357\" \/>\n\t\t<meta property=\"article:published_time\" content=\"2020-04-14T06:51:59+00:00\" \/>\n\t\t<meta property=\"article:modified_time\" content=\"2020-04-14T06:51:59+00:00\" \/>\n\t\t<meta property=\"article:publisher\" content=\"https:\/\/www.facebook.com\/allasorias\" \/>\n\t\t<meta name=\"twitter:card\" content=\"summary_large_image\" \/>\n\t\t<meta name=\"twitter:title\" content=\"Az eg\u00e9sz vil\u00e1gra kiterjed\u0151 gazdas\u00e1gi v\u00e1ls\u00e1g van | AllasOrias.hu | H\u00edrek-lapszemle\" \/>\n\t\t<meta name=\"twitter:description\" content=\"A Nemzetk\u00f6zi Munka\u00fcgyi Szervezet felm\u00e9r\u00e9se szerint a m\u00e1sodik vil\u00e1gh\u00e1bor\u00fa \u00f3ta nem volt ilyen s\u00faly\u00fa gazdas\u00e1gi v\u00e1ls\u00e1g Magyarorsz\u00e1gon, mint most van a koronav\u00edrus j\u00e1rv\u00e1ny miatt. Az USA-ban k\u00e9t h\u00e9t alatt t\u00f6bb mint t\u00edzmilli\u00f3 ember vesz\u00edtette el az \u00e1ll\u00e1s\u00e1t. Mindenhol a vil\u00e1gban le\u00e9p\u00edt\u00e9sek zajlanak, a v\u00e1llalatok elvesz\u00edtett\u00e9k bev\u00e9teleiket, miut\u00e1n a gazdas\u00e1g lelassult, bef\u00e9kezett a korl\u00e1toz\u00f3 int\u00e9zked\u00e9sek miatt.\" \/>\n\t\t<meta name=\"twitter:image\" content=\"https:\/\/allasorias.hu\/hirek\/wp-content\/uploads\/2020\/04\/financial-crisis-544944_1920.jpg\" \/>\n\t\t<meta name=\"twitter:label1\" content=\"Written by\" \/>\n\t\t<meta name=\"twitter:data1\" content=\"Juh\u00e1sz P\u00e9ter\" \/>\n\t\t<meta name=\"twitter:label2\" content=\"Est. reading time\" \/>\n\t\t<meta name=\"twitter:data2\" content=\"3 minutes\" \/>\n\t\t<script type=\"application\/ld+json\" class=\"aioseo-schema\">\n\t\t\t{\"@context\":\"https:\\\/\\\/schema.org\",\"@graph\":[{\"@type\":\"Article\",\"@id\":\"https:\\\/\\\/allasorias.hu\\\/hirek\\\/az-egesz-vilagra-kiterjedo-gazdasagi-valsag-van\\\/#article\",\"name\":\"Az eg\\u00e9sz vil\\u00e1gra kiterjed\\u0151 gazdas\\u00e1gi v\\u00e1ls\\u00e1g van | AllasOrias.hu | H\\u00edrek-lapszemle\",\"headline\":\"Az eg\\u00e9sz vil\\u00e1gra kiterjed\\u0151 gazdas\\u00e1gi v\\u00e1ls\\u00e1g van\",\"author\":{\"@id\":\"https:\\\/\\\/allasorias.hu\\\/hirek\\\/author\\\/admin-allasorias\\\/#author\"},\"publisher\":{\"@id\":\"https:\\\/\\\/allasorias.hu\\\/hirek\\\/#organization\"},\"image\":{\"@type\":\"ImageObject\",\"url\":\"https:\\\/\\\/allasorias.hu\\\/hirek\\\/wp-content\\\/uploads\\\/2020\\\/04\\\/financial-crisis-544944_1920.jpg\",\"width\":1920,\"height\":1357},\"datePublished\":\"2020-04-14T06:51:59+02:00\",\"dateModified\":\"2020-04-14T06:51:59+02:00\",\"inLanguage\":\"hu-HU\",\"mainEntityOfPage\":{\"@id\":\"https:\\\/\\\/allasorias.hu\\\/hirek\\\/az-egesz-vilagra-kiterjedo-gazdasagi-valsag-van\\\/#webpage\"},\"isPartOf\":{\"@id\":\"https:\\\/\\\/allasorias.hu\\\/hirek\\\/az-egesz-vilagra-kiterjedo-gazdasagi-valsag-van\\\/#webpage\"},\"articleSection\":\"Gazdas\\u00e1g\"},{\"@type\":\"BreadcrumbList\",\"@id\":\"https:\\\/\\\/allasorias.hu\\\/hirek\\\/az-egesz-vilagra-kiterjedo-gazdasagi-valsag-van\\\/#breadcrumblist\",\"itemListElement\":[{\"@type\":\"ListItem\",\"@id\":\"https:\\\/\\\/allasorias.hu\\\/hirek#listItem\",\"position\":1,\"name\":\"Home\",\"item\":\"https:\\\/\\\/allasorias.hu\\\/hirek\",\"nextItem\":{\"@type\":\"ListItem\",\"@id\":\"https:\\\/\\\/allasorias.hu\\\/hirek\\\/temak\\\/gazdasag\\\/#listItem\",\"name\":\"Gazdas\\u00e1g\"}},{\"@type\":\"ListItem\",\"@id\":\"https:\\\/\\\/allasorias.hu\\\/hirek\\\/temak\\\/gazdasag\\\/#listItem\",\"position\":2,\"name\":\"Gazdas\\u00e1g\",\"item\":\"https:\\\/\\\/allasorias.hu\\\/hirek\\\/temak\\\/gazdasag\\\/\",\"nextItem\":{\"@type\":\"ListItem\",\"@id\":\"https:\\\/\\\/allasorias.hu\\\/hirek\\\/az-egesz-vilagra-kiterjedo-gazdasagi-valsag-van\\\/#listItem\",\"name\":\"Az eg\\u00e9sz vil\\u00e1gra kiterjed\\u0151 gazdas\\u00e1gi v\\u00e1ls\\u00e1g van\"},\"previousItem\":{\"@type\":\"ListItem\",\"@id\":\"https:\\\/\\\/allasorias.hu\\\/hirek#listItem\",\"name\":\"Home\"}},{\"@type\":\"ListItem\",\"@id\":\"https:\\\/\\\/allasorias.hu\\\/hirek\\\/az-egesz-vilagra-kiterjedo-gazdasagi-valsag-van\\\/#listItem\",\"position\":3,\"name\":\"Az eg\\u00e9sz vil\\u00e1gra kiterjed\\u0151 gazdas\\u00e1gi v\\u00e1ls\\u00e1g van\",\"previousItem\":{\"@type\":\"ListItem\",\"@id\":\"https:\\\/\\\/allasorias.hu\\\/hirek\\\/temak\\\/gazdasag\\\/#listItem\",\"name\":\"Gazdas\\u00e1g\"}}]},{\"@type\":\"Organization\",\"@id\":\"https:\\\/\\\/allasorias.hu\\\/hirek\\\/#organization\",\"name\":\"AllasOrias.hu | H\\u00edrek-lapszemle\",\"description\":\"\\u00dczleti h\\u00edrek az \\u00e1ll\\u00e1s \\u00e9s a munka vil\\u00e1g\\u00e1b\\u00f3l\",\"url\":\"https:\\\/\\\/allasorias.hu\\\/hirek\\\/\",\"logo\":{\"@type\":\"ImageObject\",\"url\":\"https:\\\/\\\/allasorias.hu\\\/hirek\\\/wp-content\\\/uploads\\\/2022\\\/10\\\/allasorias_site_facebok_logo.png\",\"@id\":\"https:\\\/\\\/allasorias.hu\\\/hirek\\\/az-egesz-vilagra-kiterjedo-gazdasagi-valsag-van\\\/#organizationLogo\"},\"image\":{\"@id\":\"https:\\\/\\\/allasorias.hu\\\/hirek\\\/az-egesz-vilagra-kiterjedo-gazdasagi-valsag-van\\\/#organizationLogo\"},\"sameAs\":[\"https:\\\/\\\/www.facebook.com\\\/allasorias\",\"https:\\\/\\\/www.linkedin.com\\\/company\\\/allasorias\"]},{\"@type\":\"Person\",\"@id\":\"https:\\\/\\\/allasorias.hu\\\/hirek\\\/author\\\/admin-allasorias\\\/#author\",\"url\":\"https:\\\/\\\/allasorias.hu\\\/hirek\\\/author\\\/admin-allasorias\\\/\",\"name\":\"Juh\\u00e1sz P\\u00e9ter\",\"image\":{\"@type\":\"ImageObject\",\"@id\":\"https:\\\/\\\/allasorias.hu\\\/hirek\\\/az-egesz-vilagra-kiterjedo-gazdasagi-valsag-van\\\/#authorImage\",\"url\":\"https:\\\/\\\/secure.gravatar.com\\\/avatar\\\/36e6bcb83148978b992977cb0f54d22feb0cce8a0a849a9410532bb2623ba4c6?s=96&d=mm&r=g\",\"width\":96,\"height\":96,\"caption\":\"Juh\\u00e1sz P\\u00e9ter\"}},{\"@type\":\"WebPage\",\"@id\":\"https:\\\/\\\/allasorias.hu\\\/hirek\\\/az-egesz-vilagra-kiterjedo-gazdasagi-valsag-van\\\/#webpage\",\"url\":\"https:\\\/\\\/allasorias.hu\\\/hirek\\\/az-egesz-vilagra-kiterjedo-gazdasagi-valsag-van\\\/\",\"name\":\"Az eg\\u00e9sz vil\\u00e1gra kiterjed\\u0151 gazdas\\u00e1gi v\\u00e1ls\\u00e1g van | AllasOrias.hu | H\\u00edrek-lapszemle\",\"description\":\"A Nemzetk\\u00f6zi Munka\\u00fcgyi Szervezet felm\\u00e9r\\u00e9se szerint a m\\u00e1sodik vil\\u00e1gh\\u00e1bor\\u00fa \\u00f3ta nem volt ilyen s\\u00faly\\u00fa gazdas\\u00e1gi v\\u00e1ls\\u00e1g Magyarorsz\\u00e1gon, mint most van a koronav\\u00edrus j\\u00e1rv\\u00e1ny miatt. Az USA-ban k\\u00e9t h\\u00e9t alatt t\\u00f6bb mint t\\u00edzmilli\\u00f3 ember vesz\\u00edtette el az \\u00e1ll\\u00e1s\\u00e1t. Mindenhol a vil\\u00e1gban le\\u00e9p\\u00edt\\u00e9sek zajlanak, a v\\u00e1llalatok elvesz\\u00edtett\\u00e9k bev\\u00e9teleiket, miut\\u00e1n a gazdas\\u00e1g lelassult, bef\\u00e9kezett a korl\\u00e1toz\\u00f3 int\\u00e9zked\\u00e9sek miatt.\",\"inLanguage\":\"hu-HU\",\"isPartOf\":{\"@id\":\"https:\\\/\\\/allasorias.hu\\\/hirek\\\/#website\"},\"breadcrumb\":{\"@id\":\"https:\\\/\\\/allasorias.hu\\\/hirek\\\/az-egesz-vilagra-kiterjedo-gazdasagi-valsag-van\\\/#breadcrumblist\"},\"author\":{\"@id\":\"https:\\\/\\\/allasorias.hu\\\/hirek\\\/author\\\/admin-allasorias\\\/#author\"},\"creator\":{\"@id\":\"https:\\\/\\\/allasorias.hu\\\/hirek\\\/author\\\/admin-allasorias\\\/#author\"},\"image\":{\"@type\":\"ImageObject\",\"url\":\"https:\\\/\\\/allasorias.hu\\\/hirek\\\/wp-content\\\/uploads\\\/2020\\\/04\\\/financial-crisis-544944_1920.jpg\",\"@id\":\"https:\\\/\\\/allasorias.hu\\\/hirek\\\/az-egesz-vilagra-kiterjedo-gazdasagi-valsag-van\\\/#mainImage\",\"width\":1920,\"height\":1357},\"primaryImageOfPage\":{\"@id\":\"https:\\\/\\\/allasorias.hu\\\/hirek\\\/az-egesz-vilagra-kiterjedo-gazdasagi-valsag-van\\\/#mainImage\"},\"datePublished\":\"2020-04-14T06:51:59+02:00\",\"dateModified\":\"2020-04-14T06:51:59+02:00\"},{\"@type\":\"WebSite\",\"@id\":\"https:\\\/\\\/allasorias.hu\\\/hirek\\\/#website\",\"url\":\"https:\\\/\\\/allasorias.hu\\\/hirek\\\/\",\"name\":\"AllasOrias.hu | H\\u00edrek-lapszemle\",\"description\":\"\\u00dczleti h\\u00edrek az \\u00e1ll\\u00e1s \\u00e9s a munka vil\\u00e1g\\u00e1b\\u00f3l\",\"inLanguage\":\"hu-HU\",\"publisher\":{\"@id\":\"https:\\\/\\\/allasorias.hu\\\/hirek\\\/#organization\"}}]}\n\t\t<\/script>\n\t\t<!-- All in One SEO -->\n\n","aioseo_head_json":{"title":"Az eg\u00e9sz vil\u00e1gra kiterjed\u0151 gazdas\u00e1gi v\u00e1ls\u00e1g van | AllasOrias.hu | H\u00edrek-lapszemle","description":"A Nemzetk\u00f6zi Munka\u00fcgyi Szervezet felm\u00e9r\u00e9se szerint a m\u00e1sodik vil\u00e1gh\u00e1bor\u00fa \u00f3ta nem volt ilyen s\u00faly\u00fa gazdas\u00e1gi v\u00e1ls\u00e1g Magyarorsz\u00e1gon, mint most van a koronav\u00edrus j\u00e1rv\u00e1ny miatt. Az USA-ban k\u00e9t h\u00e9t alatt t\u00f6bb mint t\u00edzmilli\u00f3 ember vesz\u00edtette el az \u00e1ll\u00e1s\u00e1t. Mindenhol a vil\u00e1gban le\u00e9p\u00edt\u00e9sek zajlanak, a v\u00e1llalatok elvesz\u00edtett\u00e9k bev\u00e9teleiket, miut\u00e1n a gazdas\u00e1g lelassult, bef\u00e9kezett a korl\u00e1toz\u00f3 int\u00e9zked\u00e9sek miatt.","canonical_url":"https:\/\/allasorias.hu\/hirek\/az-egesz-vilagra-kiterjedo-gazdasagi-valsag-van\/","robots":"max-image-preview:large","keywords":"","webmasterTools":{"miscellaneous":""},"schema":{"@context":"https:\/\/schema.org","@graph":[{"@type":"Article","@id":"https:\/\/allasorias.hu\/hirek\/az-egesz-vilagra-kiterjedo-gazdasagi-valsag-van\/#article","name":"Az eg\u00e9sz vil\u00e1gra kiterjed\u0151 gazdas\u00e1gi v\u00e1ls\u00e1g van | AllasOrias.hu | H\u00edrek-lapszemle","headline":"Az eg\u00e9sz vil\u00e1gra kiterjed\u0151 gazdas\u00e1gi v\u00e1ls\u00e1g van","author":{"@id":"https:\/\/allasorias.hu\/hirek\/author\/admin-allasorias\/#author"},"publisher":{"@id":"https:\/\/allasorias.hu\/hirek\/#organization"},"image":{"@type":"ImageObject","url":"https:\/\/allasorias.hu\/hirek\/wp-content\/uploads\/2020\/04\/financial-crisis-544944_1920.jpg","width":1920,"height":1357},"datePublished":"2020-04-14T06:51:59+02:00","dateModified":"2020-04-14T06:51:59+02:00","inLanguage":"hu-HU","mainEntityOfPage":{"@id":"https:\/\/allasorias.hu\/hirek\/az-egesz-vilagra-kiterjedo-gazdasagi-valsag-van\/#webpage"},"isPartOf":{"@id":"https:\/\/allasorias.hu\/hirek\/az-egesz-vilagra-kiterjedo-gazdasagi-valsag-van\/#webpage"},"articleSection":"Gazdas\u00e1g"},{"@type":"BreadcrumbList","@id":"https:\/\/allasorias.hu\/hirek\/az-egesz-vilagra-kiterjedo-gazdasagi-valsag-van\/#breadcrumblist","itemListElement":[{"@type":"ListItem","@id":"https:\/\/allasorias.hu\/hirek#listItem","position":1,"name":"Home","item":"https:\/\/allasorias.hu\/hirek","nextItem":{"@type":"ListItem","@id":"https:\/\/allasorias.hu\/hirek\/temak\/gazdasag\/#listItem","name":"Gazdas\u00e1g"}},{"@type":"ListItem","@id":"https:\/\/allasorias.hu\/hirek\/temak\/gazdasag\/#listItem","position":2,"name":"Gazdas\u00e1g","item":"https:\/\/allasorias.hu\/hirek\/temak\/gazdasag\/","nextItem":{"@type":"ListItem","@id":"https:\/\/allasorias.hu\/hirek\/az-egesz-vilagra-kiterjedo-gazdasagi-valsag-van\/#listItem","name":"Az eg\u00e9sz vil\u00e1gra kiterjed\u0151 gazdas\u00e1gi v\u00e1ls\u00e1g van"},"previousItem":{"@type":"ListItem","@id":"https:\/\/allasorias.hu\/hirek#listItem","name":"Home"}},{"@type":"ListItem","@id":"https:\/\/allasorias.hu\/hirek\/az-egesz-vilagra-kiterjedo-gazdasagi-valsag-van\/#listItem","position":3,"name":"Az eg\u00e9sz vil\u00e1gra kiterjed\u0151 gazdas\u00e1gi v\u00e1ls\u00e1g van","previousItem":{"@type":"ListItem","@id":"https:\/\/allasorias.hu\/hirek\/temak\/gazdasag\/#listItem","name":"Gazdas\u00e1g"}}]},{"@type":"Organization","@id":"https:\/\/allasorias.hu\/hirek\/#organization","name":"AllasOrias.hu | H\u00edrek-lapszemle","description":"\u00dczleti h\u00edrek az \u00e1ll\u00e1s \u00e9s a munka vil\u00e1g\u00e1b\u00f3l","url":"https:\/\/allasorias.hu\/hirek\/","logo":{"@type":"ImageObject","url":"https:\/\/allasorias.hu\/hirek\/wp-content\/uploads\/2022\/10\/allasorias_site_facebok_logo.png","@id":"https:\/\/allasorias.hu\/hirek\/az-egesz-vilagra-kiterjedo-gazdasagi-valsag-van\/#organizationLogo"},"image":{"@id":"https:\/\/allasorias.hu\/hirek\/az-egesz-vilagra-kiterjedo-gazdasagi-valsag-van\/#organizationLogo"},"sameAs":["https:\/\/www.facebook.com\/allasorias","https:\/\/www.linkedin.com\/company\/allasorias"]},{"@type":"Person","@id":"https:\/\/allasorias.hu\/hirek\/author\/admin-allasorias\/#author","url":"https:\/\/allasorias.hu\/hirek\/author\/admin-allasorias\/","name":"Juh\u00e1sz P\u00e9ter","image":{"@type":"ImageObject","@id":"https:\/\/allasorias.hu\/hirek\/az-egesz-vilagra-kiterjedo-gazdasagi-valsag-van\/#authorImage","url":"https:\/\/secure.gravatar.com\/avatar\/36e6bcb83148978b992977cb0f54d22feb0cce8a0a849a9410532bb2623ba4c6?s=96&d=mm&r=g","width":96,"height":96,"caption":"Juh\u00e1sz P\u00e9ter"}},{"@type":"WebPage","@id":"https:\/\/allasorias.hu\/hirek\/az-egesz-vilagra-kiterjedo-gazdasagi-valsag-van\/#webpage","url":"https:\/\/allasorias.hu\/hirek\/az-egesz-vilagra-kiterjedo-gazdasagi-valsag-van\/","name":"Az eg\u00e9sz vil\u00e1gra kiterjed\u0151 gazdas\u00e1gi v\u00e1ls\u00e1g van | AllasOrias.hu | H\u00edrek-lapszemle","description":"A Nemzetk\u00f6zi Munka\u00fcgyi Szervezet felm\u00e9r\u00e9se szerint a m\u00e1sodik vil\u00e1gh\u00e1bor\u00fa \u00f3ta nem volt ilyen s\u00faly\u00fa gazdas\u00e1gi v\u00e1ls\u00e1g Magyarorsz\u00e1gon, mint most van a koronav\u00edrus j\u00e1rv\u00e1ny miatt. Az USA-ban k\u00e9t h\u00e9t alatt t\u00f6bb mint t\u00edzmilli\u00f3 ember vesz\u00edtette el az \u00e1ll\u00e1s\u00e1t. Mindenhol a vil\u00e1gban le\u00e9p\u00edt\u00e9sek zajlanak, a v\u00e1llalatok elvesz\u00edtett\u00e9k bev\u00e9teleiket, miut\u00e1n a gazdas\u00e1g lelassult, bef\u00e9kezett a korl\u00e1toz\u00f3 int\u00e9zked\u00e9sek miatt.","inLanguage":"hu-HU","isPartOf":{"@id":"https:\/\/allasorias.hu\/hirek\/#website"},"breadcrumb":{"@id":"https:\/\/allasorias.hu\/hirek\/az-egesz-vilagra-kiterjedo-gazdasagi-valsag-van\/#breadcrumblist"},"author":{"@id":"https:\/\/allasorias.hu\/hirek\/author\/admin-allasorias\/#author"},"creator":{"@id":"https:\/\/allasorias.hu\/hirek\/author\/admin-allasorias\/#author"},"image":{"@type":"ImageObject","url":"https:\/\/allasorias.hu\/hirek\/wp-content\/uploads\/2020\/04\/financial-crisis-544944_1920.jpg","@id":"https:\/\/allasorias.hu\/hirek\/az-egesz-vilagra-kiterjedo-gazdasagi-valsag-van\/#mainImage","width":1920,"height":1357},"primaryImageOfPage":{"@id":"https:\/\/allasorias.hu\/hirek\/az-egesz-vilagra-kiterjedo-gazdasagi-valsag-van\/#mainImage"},"datePublished":"2020-04-14T06:51:59+02:00","dateModified":"2020-04-14T06:51:59+02:00"},{"@type":"WebSite","@id":"https:\/\/allasorias.hu\/hirek\/#website","url":"https:\/\/allasorias.hu\/hirek\/","name":"AllasOrias.hu | H\u00edrek-lapszemle","description":"\u00dczleti h\u00edrek az \u00e1ll\u00e1s \u00e9s a munka vil\u00e1g\u00e1b\u00f3l","inLanguage":"hu-HU","publisher":{"@id":"https:\/\/allasorias.hu\/hirek\/#organization"}}]},"og:locale":"hu_HU","og:site_name":"AllasOrias.hu | H\u00edrek-lapszemle | \u00dczleti h\u00edrek az \u00e1ll\u00e1s \u00e9s a munka vil\u00e1g\u00e1b\u00f3l","og:type":"article","og:title":"Az eg\u00e9sz vil\u00e1gra kiterjed\u0151 gazdas\u00e1gi v\u00e1ls\u00e1g van | AllasOrias.hu | H\u00edrek-lapszemle","og:description":"A Nemzetk\u00f6zi Munka\u00fcgyi Szervezet felm\u00e9r\u00e9se szerint a m\u00e1sodik vil\u00e1gh\u00e1bor\u00fa \u00f3ta nem volt ilyen s\u00faly\u00fa gazdas\u00e1gi v\u00e1ls\u00e1g Magyarorsz\u00e1gon, mint most van a koronav\u00edrus j\u00e1rv\u00e1ny miatt. Az USA-ban k\u00e9t h\u00e9t alatt t\u00f6bb mint t\u00edzmilli\u00f3 ember vesz\u00edtette el az \u00e1ll\u00e1s\u00e1t. Mindenhol a vil\u00e1gban le\u00e9p\u00edt\u00e9sek zajlanak, a v\u00e1llalatok elvesz\u00edtett\u00e9k bev\u00e9teleiket, miut\u00e1n a gazdas\u00e1g lelassult, bef\u00e9kezett a korl\u00e1toz\u00f3 int\u00e9zked\u00e9sek miatt.","og:url":"https:\/\/allasorias.hu\/hirek\/az-egesz-vilagra-kiterjedo-gazdasagi-valsag-van\/","og:image":"https:\/\/allasorias.hu\/hirek\/wp-content\/uploads\/2020\/04\/financial-crisis-544944_1920.jpg","og:image:secure_url":"https:\/\/allasorias.hu\/hirek\/wp-content\/uploads\/2020\/04\/financial-crisis-544944_1920.jpg","og:image:width":1920,"og:image:height":1357,"article:published_time":"2020-04-14T06:51:59+00:00","article:modified_time":"2020-04-14T06:51:59+00:00","article:publisher":"https:\/\/www.facebook.com\/allasorias","twitter:card":"summary_large_image","twitter:title":"Az eg\u00e9sz vil\u00e1gra kiterjed\u0151 gazdas\u00e1gi v\u00e1ls\u00e1g van | AllasOrias.hu | H\u00edrek-lapszemle","twitter:description":"A Nemzetk\u00f6zi Munka\u00fcgyi Szervezet felm\u00e9r\u00e9se szerint a m\u00e1sodik vil\u00e1gh\u00e1bor\u00fa \u00f3ta nem volt ilyen s\u00faly\u00fa gazdas\u00e1gi v\u00e1ls\u00e1g Magyarorsz\u00e1gon, mint most van a koronav\u00edrus j\u00e1rv\u00e1ny miatt. Az USA-ban k\u00e9t h\u00e9t alatt t\u00f6bb mint t\u00edzmilli\u00f3 ember vesz\u00edtette el az \u00e1ll\u00e1s\u00e1t. Mindenhol a vil\u00e1gban le\u00e9p\u00edt\u00e9sek zajlanak, a v\u00e1llalatok elvesz\u00edtett\u00e9k bev\u00e9teleiket, miut\u00e1n a gazdas\u00e1g lelassult, bef\u00e9kezett a korl\u00e1toz\u00f3 int\u00e9zked\u00e9sek miatt.","twitter:image":"https:\/\/allasorias.hu\/hirek\/wp-content\/uploads\/2020\/04\/financial-crisis-544944_1920.jpg","twitter:label1":"Written by","twitter:data1":"Juh\u00e1sz P\u00e9ter","twitter:label2":"Est. reading time","twitter:data2":"3 minutes"},"aioseo_meta_data":{"post_id":"3897","title":null,"description":null,"keywords":null,"keyphrases":null,"primary_term":null,"canonical_url":null,"og_title":null,"og_description":null,"og_object_type":"default","og_image_type":"default","og_image_url":null,"og_image_width":null,"og_image_height":null,"og_image_custom_url":null,"og_image_custom_fields":null,"og_video":null,"og_custom_url":null,"og_article_section":null,"og_article_tags":null,"twitter_use_og":false,"twitter_card":"default","twitter_image_type":"default","twitter_image_url":null,"twitter_image_custom_url":null,"twitter_image_custom_fields":null,"twitter_title":null,"twitter_description":null,"schema":{"blockGraphs":[],"customGraphs":[],"default":{"data":{"Article":[],"Course":[],"Dataset":[],"FAQPage":[],"Movie":[],"Person":[],"Product":[],"ProductReview":[],"Car":[],"Recipe":[],"Service":[],"SoftwareApplication":[],"WebPage":[]},"graphName":"","isEnabled":true},"graphs":[]},"schema_type":null,"schema_type_options":null,"pillar_content":false,"robots_default":true,"robots_noindex":false,"robots_noarchive":false,"robots_nosnippet":false,"robots_nofollow":false,"robots_noimageindex":false,"robots_noodp":false,"robots_notranslate":false,"robots_max_snippet":null,"robots_max_videopreview":null,"robots_max_imagepreview":"large","priority":null,"frequency":null,"location":null,"local_seo":null,"breadcrumb_settings":null,"limit_modified_date":false,"ai":null,"created":"2021-02-01 21:28:17","updated":"2025-10-02 13:44:49","seo_analyzer_scan_date":null,"focus_keyword":null,"additional_keywords":null,"truseo_locale":null},"aioseo_breadcrumb":"<div class=\"aioseo-breadcrumbs\"><span class=\"aioseo-breadcrumb\">\n\t\t\t<a href=\"https:\/\/allasorias.hu\/hirek\" title=\"Home\">Home<\/a>\n\t\t<\/span><span class=\"aioseo-breadcrumb-separator\">&raquo;<\/span><span class=\"aioseo-breadcrumb\">\n\t\t\t<a href=\"https:\/\/allasorias.hu\/hirek\/temak\/gazdasag\/\" title=\"Gazdas\u00e1g\">Gazdas\u00e1g<\/a>\n\t\t<\/span><span class=\"aioseo-breadcrumb-separator\">&raquo;<\/span><span class=\"aioseo-breadcrumb\">\n\t\t\tAz eg\u00e9sz vil\u00e1gra kiterjed\u0151 gazdas\u00e1gi v\u00e1ls\u00e1g van\n\t\t<\/span><\/div>","aioseo_breadcrumb_json":[{"label":"Home","link":"https:\/\/allasorias.hu\/hirek"},{"label":"Gazdas\u00e1g","link":"https:\/\/allasorias.hu\/hirek\/temak\/gazdasag\/"},{"label":"Az eg\u00e9sz vil\u00e1gra kiterjed\u0151 gazdas\u00e1gi v\u00e1ls\u00e1g van","link":"https:\/\/allasorias.hu\/hirek\/az-egesz-vilagra-kiterjedo-gazdasagi-valsag-van\/"}],"_links":{"self":[{"href":"https:\/\/allasorias.hu\/hirek\/wp-json\/wp\/v2\/posts\/3897","targetHints":{"allow":["GET"]}}],"collection":[{"href":"https:\/\/allasorias.hu\/hirek\/wp-json\/wp\/v2\/posts"}],"about":[{"href":"https:\/\/allasorias.hu\/hirek\/wp-json\/wp\/v2\/types\/post"}],"author":[{"embeddable":true,"href":"https:\/\/allasorias.hu\/hirek\/wp-json\/wp\/v2\/users\/1"}],"replies":[{"embeddable":true,"href":"https:\/\/allasorias.hu\/hirek\/wp-json\/wp\/v2\/comments?post=3897"}],"version-history":[{"count":1,"href":"https:\/\/allasorias.hu\/hirek\/wp-json\/wp\/v2\/posts\/3897\/revisions"}],"predecessor-version":[{"id":3898,"href":"https:\/\/allasorias.hu\/hirek\/wp-json\/wp\/v2\/posts\/3897\/revisions\/3898"}],"wp:featuredmedia":[{"embeddable":true,"href":"https:\/\/allasorias.hu\/hirek\/wp-json\/wp\/v2\/media\/3889"}],"wp:attachment":[{"href":"https:\/\/allasorias.hu\/hirek\/wp-json\/wp\/v2\/media?parent=3897"}],"wp:term":[{"taxonomy":"category","embeddable":true,"href":"https:\/\/allasorias.hu\/hirek\/wp-json\/wp\/v2\/categories?post=3897"},{"taxonomy":"post_tag","embeddable":true,"href":"https:\/\/allasorias.hu\/hirek\/wp-json\/wp\/v2\/tags?post=3897"}],"curies":[{"name":"wp","href":"https:\/\/api.w.org\/{rel}","templated":true}]}}