{"id":3891,"date":"2020-04-09T07:15:00","date_gmt":"2020-04-09T07:15:00","guid":{"rendered":"https:\/\/allasorias.hu\/hirek\/?p=3891"},"modified":"2020-04-09T07:15:49","modified_gmt":"2020-04-09T07:15:49","slug":"ujrainditja-a-termelest-a-biztonsagi-oveket-gyarto-ceg","status":"publish","type":"post","link":"https:\/\/allasorias.hu\/hirek\/ujrainditja-a-termelest-a-biztonsagi-oveket-gyarto-ceg\/","title":{"rendered":"\u00dajraind\u00edtja a termel\u00e9st a biztons\u00e1gi \u00f6veket gy\u00e1rt\u00f3 c\u00e9g"},"content":{"rendered":"<p><strong>A sopronk\u00f6vesdi Autoliv gy\u00e1r h\u00e1rom m\u0171szakban termel, sz\u0171k\u00edtett kapacit\u00e1ssal m\u0171k\u00f6dnek h\u00fasv\u00e9tig. Most r\u00e9szlegesen \u00fajraind\u00edtott\u00e1k a termel\u00e9st. K\u00f6zel k\u00e9tsz\u00e1zan dolgoznak a 2200 munkav\u00e1llal\u00f3b\u00f3l, k\u00f6zben a gy\u00e1r felmondta a szerz\u0151d\u00e9s\u00e9t a munkaer\u0151-k\u00f6lcs\u00f6nz\u0151 v\u00e1llalkoz\u00e1sokkal &#8211; \u00edrja a Kisalf\u00f6ld. <\/strong><\/p>\n<p>Marsitsn\u00e9 Horv\u00e1th Marianna, az Autoliv Vasas Szakszervezet titk\u00e1ra, a munkav\u00e9delmi bizotts\u00e1g eln\u00f6ke a Kisalf\u00f6ldnek elmondta, hogy a h\u00e9ten \u00fajraindult a biztons\u00e1gi \u00f6veket k\u00e9sz\u00edt\u0151 sopronk\u00f6vesdi gy\u00e1rban a termel\u00e9s. Igaz, most alig dolgoznak k\u00e9tsz\u00e1zan a 2200 munkav\u00e1llal\u00f3b\u00f3l. Van ugyanis valamennyi megrendel\u00e9s \u00e9s ennek volumen\u00e9hez igazodik a munkaig\u00e9ny. A sz\u00fcks\u00e9ges l\u00e9tsz\u00e1mot azokb\u00f3l \u00e1ll\u00edtott\u00e1k \u00f6ssze, akik k\u00f6zel laknak a gy\u00e1rhoz \u00e9s van aut\u00f3juk. Ugyanis a k\u00f6r\u00fclm\u00e9nyekre val\u00f3 tekintettel az Autoliv id\u0151szakosan nem tart ig\u00e9nyt a dolgoz\u00f3k munk\u00e1ba j\u00e1r\u00e1s\u00e1t biztos\u00edt\u00f3 aut\u00f3buszokra. Jelen helyzetben k\u00e9t, illetve h\u00e1rom m\u0171szakban termel a gy\u00e1r, sz\u0171k\u00edtett kapacit\u00e1ssal, ami h\u00fasv\u00e9tig tart. Ezzel egy\u00fctt az irod\u00e1kban dolgoz\u00f3k egy r\u00e9sz\u00e9t is szabads\u00e1gra k\u00fcldt\u00e9k, akiknek a munk\u00e1j\u00e1ra jelen helyzetben \u00e9rtelemszer\u0171en nincs sz\u00fcks\u00e9g. M\u00e1sik r\u00e9sz\u00fck pedig home office rendszerben dolgozik. A v\u00e1llalat ugyanakkor felmondta a szerz\u0151d\u00e9s\u00e9t a munkaer\u0151-k\u00f6lcs\u00f6nz\u0151 c\u00e9gekkel, s elk\u00f6sz\u00f6nt a k\u00e9tsz\u00e1z k\u00f6lcs\u00f6nz\u00f6tt munkav\u00e1llal\u00f3t\u00f3l. \u0150k azok, akik f\u0151k\u00e9ppen az orsz\u00e1g \u00e9szaki \u00e9s keleti megy\u00e9ib\u0151l \u00e9rkeztek a sopronk\u00f6vesdi gy\u00e1rba.<\/p>\n<p>Forr\u00e1s: infostart.hu<\/p>\n","protected":false},"excerpt":{"rendered":"<p>A sopronk\u00f6vesdi Autoliv gy\u00e1r h\u00e1rom m\u0171szakban termel, sz\u0171k\u00edtett kapacit\u00e1ssal m\u0171k\u00f6dnek h\u00fasv\u00e9tig. Most r\u00e9szlegesen \u00fajraind\u00edtott\u00e1k a termel\u00e9st. K\u00f6zel k\u00e9tsz\u00e1zan dolgoznak a 2200 munkav\u00e1llal\u00f3b\u00f3l, k\u00f6zben a gy\u00e1r felmondta a szerz\u0151d\u00e9s\u00e9t a munkaer\u0151-k\u00f6lcs\u00f6nz\u0151 v\u00e1llalkoz\u00e1sokkal &#8211; \u00edrja a Kisalf\u00f6ld. Marsitsn\u00e9 Horv\u00e1th Marianna, az Autoliv Vasas Szakszervezet titk\u00e1ra, a munkav\u00e9delmi bizotts\u00e1g eln\u00f6ke a Kisalf\u00f6ldnek elmondta, hogy a h\u00e9ten \u00fajraindult a [&hellip;]<\/p>\n","protected":false},"author":1,"featured_media":3892,"comment_status":"open","ping_status":"open","sticky":false,"template":"","format":"standard","meta":{"_monsterinsights_skip_tracking":false,"footnotes":""},"categories":[198,200],"tags":[],"class_list":["post-3891","post","type-post","status-publish","format-standard","has-post-thumbnail","hentry","category-gazdasag","category-munkaeropiac"],"aioseo_notices":[],"aioseo_head":"\n\t\t<!-- All in One SEO 5.0.0.1 - aioseo.com -->\n\t<meta name=\"description\" content=\"A sopronk\u00f6vesdi Autoliv gy\u00e1r h\u00e1rom m\u0171szakban termel, sz\u0171k\u00edtett kapacit\u00e1ssal m\u0171k\u00f6dnek h\u00fasv\u00e9tig. Most r\u00e9szlegesen \u00fajraind\u00edtott\u00e1k a termel\u00e9st. K\u00f6zel k\u00e9tsz\u00e1zan dolgoznak a 2200 munkav\u00e1llal\u00f3b\u00f3l, k\u00f6zben a gy\u00e1r felmondta a szerz\u0151d\u00e9s\u00e9t a munkaer\u0151-k\u00f6lcs\u00f6nz\u0151 v\u00e1llalkoz\u00e1sokkal - \u00edrja a Kisalf\u00f6ld. Marsitsn\u00e9 Horv\u00e1th Marianna, az Autoliv Vasas Szakszervezet titk\u00e1ra, a munkav\u00e9delmi bizotts\u00e1g eln\u00f6ke a Kisalf\u00f6ldnek elmondta, hogy a h\u00e9ten \u00fajraindult a\" \/>\n\t<meta name=\"robots\" content=\"max-image-preview:large\" \/>\n\t<meta name=\"author\" content=\"Juh\u00e1sz P\u00e9ter\"\/>\n\t<link rel=\"canonical\" href=\"https:\/\/allasorias.hu\/hirek\/ujrainditja-a-termelest-a-biztonsagi-oveket-gyarto-ceg\/\" \/>\n\t<meta name=\"generator\" content=\"All in One SEO (AIOSEO) 5.0.0.1\" \/>\n\t\t<meta property=\"og:locale\" content=\"hu_HU\" \/>\n\t\t<meta property=\"og:site_name\" content=\"AllasOrias.hu | H\u00edrek-lapszemle | \u00dczleti h\u00edrek az \u00e1ll\u00e1s \u00e9s a munka vil\u00e1g\u00e1b\u00f3l\" \/>\n\t\t<meta property=\"og:type\" content=\"article\" \/>\n\t\t<meta property=\"og:title\" content=\"\u00dajraind\u00edtja a termel\u00e9st a biztons\u00e1gi \u00f6veket gy\u00e1rt\u00f3 c\u00e9g | AllasOrias.hu | H\u00edrek-lapszemle\" \/>\n\t\t<meta property=\"og:description\" content=\"A sopronk\u00f6vesdi Autoliv gy\u00e1r h\u00e1rom m\u0171szakban termel, sz\u0171k\u00edtett kapacit\u00e1ssal m\u0171k\u00f6dnek h\u00fasv\u00e9tig. Most r\u00e9szlegesen \u00fajraind\u00edtott\u00e1k a termel\u00e9st. K\u00f6zel k\u00e9tsz\u00e1zan dolgoznak a 2200 munkav\u00e1llal\u00f3b\u00f3l, k\u00f6zben a gy\u00e1r felmondta a szerz\u0151d\u00e9s\u00e9t a munkaer\u0151-k\u00f6lcs\u00f6nz\u0151 v\u00e1llalkoz\u00e1sokkal - \u00edrja a Kisalf\u00f6ld. Marsitsn\u00e9 Horv\u00e1th Marianna, az Autoliv Vasas Szakszervezet titk\u00e1ra, a munkav\u00e9delmi bizotts\u00e1g eln\u00f6ke a Kisalf\u00f6ldnek elmondta, hogy a h\u00e9ten \u00fajraindult a\" \/>\n\t\t<meta property=\"og:url\" content=\"https:\/\/allasorias.hu\/hirek\/ujrainditja-a-termelest-a-biztonsagi-oveket-gyarto-ceg\/\" \/>\n\t\t<meta property=\"og:image\" content=\"https:\/\/allasorias.hu\/hirek\/wp-content\/uploads\/2020\/04\/seat-belt-98575_1280.png\" \/>\n\t\t<meta property=\"og:image:secure_url\" content=\"https:\/\/allasorias.hu\/hirek\/wp-content\/uploads\/2020\/04\/seat-belt-98575_1280.png\" \/>\n\t\t<meta property=\"og:image:width\" content=\"1280\" \/>\n\t\t<meta property=\"og:image:height\" content=\"1280\" \/>\n\t\t<meta property=\"article:published_time\" content=\"2020-04-09T07:15:00+00:00\" \/>\n\t\t<meta property=\"article:modified_time\" content=\"2020-04-09T07:15:49+00:00\" \/>\n\t\t<meta property=\"article:publisher\" content=\"https:\/\/www.facebook.com\/allasorias\" \/>\n\t\t<meta name=\"twitter:card\" content=\"summary_large_image\" \/>\n\t\t<meta name=\"twitter:title\" content=\"\u00dajraind\u00edtja a termel\u00e9st a biztons\u00e1gi \u00f6veket gy\u00e1rt\u00f3 c\u00e9g | AllasOrias.hu | H\u00edrek-lapszemle\" \/>\n\t\t<meta name=\"twitter:description\" content=\"A sopronk\u00f6vesdi Autoliv gy\u00e1r h\u00e1rom m\u0171szakban termel, sz\u0171k\u00edtett kapacit\u00e1ssal m\u0171k\u00f6dnek h\u00fasv\u00e9tig. Most r\u00e9szlegesen \u00fajraind\u00edtott\u00e1k a termel\u00e9st. K\u00f6zel k\u00e9tsz\u00e1zan dolgoznak a 2200 munkav\u00e1llal\u00f3b\u00f3l, k\u00f6zben a gy\u00e1r felmondta a szerz\u0151d\u00e9s\u00e9t a munkaer\u0151-k\u00f6lcs\u00f6nz\u0151 v\u00e1llalkoz\u00e1sokkal - \u00edrja a Kisalf\u00f6ld. Marsitsn\u00e9 Horv\u00e1th Marianna, az Autoliv Vasas Szakszervezet titk\u00e1ra, a munkav\u00e9delmi bizotts\u00e1g eln\u00f6ke a Kisalf\u00f6ldnek elmondta, hogy a h\u00e9ten \u00fajraindult a\" \/>\n\t\t<meta name=\"twitter:image\" content=\"https:\/\/allasorias.hu\/hirek\/wp-content\/uploads\/2020\/04\/seat-belt-98575_1280.png\" \/>\n\t\t<meta name=\"twitter:label1\" content=\"Written by\" \/>\n\t\t<meta name=\"twitter:data1\" content=\"Juh\u00e1sz P\u00e9ter\" \/>\n\t\t<meta name=\"twitter:label2\" content=\"Est. reading time\" \/>\n\t\t<meta name=\"twitter:data2\" content=\"2 minutes\" \/>\n\t\t<script type=\"application\/ld+json\" class=\"aioseo-schema\">\n\t\t\t{\"@context\":\"https:\\\/\\\/schema.org\",\"@graph\":[{\"@type\":\"Article\",\"@id\":\"https:\\\/\\\/allasorias.hu\\\/hirek\\\/ujrainditja-a-termelest-a-biztonsagi-oveket-gyarto-ceg\\\/#article\",\"name\":\"\\u00dajraind\\u00edtja a termel\\u00e9st a biztons\\u00e1gi \\u00f6veket gy\\u00e1rt\\u00f3 c\\u00e9g | AllasOrias.hu | H\\u00edrek-lapszemle\",\"headline\":\"\\u00dajraind\\u00edtja a termel\\u00e9st a biztons\\u00e1gi \\u00f6veket gy\\u00e1rt\\u00f3 c\\u00e9g\",\"author\":{\"@id\":\"https:\\\/\\\/allasorias.hu\\\/hirek\\\/author\\\/admin-allasorias\\\/#author\"},\"publisher\":{\"@id\":\"https:\\\/\\\/allasorias.hu\\\/hirek\\\/#organization\"},\"image\":{\"@type\":\"ImageObject\",\"url\":\"https:\\\/\\\/allasorias.hu\\\/hirek\\\/wp-content\\\/uploads\\\/2020\\\/04\\\/seat-belt-98575_1280.png\",\"width\":1280,\"height\":1280},\"datePublished\":\"2020-04-09T07:15:00+02:00\",\"dateModified\":\"2020-04-09T07:15:49+02:00\",\"inLanguage\":\"hu-HU\",\"mainEntityOfPage\":{\"@id\":\"https:\\\/\\\/allasorias.hu\\\/hirek\\\/ujrainditja-a-termelest-a-biztonsagi-oveket-gyarto-ceg\\\/#webpage\"},\"isPartOf\":{\"@id\":\"https:\\\/\\\/allasorias.hu\\\/hirek\\\/ujrainditja-a-termelest-a-biztonsagi-oveket-gyarto-ceg\\\/#webpage\"},\"articleSection\":\"Gazdas\\u00e1g, Munkaer\\u0151piac\"},{\"@type\":\"BreadcrumbList\",\"@id\":\"https:\\\/\\\/allasorias.hu\\\/hirek\\\/ujrainditja-a-termelest-a-biztonsagi-oveket-gyarto-ceg\\\/#breadcrumblist\",\"itemListElement\":[{\"@type\":\"ListItem\",\"@id\":\"https:\\\/\\\/allasorias.hu\\\/hirek#listItem\",\"position\":1,\"name\":\"Home\",\"item\":\"https:\\\/\\\/allasorias.hu\\\/hirek\",\"nextItem\":{\"@type\":\"ListItem\",\"@id\":\"https:\\\/\\\/allasorias.hu\\\/hirek\\\/temak\\\/gazdasag\\\/#listItem\",\"name\":\"Gazdas\\u00e1g\"}},{\"@type\":\"ListItem\",\"@id\":\"https:\\\/\\\/allasorias.hu\\\/hirek\\\/temak\\\/gazdasag\\\/#listItem\",\"position\":2,\"name\":\"Gazdas\\u00e1g\",\"item\":\"https:\\\/\\\/allasorias.hu\\\/hirek\\\/temak\\\/gazdasag\\\/\",\"nextItem\":{\"@type\":\"ListItem\",\"@id\":\"https:\\\/\\\/allasorias.hu\\\/hirek\\\/ujrainditja-a-termelest-a-biztonsagi-oveket-gyarto-ceg\\\/#listItem\",\"name\":\"\\u00dajraind\\u00edtja a termel\\u00e9st a biztons\\u00e1gi \\u00f6veket gy\\u00e1rt\\u00f3 c\\u00e9g\"},\"previousItem\":{\"@type\":\"ListItem\",\"@id\":\"https:\\\/\\\/allasorias.hu\\\/hirek#listItem\",\"name\":\"Home\"}},{\"@type\":\"ListItem\",\"@id\":\"https:\\\/\\\/allasorias.hu\\\/hirek\\\/ujrainditja-a-termelest-a-biztonsagi-oveket-gyarto-ceg\\\/#listItem\",\"position\":3,\"name\":\"\\u00dajraind\\u00edtja a termel\\u00e9st a biztons\\u00e1gi \\u00f6veket gy\\u00e1rt\\u00f3 c\\u00e9g\",\"previousItem\":{\"@type\":\"ListItem\",\"@id\":\"https:\\\/\\\/allasorias.hu\\\/hirek\\\/temak\\\/gazdasag\\\/#listItem\",\"name\":\"Gazdas\\u00e1g\"}}]},{\"@type\":\"Organization\",\"@id\":\"https:\\\/\\\/allasorias.hu\\\/hirek\\\/#organization\",\"name\":\"AllasOrias.hu | H\\u00edrek-lapszemle\",\"description\":\"\\u00dczleti h\\u00edrek az \\u00e1ll\\u00e1s \\u00e9s a munka vil\\u00e1g\\u00e1b\\u00f3l\",\"url\":\"https:\\\/\\\/allasorias.hu\\\/hirek\\\/\",\"logo\":{\"@type\":\"ImageObject\",\"url\":\"https:\\\/\\\/allasorias.hu\\\/hirek\\\/wp-content\\\/uploads\\\/2022\\\/10\\\/allasorias_site_facebok_logo.png\",\"@id\":\"https:\\\/\\\/allasorias.hu\\\/hirek\\\/ujrainditja-a-termelest-a-biztonsagi-oveket-gyarto-ceg\\\/#organizationLogo\"},\"image\":{\"@id\":\"https:\\\/\\\/allasorias.hu\\\/hirek\\\/ujrainditja-a-termelest-a-biztonsagi-oveket-gyarto-ceg\\\/#organizationLogo\"},\"sameAs\":[\"https:\\\/\\\/www.facebook.com\\\/allasorias\",\"https:\\\/\\\/www.linkedin.com\\\/company\\\/allasorias\"]},{\"@type\":\"Person\",\"@id\":\"https:\\\/\\\/allasorias.hu\\\/hirek\\\/author\\\/admin-allasorias\\\/#author\",\"url\":\"https:\\\/\\\/allasorias.hu\\\/hirek\\\/author\\\/admin-allasorias\\\/\",\"name\":\"Juh\\u00e1sz P\\u00e9ter\",\"image\":{\"@type\":\"ImageObject\",\"@id\":\"https:\\\/\\\/allasorias.hu\\\/hirek\\\/ujrainditja-a-termelest-a-biztonsagi-oveket-gyarto-ceg\\\/#authorImage\",\"url\":\"https:\\\/\\\/secure.gravatar.com\\\/avatar\\\/36e6bcb83148978b992977cb0f54d22feb0cce8a0a849a9410532bb2623ba4c6?s=96&d=mm&r=g\",\"width\":96,\"height\":96,\"caption\":\"Juh\\u00e1sz P\\u00e9ter\"}},{\"@type\":\"WebPage\",\"@id\":\"https:\\\/\\\/allasorias.hu\\\/hirek\\\/ujrainditja-a-termelest-a-biztonsagi-oveket-gyarto-ceg\\\/#webpage\",\"url\":\"https:\\\/\\\/allasorias.hu\\\/hirek\\\/ujrainditja-a-termelest-a-biztonsagi-oveket-gyarto-ceg\\\/\",\"name\":\"\\u00dajraind\\u00edtja a termel\\u00e9st a biztons\\u00e1gi \\u00f6veket gy\\u00e1rt\\u00f3 c\\u00e9g | AllasOrias.hu | H\\u00edrek-lapszemle\",\"description\":\"A sopronk\\u00f6vesdi Autoliv gy\\u00e1r h\\u00e1rom m\\u0171szakban termel, sz\\u0171k\\u00edtett kapacit\\u00e1ssal m\\u0171k\\u00f6dnek h\\u00fasv\\u00e9tig. Most r\\u00e9szlegesen \\u00fajraind\\u00edtott\\u00e1k a termel\\u00e9st. K\\u00f6zel k\\u00e9tsz\\u00e1zan dolgoznak a 2200 munkav\\u00e1llal\\u00f3b\\u00f3l, k\\u00f6zben a gy\\u00e1r felmondta a szerz\\u0151d\\u00e9s\\u00e9t a munkaer\\u0151-k\\u00f6lcs\\u00f6nz\\u0151 v\\u00e1llalkoz\\u00e1sokkal - \\u00edrja a Kisalf\\u00f6ld. Marsitsn\\u00e9 Horv\\u00e1th Marianna, az Autoliv Vasas Szakszervezet titk\\u00e1ra, a munkav\\u00e9delmi bizotts\\u00e1g eln\\u00f6ke a Kisalf\\u00f6ldnek elmondta, hogy a h\\u00e9ten \\u00fajraindult a\",\"inLanguage\":\"hu-HU\",\"isPartOf\":{\"@id\":\"https:\\\/\\\/allasorias.hu\\\/hirek\\\/#website\"},\"breadcrumb\":{\"@id\":\"https:\\\/\\\/allasorias.hu\\\/hirek\\\/ujrainditja-a-termelest-a-biztonsagi-oveket-gyarto-ceg\\\/#breadcrumblist\"},\"author\":{\"@id\":\"https:\\\/\\\/allasorias.hu\\\/hirek\\\/author\\\/admin-allasorias\\\/#author\"},\"creator\":{\"@id\":\"https:\\\/\\\/allasorias.hu\\\/hirek\\\/author\\\/admin-allasorias\\\/#author\"},\"image\":{\"@type\":\"ImageObject\",\"url\":\"https:\\\/\\\/allasorias.hu\\\/hirek\\\/wp-content\\\/uploads\\\/2020\\\/04\\\/seat-belt-98575_1280.png\",\"@id\":\"https:\\\/\\\/allasorias.hu\\\/hirek\\\/ujrainditja-a-termelest-a-biztonsagi-oveket-gyarto-ceg\\\/#mainImage\",\"width\":1280,\"height\":1280},\"primaryImageOfPage\":{\"@id\":\"https:\\\/\\\/allasorias.hu\\\/hirek\\\/ujrainditja-a-termelest-a-biztonsagi-oveket-gyarto-ceg\\\/#mainImage\"},\"datePublished\":\"2020-04-09T07:15:00+02:00\",\"dateModified\":\"2020-04-09T07:15:49+02:00\"},{\"@type\":\"WebSite\",\"@id\":\"https:\\\/\\\/allasorias.hu\\\/hirek\\\/#website\",\"url\":\"https:\\\/\\\/allasorias.hu\\\/hirek\\\/\",\"name\":\"AllasOrias.hu | H\\u00edrek-lapszemle\",\"description\":\"\\u00dczleti h\\u00edrek az \\u00e1ll\\u00e1s \\u00e9s a munka vil\\u00e1g\\u00e1b\\u00f3l\",\"inLanguage\":\"hu-HU\",\"publisher\":{\"@id\":\"https:\\\/\\\/allasorias.hu\\\/hirek\\\/#organization\"}}]}\n\t\t<\/script>\n\t\t<!-- All in One SEO -->\n\n","aioseo_head_json":{"title":"\u00dajraind\u00edtja a termel\u00e9st a biztons\u00e1gi \u00f6veket gy\u00e1rt\u00f3 c\u00e9g | AllasOrias.hu | H\u00edrek-lapszemle","description":"A sopronk\u00f6vesdi Autoliv gy\u00e1r h\u00e1rom m\u0171szakban termel, sz\u0171k\u00edtett kapacit\u00e1ssal m\u0171k\u00f6dnek h\u00fasv\u00e9tig. Most r\u00e9szlegesen \u00fajraind\u00edtott\u00e1k a termel\u00e9st. K\u00f6zel k\u00e9tsz\u00e1zan dolgoznak a 2200 munkav\u00e1llal\u00f3b\u00f3l, k\u00f6zben a gy\u00e1r felmondta a szerz\u0151d\u00e9s\u00e9t a munkaer\u0151-k\u00f6lcs\u00f6nz\u0151 v\u00e1llalkoz\u00e1sokkal - \u00edrja a Kisalf\u00f6ld. Marsitsn\u00e9 Horv\u00e1th Marianna, az Autoliv Vasas Szakszervezet titk\u00e1ra, a munkav\u00e9delmi bizotts\u00e1g eln\u00f6ke a Kisalf\u00f6ldnek elmondta, hogy a h\u00e9ten \u00fajraindult a","canonical_url":"https:\/\/allasorias.hu\/hirek\/ujrainditja-a-termelest-a-biztonsagi-oveket-gyarto-ceg\/","robots":"max-image-preview:large","keywords":"","webmasterTools":{"miscellaneous":""},"schema":{"@context":"https:\/\/schema.org","@graph":[{"@type":"Article","@id":"https:\/\/allasorias.hu\/hirek\/ujrainditja-a-termelest-a-biztonsagi-oveket-gyarto-ceg\/#article","name":"\u00dajraind\u00edtja a termel\u00e9st a biztons\u00e1gi \u00f6veket gy\u00e1rt\u00f3 c\u00e9g | AllasOrias.hu | H\u00edrek-lapszemle","headline":"\u00dajraind\u00edtja a termel\u00e9st a biztons\u00e1gi \u00f6veket gy\u00e1rt\u00f3 c\u00e9g","author":{"@id":"https:\/\/allasorias.hu\/hirek\/author\/admin-allasorias\/#author"},"publisher":{"@id":"https:\/\/allasorias.hu\/hirek\/#organization"},"image":{"@type":"ImageObject","url":"https:\/\/allasorias.hu\/hirek\/wp-content\/uploads\/2020\/04\/seat-belt-98575_1280.png","width":1280,"height":1280},"datePublished":"2020-04-09T07:15:00+02:00","dateModified":"2020-04-09T07:15:49+02:00","inLanguage":"hu-HU","mainEntityOfPage":{"@id":"https:\/\/allasorias.hu\/hirek\/ujrainditja-a-termelest-a-biztonsagi-oveket-gyarto-ceg\/#webpage"},"isPartOf":{"@id":"https:\/\/allasorias.hu\/hirek\/ujrainditja-a-termelest-a-biztonsagi-oveket-gyarto-ceg\/#webpage"},"articleSection":"Gazdas\u00e1g, Munkaer\u0151piac"},{"@type":"BreadcrumbList","@id":"https:\/\/allasorias.hu\/hirek\/ujrainditja-a-termelest-a-biztonsagi-oveket-gyarto-ceg\/#breadcrumblist","itemListElement":[{"@type":"ListItem","@id":"https:\/\/allasorias.hu\/hirek#listItem","position":1,"name":"Home","item":"https:\/\/allasorias.hu\/hirek","nextItem":{"@type":"ListItem","@id":"https:\/\/allasorias.hu\/hirek\/temak\/gazdasag\/#listItem","name":"Gazdas\u00e1g"}},{"@type":"ListItem","@id":"https:\/\/allasorias.hu\/hirek\/temak\/gazdasag\/#listItem","position":2,"name":"Gazdas\u00e1g","item":"https:\/\/allasorias.hu\/hirek\/temak\/gazdasag\/","nextItem":{"@type":"ListItem","@id":"https:\/\/allasorias.hu\/hirek\/ujrainditja-a-termelest-a-biztonsagi-oveket-gyarto-ceg\/#listItem","name":"\u00dajraind\u00edtja a termel\u00e9st a biztons\u00e1gi \u00f6veket gy\u00e1rt\u00f3 c\u00e9g"},"previousItem":{"@type":"ListItem","@id":"https:\/\/allasorias.hu\/hirek#listItem","name":"Home"}},{"@type":"ListItem","@id":"https:\/\/allasorias.hu\/hirek\/ujrainditja-a-termelest-a-biztonsagi-oveket-gyarto-ceg\/#listItem","position":3,"name":"\u00dajraind\u00edtja a termel\u00e9st a biztons\u00e1gi \u00f6veket gy\u00e1rt\u00f3 c\u00e9g","previousItem":{"@type":"ListItem","@id":"https:\/\/allasorias.hu\/hirek\/temak\/gazdasag\/#listItem","name":"Gazdas\u00e1g"}}]},{"@type":"Organization","@id":"https:\/\/allasorias.hu\/hirek\/#organization","name":"AllasOrias.hu | H\u00edrek-lapszemle","description":"\u00dczleti h\u00edrek az \u00e1ll\u00e1s \u00e9s a munka vil\u00e1g\u00e1b\u00f3l","url":"https:\/\/allasorias.hu\/hirek\/","logo":{"@type":"ImageObject","url":"https:\/\/allasorias.hu\/hirek\/wp-content\/uploads\/2022\/10\/allasorias_site_facebok_logo.png","@id":"https:\/\/allasorias.hu\/hirek\/ujrainditja-a-termelest-a-biztonsagi-oveket-gyarto-ceg\/#organizationLogo"},"image":{"@id":"https:\/\/allasorias.hu\/hirek\/ujrainditja-a-termelest-a-biztonsagi-oveket-gyarto-ceg\/#organizationLogo"},"sameAs":["https:\/\/www.facebook.com\/allasorias","https:\/\/www.linkedin.com\/company\/allasorias"]},{"@type":"Person","@id":"https:\/\/allasorias.hu\/hirek\/author\/admin-allasorias\/#author","url":"https:\/\/allasorias.hu\/hirek\/author\/admin-allasorias\/","name":"Juh\u00e1sz P\u00e9ter","image":{"@type":"ImageObject","@id":"https:\/\/allasorias.hu\/hirek\/ujrainditja-a-termelest-a-biztonsagi-oveket-gyarto-ceg\/#authorImage","url":"https:\/\/secure.gravatar.com\/avatar\/36e6bcb83148978b992977cb0f54d22feb0cce8a0a849a9410532bb2623ba4c6?s=96&d=mm&r=g","width":96,"height":96,"caption":"Juh\u00e1sz P\u00e9ter"}},{"@type":"WebPage","@id":"https:\/\/allasorias.hu\/hirek\/ujrainditja-a-termelest-a-biztonsagi-oveket-gyarto-ceg\/#webpage","url":"https:\/\/allasorias.hu\/hirek\/ujrainditja-a-termelest-a-biztonsagi-oveket-gyarto-ceg\/","name":"\u00dajraind\u00edtja a termel\u00e9st a biztons\u00e1gi \u00f6veket gy\u00e1rt\u00f3 c\u00e9g | AllasOrias.hu | H\u00edrek-lapszemle","description":"A sopronk\u00f6vesdi Autoliv gy\u00e1r h\u00e1rom m\u0171szakban termel, sz\u0171k\u00edtett kapacit\u00e1ssal m\u0171k\u00f6dnek h\u00fasv\u00e9tig. Most r\u00e9szlegesen \u00fajraind\u00edtott\u00e1k a termel\u00e9st. K\u00f6zel k\u00e9tsz\u00e1zan dolgoznak a 2200 munkav\u00e1llal\u00f3b\u00f3l, k\u00f6zben a gy\u00e1r felmondta a szerz\u0151d\u00e9s\u00e9t a munkaer\u0151-k\u00f6lcs\u00f6nz\u0151 v\u00e1llalkoz\u00e1sokkal - \u00edrja a Kisalf\u00f6ld. Marsitsn\u00e9 Horv\u00e1th Marianna, az Autoliv Vasas Szakszervezet titk\u00e1ra, a munkav\u00e9delmi bizotts\u00e1g eln\u00f6ke a Kisalf\u00f6ldnek elmondta, hogy a h\u00e9ten \u00fajraindult a","inLanguage":"hu-HU","isPartOf":{"@id":"https:\/\/allasorias.hu\/hirek\/#website"},"breadcrumb":{"@id":"https:\/\/allasorias.hu\/hirek\/ujrainditja-a-termelest-a-biztonsagi-oveket-gyarto-ceg\/#breadcrumblist"},"author":{"@id":"https:\/\/allasorias.hu\/hirek\/author\/admin-allasorias\/#author"},"creator":{"@id":"https:\/\/allasorias.hu\/hirek\/author\/admin-allasorias\/#author"},"image":{"@type":"ImageObject","url":"https:\/\/allasorias.hu\/hirek\/wp-content\/uploads\/2020\/04\/seat-belt-98575_1280.png","@id":"https:\/\/allasorias.hu\/hirek\/ujrainditja-a-termelest-a-biztonsagi-oveket-gyarto-ceg\/#mainImage","width":1280,"height":1280},"primaryImageOfPage":{"@id":"https:\/\/allasorias.hu\/hirek\/ujrainditja-a-termelest-a-biztonsagi-oveket-gyarto-ceg\/#mainImage"},"datePublished":"2020-04-09T07:15:00+02:00","dateModified":"2020-04-09T07:15:49+02:00"},{"@type":"WebSite","@id":"https:\/\/allasorias.hu\/hirek\/#website","url":"https:\/\/allasorias.hu\/hirek\/","name":"AllasOrias.hu | H\u00edrek-lapszemle","description":"\u00dczleti h\u00edrek az \u00e1ll\u00e1s \u00e9s a munka vil\u00e1g\u00e1b\u00f3l","inLanguage":"hu-HU","publisher":{"@id":"https:\/\/allasorias.hu\/hirek\/#organization"}}]},"og:locale":"hu_HU","og:site_name":"AllasOrias.hu | H\u00edrek-lapszemle | \u00dczleti h\u00edrek az \u00e1ll\u00e1s \u00e9s a munka vil\u00e1g\u00e1b\u00f3l","og:type":"article","og:title":"\u00dajraind\u00edtja a termel\u00e9st a biztons\u00e1gi \u00f6veket gy\u00e1rt\u00f3 c\u00e9g | AllasOrias.hu | H\u00edrek-lapszemle","og:description":"A sopronk\u00f6vesdi Autoliv gy\u00e1r h\u00e1rom m\u0171szakban termel, sz\u0171k\u00edtett kapacit\u00e1ssal m\u0171k\u00f6dnek h\u00fasv\u00e9tig. Most r\u00e9szlegesen \u00fajraind\u00edtott\u00e1k a termel\u00e9st. K\u00f6zel k\u00e9tsz\u00e1zan dolgoznak a 2200 munkav\u00e1llal\u00f3b\u00f3l, k\u00f6zben a gy\u00e1r felmondta a szerz\u0151d\u00e9s\u00e9t a munkaer\u0151-k\u00f6lcs\u00f6nz\u0151 v\u00e1llalkoz\u00e1sokkal - \u00edrja a Kisalf\u00f6ld. Marsitsn\u00e9 Horv\u00e1th Marianna, az Autoliv Vasas Szakszervezet titk\u00e1ra, a munkav\u00e9delmi bizotts\u00e1g eln\u00f6ke a Kisalf\u00f6ldnek elmondta, hogy a h\u00e9ten \u00fajraindult a","og:url":"https:\/\/allasorias.hu\/hirek\/ujrainditja-a-termelest-a-biztonsagi-oveket-gyarto-ceg\/","og:image":"https:\/\/allasorias.hu\/hirek\/wp-content\/uploads\/2020\/04\/seat-belt-98575_1280.png","og:image:secure_url":"https:\/\/allasorias.hu\/hirek\/wp-content\/uploads\/2020\/04\/seat-belt-98575_1280.png","og:image:width":1280,"og:image:height":1280,"article:published_time":"2020-04-09T07:15:00+00:00","article:modified_time":"2020-04-09T07:15:49+00:00","article:publisher":"https:\/\/www.facebook.com\/allasorias","twitter:card":"summary_large_image","twitter:title":"\u00dajraind\u00edtja a termel\u00e9st a biztons\u00e1gi \u00f6veket gy\u00e1rt\u00f3 c\u00e9g | AllasOrias.hu | H\u00edrek-lapszemle","twitter:description":"A sopronk\u00f6vesdi Autoliv gy\u00e1r h\u00e1rom m\u0171szakban termel, sz\u0171k\u00edtett kapacit\u00e1ssal m\u0171k\u00f6dnek h\u00fasv\u00e9tig. Most r\u00e9szlegesen \u00fajraind\u00edtott\u00e1k a termel\u00e9st. K\u00f6zel k\u00e9tsz\u00e1zan dolgoznak a 2200 munkav\u00e1llal\u00f3b\u00f3l, k\u00f6zben a gy\u00e1r felmondta a szerz\u0151d\u00e9s\u00e9t a munkaer\u0151-k\u00f6lcs\u00f6nz\u0151 v\u00e1llalkoz\u00e1sokkal - \u00edrja a Kisalf\u00f6ld. Marsitsn\u00e9 Horv\u00e1th Marianna, az Autoliv Vasas Szakszervezet titk\u00e1ra, a munkav\u00e9delmi bizotts\u00e1g eln\u00f6ke a Kisalf\u00f6ldnek elmondta, hogy a h\u00e9ten \u00fajraindult a","twitter:image":"https:\/\/allasorias.hu\/hirek\/wp-content\/uploads\/2020\/04\/seat-belt-98575_1280.png","twitter:label1":"Written by","twitter:data1":"Juh\u00e1sz P\u00e9ter","twitter:label2":"Est. reading time","twitter:data2":"2 minutes"},"aioseo_meta_data":{"post_id":"3891","title":null,"description":null,"keywords":null,"keyphrases":null,"primary_term":null,"canonical_url":null,"og_title":null,"og_description":null,"og_object_type":"default","og_image_type":"default","og_image_url":null,"og_image_width":null,"og_image_height":null,"og_image_custom_url":null,"og_image_custom_fields":null,"og_video":null,"og_custom_url":null,"og_article_section":null,"og_article_tags":null,"twitter_use_og":false,"twitter_card":"default","twitter_image_type":"default","twitter_image_url":null,"twitter_image_custom_url":null,"twitter_image_custom_fields":null,"twitter_title":null,"twitter_description":null,"schema":{"blockGraphs":[],"customGraphs":[],"default":{"data":{"Article":[],"Course":[],"Dataset":[],"FAQPage":[],"Movie":[],"Person":[],"Product":[],"ProductReview":[],"Car":[],"Recipe":[],"Service":[],"SoftwareApplication":[],"WebPage":[]},"graphName":"","isEnabled":true},"graphs":[]},"schema_type":null,"schema_type_options":null,"pillar_content":false,"robots_default":true,"robots_noindex":false,"robots_noarchive":false,"robots_nosnippet":false,"robots_nofollow":false,"robots_noimageindex":false,"robots_noodp":false,"robots_notranslate":false,"robots_max_snippet":null,"robots_max_videopreview":null,"robots_max_imagepreview":"large","priority":null,"frequency":null,"location":null,"local_seo":null,"breadcrumb_settings":null,"limit_modified_date":false,"ai":null,"created":"2021-02-01 21:31:47","updated":"2025-10-02 13:42:21","seo_analyzer_scan_date":null,"focus_keyword":null,"additional_keywords":null,"truseo_locale":null},"aioseo_breadcrumb":"<div class=\"aioseo-breadcrumbs\"><span class=\"aioseo-breadcrumb\">\n\t\t\t<a href=\"https:\/\/allasorias.hu\/hirek\" title=\"Home\">Home<\/a>\n\t\t<\/span><span class=\"aioseo-breadcrumb-separator\">&raquo;<\/span><span class=\"aioseo-breadcrumb\">\n\t\t\t<a href=\"https:\/\/allasorias.hu\/hirek\/temak\/gazdasag\/\" title=\"Gazdas\u00e1g\">Gazdas\u00e1g<\/a>\n\t\t<\/span><span class=\"aioseo-breadcrumb-separator\">&raquo;<\/span><span class=\"aioseo-breadcrumb\">\n\t\t\t\u00dajraind\u00edtja a termel\u00e9st a biztons\u00e1gi \u00f6veket gy\u00e1rt\u00f3 c\u00e9g\n\t\t<\/span><\/div>","aioseo_breadcrumb_json":[{"label":"Home","link":"https:\/\/allasorias.hu\/hirek"},{"label":"Gazdas\u00e1g","link":"https:\/\/allasorias.hu\/hirek\/temak\/gazdasag\/"},{"label":"\u00dajraind\u00edtja a termel\u00e9st a biztons\u00e1gi \u00f6veket gy\u00e1rt\u00f3 c\u00e9g","link":"https:\/\/allasorias.hu\/hirek\/ujrainditja-a-termelest-a-biztonsagi-oveket-gyarto-ceg\/"}],"_links":{"self":[{"href":"https:\/\/allasorias.hu\/hirek\/wp-json\/wp\/v2\/posts\/3891","targetHints":{"allow":["GET"]}}],"collection":[{"href":"https:\/\/allasorias.hu\/hirek\/wp-json\/wp\/v2\/posts"}],"about":[{"href":"https:\/\/allasorias.hu\/hirek\/wp-json\/wp\/v2\/types\/post"}],"author":[{"embeddable":true,"href":"https:\/\/allasorias.hu\/hirek\/wp-json\/wp\/v2\/users\/1"}],"replies":[{"embeddable":true,"href":"https:\/\/allasorias.hu\/hirek\/wp-json\/wp\/v2\/comments?post=3891"}],"version-history":[{"count":1,"href":"https:\/\/allasorias.hu\/hirek\/wp-json\/wp\/v2\/posts\/3891\/revisions"}],"predecessor-version":[{"id":3893,"href":"https:\/\/allasorias.hu\/hirek\/wp-json\/wp\/v2\/posts\/3891\/revisions\/3893"}],"wp:featuredmedia":[{"embeddable":true,"href":"https:\/\/allasorias.hu\/hirek\/wp-json\/wp\/v2\/media\/3892"}],"wp:attachment":[{"href":"https:\/\/allasorias.hu\/hirek\/wp-json\/wp\/v2\/media?parent=3891"}],"wp:term":[{"taxonomy":"category","embeddable":true,"href":"https:\/\/allasorias.hu\/hirek\/wp-json\/wp\/v2\/categories?post=3891"},{"taxonomy":"post_tag","embeddable":true,"href":"https:\/\/allasorias.hu\/hirek\/wp-json\/wp\/v2\/tags?post=3891"}],"curies":[{"name":"wp","href":"https:\/\/api.w.org\/{rel}","templated":true}]}}