{"id":3885,"date":"2020-04-08T07:27:27","date_gmt":"2020-04-08T07:27:27","guid":{"rendered":"https:\/\/allasorias.hu\/hirek\/?p=3885"},"modified":"2022-12-23T09:44:01","modified_gmt":"2022-12-23T09:44:01","slug":"megsem-tudja-folvenni-a-mezogazdasag-a-munkanelkulieket","status":"publish","type":"post","link":"https:\/\/allasorias.hu\/hirek\/megsem-tudja-folvenni-a-mezogazdasag-a-munkanelkulieket\/","title":{"rendered":"M\u00e9gsem tudja f\u00f6lvenni a mez\u0151gazdas\u00e1g a munkan\u00e9lk\u00fclieket ?"},"content":{"rendered":"<p><strong>A szakemberek szerint \u00fagy t\u0171nik m\u00e9gsem j\u00f3 alternat\u00edva a mez\u0151gazdas\u00e1gban foglalkoztatni a j\u00e1rv\u00e1ny miatt elbocs\u00e1tott dolgoz\u00f3kat. A nagyobb mez\u0151gazdas\u00e1gi v\u00e1llalkoz\u00e1soknak mind\u00f6ssze 5 sz\u00e1zal\u00e9ka k\u00e9pes nagy sz\u00e1mban fogadni \u00faj munkav\u00e1llal\u00f3kat, a szabad feladatk\u00f6r\u00f6k bet\u00f6lt\u00e9se pedig els\u0151sorban a mez\u0151gazdas\u00e1got kor\u00e1bban elhagy\u00f3 munkaer\u0151 r\u00e9szleges visszat\u00e9r\u00e9s\u00e9t\u0151l v\u00e1rhat\u00f3.<\/strong><\/p>\n<p>A mez\u0151gazdas\u00e1gban t\u00f6rt\u00e9n\u0151 elhelyezked\u00e9s lehet\u0151s\u00e9geit er\u0151sen korl\u00e1tozza, hogy a szektorban rendk\u00edv\u00fcl magas az \u0151stermel\u0151k \u00e9s mikrov\u00e1llalkoz\u00e1sok sz\u00e1ma. Az id\u00e9nymunk\u00e1sokat nagyobb sz\u00e1mban felsz\u00edvni k\u00e9pes v\u00e1llalkoz\u00e1sok k\u00f6z\u00fcl ugyanakkor a Trenkwalder mintegy 650 v\u00e1llalkoz\u00e1st m\u00e9rt fel az elm\u00falt napokban. A kutat\u00e1s adatai szerint ebben a k\u00f6rben is csup\u00e1n 5 sz\u00e1zal\u00e9k k\u00f6r\u00fcl jelezt\u00e9k vissza, hogy nyitottak a munkaer\u0151-felv\u00e9telre ebben az id\u00e9nyben. Az agr\u00e1riumon bel\u00fcl az \u00e1llattart\u00e1ssal \u00e9s -feldolgoz\u00e1ssal foglalkoz\u00f3 c\u00e9gek (a halgazdas\u00e1gokat is bele\u00e9rtve) stagn\u00e1lnak, s\u0151t, bizonyos esetekben le\u00e9p\u00edtenek, mivel a v\u00e1ls\u00e1g a h\u00fasfogyaszt\u00e1s alakul\u00e1s\u00e1t is negat\u00edvan \u00e9rinti. Ebben a k\u00f6rben egyed\u00fcl a baromfival foglalkoz\u00f3 v\u00e1llalkoz\u00e1sok jelenthetnek lehet\u0151s\u00e9get komolyabb munkaer\u0151-felsz\u00edv\u00e1sra. A n\u00f6v\u00e9nytermeszt\u00e9si \u00e1gazatokban f\u0151k\u00e9nt a szabadf\u00f6ldi z\u00f6lds\u00e9gtermeszt\u00e9s \u00e9s a gabonatermeszt\u00e9s ter\u00fclet\u00e9n lehet sz\u00fcks\u00e9g p\u00f3tl\u00f3lagos munkaer\u0151re. A gy\u00fcm\u00f6lcstermeszt\u00e9s ter\u00fclet\u00e9n az id\u00e9nymunk\u00e1sok ir\u00e1nti ig\u00e9nyt az idei \u00e9vben sok esetben visszafogja majd az a t\u00e9ny, hogy a k\u00e9sei fagyok miatt sz\u00e1mos gy\u00fcm\u00f6lcs\u00f6sben a szok\u00e1sosn\u00e1l kevesebb munkaer\u0151re lesz sz\u00fcks\u00e9g. Az olyan speci\u00e1lis ter\u00fcletek is, mint a gombatermeszt\u0151k, a v\u00e1ls\u00e1g nagy veszteseinek sz\u00e1m\u00edtanak. A gombakereslet t\u00f6bbs\u00e9g\u00e9t ugyanis az \u00e9ttermek \u00e9s hotelek biztos\u00edtj\u00e1k, kies\u00e9s\u00fckkel a szektor 60 sz\u00e1zal\u00e9kos piacot vesztett, ez\u00e9rt a munkaer\u0151re itt sincs ig\u00e9ny. A munkaer\u0151 mez\u0151gazdas\u00e1gba \u00e1t\u00e1raml\u00e1s\u00e1nak tov\u00e1bbi korl\u00e1tja, hogy ezek a munk\u00e1k sok esetben neh\u00e9z fizikai terhel\u00e9ssel, nagyfok\u00fa monotonit\u00e1ssal, \u00e9s az id\u0151j\u00e1r\u00e1snak val\u00f3 fokozott kitetts\u00e9ggel j\u00e1rnak. Emiatt irod\u00e1ban vagy vend\u00e9gl\u00e1t\u00f3-helyen foglalkoztatott munkav\u00e1llal\u00f3k sz\u00e1m\u00e1ra nem jelentenek val\u00f3s alternat\u00edv\u00e1t \u2013 mutat r\u00e1 N\u00f3gr\u00e1di J\u00f3zsef, a Trenkwalder kereskedelmi igazgat\u00f3ja. \u2013 Az agr\u00e1rium sz\u00e1m\u00e1ra az egyetlen re\u00e1lis tartal\u00e9kot azok a p\u00e1lyaelhagy\u00f3k \u00a0k\u00e9pezhetik, akik kor\u00e1bban m\u00e1r szereztek tapasztalatot ezen a ter\u00fcleten, \u00e1m az elm\u00falt id\u0151szakban a logisztik\u00e1ban, sz\u00e1ll\u00edtm\u00e1nyoz\u00e1sban, gy\u00e1rt\u00f3sorok mellett vagy az \u00e9p\u00edt\u0151iparban v\u00e1llaltak munk\u00e1t a f\u0151v\u00e1rosban vagy m\u00e1s nagyobb v\u00e1rosban. K\u00f6z\u00fcl\u00fck most sokan hazat\u00e9rnek, hogy ott v\u00e9szelj\u00e9k \u00e1t a kr\u00edzis h\u00f3napjait.<\/p>\n<p>Forr\u00e1s: uzletem.hu<\/p>\n","protected":false},"excerpt":{"rendered":"<p>A szakemberek szerint \u00fagy t\u0171nik m\u00e9gsem j\u00f3 alternat\u00edva a mez\u0151gazdas\u00e1gban foglalkoztatni a j\u00e1rv\u00e1ny miatt elbocs\u00e1tott dolgoz\u00f3kat. A nagyobb mez\u0151gazdas\u00e1gi v\u00e1llalkoz\u00e1soknak mind\u00f6ssze 5 sz\u00e1zal\u00e9ka k\u00e9pes nagy sz\u00e1mban fogadni \u00faj munkav\u00e1llal\u00f3kat, a szabad feladatk\u00f6r\u00f6k bet\u00f6lt\u00e9se pedig els\u0151sorban a mez\u0151gazdas\u00e1got kor\u00e1bban elhagy\u00f3 munkaer\u0151 r\u00e9szleges visszat\u00e9r\u00e9s\u00e9t\u0151l v\u00e1rhat\u00f3. A mez\u0151gazdas\u00e1gban t\u00f6rt\u00e9n\u0151 elhelyezked\u00e9s lehet\u0151s\u00e9geit er\u0151sen korl\u00e1tozza, hogy a szektorban rendk\u00edv\u00fcl magas [&hellip;]<\/p>\n","protected":false},"author":1,"featured_media":6085,"comment_status":"open","ping_status":"open","sticky":false,"template":"","format":"standard","meta":{"_monsterinsights_skip_tracking":false,"footnotes":""},"categories":[1,198,203,200],"tags":[],"class_list":["post-3885","post","type-post","status-publish","format-standard","has-post-thumbnail","hentry","category-allaskereses","category-gazdasag","category-hianyszakmak","category-munkaeropiac"],"aioseo_notices":[],"aioseo_head":"\n\t\t<!-- All in One SEO 5.0.0.1 - aioseo.com -->\n\t<meta name=\"description\" content=\"A szakemberek szerint \u00fagy t\u0171nik m\u00e9gsem j\u00f3 alternat\u00edva a mez\u0151gazdas\u00e1gban foglalkoztatni a j\u00e1rv\u00e1ny miatt elbocs\u00e1tott dolgoz\u00f3kat. A nagyobb mez\u0151gazdas\u00e1gi v\u00e1llalkoz\u00e1soknak mind\u00f6ssze 5 sz\u00e1zal\u00e9ka k\u00e9pes nagy sz\u00e1mban fogadni \u00faj munkav\u00e1llal\u00f3kat, a szabad feladatk\u00f6r\u00f6k bet\u00f6lt\u00e9se pedig els\u0151sorban a mez\u0151gazdas\u00e1got kor\u00e1bban elhagy\u00f3 munkaer\u0151 r\u00e9szleges visszat\u00e9r\u00e9s\u00e9t\u0151l v\u00e1rhat\u00f3. A mez\u0151gazdas\u00e1gban t\u00f6rt\u00e9n\u0151 elhelyezked\u00e9s lehet\u0151s\u00e9geit er\u0151sen korl\u00e1tozza, hogy a szektorban rendk\u00edv\u00fcl magas\" \/>\n\t<meta name=\"robots\" content=\"max-image-preview:large\" \/>\n\t<meta name=\"author\" content=\"Juh\u00e1sz P\u00e9ter\"\/>\n\t<link rel=\"canonical\" href=\"https:\/\/allasorias.hu\/hirek\/megsem-tudja-folvenni-a-mezogazdasag-a-munkanelkulieket\/\" \/>\n\t<meta name=\"generator\" content=\"All in One SEO (AIOSEO) 5.0.0.1\" \/>\n\t\t<meta property=\"og:locale\" content=\"hu_HU\" \/>\n\t\t<meta property=\"og:site_name\" content=\"AllasOrias.hu | H\u00edrek-lapszemle | \u00dczleti h\u00edrek az \u00e1ll\u00e1s \u00e9s a munka vil\u00e1g\u00e1b\u00f3l\" \/>\n\t\t<meta property=\"og:type\" content=\"article\" \/>\n\t\t<meta property=\"og:title\" content=\"M\u00e9gsem tudja f\u00f6lvenni a mez\u0151gazdas\u00e1g a munkan\u00e9lk\u00fclieket ? | AllasOrias.hu | H\u00edrek-lapszemle\" \/>\n\t\t<meta property=\"og:description\" content=\"A szakemberek szerint \u00fagy t\u0171nik m\u00e9gsem j\u00f3 alternat\u00edva a mez\u0151gazdas\u00e1gban foglalkoztatni a j\u00e1rv\u00e1ny miatt elbocs\u00e1tott dolgoz\u00f3kat. A nagyobb mez\u0151gazdas\u00e1gi v\u00e1llalkoz\u00e1soknak mind\u00f6ssze 5 sz\u00e1zal\u00e9ka k\u00e9pes nagy sz\u00e1mban fogadni \u00faj munkav\u00e1llal\u00f3kat, a szabad feladatk\u00f6r\u00f6k bet\u00f6lt\u00e9se pedig els\u0151sorban a mez\u0151gazdas\u00e1got kor\u00e1bban elhagy\u00f3 munkaer\u0151 r\u00e9szleges visszat\u00e9r\u00e9s\u00e9t\u0151l v\u00e1rhat\u00f3. A mez\u0151gazdas\u00e1gban t\u00f6rt\u00e9n\u0151 elhelyezked\u00e9s lehet\u0151s\u00e9geit er\u0151sen korl\u00e1tozza, hogy a szektorban rendk\u00edv\u00fcl magas\" \/>\n\t\t<meta property=\"og:url\" content=\"https:\/\/allasorias.hu\/hirek\/megsem-tudja-folvenni-a-mezogazdasag-a-munkanelkulieket\/\" \/>\n\t\t<meta property=\"og:image\" content=\"https:\/\/allasorias.hu\/hirek\/wp-content\/uploads\/2020\/04\/harvest-3914269_1920.jpg\" \/>\n\t\t<meta property=\"og:image:secure_url\" content=\"https:\/\/allasorias.hu\/hirek\/wp-content\/uploads\/2020\/04\/harvest-3914269_1920.jpg\" \/>\n\t\t<meta property=\"og:image:width\" content=\"1000\" \/>\n\t\t<meta property=\"og:image:height\" content=\"667\" \/>\n\t\t<meta property=\"article:published_time\" content=\"2020-04-08T07:27:27+00:00\" \/>\n\t\t<meta property=\"article:modified_time\" content=\"2022-12-23T09:44:01+00:00\" \/>\n\t\t<meta property=\"article:publisher\" content=\"https:\/\/www.facebook.com\/allasorias\" \/>\n\t\t<meta name=\"twitter:card\" content=\"summary_large_image\" \/>\n\t\t<meta name=\"twitter:title\" content=\"M\u00e9gsem tudja f\u00f6lvenni a mez\u0151gazdas\u00e1g a munkan\u00e9lk\u00fclieket ? | AllasOrias.hu | H\u00edrek-lapszemle\" \/>\n\t\t<meta name=\"twitter:description\" content=\"A szakemberek szerint \u00fagy t\u0171nik m\u00e9gsem j\u00f3 alternat\u00edva a mez\u0151gazdas\u00e1gban foglalkoztatni a j\u00e1rv\u00e1ny miatt elbocs\u00e1tott dolgoz\u00f3kat. A nagyobb mez\u0151gazdas\u00e1gi v\u00e1llalkoz\u00e1soknak mind\u00f6ssze 5 sz\u00e1zal\u00e9ka k\u00e9pes nagy sz\u00e1mban fogadni \u00faj munkav\u00e1llal\u00f3kat, a szabad feladatk\u00f6r\u00f6k bet\u00f6lt\u00e9se pedig els\u0151sorban a mez\u0151gazdas\u00e1got kor\u00e1bban elhagy\u00f3 munkaer\u0151 r\u00e9szleges visszat\u00e9r\u00e9s\u00e9t\u0151l v\u00e1rhat\u00f3. A mez\u0151gazdas\u00e1gban t\u00f6rt\u00e9n\u0151 elhelyezked\u00e9s lehet\u0151s\u00e9geit er\u0151sen korl\u00e1tozza, hogy a szektorban rendk\u00edv\u00fcl magas\" \/>\n\t\t<meta name=\"twitter:image\" content=\"https:\/\/allasorias.hu\/hirek\/wp-content\/uploads\/2020\/04\/harvest-3914269_1920.jpg\" \/>\n\t\t<meta name=\"twitter:label1\" content=\"Written by\" \/>\n\t\t<meta name=\"twitter:data1\" content=\"Juh\u00e1sz P\u00e9ter\" \/>\n\t\t<meta name=\"twitter:label2\" content=\"Est. reading time\" \/>\n\t\t<meta name=\"twitter:data2\" content=\"3 minutes\" \/>\n\t\t<script type=\"application\/ld+json\" class=\"aioseo-schema\">\n\t\t\t{\"@context\":\"https:\\\/\\\/schema.org\",\"@graph\":[{\"@type\":\"Article\",\"@id\":\"https:\\\/\\\/allasorias.hu\\\/hirek\\\/megsem-tudja-folvenni-a-mezogazdasag-a-munkanelkulieket\\\/#article\",\"name\":\"M\\u00e9gsem tudja f\\u00f6lvenni a mez\\u0151gazdas\\u00e1g a munkan\\u00e9lk\\u00fclieket ? | AllasOrias.hu | H\\u00edrek-lapszemle\",\"headline\":\"M\\u00e9gsem tudja f\\u00f6lvenni a mez\\u0151gazdas\\u00e1g a munkan\\u00e9lk\\u00fclieket ?\",\"author\":{\"@id\":\"https:\\\/\\\/allasorias.hu\\\/hirek\\\/author\\\/admin-allasorias\\\/#author\"},\"publisher\":{\"@id\":\"https:\\\/\\\/allasorias.hu\\\/hirek\\\/#organization\"},\"image\":{\"@type\":\"ImageObject\",\"url\":\"https:\\\/\\\/allasorias.hu\\\/hirek\\\/wp-content\\\/uploads\\\/2020\\\/04\\\/harvest-3914269_1920.jpg\",\"width\":1000,\"height\":667},\"datePublished\":\"2020-04-08T07:27:27+02:00\",\"dateModified\":\"2022-12-23T09:44:01+02:00\",\"inLanguage\":\"hu-HU\",\"mainEntityOfPage\":{\"@id\":\"https:\\\/\\\/allasorias.hu\\\/hirek\\\/megsem-tudja-folvenni-a-mezogazdasag-a-munkanelkulieket\\\/#webpage\"},\"isPartOf\":{\"@id\":\"https:\\\/\\\/allasorias.hu\\\/hirek\\\/megsem-tudja-folvenni-a-mezogazdasag-a-munkanelkulieket\\\/#webpage\"},\"articleSection\":\"\\u00c1ll\\u00e1skeres\\u00e9s, Gazdas\\u00e1g, Hi\\u00e1nyszakm\\u00e1k, Munkaer\\u0151piac\"},{\"@type\":\"BreadcrumbList\",\"@id\":\"https:\\\/\\\/allasorias.hu\\\/hirek\\\/megsem-tudja-folvenni-a-mezogazdasag-a-munkanelkulieket\\\/#breadcrumblist\",\"itemListElement\":[{\"@type\":\"ListItem\",\"@id\":\"https:\\\/\\\/allasorias.hu\\\/hirek#listItem\",\"position\":1,\"name\":\"Home\",\"item\":\"https:\\\/\\\/allasorias.hu\\\/hirek\",\"nextItem\":{\"@type\":\"ListItem\",\"@id\":\"https:\\\/\\\/allasorias.hu\\\/hirek\\\/temak\\\/allaskereses\\\/#listItem\",\"name\":\"\\u00c1ll\\u00e1skeres\\u00e9s\"}},{\"@type\":\"ListItem\",\"@id\":\"https:\\\/\\\/allasorias.hu\\\/hirek\\\/temak\\\/allaskereses\\\/#listItem\",\"position\":2,\"name\":\"\\u00c1ll\\u00e1skeres\\u00e9s\",\"item\":\"https:\\\/\\\/allasorias.hu\\\/hirek\\\/temak\\\/allaskereses\\\/\",\"nextItem\":{\"@type\":\"ListItem\",\"@id\":\"https:\\\/\\\/allasorias.hu\\\/hirek\\\/megsem-tudja-folvenni-a-mezogazdasag-a-munkanelkulieket\\\/#listItem\",\"name\":\"M\\u00e9gsem tudja f\\u00f6lvenni a mez\\u0151gazdas\\u00e1g a munkan\\u00e9lk\\u00fclieket ?\"},\"previousItem\":{\"@type\":\"ListItem\",\"@id\":\"https:\\\/\\\/allasorias.hu\\\/hirek#listItem\",\"name\":\"Home\"}},{\"@type\":\"ListItem\",\"@id\":\"https:\\\/\\\/allasorias.hu\\\/hirek\\\/megsem-tudja-folvenni-a-mezogazdasag-a-munkanelkulieket\\\/#listItem\",\"position\":3,\"name\":\"M\\u00e9gsem tudja f\\u00f6lvenni a mez\\u0151gazdas\\u00e1g a munkan\\u00e9lk\\u00fclieket ?\",\"previousItem\":{\"@type\":\"ListItem\",\"@id\":\"https:\\\/\\\/allasorias.hu\\\/hirek\\\/temak\\\/allaskereses\\\/#listItem\",\"name\":\"\\u00c1ll\\u00e1skeres\\u00e9s\"}}]},{\"@type\":\"Organization\",\"@id\":\"https:\\\/\\\/allasorias.hu\\\/hirek\\\/#organization\",\"name\":\"AllasOrias.hu | H\\u00edrek-lapszemle\",\"description\":\"\\u00dczleti h\\u00edrek az \\u00e1ll\\u00e1s \\u00e9s a munka vil\\u00e1g\\u00e1b\\u00f3l\",\"url\":\"https:\\\/\\\/allasorias.hu\\\/hirek\\\/\",\"logo\":{\"@type\":\"ImageObject\",\"url\":\"https:\\\/\\\/allasorias.hu\\\/hirek\\\/wp-content\\\/uploads\\\/2022\\\/10\\\/allasorias_site_facebok_logo.png\",\"@id\":\"https:\\\/\\\/allasorias.hu\\\/hirek\\\/megsem-tudja-folvenni-a-mezogazdasag-a-munkanelkulieket\\\/#organizationLogo\"},\"image\":{\"@id\":\"https:\\\/\\\/allasorias.hu\\\/hirek\\\/megsem-tudja-folvenni-a-mezogazdasag-a-munkanelkulieket\\\/#organizationLogo\"},\"sameAs\":[\"https:\\\/\\\/www.facebook.com\\\/allasorias\",\"https:\\\/\\\/www.linkedin.com\\\/company\\\/allasorias\"]},{\"@type\":\"Person\",\"@id\":\"https:\\\/\\\/allasorias.hu\\\/hirek\\\/author\\\/admin-allasorias\\\/#author\",\"url\":\"https:\\\/\\\/allasorias.hu\\\/hirek\\\/author\\\/admin-allasorias\\\/\",\"name\":\"Juh\\u00e1sz P\\u00e9ter\",\"image\":{\"@type\":\"ImageObject\",\"@id\":\"https:\\\/\\\/allasorias.hu\\\/hirek\\\/megsem-tudja-folvenni-a-mezogazdasag-a-munkanelkulieket\\\/#authorImage\",\"url\":\"https:\\\/\\\/secure.gravatar.com\\\/avatar\\\/36e6bcb83148978b992977cb0f54d22feb0cce8a0a849a9410532bb2623ba4c6?s=96&d=mm&r=g\",\"width\":96,\"height\":96,\"caption\":\"Juh\\u00e1sz P\\u00e9ter\"}},{\"@type\":\"WebPage\",\"@id\":\"https:\\\/\\\/allasorias.hu\\\/hirek\\\/megsem-tudja-folvenni-a-mezogazdasag-a-munkanelkulieket\\\/#webpage\",\"url\":\"https:\\\/\\\/allasorias.hu\\\/hirek\\\/megsem-tudja-folvenni-a-mezogazdasag-a-munkanelkulieket\\\/\",\"name\":\"M\\u00e9gsem tudja f\\u00f6lvenni a mez\\u0151gazdas\\u00e1g a munkan\\u00e9lk\\u00fclieket ? | AllasOrias.hu | H\\u00edrek-lapszemle\",\"description\":\"A szakemberek szerint \\u00fagy t\\u0171nik m\\u00e9gsem j\\u00f3 alternat\\u00edva a mez\\u0151gazdas\\u00e1gban foglalkoztatni a j\\u00e1rv\\u00e1ny miatt elbocs\\u00e1tott dolgoz\\u00f3kat. A nagyobb mez\\u0151gazdas\\u00e1gi v\\u00e1llalkoz\\u00e1soknak mind\\u00f6ssze 5 sz\\u00e1zal\\u00e9ka k\\u00e9pes nagy sz\\u00e1mban fogadni \\u00faj munkav\\u00e1llal\\u00f3kat, a szabad feladatk\\u00f6r\\u00f6k bet\\u00f6lt\\u00e9se pedig els\\u0151sorban a mez\\u0151gazdas\\u00e1got kor\\u00e1bban elhagy\\u00f3 munkaer\\u0151 r\\u00e9szleges visszat\\u00e9r\\u00e9s\\u00e9t\\u0151l v\\u00e1rhat\\u00f3. A mez\\u0151gazdas\\u00e1gban t\\u00f6rt\\u00e9n\\u0151 elhelyezked\\u00e9s lehet\\u0151s\\u00e9geit er\\u0151sen korl\\u00e1tozza, hogy a szektorban rendk\\u00edv\\u00fcl magas\",\"inLanguage\":\"hu-HU\",\"isPartOf\":{\"@id\":\"https:\\\/\\\/allasorias.hu\\\/hirek\\\/#website\"},\"breadcrumb\":{\"@id\":\"https:\\\/\\\/allasorias.hu\\\/hirek\\\/megsem-tudja-folvenni-a-mezogazdasag-a-munkanelkulieket\\\/#breadcrumblist\"},\"author\":{\"@id\":\"https:\\\/\\\/allasorias.hu\\\/hirek\\\/author\\\/admin-allasorias\\\/#author\"},\"creator\":{\"@id\":\"https:\\\/\\\/allasorias.hu\\\/hirek\\\/author\\\/admin-allasorias\\\/#author\"},\"image\":{\"@type\":\"ImageObject\",\"url\":\"https:\\\/\\\/allasorias.hu\\\/hirek\\\/wp-content\\\/uploads\\\/2020\\\/04\\\/harvest-3914269_1920.jpg\",\"@id\":\"https:\\\/\\\/allasorias.hu\\\/hirek\\\/megsem-tudja-folvenni-a-mezogazdasag-a-munkanelkulieket\\\/#mainImage\",\"width\":1000,\"height\":667},\"primaryImageOfPage\":{\"@id\":\"https:\\\/\\\/allasorias.hu\\\/hirek\\\/megsem-tudja-folvenni-a-mezogazdasag-a-munkanelkulieket\\\/#mainImage\"},\"datePublished\":\"2020-04-08T07:27:27+02:00\",\"dateModified\":\"2022-12-23T09:44:01+02:00\"},{\"@type\":\"WebSite\",\"@id\":\"https:\\\/\\\/allasorias.hu\\\/hirek\\\/#website\",\"url\":\"https:\\\/\\\/allasorias.hu\\\/hirek\\\/\",\"name\":\"AllasOrias.hu | H\\u00edrek-lapszemle\",\"description\":\"\\u00dczleti h\\u00edrek az \\u00e1ll\\u00e1s \\u00e9s a munka vil\\u00e1g\\u00e1b\\u00f3l\",\"inLanguage\":\"hu-HU\",\"publisher\":{\"@id\":\"https:\\\/\\\/allasorias.hu\\\/hirek\\\/#organization\"}}]}\n\t\t<\/script>\n\t\t<!-- All in One SEO -->\n\n","aioseo_head_json":{"title":"M\u00e9gsem tudja f\u00f6lvenni a mez\u0151gazdas\u00e1g a munkan\u00e9lk\u00fclieket ? | AllasOrias.hu | H\u00edrek-lapszemle","description":"A szakemberek szerint \u00fagy t\u0171nik m\u00e9gsem j\u00f3 alternat\u00edva a mez\u0151gazdas\u00e1gban foglalkoztatni a j\u00e1rv\u00e1ny miatt elbocs\u00e1tott dolgoz\u00f3kat. A nagyobb mez\u0151gazdas\u00e1gi v\u00e1llalkoz\u00e1soknak mind\u00f6ssze 5 sz\u00e1zal\u00e9ka k\u00e9pes nagy sz\u00e1mban fogadni \u00faj munkav\u00e1llal\u00f3kat, a szabad feladatk\u00f6r\u00f6k bet\u00f6lt\u00e9se pedig els\u0151sorban a mez\u0151gazdas\u00e1got kor\u00e1bban elhagy\u00f3 munkaer\u0151 r\u00e9szleges visszat\u00e9r\u00e9s\u00e9t\u0151l v\u00e1rhat\u00f3. A mez\u0151gazdas\u00e1gban t\u00f6rt\u00e9n\u0151 elhelyezked\u00e9s lehet\u0151s\u00e9geit er\u0151sen korl\u00e1tozza, hogy a szektorban rendk\u00edv\u00fcl magas","canonical_url":"https:\/\/allasorias.hu\/hirek\/megsem-tudja-folvenni-a-mezogazdasag-a-munkanelkulieket\/","robots":"max-image-preview:large","keywords":"","webmasterTools":{"miscellaneous":""},"schema":{"@context":"https:\/\/schema.org","@graph":[{"@type":"Article","@id":"https:\/\/allasorias.hu\/hirek\/megsem-tudja-folvenni-a-mezogazdasag-a-munkanelkulieket\/#article","name":"M\u00e9gsem tudja f\u00f6lvenni a mez\u0151gazdas\u00e1g a munkan\u00e9lk\u00fclieket ? | AllasOrias.hu | H\u00edrek-lapszemle","headline":"M\u00e9gsem tudja f\u00f6lvenni a mez\u0151gazdas\u00e1g a munkan\u00e9lk\u00fclieket ?","author":{"@id":"https:\/\/allasorias.hu\/hirek\/author\/admin-allasorias\/#author"},"publisher":{"@id":"https:\/\/allasorias.hu\/hirek\/#organization"},"image":{"@type":"ImageObject","url":"https:\/\/allasorias.hu\/hirek\/wp-content\/uploads\/2020\/04\/harvest-3914269_1920.jpg","width":1000,"height":667},"datePublished":"2020-04-08T07:27:27+02:00","dateModified":"2022-12-23T09:44:01+02:00","inLanguage":"hu-HU","mainEntityOfPage":{"@id":"https:\/\/allasorias.hu\/hirek\/megsem-tudja-folvenni-a-mezogazdasag-a-munkanelkulieket\/#webpage"},"isPartOf":{"@id":"https:\/\/allasorias.hu\/hirek\/megsem-tudja-folvenni-a-mezogazdasag-a-munkanelkulieket\/#webpage"},"articleSection":"\u00c1ll\u00e1skeres\u00e9s, Gazdas\u00e1g, Hi\u00e1nyszakm\u00e1k, Munkaer\u0151piac"},{"@type":"BreadcrumbList","@id":"https:\/\/allasorias.hu\/hirek\/megsem-tudja-folvenni-a-mezogazdasag-a-munkanelkulieket\/#breadcrumblist","itemListElement":[{"@type":"ListItem","@id":"https:\/\/allasorias.hu\/hirek#listItem","position":1,"name":"Home","item":"https:\/\/allasorias.hu\/hirek","nextItem":{"@type":"ListItem","@id":"https:\/\/allasorias.hu\/hirek\/temak\/allaskereses\/#listItem","name":"\u00c1ll\u00e1skeres\u00e9s"}},{"@type":"ListItem","@id":"https:\/\/allasorias.hu\/hirek\/temak\/allaskereses\/#listItem","position":2,"name":"\u00c1ll\u00e1skeres\u00e9s","item":"https:\/\/allasorias.hu\/hirek\/temak\/allaskereses\/","nextItem":{"@type":"ListItem","@id":"https:\/\/allasorias.hu\/hirek\/megsem-tudja-folvenni-a-mezogazdasag-a-munkanelkulieket\/#listItem","name":"M\u00e9gsem tudja f\u00f6lvenni a mez\u0151gazdas\u00e1g a munkan\u00e9lk\u00fclieket ?"},"previousItem":{"@type":"ListItem","@id":"https:\/\/allasorias.hu\/hirek#listItem","name":"Home"}},{"@type":"ListItem","@id":"https:\/\/allasorias.hu\/hirek\/megsem-tudja-folvenni-a-mezogazdasag-a-munkanelkulieket\/#listItem","position":3,"name":"M\u00e9gsem tudja f\u00f6lvenni a mez\u0151gazdas\u00e1g a munkan\u00e9lk\u00fclieket ?","previousItem":{"@type":"ListItem","@id":"https:\/\/allasorias.hu\/hirek\/temak\/allaskereses\/#listItem","name":"\u00c1ll\u00e1skeres\u00e9s"}}]},{"@type":"Organization","@id":"https:\/\/allasorias.hu\/hirek\/#organization","name":"AllasOrias.hu | H\u00edrek-lapszemle","description":"\u00dczleti h\u00edrek az \u00e1ll\u00e1s \u00e9s a munka vil\u00e1g\u00e1b\u00f3l","url":"https:\/\/allasorias.hu\/hirek\/","logo":{"@type":"ImageObject","url":"https:\/\/allasorias.hu\/hirek\/wp-content\/uploads\/2022\/10\/allasorias_site_facebok_logo.png","@id":"https:\/\/allasorias.hu\/hirek\/megsem-tudja-folvenni-a-mezogazdasag-a-munkanelkulieket\/#organizationLogo"},"image":{"@id":"https:\/\/allasorias.hu\/hirek\/megsem-tudja-folvenni-a-mezogazdasag-a-munkanelkulieket\/#organizationLogo"},"sameAs":["https:\/\/www.facebook.com\/allasorias","https:\/\/www.linkedin.com\/company\/allasorias"]},{"@type":"Person","@id":"https:\/\/allasorias.hu\/hirek\/author\/admin-allasorias\/#author","url":"https:\/\/allasorias.hu\/hirek\/author\/admin-allasorias\/","name":"Juh\u00e1sz P\u00e9ter","image":{"@type":"ImageObject","@id":"https:\/\/allasorias.hu\/hirek\/megsem-tudja-folvenni-a-mezogazdasag-a-munkanelkulieket\/#authorImage","url":"https:\/\/secure.gravatar.com\/avatar\/36e6bcb83148978b992977cb0f54d22feb0cce8a0a849a9410532bb2623ba4c6?s=96&d=mm&r=g","width":96,"height":96,"caption":"Juh\u00e1sz P\u00e9ter"}},{"@type":"WebPage","@id":"https:\/\/allasorias.hu\/hirek\/megsem-tudja-folvenni-a-mezogazdasag-a-munkanelkulieket\/#webpage","url":"https:\/\/allasorias.hu\/hirek\/megsem-tudja-folvenni-a-mezogazdasag-a-munkanelkulieket\/","name":"M\u00e9gsem tudja f\u00f6lvenni a mez\u0151gazdas\u00e1g a munkan\u00e9lk\u00fclieket ? | AllasOrias.hu | H\u00edrek-lapszemle","description":"A szakemberek szerint \u00fagy t\u0171nik m\u00e9gsem j\u00f3 alternat\u00edva a mez\u0151gazdas\u00e1gban foglalkoztatni a j\u00e1rv\u00e1ny miatt elbocs\u00e1tott dolgoz\u00f3kat. A nagyobb mez\u0151gazdas\u00e1gi v\u00e1llalkoz\u00e1soknak mind\u00f6ssze 5 sz\u00e1zal\u00e9ka k\u00e9pes nagy sz\u00e1mban fogadni \u00faj munkav\u00e1llal\u00f3kat, a szabad feladatk\u00f6r\u00f6k bet\u00f6lt\u00e9se pedig els\u0151sorban a mez\u0151gazdas\u00e1got kor\u00e1bban elhagy\u00f3 munkaer\u0151 r\u00e9szleges visszat\u00e9r\u00e9s\u00e9t\u0151l v\u00e1rhat\u00f3. A mez\u0151gazdas\u00e1gban t\u00f6rt\u00e9n\u0151 elhelyezked\u00e9s lehet\u0151s\u00e9geit er\u0151sen korl\u00e1tozza, hogy a szektorban rendk\u00edv\u00fcl magas","inLanguage":"hu-HU","isPartOf":{"@id":"https:\/\/allasorias.hu\/hirek\/#website"},"breadcrumb":{"@id":"https:\/\/allasorias.hu\/hirek\/megsem-tudja-folvenni-a-mezogazdasag-a-munkanelkulieket\/#breadcrumblist"},"author":{"@id":"https:\/\/allasorias.hu\/hirek\/author\/admin-allasorias\/#author"},"creator":{"@id":"https:\/\/allasorias.hu\/hirek\/author\/admin-allasorias\/#author"},"image":{"@type":"ImageObject","url":"https:\/\/allasorias.hu\/hirek\/wp-content\/uploads\/2020\/04\/harvest-3914269_1920.jpg","@id":"https:\/\/allasorias.hu\/hirek\/megsem-tudja-folvenni-a-mezogazdasag-a-munkanelkulieket\/#mainImage","width":1000,"height":667},"primaryImageOfPage":{"@id":"https:\/\/allasorias.hu\/hirek\/megsem-tudja-folvenni-a-mezogazdasag-a-munkanelkulieket\/#mainImage"},"datePublished":"2020-04-08T07:27:27+02:00","dateModified":"2022-12-23T09:44:01+02:00"},{"@type":"WebSite","@id":"https:\/\/allasorias.hu\/hirek\/#website","url":"https:\/\/allasorias.hu\/hirek\/","name":"AllasOrias.hu | H\u00edrek-lapszemle","description":"\u00dczleti h\u00edrek az \u00e1ll\u00e1s \u00e9s a munka vil\u00e1g\u00e1b\u00f3l","inLanguage":"hu-HU","publisher":{"@id":"https:\/\/allasorias.hu\/hirek\/#organization"}}]},"og:locale":"hu_HU","og:site_name":"AllasOrias.hu | H\u00edrek-lapszemle | \u00dczleti h\u00edrek az \u00e1ll\u00e1s \u00e9s a munka vil\u00e1g\u00e1b\u00f3l","og:type":"article","og:title":"M\u00e9gsem tudja f\u00f6lvenni a mez\u0151gazdas\u00e1g a munkan\u00e9lk\u00fclieket ? | AllasOrias.hu | H\u00edrek-lapszemle","og:description":"A szakemberek szerint \u00fagy t\u0171nik m\u00e9gsem j\u00f3 alternat\u00edva a mez\u0151gazdas\u00e1gban foglalkoztatni a j\u00e1rv\u00e1ny miatt elbocs\u00e1tott dolgoz\u00f3kat. A nagyobb mez\u0151gazdas\u00e1gi v\u00e1llalkoz\u00e1soknak mind\u00f6ssze 5 sz\u00e1zal\u00e9ka k\u00e9pes nagy sz\u00e1mban fogadni \u00faj munkav\u00e1llal\u00f3kat, a szabad feladatk\u00f6r\u00f6k bet\u00f6lt\u00e9se pedig els\u0151sorban a mez\u0151gazdas\u00e1got kor\u00e1bban elhagy\u00f3 munkaer\u0151 r\u00e9szleges visszat\u00e9r\u00e9s\u00e9t\u0151l v\u00e1rhat\u00f3. A mez\u0151gazdas\u00e1gban t\u00f6rt\u00e9n\u0151 elhelyezked\u00e9s lehet\u0151s\u00e9geit er\u0151sen korl\u00e1tozza, hogy a szektorban rendk\u00edv\u00fcl magas","og:url":"https:\/\/allasorias.hu\/hirek\/megsem-tudja-folvenni-a-mezogazdasag-a-munkanelkulieket\/","og:image":"https:\/\/allasorias.hu\/hirek\/wp-content\/uploads\/2020\/04\/harvest-3914269_1920.jpg","og:image:secure_url":"https:\/\/allasorias.hu\/hirek\/wp-content\/uploads\/2020\/04\/harvest-3914269_1920.jpg","og:image:width":1000,"og:image:height":667,"article:published_time":"2020-04-08T07:27:27+00:00","article:modified_time":"2022-12-23T09:44:01+00:00","article:publisher":"https:\/\/www.facebook.com\/allasorias","twitter:card":"summary_large_image","twitter:title":"M\u00e9gsem tudja f\u00f6lvenni a mez\u0151gazdas\u00e1g a munkan\u00e9lk\u00fclieket ? | AllasOrias.hu | H\u00edrek-lapszemle","twitter:description":"A szakemberek szerint \u00fagy t\u0171nik m\u00e9gsem j\u00f3 alternat\u00edva a mez\u0151gazdas\u00e1gban foglalkoztatni a j\u00e1rv\u00e1ny miatt elbocs\u00e1tott dolgoz\u00f3kat. A nagyobb mez\u0151gazdas\u00e1gi v\u00e1llalkoz\u00e1soknak mind\u00f6ssze 5 sz\u00e1zal\u00e9ka k\u00e9pes nagy sz\u00e1mban fogadni \u00faj munkav\u00e1llal\u00f3kat, a szabad feladatk\u00f6r\u00f6k bet\u00f6lt\u00e9se pedig els\u0151sorban a mez\u0151gazdas\u00e1got kor\u00e1bban elhagy\u00f3 munkaer\u0151 r\u00e9szleges visszat\u00e9r\u00e9s\u00e9t\u0151l v\u00e1rhat\u00f3. A mez\u0151gazdas\u00e1gban t\u00f6rt\u00e9n\u0151 elhelyezked\u00e9s lehet\u0151s\u00e9geit er\u0151sen korl\u00e1tozza, hogy a szektorban rendk\u00edv\u00fcl magas","twitter:image":"https:\/\/allasorias.hu\/hirek\/wp-content\/uploads\/2020\/04\/harvest-3914269_1920.jpg","twitter:label1":"Written by","twitter:data1":"Juh\u00e1sz P\u00e9ter","twitter:label2":"Est. reading time","twitter:data2":"3 minutes"},"aioseo_meta_data":{"post_id":"3885","title":null,"description":null,"keywords":[],"keyphrases":{"focus":{"keyphrase":"","score":0,"analysis":{"keyphraseInTitle":{"score":0,"maxScore":9,"error":1}}},"additional":[]},"primary_term":null,"canonical_url":null,"og_title":null,"og_description":null,"og_object_type":"default","og_image_type":"default","og_image_url":null,"og_image_width":null,"og_image_height":null,"og_image_custom_url":null,"og_image_custom_fields":null,"og_video":"","og_custom_url":null,"og_article_section":null,"og_article_tags":[],"twitter_use_og":false,"twitter_card":"default","twitter_image_type":"default","twitter_image_url":null,"twitter_image_custom_url":null,"twitter_image_custom_fields":null,"twitter_title":null,"twitter_description":null,"schema":{"blockGraphs":[],"customGraphs":[],"default":{"data":{"Article":[],"Course":[],"Dataset":[],"FAQPage":[],"Movie":[],"Person":[],"Product":[],"ProductReview":[],"Car":[],"Recipe":[],"Service":[],"SoftwareApplication":[],"WebPage":[]},"graphName":"Article","isEnabled":true},"graphs":[],"defaultGraph":"","defaultPostTypeGraph":""},"schema_type":null,"schema_type_options":null,"pillar_content":false,"robots_default":true,"robots_noindex":false,"robots_noarchive":false,"robots_nosnippet":false,"robots_nofollow":false,"robots_noimageindex":false,"robots_noodp":false,"robots_notranslate":false,"robots_max_snippet":"-1","robots_max_videopreview":"-1","robots_max_imagepreview":"large","priority":null,"frequency":"default","location":null,"local_seo":null,"breadcrumb_settings":null,"limit_modified_date":false,"ai":null,"created":"2021-02-01 21:31:47","updated":"2025-10-02 13:42:21","seo_analyzer_scan_date":null,"focus_keyword":null,"additional_keywords":null,"truseo_locale":null},"aioseo_breadcrumb":"<div class=\"aioseo-breadcrumbs\"><span class=\"aioseo-breadcrumb\">\n\t\t\t<a href=\"https:\/\/allasorias.hu\/hirek\" title=\"Home\">Home<\/a>\n\t\t<\/span><span class=\"aioseo-breadcrumb-separator\">&raquo;<\/span><span class=\"aioseo-breadcrumb\">\n\t\t\t<a href=\"https:\/\/allasorias.hu\/hirek\/temak\/allaskereses\/\" title=\"\u00c1ll\u00e1skeres\u00e9s\">\u00c1ll\u00e1skeres\u00e9s<\/a>\n\t\t<\/span><span class=\"aioseo-breadcrumb-separator\">&raquo;<\/span><span class=\"aioseo-breadcrumb\">\n\t\t\tM\u00e9gsem tudja f\u00f6lvenni a mez\u0151gazdas\u00e1g a munkan\u00e9lk\u00fclieket ?\n\t\t<\/span><\/div>","aioseo_breadcrumb_json":[{"label":"Home","link":"https:\/\/allasorias.hu\/hirek"},{"label":"\u00c1ll\u00e1skeres\u00e9s","link":"https:\/\/allasorias.hu\/hirek\/temak\/allaskereses\/"},{"label":"M\u00e9gsem tudja f\u00f6lvenni a mez\u0151gazdas\u00e1g a munkan\u00e9lk\u00fclieket ?","link":"https:\/\/allasorias.hu\/hirek\/megsem-tudja-folvenni-a-mezogazdasag-a-munkanelkulieket\/"}],"_links":{"self":[{"href":"https:\/\/allasorias.hu\/hirek\/wp-json\/wp\/v2\/posts\/3885","targetHints":{"allow":["GET"]}}],"collection":[{"href":"https:\/\/allasorias.hu\/hirek\/wp-json\/wp\/v2\/posts"}],"about":[{"href":"https:\/\/allasorias.hu\/hirek\/wp-json\/wp\/v2\/types\/post"}],"author":[{"embeddable":true,"href":"https:\/\/allasorias.hu\/hirek\/wp-json\/wp\/v2\/users\/1"}],"replies":[{"embeddable":true,"href":"https:\/\/allasorias.hu\/hirek\/wp-json\/wp\/v2\/comments?post=3885"}],"version-history":[{"count":1,"href":"https:\/\/allasorias.hu\/hirek\/wp-json\/wp\/v2\/posts\/3885\/revisions"}],"predecessor-version":[{"id":3887,"href":"https:\/\/allasorias.hu\/hirek\/wp-json\/wp\/v2\/posts\/3885\/revisions\/3887"}],"wp:featuredmedia":[{"embeddable":true,"href":"https:\/\/allasorias.hu\/hirek\/wp-json\/wp\/v2\/media\/6085"}],"wp:attachment":[{"href":"https:\/\/allasorias.hu\/hirek\/wp-json\/wp\/v2\/media?parent=3885"}],"wp:term":[{"taxonomy":"category","embeddable":true,"href":"https:\/\/allasorias.hu\/hirek\/wp-json\/wp\/v2\/categories?post=3885"},{"taxonomy":"post_tag","embeddable":true,"href":"https:\/\/allasorias.hu\/hirek\/wp-json\/wp\/v2\/tags?post=3885"}],"curies":[{"name":"wp","href":"https:\/\/api.w.org\/{rel}","templated":true}]}}