{"id":3882,"date":"2020-04-07T08:18:45","date_gmt":"2020-04-07T08:18:45","guid":{"rendered":"https:\/\/allasorias.hu\/hirek\/?p=3882"},"modified":"2020-04-07T08:18:45","modified_gmt":"2020-04-07T08:18:45","slug":"munkaero-kolcsonzo-ceg-bukott-le","status":"publish","type":"post","link":"https:\/\/allasorias.hu\/hirek\/munkaero-kolcsonzo-ceg-bukott-le\/","title":{"rendered":"Munkaer\u0151-k\u00f6lcs\u00f6nz\u0151 c\u00e9g bukott le"},"content":{"rendered":"<p><strong>Egymilli\u00e1rd forint \u00e9rt\u00e9kben k\u00e9szp\u00e9nzt, luxusaut\u00f3kat, ingatlanokat foglalt le a Nemzeti Ad\u00f3- \u00e9s V\u00e1mhivatal. A f\u00e9ny\u0171z\u0151 k\u00f6r\u00fclm\u00e9nyek k\u00f6z\u00f6tt \u00e9l\u0151 b\u0171n\u00f6z\u0151k a munkav\u00e1llal\u00f3k ut\u00e1n fizetend\u0151 k\u00f6zterheket csalt\u00e1k el, csaknem k\u00e9tmilli\u00e1rd forint k\u00e1rt okozva a k\u00f6lts\u00e9gvet\u00e9snek. <\/strong><\/p>\n<p>A c\u00e9gh\u00e1l\u00f3 nagyv\u00e1llalatoknak, aut\u00f3ipari besz\u00e1ll\u00edt\u00f3 multiknak k\u00f6zvet\u00edtett munkaer\u0151t. A t\u00f6bb sz\u00e1z munkav\u00e1llal\u00f3 ut\u00e1n azonban nem fizett\u00e9k az ad\u00f3kat \u00e9s j\u00e1rul\u00e9kokat, noha megrendel\u0151ikt\u0151l megkapt\u00e1k a k\u00f6zvet\u00edtett munkaer\u0151 teljes b\u00e9rk\u00f6lts\u00e9g\u00e9t, illetve a k\u00f6zvet\u00edt\u0151i d\u00edjat is. A csal\u00e1sban r\u00e9szt vev\u0151 t\u00e1rsas\u00e1gok els\u0151 k\u00f6rben hamis ad\u00f3bevall\u00e1sokat ny\u00fajtottak be, majd miut\u00e1n ut\u00f3lag bevallott\u00e1k a fizetend\u0151 k\u00f6zterheket, h\u00e1trahagyt\u00e1k a vagyontalan, tetemes ad\u00f3tartoz\u00e1ssal rendelkez\u0151 c\u00e9geket. Ezzel a m\u00f3dszerrel k\u00e9tmilli\u00e1rd forint k\u00e1rt okoztak a k\u00f6lts\u00e9gvet\u00e9snek &#8211; adta h\u00edr\u00fcl a NAV. A szervezet felsz\u00e1mol\u00e1s\u00e1ra a NAV nyomoz\u00f3i IT-szakemberek \u00e9s j\u00e1r\u0151r\u00f6k bevon\u00e1s\u00e1val \u00f6sszesen 28 helysz\u00ednen tartottak kutat\u00e1sokat \u00e9s lefoglal\u00e1sokat, tan\u00fakat \u00e9s gyan\u00fas\u00edtottakat hallgattak ki. A NAV Fej\u00e9r, valamint Kom\u00e1rom-Esztergom Megyei Ad\u00f3- \u00e9s V\u00e1migazgat\u00f3s\u00e1gainak revizorai ezzel egyidej\u0171leg a megrendel\u0151 c\u00e9gekn\u00e9l is vizsg\u00e1l\u00f3dtak, ahol a k\u00f6zvet\u00edtett dolgoz\u00f3kat nyilatkoztatt\u00e1k. Az akci\u00f3t a Terrorelh\u00e1r\u00edt\u00e1si K\u00f6zpont is t\u00e1mogatta. A b\u0171nbanda fej\u00e9t a TEK m\u0171veleti egys\u00e9ge fogta el Fej\u00e9r megyei otthon\u00e1ban. \u0150t gyan\u00fas\u00edtotti kihallgat\u00e1sa ut\u00e1n a NAV nyomoz\u00f3i \u0151rizetbe is vett\u00e9k. Az elj\u00e1r\u00e1sban felt\u00e1rt inform\u00e1ci\u00f3k alapj\u00e1n a f\u00e9rfival szemben szexu\u00e1lis b\u0171ncselekm\u00e9ny gyan\u00faja is felmer\u00fclt, ez\u00e9rt a NAV az illet\u00e9kes hat\u00f3s\u00e1gokat is \u00e9rtes\u00edtette. A nyomoz\u00e1s b\u0171nszervezetben elk\u00f6vetett k\u00f6lts\u00e9gvet\u00e9si csal\u00e1s miatt folyik &#8211; olvashat\u00f3 a k\u00f6zlem\u00e9nyben.<\/p>\n<p>Forr\u00e1s: napi.hu<\/p>\n","protected":false},"excerpt":{"rendered":"<p>Egymilli\u00e1rd forint \u00e9rt\u00e9kben k\u00e9szp\u00e9nzt, luxusaut\u00f3kat, ingatlanokat foglalt le a Nemzeti Ad\u00f3- \u00e9s V\u00e1mhivatal. A f\u00e9ny\u0171z\u0151 k\u00f6r\u00fclm\u00e9nyek k\u00f6z\u00f6tt \u00e9l\u0151 b\u0171n\u00f6z\u0151k a munkav\u00e1llal\u00f3k ut\u00e1n fizetend\u0151 k\u00f6zterheket csalt\u00e1k el, csaknem k\u00e9tmilli\u00e1rd forint k\u00e1rt okozva a k\u00f6lts\u00e9gvet\u00e9snek. A c\u00e9gh\u00e1l\u00f3 nagyv\u00e1llalatoknak, aut\u00f3ipari besz\u00e1ll\u00edt\u00f3 multiknak k\u00f6zvet\u00edtett munkaer\u0151t. A t\u00f6bb sz\u00e1z munkav\u00e1llal\u00f3 ut\u00e1n azonban nem fizett\u00e9k az ad\u00f3kat \u00e9s j\u00e1rul\u00e9kokat, noha megrendel\u0151ikt\u0151l [&hellip;]<\/p>\n","protected":false},"author":1,"featured_media":3883,"comment_status":"open","ping_status":"open","sticky":false,"template":"","format":"standard","meta":{"_monsterinsights_skip_tracking":false,"_monsterinsights_sitenote_active":false,"_monsterinsights_sitenote_note":"","_monsterinsights_sitenote_category":0,"footnotes":""},"categories":[198,200],"tags":[],"class_list":["post-3882","post","type-post","status-publish","format-standard","has-post-thumbnail","hentry","category-gazdasag","category-munkaeropiac"],"aioseo_notices":[],"_links":{"self":[{"href":"https:\/\/allasorias.hu\/hirek\/wp-json\/wp\/v2\/posts\/3882","targetHints":{"allow":["GET"]}}],"collection":[{"href":"https:\/\/allasorias.hu\/hirek\/wp-json\/wp\/v2\/posts"}],"about":[{"href":"https:\/\/allasorias.hu\/hirek\/wp-json\/wp\/v2\/types\/post"}],"author":[{"embeddable":true,"href":"https:\/\/allasorias.hu\/hirek\/wp-json\/wp\/v2\/users\/1"}],"replies":[{"embeddable":true,"href":"https:\/\/allasorias.hu\/hirek\/wp-json\/wp\/v2\/comments?post=3882"}],"version-history":[{"count":1,"href":"https:\/\/allasorias.hu\/hirek\/wp-json\/wp\/v2\/posts\/3882\/revisions"}],"predecessor-version":[{"id":3884,"href":"https:\/\/allasorias.hu\/hirek\/wp-json\/wp\/v2\/posts\/3882\/revisions\/3884"}],"wp:featuredmedia":[{"embeddable":true,"href":"https:\/\/allasorias.hu\/hirek\/wp-json\/wp\/v2\/media\/3883"}],"wp:attachment":[{"href":"https:\/\/allasorias.hu\/hirek\/wp-json\/wp\/v2\/media?parent=3882"}],"wp:term":[{"taxonomy":"category","embeddable":true,"href":"https:\/\/allasorias.hu\/hirek\/wp-json\/wp\/v2\/categories?post=3882"},{"taxonomy":"post_tag","embeddable":true,"href":"https:\/\/allasorias.hu\/hirek\/wp-json\/wp\/v2\/tags?post=3882"}],"curies":[{"name":"wp","href":"https:\/\/api.w.org\/{rel}","templated":true}]}}