{"id":3871,"date":"2020-04-03T08:10:40","date_gmt":"2020-04-03T08:10:40","guid":{"rendered":"https:\/\/allasorias.hu\/hirek\/?p=3871"},"modified":"2020-04-06T08:11:03","modified_gmt":"2020-04-06T08:11:03","slug":"mehetnek-nemetorszagba-a-magyar-munkasok","status":"publish","type":"post","link":"https:\/\/allasorias.hu\/hirek\/mehetnek-nemetorszagba-a-magyar-munkasok\/","title":{"rendered":"Mehetnek N\u00e9metorsz\u00e1gba a magyar munk\u00e1sok"},"content":{"rendered":"<p><strong>Enyh\u00fcl a teljes tilalom N\u00e9metorsz\u00e1gban a mez\u0151gazdas\u00e1gi id\u00e9nymunk\u00e1sokat illet\u0151en. A nagyfok\u00fa munkaer\u0151 ig\u00e9ny miatt, szigor\u00fa szab\u00e1lyok mellett m\u00e9giscsak enged\u00e9lyezik t\u00f6bb t\u00edzezer k\u00fclf\u00f6ldi mez\u0151gazdas\u00e1gi id\u00e9nymunk\u00e1s beutaz\u00e1s\u00e1t N\u00e9metorsz\u00e1gban<\/strong>.<\/p>\n<p>A tavaszi munk\u00e1kra, p\u00e9ld\u00e1ul a N\u00e9metorsz\u00e1gban rendk\u00edv\u00fcl n\u00e9pszer\u0171 sp\u00e1rga betakar\u00edt\u00e1s\u00e1ra m\u00e1jus v\u00e9g\u00e9ig nagyj\u00e1b\u00f3l 100 ezer id\u00e9nymunk\u00e1sra van sz\u00fcks\u00e9g az \u00e1gazatban, de a j\u00e1rv\u00e1ny miatt m\u00e1rcius 20-\u00e1n elrendelt beutaz\u00e1si tilalom ut\u00e1n csak 20 ezren maradtak az orsz\u00e1gban. \u0150k t\u00f6bbnyire eur\u00f3pai uni\u00f3s t\u00e1rsorsz\u00e1gok &#8211; f\u0151leg Lengyelorsz\u00e1g, Rom\u00e1nia, Bulg\u00e1ria &#8211; \u00e1llampolg\u00e1rai, \u00e9s az eredeti szab\u00e1lyok szerint 75 munkanapot dolgozhatnak le a gazdas\u00e1gokban. Enged\u00e9lyeiket meghosszabb\u00edtott\u00e1k, \u00edgy 115 munkanapot teljes\u00edthetnek, a napr\u00f3l napra s\u00falyosbod\u00f3 munkaer\u0151hi\u00e1ny miatt pedig rendk\u00edv\u00fcli \u00e9s \u00e1tmeneti szab\u00e1lyokat l\u00e9ptetnek \u00e9letbe a hi\u00e1ny enyh\u00edt\u00e9s\u00e9re.\u00a0\u00a0 \u00c1prilisban 40 ezer, m\u00e1jusban tov\u00e1bbi 40 ezer k\u00fclf\u00f6ldi id\u00e9nymunk\u00e1st fogadhatnak fel a mez\u0151gazdas\u00e1gi termel\u0151k. Ezek a munkav\u00e1llal\u00f3k kiz\u00e1r\u00f3lag rep\u00fcl\u0151vel, \u00e9s csak csoportosan utazhatnak be N\u00e9metorsz\u00e1gba, \u00e9s ugyan\u00edgy t\u00e1vozhatnak. Foglalkoztat\u00e1sukr\u00f3l a v\u00e1llalkoz\u00e1sok az \u00e1gazati \u00e9rdekk\u00e9pviseletekkel \u00e9s a hat\u00f3s\u00e1gokkal egy\u00fcttm\u0171k\u00f6dve gondoskodnak. A szab\u00e1lyokat a Robert Koch orsz\u00e1gos j\u00e1rv\u00e1ny\u00fcgyi int\u00e9zet (RKI) aj\u00e1nl\u00e1sai alapj\u00e1n dolgozt\u00e1k ki. Az id\u00e9nymunk\u00e1sokat a sz\u00f6vets\u00e9gi rend\u0151rs\u00e9g egys\u00e9gei fogadj\u00e1k a kijel\u00f6lt rep\u00fcl\u0151tereken. Azonos\u00edt\u00e1suk ut\u00e1n megvizsg\u00e1lj\u00e1k eg\u00e9szs\u00e9gi \u00e1llapotukat, az eredm\u00e9nyeket k\u00f6zlik a ter\u00fcletileg illet\u00e9kes k\u00f6zeg\u00e9szs\u00e9g\u00fcgyi hivatallal. Fert\u0151z\u00e9sgyan\u00fa eset\u00e9n megtagadj\u00e1k a bel\u00e9p\u00e9st az orsz\u00e1gba. Az id\u00e9nymunk\u00e1sokat legfeljebb 20 emberb\u0151l \u00e1ll\u00f3 csoportokba osztj\u00e1k. A csoportok tagjai az els\u0151 14 napon &#8211; a koronav\u00edrus lappang\u00e1si ideje alatt &#8211; karant\u00e9nban vannak, vagyis egy\u00fctt dolgoznak, szabadidej\u00fckben sem \u00e9rintkezhetnek m\u00e1s csoportok tagjaival \u00e9s nem hagyhatj\u00e1k el sz\u00e1ll\u00e1sukat, illetve a munkav\u00e9gz\u00e9s hely\u00e9t.<\/p>\n<p>Forr\u00e1s: infostart.hu<\/p>\n","protected":false},"excerpt":{"rendered":"<p>Enyh\u00fcl a teljes tilalom N\u00e9metorsz\u00e1gban a mez\u0151gazdas\u00e1gi id\u00e9nymunk\u00e1sokat illet\u0151en. A nagyfok\u00fa munkaer\u0151 ig\u00e9ny miatt, szigor\u00fa szab\u00e1lyok mellett m\u00e9giscsak enged\u00e9lyezik t\u00f6bb t\u00edzezer k\u00fclf\u00f6ldi mez\u0151gazdas\u00e1gi id\u00e9nymunk\u00e1s beutaz\u00e1s\u00e1t N\u00e9metorsz\u00e1gban. A tavaszi munk\u00e1kra, p\u00e9ld\u00e1ul a N\u00e9metorsz\u00e1gban rendk\u00edv\u00fcl n\u00e9pszer\u0171 sp\u00e1rga betakar\u00edt\u00e1s\u00e1ra m\u00e1jus v\u00e9g\u00e9ig nagyj\u00e1b\u00f3l 100 ezer id\u00e9nymunk\u00e1sra van sz\u00fcks\u00e9g az \u00e1gazatban, de a j\u00e1rv\u00e1ny miatt m\u00e1rcius 20-\u00e1n elrendelt beutaz\u00e1si tilalom [&hellip;]<\/p>\n","protected":false},"author":1,"featured_media":0,"comment_status":"open","ping_status":"open","sticky":false,"template":"","format":"standard","meta":{"_monsterinsights_skip_tracking":false,"footnotes":""},"categories":[198,201,200],"tags":[],"class_list":["post-3871","post","type-post","status-publish","format-standard","hentry","category-gazdasag","category-kulfold","category-munkaeropiac"],"aioseo_notices":[],"aioseo_head":"\n\t\t<!-- All in One SEO 5.0.0.1 - aioseo.com -->\n\t<meta name=\"description\" content=\"Enyh\u00fcl a teljes tilalom N\u00e9metorsz\u00e1gban a mez\u0151gazdas\u00e1gi id\u00e9nymunk\u00e1sokat illet\u0151en. A nagyfok\u00fa munkaer\u0151 ig\u00e9ny miatt, szigor\u00fa szab\u00e1lyok mellett m\u00e9giscsak enged\u00e9lyezik t\u00f6bb t\u00edzezer k\u00fclf\u00f6ldi mez\u0151gazdas\u00e1gi id\u00e9nymunk\u00e1s beutaz\u00e1s\u00e1t N\u00e9metorsz\u00e1gban. A tavaszi munk\u00e1kra, p\u00e9ld\u00e1ul a N\u00e9metorsz\u00e1gban rendk\u00edv\u00fcl n\u00e9pszer\u0171 sp\u00e1rga betakar\u00edt\u00e1s\u00e1ra m\u00e1jus v\u00e9g\u00e9ig nagyj\u00e1b\u00f3l 100 ezer id\u00e9nymunk\u00e1sra van sz\u00fcks\u00e9g az \u00e1gazatban, de a j\u00e1rv\u00e1ny miatt m\u00e1rcius 20-\u00e1n elrendelt beutaz\u00e1si tilalom\" \/>\n\t<meta name=\"robots\" content=\"max-image-preview:large\" \/>\n\t<meta name=\"author\" content=\"Juh\u00e1sz P\u00e9ter\"\/>\n\t<link rel=\"canonical\" href=\"https:\/\/allasorias.hu\/hirek\/mehetnek-nemetorszagba-a-magyar-munkasok\/\" \/>\n\t<meta name=\"generator\" content=\"All in One SEO (AIOSEO) 5.0.0.1\" \/>\n\t\t<meta property=\"og:locale\" content=\"hu_HU\" \/>\n\t\t<meta property=\"og:site_name\" content=\"AllasOrias.hu | H\u00edrek-lapszemle | \u00dczleti h\u00edrek az \u00e1ll\u00e1s \u00e9s a munka vil\u00e1g\u00e1b\u00f3l\" \/>\n\t\t<meta property=\"og:type\" content=\"article\" \/>\n\t\t<meta property=\"og:title\" content=\"Mehetnek N\u00e9metorsz\u00e1gba a magyar munk\u00e1sok | AllasOrias.hu | H\u00edrek-lapszemle\" \/>\n\t\t<meta property=\"og:description\" content=\"Enyh\u00fcl a teljes tilalom N\u00e9metorsz\u00e1gban a mez\u0151gazdas\u00e1gi id\u00e9nymunk\u00e1sokat illet\u0151en. A nagyfok\u00fa munkaer\u0151 ig\u00e9ny miatt, szigor\u00fa szab\u00e1lyok mellett m\u00e9giscsak enged\u00e9lyezik t\u00f6bb t\u00edzezer k\u00fclf\u00f6ldi mez\u0151gazdas\u00e1gi id\u00e9nymunk\u00e1s beutaz\u00e1s\u00e1t N\u00e9metorsz\u00e1gban. A tavaszi munk\u00e1kra, p\u00e9ld\u00e1ul a N\u00e9metorsz\u00e1gban rendk\u00edv\u00fcl n\u00e9pszer\u0171 sp\u00e1rga betakar\u00edt\u00e1s\u00e1ra m\u00e1jus v\u00e9g\u00e9ig nagyj\u00e1b\u00f3l 100 ezer id\u00e9nymunk\u00e1sra van sz\u00fcks\u00e9g az \u00e1gazatban, de a j\u00e1rv\u00e1ny miatt m\u00e1rcius 20-\u00e1n elrendelt beutaz\u00e1si tilalom\" \/>\n\t\t<meta property=\"og:url\" content=\"https:\/\/allasorias.hu\/hirek\/mehetnek-nemetorszagba-a-magyar-munkasok\/\" \/>\n\t\t<meta property=\"og:image\" content=\"https:\/\/allasorias.hu\/hirek\/wp-content\/uploads\/2022\/10\/allasorias-fb-logo.png\" \/>\n\t\t<meta property=\"og:image:secure_url\" content=\"https:\/\/allasorias.hu\/hirek\/wp-content\/uploads\/2022\/10\/allasorias-fb-logo.png\" \/>\n\t\t<meta property=\"og:image:width\" content=\"437\" \/>\n\t\t<meta property=\"og:image:height\" content=\"200\" \/>\n\t\t<meta property=\"article:published_time\" content=\"2020-04-03T08:10:40+00:00\" \/>\n\t\t<meta property=\"article:modified_time\" content=\"2020-04-06T08:11:03+00:00\" \/>\n\t\t<meta property=\"article:publisher\" content=\"https:\/\/www.facebook.com\/allasorias\" \/>\n\t\t<meta name=\"twitter:card\" content=\"summary_large_image\" \/>\n\t\t<meta name=\"twitter:title\" content=\"Mehetnek N\u00e9metorsz\u00e1gba a magyar munk\u00e1sok | AllasOrias.hu | H\u00edrek-lapszemle\" \/>\n\t\t<meta name=\"twitter:description\" content=\"Enyh\u00fcl a teljes tilalom N\u00e9metorsz\u00e1gban a mez\u0151gazdas\u00e1gi id\u00e9nymunk\u00e1sokat illet\u0151en. A nagyfok\u00fa munkaer\u0151 ig\u00e9ny miatt, szigor\u00fa szab\u00e1lyok mellett m\u00e9giscsak enged\u00e9lyezik t\u00f6bb t\u00edzezer k\u00fclf\u00f6ldi mez\u0151gazdas\u00e1gi id\u00e9nymunk\u00e1s beutaz\u00e1s\u00e1t N\u00e9metorsz\u00e1gban. A tavaszi munk\u00e1kra, p\u00e9ld\u00e1ul a N\u00e9metorsz\u00e1gban rendk\u00edv\u00fcl n\u00e9pszer\u0171 sp\u00e1rga betakar\u00edt\u00e1s\u00e1ra m\u00e1jus v\u00e9g\u00e9ig nagyj\u00e1b\u00f3l 100 ezer id\u00e9nymunk\u00e1sra van sz\u00fcks\u00e9g az \u00e1gazatban, de a j\u00e1rv\u00e1ny miatt m\u00e1rcius 20-\u00e1n elrendelt beutaz\u00e1si tilalom\" \/>\n\t\t<meta name=\"twitter:image\" content=\"https:\/\/allasorias.hu\/hirek\/wp-content\/uploads\/2022\/10\/allasorias-fb-logo.png\" \/>\n\t\t<meta name=\"twitter:label1\" content=\"Written by\" \/>\n\t\t<meta name=\"twitter:data1\" content=\"Juh\u00e1sz P\u00e9ter\" \/>\n\t\t<meta name=\"twitter:label2\" content=\"Est. reading time\" \/>\n\t\t<meta name=\"twitter:data2\" content=\"2 minutes\" \/>\n\t\t<script type=\"application\/ld+json\" class=\"aioseo-schema\">\n\t\t\t{\"@context\":\"https:\\\/\\\/schema.org\",\"@graph\":[{\"@type\":\"Article\",\"@id\":\"https:\\\/\\\/allasorias.hu\\\/hirek\\\/mehetnek-nemetorszagba-a-magyar-munkasok\\\/#article\",\"name\":\"Mehetnek N\\u00e9metorsz\\u00e1gba a magyar munk\\u00e1sok | AllasOrias.hu | H\\u00edrek-lapszemle\",\"headline\":\"Mehetnek N\\u00e9metorsz\\u00e1gba a magyar munk\\u00e1sok\",\"author\":{\"@id\":\"https:\\\/\\\/allasorias.hu\\\/hirek\\\/author\\\/admin-allasorias\\\/#author\"},\"publisher\":{\"@id\":\"https:\\\/\\\/allasorias.hu\\\/hirek\\\/#organization\"},\"image\":{\"@type\":\"ImageObject\",\"url\":\"https:\\\/\\\/allasorias.hu\\\/hirek\\\/wp-content\\\/uploads\\\/2022\\\/10\\\/allasorias_site_facebok_logo.png\",\"@id\":\"https:\\\/\\\/allasorias.hu\\\/hirek\\\/#articleImage\"},\"datePublished\":\"2020-04-03T08:10:40+02:00\",\"dateModified\":\"2020-04-06T08:11:03+02:00\",\"inLanguage\":\"hu-HU\",\"mainEntityOfPage\":{\"@id\":\"https:\\\/\\\/allasorias.hu\\\/hirek\\\/mehetnek-nemetorszagba-a-magyar-munkasok\\\/#webpage\"},\"isPartOf\":{\"@id\":\"https:\\\/\\\/allasorias.hu\\\/hirek\\\/mehetnek-nemetorszagba-a-magyar-munkasok\\\/#webpage\"},\"articleSection\":\"Gazdas\\u00e1g, K\\u00fclf\\u00f6ld, Munkaer\\u0151piac\"},{\"@type\":\"BreadcrumbList\",\"@id\":\"https:\\\/\\\/allasorias.hu\\\/hirek\\\/mehetnek-nemetorszagba-a-magyar-munkasok\\\/#breadcrumblist\",\"itemListElement\":[{\"@type\":\"ListItem\",\"@id\":\"https:\\\/\\\/allasorias.hu\\\/hirek#listItem\",\"position\":1,\"name\":\"Home\",\"item\":\"https:\\\/\\\/allasorias.hu\\\/hirek\",\"nextItem\":{\"@type\":\"ListItem\",\"@id\":\"https:\\\/\\\/allasorias.hu\\\/hirek\\\/temak\\\/gazdasag\\\/#listItem\",\"name\":\"Gazdas\\u00e1g\"}},{\"@type\":\"ListItem\",\"@id\":\"https:\\\/\\\/allasorias.hu\\\/hirek\\\/temak\\\/gazdasag\\\/#listItem\",\"position\":2,\"name\":\"Gazdas\\u00e1g\",\"item\":\"https:\\\/\\\/allasorias.hu\\\/hirek\\\/temak\\\/gazdasag\\\/\",\"nextItem\":{\"@type\":\"ListItem\",\"@id\":\"https:\\\/\\\/allasorias.hu\\\/hirek\\\/mehetnek-nemetorszagba-a-magyar-munkasok\\\/#listItem\",\"name\":\"Mehetnek N\\u00e9metorsz\\u00e1gba a magyar munk\\u00e1sok\"},\"previousItem\":{\"@type\":\"ListItem\",\"@id\":\"https:\\\/\\\/allasorias.hu\\\/hirek#listItem\",\"name\":\"Home\"}},{\"@type\":\"ListItem\",\"@id\":\"https:\\\/\\\/allasorias.hu\\\/hirek\\\/mehetnek-nemetorszagba-a-magyar-munkasok\\\/#listItem\",\"position\":3,\"name\":\"Mehetnek N\\u00e9metorsz\\u00e1gba a magyar munk\\u00e1sok\",\"previousItem\":{\"@type\":\"ListItem\",\"@id\":\"https:\\\/\\\/allasorias.hu\\\/hirek\\\/temak\\\/gazdasag\\\/#listItem\",\"name\":\"Gazdas\\u00e1g\"}}]},{\"@type\":\"Organization\",\"@id\":\"https:\\\/\\\/allasorias.hu\\\/hirek\\\/#organization\",\"name\":\"AllasOrias.hu | H\\u00edrek-lapszemle\",\"description\":\"\\u00dczleti h\\u00edrek az \\u00e1ll\\u00e1s \\u00e9s a munka vil\\u00e1g\\u00e1b\\u00f3l\",\"url\":\"https:\\\/\\\/allasorias.hu\\\/hirek\\\/\",\"logo\":{\"@type\":\"ImageObject\",\"url\":\"https:\\\/\\\/allasorias.hu\\\/hirek\\\/wp-content\\\/uploads\\\/2022\\\/10\\\/allasorias_site_facebok_logo.png\",\"@id\":\"https:\\\/\\\/allasorias.hu\\\/hirek\\\/mehetnek-nemetorszagba-a-magyar-munkasok\\\/#organizationLogo\"},\"image\":{\"@id\":\"https:\\\/\\\/allasorias.hu\\\/hirek\\\/mehetnek-nemetorszagba-a-magyar-munkasok\\\/#organizationLogo\"},\"sameAs\":[\"https:\\\/\\\/www.facebook.com\\\/allasorias\",\"https:\\\/\\\/www.linkedin.com\\\/company\\\/allasorias\"]},{\"@type\":\"Person\",\"@id\":\"https:\\\/\\\/allasorias.hu\\\/hirek\\\/author\\\/admin-allasorias\\\/#author\",\"url\":\"https:\\\/\\\/allasorias.hu\\\/hirek\\\/author\\\/admin-allasorias\\\/\",\"name\":\"Juh\\u00e1sz P\\u00e9ter\",\"image\":{\"@type\":\"ImageObject\",\"@id\":\"https:\\\/\\\/allasorias.hu\\\/hirek\\\/mehetnek-nemetorszagba-a-magyar-munkasok\\\/#authorImage\",\"url\":\"https:\\\/\\\/secure.gravatar.com\\\/avatar\\\/36e6bcb83148978b992977cb0f54d22feb0cce8a0a849a9410532bb2623ba4c6?s=96&d=mm&r=g\",\"width\":96,\"height\":96,\"caption\":\"Juh\\u00e1sz P\\u00e9ter\"}},{\"@type\":\"WebPage\",\"@id\":\"https:\\\/\\\/allasorias.hu\\\/hirek\\\/mehetnek-nemetorszagba-a-magyar-munkasok\\\/#webpage\",\"url\":\"https:\\\/\\\/allasorias.hu\\\/hirek\\\/mehetnek-nemetorszagba-a-magyar-munkasok\\\/\",\"name\":\"Mehetnek N\\u00e9metorsz\\u00e1gba a magyar munk\\u00e1sok | AllasOrias.hu | H\\u00edrek-lapszemle\",\"description\":\"Enyh\\u00fcl a teljes tilalom N\\u00e9metorsz\\u00e1gban a mez\\u0151gazdas\\u00e1gi id\\u00e9nymunk\\u00e1sokat illet\\u0151en. A nagyfok\\u00fa munkaer\\u0151 ig\\u00e9ny miatt, szigor\\u00fa szab\\u00e1lyok mellett m\\u00e9giscsak enged\\u00e9lyezik t\\u00f6bb t\\u00edzezer k\\u00fclf\\u00f6ldi mez\\u0151gazdas\\u00e1gi id\\u00e9nymunk\\u00e1s beutaz\\u00e1s\\u00e1t N\\u00e9metorsz\\u00e1gban. A tavaszi munk\\u00e1kra, p\\u00e9ld\\u00e1ul a N\\u00e9metorsz\\u00e1gban rendk\\u00edv\\u00fcl n\\u00e9pszer\\u0171 sp\\u00e1rga betakar\\u00edt\\u00e1s\\u00e1ra m\\u00e1jus v\\u00e9g\\u00e9ig nagyj\\u00e1b\\u00f3l 100 ezer id\\u00e9nymunk\\u00e1sra van sz\\u00fcks\\u00e9g az \\u00e1gazatban, de a j\\u00e1rv\\u00e1ny miatt m\\u00e1rcius 20-\\u00e1n elrendelt beutaz\\u00e1si tilalom\",\"inLanguage\":\"hu-HU\",\"isPartOf\":{\"@id\":\"https:\\\/\\\/allasorias.hu\\\/hirek\\\/#website\"},\"breadcrumb\":{\"@id\":\"https:\\\/\\\/allasorias.hu\\\/hirek\\\/mehetnek-nemetorszagba-a-magyar-munkasok\\\/#breadcrumblist\"},\"author\":{\"@id\":\"https:\\\/\\\/allasorias.hu\\\/hirek\\\/author\\\/admin-allasorias\\\/#author\"},\"creator\":{\"@id\":\"https:\\\/\\\/allasorias.hu\\\/hirek\\\/author\\\/admin-allasorias\\\/#author\"},\"datePublished\":\"2020-04-03T08:10:40+02:00\",\"dateModified\":\"2020-04-06T08:11:03+02:00\"},{\"@type\":\"WebSite\",\"@id\":\"https:\\\/\\\/allasorias.hu\\\/hirek\\\/#website\",\"url\":\"https:\\\/\\\/allasorias.hu\\\/hirek\\\/\",\"name\":\"AllasOrias.hu | H\\u00edrek-lapszemle\",\"description\":\"\\u00dczleti h\\u00edrek az \\u00e1ll\\u00e1s \\u00e9s a munka vil\\u00e1g\\u00e1b\\u00f3l\",\"inLanguage\":\"hu-HU\",\"publisher\":{\"@id\":\"https:\\\/\\\/allasorias.hu\\\/hirek\\\/#organization\"}}]}\n\t\t<\/script>\n\t\t<!-- All in One SEO -->\n\n","aioseo_head_json":{"title":"Mehetnek N\u00e9metorsz\u00e1gba a magyar munk\u00e1sok | AllasOrias.hu | H\u00edrek-lapszemle","description":"Enyh\u00fcl a teljes tilalom N\u00e9metorsz\u00e1gban a mez\u0151gazdas\u00e1gi id\u00e9nymunk\u00e1sokat illet\u0151en. A nagyfok\u00fa munkaer\u0151 ig\u00e9ny miatt, szigor\u00fa szab\u00e1lyok mellett m\u00e9giscsak enged\u00e9lyezik t\u00f6bb t\u00edzezer k\u00fclf\u00f6ldi mez\u0151gazdas\u00e1gi id\u00e9nymunk\u00e1s beutaz\u00e1s\u00e1t N\u00e9metorsz\u00e1gban. A tavaszi munk\u00e1kra, p\u00e9ld\u00e1ul a N\u00e9metorsz\u00e1gban rendk\u00edv\u00fcl n\u00e9pszer\u0171 sp\u00e1rga betakar\u00edt\u00e1s\u00e1ra m\u00e1jus v\u00e9g\u00e9ig nagyj\u00e1b\u00f3l 100 ezer id\u00e9nymunk\u00e1sra van sz\u00fcks\u00e9g az \u00e1gazatban, de a j\u00e1rv\u00e1ny miatt m\u00e1rcius 20-\u00e1n elrendelt beutaz\u00e1si tilalom","canonical_url":"https:\/\/allasorias.hu\/hirek\/mehetnek-nemetorszagba-a-magyar-munkasok\/","robots":"max-image-preview:large","keywords":"","webmasterTools":{"miscellaneous":""},"schema":{"@context":"https:\/\/schema.org","@graph":[{"@type":"Article","@id":"https:\/\/allasorias.hu\/hirek\/mehetnek-nemetorszagba-a-magyar-munkasok\/#article","name":"Mehetnek N\u00e9metorsz\u00e1gba a magyar munk\u00e1sok | AllasOrias.hu | H\u00edrek-lapszemle","headline":"Mehetnek N\u00e9metorsz\u00e1gba a magyar munk\u00e1sok","author":{"@id":"https:\/\/allasorias.hu\/hirek\/author\/admin-allasorias\/#author"},"publisher":{"@id":"https:\/\/allasorias.hu\/hirek\/#organization"},"image":{"@type":"ImageObject","url":"https:\/\/allasorias.hu\/hirek\/wp-content\/uploads\/2022\/10\/allasorias_site_facebok_logo.png","@id":"https:\/\/allasorias.hu\/hirek\/#articleImage"},"datePublished":"2020-04-03T08:10:40+02:00","dateModified":"2020-04-06T08:11:03+02:00","inLanguage":"hu-HU","mainEntityOfPage":{"@id":"https:\/\/allasorias.hu\/hirek\/mehetnek-nemetorszagba-a-magyar-munkasok\/#webpage"},"isPartOf":{"@id":"https:\/\/allasorias.hu\/hirek\/mehetnek-nemetorszagba-a-magyar-munkasok\/#webpage"},"articleSection":"Gazdas\u00e1g, K\u00fclf\u00f6ld, Munkaer\u0151piac"},{"@type":"BreadcrumbList","@id":"https:\/\/allasorias.hu\/hirek\/mehetnek-nemetorszagba-a-magyar-munkasok\/#breadcrumblist","itemListElement":[{"@type":"ListItem","@id":"https:\/\/allasorias.hu\/hirek#listItem","position":1,"name":"Home","item":"https:\/\/allasorias.hu\/hirek","nextItem":{"@type":"ListItem","@id":"https:\/\/allasorias.hu\/hirek\/temak\/gazdasag\/#listItem","name":"Gazdas\u00e1g"}},{"@type":"ListItem","@id":"https:\/\/allasorias.hu\/hirek\/temak\/gazdasag\/#listItem","position":2,"name":"Gazdas\u00e1g","item":"https:\/\/allasorias.hu\/hirek\/temak\/gazdasag\/","nextItem":{"@type":"ListItem","@id":"https:\/\/allasorias.hu\/hirek\/mehetnek-nemetorszagba-a-magyar-munkasok\/#listItem","name":"Mehetnek N\u00e9metorsz\u00e1gba a magyar munk\u00e1sok"},"previousItem":{"@type":"ListItem","@id":"https:\/\/allasorias.hu\/hirek#listItem","name":"Home"}},{"@type":"ListItem","@id":"https:\/\/allasorias.hu\/hirek\/mehetnek-nemetorszagba-a-magyar-munkasok\/#listItem","position":3,"name":"Mehetnek N\u00e9metorsz\u00e1gba a magyar munk\u00e1sok","previousItem":{"@type":"ListItem","@id":"https:\/\/allasorias.hu\/hirek\/temak\/gazdasag\/#listItem","name":"Gazdas\u00e1g"}}]},{"@type":"Organization","@id":"https:\/\/allasorias.hu\/hirek\/#organization","name":"AllasOrias.hu | H\u00edrek-lapszemle","description":"\u00dczleti h\u00edrek az \u00e1ll\u00e1s \u00e9s a munka vil\u00e1g\u00e1b\u00f3l","url":"https:\/\/allasorias.hu\/hirek\/","logo":{"@type":"ImageObject","url":"https:\/\/allasorias.hu\/hirek\/wp-content\/uploads\/2022\/10\/allasorias_site_facebok_logo.png","@id":"https:\/\/allasorias.hu\/hirek\/mehetnek-nemetorszagba-a-magyar-munkasok\/#organizationLogo"},"image":{"@id":"https:\/\/allasorias.hu\/hirek\/mehetnek-nemetorszagba-a-magyar-munkasok\/#organizationLogo"},"sameAs":["https:\/\/www.facebook.com\/allasorias","https:\/\/www.linkedin.com\/company\/allasorias"]},{"@type":"Person","@id":"https:\/\/allasorias.hu\/hirek\/author\/admin-allasorias\/#author","url":"https:\/\/allasorias.hu\/hirek\/author\/admin-allasorias\/","name":"Juh\u00e1sz P\u00e9ter","image":{"@type":"ImageObject","@id":"https:\/\/allasorias.hu\/hirek\/mehetnek-nemetorszagba-a-magyar-munkasok\/#authorImage","url":"https:\/\/secure.gravatar.com\/avatar\/36e6bcb83148978b992977cb0f54d22feb0cce8a0a849a9410532bb2623ba4c6?s=96&d=mm&r=g","width":96,"height":96,"caption":"Juh\u00e1sz P\u00e9ter"}},{"@type":"WebPage","@id":"https:\/\/allasorias.hu\/hirek\/mehetnek-nemetorszagba-a-magyar-munkasok\/#webpage","url":"https:\/\/allasorias.hu\/hirek\/mehetnek-nemetorszagba-a-magyar-munkasok\/","name":"Mehetnek N\u00e9metorsz\u00e1gba a magyar munk\u00e1sok | AllasOrias.hu | H\u00edrek-lapszemle","description":"Enyh\u00fcl a teljes tilalom N\u00e9metorsz\u00e1gban a mez\u0151gazdas\u00e1gi id\u00e9nymunk\u00e1sokat illet\u0151en. A nagyfok\u00fa munkaer\u0151 ig\u00e9ny miatt, szigor\u00fa szab\u00e1lyok mellett m\u00e9giscsak enged\u00e9lyezik t\u00f6bb t\u00edzezer k\u00fclf\u00f6ldi mez\u0151gazdas\u00e1gi id\u00e9nymunk\u00e1s beutaz\u00e1s\u00e1t N\u00e9metorsz\u00e1gban. A tavaszi munk\u00e1kra, p\u00e9ld\u00e1ul a N\u00e9metorsz\u00e1gban rendk\u00edv\u00fcl n\u00e9pszer\u0171 sp\u00e1rga betakar\u00edt\u00e1s\u00e1ra m\u00e1jus v\u00e9g\u00e9ig nagyj\u00e1b\u00f3l 100 ezer id\u00e9nymunk\u00e1sra van sz\u00fcks\u00e9g az \u00e1gazatban, de a j\u00e1rv\u00e1ny miatt m\u00e1rcius 20-\u00e1n elrendelt beutaz\u00e1si tilalom","inLanguage":"hu-HU","isPartOf":{"@id":"https:\/\/allasorias.hu\/hirek\/#website"},"breadcrumb":{"@id":"https:\/\/allasorias.hu\/hirek\/mehetnek-nemetorszagba-a-magyar-munkasok\/#breadcrumblist"},"author":{"@id":"https:\/\/allasorias.hu\/hirek\/author\/admin-allasorias\/#author"},"creator":{"@id":"https:\/\/allasorias.hu\/hirek\/author\/admin-allasorias\/#author"},"datePublished":"2020-04-03T08:10:40+02:00","dateModified":"2020-04-06T08:11:03+02:00"},{"@type":"WebSite","@id":"https:\/\/allasorias.hu\/hirek\/#website","url":"https:\/\/allasorias.hu\/hirek\/","name":"AllasOrias.hu | H\u00edrek-lapszemle","description":"\u00dczleti h\u00edrek az \u00e1ll\u00e1s \u00e9s a munka vil\u00e1g\u00e1b\u00f3l","inLanguage":"hu-HU","publisher":{"@id":"https:\/\/allasorias.hu\/hirek\/#organization"}}]},"og:locale":"hu_HU","og:site_name":"AllasOrias.hu | H\u00edrek-lapszemle | \u00dczleti h\u00edrek az \u00e1ll\u00e1s \u00e9s a munka vil\u00e1g\u00e1b\u00f3l","og:type":"article","og:title":"Mehetnek N\u00e9metorsz\u00e1gba a magyar munk\u00e1sok | AllasOrias.hu | H\u00edrek-lapszemle","og:description":"Enyh\u00fcl a teljes tilalom N\u00e9metorsz\u00e1gban a mez\u0151gazdas\u00e1gi id\u00e9nymunk\u00e1sokat illet\u0151en. A nagyfok\u00fa munkaer\u0151 ig\u00e9ny miatt, szigor\u00fa szab\u00e1lyok mellett m\u00e9giscsak enged\u00e9lyezik t\u00f6bb t\u00edzezer k\u00fclf\u00f6ldi mez\u0151gazdas\u00e1gi id\u00e9nymunk\u00e1s beutaz\u00e1s\u00e1t N\u00e9metorsz\u00e1gban. A tavaszi munk\u00e1kra, p\u00e9ld\u00e1ul a N\u00e9metorsz\u00e1gban rendk\u00edv\u00fcl n\u00e9pszer\u0171 sp\u00e1rga betakar\u00edt\u00e1s\u00e1ra m\u00e1jus v\u00e9g\u00e9ig nagyj\u00e1b\u00f3l 100 ezer id\u00e9nymunk\u00e1sra van sz\u00fcks\u00e9g az \u00e1gazatban, de a j\u00e1rv\u00e1ny miatt m\u00e1rcius 20-\u00e1n elrendelt beutaz\u00e1si tilalom","og:url":"https:\/\/allasorias.hu\/hirek\/mehetnek-nemetorszagba-a-magyar-munkasok\/","og:image":"https:\/\/allasorias.hu\/hirek\/wp-content\/uploads\/2022\/10\/allasorias-fb-logo.png","og:image:secure_url":"https:\/\/allasorias.hu\/hirek\/wp-content\/uploads\/2022\/10\/allasorias-fb-logo.png","og:image:width":437,"og:image:height":200,"article:published_time":"2020-04-03T08:10:40+00:00","article:modified_time":"2020-04-06T08:11:03+00:00","article:publisher":"https:\/\/www.facebook.com\/allasorias","twitter:card":"summary_large_image","twitter:title":"Mehetnek N\u00e9metorsz\u00e1gba a magyar munk\u00e1sok | AllasOrias.hu | H\u00edrek-lapszemle","twitter:description":"Enyh\u00fcl a teljes tilalom N\u00e9metorsz\u00e1gban a mez\u0151gazdas\u00e1gi id\u00e9nymunk\u00e1sokat illet\u0151en. A nagyfok\u00fa munkaer\u0151 ig\u00e9ny miatt, szigor\u00fa szab\u00e1lyok mellett m\u00e9giscsak enged\u00e9lyezik t\u00f6bb t\u00edzezer k\u00fclf\u00f6ldi mez\u0151gazdas\u00e1gi id\u00e9nymunk\u00e1s beutaz\u00e1s\u00e1t N\u00e9metorsz\u00e1gban. A tavaszi munk\u00e1kra, p\u00e9ld\u00e1ul a N\u00e9metorsz\u00e1gban rendk\u00edv\u00fcl n\u00e9pszer\u0171 sp\u00e1rga betakar\u00edt\u00e1s\u00e1ra m\u00e1jus v\u00e9g\u00e9ig nagyj\u00e1b\u00f3l 100 ezer id\u00e9nymunk\u00e1sra van sz\u00fcks\u00e9g az \u00e1gazatban, de a j\u00e1rv\u00e1ny miatt m\u00e1rcius 20-\u00e1n elrendelt beutaz\u00e1si tilalom","twitter:image":"https:\/\/allasorias.hu\/hirek\/wp-content\/uploads\/2022\/10\/allasorias-fb-logo.png","twitter:label1":"Written by","twitter:data1":"Juh\u00e1sz P\u00e9ter","twitter:label2":"Est. reading time","twitter:data2":"2 minutes"},"aioseo_meta_data":{"post_id":"3871","title":null,"description":null,"keywords":null,"keyphrases":null,"primary_term":null,"canonical_url":null,"og_title":null,"og_description":null,"og_object_type":"default","og_image_type":"default","og_image_url":null,"og_image_width":null,"og_image_height":null,"og_image_custom_url":null,"og_image_custom_fields":null,"og_video":null,"og_custom_url":null,"og_article_section":null,"og_article_tags":null,"twitter_use_og":false,"twitter_card":"default","twitter_image_type":"default","twitter_image_url":null,"twitter_image_custom_url":null,"twitter_image_custom_fields":null,"twitter_title":null,"twitter_description":null,"schema":{"blockGraphs":[],"customGraphs":[],"default":{"data":{"Article":[],"Course":[],"Dataset":[],"FAQPage":[],"Movie":[],"Person":[],"Product":[],"ProductReview":[],"Car":[],"Recipe":[],"Service":[],"SoftwareApplication":[],"WebPage":[]},"graphName":"","isEnabled":true},"graphs":[],"defaultGraph":"","defaultPostTypeGraph":""},"schema_type":null,"schema_type_options":null,"pillar_content":false,"robots_default":true,"robots_noindex":false,"robots_noarchive":false,"robots_nosnippet":false,"robots_nofollow":false,"robots_noimageindex":false,"robots_noodp":false,"robots_notranslate":false,"robots_max_snippet":null,"robots_max_videopreview":null,"robots_max_imagepreview":"large","priority":null,"frequency":null,"location":null,"local_seo":null,"breadcrumb_settings":null,"limit_modified_date":false,"ai":null,"created":"2021-02-01 21:31:47","updated":"2025-10-02 13:41:32","seo_analyzer_scan_date":null,"focus_keyword":null,"additional_keywords":null,"truseo_locale":null},"aioseo_breadcrumb":"<div class=\"aioseo-breadcrumbs\"><span class=\"aioseo-breadcrumb\">\n\t\t\t<a href=\"https:\/\/allasorias.hu\/hirek\" title=\"Home\">Home<\/a>\n\t\t<\/span><span class=\"aioseo-breadcrumb-separator\">&raquo;<\/span><span class=\"aioseo-breadcrumb\">\n\t\t\t<a href=\"https:\/\/allasorias.hu\/hirek\/temak\/gazdasag\/\" title=\"Gazdas\u00e1g\">Gazdas\u00e1g<\/a>\n\t\t<\/span><span class=\"aioseo-breadcrumb-separator\">&raquo;<\/span><span class=\"aioseo-breadcrumb\">\n\t\t\tMehetnek N\u00e9metorsz\u00e1gba a magyar munk\u00e1sok\n\t\t<\/span><\/div>","aioseo_breadcrumb_json":[{"label":"Home","link":"https:\/\/allasorias.hu\/hirek"},{"label":"Gazdas\u00e1g","link":"https:\/\/allasorias.hu\/hirek\/temak\/gazdasag\/"},{"label":"Mehetnek N\u00e9metorsz\u00e1gba a magyar munk\u00e1sok","link":"https:\/\/allasorias.hu\/hirek\/mehetnek-nemetorszagba-a-magyar-munkasok\/"}],"_links":{"self":[{"href":"https:\/\/allasorias.hu\/hirek\/wp-json\/wp\/v2\/posts\/3871","targetHints":{"allow":["GET"]}}],"collection":[{"href":"https:\/\/allasorias.hu\/hirek\/wp-json\/wp\/v2\/posts"}],"about":[{"href":"https:\/\/allasorias.hu\/hirek\/wp-json\/wp\/v2\/types\/post"}],"author":[{"embeddable":true,"href":"https:\/\/allasorias.hu\/hirek\/wp-json\/wp\/v2\/users\/1"}],"replies":[{"embeddable":true,"href":"https:\/\/allasorias.hu\/hirek\/wp-json\/wp\/v2\/comments?post=3871"}],"version-history":[{"count":1,"href":"https:\/\/allasorias.hu\/hirek\/wp-json\/wp\/v2\/posts\/3871\/revisions"}],"predecessor-version":[{"id":3872,"href":"https:\/\/allasorias.hu\/hirek\/wp-json\/wp\/v2\/posts\/3871\/revisions\/3872"}],"wp:attachment":[{"href":"https:\/\/allasorias.hu\/hirek\/wp-json\/wp\/v2\/media?parent=3871"}],"wp:term":[{"taxonomy":"category","embeddable":true,"href":"https:\/\/allasorias.hu\/hirek\/wp-json\/wp\/v2\/categories?post=3871"},{"taxonomy":"post_tag","embeddable":true,"href":"https:\/\/allasorias.hu\/hirek\/wp-json\/wp\/v2\/tags?post=3871"}],"curies":[{"name":"wp","href":"https:\/\/api.w.org\/{rel}","templated":true}]}}