{"id":3867,"date":"2020-04-02T07:07:36","date_gmt":"2020-04-02T07:07:36","guid":{"rendered":"https:\/\/allasorias.hu\/hirek\/?p=3867"},"modified":"2020-04-02T07:07:36","modified_gmt":"2020-04-02T07:07:36","slug":"tehetsegek-a-munkaeropiacon","status":"publish","type":"post","link":"https:\/\/allasorias.hu\/hirek\/tehetsegek-a-munkaeropiacon\/","title":{"rendered":"Tehets\u00e9gek a munkaer\u0151piacon"},"content":{"rendered":"<p><strong>A j\u00e1rv\u00e1ny \u00fagy t\u0171nik \u00e1trendezi a munkaer\u0151piacot, Egyre t\u00f6bb tehets\u00e9g, min\u0151s\u00e9gi munkaer\u0151 jelenik meg az \u00e1ll\u00e1shirdet\u00e9sekben. Magyarorsz\u00e1gon az \u00e1ll\u00e1shirdet\u00e9sek sz\u00e1ma drasztikusan, \u00e1tlagosan 70 sz\u00e1zal\u00e9kkal cs\u00f6kkent a legjobban s\u00fajtott ipar\u00e1gakn\u00e1l, de bizonyos szektorok, mint az online \u00e9rt\u00e9kes\u00edt\u00e9s, a logisztika, a digit\u00e1lis ipar\u00e1gak szerepl\u0151i itthon \u00e9s a glob\u00e1lis piacokon is nagy ar\u00e1nyban n\u00f6vekednek.<\/strong><\/p>\n<p>A versenyk\u00e9pes v\u00e1llalati szektor fejl\u0151d\u00e9s\u00e9nek kulcsa, hogy a lehet\u0151 leggyorsabban a legmegfelel\u0151bb emberek csatlakozzanak a c\u00e9gekhez, a kell\u0151en flexibilis munkav\u00e1llal\u00f3k pedig a kr\u00edzisben is \u00faj lehet\u0151s\u00e9geket tal\u00e1lhatnak. Ha a toborz\u00e1s le\u00e1ll, az a versenyk\u00e9pes szektorokban szinte azonnali munkaer\u0151hi\u00e1nyt eredm\u00e9nyez A glob\u00e1lis gazdas\u00e1got \u00e9rt kih\u00edv\u00e1s egy id\u0151ben, v\u00e1logat\u00e1s n\u00e9lk\u00fcl \u00e9rezhet\u0151 a vil\u00e1g minden pontj\u00e1n. B\u00e1r a Reuters kimutat\u00e1sa alapj\u00e1n K\u00edna m\u00e1r elkezdett visszarendez\u0151dni, \u00edgy m\u00falt h\u00e9ten az ott m\u0171k\u00f6d\u0151 multinacion\u00e1lis v\u00e1llalatok 95%-a m\u00e1r \u00fajra akt\u00edv volt, a kis- \u00e9s k\u00f6z\u00e9pv\u00e1llalkoz\u00e1sok 60%-a pedig a kr\u00edzis el\u0151tti \u00fczemszintre \u00e1llt be. A j\u00e1rv\u00e1ny terjed\u00e9se miatt azonban az Eur\u00f3pai Uni\u00f3 \u00e9s az Egyes\u00fclt \u00c1llamok m\u00e9g kiv\u00e1r. A magyar munkaer\u0151piacon is sz\u00e1mos, eddig nem tapasztalt v\u00e1ltoz\u00e1s prognosztiz\u00e1lhat\u00f3: a k\u00fclf\u00f6ld\u00f6n \u00e9l\u0151 nagysz\u00e1m\u00fa magyar munkaer\u0151 egy r\u00e9sze hazat\u00e9r, de a felt\u00f6rekv\u0151, startup v\u00e1llalkoz\u00e1sokn\u00e1l is nagy \u00e1trendez\u0151d\u00e9s v\u00e1rhat\u00f3. A hazai, j\u00f6vedelemtermel\u0151 k\u00e9pess\u00e9g n\u00e9lk\u00fcli, puszt\u00e1n finansz\u00edroz\u00e1sb\u00f3l m\u0171k\u00f6d\u0151 kb. 1200 startup, ami a startupok 66 sz\u00e1zal\u00e9ka, elbocs\u00e1tott munkat\u00e1rsai is el\u00e9rhet\u0151ek lesznek m\u00e1s ipar\u00e1gak sz\u00e1m\u00e1ra. Azok a startup v\u00e1llalkoz\u00e1sok \u00e9s nagyv\u00e1llalatok, amelyek a jelenlegi piaci ig\u00e9nyt al\u00e1t\u00e1maszt\u00f3, digit\u00e1lis megold\u00e1sokra (\u00f6nvezet\u0151 aut\u00f3, online kommunik\u00e1ci\u00f3s eszk\u00f6z\u00f6k \u00e9s e-\u00e9rt\u00e9kes\u00edt\u00e9s) f\u00f3kusz\u00e1lnak, n\u00f6veked\u00e9s\u00fckkel tov\u00e1bbi munkat\u00e1rsfelv\u00e9telt ind\u00edtanak, ami m\u00e1r l\u00e1that\u00f3 is a nemzetk\u00f6zi piaci elmozdul\u00e1sokban.<\/p>\n<p>Forr\u00e1s: hrportal.hu<\/p>\n","protected":false},"excerpt":{"rendered":"<p>A j\u00e1rv\u00e1ny \u00fagy t\u0171nik \u00e1trendezi a munkaer\u0151piacot, Egyre t\u00f6bb tehets\u00e9g, min\u0151s\u00e9gi munkaer\u0151 jelenik meg az \u00e1ll\u00e1shirdet\u00e9sekben. Magyarorsz\u00e1gon az \u00e1ll\u00e1shirdet\u00e9sek sz\u00e1ma drasztikusan, \u00e1tlagosan 70 sz\u00e1zal\u00e9kkal cs\u00f6kkent a legjobban s\u00fajtott ipar\u00e1gakn\u00e1l, de bizonyos szektorok, mint az online \u00e9rt\u00e9kes\u00edt\u00e9s, a logisztika, a digit\u00e1lis ipar\u00e1gak szerepl\u0151i itthon \u00e9s a glob\u00e1lis piacokon is nagy ar\u00e1nyban n\u00f6vekednek. A versenyk\u00e9pes v\u00e1llalati szektor [&hellip;]<\/p>\n","protected":false},"author":1,"featured_media":3311,"comment_status":"open","ping_status":"open","sticky":false,"template":"","format":"standard","meta":{"_monsterinsights_skip_tracking":false,"footnotes":""},"categories":[1,198,200],"tags":[],"class_list":["post-3867","post","type-post","status-publish","format-standard","has-post-thumbnail","hentry","category-allaskereses","category-gazdasag","category-munkaeropiac"],"aioseo_notices":[],"aioseo_head":"\n\t\t<!-- All in One SEO 5.0.0.1 - aioseo.com -->\n\t<meta name=\"description\" content=\"A j\u00e1rv\u00e1ny \u00fagy t\u0171nik \u00e1trendezi a munkaer\u0151piacot, Egyre t\u00f6bb tehets\u00e9g, min\u0151s\u00e9gi munkaer\u0151 jelenik meg az \u00e1ll\u00e1shirdet\u00e9sekben. Magyarorsz\u00e1gon az \u00e1ll\u00e1shirdet\u00e9sek sz\u00e1ma drasztikusan, \u00e1tlagosan 70 sz\u00e1zal\u00e9kkal cs\u00f6kkent a legjobban s\u00fajtott ipar\u00e1gakn\u00e1l, de bizonyos szektorok, mint az online \u00e9rt\u00e9kes\u00edt\u00e9s, a logisztika, a digit\u00e1lis ipar\u00e1gak szerepl\u0151i itthon \u00e9s a glob\u00e1lis piacokon is nagy ar\u00e1nyban n\u00f6vekednek. A versenyk\u00e9pes v\u00e1llalati szektor\" \/>\n\t<meta name=\"robots\" content=\"max-image-preview:large\" \/>\n\t<meta name=\"author\" content=\"Juh\u00e1sz P\u00e9ter\"\/>\n\t<link rel=\"canonical\" href=\"https:\/\/allasorias.hu\/hirek\/tehetsegek-a-munkaeropiacon\/\" \/>\n\t<meta name=\"generator\" content=\"All in One SEO (AIOSEO) 5.0.0.1\" \/>\n\t\t<meta property=\"og:locale\" content=\"hu_HU\" \/>\n\t\t<meta property=\"og:site_name\" content=\"AllasOrias.hu | H\u00edrek-lapszemle | \u00dczleti h\u00edrek az \u00e1ll\u00e1s \u00e9s a munka vil\u00e1g\u00e1b\u00f3l\" \/>\n\t\t<meta property=\"og:type\" content=\"article\" \/>\n\t\t<meta property=\"og:title\" content=\"Tehets\u00e9gek a munkaer\u0151piacon | AllasOrias.hu | H\u00edrek-lapszemle\" \/>\n\t\t<meta property=\"og:description\" content=\"A j\u00e1rv\u00e1ny \u00fagy t\u0171nik \u00e1trendezi a munkaer\u0151piacot, Egyre t\u00f6bb tehets\u00e9g, min\u0151s\u00e9gi munkaer\u0151 jelenik meg az \u00e1ll\u00e1shirdet\u00e9sekben. Magyarorsz\u00e1gon az \u00e1ll\u00e1shirdet\u00e9sek sz\u00e1ma drasztikusan, \u00e1tlagosan 70 sz\u00e1zal\u00e9kkal cs\u00f6kkent a legjobban s\u00fajtott ipar\u00e1gakn\u00e1l, de bizonyos szektorok, mint az online \u00e9rt\u00e9kes\u00edt\u00e9s, a logisztika, a digit\u00e1lis ipar\u00e1gak szerepl\u0151i itthon \u00e9s a glob\u00e1lis piacokon is nagy ar\u00e1nyban n\u00f6vekednek. A versenyk\u00e9pes v\u00e1llalati szektor\" \/>\n\t\t<meta property=\"og:url\" content=\"https:\/\/allasorias.hu\/hirek\/tehetsegek-a-munkaeropiacon\/\" \/>\n\t\t<meta property=\"og:image\" content=\"https:\/\/allasorias.hu\/hirek\/wp-content\/uploads\/2019\/09\/freelance-2906725_960_720.png\" \/>\n\t\t<meta property=\"og:image:secure_url\" content=\"https:\/\/allasorias.hu\/hirek\/wp-content\/uploads\/2019\/09\/freelance-2906725_960_720.png\" \/>\n\t\t<meta property=\"og:image:width\" content=\"720\" \/>\n\t\t<meta property=\"og:image:height\" content=\"720\" \/>\n\t\t<meta property=\"article:published_time\" content=\"2020-04-02T07:07:36+00:00\" \/>\n\t\t<meta property=\"article:modified_time\" content=\"2020-04-02T07:07:36+00:00\" \/>\n\t\t<meta property=\"article:publisher\" content=\"https:\/\/www.facebook.com\/allasorias\" \/>\n\t\t<meta name=\"twitter:card\" content=\"summary_large_image\" \/>\n\t\t<meta name=\"twitter:title\" content=\"Tehets\u00e9gek a munkaer\u0151piacon | AllasOrias.hu | H\u00edrek-lapszemle\" \/>\n\t\t<meta name=\"twitter:description\" content=\"A j\u00e1rv\u00e1ny \u00fagy t\u0171nik \u00e1trendezi a munkaer\u0151piacot, Egyre t\u00f6bb tehets\u00e9g, min\u0151s\u00e9gi munkaer\u0151 jelenik meg az \u00e1ll\u00e1shirdet\u00e9sekben. Magyarorsz\u00e1gon az \u00e1ll\u00e1shirdet\u00e9sek sz\u00e1ma drasztikusan, \u00e1tlagosan 70 sz\u00e1zal\u00e9kkal cs\u00f6kkent a legjobban s\u00fajtott ipar\u00e1gakn\u00e1l, de bizonyos szektorok, mint az online \u00e9rt\u00e9kes\u00edt\u00e9s, a logisztika, a digit\u00e1lis ipar\u00e1gak szerepl\u0151i itthon \u00e9s a glob\u00e1lis piacokon is nagy ar\u00e1nyban n\u00f6vekednek. A versenyk\u00e9pes v\u00e1llalati szektor\" \/>\n\t\t<meta name=\"twitter:image\" content=\"https:\/\/allasorias.hu\/hirek\/wp-content\/uploads\/2019\/09\/freelance-2906725_960_720.png\" \/>\n\t\t<meta name=\"twitter:label1\" content=\"Written by\" \/>\n\t\t<meta name=\"twitter:data1\" content=\"Juh\u00e1sz P\u00e9ter\" \/>\n\t\t<meta name=\"twitter:label2\" content=\"Est. reading time\" \/>\n\t\t<meta name=\"twitter:data2\" content=\"2 minutes\" \/>\n\t\t<script type=\"application\/ld+json\" class=\"aioseo-schema\">\n\t\t\t{\"@context\":\"https:\\\/\\\/schema.org\",\"@graph\":[{\"@type\":\"Article\",\"@id\":\"https:\\\/\\\/allasorias.hu\\\/hirek\\\/tehetsegek-a-munkaeropiacon\\\/#article\",\"name\":\"Tehets\\u00e9gek a munkaer\\u0151piacon | AllasOrias.hu | H\\u00edrek-lapszemle\",\"headline\":\"Tehets\\u00e9gek a munkaer\\u0151piacon\",\"author\":{\"@id\":\"https:\\\/\\\/allasorias.hu\\\/hirek\\\/author\\\/admin-allasorias\\\/#author\"},\"publisher\":{\"@id\":\"https:\\\/\\\/allasorias.hu\\\/hirek\\\/#organization\"},\"image\":{\"@type\":\"ImageObject\",\"url\":\"https:\\\/\\\/allasorias.hu\\\/hirek\\\/wp-content\\\/uploads\\\/2019\\\/09\\\/freelance-2906725_960_720.png\",\"width\":720,\"height\":720},\"datePublished\":\"2020-04-02T07:07:36+02:00\",\"dateModified\":\"2020-04-02T07:07:36+02:00\",\"inLanguage\":\"hu-HU\",\"mainEntityOfPage\":{\"@id\":\"https:\\\/\\\/allasorias.hu\\\/hirek\\\/tehetsegek-a-munkaeropiacon\\\/#webpage\"},\"isPartOf\":{\"@id\":\"https:\\\/\\\/allasorias.hu\\\/hirek\\\/tehetsegek-a-munkaeropiacon\\\/#webpage\"},\"articleSection\":\"\\u00c1ll\\u00e1skeres\\u00e9s, Gazdas\\u00e1g, Munkaer\\u0151piac\"},{\"@type\":\"BreadcrumbList\",\"@id\":\"https:\\\/\\\/allasorias.hu\\\/hirek\\\/tehetsegek-a-munkaeropiacon\\\/#breadcrumblist\",\"itemListElement\":[{\"@type\":\"ListItem\",\"@id\":\"https:\\\/\\\/allasorias.hu\\\/hirek#listItem\",\"position\":1,\"name\":\"Home\",\"item\":\"https:\\\/\\\/allasorias.hu\\\/hirek\",\"nextItem\":{\"@type\":\"ListItem\",\"@id\":\"https:\\\/\\\/allasorias.hu\\\/hirek\\\/temak\\\/allaskereses\\\/#listItem\",\"name\":\"\\u00c1ll\\u00e1skeres\\u00e9s\"}},{\"@type\":\"ListItem\",\"@id\":\"https:\\\/\\\/allasorias.hu\\\/hirek\\\/temak\\\/allaskereses\\\/#listItem\",\"position\":2,\"name\":\"\\u00c1ll\\u00e1skeres\\u00e9s\",\"item\":\"https:\\\/\\\/allasorias.hu\\\/hirek\\\/temak\\\/allaskereses\\\/\",\"nextItem\":{\"@type\":\"ListItem\",\"@id\":\"https:\\\/\\\/allasorias.hu\\\/hirek\\\/tehetsegek-a-munkaeropiacon\\\/#listItem\",\"name\":\"Tehets\\u00e9gek a munkaer\\u0151piacon\"},\"previousItem\":{\"@type\":\"ListItem\",\"@id\":\"https:\\\/\\\/allasorias.hu\\\/hirek#listItem\",\"name\":\"Home\"}},{\"@type\":\"ListItem\",\"@id\":\"https:\\\/\\\/allasorias.hu\\\/hirek\\\/tehetsegek-a-munkaeropiacon\\\/#listItem\",\"position\":3,\"name\":\"Tehets\\u00e9gek a munkaer\\u0151piacon\",\"previousItem\":{\"@type\":\"ListItem\",\"@id\":\"https:\\\/\\\/allasorias.hu\\\/hirek\\\/temak\\\/allaskereses\\\/#listItem\",\"name\":\"\\u00c1ll\\u00e1skeres\\u00e9s\"}}]},{\"@type\":\"Organization\",\"@id\":\"https:\\\/\\\/allasorias.hu\\\/hirek\\\/#organization\",\"name\":\"AllasOrias.hu | H\\u00edrek-lapszemle\",\"description\":\"\\u00dczleti h\\u00edrek az \\u00e1ll\\u00e1s \\u00e9s a munka vil\\u00e1g\\u00e1b\\u00f3l\",\"url\":\"https:\\\/\\\/allasorias.hu\\\/hirek\\\/\",\"logo\":{\"@type\":\"ImageObject\",\"url\":\"https:\\\/\\\/allasorias.hu\\\/hirek\\\/wp-content\\\/uploads\\\/2022\\\/10\\\/allasorias_site_facebok_logo.png\",\"@id\":\"https:\\\/\\\/allasorias.hu\\\/hirek\\\/tehetsegek-a-munkaeropiacon\\\/#organizationLogo\"},\"image\":{\"@id\":\"https:\\\/\\\/allasorias.hu\\\/hirek\\\/tehetsegek-a-munkaeropiacon\\\/#organizationLogo\"},\"sameAs\":[\"https:\\\/\\\/www.facebook.com\\\/allasorias\",\"https:\\\/\\\/www.linkedin.com\\\/company\\\/allasorias\"]},{\"@type\":\"Person\",\"@id\":\"https:\\\/\\\/allasorias.hu\\\/hirek\\\/author\\\/admin-allasorias\\\/#author\",\"url\":\"https:\\\/\\\/allasorias.hu\\\/hirek\\\/author\\\/admin-allasorias\\\/\",\"name\":\"Juh\\u00e1sz P\\u00e9ter\",\"image\":{\"@type\":\"ImageObject\",\"@id\":\"https:\\\/\\\/allasorias.hu\\\/hirek\\\/tehetsegek-a-munkaeropiacon\\\/#authorImage\",\"url\":\"https:\\\/\\\/secure.gravatar.com\\\/avatar\\\/36e6bcb83148978b992977cb0f54d22feb0cce8a0a849a9410532bb2623ba4c6?s=96&d=mm&r=g\",\"width\":96,\"height\":96,\"caption\":\"Juh\\u00e1sz P\\u00e9ter\"}},{\"@type\":\"WebPage\",\"@id\":\"https:\\\/\\\/allasorias.hu\\\/hirek\\\/tehetsegek-a-munkaeropiacon\\\/#webpage\",\"url\":\"https:\\\/\\\/allasorias.hu\\\/hirek\\\/tehetsegek-a-munkaeropiacon\\\/\",\"name\":\"Tehets\\u00e9gek a munkaer\\u0151piacon | AllasOrias.hu | H\\u00edrek-lapszemle\",\"description\":\"A j\\u00e1rv\\u00e1ny \\u00fagy t\\u0171nik \\u00e1trendezi a munkaer\\u0151piacot, Egyre t\\u00f6bb tehets\\u00e9g, min\\u0151s\\u00e9gi munkaer\\u0151 jelenik meg az \\u00e1ll\\u00e1shirdet\\u00e9sekben. Magyarorsz\\u00e1gon az \\u00e1ll\\u00e1shirdet\\u00e9sek sz\\u00e1ma drasztikusan, \\u00e1tlagosan 70 sz\\u00e1zal\\u00e9kkal cs\\u00f6kkent a legjobban s\\u00fajtott ipar\\u00e1gakn\\u00e1l, de bizonyos szektorok, mint az online \\u00e9rt\\u00e9kes\\u00edt\\u00e9s, a logisztika, a digit\\u00e1lis ipar\\u00e1gak szerepl\\u0151i itthon \\u00e9s a glob\\u00e1lis piacokon is nagy ar\\u00e1nyban n\\u00f6vekednek. A versenyk\\u00e9pes v\\u00e1llalati szektor\",\"inLanguage\":\"hu-HU\",\"isPartOf\":{\"@id\":\"https:\\\/\\\/allasorias.hu\\\/hirek\\\/#website\"},\"breadcrumb\":{\"@id\":\"https:\\\/\\\/allasorias.hu\\\/hirek\\\/tehetsegek-a-munkaeropiacon\\\/#breadcrumblist\"},\"author\":{\"@id\":\"https:\\\/\\\/allasorias.hu\\\/hirek\\\/author\\\/admin-allasorias\\\/#author\"},\"creator\":{\"@id\":\"https:\\\/\\\/allasorias.hu\\\/hirek\\\/author\\\/admin-allasorias\\\/#author\"},\"image\":{\"@type\":\"ImageObject\",\"url\":\"https:\\\/\\\/allasorias.hu\\\/hirek\\\/wp-content\\\/uploads\\\/2019\\\/09\\\/freelance-2906725_960_720.png\",\"@id\":\"https:\\\/\\\/allasorias.hu\\\/hirek\\\/tehetsegek-a-munkaeropiacon\\\/#mainImage\",\"width\":720,\"height\":720},\"primaryImageOfPage\":{\"@id\":\"https:\\\/\\\/allasorias.hu\\\/hirek\\\/tehetsegek-a-munkaeropiacon\\\/#mainImage\"},\"datePublished\":\"2020-04-02T07:07:36+02:00\",\"dateModified\":\"2020-04-02T07:07:36+02:00\"},{\"@type\":\"WebSite\",\"@id\":\"https:\\\/\\\/allasorias.hu\\\/hirek\\\/#website\",\"url\":\"https:\\\/\\\/allasorias.hu\\\/hirek\\\/\",\"name\":\"AllasOrias.hu | H\\u00edrek-lapszemle\",\"description\":\"\\u00dczleti h\\u00edrek az \\u00e1ll\\u00e1s \\u00e9s a munka vil\\u00e1g\\u00e1b\\u00f3l\",\"inLanguage\":\"hu-HU\",\"publisher\":{\"@id\":\"https:\\\/\\\/allasorias.hu\\\/hirek\\\/#organization\"}}]}\n\t\t<\/script>\n\t\t<!-- All in One SEO -->\n\n","aioseo_head_json":{"title":"Tehets\u00e9gek a munkaer\u0151piacon | AllasOrias.hu | H\u00edrek-lapszemle","description":"A j\u00e1rv\u00e1ny \u00fagy t\u0171nik \u00e1trendezi a munkaer\u0151piacot, Egyre t\u00f6bb tehets\u00e9g, min\u0151s\u00e9gi munkaer\u0151 jelenik meg az \u00e1ll\u00e1shirdet\u00e9sekben. Magyarorsz\u00e1gon az \u00e1ll\u00e1shirdet\u00e9sek sz\u00e1ma drasztikusan, \u00e1tlagosan 70 sz\u00e1zal\u00e9kkal cs\u00f6kkent a legjobban s\u00fajtott ipar\u00e1gakn\u00e1l, de bizonyos szektorok, mint az online \u00e9rt\u00e9kes\u00edt\u00e9s, a logisztika, a digit\u00e1lis ipar\u00e1gak szerepl\u0151i itthon \u00e9s a glob\u00e1lis piacokon is nagy ar\u00e1nyban n\u00f6vekednek. A versenyk\u00e9pes v\u00e1llalati szektor","canonical_url":"https:\/\/allasorias.hu\/hirek\/tehetsegek-a-munkaeropiacon\/","robots":"max-image-preview:large","keywords":"","webmasterTools":{"miscellaneous":""},"schema":{"@context":"https:\/\/schema.org","@graph":[{"@type":"Article","@id":"https:\/\/allasorias.hu\/hirek\/tehetsegek-a-munkaeropiacon\/#article","name":"Tehets\u00e9gek a munkaer\u0151piacon | AllasOrias.hu | H\u00edrek-lapszemle","headline":"Tehets\u00e9gek a munkaer\u0151piacon","author":{"@id":"https:\/\/allasorias.hu\/hirek\/author\/admin-allasorias\/#author"},"publisher":{"@id":"https:\/\/allasorias.hu\/hirek\/#organization"},"image":{"@type":"ImageObject","url":"https:\/\/allasorias.hu\/hirek\/wp-content\/uploads\/2019\/09\/freelance-2906725_960_720.png","width":720,"height":720},"datePublished":"2020-04-02T07:07:36+02:00","dateModified":"2020-04-02T07:07:36+02:00","inLanguage":"hu-HU","mainEntityOfPage":{"@id":"https:\/\/allasorias.hu\/hirek\/tehetsegek-a-munkaeropiacon\/#webpage"},"isPartOf":{"@id":"https:\/\/allasorias.hu\/hirek\/tehetsegek-a-munkaeropiacon\/#webpage"},"articleSection":"\u00c1ll\u00e1skeres\u00e9s, Gazdas\u00e1g, Munkaer\u0151piac"},{"@type":"BreadcrumbList","@id":"https:\/\/allasorias.hu\/hirek\/tehetsegek-a-munkaeropiacon\/#breadcrumblist","itemListElement":[{"@type":"ListItem","@id":"https:\/\/allasorias.hu\/hirek#listItem","position":1,"name":"Home","item":"https:\/\/allasorias.hu\/hirek","nextItem":{"@type":"ListItem","@id":"https:\/\/allasorias.hu\/hirek\/temak\/allaskereses\/#listItem","name":"\u00c1ll\u00e1skeres\u00e9s"}},{"@type":"ListItem","@id":"https:\/\/allasorias.hu\/hirek\/temak\/allaskereses\/#listItem","position":2,"name":"\u00c1ll\u00e1skeres\u00e9s","item":"https:\/\/allasorias.hu\/hirek\/temak\/allaskereses\/","nextItem":{"@type":"ListItem","@id":"https:\/\/allasorias.hu\/hirek\/tehetsegek-a-munkaeropiacon\/#listItem","name":"Tehets\u00e9gek a munkaer\u0151piacon"},"previousItem":{"@type":"ListItem","@id":"https:\/\/allasorias.hu\/hirek#listItem","name":"Home"}},{"@type":"ListItem","@id":"https:\/\/allasorias.hu\/hirek\/tehetsegek-a-munkaeropiacon\/#listItem","position":3,"name":"Tehets\u00e9gek a munkaer\u0151piacon","previousItem":{"@type":"ListItem","@id":"https:\/\/allasorias.hu\/hirek\/temak\/allaskereses\/#listItem","name":"\u00c1ll\u00e1skeres\u00e9s"}}]},{"@type":"Organization","@id":"https:\/\/allasorias.hu\/hirek\/#organization","name":"AllasOrias.hu | H\u00edrek-lapszemle","description":"\u00dczleti h\u00edrek az \u00e1ll\u00e1s \u00e9s a munka vil\u00e1g\u00e1b\u00f3l","url":"https:\/\/allasorias.hu\/hirek\/","logo":{"@type":"ImageObject","url":"https:\/\/allasorias.hu\/hirek\/wp-content\/uploads\/2022\/10\/allasorias_site_facebok_logo.png","@id":"https:\/\/allasorias.hu\/hirek\/tehetsegek-a-munkaeropiacon\/#organizationLogo"},"image":{"@id":"https:\/\/allasorias.hu\/hirek\/tehetsegek-a-munkaeropiacon\/#organizationLogo"},"sameAs":["https:\/\/www.facebook.com\/allasorias","https:\/\/www.linkedin.com\/company\/allasorias"]},{"@type":"Person","@id":"https:\/\/allasorias.hu\/hirek\/author\/admin-allasorias\/#author","url":"https:\/\/allasorias.hu\/hirek\/author\/admin-allasorias\/","name":"Juh\u00e1sz P\u00e9ter","image":{"@type":"ImageObject","@id":"https:\/\/allasorias.hu\/hirek\/tehetsegek-a-munkaeropiacon\/#authorImage","url":"https:\/\/secure.gravatar.com\/avatar\/36e6bcb83148978b992977cb0f54d22feb0cce8a0a849a9410532bb2623ba4c6?s=96&d=mm&r=g","width":96,"height":96,"caption":"Juh\u00e1sz P\u00e9ter"}},{"@type":"WebPage","@id":"https:\/\/allasorias.hu\/hirek\/tehetsegek-a-munkaeropiacon\/#webpage","url":"https:\/\/allasorias.hu\/hirek\/tehetsegek-a-munkaeropiacon\/","name":"Tehets\u00e9gek a munkaer\u0151piacon | AllasOrias.hu | H\u00edrek-lapszemle","description":"A j\u00e1rv\u00e1ny \u00fagy t\u0171nik \u00e1trendezi a munkaer\u0151piacot, Egyre t\u00f6bb tehets\u00e9g, min\u0151s\u00e9gi munkaer\u0151 jelenik meg az \u00e1ll\u00e1shirdet\u00e9sekben. Magyarorsz\u00e1gon az \u00e1ll\u00e1shirdet\u00e9sek sz\u00e1ma drasztikusan, \u00e1tlagosan 70 sz\u00e1zal\u00e9kkal cs\u00f6kkent a legjobban s\u00fajtott ipar\u00e1gakn\u00e1l, de bizonyos szektorok, mint az online \u00e9rt\u00e9kes\u00edt\u00e9s, a logisztika, a digit\u00e1lis ipar\u00e1gak szerepl\u0151i itthon \u00e9s a glob\u00e1lis piacokon is nagy ar\u00e1nyban n\u00f6vekednek. A versenyk\u00e9pes v\u00e1llalati szektor","inLanguage":"hu-HU","isPartOf":{"@id":"https:\/\/allasorias.hu\/hirek\/#website"},"breadcrumb":{"@id":"https:\/\/allasorias.hu\/hirek\/tehetsegek-a-munkaeropiacon\/#breadcrumblist"},"author":{"@id":"https:\/\/allasorias.hu\/hirek\/author\/admin-allasorias\/#author"},"creator":{"@id":"https:\/\/allasorias.hu\/hirek\/author\/admin-allasorias\/#author"},"image":{"@type":"ImageObject","url":"https:\/\/allasorias.hu\/hirek\/wp-content\/uploads\/2019\/09\/freelance-2906725_960_720.png","@id":"https:\/\/allasorias.hu\/hirek\/tehetsegek-a-munkaeropiacon\/#mainImage","width":720,"height":720},"primaryImageOfPage":{"@id":"https:\/\/allasorias.hu\/hirek\/tehetsegek-a-munkaeropiacon\/#mainImage"},"datePublished":"2020-04-02T07:07:36+02:00","dateModified":"2020-04-02T07:07:36+02:00"},{"@type":"WebSite","@id":"https:\/\/allasorias.hu\/hirek\/#website","url":"https:\/\/allasorias.hu\/hirek\/","name":"AllasOrias.hu | H\u00edrek-lapszemle","description":"\u00dczleti h\u00edrek az \u00e1ll\u00e1s \u00e9s a munka vil\u00e1g\u00e1b\u00f3l","inLanguage":"hu-HU","publisher":{"@id":"https:\/\/allasorias.hu\/hirek\/#organization"}}]},"og:locale":"hu_HU","og:site_name":"AllasOrias.hu | H\u00edrek-lapszemle | \u00dczleti h\u00edrek az \u00e1ll\u00e1s \u00e9s a munka vil\u00e1g\u00e1b\u00f3l","og:type":"article","og:title":"Tehets\u00e9gek a munkaer\u0151piacon | AllasOrias.hu | H\u00edrek-lapszemle","og:description":"A j\u00e1rv\u00e1ny \u00fagy t\u0171nik \u00e1trendezi a munkaer\u0151piacot, Egyre t\u00f6bb tehets\u00e9g, min\u0151s\u00e9gi munkaer\u0151 jelenik meg az \u00e1ll\u00e1shirdet\u00e9sekben. Magyarorsz\u00e1gon az \u00e1ll\u00e1shirdet\u00e9sek sz\u00e1ma drasztikusan, \u00e1tlagosan 70 sz\u00e1zal\u00e9kkal cs\u00f6kkent a legjobban s\u00fajtott ipar\u00e1gakn\u00e1l, de bizonyos szektorok, mint az online \u00e9rt\u00e9kes\u00edt\u00e9s, a logisztika, a digit\u00e1lis ipar\u00e1gak szerepl\u0151i itthon \u00e9s a glob\u00e1lis piacokon is nagy ar\u00e1nyban n\u00f6vekednek. A versenyk\u00e9pes v\u00e1llalati szektor","og:url":"https:\/\/allasorias.hu\/hirek\/tehetsegek-a-munkaeropiacon\/","og:image":"https:\/\/allasorias.hu\/hirek\/wp-content\/uploads\/2019\/09\/freelance-2906725_960_720.png","og:image:secure_url":"https:\/\/allasorias.hu\/hirek\/wp-content\/uploads\/2019\/09\/freelance-2906725_960_720.png","og:image:width":720,"og:image:height":720,"article:published_time":"2020-04-02T07:07:36+00:00","article:modified_time":"2020-04-02T07:07:36+00:00","article:publisher":"https:\/\/www.facebook.com\/allasorias","twitter:card":"summary_large_image","twitter:title":"Tehets\u00e9gek a munkaer\u0151piacon | AllasOrias.hu | H\u00edrek-lapszemle","twitter:description":"A j\u00e1rv\u00e1ny \u00fagy t\u0171nik \u00e1trendezi a munkaer\u0151piacot, Egyre t\u00f6bb tehets\u00e9g, min\u0151s\u00e9gi munkaer\u0151 jelenik meg az \u00e1ll\u00e1shirdet\u00e9sekben. Magyarorsz\u00e1gon az \u00e1ll\u00e1shirdet\u00e9sek sz\u00e1ma drasztikusan, \u00e1tlagosan 70 sz\u00e1zal\u00e9kkal cs\u00f6kkent a legjobban s\u00fajtott ipar\u00e1gakn\u00e1l, de bizonyos szektorok, mint az online \u00e9rt\u00e9kes\u00edt\u00e9s, a logisztika, a digit\u00e1lis ipar\u00e1gak szerepl\u0151i itthon \u00e9s a glob\u00e1lis piacokon is nagy ar\u00e1nyban n\u00f6vekednek. A versenyk\u00e9pes v\u00e1llalati szektor","twitter:image":"https:\/\/allasorias.hu\/hirek\/wp-content\/uploads\/2019\/09\/freelance-2906725_960_720.png","twitter:label1":"Written by","twitter:data1":"Juh\u00e1sz P\u00e9ter","twitter:label2":"Est. reading time","twitter:data2":"2 minutes"},"aioseo_meta_data":{"post_id":"3867","title":null,"description":null,"keywords":null,"keyphrases":null,"primary_term":null,"canonical_url":null,"og_title":null,"og_description":null,"og_object_type":"default","og_image_type":"default","og_image_url":null,"og_image_width":null,"og_image_height":null,"og_image_custom_url":null,"og_image_custom_fields":null,"og_video":null,"og_custom_url":null,"og_article_section":null,"og_article_tags":null,"twitter_use_og":false,"twitter_card":"default","twitter_image_type":"default","twitter_image_url":null,"twitter_image_custom_url":null,"twitter_image_custom_fields":null,"twitter_title":null,"twitter_description":null,"schema":{"blockGraphs":[],"customGraphs":[],"default":{"data":{"Article":[],"Course":[],"Dataset":[],"FAQPage":[],"Movie":[],"Person":[],"Product":[],"ProductReview":[],"Car":[],"Recipe":[],"Service":[],"SoftwareApplication":[],"WebPage":[]},"graphName":"","isEnabled":true},"graphs":[],"defaultGraph":"","defaultPostTypeGraph":""},"schema_type":null,"schema_type_options":null,"pillar_content":false,"robots_default":true,"robots_noindex":false,"robots_noarchive":false,"robots_nosnippet":false,"robots_nofollow":false,"robots_noimageindex":false,"robots_noodp":false,"robots_notranslate":false,"robots_max_snippet":null,"robots_max_videopreview":null,"robots_max_imagepreview":"large","priority":null,"frequency":null,"location":null,"local_seo":null,"breadcrumb_settings":null,"limit_modified_date":false,"ai":null,"created":"2021-02-01 21:31:47","updated":"2025-10-02 13:41:32","seo_analyzer_scan_date":null,"focus_keyword":null,"additional_keywords":null,"truseo_locale":null},"aioseo_breadcrumb":"<div class=\"aioseo-breadcrumbs\"><span class=\"aioseo-breadcrumb\">\n\t\t\t<a href=\"https:\/\/allasorias.hu\/hirek\" title=\"Home\">Home<\/a>\n\t\t<\/span><span class=\"aioseo-breadcrumb-separator\">&raquo;<\/span><span class=\"aioseo-breadcrumb\">\n\t\t\t<a href=\"https:\/\/allasorias.hu\/hirek\/temak\/allaskereses\/\" title=\"\u00c1ll\u00e1skeres\u00e9s\">\u00c1ll\u00e1skeres\u00e9s<\/a>\n\t\t<\/span><span class=\"aioseo-breadcrumb-separator\">&raquo;<\/span><span class=\"aioseo-breadcrumb\">\n\t\t\tTehets\u00e9gek a munkaer\u0151piacon\n\t\t<\/span><\/div>","aioseo_breadcrumb_json":[{"label":"Home","link":"https:\/\/allasorias.hu\/hirek"},{"label":"\u00c1ll\u00e1skeres\u00e9s","link":"https:\/\/allasorias.hu\/hirek\/temak\/allaskereses\/"},{"label":"Tehets\u00e9gek a munkaer\u0151piacon","link":"https:\/\/allasorias.hu\/hirek\/tehetsegek-a-munkaeropiacon\/"}],"_links":{"self":[{"href":"https:\/\/allasorias.hu\/hirek\/wp-json\/wp\/v2\/posts\/3867","targetHints":{"allow":["GET"]}}],"collection":[{"href":"https:\/\/allasorias.hu\/hirek\/wp-json\/wp\/v2\/posts"}],"about":[{"href":"https:\/\/allasorias.hu\/hirek\/wp-json\/wp\/v2\/types\/post"}],"author":[{"embeddable":true,"href":"https:\/\/allasorias.hu\/hirek\/wp-json\/wp\/v2\/users\/1"}],"replies":[{"embeddable":true,"href":"https:\/\/allasorias.hu\/hirek\/wp-json\/wp\/v2\/comments?post=3867"}],"version-history":[{"count":1,"href":"https:\/\/allasorias.hu\/hirek\/wp-json\/wp\/v2\/posts\/3867\/revisions"}],"predecessor-version":[{"id":3868,"href":"https:\/\/allasorias.hu\/hirek\/wp-json\/wp\/v2\/posts\/3867\/revisions\/3868"}],"wp:featuredmedia":[{"embeddable":true,"href":"https:\/\/allasorias.hu\/hirek\/wp-json\/wp\/v2\/media\/3311"}],"wp:attachment":[{"href":"https:\/\/allasorias.hu\/hirek\/wp-json\/wp\/v2\/media?parent=3867"}],"wp:term":[{"taxonomy":"category","embeddable":true,"href":"https:\/\/allasorias.hu\/hirek\/wp-json\/wp\/v2\/categories?post=3867"},{"taxonomy":"post_tag","embeddable":true,"href":"https:\/\/allasorias.hu\/hirek\/wp-json\/wp\/v2\/tags?post=3867"}],"curies":[{"name":"wp","href":"https:\/\/api.w.org\/{rel}","templated":true}]}}